{"id":74341,"date":"2025-09-21T11:57:35","date_gmt":"2025-09-21T10:57:35","guid":{"rendered":"https:\/\/www.jdroadtrip.tv\/blog\/?p=74341"},"modified":"2025-09-21T13:40:13","modified_gmt":"2025-09-21T12:40:13","slug":"visiter-pleneuf-val-andre-bretagne","status":"publish","type":"post","link":"https:\/\/www.jdroadtrip.tv\/blog\/visiter-pleneuf-val-andre-bretagne\/","title":{"rendered":"Visiter Pl\u00e9neuf Val Andr\u00e9 : Que faire ? Que voir ?"},"content":{"rendered":"\t\t<div data-elementor-type=\"wp-post\" data-elementor-id=\"74341\" class=\"elementor elementor-74341\" data-elementor-post-type=\"post\">\n\t\t\t\t\t\t<section class=\"elementor-section elementor-top-section elementor-element elementor-element-bf5ee7e elementor-section-boxed elementor-section-height-default elementor-section-height-default\" data-id=\"bf5ee7e\" data-element_type=\"section\">\n\t\t\t\t\t\t<div class=\"elementor-container elementor-column-gap-default\">\n\t\t\t\t\t<div class=\"elementor-column elementor-col-100 elementor-top-column elementor-element elementor-element-d59ad53\" data-id=\"d59ad53\" data-element_type=\"column\">\n\t\t\t<div class=\"elementor-widget-wrap elementor-element-populated\">\n\t\t\t\t\t\t<div class=\"elementor-element elementor-element-78592d6 elementor-widget elementor-widget-text-editor\" data-id=\"78592d6\" data-element_type=\"widget\" data-widget_type=\"text-editor.default\">\n\t\t\t\t<div class=\"elementor-widget-container\">\n\t\t\t\t\t\t\t\t\t<p style=\"text-align: justify;\"><em><span style=\"font-size: 18pt;\">Apr\u00e8s avoir <strong><a href=\"https:\/\/www.jdroadtrip.tv\/blog\/visiter-saint-quay-portrieux-bretagne\/\" target=\"_blank\" rel=\"noopener\">visiter Saint-Quay-Portrieux<\/a><\/strong>, cap sur la c\u00f4te d\u2019\u00c9meraude pour <strong data-start=\"238\" data-end=\"267\">visiter Pl\u00e9neuf-Val-Andr\u00e9<\/strong> ! Cette station baln\u00e9aire a tout pour plaire : une immense plage de sable fin, des petites criques cach\u00e9es, un sentier des douaniers qui sent bon l\u2019iode et des terrasses o\u00f9 il fait bon refaire le monde face \u00e0 la mer. Ici, on alterne entre balades, farniente et d\u00e9gustations de cr\u00eapes (parce qu\u2019on n\u2019est pas en Bretagne pour rien !). Bref, que tu sois plut\u00f4t rando, baignade ou ap\u00e9ro avec vue, Pl\u00e9neuf-Val-Andr\u00e9 risque fort de te s\u00e9duire.<\/span><\/em><\/p><p style=\"text-align: justify;\"><em><span style=\"font-size: 18pt;\">Dans cet article de blog, vous allez retrouver les bonnes adresses o\u00f9 manger quelques sp\u00e9cialit\u00e9s bretonnes (et pas que), les chouettes balades \u00e0 faire, o\u00f9 passer un moment d\u00e9tente&#8230; tout pour pr\u00e9parer votre futur s\u00e9jour !<\/span><\/em><\/p>\t\t\t\t\t\t\t\t<\/div>\n\t\t\t\t<\/div>\n\t\t\t\t<div class=\"elementor-element elementor-element-4c2dc6e elementor-widget elementor-widget-image\" data-id=\"4c2dc6e\" data-element_type=\"widget\" data-widget_type=\"image.default\">\n\t\t\t\t<div class=\"elementor-widget-container\">\n\t\t\t\t\t\t\t\t\t\t\t\t\t\t\t<img fetchpriority=\"high\" decoding=\"async\" width=\"2000\" height=\"1333\" src=\"https:\/\/www.jdroadtrip.tv\/blog\/wp-content\/uploads\/2025\/09\/Bretagne_2025-Photos-HD-49.jpg\" class=\"attachment-full size-full wp-image-74420\" alt=\"\" srcset=\"https:\/\/www.jdroadtrip.tv\/blog\/wp-content\/uploads\/2025\/09\/Bretagne_2025-Photos-HD-49.jpg 2000w, https:\/\/www.jdroadtrip.tv\/blog\/wp-content\/uploads\/2025\/09\/Bretagne_2025-Photos-HD-49-300x200.jpg 300w, https:\/\/www.jdroadtrip.tv\/blog\/wp-content\/uploads\/2025\/09\/Bretagne_2025-Photos-HD-49-800x533.jpg 800w, https:\/\/www.jdroadtrip.tv\/blog\/wp-content\/uploads\/2025\/09\/Bretagne_2025-Photos-HD-49-250x167.jpg 250w, https:\/\/www.jdroadtrip.tv\/blog\/wp-content\/uploads\/2025\/09\/Bretagne_2025-Photos-HD-49-768x512.jpg 768w, https:\/\/www.jdroadtrip.tv\/blog\/wp-content\/uploads\/2025\/09\/Bretagne_2025-Photos-HD-49-1536x1024.jpg 1536w\" sizes=\"(max-width: 2000px) 100vw, 2000px\" \/>\t\t\t\t\t\t\t\t\t\t\t\t\t\t\t<\/div>\n\t\t\t\t<\/div>\n\t\t\t\t\t<\/div>\n\t\t<\/div>\n\t\t\t\t\t<\/div>\n\t\t<\/section>\n\t\t\t\t<section class=\"elementor-section elementor-top-section elementor-element elementor-element-eb9fe20 elementor-section-boxed elementor-section-height-default elementor-section-height-default\" data-id=\"eb9fe20\" data-element_type=\"section\">\n\t\t\t\t\t\t<div class=\"elementor-container elementor-column-gap-default\">\n\t\t\t\t\t<div class=\"elementor-column elementor-col-100 elementor-top-column elementor-element elementor-element-a27f1f3\" data-id=\"a27f1f3\" data-element_type=\"column\">\n\t\t\t<div class=\"elementor-widget-wrap elementor-element-populated\">\n\t\t\t\t\t\t<div class=\"elementor-element elementor-element-eb89702 elementor-widget elementor-widget-text-editor\" data-id=\"eb89702\" data-element_type=\"widget\" data-widget_type=\"text-editor.default\">\n\t\t\t\t<div class=\"elementor-widget-container\">\n\t\t\t\t\t\t\t\t\t<h2>Que faire et que voir \u00e0 Pl\u00e9neuf Val Andr\u00e9 ?<\/h2>\t\t\t\t\t\t\t\t<\/div>\n\t\t\t\t<\/div>\n\t\t\t\t<div class=\"elementor-element elementor-element-a0dcc8f elementor-widget elementor-widget-text-editor\" data-id=\"a0dcc8f\" data-element_type=\"widget\" data-widget_type=\"text-editor.default\">\n\t\t\t\t<div class=\"elementor-widget-container\">\n\t\t\t\t\t\t\t\t\t<h3>Au moment de d\u00e9tente au Spa Marin<\/h3><p style=\"text-align: justify;\">Si tu veux vraiment te faire plaisir pendant ton s\u00e9jour \u00e0 Pl\u00e9neuf-Val-Andr\u00e9, le <strong data-start=\"161\" data-end=\"187\">Spa Marin du Val Andr\u00e9<\/strong> est une adresse incontournable \u00e0 ne pas manquer. Imagine : une piscine d\u2019eau de mer chauff\u00e9e face \u00e0 la plage, des soins qui sentent bon la d\u00e9tente et un cadre qui donne juste envie de poser son peignoir et d\u2019oublier l\u2019heure. Massages, jets hydromassants, hammam, couloir de marche, jacuzzi\u2026 bref, tout est l\u00e0 pour recharger les batteries. Que tu sois plut\u00f4t cocooning total ou juste envie d\u2019un moment zen entre deux balades, c\u2019est l\u2019endroit parfait pour l\u00e2cher prise avec vue sur la mer.<\/p><p style=\"text-align: justify;\">C&rsquo;est la premi\u00e8re fois que je testais un spa marin. C&rsquo;est une chouette exp\u00e9rience, un moment de d\u00e9tente et belle d\u00e9couverte quand on vient visiter Pl\u00e9neuf Val Andr\u00e9.<\/p>\t\t\t\t\t\t\t\t<\/div>\n\t\t\t\t<\/div>\n\t\t\t\t<div class=\"elementor-element elementor-element-4307f08 elementor-widget elementor-widget-gallery\" data-id=\"4307f08\" data-element_type=\"widget\" data-settings=\"{&quot;columns&quot;:2,&quot;lazyload&quot;:&quot;yes&quot;,&quot;gallery_layout&quot;:&quot;grid&quot;,&quot;columns_tablet&quot;:2,&quot;columns_mobile&quot;:1,&quot;gap&quot;:{&quot;unit&quot;:&quot;px&quot;,&quot;size&quot;:10,&quot;sizes&quot;:[]},&quot;gap_tablet&quot;:{&quot;unit&quot;:&quot;px&quot;,&quot;size&quot;:10,&quot;sizes&quot;:[]},&quot;gap_mobile&quot;:{&quot;unit&quot;:&quot;px&quot;,&quot;size&quot;:10,&quot;sizes&quot;:[]},&quot;link_to&quot;:&quot;file&quot;,&quot;aspect_ratio&quot;:&quot;3:2&quot;,&quot;overlay_background&quot;:&quot;yes&quot;,&quot;content_hover_animation&quot;:&quot;fade-in&quot;}\" data-widget_type=\"gallery.default\">\n\t\t\t\t<div class=\"elementor-widget-container\">\n\t\t\t\t\t\t\t<div class=\"elementor-gallery__container\">\n\t\t\t\t\t\t\t<a class=\"e-gallery-item elementor-gallery-item elementor-animated-content\" href=\"https:\/\/www.jdroadtrip.tv\/blog\/wp-content\/uploads\/2025\/09\/IMG_1946-scaled.jpeg\" data-elementor-open-lightbox=\"yes\" data-elementor-lightbox-slideshow=\"4307f08\" data-elementor-lightbox-title=\"IMG_1946\" data-e-action-hash=\"#elementor-action%3Aaction%3Dlightbox%26settings%3DeyJpZCI6NzQzODQsInVybCI6Imh0dHBzOlwvXC93d3cuamRyb2FkdHJpcC50dlwvYmxvZ1wvd3AtY29udGVudFwvdXBsb2Fkc1wvMjAyNVwvMDlcL0lNR18xOTQ2LXNjYWxlZC5qcGVnIiwic2xpZGVzaG93IjoiNDMwN2YwOCJ9\">\n\t\t\t\t\t<div class=\"e-gallery-image elementor-gallery-item__image\" data-thumbnail=\"https:\/\/www.jdroadtrip.tv\/blog\/wp-content\/uploads\/2025\/09\/IMG_1946-scaled.jpeg\" data-width=\"2048\" data-height=\"1152\" aria-label=\"Spa Marin du Val Andr\u00e9\" role=\"img\" ><\/div>\n\t\t\t\t\t\t\t\t\t\t\t<div class=\"elementor-gallery-item__overlay\"><\/div>\n\t\t\t\t\t\t\t\t\t\t\t\t\t\t<\/a>\n\t\t\t\t\t\t\t<a class=\"e-gallery-item elementor-gallery-item elementor-animated-content\" href=\"https:\/\/www.jdroadtrip.tv\/blog\/wp-content\/uploads\/2025\/09\/ba9f191b-ee2b-4018-9a4a-fb110390fe73.jpg\" data-elementor-open-lightbox=\"yes\" data-elementor-lightbox-slideshow=\"4307f08\" data-elementor-lightbox-title=\"ba9f191b-ee2b-4018-9a4a-fb110390fe73\" data-e-action-hash=\"#elementor-action%3Aaction%3Dlightbox%26settings%3DeyJpZCI6NzQzODUsInVybCI6Imh0dHBzOlwvXC93d3cuamRyb2FkdHJpcC50dlwvYmxvZ1wvd3AtY29udGVudFwvdXBsb2Fkc1wvMjAyNVwvMDlcL2JhOWYxOTFiLWVlMmItNDAxOC05YTRhLWZiMTEwMzkwZmU3My5qcGciLCJzbGlkZXNob3ciOiI0MzA3ZjA4In0%3D\">\n\t\t\t\t\t<div class=\"e-gallery-image elementor-gallery-item__image\" data-thumbnail=\"https:\/\/www.jdroadtrip.tv\/blog\/wp-content\/uploads\/2025\/09\/ba9f191b-ee2b-4018-9a4a-fb110390fe73.jpg\" data-width=\"1600\" data-height=\"900\" aria-label=\"Spa Marin du Val Andr\u00e9\" role=\"img\" ><\/div>\n\t\t\t\t\t\t\t\t\t\t\t<div class=\"elementor-gallery-item__overlay\"><\/div>\n\t\t\t\t\t\t\t\t\t\t\t\t\t\t<\/a>\n\t\t\t\t\t<\/div>\n\t\t\t\t\t<\/div>\n\t\t\t\t<\/div>\n\t\t\t\t<div class=\"elementor-element elementor-element-9ffa3c2 elementor-widget elementor-widget-text-editor\" data-id=\"9ffa3c2\" data-element_type=\"widget\" data-widget_type=\"text-editor.default\">\n\t\t\t\t<div class=\"elementor-widget-container\">\n\t\t\t\t\t\t\t\t\t<h3>Se balader sur le chemin des douaniers (GR34) jusqu&rsquo;\u00e0 Dahou\u00ebt\u00a0<\/h3><p style=\"text-align: justify;\">Si tu veux te prendre une bonne bouff\u00e9e d\u2019air marin, le <strong data-start=\"166\" data-end=\"197\">chemin des douaniers (GR34)<\/strong> est parfait. En partant de Pl\u00e9neuf-Val-Andr\u00e9 jusqu\u2019\u00e0 Dahou\u00ebt, tu marches entre falaises, criques et plages, avec la mer toujours en vue. C\u2019est tranquille, \u00e7a change des sentiers urbains, et tu peux t\u2019arr\u00eater o\u00f9 tu veux pour admirer le paysage ou prendre des photos. Que tu sois marcheur du dimanche ou un peu plus sportif, cette balade te fait d\u00e9couvrir la c\u00f4te bretonne dans toute sa beaut\u00e9, avec un petit c\u00f4t\u00e9 \u201caventurier\u201d sans danger. Et bonus : le coucher de soleil est \u00e0 faire absolument !<\/p>\t\t\t\t\t\t\t\t<\/div>\n\t\t\t\t<\/div>\n\t\t\t\t<div class=\"elementor-element elementor-element-fccaf6c elementor-widget elementor-widget-image\" data-id=\"fccaf6c\" data-element_type=\"widget\" data-widget_type=\"image.default\">\n\t\t\t\t<div class=\"elementor-widget-container\">\n\t\t\t\t\t\t\t\t\t\t\t\t\t\t\t<img decoding=\"async\" width=\"2048\" height=\"1152\" src=\"https:\/\/www.jdroadtrip.tv\/blog\/wp-content\/uploads\/2025\/09\/dji_fly_20250628_111102_0030_1751297001794_photo-scaled.jpg\" class=\"attachment-full size-full wp-image-74407\" alt=\"Visiter Pl\u00e9neuf Val Andr\u00e9 : Balade sur le GR 34 jusqu&#039;a Daou\u00ebt\" srcset=\"https:\/\/www.jdroadtrip.tv\/blog\/wp-content\/uploads\/2025\/09\/dji_fly_20250628_111102_0030_1751297001794_photo-scaled.jpg 2048w, https:\/\/www.jdroadtrip.tv\/blog\/wp-content\/uploads\/2025\/09\/dji_fly_20250628_111102_0030_1751297001794_photo-300x169.jpg 300w, https:\/\/www.jdroadtrip.tv\/blog\/wp-content\/uploads\/2025\/09\/dji_fly_20250628_111102_0030_1751297001794_photo-800x450.jpg 800w, https:\/\/www.jdroadtrip.tv\/blog\/wp-content\/uploads\/2025\/09\/dji_fly_20250628_111102_0030_1751297001794_photo-250x141.jpg 250w, https:\/\/www.jdroadtrip.tv\/blog\/wp-content\/uploads\/2025\/09\/dji_fly_20250628_111102_0030_1751297001794_photo-768x432.jpg 768w, https:\/\/www.jdroadtrip.tv\/blog\/wp-content\/uploads\/2025\/09\/dji_fly_20250628_111102_0030_1751297001794_photo-1536x864.jpg 1536w\" sizes=\"(max-width: 2048px) 100vw, 2048px\" \/>\t\t\t\t\t\t\t\t\t\t\t\t\t\t\t<\/div>\n\t\t\t\t<\/div>\n\t\t\t\t<div class=\"elementor-element elementor-element-f0b74db elementor-widget elementor-widget-gallery\" data-id=\"f0b74db\" data-element_type=\"widget\" data-settings=\"{&quot;gallery_layout&quot;:&quot;masonry&quot;,&quot;columns&quot;:3,&quot;columns_tablet&quot;:3,&quot;columns_mobile&quot;:3,&quot;lazyload&quot;:&quot;yes&quot;,&quot;gap&quot;:{&quot;unit&quot;:&quot;px&quot;,&quot;size&quot;:10,&quot;sizes&quot;:[]},&quot;gap_tablet&quot;:{&quot;unit&quot;:&quot;px&quot;,&quot;size&quot;:10,&quot;sizes&quot;:[]},&quot;gap_mobile&quot;:{&quot;unit&quot;:&quot;px&quot;,&quot;size&quot;:10,&quot;sizes&quot;:[]},&quot;link_to&quot;:&quot;file&quot;,&quot;overlay_background&quot;:&quot;yes&quot;,&quot;content_hover_animation&quot;:&quot;fade-in&quot;}\" data-widget_type=\"gallery.default\">\n\t\t\t\t<div class=\"elementor-widget-container\">\n\t\t\t\t\t\t\t<div class=\"elementor-gallery__container\">\n\t\t\t\t\t\t\t<a class=\"e-gallery-item elementor-gallery-item elementor-animated-content\" href=\"https:\/\/www.jdroadtrip.tv\/blog\/wp-content\/uploads\/2025\/09\/Bretagne_2025-Photos-HD-57.jpg\" data-elementor-open-lightbox=\"yes\" data-elementor-lightbox-slideshow=\"f0b74db\" data-elementor-lightbox-title=\"Bretagne_2025-Photos-HD-57\" data-e-action-hash=\"#elementor-action%3Aaction%3Dlightbox%26settings%3DeyJpZCI6NzQzOTUsInVybCI6Imh0dHBzOlwvXC93d3cuamRyb2FkdHJpcC50dlwvYmxvZ1wvd3AtY29udGVudFwvdXBsb2Fkc1wvMjAyNVwvMDlcL0JyZXRhZ25lXzIwMjUtUGhvdG9zLUhELTU3LmpwZyIsInNsaWRlc2hvdyI6ImYwYjc0ZGIifQ%3D%3D\">\n\t\t\t\t\t<div class=\"e-gallery-image elementor-gallery-item__image\" data-thumbnail=\"https:\/\/www.jdroadtrip.tv\/blog\/wp-content\/uploads\/2025\/09\/Bretagne_2025-Photos-HD-57.jpg\" data-width=\"2000\" data-height=\"1333\" aria-label=\"Balade sur le GR 34 jusqu&#039;a Daou\u00ebt\" role=\"img\" ><\/div>\n\t\t\t\t\t\t\t\t\t\t\t<div class=\"elementor-gallery-item__overlay\"><\/div>\n\t\t\t\t\t\t\t\t\t\t\t\t\t\t<\/a>\n\t\t\t\t\t\t\t<a class=\"e-gallery-item elementor-gallery-item elementor-animated-content\" href=\"https:\/\/www.jdroadtrip.tv\/blog\/wp-content\/uploads\/2025\/09\/Bretagne_2025-Photos-HD-58.jpg\" data-elementor-open-lightbox=\"yes\" data-elementor-lightbox-slideshow=\"f0b74db\" data-elementor-lightbox-title=\"Bretagne_2025-Photos-HD-58\" data-e-action-hash=\"#elementor-action%3Aaction%3Dlightbox%26settings%3DeyJpZCI6NzQzOTYsInVybCI6Imh0dHBzOlwvXC93d3cuamRyb2FkdHJpcC50dlwvYmxvZ1wvd3AtY29udGVudFwvdXBsb2Fkc1wvMjAyNVwvMDlcL0JyZXRhZ25lXzIwMjUtUGhvdG9zLUhELTU4LmpwZyIsInNsaWRlc2hvdyI6ImYwYjc0ZGIifQ%3D%3D\">\n\t\t\t\t\t<div class=\"e-gallery-image elementor-gallery-item__image\" data-thumbnail=\"https:\/\/www.jdroadtrip.tv\/blog\/wp-content\/uploads\/2025\/09\/Bretagne_2025-Photos-HD-58.jpg\" data-width=\"2000\" data-height=\"1333\" aria-label=\"Visiter Pl\u00e9neuf Val Andr\u00e9 : Balade sur le GR 34 jusqu&#039;a Daou\u00ebt\" role=\"img\" ><\/div>\n\t\t\t\t\t\t\t\t\t\t\t<div class=\"elementor-gallery-item__overlay\"><\/div>\n\t\t\t\t\t\t\t\t\t\t\t\t\t\t<\/a>\n\t\t\t\t\t\t\t<a class=\"e-gallery-item elementor-gallery-item elementor-animated-content\" href=\"https:\/\/www.jdroadtrip.tv\/blog\/wp-content\/uploads\/2025\/09\/Bretagne_2025-Photos-HD-60.jpg\" data-elementor-open-lightbox=\"yes\" data-elementor-lightbox-slideshow=\"f0b74db\" data-elementor-lightbox-title=\"Bretagne_2025-Photos-HD-60\" data-e-action-hash=\"#elementor-action%3Aaction%3Dlightbox%26settings%3DeyJpZCI6NzQzOTgsInVybCI6Imh0dHBzOlwvXC93d3cuamRyb2FkdHJpcC50dlwvYmxvZ1wvd3AtY29udGVudFwvdXBsb2Fkc1wvMjAyNVwvMDlcL0JyZXRhZ25lXzIwMjUtUGhvdG9zLUhELTYwLmpwZyIsInNsaWRlc2hvdyI6ImYwYjc0ZGIifQ%3D%3D\">\n\t\t\t\t\t<div class=\"e-gallery-image elementor-gallery-item__image\" data-thumbnail=\"https:\/\/www.jdroadtrip.tv\/blog\/wp-content\/uploads\/2025\/09\/Bretagne_2025-Photos-HD-60.jpg\" data-width=\"2000\" data-height=\"1333\" aria-label=\"Visiter Pl\u00e9neuf Val Andr\u00e9 : Balade sur le GR 34 jusqu&#039;a Daou\u00ebt\" role=\"img\" ><\/div>\n\t\t\t\t\t\t\t\t\t\t\t<div class=\"elementor-gallery-item__overlay\"><\/div>\n\t\t\t\t\t\t\t\t\t\t\t\t\t\t<\/a>\n\t\t\t\t\t\t\t<a class=\"e-gallery-item elementor-gallery-item elementor-animated-content\" href=\"https:\/\/www.jdroadtrip.tv\/blog\/wp-content\/uploads\/2025\/09\/Bretagne_2025-Photos-HD-61.jpg\" data-elementor-open-lightbox=\"yes\" data-elementor-lightbox-slideshow=\"f0b74db\" data-elementor-lightbox-title=\"Bretagne_2025-Photos-HD-61\" data-e-action-hash=\"#elementor-action%3Aaction%3Dlightbox%26settings%3DeyJpZCI6NzQzOTksInVybCI6Imh0dHBzOlwvXC93d3cuamRyb2FkdHJpcC50dlwvYmxvZ1wvd3AtY29udGVudFwvdXBsb2Fkc1wvMjAyNVwvMDlcL0JyZXRhZ25lXzIwMjUtUGhvdG9zLUhELTYxLmpwZyIsInNsaWRlc2hvdyI6ImYwYjc0ZGIifQ%3D%3D\">\n\t\t\t\t\t<div class=\"e-gallery-image elementor-gallery-item__image\" data-thumbnail=\"https:\/\/www.jdroadtrip.tv\/blog\/wp-content\/uploads\/2025\/09\/Bretagne_2025-Photos-HD-61.jpg\" data-width=\"2000\" data-height=\"1333\" aria-label=\"Visiter Pl\u00e9neuf Val Andr\u00e9 : Balade sur le GR 34 jusqu&#039;a Daou\u00ebt\" role=\"img\" ><\/div>\n\t\t\t\t\t\t\t\t\t\t\t<div class=\"elementor-gallery-item__overlay\"><\/div>\n\t\t\t\t\t\t\t\t\t\t\t\t\t\t<\/a>\n\t\t\t\t\t\t\t<a class=\"e-gallery-item elementor-gallery-item elementor-animated-content\" href=\"https:\/\/www.jdroadtrip.tv\/blog\/wp-content\/uploads\/2025\/09\/Bretagne_2025-Photos-HD-52.jpg\" data-elementor-open-lightbox=\"yes\" data-elementor-lightbox-slideshow=\"f0b74db\" data-elementor-lightbox-title=\"Bretagne_2025-Photos-HD-52\" data-e-action-hash=\"#elementor-action%3Aaction%3Dlightbox%26settings%3DeyJpZCI6NzQ0MDAsInVybCI6Imh0dHBzOlwvXC93d3cuamRyb2FkdHJpcC50dlwvYmxvZ1wvd3AtY29udGVudFwvdXBsb2Fkc1wvMjAyNVwvMDlcL0JyZXRhZ25lXzIwMjUtUGhvdG9zLUhELTUyLmpwZyIsInNsaWRlc2hvdyI6ImYwYjc0ZGIifQ%3D%3D\">\n\t\t\t\t\t<div class=\"e-gallery-image elementor-gallery-item__image\" data-thumbnail=\"https:\/\/www.jdroadtrip.tv\/blog\/wp-content\/uploads\/2025\/09\/Bretagne_2025-Photos-HD-52.jpg\" data-width=\"2000\" data-height=\"1333\" aria-label=\"Visiter Pl\u00e9neuf Val Andr\u00e9 : Balade sur le GR 34 jusqu&#039;a Daou\u00ebt\" role=\"img\" ><\/div>\n\t\t\t\t\t\t\t\t\t\t\t<div class=\"elementor-gallery-item__overlay\"><\/div>\n\t\t\t\t\t\t\t\t\t\t\t\t\t\t<\/a>\n\t\t\t\t\t\t\t<a class=\"e-gallery-item elementor-gallery-item elementor-animated-content\" href=\"https:\/\/www.jdroadtrip.tv\/blog\/wp-content\/uploads\/2025\/09\/Bretagne_2025-Photos-HD-54.jpg\" data-elementor-open-lightbox=\"yes\" data-elementor-lightbox-slideshow=\"f0b74db\" data-elementor-lightbox-title=\"Bretagne_2025-Photos-HD-54\" data-e-action-hash=\"#elementor-action%3Aaction%3Dlightbox%26settings%3DeyJpZCI6NzQ0MDIsInVybCI6Imh0dHBzOlwvXC93d3cuamRyb2FkdHJpcC50dlwvYmxvZ1wvd3AtY29udGVudFwvdXBsb2Fkc1wvMjAyNVwvMDlcL0JyZXRhZ25lXzIwMjUtUGhvdG9zLUhELTU0LmpwZyIsInNsaWRlc2hvdyI6ImYwYjc0ZGIifQ%3D%3D\">\n\t\t\t\t\t<div class=\"e-gallery-image elementor-gallery-item__image\" data-thumbnail=\"https:\/\/www.jdroadtrip.tv\/blog\/wp-content\/uploads\/2025\/09\/Bretagne_2025-Photos-HD-54.jpg\" data-width=\"2000\" data-height=\"1333\" aria-label=\"Visiter Pl\u00e9neuf Val Andr\u00e9 : Balade sur le GR 34 jusqu&#039;a Daou\u00ebt\" role=\"img\" ><\/div>\n\t\t\t\t\t\t\t\t\t\t\t<div class=\"elementor-gallery-item__overlay\"><\/div>\n\t\t\t\t\t\t\t\t\t\t\t\t\t\t<\/a>\n\t\t\t\t\t\t\t<a class=\"e-gallery-item elementor-gallery-item elementor-animated-content\" href=\"https:\/\/www.jdroadtrip.tv\/blog\/wp-content\/uploads\/2025\/09\/Bretagne_2025-Photos-HD-56-scaled.jpg\" data-elementor-open-lightbox=\"yes\" data-elementor-lightbox-slideshow=\"f0b74db\" data-elementor-lightbox-title=\"Bretagne_2025-Photos-HD-56\" data-e-action-hash=\"#elementor-action%3Aaction%3Dlightbox%26settings%3DeyJpZCI6NzQ0MDQsInVybCI6Imh0dHBzOlwvXC93d3cuamRyb2FkdHJpcC50dlwvYmxvZ1wvd3AtY29udGVudFwvdXBsb2Fkc1wvMjAyNVwvMDlcL0JyZXRhZ25lXzIwMjUtUGhvdG9zLUhELTU2LXNjYWxlZC5qcGciLCJzbGlkZXNob3ciOiJmMGI3NGRiIn0%3D\">\n\t\t\t\t\t<div class=\"e-gallery-image elementor-gallery-item__image\" data-thumbnail=\"https:\/\/www.jdroadtrip.tv\/blog\/wp-content\/uploads\/2025\/09\/Bretagne_2025-Photos-HD-56-scaled.jpg\" data-width=\"1365\" data-height=\"2048\" aria-label=\"Visiter Pl\u00e9neuf Val Andr\u00e9 : Balade sur le GR 34 jusqu&#039;a Daou\u00ebt\" role=\"img\" ><\/div>\n\t\t\t\t\t\t\t\t\t\t\t<div class=\"elementor-gallery-item__overlay\"><\/div>\n\t\t\t\t\t\t\t\t\t\t\t\t\t\t<\/a>\n\t\t\t\t\t\t\t<a class=\"e-gallery-item elementor-gallery-item elementor-animated-content\" href=\"https:\/\/www.jdroadtrip.tv\/blog\/wp-content\/uploads\/2025\/09\/Bretagne_2025-Photos-HD-63-scaled.jpg\" data-elementor-open-lightbox=\"yes\" data-elementor-lightbox-slideshow=\"f0b74db\" data-elementor-lightbox-title=\"Bretagne_2025-Photos-HD-63\" data-e-action-hash=\"#elementor-action%3Aaction%3Dlightbox%26settings%3DeyJpZCI6NzQzOTMsInVybCI6Imh0dHBzOlwvXC93d3cuamRyb2FkdHJpcC50dlwvYmxvZ1wvd3AtY29udGVudFwvdXBsb2Fkc1wvMjAyNVwvMDlcL0JyZXRhZ25lXzIwMjUtUGhvdG9zLUhELTYzLXNjYWxlZC5qcGciLCJzbGlkZXNob3ciOiJmMGI3NGRiIn0%3D\">\n\t\t\t\t\t<div class=\"e-gallery-image elementor-gallery-item__image\" data-thumbnail=\"https:\/\/www.jdroadtrip.tv\/blog\/wp-content\/uploads\/2025\/09\/Bretagne_2025-Photos-HD-63-scaled.jpg\" data-width=\"1365\" data-height=\"2048\" aria-label=\"Balade sur le GR 34 jusqu&#039;a Daou\u00ebt\" role=\"img\" ><\/div>\n\t\t\t\t\t\t\t\t\t\t\t<div class=\"elementor-gallery-item__overlay\"><\/div>\n\t\t\t\t\t\t\t\t\t\t\t\t\t\t<\/a>\n\t\t\t\t\t\t\t<a class=\"e-gallery-item elementor-gallery-item elementor-animated-content\" href=\"https:\/\/www.jdroadtrip.tv\/blog\/wp-content\/uploads\/2025\/09\/Bretagne_2025-Photos-HD-62-scaled.jpg\" data-elementor-open-lightbox=\"yes\" data-elementor-lightbox-slideshow=\"f0b74db\" data-elementor-lightbox-title=\"Bretagne_2025-Photos-HD-62\" data-e-action-hash=\"#elementor-action%3Aaction%3Dlightbox%26settings%3DeyJpZCI6NzQzOTQsInVybCI6Imh0dHBzOlwvXC93d3cuamRyb2FkdHJpcC50dlwvYmxvZ1wvd3AtY29udGVudFwvdXBsb2Fkc1wvMjAyNVwvMDlcL0JyZXRhZ25lXzIwMjUtUGhvdG9zLUhELTYyLXNjYWxlZC5qcGciLCJzbGlkZXNob3ciOiJmMGI3NGRiIn0%3D\">\n\t\t\t\t\t<div class=\"e-gallery-image elementor-gallery-item__image\" data-thumbnail=\"https:\/\/www.jdroadtrip.tv\/blog\/wp-content\/uploads\/2025\/09\/Bretagne_2025-Photos-HD-62-scaled.jpg\" data-width=\"1365\" data-height=\"2048\" aria-label=\"Balade sur le GR 34 jusqu&#039;a Daou\u00ebt\" role=\"img\" ><\/div>\n\t\t\t\t\t\t\t\t\t\t\t<div class=\"elementor-gallery-item__overlay\"><\/div>\n\t\t\t\t\t\t\t\t\t\t\t\t\t\t<\/a>\n\t\t\t\t\t<\/div>\n\t\t\t\t\t<\/div>\n\t\t\t\t<\/div>\n\t\t\t\t<div class=\"elementor-element elementor-element-22a88c0 elementor-widget elementor-widget-text-editor\" data-id=\"22a88c0\" data-element_type=\"widget\" data-widget_type=\"text-editor.default\">\n\t\t\t\t<div class=\"elementor-widget-container\">\n\t\t\t\t\t\t\t\t\t<h3>Observation des oiseaux sur le Verdelet<\/h3><p style=\"text-align: justify;\">Juste en face de la grande plage de Pl\u00e9neuf-Val-Andr\u00e9, le petit \u00eelot du <strong data-start=\"158\" data-end=\"170\">Verdelet<\/strong> est un vrai paradis pour les oiseaux. Si tu veux les voir de pr\u00e8s, l\u2019<strong data-start=\"184\" data-end=\"227\">Office de Tourisme de Pl\u00e9neuf-Val-Andr\u00e9<\/strong> organise des balades super sympas sur l&rsquo;\u00eelot du <strong data-start=\"269\" data-end=\"281\">Verdelet<\/strong>. Go\u00e9lands, cormorans, hu\u00eetriers\u2026 tu vas en prendre plein les yeux et les oreilles ! Le lieu est class\u00e9 site ornithologique. Le guide te raconte tout sur les esp\u00e8ces, les habitudes des oiseaux et l\u2019histoire du site, et te file quelques astuces pour les observer sans les d\u00e9ranger. C\u2019est l\u2019excuse parfaite pour marcher un peu, respirer l\u2019air marin et d\u00e9couvrir un coin secret de la c\u00f4te.\u00a0<\/p>\t\t\t\t\t\t\t\t<\/div>\n\t\t\t\t<\/div>\n\t\t\t\t<div class=\"elementor-element elementor-element-b56924d elementor-widget elementor-widget-gallery\" data-id=\"b56924d\" data-element_type=\"widget\" data-settings=\"{&quot;gallery_layout&quot;:&quot;masonry&quot;,&quot;columns&quot;:3,&quot;columns_tablet&quot;:3,&quot;columns_mobile&quot;:3,&quot;lazyload&quot;:&quot;yes&quot;,&quot;gap&quot;:{&quot;unit&quot;:&quot;px&quot;,&quot;size&quot;:10,&quot;sizes&quot;:[]},&quot;gap_tablet&quot;:{&quot;unit&quot;:&quot;px&quot;,&quot;size&quot;:10,&quot;sizes&quot;:[]},&quot;gap_mobile&quot;:{&quot;unit&quot;:&quot;px&quot;,&quot;size&quot;:10,&quot;sizes&quot;:[]},&quot;link_to&quot;:&quot;file&quot;,&quot;overlay_background&quot;:&quot;yes&quot;,&quot;content_hover_animation&quot;:&quot;fade-in&quot;}\" data-widget_type=\"gallery.default\">\n\t\t\t\t<div class=\"elementor-widget-container\">\n\t\t\t\t\t\t\t<div class=\"elementor-gallery__container\">\n\t\t\t\t\t\t\t<a class=\"e-gallery-item elementor-gallery-item elementor-animated-content\" href=\"https:\/\/www.jdroadtrip.tv\/blog\/wp-content\/uploads\/2025\/09\/Bretagne_2025-Photos-HD-44-scaled.jpg\" data-elementor-open-lightbox=\"yes\" data-elementor-lightbox-slideshow=\"b56924d\" data-elementor-lightbox-title=\"Bretagne_2025-Photos-HD-44\" data-e-action-hash=\"#elementor-action%3Aaction%3Dlightbox%26settings%3DeyJpZCI6NzQzODYsInVybCI6Imh0dHBzOlwvXC93d3cuamRyb2FkdHJpcC50dlwvYmxvZ1wvd3AtY29udGVudFwvdXBsb2Fkc1wvMjAyNVwvMDlcL0JyZXRhZ25lXzIwMjUtUGhvdG9zLUhELTQ0LXNjYWxlZC5qcGciLCJzbGlkZXNob3ciOiJiNTY5MjRkIn0%3D\">\n\t\t\t\t\t<div class=\"e-gallery-image elementor-gallery-item__image\" data-thumbnail=\"https:\/\/www.jdroadtrip.tv\/blog\/wp-content\/uploads\/2025\/09\/Bretagne_2025-Photos-HD-44-scaled.jpg\" data-width=\"1365\" data-height=\"2048\" aria-label=\"Visiter Pl\u00e9neuf Val Andr\u00e9 : Observation des oiseaux sur le Verdelet\" role=\"img\" ><\/div>\n\t\t\t\t\t\t\t\t\t\t\t<div class=\"elementor-gallery-item__overlay\"><\/div>\n\t\t\t\t\t\t\t\t\t\t\t\t\t\t<\/a>\n\t\t\t\t\t\t\t<a class=\"e-gallery-item elementor-gallery-item elementor-animated-content\" href=\"https:\/\/www.jdroadtrip.tv\/blog\/wp-content\/uploads\/2025\/09\/Bretagne_2025-Photos-HD-45-scaled.jpg\" data-elementor-open-lightbox=\"yes\" data-elementor-lightbox-slideshow=\"b56924d\" data-elementor-lightbox-title=\"Bretagne_2025-Photos-HD-45\" data-e-action-hash=\"#elementor-action%3Aaction%3Dlightbox%26settings%3DeyJpZCI6NzQzODcsInVybCI6Imh0dHBzOlwvXC93d3cuamRyb2FkdHJpcC50dlwvYmxvZ1wvd3AtY29udGVudFwvdXBsb2Fkc1wvMjAyNVwvMDlcL0JyZXRhZ25lXzIwMjUtUGhvdG9zLUhELTQ1LXNjYWxlZC5qcGciLCJzbGlkZXNob3ciOiJiNTY5MjRkIn0%3D\">\n\t\t\t\t\t<div class=\"e-gallery-image elementor-gallery-item__image\" data-thumbnail=\"https:\/\/www.jdroadtrip.tv\/blog\/wp-content\/uploads\/2025\/09\/Bretagne_2025-Photos-HD-45-scaled.jpg\" data-width=\"1365\" data-height=\"2048\" aria-label=\"Visiter Pl\u00e9neuf Val Andr\u00e9 : Observation des oiseaux sur le Verdelet\" role=\"img\" ><\/div>\n\t\t\t\t\t\t\t\t\t\t\t<div class=\"elementor-gallery-item__overlay\"><\/div>\n\t\t\t\t\t\t\t\t\t\t\t\t\t\t<\/a>\n\t\t\t\t\t\t\t<a class=\"e-gallery-item elementor-gallery-item elementor-animated-content\" href=\"https:\/\/www.jdroadtrip.tv\/blog\/wp-content\/uploads\/2025\/09\/Bretagne_2025-Photos-HD-47-scaled.jpg\" data-elementor-open-lightbox=\"yes\" data-elementor-lightbox-slideshow=\"b56924d\" data-elementor-lightbox-title=\"Bretagne_2025-Photos-HD-47\" data-e-action-hash=\"#elementor-action%3Aaction%3Dlightbox%26settings%3DeyJpZCI6NzQzODgsInVybCI6Imh0dHBzOlwvXC93d3cuamRyb2FkdHJpcC50dlwvYmxvZ1wvd3AtY29udGVudFwvdXBsb2Fkc1wvMjAyNVwvMDlcL0JyZXRhZ25lXzIwMjUtUGhvdG9zLUhELTQ3LXNjYWxlZC5qcGciLCJzbGlkZXNob3ciOiJiNTY5MjRkIn0%3D\">\n\t\t\t\t\t<div class=\"e-gallery-image elementor-gallery-item__image\" data-thumbnail=\"https:\/\/www.jdroadtrip.tv\/blog\/wp-content\/uploads\/2025\/09\/Bretagne_2025-Photos-HD-47-scaled.jpg\" data-width=\"1365\" data-height=\"2048\" aria-label=\"Visiter Pl\u00e9neuf Val Andr\u00e9 : Observation des oiseaux sur le Verdelet\" role=\"img\" ><\/div>\n\t\t\t\t\t\t\t\t\t\t\t<div class=\"elementor-gallery-item__overlay\"><\/div>\n\t\t\t\t\t\t\t\t\t\t\t\t\t\t<\/a>\n\t\t\t\t\t\t\t<a class=\"e-gallery-item elementor-gallery-item elementor-animated-content\" href=\"https:\/\/www.jdroadtrip.tv\/blog\/wp-content\/uploads\/2025\/09\/IMG_1979-scaled.jpeg\" data-elementor-open-lightbox=\"yes\" data-elementor-lightbox-slideshow=\"b56924d\" data-elementor-lightbox-title=\"IMG_1979\" data-e-action-hash=\"#elementor-action%3Aaction%3Dlightbox%26settings%3DeyJpZCI6NzQ0MDgsInVybCI6Imh0dHBzOlwvXC93d3cuamRyb2FkdHJpcC50dlwvYmxvZ1wvd3AtY29udGVudFwvdXBsb2Fkc1wvMjAyNVwvMDlcL0lNR18xOTc5LXNjYWxlZC5qcGVnIiwic2xpZGVzaG93IjoiYjU2OTI0ZCJ9\">\n\t\t\t\t\t<div class=\"e-gallery-image elementor-gallery-item__image\" data-thumbnail=\"https:\/\/www.jdroadtrip.tv\/blog\/wp-content\/uploads\/2025\/09\/IMG_1979-scaled.jpeg\" data-width=\"1152\" data-height=\"2048\" aria-label=\"Visiter Pl\u00e9neuf Val Andr\u00e9 : Observation des oiseaux sur le Verdelet\" role=\"img\" ><\/div>\n\t\t\t\t\t\t\t\t\t\t\t<div class=\"elementor-gallery-item__overlay\"><\/div>\n\t\t\t\t\t\t\t\t\t\t\t\t\t\t<\/a>\n\t\t\t\t\t\t\t<a class=\"e-gallery-item elementor-gallery-item elementor-animated-content\" href=\"https:\/\/www.jdroadtrip.tv\/blog\/wp-content\/uploads\/2025\/09\/IMG_1985-scaled.jpeg\" data-elementor-open-lightbox=\"yes\" data-elementor-lightbox-slideshow=\"b56924d\" data-elementor-lightbox-title=\"IMG_1985\" data-e-action-hash=\"#elementor-action%3Aaction%3Dlightbox%26settings%3DeyJpZCI6NzQ0MDksInVybCI6Imh0dHBzOlwvXC93d3cuamRyb2FkdHJpcC50dlwvYmxvZ1wvd3AtY29udGVudFwvdXBsb2Fkc1wvMjAyNVwvMDlcL0lNR18xOTg1LXNjYWxlZC5qcGVnIiwic2xpZGVzaG93IjoiYjU2OTI0ZCJ9\">\n\t\t\t\t\t<div class=\"e-gallery-image elementor-gallery-item__image\" data-thumbnail=\"https:\/\/www.jdroadtrip.tv\/blog\/wp-content\/uploads\/2025\/09\/IMG_1985-scaled.jpeg\" data-width=\"1152\" data-height=\"2048\" aria-label=\"Visiter Pl\u00e9neuf Val Andr\u00e9 : Observation des oiseaux sur le Verdelet\" role=\"img\" ><\/div>\n\t\t\t\t\t\t\t\t\t\t\t<div class=\"elementor-gallery-item__overlay\"><\/div>\n\t\t\t\t\t\t\t\t\t\t\t\t\t\t<\/a>\n\t\t\t\t\t\t\t<a class=\"e-gallery-item elementor-gallery-item elementor-animated-content\" href=\"https:\/\/www.jdroadtrip.tv\/blog\/wp-content\/uploads\/2025\/09\/IMG_1993-scaled.jpeg\" data-elementor-open-lightbox=\"yes\" data-elementor-lightbox-slideshow=\"b56924d\" data-elementor-lightbox-title=\"IMG_1993\" data-e-action-hash=\"#elementor-action%3Aaction%3Dlightbox%26settings%3DeyJpZCI6NzQ0MTAsInVybCI6Imh0dHBzOlwvXC93d3cuamRyb2FkdHJpcC50dlwvYmxvZ1wvd3AtY29udGVudFwvdXBsb2Fkc1wvMjAyNVwvMDlcL0lNR18xOTkzLXNjYWxlZC5qcGVnIiwic2xpZGVzaG93IjoiYjU2OTI0ZCJ9\">\n\t\t\t\t\t<div class=\"e-gallery-image elementor-gallery-item__image\" data-thumbnail=\"https:\/\/www.jdroadtrip.tv\/blog\/wp-content\/uploads\/2025\/09\/IMG_1993-scaled.jpeg\" data-width=\"1152\" data-height=\"2048\" aria-label=\"\" role=\"img\" ><\/div>\n\t\t\t\t\t\t\t\t\t\t\t<div class=\"elementor-gallery-item__overlay\"><\/div>\n\t\t\t\t\t\t\t\t\t\t\t\t\t\t<\/a>\n\t\t\t\t\t<\/div>\n\t\t\t\t\t<\/div>\n\t\t\t\t<\/div>\n\t\t\t\t\t<\/div>\n\t\t<\/div>\n\t\t\t\t\t<\/div>\n\t\t<\/section>\n\t\t\t\t<section class=\"elementor-section elementor-top-section elementor-element elementor-element-271948f elementor-section-boxed elementor-section-height-default elementor-section-height-default\" data-id=\"271948f\" data-element_type=\"section\">\n\t\t\t\t\t\t<div class=\"elementor-container elementor-column-gap-default\">\n\t\t\t\t\t<div class=\"elementor-column elementor-col-100 elementor-top-column elementor-element elementor-element-90a7037\" data-id=\"90a7037\" data-element_type=\"column\">\n\t\t\t<div class=\"elementor-widget-wrap elementor-element-populated\">\n\t\t\t\t\t\t<div class=\"elementor-element elementor-element-ea26dd9 elementor-widget elementor-widget-text-editor\" data-id=\"ea26dd9\" data-element_type=\"widget\" data-widget_type=\"text-editor.default\">\n\t\t\t\t<div class=\"elementor-widget-container\">\n\t\t\t\t\t\t\t\t\t<h2 style=\"text-align: justify;\">Bonnes adresses o\u00f9 manger \u00e0 Pl\u00e9neuf Val Andr\u00e9 ?<\/h2><ul><li style=\"text-align: justify;\"><strong>Restaurant le Lipous<\/strong> : Une chouette adresse pour un d\u00eener le soir, une ambiance bretonne et des plats de saisons parfaits !<\/li><li style=\"text-align: justify;\"><strong>Restaurant la Croisette Val Andr\u00e9 :<\/strong> Un endroit parfait pour un arr\u00eat bord de mer de d\u00e9guster des huitres et des crevettes.<\/li><li style=\"text-align: justify;\"><strong>Milles Cent Degr\u00e9s :<\/strong> Nouveau sur Pl\u00e9neuf Val Andr\u00e9, une superbe adresse qui allie atelier et gourmandise. Les cookies sont maison et c&rsquo;est l&rsquo;un des meilleurs cookies que j&rsquo;ai pu manger. Foncez !\u00a0<\/li><li style=\"text-align: justify;\"><strong>Ty Tea &amp; les Sens :<\/strong> Un caf\u00e9 qui propose des jus de fruits frais avec des produits de saisons et qui propose quelques snacks \/ p\u00e2tisseries.<\/li><li style=\"text-align: justify;\"><strong>Galettes &amp; Fourchettes :<\/strong> Locale, rapide et typique, la galette-saucisse qu&rsquo;on mange en bord de plage.<\/li><li style=\"text-align: justify;\"><strong>Les sucettes du Val Andr\u00e9 :<\/strong> Pour les adeptes du caramel beurre sal\u00e9, c&rsquo;est ici ! Plusieurs produits phares : les sucettes et la cr\u00e8me au caramel beurre sal\u00e9 ! Je vous recommande !<\/li><\/ul>\t\t\t\t\t\t\t\t<\/div>\n\t\t\t\t<\/div>\n\t\t\t\t<div class=\"elementor-element elementor-element-99adc37 elementor-widget elementor-widget-gallery\" data-id=\"99adc37\" data-element_type=\"widget\" data-settings=\"{&quot;gallery_layout&quot;:&quot;masonry&quot;,&quot;columns_tablet&quot;:4,&quot;columns_mobile&quot;:2,&quot;lazyload&quot;:&quot;yes&quot;,&quot;columns&quot;:4,&quot;gap&quot;:{&quot;unit&quot;:&quot;px&quot;,&quot;size&quot;:10,&quot;sizes&quot;:[]},&quot;gap_tablet&quot;:{&quot;unit&quot;:&quot;px&quot;,&quot;size&quot;:10,&quot;sizes&quot;:[]},&quot;gap_mobile&quot;:{&quot;unit&quot;:&quot;px&quot;,&quot;size&quot;:10,&quot;sizes&quot;:[]},&quot;link_to&quot;:&quot;file&quot;,&quot;overlay_background&quot;:&quot;yes&quot;,&quot;content_hover_animation&quot;:&quot;fade-in&quot;}\" data-widget_type=\"gallery.default\">\n\t\t\t\t<div class=\"elementor-widget-container\">\n\t\t\t\t\t\t\t<div class=\"elementor-gallery__container\">\n\t\t\t\t\t\t\t<a class=\"e-gallery-item elementor-gallery-item elementor-animated-content\" href=\"https:\/\/www.jdroadtrip.tv\/blog\/wp-content\/uploads\/2025\/09\/Bretagne_2025-Photos-HD-67-scaled.jpg\" data-elementor-open-lightbox=\"yes\" data-elementor-lightbox-slideshow=\"99adc37\" data-elementor-lightbox-title=\"Bretagne_2025-Photos-HD-67\" data-e-action-hash=\"#elementor-action%3Aaction%3Dlightbox%26settings%3DeyJpZCI6NzQzNzIsInVybCI6Imh0dHBzOlwvXC93d3cuamRyb2FkdHJpcC50dlwvYmxvZ1wvd3AtY29udGVudFwvdXBsb2Fkc1wvMjAyNVwvMDlcL0JyZXRhZ25lXzIwMjUtUGhvdG9zLUhELTY3LXNjYWxlZC5qcGciLCJzbGlkZXNob3ciOiI5OWFkYzM3In0%3D\">\n\t\t\t\t\t<div class=\"e-gallery-image elementor-gallery-item__image\" data-thumbnail=\"https:\/\/www.jdroadtrip.tv\/blog\/wp-content\/uploads\/2025\/09\/Bretagne_2025-Photos-HD-67-scaled.jpg\" data-width=\"1365\" data-height=\"2048\" aria-label=\"Mille Cents Degr\u00e9s\" role=\"img\" ><\/div>\n\t\t\t\t\t\t\t\t\t\t\t<div class=\"elementor-gallery-item__overlay\"><\/div>\n\t\t\t\t\t\t\t\t\t\t\t\t\t\t<\/a>\n\t\t\t\t\t\t\t<a class=\"e-gallery-item elementor-gallery-item elementor-animated-content\" href=\"https:\/\/www.jdroadtrip.tv\/blog\/wp-content\/uploads\/2025\/09\/Bretagne_2025-Photos-HD-65-scaled.jpg\" data-elementor-open-lightbox=\"yes\" data-elementor-lightbox-slideshow=\"99adc37\" data-elementor-lightbox-title=\"Bretagne_2025-Photos-HD-65\" data-e-action-hash=\"#elementor-action%3Aaction%3Dlightbox%26settings%3DeyJpZCI6NzQzNzMsInVybCI6Imh0dHBzOlwvXC93d3cuamRyb2FkdHJpcC50dlwvYmxvZ1wvd3AtY29udGVudFwvdXBsb2Fkc1wvMjAyNVwvMDlcL0JyZXRhZ25lXzIwMjUtUGhvdG9zLUhELTY1LXNjYWxlZC5qcGciLCJzbGlkZXNob3ciOiI5OWFkYzM3In0%3D\">\n\t\t\t\t\t<div class=\"e-gallery-image elementor-gallery-item__image\" data-thumbnail=\"https:\/\/www.jdroadtrip.tv\/blog\/wp-content\/uploads\/2025\/09\/Bretagne_2025-Photos-HD-65-scaled.jpg\" data-width=\"1365\" data-height=\"2048\" aria-label=\"Les Sucettes du Val Andr\u00e9\" role=\"img\" ><\/div>\n\t\t\t\t\t\t\t\t\t\t\t<div class=\"elementor-gallery-item__overlay\"><\/div>\n\t\t\t\t\t\t\t\t\t\t\t\t\t\t<\/a>\n\t\t\t\t\t\t\t<a class=\"e-gallery-item elementor-gallery-item elementor-animated-content\" href=\"https:\/\/www.jdroadtrip.tv\/blog\/wp-content\/uploads\/2025\/09\/Bretagne_2025-Photos-HD-64-scaled.jpg\" data-elementor-open-lightbox=\"yes\" data-elementor-lightbox-slideshow=\"99adc37\" data-elementor-lightbox-title=\"Bretagne_2025-Photos-HD-64\" data-e-action-hash=\"#elementor-action%3Aaction%3Dlightbox%26settings%3DeyJpZCI6NzQzNzQsInVybCI6Imh0dHBzOlwvXC93d3cuamRyb2FkdHJpcC50dlwvYmxvZ1wvd3AtY29udGVudFwvdXBsb2Fkc1wvMjAyNVwvMDlcL0JyZXRhZ25lXzIwMjUtUGhvdG9zLUhELTY0LXNjYWxlZC5qcGciLCJzbGlkZXNob3ciOiI5OWFkYzM3In0%3D\">\n\t\t\t\t\t<div class=\"e-gallery-image elementor-gallery-item__image\" data-thumbnail=\"https:\/\/www.jdroadtrip.tv\/blog\/wp-content\/uploads\/2025\/09\/Bretagne_2025-Photos-HD-64-scaled.jpg\" data-width=\"1365\" data-height=\"2048\" aria-label=\"Les Sucettes du Val Andr\u00e9\" role=\"img\" ><\/div>\n\t\t\t\t\t\t\t\t\t\t\t<div class=\"elementor-gallery-item__overlay\"><\/div>\n\t\t\t\t\t\t\t\t\t\t\t\t\t\t<\/a>\n\t\t\t\t\t\t\t<a class=\"e-gallery-item elementor-gallery-item elementor-animated-content\" href=\"https:\/\/www.jdroadtrip.tv\/blog\/wp-content\/uploads\/2025\/09\/Bretagne_2025-Photos-HD-41-scaled.jpg\" data-elementor-open-lightbox=\"yes\" data-elementor-lightbox-slideshow=\"99adc37\" data-elementor-lightbox-title=\"Bretagne_2025-Photos-HD-41\" data-e-action-hash=\"#elementor-action%3Aaction%3Dlightbox%26settings%3DeyJpZCI6NzQzNzYsInVybCI6Imh0dHBzOlwvXC93d3cuamRyb2FkdHJpcC50dlwvYmxvZ1wvd3AtY29udGVudFwvdXBsb2Fkc1wvMjAyNVwvMDlcL0JyZXRhZ25lXzIwMjUtUGhvdG9zLUhELTQxLXNjYWxlZC5qcGciLCJzbGlkZXNob3ciOiI5OWFkYzM3In0%3D\">\n\t\t\t\t\t<div class=\"e-gallery-image elementor-gallery-item__image\" data-thumbnail=\"https:\/\/www.jdroadtrip.tv\/blog\/wp-content\/uploads\/2025\/09\/Bretagne_2025-Photos-HD-41-scaled.jpg\" data-width=\"1365\" data-height=\"2048\" aria-label=\"La Croisette Val Andr\u00e9\" role=\"img\" ><\/div>\n\t\t\t\t\t\t\t\t\t\t\t<div class=\"elementor-gallery-item__overlay\"><\/div>\n\t\t\t\t\t\t\t\t\t\t\t\t\t\t<\/a>\n\t\t\t\t\t\t\t<a class=\"e-gallery-item elementor-gallery-item elementor-animated-content\" href=\"https:\/\/www.jdroadtrip.tv\/blog\/wp-content\/uploads\/2025\/09\/IMG_1950-scaled.jpeg\" data-elementor-open-lightbox=\"yes\" data-elementor-lightbox-slideshow=\"99adc37\" data-elementor-lightbox-title=\"IMG_1950\" data-e-action-hash=\"#elementor-action%3Aaction%3Dlightbox%26settings%3DeyJpZCI6NzQzNzcsInVybCI6Imh0dHBzOlwvXC93d3cuamRyb2FkdHJpcC50dlwvYmxvZ1wvd3AtY29udGVudFwvdXBsb2Fkc1wvMjAyNVwvMDlcL0lNR18xOTUwLXNjYWxlZC5qcGVnIiwic2xpZGVzaG93IjoiOTlhZGMzNyJ9\">\n\t\t\t\t\t<div class=\"e-gallery-image elementor-gallery-item__image\" data-thumbnail=\"https:\/\/www.jdroadtrip.tv\/blog\/wp-content\/uploads\/2025\/09\/IMG_1950-scaled.jpeg\" data-width=\"1152\" data-height=\"2048\" aria-label=\"Le Lipous\" role=\"img\" ><\/div>\n\t\t\t\t\t\t\t\t\t\t\t<div class=\"elementor-gallery-item__overlay\"><\/div>\n\t\t\t\t\t\t\t\t\t\t\t\t\t\t<\/a>\n\t\t\t\t\t\t\t<a class=\"e-gallery-item elementor-gallery-item elementor-animated-content\" href=\"https:\/\/www.jdroadtrip.tv\/blog\/wp-content\/uploads\/2025\/09\/IMG_1953-scaled.jpeg\" data-elementor-open-lightbox=\"yes\" data-elementor-lightbox-slideshow=\"99adc37\" data-elementor-lightbox-title=\"IMG_1953\" data-e-action-hash=\"#elementor-action%3Aaction%3Dlightbox%26settings%3DeyJpZCI6NzQzNzgsInVybCI6Imh0dHBzOlwvXC93d3cuamRyb2FkdHJpcC50dlwvYmxvZ1wvd3AtY29udGVudFwvdXBsb2Fkc1wvMjAyNVwvMDlcL0lNR18xOTUzLXNjYWxlZC5qcGVnIiwic2xpZGVzaG93IjoiOTlhZGMzNyJ9\">\n\t\t\t\t\t<div class=\"e-gallery-image elementor-gallery-item__image\" data-thumbnail=\"https:\/\/www.jdroadtrip.tv\/blog\/wp-content\/uploads\/2025\/09\/IMG_1953-scaled.jpeg\" data-width=\"1152\" data-height=\"2048\" aria-label=\"Le Lipous\" role=\"img\" ><\/div>\n\t\t\t\t\t\t\t\t\t\t\t<div class=\"elementor-gallery-item__overlay\"><\/div>\n\t\t\t\t\t\t\t\t\t\t\t\t\t\t<\/a>\n\t\t\t\t\t\t\t<a class=\"e-gallery-item elementor-gallery-item elementor-animated-content\" href=\"https:\/\/www.jdroadtrip.tv\/blog\/wp-content\/uploads\/2025\/09\/IMG_2051-scaled.jpeg\" data-elementor-open-lightbox=\"yes\" data-elementor-lightbox-slideshow=\"99adc37\" data-elementor-lightbox-title=\"IMG_2051\" data-e-action-hash=\"#elementor-action%3Aaction%3Dlightbox%26settings%3DeyJpZCI6NzQzNzksInVybCI6Imh0dHBzOlwvXC93d3cuamRyb2FkdHJpcC50dlwvYmxvZ1wvd3AtY29udGVudFwvdXBsb2Fkc1wvMjAyNVwvMDlcL0lNR18yMDUxLXNjYWxlZC5qcGVnIiwic2xpZGVzaG93IjoiOTlhZGMzNyJ9\">\n\t\t\t\t\t<div class=\"e-gallery-image elementor-gallery-item__image\" data-thumbnail=\"https:\/\/www.jdroadtrip.tv\/blog\/wp-content\/uploads\/2025\/09\/IMG_2051-scaled.jpeg\" data-width=\"1152\" data-height=\"2048\" aria-label=\"Ty Tea et les Sens\" role=\"img\" ><\/div>\n\t\t\t\t\t\t\t\t\t\t\t<div class=\"elementor-gallery-item__overlay\"><\/div>\n\t\t\t\t\t\t\t\t\t\t\t\t\t\t<\/a>\n\t\t\t\t\t\t\t<a class=\"e-gallery-item elementor-gallery-item elementor-animated-content\" href=\"https:\/\/www.jdroadtrip.tv\/blog\/wp-content\/uploads\/2025\/09\/IMG_2054-scaled.jpeg\" data-elementor-open-lightbox=\"yes\" data-elementor-lightbox-slideshow=\"99adc37\" data-elementor-lightbox-title=\"IMG_2054\" data-e-action-hash=\"#elementor-action%3Aaction%3Dlightbox%26settings%3DeyJpZCI6NzQzODAsInVybCI6Imh0dHBzOlwvXC93d3cuamRyb2FkdHJpcC50dlwvYmxvZ1wvd3AtY29udGVudFwvdXBsb2Fkc1wvMjAyNVwvMDlcL0lNR18yMDU0LXNjYWxlZC5qcGVnIiwic2xpZGVzaG93IjoiOTlhZGMzNyJ9\">\n\t\t\t\t\t<div class=\"e-gallery-image elementor-gallery-item__image\" data-thumbnail=\"https:\/\/www.jdroadtrip.tv\/blog\/wp-content\/uploads\/2025\/09\/IMG_2054-scaled.jpeg\" data-width=\"1152\" data-height=\"2048\" aria-label=\"Galettes et Fourchettes\" role=\"img\" ><\/div>\n\t\t\t\t\t\t\t\t\t\t\t<div class=\"elementor-gallery-item__overlay\"><\/div>\n\t\t\t\t\t\t\t\t\t\t\t\t\t\t<\/a>\n\t\t\t\t\t<\/div>\n\t\t\t\t\t<\/div>\n\t\t\t\t<\/div>\n\t\t\t\t\t<\/div>\n\t\t<\/div>\n\t\t\t\t\t<\/div>\n\t\t<\/section>\n\t\t\t\t<section class=\"elementor-section elementor-top-section elementor-element elementor-element-3f7670f elementor-section-boxed elementor-section-height-default elementor-section-height-default\" data-id=\"3f7670f\" data-element_type=\"section\">\n\t\t\t\t\t\t<div class=\"elementor-container elementor-column-gap-default\">\n\t\t\t\t\t<div class=\"elementor-column elementor-col-100 elementor-top-column elementor-element elementor-element-1b4f0f9\" data-id=\"1b4f0f9\" data-element_type=\"column\">\n\t\t\t<div class=\"elementor-widget-wrap elementor-element-populated\">\n\t\t\t\t\t\t<div class=\"elementor-element elementor-element-f50c688 elementor-widget elementor-widget-text-editor\" data-id=\"f50c688\" data-element_type=\"widget\" data-widget_type=\"text-editor.default\">\n\t\t\t\t<div class=\"elementor-widget-container\">\n\t\t\t\t\t\t\t\t\t<h2 style=\"text-align: justify;\">O\u00f9 dormir \u00e0 Pl\u00e9neuf Val Andr\u00e9 ? Le Domaine du Clo\u00eetre<\/h2><p style=\"text-align: justify;\">Si tu cherches un coin tranquille et plein de charme \u00e0 Pl\u00e9neuf, le <a href=\"https:\/\/www.booking.com\/hotel\/fr\/domaine-du-cloitre.fr.html?aid=318615&amp;label=New_French_FR_FR_21427174465-Pk3jEylX2FWP%2An3y4lDZiQS637818831021%3Apl%3Ata%3Ap1%3Ap2%3Aac%3Aap%3Aneg%3Afi%3Atidsa-162435868585%3Alp9055600%3Ali%3Adec%3Adm%3Aag21427174465%3Acmp339479545&amp;sid=47192e30f123b932017ea8312daa715c&amp;age=0&amp;age=0&amp;age=0&amp;all_sr_blocks=1248055407_399967782_2_33_0%2C1248055404_399967782_2_33_0%2C1248055406_399967782_2_33_0%2C1248055401_399967782_2_33_0&amp;checkin=2026-02-07&amp;checkout=2026-02-08&amp;dest_id=-1458643&amp;dest_type=city&amp;dist=0&amp;group_adults=5&amp;group_children=3&amp;hapos=1&amp;highlighted_blocks=1248055407_399967782_2_33_0%2C1248055404_399967782_2_33_0%2C1248055406_399967782_2_33_0%2C1248055401_399967782_2_33_0&amp;hpos=1&amp;matching_block_id=1248055407_399967782_2_33_0&amp;no_rooms=4&amp;req_adults=5&amp;req_age=0&amp;req_age=0&amp;req_age=0&amp;req_children=3&amp;room1=A%2C0&amp;room2=A%2C0&amp;room3=A%2C0&amp;room4=A%2CA&amp;sb_price_type=total&amp;sr_order=popularity&amp;sr_pri_blocks=1248055407_399967782_2_33_0__13999%2C1248055404_399967782_2_33_0__15930%2C1248055406_399967782_2_33_0__15930%2C1248055401_399967782_2_33_0__18826&amp;srepoch=1758441960&amp;srpvid=c7fb38f242b50293&amp;type=total&amp;ucfs=1&amp;\" target=\"_blank\" rel=\"noopener\"><strong data-start=\"164\" data-end=\"186\">Domaine du Clo\u00eetre<\/strong><\/a> vaut carr\u00e9ment le d\u00e9tour. C\u2019est le genre d\u2019endroit o\u00f9 tu poses ton sac, tu souffles un bon coup, et tu te dis : \u00ab Ok, je suis bien ici \u00bb. Entre authenticit\u00e9 et s\u00e9r\u00e9nit\u00e9, c\u2019est une vraie pause bretonne comme on les aime. <strong>Cette maison familiale a gard\u00e9 toute son authenticit\u00e9, avec ses vieilles pierres pleines d\u2019histoire, un cadre super paisible et une piscine pour se d\u00e9tendre.<\/strong> C\u2019est le genre d&rsquo;h\u00e9bergement qui change un peu du bord de plage, mais qui reste typiquement bretonne et pleine de charme. Une belle adresse si vous souhaitez visiter Pl\u00e9neuf Val Andr\u00e9 autrement !<\/p><p style=\"text-align: justify;\">Les chambres ont \u00e9t\u00e9 r\u00e9nov\u00e9es r\u00e9cemment. Elles sont tr\u00e8s spacieuses, on s&rsquo;y sent comme une princesse. La literie est incroyable, quand on se faufile dedans, on ne veut plus ressortir. L&rsquo;endroit est calme, l&rsquo;accueil est chaleureux et le petit d\u00e9jeuner maison vous offre quelques sp\u00e9cialit\u00e9s bretonnes pour bien d\u00e9marrer la journ\u00e9e.\u00a0<\/p>\t\t\t\t\t\t\t\t<\/div>\n\t\t\t\t<\/div>\n\t\t\t\t<div class=\"elementor-element elementor-element-dcf597a elementor-widget elementor-widget-gallery\" data-id=\"dcf597a\" data-element_type=\"widget\" data-settings=\"{&quot;columns&quot;:2,&quot;lazyload&quot;:&quot;yes&quot;,&quot;gallery_layout&quot;:&quot;grid&quot;,&quot;columns_tablet&quot;:2,&quot;columns_mobile&quot;:1,&quot;gap&quot;:{&quot;unit&quot;:&quot;px&quot;,&quot;size&quot;:10,&quot;sizes&quot;:[]},&quot;gap_tablet&quot;:{&quot;unit&quot;:&quot;px&quot;,&quot;size&quot;:10,&quot;sizes&quot;:[]},&quot;gap_mobile&quot;:{&quot;unit&quot;:&quot;px&quot;,&quot;size&quot;:10,&quot;sizes&quot;:[]},&quot;link_to&quot;:&quot;file&quot;,&quot;aspect_ratio&quot;:&quot;3:2&quot;,&quot;overlay_background&quot;:&quot;yes&quot;,&quot;content_hover_animation&quot;:&quot;fade-in&quot;}\" data-widget_type=\"gallery.default\">\n\t\t\t\t<div class=\"elementor-widget-container\">\n\t\t\t\t\t\t\t<div class=\"elementor-gallery__container\">\n\t\t\t\t\t\t\t<a class=\"e-gallery-item elementor-gallery-item elementor-animated-content\" href=\"https:\/\/www.jdroadtrip.tv\/blog\/wp-content\/uploads\/2025\/09\/Bretagne_2025-Photos-HD-39.jpg\" data-elementor-open-lightbox=\"yes\" data-elementor-lightbox-slideshow=\"dcf597a\" data-elementor-lightbox-title=\"Bretagne_2025-Photos-HD-39\" data-e-action-hash=\"#elementor-action%3Aaction%3Dlightbox%26settings%3DeyJpZCI6NzQzNDksInVybCI6Imh0dHBzOlwvXC93d3cuamRyb2FkdHJpcC50dlwvYmxvZ1wvd3AtY29udGVudFwvdXBsb2Fkc1wvMjAyNVwvMDlcL0JyZXRhZ25lXzIwMjUtUGhvdG9zLUhELTM5LmpwZyIsInNsaWRlc2hvdyI6ImRjZjU5N2EifQ%3D%3D\">\n\t\t\t\t\t<div class=\"e-gallery-image elementor-gallery-item__image\" data-thumbnail=\"https:\/\/www.jdroadtrip.tv\/blog\/wp-content\/uploads\/2025\/09\/Bretagne_2025-Photos-HD-39.jpg\" data-width=\"2000\" data-height=\"1333\" aria-label=\"Pl\u00e9neuf Val Andr\u00e9 : H\u00e9bergement Domaine du Clo\u00eetre\" role=\"img\" ><\/div>\n\t\t\t\t\t\t\t\t\t\t\t<div class=\"elementor-gallery-item__overlay\"><\/div>\n\t\t\t\t\t\t\t\t\t\t\t\t\t\t<\/a>\n\t\t\t\t\t\t\t<a class=\"e-gallery-item elementor-gallery-item elementor-animated-content\" href=\"https:\/\/www.jdroadtrip.tv\/blog\/wp-content\/uploads\/2025\/09\/Bretagne_2025-Photos-HD-40.jpg\" data-elementor-open-lightbox=\"yes\" data-elementor-lightbox-slideshow=\"dcf597a\" data-elementor-lightbox-title=\"Bretagne_2025-Photos-HD-40\" data-e-action-hash=\"#elementor-action%3Aaction%3Dlightbox%26settings%3DeyJpZCI6NzQzNDgsInVybCI6Imh0dHBzOlwvXC93d3cuamRyb2FkdHJpcC50dlwvYmxvZ1wvd3AtY29udGVudFwvdXBsb2Fkc1wvMjAyNVwvMDlcL0JyZXRhZ25lXzIwMjUtUGhvdG9zLUhELTQwLmpwZyIsInNsaWRlc2hvdyI6ImRjZjU5N2EifQ%3D%3D\">\n\t\t\t\t\t<div class=\"e-gallery-image elementor-gallery-item__image\" data-thumbnail=\"https:\/\/www.jdroadtrip.tv\/blog\/wp-content\/uploads\/2025\/09\/Bretagne_2025-Photos-HD-40.jpg\" data-width=\"2000\" data-height=\"1333\" aria-label=\"Pl\u00e9neuf Val Andr\u00e9 : H\u00e9bergement Domaine du Clo\u00eetre\" role=\"img\" ><\/div>\n\t\t\t\t\t\t\t\t\t\t\t<div class=\"elementor-gallery-item__overlay\"><\/div>\n\t\t\t\t\t\t\t\t\t\t\t\t\t\t<\/a>\n\t\t\t\t\t<\/div>\n\t\t\t\t\t<\/div>\n\t\t\t\t<\/div>\n\t\t\t\t\t<\/div>\n\t\t<\/div>\n\t\t\t\t\t<\/div>\n\t\t<\/section>\n\t\t\t\t<section class=\"elementor-section elementor-top-section elementor-element elementor-element-bc44c57 elementor-section-boxed elementor-section-height-default elementor-section-height-default\" data-id=\"bc44c57\" data-element_type=\"section\">\n\t\t\t\t\t\t<div class=\"elementor-container elementor-column-gap-default\">\n\t\t\t\t\t<div class=\"elementor-column elementor-col-100 elementor-top-column elementor-element elementor-element-09109bd\" data-id=\"09109bd\" data-element_type=\"column\">\n\t\t\t<div class=\"elementor-widget-wrap elementor-element-populated\">\n\t\t\t\t\t\t<div class=\"elementor-element elementor-element-a0d7ef7 elementor-widget-divider--view-line elementor-widget elementor-widget-global elementor-global-41411 elementor-widget-divider\" data-id=\"a0d7ef7\" data-element_type=\"widget\" data-widget_type=\"divider.default\">\n\t\t\t\t<div class=\"elementor-widget-container\">\n\t\t\t\t\t\t\t<div class=\"elementor-divider\">\n\t\t\t<span class=\"elementor-divider-separator\">\n\t\t\t\t\t\t<\/span>\n\t\t<\/div>\n\t\t\t\t\t\t<\/div>\n\t\t\t\t<\/div>\n\t\t\t\t<div class=\"elementor-element elementor-element-863f01f elementor-widget elementor-widget-text-editor\" data-id=\"863f01f\" data-element_type=\"widget\" data-widget_type=\"text-editor.default\">\n\t\t\t\t<div class=\"elementor-widget-container\">\n\t\t\t\t\t\t\t\t\t<p style=\"text-align: justify;\"><strong>Si vous avez des question pour visiter Pl\u00e9neuf Val Andr\u00e9, n\u2019h\u00e9sitez pas \u00e0 les laisser en commentaire\u00a0 ! Si vous \u00eates une femme qui voyage seule o\u00f9 \u00e0 plusieurs, n\u2019h\u00e9sitez pas \u00e0 rejoindre le groupe facebook 100% f\u00e9minin <a href=\"https:\/\/www.facebook.com\/groups\/Voyageraufeminin\" target=\"_blank\" rel=\"noopener noreferrer\">Voyager au f\u00e9minin en sac \u00e0 dos<\/a>.<\/strong><\/p><p><img decoding=\"async\" class=\" wp-image-74418 aligncenter\" src=\"https:\/\/www.jdroadtrip.tv\/blog\/wp-content\/uploads\/2025\/09\/visiter-pleneuf-val-andre-pin.jpg\" alt=\"\" width=\"400\" height=\"599\" srcset=\"https:\/\/www.jdroadtrip.tv\/blog\/wp-content\/uploads\/2025\/09\/visiter-pleneuf-val-andre-pin.jpg 564w, https:\/\/www.jdroadtrip.tv\/blog\/wp-content\/uploads\/2025\/09\/visiter-pleneuf-val-andre-pin-200x300.jpg 200w, https:\/\/www.jdroadtrip.tv\/blog\/wp-content\/uploads\/2025\/09\/visiter-pleneuf-val-andre-pin-400x600.jpg 400w, https:\/\/www.jdroadtrip.tv\/blog\/wp-content\/uploads\/2025\/09\/visiter-pleneuf-val-andre-pin-133x200.jpg 133w\" sizes=\"(max-width: 400px) 100vw, 400px\" \/><\/p>\t\t\t\t\t\t\t\t<\/div>\n\t\t\t\t<\/div>\n\t\t\t\t\t<\/div>\n\t\t<\/div>\n\t\t\t\t\t<\/div>\n\t\t<\/section>\n\t\t\t\t<\/div>\n\t\t","protected":false},"excerpt":{"rendered":"<p>Apr\u00e8s avoir visiter Saint-Quay-Portrieux, cap sur la c\u00f4te d\u2019\u00c9meraude pour visiter Pl\u00e9neuf-Val-Andr\u00e9 ! Cette station baln\u00e9aire a tout pour plaire : une immense plage de sable fin, des petites criques cach\u00e9es, un sentier des douaniers qui sent bon l\u2019iode et des terrasses o\u00f9 il fait bon refaire le monde face \u00e0 la mer. Ici, on [&hellip;]<\/p>\n","protected":false},"author":1,"featured_media":74414,"comment_status":"open","ping_status":"closed","sticky":false,"template":"","format":"standard","meta":{"ocean_post_layout":"","ocean_both_sidebars_style":"","ocean_both_sidebars_content_width":0,"ocean_both_sidebars_sidebars_width":0,"ocean_sidebar":"","ocean_second_sidebar":"","ocean_disable_margins":"enable","ocean_add_body_class":"","ocean_shortcode_before_top_bar":"","ocean_shortcode_after_top_bar":"","ocean_shortcode_before_header":"","ocean_shortcode_after_header":"","ocean_has_shortcode":"","ocean_shortcode_after_title":"","ocean_shortcode_before_footer_widgets":"","ocean_shortcode_after_footer_widgets":"","ocean_shortcode_before_footer_bottom":"","ocean_shortcode_after_footer_bottom":"","ocean_display_top_bar":"default","ocean_display_header":"default","ocean_header_style":"","ocean_center_header_left_menu":"","ocean_custom_header_template":"","ocean_custom_logo":0,"ocean_custom_retina_logo":0,"ocean_custom_logo_max_width":0,"ocean_custom_logo_tablet_max_width":0,"ocean_custom_logo_mobile_max_width":0,"ocean_custom_logo_max_height":0,"ocean_custom_logo_tablet_max_height":0,"ocean_custom_logo_mobile_max_height":0,"ocean_header_custom_menu":"","ocean_menu_typo_font_family":"","ocean_menu_typo_font_subset":"","ocean_menu_typo_font_size":0,"ocean_menu_typo_font_size_tablet":0,"ocean_menu_typo_font_size_mobile":0,"ocean_menu_typo_font_size_unit":"px","ocean_menu_typo_font_weight":"","ocean_menu_typo_font_weight_tablet":"","ocean_menu_typo_font_weight_mobile":"","ocean_menu_typo_transform":"","ocean_menu_typo_transform_tablet":"","ocean_menu_typo_transform_mobile":"","ocean_menu_typo_line_height":0,"ocean_menu_typo_line_height_tablet":0,"ocean_menu_typo_line_height_mobile":0,"ocean_menu_typo_line_height_unit":"","ocean_menu_typo_spacing":0,"ocean_menu_typo_spacing_tablet":0,"ocean_menu_typo_spacing_mobile":0,"ocean_menu_typo_spacing_unit":"","ocean_menu_link_color":"","ocean_menu_link_color_hover":"","ocean_menu_link_color_active":"","ocean_menu_link_background":"","ocean_menu_link_hover_background":"","ocean_menu_link_active_background":"","ocean_menu_social_links_bg":"","ocean_menu_social_hover_links_bg":"","ocean_menu_social_links_color":"","ocean_menu_social_hover_links_color":"","ocean_disable_title":"default","ocean_disable_heading":"default","ocean_post_title":"","ocean_post_subheading":"","ocean_post_title_style":"","ocean_post_title_background_color":"","ocean_post_title_background":0,"ocean_post_title_bg_image_position":"","ocean_post_title_bg_image_attachment":"","ocean_post_title_bg_image_repeat":"","ocean_post_title_bg_image_size":"","ocean_post_title_height":0,"ocean_post_title_bg_overlay":0.5,"ocean_post_title_bg_overlay_color":"","ocean_disable_breadcrumbs":"default","ocean_breadcrumbs_color":"","ocean_breadcrumbs_separator_color":"","ocean_breadcrumbs_links_color":"","ocean_breadcrumbs_links_hover_color":"","ocean_display_footer_widgets":"default","ocean_display_footer_bottom":"default","ocean_custom_footer_template":"","ocean_post_oembed":"","ocean_post_self_hosted_media":"","ocean_post_video_embed":"","ocean_link_format":"","ocean_link_format_target":"self","ocean_quote_format":"","ocean_quote_format_link":"post","ocean_gallery_link_images":"on","ocean_gallery_id":[],"footnotes":""},"categories":[6826],"tags":[],"table_tags":[],"class_list":["post-74341","post","type-post","status-publish","format-standard","has-post-thumbnail","hentry","category-bretagne","entry","has-media"],"yoast_head":"<!-- This site is optimized with the Yoast SEO Premium plugin v25.9 (Yoast SEO v25.9) - https:\/\/yoast.com\/wordpress\/plugins\/seo\/ -->\n<title>Visiter Pl\u00e9neuf Val Andr\u00e9 : Plages et Balades en Bretagne Nord<\/title>\n<meta name=\"description\" content=\"Visiter Pl\u00e9neuf-Val-Andr\u00e9 : guide complet des incontournables, entre plages, randonn\u00e9es, patrimoine breton et id\u00e9es de s\u00e9jour.\" \/>\n<meta name=\"robots\" content=\"index, follow, max-snippet:-1, max-image-preview:large, max-video-preview:-1\" \/>\n<link rel=\"canonical\" href=\"https:\/\/www.jdroadtrip.tv\/blog\/visiter-pleneuf-val-andre-bretagne\/\" \/>\n<meta property=\"og:locale\" content=\"fr_FR\" \/>\n<meta property=\"og:type\" content=\"article\" \/>\n<meta property=\"og:title\" content=\"Visiter Pl\u00e9neuf Val Andr\u00e9 : Que faire ? Que voir ?\" \/>\n<meta property=\"og:description\" content=\"Visiter Pl\u00e9neuf-Val-Andr\u00e9 : guide complet des incontournables, entre plages, randonn\u00e9es, patrimoine breton et id\u00e9es de s\u00e9jour.\" \/>\n<meta property=\"og:url\" content=\"https:\/\/www.jdroadtrip.tv\/blog\/visiter-pleneuf-val-andre-bretagne\/\" \/>\n<meta property=\"og:site_name\" content=\"JDroadtrip - Blog de voyage pour voyager au f\u00e9minin !\" \/>\n<meta property=\"article:publisher\" content=\"https:\/\/www.facebook.com\/JDRoadTrip\" \/>\n<meta property=\"article:author\" content=\"https:\/\/www.facebook.com\/JDroadtrip\" \/>\n<meta property=\"article:published_time\" content=\"2025-09-21T10:57:35+00:00\" \/>\n<meta property=\"article:modified_time\" content=\"2025-09-21T12:40:13+00:00\" \/>\n<meta property=\"og:image\" content=\"https:\/\/www.jdroadtrip.tv\/blog\/wp-content\/uploads\/2025\/09\/visiter-pleneuf-val-andre-img.jpg\" \/>\n\t<meta property=\"og:image:width\" content=\"1500\" \/>\n\t<meta property=\"og:image:height\" content=\"996\" \/>\n\t<meta property=\"og:image:type\" content=\"image\/jpeg\" \/>\n<meta name=\"author\" content=\"Jenny Diab\" \/>\n<meta name=\"twitter:card\" content=\"summary_large_image\" \/>\n<meta name=\"twitter:creator\" content=\"@JDroadtrip\" \/>\n<meta name=\"twitter:site\" content=\"@JDroadtrip\" \/>\n<meta name=\"twitter:label1\" content=\"\u00c9crit par\" \/>\n\t<meta name=\"twitter:data1\" content=\"Jenny Diab\" \/>\n\t<meta name=\"twitter:label2\" content=\"Dur\u00e9e de lecture estim\u00e9e\" \/>\n\t<meta name=\"twitter:data2\" content=\"5 minutes\" \/>\n<script type=\"application\/ld+json\" class=\"yoast-schema-graph\">{\"@context\":\"https:\/\/schema.org\",\"@graph\":[{\"@type\":\"Article\",\"@id\":\"https:\/\/www.jdroadtrip.tv\/blog\/visiter-pleneuf-val-andre-bretagne\/#article\",\"isPartOf\":{\"@id\":\"https:\/\/www.jdroadtrip.tv\/blog\/visiter-pleneuf-val-andre-bretagne\/\"},\"author\":{\"name\":\"Jenny Diab\",\"@id\":\"https:\/\/www.jdroadtrip.tv\/blog\/#\/schema\/person\/d204bfc7d00ba74276391d8e42b58a3e\"},\"headline\":\"Visiter Pl\u00e9neuf Val Andr\u00e9 : Que faire ? Que voir ?\",\"datePublished\":\"2025-09-21T10:57:35+00:00\",\"dateModified\":\"2025-09-21T12:40:13+00:00\",\"mainEntityOfPage\":{\"@id\":\"https:\/\/www.jdroadtrip.tv\/blog\/visiter-pleneuf-val-andre-bretagne\/\"},\"wordCount\":961,\"commentCount\":0,\"publisher\":{\"@id\":\"https:\/\/www.jdroadtrip.tv\/blog\/#organization\"},\"image\":{\"@id\":\"https:\/\/www.jdroadtrip.tv\/blog\/visiter-pleneuf-val-andre-bretagne\/#primaryimage\"},\"thumbnailUrl\":\"https:\/\/www.jdroadtrip.tv\/blog\/wp-content\/uploads\/2025\/09\/visiter-pleneuf-val-andre-img.jpg\",\"articleSection\":[\"Bretagne\"],\"inLanguage\":\"fr-FR\",\"potentialAction\":[{\"@type\":\"CommentAction\",\"name\":\"Comment\",\"target\":[\"https:\/\/www.jdroadtrip.tv\/blog\/visiter-pleneuf-val-andre-bretagne\/#respond\"]}]},{\"@type\":\"WebPage\",\"@id\":\"https:\/\/www.jdroadtrip.tv\/blog\/visiter-pleneuf-val-andre-bretagne\/\",\"url\":\"https:\/\/www.jdroadtrip.tv\/blog\/visiter-pleneuf-val-andre-bretagne\/\",\"name\":\"Visiter Pl\u00e9neuf Val Andr\u00e9 : Plages et Balades en Bretagne Nord\",\"isPartOf\":{\"@id\":\"https:\/\/www.jdroadtrip.tv\/blog\/#website\"},\"primaryImageOfPage\":{\"@id\":\"https:\/\/www.jdroadtrip.tv\/blog\/visiter-pleneuf-val-andre-bretagne\/#primaryimage\"},\"image\":{\"@id\":\"https:\/\/www.jdroadtrip.tv\/blog\/visiter-pleneuf-val-andre-bretagne\/#primaryimage\"},\"thumbnailUrl\":\"https:\/\/www.jdroadtrip.tv\/blog\/wp-content\/uploads\/2025\/09\/visiter-pleneuf-val-andre-img.jpg\",\"datePublished\":\"2025-09-21T10:57:35+00:00\",\"dateModified\":\"2025-09-21T12:40:13+00:00\",\"description\":\"Visiter Pl\u00e9neuf-Val-Andr\u00e9 : guide complet des incontournables, entre plages, randonn\u00e9es, patrimoine breton et id\u00e9es de s\u00e9jour.\",\"breadcrumb\":{\"@id\":\"https:\/\/www.jdroadtrip.tv\/blog\/visiter-pleneuf-val-andre-bretagne\/#breadcrumb\"},\"inLanguage\":\"fr-FR\",\"potentialAction\":[{\"@type\":\"ReadAction\",\"target\":[\"https:\/\/www.jdroadtrip.tv\/blog\/visiter-pleneuf-val-andre-bretagne\/\"]}]},{\"@type\":\"ImageObject\",\"inLanguage\":\"fr-FR\",\"@id\":\"https:\/\/www.jdroadtrip.tv\/blog\/visiter-pleneuf-val-andre-bretagne\/#primaryimage\",\"url\":\"https:\/\/www.jdroadtrip.tv\/blog\/wp-content\/uploads\/2025\/09\/visiter-pleneuf-val-andre-img.jpg\",\"contentUrl\":\"https:\/\/www.jdroadtrip.tv\/blog\/wp-content\/uploads\/2025\/09\/visiter-pleneuf-val-andre-img.jpg\",\"width\":1500,\"height\":996},{\"@type\":\"BreadcrumbList\",\"@id\":\"https:\/\/www.jdroadtrip.tv\/blog\/visiter-pleneuf-val-andre-bretagne\/#breadcrumb\",\"itemListElement\":[{\"@type\":\"ListItem\",\"position\":1,\"name\":\"Accueil\",\"item\":\"https:\/\/www.jdroadtrip.tv\/blog\/\"},{\"@type\":\"ListItem\",\"position\":2,\"name\":\"Visiter Pl\u00e9neuf Val Andr\u00e9 : Que faire ? Que voir ?\"}]},{\"@type\":\"WebSite\",\"@id\":\"https:\/\/www.jdroadtrip.tv\/blog\/#website\",\"url\":\"https:\/\/www.jdroadtrip.tv\/blog\/\",\"name\":\"JDroadtrip - Blog de voyage au f\u00e9minin : Outdoor, Trek, Slow travel\",\"description\":\"M\u00e9dia pour voyager au f\u00e9minin\",\"publisher\":{\"@id\":\"https:\/\/www.jdroadtrip.tv\/blog\/#organization\"},\"alternateName\":\"JDroadtrip - Voyager au f\u00e9minin\",\"potentialAction\":[{\"@type\":\"SearchAction\",\"target\":{\"@type\":\"EntryPoint\",\"urlTemplate\":\"https:\/\/www.jdroadtrip.tv\/blog\/?s={search_term_string}\"},\"query-input\":{\"@type\":\"PropertyValueSpecification\",\"valueRequired\":true,\"valueName\":\"search_term_string\"}}],\"inLanguage\":\"fr-FR\"},{\"@type\":\"Organization\",\"@id\":\"https:\/\/www.jdroadtrip.tv\/blog\/#organization\",\"name\":\"JDroadtrip - Blog de voyage pour voyager au f\u00e9minin !\",\"alternateName\":\"JDroadtrip - Voyager au f\u00e9minin\",\"url\":\"https:\/\/www.jdroadtrip.tv\/blog\/\",\"logo\":{\"@type\":\"ImageObject\",\"inLanguage\":\"fr-FR\",\"@id\":\"https:\/\/www.jdroadtrip.tv\/blog\/#\/schema\/logo\/image\/\",\"url\":\"https:\/\/www.jdroadtrip.tv\/blog\/wp-content\/uploads\/2023\/08\/Logo-HD-petit.png\",\"contentUrl\":\"https:\/\/www.jdroadtrip.tv\/blog\/wp-content\/uploads\/2023\/08\/Logo-HD-petit.png\",\"width\":300,\"height\":300,\"caption\":\"JDroadtrip - Blog de voyage pour voyager au f\u00e9minin !\"},\"image\":{\"@id\":\"https:\/\/www.jdroadtrip.tv\/blog\/#\/schema\/logo\/image\/\"},\"sameAs\":[\"https:\/\/www.facebook.com\/JDRoadTrip\",\"https:\/\/x.com\/JDroadtrip\",\"https:\/\/instagram.com\/jdroadtrip\/\",\"http:\/\/www.linkedin.com\/in\/jennydiab\",\"https:\/\/www.pinterest.fr\/jdroadtrip\/\",\"https:\/\/www.youtube.com\/channel\/UCerVm4aMyTj9AxDDWmSx9_g\"],\"description\":\"Blog de voyage pour les femmes qui voyagent \u00e0 travers le monde.\",\"email\":\"contact@jdroadtrip.tv\",\"legalName\":\"Jenny Diab\",\"numberOfEmployees\":{\"@type\":\"QuantitativeValue\",\"minValue\":\"1\",\"maxValue\":\"10\"}},{\"@type\":\"Person\",\"@id\":\"https:\/\/www.jdroadtrip.tv\/blog\/#\/schema\/person\/d204bfc7d00ba74276391d8e42b58a3e\",\"name\":\"Jenny Diab\",\"image\":{\"@type\":\"ImageObject\",\"inLanguage\":\"fr-FR\",\"@id\":\"https:\/\/www.jdroadtrip.tv\/blog\/#\/schema\/person\/image\/\",\"url\":\"https:\/\/secure.gravatar.com\/avatar\/8c20b0655fdafee9c0df649069a458b1bde697487be3b0da4df8754f3de7042c?s=96&d=mm&r=g\",\"contentUrl\":\"https:\/\/secure.gravatar.com\/avatar\/8c20b0655fdafee9c0df649069a458b1bde697487be3b0da4df8754f3de7042c?s=96&d=mm&r=g\",\"caption\":\"Jenny Diab\"},\"description\":\"Cr\u00e9atrice du blog JDroadtrip.tv, je voyage seule \u00e0 travers le monde et je partage mes exp\u00e9riences de voyageuse solo. \u00c0 travers ce blog, je vous invite \u00e0 d\u00e9couvrir un maximum de bons plans et astuces (h\u00e9bergements, activit\u00e9s, restaurants, transports \u2026) pour pr\u00e9parer au mieux vos futurs voyages. Si vous \u00eates une fille qui voyage \u00e0 travers le monde, rejoignez la communaut\u00e9 Voyager au f\u00e9minin et si vous avez des questions, n'h\u00e9sitez pas \u00e0 \u00e0 me contacter. D\u00c9COUVREZ QUI SUIS-JE.\",\"sameAs\":[\"https:\/\/www.jdroadtrip.tv\",\"https:\/\/www.facebook.com\/JDroadtrip\",\"https:\/\/www.instagram.com\/jdroadtrip\/\",\"https:\/\/www.linkedin.com\/in\/jennydiab\",\"https:\/\/www.pinterest.com\/Jdroadtrip\",\"https:\/\/x.com\/JDroadtrip\"],\"url\":\"https:\/\/www.jdroadtrip.tv\/blog\/author\/jd\/\"}]}<\/script>\n<!-- \/ Yoast SEO Premium plugin. -->","yoast_head_json":{"title":"Visiter Pl\u00e9neuf Val Andr\u00e9 : Plages et Balades en Bretagne Nord","description":"Visiter Pl\u00e9neuf-Val-Andr\u00e9 : guide complet des incontournables, entre plages, randonn\u00e9es, patrimoine breton et id\u00e9es de s\u00e9jour.","robots":{"index":"index","follow":"follow","max-snippet":"max-snippet:-1","max-image-preview":"max-image-preview:large","max-video-preview":"max-video-preview:-1"},"canonical":"https:\/\/www.jdroadtrip.tv\/blog\/visiter-pleneuf-val-andre-bretagne\/","og_locale":"fr_FR","og_type":"article","og_title":"Visiter Pl\u00e9neuf Val Andr\u00e9 : Que faire ? Que voir ?","og_description":"Visiter Pl\u00e9neuf-Val-Andr\u00e9 : guide complet des incontournables, entre plages, randonn\u00e9es, patrimoine breton et id\u00e9es de s\u00e9jour.","og_url":"https:\/\/www.jdroadtrip.tv\/blog\/visiter-pleneuf-val-andre-bretagne\/","og_site_name":"JDroadtrip - Blog de voyage pour voyager au f\u00e9minin !","article_publisher":"https:\/\/www.facebook.com\/JDRoadTrip","article_author":"https:\/\/www.facebook.com\/JDroadtrip","article_published_time":"2025-09-21T10:57:35+00:00","article_modified_time":"2025-09-21T12:40:13+00:00","og_image":[{"width":1500,"height":996,"url":"https:\/\/www.jdroadtrip.tv\/blog\/wp-content\/uploads\/2025\/09\/visiter-pleneuf-val-andre-img.jpg","type":"image\/jpeg"}],"author":"Jenny Diab","twitter_card":"summary_large_image","twitter_creator":"@JDroadtrip","twitter_site":"@JDroadtrip","twitter_misc":{"\u00c9crit par":"Jenny Diab","Dur\u00e9e de lecture estim\u00e9e":"5 minutes"},"schema":{"@context":"https:\/\/schema.org","@graph":[{"@type":"Article","@id":"https:\/\/www.jdroadtrip.tv\/blog\/visiter-pleneuf-val-andre-bretagne\/#article","isPartOf":{"@id":"https:\/\/www.jdroadtrip.tv\/blog\/visiter-pleneuf-val-andre-bretagne\/"},"author":{"name":"Jenny Diab","@id":"https:\/\/www.jdroadtrip.tv\/blog\/#\/schema\/person\/d204bfc7d00ba74276391d8e42b58a3e"},"headline":"Visiter Pl\u00e9neuf Val Andr\u00e9 : Que faire ? Que voir ?","datePublished":"2025-09-21T10:57:35+00:00","dateModified":"2025-09-21T12:40:13+00:00","mainEntityOfPage":{"@id":"https:\/\/www.jdroadtrip.tv\/blog\/visiter-pleneuf-val-andre-bretagne\/"},"wordCount":961,"commentCount":0,"publisher":{"@id":"https:\/\/www.jdroadtrip.tv\/blog\/#organization"},"image":{"@id":"https:\/\/www.jdroadtrip.tv\/blog\/visiter-pleneuf-val-andre-bretagne\/#primaryimage"},"thumbnailUrl":"https:\/\/www.jdroadtrip.tv\/blog\/wp-content\/uploads\/2025\/09\/visiter-pleneuf-val-andre-img.jpg","articleSection":["Bretagne"],"inLanguage":"fr-FR","potentialAction":[{"@type":"CommentAction","name":"Comment","target":["https:\/\/www.jdroadtrip.tv\/blog\/visiter-pleneuf-val-andre-bretagne\/#respond"]}]},{"@type":"WebPage","@id":"https:\/\/www.jdroadtrip.tv\/blog\/visiter-pleneuf-val-andre-bretagne\/","url":"https:\/\/www.jdroadtrip.tv\/blog\/visiter-pleneuf-val-andre-bretagne\/","name":"Visiter Pl\u00e9neuf Val Andr\u00e9 : Plages et Balades en Bretagne Nord","isPartOf":{"@id":"https:\/\/www.jdroadtrip.tv\/blog\/#website"},"primaryImageOfPage":{"@id":"https:\/\/www.jdroadtrip.tv\/blog\/visiter-pleneuf-val-andre-bretagne\/#primaryimage"},"image":{"@id":"https:\/\/www.jdroadtrip.tv\/blog\/visiter-pleneuf-val-andre-bretagne\/#primaryimage"},"thumbnailUrl":"https:\/\/www.jdroadtrip.tv\/blog\/wp-content\/uploads\/2025\/09\/visiter-pleneuf-val-andre-img.jpg","datePublished":"2025-09-21T10:57:35+00:00","dateModified":"2025-09-21T12:40:13+00:00","description":"Visiter Pl\u00e9neuf-Val-Andr\u00e9 : guide complet des incontournables, entre plages, randonn\u00e9es, patrimoine breton et id\u00e9es de s\u00e9jour.","breadcrumb":{"@id":"https:\/\/www.jdroadtrip.tv\/blog\/visiter-pleneuf-val-andre-bretagne\/#breadcrumb"},"inLanguage":"fr-FR","potentialAction":[{"@type":"ReadAction","target":["https:\/\/www.jdroadtrip.tv\/blog\/visiter-pleneuf-val-andre-bretagne\/"]}]},{"@type":"ImageObject","inLanguage":"fr-FR","@id":"https:\/\/www.jdroadtrip.tv\/blog\/visiter-pleneuf-val-andre-bretagne\/#primaryimage","url":"https:\/\/www.jdroadtrip.tv\/blog\/wp-content\/uploads\/2025\/09\/visiter-pleneuf-val-andre-img.jpg","contentUrl":"https:\/\/www.jdroadtrip.tv\/blog\/wp-content\/uploads\/2025\/09\/visiter-pleneuf-val-andre-img.jpg","width":1500,"height":996},{"@type":"BreadcrumbList","@id":"https:\/\/www.jdroadtrip.tv\/blog\/visiter-pleneuf-val-andre-bretagne\/#breadcrumb","itemListElement":[{"@type":"ListItem","position":1,"name":"Accueil","item":"https:\/\/www.jdroadtrip.tv\/blog\/"},{"@type":"ListItem","position":2,"name":"Visiter Pl\u00e9neuf Val Andr\u00e9 : Que faire ? Que voir ?"}]},{"@type":"WebSite","@id":"https:\/\/www.jdroadtrip.tv\/blog\/#website","url":"https:\/\/www.jdroadtrip.tv\/blog\/","name":"JDroadtrip - Blog de voyage au f\u00e9minin : Outdoor, Trek, Slow travel","description":"M\u00e9dia pour voyager au f\u00e9minin","publisher":{"@id":"https:\/\/www.jdroadtrip.tv\/blog\/#organization"},"alternateName":"JDroadtrip - Voyager au f\u00e9minin","potentialAction":[{"@type":"SearchAction","target":{"@type":"EntryPoint","urlTemplate":"https:\/\/www.jdroadtrip.tv\/blog\/?s={search_term_string}"},"query-input":{"@type":"PropertyValueSpecification","valueRequired":true,"valueName":"search_term_string"}}],"inLanguage":"fr-FR"},{"@type":"Organization","@id":"https:\/\/www.jdroadtrip.tv\/blog\/#organization","name":"JDroadtrip - Blog de voyage pour voyager au f\u00e9minin !","alternateName":"JDroadtrip - Voyager au f\u00e9minin","url":"https:\/\/www.jdroadtrip.tv\/blog\/","logo":{"@type":"ImageObject","inLanguage":"fr-FR","@id":"https:\/\/www.jdroadtrip.tv\/blog\/#\/schema\/logo\/image\/","url":"https:\/\/www.jdroadtrip.tv\/blog\/wp-content\/uploads\/2023\/08\/Logo-HD-petit.png","contentUrl":"https:\/\/www.jdroadtrip.tv\/blog\/wp-content\/uploads\/2023\/08\/Logo-HD-petit.png","width":300,"height":300,"caption":"JDroadtrip - Blog de voyage pour voyager au f\u00e9minin !"},"image":{"@id":"https:\/\/www.jdroadtrip.tv\/blog\/#\/schema\/logo\/image\/"},"sameAs":["https:\/\/www.facebook.com\/JDRoadTrip","https:\/\/x.com\/JDroadtrip","https:\/\/instagram.com\/jdroadtrip\/","http:\/\/www.linkedin.com\/in\/jennydiab","https:\/\/www.pinterest.fr\/jdroadtrip\/","https:\/\/www.youtube.com\/channel\/UCerVm4aMyTj9AxDDWmSx9_g"],"description":"Blog de voyage pour les femmes qui voyagent \u00e0 travers le monde.","email":"contact@jdroadtrip.tv","legalName":"Jenny Diab","numberOfEmployees":{"@type":"QuantitativeValue","minValue":"1","maxValue":"10"}},{"@type":"Person","@id":"https:\/\/www.jdroadtrip.tv\/blog\/#\/schema\/person\/d204bfc7d00ba74276391d8e42b58a3e","name":"Jenny Diab","image":{"@type":"ImageObject","inLanguage":"fr-FR","@id":"https:\/\/www.jdroadtrip.tv\/blog\/#\/schema\/person\/image\/","url":"https:\/\/secure.gravatar.com\/avatar\/8c20b0655fdafee9c0df649069a458b1bde697487be3b0da4df8754f3de7042c?s=96&d=mm&r=g","contentUrl":"https:\/\/secure.gravatar.com\/avatar\/8c20b0655fdafee9c0df649069a458b1bde697487be3b0da4df8754f3de7042c?s=96&d=mm&r=g","caption":"Jenny Diab"},"description":"Cr\u00e9atrice du blog JDroadtrip.tv, je voyage seule \u00e0 travers le monde et je partage mes exp\u00e9riences de voyageuse solo. \u00c0 travers ce blog, je vous invite \u00e0 d\u00e9couvrir un maximum de bons plans et astuces (h\u00e9bergements, activit\u00e9s, restaurants, transports \u2026) pour pr\u00e9parer au mieux vos futurs voyages. Si vous \u00eates une fille qui voyage \u00e0 travers le monde, rejoignez la communaut\u00e9 Voyager au f\u00e9minin et si vous avez des questions, n'h\u00e9sitez pas \u00e0 \u00e0 me contacter. D\u00c9COUVREZ QUI SUIS-JE.","sameAs":["https:\/\/www.jdroadtrip.tv","https:\/\/www.facebook.com\/JDroadtrip","https:\/\/www.instagram.com\/jdroadtrip\/","https:\/\/www.linkedin.com\/in\/jennydiab","https:\/\/www.pinterest.com\/Jdroadtrip","https:\/\/x.com\/JDroadtrip"],"url":"https:\/\/www.jdroadtrip.tv\/blog\/author\/jd\/"}]}},"_links":{"self":[{"href":"https:\/\/www.jdroadtrip.tv\/blog\/wp-json\/wp\/v2\/posts\/74341","targetHints":{"allow":["GET"]}}],"collection":[{"href":"https:\/\/www.jdroadtrip.tv\/blog\/wp-json\/wp\/v2\/posts"}],"about":[{"href":"https:\/\/www.jdroadtrip.tv\/blog\/wp-json\/wp\/v2\/types\/post"}],"author":[{"embeddable":true,"href":"https:\/\/www.jdroadtrip.tv\/blog\/wp-json\/wp\/v2\/users\/1"}],"replies":[{"embeddable":true,"href":"https:\/\/www.jdroadtrip.tv\/blog\/wp-json\/wp\/v2\/comments?post=74341"}],"version-history":[{"count":0,"href":"https:\/\/www.jdroadtrip.tv\/blog\/wp-json\/wp\/v2\/posts\/74341\/revisions"}],"wp:featuredmedia":[{"embeddable":true,"href":"https:\/\/www.jdroadtrip.tv\/blog\/wp-json\/wp\/v2\/media\/74414"}],"wp:attachment":[{"href":"https:\/\/www.jdroadtrip.tv\/blog\/wp-json\/wp\/v2\/media?parent=74341"}],"wp:term":[{"taxonomy":"category","embeddable":true,"href":"https:\/\/www.jdroadtrip.tv\/blog\/wp-json\/wp\/v2\/categories?post=74341"},{"taxonomy":"post_tag","embeddable":true,"href":"https:\/\/www.jdroadtrip.tv\/blog\/wp-json\/wp\/v2\/tags?post=74341"},{"taxonomy":"table_tags","embeddable":true,"href":"https:\/\/www.jdroadtrip.tv\/blog\/wp-json\/wp\/v2\/table_tags?post=74341"}],"curies":[{"name":"wp","href":"https:\/\/api.w.org\/{rel}","templated":true}]}}