{"id":71671,"date":"2024-10-17T17:18:51","date_gmt":"2024-10-17T16:18:51","guid":{"rendered":"https:\/\/www.jdroadtrip.tv\/blog\/?p=71671"},"modified":"2025-08-07T08:07:10","modified_gmt":"2025-08-07T07:07:10","slug":"week-end-dans-les-cevennes","status":"publish","type":"post","link":"https:\/\/www.jdroadtrip.tv\/blog\/week-end-dans-les-cevennes\/","title":{"rendered":"Week-end dans les C\u00e9vennes : Que faire ?"},"content":{"rendered":"\t\t<div data-elementor-type=\"wp-post\" data-elementor-id=\"71671\" class=\"elementor elementor-71671\" data-elementor-post-type=\"post\">\n\t\t\t\t\t\t<section class=\"elementor-section elementor-top-section elementor-element elementor-element-42c6fe9 elementor-section-boxed elementor-section-height-default elementor-section-height-default\" data-id=\"42c6fe9\" data-element_type=\"section\">\n\t\t\t\t\t\t<div class=\"elementor-container elementor-column-gap-default\">\n\t\t\t\t\t<div class=\"elementor-column elementor-col-100 elementor-top-column elementor-element elementor-element-f0483a9\" data-id=\"f0483a9\" data-element_type=\"column\">\n\t\t\t<div class=\"elementor-widget-wrap elementor-element-populated\">\n\t\t\t\t\t\t<div class=\"elementor-element elementor-element-c515507 elementor-widget elementor-widget-text-editor\" data-id=\"c515507\" data-element_type=\"widget\" data-widget_type=\"text-editor.default\">\n\t\t\t\t<div class=\"elementor-widget-container\">\n\t\t\t\t\t\t\t\t\t<p style=\"text-align: justify;\"><em><span><span style=\"font-size: x-large;\">Dans cet article de blog de voyage, d\u00e9couvrez mon <\/span><strong style=\"font-size: 18pt;\">week-end dans les C\u00e9vennes<\/strong><span style=\"font-size: x-large;\"> avec l&rsquo;itin\u00e9raire r\u00e9alis\u00e9. Les sites embl\u00e9matiques comme le Mont Aigoual et la Bambouseraie ou se balader dans les villages pittoresques comme V\u00e9z\u00e9nobres ou Anduze. C&rsquo;est l&rsquo;occasion de go\u00fbter aux sp\u00e9cialit\u00e9s et aux produits locaux les g\u00e2teaux aux ch\u00e2taignes ou le fromage p\u00e9lardon. Octobre est le mois parfait pour profiter des couleurs automnales sur les chemins de randonn\u00e9e et faire la cueillette des champignons.<\/span><\/span><\/em><\/p>\t\t\t\t\t\t\t\t<\/div>\n\t\t\t\t<\/div>\n\t\t\t\t<div class=\"elementor-element elementor-element-47f9a40 elementor-widget elementor-widget-image\" data-id=\"47f9a40\" data-element_type=\"widget\" data-widget_type=\"image.default\">\n\t\t\t\t<div class=\"elementor-widget-container\">\n\t\t\t\t\t\t\t\t\t\t\t\t\t\t\t<img fetchpriority=\"high\" decoding=\"async\" width=\"2000\" height=\"1335\" src=\"https:\/\/www.jdroadtrip.tv\/blog\/wp-content\/uploads\/2024\/10\/Cevennes-Occitanie-172.jpg\" class=\"attachment-full size-full wp-image-71830\" alt=\"Week-end dans les C\u00e9vennes : Paysages randonn\u00e9e dans les C\u00e9vennes\" srcset=\"https:\/\/www.jdroadtrip.tv\/blog\/wp-content\/uploads\/2024\/10\/Cevennes-Occitanie-172.jpg 2000w, https:\/\/www.jdroadtrip.tv\/blog\/wp-content\/uploads\/2024\/10\/Cevennes-Occitanie-172-300x200.jpg 300w, https:\/\/www.jdroadtrip.tv\/blog\/wp-content\/uploads\/2024\/10\/Cevennes-Occitanie-172-800x534.jpg 800w, https:\/\/www.jdroadtrip.tv\/blog\/wp-content\/uploads\/2024\/10\/Cevennes-Occitanie-172-250x167.jpg 250w, https:\/\/www.jdroadtrip.tv\/blog\/wp-content\/uploads\/2024\/10\/Cevennes-Occitanie-172-768x513.jpg 768w, https:\/\/www.jdroadtrip.tv\/blog\/wp-content\/uploads\/2024\/10\/Cevennes-Occitanie-172-1536x1025.jpg 1536w\" sizes=\"(max-width: 2000px) 100vw, 2000px\" \/>\t\t\t\t\t\t\t\t\t\t\t\t\t\t\t<\/div>\n\t\t\t\t<\/div>\n\t\t\t\t\t<\/div>\n\t\t<\/div>\n\t\t\t\t\t<\/div>\n\t\t<\/section>\n\t\t\t\t<section class=\"elementor-section elementor-top-section elementor-element elementor-element-052d4e3 elementor-section-boxed elementor-section-height-default elementor-section-height-default\" data-id=\"052d4e3\" data-element_type=\"section\">\n\t\t\t\t\t\t<div class=\"elementor-container elementor-column-gap-default\">\n\t\t\t\t\t<div class=\"elementor-column elementor-col-100 elementor-top-column elementor-element elementor-element-892a307\" data-id=\"892a307\" data-element_type=\"column\">\n\t\t\t<div class=\"elementor-widget-wrap elementor-element-populated\">\n\t\t\t\t\t\t<div class=\"elementor-element elementor-element-3d895a6 elementor-widget elementor-widget-heading\" data-id=\"3d895a6\" data-element_type=\"widget\" data-widget_type=\"heading.default\">\n\t\t\t\t<div class=\"elementor-widget-container\">\n\t\t\t\t\t<h2 class=\"elementor-heading-title elementor-size-default\">Id\u00e9e d'itin\u00e9raire pour visiter les C\u00e9vennes en 3 jours<\/h2>\t\t\t\t<\/div>\n\t\t\t\t<\/div>\n\t\t\t\t<div class=\"elementor-element elementor-element-fda0772 elementor-widget elementor-widget-text-editor\" data-id=\"fda0772\" data-element_type=\"widget\" data-widget_type=\"text-editor.default\">\n\t\t\t\t<div class=\"elementor-widget-container\">\n\t\t\t\t\t\t\t\t\t<li>Arriv\u00e9e \u00e0 la gare de N\u00efmes<\/li>\n \t<li>Visiter le village de V\u00e9z\u00e9nobres et la maison de figue<\/li>\n \t<li>Visiter la Bambouseraie<\/li>\n \t<li>Nuit et d\u00eener dans le village d&rsquo;Anduze<\/li>\n \t<li>Balade avec un \u00e2ne le long de la rivi\u00e8re le gardon<\/li>\n \t<li>Initiation de la cueillette des champignons au Mont Aigoual<\/li>\n \t<li>Nuit et d\u00eener \u00e0 Ma petite cabane en Loz\u00e8re<\/li>\n \t<li>D\u00e9couverte de l&rsquo;Indigoterie<\/li>\n \t<li>D\u00e9jeuner \u00e0 l&rsquo;auberge C\u00e9venole \u00e0 Florac<\/li>\n \t<li>Randonn\u00e9e au Col de la Baraquette<\/li>\n \t<li>D\u00eener au restaurant Les Magnolias \u00e0 N\u00eemes<\/li>\n \t<li>Nuit \u00e0 l&rsquo;Appart City de N\u00eemes<\/li>\n<\/ol>\t\t\t\t\t\t\t\t<\/div>\n\t\t\t\t<\/div>\n\t\t\t\t<div class=\"elementor-element elementor-element-d33b7cb elementor-widget elementor-widget-html\" data-id=\"d33b7cb\" data-element_type=\"widget\" data-widget_type=\"html.default\">\n\t\t\t\t<div class=\"elementor-widget-container\">\n\t\t\t\t\t<iframe src=\"https:\/\/www.google.com\/maps\/d\/embed?mid=1hs9xqb6kL4AXkhgmx7WYBPp-dl8GHlI&ehbc=2E312F\" width=\"640\" height=\"640\"><\/iframe>\t\t\t\t<\/div>\n\t\t\t\t<\/div>\n\t\t\t\t\t<\/div>\n\t\t<\/div>\n\t\t\t\t\t<\/div>\n\t\t<\/section>\n\t\t\t\t<section class=\"elementor-section elementor-top-section elementor-element elementor-element-368e867 elementor-section-boxed elementor-section-height-default elementor-section-height-default\" data-id=\"368e867\" data-element_type=\"section\">\n\t\t\t\t\t\t<div class=\"elementor-container elementor-column-gap-default\">\n\t\t\t\t\t<div class=\"elementor-column elementor-col-100 elementor-top-column elementor-element elementor-element-4c780b3\" data-id=\"4c780b3\" data-element_type=\"column\">\n\t\t\t<div class=\"elementor-widget-wrap elementor-element-populated\">\n\t\t\t\t\t\t<div class=\"elementor-element elementor-element-1b5cf22 elementor-widget elementor-widget-heading\" data-id=\"1b5cf22\" data-element_type=\"widget\" data-widget_type=\"heading.default\">\n\t\t\t\t<div class=\"elementor-widget-container\">\n\t\t\t\t\t<h2 class=\"elementor-heading-title elementor-size-default\">Visiter V\u00e9z\u00e9nobres et la maison de la figue<\/h2>\t\t\t\t<\/div>\n\t\t\t\t<\/div>\n\t\t\t\t\t<\/div>\n\t\t<\/div>\n\t\t\t\t\t<\/div>\n\t\t<\/section>\n\t\t\t\t<section class=\"elementor-section elementor-top-section elementor-element elementor-element-0de489e elementor-section-boxed elementor-section-height-default elementor-section-height-default\" data-id=\"0de489e\" data-element_type=\"section\">\n\t\t\t\t\t\t<div class=\"elementor-container elementor-column-gap-default\">\n\t\t\t\t\t<div class=\"elementor-column elementor-col-100 elementor-top-column elementor-element elementor-element-5f22005\" data-id=\"5f22005\" data-element_type=\"column\">\n\t\t\t<div class=\"elementor-widget-wrap elementor-element-populated\">\n\t\t\t\t\t\t<div class=\"elementor-element elementor-element-8d8e0fd elementor-widget elementor-widget-text-editor\" data-id=\"8d8e0fd\" data-element_type=\"widget\" data-widget_type=\"text-editor.default\">\n\t\t\t\t<div class=\"elementor-widget-container\">\n\t\t\t\t\t\t\t\t\t<p style=\"text-align: justify;\"><span style=\"font-size: 14pt;\">On commence ce week-end dans les C\u00e9vennes par un arr\u00eat dans le <strong>village m\u00e9di\u00e9val perch\u00e9 V\u00e9z\u00e9nobres<\/strong>, class\u00e9 par les \u00ab\u00a0Villages de caract\u00e8re\u00a0\u00bb. C&rsquo;est calme et quand le soleil est au rendez-vous, il offre une jolie lumi\u00e8re sur le village. \u00c0 travers ses ruelles pav\u00e9es et ses maisons anciennes en pierre, V\u00e9z\u00e9nobres poss\u00e8de un patrimoine historique et architectural avec des points de vue sur la vall\u00e9e du Gardon. Le chemin de la Regordane traverse le village.<\/span><\/p><p style=\"text-align: justify;\"><span style=\"font-size: 14pt;\">V\u00e9z\u00e9nobres est \u00e9galement connu pour son patrimoine li\u00e9 \u00e0 la culture du figuier. Le figuier a besoin de beaucoup de soleil et le village est sur un territoire o\u00f9 le climat m\u00e9diterran\u00e9en favorise la culture, c&rsquo;est pour cela qu&rsquo;il pousse partout dans le village. Autrefois, il \u00e9tait un centre important pour la production et le commerce des figues s\u00e8ches, qui \u00e9taient export\u00e9es dans toute l\u2019Europe. Sur les fa\u00e7ades des maisons, on pouvait voir les figues s\u00e9ch\u00e9es suspendues aux barres en m\u00e9tal.<\/span><\/p><p style=\"text-align: justify;\"><span style=\"font-size: 14pt;\">Dans l&rsquo;office du tourisme de V\u00e9z\u00e9nobres se trouve \u00e9galement <strong><a href=\"https:\/\/www.maisondelafigue.com\" target=\"_blank\" rel=\"noopener\">Le Mus\u00e9e de la Figue<\/a><\/strong> qui vous raconte l&rsquo;histoire et les diff\u00e9rentes vari\u00e9t\u00e9s de figues. Selon la saison, il est possible de faire une d\u00e9gustation.<\/span><\/p>\t\t\t\t\t\t\t\t<\/div>\n\t\t\t\t<\/div>\n\t\t\t\t<div class=\"elementor-element elementor-element-0e21a0c elementor-widget elementor-widget-image\" data-id=\"0e21a0c\" data-element_type=\"widget\" data-widget_type=\"image.default\">\n\t\t\t\t<div class=\"elementor-widget-container\">\n\t\t\t\t\t\t\t\t\t\t\t\t\t\t\t<img decoding=\"async\" width=\"2000\" height=\"1335\" src=\"https:\/\/www.jdroadtrip.tv\/blog\/wp-content\/uploads\/2024\/10\/Cevennes-Occitanie.jpg\" class=\"attachment-full size-full wp-image-71831\" alt=\"Week-end dans les C\u00e9vennes : Vue sur le village de V\u00e9z\u00e9nobres\" srcset=\"https:\/\/www.jdroadtrip.tv\/blog\/wp-content\/uploads\/2024\/10\/Cevennes-Occitanie.jpg 2000w, https:\/\/www.jdroadtrip.tv\/blog\/wp-content\/uploads\/2024\/10\/Cevennes-Occitanie-300x200.jpg 300w, https:\/\/www.jdroadtrip.tv\/blog\/wp-content\/uploads\/2024\/10\/Cevennes-Occitanie-800x534.jpg 800w, https:\/\/www.jdroadtrip.tv\/blog\/wp-content\/uploads\/2024\/10\/Cevennes-Occitanie-250x167.jpg 250w, https:\/\/www.jdroadtrip.tv\/blog\/wp-content\/uploads\/2024\/10\/Cevennes-Occitanie-768x513.jpg 768w, https:\/\/www.jdroadtrip.tv\/blog\/wp-content\/uploads\/2024\/10\/Cevennes-Occitanie-1536x1025.jpg 1536w\" sizes=\"(max-width: 2000px) 100vw, 2000px\" \/>\t\t\t\t\t\t\t\t\t\t\t\t\t\t\t<\/div>\n\t\t\t\t<\/div>\n\t\t\t\t<div class=\"elementor-element elementor-element-81f9f3f elementor-widget elementor-widget-gallery\" data-id=\"81f9f3f\" data-element_type=\"widget\" data-settings=\"{&quot;gallery_layout&quot;:&quot;masonry&quot;,&quot;columns&quot;:3,&quot;columns_tablet&quot;:3,&quot;columns_mobile&quot;:3,&quot;lazyload&quot;:&quot;yes&quot;,&quot;gap&quot;:{&quot;unit&quot;:&quot;px&quot;,&quot;size&quot;:10,&quot;sizes&quot;:[]},&quot;gap_tablet&quot;:{&quot;unit&quot;:&quot;px&quot;,&quot;size&quot;:10,&quot;sizes&quot;:[]},&quot;gap_mobile&quot;:{&quot;unit&quot;:&quot;px&quot;,&quot;size&quot;:10,&quot;sizes&quot;:[]},&quot;link_to&quot;:&quot;file&quot;,&quot;overlay_background&quot;:&quot;yes&quot;,&quot;content_hover_animation&quot;:&quot;fade-in&quot;}\" data-widget_type=\"gallery.default\">\n\t\t\t\t<div class=\"elementor-widget-container\">\n\t\t\t\t\t\t\t<div class=\"elementor-gallery__container\">\n\t\t\t\t\t\t\t<a class=\"e-gallery-item elementor-gallery-item elementor-animated-content\" href=\"https:\/\/www.jdroadtrip.tv\/blog\/wp-content\/uploads\/2024\/10\/Cevennes-Occitanie-2.jpg\" data-elementor-open-lightbox=\"yes\" data-elementor-lightbox-slideshow=\"81f9f3f\" data-elementor-lightbox-title=\"C\u00e9vennes-Occitanie-2\" data-e-action-hash=\"#elementor-action%3Aaction%3Dlightbox%26settings%3DeyJpZCI6NzE4MzIsInVybCI6Imh0dHBzOlwvXC93d3cuamRyb2FkdHJpcC50dlwvYmxvZ1wvd3AtY29udGVudFwvdXBsb2Fkc1wvMjAyNFwvMTBcL0NldmVubmVzLU9jY2l0YW5pZS0yLmpwZyIsInNsaWRlc2hvdyI6IjgxZjlmM2YifQ%3D%3D\">\n\t\t\t\t\t<div class=\"e-gallery-image elementor-gallery-item__image\" data-thumbnail=\"https:\/\/www.jdroadtrip.tv\/blog\/wp-content\/uploads\/2024\/10\/Cevennes-Occitanie-2.jpg\" data-width=\"2000\" data-height=\"1335\" aria-label=\"Maison de la Figue \u00e0 V\u00e9z\u00e9nobres\" role=\"img\" ><\/div>\n\t\t\t\t\t\t\t\t\t\t\t<div class=\"elementor-gallery-item__overlay\"><\/div>\n\t\t\t\t\t\t\t\t\t\t\t\t\t\t<\/a>\n\t\t\t\t\t\t\t<a class=\"e-gallery-item elementor-gallery-item elementor-animated-content\" href=\"https:\/\/www.jdroadtrip.tv\/blog\/wp-content\/uploads\/2024\/10\/Cevennes-Occitanie-7.jpg\" data-elementor-open-lightbox=\"yes\" data-elementor-lightbox-slideshow=\"81f9f3f\" data-elementor-lightbox-title=\"C\u00e9vennes-Occitanie-7\" data-e-action-hash=\"#elementor-action%3Aaction%3Dlightbox%26settings%3DeyJpZCI6NzE4MzcsInVybCI6Imh0dHBzOlwvXC93d3cuamRyb2FkdHJpcC50dlwvYmxvZ1wvd3AtY29udGVudFwvdXBsb2Fkc1wvMjAyNFwvMTBcL0NldmVubmVzLU9jY2l0YW5pZS03LmpwZyIsInNsaWRlc2hvdyI6IjgxZjlmM2YifQ%3D%3D\">\n\t\t\t\t\t<div class=\"e-gallery-image elementor-gallery-item__image\" data-thumbnail=\"https:\/\/www.jdroadtrip.tv\/blog\/wp-content\/uploads\/2024\/10\/Cevennes-Occitanie-7.jpg\" data-width=\"2000\" data-height=\"1335\" aria-label=\"Paysages\" role=\"img\" ><\/div>\n\t\t\t\t\t\t\t\t\t\t\t<div class=\"elementor-gallery-item__overlay\"><\/div>\n\t\t\t\t\t\t\t\t\t\t\t\t\t\t<\/a>\n\t\t\t\t\t\t\t<a class=\"e-gallery-item elementor-gallery-item elementor-animated-content\" href=\"https:\/\/www.jdroadtrip.tv\/blog\/wp-content\/uploads\/2024\/10\/Cevennes-Occitanie-14.jpg\" data-elementor-open-lightbox=\"yes\" data-elementor-lightbox-slideshow=\"81f9f3f\" data-elementor-lightbox-title=\"C\u00e9vennes-Occitanie-14\" data-e-action-hash=\"#elementor-action%3Aaction%3Dlightbox%26settings%3DeyJpZCI6NzE4NDQsInVybCI6Imh0dHBzOlwvXC93d3cuamRyb2FkdHJpcC50dlwvYmxvZ1wvd3AtY29udGVudFwvdXBsb2Fkc1wvMjAyNFwvMTBcL0NldmVubmVzLU9jY2l0YW5pZS0xNC5qcGciLCJzbGlkZXNob3ciOiI4MWY5ZjNmIn0%3D\">\n\t\t\t\t\t<div class=\"e-gallery-image elementor-gallery-item__image\" data-thumbnail=\"https:\/\/www.jdroadtrip.tv\/blog\/wp-content\/uploads\/2024\/10\/Cevennes-Occitanie-14.jpg\" data-width=\"2000\" data-height=\"1335\" aria-label=\"Nom de rue dans le village de V\u00e9z\u00e9nobre\" role=\"img\" ><\/div>\n\t\t\t\t\t\t\t\t\t\t\t<div class=\"elementor-gallery-item__overlay\"><\/div>\n\t\t\t\t\t\t\t\t\t\t\t\t\t\t<\/a>\n\t\t\t\t\t\t\t<a class=\"e-gallery-item elementor-gallery-item elementor-animated-content\" href=\"https:\/\/www.jdroadtrip.tv\/blog\/wp-content\/uploads\/2024\/10\/Cevennes-Occitanie-17.jpg\" data-elementor-open-lightbox=\"yes\" data-elementor-lightbox-slideshow=\"81f9f3f\" data-elementor-lightbox-title=\"C\u00e9vennes-Occitanie-17\" data-e-action-hash=\"#elementor-action%3Aaction%3Dlightbox%26settings%3DeyJpZCI6NzE4NDcsInVybCI6Imh0dHBzOlwvXC93d3cuamRyb2FkdHJpcC50dlwvYmxvZ1wvd3AtY29udGVudFwvdXBsb2Fkc1wvMjAyNFwvMTBcL0NldmVubmVzLU9jY2l0YW5pZS0xNy5qcGciLCJzbGlkZXNob3ciOiI4MWY5ZjNmIn0%3D\">\n\t\t\t\t\t<div class=\"e-gallery-image elementor-gallery-item__image\" data-thumbnail=\"https:\/\/www.jdroadtrip.tv\/blog\/wp-content\/uploads\/2024\/10\/Cevennes-Occitanie-17.jpg\" data-width=\"2000\" data-height=\"1335\" aria-label=\"Porte bleue dans le village de V\u00e9z\u00e9nobres\" role=\"img\" ><\/div>\n\t\t\t\t\t\t\t\t\t\t\t<div class=\"elementor-gallery-item__overlay\"><\/div>\n\t\t\t\t\t\t\t\t\t\t\t\t\t\t<\/a>\n\t\t\t\t\t\t\t<a class=\"e-gallery-item elementor-gallery-item elementor-animated-content\" href=\"https:\/\/www.jdroadtrip.tv\/blog\/wp-content\/uploads\/2024\/10\/Cevennes-Occitanie-26.jpg\" data-elementor-open-lightbox=\"yes\" data-elementor-lightbox-slideshow=\"81f9f3f\" data-elementor-lightbox-title=\"C\u00e9vennes-Occitanie-26\" data-e-action-hash=\"#elementor-action%3Aaction%3Dlightbox%26settings%3DeyJpZCI6NzE4NTYsInVybCI6Imh0dHBzOlwvXC93d3cuamRyb2FkdHJpcC50dlwvYmxvZ1wvd3AtY29udGVudFwvdXBsb2Fkc1wvMjAyNFwvMTBcL0NldmVubmVzLU9jY2l0YW5pZS0yNi5qcGciLCJzbGlkZXNob3ciOiI4MWY5ZjNmIn0%3D\">\n\t\t\t\t\t<div class=\"e-gallery-image elementor-gallery-item__image\" data-thumbnail=\"https:\/\/www.jdroadtrip.tv\/blog\/wp-content\/uploads\/2024\/10\/Cevennes-Occitanie-26.jpg\" data-width=\"2000\" data-height=\"1335\" aria-label=\"Pot de confiture de Figues\" role=\"img\" ><\/div>\n\t\t\t\t\t\t\t\t\t\t\t<div class=\"elementor-gallery-item__overlay\"><\/div>\n\t\t\t\t\t\t\t\t\t\t\t\t\t\t<\/a>\n\t\t\t\t\t\t\t<a class=\"e-gallery-item elementor-gallery-item elementor-animated-content\" href=\"https:\/\/www.jdroadtrip.tv\/blog\/wp-content\/uploads\/2024\/10\/Cevennes-Occitanie-27.jpg\" data-elementor-open-lightbox=\"yes\" data-elementor-lightbox-slideshow=\"81f9f3f\" data-elementor-lightbox-title=\"C\u00e9vennes-Occitanie-27\" data-e-action-hash=\"#elementor-action%3Aaction%3Dlightbox%26settings%3DeyJpZCI6NzE4NTcsInVybCI6Imh0dHBzOlwvXC93d3cuamRyb2FkdHJpcC50dlwvYmxvZ1wvd3AtY29udGVudFwvdXBsb2Fkc1wvMjAyNFwvMTBcL0NldmVubmVzLU9jY2l0YW5pZS0yNy5qcGciLCJzbGlkZXNob3ciOiI4MWY5ZjNmIn0%3D\">\n\t\t\t\t\t<div class=\"e-gallery-image elementor-gallery-item__image\" data-thumbnail=\"https:\/\/www.jdroadtrip.tv\/blog\/wp-content\/uploads\/2024\/10\/Cevennes-Occitanie-27.jpg\" data-width=\"2000\" data-height=\"1335\" aria-label=\"Sirop de Figue avec vue\" role=\"img\" ><\/div>\n\t\t\t\t\t\t\t\t\t\t\t<div class=\"elementor-gallery-item__overlay\"><\/div>\n\t\t\t\t\t\t\t\t\t\t\t\t\t\t<\/a>\n\t\t\t\t\t\t\t<a class=\"e-gallery-item elementor-gallery-item elementor-animated-content\" href=\"https:\/\/www.jdroadtrip.tv\/blog\/wp-content\/uploads\/2024\/10\/Cevennes-Occitanie-29.jpg\" data-elementor-open-lightbox=\"yes\" data-elementor-lightbox-slideshow=\"81f9f3f\" data-elementor-lightbox-title=\"C\u00e9vennes-Occitanie-29\" data-e-action-hash=\"#elementor-action%3Aaction%3Dlightbox%26settings%3DeyJpZCI6NzE4NTksInVybCI6Imh0dHBzOlwvXC93d3cuamRyb2FkdHJpcC50dlwvYmxvZ1wvd3AtY29udGVudFwvdXBsb2Fkc1wvMjAyNFwvMTBcL0NldmVubmVzLU9jY2l0YW5pZS0yOS5qcGciLCJzbGlkZXNob3ciOiI4MWY5ZjNmIn0%3D\">\n\t\t\t\t\t<div class=\"e-gallery-image elementor-gallery-item__image\" data-thumbnail=\"https:\/\/www.jdroadtrip.tv\/blog\/wp-content\/uploads\/2024\/10\/Cevennes-Occitanie-29.jpg\" data-width=\"2000\" data-height=\"1335\" aria-label=\"D\u00e9gustation olivaies aux figues\" role=\"img\" ><\/div>\n\t\t\t\t\t\t\t\t\t\t\t<div class=\"elementor-gallery-item__overlay\"><\/div>\n\t\t\t\t\t\t\t\t\t\t\t\t\t\t<\/a>\n\t\t\t\t\t\t\t<a class=\"e-gallery-item elementor-gallery-item elementor-animated-content\" href=\"https:\/\/www.jdroadtrip.tv\/blog\/wp-content\/uploads\/2024\/10\/Cevennes-Occitanie-30.jpg\" data-elementor-open-lightbox=\"yes\" data-elementor-lightbox-slideshow=\"81f9f3f\" data-elementor-lightbox-title=\"C\u00e9vennes-Occitanie-30\" data-e-action-hash=\"#elementor-action%3Aaction%3Dlightbox%26settings%3DeyJpZCI6NzE4NjAsInVybCI6Imh0dHBzOlwvXC93d3cuamRyb2FkdHJpcC50dlwvYmxvZ1wvd3AtY29udGVudFwvdXBsb2Fkc1wvMjAyNFwvMTBcL0NldmVubmVzLU9jY2l0YW5pZS0zMC5qcGciLCJzbGlkZXNob3ciOiI4MWY5ZjNmIn0%3D\">\n\t\t\t\t\t<div class=\"e-gallery-image elementor-gallery-item__image\" data-thumbnail=\"https:\/\/www.jdroadtrip.tv\/blog\/wp-content\/uploads\/2024\/10\/Cevennes-Occitanie-30.jpg\" data-width=\"2000\" data-height=\"1335\" aria-label=\"D\u00e9gustation confiture aux figues\" role=\"img\" ><\/div>\n\t\t\t\t\t\t\t\t\t\t\t<div class=\"elementor-gallery-item__overlay\"><\/div>\n\t\t\t\t\t\t\t\t\t\t\t\t\t\t<\/a>\n\t\t\t\t\t\t\t<a class=\"e-gallery-item elementor-gallery-item elementor-animated-content\" href=\"https:\/\/www.jdroadtrip.tv\/blog\/wp-content\/uploads\/2024\/10\/Cevennes-Occitanie-32.jpg\" data-elementor-open-lightbox=\"yes\" data-elementor-lightbox-slideshow=\"81f9f3f\" data-elementor-lightbox-title=\"C\u00e9vennes-Occitanie-32\" data-e-action-hash=\"#elementor-action%3Aaction%3Dlightbox%26settings%3DeyJpZCI6NzE4NjIsInVybCI6Imh0dHBzOlwvXC93d3cuamRyb2FkdHJpcC50dlwvYmxvZ1wvd3AtY29udGVudFwvdXBsb2Fkc1wvMjAyNFwvMTBcL0NldmVubmVzLU9jY2l0YW5pZS0zMi5qcGciLCJzbGlkZXNob3ciOiI4MWY5ZjNmIn0%3D\">\n\t\t\t\t\t<div class=\"e-gallery-image elementor-gallery-item__image\" data-thumbnail=\"https:\/\/www.jdroadtrip.tv\/blog\/wp-content\/uploads\/2024\/10\/Cevennes-Occitanie-32.jpg\" data-width=\"2000\" data-height=\"1335\" aria-label=\"D\u00e9gustation Sorbet aux figues\" role=\"img\" ><\/div>\n\t\t\t\t\t\t\t\t\t\t\t<div class=\"elementor-gallery-item__overlay\"><\/div>\n\t\t\t\t\t\t\t\t\t\t\t\t\t\t<\/a>\n\t\t\t\t\t\t\t<a class=\"e-gallery-item elementor-gallery-item elementor-animated-content\" href=\"https:\/\/www.jdroadtrip.tv\/blog\/wp-content\/uploads\/2024\/10\/Cevennes-Occitanie-6-scaled.jpg\" data-elementor-open-lightbox=\"yes\" data-elementor-lightbox-slideshow=\"81f9f3f\" data-elementor-lightbox-title=\"C\u00e9vennes-Occitanie-6\" data-e-action-hash=\"#elementor-action%3Aaction%3Dlightbox%26settings%3DeyJpZCI6NzE4MzYsInVybCI6Imh0dHBzOlwvXC93d3cuamRyb2FkdHJpcC50dlwvYmxvZ1wvd3AtY29udGVudFwvdXBsb2Fkc1wvMjAyNFwvMTBcL0NldmVubmVzLU9jY2l0YW5pZS02LXNjYWxlZC5qcGciLCJzbGlkZXNob3ciOiI4MWY5ZjNmIn0%3D\">\n\t\t\t\t\t<div class=\"e-gallery-image elementor-gallery-item__image\" data-thumbnail=\"https:\/\/www.jdroadtrip.tv\/blog\/wp-content\/uploads\/2024\/10\/Cevennes-Occitanie-6-scaled.jpg\" data-width=\"1367\" data-height=\"2048\" aria-label=\"Figue g\u00e9ante avec vue du village de V\u00e9z\u00e9nobres\" role=\"img\" ><\/div>\n\t\t\t\t\t\t\t\t\t\t\t<div class=\"elementor-gallery-item__overlay\"><\/div>\n\t\t\t\t\t\t\t\t\t\t\t\t\t\t<\/a>\n\t\t\t\t\t\t\t<a class=\"e-gallery-item elementor-gallery-item elementor-animated-content\" href=\"https:\/\/www.jdroadtrip.tv\/blog\/wp-content\/uploads\/2024\/10\/Cevennes-Occitanie-11-scaled.jpg\" data-elementor-open-lightbox=\"yes\" data-elementor-lightbox-slideshow=\"81f9f3f\" data-elementor-lightbox-title=\"C\u00e9vennes-Occitanie-11\" data-e-action-hash=\"#elementor-action%3Aaction%3Dlightbox%26settings%3DeyJpZCI6NzE4NDEsInVybCI6Imh0dHBzOlwvXC93d3cuamRyb2FkdHJpcC50dlwvYmxvZ1wvd3AtY29udGVudFwvdXBsb2Fkc1wvMjAyNFwvMTBcL0NldmVubmVzLU9jY2l0YW5pZS0xMS1zY2FsZWQuanBnIiwic2xpZGVzaG93IjoiODFmOWYzZiJ9\">\n\t\t\t\t\t<div class=\"e-gallery-image elementor-gallery-item__image\" data-thumbnail=\"https:\/\/www.jdroadtrip.tv\/blog\/wp-content\/uploads\/2024\/10\/Cevennes-Occitanie-11-scaled.jpg\" data-width=\"1367\" data-height=\"2048\" aria-label=\"Chat dans les rues de V\u00e9z\u00e9nobres\" role=\"img\" ><\/div>\n\t\t\t\t\t\t\t\t\t\t\t<div class=\"elementor-gallery-item__overlay\"><\/div>\n\t\t\t\t\t\t\t\t\t\t\t\t\t\t<\/a>\n\t\t\t\t\t\t\t<a class=\"e-gallery-item elementor-gallery-item elementor-animated-content\" href=\"https:\/\/www.jdroadtrip.tv\/blog\/wp-content\/uploads\/2024\/10\/Cevennes-Occitanie-12-scaled.jpg\" data-elementor-open-lightbox=\"yes\" data-elementor-lightbox-slideshow=\"81f9f3f\" data-elementor-lightbox-title=\"C\u00e9vennes-Occitanie-12\" data-e-action-hash=\"#elementor-action%3Aaction%3Dlightbox%26settings%3DeyJpZCI6NzE4NDIsInVybCI6Imh0dHBzOlwvXC93d3cuamRyb2FkdHJpcC50dlwvYmxvZ1wvd3AtY29udGVudFwvdXBsb2Fkc1wvMjAyNFwvMTBcL0NldmVubmVzLU9jY2l0YW5pZS0xMi1zY2FsZWQuanBnIiwic2xpZGVzaG93IjoiODFmOWYzZiJ9\">\n\t\t\t\t\t<div class=\"e-gallery-image elementor-gallery-item__image\" data-thumbnail=\"https:\/\/www.jdroadtrip.tv\/blog\/wp-content\/uploads\/2024\/10\/Cevennes-Occitanie-12-scaled.jpg\" data-width=\"1367\" data-height=\"2048\" aria-label=\"Ruelle du village de V\u00e9z\u00e9nobres\" role=\"img\" ><\/div>\n\t\t\t\t\t\t\t\t\t\t\t<div class=\"elementor-gallery-item__overlay\"><\/div>\n\t\t\t\t\t\t\t\t\t\t\t\t\t\t<\/a>\n\t\t\t\t\t\t\t<a class=\"e-gallery-item elementor-gallery-item elementor-animated-content\" href=\"https:\/\/www.jdroadtrip.tv\/blog\/wp-content\/uploads\/2024\/10\/Cevennes-Occitanie-16-scaled.jpg\" data-elementor-open-lightbox=\"yes\" data-elementor-lightbox-slideshow=\"81f9f3f\" data-elementor-lightbox-title=\"C\u00e9vennes-Occitanie-16\" data-e-action-hash=\"#elementor-action%3Aaction%3Dlightbox%26settings%3DeyJpZCI6NzE4NDYsInVybCI6Imh0dHBzOlwvXC93d3cuamRyb2FkdHJpcC50dlwvYmxvZ1wvd3AtY29udGVudFwvdXBsb2Fkc1wvMjAyNFwvMTBcL0NldmVubmVzLU9jY2l0YW5pZS0xNi1zY2FsZWQuanBnIiwic2xpZGVzaG93IjoiODFmOWYzZiJ9\">\n\t\t\t\t\t<div class=\"e-gallery-image elementor-gallery-item__image\" data-thumbnail=\"https:\/\/www.jdroadtrip.tv\/blog\/wp-content\/uploads\/2024\/10\/Cevennes-Occitanie-16-scaled.jpg\" data-width=\"1367\" data-height=\"2048\" aria-label=\"Olivier dans les rues du village de V\u00e9z\u00e9nobres\" role=\"img\" ><\/div>\n\t\t\t\t\t\t\t\t\t\t\t<div class=\"elementor-gallery-item__overlay\"><\/div>\n\t\t\t\t\t\t\t\t\t\t\t\t\t\t<\/a>\n\t\t\t\t\t\t\t<a class=\"e-gallery-item elementor-gallery-item elementor-animated-content\" href=\"https:\/\/www.jdroadtrip.tv\/blog\/wp-content\/uploads\/2024\/10\/Cevennes-Occitanie-18-scaled.jpg\" data-elementor-open-lightbox=\"yes\" data-elementor-lightbox-slideshow=\"81f9f3f\" data-elementor-lightbox-title=\"C\u00e9vennes-Occitanie-18\" data-e-action-hash=\"#elementor-action%3Aaction%3Dlightbox%26settings%3DeyJpZCI6NzE4NDgsInVybCI6Imh0dHBzOlwvXC93d3cuamRyb2FkdHJpcC50dlwvYmxvZ1wvd3AtY29udGVudFwvdXBsb2Fkc1wvMjAyNFwvMTBcL0NldmVubmVzLU9jY2l0YW5pZS0xOC1zY2FsZWQuanBnIiwic2xpZGVzaG93IjoiODFmOWYzZiJ9\">\n\t\t\t\t\t<div class=\"e-gallery-image elementor-gallery-item__image\" data-thumbnail=\"https:\/\/www.jdroadtrip.tv\/blog\/wp-content\/uploads\/2024\/10\/Cevennes-Occitanie-18-scaled.jpg\" data-width=\"1367\" data-height=\"2048\" aria-label=\"Ruelle du village de V\u00e9z\u00e9nobres\" role=\"img\" ><\/div>\n\t\t\t\t\t\t\t\t\t\t\t<div class=\"elementor-gallery-item__overlay\"><\/div>\n\t\t\t\t\t\t\t\t\t\t\t\t\t\t<\/a>\n\t\t\t\t\t\t\t<a class=\"e-gallery-item elementor-gallery-item elementor-animated-content\" href=\"https:\/\/www.jdroadtrip.tv\/blog\/wp-content\/uploads\/2024\/10\/Cevennes-Occitanie-19-scaled.jpg\" data-elementor-open-lightbox=\"yes\" data-elementor-lightbox-slideshow=\"81f9f3f\" data-elementor-lightbox-title=\"C\u00e9vennes-Occitanie-19\" data-e-action-hash=\"#elementor-action%3Aaction%3Dlightbox%26settings%3DeyJpZCI6NzE4NDksInVybCI6Imh0dHBzOlwvXC93d3cuamRyb2FkdHJpcC50dlwvYmxvZ1wvd3AtY29udGVudFwvdXBsb2Fkc1wvMjAyNFwvMTBcL0NldmVubmVzLU9jY2l0YW5pZS0xOS1zY2FsZWQuanBnIiwic2xpZGVzaG93IjoiODFmOWYzZiJ9\">\n\t\t\t\t\t<div class=\"e-gallery-image elementor-gallery-item__image\" data-thumbnail=\"https:\/\/www.jdroadtrip.tv\/blog\/wp-content\/uploads\/2024\/10\/Cevennes-Occitanie-19-scaled.jpg\" data-width=\"1367\" data-height=\"2048\" aria-label=\"Maison en pierre dans le village de V\u00e9z\u00e9nobres\" role=\"img\" ><\/div>\n\t\t\t\t\t\t\t\t\t\t\t<div class=\"elementor-gallery-item__overlay\"><\/div>\n\t\t\t\t\t\t\t\t\t\t\t\t\t\t<\/a>\n\t\t\t\t\t\t\t<a class=\"e-gallery-item elementor-gallery-item elementor-animated-content\" href=\"https:\/\/www.jdroadtrip.tv\/blog\/wp-content\/uploads\/2024\/10\/Cevennes-Occitanie-20-scaled.jpg\" data-elementor-open-lightbox=\"yes\" data-elementor-lightbox-slideshow=\"81f9f3f\" data-elementor-lightbox-title=\"C\u00e9vennes-Occitanie-20\" data-e-action-hash=\"#elementor-action%3Aaction%3Dlightbox%26settings%3DeyJpZCI6NzE4NTAsInVybCI6Imh0dHBzOlwvXC93d3cuamRyb2FkdHJpcC50dlwvYmxvZ1wvd3AtY29udGVudFwvdXBsb2Fkc1wvMjAyNFwvMTBcL0NldmVubmVzLU9jY2l0YW5pZS0yMC1zY2FsZWQuanBnIiwic2xpZGVzaG93IjoiODFmOWYzZiJ9\">\n\t\t\t\t\t<div class=\"e-gallery-image elementor-gallery-item__image\" data-thumbnail=\"https:\/\/www.jdroadtrip.tv\/blog\/wp-content\/uploads\/2024\/10\/Cevennes-Occitanie-20-scaled.jpg\" data-width=\"1367\" data-height=\"2048\" aria-label=\"Maison en pierre dans le village de V\u00e9z\u00e9nobres\" role=\"img\" ><\/div>\n\t\t\t\t\t\t\t\t\t\t\t<div class=\"elementor-gallery-item__overlay\"><\/div>\n\t\t\t\t\t\t\t\t\t\t\t\t\t\t<\/a>\n\t\t\t\t\t\t\t<a class=\"e-gallery-item elementor-gallery-item elementor-animated-content\" href=\"https:\/\/www.jdroadtrip.tv\/blog\/wp-content\/uploads\/2024\/10\/Cevennes-Occitanie-22-scaled.jpg\" data-elementor-open-lightbox=\"yes\" data-elementor-lightbox-slideshow=\"81f9f3f\" data-elementor-lightbox-title=\"C\u00e9vennes-Occitanie-22\" data-e-action-hash=\"#elementor-action%3Aaction%3Dlightbox%26settings%3DeyJpZCI6NzE4NTIsInVybCI6Imh0dHBzOlwvXC93d3cuamRyb2FkdHJpcC50dlwvYmxvZ1wvd3AtY29udGVudFwvdXBsb2Fkc1wvMjAyNFwvMTBcL0NldmVubmVzLU9jY2l0YW5pZS0yMi1zY2FsZWQuanBnIiwic2xpZGVzaG93IjoiODFmOWYzZiJ9\">\n\t\t\t\t\t<div class=\"e-gallery-image elementor-gallery-item__image\" data-thumbnail=\"https:\/\/www.jdroadtrip.tv\/blog\/wp-content\/uploads\/2024\/10\/Cevennes-Occitanie-22-scaled.jpg\" data-width=\"1367\" data-height=\"2048\" aria-label=\"Arche dans le village de V\u00e9z\u00e9nobres\" role=\"img\" ><\/div>\n\t\t\t\t\t\t\t\t\t\t\t<div class=\"elementor-gallery-item__overlay\"><\/div>\n\t\t\t\t\t\t\t\t\t\t\t\t\t\t<\/a>\n\t\t\t\t\t\t\t<a class=\"e-gallery-item elementor-gallery-item elementor-animated-content\" href=\"https:\/\/www.jdroadtrip.tv\/blog\/wp-content\/uploads\/2024\/10\/Cevennes-Occitanie-24-scaled.jpg\" data-elementor-open-lightbox=\"yes\" data-elementor-lightbox-slideshow=\"81f9f3f\" data-elementor-lightbox-title=\"C\u00e9vennes-Occitanie-24\" data-e-action-hash=\"#elementor-action%3Aaction%3Dlightbox%26settings%3DeyJpZCI6NzE4NTQsInVybCI6Imh0dHBzOlwvXC93d3cuamRyb2FkdHJpcC50dlwvYmxvZ1wvd3AtY29udGVudFwvdXBsb2Fkc1wvMjAyNFwvMTBcL0NldmVubmVzLU9jY2l0YW5pZS0yNC1zY2FsZWQuanBnIiwic2xpZGVzaG93IjoiODFmOWYzZiJ9\">\n\t\t\t\t\t<div class=\"e-gallery-image elementor-gallery-item__image\" data-thumbnail=\"https:\/\/www.jdroadtrip.tv\/blog\/wp-content\/uploads\/2024\/10\/Cevennes-Occitanie-24-scaled.jpg\" data-width=\"1367\" data-height=\"2048\" aria-label=\"Arche dans le village de V\u00e9z\u00e9nobres\" role=\"img\" ><\/div>\n\t\t\t\t\t\t\t\t\t\t\t<div class=\"elementor-gallery-item__overlay\"><\/div>\n\t\t\t\t\t\t\t\t\t\t\t\t\t\t<\/a>\n\t\t\t\t\t<\/div>\n\t\t\t\t\t<\/div>\n\t\t\t\t<\/div>\n\t\t\t\t<div class=\"elementor-element elementor-element-48cde9d elementor-widget elementor-widget-heading\" data-id=\"48cde9d\" data-element_type=\"widget\" data-widget_type=\"heading.default\">\n\t\t\t\t<div class=\"elementor-widget-container\">\n\t\t\t\t\t<h2 class=\"elementor-heading-title elementor-size-default\">Visiter la Bambouseraie en C\u00e9vennes<\/h2>\t\t\t\t<\/div>\n\t\t\t\t<\/div>\n\t\t\t\t<div class=\"elementor-element elementor-element-c8f0a45 elementor-widget elementor-widget-text-editor\" data-id=\"c8f0a45\" data-element_type=\"widget\" data-widget_type=\"text-editor.default\">\n\t\t\t\t<div class=\"elementor-widget-container\">\n\t\t\t\t\t\t\t\t\t<p style=\"text-align: justify;\"><span style=\"font-size: 14pt;\">Situ\u00e9 pr\u00e8s d&rsquo;Anduze, je vous recommande de faire un arr\u00eat pour visiter la <strong><a href=\"https:\/\/bambouseraie.fr\" target=\"_blank\" rel=\"noopener\">Bambouserie en C\u00e9vennes<\/a><\/strong>, fond\u00e9e en 1856 par Eug\u00e8ne Mazel. Elle est class\u00e9e parmi <strong>les plus beaux jardins de Franc<\/strong>e et l&rsquo;une des plus grandes d&rsquo;Europe. Il s&rsquo;agit d&rsquo;un jardin botanique qui poss\u00e8de plus de 1000 vari\u00e9t\u00e9s de bambous, d&rsquo;arbres remarquables et de plantes exotiques.<\/span><\/p><p style=\"text-align: justify;\"><span style=\"font-size: 14pt;\">Il y a bien s\u00fbr un entretien des lieux, mais le but est de laisser le jardin le plus naturel possible. Ils sont tr\u00e8s <strong>engag\u00e9s dans la r\u00e9duction de leur impact sur l&rsquo;environnement et pour d\u00e9velopper la biodiversit\u00e9<\/strong>, ils construisent des abris naturels. Les seuls bambous qui sont coup\u00e9s sont les bambous morts ou grav\u00e9s par les gens qui se sentent oblig\u00e9s d&rsquo;inscrire leur pr\u00e9nom dessus (d\u00e9bilit\u00e9 profonde bonjour). Ils sont \u00e9galement un site de refuge LPO (Ligue pour la protection des oiseaux). Un site parfait \u00e0 d\u00e9couvrir en famille si vous faites un week-end dans les C\u00e9vennes.<\/span><\/p><p style=\"text-align: justify;\"><span style=\"font-size: 14pt;\">La visite dure en 2\/3 heures et les jardins sont accessibles aux personnes \u00e0 mobilit\u00e9 r\u00e9duite.<\/span><\/p><p style=\"text-align: justify;\"><strong><span style=\"font-size: 18pt;\">Points forts de la visite :<\/span><\/strong><\/p><ul style=\"text-align: justify;\"><li><span style=\"font-size: 14pt;\"><strong>For\u00eat de bambous g\u00e9ants :<\/strong> Travers\u00e9e une impressionnante for\u00eat de bambous g\u00e9ants pouvant atteindre jusqu&rsquo;\u00e0 25 m\u00e8tres de hauteur. , certains atteignant plus de 20 m\u00e8tres de hauteur. <\/span><\/li><li><span style=\"font-size: 14pt;\"><strong>Le village laotien :<\/strong> Cr\u00e9\u00e9 et construit par un membre du personnel d&rsquo;origine laotienne, ce village asiatique authentique vous permet de d\u00e9couvrir l&rsquo;architecture traditionnelle des maisons en bois sur pilotis entour\u00e9es de bambous.<\/span><\/li><li><span style=\"font-size: 14pt;\"><strong>La vall\u00e9e du dragon :<\/strong> Le paysagiste Erik Borja vous fait d\u00e9couvrir ce jardin traditionnel japonais qui est un v\u00e9ritable havre de paix, avec des plans d&rsquo;eau, des ponts en bois et des plantes soigneusement dispos\u00e9es pour \u00e9voquer l&rsquo;harmonie et la s\u00e9r\u00e9nit\u00e9 des jardins asiatiques.<\/span><\/li><li><span style=\"font-size: 14pt;\"><strong>La balade a\u00e9rienne :<\/strong> Un espace tr\u00e8s fun au c\u0153ur de la bambouseraie, un parcours en filets qui vous permet une immersion totale en prenant de la hauteur (8 m\u00e8tres) et avoir un joli panoramique sur la v\u00e9g\u00e9tation.<\/span><\/li><\/ul>\t\t\t\t\t\t\t\t<\/div>\n\t\t\t\t<\/div>\n\t\t\t\t<div class=\"elementor-element elementor-element-3cdbc5d elementor-widget elementor-widget-image\" data-id=\"3cdbc5d\" data-element_type=\"widget\" data-widget_type=\"image.default\">\n\t\t\t\t<div class=\"elementor-widget-container\">\n\t\t\t\t\t\t\t\t\t\t\t\t\t\t\t<img decoding=\"async\" width=\"2000\" height=\"1335\" src=\"https:\/\/www.jdroadtrip.tv\/blog\/wp-content\/uploads\/2024\/10\/Cevennes-Occitanie-49.jpg\" class=\"attachment-full size-full wp-image-71887\" alt=\"\" srcset=\"https:\/\/www.jdroadtrip.tv\/blog\/wp-content\/uploads\/2024\/10\/Cevennes-Occitanie-49.jpg 2000w, https:\/\/www.jdroadtrip.tv\/blog\/wp-content\/uploads\/2024\/10\/Cevennes-Occitanie-49-300x200.jpg 300w, https:\/\/www.jdroadtrip.tv\/blog\/wp-content\/uploads\/2024\/10\/Cevennes-Occitanie-49-800x534.jpg 800w, https:\/\/www.jdroadtrip.tv\/blog\/wp-content\/uploads\/2024\/10\/Cevennes-Occitanie-49-250x167.jpg 250w, https:\/\/www.jdroadtrip.tv\/blog\/wp-content\/uploads\/2024\/10\/Cevennes-Occitanie-49-768x513.jpg 768w, https:\/\/www.jdroadtrip.tv\/blog\/wp-content\/uploads\/2024\/10\/Cevennes-Occitanie-49-1536x1025.jpg 1536w\" sizes=\"(max-width: 2000px) 100vw, 2000px\" \/>\t\t\t\t\t\t\t\t\t\t\t\t\t\t\t<\/div>\n\t\t\t\t<\/div>\n\t\t\t\t<div class=\"elementor-element elementor-element-54af666 elementor-widget elementor-widget-gallery\" data-id=\"54af666\" data-element_type=\"widget\" data-settings=\"{&quot;gallery_layout&quot;:&quot;masonry&quot;,&quot;columns&quot;:3,&quot;columns_tablet&quot;:3,&quot;columns_mobile&quot;:3,&quot;lazyload&quot;:&quot;yes&quot;,&quot;gap&quot;:{&quot;unit&quot;:&quot;px&quot;,&quot;size&quot;:10,&quot;sizes&quot;:[]},&quot;gap_tablet&quot;:{&quot;unit&quot;:&quot;px&quot;,&quot;size&quot;:10,&quot;sizes&quot;:[]},&quot;gap_mobile&quot;:{&quot;unit&quot;:&quot;px&quot;,&quot;size&quot;:10,&quot;sizes&quot;:[]},&quot;link_to&quot;:&quot;file&quot;,&quot;overlay_background&quot;:&quot;yes&quot;,&quot;content_hover_animation&quot;:&quot;fade-in&quot;}\" data-widget_type=\"gallery.default\">\n\t\t\t\t<div class=\"elementor-widget-container\">\n\t\t\t\t\t\t\t<div class=\"elementor-gallery__container\">\n\t\t\t\t\t\t\t<a class=\"e-gallery-item elementor-gallery-item elementor-animated-content\" href=\"https:\/\/www.jdroadtrip.tv\/blog\/wp-content\/uploads\/2024\/10\/Cevennes-Occitanie-33.jpg\" data-elementor-open-lightbox=\"yes\" data-elementor-lightbox-slideshow=\"54af666\" data-elementor-lightbox-title=\"C\u00e9vennes-Occitanie-33\" data-e-action-hash=\"#elementor-action%3Aaction%3Dlightbox%26settings%3DeyJpZCI6NzE4NjksInVybCI6Imh0dHBzOlwvXC93d3cuamRyb2FkdHJpcC50dlwvYmxvZ1wvd3AtY29udGVudFwvdXBsb2Fkc1wvMjAyNFwvMTBcL0NldmVubmVzLU9jY2l0YW5pZS0zMy5qcGciLCJzbGlkZXNob3ciOiI1NGFmNjY2In0%3D\">\n\t\t\t\t\t<div class=\"e-gallery-image elementor-gallery-item__image\" data-thumbnail=\"https:\/\/www.jdroadtrip.tv\/blog\/wp-content\/uploads\/2024\/10\/Cevennes-Occitanie-33.jpg\" data-width=\"2000\" data-height=\"1335\" aria-label=\"Bambous vert\" role=\"img\" ><\/div>\n\t\t\t\t\t\t\t\t\t\t\t<div class=\"elementor-gallery-item__overlay\"><\/div>\n\t\t\t\t\t\t\t\t\t\t\t\t\t\t<\/a>\n\t\t\t\t\t\t\t<a class=\"e-gallery-item elementor-gallery-item elementor-animated-content\" href=\"https:\/\/www.jdroadtrip.tv\/blog\/wp-content\/uploads\/2024\/10\/Cevennes-Occitanie-34.jpg\" data-elementor-open-lightbox=\"yes\" data-elementor-lightbox-slideshow=\"54af666\" data-elementor-lightbox-title=\"C\u00e9vennes-Occitanie-34\" data-e-action-hash=\"#elementor-action%3Aaction%3Dlightbox%26settings%3DeyJpZCI6NzE4NzAsInVybCI6Imh0dHBzOlwvXC93d3cuamRyb2FkdHJpcC50dlwvYmxvZ1wvd3AtY29udGVudFwvdXBsb2Fkc1wvMjAyNFwvMTBcL0NldmVubmVzLU9jY2l0YW5pZS0zNC5qcGciLCJzbGlkZXNob3ciOiI1NGFmNjY2In0%3D\">\n\t\t\t\t\t<div class=\"e-gallery-image elementor-gallery-item__image\" data-thumbnail=\"https:\/\/www.jdroadtrip.tv\/blog\/wp-content\/uploads\/2024\/10\/Cevennes-Occitanie-34.jpg\" data-width=\"2000\" data-height=\"1335\" aria-label=\"Bambous jaune\" role=\"img\" ><\/div>\n\t\t\t\t\t\t\t\t\t\t\t<div class=\"elementor-gallery-item__overlay\"><\/div>\n\t\t\t\t\t\t\t\t\t\t\t\t\t\t<\/a>\n\t\t\t\t\t\t\t<a class=\"e-gallery-item elementor-gallery-item elementor-animated-content\" href=\"https:\/\/www.jdroadtrip.tv\/blog\/wp-content\/uploads\/2024\/10\/Cevennes-Occitanie-39.jpg\" data-elementor-open-lightbox=\"yes\" data-elementor-lightbox-slideshow=\"54af666\" data-elementor-lightbox-title=\"C\u00e9vennes-Occitanie-39\" data-e-action-hash=\"#elementor-action%3Aaction%3Dlightbox%26settings%3DeyJpZCI6NzE4NzUsInVybCI6Imh0dHBzOlwvXC93d3cuamRyb2FkdHJpcC50dlwvYmxvZ1wvd3AtY29udGVudFwvdXBsb2Fkc1wvMjAyNFwvMTBcL0NldmVubmVzLU9jY2l0YW5pZS0zOS5qcGciLCJzbGlkZXNob3ciOiI1NGFmNjY2In0%3D\">\n\t\t\t\t\t<div class=\"e-gallery-image elementor-gallery-item__image\" data-thumbnail=\"https:\/\/www.jdroadtrip.tv\/blog\/wp-content\/uploads\/2024\/10\/Cevennes-Occitanie-39.jpg\" data-width=\"2000\" data-height=\"1335\" aria-label=\"Maisons typique laotienne dans la bambouseraie en C\u00e9vennes\" role=\"img\" ><\/div>\n\t\t\t\t\t\t\t\t\t\t\t<div class=\"elementor-gallery-item__overlay\"><\/div>\n\t\t\t\t\t\t\t\t\t\t\t\t\t\t<\/a>\n\t\t\t\t\t\t\t<a class=\"e-gallery-item elementor-gallery-item elementor-animated-content\" href=\"https:\/\/www.jdroadtrip.tv\/blog\/wp-content\/uploads\/2024\/10\/Cevennes-Occitanie-43.jpg\" data-elementor-open-lightbox=\"yes\" data-elementor-lightbox-slideshow=\"54af666\" data-elementor-lightbox-title=\"C\u00e9vennes-Occitanie-43\" data-e-action-hash=\"#elementor-action%3Aaction%3Dlightbox%26settings%3DeyJpZCI6NzE4NzksInVybCI6Imh0dHBzOlwvXC93d3cuamRyb2FkdHJpcC50dlwvYmxvZ1wvd3AtY29udGVudFwvdXBsb2Fkc1wvMjAyNFwvMTBcL0NldmVubmVzLU9jY2l0YW5pZS00My5qcGciLCJzbGlkZXNob3ciOiI1NGFmNjY2In0%3D\">\n\t\t\t\t\t<div class=\"e-gallery-image elementor-gallery-item__image\" data-thumbnail=\"https:\/\/www.jdroadtrip.tv\/blog\/wp-content\/uploads\/2024\/10\/Cevennes-Occitanie-43.jpg\" data-width=\"2000\" data-height=\"1335\" aria-label=\"All\u00e9e d&#039;arbres dans la bambouseraie en C\u00e9vennes\" role=\"img\" ><\/div>\n\t\t\t\t\t\t\t\t\t\t\t<div class=\"elementor-gallery-item__overlay\"><\/div>\n\t\t\t\t\t\t\t\t\t\t\t\t\t\t<\/a>\n\t\t\t\t\t\t\t<a class=\"e-gallery-item elementor-gallery-item elementor-animated-content\" href=\"https:\/\/www.jdroadtrip.tv\/blog\/wp-content\/uploads\/2024\/10\/Cevennes-Occitanie-45.jpg\" data-elementor-open-lightbox=\"yes\" data-elementor-lightbox-slideshow=\"54af666\" data-elementor-lightbox-title=\"C\u00e9vennes-Occitanie-45\" data-e-action-hash=\"#elementor-action%3Aaction%3Dlightbox%26settings%3DeyJpZCI6NzE4ODEsInVybCI6Imh0dHBzOlwvXC93d3cuamRyb2FkdHJpcC50dlwvYmxvZ1wvd3AtY29udGVudFwvdXBsb2Fkc1wvMjAyNFwvMTBcL0NldmVubmVzLU9jY2l0YW5pZS00NS5qcGciLCJzbGlkZXNob3ciOiI1NGFmNjY2In0%3D\">\n\t\t\t\t\t<div class=\"e-gallery-image elementor-gallery-item__image\" data-thumbnail=\"https:\/\/www.jdroadtrip.tv\/blog\/wp-content\/uploads\/2024\/10\/Cevennes-Occitanie-45.jpg\" data-width=\"2000\" data-height=\"1335\" aria-label=\"Arbres japonais dans la bambouseraie en C\u00e9vennes\" role=\"img\" ><\/div>\n\t\t\t\t\t\t\t\t\t\t\t<div class=\"elementor-gallery-item__overlay\"><\/div>\n\t\t\t\t\t\t\t\t\t\t\t\t\t\t<\/a>\n\t\t\t\t\t\t\t<a class=\"e-gallery-item elementor-gallery-item elementor-animated-content\" href=\"https:\/\/www.jdroadtrip.tv\/blog\/wp-content\/uploads\/2024\/10\/Cevennes-Occitanie-47.jpg\" data-elementor-open-lightbox=\"yes\" data-elementor-lightbox-slideshow=\"54af666\" data-elementor-lightbox-title=\"C\u00e9vennes-Occitanie-47\" data-e-action-hash=\"#elementor-action%3Aaction%3Dlightbox%26settings%3DeyJpZCI6NzE4ODMsInVybCI6Imh0dHBzOlwvXC93d3cuamRyb2FkdHJpcC50dlwvYmxvZ1wvd3AtY29udGVudFwvdXBsb2Fkc1wvMjAyNFwvMTBcL0NldmVubmVzLU9jY2l0YW5pZS00Ny5qcGciLCJzbGlkZXNob3ciOiI1NGFmNjY2In0%3D\">\n\t\t\t\t\t<div class=\"e-gallery-image elementor-gallery-item__image\" data-thumbnail=\"https:\/\/www.jdroadtrip.tv\/blog\/wp-content\/uploads\/2024\/10\/Cevennes-Occitanie-47.jpg\" data-width=\"2000\" data-height=\"1335\" aria-label=\"Maison japonaise dans la bambouseraie en C\u00e9vennes\" role=\"img\" ><\/div>\n\t\t\t\t\t\t\t\t\t\t\t<div class=\"elementor-gallery-item__overlay\"><\/div>\n\t\t\t\t\t\t\t\t\t\t\t\t\t\t<\/a>\n\t\t\t\t\t\t\t<a class=\"e-gallery-item elementor-gallery-item elementor-animated-content\" href=\"https:\/\/www.jdroadtrip.tv\/blog\/wp-content\/uploads\/2024\/10\/Cevennes-Occitanie-48-scaled.jpg\" data-elementor-open-lightbox=\"yes\" data-elementor-lightbox-slideshow=\"54af666\" data-elementor-lightbox-title=\"C\u00e9vennes-Occitanie-48\" data-e-action-hash=\"#elementor-action%3Aaction%3Dlightbox%26settings%3DeyJpZCI6NzE4ODQsInVybCI6Imh0dHBzOlwvXC93d3cuamRyb2FkdHJpcC50dlwvYmxvZ1wvd3AtY29udGVudFwvdXBsb2Fkc1wvMjAyNFwvMTBcL0NldmVubmVzLU9jY2l0YW5pZS00OC1zY2FsZWQuanBnIiwic2xpZGVzaG93IjoiNTRhZjY2NiJ9\">\n\t\t\t\t\t<div class=\"e-gallery-image elementor-gallery-item__image\" data-thumbnail=\"https:\/\/www.jdroadtrip.tv\/blog\/wp-content\/uploads\/2024\/10\/Cevennes-Occitanie-48-scaled.jpg\" data-width=\"1367\" data-height=\"2048\" aria-label=\"Couleurs automne dans la bambouseraie en C\u00e9vennes\" role=\"img\" ><\/div>\n\t\t\t\t\t\t\t\t\t\t\t<div class=\"elementor-gallery-item__overlay\"><\/div>\n\t\t\t\t\t\t\t\t\t\t\t\t\t\t<\/a>\n\t\t\t\t\t\t\t<a class=\"e-gallery-item elementor-gallery-item elementor-animated-content\" href=\"https:\/\/www.jdroadtrip.tv\/blog\/wp-content\/uploads\/2024\/10\/Cevennes-Occitanie-37-scaled.jpg\" data-elementor-open-lightbox=\"yes\" data-elementor-lightbox-slideshow=\"54af666\" data-elementor-lightbox-title=\"C\u00e9vennes-Occitanie-37\" data-e-action-hash=\"#elementor-action%3Aaction%3Dlightbox%26settings%3DeyJpZCI6NzE4NzMsInVybCI6Imh0dHBzOlwvXC93d3cuamRyb2FkdHJpcC50dlwvYmxvZ1wvd3AtY29udGVudFwvdXBsb2Fkc1wvMjAyNFwvMTBcL0NldmVubmVzLU9jY2l0YW5pZS0zNy1zY2FsZWQuanBnIiwic2xpZGVzaG93IjoiNTRhZjY2NiJ9\">\n\t\t\t\t\t<div class=\"e-gallery-image elementor-gallery-item__image\" data-thumbnail=\"https:\/\/www.jdroadtrip.tv\/blog\/wp-content\/uploads\/2024\/10\/Cevennes-Occitanie-37-scaled.jpg\" data-width=\"1367\" data-height=\"2048\" aria-label=\"C\u00e8dre dans la bambouseraie en C\u00e9vennes\" role=\"img\" ><\/div>\n\t\t\t\t\t\t\t\t\t\t\t<div class=\"elementor-gallery-item__overlay\"><\/div>\n\t\t\t\t\t\t\t\t\t\t\t\t\t\t<\/a>\n\t\t\t\t\t\t\t<a class=\"e-gallery-item elementor-gallery-item elementor-animated-content\" href=\"https:\/\/www.jdroadtrip.tv\/blog\/wp-content\/uploads\/2024\/10\/Cevennes-Occitanie-38-scaled.jpg\" data-elementor-open-lightbox=\"yes\" data-elementor-lightbox-slideshow=\"54af666\" data-elementor-lightbox-title=\"C\u00e9vennes-Occitanie-38\" data-e-action-hash=\"#elementor-action%3Aaction%3Dlightbox%26settings%3DeyJpZCI6NzE4NzQsInVybCI6Imh0dHBzOlwvXC93d3cuamRyb2FkdHJpcC50dlwvYmxvZ1wvd3AtY29udGVudFwvdXBsb2Fkc1wvMjAyNFwvMTBcL0NldmVubmVzLU9jY2l0YW5pZS0zOC1zY2FsZWQuanBnIiwic2xpZGVzaG93IjoiNTRhZjY2NiJ9\">\n\t\t\t\t\t<div class=\"e-gallery-image elementor-gallery-item__image\" data-thumbnail=\"https:\/\/www.jdroadtrip.tv\/blog\/wp-content\/uploads\/2024\/10\/Cevennes-Occitanie-38-scaled.jpg\" data-width=\"1367\" data-height=\"2048\" aria-label=\"Construction naturelle dans la bambouseraie en C\u00e9vennes\" role=\"img\" ><\/div>\n\t\t\t\t\t\t\t\t\t\t\t<div class=\"elementor-gallery-item__overlay\"><\/div>\n\t\t\t\t\t\t\t\t\t\t\t\t\t\t<\/a>\n\t\t\t\t\t\t\t<a class=\"e-gallery-item elementor-gallery-item elementor-animated-content\" href=\"https:\/\/www.jdroadtrip.tv\/blog\/wp-content\/uploads\/2024\/10\/Cevennes-Occitanie-40-scaled.jpg\" data-elementor-open-lightbox=\"yes\" data-elementor-lightbox-slideshow=\"54af666\" data-elementor-lightbox-title=\"C\u00e9vennes-Occitanie-40\" data-e-action-hash=\"#elementor-action%3Aaction%3Dlightbox%26settings%3DeyJpZCI6NzE4NzYsInVybCI6Imh0dHBzOlwvXC93d3cuamRyb2FkdHJpcC50dlwvYmxvZ1wvd3AtY29udGVudFwvdXBsb2Fkc1wvMjAyNFwvMTBcL0NldmVubmVzLU9jY2l0YW5pZS00MC1zY2FsZWQuanBnIiwic2xpZGVzaG93IjoiNTRhZjY2NiJ9\">\n\t\t\t\t\t<div class=\"e-gallery-image elementor-gallery-item__image\" data-thumbnail=\"https:\/\/www.jdroadtrip.tv\/blog\/wp-content\/uploads\/2024\/10\/Cevennes-Occitanie-40-scaled.jpg\" data-width=\"1367\" data-height=\"2048\" aria-label=\"Fleur exotique dans la bambouseraie en C\u00e9vennes\" role=\"img\" ><\/div>\n\t\t\t\t\t\t\t\t\t\t\t<div class=\"elementor-gallery-item__overlay\"><\/div>\n\t\t\t\t\t\t\t\t\t\t\t\t\t\t<\/a>\n\t\t\t\t\t\t\t<a class=\"e-gallery-item elementor-gallery-item elementor-animated-content\" href=\"https:\/\/www.jdroadtrip.tv\/blog\/wp-content\/uploads\/2024\/10\/Cevennes-Occitanie-42-scaled.jpg\" data-elementor-open-lightbox=\"yes\" data-elementor-lightbox-slideshow=\"54af666\" data-elementor-lightbox-title=\"C\u00e9vennes-Occitanie-42\" data-e-action-hash=\"#elementor-action%3Aaction%3Dlightbox%26settings%3DeyJpZCI6NzE4NzgsInVybCI6Imh0dHBzOlwvXC93d3cuamRyb2FkdHJpcC50dlwvYmxvZ1wvd3AtY29udGVudFwvdXBsb2Fkc1wvMjAyNFwvMTBcL0NldmVubmVzLU9jY2l0YW5pZS00Mi1zY2FsZWQuanBnIiwic2xpZGVzaG93IjoiNTRhZjY2NiJ9\">\n\t\t\t\t\t<div class=\"e-gallery-image elementor-gallery-item__image\" data-thumbnail=\"https:\/\/www.jdroadtrip.tv\/blog\/wp-content\/uploads\/2024\/10\/Cevennes-Occitanie-42-scaled.jpg\" data-width=\"1367\" data-height=\"2048\" aria-label=\"Arbres dans la bambouseraie en C\u00e9vennes\" role=\"img\" ><\/div>\n\t\t\t\t\t\t\t\t\t\t\t<div class=\"elementor-gallery-item__overlay\"><\/div>\n\t\t\t\t\t\t\t\t\t\t\t\t\t\t<\/a>\n\t\t\t\t\t\t\t<a class=\"e-gallery-item elementor-gallery-item elementor-animated-content\" href=\"https:\/\/www.jdroadtrip.tv\/blog\/wp-content\/uploads\/2024\/10\/Cevennes-Occitanie-44-scaled.jpg\" data-elementor-open-lightbox=\"yes\" data-elementor-lightbox-slideshow=\"54af666\" data-elementor-lightbox-title=\"C\u00e9vennes-Occitanie-44\" data-e-action-hash=\"#elementor-action%3Aaction%3Dlightbox%26settings%3DeyJpZCI6NzE4ODAsInVybCI6Imh0dHBzOlwvXC93d3cuamRyb2FkdHJpcC50dlwvYmxvZ1wvd3AtY29udGVudFwvdXBsb2Fkc1wvMjAyNFwvMTBcL0NldmVubmVzLU9jY2l0YW5pZS00NC1zY2FsZWQuanBnIiwic2xpZGVzaG93IjoiNTRhZjY2NiJ9\">\n\t\t\t\t\t<div class=\"e-gallery-image elementor-gallery-item__image\" data-thumbnail=\"https:\/\/www.jdroadtrip.tv\/blog\/wp-content\/uploads\/2024\/10\/Cevennes-Occitanie-44-scaled.jpg\" data-width=\"1367\" data-height=\"2048\" aria-label=\"All\u00e9e d&#039;arbres dans la bambouseraie en C\u00e9vennes\" role=\"img\" ><\/div>\n\t\t\t\t\t\t\t\t\t\t\t<div class=\"elementor-gallery-item__overlay\"><\/div>\n\t\t\t\t\t\t\t\t\t\t\t\t\t\t<\/a>\n\t\t\t\t\t<\/div>\n\t\t\t\t\t<\/div>\n\t\t\t\t<\/div>\n\t\t\t\t\t<\/div>\n\t\t<\/div>\n\t\t\t\t\t<\/div>\n\t\t<\/section>\n\t\t\t\t<section class=\"elementor-section elementor-top-section elementor-element elementor-element-77ba7f5 elementor-section-boxed elementor-section-height-default elementor-section-height-default\" data-id=\"77ba7f5\" data-element_type=\"section\">\n\t\t\t\t\t\t<div class=\"elementor-container elementor-column-gap-default\">\n\t\t\t\t\t<div class=\"elementor-column elementor-col-100 elementor-top-column elementor-element elementor-element-154adf6\" data-id=\"154adf6\" data-element_type=\"column\">\n\t\t\t<div class=\"elementor-widget-wrap elementor-element-populated\">\n\t\t\t\t\t\t<div class=\"elementor-element elementor-element-6d2f1d5 elementor-widget elementor-widget-heading\" data-id=\"6d2f1d5\" data-element_type=\"widget\" data-widget_type=\"heading.default\">\n\t\t\t\t<div class=\"elementor-widget-container\">\n\t\t\t\t\t<h2 class=\"elementor-heading-title elementor-size-default\">Balade avec un \u00e2ne dans les C\u00e9vennes<\/h2>\t\t\t\t<\/div>\n\t\t\t\t<\/div>\n\t\t\t\t<div class=\"elementor-element elementor-element-2763937 elementor-widget elementor-widget-text-editor\" data-id=\"2763937\" data-element_type=\"widget\" data-widget_type=\"text-editor.default\">\n\t\t\t\t<div class=\"elementor-widget-container\">\n\t\t\t\t\t\t\t\t\t<p style=\"text-align: justify;\"><span style=\"font-size: 14pt;\">C&rsquo;est tr\u00e8s commun de <strong>faire une balade avec \u00e2ne dans les C\u00e9vennes<\/strong> de quelques heures, d&rsquo;une journ\u00e9e ou sur plusieurs jours comme on peut le voir sur le <strong><a href=\"https:\/\/www.jdroadtrip.tv\/blog\/conseils-preparer-chemin-de-stevenson-etapes-gr70\/\" target=\"_blank\" rel=\"noopener\">Chemin de Stevenson<\/a><\/strong>. Si comme moi, vous venez faire un week-end dans les C\u00e9vennes et que vous recherchez une activit\u00e9 sympa \u00e0 faire avec les enfants, une randonn\u00e9e avec un \u00e2ne est super chouette \u00e0 faire.<\/span><\/p><p style=\"text-align: justify;\"><span style=\"font-size: 14pt;\">C&rsquo;est avec Pistou de <strong><a href=\"https:\/\/www.cevennes-tourisme.fr\/je-prepare\/a-voir-a-faire\/naturanes-location-danes-mialet-fr-3858479\/\" target=\"_blank\" rel=\"noopener\">Natur-\u00c2ne<\/a><\/strong> que nous partons pour une balade de 2 heures, au total 5 kilom\u00e8tres, mais aucune difficult\u00e9. Un chouette itin\u00e9raire en passant par le petit village, le long de la rivi\u00e8re du gardon \u00e0 Mialet et en finissant dans les sous-bois pour rejoindre le Mas Soubeyran. Je ne sais pas qui \u00e0 prit le plus de plaisir, lui ou nous, car on le sait les \u00e2nes sont tr\u00e8s t\u00eatu et peuvent s&rsquo;arr\u00eater tout le long pour manger. Il n&rsquo;a pas eu besoin de chercher \u00e0 manger, nous lui avons donn\u00e9 des ch\u00e2taignes, des glands, des feuilles de bambous&#8230;. et l&rsquo;avons l\u00e2cher pour qu&rsquo;il avance \u00e0 son rythme ! Super mignon et tr\u00e8s gentil ce Pistou !<\/span><\/p>\t\t\t\t\t\t\t\t<\/div>\n\t\t\t\t<\/div>\n\t\t\t\t<div class=\"elementor-element elementor-element-79684fd elementor-widget elementor-widget-image\" data-id=\"79684fd\" data-element_type=\"widget\" data-widget_type=\"image.default\">\n\t\t\t\t<div class=\"elementor-widget-container\">\n\t\t\t\t\t\t\t\t\t\t\t\t\t\t\t<img loading=\"lazy\" decoding=\"async\" width=\"1365\" height=\"798\" src=\"https:\/\/www.jdroadtrip.tv\/blog\/wp-content\/uploads\/2024\/10\/Cevennes-Occitanie-88-scaled-e1729155596378.jpg\" class=\"attachment-full size-full wp-image-71891\" alt=\"Week-end dans les C\u00e9vennes, balade avec un \u00e2ne le long du Gardon\" srcset=\"https:\/\/www.jdroadtrip.tv\/blog\/wp-content\/uploads\/2024\/10\/Cevennes-Occitanie-88-scaled-e1729155596378.jpg 1365w, https:\/\/www.jdroadtrip.tv\/blog\/wp-content\/uploads\/2024\/10\/Cevennes-Occitanie-88-scaled-e1729155596378-300x175.jpg 300w, https:\/\/www.jdroadtrip.tv\/blog\/wp-content\/uploads\/2024\/10\/Cevennes-Occitanie-88-scaled-e1729155596378-800x468.jpg 800w, https:\/\/www.jdroadtrip.tv\/blog\/wp-content\/uploads\/2024\/10\/Cevennes-Occitanie-88-scaled-e1729155596378-250x146.jpg 250w, https:\/\/www.jdroadtrip.tv\/blog\/wp-content\/uploads\/2024\/10\/Cevennes-Occitanie-88-scaled-e1729155596378-768x449.jpg 768w\" sizes=\"(max-width: 1365px) 100vw, 1365px\" \/>\t\t\t\t\t\t\t\t\t\t\t\t\t\t\t<\/div>\n\t\t\t\t<\/div>\n\t\t\t\t<div class=\"elementor-element elementor-element-28f17c7 elementor-widget__width-initial elementor-widget elementor-widget-gallery\" data-id=\"28f17c7\" data-element_type=\"widget\" data-settings=\"{&quot;gallery_layout&quot;:&quot;masonry&quot;,&quot;columns&quot;:3,&quot;columns_tablet&quot;:3,&quot;columns_mobile&quot;:3,&quot;lazyload&quot;:&quot;yes&quot;,&quot;gap&quot;:{&quot;unit&quot;:&quot;px&quot;,&quot;size&quot;:10,&quot;sizes&quot;:[]},&quot;gap_tablet&quot;:{&quot;unit&quot;:&quot;px&quot;,&quot;size&quot;:10,&quot;sizes&quot;:[]},&quot;gap_mobile&quot;:{&quot;unit&quot;:&quot;px&quot;,&quot;size&quot;:10,&quot;sizes&quot;:[]},&quot;link_to&quot;:&quot;file&quot;,&quot;overlay_background&quot;:&quot;yes&quot;,&quot;content_hover_animation&quot;:&quot;fade-in&quot;}\" data-widget_type=\"gallery.default\">\n\t\t\t\t<div class=\"elementor-widget-container\">\n\t\t\t\t\t\t\t<div class=\"elementor-gallery__container\">\n\t\t\t\t\t\t\t<a class=\"e-gallery-item elementor-gallery-item elementor-animated-content\" href=\"https:\/\/www.jdroadtrip.tv\/blog\/wp-content\/uploads\/2024\/10\/Cevennes-Occitanie-64.jpg\" data-elementor-open-lightbox=\"yes\" data-elementor-lightbox-slideshow=\"28f17c7\" data-elementor-lightbox-title=\"C\u00e9vennes-Occitanie-64\" data-e-action-hash=\"#elementor-action%3Aaction%3Dlightbox%26settings%3DeyJpZCI6NzE4OTIsInVybCI6Imh0dHBzOlwvXC93d3cuamRyb2FkdHJpcC50dlwvYmxvZ1wvd3AtY29udGVudFwvdXBsb2Fkc1wvMjAyNFwvMTBcL0NldmVubmVzLU9jY2l0YW5pZS02NC5qcGciLCJzbGlkZXNob3ciOiIyOGYxN2M3In0%3D\">\n\t\t\t\t\t<div class=\"e-gallery-image elementor-gallery-item__image\" data-thumbnail=\"https:\/\/www.jdroadtrip.tv\/blog\/wp-content\/uploads\/2024\/10\/Cevennes-Occitanie-64.jpg\" data-width=\"2000\" data-height=\"1335\" aria-label=\"carte avec itin\u00e9raire balade avec \u00e2ne\" role=\"img\" ><\/div>\n\t\t\t\t\t\t\t\t\t\t\t<div class=\"elementor-gallery-item__overlay\"><\/div>\n\t\t\t\t\t\t\t\t\t\t\t\t\t\t<\/a>\n\t\t\t\t\t\t\t<a class=\"e-gallery-item elementor-gallery-item elementor-animated-content\" href=\"https:\/\/www.jdroadtrip.tv\/blog\/wp-content\/uploads\/2024\/10\/Cevennes-Occitanie-99.jpg\" data-elementor-open-lightbox=\"yes\" data-elementor-lightbox-slideshow=\"28f17c7\" data-elementor-lightbox-title=\"C\u00e9vennes-Occitanie-99\" data-e-action-hash=\"#elementor-action%3Aaction%3Dlightbox%26settings%3DeyJpZCI6NzE5MDEsInVybCI6Imh0dHBzOlwvXC93d3cuamRyb2FkdHJpcC50dlwvYmxvZ1wvd3AtY29udGVudFwvdXBsb2Fkc1wvMjAyNFwvMTBcL0NldmVubmVzLU9jY2l0YW5pZS05OS5qcGciLCJzbGlkZXNob3ciOiIyOGYxN2M3In0%3D\">\n\t\t\t\t\t<div class=\"e-gallery-image elementor-gallery-item__image\" data-thumbnail=\"https:\/\/www.jdroadtrip.tv\/blog\/wp-content\/uploads\/2024\/10\/Cevennes-Occitanie-99.jpg\" data-width=\"2000\" data-height=\"1335\" aria-label=\"Pistou et ses potes\" role=\"img\" ><\/div>\n\t\t\t\t\t\t\t\t\t\t\t<div class=\"elementor-gallery-item__overlay\"><\/div>\n\t\t\t\t\t\t\t\t\t\t\t\t\t\t<\/a>\n\t\t\t\t\t\t\t<a class=\"e-gallery-item elementor-gallery-item elementor-animated-content\" href=\"https:\/\/www.jdroadtrip.tv\/blog\/wp-content\/uploads\/2024\/10\/Cevennes-Occitanie-77.jpg\" data-elementor-open-lightbox=\"yes\" data-elementor-lightbox-slideshow=\"28f17c7\" data-elementor-lightbox-title=\"C\u00e9vennes-Occitanie-77\" data-e-action-hash=\"#elementor-action%3Aaction%3Dlightbox%26settings%3DeyJpZCI6NzE4OTYsInVybCI6Imh0dHBzOlwvXC93d3cuamRyb2FkdHJpcC50dlwvYmxvZ1wvd3AtY29udGVudFwvdXBsb2Fkc1wvMjAyNFwvMTBcL0NldmVubmVzLU9jY2l0YW5pZS03Ny5qcGciLCJzbGlkZXNob3ciOiIyOGYxN2M3In0%3D\">\n\t\t\t\t\t<div class=\"e-gallery-image elementor-gallery-item__image\" data-thumbnail=\"https:\/\/www.jdroadtrip.tv\/blog\/wp-content\/uploads\/2024\/10\/Cevennes-Occitanie-77.jpg\" data-width=\"2000\" data-height=\"1335\" aria-label=\"Paysage le long du gardon\" role=\"img\" ><\/div>\n\t\t\t\t\t\t\t\t\t\t\t<div class=\"elementor-gallery-item__overlay\"><\/div>\n\t\t\t\t\t\t\t\t\t\t\t\t\t\t<\/a>\n\t\t\t\t\t\t\t<a class=\"e-gallery-item elementor-gallery-item elementor-animated-content\" href=\"https:\/\/www.jdroadtrip.tv\/blog\/wp-content\/uploads\/2024\/10\/Cevennes-Occitanie-74-scaled.jpg\" data-elementor-open-lightbox=\"yes\" data-elementor-lightbox-slideshow=\"28f17c7\" data-elementor-lightbox-title=\"C\u00e9vennes-Occitanie-74\" data-e-action-hash=\"#elementor-action%3Aaction%3Dlightbox%26settings%3DeyJpZCI6NzE4OTMsInVybCI6Imh0dHBzOlwvXC93d3cuamRyb2FkdHJpcC50dlwvYmxvZ1wvd3AtY29udGVudFwvdXBsb2Fkc1wvMjAyNFwvMTBcL0NldmVubmVzLU9jY2l0YW5pZS03NC1zY2FsZWQuanBnIiwic2xpZGVzaG93IjoiMjhmMTdjNyJ9\">\n\t\t\t\t\t<div class=\"e-gallery-image elementor-gallery-item__image\" data-thumbnail=\"https:\/\/www.jdroadtrip.tv\/blog\/wp-content\/uploads\/2024\/10\/Cevennes-Occitanie-74-scaled.jpg\" data-width=\"1367\" data-height=\"2048\" aria-label=\"Paysage automnale le long du gardon\" role=\"img\" ><\/div>\n\t\t\t\t\t\t\t\t\t\t\t<div class=\"elementor-gallery-item__overlay\"><\/div>\n\t\t\t\t\t\t\t\t\t\t\t\t\t\t<\/a>\n\t\t\t\t\t\t\t<a class=\"e-gallery-item elementor-gallery-item elementor-animated-content\" href=\"https:\/\/www.jdroadtrip.tv\/blog\/wp-content\/uploads\/2024\/10\/Cevennes-Occitanie-76-scaled.jpg\" data-elementor-open-lightbox=\"yes\" data-elementor-lightbox-slideshow=\"28f17c7\" data-elementor-lightbox-title=\"C\u00e9vennes-Occitanie-76\" data-e-action-hash=\"#elementor-action%3Aaction%3Dlightbox%26settings%3DeyJpZCI6NzE4OTUsInVybCI6Imh0dHBzOlwvXC93d3cuamRyb2FkdHJpcC50dlwvYmxvZ1wvd3AtY29udGVudFwvdXBsb2Fkc1wvMjAyNFwvMTBcL0NldmVubmVzLU9jY2l0YW5pZS03Ni1zY2FsZWQuanBnIiwic2xpZGVzaG93IjoiMjhmMTdjNyJ9\">\n\t\t\t\t\t<div class=\"e-gallery-image elementor-gallery-item__image\" data-thumbnail=\"https:\/\/www.jdroadtrip.tv\/blog\/wp-content\/uploads\/2024\/10\/Cevennes-Occitanie-76-scaled.jpg\" data-width=\"1367\" data-height=\"2048\" aria-label=\"Balade avec Pistou de Natur&#039;\u00e2ne\" role=\"img\" ><\/div>\n\t\t\t\t\t\t\t\t\t\t\t<div class=\"elementor-gallery-item__overlay\"><\/div>\n\t\t\t\t\t\t\t\t\t\t\t\t\t\t<\/a>\n\t\t\t\t\t\t\t<a class=\"e-gallery-item elementor-gallery-item elementor-animated-content\" href=\"https:\/\/www.jdroadtrip.tv\/blog\/wp-content\/uploads\/2024\/10\/Cevennes-Occitanie-92-scaled.jpg\" data-elementor-open-lightbox=\"yes\" data-elementor-lightbox-slideshow=\"28f17c7\" data-elementor-lightbox-title=\"C\u00e9vennes-Occitanie-92\" data-e-action-hash=\"#elementor-action%3Aaction%3Dlightbox%26settings%3DeyJpZCI6NzE4OTcsInVybCI6Imh0dHBzOlwvXC93d3cuamRyb2FkdHJpcC50dlwvYmxvZ1wvd3AtY29udGVudFwvdXBsb2Fkc1wvMjAyNFwvMTBcL0NldmVubmVzLU9jY2l0YW5pZS05Mi1zY2FsZWQuanBnIiwic2xpZGVzaG93IjoiMjhmMTdjNyJ9\">\n\t\t\t\t\t<div class=\"e-gallery-image elementor-gallery-item__image\" data-thumbnail=\"https:\/\/www.jdroadtrip.tv\/blog\/wp-content\/uploads\/2024\/10\/Cevennes-Occitanie-92-scaled.jpg\" data-width=\"1367\" data-height=\"2048\" aria-label=\"Pistou qui mange des feuilles de bambou\" role=\"img\" ><\/div>\n\t\t\t\t\t\t\t\t\t\t\t<div class=\"elementor-gallery-item__overlay\"><\/div>\n\t\t\t\t\t\t\t\t\t\t\t\t\t\t<\/a>\n\t\t\t\t\t\t\t<a class=\"e-gallery-item elementor-gallery-item elementor-animated-content\" href=\"https:\/\/www.jdroadtrip.tv\/blog\/wp-content\/uploads\/2024\/10\/56518046-afe3-423d-b4b8-dc22cf4860ff.jpg\" data-elementor-open-lightbox=\"yes\" data-elementor-lightbox-slideshow=\"28f17c7\" data-elementor-lightbox-title=\"56518046-afe3-423d-b4b8-dc22cf4860ff\" data-e-action-hash=\"#elementor-action%3Aaction%3Dlightbox%26settings%3DeyJpZCI6NzE5MDMsInVybCI6Imh0dHBzOlwvXC93d3cuamRyb2FkdHJpcC50dlwvYmxvZ1wvd3AtY29udGVudFwvdXBsb2Fkc1wvMjAyNFwvMTBcLzU2NTE4MDQ2LWFmZTMtNDIzZC1iNGI4LWRjMjJjZjQ4NjBmZi5qcGciLCJzbGlkZXNob3ciOiIyOGYxN2M3In0%3D\">\n\t\t\t\t\t<div class=\"e-gallery-image elementor-gallery-item__image\" data-thumbnail=\"https:\/\/www.jdroadtrip.tv\/blog\/wp-content\/uploads\/2024\/10\/56518046-afe3-423d-b4b8-dc22cf4860ff.jpg\" data-width=\"1134\" data-height=\"2016\" aria-label=\"Jenny Diab en balade avec un \u00e2ne\" role=\"img\" ><\/div>\n\t\t\t\t\t\t\t\t\t\t\t<div class=\"elementor-gallery-item__overlay\"><\/div>\n\t\t\t\t\t\t\t\t\t\t\t\t\t\t<\/a>\n\t\t\t\t\t\t\t<a class=\"e-gallery-item elementor-gallery-item elementor-animated-content\" href=\"https:\/\/www.jdroadtrip.tv\/blog\/wp-content\/uploads\/2024\/10\/b413221b-5e38-4a59-a80c-5ba81692d2ac.jpg\" data-elementor-open-lightbox=\"yes\" data-elementor-lightbox-slideshow=\"28f17c7\" data-elementor-lightbox-title=\"b413221b-5e38-4a59-a80c-5ba81692d2ac\" data-e-action-hash=\"#elementor-action%3Aaction%3Dlightbox%26settings%3DeyJpZCI6NzE5MDQsInVybCI6Imh0dHBzOlwvXC93d3cuamRyb2FkdHJpcC50dlwvYmxvZ1wvd3AtY29udGVudFwvdXBsb2Fkc1wvMjAyNFwvMTBcL2I0MTMyMjFiLTVlMzgtNGE1OS1hODBjLTViYTgxNjkyZDJhYy5qcGciLCJzbGlkZXNob3ciOiIyOGYxN2M3In0%3D\">\n\t\t\t\t\t<div class=\"e-gallery-image elementor-gallery-item__image\" data-thumbnail=\"https:\/\/www.jdroadtrip.tv\/blog\/wp-content\/uploads\/2024\/10\/b413221b-5e38-4a59-a80c-5ba81692d2ac.jpg\" data-width=\"1134\" data-height=\"2016\" aria-label=\"Jenny Diab qui donne \u00e0 manger \u00e0 un \u00e2ne\" role=\"img\" ><\/div>\n\t\t\t\t\t\t\t\t\t\t\t<div class=\"elementor-gallery-item__overlay\"><\/div>\n\t\t\t\t\t\t\t\t\t\t\t\t\t\t<\/a>\n\t\t\t\t\t\t\t<a class=\"e-gallery-item elementor-gallery-item elementor-animated-content\" href=\"https:\/\/www.jdroadtrip.tv\/blog\/wp-content\/uploads\/2024\/10\/cc05f399-a0b5-4b2c-b6d7-ff31f1e689f9.jpg\" data-elementor-open-lightbox=\"yes\" data-elementor-lightbox-slideshow=\"28f17c7\" data-elementor-lightbox-title=\"cc05f399-a0b5-4b2c-b6d7-ff31f1e689f9\" data-e-action-hash=\"#elementor-action%3Aaction%3Dlightbox%26settings%3DeyJpZCI6NzE5MDUsInVybCI6Imh0dHBzOlwvXC93d3cuamRyb2FkdHJpcC50dlwvYmxvZ1wvd3AtY29udGVudFwvdXBsb2Fkc1wvMjAyNFwvMTBcL2NjMDVmMzk5LWEwYjUtNGIyYy1iNmQ3LWZmMzFmMWU2ODlmOS5qcGciLCJzbGlkZXNob3ciOiIyOGYxN2M3In0%3D\">\n\t\t\t\t\t<div class=\"e-gallery-image elementor-gallery-item__image\" data-thumbnail=\"https:\/\/www.jdroadtrip.tv\/blog\/wp-content\/uploads\/2024\/10\/cc05f399-a0b5-4b2c-b6d7-ff31f1e689f9.jpg\" data-width=\"900\" data-height=\"1600\" aria-label=\"Jenny Diab en balade avec un \u00e2ne\" role=\"img\" ><\/div>\n\t\t\t\t\t\t\t\t\t\t\t<div class=\"elementor-gallery-item__overlay\"><\/div>\n\t\t\t\t\t\t\t\t\t\t\t\t\t\t<\/a>\n\t\t\t\t\t<\/div>\n\t\t\t\t\t<\/div>\n\t\t\t\t<\/div>\n\t\t\t\t\t<\/div>\n\t\t<\/div>\n\t\t\t\t\t<\/div>\n\t\t<\/section>\n\t\t\t\t<section class=\"elementor-section elementor-top-section elementor-element elementor-element-e201b07 elementor-section-boxed elementor-section-height-default elementor-section-height-default\" data-id=\"e201b07\" data-element_type=\"section\">\n\t\t\t\t\t\t<div class=\"elementor-container elementor-column-gap-default\">\n\t\t\t\t\t<div class=\"elementor-column elementor-col-100 elementor-top-column elementor-element elementor-element-b9904ff\" data-id=\"b9904ff\" data-element_type=\"column\">\n\t\t\t<div class=\"elementor-widget-wrap elementor-element-populated\">\n\t\t\t\t\t\t<div class=\"elementor-element elementor-element-0835ee3 elementor-widget elementor-widget-heading\" data-id=\"0835ee3\" data-element_type=\"widget\" data-widget_type=\"heading.default\">\n\t\t\t\t<div class=\"elementor-widget-container\">\n\t\t\t\t\t<h2 class=\"elementor-heading-title elementor-size-default\">Cueillette des champignons au Mont Aigoual<\/h2>\t\t\t\t<\/div>\n\t\t\t\t<\/div>\n\t\t\t\t<div class=\"elementor-element elementor-element-1e1847a elementor-widget elementor-widget-text-editor\" data-id=\"1e1847a\" data-element_type=\"widget\" data-widget_type=\"text-editor.default\">\n\t\t\t\t<div class=\"elementor-widget-container\">\n\t\t\t\t\t\t\t\t\t<p style=\"text-align: justify;\"><span style=\"font-size: 14pt;\">Si vous faites un week-end dans les C\u00e9vennes, la cueillette des champignons est tr\u00e8s r\u00e9put\u00e9e. Bien s\u00fbr si vous n&rsquo;y connaissez rien, c&rsquo;est tr\u00e8s int\u00e9ressant de <strong>faire une initiation \u00e0 la mycologie<\/strong> pour pouvoir reconna\u00eetre les bons et les mauvais champignons. Il est important de comprendre que vous ne pouvez pas aller en for\u00eat et cueillir tout et n&rsquo;importe quoi, certains sont mortels. Si je dois vous conseiller sur ce sujet, c&rsquo;est de faire appel \u00e0 un professionnel qui vous emm\u00e8nerait faire une initiation. Pour ma part, je sais reconna\u00eetre les girolles, les c\u00e8pes et les amanites tue-mouches.<\/span><\/p><p style=\"text-align: justify;\"><span style=\"font-size: 14pt;\">Nous sommes au Mont Aigoual, le paradis des champignons. Honn\u00eatement, on a pu d\u00e9couvrir une trentaine de champignons diff\u00e9rents. En \u00e9tant objective, la personne qui nous a re\u00e7us \u00e9tait professionnelle, mais n&rsquo;\u00e9tait pas ultra p\u00e9dagogue, les r\u00e9ponses \u00e0 mes questions \u00e9taient toujours contourner. Je n&rsquo;ai jamais eu de vraie r\u00e9ponse. \u00c7a ne m&rsquo;a pas passionn\u00e9e alors que je sais pertinemment que j&rsquo;aurais vraiment aim\u00e9 d\u00e9couvrir cet univers. Je vous invite donc \u00e0 faire vos recherches pour trouver un guide qui sera vous faire une chouette initiation \u00e0 la mycologie.<\/span><\/p>\t\t\t\t\t\t\t\t<\/div>\n\t\t\t\t<\/div>\n\t\t\t\t<div class=\"elementor-element elementor-element-98d2c55 elementor-widget elementor-widget-image\" data-id=\"98d2c55\" data-element_type=\"widget\" data-widget_type=\"image.default\">\n\t\t\t\t<div class=\"elementor-widget-container\">\n\t\t\t\t\t\t\t\t\t\t\t\t\t\t\t<img loading=\"lazy\" decoding=\"async\" width=\"2000\" height=\"1335\" src=\"https:\/\/www.jdroadtrip.tv\/blog\/wp-content\/uploads\/2024\/10\/Cevennes-Occitanie-110.jpg\" class=\"attachment-full size-full wp-image-71909\" alt=\"Week-end dans les C\u00e9vennes, ramasser les champignons\" srcset=\"https:\/\/www.jdroadtrip.tv\/blog\/wp-content\/uploads\/2024\/10\/Cevennes-Occitanie-110.jpg 2000w, https:\/\/www.jdroadtrip.tv\/blog\/wp-content\/uploads\/2024\/10\/Cevennes-Occitanie-110-300x200.jpg 300w, https:\/\/www.jdroadtrip.tv\/blog\/wp-content\/uploads\/2024\/10\/Cevennes-Occitanie-110-800x534.jpg 800w, https:\/\/www.jdroadtrip.tv\/blog\/wp-content\/uploads\/2024\/10\/Cevennes-Occitanie-110-250x167.jpg 250w, https:\/\/www.jdroadtrip.tv\/blog\/wp-content\/uploads\/2024\/10\/Cevennes-Occitanie-110-768x513.jpg 768w, https:\/\/www.jdroadtrip.tv\/blog\/wp-content\/uploads\/2024\/10\/Cevennes-Occitanie-110-1536x1025.jpg 1536w\" sizes=\"(max-width: 2000px) 100vw, 2000px\" \/>\t\t\t\t\t\t\t\t\t\t\t\t\t\t\t<\/div>\n\t\t\t\t<\/div>\n\t\t\t\t<div class=\"elementor-element elementor-element-49b97ed elementor-widget-mobile__width-initial elementor-widget elementor-widget-gallery\" data-id=\"49b97ed\" data-element_type=\"widget\" data-settings=\"{&quot;gallery_layout&quot;:&quot;masonry&quot;,&quot;columns&quot;:3,&quot;columns_tablet&quot;:3,&quot;columns_mobile&quot;:3,&quot;lazyload&quot;:&quot;yes&quot;,&quot;gap&quot;:{&quot;unit&quot;:&quot;px&quot;,&quot;size&quot;:10,&quot;sizes&quot;:[]},&quot;gap_tablet&quot;:{&quot;unit&quot;:&quot;px&quot;,&quot;size&quot;:10,&quot;sizes&quot;:[]},&quot;gap_mobile&quot;:{&quot;unit&quot;:&quot;px&quot;,&quot;size&quot;:10,&quot;sizes&quot;:[]},&quot;link_to&quot;:&quot;file&quot;,&quot;overlay_background&quot;:&quot;yes&quot;,&quot;content_hover_animation&quot;:&quot;fade-in&quot;}\" data-widget_type=\"gallery.default\">\n\t\t\t\t<div class=\"elementor-widget-container\">\n\t\t\t\t\t\t\t<div class=\"elementor-gallery__container\">\n\t\t\t\t\t\t\t<a class=\"e-gallery-item elementor-gallery-item elementor-animated-content\" href=\"https:\/\/www.jdroadtrip.tv\/blog\/wp-content\/uploads\/2024\/10\/Cevennes-Occitanie-102.jpg\" data-elementor-open-lightbox=\"yes\" data-elementor-lightbox-slideshow=\"49b97ed\" data-elementor-lightbox-title=\"C\u00e9vennes-Occitanie-102\" data-e-action-hash=\"#elementor-action%3Aaction%3Dlightbox%26settings%3DeyJpZCI6NzE5MTEsInVybCI6Imh0dHBzOlwvXC93d3cuamRyb2FkdHJpcC50dlwvYmxvZ1wvd3AtY29udGVudFwvdXBsb2Fkc1wvMjAyNFwvMTBcL0NldmVubmVzLU9jY2l0YW5pZS0xMDIuanBnIiwic2xpZGVzaG93IjoiNDliOTdlZCJ9\">\n\t\t\t\t\t<div class=\"e-gallery-image elementor-gallery-item__image\" data-thumbnail=\"https:\/\/www.jdroadtrip.tv\/blog\/wp-content\/uploads\/2024\/10\/Cevennes-Occitanie-102.jpg\" data-width=\"2000\" data-height=\"1335\" aria-label=\"Champignon\" role=\"img\" ><\/div>\n\t\t\t\t\t\t\t\t\t\t\t<div class=\"elementor-gallery-item__overlay\"><\/div>\n\t\t\t\t\t\t\t\t\t\t\t\t\t\t<\/a>\n\t\t\t\t\t\t\t<a class=\"e-gallery-item elementor-gallery-item elementor-animated-content\" href=\"https:\/\/www.jdroadtrip.tv\/blog\/wp-content\/uploads\/2024\/10\/Cevennes-Occitanie-105.jpg\" data-elementor-open-lightbox=\"yes\" data-elementor-lightbox-slideshow=\"49b97ed\" data-elementor-lightbox-title=\"C\u00e9vennes-Occitanie-105\" data-e-action-hash=\"#elementor-action%3Aaction%3Dlightbox%26settings%3DeyJpZCI6NzE5MTQsInVybCI6Imh0dHBzOlwvXC93d3cuamRyb2FkdHJpcC50dlwvYmxvZ1wvd3AtY29udGVudFwvdXBsb2Fkc1wvMjAyNFwvMTBcL0NldmVubmVzLU9jY2l0YW5pZS0xMDUuanBnIiwic2xpZGVzaG93IjoiNDliOTdlZCJ9\">\n\t\t\t\t\t<div class=\"e-gallery-image elementor-gallery-item__image\" data-thumbnail=\"https:\/\/www.jdroadtrip.tv\/blog\/wp-content\/uploads\/2024\/10\/Cevennes-Occitanie-105.jpg\" data-width=\"2000\" data-height=\"1335\" aria-label=\"Petit champignon sur arbre\" role=\"img\" ><\/div>\n\t\t\t\t\t\t\t\t\t\t\t<div class=\"elementor-gallery-item__overlay\"><\/div>\n\t\t\t\t\t\t\t\t\t\t\t\t\t\t<\/a>\n\t\t\t\t\t\t\t<a class=\"e-gallery-item elementor-gallery-item elementor-animated-content\" href=\"https:\/\/www.jdroadtrip.tv\/blog\/wp-content\/uploads\/2024\/10\/Cevennes-Occitanie-109.jpg\" data-elementor-open-lightbox=\"yes\" data-elementor-lightbox-slideshow=\"49b97ed\" data-elementor-lightbox-title=\"C\u00e9vennes-Occitanie-109\" data-e-action-hash=\"#elementor-action%3Aaction%3Dlightbox%26settings%3DeyJpZCI6NzE5MTcsInVybCI6Imh0dHBzOlwvXC93d3cuamRyb2FkdHJpcC50dlwvYmxvZ1wvd3AtY29udGVudFwvdXBsb2Fkc1wvMjAyNFwvMTBcL0NldmVubmVzLU9jY2l0YW5pZS0xMDkuanBnIiwic2xpZGVzaG93IjoiNDliOTdlZCJ9\">\n\t\t\t\t\t<div class=\"e-gallery-image elementor-gallery-item__image\" data-thumbnail=\"https:\/\/www.jdroadtrip.tv\/blog\/wp-content\/uploads\/2024\/10\/Cevennes-Occitanie-109.jpg\" data-width=\"2000\" data-height=\"1335\" aria-label=\"Champignon dans la mousse\" role=\"img\" ><\/div>\n\t\t\t\t\t\t\t\t\t\t\t<div class=\"elementor-gallery-item__overlay\"><\/div>\n\t\t\t\t\t\t\t\t\t\t\t\t\t\t<\/a>\n\t\t\t\t\t\t\t<a class=\"e-gallery-item elementor-gallery-item elementor-animated-content\" href=\"https:\/\/www.jdroadtrip.tv\/blog\/wp-content\/uploads\/2024\/10\/Cevennes-Occitanie-101-scaled.jpg\" data-elementor-open-lightbox=\"yes\" data-elementor-lightbox-slideshow=\"49b97ed\" data-elementor-lightbox-title=\"C\u00e9vennes-Occitanie-101\" data-e-action-hash=\"#elementor-action%3Aaction%3Dlightbox%26settings%3DeyJpZCI6NzE5MTAsInVybCI6Imh0dHBzOlwvXC93d3cuamRyb2FkdHJpcC50dlwvYmxvZ1wvd3AtY29udGVudFwvdXBsb2Fkc1wvMjAyNFwvMTBcL0NldmVubmVzLU9jY2l0YW5pZS0xMDEtc2NhbGVkLmpwZyIsInNsaWRlc2hvdyI6IjQ5Yjk3ZWQifQ%3D%3D\">\n\t\t\t\t\t<div class=\"e-gallery-image elementor-gallery-item__image\" data-thumbnail=\"https:\/\/www.jdroadtrip.tv\/blog\/wp-content\/uploads\/2024\/10\/Cevennes-Occitanie-101-scaled.jpg\" data-width=\"1367\" data-height=\"2048\" aria-label=\"Panier remplit de champignons\" role=\"img\" ><\/div>\n\t\t\t\t\t\t\t\t\t\t\t<div class=\"elementor-gallery-item__overlay\"><\/div>\n\t\t\t\t\t\t\t\t\t\t\t\t\t\t<\/a>\n\t\t\t\t\t\t\t<a class=\"e-gallery-item elementor-gallery-item elementor-animated-content\" href=\"https:\/\/www.jdroadtrip.tv\/blog\/wp-content\/uploads\/2024\/10\/Cevennes-Occitanie-111-scaled.jpg\" data-elementor-open-lightbox=\"yes\" data-elementor-lightbox-slideshow=\"49b97ed\" data-elementor-lightbox-title=\"C\u00e9vennes-Occitanie-111\" data-e-action-hash=\"#elementor-action%3Aaction%3Dlightbox%26settings%3DeyJpZCI6NzE5MTksInVybCI6Imh0dHBzOlwvXC93d3cuamRyb2FkdHJpcC50dlwvYmxvZ1wvd3AtY29udGVudFwvdXBsb2Fkc1wvMjAyNFwvMTBcL0NldmVubmVzLU9jY2l0YW5pZS0xMTEtc2NhbGVkLmpwZyIsInNsaWRlc2hvdyI6IjQ5Yjk3ZWQifQ%3D%3D\">\n\t\t\t\t\t<div class=\"e-gallery-image elementor-gallery-item__image\" data-thumbnail=\"https:\/\/www.jdroadtrip.tv\/blog\/wp-content\/uploads\/2024\/10\/Cevennes-Occitanie-111-scaled.jpg\" data-width=\"1367\" data-height=\"2048\" aria-label=\"Champignon non comestible Calocera viscosa\" role=\"img\" ><\/div>\n\t\t\t\t\t\t\t\t\t\t\t<div class=\"elementor-gallery-item__overlay\"><\/div>\n\t\t\t\t\t\t\t\t\t\t\t\t\t\t<\/a>\n\t\t\t\t\t\t\t<a class=\"e-gallery-item elementor-gallery-item elementor-animated-content\" href=\"https:\/\/www.jdroadtrip.tv\/blog\/wp-content\/uploads\/2024\/10\/Cevennes-Occitanie-112-scaled.jpg\" data-elementor-open-lightbox=\"yes\" data-elementor-lightbox-slideshow=\"49b97ed\" data-elementor-lightbox-title=\"C\u00e9vennes-Occitanie-112\" data-e-action-hash=\"#elementor-action%3Aaction%3Dlightbox%26settings%3DeyJpZCI6NzE5MjAsInVybCI6Imh0dHBzOlwvXC93d3cuamRyb2FkdHJpcC50dlwvYmxvZ1wvd3AtY29udGVudFwvdXBsb2Fkc1wvMjAyNFwvMTBcL0NldmVubmVzLU9jY2l0YW5pZS0xMTItc2NhbGVkLmpwZyIsInNsaWRlc2hvdyI6IjQ5Yjk3ZWQifQ%3D%3D\">\n\t\t\t\t\t<div class=\"e-gallery-image elementor-gallery-item__image\" data-thumbnail=\"https:\/\/www.jdroadtrip.tv\/blog\/wp-content\/uploads\/2024\/10\/Cevennes-Occitanie-112-scaled.jpg\" data-width=\"1367\" data-height=\"2048\" aria-label=\"Amanite tue mouches champignon\" role=\"img\" ><\/div>\n\t\t\t\t\t\t\t\t\t\t\t<div class=\"elementor-gallery-item__overlay\"><\/div>\n\t\t\t\t\t\t\t\t\t\t\t\t\t\t<\/a>\n\t\t\t\t\t<\/div>\n\t\t\t\t\t<\/div>\n\t\t\t\t<\/div>\n\t\t\t\t\t<\/div>\n\t\t<\/div>\n\t\t\t\t\t<\/div>\n\t\t<\/section>\n\t\t\t\t<section class=\"elementor-section elementor-top-section elementor-element elementor-element-94ecf8f elementor-section-boxed elementor-section-height-default elementor-section-height-default\" data-id=\"94ecf8f\" data-element_type=\"section\">\n\t\t\t\t\t\t<div class=\"elementor-container elementor-column-gap-default\">\n\t\t\t\t\t<div class=\"elementor-column elementor-col-100 elementor-top-column elementor-element elementor-element-8f935fb\" data-id=\"8f935fb\" data-element_type=\"column\">\n\t\t\t<div class=\"elementor-widget-wrap elementor-element-populated\">\n\t\t\t\t\t\t<div class=\"elementor-element elementor-element-5ca36c1 elementor-widget elementor-widget-heading\" data-id=\"5ca36c1\" data-element_type=\"widget\" data-widget_type=\"heading.default\">\n\t\t\t\t<div class=\"elementor-widget-container\">\n\t\t\t\t\t<h2 class=\"elementor-heading-title elementor-size-default\">L'indigoterie, atelier de cr\u00e9ation artisanale v\u00e9g\u00e9tale <\/h2>\t\t\t\t<\/div>\n\t\t\t\t<\/div>\n\t\t\t\t<div class=\"elementor-element elementor-element-30255e3 elementor-widget elementor-widget-text-editor\" data-id=\"30255e3\" data-element_type=\"widget\" data-widget_type=\"text-editor.default\">\n\t\t\t\t<div class=\"elementor-widget-container\">\n\t\t\t\t\t\t\t\t\t<p style=\"text-align: justify;\"><span style=\"font-size: 14pt;\"><a href=\"https:\/\/www.le-cri-du-castor.com\" target=\"_blank\" rel=\"noopener\"><strong>L&rsquo;Indigoterie \u00ab\u00a0Cri du Castor\u00a0\u00bb<\/strong><\/a> est un lieu de production artisanal situ\u00e9 \u00e0 Florac, sp\u00e9cialis\u00e9 dans la teinture naturelle v\u00e9g\u00e9tale \u00e0 base d&rsquo;indigo et autres plantes tinctoriales. C&rsquo;est Christy qui vous accueille pour vous faire d\u00e9couvrir son univers, qui est aussi prioritaire avec son mari des cabanes et du g\u00eete Ma petite cabane en Loz\u00e8re. Gr\u00e2ce \u00e0 la visite de la boutique et du mus\u00e9e, nous d\u00e9couvrons l&rsquo;histoire de l&rsquo;indigo, cette plante qui permet de faire des teintures naturelles. Nous avons particip\u00e9 \u00e0 un atelier pour d\u00e9couvrir le processus et laisser parler la cr\u00e9ativit\u00e9. Tout est \u00e9cologique et respectueux de l&rsquo;environnement.<\/span><\/p>\t\t\t\t\t\t\t\t<\/div>\n\t\t\t\t<\/div>\n\t\t\t\t<div class=\"elementor-element elementor-element-5291ee3 elementor-widget elementor-widget-image\" data-id=\"5291ee3\" data-element_type=\"widget\" data-widget_type=\"image.default\">\n\t\t\t\t<div class=\"elementor-widget-container\">\n\t\t\t\t\t\t\t\t\t\t\t\t\t\t\t<img loading=\"lazy\" decoding=\"async\" width=\"2000\" height=\"1335\" src=\"https:\/\/www.jdroadtrip.tv\/blog\/wp-content\/uploads\/2024\/10\/Cevennes-Occitanie-135.jpg\" class=\"attachment-full size-full wp-image-71964\" alt=\"Week-end dans les C\u00e9vennes, atelier indigoterie \u00e0 Florac\" srcset=\"https:\/\/www.jdroadtrip.tv\/blog\/wp-content\/uploads\/2024\/10\/Cevennes-Occitanie-135.jpg 2000w, https:\/\/www.jdroadtrip.tv\/blog\/wp-content\/uploads\/2024\/10\/Cevennes-Occitanie-135-300x200.jpg 300w, https:\/\/www.jdroadtrip.tv\/blog\/wp-content\/uploads\/2024\/10\/Cevennes-Occitanie-135-800x534.jpg 800w, https:\/\/www.jdroadtrip.tv\/blog\/wp-content\/uploads\/2024\/10\/Cevennes-Occitanie-135-250x167.jpg 250w, https:\/\/www.jdroadtrip.tv\/blog\/wp-content\/uploads\/2024\/10\/Cevennes-Occitanie-135-768x513.jpg 768w, https:\/\/www.jdroadtrip.tv\/blog\/wp-content\/uploads\/2024\/10\/Cevennes-Occitanie-135-1536x1025.jpg 1536w\" sizes=\"(max-width: 2000px) 100vw, 2000px\" \/>\t\t\t\t\t\t\t\t\t\t\t\t\t\t\t<\/div>\n\t\t\t\t<\/div>\n\t\t\t\t<div class=\"elementor-element elementor-element-f1f369f elementor-widget elementor-widget-gallery\" data-id=\"f1f369f\" data-element_type=\"widget\" data-settings=\"{&quot;gallery_layout&quot;:&quot;masonry&quot;,&quot;columns&quot;:3,&quot;columns_tablet&quot;:3,&quot;columns_mobile&quot;:3,&quot;lazyload&quot;:&quot;yes&quot;,&quot;gap&quot;:{&quot;unit&quot;:&quot;px&quot;,&quot;size&quot;:10,&quot;sizes&quot;:[]},&quot;gap_tablet&quot;:{&quot;unit&quot;:&quot;px&quot;,&quot;size&quot;:10,&quot;sizes&quot;:[]},&quot;gap_mobile&quot;:{&quot;unit&quot;:&quot;px&quot;,&quot;size&quot;:10,&quot;sizes&quot;:[]},&quot;link_to&quot;:&quot;file&quot;,&quot;overlay_background&quot;:&quot;yes&quot;,&quot;content_hover_animation&quot;:&quot;fade-in&quot;}\" data-widget_type=\"gallery.default\">\n\t\t\t\t<div class=\"elementor-widget-container\">\n\t\t\t\t\t\t\t<div class=\"elementor-gallery__container\">\n\t\t\t\t\t\t\t<a class=\"e-gallery-item elementor-gallery-item elementor-animated-content\" href=\"https:\/\/www.jdroadtrip.tv\/blog\/wp-content\/uploads\/2024\/10\/Cevennes-Occitanie-118.jpg\" data-elementor-open-lightbox=\"yes\" data-elementor-lightbox-slideshow=\"f1f369f\" data-elementor-lightbox-title=\"C\u00e9vennes-Occitanie-118\" data-e-action-hash=\"#elementor-action%3Aaction%3Dlightbox%26settings%3DeyJpZCI6NzE5NjUsInVybCI6Imh0dHBzOlwvXC93d3cuamRyb2FkdHJpcC50dlwvYmxvZ1wvd3AtY29udGVudFwvdXBsb2Fkc1wvMjAyNFwvMTBcL0NldmVubmVzLU9jY2l0YW5pZS0xMTguanBnIiwic2xpZGVzaG93IjoiZjFmMzY5ZiJ9\">\n\t\t\t\t\t<div class=\"e-gallery-image elementor-gallery-item__image\" data-thumbnail=\"https:\/\/www.jdroadtrip.tv\/blog\/wp-content\/uploads\/2024\/10\/Cevennes-Occitanie-118.jpg\" data-width=\"2000\" data-height=\"1335\" aria-label=\"Indigo v\u00e9g\u00e9tal plante\" role=\"img\" ><\/div>\n\t\t\t\t\t\t\t\t\t\t\t<div class=\"elementor-gallery-item__overlay\"><\/div>\n\t\t\t\t\t\t\t\t\t\t\t\t\t\t<\/a>\n\t\t\t\t\t\t\t<a class=\"e-gallery-item elementor-gallery-item elementor-animated-content\" href=\"https:\/\/www.jdroadtrip.tv\/blog\/wp-content\/uploads\/2024\/10\/Cevennes-Occitanie-119.jpg\" data-elementor-open-lightbox=\"yes\" data-elementor-lightbox-slideshow=\"f1f369f\" data-elementor-lightbox-title=\"C\u00e9vennes-Occitanie-119\" data-e-action-hash=\"#elementor-action%3Aaction%3Dlightbox%26settings%3DeyJpZCI6NzE5NjYsInVybCI6Imh0dHBzOlwvXC93d3cuamRyb2FkdHJpcC50dlwvYmxvZ1wvd3AtY29udGVudFwvdXBsb2Fkc1wvMjAyNFwvMTBcL0NldmVubmVzLU9jY2l0YW5pZS0xMTkuanBnIiwic2xpZGVzaG93IjoiZjFmMzY5ZiJ9\">\n\t\t\t\t\t<div class=\"e-gallery-image elementor-gallery-item__image\" data-thumbnail=\"https:\/\/www.jdroadtrip.tv\/blog\/wp-content\/uploads\/2024\/10\/Cevennes-Occitanie-119.jpg\" data-width=\"2000\" data-height=\"1335\" aria-label=\"\" role=\"img\" ><\/div>\n\t\t\t\t\t\t\t\t\t\t\t<div class=\"elementor-gallery-item__overlay\"><\/div>\n\t\t\t\t\t\t\t\t\t\t\t\t\t\t<\/a>\n\t\t\t\t\t\t\t<a class=\"e-gallery-item elementor-gallery-item elementor-animated-content\" href=\"https:\/\/www.jdroadtrip.tv\/blog\/wp-content\/uploads\/2024\/10\/Cevennes-Occitanie-120.jpg\" data-elementor-open-lightbox=\"yes\" data-elementor-lightbox-slideshow=\"f1f369f\" data-elementor-lightbox-title=\"C\u00e9vennes-Occitanie-120\" data-e-action-hash=\"#elementor-action%3Aaction%3Dlightbox%26settings%3DeyJpZCI6NzE5NjcsInVybCI6Imh0dHBzOlwvXC93d3cuamRyb2FkdHJpcC50dlwvYmxvZ1wvd3AtY29udGVudFwvdXBsb2Fkc1wvMjAyNFwvMTBcL0NldmVubmVzLU9jY2l0YW5pZS0xMjAuanBnIiwic2xpZGVzaG93IjoiZjFmMzY5ZiJ9\">\n\t\t\t\t\t<div class=\"e-gallery-image elementor-gallery-item__image\" data-thumbnail=\"https:\/\/www.jdroadtrip.tv\/blog\/wp-content\/uploads\/2024\/10\/Cevennes-Occitanie-120.jpg\" data-width=\"2000\" data-height=\"1335\" aria-label=\"\" role=\"img\" ><\/div>\n\t\t\t\t\t\t\t\t\t\t\t<div class=\"elementor-gallery-item__overlay\"><\/div>\n\t\t\t\t\t\t\t\t\t\t\t\t\t\t<\/a>\n\t\t\t\t\t\t\t<a class=\"e-gallery-item elementor-gallery-item elementor-animated-content\" href=\"https:\/\/www.jdroadtrip.tv\/blog\/wp-content\/uploads\/2024\/10\/Cevennes-Occitanie-121.jpg\" data-elementor-open-lightbox=\"yes\" data-elementor-lightbox-slideshow=\"f1f369f\" data-elementor-lightbox-title=\"C\u00e9vennes-Occitanie-121\" data-e-action-hash=\"#elementor-action%3Aaction%3Dlightbox%26settings%3DeyJpZCI6NzE5NjgsInVybCI6Imh0dHBzOlwvXC93d3cuamRyb2FkdHJpcC50dlwvYmxvZ1wvd3AtY29udGVudFwvdXBsb2Fkc1wvMjAyNFwvMTBcL0NldmVubmVzLU9jY2l0YW5pZS0xMjEuanBnIiwic2xpZGVzaG93IjoiZjFmMzY5ZiJ9\">\n\t\t\t\t\t<div class=\"e-gallery-image elementor-gallery-item__image\" data-thumbnail=\"https:\/\/www.jdroadtrip.tv\/blog\/wp-content\/uploads\/2024\/10\/Cevennes-Occitanie-121.jpg\" data-width=\"2000\" data-height=\"1335\" aria-label=\"accessoires pour fabrication\" role=\"img\" ><\/div>\n\t\t\t\t\t\t\t\t\t\t\t<div class=\"elementor-gallery-item__overlay\"><\/div>\n\t\t\t\t\t\t\t\t\t\t\t\t\t\t<\/a>\n\t\t\t\t\t\t\t<a class=\"e-gallery-item elementor-gallery-item elementor-animated-content\" href=\"https:\/\/www.jdroadtrip.tv\/blog\/wp-content\/uploads\/2024\/10\/Cevennes-Occitanie-123.jpg\" data-elementor-open-lightbox=\"yes\" data-elementor-lightbox-slideshow=\"f1f369f\" data-elementor-lightbox-title=\"C\u00e9vennes-Occitanie-123\" data-e-action-hash=\"#elementor-action%3Aaction%3Dlightbox%26settings%3DeyJpZCI6NzE5NjksInVybCI6Imh0dHBzOlwvXC93d3cuamRyb2FkdHJpcC50dlwvYmxvZ1wvd3AtY29udGVudFwvdXBsb2Fkc1wvMjAyNFwvMTBcL0NldmVubmVzLU9jY2l0YW5pZS0xMjMuanBnIiwic2xpZGVzaG93IjoiZjFmMzY5ZiJ9\">\n\t\t\t\t\t<div class=\"e-gallery-image elementor-gallery-item__image\" data-thumbnail=\"https:\/\/www.jdroadtrip.tv\/blog\/wp-content\/uploads\/2024\/10\/Cevennes-Occitanie-123.jpg\" data-width=\"2000\" data-height=\"1335\" aria-label=\"\" role=\"img\" ><\/div>\n\t\t\t\t\t\t\t\t\t\t\t<div class=\"elementor-gallery-item__overlay\"><\/div>\n\t\t\t\t\t\t\t\t\t\t\t\t\t\t<\/a>\n\t\t\t\t\t\t\t<a class=\"e-gallery-item elementor-gallery-item elementor-animated-content\" href=\"https:\/\/www.jdroadtrip.tv\/blog\/wp-content\/uploads\/2024\/10\/Cevennes-Occitanie-125.jpg\" data-elementor-open-lightbox=\"yes\" data-elementor-lightbox-slideshow=\"f1f369f\" data-elementor-lightbox-title=\"C\u00e9vennes-Occitanie-125\" data-e-action-hash=\"#elementor-action%3Aaction%3Dlightbox%26settings%3DeyJpZCI6NzE5NzEsInVybCI6Imh0dHBzOlwvXC93d3cuamRyb2FkdHJpcC50dlwvYmxvZ1wvd3AtY29udGVudFwvdXBsb2Fkc1wvMjAyNFwvMTBcL0NldmVubmVzLU9jY2l0YW5pZS0xMjUuanBnIiwic2xpZGVzaG93IjoiZjFmMzY5ZiJ9\">\n\t\t\t\t\t<div class=\"e-gallery-image elementor-gallery-item__image\" data-thumbnail=\"https:\/\/www.jdroadtrip.tv\/blog\/wp-content\/uploads\/2024\/10\/Cevennes-Occitanie-125.jpg\" data-width=\"2000\" data-height=\"1335\" aria-label=\"Teinte des tissus\" role=\"img\" ><\/div>\n\t\t\t\t\t\t\t\t\t\t\t<div class=\"elementor-gallery-item__overlay\"><\/div>\n\t\t\t\t\t\t\t\t\t\t\t\t\t\t<\/a>\n\t\t\t\t\t\t\t<a class=\"e-gallery-item elementor-gallery-item elementor-animated-content\" href=\"https:\/\/www.jdroadtrip.tv\/blog\/wp-content\/uploads\/2024\/10\/Cevennes-Occitanie-127.jpg\" data-elementor-open-lightbox=\"yes\" data-elementor-lightbox-slideshow=\"f1f369f\" data-elementor-lightbox-title=\"C\u00e9vennes-Occitanie-127\" data-e-action-hash=\"#elementor-action%3Aaction%3Dlightbox%26settings%3DeyJpZCI6NzE5NzMsInVybCI6Imh0dHBzOlwvXC93d3cuamRyb2FkdHJpcC50dlwvYmxvZ1wvd3AtY29udGVudFwvdXBsb2Fkc1wvMjAyNFwvMTBcL0NldmVubmVzLU9jY2l0YW5pZS0xMjcuanBnIiwic2xpZGVzaG93IjoiZjFmMzY5ZiJ9\">\n\t\t\t\t\t<div class=\"e-gallery-image elementor-gallery-item__image\" data-thumbnail=\"https:\/\/www.jdroadtrip.tv\/blog\/wp-content\/uploads\/2024\/10\/Cevennes-Occitanie-127.jpg\" data-width=\"2000\" data-height=\"1335\" aria-label=\"Indigo, couleur v\u00e9g\u00e9tale naturelle\" role=\"img\" ><\/div>\n\t\t\t\t\t\t\t\t\t\t\t<div class=\"elementor-gallery-item__overlay\"><\/div>\n\t\t\t\t\t\t\t\t\t\t\t\t\t\t<\/a>\n\t\t\t\t\t\t\t<a class=\"e-gallery-item elementor-gallery-item elementor-animated-content\" href=\"https:\/\/www.jdroadtrip.tv\/blog\/wp-content\/uploads\/2024\/10\/Cevennes-Occitanie-129.jpg\" data-elementor-open-lightbox=\"yes\" data-elementor-lightbox-slideshow=\"f1f369f\" data-elementor-lightbox-title=\"C\u00e9vennes-Occitanie-129\" data-e-action-hash=\"#elementor-action%3Aaction%3Dlightbox%26settings%3DeyJpZCI6NzE5NzUsInVybCI6Imh0dHBzOlwvXC93d3cuamRyb2FkdHJpcC50dlwvYmxvZ1wvd3AtY29udGVudFwvdXBsb2Fkc1wvMjAyNFwvMTBcL0NldmVubmVzLU9jY2l0YW5pZS0xMjkuanBnIiwic2xpZGVzaG93IjoiZjFmMzY5ZiJ9\">\n\t\t\t\t\t<div class=\"e-gallery-image elementor-gallery-item__image\" data-thumbnail=\"https:\/\/www.jdroadtrip.tv\/blog\/wp-content\/uploads\/2024\/10\/Cevennes-Occitanie-129.jpg\" data-width=\"2000\" data-height=\"1335\" aria-label=\"D\u00e9roulage des tissus tremp\u00e9s dans l&#039;indigo\" role=\"img\" ><\/div>\n\t\t\t\t\t\t\t\t\t\t\t<div class=\"elementor-gallery-item__overlay\"><\/div>\n\t\t\t\t\t\t\t\t\t\t\t\t\t\t<\/a>\n\t\t\t\t\t\t\t<a class=\"e-gallery-item elementor-gallery-item elementor-animated-content\" href=\"https:\/\/www.jdroadtrip.tv\/blog\/wp-content\/uploads\/2024\/10\/Cevennes-Occitanie-130.jpg\" data-elementor-open-lightbox=\"yes\" data-elementor-lightbox-slideshow=\"f1f369f\" data-elementor-lightbox-title=\"C\u00e9vennes-Occitanie-130\" data-e-action-hash=\"#elementor-action%3Aaction%3Dlightbox%26settings%3DeyJpZCI6NzE5NzYsInVybCI6Imh0dHBzOlwvXC93d3cuamRyb2FkdHJpcC50dlwvYmxvZ1wvd3AtY29udGVudFwvdXBsb2Fkc1wvMjAyNFwvMTBcL0NldmVubmVzLU9jY2l0YW5pZS0xMzAuanBnIiwic2xpZGVzaG93IjoiZjFmMzY5ZiJ9\">\n\t\t\t\t\t<div class=\"e-gallery-image elementor-gallery-item__image\" data-thumbnail=\"https:\/\/www.jdroadtrip.tv\/blog\/wp-content\/uploads\/2024\/10\/Cevennes-Occitanie-130.jpg\" data-width=\"2000\" data-height=\"1335\" aria-label=\"D\u00e9roulage des tissus tremp\u00e9s dans l&#039;indigo\" role=\"img\" ><\/div>\n\t\t\t\t\t\t\t\t\t\t\t<div class=\"elementor-gallery-item__overlay\"><\/div>\n\t\t\t\t\t\t\t\t\t\t\t\t\t\t<\/a>\n\t\t\t\t\t\t\t<a class=\"e-gallery-item elementor-gallery-item elementor-animated-content\" href=\"https:\/\/www.jdroadtrip.tv\/blog\/wp-content\/uploads\/2024\/10\/Cevennes-Occitanie-131.jpg\" data-elementor-open-lightbox=\"yes\" data-elementor-lightbox-slideshow=\"f1f369f\" data-elementor-lightbox-title=\"C\u00e9vennes-Occitanie-131\" data-e-action-hash=\"#elementor-action%3Aaction%3Dlightbox%26settings%3DeyJpZCI6NzE5NzcsInVybCI6Imh0dHBzOlwvXC93d3cuamRyb2FkdHJpcC50dlwvYmxvZ1wvd3AtY29udGVudFwvdXBsb2Fkc1wvMjAyNFwvMTBcL0NldmVubmVzLU9jY2l0YW5pZS0xMzEuanBnIiwic2xpZGVzaG93IjoiZjFmMzY5ZiJ9\">\n\t\t\t\t\t<div class=\"e-gallery-image elementor-gallery-item__image\" data-thumbnail=\"https:\/\/www.jdroadtrip.tv\/blog\/wp-content\/uploads\/2024\/10\/Cevennes-Occitanie-131.jpg\" data-width=\"2000\" data-height=\"1335\" aria-label=\"Motif du tissu tremp\u00e9 dans l&#039;indigo\" role=\"img\" ><\/div>\n\t\t\t\t\t\t\t\t\t\t\t<div class=\"elementor-gallery-item__overlay\"><\/div>\n\t\t\t\t\t\t\t\t\t\t\t\t\t\t<\/a>\n\t\t\t\t\t\t\t<a class=\"e-gallery-item elementor-gallery-item elementor-animated-content\" href=\"https:\/\/www.jdroadtrip.tv\/blog\/wp-content\/uploads\/2024\/10\/Cevennes-Occitanie-132.jpg\" data-elementor-open-lightbox=\"yes\" data-elementor-lightbox-slideshow=\"f1f369f\" data-elementor-lightbox-title=\"C\u00e9vennes-Occitanie-132\" data-e-action-hash=\"#elementor-action%3Aaction%3Dlightbox%26settings%3DeyJpZCI6NzE5NzgsInVybCI6Imh0dHBzOlwvXC93d3cuamRyb2FkdHJpcC50dlwvYmxvZ1wvd3AtY29udGVudFwvdXBsb2Fkc1wvMjAyNFwvMTBcL0NldmVubmVzLU9jY2l0YW5pZS0xMzIuanBnIiwic2xpZGVzaG93IjoiZjFmMzY5ZiJ9\">\n\t\t\t\t\t<div class=\"e-gallery-image elementor-gallery-item__image\" data-thumbnail=\"https:\/\/www.jdroadtrip.tv\/blog\/wp-content\/uploads\/2024\/10\/Cevennes-Occitanie-132.jpg\" data-width=\"2000\" data-height=\"1335\" aria-label=\"Motif du tissu tremp\u00e9 dans l&#039;indigo\" role=\"img\" ><\/div>\n\t\t\t\t\t\t\t\t\t\t\t<div class=\"elementor-gallery-item__overlay\"><\/div>\n\t\t\t\t\t\t\t\t\t\t\t\t\t\t<\/a>\n\t\t\t\t\t\t\t<a class=\"e-gallery-item elementor-gallery-item elementor-animated-content\" href=\"https:\/\/www.jdroadtrip.tv\/blog\/wp-content\/uploads\/2024\/10\/Cevennes-Occitanie-134.jpg\" data-elementor-open-lightbox=\"yes\" data-elementor-lightbox-slideshow=\"f1f369f\" data-elementor-lightbox-title=\"C\u00e9vennes-Occitanie-134\" data-e-action-hash=\"#elementor-action%3Aaction%3Dlightbox%26settings%3DeyJpZCI6NzE5ODAsInVybCI6Imh0dHBzOlwvXC93d3cuamRyb2FkdHJpcC50dlwvYmxvZ1wvd3AtY29udGVudFwvdXBsb2Fkc1wvMjAyNFwvMTBcL0NldmVubmVzLU9jY2l0YW5pZS0xMzQuanBnIiwic2xpZGVzaG93IjoiZjFmMzY5ZiJ9\">\n\t\t\t\t\t<div class=\"e-gallery-image elementor-gallery-item__image\" data-thumbnail=\"https:\/\/www.jdroadtrip.tv\/blog\/wp-content\/uploads\/2024\/10\/Cevennes-Occitanie-134.jpg\" data-width=\"2000\" data-height=\"1335\" aria-label=\"\" role=\"img\" ><\/div>\n\t\t\t\t\t\t\t\t\t\t\t<div class=\"elementor-gallery-item__overlay\"><\/div>\n\t\t\t\t\t\t\t\t\t\t\t\t\t\t<\/a>\n\t\t\t\t\t<\/div>\n\t\t\t\t\t<\/div>\n\t\t\t\t<\/div>\n\t\t\t\t\t<\/div>\n\t\t<\/div>\n\t\t\t\t\t<\/div>\n\t\t<\/section>\n\t\t\t\t<section class=\"elementor-section elementor-top-section elementor-element elementor-element-c884787 elementor-section-boxed elementor-section-height-default elementor-section-height-default\" data-id=\"c884787\" data-element_type=\"section\">\n\t\t\t\t\t\t<div class=\"elementor-container elementor-column-gap-default\">\n\t\t\t\t\t<div class=\"elementor-column elementor-col-100 elementor-top-column elementor-element elementor-element-f8610d6\" data-id=\"f8610d6\" data-element_type=\"column\">\n\t\t\t<div class=\"elementor-widget-wrap elementor-element-populated\">\n\t\t\t\t\t\t<div class=\"elementor-element elementor-element-0fffeff elementor-widget elementor-widget-heading\" data-id=\"0fffeff\" data-element_type=\"widget\" data-widget_type=\"heading.default\">\n\t\t\t\t<div class=\"elementor-widget-container\">\n\t\t\t\t\t<h2 class=\"elementor-heading-title elementor-size-default\">Randonner \u00e0 Villaret dans les C\u00e9vennes<\/h2>\t\t\t\t<\/div>\n\t\t\t\t<\/div>\n\t\t\t\t<div class=\"elementor-element elementor-element-bfd85ff elementor-widget elementor-widget-text-editor\" data-id=\"bfd85ff\" data-element_type=\"widget\" data-widget_type=\"text-editor.default\">\n\t\t\t\t<div class=\"elementor-widget-container\">\n\t\t\t\t\t\t\t\t\t<p style=\"text-align: justify;\"><span style=\"font-size: 14pt;\">Direction le Col de la Baraquette pour une petite randonn\u00e9e de 5,4 kilom\u00e8tres. <strong>Cette randonn\u00e9e est adapt\u00e9e \u00e0 tous, petits et grands avec seulement 273m de d\u00e9nivel\u00e9.<\/strong> Les deux sens sont possibles selon vos envies. Il faut environ 2 h pour fermer la boucle. Les paysages sont vari\u00e9s, on traverse les deux hameaux c\u00e9venols Le Villaret avec ses anciennes b\u00e2tisses de la mine de Baryte et l&rsquo;ancien village de paysans Massufret. On parcourt aussi les anciens chemins de muletiers. Sur le chemin, on a une superbe vue sur les gorges du Luech avec des couleurs automnales incroyables. Le chemin est rempli de ch\u00e2taigniers, mais attention, n&rsquo;allais pas ramasser les ch\u00e2taignes o\u00f9 se trouvent les filets. Cela appartient \u00e0 quelqu&rsquo;un. Si vous venez faire un week-end dans les C\u00e9vennes, cette petite randonn\u00e9e est parfaite une apr\u00e8s-midi.<\/span><\/p>\t\t\t\t\t\t\t\t<\/div>\n\t\t\t\t<\/div>\n\t\t\t\t<div class=\"elementor-element elementor-element-271939d elementor-align-justify elementor-widget elementor-widget-button\" data-id=\"271939d\" data-element_type=\"widget\" data-widget_type=\"button.default\">\n\t\t\t\t<div class=\"elementor-widget-container\">\n\t\t\t\t\t\t\t\t\t<div class=\"elementor-button-wrapper\">\n\t\t\t\t\t<a class=\"elementor-button elementor-button-link elementor-size-sm\" href=\"https:\/\/www.jdroadtrip.tv\/blog\/wp-content\/uploads\/2024\/10\/le-villaret.gpx\" target=\"_blank\">\n\t\t\t\t\t\t<span class=\"elementor-button-content-wrapper\">\n\t\t\t\t\t\t<span class=\"elementor-button-icon\">\n\t\t\t\t<i aria-hidden=\"true\" class=\"fas fa-file-download\"><\/i>\t\t\t<\/span>\n\t\t\t\t\t\t\t\t\t<span class=\"elementor-button-text\">T\u00e9l\u00e9chargez le fichier GPX<\/span>\n\t\t\t\t\t<\/span>\n\t\t\t\t\t<\/a>\n\t\t\t\t<\/div>\n\t\t\t\t\t\t\t\t<\/div>\n\t\t\t\t<\/div>\n\t\t\t\t<div class=\"elementor-element elementor-element-75c8c24 elementor-widget elementor-widget-image\" data-id=\"75c8c24\" data-element_type=\"widget\" data-widget_type=\"image.default\">\n\t\t\t\t<div class=\"elementor-widget-container\">\n\t\t\t\t\t\t\t\t\t\t\t\t\t\t\t<img loading=\"lazy\" decoding=\"async\" width=\"2000\" height=\"1335\" src=\"https:\/\/www.jdroadtrip.tv\/blog\/wp-content\/uploads\/2024\/10\/Cevennes-Occitanie-148.jpg\" class=\"attachment-full size-full wp-image-71924\" alt=\"Week-end dans les C\u00e9vennes, randonn\u00e9e au Col de la Baraquette \u00e0 Villaret, for\u00eat de ch\u00e2taigniers\" srcset=\"https:\/\/www.jdroadtrip.tv\/blog\/wp-content\/uploads\/2024\/10\/Cevennes-Occitanie-148.jpg 2000w, https:\/\/www.jdroadtrip.tv\/blog\/wp-content\/uploads\/2024\/10\/Cevennes-Occitanie-148-300x200.jpg 300w, https:\/\/www.jdroadtrip.tv\/blog\/wp-content\/uploads\/2024\/10\/Cevennes-Occitanie-148-800x534.jpg 800w, https:\/\/www.jdroadtrip.tv\/blog\/wp-content\/uploads\/2024\/10\/Cevennes-Occitanie-148-250x167.jpg 250w, https:\/\/www.jdroadtrip.tv\/blog\/wp-content\/uploads\/2024\/10\/Cevennes-Occitanie-148-768x513.jpg 768w, https:\/\/www.jdroadtrip.tv\/blog\/wp-content\/uploads\/2024\/10\/Cevennes-Occitanie-148-1536x1025.jpg 1536w\" sizes=\"(max-width: 2000px) 100vw, 2000px\" \/>\t\t\t\t\t\t\t\t\t\t\t\t\t\t\t<\/div>\n\t\t\t\t<\/div>\n\t\t\t\t<div class=\"elementor-element elementor-element-00bcd05 elementor-widget-tablet__width-initial elementor-widget-mobile__width-initial elementor-widget elementor-widget-gallery\" data-id=\"00bcd05\" data-element_type=\"widget\" data-settings=\"{&quot;gallery_layout&quot;:&quot;masonry&quot;,&quot;columns&quot;:3,&quot;columns_tablet&quot;:3,&quot;columns_mobile&quot;:3,&quot;lazyload&quot;:&quot;yes&quot;,&quot;gap&quot;:{&quot;unit&quot;:&quot;px&quot;,&quot;size&quot;:10,&quot;sizes&quot;:[]},&quot;gap_tablet&quot;:{&quot;unit&quot;:&quot;px&quot;,&quot;size&quot;:10,&quot;sizes&quot;:[]},&quot;gap_mobile&quot;:{&quot;unit&quot;:&quot;px&quot;,&quot;size&quot;:10,&quot;sizes&quot;:[]},&quot;link_to&quot;:&quot;file&quot;,&quot;overlay_background&quot;:&quot;yes&quot;,&quot;content_hover_animation&quot;:&quot;fade-in&quot;}\" data-widget_type=\"gallery.default\">\n\t\t\t\t<div class=\"elementor-widget-container\">\n\t\t\t\t\t\t\t<div class=\"elementor-gallery__container\">\n\t\t\t\t\t\t\t<a class=\"e-gallery-item elementor-gallery-item elementor-animated-content\" href=\"https:\/\/www.jdroadtrip.tv\/blog\/wp-content\/uploads\/2024\/10\/Cevennes-Occitanie-144.jpg\" data-elementor-open-lightbox=\"yes\" data-elementor-lightbox-slideshow=\"00bcd05\" data-elementor-lightbox-title=\"C\u00e9vennes-Occitanie-144\" data-e-action-hash=\"#elementor-action%3Aaction%3Dlightbox%26settings%3DeyJpZCI6NzE5MjUsInVybCI6Imh0dHBzOlwvXC93d3cuamRyb2FkdHJpcC50dlwvYmxvZ1wvd3AtY29udGVudFwvdXBsb2Fkc1wvMjAyNFwvMTBcL0NldmVubmVzLU9jY2l0YW5pZS0xNDQuanBnIiwic2xpZGVzaG93IjoiMDBiY2QwNSJ9\">\n\t\t\t\t\t<div class=\"e-gallery-image elementor-gallery-item__image\" data-thumbnail=\"https:\/\/www.jdroadtrip.tv\/blog\/wp-content\/uploads\/2024\/10\/Cevennes-Occitanie-144.jpg\" data-width=\"2000\" data-height=\"1335\" aria-label=\"Paysage automnale dans les C\u00e9vennes\" role=\"img\" ><\/div>\n\t\t\t\t\t\t\t\t\t\t\t<div class=\"elementor-gallery-item__overlay\"><\/div>\n\t\t\t\t\t\t\t\t\t\t\t\t\t\t<\/a>\n\t\t\t\t\t\t\t<a class=\"e-gallery-item elementor-gallery-item elementor-animated-content\" href=\"https:\/\/www.jdroadtrip.tv\/blog\/wp-content\/uploads\/2024\/10\/Cevennes-Occitanie-145.jpg\" data-elementor-open-lightbox=\"yes\" data-elementor-lightbox-slideshow=\"00bcd05\" data-elementor-lightbox-title=\"C\u00e9vennes-Occitanie-145\" data-e-action-hash=\"#elementor-action%3Aaction%3Dlightbox%26settings%3DeyJpZCI6NzE5MjYsInVybCI6Imh0dHBzOlwvXC93d3cuamRyb2FkdHJpcC50dlwvYmxvZ1wvd3AtY29udGVudFwvdXBsb2Fkc1wvMjAyNFwvMTBcL0NldmVubmVzLU9jY2l0YW5pZS0xNDUuanBnIiwic2xpZGVzaG93IjoiMDBiY2QwNSJ9\">\n\t\t\t\t\t<div class=\"e-gallery-image elementor-gallery-item__image\" data-thumbnail=\"https:\/\/www.jdroadtrip.tv\/blog\/wp-content\/uploads\/2024\/10\/Cevennes-Occitanie-145.jpg\" data-width=\"2000\" data-height=\"1335\" aria-label=\"Vue sur le chemin de randonn\u00e9e de Villaret\" role=\"img\" ><\/div>\n\t\t\t\t\t\t\t\t\t\t\t<div class=\"elementor-gallery-item__overlay\"><\/div>\n\t\t\t\t\t\t\t\t\t\t\t\t\t\t<\/a>\n\t\t\t\t\t\t\t<a class=\"e-gallery-item elementor-gallery-item elementor-animated-content\" href=\"https:\/\/www.jdroadtrip.tv\/blog\/wp-content\/uploads\/2024\/10\/Cevennes-Occitanie-149.jpg\" data-elementor-open-lightbox=\"yes\" data-elementor-lightbox-slideshow=\"00bcd05\" data-elementor-lightbox-title=\"C\u00e9vennes-Occitanie-149\" data-e-action-hash=\"#elementor-action%3Aaction%3Dlightbox%26settings%3DeyJpZCI6NzE5MjksInVybCI6Imh0dHBzOlwvXC93d3cuamRyb2FkdHJpcC50dlwvYmxvZ1wvd3AtY29udGVudFwvdXBsb2Fkc1wvMjAyNFwvMTBcL0NldmVubmVzLU9jY2l0YW5pZS0xNDkuanBnIiwic2xpZGVzaG93IjoiMDBiY2QwNSJ9\">\n\t\t\t\t\t<div class=\"e-gallery-image elementor-gallery-item__image\" data-thumbnail=\"https:\/\/www.jdroadtrip.tv\/blog\/wp-content\/uploads\/2024\/10\/Cevennes-Occitanie-149.jpg\" data-width=\"2000\" data-height=\"1335\" aria-label=\"M\u00fbres sauvages sur le chemin de randonn\u00e9e de Villaret\" role=\"img\" ><\/div>\n\t\t\t\t\t\t\t\t\t\t\t<div class=\"elementor-gallery-item__overlay\"><\/div>\n\t\t\t\t\t\t\t\t\t\t\t\t\t\t<\/a>\n\t\t\t\t\t\t\t<a class=\"e-gallery-item elementor-gallery-item elementor-animated-content\" href=\"https:\/\/www.jdroadtrip.tv\/blog\/wp-content\/uploads\/2024\/10\/Cevennes-Occitanie-154.jpg\" data-elementor-open-lightbox=\"yes\" data-elementor-lightbox-slideshow=\"00bcd05\" data-elementor-lightbox-title=\"C\u00e9vennes-Occitanie-154\" data-e-action-hash=\"#elementor-action%3Aaction%3Dlightbox%26settings%3DeyJpZCI6NzE5MzQsInVybCI6Imh0dHBzOlwvXC93d3cuamRyb2FkdHJpcC50dlwvYmxvZ1wvd3AtY29udGVudFwvdXBsb2Fkc1wvMjAyNFwvMTBcL0NldmVubmVzLU9jY2l0YW5pZS0xNTQuanBnIiwic2xpZGVzaG93IjoiMDBiY2QwNSJ9\">\n\t\t\t\t\t<div class=\"e-gallery-image elementor-gallery-item__image\" data-thumbnail=\"https:\/\/www.jdroadtrip.tv\/blog\/wp-content\/uploads\/2024\/10\/Cevennes-Occitanie-154.jpg\" data-width=\"2000\" data-height=\"1335\" aria-label=\"Ch\u00e2taigne sur le chemin de randonn\u00e9e de Villaret\" role=\"img\" ><\/div>\n\t\t\t\t\t\t\t\t\t\t\t<div class=\"elementor-gallery-item__overlay\"><\/div>\n\t\t\t\t\t\t\t\t\t\t\t\t\t\t<\/a>\n\t\t\t\t\t\t\t<a class=\"e-gallery-item elementor-gallery-item elementor-animated-content\" href=\"https:\/\/www.jdroadtrip.tv\/blog\/wp-content\/uploads\/2024\/10\/Cevennes-Occitanie-159.jpg\" data-elementor-open-lightbox=\"yes\" data-elementor-lightbox-slideshow=\"00bcd05\" data-elementor-lightbox-title=\"C\u00e9vennes-Occitanie-159\" data-e-action-hash=\"#elementor-action%3Aaction%3Dlightbox%26settings%3DeyJpZCI6NzE5MzksInVybCI6Imh0dHBzOlwvXC93d3cuamRyb2FkdHJpcC50dlwvYmxvZ1wvd3AtY29udGVudFwvdXBsb2Fkc1wvMjAyNFwvMTBcL0NldmVubmVzLU9jY2l0YW5pZS0xNTkuanBnIiwic2xpZGVzaG93IjoiMDBiY2QwNSJ9\">\n\t\t\t\t\t<div class=\"e-gallery-image elementor-gallery-item__image\" data-thumbnail=\"https:\/\/www.jdroadtrip.tv\/blog\/wp-content\/uploads\/2024\/10\/Cevennes-Occitanie-159.jpg\" data-width=\"2000\" data-height=\"1335\" aria-label=\"Foug\u00e8res sur le chemin de randonn\u00e9e de Villaret\" role=\"img\" ><\/div>\n\t\t\t\t\t\t\t\t\t\t\t<div class=\"elementor-gallery-item__overlay\"><\/div>\n\t\t\t\t\t\t\t\t\t\t\t\t\t\t<\/a>\n\t\t\t\t\t\t\t<a class=\"e-gallery-item elementor-gallery-item elementor-animated-content\" href=\"https:\/\/www.jdroadtrip.tv\/blog\/wp-content\/uploads\/2024\/10\/Cevennes-Occitanie-166.jpg\" data-elementor-open-lightbox=\"yes\" data-elementor-lightbox-slideshow=\"00bcd05\" data-elementor-lightbox-title=\"C\u00e9vennes-Occitanie-166\" data-e-action-hash=\"#elementor-action%3Aaction%3Dlightbox%26settings%3DeyJpZCI6NzE5NDYsInVybCI6Imh0dHBzOlwvXC93d3cuamRyb2FkdHJpcC50dlwvYmxvZ1wvd3AtY29udGVudFwvdXBsb2Fkc1wvMjAyNFwvMTBcL0NldmVubmVzLU9jY2l0YW5pZS0xNjYuanBnIiwic2xpZGVzaG93IjoiMDBiY2QwNSJ9\">\n\t\t\t\t\t<div class=\"e-gallery-image elementor-gallery-item__image\" data-thumbnail=\"https:\/\/www.jdroadtrip.tv\/blog\/wp-content\/uploads\/2024\/10\/Cevennes-Occitanie-166.jpg\" data-width=\"2000\" data-height=\"1335\" aria-label=\"Panneau de Massufret sur le chemin de randonn\u00e9e dans les C\u00e9vennes\" role=\"img\" ><\/div>\n\t\t\t\t\t\t\t\t\t\t\t<div class=\"elementor-gallery-item__overlay\"><\/div>\n\t\t\t\t\t\t\t\t\t\t\t\t\t\t<\/a>\n\t\t\t\t\t\t\t<a class=\"e-gallery-item elementor-gallery-item elementor-animated-content\" href=\"https:\/\/www.jdroadtrip.tv\/blog\/wp-content\/uploads\/2024\/10\/Cevennes-Occitanie-175-scaled.jpg\" data-elementor-open-lightbox=\"yes\" data-elementor-lightbox-slideshow=\"00bcd05\" data-elementor-lightbox-title=\"C\u00e9vennes-Occitanie-175\" data-e-action-hash=\"#elementor-action%3Aaction%3Dlightbox%26settings%3DeyJpZCI6NzE5NTUsInVybCI6Imh0dHBzOlwvXC93d3cuamRyb2FkdHJpcC50dlwvYmxvZ1wvd3AtY29udGVudFwvdXBsb2Fkc1wvMjAyNFwvMTBcL0NldmVubmVzLU9jY2l0YW5pZS0xNzUtc2NhbGVkLmpwZyIsInNsaWRlc2hvdyI6IjAwYmNkMDUifQ%3D%3D\">\n\t\t\t\t\t<div class=\"e-gallery-image elementor-gallery-item__image\" data-thumbnail=\"https:\/\/www.jdroadtrip.tv\/blog\/wp-content\/uploads\/2024\/10\/Cevennes-Occitanie-175-scaled.jpg\" data-width=\"1367\" data-height=\"2048\" aria-label=\"\" role=\"img\" ><\/div>\n\t\t\t\t\t\t\t\t\t\t\t<div class=\"elementor-gallery-item__overlay\"><\/div>\n\t\t\t\t\t\t\t\t\t\t\t\t\t\t<\/a>\n\t\t\t\t\t\t\t<a class=\"e-gallery-item elementor-gallery-item elementor-animated-content\" href=\"https:\/\/www.jdroadtrip.tv\/blog\/wp-content\/uploads\/2024\/10\/Cevennes-Occitanie-163-scaled.jpg\" data-elementor-open-lightbox=\"yes\" data-elementor-lightbox-slideshow=\"00bcd05\" data-elementor-lightbox-title=\"C\u00e9vennes-Occitanie-163\" data-e-action-hash=\"#elementor-action%3Aaction%3Dlightbox%26settings%3DeyJpZCI6NzE5NDMsInVybCI6Imh0dHBzOlwvXC93d3cuamRyb2FkdHJpcC50dlwvYmxvZ1wvd3AtY29udGVudFwvdXBsb2Fkc1wvMjAyNFwvMTBcL0NldmVubmVzLU9jY2l0YW5pZS0xNjMtc2NhbGVkLmpwZyIsInNsaWRlc2hvdyI6IjAwYmNkMDUifQ%3D%3D\">\n\t\t\t\t\t<div class=\"e-gallery-image elementor-gallery-item__image\" data-thumbnail=\"https:\/\/www.jdroadtrip.tv\/blog\/wp-content\/uploads\/2024\/10\/Cevennes-Occitanie-163-scaled.jpg\" data-width=\"1367\" data-height=\"2048\" aria-label=\"Ancienne maison en pierre sur le chemin de randonn\u00e9e de Villaret\" role=\"img\" ><\/div>\n\t\t\t\t\t\t\t\t\t\t\t<div class=\"elementor-gallery-item__overlay\"><\/div>\n\t\t\t\t\t\t\t\t\t\t\t\t\t\t<\/a>\n\t\t\t\t\t\t\t<a class=\"e-gallery-item elementor-gallery-item elementor-animated-content\" href=\"https:\/\/www.jdroadtrip.tv\/blog\/wp-content\/uploads\/2024\/10\/Cevennes-Occitanie-174-scaled.jpg\" data-elementor-open-lightbox=\"yes\" data-elementor-lightbox-slideshow=\"00bcd05\" data-elementor-lightbox-title=\"C\u00e9vennes-Occitanie-174\" data-e-action-hash=\"#elementor-action%3Aaction%3Dlightbox%26settings%3DeyJpZCI6NzE5NTQsInVybCI6Imh0dHBzOlwvXC93d3cuamRyb2FkdHJpcC50dlwvYmxvZ1wvd3AtY29udGVudFwvdXBsb2Fkc1wvMjAyNFwvMTBcL0NldmVubmVzLU9jY2l0YW5pZS0xNzQtc2NhbGVkLmpwZyIsInNsaWRlc2hvdyI6IjAwYmNkMDUifQ%3D%3D\">\n\t\t\t\t\t<div class=\"e-gallery-image elementor-gallery-item__image\" data-thumbnail=\"https:\/\/www.jdroadtrip.tv\/blog\/wp-content\/uploads\/2024\/10\/Cevennes-Occitanie-174-scaled.jpg\" data-width=\"1367\" data-height=\"2048\" aria-label=\"Champignon sur le chemin de randonn\u00e9e de Villaret\" role=\"img\" ><\/div>\n\t\t\t\t\t\t\t\t\t\t\t<div class=\"elementor-gallery-item__overlay\"><\/div>\n\t\t\t\t\t\t\t\t\t\t\t\t\t\t<\/a>\n\t\t\t\t\t\t\t<a class=\"e-gallery-item elementor-gallery-item elementor-animated-content\" href=\"https:\/\/www.jdroadtrip.tv\/blog\/wp-content\/uploads\/2024\/10\/Cevennes-Occitanie-160-scaled.jpg\" data-elementor-open-lightbox=\"yes\" data-elementor-lightbox-slideshow=\"00bcd05\" data-elementor-lightbox-title=\"C\u00e9vennes-Occitanie-160\" data-e-action-hash=\"#elementor-action%3Aaction%3Dlightbox%26settings%3DeyJpZCI6NzE5NDAsInVybCI6Imh0dHBzOlwvXC93d3cuamRyb2FkdHJpcC50dlwvYmxvZ1wvd3AtY29udGVudFwvdXBsb2Fkc1wvMjAyNFwvMTBcL0NldmVubmVzLU9jY2l0YW5pZS0xNjAtc2NhbGVkLmpwZyIsInNsaWRlc2hvdyI6IjAwYmNkMDUifQ%3D%3D\">\n\t\t\t\t\t<div class=\"e-gallery-image elementor-gallery-item__image\" data-thumbnail=\"https:\/\/www.jdroadtrip.tv\/blog\/wp-content\/uploads\/2024\/10\/Cevennes-Occitanie-160-scaled.jpg\" data-width=\"1367\" data-height=\"2048\" aria-label=\"Vue sur le chemin de randonn\u00e9e de Villaret\" role=\"img\" ><\/div>\n\t\t\t\t\t\t\t\t\t\t\t<div class=\"elementor-gallery-item__overlay\"><\/div>\n\t\t\t\t\t\t\t\t\t\t\t\t\t\t<\/a>\n\t\t\t\t\t\t\t<a class=\"e-gallery-item elementor-gallery-item elementor-animated-content\" href=\"https:\/\/www.jdroadtrip.tv\/blog\/wp-content\/uploads\/2024\/10\/Cevennes-Occitanie-165-scaled.jpg\" data-elementor-open-lightbox=\"yes\" data-elementor-lightbox-slideshow=\"00bcd05\" data-elementor-lightbox-title=\"C\u00e9vennes-Occitanie-165\" data-e-action-hash=\"#elementor-action%3Aaction%3Dlightbox%26settings%3DeyJpZCI6NzE5NDUsInVybCI6Imh0dHBzOlwvXC93d3cuamRyb2FkdHJpcC50dlwvYmxvZ1wvd3AtY29udGVudFwvdXBsb2Fkc1wvMjAyNFwvMTBcL0NldmVubmVzLU9jY2l0YW5pZS0xNjUtc2NhbGVkLmpwZyIsInNsaWRlc2hvdyI6IjAwYmNkMDUifQ%3D%3D\">\n\t\t\t\t\t<div class=\"e-gallery-image elementor-gallery-item__image\" data-thumbnail=\"https:\/\/www.jdroadtrip.tv\/blog\/wp-content\/uploads\/2024\/10\/Cevennes-Occitanie-165-scaled.jpg\" data-width=\"1367\" data-height=\"2048\" aria-label=\"Balade en foret sur le chemin de randonn\u00e9e de Villaret\" role=\"img\" ><\/div>\n\t\t\t\t\t\t\t\t\t\t\t<div class=\"elementor-gallery-item__overlay\"><\/div>\n\t\t\t\t\t\t\t\t\t\t\t\t\t\t<\/a>\n\t\t\t\t\t\t\t<a class=\"e-gallery-item elementor-gallery-item elementor-animated-content\" href=\"https:\/\/www.jdroadtrip.tv\/blog\/wp-content\/uploads\/2024\/10\/Cevennes-Occitanie-170-scaled.jpg\" data-elementor-open-lightbox=\"yes\" data-elementor-lightbox-slideshow=\"00bcd05\" data-elementor-lightbox-title=\"C\u00e9vennes-Occitanie-170\" data-e-action-hash=\"#elementor-action%3Aaction%3Dlightbox%26settings%3DeyJpZCI6NzE5NTAsInVybCI6Imh0dHBzOlwvXC93d3cuamRyb2FkdHJpcC50dlwvYmxvZ1wvd3AtY29udGVudFwvdXBsb2Fkc1wvMjAyNFwvMTBcL0NldmVubmVzLU9jY2l0YW5pZS0xNzAtc2NhbGVkLmpwZyIsInNsaWRlc2hvdyI6IjAwYmNkMDUifQ%3D%3D\">\n\t\t\t\t\t<div class=\"e-gallery-image elementor-gallery-item__image\" data-thumbnail=\"https:\/\/www.jdroadtrip.tv\/blog\/wp-content\/uploads\/2024\/10\/Cevennes-Occitanie-170-scaled.jpg\" data-width=\"1367\" data-height=\"2048\" aria-label=\"Vue sur le chemin de randonn\u00e9e de Villaret\" role=\"img\" ><\/div>\n\t\t\t\t\t\t\t\t\t\t\t<div class=\"elementor-gallery-item__overlay\"><\/div>\n\t\t\t\t\t\t\t\t\t\t\t\t\t\t<\/a>\n\t\t\t\t\t<\/div>\n\t\t\t\t\t<\/div>\n\t\t\t\t<\/div>\n\t\t\t\t\t<\/div>\n\t\t<\/div>\n\t\t\t\t\t<\/div>\n\t\t<\/section>\n\t\t\t\t<section class=\"elementor-section elementor-top-section elementor-element elementor-element-d0d334b elementor-section-boxed elementor-section-height-default elementor-section-height-default\" data-id=\"d0d334b\" data-element_type=\"section\">\n\t\t\t\t\t\t<div class=\"elementor-container elementor-column-gap-default\">\n\t\t\t\t\t<div class=\"elementor-column elementor-col-100 elementor-top-column elementor-element elementor-element-920344b\" data-id=\"920344b\" data-element_type=\"column\">\n\t\t\t<div class=\"elementor-widget-wrap elementor-element-populated\">\n\t\t\t\t\t\t<div class=\"elementor-element elementor-element-f0ae011 elementor-widget elementor-widget-heading\" data-id=\"f0ae011\" data-element_type=\"widget\" data-widget_type=\"heading.default\">\n\t\t\t\t<div class=\"elementor-widget-container\">\n\t\t\t\t\t<h2 class=\"elementor-heading-title elementor-size-default\">O\u00f9 dormir pour un week-end dans les C\u00e9vennes ?<\/h2>\t\t\t\t<\/div>\n\t\t\t\t<\/div>\n\t\t\t\t<div class=\"elementor-element elementor-element-8752870 elementor-widget elementor-widget-text-editor\" data-id=\"8752870\" data-element_type=\"widget\" data-widget_type=\"text-editor.default\">\n\t\t\t\t<div class=\"elementor-widget-container\">\n\t\t\t\t\t\t\t\t\t<h3><span style=\"font-size: 18pt;\">La garage des C\u00e9vennes \u00e0 Anduze<\/span><\/h3><p style=\"text-align: justify;\"><span style=\"font-size: 14pt;\">Un <strong>charmant petit h\u00f4tel au c\u0153ur du village d&rsquo;Anduze<\/strong>, ce qui permet d&rsquo;aller se balader facilement. L&rsquo;<a href=\"https:\/\/www.booking.com\/hotel\/fr\/l-39-du-garage-des-cevennes.en.html?aid=1559594&amp;no_rooms=1&amp;group_adults=2\" target=\"_blank\" rel=\"noopener\"><b>h\u00f4tel le Garage des C\u00e9vennes<\/b><\/a> poss\u00e8de un bar avec la possibilit\u00e9 de se mettre en terrasse ou dans le jardin durant les beaux jours et un restaurant. Nous avons d\u00een\u00e9 au restaurant de l&rsquo;h\u00f4tel, excellente cuisine, avec de jolies assiettes avec des produits frais qui donnent vraiment envie. Les chambres sont propres, un air des C\u00e9vennes dans la d\u00e9coration, elles sont spacieuses avec tout le n\u00e9cessaire. L&rsquo;endroit est tr\u00e8s calme et reposant. Le petit d\u00e9jeuner est simple, mais vous avez le choix entre le sal\u00e9 et le sucr\u00e9, parfait pour commencer ce week-end dans les C\u00e9vennes. <\/span><\/p><p style=\"text-align: justify;\"><span style=\"font-size: 14pt;\">Si vous venez en voiture, il y a un parking gratuit \u00e0 proximit\u00e9.<\/span><\/p>\t\t\t\t\t\t\t\t<\/div>\n\t\t\t\t<\/div>\n\t\t\t\t<div class=\"elementor-element elementor-element-338d7d0 elementor-align-justify elementor-widget elementor-widget-button\" data-id=\"338d7d0\" data-element_type=\"widget\" data-widget_type=\"button.default\">\n\t\t\t\t<div class=\"elementor-widget-container\">\n\t\t\t\t\t\t\t\t\t<div class=\"elementor-button-wrapper\">\n\t\t\t\t\t<a class=\"elementor-button elementor-button-link elementor-size-sm\" href=\"https:\/\/www.booking.com\/hotel\/fr\/l-39-du-garage-des-cevennes.en.html?aid=1559594&#038;no_rooms=1&#038;group_adults=2\" target=\"_blank\">\n\t\t\t\t\t\t<span class=\"elementor-button-content-wrapper\">\n\t\t\t\t\t\t\t\t\t<span class=\"elementor-button-text\">Plus d'informations sur l'h\u00f4tel Le Garage des C\u00e9vennes<\/span>\n\t\t\t\t\t<\/span>\n\t\t\t\t\t<\/a>\n\t\t\t\t<\/div>\n\t\t\t\t\t\t\t\t<\/div>\n\t\t\t\t<\/div>\n\t\t\t\t<div class=\"elementor-element elementor-element-30daaed elementor-widget-mobile__width-initial elementor-widget elementor-widget-gallery\" data-id=\"30daaed\" data-element_type=\"widget\" data-settings=\"{&quot;gallery_layout&quot;:&quot;masonry&quot;,&quot;columns_tablet&quot;:4,&quot;columns_mobile&quot;:4,&quot;lazyload&quot;:&quot;yes&quot;,&quot;columns&quot;:4,&quot;gap&quot;:{&quot;unit&quot;:&quot;px&quot;,&quot;size&quot;:10,&quot;sizes&quot;:[]},&quot;gap_tablet&quot;:{&quot;unit&quot;:&quot;px&quot;,&quot;size&quot;:10,&quot;sizes&quot;:[]},&quot;gap_mobile&quot;:{&quot;unit&quot;:&quot;px&quot;,&quot;size&quot;:10,&quot;sizes&quot;:[]},&quot;link_to&quot;:&quot;file&quot;,&quot;overlay_background&quot;:&quot;yes&quot;,&quot;content_hover_animation&quot;:&quot;fade-in&quot;}\" data-widget_type=\"gallery.default\">\n\t\t\t\t<div class=\"elementor-widget-container\">\n\t\t\t\t\t\t\t<div class=\"elementor-gallery__container\">\n\t\t\t\t\t\t\t<a class=\"e-gallery-item elementor-gallery-item elementor-animated-content\" href=\"https:\/\/www.jdroadtrip.tv\/blog\/wp-content\/uploads\/2024\/10\/Cevennes-Occitanie-51-scaled.jpg\" data-elementor-open-lightbox=\"yes\" data-elementor-lightbox-slideshow=\"30daaed\" data-elementor-lightbox-title=\"C\u00e9vennes-Occitanie-51\" data-e-action-hash=\"#elementor-action%3Aaction%3Dlightbox%26settings%3DeyJpZCI6NzE5ODEsInVybCI6Imh0dHBzOlwvXC93d3cuamRyb2FkdHJpcC50dlwvYmxvZ1wvd3AtY29udGVudFwvdXBsb2Fkc1wvMjAyNFwvMTBcL0NldmVubmVzLU9jY2l0YW5pZS01MS1zY2FsZWQuanBnIiwic2xpZGVzaG93IjoiMzBkYWFlZCJ9\">\n\t\t\t\t\t<div class=\"e-gallery-image elementor-gallery-item__image\" data-thumbnail=\"https:\/\/www.jdroadtrip.tv\/blog\/wp-content\/uploads\/2024\/10\/Cevennes-Occitanie-51-scaled.jpg\" data-width=\"1367\" data-height=\"2048\" aria-label=\"\" role=\"img\" ><\/div>\n\t\t\t\t\t\t\t\t\t\t\t<div class=\"elementor-gallery-item__overlay\"><\/div>\n\t\t\t\t\t\t\t\t\t\t\t\t\t\t<\/a>\n\t\t\t\t\t\t\t<a class=\"e-gallery-item elementor-gallery-item elementor-animated-content\" href=\"https:\/\/www.jdroadtrip.tv\/blog\/wp-content\/uploads\/2024\/10\/Cevennes-Occitanie-53-scaled.jpg\" data-elementor-open-lightbox=\"yes\" data-elementor-lightbox-slideshow=\"30daaed\" data-elementor-lightbox-title=\"C\u00e9vennes-Occitanie-53\" data-e-action-hash=\"#elementor-action%3Aaction%3Dlightbox%26settings%3DeyJpZCI6NzE5ODYsInVybCI6Imh0dHBzOlwvXC93d3cuamRyb2FkdHJpcC50dlwvYmxvZ1wvd3AtY29udGVudFwvdXBsb2Fkc1wvMjAyNFwvMTBcL0NldmVubmVzLU9jY2l0YW5pZS01My1zY2FsZWQuanBnIiwic2xpZGVzaG93IjoiMzBkYWFlZCJ9\">\n\t\t\t\t\t<div class=\"e-gallery-image elementor-gallery-item__image\" data-thumbnail=\"https:\/\/www.jdroadtrip.tv\/blog\/wp-content\/uploads\/2024\/10\/Cevennes-Occitanie-53-scaled.jpg\" data-width=\"1367\" data-height=\"2048\" aria-label=\"Tour dans la ville d&#039;Anduze\" role=\"img\" ><\/div>\n\t\t\t\t\t\t\t\t\t\t\t<div class=\"elementor-gallery-item__overlay\"><\/div>\n\t\t\t\t\t\t\t\t\t\t\t\t\t\t<\/a>\n\t\t\t\t\t\t\t<a class=\"e-gallery-item elementor-gallery-item elementor-animated-content\" href=\"https:\/\/www.jdroadtrip.tv\/blog\/wp-content\/uploads\/2024\/10\/Cevennes-Occitanie-56-scaled.jpg\" data-elementor-open-lightbox=\"yes\" data-elementor-lightbox-slideshow=\"30daaed\" data-elementor-lightbox-title=\"C\u00e9vennes-Occitanie-56\" data-e-action-hash=\"#elementor-action%3Aaction%3Dlightbox%26settings%3DeyJpZCI6NzE5ODcsInVybCI6Imh0dHBzOlwvXC93d3cuamRyb2FkdHJpcC50dlwvYmxvZ1wvd3AtY29udGVudFwvdXBsb2Fkc1wvMjAyNFwvMTBcL0NldmVubmVzLU9jY2l0YW5pZS01Ni1zY2FsZWQuanBnIiwic2xpZGVzaG93IjoiMzBkYWFlZCJ9\">\n\t\t\t\t\t<div class=\"e-gallery-image elementor-gallery-item__image\" data-thumbnail=\"https:\/\/www.jdroadtrip.tv\/blog\/wp-content\/uploads\/2024\/10\/Cevennes-Occitanie-56-scaled.jpg\" data-width=\"1367\" data-height=\"2048\" aria-label=\"Pont dans la ville d&#039;Anduze\" role=\"img\" ><\/div>\n\t\t\t\t\t\t\t\t\t\t\t<div class=\"elementor-gallery-item__overlay\"><\/div>\n\t\t\t\t\t\t\t\t\t\t\t\t\t\t<\/a>\n\t\t\t\t\t\t\t<a class=\"e-gallery-item elementor-gallery-item elementor-animated-content\" href=\"https:\/\/www.jdroadtrip.tv\/blog\/wp-content\/uploads\/2024\/10\/Cevennes-Occitanie-57-scaled.jpg\" data-elementor-open-lightbox=\"yes\" data-elementor-lightbox-slideshow=\"30daaed\" data-elementor-lightbox-title=\"C\u00e9vennes-Occitanie-57\" data-e-action-hash=\"#elementor-action%3Aaction%3Dlightbox%26settings%3DeyJpZCI6NzE5ODgsInVybCI6Imh0dHBzOlwvXC93d3cuamRyb2FkdHJpcC50dlwvYmxvZ1wvd3AtY29udGVudFwvdXBsb2Fkc1wvMjAyNFwvMTBcL0NldmVubmVzLU9jY2l0YW5pZS01Ny1zY2FsZWQuanBnIiwic2xpZGVzaG93IjoiMzBkYWFlZCJ9\">\n\t\t\t\t\t<div class=\"e-gallery-image elementor-gallery-item__image\" data-thumbnail=\"https:\/\/www.jdroadtrip.tv\/blog\/wp-content\/uploads\/2024\/10\/Cevennes-Occitanie-57-scaled.jpg\" data-width=\"1367\" data-height=\"2048\" aria-label=\"Rivi\u00e8re le gardon dans la ville d&#039;Anduze\" role=\"img\" ><\/div>\n\t\t\t\t\t\t\t\t\t\t\t<div class=\"elementor-gallery-item__overlay\"><\/div>\n\t\t\t\t\t\t\t\t\t\t\t\t\t\t<\/a>\n\t\t\t\t\t\t\t<a class=\"e-gallery-item elementor-gallery-item elementor-animated-content\" href=\"https:\/\/www.jdroadtrip.tv\/blog\/wp-content\/uploads\/2024\/10\/Cevennes-Occitanie-52.jpg\" data-elementor-open-lightbox=\"yes\" data-elementor-lightbox-slideshow=\"30daaed\" data-elementor-lightbox-title=\"C\u00e9vennes-Occitanie-52\" data-e-action-hash=\"#elementor-action%3Aaction%3Dlightbox%26settings%3DeyJpZCI6NzE5ODIsInVybCI6Imh0dHBzOlwvXC93d3cuamRyb2FkdHJpcC50dlwvYmxvZ1wvd3AtY29udGVudFwvdXBsb2Fkc1wvMjAyNFwvMTBcL0NldmVubmVzLU9jY2l0YW5pZS01Mi5qcGciLCJzbGlkZXNob3ciOiIzMGRhYWVkIn0%3D\">\n\t\t\t\t\t<div class=\"e-gallery-image elementor-gallery-item__image\" data-thumbnail=\"https:\/\/www.jdroadtrip.tv\/blog\/wp-content\/uploads\/2024\/10\/Cevennes-Occitanie-52.jpg\" data-width=\"2000\" data-height=\"1335\" aria-label=\"H\u00f4tel Le garage des C\u00e9vennes \u00e0 Anduze\" role=\"img\" ><\/div>\n\t\t\t\t\t\t\t\t\t\t\t<div class=\"elementor-gallery-item__overlay\"><\/div>\n\t\t\t\t\t\t\t\t\t\t\t\t\t\t<\/a>\n\t\t\t\t\t\t\t<a class=\"e-gallery-item elementor-gallery-item elementor-animated-content\" href=\"https:\/\/www.jdroadtrip.tv\/blog\/wp-content\/uploads\/2024\/10\/Cevennes-Occitanie-62.jpg\" data-elementor-open-lightbox=\"yes\" data-elementor-lightbox-slideshow=\"30daaed\" data-elementor-lightbox-title=\"C\u00e9vennes-Occitanie-62\" data-e-action-hash=\"#elementor-action%3Aaction%3Dlightbox%26settings%3DeyJpZCI6NzE5ODMsInVybCI6Imh0dHBzOlwvXC93d3cuamRyb2FkdHJpcC50dlwvYmxvZ1wvd3AtY29udGVudFwvdXBsb2Fkc1wvMjAyNFwvMTBcL0NldmVubmVzLU9jY2l0YW5pZS02Mi5qcGciLCJzbGlkZXNob3ciOiIzMGRhYWVkIn0%3D\">\n\t\t\t\t\t<div class=\"e-gallery-image elementor-gallery-item__image\" data-thumbnail=\"https:\/\/www.jdroadtrip.tv\/blog\/wp-content\/uploads\/2024\/10\/Cevennes-Occitanie-62.jpg\" data-width=\"2000\" data-height=\"1335\" aria-label=\"Restaurant Le garage des C\u00e9vennes \u00e0 Anduze\" role=\"img\" ><\/div>\n\t\t\t\t\t\t\t\t\t\t\t<div class=\"elementor-gallery-item__overlay\"><\/div>\n\t\t\t\t\t\t\t\t\t\t\t\t\t\t<\/a>\n\t\t\t\t\t\t\t<a class=\"e-gallery-item elementor-gallery-item elementor-animated-content\" href=\"https:\/\/www.jdroadtrip.tv\/blog\/wp-content\/uploads\/2024\/10\/Cevennes-Occitanie-60.jpg\" data-elementor-open-lightbox=\"yes\" data-elementor-lightbox-slideshow=\"30daaed\" data-elementor-lightbox-title=\"C\u00e9vennes-Occitanie-60\" data-e-action-hash=\"#elementor-action%3Aaction%3Dlightbox%26settings%3DeyJpZCI6NzE5ODQsInVybCI6Imh0dHBzOlwvXC93d3cuamRyb2FkdHJpcC50dlwvYmxvZ1wvd3AtY29udGVudFwvdXBsb2Fkc1wvMjAyNFwvMTBcL0NldmVubmVzLU9jY2l0YW5pZS02MC5qcGciLCJzbGlkZXNob3ciOiIzMGRhYWVkIn0%3D\">\n\t\t\t\t\t<div class=\"e-gallery-image elementor-gallery-item__image\" data-thumbnail=\"https:\/\/www.jdroadtrip.tv\/blog\/wp-content\/uploads\/2024\/10\/Cevennes-Occitanie-60.jpg\" data-width=\"2000\" data-height=\"1335\" aria-label=\"Restaurant Le garage des C\u00e9vennes \u00e0 Anduze\" role=\"img\" ><\/div>\n\t\t\t\t\t\t\t\t\t\t\t<div class=\"elementor-gallery-item__overlay\"><\/div>\n\t\t\t\t\t\t\t\t\t\t\t\t\t\t<\/a>\n\t\t\t\t\t\t\t<a class=\"e-gallery-item elementor-gallery-item elementor-animated-content\" href=\"https:\/\/www.jdroadtrip.tv\/blog\/wp-content\/uploads\/2024\/10\/Cevennes-Occitanie-63.jpg\" data-elementor-open-lightbox=\"yes\" data-elementor-lightbox-slideshow=\"30daaed\" data-elementor-lightbox-title=\"C\u00e9vennes-Occitanie-63\" data-e-action-hash=\"#elementor-action%3Aaction%3Dlightbox%26settings%3DeyJpZCI6NzE5ODUsInVybCI6Imh0dHBzOlwvXC93d3cuamRyb2FkdHJpcC50dlwvYmxvZ1wvd3AtY29udGVudFwvdXBsb2Fkc1wvMjAyNFwvMTBcL0NldmVubmVzLU9jY2l0YW5pZS02My5qcGciLCJzbGlkZXNob3ciOiIzMGRhYWVkIn0%3D\">\n\t\t\t\t\t<div class=\"e-gallery-image elementor-gallery-item__image\" data-thumbnail=\"https:\/\/www.jdroadtrip.tv\/blog\/wp-content\/uploads\/2024\/10\/Cevennes-Occitanie-63.jpg\" data-width=\"2000\" data-height=\"1335\" aria-label=\"Restaurant Le garage des C\u00e9vennes \u00e0 Anduze\" role=\"img\" ><\/div>\n\t\t\t\t\t\t\t\t\t\t\t<div class=\"elementor-gallery-item__overlay\"><\/div>\n\t\t\t\t\t\t\t\t\t\t\t\t\t\t<\/a>\n\t\t\t\t\t<\/div>\n\t\t\t\t\t<\/div>\n\t\t\t\t<\/div>\n\t\t\t\t<div class=\"elementor-element elementor-element-61f1685 elementor-widget elementor-widget-text-editor\" data-id=\"61f1685\" data-element_type=\"widget\" data-widget_type=\"text-editor.default\">\n\t\t\t\t<div class=\"elementor-widget-container\">\n\t\t\t\t\t\t\t\t\t<h3><span style=\"font-size: 18pt;\">Ma p&rsquo;tite cabane en Loz\u00e8re : nuit insolite dans les C\u00e9vennes<\/span><\/h3><p style=\"text-align: justify;\"><span style=\"font-size: 14pt;\">Si vous recherches une<strong> nuit insolite dans les C\u00e9vennes<\/strong>, <a href=\"https:\/\/www.abracadaroom.com\/fr\/reservation-ma-ptite-cabane-en-lozere-cabane-sur-pilotis-cabane-castor-4091\/#ae1250\" target=\"_blank\" rel=\"noopener\"><strong>ma petite cabane en Loz\u00e8re<\/strong><\/a> est l&rsquo;h\u00e9bergement parfait. Accueilli par Bruno et Christy qui me font d\u00e9couvrir les lieux et m&rsquo;installent dans la cabane Castor qui poss\u00e8de l&rsquo;une des plus belles vues de l&rsquo;h\u00e9bergement. Il s&rsquo;agit d&rsquo;une cabane pour 4 si jamais vous venez en famille mais id\u00e9als vous venez aussi en amoureux. Elle poss\u00e8de tou le confort n\u00e9cessaire, kitchenette \u00e9quip\u00e9e, frigo, toilettes, douche\u2026 Le d\u00eener est livr\u00e9 \u00e0 votre cabane pour profiter de la terrasse et le petit d\u00e9jeuner est d\u00e9j\u00e0 dans la cabane. \u00a0L&rsquo;endroit est parfait pour un week-end en amoureux dans les C\u00e9vennes.<\/span><\/p><p style=\"text-align: justify;\"><span style=\"font-size: 14pt;\">\u279c Informations : Il poss\u00e8de 5 cabanes, dont deux qui poss\u00e8de un spa privatif, une pyramide et une bulle. Vous avez le choix concernant les h\u00e9bergements insolites. Si vous etes un grand groupe, ils poss\u00e8dent \u00e9galement plusieurs g\u00eetes. <strong><a href=\"https:\/\/www.abracadaroom.com\/fr\/location-ma-ptite-cabane-en-lozere-2771\/#ae1250\" target=\"_blank\" rel=\"noopener\">Regardez tous les h\u00e9bergements insolites en cliquant ici.<\/a><\/strong><\/span><\/p>\t\t\t\t\t\t\t\t<\/div>\n\t\t\t\t<\/div>\n\t\t\t\t<div class=\"elementor-element elementor-element-7d206d0 elementor-align-justify elementor-widget elementor-widget-button\" data-id=\"7d206d0\" data-element_type=\"widget\" data-widget_type=\"button.default\">\n\t\t\t\t<div class=\"elementor-widget-container\">\n\t\t\t\t\t\t\t\t\t<div class=\"elementor-button-wrapper\">\n\t\t\t\t\t<a class=\"elementor-button elementor-button-link elementor-size-sm\" href=\"https:\/\/www.abracadaroom.com\/fr\/reservation-ma-ptite-cabane-en-lozere-cabane-sur-pilotis-cabane-castor-4091\/#ae1250\" target=\"_blank\">\n\t\t\t\t\t\t<span class=\"elementor-button-content-wrapper\">\n\t\t\t\t\t\t\t\t\t<span class=\"elementor-button-text\">Plus d'informations sur la cabane Castor<\/span>\n\t\t\t\t\t<\/span>\n\t\t\t\t\t<\/a>\n\t\t\t\t<\/div>\n\t\t\t\t\t\t\t\t<\/div>\n\t\t\t\t<\/div>\n\t\t\t\t<div class=\"elementor-element elementor-element-4a212b3 elementor-widget elementor-widget-gallery\" data-id=\"4a212b3\" data-element_type=\"widget\" data-settings=\"{&quot;columns&quot;:2,&quot;columns_mobile&quot;:2,&quot;lazyload&quot;:&quot;yes&quot;,&quot;gallery_layout&quot;:&quot;grid&quot;,&quot;columns_tablet&quot;:2,&quot;gap&quot;:{&quot;unit&quot;:&quot;px&quot;,&quot;size&quot;:10,&quot;sizes&quot;:[]},&quot;gap_tablet&quot;:{&quot;unit&quot;:&quot;px&quot;,&quot;size&quot;:10,&quot;sizes&quot;:[]},&quot;gap_mobile&quot;:{&quot;unit&quot;:&quot;px&quot;,&quot;size&quot;:10,&quot;sizes&quot;:[]},&quot;link_to&quot;:&quot;file&quot;,&quot;aspect_ratio&quot;:&quot;3:2&quot;,&quot;overlay_background&quot;:&quot;yes&quot;,&quot;content_hover_animation&quot;:&quot;fade-in&quot;}\" data-widget_type=\"gallery.default\">\n\t\t\t\t<div class=\"elementor-widget-container\">\n\t\t\t\t\t\t\t<div class=\"elementor-gallery__container\">\n\t\t\t\t\t\t\t<a class=\"e-gallery-item elementor-gallery-item elementor-animated-content\" href=\"https:\/\/www.jdroadtrip.tv\/blog\/wp-content\/uploads\/2021\/06\/Que-faire-en-Lozere-67.jpg\" data-elementor-open-lightbox=\"yes\" data-elementor-lightbox-slideshow=\"4a212b3\" data-elementor-lightbox-title=\"Que-faire-en-Lozere-67\" data-e-action-hash=\"#elementor-action%3Aaction%3Dlightbox%26settings%3DeyJpZCI6NDgxNjEsInVybCI6Imh0dHBzOlwvXC93d3cuamRyb2FkdHJpcC50dlwvYmxvZ1wvd3AtY29udGVudFwvdXBsb2Fkc1wvMjAyMVwvMDZcL1F1ZS1mYWlyZS1lbi1Mb3plcmUtNjcuanBnIiwic2xpZGVzaG93IjoiNGEyMTJiMyJ9\">\n\t\t\t\t\t<div class=\"e-gallery-image elementor-gallery-item__image\" data-thumbnail=\"https:\/\/www.jdroadtrip.tv\/blog\/wp-content\/uploads\/2021\/06\/Que-faire-en-Lozere-67.jpg\" data-width=\"1500\" data-height=\"1000\" aria-label=\"O\u00f9 dormir en Loz\u00e8re : Ma p&#039;tite cabane en Loz\u00e8re\" role=\"img\" ><\/div>\n\t\t\t\t\t\t\t\t\t\t\t<div class=\"elementor-gallery-item__overlay\"><\/div>\n\t\t\t\t\t\t\t\t\t\t\t\t\t\t<\/a>\n\t\t\t\t\t\t\t<a class=\"e-gallery-item elementor-gallery-item elementor-animated-content\" href=\"https:\/\/www.jdroadtrip.tv\/blog\/wp-content\/uploads\/2021\/06\/Que-faire-en-Lozere-59.jpg\" data-elementor-open-lightbox=\"yes\" data-elementor-lightbox-slideshow=\"4a212b3\" data-elementor-lightbox-title=\"Que-faire-en-Lozere-59\" data-e-action-hash=\"#elementor-action%3Aaction%3Dlightbox%26settings%3DeyJpZCI6NDgxNTgsInVybCI6Imh0dHBzOlwvXC93d3cuamRyb2FkdHJpcC50dlwvYmxvZ1wvd3AtY29udGVudFwvdXBsb2Fkc1wvMjAyMVwvMDZcL1F1ZS1mYWlyZS1lbi1Mb3plcmUtNTkuanBnIiwic2xpZGVzaG93IjoiNGEyMTJiMyJ9\">\n\t\t\t\t\t<div class=\"e-gallery-image elementor-gallery-item__image\" data-thumbnail=\"https:\/\/www.jdroadtrip.tv\/blog\/wp-content\/uploads\/2021\/06\/Que-faire-en-Lozere-59.jpg\" data-width=\"1500\" data-height=\"1000\" aria-label=\"O\u00f9 dormir en Loz\u00e8re : Ma p&#039;tite cabane en Loz\u00e8re\" role=\"img\" ><\/div>\n\t\t\t\t\t\t\t\t\t\t\t<div class=\"elementor-gallery-item__overlay\"><\/div>\n\t\t\t\t\t\t\t\t\t\t\t\t\t\t<\/a>\n\t\t\t\t\t\t\t<a class=\"e-gallery-item elementor-gallery-item elementor-animated-content\" href=\"https:\/\/www.jdroadtrip.tv\/blog\/wp-content\/uploads\/2021\/06\/Que-faire-en-Lozere-70.jpg\" data-elementor-open-lightbox=\"yes\" data-elementor-lightbox-slideshow=\"4a212b3\" data-elementor-lightbox-title=\"Que-faire-en-Lozere-70\" data-e-action-hash=\"#elementor-action%3Aaction%3Dlightbox%26settings%3DeyJpZCI6NDgxNjAsInVybCI6Imh0dHBzOlwvXC93d3cuamRyb2FkdHJpcC50dlwvYmxvZ1wvd3AtY29udGVudFwvdXBsb2Fkc1wvMjAyMVwvMDZcL1F1ZS1mYWlyZS1lbi1Mb3plcmUtNzAuanBnIiwic2xpZGVzaG93IjoiNGEyMTJiMyJ9\">\n\t\t\t\t\t<div class=\"e-gallery-image elementor-gallery-item__image\" data-thumbnail=\"https:\/\/www.jdroadtrip.tv\/blog\/wp-content\/uploads\/2021\/06\/Que-faire-en-Lozere-70.jpg\" data-width=\"1500\" data-height=\"1000\" aria-label=\"O\u00f9 dormir en Loz\u00e8re : Ma p&#039;tite cabane en Loz\u00e8re\" role=\"img\" ><\/div>\n\t\t\t\t\t\t\t\t\t\t\t<div class=\"elementor-gallery-item__overlay\"><\/div>\n\t\t\t\t\t\t\t\t\t\t\t\t\t\t<\/a>\n\t\t\t\t\t\t\t<a class=\"e-gallery-item elementor-gallery-item elementor-animated-content\" href=\"https:\/\/www.jdroadtrip.tv\/blog\/wp-content\/uploads\/2021\/06\/Que-faire-en-Lozere-66.jpg\" data-elementor-open-lightbox=\"yes\" data-elementor-lightbox-slideshow=\"4a212b3\" data-elementor-lightbox-title=\"Que-faire-en-Lozere-66\" data-e-action-hash=\"#elementor-action%3Aaction%3Dlightbox%26settings%3DeyJpZCI6NDgxNjIsInVybCI6Imh0dHBzOlwvXC93d3cuamRyb2FkdHJpcC50dlwvYmxvZ1wvd3AtY29udGVudFwvdXBsb2Fkc1wvMjAyMVwvMDZcL1F1ZS1mYWlyZS1lbi1Mb3plcmUtNjYuanBnIiwic2xpZGVzaG93IjoiNGEyMTJiMyJ9\">\n\t\t\t\t\t<div class=\"e-gallery-image elementor-gallery-item__image\" data-thumbnail=\"https:\/\/www.jdroadtrip.tv\/blog\/wp-content\/uploads\/2021\/06\/Que-faire-en-Lozere-66.jpg\" data-width=\"1500\" data-height=\"1000\" aria-label=\"O\u00f9 dormir en Loz\u00e8re : Ma p&#039;tite cabane en Loz\u00e8re\" role=\"img\" ><\/div>\n\t\t\t\t\t\t\t\t\t\t\t<div class=\"elementor-gallery-item__overlay\"><\/div>\n\t\t\t\t\t\t\t\t\t\t\t\t\t\t<\/a>\n\t\t\t\t\t<\/div>\n\t\t\t\t\t<\/div>\n\t\t\t\t<\/div>\n\t\t\t\t<div class=\"elementor-element elementor-element-53092fd elementor-widget elementor-widget-text-editor\" data-id=\"53092fd\" data-element_type=\"widget\" data-widget_type=\"text-editor.default\">\n\t\t\t\t<div class=\"elementor-widget-container\">\n\t\t\t\t\t\t\t\t\t<h3><span style=\"font-size: 18pt;\">Appart&rsquo;City \u00e0 N\u00eemes<\/span><\/h3><p style=\"text-align: justify;\"><span style=\"font-size: 14pt;\">Comme je suis venue en train, je termine ce week-end dans les C\u00e9vennes dans la jolie ville de N\u00eemes. J&rsquo;ai log\u00e9 \u00e0 l&rsquo;<a href=\"https:\/\/www.booking.com\/hotel\/fr\/appart-39-city-nimes.en.html?aid=1559594&amp;no_rooms=1&amp;group_adults=2\" target=\"_blank\" rel=\"noopener\"><strong>Appart City pr\u00e8s des Ar\u00e8nes de N\u00eemes<\/strong><\/a> donc au c\u0153ur de tout et \u00e0 5 minutes \u00e0 pieds de la gare. En tout cas, <strong>cet h\u00e9bergement est une belle surprise, tr\u00e8s classe avec un tarif attractif<\/strong>. Les chambres et les salles de bain sont grandes, avec une petite kitchenette, propre, un petit radiateur d&rsquo;appoint est fourni si besoin ainsi que tout le confort n\u00e9cessaire. Petit d\u00e9jeuner vari\u00e9, sal\u00e9, sucr\u00e9, avec des produits locaux et frais.<\/span><\/p>\t\t\t\t\t\t\t\t<\/div>\n\t\t\t\t<\/div>\n\t\t\t\t<div class=\"elementor-element elementor-element-9163a1e elementor-align-justify elementor-widget elementor-widget-button\" data-id=\"9163a1e\" data-element_type=\"widget\" data-widget_type=\"button.default\">\n\t\t\t\t<div class=\"elementor-widget-container\">\n\t\t\t\t\t\t\t\t\t<div class=\"elementor-button-wrapper\">\n\t\t\t\t\t<a class=\"elementor-button elementor-button-link elementor-size-sm\" href=\"https:\/\/www.booking.com\/hotel\/fr\/appart-39-city-nimes.en.html?aid=1559594&#038;no_rooms=1&#038;group_adults=2\" target=\"_blank\">\n\t\t\t\t\t\t<span class=\"elementor-button-content-wrapper\">\n\t\t\t\t\t\t\t\t\t<span class=\"elementor-button-text\">Plus d'informations sur l'Appart City de N\u00eemes<\/span>\n\t\t\t\t\t<\/span>\n\t\t\t\t\t<\/a>\n\t\t\t\t<\/div>\n\t\t\t\t\t\t\t\t<\/div>\n\t\t\t\t<\/div>\n\t\t\t\t<div class=\"elementor-element elementor-element-3e566fc elementor-widget elementor-widget-gallery\" data-id=\"3e566fc\" data-element_type=\"widget\" data-settings=\"{&quot;columns&quot;:2,&quot;columns_mobile&quot;:2,&quot;lazyload&quot;:&quot;yes&quot;,&quot;gallery_layout&quot;:&quot;grid&quot;,&quot;columns_tablet&quot;:2,&quot;gap&quot;:{&quot;unit&quot;:&quot;px&quot;,&quot;size&quot;:10,&quot;sizes&quot;:[]},&quot;gap_tablet&quot;:{&quot;unit&quot;:&quot;px&quot;,&quot;size&quot;:10,&quot;sizes&quot;:[]},&quot;gap_mobile&quot;:{&quot;unit&quot;:&quot;px&quot;,&quot;size&quot;:10,&quot;sizes&quot;:[]},&quot;link_to&quot;:&quot;file&quot;,&quot;aspect_ratio&quot;:&quot;3:2&quot;,&quot;overlay_background&quot;:&quot;yes&quot;,&quot;content_hover_animation&quot;:&quot;fade-in&quot;}\" data-widget_type=\"gallery.default\">\n\t\t\t\t<div class=\"elementor-widget-container\">\n\t\t\t\t\t\t\t<div class=\"elementor-gallery__container\">\n\t\t\t\t\t\t\t<a class=\"e-gallery-item elementor-gallery-item elementor-animated-content\" href=\"https:\/\/www.jdroadtrip.tv\/blog\/wp-content\/uploads\/2024\/10\/13283_appartement-nimes-arenes-ville.jpg\" data-elementor-open-lightbox=\"yes\" data-elementor-lightbox-slideshow=\"3e566fc\" data-elementor-lightbox-title=\"13283_appartement-nimes-arenes-ville\" data-e-action-hash=\"#elementor-action%3Aaction%3Dlightbox%26settings%3DeyJpZCI6NzE5ODksInVybCI6Imh0dHBzOlwvXC93d3cuamRyb2FkdHJpcC50dlwvYmxvZ1wvd3AtY29udGVudFwvdXBsb2Fkc1wvMjAyNFwvMTBcLzEzMjgzX2FwcGFydGVtZW50LW5pbWVzLWFyZW5lcy12aWxsZS5qcGciLCJzbGlkZXNob3ciOiIzZTU2NmZjIn0%3D\">\n\t\t\t\t\t<div class=\"e-gallery-image elementor-gallery-item__image\" data-thumbnail=\"https:\/\/www.jdroadtrip.tv\/blog\/wp-content\/uploads\/2024\/10\/13283_appartement-nimes-arenes-ville.jpg\" data-width=\"1200\" data-height=\"674\" aria-label=\"Appart&#039;city de N\u00eemes\" role=\"img\" ><\/div>\n\t\t\t\t\t\t\t\t\t\t\t<div class=\"elementor-gallery-item__overlay\"><\/div>\n\t\t\t\t\t\t\t\t\t\t\t\t\t\t<\/a>\n\t\t\t\t\t\t\t<a class=\"e-gallery-item elementor-gallery-item elementor-animated-content\" href=\"https:\/\/www.jdroadtrip.tv\/blog\/wp-content\/uploads\/2024\/10\/15707_suite-privilege-116-08appartement-hotel-appartcity-sejour.jpg\" data-elementor-open-lightbox=\"yes\" data-elementor-lightbox-slideshow=\"3e566fc\" data-elementor-lightbox-title=\"15707_suite-privilege-116-08appartement-hotel-appartcity-sejour\" data-e-action-hash=\"#elementor-action%3Aaction%3Dlightbox%26settings%3DeyJpZCI6NzE5OTIsInVybCI6Imh0dHBzOlwvXC93d3cuamRyb2FkdHJpcC50dlwvYmxvZ1wvd3AtY29udGVudFwvdXBsb2Fkc1wvMjAyNFwvMTBcLzE1NzA3X3N1aXRlLXByaXZpbGVnZS0xMTYtMDhhcHBhcnRlbWVudC1ob3RlbC1hcHBhcnRjaXR5LXNlam91ci5qcGciLCJzbGlkZXNob3ciOiIzZTU2NmZjIn0%3D\">\n\t\t\t\t\t<div class=\"e-gallery-image elementor-gallery-item__image\" data-thumbnail=\"https:\/\/www.jdroadtrip.tv\/blog\/wp-content\/uploads\/2024\/10\/15707_suite-privilege-116-08appartement-hotel-appartcity-sejour.jpg\" data-width=\"850\" data-height=\"568\" aria-label=\"Appart&#039;city de N\u00eemes\" role=\"img\" ><\/div>\n\t\t\t\t\t\t\t\t\t\t\t<div class=\"elementor-gallery-item__overlay\"><\/div>\n\t\t\t\t\t\t\t\t\t\t\t\t\t\t<\/a>\n\t\t\t\t\t\t\t<a class=\"e-gallery-item elementor-gallery-item elementor-animated-content\" href=\"https:\/\/www.jdroadtrip.tv\/blog\/wp-content\/uploads\/2024\/10\/13287_appartement-nimes-arenes-suite-privileges.jpg\" data-elementor-open-lightbox=\"yes\" data-elementor-lightbox-slideshow=\"3e566fc\" data-elementor-lightbox-title=\"13287_appartement-nimes-arenes-suite-privileges\" data-e-action-hash=\"#elementor-action%3Aaction%3Dlightbox%26settings%3DeyJpZCI6NzE5OTAsInVybCI6Imh0dHBzOlwvXC93d3cuamRyb2FkdHJpcC50dlwvYmxvZ1wvd3AtY29udGVudFwvdXBsb2Fkc1wvMjAyNFwvMTBcLzEzMjg3X2FwcGFydGVtZW50LW5pbWVzLWFyZW5lcy1zdWl0ZS1wcml2aWxlZ2VzLmpwZyIsInNsaWRlc2hvdyI6IjNlNTY2ZmMifQ%3D%3D\">\n\t\t\t\t\t<div class=\"e-gallery-image elementor-gallery-item__image\" data-thumbnail=\"https:\/\/www.jdroadtrip.tv\/blog\/wp-content\/uploads\/2024\/10\/13287_appartement-nimes-arenes-suite-privileges.jpg\" data-width=\"1200\" data-height=\"674\" aria-label=\"Appart&#039;city de N\u00eemes\" role=\"img\" ><\/div>\n\t\t\t\t\t\t\t\t\t\t\t<div class=\"elementor-gallery-item__overlay\"><\/div>\n\t\t\t\t\t\t\t\t\t\t\t\t\t\t<\/a>\n\t\t\t\t\t\t\t<a class=\"e-gallery-item elementor-gallery-item elementor-animated-content\" href=\"https:\/\/www.jdroadtrip.tv\/blog\/wp-content\/uploads\/2024\/10\/15695_salle-petit-dejeuner-01appartement-hotel-appartcity-sejour.jpg\" data-elementor-open-lightbox=\"yes\" data-elementor-lightbox-slideshow=\"3e566fc\" data-elementor-lightbox-title=\"15695_salle-petit-dejeuner-01appartement-hotel-appartcity-sejour\" data-e-action-hash=\"#elementor-action%3Aaction%3Dlightbox%26settings%3DeyJpZCI6NzE5OTEsInVybCI6Imh0dHBzOlwvXC93d3cuamRyb2FkdHJpcC50dlwvYmxvZ1wvd3AtY29udGVudFwvdXBsb2Fkc1wvMjAyNFwvMTBcLzE1Njk1X3NhbGxlLXBldGl0LWRlamV1bmVyLTAxYXBwYXJ0ZW1lbnQtaG90ZWwtYXBwYXJ0Y2l0eS1zZWpvdXIuanBnIiwic2xpZGVzaG93IjoiM2U1NjZmYyJ9\">\n\t\t\t\t\t<div class=\"e-gallery-image elementor-gallery-item__image\" data-thumbnail=\"https:\/\/www.jdroadtrip.tv\/blog\/wp-content\/uploads\/2024\/10\/15695_salle-petit-dejeuner-01appartement-hotel-appartcity-sejour.jpg\" data-width=\"850\" data-height=\"567\" aria-label=\"Appart&#039;city de N\u00eemes\" role=\"img\" ><\/div>\n\t\t\t\t\t\t\t\t\t\t\t<div class=\"elementor-gallery-item__overlay\"><\/div>\n\t\t\t\t\t\t\t\t\t\t\t\t\t\t<\/a>\n\t\t\t\t\t<\/div>\n\t\t\t\t\t<\/div>\n\t\t\t\t<\/div>\n\t\t\t\t\t<\/div>\n\t\t<\/div>\n\t\t\t\t\t<\/div>\n\t\t<\/section>\n\t\t\t\t<section class=\"elementor-section elementor-top-section elementor-element elementor-element-6ddb01a elementor-section-boxed elementor-section-height-default elementor-section-height-default\" data-id=\"6ddb01a\" data-element_type=\"section\">\n\t\t\t\t\t\t<div class=\"elementor-container elementor-column-gap-default\">\n\t\t\t\t\t<div class=\"elementor-column elementor-col-100 elementor-top-column elementor-element elementor-element-8f4a0ae\" data-id=\"8f4a0ae\" data-element_type=\"column\">\n\t\t\t<div class=\"elementor-widget-wrap elementor-element-populated\">\n\t\t\t\t\t\t<div class=\"elementor-element elementor-element-0ab7abb elementor-widget elementor-widget-heading\" data-id=\"0ab7abb\" data-element_type=\"widget\" data-widget_type=\"heading.default\">\n\t\t\t\t<div class=\"elementor-widget-container\">\n\t\t\t\t\t<h2 class=\"elementor-heading-title elementor-size-default\">Bonnes adresses o\u00f9 manger<\/h2>\t\t\t\t<\/div>\n\t\t\t\t<\/div>\n\t\t\t\t<div class=\"elementor-element elementor-element-060db31 elementor-widget elementor-widget-text-editor\" data-id=\"060db31\" data-element_type=\"widget\" data-widget_type=\"text-editor.default\">\n\t\t\t\t<div class=\"elementor-widget-container\">\n\t\t\t\t\t\t\t\t\t<ul><li style=\"text-align: justify;\"><span style=\"font-size: 14pt;\"><strong>Auberge C\u00e9venole \u00e0 Florac :<\/strong> Ah ici c&rsquo;est comme \u00e0 la maison et tout est maison ! Les plats sont tr\u00e8s bons ! Le saucisse aligot est \u00e0 tomber, un coup de c\u0153ur pour le moelleux \u00e0 la ch\u00e2taigne !<\/span><\/li><li style=\"text-align: justify;\"><span style=\"font-size: 14pt; text-align: justify;\"><strong>Restaurant Les Magnolias :<\/strong> Au c\u0153ur de N\u00eemes, c&rsquo;est une belle surprise et une chouette adresse. Un accueil au top, des plats aussi beaux que bons ! Foncez les yeux ferm\u00e9s !<\/span><\/li><\/ul>\t\t\t\t\t\t\t\t<\/div>\n\t\t\t\t<\/div>\n\t\t\t\t<div class=\"elementor-element elementor-element-59c339b elementor-widget elementor-widget-gallery\" data-id=\"59c339b\" data-element_type=\"widget\" data-settings=\"{&quot;gallery_layout&quot;:&quot;masonry&quot;,&quot;columns&quot;:3,&quot;columns_tablet&quot;:3,&quot;columns_mobile&quot;:3,&quot;lazyload&quot;:&quot;yes&quot;,&quot;gap&quot;:{&quot;unit&quot;:&quot;px&quot;,&quot;size&quot;:10,&quot;sizes&quot;:[]},&quot;gap_tablet&quot;:{&quot;unit&quot;:&quot;px&quot;,&quot;size&quot;:10,&quot;sizes&quot;:[]},&quot;gap_mobile&quot;:{&quot;unit&quot;:&quot;px&quot;,&quot;size&quot;:10,&quot;sizes&quot;:[]},&quot;link_to&quot;:&quot;file&quot;,&quot;overlay_background&quot;:&quot;yes&quot;,&quot;content_hover_animation&quot;:&quot;fade-in&quot;}\" data-widget_type=\"gallery.default\">\n\t\t\t\t<div class=\"elementor-widget-container\">\n\t\t\t\t\t\t\t<div class=\"elementor-gallery__container\">\n\t\t\t\t\t\t\t<a class=\"e-gallery-item elementor-gallery-item elementor-animated-content\" href=\"https:\/\/www.jdroadtrip.tv\/blog\/wp-content\/uploads\/2024\/10\/Cevennes-Occitanie-138.jpg\" data-elementor-open-lightbox=\"yes\" data-elementor-lightbox-slideshow=\"59c339b\" data-elementor-lightbox-title=\"C\u00e9vennes-Occitanie-138\" data-e-action-hash=\"#elementor-action%3Aaction%3Dlightbox%26settings%3DeyJpZCI6NzE5OTUsInVybCI6Imh0dHBzOlwvXC93d3cuamRyb2FkdHJpcC50dlwvYmxvZ1wvd3AtY29udGVudFwvdXBsb2Fkc1wvMjAyNFwvMTBcL0NldmVubmVzLU9jY2l0YW5pZS0xMzguanBnIiwic2xpZGVzaG93IjoiNTljMzM5YiJ9\">\n\t\t\t\t\t<div class=\"e-gallery-image elementor-gallery-item__image\" data-thumbnail=\"https:\/\/www.jdroadtrip.tv\/blog\/wp-content\/uploads\/2024\/10\/Cevennes-Occitanie-138.jpg\" data-width=\"2000\" data-height=\"1335\" aria-label=\"Restaurant Auberge C\u00e9venole \u00e0 Florac\" role=\"img\" ><\/div>\n\t\t\t\t\t\t\t\t\t\t\t<div class=\"elementor-gallery-item__overlay\"><\/div>\n\t\t\t\t\t\t\t\t\t\t\t\t\t\t<\/a>\n\t\t\t\t\t\t\t<a class=\"e-gallery-item elementor-gallery-item elementor-animated-content\" href=\"https:\/\/www.jdroadtrip.tv\/blog\/wp-content\/uploads\/2024\/10\/Cevennes-Occitanie-140.jpg\" data-elementor-open-lightbox=\"yes\" data-elementor-lightbox-slideshow=\"59c339b\" data-elementor-lightbox-title=\"C\u00e9vennes-Occitanie-140\" data-e-action-hash=\"#elementor-action%3Aaction%3Dlightbox%26settings%3DeyJpZCI6NzE5OTcsInVybCI6Imh0dHBzOlwvXC93d3cuamRyb2FkdHJpcC50dlwvYmxvZ1wvd3AtY29udGVudFwvdXBsb2Fkc1wvMjAyNFwvMTBcL0NldmVubmVzLU9jY2l0YW5pZS0xNDAuanBnIiwic2xpZGVzaG93IjoiNTljMzM5YiJ9\">\n\t\t\t\t\t<div class=\"e-gallery-image elementor-gallery-item__image\" data-thumbnail=\"https:\/\/www.jdroadtrip.tv\/blog\/wp-content\/uploads\/2024\/10\/Cevennes-Occitanie-140.jpg\" data-width=\"2000\" data-height=\"1335\" aria-label=\"Restaurant Auberge C\u00e9venole \u00e0 Florac : Saucisse Aligot\" role=\"img\" ><\/div>\n\t\t\t\t\t\t\t\t\t\t\t<div class=\"elementor-gallery-item__overlay\"><\/div>\n\t\t\t\t\t\t\t\t\t\t\t\t\t\t<\/a>\n\t\t\t\t\t\t\t<a class=\"e-gallery-item elementor-gallery-item elementor-animated-content\" href=\"https:\/\/www.jdroadtrip.tv\/blog\/wp-content\/uploads\/2024\/10\/Cevennes-Occitanie-143.jpg\" data-elementor-open-lightbox=\"yes\" data-elementor-lightbox-slideshow=\"59c339b\" data-elementor-lightbox-title=\"C\u00e9vennes-Occitanie-143\" data-e-action-hash=\"#elementor-action%3Aaction%3Dlightbox%26settings%3DeyJpZCI6NzIwMDAsInVybCI6Imh0dHBzOlwvXC93d3cuamRyb2FkdHJpcC50dlwvYmxvZ1wvd3AtY29udGVudFwvdXBsb2Fkc1wvMjAyNFwvMTBcL0NldmVubmVzLU9jY2l0YW5pZS0xNDMuanBnIiwic2xpZGVzaG93IjoiNTljMzM5YiJ9\">\n\t\t\t\t\t<div class=\"e-gallery-image elementor-gallery-item__image\" data-thumbnail=\"https:\/\/www.jdroadtrip.tv\/blog\/wp-content\/uploads\/2024\/10\/Cevennes-Occitanie-143.jpg\" data-width=\"2000\" data-height=\"1335\" aria-label=\"Restaurant Auberge C\u00e9venole \u00e0 Florac : Moelleux ch\u00e2taigne\" role=\"img\" ><\/div>\n\t\t\t\t\t\t\t\t\t\t\t<div class=\"elementor-gallery-item__overlay\"><\/div>\n\t\t\t\t\t\t\t\t\t\t\t\t\t\t<\/a>\n\t\t\t\t\t\t\t<a class=\"e-gallery-item elementor-gallery-item elementor-animated-content\" href=\"https:\/\/www.jdroadtrip.tv\/blog\/wp-content\/uploads\/2024\/10\/Cevennes-Occitanie-137-scaled.jpg\" data-elementor-open-lightbox=\"yes\" data-elementor-lightbox-slideshow=\"59c339b\" data-elementor-lightbox-title=\"C\u00e9vennes-Occitanie-137\" data-e-action-hash=\"#elementor-action%3Aaction%3Dlightbox%26settings%3DeyJpZCI6NzE5OTQsInVybCI6Imh0dHBzOlwvXC93d3cuamRyb2FkdHJpcC50dlwvYmxvZ1wvd3AtY29udGVudFwvdXBsb2Fkc1wvMjAyNFwvMTBcL0NldmVubmVzLU9jY2l0YW5pZS0xMzctc2NhbGVkLmpwZyIsInNsaWRlc2hvdyI6IjU5YzMzOWIifQ%3D%3D\">\n\t\t\t\t\t<div class=\"e-gallery-image elementor-gallery-item__image\" data-thumbnail=\"https:\/\/www.jdroadtrip.tv\/blog\/wp-content\/uploads\/2024\/10\/Cevennes-Occitanie-137-scaled.jpg\" data-width=\"1367\" data-height=\"2048\" aria-label=\"Restaurant Auberge C\u00e9venole \u00e0 Florac : Saumon\" role=\"img\" ><\/div>\n\t\t\t\t\t\t\t\t\t\t\t<div class=\"elementor-gallery-item__overlay\"><\/div>\n\t\t\t\t\t\t\t\t\t\t\t\t\t\t<\/a>\n\t\t\t\t\t\t\t<a class=\"e-gallery-item elementor-gallery-item elementor-animated-content\" href=\"https:\/\/www.jdroadtrip.tv\/blog\/wp-content\/uploads\/2024\/10\/Cevennes-Occitanie-141-scaled.jpg\" data-elementor-open-lightbox=\"yes\" data-elementor-lightbox-slideshow=\"59c339b\" data-elementor-lightbox-title=\"C\u00e9vennes-Occitanie-141\" data-e-action-hash=\"#elementor-action%3Aaction%3Dlightbox%26settings%3DeyJpZCI6NzE5OTgsInVybCI6Imh0dHBzOlwvXC93d3cuamRyb2FkdHJpcC50dlwvYmxvZ1wvd3AtY29udGVudFwvdXBsb2Fkc1wvMjAyNFwvMTBcL0NldmVubmVzLU9jY2l0YW5pZS0xNDEtc2NhbGVkLmpwZyIsInNsaWRlc2hvdyI6IjU5YzMzOWIifQ%3D%3D\">\n\t\t\t\t\t<div class=\"e-gallery-image elementor-gallery-item__image\" data-thumbnail=\"https:\/\/www.jdroadtrip.tv\/blog\/wp-content\/uploads\/2024\/10\/Cevennes-Occitanie-141-scaled.jpg\" data-width=\"1367\" data-height=\"2048\" aria-label=\"Restaurant Auberge C\u00e9venole \u00e0 Florac : Profiteroles\" role=\"img\" ><\/div>\n\t\t\t\t\t\t\t\t\t\t\t<div class=\"elementor-gallery-item__overlay\"><\/div>\n\t\t\t\t\t\t\t\t\t\t\t\t\t\t<\/a>\n\t\t\t\t\t\t\t<a class=\"e-gallery-item elementor-gallery-item elementor-animated-content\" href=\"https:\/\/www.jdroadtrip.tv\/blog\/wp-content\/uploads\/2024\/10\/Cevennes-Occitanie-142-scaled.jpg\" data-elementor-open-lightbox=\"yes\" data-elementor-lightbox-slideshow=\"59c339b\" data-elementor-lightbox-title=\"C\u00e9vennes-Occitanie-142\" data-e-action-hash=\"#elementor-action%3Aaction%3Dlightbox%26settings%3DeyJpZCI6NzE5OTksInVybCI6Imh0dHBzOlwvXC93d3cuamRyb2FkdHJpcC50dlwvYmxvZ1wvd3AtY29udGVudFwvdXBsb2Fkc1wvMjAyNFwvMTBcL0NldmVubmVzLU9jY2l0YW5pZS0xNDItc2NhbGVkLmpwZyIsInNsaWRlc2hvdyI6IjU5YzMzOWIifQ%3D%3D\">\n\t\t\t\t\t<div class=\"e-gallery-image elementor-gallery-item__image\" data-thumbnail=\"https:\/\/www.jdroadtrip.tv\/blog\/wp-content\/uploads\/2024\/10\/Cevennes-Occitanie-142-scaled.jpg\" data-width=\"1367\" data-height=\"2048\" aria-label=\"Restaurant Auberge C\u00e9venole \u00e0 Florac : coulant au chocolat\" role=\"img\" ><\/div>\n\t\t\t\t\t\t\t\t\t\t\t<div class=\"elementor-gallery-item__overlay\"><\/div>\n\t\t\t\t\t\t\t\t\t\t\t\t\t\t<\/a>\n\t\t\t\t\t<\/div>\n\t\t\t\t\t<\/div>\n\t\t\t\t<\/div>\n\t\t\t\t\t<\/div>\n\t\t<\/div>\n\t\t\t\t\t<\/div>\n\t\t<\/section>\n\t\t\t\t<section class=\"elementor-section elementor-top-section elementor-element elementor-element-68c9075 elementor-section-boxed elementor-section-height-default elementor-section-height-default\" data-id=\"68c9075\" data-element_type=\"section\">\n\t\t\t\t\t\t<div class=\"elementor-container elementor-column-gap-default\">\n\t\t\t\t\t<div class=\"elementor-column elementor-col-100 elementor-top-column elementor-element elementor-element-51b3c40\" data-id=\"51b3c40\" data-element_type=\"column\" data-settings=\"{&quot;background_background&quot;:&quot;classic&quot;}\">\n\t\t\t<div class=\"elementor-widget-wrap elementor-element-populated\">\n\t\t\t\t\t\t<div class=\"elementor-element elementor-element-a2332b5 elementor-widget elementor-widget-heading\" data-id=\"a2332b5\" data-element_type=\"widget\" data-widget_type=\"heading.default\">\n\t\t\t\t<div class=\"elementor-widget-container\">\n\t\t\t\t\t<h2 class=\"elementor-heading-title elementor-size-default\">Visiter l'Occitanie<\/h2>\t\t\t\t<\/div>\n\t\t\t\t<\/div>\n\t\t\t\t<div class=\"elementor-element elementor-element-5bbe8ed elementor-widget elementor-widget-text-editor\" data-id=\"5bbe8ed\" data-element_type=\"widget\" data-widget_type=\"text-editor.default\">\n\t\t\t\t<div class=\"elementor-widget-container\">\n\t\t\t\t\t\t\t\t\t<li>Loz\u00e8re :\u00a0<strong><a href=\"https:\/\/www.jdroadtrip.tv\/blog\/visiter-le-parc-aux-loups-du-gevaudan-lozere\/\" target=\"_blank\" rel=\"noopener\">Visiter le parc aux loups du G\u00e9vaudan<\/a><\/strong><\/li>\n \t<li>Loz\u00e8re : <a href=\"https:\/\/www.jdroadtrip.tv\/blog\/que-faire-en-lozere-visiter-cevennes-gorges-du-tarn\/\" target=\"_blank\" rel=\"noopener\"><strong>Que faire en Loz\u00e8re ?<\/strong><\/a><\/li>\n \t<li>H\u00e9rault :\u00a0<strong><a href=\"https:\/\/www.jdroadtrip.tv\/blog\/visiter-le-haut-languedoc-en-un-week-end-herault\/\" target=\"_blank\" rel=\"noopener\">Week-end dans le Haut-Languedoc<\/a><\/strong><\/li>\n \t<li>Tarn :<strong>\u00a0<a href=\"https:\/\/www.jdroadtrip.tv\/blog\/week-end-dans-le-tarn-visiter-albi\/\" target=\"_blank\" rel=\"noopener\">Visiter Albi et ses alentours<\/a><\/strong><\/li>\n \t<li>Tarn : <a href=\"https:\/\/www.jdroadtrip.tv\/blog\/visiter-week-end-activites-insolites-a-faire-dans-le-tarn-occitanie\/\" target=\"_blank\" rel=\"noopener\"><strong>Activit\u00e9s \u00e0 faire dans le Tarn<\/strong><\/a><\/li>\n \t<li>Gers :\u00a0<strong><a href=\"https:\/\/www.jdroadtrip.tv\/blog\/week-end-dans-le-gers-visiter-auch\/\" target=\"_blank\" rel=\"noopener\">Visiter Auch dans le Gers<\/a><\/strong><\/li>\n \t<li>Gers : <a href=\"https:\/\/www.jdroadtrip.tv\/blog\/que-faire-dans-le-gers-4-jours-visiter-gascogne\/\" target=\"_blank\" rel=\"noopener\"><strong>Que faire dans le Gers pendant 4 jours ?<\/strong><\/a><\/li>\n \t<li>Aude : <a href=\"https:\/\/www.jdroadtrip.tv\/blog\/week-end-a-carcassonne-conseils-que-visiter\/\" target=\"_blank\" rel=\"noopener\"><strong>Week-end \u00e0 Carcassonne<\/strong><\/a><\/li>\n \t<li>Lot :\u00a0<strong><a href=\"https:\/\/www.jdroadtrip.tv\/blog\/chateau-de-haute-serre-ou-manger-cahors\/\" target=\"_blank\" rel=\"noopener\">Ch\u00e2teau de Haute-Serre<\/a><\/strong><\/li>\n \t<li>Lot :\u00a0<strong><a href=\"https:\/\/www.jdroadtrip.tv\/blog\/visiter-le-chateau-de-mercues-region-lot\/\" target=\"_blank\" rel=\"noopener\">Visiter le ch\u00e2teau de Mercues<\/a><\/strong><\/li>\n \t<li>Lot :\u00a0<strong><a href=\"https:\/\/www.jdroadtrip.tv\/blog\/grottes-et-gouffres-a-voir-dans-la-region-du-lot\/\" target=\"_blank\" rel=\"noopener\">Grottes et gouffre dans le Lot<\/a><\/strong><\/li>\n \t<li>Lot :\u00a0<strong><a href=\"https:\/\/www.jdroadtrip.tv\/blog\/visiter-cahors-et-ses-environs-week-end\/\" target=\"_blank\" rel=\"noopener\">Visiter Cahors en 1 jour<\/a><\/strong><\/li>\n \t<li>Lot : <a href=\"https:\/\/www.jdroadtrip.tv\/blog\/visiter-puy-leveque-village-medievale-lot\/\" target=\"_blank\" rel=\"noopener\"><strong>Visiter Puy l\u2019Ev\u00eaque<\/strong><\/a><\/li>\n \t<li>Lot : <a href=\"https:\/\/www.jdroadtrip.tv\/blog\/balade-en-gabare-sur-le-lot-a-puy-leveque\/\" target=\"_blank\" rel=\"noopener\"><strong>Balade en gabare sur le Lot<\/strong><\/a><\/li>\n \t<li>Lot : <a href=\"https:\/\/www.jdroadtrip.tv\/blog\/visiter-montcuq-lot-compostelle\/\" target=\"_blank\" rel=\"noopener\"><strong>Visiter Montcuq<\/strong><\/a><\/li>\n \t<li>Haute-Garonne :\u00a0<strong><a href=\"https:\/\/www.jdroadtrip.tv\/blog\/via-garona-gr-861-randonnee-haute-garonne\/\" target=\"_blank\" rel=\"noopener\">Via Garona<\/a><\/strong><\/li>\n \t<li>Haute-Garonne : <a href=\"https:\/\/www.jdroadtrip.tv\/blog\/visiter-toulouse-3-jours-incontournables-a-faire-a-voir\/\" target=\"_blank\" rel=\"noopener\"><strong>Que visiter \u00e0 Toulouse ?<\/strong><\/a><\/li>\n \t<li>PO :\u00a0<strong><a href=\"https:\/\/www.jdroadtrip.tv\/blog\/conseils-randonnee-dans-le-massif-du-canigou-pyrenees-orientales\/\" target=\"_blank\" rel=\"noopener\">Randonn\u00e9e dans le Massif du Canigou<\/a><\/strong><\/li>\n \t<li>Aveyron : <a href=\"https:\/\/www.jdroadtrip.tv\/blog\/visiter-najac-chateau-aveyron\/\" target=\"_blank\" rel=\"noopener\"><strong>Visiter Najac et son ch\u00e2teau<\/strong><\/a><\/li>\n \t<li>Aveyron :<strong> <a href=\"https:\/\/www.jdroadtrip.tv\/blog\/visiter-villefranche-de-rouergue-aveyron\/\" target=\"_blank\" rel=\"noopener\">Visiter Villefranche de Rouergue<\/a><\/strong><\/li>\n \t<li>Aveyron : <a href=\"https:\/\/www.jdroadtrip.tv\/blog\/brame-du-cerf-en-aveyron-aubrac-laguiole\/\" target=\"_blank\" rel=\"noopener\"><strong>Brame du cerf dans l\u2019Aubrac<\/strong><\/a><\/li>\n \t<li>Aveyron : <a href=\"https:\/\/www.jdroadtrip.tv\/blog\/visiter-le-village-de-laguiole-aubrac-aveyron\/\" target=\"_blank\" rel=\"noopener\"><strong>Visiter Laguiole<\/strong><\/a><\/li>\n \t<li>Aveyron : <a href=\"https:\/\/www.jdroadtrip.tv\/blog\/que-faire-a-millau-visites-activites-outdoor-aveyron\/\" target=\"_blank\" rel=\"noopener\"><strong>Que faire \u00e0 Millau ?<\/strong><\/a><\/li>\n \t<li>Occitanie \u00e0 v\u00e9lo :\u00a0<strong><a href=\"https:\/\/www.jdroadtrip.tv\/blog\/conseils-infos-faire-canal-du-midi-a-velo-6-jours\/\" target=\"_blank\" rel=\"noopener\">Canal du midi \u00e0 v\u00e9lo<\/a><\/strong><\/li>\n \t<li>Occitanie \u00e0 v\u00e9lo :<strong> <a href=\"https:\/\/www.jdroadtrip.tv\/blog\/itineraire-canal-des-2-mers-a-velo\/\" target=\"_blank\" rel=\"noopener\">Canal des 2 mers \u00e0 v\u00e9lo<\/a><\/strong><\/li>\n \t<li>Occitanie \u00e0 v\u00e9lo : <a href=\"https:\/\/www.jdroadtrip.tv\/blog\/passa-pais-a-velo-voie-verte-lherault-tarn-bedarieux-mazamet\/\" target=\"_blank\" rel=\"noopener\"><strong>Voie verte Passa Pa\u00efs\u00a0<\/strong><\/a><\/li>\n<\/ul>\t\t\t\t\t\t\t\t<\/div>\n\t\t\t\t<\/div>\n\t\t\t\t<div class=\"elementor-element elementor-element-3a4a542 elementor-widget elementor-widget-image\" data-id=\"3a4a542\" data-element_type=\"widget\" data-widget_type=\"image.default\">\n\t\t\t\t<div class=\"elementor-widget-container\">\n\t\t\t\t\t\t\t\t\t\t\t\t\t\t\t<img loading=\"lazy\" decoding=\"async\" width=\"1502\" height=\"1000\" src=\"https:\/\/www.jdroadtrip.tv\/blog\/wp-content\/uploads\/2022\/10\/Carte-occitanie.png\" class=\"attachment-full size-full wp-image-70509\" alt=\"Carte de l&#039;Occitanie\" srcset=\"https:\/\/www.jdroadtrip.tv\/blog\/wp-content\/uploads\/2022\/10\/Carte-occitanie.png 1502w, https:\/\/www.jdroadtrip.tv\/blog\/wp-content\/uploads\/2022\/10\/Carte-occitanie-300x200.png 300w, https:\/\/www.jdroadtrip.tv\/blog\/wp-content\/uploads\/2022\/10\/Carte-occitanie-800x533.png 800w, https:\/\/www.jdroadtrip.tv\/blog\/wp-content\/uploads\/2022\/10\/Carte-occitanie-250x166.png 250w, https:\/\/www.jdroadtrip.tv\/blog\/wp-content\/uploads\/2022\/10\/Carte-occitanie-768x511.png 768w\" sizes=\"(max-width: 1502px) 100vw, 1502px\" \/>\t\t\t\t\t\t\t\t\t\t\t\t\t\t\t<\/div>\n\t\t\t\t<\/div>\n\t\t\t\t\t<\/div>\n\t\t<\/div>\n\t\t\t\t\t<\/div>\n\t\t<\/section>\n\t\t\t\t<section class=\"elementor-section elementor-top-section elementor-element elementor-element-b2e0ce0 elementor-section-boxed elementor-section-height-default elementor-section-height-default\" data-id=\"b2e0ce0\" data-element_type=\"section\">\n\t\t\t\t\t\t<div class=\"elementor-container elementor-column-gap-default\">\n\t\t\t\t\t<div class=\"elementor-column elementor-col-100 elementor-top-column elementor-element elementor-element-22ed110\" data-id=\"22ed110\" data-element_type=\"column\">\n\t\t\t<div class=\"elementor-widget-wrap elementor-element-populated\">\n\t\t\t\t\t\t<div class=\"elementor-element elementor-element-33fcbae elementor-widget-divider--view-line elementor-widget elementor-widget-global elementor-global-41411 elementor-widget-divider\" data-id=\"33fcbae\" data-element_type=\"widget\" data-widget_type=\"divider.default\">\n\t\t\t\t<div class=\"elementor-widget-container\">\n\t\t\t\t\t\t\t<div class=\"elementor-divider\">\n\t\t\t<span class=\"elementor-divider-separator\">\n\t\t\t\t\t\t<\/span>\n\t\t<\/div>\n\t\t\t\t\t\t<\/div>\n\t\t\t\t<\/div>\n\t\t\t\t<div class=\"elementor-element elementor-element-2f50a6a elementor-widget elementor-widget-text-editor\" data-id=\"2f50a6a\" data-element_type=\"widget\" data-widget_type=\"text-editor.default\">\n\t\t\t\t<div class=\"elementor-widget-container\">\n\t\t\t\t\t\t\t\t\t<p style=\"text-align: justify;\"><strong>Si vous avez des questions pour un week-end dans les C\u00e9vennes, n\u2019h\u00e9sitez pas et si vous \u00eates une femme qui voyage, rejoignez le groupe Facebook de voyage 100% f\u00e9minin <a href=\"https:\/\/www.facebook.com\/groups\/Voyageraufeminin\" target=\"_blank\" rel=\"noopener noreferrer\">Voyager au f\u00e9minin en sac \u00e0 dos<\/a>.<\/strong><\/p><p style=\"text-align: center;\"><img loading=\"lazy\" decoding=\"async\" class=\"aligncenter wp-image-72011\" src=\"https:\/\/www.jdroadtrip.tv\/blog\/wp-content\/uploads\/2024\/10\/Week-end-cevennes-pin.jpg\" alt=\"Week-end dans les C\u00e9vennes\" width=\"400\" height=\"600\" srcset=\"https:\/\/www.jdroadtrip.tv\/blog\/wp-content\/uploads\/2024\/10\/Week-end-cevennes-pin.jpg 564w, https:\/\/www.jdroadtrip.tv\/blog\/wp-content\/uploads\/2024\/10\/Week-end-cevennes-pin-200x300.jpg 200w, https:\/\/www.jdroadtrip.tv\/blog\/wp-content\/uploads\/2024\/10\/Week-end-cevennes-pin-400x600.jpg 400w, https:\/\/www.jdroadtrip.tv\/blog\/wp-content\/uploads\/2024\/10\/Week-end-cevennes-pin-133x200.jpg 133w\" sizes=\"(max-width: 400px) 100vw, 400px\" \/><\/p>\t\t\t\t\t\t\t\t<\/div>\n\t\t\t\t<\/div>\n\t\t\t\t\t<\/div>\n\t\t<\/div>\n\t\t\t\t\t<\/div>\n\t\t<\/section>\n\t\t\t\t<\/div>\n\t\t","protected":false},"excerpt":{"rendered":"<p>Dans cet article de blog de voyage, d\u00e9couvrez mon week-end dans les C\u00e9vennes avec l&rsquo;itin\u00e9raire r\u00e9alis\u00e9. Les sites embl\u00e9matiques comme le Mont Aigoual et la Bambouseraie ou se balader dans les villages pittoresques comme V\u00e9z\u00e9nobres ou Anduze. C&rsquo;est l&rsquo;occasion de go\u00fbter aux sp\u00e9cialit\u00e9s et aux produits locaux les g\u00e2teaux aux ch\u00e2taignes ou le fromage p\u00e9lardon. [&hellip;]<\/p>\n","protected":false},"author":1,"featured_media":72010,"comment_status":"open","ping_status":"closed","sticky":false,"template":"","format":"standard","meta":{"ocean_post_layout":"","ocean_both_sidebars_style":"","ocean_both_sidebars_content_width":0,"ocean_both_sidebars_sidebars_width":0,"ocean_sidebar":"","ocean_second_sidebar":"","ocean_disable_margins":"enable","ocean_add_body_class":"","ocean_shortcode_before_top_bar":"","ocean_shortcode_after_top_bar":"","ocean_shortcode_before_header":"","ocean_shortcode_after_header":"","ocean_has_shortcode":"","ocean_shortcode_after_title":"","ocean_shortcode_before_footer_widgets":"","ocean_shortcode_after_footer_widgets":"","ocean_shortcode_before_footer_bottom":"","ocean_shortcode_after_footer_bottom":"","ocean_display_top_bar":"default","ocean_display_header":"default","ocean_header_style":"","ocean_center_header_left_menu":"","ocean_custom_header_template":"","ocean_custom_logo":0,"ocean_custom_retina_logo":0,"ocean_custom_logo_max_width":0,"ocean_custom_logo_tablet_max_width":0,"ocean_custom_logo_mobile_max_width":0,"ocean_custom_logo_max_height":0,"ocean_custom_logo_tablet_max_height":0,"ocean_custom_logo_mobile_max_height":0,"ocean_header_custom_menu":"","ocean_menu_typo_font_family":"","ocean_menu_typo_font_subset":"","ocean_menu_typo_font_size":0,"ocean_menu_typo_font_size_tablet":0,"ocean_menu_typo_font_size_mobile":0,"ocean_menu_typo_font_size_unit":"px","ocean_menu_typo_font_weight":"","ocean_menu_typo_font_weight_tablet":"","ocean_menu_typo_font_weight_mobile":"","ocean_menu_typo_transform":"","ocean_menu_typo_transform_tablet":"","ocean_menu_typo_transform_mobile":"","ocean_menu_typo_line_height":0,"ocean_menu_typo_line_height_tablet":0,"ocean_menu_typo_line_height_mobile":0,"ocean_menu_typo_line_height_unit":"","ocean_menu_typo_spacing":0,"ocean_menu_typo_spacing_tablet":0,"ocean_menu_typo_spacing_mobile":0,"ocean_menu_typo_spacing_unit":"","ocean_menu_link_color":"","ocean_menu_link_color_hover":"","ocean_menu_link_color_active":"","ocean_menu_link_background":"","ocean_menu_link_hover_background":"","ocean_menu_link_active_background":"","ocean_menu_social_links_bg":"","ocean_menu_social_hover_links_bg":"","ocean_menu_social_links_color":"","ocean_menu_social_hover_links_color":"","ocean_disable_title":"default","ocean_disable_heading":"default","ocean_post_title":"","ocean_post_subheading":"","ocean_post_title_style":"","ocean_post_title_background_color":"","ocean_post_title_background":0,"ocean_post_title_bg_image_position":"","ocean_post_title_bg_image_attachment":"","ocean_post_title_bg_image_repeat":"","ocean_post_title_bg_image_size":"","ocean_post_title_height":0,"ocean_post_title_bg_overlay":0.5,"ocean_post_title_bg_overlay_color":"","ocean_disable_breadcrumbs":"default","ocean_breadcrumbs_color":"","ocean_breadcrumbs_separator_color":"","ocean_breadcrumbs_links_color":"","ocean_breadcrumbs_links_hover_color":"","ocean_display_footer_widgets":"default","ocean_display_footer_bottom":"default","ocean_custom_footer_template":"","ocean_post_oembed":"","ocean_post_self_hosted_media":"","ocean_post_video_embed":"","ocean_link_format":"","ocean_link_format_target":"self","ocean_quote_format":"","ocean_quote_format_link":"post","ocean_gallery_link_images":"on","ocean_gallery_id":[],"footnotes":""},"categories":[6726],"tags":[],"table_tags":[],"class_list":["post-71671","post","type-post","status-publish","format-standard","has-post-thumbnail","hentry","category-occitanie","entry","has-media"],"yoast_head":"<!-- This site is optimized with the Yoast SEO Premium plugin v25.9 (Yoast SEO v25.9) - https:\/\/yoast.com\/wordpress\/plugins\/seo\/ -->\n<title>Week-end dans les C\u00e9vennes : Que faire ? Que voir ? Que visiter ?<\/title>\n<meta name=\"description\" content=\"\u00c9vadez-vous un week-end dans les C\u00e9vennes : villages authentiques, randonn\u00e9es sauvages, nature pr\u00e9serv\u00e9e et bonnes adresses locales\" \/>\n<meta name=\"robots\" content=\"index, follow, max-snippet:-1, max-image-preview:large, max-video-preview:-1\" \/>\n<link rel=\"canonical\" href=\"https:\/\/www.jdroadtrip.tv\/blog\/week-end-dans-les-cevennes\/\" \/>\n<meta property=\"og:locale\" content=\"fr_FR\" \/>\n<meta property=\"og:type\" content=\"article\" \/>\n<meta property=\"og:title\" content=\"Week-end dans les C\u00e9vennes : Que faire ?\" \/>\n<meta property=\"og:description\" content=\"\u00c9vadez-vous un week-end dans les C\u00e9vennes : villages authentiques, randonn\u00e9es sauvages, nature pr\u00e9serv\u00e9e et bonnes adresses locales\" \/>\n<meta property=\"og:url\" content=\"https:\/\/www.jdroadtrip.tv\/blog\/week-end-dans-les-cevennes\/\" \/>\n<meta property=\"og:site_name\" content=\"JDroadtrip - Blog de voyage pour voyager au f\u00e9minin !\" \/>\n<meta property=\"article:publisher\" content=\"https:\/\/www.facebook.com\/JDRoadTrip\" \/>\n<meta property=\"article:author\" content=\"https:\/\/www.facebook.com\/JDroadtrip\" \/>\n<meta property=\"article:published_time\" content=\"2024-10-17T16:18:51+00:00\" \/>\n<meta property=\"article:modified_time\" content=\"2025-08-07T07:07:10+00:00\" \/>\n<meta property=\"og:image\" content=\"https:\/\/www.jdroadtrip.tv\/blog\/wp-content\/uploads\/2024\/10\/Week-end-cevennes-img.jpg\" \/>\n\t<meta property=\"og:image:width\" content=\"1500\" \/>\n\t<meta property=\"og:image:height\" content=\"996\" \/>\n\t<meta property=\"og:image:type\" content=\"image\/jpeg\" \/>\n<meta name=\"author\" content=\"Jenny Diab\" \/>\n<meta name=\"twitter:card\" content=\"summary_large_image\" \/>\n<meta name=\"twitter:creator\" content=\"@JDroadtrip\" \/>\n<meta name=\"twitter:site\" content=\"@JDroadtrip\" \/>\n<meta name=\"twitter:label1\" content=\"\u00c9crit par\" \/>\n\t<meta name=\"twitter:data1\" content=\"Jenny Diab\" \/>\n\t<meta name=\"twitter:label2\" content=\"Dur\u00e9e de lecture estim\u00e9e\" \/>\n\t<meta name=\"twitter:data2\" content=\"12 minutes\" \/>\n<script type=\"application\/ld+json\" class=\"yoast-schema-graph\">{\"@context\":\"https:\/\/schema.org\",\"@graph\":[{\"@type\":\"Article\",\"@id\":\"https:\/\/www.jdroadtrip.tv\/blog\/week-end-dans-les-cevennes\/#article\",\"isPartOf\":{\"@id\":\"https:\/\/www.jdroadtrip.tv\/blog\/week-end-dans-les-cevennes\/\"},\"author\":{\"name\":\"Jenny Diab\",\"@id\":\"https:\/\/www.jdroadtrip.tv\/blog\/#\/schema\/person\/d204bfc7d00ba74276391d8e42b58a3e\"},\"headline\":\"Week-end dans les C\u00e9vennes : Que faire ?\",\"datePublished\":\"2024-10-17T16:18:51+00:00\",\"dateModified\":\"2025-08-07T07:07:10+00:00\",\"mainEntityOfPage\":{\"@id\":\"https:\/\/www.jdroadtrip.tv\/blog\/week-end-dans-les-cevennes\/\"},\"wordCount\":2269,\"commentCount\":0,\"publisher\":{\"@id\":\"https:\/\/www.jdroadtrip.tv\/blog\/#organization\"},\"image\":{\"@id\":\"https:\/\/www.jdroadtrip.tv\/blog\/week-end-dans-les-cevennes\/#primaryimage\"},\"thumbnailUrl\":\"https:\/\/www.jdroadtrip.tv\/blog\/wp-content\/uploads\/2024\/10\/Week-end-cevennes-img.jpg\",\"articleSection\":[\"Occitanie\"],\"inLanguage\":\"fr-FR\",\"potentialAction\":[{\"@type\":\"CommentAction\",\"name\":\"Comment\",\"target\":[\"https:\/\/www.jdroadtrip.tv\/blog\/week-end-dans-les-cevennes\/#respond\"]}]},{\"@type\":\"WebPage\",\"@id\":\"https:\/\/www.jdroadtrip.tv\/blog\/week-end-dans-les-cevennes\/\",\"url\":\"https:\/\/www.jdroadtrip.tv\/blog\/week-end-dans-les-cevennes\/\",\"name\":\"Week-end dans les C\u00e9vennes : Que faire ? Que voir ? Que visiter ?\",\"isPartOf\":{\"@id\":\"https:\/\/www.jdroadtrip.tv\/blog\/#website\"},\"primaryImageOfPage\":{\"@id\":\"https:\/\/www.jdroadtrip.tv\/blog\/week-end-dans-les-cevennes\/#primaryimage\"},\"image\":{\"@id\":\"https:\/\/www.jdroadtrip.tv\/blog\/week-end-dans-les-cevennes\/#primaryimage\"},\"thumbnailUrl\":\"https:\/\/www.jdroadtrip.tv\/blog\/wp-content\/uploads\/2024\/10\/Week-end-cevennes-img.jpg\",\"datePublished\":\"2024-10-17T16:18:51+00:00\",\"dateModified\":\"2025-08-07T07:07:10+00:00\",\"description\":\"\u00c9vadez-vous un week-end dans les C\u00e9vennes : villages authentiques, randonn\u00e9es sauvages, nature pr\u00e9serv\u00e9e et bonnes adresses locales\",\"breadcrumb\":{\"@id\":\"https:\/\/www.jdroadtrip.tv\/blog\/week-end-dans-les-cevennes\/#breadcrumb\"},\"inLanguage\":\"fr-FR\",\"potentialAction\":[{\"@type\":\"ReadAction\",\"target\":[\"https:\/\/www.jdroadtrip.tv\/blog\/week-end-dans-les-cevennes\/\"]}]},{\"@type\":\"ImageObject\",\"inLanguage\":\"fr-FR\",\"@id\":\"https:\/\/www.jdroadtrip.tv\/blog\/week-end-dans-les-cevennes\/#primaryimage\",\"url\":\"https:\/\/www.jdroadtrip.tv\/blog\/wp-content\/uploads\/2024\/10\/Week-end-cevennes-img.jpg\",\"contentUrl\":\"https:\/\/www.jdroadtrip.tv\/blog\/wp-content\/uploads\/2024\/10\/Week-end-cevennes-img.jpg\",\"width\":1500,\"height\":996,\"caption\":\"Week-end dans les C\u00e9vennes\"},{\"@type\":\"BreadcrumbList\",\"@id\":\"https:\/\/www.jdroadtrip.tv\/blog\/week-end-dans-les-cevennes\/#breadcrumb\",\"itemListElement\":[{\"@type\":\"ListItem\",\"position\":1,\"name\":\"Accueil\",\"item\":\"https:\/\/www.jdroadtrip.tv\/blog\/\"},{\"@type\":\"ListItem\",\"position\":2,\"name\":\"Week-end dans les C\u00e9vennes : Que faire ?\"}]},{\"@type\":\"WebSite\",\"@id\":\"https:\/\/www.jdroadtrip.tv\/blog\/#website\",\"url\":\"https:\/\/www.jdroadtrip.tv\/blog\/\",\"name\":\"JDroadtrip - Blog de voyage au f\u00e9minin : Outdoor, Trek, Slow travel\",\"description\":\"M\u00e9dia pour voyager au f\u00e9minin\",\"publisher\":{\"@id\":\"https:\/\/www.jdroadtrip.tv\/blog\/#organization\"},\"alternateName\":\"JDroadtrip - Voyager au f\u00e9minin\",\"potentialAction\":[{\"@type\":\"SearchAction\",\"target\":{\"@type\":\"EntryPoint\",\"urlTemplate\":\"https:\/\/www.jdroadtrip.tv\/blog\/?s={search_term_string}\"},\"query-input\":{\"@type\":\"PropertyValueSpecification\",\"valueRequired\":true,\"valueName\":\"search_term_string\"}}],\"inLanguage\":\"fr-FR\"},{\"@type\":\"Organization\",\"@id\":\"https:\/\/www.jdroadtrip.tv\/blog\/#organization\",\"name\":\"JDroadtrip - Blog de voyage pour voyager au f\u00e9minin !\",\"alternateName\":\"JDroadtrip - Voyager au f\u00e9minin\",\"url\":\"https:\/\/www.jdroadtrip.tv\/blog\/\",\"logo\":{\"@type\":\"ImageObject\",\"inLanguage\":\"fr-FR\",\"@id\":\"https:\/\/www.jdroadtrip.tv\/blog\/#\/schema\/logo\/image\/\",\"url\":\"https:\/\/www.jdroadtrip.tv\/blog\/wp-content\/uploads\/2023\/08\/Logo-HD-petit.png\",\"contentUrl\":\"https:\/\/www.jdroadtrip.tv\/blog\/wp-content\/uploads\/2023\/08\/Logo-HD-petit.png\",\"width\":300,\"height\":300,\"caption\":\"JDroadtrip - Blog de voyage pour voyager au f\u00e9minin !\"},\"image\":{\"@id\":\"https:\/\/www.jdroadtrip.tv\/blog\/#\/schema\/logo\/image\/\"},\"sameAs\":[\"https:\/\/www.facebook.com\/JDRoadTrip\",\"https:\/\/x.com\/JDroadtrip\",\"https:\/\/instagram.com\/jdroadtrip\/\",\"http:\/\/www.linkedin.com\/in\/jennydiab\",\"https:\/\/www.pinterest.fr\/jdroadtrip\/\",\"https:\/\/www.youtube.com\/channel\/UCerVm4aMyTj9AxDDWmSx9_g\"],\"description\":\"Blog de voyage pour les femmes qui voyagent \u00e0 travers le monde.\",\"email\":\"contact@jdroadtrip.tv\",\"legalName\":\"Jenny Diab\",\"numberOfEmployees\":{\"@type\":\"QuantitativeValue\",\"minValue\":\"1\",\"maxValue\":\"10\"}},{\"@type\":\"Person\",\"@id\":\"https:\/\/www.jdroadtrip.tv\/blog\/#\/schema\/person\/d204bfc7d00ba74276391d8e42b58a3e\",\"name\":\"Jenny Diab\",\"image\":{\"@type\":\"ImageObject\",\"inLanguage\":\"fr-FR\",\"@id\":\"https:\/\/www.jdroadtrip.tv\/blog\/#\/schema\/person\/image\/\",\"url\":\"https:\/\/secure.gravatar.com\/avatar\/8c20b0655fdafee9c0df649069a458b1bde697487be3b0da4df8754f3de7042c?s=96&d=mm&r=g\",\"contentUrl\":\"https:\/\/secure.gravatar.com\/avatar\/8c20b0655fdafee9c0df649069a458b1bde697487be3b0da4df8754f3de7042c?s=96&d=mm&r=g\",\"caption\":\"Jenny Diab\"},\"description\":\"Cr\u00e9atrice du blog JDroadtrip.tv, je voyage seule \u00e0 travers le monde et je partage mes exp\u00e9riences de voyageuse solo. \u00c0 travers ce blog, je vous invite \u00e0 d\u00e9couvrir un maximum de bons plans et astuces (h\u00e9bergements, activit\u00e9s, restaurants, transports \u2026) pour pr\u00e9parer au mieux vos futurs voyages. Si vous \u00eates une fille qui voyage \u00e0 travers le monde, rejoignez la communaut\u00e9 Voyager au f\u00e9minin et si vous avez des questions, n'h\u00e9sitez pas \u00e0 \u00e0 me contacter. D\u00c9COUVREZ QUI SUIS-JE.\",\"sameAs\":[\"https:\/\/www.jdroadtrip.tv\",\"https:\/\/www.facebook.com\/JDroadtrip\",\"https:\/\/www.instagram.com\/jdroadtrip\/\",\"https:\/\/www.linkedin.com\/in\/jennydiab\",\"https:\/\/www.pinterest.com\/Jdroadtrip\",\"https:\/\/x.com\/JDroadtrip\"],\"url\":\"https:\/\/www.jdroadtrip.tv\/blog\/author\/jd\/\"}]}<\/script>\n<!-- \/ Yoast SEO Premium plugin. -->","yoast_head_json":{"title":"Week-end dans les C\u00e9vennes : Que faire ? Que voir ? Que visiter ?","description":"\u00c9vadez-vous un week-end dans les C\u00e9vennes : villages authentiques, randonn\u00e9es sauvages, nature pr\u00e9serv\u00e9e et bonnes adresses locales","robots":{"index":"index","follow":"follow","max-snippet":"max-snippet:-1","max-image-preview":"max-image-preview:large","max-video-preview":"max-video-preview:-1"},"canonical":"https:\/\/www.jdroadtrip.tv\/blog\/week-end-dans-les-cevennes\/","og_locale":"fr_FR","og_type":"article","og_title":"Week-end dans les C\u00e9vennes : Que faire ?","og_description":"\u00c9vadez-vous un week-end dans les C\u00e9vennes : villages authentiques, randonn\u00e9es sauvages, nature pr\u00e9serv\u00e9e et bonnes adresses locales","og_url":"https:\/\/www.jdroadtrip.tv\/blog\/week-end-dans-les-cevennes\/","og_site_name":"JDroadtrip - Blog de voyage pour voyager au f\u00e9minin !","article_publisher":"https:\/\/www.facebook.com\/JDRoadTrip","article_author":"https:\/\/www.facebook.com\/JDroadtrip","article_published_time":"2024-10-17T16:18:51+00:00","article_modified_time":"2025-08-07T07:07:10+00:00","og_image":[{"width":1500,"height":996,"url":"https:\/\/www.jdroadtrip.tv\/blog\/wp-content\/uploads\/2024\/10\/Week-end-cevennes-img.jpg","type":"image\/jpeg"}],"author":"Jenny Diab","twitter_card":"summary_large_image","twitter_creator":"@JDroadtrip","twitter_site":"@JDroadtrip","twitter_misc":{"\u00c9crit par":"Jenny Diab","Dur\u00e9e de lecture estim\u00e9e":"12 minutes"},"schema":{"@context":"https:\/\/schema.org","@graph":[{"@type":"Article","@id":"https:\/\/www.jdroadtrip.tv\/blog\/week-end-dans-les-cevennes\/#article","isPartOf":{"@id":"https:\/\/www.jdroadtrip.tv\/blog\/week-end-dans-les-cevennes\/"},"author":{"name":"Jenny Diab","@id":"https:\/\/www.jdroadtrip.tv\/blog\/#\/schema\/person\/d204bfc7d00ba74276391d8e42b58a3e"},"headline":"Week-end dans les C\u00e9vennes : Que faire ?","datePublished":"2024-10-17T16:18:51+00:00","dateModified":"2025-08-07T07:07:10+00:00","mainEntityOfPage":{"@id":"https:\/\/www.jdroadtrip.tv\/blog\/week-end-dans-les-cevennes\/"},"wordCount":2269,"commentCount":0,"publisher":{"@id":"https:\/\/www.jdroadtrip.tv\/blog\/#organization"},"image":{"@id":"https:\/\/www.jdroadtrip.tv\/blog\/week-end-dans-les-cevennes\/#primaryimage"},"thumbnailUrl":"https:\/\/www.jdroadtrip.tv\/blog\/wp-content\/uploads\/2024\/10\/Week-end-cevennes-img.jpg","articleSection":["Occitanie"],"inLanguage":"fr-FR","potentialAction":[{"@type":"CommentAction","name":"Comment","target":["https:\/\/www.jdroadtrip.tv\/blog\/week-end-dans-les-cevennes\/#respond"]}]},{"@type":"WebPage","@id":"https:\/\/www.jdroadtrip.tv\/blog\/week-end-dans-les-cevennes\/","url":"https:\/\/www.jdroadtrip.tv\/blog\/week-end-dans-les-cevennes\/","name":"Week-end dans les C\u00e9vennes : Que faire ? Que voir ? Que visiter ?","isPartOf":{"@id":"https:\/\/www.jdroadtrip.tv\/blog\/#website"},"primaryImageOfPage":{"@id":"https:\/\/www.jdroadtrip.tv\/blog\/week-end-dans-les-cevennes\/#primaryimage"},"image":{"@id":"https:\/\/www.jdroadtrip.tv\/blog\/week-end-dans-les-cevennes\/#primaryimage"},"thumbnailUrl":"https:\/\/www.jdroadtrip.tv\/blog\/wp-content\/uploads\/2024\/10\/Week-end-cevennes-img.jpg","datePublished":"2024-10-17T16:18:51+00:00","dateModified":"2025-08-07T07:07:10+00:00","description":"\u00c9vadez-vous un week-end dans les C\u00e9vennes : villages authentiques, randonn\u00e9es sauvages, nature pr\u00e9serv\u00e9e et bonnes adresses locales","breadcrumb":{"@id":"https:\/\/www.jdroadtrip.tv\/blog\/week-end-dans-les-cevennes\/#breadcrumb"},"inLanguage":"fr-FR","potentialAction":[{"@type":"ReadAction","target":["https:\/\/www.jdroadtrip.tv\/blog\/week-end-dans-les-cevennes\/"]}]},{"@type":"ImageObject","inLanguage":"fr-FR","@id":"https:\/\/www.jdroadtrip.tv\/blog\/week-end-dans-les-cevennes\/#primaryimage","url":"https:\/\/www.jdroadtrip.tv\/blog\/wp-content\/uploads\/2024\/10\/Week-end-cevennes-img.jpg","contentUrl":"https:\/\/www.jdroadtrip.tv\/blog\/wp-content\/uploads\/2024\/10\/Week-end-cevennes-img.jpg","width":1500,"height":996,"caption":"Week-end dans les C\u00e9vennes"},{"@type":"BreadcrumbList","@id":"https:\/\/www.jdroadtrip.tv\/blog\/week-end-dans-les-cevennes\/#breadcrumb","itemListElement":[{"@type":"ListItem","position":1,"name":"Accueil","item":"https:\/\/www.jdroadtrip.tv\/blog\/"},{"@type":"ListItem","position":2,"name":"Week-end dans les C\u00e9vennes : Que faire ?"}]},{"@type":"WebSite","@id":"https:\/\/www.jdroadtrip.tv\/blog\/#website","url":"https:\/\/www.jdroadtrip.tv\/blog\/","name":"JDroadtrip - Blog de voyage au f\u00e9minin : Outdoor, Trek, Slow travel","description":"M\u00e9dia pour voyager au f\u00e9minin","publisher":{"@id":"https:\/\/www.jdroadtrip.tv\/blog\/#organization"},"alternateName":"JDroadtrip - Voyager au f\u00e9minin","potentialAction":[{"@type":"SearchAction","target":{"@type":"EntryPoint","urlTemplate":"https:\/\/www.jdroadtrip.tv\/blog\/?s={search_term_string}"},"query-input":{"@type":"PropertyValueSpecification","valueRequired":true,"valueName":"search_term_string"}}],"inLanguage":"fr-FR"},{"@type":"Organization","@id":"https:\/\/www.jdroadtrip.tv\/blog\/#organization","name":"JDroadtrip - Blog de voyage pour voyager au f\u00e9minin !","alternateName":"JDroadtrip - Voyager au f\u00e9minin","url":"https:\/\/www.jdroadtrip.tv\/blog\/","logo":{"@type":"ImageObject","inLanguage":"fr-FR","@id":"https:\/\/www.jdroadtrip.tv\/blog\/#\/schema\/logo\/image\/","url":"https:\/\/www.jdroadtrip.tv\/blog\/wp-content\/uploads\/2023\/08\/Logo-HD-petit.png","contentUrl":"https:\/\/www.jdroadtrip.tv\/blog\/wp-content\/uploads\/2023\/08\/Logo-HD-petit.png","width":300,"height":300,"caption":"JDroadtrip - Blog de voyage pour voyager au f\u00e9minin !"},"image":{"@id":"https:\/\/www.jdroadtrip.tv\/blog\/#\/schema\/logo\/image\/"},"sameAs":["https:\/\/www.facebook.com\/JDRoadTrip","https:\/\/x.com\/JDroadtrip","https:\/\/instagram.com\/jdroadtrip\/","http:\/\/www.linkedin.com\/in\/jennydiab","https:\/\/www.pinterest.fr\/jdroadtrip\/","https:\/\/www.youtube.com\/channel\/UCerVm4aMyTj9AxDDWmSx9_g"],"description":"Blog de voyage pour les femmes qui voyagent \u00e0 travers le monde.","email":"contact@jdroadtrip.tv","legalName":"Jenny Diab","numberOfEmployees":{"@type":"QuantitativeValue","minValue":"1","maxValue":"10"}},{"@type":"Person","@id":"https:\/\/www.jdroadtrip.tv\/blog\/#\/schema\/person\/d204bfc7d00ba74276391d8e42b58a3e","name":"Jenny Diab","image":{"@type":"ImageObject","inLanguage":"fr-FR","@id":"https:\/\/www.jdroadtrip.tv\/blog\/#\/schema\/person\/image\/","url":"https:\/\/secure.gravatar.com\/avatar\/8c20b0655fdafee9c0df649069a458b1bde697487be3b0da4df8754f3de7042c?s=96&d=mm&r=g","contentUrl":"https:\/\/secure.gravatar.com\/avatar\/8c20b0655fdafee9c0df649069a458b1bde697487be3b0da4df8754f3de7042c?s=96&d=mm&r=g","caption":"Jenny Diab"},"description":"Cr\u00e9atrice du blog JDroadtrip.tv, je voyage seule \u00e0 travers le monde et je partage mes exp\u00e9riences de voyageuse solo. \u00c0 travers ce blog, je vous invite \u00e0 d\u00e9couvrir un maximum de bons plans et astuces (h\u00e9bergements, activit\u00e9s, restaurants, transports \u2026) pour pr\u00e9parer au mieux vos futurs voyages. Si vous \u00eates une fille qui voyage \u00e0 travers le monde, rejoignez la communaut\u00e9 Voyager au f\u00e9minin et si vous avez des questions, n'h\u00e9sitez pas \u00e0 \u00e0 me contacter. D\u00c9COUVREZ QUI SUIS-JE.","sameAs":["https:\/\/www.jdroadtrip.tv","https:\/\/www.facebook.com\/JDroadtrip","https:\/\/www.instagram.com\/jdroadtrip\/","https:\/\/www.linkedin.com\/in\/jennydiab","https:\/\/www.pinterest.com\/Jdroadtrip","https:\/\/x.com\/JDroadtrip"],"url":"https:\/\/www.jdroadtrip.tv\/blog\/author\/jd\/"}]}},"_links":{"self":[{"href":"https:\/\/www.jdroadtrip.tv\/blog\/wp-json\/wp\/v2\/posts\/71671","targetHints":{"allow":["GET"]}}],"collection":[{"href":"https:\/\/www.jdroadtrip.tv\/blog\/wp-json\/wp\/v2\/posts"}],"about":[{"href":"https:\/\/www.jdroadtrip.tv\/blog\/wp-json\/wp\/v2\/types\/post"}],"author":[{"embeddable":true,"href":"https:\/\/www.jdroadtrip.tv\/blog\/wp-json\/wp\/v2\/users\/1"}],"replies":[{"embeddable":true,"href":"https:\/\/www.jdroadtrip.tv\/blog\/wp-json\/wp\/v2\/comments?post=71671"}],"version-history":[{"count":0,"href":"https:\/\/www.jdroadtrip.tv\/blog\/wp-json\/wp\/v2\/posts\/71671\/revisions"}],"wp:featuredmedia":[{"embeddable":true,"href":"https:\/\/www.jdroadtrip.tv\/blog\/wp-json\/wp\/v2\/media\/72010"}],"wp:attachment":[{"href":"https:\/\/www.jdroadtrip.tv\/blog\/wp-json\/wp\/v2\/media?parent=71671"}],"wp:term":[{"taxonomy":"category","embeddable":true,"href":"https:\/\/www.jdroadtrip.tv\/blog\/wp-json\/wp\/v2\/categories?post=71671"},{"taxonomy":"post_tag","embeddable":true,"href":"https:\/\/www.jdroadtrip.tv\/blog\/wp-json\/wp\/v2\/tags?post=71671"},{"taxonomy":"table_tags","embeddable":true,"href":"https:\/\/www.jdroadtrip.tv\/blog\/wp-json\/wp\/v2\/table_tags?post=71671"}],"curies":[{"name":"wp","href":"https:\/\/api.w.org\/{rel}","templated":true}]}}