{"id":68110,"date":"2024-08-07T13:46:49","date_gmt":"2024-08-07T12:46:49","guid":{"rendered":"https:\/\/www.jdroadtrip.tv\/blog\/?p=68110"},"modified":"2025-07-03T15:29:58","modified_gmt":"2025-07-03T14:29:58","slug":"lampe-frontale-powertec-rechargeable","status":"publish","type":"post","link":"https:\/\/www.jdroadtrip.tv\/blog\/lampe-frontale-powertec-rechargeable\/","title":{"rendered":"Test de la lampe frontale Powertec, un \u00e9clairage outdoor parfait !"},"content":{"rendered":"\t\t<div data-elementor-type=\"wp-post\" data-elementor-id=\"68110\" class=\"elementor elementor-68110\" data-elementor-post-type=\"post\">\n\t\t\t\t\t\t<section class=\"elementor-section elementor-top-section elementor-element elementor-element-04c9613 elementor-section-boxed elementor-section-height-default elementor-section-height-default\" data-id=\"04c9613\" data-element_type=\"section\">\n\t\t\t\t\t\t<div class=\"elementor-container elementor-column-gap-default\">\n\t\t\t\t\t<div class=\"elementor-column elementor-col-100 elementor-top-column elementor-element elementor-element-0575a6c\" data-id=\"0575a6c\" data-element_type=\"column\">\n\t\t\t<div class=\"elementor-widget-wrap elementor-element-populated\">\n\t\t\t\t\t\t<div class=\"elementor-element elementor-element-014aa43 elementor-widget elementor-widget-heading\" data-id=\"014aa43\" data-element_type=\"widget\" data-widget_type=\"heading.default\">\n\t\t\t\t<div class=\"elementor-widget-container\">\n\t\t\t\t\t<h2 class=\"elementor-heading-title elementor-size-default\">Test \/ Avis sur la lampe frontale Powertec rechargeable et \u00e9tanche !<\/h2>\t\t\t\t<\/div>\n\t\t\t\t<\/div>\n\t\t\t\t<div class=\"elementor-element elementor-element-f7534c9 elementor-widget elementor-widget-text-editor\" data-id=\"f7534c9\" data-element_type=\"widget\" data-widget_type=\"text-editor.default\">\n\t\t\t\t<div class=\"elementor-widget-container\">\n\t\t\t\t\t\t\t\t\t<p style=\"text-align: justify;\"><em><span style=\"font-size: 18pt;\">Durant mon <strong><a href=\"https:\/\/www.jdroadtrip.tv\/blog\/conseils-trek-dans-le-desert-du-sahara-marocain\/\" target=\"_blank\" rel=\"noopener\">trek dans le d\u00e9sert du Sahara Marocain<\/a><\/strong>, j&rsquo;ai test\u00e9 la <strong>lampe frontale Powertec rechargeable et \u00e9tanche<\/strong>. L&rsquo;avantage de cette lampe frontale est qu&rsquo;elle se recharge via le <strong><a href=\"https:\/\/www.jdroadtrip.tv\/blog\/test-panneau-solaire-nomade-powertec-kit-randonneur\/\" target=\"_blank\" rel=\"noopener\">panneau solaire Powertec<\/a><\/strong> que j&rsquo;ai eu l&rsquo;occasion de tester dans les m\u00eames circonstances. Un bon combo quand on part en autonomie au milieu de rien. Si vous partez un endroit tr\u00e8s ensoleill\u00e9, gr\u00e2ce au panneau solaire, vous aurez toujours un \u00e9clairage outdoor avec vous.<\/span><\/em><\/p><p style=\"text-align: justify;\"><em><span style=\"font-size: 18pt;\">Elle m&rsquo;a servie durant mes voyages <a href=\"https:\/\/www.laponie-au-feminin.com\" target=\"_blank\" rel=\"noopener\">Laponie au f\u00e9minin<\/a> pour r\u00e9gler mon appareil photo lors de mes sorties nocturnes pour les aurores bor\u00e9ales.<\/span><\/em><\/p>\t\t\t\t\t\t\t\t<\/div>\n\t\t\t\t<\/div>\n\t\t\t\t\t<\/div>\n\t\t<\/div>\n\t\t\t\t\t<\/div>\n\t\t<\/section>\n\t\t\t\t<section class=\"elementor-section elementor-top-section elementor-element elementor-element-129534b elementor-section-boxed elementor-section-height-default elementor-section-height-default\" data-id=\"129534b\" data-element_type=\"section\">\n\t\t\t\t\t\t<div class=\"elementor-container elementor-column-gap-default\">\n\t\t\t\t\t<div class=\"elementor-column elementor-col-100 elementor-top-column elementor-element elementor-element-36ac5a9\" data-id=\"36ac5a9\" data-element_type=\"column\">\n\t\t\t<div class=\"elementor-widget-wrap elementor-element-populated\">\n\t\t\t\t\t\t<div class=\"elementor-element elementor-element-ea933a6 elementor-widget elementor-widget-heading\" data-id=\"ea933a6\" data-element_type=\"widget\" data-widget_type=\"heading.default\">\n\t\t\t\t<div class=\"elementor-widget-container\">\n\t\t\t\t\t<h2 class=\"elementor-heading-title elementor-size-default\">Caract\u00e9ristiques de la lampe fontrale Powertec<\/h2>\t\t\t\t<\/div>\n\t\t\t\t<\/div>\n\t\t\t\t<div class=\"elementor-element elementor-element-1081601 elementor-widget elementor-widget-text-editor\" data-id=\"1081601\" data-element_type=\"widget\" data-widget_type=\"text-editor.default\">\n\t\t\t\t<div class=\"elementor-widget-container\">\n\t\t\t\t\t\t\t\t\t<ul><li><strong>Lumen :<\/strong> 1200<\/li><li><strong>Port\u00e9e du faisceau :<\/strong> 110 m<\/li><li><strong>Autonomie :<\/strong> Jusqu&rsquo;\u00e0 100h<\/li><li><strong>Rechargeable :<\/strong> oui via prise \u00e9lectrique ou panneau solaire Powertec<\/li><li><strong>R\u00e9sistance \u00e0 l&rsquo;eau :<\/strong> IPX8 ce qui signifie <strong>qu\u2019elle est \u00e9tanche m\u00eame sous pression<\/strong> et peut donc \u00eatre immerg\u00e9e dans l\u2019eau sans dommage.<\/li><li><strong>R\u00e9sistance aux chutes :<\/strong> 1m50<\/li><li><strong>Piles \u2013 batteries :<\/strong> Batterie Lithium-ion 18650 \u00e0 2550 mAh (prise USB-C)<\/li><li><strong>Dimensions :<\/strong> 91.4 x 39 x 50.6 mm<\/li><li><strong>Poids batterie incluse :<\/strong> 87g<\/li><\/ul>\t\t\t\t\t\t\t\t<\/div>\n\t\t\t\t<\/div>\n\t\t\t\t<section class=\"elementor-section elementor-inner-section elementor-element elementor-element-bb80299 elementor-section-boxed elementor-section-height-default elementor-section-height-default\" data-id=\"bb80299\" data-element_type=\"section\" data-settings=\"{&quot;background_background&quot;:&quot;classic&quot;}\">\n\t\t\t\t\t\t<div class=\"elementor-container elementor-column-gap-default\">\n\t\t\t\t\t<div class=\"elementor-column elementor-col-50 elementor-inner-column elementor-element elementor-element-f9ee649\" data-id=\"f9ee649\" data-element_type=\"column\">\n\t\t\t<div class=\"elementor-widget-wrap elementor-element-populated\">\n\t\t\t\t\t\t<div class=\"elementor-element elementor-element-81dacc5 elementor-view-default elementor-widget elementor-widget-icon\" data-id=\"81dacc5\" data-element_type=\"widget\" data-widget_type=\"icon.default\">\n\t\t\t\t<div class=\"elementor-widget-container\">\n\t\t\t\t\t\t\t<div class=\"elementor-icon-wrapper\">\n\t\t\t<div class=\"elementor-icon\">\n\t\t\t<i aria-hidden=\"true\" class=\"fas fa-info\"><\/i>\t\t\t<\/div>\n\t\t<\/div>\n\t\t\t\t\t\t<\/div>\n\t\t\t\t<\/div>\n\t\t\t\t\t<\/div>\n\t\t<\/div>\n\t\t\t\t<div class=\"elementor-column elementor-col-50 elementor-inner-column elementor-element elementor-element-1333c11\" data-id=\"1333c11\" data-element_type=\"column\">\n\t\t\t<div class=\"elementor-widget-wrap elementor-element-populated\">\n\t\t\t\t\t\t<div class=\"elementor-element elementor-element-9001920 elementor-widget elementor-widget-text-editor\" data-id=\"9001920\" data-element_type=\"widget\" data-widget_type=\"text-editor.default\">\n\t\t\t\t<div class=\"elementor-widget-container\">\n\t\t\t\t\t\t\t\t\t<p><span style=\"font-size: 18pt;\"><strong>Qu&rsquo;est-ce que veut dire lumen ?<br \/><\/strong><\/span>Le lumen correspond \u00e0 la quantit\u00e9 totale de lumi\u00e8re visible dans un faisceau ou un angle d\u00e9fini, ou \u00e9mise par une source : c&rsquo;est la luminosit\u00e9. Alors que les watts mesurent la quantit\u00e9 d&rsquo;\u00e9nergie utilis\u00e9e et non la production de la lumi\u00e8re.<\/p>\t\t\t\t\t\t\t\t<\/div>\n\t\t\t\t<\/div>\n\t\t\t\t\t<\/div>\n\t\t<\/div>\n\t\t\t\t\t<\/div>\n\t\t<\/section>\n\t\t\t\t<div class=\"elementor-element elementor-element-11b2921 elementor-widget elementor-widget-gallery\" data-id=\"11b2921\" data-element_type=\"widget\" data-settings=\"{&quot;gallery_layout&quot;:&quot;justified&quot;,&quot;gap&quot;:{&quot;unit&quot;:&quot;px&quot;,&quot;size&quot;:5,&quot;sizes&quot;:[]},&quot;link_to&quot;:&quot;custom&quot;,&quot;url&quot;:{&quot;url&quot;:&quot;https:\\\/\\\/www.powertec.fr\\\/boutique\\\/accessoires-outdoor\\\/lampe-frontale-rechargeable-1200-lumens\\\/affilie\\\/JDroadtrip\\\/?campaign=LampeFrontale&quot;,&quot;is_external&quot;:&quot;on&quot;,&quot;nofollow&quot;:&quot;&quot;,&quot;custom_attributes&quot;:&quot;&quot;},&quot;lazyload&quot;:&quot;yes&quot;,&quot;ideal_row_height&quot;:{&quot;unit&quot;:&quot;px&quot;,&quot;size&quot;:200,&quot;sizes&quot;:[]},&quot;ideal_row_height_tablet&quot;:{&quot;unit&quot;:&quot;px&quot;,&quot;size&quot;:150,&quot;sizes&quot;:[]},&quot;ideal_row_height_mobile&quot;:{&quot;unit&quot;:&quot;px&quot;,&quot;size&quot;:150,&quot;sizes&quot;:[]},&quot;gap_tablet&quot;:{&quot;unit&quot;:&quot;px&quot;,&quot;size&quot;:10,&quot;sizes&quot;:[]},&quot;gap_mobile&quot;:{&quot;unit&quot;:&quot;px&quot;,&quot;size&quot;:10,&quot;sizes&quot;:[]},&quot;overlay_background&quot;:&quot;yes&quot;,&quot;content_hover_animation&quot;:&quot;fade-in&quot;}\" data-widget_type=\"gallery.default\">\n\t\t\t\t<div class=\"elementor-widget-container\">\n\t\t\t\t\t\t\t<div class=\"elementor-gallery__container\">\n\t\t\t\t\t\t\t<a class=\"e-gallery-item elementor-gallery-item elementor-animated-content\" href=\"https:\/\/www.powertec.fr\/boutique\/accessoires-outdoor\/lampe-frontale-rechargeable-1200-lumens\/affilie\/JDroadtrip\/?campaign=LampeFrontale\" target=\"_blank\">\n\t\t\t\t\t<div class=\"e-gallery-image elementor-gallery-item__image\" data-thumbnail=\"https:\/\/www.jdroadtrip.tv\/blog\/wp-content\/uploads\/2024\/08\/lampe-frontale-powertec-01.webp\" data-width=\"700\" data-height=\"700\" aria-label=\"Lampe frontale Powertec\" role=\"img\" ><\/div>\n\t\t\t\t\t\t\t\t\t\t\t<div class=\"elementor-gallery-item__overlay\"><\/div>\n\t\t\t\t\t\t\t\t\t\t\t\t\t\t<\/a>\n\t\t\t\t\t\t\t<a class=\"e-gallery-item elementor-gallery-item elementor-animated-content\" href=\"https:\/\/www.powertec.fr\/boutique\/accessoires-outdoor\/lampe-frontale-rechargeable-1200-lumens\/affilie\/JDroadtrip\/?campaign=LampeFrontale\" target=\"_blank\">\n\t\t\t\t\t<div class=\"e-gallery-image elementor-gallery-item__image\" data-thumbnail=\"https:\/\/www.jdroadtrip.tv\/blog\/wp-content\/uploads\/2024\/08\/lampe-frontale-powertec-02.webp\" data-width=\"700\" data-height=\"700\" aria-label=\"Lampe frontale Powertec\" role=\"img\" ><\/div>\n\t\t\t\t\t\t\t\t\t\t\t<div class=\"elementor-gallery-item__overlay\"><\/div>\n\t\t\t\t\t\t\t\t\t\t\t\t\t\t<\/a>\n\t\t\t\t\t\t\t<a class=\"e-gallery-item elementor-gallery-item elementor-animated-content\" href=\"https:\/\/www.powertec.fr\/boutique\/accessoires-outdoor\/lampe-frontale-rechargeable-1200-lumens\/affilie\/JDroadtrip\/?campaign=LampeFrontale\" target=\"_blank\">\n\t\t\t\t\t<div class=\"e-gallery-image elementor-gallery-item__image\" data-thumbnail=\"https:\/\/www.jdroadtrip.tv\/blog\/wp-content\/uploads\/2024\/08\/lampe-frontale-powertec-03.webp\" data-width=\"700\" data-height=\"700\" aria-label=\"Lampe frontale Powertec\" role=\"img\" ><\/div>\n\t\t\t\t\t\t\t\t\t\t\t<div class=\"elementor-gallery-item__overlay\"><\/div>\n\t\t\t\t\t\t\t\t\t\t\t\t\t\t<\/a>\n\t\t\t\t\t\t\t<a class=\"e-gallery-item elementor-gallery-item elementor-animated-content\" href=\"https:\/\/www.powertec.fr\/boutique\/accessoires-outdoor\/lampe-frontale-rechargeable-1200-lumens\/affilie\/JDroadtrip\/?campaign=LampeFrontale\" target=\"_blank\">\n\t\t\t\t\t<div class=\"e-gallery-image elementor-gallery-item__image\" data-thumbnail=\"https:\/\/www.jdroadtrip.tv\/blog\/wp-content\/uploads\/2024\/08\/lampe-frontale-powertec-04.webp\" data-width=\"700\" data-height=\"700\" aria-label=\"Lampe frontale Powertec\" role=\"img\" ><\/div>\n\t\t\t\t\t\t\t\t\t\t\t<div class=\"elementor-gallery-item__overlay\"><\/div>\n\t\t\t\t\t\t\t\t\t\t\t\t\t\t<\/a>\n\t\t\t\t\t<\/div>\n\t\t\t\t\t<\/div>\n\t\t\t\t<\/div>\n\t\t\t\t<div class=\"elementor-element elementor-element-962baee elementor-align-center elementor-widget elementor-widget-button\" data-id=\"962baee\" data-element_type=\"widget\" data-widget_type=\"button.default\">\n\t\t\t\t<div class=\"elementor-widget-container\">\n\t\t\t\t\t\t\t\t\t<div class=\"elementor-button-wrapper\">\n\t\t\t\t\t<a class=\"elementor-button elementor-button-link elementor-size-sm\" href=\"https:\/\/www.powertec.fr\/boutique\/accessoires-outdoor\/lampe-frontale-rechargeable-1200-lumens\/affilie\/JDroadtrip\/?campaign=LampeFrontale\" target=\"_blank\" rel=\"nofollow\">\n\t\t\t\t\t\t<span class=\"elementor-button-content-wrapper\">\n\t\t\t\t\t\t\t\t\t<span class=\"elementor-button-text\">Cliquez ici pour plus d'informations sur la lampe frontale Powertec<\/span>\n\t\t\t\t\t<\/span>\n\t\t\t\t\t<\/a>\n\t\t\t\t<\/div>\n\t\t\t\t\t\t\t\t<\/div>\n\t\t\t\t<\/div>\n\t\t\t\t\t<\/div>\n\t\t<\/div>\n\t\t\t\t\t<\/div>\n\t\t<\/section>\n\t\t\t\t<section class=\"elementor-section elementor-top-section elementor-element elementor-element-e052bba elementor-section-boxed elementor-section-height-default elementor-section-height-default\" data-id=\"e052bba\" data-element_type=\"section\">\n\t\t\t\t\t\t<div class=\"elementor-container elementor-column-gap-default\">\n\t\t\t\t\t<div class=\"elementor-column elementor-col-100 elementor-top-column elementor-element elementor-element-ffa2c03\" data-id=\"ffa2c03\" data-element_type=\"column\">\n\t\t\t<div class=\"elementor-widget-wrap elementor-element-populated\">\n\t\t\t\t\t\t<div class=\"elementor-element elementor-element-0d6e328 elementor-widget elementor-widget-heading\" data-id=\"0d6e328\" data-element_type=\"widget\" data-widget_type=\"heading.default\">\n\t\t\t\t<div class=\"elementor-widget-container\">\n\t\t\t\t\t<h2 class=\"elementor-heading-title elementor-size-default\">Avis et retour d'exp\u00e9rience sur la lampe frontale Powertec<\/h2>\t\t\t\t<\/div>\n\t\t\t\t<\/div>\n\t\t\t\t<div class=\"elementor-element elementor-element-8713675 elementor-widget elementor-widget-text-editor\" data-id=\"8713675\" data-element_type=\"widget\" data-widget_type=\"text-editor.default\">\n\t\t\t\t<div class=\"elementor-widget-container\">\n\t\t\t\t\t\t\t\t\t<p style=\"text-align: justify;\"><span style=\"font-size: 14pt;\">J&rsquo;ai utilis\u00e9 la lampe frontale Powertec durant deux destinations extr\u00eames, la <a href=\"https:\/\/www.jdroadtrip.tv\/blog\/laponie-finlandaise-visiter-levi-dans-la-region-de-kittila\/\" target=\"_blank\" rel=\"noopener\"><strong>Laponie Finlandais<\/strong>e<\/a> et le d\u00e9sert du Sahara Marocain. Dans les deux cas, des conditions m\u00e9t\u00e9os tr\u00e8s vari\u00e9es, du tr\u00e8s froid \u00e0 tr\u00e8s chaud avec temp\u00eates de sable.<\/span><\/p><p style=\"text-align: justify;\"><span style=\"font-size: 14pt;\">Ce n&rsquo;est pas une petite lampe frontale comme les diverses marques qu&rsquo;on connait. M\u00eame si elle est l\u00e9g\u00e8re, elle tient dans la main. Elle est imposante, car <strong>elle poss\u00e8de deux faisceaux, un blanc et un jaune<\/strong> avec 4 intensit\u00e9s de luminosit\u00e9. Une fois l&rsquo;intensit\u00e9 4 activ\u00e9e, je vous confirme qu&rsquo;on voit \u00e0 100m. Elle \u00e9claire vraiment tr\u00e8s bien ! Une fois sur la t\u00eate, <strong>elle pivote de 160 degr\u00e9s \u00e0 la verticale<\/strong>. Elle est <strong>adapt\u00e9e \u00e0 toutes les activit\u00e9s outdoor<\/strong> : randonn\u00e9e nocturne, d\u00e9part matinale \u00e0 v\u00e9lo, la course \u00e0 pied ou le trail. Elle est confortable \u00e0 porter, une fois en bandeau, on l&rsquo;oublie assez rapidement.<\/span><\/p><p><span style=\"font-size: 18pt;\">\u279c Plus d&rsquo;infos sur la lampe frontale Powertec, <a href=\"https:\/\/www.powertec.fr\/boutique\/accessoires-outdoor\/lampe-frontale-rechargeable-1200-lumens\/affilie\/JDroadtrip\/?campaign=LampeFrontale\" target=\"_blank\" rel=\"nofollow noopener\">plus d&rsquo;informations en cliquant ici<\/a>.<\/span><\/p>\t\t\t\t\t\t\t\t<\/div>\n\t\t\t\t<\/div>\n\t\t\t\t<div class=\"elementor-element elementor-element-f6c74fb elementor-widget elementor-widget-gallery\" data-id=\"f6c74fb\" data-element_type=\"widget\" data-settings=\"{&quot;columns&quot;:2,&quot;lazyload&quot;:&quot;yes&quot;,&quot;gallery_layout&quot;:&quot;grid&quot;,&quot;columns_tablet&quot;:2,&quot;columns_mobile&quot;:1,&quot;gap&quot;:{&quot;unit&quot;:&quot;px&quot;,&quot;size&quot;:10,&quot;sizes&quot;:[]},&quot;gap_tablet&quot;:{&quot;unit&quot;:&quot;px&quot;,&quot;size&quot;:10,&quot;sizes&quot;:[]},&quot;gap_mobile&quot;:{&quot;unit&quot;:&quot;px&quot;,&quot;size&quot;:10,&quot;sizes&quot;:[]},&quot;link_to&quot;:&quot;file&quot;,&quot;aspect_ratio&quot;:&quot;3:2&quot;,&quot;overlay_background&quot;:&quot;yes&quot;,&quot;content_hover_animation&quot;:&quot;fade-in&quot;}\" data-widget_type=\"gallery.default\">\n\t\t\t\t<div class=\"elementor-widget-container\">\n\t\t\t\t\t\t\t<div class=\"elementor-gallery__container\">\n\t\t\t\t\t\t\t<a class=\"e-gallery-item elementor-gallery-item elementor-animated-content\" href=\"https:\/\/www.jdroadtrip.tv\/blog\/wp-content\/uploads\/2024\/08\/lampe-frontale-powertec.jpg\" data-elementor-open-lightbox=\"yes\" data-elementor-lightbox-slideshow=\"f6c74fb\" data-elementor-lightbox-title=\"lampe-frontale-powertec\" data-e-action-hash=\"#elementor-action%3Aaction%3Dlightbox%26settings%3DeyJpZCI6NjgxOTcsInVybCI6Imh0dHBzOlwvXC93d3cuamRyb2FkdHJpcC50dlwvYmxvZ1wvd3AtY29udGVudFwvdXBsb2Fkc1wvMjAyNFwvMDhcL2xhbXBlLWZyb250YWxlLXBvd2VydGVjLmpwZyIsInNsaWRlc2hvdyI6ImY2Yzc0ZmIifQ%3D%3D\">\n\t\t\t\t\t<div class=\"e-gallery-image elementor-gallery-item__image\" data-thumbnail=\"https:\/\/www.jdroadtrip.tv\/blog\/wp-content\/uploads\/2024\/08\/lampe-frontale-powertec.jpg\" data-width=\"2000\" data-height=\"1335\" aria-label=\"Lampe frontale Powertec\" role=\"img\" ><\/div>\n\t\t\t\t\t\t\t\t\t\t\t<div class=\"elementor-gallery-item__overlay\"><\/div>\n\t\t\t\t\t\t\t\t\t\t\t\t\t\t<\/a>\n\t\t\t\t\t\t\t<a class=\"e-gallery-item elementor-gallery-item elementor-animated-content\" href=\"https:\/\/www.jdroadtrip.tv\/blog\/wp-content\/uploads\/2024\/08\/lampe-frontale-powertec-2.jpg\" data-elementor-open-lightbox=\"yes\" data-elementor-lightbox-slideshow=\"f6c74fb\" data-elementor-lightbox-title=\"lampe-frontale-powertec-2\" data-e-action-hash=\"#elementor-action%3Aaction%3Dlightbox%26settings%3DeyJpZCI6NjgxOTYsInVybCI6Imh0dHBzOlwvXC93d3cuamRyb2FkdHJpcC50dlwvYmxvZ1wvd3AtY29udGVudFwvdXBsb2Fkc1wvMjAyNFwvMDhcL2xhbXBlLWZyb250YWxlLXBvd2VydGVjLTIuanBnIiwic2xpZGVzaG93IjoiZjZjNzRmYiJ9\">\n\t\t\t\t\t<div class=\"e-gallery-image elementor-gallery-item__image\" data-thumbnail=\"https:\/\/www.jdroadtrip.tv\/blog\/wp-content\/uploads\/2024\/08\/lampe-frontale-powertec-2.jpg\" data-width=\"2000\" data-height=\"1335\" aria-label=\"Lampe frontale Powertec\" role=\"img\" ><\/div>\n\t\t\t\t\t\t\t\t\t\t\t<div class=\"elementor-gallery-item__overlay\"><\/div>\n\t\t\t\t\t\t\t\t\t\t\t\t\t\t<\/a>\n\t\t\t\t\t<\/div>\n\t\t\t\t\t<\/div>\n\t\t\t\t<\/div>\n\t\t\t\t<section class=\"elementor-section elementor-inner-section elementor-element elementor-element-a0a458e elementor-section-boxed elementor-section-height-default elementor-section-height-default\" data-id=\"a0a458e\" data-element_type=\"section\">\n\t\t\t\t\t\t<div class=\"elementor-container elementor-column-gap-default\">\n\t\t\t\t\t<div class=\"elementor-column elementor-col-100 elementor-inner-column elementor-element elementor-element-7323472\" data-id=\"7323472\" data-element_type=\"column\">\n\t\t\t<div class=\"elementor-widget-wrap elementor-element-populated\">\n\t\t\t\t\t\t<div class=\"elementor-element elementor-element-054fb0f elementor-widget elementor-widget-text-editor\" data-id=\"054fb0f\" data-element_type=\"widget\" data-widget_type=\"text-editor.default\">\n\t\t\t\t<div class=\"elementor-widget-container\">\n\t\t\t\t\t\t\t\t\t<h2>La lampe frontale Powertec dans les conditions extr\u00eames\u00a0<\/h2><p style=\"text-align: justify;\"><span style=\"font-size: 14pt;\">Parlons maintenant de sa r\u00e9sistance dans des conditions extr\u00eames. Dans le d\u00e9sert, il faisait tr\u00e8s chaud et j&rsquo;ai subi plusieurs temp\u00eates de sable de jour comme de nuit. Le sable s&rsquo;incruste partout. La partie qui s&rsquo;ouvre pour brancher et recharger en USB-C avait parfois du mal s&rsquo;ouvrir ou referm\u00e9 \u00e0 cause du sable, mais avec un coup d&rsquo;air, \u00e7a allait mieux. L&rsquo;avantage dans le d\u00e9sert, c&rsquo;est qu&rsquo;elle pouvait se recharger au <a href=\"https:\/\/www.jdroadtrip.tv\/blog\/test-panneau-solaire-nomade-powertec-kit-randonneur\/\" target=\"_blank\" rel=\"nofollow noopener\">panneau solaire Powertec<\/a> et en <strong>moins de 3h, elle \u00e9tait enti\u00e8rement charg\u00e9e<\/strong>. Les temp\u00e9ratures chaudes n&rsquo;ont pas cr\u00e9\u00e9 de probl\u00e8mes.<\/span><\/p><p style=\"text-align: justify;\"><span style=\"font-size: 14pt;\">En Laponie, je l&rsquo;ai test\u00e9 durant des temp\u00e9ratures tr\u00e8s froides, comme -40\u00b0 et elle est rest\u00e9e autant sur ma t\u00eate que dans le sac \u00e0 dos dans des conditions froides. <strong>Elle est fabriqu\u00e9e en\u00a0aluminium durable, elle est tr\u00e8s robuste et tient vraiment les temp\u00e9ratures extr\u00eames.<\/strong> Bien s\u00fbr, au bout de 30\/40 min je dirais, elle a fini par ne plus s&rsquo;allumer. Il faisait vraiment tr\u00e8s froid ! Elle m&rsquo;a permis \u00e0 de nombreuses reprises de pouvoir r\u00e9gler mon appareil photo pour les aurores bor\u00e9ales. Une fois rentr\u00e9e au chalet avec des temp\u00e9ratures \u00e0 20\/23\u00b0, je l&rsquo;ai laiss\u00e9 dans le sac dos pour qu&rsquo;elle se r\u00e9adapte doucement aux temp\u00e9ratures int\u00e9rieures et pour \u00e9viter la condensation. G\u00e9n\u00e9ralement, je la laisse toute la nuit dans le sac \u00e0 dos et le lendemain, je la charge \u00e0 nouveau.<\/span><\/p><p style=\"text-align: justify;\"><span style=\"font-size: 14pt;\">Avec une simple lampe frontale \u00e0 pile ou batterie en plastique, au bout de quelques minutes, elle finit par s&rsquo;\u00e9teindre quand les temp\u00e9ratures font -25\u00b0 donc je suis assez contente d&rsquo;avoir la lampe frontale Powertec.<\/span><\/p><p style=\"text-align: justify;\"><span style=\"font-size: 18pt;\">\u279c Plus d&rsquo;infos sur la lampe frontale Powertec, <a href=\"https:\/\/www.powertec.fr\/boutique\/accessoires-outdoor\/lampe-frontale-rechargeable-1200-lumens\/affilie\/JDroadtrip\/?campaign=LampeFrontale\" target=\"_blank\" rel=\"nofollow noopener\">plus d&rsquo;informations en cliquant ici<\/a>.<\/span><\/p>\t\t\t\t\t\t\t\t<\/div>\n\t\t\t\t<\/div>\n\t\t\t\t<div class=\"elementor-element elementor-element-5e477ca elementor-widget elementor-widget-image\" data-id=\"5e477ca\" data-element_type=\"widget\" data-widget_type=\"image.default\">\n\t\t\t\t<div class=\"elementor-widget-container\">\n\t\t\t\t\t\t\t\t\t\t\t\t\t\t\t<img fetchpriority=\"high\" decoding=\"async\" width=\"2000\" height=\"1356\" src=\"https:\/\/www.jdroadtrip.tv\/blog\/wp-content\/uploads\/2024\/08\/lampe-frontale-powertec-3.jpg\" class=\"attachment-full size-full wp-image-68208\" alt=\"\" srcset=\"https:\/\/www.jdroadtrip.tv\/blog\/wp-content\/uploads\/2024\/08\/lampe-frontale-powertec-3.jpg 2000w, https:\/\/www.jdroadtrip.tv\/blog\/wp-content\/uploads\/2024\/08\/lampe-frontale-powertec-3-300x203.jpg 300w, https:\/\/www.jdroadtrip.tv\/blog\/wp-content\/uploads\/2024\/08\/lampe-frontale-powertec-3-800x542.jpg 800w, https:\/\/www.jdroadtrip.tv\/blog\/wp-content\/uploads\/2024\/08\/lampe-frontale-powertec-3-250x170.jpg 250w, https:\/\/www.jdroadtrip.tv\/blog\/wp-content\/uploads\/2024\/08\/lampe-frontale-powertec-3-768x521.jpg 768w, https:\/\/www.jdroadtrip.tv\/blog\/wp-content\/uploads\/2024\/08\/lampe-frontale-powertec-3-1536x1041.jpg 1536w\" sizes=\"(max-width: 2000px) 100vw, 2000px\" \/>\t\t\t\t\t\t\t\t\t\t\t\t\t\t\t<\/div>\n\t\t\t\t<\/div>\n\t\t\t\t\t<\/div>\n\t\t<\/div>\n\t\t\t\t\t<\/div>\n\t\t<\/section>\n\t\t\t\t<div class=\"elementor-element elementor-element-112aca4 elementor-widget elementor-widget-text-editor\" data-id=\"112aca4\" data-element_type=\"widget\" data-widget_type=\"text-editor.default\">\n\t\t\t\t<div class=\"elementor-widget-container\">\n\t\t\t\t\t\t\t\t\t<h2>Piles ou batteries pour la lampe frontale Powertec<\/h2><p style=\"text-align: justify;\"><span style=\"font-size: 14pt;\">Gros point fort de la lampe frontale Powertec c&rsquo;est que <strong>vous pouvez autant utiliser une batterie lithium que des piles rechargeables et les piles jetables<\/strong>. Elle est \u00e9quip\u00e9e et vendue d\u2019une batterie rechargeable au lithium-ion. Si vous \u00eates bien pr\u00e9par\u00e9, vous ne tomberez jamais \u00e0 court de batterie et de ne pas pouvoir utiliser la lampe.<\/span><\/p><p style=\"text-align: justify;\"><span style=\"font-size: 14pt;\">La PHR19 est compatible avec les piles lithium jetables (CR123A) et les piles rechargeables Li-ion 18650, ce qui vous permet de choisir ce qui vous convient le mieux. Le fait de pouvoir utiliser des piles CR123A permet \u00e9galement d\u2019utiliser la lampe frontale dans des conditions climatiques extr\u00eames, avec des temp\u00e9ratures allant jusqu\u2019\u00e0 -40\u00b0C.<\/span><\/p>\t\t\t\t\t\t\t\t<\/div>\n\t\t\t\t<\/div>\n\t\t\t\t\t<\/div>\n\t\t<\/div>\n\t\t\t\t\t<\/div>\n\t\t<\/section>\n\t\t\t\t<section class=\"elementor-section elementor-top-section elementor-element elementor-element-211fd639 elementor-section-boxed elementor-section-height-default elementor-section-height-default\" data-id=\"211fd639\" data-element_type=\"section\">\n\t\t\t\t\t\t<div class=\"elementor-container elementor-column-gap-default\">\n\t\t\t\t\t<div class=\"elementor-column elementor-col-100 elementor-top-column elementor-element elementor-element-5e5c34dc\" data-id=\"5e5c34dc\" data-element_type=\"column\">\n\t\t\t<div class=\"elementor-widget-wrap elementor-element-populated\">\n\t\t\t\t\t\t<section class=\"elementor-section elementor-inner-section elementor-element elementor-element-6eaeaa75 elementor-section-boxed elementor-section-height-default elementor-section-height-default\" data-id=\"6eaeaa75\" data-element_type=\"section\" data-settings=\"{&quot;background_background&quot;:&quot;classic&quot;}\">\n\t\t\t\t\t\t<div class=\"elementor-container elementor-column-gap-default\">\n\t\t\t\t\t<div class=\"elementor-column elementor-col-50 elementor-inner-column elementor-element elementor-element-1b630ce\" data-id=\"1b630ce\" data-element_type=\"column\" data-settings=\"{&quot;background_background&quot;:&quot;classic&quot;}\">\n\t\t\t<div class=\"elementor-widget-wrap elementor-element-populated\">\n\t\t\t\t\t\t<div class=\"elementor-element elementor-element-579327ff elementor-view-default elementor-widget elementor-widget-icon\" data-id=\"579327ff\" data-element_type=\"widget\" data-widget_type=\"icon.default\">\n\t\t\t\t<div class=\"elementor-widget-container\">\n\t\t\t\t\t\t\t<div class=\"elementor-icon-wrapper\">\n\t\t\t<div class=\"elementor-icon\">\n\t\t\t<i aria-hidden=\"true\" class=\"fas fa-info\"><\/i>\t\t\t<\/div>\n\t\t<\/div>\n\t\t\t\t\t\t<\/div>\n\t\t\t\t<\/div>\n\t\t\t\t\t<\/div>\n\t\t<\/div>\n\t\t\t\t<div class=\"elementor-column elementor-col-50 elementor-inner-column elementor-element elementor-element-7a7f8d7\" data-id=\"7a7f8d7\" data-element_type=\"column\">\n\t\t\t<div class=\"elementor-widget-wrap elementor-element-populated\">\n\t\t\t\t\t\t<div class=\"elementor-element elementor-element-21a86ab1 elementor-widget elementor-widget-text-editor\" data-id=\"21a86ab1\" data-element_type=\"widget\" data-widget_type=\"text-editor.default\">\n\t\t\t\t<div class=\"elementor-widget-container\">\n\t\t\t\t\t\t\t\t\t<p><span style=\"font-size: 16pt;\">Si <strong>vous \u00eates une femme qui voyage<\/strong>, que vous recherchez des informations, rejoignez le groupe Facebook de voyage 100% f\u00e9minin \u2009<a href=\"https:\/\/www.facebook.com\/groups\/Voyageraufeminin\/\" target=\"_blank\" rel=\"noopener noreferrer\">Voyager au f\u00e9minin en sac \u00e0 dos<\/a><\/span><\/p>\t\t\t\t\t\t\t\t<\/div>\n\t\t\t\t<\/div>\n\t\t\t\t\t<\/div>\n\t\t<\/div>\n\t\t\t\t\t<\/div>\n\t\t<\/section>\n\t\t\t\t\t<\/div>\n\t\t<\/div>\n\t\t\t\t\t<\/div>\n\t\t<\/section>\n\t\t\t\t<section class=\"elementor-section elementor-top-section elementor-element elementor-element-59dad79 elementor-section-boxed elementor-section-height-default elementor-section-height-default\" data-id=\"59dad79\" data-element_type=\"section\">\n\t\t\t\t\t\t<div class=\"elementor-container elementor-column-gap-default\">\n\t\t\t\t\t<div class=\"elementor-column elementor-col-100 elementor-top-column elementor-element elementor-element-231d4a8\" data-id=\"231d4a8\" data-element_type=\"column\">\n\t\t\t<div class=\"elementor-widget-wrap elementor-element-populated\">\n\t\t\t\t\t\t<div class=\"elementor-element elementor-element-f596891 elementor-widget-divider--view-line elementor-widget elementor-widget-global elementor-global-41411 elementor-widget-divider\" data-id=\"f596891\" data-element_type=\"widget\" data-widget_type=\"divider.default\">\n\t\t\t\t<div class=\"elementor-widget-container\">\n\t\t\t\t\t\t\t<div class=\"elementor-divider\">\n\t\t\t<span class=\"elementor-divider-separator\">\n\t\t\t\t\t\t<\/span>\n\t\t<\/div>\n\t\t\t\t\t\t<\/div>\n\t\t\t\t<\/div>\n\t\t\t\t<div class=\"elementor-element elementor-element-3205dad elementor-widget elementor-widget-text-editor\" data-id=\"3205dad\" data-element_type=\"widget\" data-widget_type=\"text-editor.default\">\n\t\t\t\t<div class=\"elementor-widget-container\">\n\t\t\t\t\t\t\t\t\t<p style=\"text-align: justify;\"><strong>Si vous avez pu tester la lampe frontale Powertec, n\u2019h\u00e9sitez pas \u00e0 laisser votre avis. Il peut int\u00e9resser pleins de personnes. Si vous \u00eates une femme qui voyagent et que vous recherchez des informations, rejoignez le groupe Facebook de voyage 100% f\u00e9minin \u2009<a href=\"https:\/\/www.facebook.com\/groups\/Voyageraufeminin\/\" target=\"_blank\" rel=\"noopener noreferrer\">Voyager au f\u00e9minin en sac \u00e0 dos<\/a>.<\/strong><\/p><p style=\"text-align: center;\"><img decoding=\"async\" class=\" wp-image-68172 aligncenter\" src=\"https:\/\/www.jdroadtrip.tv\/blog\/wp-content\/uploads\/2024\/08\/lampe-frontale-powertec-pin.jpg\" alt=\"Lampe frontale Powertec sous les aurores bor\u00e9ales\" width=\"400\" height=\"600\" srcset=\"https:\/\/www.jdroadtrip.tv\/blog\/wp-content\/uploads\/2024\/08\/lampe-frontale-powertec-pin.jpg 564w, https:\/\/www.jdroadtrip.tv\/blog\/wp-content\/uploads\/2024\/08\/lampe-frontale-powertec-pin-200x300.jpg 200w, https:\/\/www.jdroadtrip.tv\/blog\/wp-content\/uploads\/2024\/08\/lampe-frontale-powertec-pin-400x600.jpg 400w, https:\/\/www.jdroadtrip.tv\/blog\/wp-content\/uploads\/2024\/08\/lampe-frontale-powertec-pin-133x200.jpg 133w\" sizes=\"(max-width: 400px) 100vw, 400px\" \/><\/p>\t\t\t\t\t\t\t\t<\/div>\n\t\t\t\t<\/div>\n\t\t\t\t\t<\/div>\n\t\t<\/div>\n\t\t\t\t\t<\/div>\n\t\t<\/section>\n\t\t\t\t<\/div>\n\t\t","protected":false},"excerpt":{"rendered":"<p>Test \/ Avis sur la lampe frontale Powertec rechargeable et \u00e9tanche ! Durant mon trek dans le d\u00e9sert du Sahara Marocain, j&rsquo;ai test\u00e9 la lampe frontale Powertec rechargeable et \u00e9tanche. L&rsquo;avantage de cette lampe frontale est qu&rsquo;elle se recharge via le panneau solaire Powertec que j&rsquo;ai eu l&rsquo;occasion de tester dans les m\u00eames circonstances. Un [&hellip;]<\/p>\n","protected":false},"author":1,"featured_media":68151,"comment_status":"open","ping_status":"closed","sticky":false,"template":"","format":"standard","meta":{"ocean_post_layout":"","ocean_both_sidebars_style":"","ocean_both_sidebars_content_width":0,"ocean_both_sidebars_sidebars_width":0,"ocean_sidebar":"","ocean_second_sidebar":"","ocean_disable_margins":"enable","ocean_add_body_class":"","ocean_shortcode_before_top_bar":"","ocean_shortcode_after_top_bar":"","ocean_shortcode_before_header":"","ocean_shortcode_after_header":"","ocean_has_shortcode":"","ocean_shortcode_after_title":"","ocean_shortcode_before_footer_widgets":"","ocean_shortcode_after_footer_widgets":"","ocean_shortcode_before_footer_bottom":"","ocean_shortcode_after_footer_bottom":"","ocean_display_top_bar":"default","ocean_display_header":"default","ocean_header_style":"","ocean_center_header_left_menu":"","ocean_custom_header_template":"","ocean_custom_logo":0,"ocean_custom_retina_logo":0,"ocean_custom_logo_max_width":0,"ocean_custom_logo_tablet_max_width":0,"ocean_custom_logo_mobile_max_width":0,"ocean_custom_logo_max_height":0,"ocean_custom_logo_tablet_max_height":0,"ocean_custom_logo_mobile_max_height":0,"ocean_header_custom_menu":"","ocean_menu_typo_font_family":"","ocean_menu_typo_font_subset":"","ocean_menu_typo_font_size":0,"ocean_menu_typo_font_size_tablet":0,"ocean_menu_typo_font_size_mobile":0,"ocean_menu_typo_font_size_unit":"px","ocean_menu_typo_font_weight":"","ocean_menu_typo_font_weight_tablet":"","ocean_menu_typo_font_weight_mobile":"","ocean_menu_typo_transform":"","ocean_menu_typo_transform_tablet":"","ocean_menu_typo_transform_mobile":"","ocean_menu_typo_line_height":0,"ocean_menu_typo_line_height_tablet":0,"ocean_menu_typo_line_height_mobile":0,"ocean_menu_typo_line_height_unit":"","ocean_menu_typo_spacing":0,"ocean_menu_typo_spacing_tablet":0,"ocean_menu_typo_spacing_mobile":0,"ocean_menu_typo_spacing_unit":"","ocean_menu_link_color":"","ocean_menu_link_color_hover":"","ocean_menu_link_color_active":"","ocean_menu_link_background":"","ocean_menu_link_hover_background":"","ocean_menu_link_active_background":"","ocean_menu_social_links_bg":"","ocean_menu_social_hover_links_bg":"","ocean_menu_social_links_color":"","ocean_menu_social_hover_links_color":"","ocean_disable_title":"default","ocean_disable_heading":"default","ocean_post_title":"","ocean_post_subheading":"","ocean_post_title_style":"","ocean_post_title_background_color":"","ocean_post_title_background":0,"ocean_post_title_bg_image_position":"","ocean_post_title_bg_image_attachment":"","ocean_post_title_bg_image_repeat":"","ocean_post_title_bg_image_size":"","ocean_post_title_height":0,"ocean_post_title_bg_overlay":0.5,"ocean_post_title_bg_overlay_color":"","ocean_disable_breadcrumbs":"default","ocean_breadcrumbs_color":"","ocean_breadcrumbs_separator_color":"","ocean_breadcrumbs_links_color":"","ocean_breadcrumbs_links_hover_color":"","ocean_display_footer_widgets":"default","ocean_display_footer_bottom":"default","ocean_custom_footer_template":"","ocean_post_oembed":"","ocean_post_self_hosted_media":"","ocean_post_video_embed":"","ocean_link_format":"","ocean_link_format_target":"self","ocean_quote_format":"","ocean_quote_format_link":"post","ocean_gallery_link_images":"on","ocean_gallery_id":[],"footnotes":""},"categories":[10524],"tags":[],"table_tags":[],"class_list":["post-68110","post","type-post","status-publish","format-standard","has-post-thumbnail","hentry","category-accessoires","entry","has-media"],"yoast_head":"<!-- This site is optimized with the Yoast SEO Premium plugin v25.9 (Yoast SEO v25.9) - https:\/\/yoast.com\/wordpress\/plugins\/seo\/ -->\n<title>Lampe frontale Powertec rechargeable\u202f: test complet &amp; avis<\/title>\n<meta name=\"description\" content=\"D\u00e9couvrez la lampe frontale Powertec rechargeable et \u00e9tanche, id\u00e9ale pour vos treks en autonomie gr\u00e2ce \u00e0 son panneau solaire.\" \/>\n<meta name=\"robots\" content=\"index, follow, max-snippet:-1, max-image-preview:large, max-video-preview:-1\" \/>\n<link rel=\"canonical\" href=\"https:\/\/www.jdroadtrip.tv\/blog\/lampe-frontale-powertec-rechargeable\/\" \/>\n<meta property=\"og:locale\" content=\"fr_FR\" \/>\n<meta property=\"og:type\" content=\"article\" \/>\n<meta property=\"og:title\" content=\"Test de la lampe frontale Powertec, un \u00e9clairage outdoor parfait !\" \/>\n<meta property=\"og:description\" content=\"D\u00e9couvrez la lampe frontale Powertec rechargeable et \u00e9tanche, id\u00e9ale pour vos treks en autonomie gr\u00e2ce \u00e0 son panneau solaire.\" \/>\n<meta property=\"og:url\" content=\"https:\/\/www.jdroadtrip.tv\/blog\/lampe-frontale-powertec-rechargeable\/\" \/>\n<meta property=\"og:site_name\" content=\"JDroadtrip - Blog de voyage pour voyager au f\u00e9minin !\" \/>\n<meta property=\"article:publisher\" content=\"https:\/\/www.facebook.com\/JDRoadTrip\" \/>\n<meta property=\"article:author\" content=\"https:\/\/www.facebook.com\/JDroadtrip\" \/>\n<meta property=\"article:published_time\" content=\"2024-08-07T12:46:49+00:00\" \/>\n<meta property=\"article:modified_time\" content=\"2025-07-03T14:29:58+00:00\" \/>\n<meta property=\"og:image\" content=\"https:\/\/www.jdroadtrip.tv\/blog\/wp-content\/uploads\/2024\/08\/lampe-frontale-powertec-img.jpg\" \/>\n\t<meta property=\"og:image:width\" content=\"1500\" \/>\n\t<meta property=\"og:image:height\" content=\"996\" \/>\n\t<meta property=\"og:image:type\" content=\"image\/jpeg\" \/>\n<meta name=\"author\" content=\"Jenny Diab\" \/>\n<meta name=\"twitter:card\" content=\"summary_large_image\" \/>\n<meta name=\"twitter:creator\" content=\"@JDroadtrip\" \/>\n<meta name=\"twitter:site\" content=\"@JDroadtrip\" \/>\n<meta name=\"twitter:label1\" content=\"\u00c9crit par\" \/>\n\t<meta name=\"twitter:data1\" content=\"Jenny Diab\" \/>\n\t<meta name=\"twitter:label2\" content=\"Dur\u00e9e de lecture estim\u00e9e\" \/>\n\t<meta name=\"twitter:data2\" content=\"5 minutes\" \/>\n<script type=\"application\/ld+json\" class=\"yoast-schema-graph\">{\"@context\":\"https:\/\/schema.org\",\"@graph\":[{\"@type\":\"Article\",\"@id\":\"https:\/\/www.jdroadtrip.tv\/blog\/lampe-frontale-powertec-rechargeable\/#article\",\"isPartOf\":{\"@id\":\"https:\/\/www.jdroadtrip.tv\/blog\/lampe-frontale-powertec-rechargeable\/\"},\"author\":{\"name\":\"Jenny Diab\",\"@id\":\"https:\/\/www.jdroadtrip.tv\/blog\/#\/schema\/person\/d204bfc7d00ba74276391d8e42b58a3e\"},\"headline\":\"Test de la lampe frontale Powertec, un \u00e9clairage outdoor parfait !\",\"datePublished\":\"2024-08-07T12:46:49+00:00\",\"dateModified\":\"2025-07-03T14:29:58+00:00\",\"mainEntityOfPage\":{\"@id\":\"https:\/\/www.jdroadtrip.tv\/blog\/lampe-frontale-powertec-rechargeable\/\"},\"wordCount\":974,\"commentCount\":0,\"publisher\":{\"@id\":\"https:\/\/www.jdroadtrip.tv\/blog\/#organization\"},\"image\":{\"@id\":\"https:\/\/www.jdroadtrip.tv\/blog\/lampe-frontale-powertec-rechargeable\/#primaryimage\"},\"thumbnailUrl\":\"https:\/\/www.jdroadtrip.tv\/blog\/wp-content\/uploads\/2024\/08\/lampe-frontale-powertec-img.jpg\",\"articleSection\":[\"Accessoires\"],\"inLanguage\":\"fr-FR\",\"potentialAction\":[{\"@type\":\"CommentAction\",\"name\":\"Comment\",\"target\":[\"https:\/\/www.jdroadtrip.tv\/blog\/lampe-frontale-powertec-rechargeable\/#respond\"]}]},{\"@type\":\"WebPage\",\"@id\":\"https:\/\/www.jdroadtrip.tv\/blog\/lampe-frontale-powertec-rechargeable\/\",\"url\":\"https:\/\/www.jdroadtrip.tv\/blog\/lampe-frontale-powertec-rechargeable\/\",\"name\":\"Lampe frontale Powertec rechargeable\u202f: test complet & avis\",\"isPartOf\":{\"@id\":\"https:\/\/www.jdroadtrip.tv\/blog\/#website\"},\"primaryImageOfPage\":{\"@id\":\"https:\/\/www.jdroadtrip.tv\/blog\/lampe-frontale-powertec-rechargeable\/#primaryimage\"},\"image\":{\"@id\":\"https:\/\/www.jdroadtrip.tv\/blog\/lampe-frontale-powertec-rechargeable\/#primaryimage\"},\"thumbnailUrl\":\"https:\/\/www.jdroadtrip.tv\/blog\/wp-content\/uploads\/2024\/08\/lampe-frontale-powertec-img.jpg\",\"datePublished\":\"2024-08-07T12:46:49+00:00\",\"dateModified\":\"2025-07-03T14:29:58+00:00\",\"description\":\"D\u00e9couvrez la lampe frontale Powertec rechargeable et \u00e9tanche, id\u00e9ale pour vos treks en autonomie gr\u00e2ce \u00e0 son panneau solaire.\",\"breadcrumb\":{\"@id\":\"https:\/\/www.jdroadtrip.tv\/blog\/lampe-frontale-powertec-rechargeable\/#breadcrumb\"},\"inLanguage\":\"fr-FR\",\"potentialAction\":[{\"@type\":\"ReadAction\",\"target\":[\"https:\/\/www.jdroadtrip.tv\/blog\/lampe-frontale-powertec-rechargeable\/\"]}]},{\"@type\":\"ImageObject\",\"inLanguage\":\"fr-FR\",\"@id\":\"https:\/\/www.jdroadtrip.tv\/blog\/lampe-frontale-powertec-rechargeable\/#primaryimage\",\"url\":\"https:\/\/www.jdroadtrip.tv\/blog\/wp-content\/uploads\/2024\/08\/lampe-frontale-powertec-img.jpg\",\"contentUrl\":\"https:\/\/www.jdroadtrip.tv\/blog\/wp-content\/uploads\/2024\/08\/lampe-frontale-powertec-img.jpg\",\"width\":1500,\"height\":996},{\"@type\":\"BreadcrumbList\",\"@id\":\"https:\/\/www.jdroadtrip.tv\/blog\/lampe-frontale-powertec-rechargeable\/#breadcrumb\",\"itemListElement\":[{\"@type\":\"ListItem\",\"position\":1,\"name\":\"Accueil\",\"item\":\"https:\/\/www.jdroadtrip.tv\/blog\/\"},{\"@type\":\"ListItem\",\"position\":2,\"name\":\"Test de la lampe frontale Powertec, un \u00e9clairage outdoor parfait !\"}]},{\"@type\":\"WebSite\",\"@id\":\"https:\/\/www.jdroadtrip.tv\/blog\/#website\",\"url\":\"https:\/\/www.jdroadtrip.tv\/blog\/\",\"name\":\"JDroadtrip - Blog de voyage au f\u00e9minin : Outdoor, Trek, Slow travel\",\"description\":\"M\u00e9dia pour voyager au f\u00e9minin\",\"publisher\":{\"@id\":\"https:\/\/www.jdroadtrip.tv\/blog\/#organization\"},\"alternateName\":\"JDroadtrip - Voyager au f\u00e9minin\",\"potentialAction\":[{\"@type\":\"SearchAction\",\"target\":{\"@type\":\"EntryPoint\",\"urlTemplate\":\"https:\/\/www.jdroadtrip.tv\/blog\/?s={search_term_string}\"},\"query-input\":{\"@type\":\"PropertyValueSpecification\",\"valueRequired\":true,\"valueName\":\"search_term_string\"}}],\"inLanguage\":\"fr-FR\"},{\"@type\":\"Organization\",\"@id\":\"https:\/\/www.jdroadtrip.tv\/blog\/#organization\",\"name\":\"JDroadtrip - Blog de voyage pour voyager au f\u00e9minin !\",\"alternateName\":\"JDroadtrip - Voyager au f\u00e9minin\",\"url\":\"https:\/\/www.jdroadtrip.tv\/blog\/\",\"logo\":{\"@type\":\"ImageObject\",\"inLanguage\":\"fr-FR\",\"@id\":\"https:\/\/www.jdroadtrip.tv\/blog\/#\/schema\/logo\/image\/\",\"url\":\"https:\/\/www.jdroadtrip.tv\/blog\/wp-content\/uploads\/2023\/08\/Logo-HD-petit.png\",\"contentUrl\":\"https:\/\/www.jdroadtrip.tv\/blog\/wp-content\/uploads\/2023\/08\/Logo-HD-petit.png\",\"width\":300,\"height\":300,\"caption\":\"JDroadtrip - Blog de voyage pour voyager au f\u00e9minin !\"},\"image\":{\"@id\":\"https:\/\/www.jdroadtrip.tv\/blog\/#\/schema\/logo\/image\/\"},\"sameAs\":[\"https:\/\/www.facebook.com\/JDRoadTrip\",\"https:\/\/x.com\/JDroadtrip\",\"https:\/\/instagram.com\/jdroadtrip\/\",\"http:\/\/www.linkedin.com\/in\/jennydiab\",\"https:\/\/www.pinterest.fr\/jdroadtrip\/\",\"https:\/\/www.youtube.com\/channel\/UCerVm4aMyTj9AxDDWmSx9_g\"],\"description\":\"Blog de voyage pour les femmes qui voyagent \u00e0 travers le monde.\",\"email\":\"contact@jdroadtrip.tv\",\"legalName\":\"Jenny Diab\",\"numberOfEmployees\":{\"@type\":\"QuantitativeValue\",\"minValue\":\"1\",\"maxValue\":\"10\"}},{\"@type\":\"Person\",\"@id\":\"https:\/\/www.jdroadtrip.tv\/blog\/#\/schema\/person\/d204bfc7d00ba74276391d8e42b58a3e\",\"name\":\"Jenny Diab\",\"image\":{\"@type\":\"ImageObject\",\"inLanguage\":\"fr-FR\",\"@id\":\"https:\/\/www.jdroadtrip.tv\/blog\/#\/schema\/person\/image\/\",\"url\":\"https:\/\/secure.gravatar.com\/avatar\/8c20b0655fdafee9c0df649069a458b1bde697487be3b0da4df8754f3de7042c?s=96&d=mm&r=g\",\"contentUrl\":\"https:\/\/secure.gravatar.com\/avatar\/8c20b0655fdafee9c0df649069a458b1bde697487be3b0da4df8754f3de7042c?s=96&d=mm&r=g\",\"caption\":\"Jenny Diab\"},\"description\":\"Cr\u00e9atrice du blog JDroadtrip.tv, je voyage seule \u00e0 travers le monde et je partage mes exp\u00e9riences de voyageuse solo. \u00c0 travers ce blog, je vous invite \u00e0 d\u00e9couvrir un maximum de bons plans et astuces (h\u00e9bergements, activit\u00e9s, restaurants, transports \u2026) pour pr\u00e9parer au mieux vos futurs voyages. Si vous \u00eates une fille qui voyage \u00e0 travers le monde, rejoignez la communaut\u00e9 Voyager au f\u00e9minin et si vous avez des questions, n'h\u00e9sitez pas \u00e0 \u00e0 me contacter. D\u00c9COUVREZ QUI SUIS-JE.\",\"sameAs\":[\"https:\/\/www.jdroadtrip.tv\",\"https:\/\/www.facebook.com\/JDroadtrip\",\"https:\/\/www.instagram.com\/jdroadtrip\/\",\"https:\/\/www.linkedin.com\/in\/jennydiab\",\"https:\/\/www.pinterest.com\/Jdroadtrip\",\"https:\/\/x.com\/JDroadtrip\"],\"url\":\"https:\/\/www.jdroadtrip.tv\/blog\/author\/jd\/\"}]}<\/script>\n<!-- \/ Yoast SEO Premium plugin. -->","yoast_head_json":{"title":"Lampe frontale Powertec rechargeable\u202f: test complet & avis","description":"D\u00e9couvrez la lampe frontale Powertec rechargeable et \u00e9tanche, id\u00e9ale pour vos treks en autonomie gr\u00e2ce \u00e0 son panneau solaire.","robots":{"index":"index","follow":"follow","max-snippet":"max-snippet:-1","max-image-preview":"max-image-preview:large","max-video-preview":"max-video-preview:-1"},"canonical":"https:\/\/www.jdroadtrip.tv\/blog\/lampe-frontale-powertec-rechargeable\/","og_locale":"fr_FR","og_type":"article","og_title":"Test de la lampe frontale Powertec, un \u00e9clairage outdoor parfait !","og_description":"D\u00e9couvrez la lampe frontale Powertec rechargeable et \u00e9tanche, id\u00e9ale pour vos treks en autonomie gr\u00e2ce \u00e0 son panneau solaire.","og_url":"https:\/\/www.jdroadtrip.tv\/blog\/lampe-frontale-powertec-rechargeable\/","og_site_name":"JDroadtrip - Blog de voyage pour voyager au f\u00e9minin !","article_publisher":"https:\/\/www.facebook.com\/JDRoadTrip","article_author":"https:\/\/www.facebook.com\/JDroadtrip","article_published_time":"2024-08-07T12:46:49+00:00","article_modified_time":"2025-07-03T14:29:58+00:00","og_image":[{"width":1500,"height":996,"url":"https:\/\/www.jdroadtrip.tv\/blog\/wp-content\/uploads\/2024\/08\/lampe-frontale-powertec-img.jpg","type":"image\/jpeg"}],"author":"Jenny Diab","twitter_card":"summary_large_image","twitter_creator":"@JDroadtrip","twitter_site":"@JDroadtrip","twitter_misc":{"\u00c9crit par":"Jenny Diab","Dur\u00e9e de lecture estim\u00e9e":"5 minutes"},"schema":{"@context":"https:\/\/schema.org","@graph":[{"@type":"Article","@id":"https:\/\/www.jdroadtrip.tv\/blog\/lampe-frontale-powertec-rechargeable\/#article","isPartOf":{"@id":"https:\/\/www.jdroadtrip.tv\/blog\/lampe-frontale-powertec-rechargeable\/"},"author":{"name":"Jenny Diab","@id":"https:\/\/www.jdroadtrip.tv\/blog\/#\/schema\/person\/d204bfc7d00ba74276391d8e42b58a3e"},"headline":"Test de la lampe frontale Powertec, un \u00e9clairage outdoor parfait !","datePublished":"2024-08-07T12:46:49+00:00","dateModified":"2025-07-03T14:29:58+00:00","mainEntityOfPage":{"@id":"https:\/\/www.jdroadtrip.tv\/blog\/lampe-frontale-powertec-rechargeable\/"},"wordCount":974,"commentCount":0,"publisher":{"@id":"https:\/\/www.jdroadtrip.tv\/blog\/#organization"},"image":{"@id":"https:\/\/www.jdroadtrip.tv\/blog\/lampe-frontale-powertec-rechargeable\/#primaryimage"},"thumbnailUrl":"https:\/\/www.jdroadtrip.tv\/blog\/wp-content\/uploads\/2024\/08\/lampe-frontale-powertec-img.jpg","articleSection":["Accessoires"],"inLanguage":"fr-FR","potentialAction":[{"@type":"CommentAction","name":"Comment","target":["https:\/\/www.jdroadtrip.tv\/blog\/lampe-frontale-powertec-rechargeable\/#respond"]}]},{"@type":"WebPage","@id":"https:\/\/www.jdroadtrip.tv\/blog\/lampe-frontale-powertec-rechargeable\/","url":"https:\/\/www.jdroadtrip.tv\/blog\/lampe-frontale-powertec-rechargeable\/","name":"Lampe frontale Powertec rechargeable\u202f: test complet & avis","isPartOf":{"@id":"https:\/\/www.jdroadtrip.tv\/blog\/#website"},"primaryImageOfPage":{"@id":"https:\/\/www.jdroadtrip.tv\/blog\/lampe-frontale-powertec-rechargeable\/#primaryimage"},"image":{"@id":"https:\/\/www.jdroadtrip.tv\/blog\/lampe-frontale-powertec-rechargeable\/#primaryimage"},"thumbnailUrl":"https:\/\/www.jdroadtrip.tv\/blog\/wp-content\/uploads\/2024\/08\/lampe-frontale-powertec-img.jpg","datePublished":"2024-08-07T12:46:49+00:00","dateModified":"2025-07-03T14:29:58+00:00","description":"D\u00e9couvrez la lampe frontale Powertec rechargeable et \u00e9tanche, id\u00e9ale pour vos treks en autonomie gr\u00e2ce \u00e0 son panneau solaire.","breadcrumb":{"@id":"https:\/\/www.jdroadtrip.tv\/blog\/lampe-frontale-powertec-rechargeable\/#breadcrumb"},"inLanguage":"fr-FR","potentialAction":[{"@type":"ReadAction","target":["https:\/\/www.jdroadtrip.tv\/blog\/lampe-frontale-powertec-rechargeable\/"]}]},{"@type":"ImageObject","inLanguage":"fr-FR","@id":"https:\/\/www.jdroadtrip.tv\/blog\/lampe-frontale-powertec-rechargeable\/#primaryimage","url":"https:\/\/www.jdroadtrip.tv\/blog\/wp-content\/uploads\/2024\/08\/lampe-frontale-powertec-img.jpg","contentUrl":"https:\/\/www.jdroadtrip.tv\/blog\/wp-content\/uploads\/2024\/08\/lampe-frontale-powertec-img.jpg","width":1500,"height":996},{"@type":"BreadcrumbList","@id":"https:\/\/www.jdroadtrip.tv\/blog\/lampe-frontale-powertec-rechargeable\/#breadcrumb","itemListElement":[{"@type":"ListItem","position":1,"name":"Accueil","item":"https:\/\/www.jdroadtrip.tv\/blog\/"},{"@type":"ListItem","position":2,"name":"Test de la lampe frontale Powertec, un \u00e9clairage outdoor parfait !"}]},{"@type":"WebSite","@id":"https:\/\/www.jdroadtrip.tv\/blog\/#website","url":"https:\/\/www.jdroadtrip.tv\/blog\/","name":"JDroadtrip - Blog de voyage au f\u00e9minin : Outdoor, Trek, Slow travel","description":"M\u00e9dia pour voyager au f\u00e9minin","publisher":{"@id":"https:\/\/www.jdroadtrip.tv\/blog\/#organization"},"alternateName":"JDroadtrip - Voyager au f\u00e9minin","potentialAction":[{"@type":"SearchAction","target":{"@type":"EntryPoint","urlTemplate":"https:\/\/www.jdroadtrip.tv\/blog\/?s={search_term_string}"},"query-input":{"@type":"PropertyValueSpecification","valueRequired":true,"valueName":"search_term_string"}}],"inLanguage":"fr-FR"},{"@type":"Organization","@id":"https:\/\/www.jdroadtrip.tv\/blog\/#organization","name":"JDroadtrip - Blog de voyage pour voyager au f\u00e9minin !","alternateName":"JDroadtrip - Voyager au f\u00e9minin","url":"https:\/\/www.jdroadtrip.tv\/blog\/","logo":{"@type":"ImageObject","inLanguage":"fr-FR","@id":"https:\/\/www.jdroadtrip.tv\/blog\/#\/schema\/logo\/image\/","url":"https:\/\/www.jdroadtrip.tv\/blog\/wp-content\/uploads\/2023\/08\/Logo-HD-petit.png","contentUrl":"https:\/\/www.jdroadtrip.tv\/blog\/wp-content\/uploads\/2023\/08\/Logo-HD-petit.png","width":300,"height":300,"caption":"JDroadtrip - Blog de voyage pour voyager au f\u00e9minin !"},"image":{"@id":"https:\/\/www.jdroadtrip.tv\/blog\/#\/schema\/logo\/image\/"},"sameAs":["https:\/\/www.facebook.com\/JDRoadTrip","https:\/\/x.com\/JDroadtrip","https:\/\/instagram.com\/jdroadtrip\/","http:\/\/www.linkedin.com\/in\/jennydiab","https:\/\/www.pinterest.fr\/jdroadtrip\/","https:\/\/www.youtube.com\/channel\/UCerVm4aMyTj9AxDDWmSx9_g"],"description":"Blog de voyage pour les femmes qui voyagent \u00e0 travers le monde.","email":"contact@jdroadtrip.tv","legalName":"Jenny Diab","numberOfEmployees":{"@type":"QuantitativeValue","minValue":"1","maxValue":"10"}},{"@type":"Person","@id":"https:\/\/www.jdroadtrip.tv\/blog\/#\/schema\/person\/d204bfc7d00ba74276391d8e42b58a3e","name":"Jenny Diab","image":{"@type":"ImageObject","inLanguage":"fr-FR","@id":"https:\/\/www.jdroadtrip.tv\/blog\/#\/schema\/person\/image\/","url":"https:\/\/secure.gravatar.com\/avatar\/8c20b0655fdafee9c0df649069a458b1bde697487be3b0da4df8754f3de7042c?s=96&d=mm&r=g","contentUrl":"https:\/\/secure.gravatar.com\/avatar\/8c20b0655fdafee9c0df649069a458b1bde697487be3b0da4df8754f3de7042c?s=96&d=mm&r=g","caption":"Jenny Diab"},"description":"Cr\u00e9atrice du blog JDroadtrip.tv, je voyage seule \u00e0 travers le monde et je partage mes exp\u00e9riences de voyageuse solo. \u00c0 travers ce blog, je vous invite \u00e0 d\u00e9couvrir un maximum de bons plans et astuces (h\u00e9bergements, activit\u00e9s, restaurants, transports \u2026) pour pr\u00e9parer au mieux vos futurs voyages. Si vous \u00eates une fille qui voyage \u00e0 travers le monde, rejoignez la communaut\u00e9 Voyager au f\u00e9minin et si vous avez des questions, n'h\u00e9sitez pas \u00e0 \u00e0 me contacter. D\u00c9COUVREZ QUI SUIS-JE.","sameAs":["https:\/\/www.jdroadtrip.tv","https:\/\/www.facebook.com\/JDroadtrip","https:\/\/www.instagram.com\/jdroadtrip\/","https:\/\/www.linkedin.com\/in\/jennydiab","https:\/\/www.pinterest.com\/Jdroadtrip","https:\/\/x.com\/JDroadtrip"],"url":"https:\/\/www.jdroadtrip.tv\/blog\/author\/jd\/"}]}},"_links":{"self":[{"href":"https:\/\/www.jdroadtrip.tv\/blog\/wp-json\/wp\/v2\/posts\/68110","targetHints":{"allow":["GET"]}}],"collection":[{"href":"https:\/\/www.jdroadtrip.tv\/blog\/wp-json\/wp\/v2\/posts"}],"about":[{"href":"https:\/\/www.jdroadtrip.tv\/blog\/wp-json\/wp\/v2\/types\/post"}],"author":[{"embeddable":true,"href":"https:\/\/www.jdroadtrip.tv\/blog\/wp-json\/wp\/v2\/users\/1"}],"replies":[{"embeddable":true,"href":"https:\/\/www.jdroadtrip.tv\/blog\/wp-json\/wp\/v2\/comments?post=68110"}],"version-history":[{"count":0,"href":"https:\/\/www.jdroadtrip.tv\/blog\/wp-json\/wp\/v2\/posts\/68110\/revisions"}],"wp:featuredmedia":[{"embeddable":true,"href":"https:\/\/www.jdroadtrip.tv\/blog\/wp-json\/wp\/v2\/media\/68151"}],"wp:attachment":[{"href":"https:\/\/www.jdroadtrip.tv\/blog\/wp-json\/wp\/v2\/media?parent=68110"}],"wp:term":[{"taxonomy":"category","embeddable":true,"href":"https:\/\/www.jdroadtrip.tv\/blog\/wp-json\/wp\/v2\/categories?post=68110"},{"taxonomy":"post_tag","embeddable":true,"href":"https:\/\/www.jdroadtrip.tv\/blog\/wp-json\/wp\/v2\/tags?post=68110"},{"taxonomy":"table_tags","embeddable":true,"href":"https:\/\/www.jdroadtrip.tv\/blog\/wp-json\/wp\/v2\/table_tags?post=68110"}],"curies":[{"name":"wp","href":"https:\/\/api.w.org\/{rel}","templated":true}]}}