{"id":58283,"date":"2023-06-21T18:04:23","date_gmt":"2023-06-21T17:04:23","guid":{"rendered":"https:\/\/www.jdroadtrip.tv\/blog\/?p=58283"},"modified":"2025-06-10T20:22:18","modified_gmt":"2025-06-10T19:22:18","slug":"test-avis-de-la-veste-fjallraven-nuuk-parka","status":"publish","type":"post","link":"https:\/\/www.jdroadtrip.tv\/blog\/test-avis-de-la-veste-fjallraven-nuuk-parka\/","title":{"rendered":"Test de la veste Fjallraven Nuuk Parka"},"content":{"rendered":"\t\t<div data-elementor-type=\"wp-post\" data-elementor-id=\"58283\" class=\"elementor elementor-58283\" data-elementor-post-type=\"post\">\n\t\t\t\t\t\t<section class=\"elementor-section elementor-top-section elementor-element elementor-element-9e892eb elementor-section-boxed elementor-section-height-default elementor-section-height-default\" data-id=\"9e892eb\" data-element_type=\"section\">\n\t\t\t\t\t\t<div class=\"elementor-container elementor-column-gap-default\">\n\t\t\t\t\t<div class=\"elementor-column elementor-col-100 elementor-top-column elementor-element elementor-element-578aeb5\" data-id=\"578aeb5\" data-element_type=\"column\">\n\t\t\t<div class=\"elementor-widget-wrap elementor-element-populated\">\n\t\t\t\t\t\t<div class=\"elementor-element elementor-element-15c1fd2 elementor-widget elementor-widget-heading\" data-id=\"15c1fd2\" data-element_type=\"widget\" data-widget_type=\"heading.default\">\n\t\t\t\t<div class=\"elementor-widget-container\">\n\t\t\t\t\t<h2 class=\"elementor-heading-title elementor-size-default\">Test de la veste Fjallraven Nuuk Parka en Laponie, contre le grand froid !<\/h2>\t\t\t\t<\/div>\n\t\t\t\t<\/div>\n\t\t\t\t<div class=\"elementor-element elementor-element-3b85338 elementor-widget elementor-widget-text-editor\" data-id=\"3b85338\" data-element_type=\"widget\" data-widget_type=\"text-editor.default\">\n\t\t\t\t<div class=\"elementor-widget-container\">\n\t\t\t\t\t\t\t\t\t<p style=\"text-align: justify;\"><span style=\"font-size: 18pt;\"><em>J&rsquo;ai eu l&rsquo;occasion de<strong> tester la veste Fjallraven Nuuk Parka<\/strong> pendant 4 mois en <strong><a href=\"https:\/\/www.jdroadtrip.tv\/blog\/category\/europe\/laponie\/\" target=\"_blank\" rel=\"noopener\">Laponie Finlandaise<\/a><\/strong> en tant que <strong><a href=\"https:\/\/www.laponie-trip.fr\" target=\"_blank\" rel=\"noopener\">guide \u00e0 Levi<\/a><\/strong>. J&rsquo;ai pu faire diverses activit\u00e9s avec, balade en raquette, chiens de traineau, motoneige, ski et des balades nocturnes pour chasser les aurores bor\u00e9ales. Sachant que je respect le syst\u00e8me des couches pour lutter contre le froid &#8211; <strong><a href=\"https:\/\/www.jdroadtrip.tv\/blog\/vetements-a-prevoir-pour-la-laponie-froid-finland\/\" target=\"_blank\" rel=\"noopener\">Comment s&rsquo;habiller en Laponie ? Liste des v\u00eatements \u00e0 pr\u00e9voir<\/a><\/strong> &#8211; j&rsquo;ai pris une taille plus grande pour \u00eatre confortable dans mes mouvements lors des activit\u00e9s.<\/em><\/span><\/p>\t\t\t\t\t\t\t\t<\/div>\n\t\t\t\t<\/div>\n\t\t\t\t<div class=\"elementor-element elementor-element-fdfd2bd elementor-widget elementor-widget-gallery\" data-id=\"fdfd2bd\" data-element_type=\"widget\" data-settings=\"{&quot;columns&quot;:3,&quot;columns_tablet&quot;:3,&quot;columns_mobile&quot;:3,&quot;gap&quot;:{&quot;unit&quot;:&quot;px&quot;,&quot;size&quot;:5,&quot;sizes&quot;:[]},&quot;gap_mobile&quot;:{&quot;unit&quot;:&quot;px&quot;,&quot;size&quot;:5,&quot;sizes&quot;:[]},&quot;aspect_ratio&quot;:&quot;9:16&quot;,&quot;lazyload&quot;:&quot;yes&quot;,&quot;gallery_layout&quot;:&quot;grid&quot;,&quot;gap_tablet&quot;:{&quot;unit&quot;:&quot;px&quot;,&quot;size&quot;:10,&quot;sizes&quot;:[]},&quot;link_to&quot;:&quot;file&quot;,&quot;overlay_background&quot;:&quot;yes&quot;,&quot;content_hover_animation&quot;:&quot;fade-in&quot;}\" data-widget_type=\"gallery.default\">\n\t\t\t\t<div class=\"elementor-widget-container\">\n\t\t\t\t\t\t\t<div class=\"elementor-gallery__container\">\n\t\t\t\t\t\t\t<a class=\"e-gallery-item elementor-gallery-item elementor-animated-content\" href=\"https:\/\/www.jdroadtrip.tv\/blog\/wp-content\/uploads\/2023\/06\/EOSR1544.jpg\" data-elementor-open-lightbox=\"yes\" data-elementor-lightbox-slideshow=\"fdfd2bd\" data-e-action-hash=\"#elementor-action%3Aaction%3Dlightbox%26settings%3DeyJpZCI6NTg3ODksInVybCI6Imh0dHBzOlwvXC93d3cuamRyb2FkdHJpcC50dlwvYmxvZ1wvd3AtY29udGVudFwvdXBsb2Fkc1wvMjAyM1wvMDZcL0VPU1IxNTQ0LmpwZyIsInNsaWRlc2hvdyI6ImZkZmQyYmQifQ%3D%3D\">\n\t\t\t\t\t<div class=\"e-gallery-image elementor-gallery-item__image\" data-thumbnail=\"https:\/\/www.jdroadtrip.tv\/blog\/wp-content\/uploads\/2023\/06\/EOSR1544.jpg\" data-width=\"1045\" data-height=\"1568\" aria-label=\"Veste Fjallraven Nuuk Parka\" role=\"img\" ><\/div>\n\t\t\t\t\t\t\t\t\t\t\t<div class=\"elementor-gallery-item__overlay\"><\/div>\n\t\t\t\t\t\t\t\t\t\t\t\t\t\t<\/a>\n\t\t\t\t\t\t\t<a class=\"e-gallery-item elementor-gallery-item elementor-animated-content\" href=\"https:\/\/www.jdroadtrip.tv\/blog\/wp-content\/uploads\/2023\/06\/EOSR1529.jpg\" data-elementor-open-lightbox=\"yes\" data-elementor-lightbox-slideshow=\"fdfd2bd\" data-elementor-lightbox-title=\"EOSR1529\" data-e-action-hash=\"#elementor-action%3Aaction%3Dlightbox%26settings%3DeyJpZCI6NTg3ODgsInVybCI6Imh0dHBzOlwvXC93d3cuamRyb2FkdHJpcC50dlwvYmxvZ1wvd3AtY29udGVudFwvdXBsb2Fkc1wvMjAyM1wvMDZcL0VPU1IxNTI5LmpwZyIsInNsaWRlc2hvdyI6ImZkZmQyYmQifQ%3D%3D\">\n\t\t\t\t\t<div class=\"e-gallery-image elementor-gallery-item__image\" data-thumbnail=\"https:\/\/www.jdroadtrip.tv\/blog\/wp-content\/uploads\/2023\/06\/EOSR1529.jpg\" data-width=\"1045\" data-height=\"1568\" aria-label=\"Jenny avec la veste Fjallraven Nuuk Parka\" role=\"img\" ><\/div>\n\t\t\t\t\t\t\t\t\t\t\t<div class=\"elementor-gallery-item__overlay\"><\/div>\n\t\t\t\t\t\t\t\t\t\t\t\t\t\t<\/a>\n\t\t\t\t\t\t\t<a class=\"e-gallery-item elementor-gallery-item elementor-animated-content\" href=\"https:\/\/www.jdroadtrip.tv\/blog\/wp-content\/uploads\/2023\/06\/EOSR1554.jpg\" data-elementor-open-lightbox=\"yes\" data-elementor-lightbox-slideshow=\"fdfd2bd\" data-elementor-lightbox-title=\"EOSR1554\" data-e-action-hash=\"#elementor-action%3Aaction%3Dlightbox%26settings%3DeyJpZCI6NTg3OTAsInVybCI6Imh0dHBzOlwvXC93d3cuamRyb2FkdHJpcC50dlwvYmxvZ1wvd3AtY29udGVudFwvdXBsb2Fkc1wvMjAyM1wvMDZcL0VPU1IxNTU0LmpwZyIsInNsaWRlc2hvdyI6ImZkZmQyYmQifQ%3D%3D\">\n\t\t\t\t\t<div class=\"e-gallery-image elementor-gallery-item__image\" data-thumbnail=\"https:\/\/www.jdroadtrip.tv\/blog\/wp-content\/uploads\/2023\/06\/EOSR1554.jpg\" data-width=\"1045\" data-height=\"1568\" aria-label=\"Jenny avec la veste Fjallraven Nuuk Parka\" role=\"img\" ><\/div>\n\t\t\t\t\t\t\t\t\t\t\t<div class=\"elementor-gallery-item__overlay\"><\/div>\n\t\t\t\t\t\t\t\t\t\t\t\t\t\t<\/a>\n\t\t\t\t\t<\/div>\n\t\t\t\t\t<\/div>\n\t\t\t\t<\/div>\n\t\t\t\t\t<\/div>\n\t\t<\/div>\n\t\t\t\t\t<\/div>\n\t\t<\/section>\n\t\t\t\t<section class=\"elementor-section elementor-top-section elementor-element elementor-element-bcdee28 elementor-section-boxed elementor-section-height-default elementor-section-height-default\" data-id=\"bcdee28\" data-element_type=\"section\">\n\t\t\t\t\t\t<div class=\"elementor-container elementor-column-gap-default\">\n\t\t\t\t\t<div class=\"elementor-column elementor-col-100 elementor-top-column elementor-element elementor-element-3c7ba01\" data-id=\"3c7ba01\" data-element_type=\"column\">\n\t\t\t<div class=\"elementor-widget-wrap elementor-element-populated\">\n\t\t\t\t\t\t<div class=\"elementor-element elementor-element-f5bce6e elementor-widget elementor-widget-text-editor\" data-id=\"f5bce6e\" data-element_type=\"widget\" data-widget_type=\"text-editor.default\">\n\t\t\t\t<div class=\"elementor-widget-container\">\n\t\t\t\t\t\t\t\t\t<h2>Caract\u00e9ristiques<\/h2><div id=\"r-1663785419336\" class=\"gf_row gf_row-gap-0\" data-label=\"Row\" data-key=\"row\" data-icon=\"gpicon-row\" data-id=\"1663785419336\" data-row-gap=\"0px\" data-extraclass=\"\" data-layout-lg=\"4+8\" data-layout-md=\"4+8\" data-layout-sm=\"4+8\" data-layout-xs=\"5+7\"><div id=\"c-1618824040585\" class=\"gf_column gf_col-lg-4 gf_col-md-4 gf_col-sm-4 gf_col-xs-5\" data-id=\"1618824040585\"><div id=\"e-1663785419338\" class=\"element-wrap\" data-label=\"Text Block\" data-key=\"text-block\" data-icon=\"gpicon-textblock\" data-ver=\"1\" data-id=\"1663785419338\"><div class=\"elm text-edit gf-elm-left gf-elm-left-md gf-elm-left-sm gf-elm-left-xs gf-elm-left-lg gf_gs-text-paragraph-1\" data-gemlang=\"en\" data-exc=\"\"><ul><li><strong>Produit test\u00e9 \/ Mod\u00e8le : <\/strong>Veste Fjallraven Nukk Parka W pour femmes<\/li><li><strong>Mati\u00e8res :<\/strong> <span class=\"description--item\">100% polyamide<br \/><\/span><span class=\"description--item\"><strong class=\"description--item-label\">Int\u00e9rieur : <\/strong>100% polyester<br \/><\/span><span class=\"description--item\"><strong class=\"description--item-label\">Rembourrage: <\/strong>Supreme Microloft\u00a0: 100\u00a0% polyester<br \/><\/span><span class=\"description--item\"><strong class=\"description--item-label\">Membrane: <\/strong>Hydratic\u00ae\u00a0: 100\u00a0% polyur\u00e9thane<\/span><\/li><li><strong>Entretien :<\/strong>\u00a0Laver \u00e0 40\u00b0, programme normal. Ne pas laver \u00e0 sec, pas de javel, ne pas passer au s\u00e8che-linge, fer \u00e0 repasser un point &#8211; 110\u00a0\u00b0C max, laver seule, ne pas utiliser d\u2019adoucissant.<\/li><li><strong class=\"description--item-label\">Fonctionnalit\u00e9s: <\/strong>Isolant, Durable, Imperm\u00e9able, Coupe-vent<\/li><li><strong>Coloris : <\/strong>Noir, bleu, kaki et\u00a0bordeau.<\/li><li><strong>Poids : <\/strong>Bas\u00e9 sur une taille S 1732 g<\/li><li><span class=\"description--item\"><strong class=\"description--item-label\">Type de manche : <\/strong>Manches longues<\/span><\/li><li><span class=\"description--item\"><strong class=\"description--item-label\">Caract\u00e9ristiques capuche : <\/strong>Fourrure amovible, Cordon de r\u00e9glage, Fourrure synth\u00e9tique<\/span><\/li><li><span class=\"description--item\"><strong class=\"description--item-label\">Fermeture : <\/strong>Boutons-pressions, Fermeture \u00e0 glissi\u00e8re \u00e0 double sens<\/span><\/li><li><span class=\"description--item\"><strong class=\"description--item-label\">Poches : <\/strong>10 poches.\u00a0Poche(s) poitrine, Poche(s) pour les mains, Poche(s) int\u00e9rieure, Poche(s) stretch int\u00e9rieure(s)<\/span><\/li><\/ul><\/div><\/div><\/div><\/div>\t\t\t\t\t\t\t\t<\/div>\n\t\t\t\t<\/div>\n\t\t\t\t<div class=\"elementor-element elementor-element-27c7d50 elementor-widget elementor-widget-gallery\" data-id=\"27c7d50\" data-element_type=\"widget\" data-settings=\"{&quot;gallery_layout&quot;:&quot;masonry&quot;,&quot;columns_tablet&quot;:4,&quot;columns_mobile&quot;:2,&quot;gap&quot;:{&quot;unit&quot;:&quot;px&quot;,&quot;size&quot;:5,&quot;sizes&quot;:[]},&quot;gap_tablet&quot;:{&quot;unit&quot;:&quot;px&quot;,&quot;size&quot;:5,&quot;sizes&quot;:[]},&quot;gap_mobile&quot;:{&quot;unit&quot;:&quot;px&quot;,&quot;size&quot;:5,&quot;sizes&quot;:[]},&quot;lazyload&quot;:&quot;yes&quot;,&quot;columns&quot;:4,&quot;link_to&quot;:&quot;file&quot;,&quot;overlay_background&quot;:&quot;yes&quot;,&quot;content_hover_animation&quot;:&quot;fade-in&quot;}\" data-widget_type=\"gallery.default\">\n\t\t\t\t<div class=\"elementor-widget-container\">\n\t\t\t\t\t\t\t<div class=\"elementor-gallery__container\">\n\t\t\t\t\t\t\t<a class=\"e-gallery-item elementor-gallery-item elementor-animated-content\" href=\"https:\/\/www.jdroadtrip.tv\/blog\/wp-content\/uploads\/2022\/12\/nuuk_parka_w_vert.jpg\" data-elementor-open-lightbox=\"yes\" data-elementor-lightbox-slideshow=\"27c7d50\" data-elementor-lightbox-title=\"nuuk_parka_w_vert\" data-e-action-hash=\"#elementor-action%3Aaction%3Dlightbox%26settings%3DeyJpZCI6NTgyOTAsInVybCI6Imh0dHBzOlwvXC93d3cuamRyb2FkdHJpcC50dlwvYmxvZ1wvd3AtY29udGVudFwvdXBsb2Fkc1wvMjAyMlwvMTJcL251dWtfcGFya2Ffd192ZXJ0LmpwZyIsInNsaWRlc2hvdyI6IjI3YzdkNTAifQ%3D%3D\">\n\t\t\t\t\t<div class=\"e-gallery-image elementor-gallery-item__image\" data-thumbnail=\"https:\/\/www.jdroadtrip.tv\/blog\/wp-content\/uploads\/2022\/12\/nuuk_parka_w_vert.jpg\" data-width=\"2000\" data-height=\"2000\" aria-label=\"veste Fjallraven Nuuk Parka Kaki\" role=\"img\" ><\/div>\n\t\t\t\t\t\t\t\t\t\t\t<div class=\"elementor-gallery-item__overlay\"><\/div>\n\t\t\t\t\t\t\t\t\t\t\t\t\t\t<\/a>\n\t\t\t\t\t\t\t<a class=\"e-gallery-item elementor-gallery-item elementor-animated-content\" href=\"https:\/\/www.jdroadtrip.tv\/blog\/wp-content\/uploads\/2022\/12\/nuuk_parka_w_rouge.jpg\" data-elementor-open-lightbox=\"yes\" data-elementor-lightbox-slideshow=\"27c7d50\" data-elementor-lightbox-title=\"nuuk_parka_w_rouge\" data-e-action-hash=\"#elementor-action%3Aaction%3Dlightbox%26settings%3DeyJpZCI6NTgyODksInVybCI6Imh0dHBzOlwvXC93d3cuamRyb2FkdHJpcC50dlwvYmxvZ1wvd3AtY29udGVudFwvdXBsb2Fkc1wvMjAyMlwvMTJcL251dWtfcGFya2Ffd19yb3VnZS5qcGciLCJzbGlkZXNob3ciOiIyN2M3ZDUwIn0%3D\">\n\t\t\t\t\t<div class=\"e-gallery-image elementor-gallery-item__image\" data-thumbnail=\"https:\/\/www.jdroadtrip.tv\/blog\/wp-content\/uploads\/2022\/12\/nuuk_parka_w_rouge.jpg\" data-width=\"2000\" data-height=\"2000\" aria-label=\"Veste Fjallraven Nuuk Parka Bordeaux\" role=\"img\" ><\/div>\n\t\t\t\t\t\t\t\t\t\t\t<div class=\"elementor-gallery-item__overlay\"><\/div>\n\t\t\t\t\t\t\t\t\t\t\t\t\t\t<\/a>\n\t\t\t\t\t\t\t<a class=\"e-gallery-item elementor-gallery-item elementor-animated-content\" href=\"https:\/\/www.jdroadtrip.tv\/blog\/wp-content\/uploads\/2022\/12\/nuuk_parka_w_noir.jpg\" data-elementor-open-lightbox=\"yes\" data-elementor-lightbox-slideshow=\"27c7d50\" data-elementor-lightbox-title=\"nuuk_parka_w_noir\" data-e-action-hash=\"#elementor-action%3Aaction%3Dlightbox%26settings%3DeyJpZCI6NTgyODgsInVybCI6Imh0dHBzOlwvXC93d3cuamRyb2FkdHJpcC50dlwvYmxvZ1wvd3AtY29udGVudFwvdXBsb2Fkc1wvMjAyMlwvMTJcL251dWtfcGFya2Ffd19ub2lyLmpwZyIsInNsaWRlc2hvdyI6IjI3YzdkNTAifQ%3D%3D\">\n\t\t\t\t\t<div class=\"e-gallery-image elementor-gallery-item__image\" data-thumbnail=\"https:\/\/www.jdroadtrip.tv\/blog\/wp-content\/uploads\/2022\/12\/nuuk_parka_w_noir.jpg\" data-width=\"2000\" data-height=\"2000\" aria-label=\"Veste Fjallraven Nuuk Parka Noire\" role=\"img\" ><\/div>\n\t\t\t\t\t\t\t\t\t\t\t<div class=\"elementor-gallery-item__overlay\"><\/div>\n\t\t\t\t\t\t\t\t\t\t\t\t\t\t<\/a>\n\t\t\t\t\t\t\t<a class=\"e-gallery-item elementor-gallery-item elementor-animated-content\" href=\"https:\/\/www.jdroadtrip.tv\/blog\/wp-content\/uploads\/2022\/12\/nuuk_parka_w_bleu.jpg\" data-elementor-open-lightbox=\"yes\" data-elementor-lightbox-slideshow=\"27c7d50\" data-elementor-lightbox-title=\"nuuk_parka_w_bleu\" data-e-action-hash=\"#elementor-action%3Aaction%3Dlightbox%26settings%3DeyJpZCI6NTgyODcsInVybCI6Imh0dHBzOlwvXC93d3cuamRyb2FkdHJpcC50dlwvYmxvZ1wvd3AtY29udGVudFwvdXBsb2Fkc1wvMjAyMlwvMTJcL251dWtfcGFya2Ffd19ibGV1LmpwZyIsInNsaWRlc2hvdyI6IjI3YzdkNTAifQ%3D%3D\">\n\t\t\t\t\t<div class=\"e-gallery-image elementor-gallery-item__image\" data-thumbnail=\"https:\/\/www.jdroadtrip.tv\/blog\/wp-content\/uploads\/2022\/12\/nuuk_parka_w_bleu.jpg\" data-width=\"2000\" data-height=\"2000\" aria-label=\"Veste Fjallraven Nuuk Parka Bleue\" role=\"img\" ><\/div>\n\t\t\t\t\t\t\t\t\t\t\t<div class=\"elementor-gallery-item__overlay\"><\/div>\n\t\t\t\t\t\t\t\t\t\t\t\t\t\t<\/a>\n\t\t\t\t\t<\/div>\n\t\t\t\t\t<\/div>\n\t\t\t\t<\/div>\n\t\t\t\t<div class=\"elementor-element elementor-element-06529f6 elementor-align-justify elementor-widget elementor-widget-button\" data-id=\"06529f6\" data-element_type=\"widget\" data-widget_type=\"button.default\">\n\t\t\t\t<div class=\"elementor-widget-container\">\n\t\t\t\t\t\t\t\t\t<div class=\"elementor-button-wrapper\">\n\t\t\t\t\t<a class=\"elementor-button elementor-button-link elementor-size-xl\" href=\"https:\/\/www.fjallraven.com\/fr\/fr-fr\/femmes\/vestes\/parkas\/nuuk-parka-w2\" target=\"_blank\">\n\t\t\t\t\t\t<span class=\"elementor-button-content-wrapper\">\n\t\t\t\t\t\t\t\t\t<span class=\"elementor-button-text\">VOIR LA PARKA FJALLRAVEN NUUK<\/span>\n\t\t\t\t\t<\/span>\n\t\t\t\t\t<\/a>\n\t\t\t\t<\/div>\n\t\t\t\t\t\t\t\t<\/div>\n\t\t\t\t<\/div>\n\t\t\t\t\t<\/div>\n\t\t<\/div>\n\t\t\t\t\t<\/div>\n\t\t<\/section>\n\t\t\t\t<section class=\"elementor-section elementor-top-section elementor-element elementor-element-76a8c64 elementor-section-boxed elementor-section-height-default elementor-section-height-default\" data-id=\"76a8c64\" data-element_type=\"section\">\n\t\t\t\t\t\t<div class=\"elementor-container elementor-column-gap-default\">\n\t\t\t\t\t<div class=\"elementor-column elementor-col-100 elementor-top-column elementor-element elementor-element-a50a3ae\" data-id=\"a50a3ae\" data-element_type=\"column\">\n\t\t\t<div class=\"elementor-widget-wrap elementor-element-populated\">\n\t\t\t\t\t\t<div class=\"elementor-element elementor-element-db1dfdc elementor-widget elementor-widget-text-editor\" data-id=\"db1dfdc\" data-element_type=\"widget\" data-widget_type=\"text-editor.default\">\n\t\t\t\t<div class=\"elementor-widget-container\">\n\t\t\t\t\t\t\t\t\t<h2 style=\"text-align: justify;\">Premi\u00e8res impressions<\/h2><p style=\"text-align: justify;\">Lors de ma premi\u00e8re prise en main, je d\u00e9couvre que la veste est lourde, c&rsquo;est normal, elle est faite pour prot\u00e9ger du froid \u00e0 des temp\u00e9ratures extr\u00eames.<\/p><p style=\"text-align: justify;\">Il y a quelques ann\u00e9es, j&rsquo;avais d\u00e9j\u00e0 eu l&rsquo;occasion de tester une veste qui couvre les fesses et les cuisses en <strong><a href=\"https:\/\/www.laponie-au-feminin.com\" target=\"_blank\" rel=\"noopener\">Laponie<\/a><\/strong>. Puis j&rsquo;\u00e9tais pass\u00e9 \u00e0 une veste plus courte, je sentais le frais dont je voulais \u00e0 nouveau avoir une veste longue. <strong>Clairement quand les temp\u00e9ratures sont basses, on est content d&rsquo;avoir la veste Fjallraven Nukk Parka qui prot\u00e8ge les fesses et les cuisses<\/strong>. Elle m&rsquo;arrive \u00e0 mi-cuisses, c&rsquo;est exactement ce que je voulais. D&rsquo;ailleurs munissez-vous d&rsquo;une <a href=\"https:\/\/www.jdroadtrip.tv\/blog\/test-de-gourde-isotherme-hydro-flask\/\" data-wplink-edit=\"true\"><strong>gourde isotherme<\/strong><\/a> pour avoir une boisson chaude quand les temp\u00e9ratures sont basses.<\/p><p style=\"text-align: justify;\">J&rsquo;avais h\u00e2te de voir si elle allait me prot\u00e9ger du froid, de la pluie \/ neige et du vent. Je pr\u00e9cise que la fourrure est synth\u00e9tique et amovible. Caract\u00e9ristiques et coupe optimis\u00e9es pour cette version actualis\u00e9e de la parka classique de Fj\u00e4llr\u00e4ven, fabriqu\u00e9e avec des mat\u00e9riaux \u00e9cologiques<\/p><p style=\"text-align: justify;\">Je regarde le nombre de poches, car j&rsquo;aime avoir le choix :<\/p><ul style=\"text-align: justify;\"><li>2 poches poitrines,<\/li><li>2 grandes poches \u00e0 rabat,<\/li><li>2 poches lat\u00e9rales doubl\u00e9es polaires pour tenir les mains au chaud,<\/li><li>2 petites poches int\u00e9rieures (parfaites pour les papiers et gardez le t\u00e9l\u00e9phone au chaud)<\/li><li>2 poches de rangement en maille.<\/li><\/ul><h2 style=\"text-align: justify;\"><b>Mon retour d&rsquo;exp\u00e9rience<\/b><\/h2><p style=\"text-align: justify;\">Concernant le froid, la veste Fjallraven Nuuk Parka fait le job. Une fois la fermeture mont\u00e9e jusqu&rsquo;en haut, vous avez <strong>le cou\/gorge couvert et vous ne sentez pas le froid dans la nuque<\/strong>. La capuche prot\u00e8ge vos oreilles, elle est coupe-vent et doubl\u00e9e en polaire. I<strong>mperm\u00e9able, neige, vent, humidit\u00e9, rien ne passe, elle est confortable lors des temp\u00e9ratures tr\u00e8s basses.<\/strong> Pendant la motoneige ou le chien de traineau, avec la vitesse, on est prot\u00e9g\u00e9 du vent, particuli\u00e8rement au niveau des fesses et des cuisses, les parties moins actives.<\/p><p style=\"text-align: justify;\">Gros avantage, vous avez un cordon \u00e0 taille pour vous prot\u00e9ger du froid et la fermeture \u00e0 glissi\u00e8re double-sens est utile. Avec le syst\u00e8me des 3 couches, en Laponie, on porte de gros v\u00eatements et<strong> pouvoir utiliser la fermeture du bas vers le haut pour aller aux toilettes, resserrer \/ remonter son pantalon, c&rsquo;est ultra pratique<\/strong> ! Pas besoin de retirer le manteau.<\/p><p style=\"text-align: justify;\">En plusieurs mois avec les voyages <strong><a href=\"https:\/\/www.laponie-au-feminin.com\" target=\"_blank\" rel=\"noopener\">Laponie au f\u00e9minin<\/a><\/strong>, je l&rsquo;ai clairement mal trait\u00e9e entre les chiens de traineau, les rennes, la motoneige, les balade en raquette, etc&#8230; <strong>Elle est r\u00e9sistante et toujours en parfait \u00e9tat !<\/strong> C&rsquo;est la veste id\u00e9ale pour le grand froid, apr\u00e8s j&rsquo;ai conscience que le prix peut freiner, mais c&rsquo;est un investissement pour se prot\u00e9ger.<\/p><p style=\"text-align: justify;\">Si je devais dire <strong>une chose n\u00e9gative, c&rsquo;est qu&rsquo;elle est lourde<\/strong>. On ne peut pas avoir un v\u00eatement l\u00e9ger avec tous les avantages pour se prot\u00e9ger du froid. C&rsquo;est un compromis pas d\u00e9rangeant pour ma part, surtout qu&rsquo;elle est confortable !<\/p><p style=\"text-align: justify;\">En \u00e9tant transparente, j&rsquo;ai pu tester la veste Fjallraven Nuuk Parka, car la marque m&rsquo;a contact\u00e9e et m&rsquo;a propos\u00e9 un partenariat. Je pr\u00e9cise que ce partenariat n\u2019influe en aucun cas sur ma ligne \u00e9ditoriale.<\/p>\t\t\t\t\t\t\t\t<\/div>\n\t\t\t\t<\/div>\n\t\t\t\t<div class=\"elementor-element elementor-element-afcd021 elementor-widget elementor-widget-gallery\" data-id=\"afcd021\" data-element_type=\"widget\" data-settings=\"{&quot;columns_tablet&quot;:4,&quot;columns_mobile&quot;:2,&quot;gap&quot;:{&quot;unit&quot;:&quot;px&quot;,&quot;size&quot;:5,&quot;sizes&quot;:[]},&quot;gap_tablet&quot;:{&quot;unit&quot;:&quot;px&quot;,&quot;size&quot;:5,&quot;sizes&quot;:[]},&quot;gap_mobile&quot;:{&quot;unit&quot;:&quot;px&quot;,&quot;size&quot;:5,&quot;sizes&quot;:[]},&quot;aspect_ratio&quot;:&quot;9:16&quot;,&quot;lazyload&quot;:&quot;yes&quot;,&quot;gallery_layout&quot;:&quot;grid&quot;,&quot;columns&quot;:4,&quot;link_to&quot;:&quot;file&quot;,&quot;overlay_background&quot;:&quot;yes&quot;,&quot;content_hover_animation&quot;:&quot;fade-in&quot;}\" data-widget_type=\"gallery.default\">\n\t\t\t\t<div class=\"elementor-widget-container\">\n\t\t\t\t\t\t\t<div class=\"elementor-gallery__container\">\n\t\t\t\t\t\t\t<a class=\"e-gallery-item elementor-gallery-item elementor-animated-content\" href=\"https:\/\/www.jdroadtrip.tv\/blog\/wp-content\/uploads\/2023\/06\/IMG_2836.jpeg\" data-elementor-open-lightbox=\"yes\" data-elementor-lightbox-slideshow=\"afcd021\" data-elementor-lightbox-title=\"IMG_2836\" data-e-action-hash=\"#elementor-action%3Aaction%3Dlightbox%26settings%3DeyJpZCI6NTg3ODQsInVybCI6Imh0dHBzOlwvXC93d3cuamRyb2FkdHJpcC50dlwvYmxvZ1wvd3AtY29udGVudFwvdXBsb2Fkc1wvMjAyM1wvMDZcL0lNR18yODM2LmpwZWciLCJzbGlkZXNob3ciOiJhZmNkMDIxIn0%3D\">\n\t\t\t\t\t<div class=\"e-gallery-image elementor-gallery-item__image\" data-thumbnail=\"https:\/\/www.jdroadtrip.tv\/blog\/wp-content\/uploads\/2023\/06\/IMG_2836.jpeg\" data-width=\"1536\" data-height=\"2048\" aria-label=\"\" role=\"img\" ><\/div>\n\t\t\t\t\t\t\t\t\t\t\t<div class=\"elementor-gallery-item__overlay\"><\/div>\n\t\t\t\t\t\t\t\t\t\t\t\t\t\t<\/a>\n\t\t\t\t\t\t\t<a class=\"e-gallery-item elementor-gallery-item elementor-animated-content\" href=\"https:\/\/www.jdroadtrip.tv\/blog\/wp-content\/uploads\/2023\/06\/IMG_2459.jpeg\" data-elementor-open-lightbox=\"yes\" data-elementor-lightbox-slideshow=\"afcd021\" data-elementor-lightbox-title=\"IMG_2459\" data-e-action-hash=\"#elementor-action%3Aaction%3Dlightbox%26settings%3DeyJpZCI6NTg3ODUsInVybCI6Imh0dHBzOlwvXC93d3cuamRyb2FkdHJpcC50dlwvYmxvZ1wvd3AtY29udGVudFwvdXBsb2Fkc1wvMjAyM1wvMDZcL0lNR18yNDU5LmpwZWciLCJzbGlkZXNob3ciOiJhZmNkMDIxIn0%3D\">\n\t\t\t\t\t<div class=\"e-gallery-image elementor-gallery-item__image\" data-thumbnail=\"https:\/\/www.jdroadtrip.tv\/blog\/wp-content\/uploads\/2023\/06\/IMG_2459.jpeg\" data-width=\"1536\" data-height=\"2049\" aria-label=\"\" role=\"img\" ><\/div>\n\t\t\t\t\t\t\t\t\t\t\t<div class=\"elementor-gallery-item__overlay\"><\/div>\n\t\t\t\t\t\t\t\t\t\t\t\t\t\t<\/a>\n\t\t\t\t\t\t\t<a class=\"e-gallery-item elementor-gallery-item elementor-animated-content\" href=\"https:\/\/www.jdroadtrip.tv\/blog\/wp-content\/uploads\/2023\/06\/0611DAEE-C222-4FFD-9BFE-974CF58F7DD5.jpg\" data-elementor-open-lightbox=\"yes\" data-elementor-lightbox-slideshow=\"afcd021\" data-elementor-lightbox-title=\"0611DAEE-C222-4FFD-9BFE-974CF58F7DD5\" data-e-action-hash=\"#elementor-action%3Aaction%3Dlightbox%26settings%3DeyJpZCI6NTg3ODYsInVybCI6Imh0dHBzOlwvXC93d3cuamRyb2FkdHJpcC50dlwvYmxvZ1wvd3AtY29udGVudFwvdXBsb2Fkc1wvMjAyM1wvMDZcLzA2MTFEQUVFLUMyMjItNEZGRC05QkZFLTk3NENGNThGN0RENS5qcGciLCJzbGlkZXNob3ciOiJhZmNkMDIxIn0%3D\">\n\t\t\t\t\t<div class=\"e-gallery-image elementor-gallery-item__image\" data-thumbnail=\"https:\/\/www.jdroadtrip.tv\/blog\/wp-content\/uploads\/2023\/06\/0611DAEE-C222-4FFD-9BFE-974CF58F7DD5.jpg\" data-width=\"1536\" data-height=\"2049\" aria-label=\"Jenny Diab en raquettes en Laponie\" role=\"img\" ><\/div>\n\t\t\t\t\t\t\t\t\t\t\t<div class=\"elementor-gallery-item__overlay\"><\/div>\n\t\t\t\t\t\t\t\t\t\t\t\t\t\t<\/a>\n\t\t\t\t\t\t\t<a class=\"e-gallery-item elementor-gallery-item elementor-animated-content\" href=\"https:\/\/www.jdroadtrip.tv\/blog\/wp-content\/uploads\/2023\/06\/585E729D-07BB-4BD8-B013-F366A5871519.jpg\" data-elementor-open-lightbox=\"yes\" data-elementor-lightbox-slideshow=\"afcd021\" data-elementor-lightbox-title=\"585E729D-07BB-4BD8-B013-F366A5871519\" data-e-action-hash=\"#elementor-action%3Aaction%3Dlightbox%26settings%3DeyJpZCI6NTg3ODcsInVybCI6Imh0dHBzOlwvXC93d3cuamRyb2FkdHJpcC50dlwvYmxvZ1wvd3AtY29udGVudFwvdXBsb2Fkc1wvMjAyM1wvMDZcLzU4NUU3MjlELTA3QkItNEJEOC1CMDEzLUYzNjZBNTg3MTUxOS5qcGciLCJzbGlkZXNob3ciOiJhZmNkMDIxIn0%3D\">\n\t\t\t\t\t<div class=\"e-gallery-image elementor-gallery-item__image\" data-thumbnail=\"https:\/\/www.jdroadtrip.tv\/blog\/wp-content\/uploads\/2023\/06\/585E729D-07BB-4BD8-B013-F366A5871519.jpg\" data-width=\"1200\" data-height=\"1600\" aria-label=\"Jenny Diab \u00e0 motoneige\" role=\"img\" ><\/div>\n\t\t\t\t\t\t\t\t\t\t\t<div class=\"elementor-gallery-item__overlay\"><\/div>\n\t\t\t\t\t\t\t\t\t\t\t\t\t\t<\/a>\n\t\t\t\t\t<\/div>\n\t\t\t\t\t<\/div>\n\t\t\t\t<\/div>\n\t\t\t\t\t<\/div>\n\t\t<\/div>\n\t\t\t\t\t<\/div>\n\t\t<\/section>\n\t\t\t\t<section class=\"elementor-section elementor-top-section elementor-element elementor-element-a766536 elementor-section-boxed elementor-section-height-default elementor-section-height-default\" data-id=\"a766536\" data-element_type=\"section\">\n\t\t\t\t\t\t<div class=\"elementor-container elementor-column-gap-default\">\n\t\t\t\t\t<div class=\"elementor-column elementor-col-100 elementor-top-column elementor-element elementor-element-ed42704\" data-id=\"ed42704\" data-element_type=\"column\">\n\t\t\t<div class=\"elementor-widget-wrap elementor-element-populated\">\n\t\t\t\t\t\t<div class=\"elementor-element elementor-element-91469f6 elementor-widget-divider--view-line elementor-widget elementor-widget-global elementor-global-41411 elementor-widget-divider\" data-id=\"91469f6\" data-element_type=\"widget\" data-widget_type=\"divider.default\">\n\t\t\t\t<div class=\"elementor-widget-container\">\n\t\t\t\t\t\t\t<div class=\"elementor-divider\">\n\t\t\t<span class=\"elementor-divider-separator\">\n\t\t\t\t\t\t<\/span>\n\t\t<\/div>\n\t\t\t\t\t\t<\/div>\n\t\t\t\t<\/div>\n\t\t\t\t<div class=\"elementor-element elementor-element-39ea0d5 elementor-widget elementor-widget-text-editor\" data-id=\"39ea0d5\" data-element_type=\"widget\" data-widget_type=\"text-editor.default\">\n\t\t\t\t<div class=\"elementor-widget-container\">\n\t\t\t\t\t\t\t\t\t<p style=\"text-align: justify;\"><strong>Si vous avez pu tester\u00a0la veste Fjallraven Nuuk Parka, n\u2019h\u00e9sitez pas \u00e0 laisser votre avis, il peut int\u00e9resser pleins de personnes et si vous \u00eates une femme qui voyagent et que vous recherchez des informations, rejoignez le groupe Facebook de voyage 100% f\u00e9minin \u2009<a href=\"https:\/\/www.facebook.com\/groups\/Voyageraufeminin\/\" target=\"_blank\" rel=\"noopener noreferrer\">Voyager au f\u00e9minin en sac \u00e0 dos<\/a>.<\/strong><\/p>\t\t\t\t\t\t\t\t<\/div>\n\t\t\t\t<\/div>\n\t\t\t\t\t<\/div>\n\t\t<\/div>\n\t\t\t\t\t<\/div>\n\t\t<\/section>\n\t\t\t\t<\/div>\n\t\t","protected":false},"excerpt":{"rendered":"<p>Test de la veste Fjallraven Nuuk Parka en Laponie, contre le grand froid ! J&rsquo;ai eu l&rsquo;occasion de tester la veste Fjallraven Nuuk Parka pendant 4 mois en Laponie Finlandaise en tant que guide \u00e0 Levi. J&rsquo;ai pu faire diverses activit\u00e9s avec, balade en raquette, chiens de traineau, motoneige, ski et des balades nocturnes pour [&hellip;]<\/p>\n","protected":false},"author":1,"featured_media":58813,"comment_status":"open","ping_status":"open","sticky":false,"template":"","format":"standard","meta":{"ocean_post_layout":"","ocean_both_sidebars_style":"","ocean_both_sidebars_content_width":0,"ocean_both_sidebars_sidebars_width":0,"ocean_sidebar":"","ocean_second_sidebar":"","ocean_disable_margins":"enable","ocean_add_body_class":"","ocean_shortcode_before_top_bar":"","ocean_shortcode_after_top_bar":"","ocean_shortcode_before_header":"","ocean_shortcode_after_header":"","ocean_has_shortcode":"","ocean_shortcode_after_title":"","ocean_shortcode_before_footer_widgets":"","ocean_shortcode_after_footer_widgets":"","ocean_shortcode_before_footer_bottom":"","ocean_shortcode_after_footer_bottom":"","ocean_display_top_bar":"default","ocean_display_header":"default","ocean_header_style":"","ocean_center_header_left_menu":"","ocean_custom_header_template":"","ocean_custom_logo":0,"ocean_custom_retina_logo":0,"ocean_custom_logo_max_width":0,"ocean_custom_logo_tablet_max_width":0,"ocean_custom_logo_mobile_max_width":0,"ocean_custom_logo_max_height":0,"ocean_custom_logo_tablet_max_height":0,"ocean_custom_logo_mobile_max_height":0,"ocean_header_custom_menu":"","ocean_menu_typo_font_family":"","ocean_menu_typo_font_subset":"","ocean_menu_typo_font_size":0,"ocean_menu_typo_font_size_tablet":0,"ocean_menu_typo_font_size_mobile":0,"ocean_menu_typo_font_size_unit":"px","ocean_menu_typo_font_weight":"","ocean_menu_typo_font_weight_tablet":"","ocean_menu_typo_font_weight_mobile":"","ocean_menu_typo_transform":"","ocean_menu_typo_transform_tablet":"","ocean_menu_typo_transform_mobile":"","ocean_menu_typo_line_height":0,"ocean_menu_typo_line_height_tablet":0,"ocean_menu_typo_line_height_mobile":0,"ocean_menu_typo_line_height_unit":"","ocean_menu_typo_spacing":0,"ocean_menu_typo_spacing_tablet":0,"ocean_menu_typo_spacing_mobile":0,"ocean_menu_typo_spacing_unit":"","ocean_menu_link_color":"","ocean_menu_link_color_hover":"","ocean_menu_link_color_active":"","ocean_menu_link_background":"","ocean_menu_link_hover_background":"","ocean_menu_link_active_background":"","ocean_menu_social_links_bg":"","ocean_menu_social_hover_links_bg":"","ocean_menu_social_links_color":"","ocean_menu_social_hover_links_color":"","ocean_disable_title":"default","ocean_disable_heading":"default","ocean_post_title":"","ocean_post_subheading":"","ocean_post_title_style":"","ocean_post_title_background_color":"","ocean_post_title_background":0,"ocean_post_title_bg_image_position":"","ocean_post_title_bg_image_attachment":"","ocean_post_title_bg_image_repeat":"","ocean_post_title_bg_image_size":"","ocean_post_title_height":0,"ocean_post_title_bg_overlay":0.5,"ocean_post_title_bg_overlay_color":"","ocean_disable_breadcrumbs":"default","ocean_breadcrumbs_color":"","ocean_breadcrumbs_separator_color":"","ocean_breadcrumbs_links_color":"","ocean_breadcrumbs_links_hover_color":"","ocean_display_footer_widgets":"default","ocean_display_footer_bottom":"default","ocean_custom_footer_template":"","ocean_post_oembed":"","ocean_post_self_hosted_media":"","ocean_post_video_embed":"","ocean_link_format":"","ocean_link_format_target":"self","ocean_quote_format":"","ocean_quote_format_link":"post","ocean_gallery_link_images":"on","ocean_gallery_id":[],"footnotes":""},"categories":[10507],"tags":[],"table_tags":[],"class_list":["post-58283","post","type-post","status-publish","format-standard","has-post-thumbnail","hentry","category-vetements","entry","has-media"],"yoast_head":"<!-- This site is optimized with the Yoast SEO Premium plugin v25.9 (Yoast SEO v25.9) - https:\/\/yoast.com\/wordpress\/plugins\/seo\/ -->\n<title>Test de la veste Fjallraven Nuuk Parka en Laponie - JDroadtrip.tv<\/title>\n<meta name=\"description\" content=\"Test de la veste Fjallraven Nuuk Parka durant 4 mois en Laponie, elle prot\u00e8ge du grand froid et parfaite pour les activit\u00e9s nordiques...\" \/>\n<meta name=\"robots\" content=\"index, follow, max-snippet:-1, max-image-preview:large, max-video-preview:-1\" \/>\n<link rel=\"canonical\" href=\"https:\/\/www.jdroadtrip.tv\/blog\/test-avis-de-la-veste-fjallraven-nuuk-parka\/\" \/>\n<meta property=\"og:locale\" content=\"fr_FR\" \/>\n<meta property=\"og:type\" content=\"article\" \/>\n<meta property=\"og:title\" content=\"Test de la veste Fjallraven Nuuk Parka\" \/>\n<meta property=\"og:description\" content=\"Test de la veste Fjallraven Nuuk Parka durant 4 mois en Laponie, elle prot\u00e8ge du grand froid et parfaite pour les activit\u00e9s nordiques...\" \/>\n<meta property=\"og:url\" content=\"https:\/\/www.jdroadtrip.tv\/blog\/test-avis-de-la-veste-fjallraven-nuuk-parka\/\" \/>\n<meta property=\"og:site_name\" content=\"JDroadtrip - Blog de voyage pour voyager au f\u00e9minin !\" \/>\n<meta property=\"article:publisher\" content=\"https:\/\/www.facebook.com\/JDRoadTrip\" \/>\n<meta property=\"article:author\" content=\"https:\/\/www.facebook.com\/JDroadtrip\" \/>\n<meta property=\"article:published_time\" content=\"2023-06-21T17:04:23+00:00\" \/>\n<meta property=\"article:modified_time\" content=\"2025-06-10T19:22:18+00:00\" \/>\n<meta property=\"og:image\" content=\"https:\/\/www.jdroadtrip.tv\/blog\/wp-content\/uploads\/2023\/06\/veste-fjallraven-nuuk-park-img.jpg\" \/>\n\t<meta property=\"og:image:width\" content=\"1500\" \/>\n\t<meta property=\"og:image:height\" content=\"996\" \/>\n\t<meta property=\"og:image:type\" content=\"image\/jpeg\" \/>\n<meta name=\"author\" content=\"Jenny Diab\" \/>\n<meta name=\"twitter:card\" content=\"summary_large_image\" \/>\n<meta name=\"twitter:creator\" content=\"@JDroadtrip\" \/>\n<meta name=\"twitter:site\" content=\"@JDroadtrip\" \/>\n<meta name=\"twitter:label1\" content=\"\u00c9crit par\" \/>\n\t<meta name=\"twitter:data1\" content=\"Jenny Diab\" \/>\n\t<meta name=\"twitter:label2\" content=\"Dur\u00e9e de lecture estim\u00e9e\" \/>\n\t<meta name=\"twitter:data2\" content=\"4 minutes\" \/>\n<script type=\"application\/ld+json\" class=\"yoast-schema-graph\">{\"@context\":\"https:\/\/schema.org\",\"@graph\":[{\"@type\":\"Article\",\"@id\":\"https:\/\/www.jdroadtrip.tv\/blog\/test-avis-de-la-veste-fjallraven-nuuk-parka\/#article\",\"isPartOf\":{\"@id\":\"https:\/\/www.jdroadtrip.tv\/blog\/test-avis-de-la-veste-fjallraven-nuuk-parka\/\"},\"author\":{\"name\":\"Jenny Diab\",\"@id\":\"https:\/\/www.jdroadtrip.tv\/blog\/#\/schema\/person\/d204bfc7d00ba74276391d8e42b58a3e\"},\"headline\":\"Test de la veste Fjallraven Nuuk Parka\",\"datePublished\":\"2023-06-21T17:04:23+00:00\",\"dateModified\":\"2025-06-10T19:22:18+00:00\",\"mainEntityOfPage\":{\"@id\":\"https:\/\/www.jdroadtrip.tv\/blog\/test-avis-de-la-veste-fjallraven-nuuk-parka\/\"},\"wordCount\":859,\"commentCount\":0,\"publisher\":{\"@id\":\"https:\/\/www.jdroadtrip.tv\/blog\/#organization\"},\"image\":{\"@id\":\"https:\/\/www.jdroadtrip.tv\/blog\/test-avis-de-la-veste-fjallraven-nuuk-parka\/#primaryimage\"},\"thumbnailUrl\":\"https:\/\/www.jdroadtrip.tv\/blog\/wp-content\/uploads\/2023\/06\/veste-fjallraven-nuuk-park-img.jpg\",\"articleSection\":[\"V\u00eatements\"],\"inLanguage\":\"fr-FR\",\"potentialAction\":[{\"@type\":\"CommentAction\",\"name\":\"Comment\",\"target\":[\"https:\/\/www.jdroadtrip.tv\/blog\/test-avis-de-la-veste-fjallraven-nuuk-parka\/#respond\"]}]},{\"@type\":\"WebPage\",\"@id\":\"https:\/\/www.jdroadtrip.tv\/blog\/test-avis-de-la-veste-fjallraven-nuuk-parka\/\",\"url\":\"https:\/\/www.jdroadtrip.tv\/blog\/test-avis-de-la-veste-fjallraven-nuuk-parka\/\",\"name\":\"Test de la veste Fjallraven Nuuk Parka en Laponie - JDroadtrip.tv\",\"isPartOf\":{\"@id\":\"https:\/\/www.jdroadtrip.tv\/blog\/#website\"},\"primaryImageOfPage\":{\"@id\":\"https:\/\/www.jdroadtrip.tv\/blog\/test-avis-de-la-veste-fjallraven-nuuk-parka\/#primaryimage\"},\"image\":{\"@id\":\"https:\/\/www.jdroadtrip.tv\/blog\/test-avis-de-la-veste-fjallraven-nuuk-parka\/#primaryimage\"},\"thumbnailUrl\":\"https:\/\/www.jdroadtrip.tv\/blog\/wp-content\/uploads\/2023\/06\/veste-fjallraven-nuuk-park-img.jpg\",\"datePublished\":\"2023-06-21T17:04:23+00:00\",\"dateModified\":\"2025-06-10T19:22:18+00:00\",\"description\":\"Test de la veste Fjallraven Nuuk Parka durant 4 mois en Laponie, elle prot\u00e8ge du grand froid et parfaite pour les activit\u00e9s nordiques...\",\"breadcrumb\":{\"@id\":\"https:\/\/www.jdroadtrip.tv\/blog\/test-avis-de-la-veste-fjallraven-nuuk-parka\/#breadcrumb\"},\"inLanguage\":\"fr-FR\",\"potentialAction\":[{\"@type\":\"ReadAction\",\"target\":[\"https:\/\/www.jdroadtrip.tv\/blog\/test-avis-de-la-veste-fjallraven-nuuk-parka\/\"]}]},{\"@type\":\"ImageObject\",\"inLanguage\":\"fr-FR\",\"@id\":\"https:\/\/www.jdroadtrip.tv\/blog\/test-avis-de-la-veste-fjallraven-nuuk-parka\/#primaryimage\",\"url\":\"https:\/\/www.jdroadtrip.tv\/blog\/wp-content\/uploads\/2023\/06\/veste-fjallraven-nuuk-park-img.jpg\",\"contentUrl\":\"https:\/\/www.jdroadtrip.tv\/blog\/wp-content\/uploads\/2023\/06\/veste-fjallraven-nuuk-park-img.jpg\",\"width\":1500,\"height\":996},{\"@type\":\"BreadcrumbList\",\"@id\":\"https:\/\/www.jdroadtrip.tv\/blog\/test-avis-de-la-veste-fjallraven-nuuk-parka\/#breadcrumb\",\"itemListElement\":[{\"@type\":\"ListItem\",\"position\":1,\"name\":\"Accueil\",\"item\":\"https:\/\/www.jdroadtrip.tv\/blog\/\"},{\"@type\":\"ListItem\",\"position\":2,\"name\":\"Test de la veste Fjallraven Nuuk Parka\"}]},{\"@type\":\"WebSite\",\"@id\":\"https:\/\/www.jdroadtrip.tv\/blog\/#website\",\"url\":\"https:\/\/www.jdroadtrip.tv\/blog\/\",\"name\":\"JDroadtrip - Blog de voyage au f\u00e9minin : Outdoor, Trek, Slow travel\",\"description\":\"M\u00e9dia pour voyager au f\u00e9minin\",\"publisher\":{\"@id\":\"https:\/\/www.jdroadtrip.tv\/blog\/#organization\"},\"alternateName\":\"JDroadtrip - Voyager au f\u00e9minin\",\"potentialAction\":[{\"@type\":\"SearchAction\",\"target\":{\"@type\":\"EntryPoint\",\"urlTemplate\":\"https:\/\/www.jdroadtrip.tv\/blog\/?s={search_term_string}\"},\"query-input\":{\"@type\":\"PropertyValueSpecification\",\"valueRequired\":true,\"valueName\":\"search_term_string\"}}],\"inLanguage\":\"fr-FR\"},{\"@type\":\"Organization\",\"@id\":\"https:\/\/www.jdroadtrip.tv\/blog\/#organization\",\"name\":\"JDroadtrip - Blog de voyage pour voyager au f\u00e9minin !\",\"alternateName\":\"JDroadtrip - Voyager au f\u00e9minin\",\"url\":\"https:\/\/www.jdroadtrip.tv\/blog\/\",\"logo\":{\"@type\":\"ImageObject\",\"inLanguage\":\"fr-FR\",\"@id\":\"https:\/\/www.jdroadtrip.tv\/blog\/#\/schema\/logo\/image\/\",\"url\":\"https:\/\/www.jdroadtrip.tv\/blog\/wp-content\/uploads\/2023\/08\/Logo-HD-petit.png\",\"contentUrl\":\"https:\/\/www.jdroadtrip.tv\/blog\/wp-content\/uploads\/2023\/08\/Logo-HD-petit.png\",\"width\":300,\"height\":300,\"caption\":\"JDroadtrip - Blog de voyage pour voyager au f\u00e9minin !\"},\"image\":{\"@id\":\"https:\/\/www.jdroadtrip.tv\/blog\/#\/schema\/logo\/image\/\"},\"sameAs\":[\"https:\/\/www.facebook.com\/JDRoadTrip\",\"https:\/\/x.com\/JDroadtrip\",\"https:\/\/instagram.com\/jdroadtrip\/\",\"http:\/\/www.linkedin.com\/in\/jennydiab\",\"https:\/\/www.pinterest.fr\/jdroadtrip\/\",\"https:\/\/www.youtube.com\/channel\/UCerVm4aMyTj9AxDDWmSx9_g\"],\"description\":\"Blog de voyage pour les femmes qui voyagent \u00e0 travers le monde.\",\"email\":\"contact@jdroadtrip.tv\",\"legalName\":\"Jenny Diab\",\"numberOfEmployees\":{\"@type\":\"QuantitativeValue\",\"minValue\":\"1\",\"maxValue\":\"10\"}},{\"@type\":\"Person\",\"@id\":\"https:\/\/www.jdroadtrip.tv\/blog\/#\/schema\/person\/d204bfc7d00ba74276391d8e42b58a3e\",\"name\":\"Jenny Diab\",\"image\":{\"@type\":\"ImageObject\",\"inLanguage\":\"fr-FR\",\"@id\":\"https:\/\/www.jdroadtrip.tv\/blog\/#\/schema\/person\/image\/\",\"url\":\"https:\/\/secure.gravatar.com\/avatar\/8c20b0655fdafee9c0df649069a458b1bde697487be3b0da4df8754f3de7042c?s=96&d=mm&r=g\",\"contentUrl\":\"https:\/\/secure.gravatar.com\/avatar\/8c20b0655fdafee9c0df649069a458b1bde697487be3b0da4df8754f3de7042c?s=96&d=mm&r=g\",\"caption\":\"Jenny Diab\"},\"description\":\"Cr\u00e9atrice du blog JDroadtrip.tv, je voyage seule \u00e0 travers le monde et je partage mes exp\u00e9riences de voyageuse solo. \u00c0 travers ce blog, je vous invite \u00e0 d\u00e9couvrir un maximum de bons plans et astuces (h\u00e9bergements, activit\u00e9s, restaurants, transports \u2026) pour pr\u00e9parer au mieux vos futurs voyages. Si vous \u00eates une fille qui voyage \u00e0 travers le monde, rejoignez la communaut\u00e9 Voyager au f\u00e9minin et si vous avez des questions, n'h\u00e9sitez pas \u00e0 \u00e0 me contacter. D\u00c9COUVREZ QUI SUIS-JE.\",\"sameAs\":[\"https:\/\/www.jdroadtrip.tv\",\"https:\/\/www.facebook.com\/JDroadtrip\",\"https:\/\/www.instagram.com\/jdroadtrip\/\",\"https:\/\/www.linkedin.com\/in\/jennydiab\",\"https:\/\/www.pinterest.com\/Jdroadtrip\",\"https:\/\/x.com\/JDroadtrip\"],\"url\":\"https:\/\/www.jdroadtrip.tv\/blog\/author\/jd\/\"}]}<\/script>\n<!-- \/ Yoast SEO Premium plugin. -->","yoast_head_json":{"title":"Test de la veste Fjallraven Nuuk Parka en Laponie - JDroadtrip.tv","description":"Test de la veste Fjallraven Nuuk Parka durant 4 mois en Laponie, elle prot\u00e8ge du grand froid et parfaite pour les activit\u00e9s nordiques...","robots":{"index":"index","follow":"follow","max-snippet":"max-snippet:-1","max-image-preview":"max-image-preview:large","max-video-preview":"max-video-preview:-1"},"canonical":"https:\/\/www.jdroadtrip.tv\/blog\/test-avis-de-la-veste-fjallraven-nuuk-parka\/","og_locale":"fr_FR","og_type":"article","og_title":"Test de la veste Fjallraven Nuuk Parka","og_description":"Test de la veste Fjallraven Nuuk Parka durant 4 mois en Laponie, elle prot\u00e8ge du grand froid et parfaite pour les activit\u00e9s nordiques...","og_url":"https:\/\/www.jdroadtrip.tv\/blog\/test-avis-de-la-veste-fjallraven-nuuk-parka\/","og_site_name":"JDroadtrip - Blog de voyage pour voyager au f\u00e9minin !","article_publisher":"https:\/\/www.facebook.com\/JDRoadTrip","article_author":"https:\/\/www.facebook.com\/JDroadtrip","article_published_time":"2023-06-21T17:04:23+00:00","article_modified_time":"2025-06-10T19:22:18+00:00","og_image":[{"width":1500,"height":996,"url":"https:\/\/www.jdroadtrip.tv\/blog\/wp-content\/uploads\/2023\/06\/veste-fjallraven-nuuk-park-img.jpg","type":"image\/jpeg"}],"author":"Jenny Diab","twitter_card":"summary_large_image","twitter_creator":"@JDroadtrip","twitter_site":"@JDroadtrip","twitter_misc":{"\u00c9crit par":"Jenny Diab","Dur\u00e9e de lecture estim\u00e9e":"4 minutes"},"schema":{"@context":"https:\/\/schema.org","@graph":[{"@type":"Article","@id":"https:\/\/www.jdroadtrip.tv\/blog\/test-avis-de-la-veste-fjallraven-nuuk-parka\/#article","isPartOf":{"@id":"https:\/\/www.jdroadtrip.tv\/blog\/test-avis-de-la-veste-fjallraven-nuuk-parka\/"},"author":{"name":"Jenny Diab","@id":"https:\/\/www.jdroadtrip.tv\/blog\/#\/schema\/person\/d204bfc7d00ba74276391d8e42b58a3e"},"headline":"Test de la veste Fjallraven Nuuk Parka","datePublished":"2023-06-21T17:04:23+00:00","dateModified":"2025-06-10T19:22:18+00:00","mainEntityOfPage":{"@id":"https:\/\/www.jdroadtrip.tv\/blog\/test-avis-de-la-veste-fjallraven-nuuk-parka\/"},"wordCount":859,"commentCount":0,"publisher":{"@id":"https:\/\/www.jdroadtrip.tv\/blog\/#organization"},"image":{"@id":"https:\/\/www.jdroadtrip.tv\/blog\/test-avis-de-la-veste-fjallraven-nuuk-parka\/#primaryimage"},"thumbnailUrl":"https:\/\/www.jdroadtrip.tv\/blog\/wp-content\/uploads\/2023\/06\/veste-fjallraven-nuuk-park-img.jpg","articleSection":["V\u00eatements"],"inLanguage":"fr-FR","potentialAction":[{"@type":"CommentAction","name":"Comment","target":["https:\/\/www.jdroadtrip.tv\/blog\/test-avis-de-la-veste-fjallraven-nuuk-parka\/#respond"]}]},{"@type":"WebPage","@id":"https:\/\/www.jdroadtrip.tv\/blog\/test-avis-de-la-veste-fjallraven-nuuk-parka\/","url":"https:\/\/www.jdroadtrip.tv\/blog\/test-avis-de-la-veste-fjallraven-nuuk-parka\/","name":"Test de la veste Fjallraven Nuuk Parka en Laponie - JDroadtrip.tv","isPartOf":{"@id":"https:\/\/www.jdroadtrip.tv\/blog\/#website"},"primaryImageOfPage":{"@id":"https:\/\/www.jdroadtrip.tv\/blog\/test-avis-de-la-veste-fjallraven-nuuk-parka\/#primaryimage"},"image":{"@id":"https:\/\/www.jdroadtrip.tv\/blog\/test-avis-de-la-veste-fjallraven-nuuk-parka\/#primaryimage"},"thumbnailUrl":"https:\/\/www.jdroadtrip.tv\/blog\/wp-content\/uploads\/2023\/06\/veste-fjallraven-nuuk-park-img.jpg","datePublished":"2023-06-21T17:04:23+00:00","dateModified":"2025-06-10T19:22:18+00:00","description":"Test de la veste Fjallraven Nuuk Parka durant 4 mois en Laponie, elle prot\u00e8ge du grand froid et parfaite pour les activit\u00e9s nordiques...","breadcrumb":{"@id":"https:\/\/www.jdroadtrip.tv\/blog\/test-avis-de-la-veste-fjallraven-nuuk-parka\/#breadcrumb"},"inLanguage":"fr-FR","potentialAction":[{"@type":"ReadAction","target":["https:\/\/www.jdroadtrip.tv\/blog\/test-avis-de-la-veste-fjallraven-nuuk-parka\/"]}]},{"@type":"ImageObject","inLanguage":"fr-FR","@id":"https:\/\/www.jdroadtrip.tv\/blog\/test-avis-de-la-veste-fjallraven-nuuk-parka\/#primaryimage","url":"https:\/\/www.jdroadtrip.tv\/blog\/wp-content\/uploads\/2023\/06\/veste-fjallraven-nuuk-park-img.jpg","contentUrl":"https:\/\/www.jdroadtrip.tv\/blog\/wp-content\/uploads\/2023\/06\/veste-fjallraven-nuuk-park-img.jpg","width":1500,"height":996},{"@type":"BreadcrumbList","@id":"https:\/\/www.jdroadtrip.tv\/blog\/test-avis-de-la-veste-fjallraven-nuuk-parka\/#breadcrumb","itemListElement":[{"@type":"ListItem","position":1,"name":"Accueil","item":"https:\/\/www.jdroadtrip.tv\/blog\/"},{"@type":"ListItem","position":2,"name":"Test de la veste Fjallraven Nuuk Parka"}]},{"@type":"WebSite","@id":"https:\/\/www.jdroadtrip.tv\/blog\/#website","url":"https:\/\/www.jdroadtrip.tv\/blog\/","name":"JDroadtrip - Blog de voyage au f\u00e9minin : Outdoor, Trek, Slow travel","description":"M\u00e9dia pour voyager au f\u00e9minin","publisher":{"@id":"https:\/\/www.jdroadtrip.tv\/blog\/#organization"},"alternateName":"JDroadtrip - Voyager au f\u00e9minin","potentialAction":[{"@type":"SearchAction","target":{"@type":"EntryPoint","urlTemplate":"https:\/\/www.jdroadtrip.tv\/blog\/?s={search_term_string}"},"query-input":{"@type":"PropertyValueSpecification","valueRequired":true,"valueName":"search_term_string"}}],"inLanguage":"fr-FR"},{"@type":"Organization","@id":"https:\/\/www.jdroadtrip.tv\/blog\/#organization","name":"JDroadtrip - Blog de voyage pour voyager au f\u00e9minin !","alternateName":"JDroadtrip - Voyager au f\u00e9minin","url":"https:\/\/www.jdroadtrip.tv\/blog\/","logo":{"@type":"ImageObject","inLanguage":"fr-FR","@id":"https:\/\/www.jdroadtrip.tv\/blog\/#\/schema\/logo\/image\/","url":"https:\/\/www.jdroadtrip.tv\/blog\/wp-content\/uploads\/2023\/08\/Logo-HD-petit.png","contentUrl":"https:\/\/www.jdroadtrip.tv\/blog\/wp-content\/uploads\/2023\/08\/Logo-HD-petit.png","width":300,"height":300,"caption":"JDroadtrip - Blog de voyage pour voyager au f\u00e9minin !"},"image":{"@id":"https:\/\/www.jdroadtrip.tv\/blog\/#\/schema\/logo\/image\/"},"sameAs":["https:\/\/www.facebook.com\/JDRoadTrip","https:\/\/x.com\/JDroadtrip","https:\/\/instagram.com\/jdroadtrip\/","http:\/\/www.linkedin.com\/in\/jennydiab","https:\/\/www.pinterest.fr\/jdroadtrip\/","https:\/\/www.youtube.com\/channel\/UCerVm4aMyTj9AxDDWmSx9_g"],"description":"Blog de voyage pour les femmes qui voyagent \u00e0 travers le monde.","email":"contact@jdroadtrip.tv","legalName":"Jenny Diab","numberOfEmployees":{"@type":"QuantitativeValue","minValue":"1","maxValue":"10"}},{"@type":"Person","@id":"https:\/\/www.jdroadtrip.tv\/blog\/#\/schema\/person\/d204bfc7d00ba74276391d8e42b58a3e","name":"Jenny Diab","image":{"@type":"ImageObject","inLanguage":"fr-FR","@id":"https:\/\/www.jdroadtrip.tv\/blog\/#\/schema\/person\/image\/","url":"https:\/\/secure.gravatar.com\/avatar\/8c20b0655fdafee9c0df649069a458b1bde697487be3b0da4df8754f3de7042c?s=96&d=mm&r=g","contentUrl":"https:\/\/secure.gravatar.com\/avatar\/8c20b0655fdafee9c0df649069a458b1bde697487be3b0da4df8754f3de7042c?s=96&d=mm&r=g","caption":"Jenny Diab"},"description":"Cr\u00e9atrice du blog JDroadtrip.tv, je voyage seule \u00e0 travers le monde et je partage mes exp\u00e9riences de voyageuse solo. \u00c0 travers ce blog, je vous invite \u00e0 d\u00e9couvrir un maximum de bons plans et astuces (h\u00e9bergements, activit\u00e9s, restaurants, transports \u2026) pour pr\u00e9parer au mieux vos futurs voyages. Si vous \u00eates une fille qui voyage \u00e0 travers le monde, rejoignez la communaut\u00e9 Voyager au f\u00e9minin et si vous avez des questions, n'h\u00e9sitez pas \u00e0 \u00e0 me contacter. D\u00c9COUVREZ QUI SUIS-JE.","sameAs":["https:\/\/www.jdroadtrip.tv","https:\/\/www.facebook.com\/JDroadtrip","https:\/\/www.instagram.com\/jdroadtrip\/","https:\/\/www.linkedin.com\/in\/jennydiab","https:\/\/www.pinterest.com\/Jdroadtrip","https:\/\/x.com\/JDroadtrip"],"url":"https:\/\/www.jdroadtrip.tv\/blog\/author\/jd\/"}]}},"_links":{"self":[{"href":"https:\/\/www.jdroadtrip.tv\/blog\/wp-json\/wp\/v2\/posts\/58283","targetHints":{"allow":["GET"]}}],"collection":[{"href":"https:\/\/www.jdroadtrip.tv\/blog\/wp-json\/wp\/v2\/posts"}],"about":[{"href":"https:\/\/www.jdroadtrip.tv\/blog\/wp-json\/wp\/v2\/types\/post"}],"author":[{"embeddable":true,"href":"https:\/\/www.jdroadtrip.tv\/blog\/wp-json\/wp\/v2\/users\/1"}],"replies":[{"embeddable":true,"href":"https:\/\/www.jdroadtrip.tv\/blog\/wp-json\/wp\/v2\/comments?post=58283"}],"version-history":[{"count":0,"href":"https:\/\/www.jdroadtrip.tv\/blog\/wp-json\/wp\/v2\/posts\/58283\/revisions"}],"wp:featuredmedia":[{"embeddable":true,"href":"https:\/\/www.jdroadtrip.tv\/blog\/wp-json\/wp\/v2\/media\/58813"}],"wp:attachment":[{"href":"https:\/\/www.jdroadtrip.tv\/blog\/wp-json\/wp\/v2\/media?parent=58283"}],"wp:term":[{"taxonomy":"category","embeddable":true,"href":"https:\/\/www.jdroadtrip.tv\/blog\/wp-json\/wp\/v2\/categories?post=58283"},{"taxonomy":"post_tag","embeddable":true,"href":"https:\/\/www.jdroadtrip.tv\/blog\/wp-json\/wp\/v2\/tags?post=58283"},{"taxonomy":"table_tags","embeddable":true,"href":"https:\/\/www.jdroadtrip.tv\/blog\/wp-json\/wp\/v2\/table_tags?post=58283"}],"curies":[{"name":"wp","href":"https:\/\/api.w.org\/{rel}","templated":true}]}}