{"id":54401,"date":"2022-07-24T16:24:35","date_gmt":"2022-07-24T15:24:35","guid":{"rendered":"https:\/\/www.jdroadtrip.tv\/blog\/?p=54401"},"modified":"2025-07-03T15:44:09","modified_gmt":"2025-07-03T14:44:09","slug":"test-legging-de-randonnee-fjallraven-abisko-tights-w","status":"publish","type":"post","link":"https:\/\/www.jdroadtrip.tv\/blog\/test-legging-de-randonnee-fjallraven-abisko-tights-w\/","title":{"rendered":"Test du legging de randonn\u00e9e Fjallraven Abisko Tights W"},"content":{"rendered":"\t\t<div data-elementor-type=\"wp-post\" data-elementor-id=\"54401\" class=\"elementor elementor-54401\" data-elementor-post-type=\"post\">\n\t\t\t\t\t\t<section class=\"elementor-section elementor-top-section elementor-element elementor-element-fb2c2a7 elementor-section-boxed elementor-section-height-default elementor-section-height-default\" data-id=\"fb2c2a7\" data-element_type=\"section\">\n\t\t\t\t\t\t<div class=\"elementor-container elementor-column-gap-default\">\n\t\t\t\t\t<div class=\"elementor-column elementor-col-100 elementor-top-column elementor-element elementor-element-d02cc1b\" data-id=\"d02cc1b\" data-element_type=\"column\">\n\t\t\t<div class=\"elementor-widget-wrap elementor-element-populated\">\n\t\t\t\t\t\t<div class=\"elementor-element elementor-element-1534479 elementor-widget elementor-widget-heading\" data-id=\"1534479\" data-element_type=\"widget\" data-widget_type=\"heading.default\">\n\t\t\t\t<div class=\"elementor-widget-container\">\n\t\t\t\t\t<h2 class=\"elementor-heading-title elementor-size-default\">Test du legging de randonn\u00e9e Fjallraven Abisko Tights W<\/h2>\t\t\t\t<\/div>\n\t\t\t\t<\/div>\n\t\t\t\t<div class=\"elementor-element elementor-element-2cae2be elementor-widget elementor-widget-text-editor\" data-id=\"2cae2be\" data-element_type=\"widget\" data-widget_type=\"text-editor.default\">\n\t\t\t\t<div class=\"elementor-widget-container\">\n\t\t\t\t\t\t\t\t\t<p style=\"text-align: justify;\"><span style=\"font-size: 18pt;\"><em>Apr\u00e8s avoir pu tester un <strong><a href=\"https:\/\/www.jdroadtrip.tv\/blog\/test-des-vetements-outdoor-fjallraven\/\" target=\"_blank\" rel=\"noopener\">legging Fjallraven d&rsquo;hiver<\/a><\/strong>, je teste le nouveau <strong>legging de randonn\u00e9e Fjallraven Abisko Tights<\/strong>. Il s&rsquo;agit d&rsquo;une marque su\u00e9doise que j&rsquo;affectionne beaucoup, car une partie des b\u00e9n\u00e9fices des ventes vont \u00e0 l&rsquo;organisme WWF Finlande pour la <strong><a href=\"https:\/\/www.fjallraven.com\/fr\/fr-fr\/a-propos-de-fjallraven\/the-arctic-fox-initiative\" target=\"_blank\" rel=\"noopener\">protection des renards arctiques<\/a><\/strong>. \u00c9tant une amoureuse de la <strong><a href=\"https:\/\/www.jdroadtrip.tv\/blog\/category\/europe\/finlande\/\" target=\"_blank\" rel=\"noopener\">Finlande<\/a><\/strong>, je ne peux qu&rsquo;appr\u00e9cier. Je suis tr\u00e8s contente de pouvoir tester ce tout nouveau mod\u00e8le de la marque. Je porte toujours des pantalons de randonn\u00e9e, mais je suis plus \u00e0 l&rsquo;aise dans les leggings ou collants. <strong>Il est parfait pour les randonn\u00e9es, les activit\u00e9s outdoor et les balades quotidiennes.<\/strong> Il existe en 4 couleurs, noir, bleu, rouge et vert kaki.<\/em><\/span><\/p>\t\t\t\t\t\t\t\t<\/div>\n\t\t\t\t<\/div>\n\t\t\t\t<div class=\"elementor-element elementor-element-1136dde elementor-widget elementor-widget-image\" data-id=\"1136dde\" data-element_type=\"widget\" data-widget_type=\"image.default\">\n\t\t\t\t<div class=\"elementor-widget-container\">\n\t\t\t\t\t\t\t\t\t\t\t\t\t\t\t<img fetchpriority=\"high\" decoding=\"async\" width=\"1500\" height=\"1125\" src=\"https:\/\/www.jdroadtrip.tv\/blog\/wp-content\/uploads\/2022\/07\/Randonner-Glacier-2-Alpes-iphone-11.jpg\" class=\"attachment-full size-full wp-image-54844\" alt=\"Randonner sur le glacier des 2 Alpes - Randonn\u00e9e Glaciaire\" srcset=\"https:\/\/www.jdroadtrip.tv\/blog\/wp-content\/uploads\/2022\/07\/Randonner-Glacier-2-Alpes-iphone-11.jpg 1500w, https:\/\/www.jdroadtrip.tv\/blog\/wp-content\/uploads\/2022\/07\/Randonner-Glacier-2-Alpes-iphone-11-300x225.jpg 300w, https:\/\/www.jdroadtrip.tv\/blog\/wp-content\/uploads\/2022\/07\/Randonner-Glacier-2-Alpes-iphone-11-800x600.jpg 800w, https:\/\/www.jdroadtrip.tv\/blog\/wp-content\/uploads\/2022\/07\/Randonner-Glacier-2-Alpes-iphone-11-250x188.jpg 250w, https:\/\/www.jdroadtrip.tv\/blog\/wp-content\/uploads\/2022\/07\/Randonner-Glacier-2-Alpes-iphone-11-768x576.jpg 768w, https:\/\/www.jdroadtrip.tv\/blog\/wp-content\/uploads\/2022\/07\/Randonner-Glacier-2-Alpes-iphone-11-1170x878.jpg 1170w, https:\/\/www.jdroadtrip.tv\/blog\/wp-content\/uploads\/2022\/07\/Randonner-Glacier-2-Alpes-iphone-11-585x439.jpg 585w\" sizes=\"(max-width: 1500px) 100vw, 1500px\" \/>\t\t\t\t\t\t\t\t\t\t\t\t\t\t\t<\/div>\n\t\t\t\t<\/div>\n\t\t\t\t\t<\/div>\n\t\t<\/div>\n\t\t\t\t\t<\/div>\n\t\t<\/section>\n\t\t\t\t<section class=\"elementor-section elementor-top-section elementor-element elementor-element-1f6f615 elementor-section-boxed elementor-section-height-default elementor-section-height-default\" data-id=\"1f6f615\" data-element_type=\"section\">\n\t\t\t\t\t\t<div class=\"elementor-container elementor-column-gap-default\">\n\t\t\t\t\t<div class=\"elementor-column elementor-col-100 elementor-top-column elementor-element elementor-element-17b97de\" data-id=\"17b97de\" data-element_type=\"column\">\n\t\t\t<div class=\"elementor-widget-wrap elementor-element-populated\">\n\t\t\t\t\t\t<div class=\"elementor-element elementor-element-67e76a9 elementor-widget elementor-widget-text-editor\" data-id=\"67e76a9\" data-element_type=\"widget\" data-widget_type=\"text-editor.default\">\n\t\t\t\t<div class=\"elementor-widget-container\">\n\t\t\t\t\t\t\t\t\t<h2 style=\"text-align: justify;\">Test du legging durant une randonn\u00e9e glaciaire<\/h2><p style=\"text-align: justify;\">Je pars <strong><a href=\"https:\/\/www.jdroadtrip.tv\/blog\/randonner-sur-le-glacier-des-2-alpes\/\" target=\"_blank\" rel=\"noopener\">randonner sur le glacier des 2 Alpes<\/a><\/strong>, c&rsquo;est le moment parfait pour tester le <strong>legging de randonn\u00e9e Fjallraven Abisko Tights W. <\/strong>L&rsquo;\u00e9t\u00e9 est particuli\u00e8rement chaud cette ann\u00e9e, donc j&rsquo;ai profit\u00e9 d&rsquo;aller en altitude, \u00e0 3 600m pour faire ce test. Avant de partir sur le glacier, je me suis demand\u00e9 la question si j&rsquo;allais avoir froid ou pas et je n&rsquo;ai jamais ressenti le froid. Je n&rsquo;ai aussi jamais eu trop chaud.<\/p><p style=\"text-align: justify;\">Tout d&rsquo;abord, contrairement \u00e0 celui que je porte l&rsquo;hiver, celui-la est beaucoup plus l\u00e9ger. <strong>Le tissu, en polyester recycl\u00e9,\u00a0est extensible ce qui permet d&rsquo;\u00e9vacuer l\u2019humidit\u00e9.<\/strong>\u00a0Le m\u00eame principe que les tee-shirts techniques. Il est tr\u00e8s agr\u00e9able \u00e0 porter, pas de sensation de transpiration durant l&rsquo;ascension, il est tr\u00e8s confortable et s&rsquo;adapte parfaitement au corps.<\/p><p style=\"text-align: justify;\">Il est taille haute, ce que j&rsquo;appr\u00e9cie sur le legging de randonn\u00e9e Fjallraven, car je suis plus \u00e0 l&rsquo;aise avec un <strong><a href=\"https:\/\/www.jdroadtrip.tv\/blog\/category\/tests-conseils\/sacs-a-dos\/\" target=\"_blank\" rel=\"noopener\">sac dos de randonn\u00e9e<\/a><\/strong> qu&rsquo;on attache autour de la taille. \u00c7a \u00e9vite les frottements sur les hanches. Cela peut vite devenir d\u00e9sagr\u00e9able. Il est possible de r\u00e9gler la taille gr\u00e2ce \u00e0 un cordon \u00e9lastique int\u00e9rieur.\u00a0<\/p><p style=\"text-align: justify;\">Durant cette randonn\u00e9e, j&rsquo;avais des <a href=\"https:\/\/www.jdroadtrip.tv\/blog\/batons-de-trek-guidetti-flashlock-travel-edition\/\" target=\"_blank\" rel=\"noopener\"><strong>b\u00e2tons de marche Guidetti<\/strong><\/a>, en g\u00e9n\u00e9ral, j&rsquo;aime avoir les mains libres pour faire des photos ou attraper ma <strong><a href=\"https:\/\/www.jdroadtrip.tv\/blog\/test-avis-de-la-gourde-filtrante-oko-europe\/\" target=\"_blank\" rel=\"noopener\">gourde filtrante Oko Europe<\/a><\/strong>, mais durant cette ascension, c&rsquo;\u00e9tait d&rsquo;une grande aide. Le legging poss\u00e8de deux poches, une basique et une autre plus s\u00e9curis\u00e9e o\u00f9 je glissais mon t\u00e9l\u00e9phone. Pratique pour le sortir rapidement.\u00a0<\/p><p style=\"text-align: justify;\">J&rsquo;ai h\u00e2te de pouvoir le tester dans d&rsquo;autres situations de randonn\u00e9es ou activit\u00e9s. En tout cas, je suis vraiment ravie de ce\u00a0legging de randonn\u00e9e Fjallraven Abisko Tights\u00a0! <strong><a href=\"https:\/\/www.fjallraven.com\/fr\/fr-fr\/femmes\/pantalons\/collants-de-randonnee\/abisko-tights-w?v=F84773%3a%3a7323450749552\" target=\"_blank\" rel=\"noopener\">Tout savoir sur ce mod\u00e8le Fjallraven.<\/a><\/strong><\/p>\t\t\t\t\t\t\t\t<\/div>\n\t\t\t\t<\/div>\n\t\t\t\t<div class=\"elementor-element elementor-element-5f2ecca elementor-widget elementor-widget-gallery\" data-id=\"5f2ecca\" data-element_type=\"widget\" data-settings=\"{&quot;gallery_layout&quot;:&quot;masonry&quot;,&quot;columns_mobile&quot;:2,&quot;lazyload&quot;:&quot;yes&quot;,&quot;columns&quot;:4,&quot;columns_tablet&quot;:2,&quot;gap&quot;:{&quot;unit&quot;:&quot;px&quot;,&quot;size&quot;:10,&quot;sizes&quot;:[]},&quot;gap_tablet&quot;:{&quot;unit&quot;:&quot;px&quot;,&quot;size&quot;:10,&quot;sizes&quot;:[]},&quot;gap_mobile&quot;:{&quot;unit&quot;:&quot;px&quot;,&quot;size&quot;:10,&quot;sizes&quot;:[]},&quot;link_to&quot;:&quot;file&quot;,&quot;overlay_background&quot;:&quot;yes&quot;,&quot;content_hover_animation&quot;:&quot;fade-in&quot;}\" data-widget_type=\"gallery.default\">\n\t\t\t\t<div class=\"elementor-widget-container\">\n\t\t\t\t\t\t\t<div class=\"elementor-gallery__container\">\n\t\t\t\t\t\t\t<a class=\"e-gallery-item elementor-gallery-item elementor-animated-content\" href=\"https:\/\/www.jdroadtrip.tv\/blog\/wp-content\/uploads\/2022\/07\/Randonner-Glacier-2-Alpes-iphone-9.jpg\" data-elementor-open-lightbox=\"yes\" data-elementor-lightbox-slideshow=\"5f2ecca\" data-elementor-lightbox-title=\"Randonner-Glacier-2-Alpes-iphone-9\" data-e-action-hash=\"#elementor-action%3Aaction%3Dlightbox%26settings%3DeyJpZCI6NTQ4MzIsInVybCI6Imh0dHBzOlwvXC93d3cuamRyb2FkdHJpcC50dlwvYmxvZ1wvd3AtY29udGVudFwvdXBsb2Fkc1wvMjAyMlwvMDdcL1JhbmRvbm5lci1HbGFjaWVyLTItQWxwZXMtaXBob25lLTkuanBnIiwic2xpZGVzaG93IjoiNWYyZWNjYSJ9\">\n\t\t\t\t\t<div class=\"e-gallery-image elementor-gallery-item__image\" data-thumbnail=\"https:\/\/www.jdroadtrip.tv\/blog\/wp-content\/uploads\/2022\/07\/Randonner-Glacier-2-Alpes-iphone-9.jpg\" data-width=\"1500\" data-height=\"2000\" aria-label=\"Randonner sur le glacier des 2 Alpes - La Meije\" role=\"img\" ><\/div>\n\t\t\t\t\t\t\t\t\t\t\t<div class=\"elementor-gallery-item__overlay\"><\/div>\n\t\t\t\t\t\t\t\t\t\t\t\t\t\t<\/a>\n\t\t\t\t\t\t\t<a class=\"e-gallery-item elementor-gallery-item elementor-animated-content\" href=\"https:\/\/www.jdroadtrip.tv\/blog\/wp-content\/uploads\/2022\/07\/Randonner-Glacier-2-Alpes-iphone-2.jpg\" data-elementor-open-lightbox=\"yes\" data-elementor-lightbox-slideshow=\"5f2ecca\" data-elementor-lightbox-title=\"Randonner-Glacier-2-Alpes-iphone-2\" data-e-action-hash=\"#elementor-action%3Aaction%3Dlightbox%26settings%3DeyJpZCI6NTQ4MjYsInVybCI6Imh0dHBzOlwvXC93d3cuamRyb2FkdHJpcC50dlwvYmxvZ1wvd3AtY29udGVudFwvdXBsb2Fkc1wvMjAyMlwvMDdcL1JhbmRvbm5lci1HbGFjaWVyLTItQWxwZXMtaXBob25lLTIuanBnIiwic2xpZGVzaG93IjoiNWYyZWNjYSJ9\">\n\t\t\t\t\t<div class=\"e-gallery-image elementor-gallery-item__image\" data-thumbnail=\"https:\/\/www.jdroadtrip.tv\/blog\/wp-content\/uploads\/2022\/07\/Randonner-Glacier-2-Alpes-iphone-2.jpg\" data-width=\"1500\" data-height=\"2000\" aria-label=\"Randonner sur le glacier des 2 Alpes - Encorder\" role=\"img\" ><\/div>\n\t\t\t\t\t\t\t\t\t\t\t<div class=\"elementor-gallery-item__overlay\"><\/div>\n\t\t\t\t\t\t\t\t\t\t\t\t\t\t<\/a>\n\t\t\t\t\t\t\t<a class=\"e-gallery-item elementor-gallery-item elementor-animated-content\" href=\"https:\/\/www.jdroadtrip.tv\/blog\/wp-content\/uploads\/2022\/07\/Randonner-Glacier-2-Alpes-iphone-5.jpg\" data-elementor-open-lightbox=\"yes\" data-elementor-lightbox-slideshow=\"5f2ecca\" data-elementor-lightbox-title=\"Randonner-Glacier-2-Alpes-iphone-5\" data-e-action-hash=\"#elementor-action%3Aaction%3Dlightbox%26settings%3DeyJpZCI6NTQ4MzAsInVybCI6Imh0dHBzOlwvXC93d3cuamRyb2FkdHJpcC50dlwvYmxvZ1wvd3AtY29udGVudFwvdXBsb2Fkc1wvMjAyMlwvMDdcL1JhbmRvbm5lci1HbGFjaWVyLTItQWxwZXMtaXBob25lLTUuanBnIiwic2xpZGVzaG93IjoiNWYyZWNjYSJ9\">\n\t\t\t\t\t<div class=\"e-gallery-image elementor-gallery-item__image\" data-thumbnail=\"https:\/\/www.jdroadtrip.tv\/blog\/wp-content\/uploads\/2022\/07\/Randonner-Glacier-2-Alpes-iphone-5.jpg\" data-width=\"1500\" data-height=\"2000\" aria-label=\"Randonner sur le glacier des 2 Alpes - La barre des \u00c9crins\" role=\"img\" ><\/div>\n\t\t\t\t\t\t\t\t\t\t\t<div class=\"elementor-gallery-item__overlay\"><\/div>\n\t\t\t\t\t\t\t\t\t\t\t\t\t\t<\/a>\n\t\t\t\t\t\t\t<a class=\"e-gallery-item elementor-gallery-item elementor-animated-content\" href=\"https:\/\/www.jdroadtrip.tv\/blog\/wp-content\/uploads\/2022\/07\/Randonner-Glacier-2-Alpes-iphone-6.jpg\" data-elementor-open-lightbox=\"yes\" data-elementor-lightbox-slideshow=\"5f2ecca\" data-elementor-lightbox-title=\"Randonner-Glacier-2-Alpes-iphone-6\" data-e-action-hash=\"#elementor-action%3Aaction%3Dlightbox%26settings%3DeyJpZCI6NTQ5MDUsInVybCI6Imh0dHBzOlwvXC93d3cuamRyb2FkdHJpcC50dlwvYmxvZ1wvd3AtY29udGVudFwvdXBsb2Fkc1wvMjAyMlwvMDdcL1JhbmRvbm5lci1HbGFjaWVyLTItQWxwZXMtaXBob25lLTYuanBnIiwic2xpZGVzaG93IjoiNWYyZWNjYSJ9\">\n\t\t\t\t\t<div class=\"e-gallery-image elementor-gallery-item__image\" data-thumbnail=\"https:\/\/www.jdroadtrip.tv\/blog\/wp-content\/uploads\/2022\/07\/Randonner-Glacier-2-Alpes-iphone-6.jpg\" data-width=\"1500\" data-height=\"2000\" aria-label=\"legging de randonn\u00e9e Fjallraven Abisko Tights\" role=\"img\" ><\/div>\n\t\t\t\t\t\t\t\t\t\t\t<div class=\"elementor-gallery-item__overlay\"><\/div>\n\t\t\t\t\t\t\t\t\t\t\t\t\t\t<\/a>\n\t\t\t\t\t<\/div>\n\t\t\t\t\t<\/div>\n\t\t\t\t<\/div>\n\t\t\t\t\t<\/div>\n\t\t<\/div>\n\t\t\t\t\t<\/div>\n\t\t<\/section>\n\t\t\t\t<section class=\"elementor-section elementor-top-section elementor-element elementor-element-ea79cb1 elementor-section-boxed elementor-section-height-default elementor-section-height-default\" data-id=\"ea79cb1\" data-element_type=\"section\">\n\t\t\t\t\t\t<div class=\"elementor-container elementor-column-gap-default\">\n\t\t\t\t\t<div class=\"elementor-column elementor-col-100 elementor-top-column elementor-element elementor-element-7e25a0f\" data-id=\"7e25a0f\" data-element_type=\"column\">\n\t\t\t<div class=\"elementor-widget-wrap elementor-element-populated\">\n\t\t\t\t\t\t<div class=\"elementor-element elementor-element-67f264a elementor-widget elementor-widget-text-editor\" data-id=\"67f264a\" data-element_type=\"widget\" data-widget_type=\"text-editor.default\">\n\t\t\t\t<div class=\"elementor-widget-container\">\n\t\t\t\t\t\t\t\t\t<p style=\"text-align: justify;\"><strong>Si vous avez pu tester le legging de randonn\u00e9e Fjallraven Abisko Tights W, n\u2019h\u00e9sitez pas \u00e0 laisser votre avis, il peut int\u00e9resser pleins de personnes et si vous \u00eates une femme qui voyagent et que vous recherchez des informations, rejoignez le groupe Facebook de voyage 100% f\u00e9minin \u2009<a href=\"https:\/\/www.facebook.com\/groups\/Voyageraufeminin\/\" target=\"_blank\" rel=\"noopener noreferrer\">Voyager au f\u00e9minin en sac \u00e0 dos<\/a>\u2009.<\/strong><\/p><p style=\"text-align: center;\"><img decoding=\"async\" class=\"wp-image-54900 aligncenter\" src=\"https:\/\/www.jdroadtrip.tv\/blog\/wp-content\/uploads\/2022\/07\/test-legging-randonnee-fjallraven-abisko-tights-w-pin.jpg\" alt=\"legging de randonn\u00e9e Fjallraven Abisko Tights W\" width=\"400\" height=\"600\" srcset=\"https:\/\/www.jdroadtrip.tv\/blog\/wp-content\/uploads\/2022\/07\/test-legging-randonnee-fjallraven-abisko-tights-w-pin.jpg 564w, https:\/\/www.jdroadtrip.tv\/blog\/wp-content\/uploads\/2022\/07\/test-legging-randonnee-fjallraven-abisko-tights-w-pin-200x300.jpg 200w, https:\/\/www.jdroadtrip.tv\/blog\/wp-content\/uploads\/2022\/07\/test-legging-randonnee-fjallraven-abisko-tights-w-pin-400x600.jpg 400w, https:\/\/www.jdroadtrip.tv\/blog\/wp-content\/uploads\/2022\/07\/test-legging-randonnee-fjallraven-abisko-tights-w-pin-133x200.jpg 133w\" sizes=\"(max-width: 400px) 100vw, 400px\" \/><\/p>\t\t\t\t\t\t\t\t<\/div>\n\t\t\t\t<\/div>\n\t\t\t\t\t<\/div>\n\t\t<\/div>\n\t\t\t\t\t<\/div>\n\t\t<\/section>\n\t\t\t\t<\/div>\n\t\t","protected":false},"excerpt":{"rendered":"<p>Test du legging de randonn\u00e9e Fjallraven Abisko Tights W Apr\u00e8s avoir pu tester un legging Fjallraven d&rsquo;hiver, je teste le nouveau legging de randonn\u00e9e Fjallraven Abisko Tights. Il s&rsquo;agit d&rsquo;une marque su\u00e9doise que j&rsquo;affectionne beaucoup, car une partie des b\u00e9n\u00e9fices des ventes vont \u00e0 l&rsquo;organisme WWF Finlande pour la protection des renards arctiques. \u00c9tant une [&hellip;]<\/p>\n","protected":false},"author":1,"featured_media":54889,"comment_status":"open","ping_status":"open","sticky":false,"template":"","format":"standard","meta":{"ocean_post_layout":"","ocean_both_sidebars_style":"","ocean_both_sidebars_content_width":0,"ocean_both_sidebars_sidebars_width":0,"ocean_sidebar":"","ocean_second_sidebar":"","ocean_disable_margins":"enable","ocean_add_body_class":"","ocean_shortcode_before_top_bar":"","ocean_shortcode_after_top_bar":"","ocean_shortcode_before_header":"","ocean_shortcode_after_header":"","ocean_has_shortcode":"","ocean_shortcode_after_title":"","ocean_shortcode_before_footer_widgets":"","ocean_shortcode_after_footer_widgets":"","ocean_shortcode_before_footer_bottom":"","ocean_shortcode_after_footer_bottom":"","ocean_display_top_bar":"default","ocean_display_header":"default","ocean_header_style":"","ocean_center_header_left_menu":"","ocean_custom_header_template":"","ocean_custom_logo":0,"ocean_custom_retina_logo":0,"ocean_custom_logo_max_width":0,"ocean_custom_logo_tablet_max_width":0,"ocean_custom_logo_mobile_max_width":0,"ocean_custom_logo_max_height":0,"ocean_custom_logo_tablet_max_height":0,"ocean_custom_logo_mobile_max_height":0,"ocean_header_custom_menu":"","ocean_menu_typo_font_family":"","ocean_menu_typo_font_subset":"","ocean_menu_typo_font_size":0,"ocean_menu_typo_font_size_tablet":0,"ocean_menu_typo_font_size_mobile":0,"ocean_menu_typo_font_size_unit":"px","ocean_menu_typo_font_weight":"","ocean_menu_typo_font_weight_tablet":"","ocean_menu_typo_font_weight_mobile":"","ocean_menu_typo_transform":"","ocean_menu_typo_transform_tablet":"","ocean_menu_typo_transform_mobile":"","ocean_menu_typo_line_height":0,"ocean_menu_typo_line_height_tablet":0,"ocean_menu_typo_line_height_mobile":0,"ocean_menu_typo_line_height_unit":"","ocean_menu_typo_spacing":0,"ocean_menu_typo_spacing_tablet":0,"ocean_menu_typo_spacing_mobile":0,"ocean_menu_typo_spacing_unit":"","ocean_menu_link_color":"","ocean_menu_link_color_hover":"","ocean_menu_link_color_active":"","ocean_menu_link_background":"","ocean_menu_link_hover_background":"","ocean_menu_link_active_background":"","ocean_menu_social_links_bg":"","ocean_menu_social_hover_links_bg":"","ocean_menu_social_links_color":"","ocean_menu_social_hover_links_color":"","ocean_disable_title":"default","ocean_disable_heading":"default","ocean_post_title":"","ocean_post_subheading":"","ocean_post_title_style":"","ocean_post_title_background_color":"","ocean_post_title_background":0,"ocean_post_title_bg_image_position":"","ocean_post_title_bg_image_attachment":"","ocean_post_title_bg_image_repeat":"","ocean_post_title_bg_image_size":"","ocean_post_title_height":0,"ocean_post_title_bg_overlay":0.5,"ocean_post_title_bg_overlay_color":"","ocean_disable_breadcrumbs":"default","ocean_breadcrumbs_color":"","ocean_breadcrumbs_separator_color":"","ocean_breadcrumbs_links_color":"","ocean_breadcrumbs_links_hover_color":"","ocean_display_footer_widgets":"default","ocean_display_footer_bottom":"default","ocean_custom_footer_template":"","ocean_post_oembed":"","ocean_post_self_hosted_media":"","ocean_post_video_embed":"","ocean_link_format":"","ocean_link_format_target":"self","ocean_quote_format":"","ocean_quote_format_link":"post","ocean_gallery_link_images":"on","ocean_gallery_id":[],"footnotes":""},"categories":[10507],"tags":[],"table_tags":[],"class_list":["post-54401","post","type-post","status-publish","format-standard","has-post-thumbnail","hentry","category-vetements","entry","has-media"],"yoast_head":"<!-- This site is optimized with the Yoast SEO Premium plugin v25.9 (Yoast SEO v25.9) - https:\/\/yoast.com\/wordpress\/plugins\/seo\/ -->\n<title>Test du legging de randonn\u00e9e Fjallraven Abisko Tights<\/title>\n<meta name=\"description\" content=\"Avis et test du legging de randonn\u00e9e Fjallraven Abisko Tights W durant une randonn\u00e9e glaciaire aux 2 alpes \u00e0 3 600 m d&#039;altitude...\" \/>\n<meta name=\"robots\" content=\"index, follow, max-snippet:-1, max-image-preview:large, max-video-preview:-1\" \/>\n<link rel=\"canonical\" href=\"https:\/\/www.jdroadtrip.tv\/blog\/test-legging-de-randonnee-fjallraven-abisko-tights-w\/\" \/>\n<meta property=\"og:locale\" content=\"fr_FR\" \/>\n<meta property=\"og:type\" content=\"article\" \/>\n<meta property=\"og:title\" content=\"Test du legging de randonn\u00e9e Fjallraven Abisko Tights W\" \/>\n<meta property=\"og:description\" content=\"Avis et test du legging de randonn\u00e9e Fjallraven Abisko Tights W durant une randonn\u00e9e glaciaire aux 2 alpes \u00e0 3 600 m d&#039;altitude...\" \/>\n<meta property=\"og:url\" content=\"https:\/\/www.jdroadtrip.tv\/blog\/test-legging-de-randonnee-fjallraven-abisko-tights-w\/\" \/>\n<meta property=\"og:site_name\" content=\"JDroadtrip - Blog de voyage pour voyager au f\u00e9minin !\" \/>\n<meta property=\"article:publisher\" content=\"https:\/\/www.facebook.com\/JDRoadTrip\" \/>\n<meta property=\"article:author\" content=\"https:\/\/www.facebook.com\/JDroadtrip\" \/>\n<meta property=\"article:published_time\" content=\"2022-07-24T15:24:35+00:00\" \/>\n<meta property=\"article:modified_time\" content=\"2025-07-03T14:44:09+00:00\" \/>\n<meta property=\"og:image\" content=\"https:\/\/www.jdroadtrip.tv\/blog\/wp-content\/uploads\/2022\/07\/test-legging-randonnee-fjallraven-abisko-tights-w.jpg\" \/>\n\t<meta property=\"og:image:width\" content=\"1500\" \/>\n\t<meta property=\"og:image:height\" content=\"996\" \/>\n\t<meta property=\"og:image:type\" content=\"image\/jpeg\" \/>\n<meta name=\"author\" content=\"Jenny Diab\" \/>\n<meta name=\"twitter:card\" content=\"summary_large_image\" \/>\n<meta name=\"twitter:creator\" content=\"@JDroadtrip\" \/>\n<meta name=\"twitter:site\" content=\"@JDroadtrip\" \/>\n<meta name=\"twitter:label1\" content=\"\u00c9crit par\" \/>\n\t<meta name=\"twitter:data1\" content=\"Jenny Diab\" \/>\n\t<meta name=\"twitter:label2\" content=\"Dur\u00e9e de lecture estim\u00e9e\" \/>\n\t<meta name=\"twitter:data2\" content=\"3 minutes\" \/>\n<script type=\"application\/ld+json\" class=\"yoast-schema-graph\">{\"@context\":\"https:\/\/schema.org\",\"@graph\":[{\"@type\":\"Article\",\"@id\":\"https:\/\/www.jdroadtrip.tv\/blog\/test-legging-de-randonnee-fjallraven-abisko-tights-w\/#article\",\"isPartOf\":{\"@id\":\"https:\/\/www.jdroadtrip.tv\/blog\/test-legging-de-randonnee-fjallraven-abisko-tights-w\/\"},\"author\":{\"name\":\"Jenny Diab\",\"@id\":\"https:\/\/www.jdroadtrip.tv\/blog\/#\/schema\/person\/d204bfc7d00ba74276391d8e42b58a3e\"},\"headline\":\"Test du legging de randonn\u00e9e Fjallraven Abisko Tights W\",\"datePublished\":\"2022-07-24T15:24:35+00:00\",\"dateModified\":\"2025-07-03T14:44:09+00:00\",\"mainEntityOfPage\":{\"@id\":\"https:\/\/www.jdroadtrip.tv\/blog\/test-legging-de-randonnee-fjallraven-abisko-tights-w\/\"},\"wordCount\":531,\"commentCount\":0,\"publisher\":{\"@id\":\"https:\/\/www.jdroadtrip.tv\/blog\/#organization\"},\"image\":{\"@id\":\"https:\/\/www.jdroadtrip.tv\/blog\/test-legging-de-randonnee-fjallraven-abisko-tights-w\/#primaryimage\"},\"thumbnailUrl\":\"https:\/\/www.jdroadtrip.tv\/blog\/wp-content\/uploads\/2022\/07\/test-legging-randonnee-fjallraven-abisko-tights-w.jpg\",\"articleSection\":[\"V\u00eatements\"],\"inLanguage\":\"fr-FR\",\"potentialAction\":[{\"@type\":\"CommentAction\",\"name\":\"Comment\",\"target\":[\"https:\/\/www.jdroadtrip.tv\/blog\/test-legging-de-randonnee-fjallraven-abisko-tights-w\/#respond\"]}]},{\"@type\":\"WebPage\",\"@id\":\"https:\/\/www.jdroadtrip.tv\/blog\/test-legging-de-randonnee-fjallraven-abisko-tights-w\/\",\"url\":\"https:\/\/www.jdroadtrip.tv\/blog\/test-legging-de-randonnee-fjallraven-abisko-tights-w\/\",\"name\":\"Test du legging de randonn\u00e9e Fjallraven Abisko Tights\",\"isPartOf\":{\"@id\":\"https:\/\/www.jdroadtrip.tv\/blog\/#website\"},\"primaryImageOfPage\":{\"@id\":\"https:\/\/www.jdroadtrip.tv\/blog\/test-legging-de-randonnee-fjallraven-abisko-tights-w\/#primaryimage\"},\"image\":{\"@id\":\"https:\/\/www.jdroadtrip.tv\/blog\/test-legging-de-randonnee-fjallraven-abisko-tights-w\/#primaryimage\"},\"thumbnailUrl\":\"https:\/\/www.jdroadtrip.tv\/blog\/wp-content\/uploads\/2022\/07\/test-legging-randonnee-fjallraven-abisko-tights-w.jpg\",\"datePublished\":\"2022-07-24T15:24:35+00:00\",\"dateModified\":\"2025-07-03T14:44:09+00:00\",\"description\":\"Avis et test du legging de randonn\u00e9e Fjallraven Abisko Tights W durant une randonn\u00e9e glaciaire aux 2 alpes \u00e0 3 600 m d'altitude...\",\"breadcrumb\":{\"@id\":\"https:\/\/www.jdroadtrip.tv\/blog\/test-legging-de-randonnee-fjallraven-abisko-tights-w\/#breadcrumb\"},\"inLanguage\":\"fr-FR\",\"potentialAction\":[{\"@type\":\"ReadAction\",\"target\":[\"https:\/\/www.jdroadtrip.tv\/blog\/test-legging-de-randonnee-fjallraven-abisko-tights-w\/\"]}]},{\"@type\":\"ImageObject\",\"inLanguage\":\"fr-FR\",\"@id\":\"https:\/\/www.jdroadtrip.tv\/blog\/test-legging-de-randonnee-fjallraven-abisko-tights-w\/#primaryimage\",\"url\":\"https:\/\/www.jdroadtrip.tv\/blog\/wp-content\/uploads\/2022\/07\/test-legging-randonnee-fjallraven-abisko-tights-w.jpg\",\"contentUrl\":\"https:\/\/www.jdroadtrip.tv\/blog\/wp-content\/uploads\/2022\/07\/test-legging-randonnee-fjallraven-abisko-tights-w.jpg\",\"width\":1500,\"height\":996},{\"@type\":\"BreadcrumbList\",\"@id\":\"https:\/\/www.jdroadtrip.tv\/blog\/test-legging-de-randonnee-fjallraven-abisko-tights-w\/#breadcrumb\",\"itemListElement\":[{\"@type\":\"ListItem\",\"position\":1,\"name\":\"Accueil\",\"item\":\"https:\/\/www.jdroadtrip.tv\/blog\/\"},{\"@type\":\"ListItem\",\"position\":2,\"name\":\"Test du legging de randonn\u00e9e Fjallraven Abisko Tights W\"}]},{\"@type\":\"WebSite\",\"@id\":\"https:\/\/www.jdroadtrip.tv\/blog\/#website\",\"url\":\"https:\/\/www.jdroadtrip.tv\/blog\/\",\"name\":\"JDroadtrip - Blog de voyage au f\u00e9minin : Outdoor, Trek, Slow travel\",\"description\":\"M\u00e9dia pour voyager au f\u00e9minin\",\"publisher\":{\"@id\":\"https:\/\/www.jdroadtrip.tv\/blog\/#organization\"},\"alternateName\":\"JDroadtrip - Voyager au f\u00e9minin\",\"potentialAction\":[{\"@type\":\"SearchAction\",\"target\":{\"@type\":\"EntryPoint\",\"urlTemplate\":\"https:\/\/www.jdroadtrip.tv\/blog\/?s={search_term_string}\"},\"query-input\":{\"@type\":\"PropertyValueSpecification\",\"valueRequired\":true,\"valueName\":\"search_term_string\"}}],\"inLanguage\":\"fr-FR\"},{\"@type\":\"Organization\",\"@id\":\"https:\/\/www.jdroadtrip.tv\/blog\/#organization\",\"name\":\"JDroadtrip - Blog de voyage pour voyager au f\u00e9minin !\",\"alternateName\":\"JDroadtrip - Voyager au f\u00e9minin\",\"url\":\"https:\/\/www.jdroadtrip.tv\/blog\/\",\"logo\":{\"@type\":\"ImageObject\",\"inLanguage\":\"fr-FR\",\"@id\":\"https:\/\/www.jdroadtrip.tv\/blog\/#\/schema\/logo\/image\/\",\"url\":\"https:\/\/www.jdroadtrip.tv\/blog\/wp-content\/uploads\/2023\/08\/Logo-HD-petit.png\",\"contentUrl\":\"https:\/\/www.jdroadtrip.tv\/blog\/wp-content\/uploads\/2023\/08\/Logo-HD-petit.png\",\"width\":300,\"height\":300,\"caption\":\"JDroadtrip - Blog de voyage pour voyager au f\u00e9minin !\"},\"image\":{\"@id\":\"https:\/\/www.jdroadtrip.tv\/blog\/#\/schema\/logo\/image\/\"},\"sameAs\":[\"https:\/\/www.facebook.com\/JDRoadTrip\",\"https:\/\/x.com\/JDroadtrip\",\"https:\/\/instagram.com\/jdroadtrip\/\",\"http:\/\/www.linkedin.com\/in\/jennydiab\",\"https:\/\/www.pinterest.fr\/jdroadtrip\/\",\"https:\/\/www.youtube.com\/channel\/UCerVm4aMyTj9AxDDWmSx9_g\"],\"description\":\"Blog de voyage pour les femmes qui voyagent \u00e0 travers le monde.\",\"email\":\"contact@jdroadtrip.tv\",\"legalName\":\"Jenny Diab\",\"numberOfEmployees\":{\"@type\":\"QuantitativeValue\",\"minValue\":\"1\",\"maxValue\":\"10\"}},{\"@type\":\"Person\",\"@id\":\"https:\/\/www.jdroadtrip.tv\/blog\/#\/schema\/person\/d204bfc7d00ba74276391d8e42b58a3e\",\"name\":\"Jenny Diab\",\"image\":{\"@type\":\"ImageObject\",\"inLanguage\":\"fr-FR\",\"@id\":\"https:\/\/www.jdroadtrip.tv\/blog\/#\/schema\/person\/image\/\",\"url\":\"https:\/\/secure.gravatar.com\/avatar\/8c20b0655fdafee9c0df649069a458b1bde697487be3b0da4df8754f3de7042c?s=96&d=mm&r=g\",\"contentUrl\":\"https:\/\/secure.gravatar.com\/avatar\/8c20b0655fdafee9c0df649069a458b1bde697487be3b0da4df8754f3de7042c?s=96&d=mm&r=g\",\"caption\":\"Jenny Diab\"},\"description\":\"Cr\u00e9atrice du blog JDroadtrip.tv, je voyage seule \u00e0 travers le monde et je partage mes exp\u00e9riences de voyageuse solo. \u00c0 travers ce blog, je vous invite \u00e0 d\u00e9couvrir un maximum de bons plans et astuces (h\u00e9bergements, activit\u00e9s, restaurants, transports \u2026) pour pr\u00e9parer au mieux vos futurs voyages. Si vous \u00eates une fille qui voyage \u00e0 travers le monde, rejoignez la communaut\u00e9 Voyager au f\u00e9minin et si vous avez des questions, n'h\u00e9sitez pas \u00e0 \u00e0 me contacter. D\u00c9COUVREZ QUI SUIS-JE.\",\"sameAs\":[\"https:\/\/www.jdroadtrip.tv\",\"https:\/\/www.facebook.com\/JDroadtrip\",\"https:\/\/www.instagram.com\/jdroadtrip\/\",\"https:\/\/www.linkedin.com\/in\/jennydiab\",\"https:\/\/www.pinterest.com\/Jdroadtrip\",\"https:\/\/x.com\/JDroadtrip\"],\"url\":\"https:\/\/www.jdroadtrip.tv\/blog\/author\/jd\/\"}]}<\/script>\n<!-- \/ Yoast SEO Premium plugin. -->","yoast_head_json":{"title":"Test du legging de randonn\u00e9e Fjallraven Abisko Tights","description":"Avis et test du legging de randonn\u00e9e Fjallraven Abisko Tights W durant une randonn\u00e9e glaciaire aux 2 alpes \u00e0 3 600 m d'altitude...","robots":{"index":"index","follow":"follow","max-snippet":"max-snippet:-1","max-image-preview":"max-image-preview:large","max-video-preview":"max-video-preview:-1"},"canonical":"https:\/\/www.jdroadtrip.tv\/blog\/test-legging-de-randonnee-fjallraven-abisko-tights-w\/","og_locale":"fr_FR","og_type":"article","og_title":"Test du legging de randonn\u00e9e Fjallraven Abisko Tights W","og_description":"Avis et test du legging de randonn\u00e9e Fjallraven Abisko Tights W durant une randonn\u00e9e glaciaire aux 2 alpes \u00e0 3 600 m d'altitude...","og_url":"https:\/\/www.jdroadtrip.tv\/blog\/test-legging-de-randonnee-fjallraven-abisko-tights-w\/","og_site_name":"JDroadtrip - Blog de voyage pour voyager au f\u00e9minin !","article_publisher":"https:\/\/www.facebook.com\/JDRoadTrip","article_author":"https:\/\/www.facebook.com\/JDroadtrip","article_published_time":"2022-07-24T15:24:35+00:00","article_modified_time":"2025-07-03T14:44:09+00:00","og_image":[{"width":1500,"height":996,"url":"https:\/\/www.jdroadtrip.tv\/blog\/wp-content\/uploads\/2022\/07\/test-legging-randonnee-fjallraven-abisko-tights-w.jpg","type":"image\/jpeg"}],"author":"Jenny Diab","twitter_card":"summary_large_image","twitter_creator":"@JDroadtrip","twitter_site":"@JDroadtrip","twitter_misc":{"\u00c9crit par":"Jenny Diab","Dur\u00e9e de lecture estim\u00e9e":"3 minutes"},"schema":{"@context":"https:\/\/schema.org","@graph":[{"@type":"Article","@id":"https:\/\/www.jdroadtrip.tv\/blog\/test-legging-de-randonnee-fjallraven-abisko-tights-w\/#article","isPartOf":{"@id":"https:\/\/www.jdroadtrip.tv\/blog\/test-legging-de-randonnee-fjallraven-abisko-tights-w\/"},"author":{"name":"Jenny Diab","@id":"https:\/\/www.jdroadtrip.tv\/blog\/#\/schema\/person\/d204bfc7d00ba74276391d8e42b58a3e"},"headline":"Test du legging de randonn\u00e9e Fjallraven Abisko Tights W","datePublished":"2022-07-24T15:24:35+00:00","dateModified":"2025-07-03T14:44:09+00:00","mainEntityOfPage":{"@id":"https:\/\/www.jdroadtrip.tv\/blog\/test-legging-de-randonnee-fjallraven-abisko-tights-w\/"},"wordCount":531,"commentCount":0,"publisher":{"@id":"https:\/\/www.jdroadtrip.tv\/blog\/#organization"},"image":{"@id":"https:\/\/www.jdroadtrip.tv\/blog\/test-legging-de-randonnee-fjallraven-abisko-tights-w\/#primaryimage"},"thumbnailUrl":"https:\/\/www.jdroadtrip.tv\/blog\/wp-content\/uploads\/2022\/07\/test-legging-randonnee-fjallraven-abisko-tights-w.jpg","articleSection":["V\u00eatements"],"inLanguage":"fr-FR","potentialAction":[{"@type":"CommentAction","name":"Comment","target":["https:\/\/www.jdroadtrip.tv\/blog\/test-legging-de-randonnee-fjallraven-abisko-tights-w\/#respond"]}]},{"@type":"WebPage","@id":"https:\/\/www.jdroadtrip.tv\/blog\/test-legging-de-randonnee-fjallraven-abisko-tights-w\/","url":"https:\/\/www.jdroadtrip.tv\/blog\/test-legging-de-randonnee-fjallraven-abisko-tights-w\/","name":"Test du legging de randonn\u00e9e Fjallraven Abisko Tights","isPartOf":{"@id":"https:\/\/www.jdroadtrip.tv\/blog\/#website"},"primaryImageOfPage":{"@id":"https:\/\/www.jdroadtrip.tv\/blog\/test-legging-de-randonnee-fjallraven-abisko-tights-w\/#primaryimage"},"image":{"@id":"https:\/\/www.jdroadtrip.tv\/blog\/test-legging-de-randonnee-fjallraven-abisko-tights-w\/#primaryimage"},"thumbnailUrl":"https:\/\/www.jdroadtrip.tv\/blog\/wp-content\/uploads\/2022\/07\/test-legging-randonnee-fjallraven-abisko-tights-w.jpg","datePublished":"2022-07-24T15:24:35+00:00","dateModified":"2025-07-03T14:44:09+00:00","description":"Avis et test du legging de randonn\u00e9e Fjallraven Abisko Tights W durant une randonn\u00e9e glaciaire aux 2 alpes \u00e0 3 600 m d'altitude...","breadcrumb":{"@id":"https:\/\/www.jdroadtrip.tv\/blog\/test-legging-de-randonnee-fjallraven-abisko-tights-w\/#breadcrumb"},"inLanguage":"fr-FR","potentialAction":[{"@type":"ReadAction","target":["https:\/\/www.jdroadtrip.tv\/blog\/test-legging-de-randonnee-fjallraven-abisko-tights-w\/"]}]},{"@type":"ImageObject","inLanguage":"fr-FR","@id":"https:\/\/www.jdroadtrip.tv\/blog\/test-legging-de-randonnee-fjallraven-abisko-tights-w\/#primaryimage","url":"https:\/\/www.jdroadtrip.tv\/blog\/wp-content\/uploads\/2022\/07\/test-legging-randonnee-fjallraven-abisko-tights-w.jpg","contentUrl":"https:\/\/www.jdroadtrip.tv\/blog\/wp-content\/uploads\/2022\/07\/test-legging-randonnee-fjallraven-abisko-tights-w.jpg","width":1500,"height":996},{"@type":"BreadcrumbList","@id":"https:\/\/www.jdroadtrip.tv\/blog\/test-legging-de-randonnee-fjallraven-abisko-tights-w\/#breadcrumb","itemListElement":[{"@type":"ListItem","position":1,"name":"Accueil","item":"https:\/\/www.jdroadtrip.tv\/blog\/"},{"@type":"ListItem","position":2,"name":"Test du legging de randonn\u00e9e Fjallraven Abisko Tights W"}]},{"@type":"WebSite","@id":"https:\/\/www.jdroadtrip.tv\/blog\/#website","url":"https:\/\/www.jdroadtrip.tv\/blog\/","name":"JDroadtrip - Blog de voyage au f\u00e9minin : Outdoor, Trek, Slow travel","description":"M\u00e9dia pour voyager au f\u00e9minin","publisher":{"@id":"https:\/\/www.jdroadtrip.tv\/blog\/#organization"},"alternateName":"JDroadtrip - Voyager au f\u00e9minin","potentialAction":[{"@type":"SearchAction","target":{"@type":"EntryPoint","urlTemplate":"https:\/\/www.jdroadtrip.tv\/blog\/?s={search_term_string}"},"query-input":{"@type":"PropertyValueSpecification","valueRequired":true,"valueName":"search_term_string"}}],"inLanguage":"fr-FR"},{"@type":"Organization","@id":"https:\/\/www.jdroadtrip.tv\/blog\/#organization","name":"JDroadtrip - Blog de voyage pour voyager au f\u00e9minin !","alternateName":"JDroadtrip - Voyager au f\u00e9minin","url":"https:\/\/www.jdroadtrip.tv\/blog\/","logo":{"@type":"ImageObject","inLanguage":"fr-FR","@id":"https:\/\/www.jdroadtrip.tv\/blog\/#\/schema\/logo\/image\/","url":"https:\/\/www.jdroadtrip.tv\/blog\/wp-content\/uploads\/2023\/08\/Logo-HD-petit.png","contentUrl":"https:\/\/www.jdroadtrip.tv\/blog\/wp-content\/uploads\/2023\/08\/Logo-HD-petit.png","width":300,"height":300,"caption":"JDroadtrip - Blog de voyage pour voyager au f\u00e9minin !"},"image":{"@id":"https:\/\/www.jdroadtrip.tv\/blog\/#\/schema\/logo\/image\/"},"sameAs":["https:\/\/www.facebook.com\/JDRoadTrip","https:\/\/x.com\/JDroadtrip","https:\/\/instagram.com\/jdroadtrip\/","http:\/\/www.linkedin.com\/in\/jennydiab","https:\/\/www.pinterest.fr\/jdroadtrip\/","https:\/\/www.youtube.com\/channel\/UCerVm4aMyTj9AxDDWmSx9_g"],"description":"Blog de voyage pour les femmes qui voyagent \u00e0 travers le monde.","email":"contact@jdroadtrip.tv","legalName":"Jenny Diab","numberOfEmployees":{"@type":"QuantitativeValue","minValue":"1","maxValue":"10"}},{"@type":"Person","@id":"https:\/\/www.jdroadtrip.tv\/blog\/#\/schema\/person\/d204bfc7d00ba74276391d8e42b58a3e","name":"Jenny Diab","image":{"@type":"ImageObject","inLanguage":"fr-FR","@id":"https:\/\/www.jdroadtrip.tv\/blog\/#\/schema\/person\/image\/","url":"https:\/\/secure.gravatar.com\/avatar\/8c20b0655fdafee9c0df649069a458b1bde697487be3b0da4df8754f3de7042c?s=96&d=mm&r=g","contentUrl":"https:\/\/secure.gravatar.com\/avatar\/8c20b0655fdafee9c0df649069a458b1bde697487be3b0da4df8754f3de7042c?s=96&d=mm&r=g","caption":"Jenny Diab"},"description":"Cr\u00e9atrice du blog JDroadtrip.tv, je voyage seule \u00e0 travers le monde et je partage mes exp\u00e9riences de voyageuse solo. \u00c0 travers ce blog, je vous invite \u00e0 d\u00e9couvrir un maximum de bons plans et astuces (h\u00e9bergements, activit\u00e9s, restaurants, transports \u2026) pour pr\u00e9parer au mieux vos futurs voyages. Si vous \u00eates une fille qui voyage \u00e0 travers le monde, rejoignez la communaut\u00e9 Voyager au f\u00e9minin et si vous avez des questions, n'h\u00e9sitez pas \u00e0 \u00e0 me contacter. D\u00c9COUVREZ QUI SUIS-JE.","sameAs":["https:\/\/www.jdroadtrip.tv","https:\/\/www.facebook.com\/JDroadtrip","https:\/\/www.instagram.com\/jdroadtrip\/","https:\/\/www.linkedin.com\/in\/jennydiab","https:\/\/www.pinterest.com\/Jdroadtrip","https:\/\/x.com\/JDroadtrip"],"url":"https:\/\/www.jdroadtrip.tv\/blog\/author\/jd\/"}]}},"_links":{"self":[{"href":"https:\/\/www.jdroadtrip.tv\/blog\/wp-json\/wp\/v2\/posts\/54401","targetHints":{"allow":["GET"]}}],"collection":[{"href":"https:\/\/www.jdroadtrip.tv\/blog\/wp-json\/wp\/v2\/posts"}],"about":[{"href":"https:\/\/www.jdroadtrip.tv\/blog\/wp-json\/wp\/v2\/types\/post"}],"author":[{"embeddable":true,"href":"https:\/\/www.jdroadtrip.tv\/blog\/wp-json\/wp\/v2\/users\/1"}],"replies":[{"embeddable":true,"href":"https:\/\/www.jdroadtrip.tv\/blog\/wp-json\/wp\/v2\/comments?post=54401"}],"version-history":[{"count":0,"href":"https:\/\/www.jdroadtrip.tv\/blog\/wp-json\/wp\/v2\/posts\/54401\/revisions"}],"wp:featuredmedia":[{"embeddable":true,"href":"https:\/\/www.jdroadtrip.tv\/blog\/wp-json\/wp\/v2\/media\/54889"}],"wp:attachment":[{"href":"https:\/\/www.jdroadtrip.tv\/blog\/wp-json\/wp\/v2\/media?parent=54401"}],"wp:term":[{"taxonomy":"category","embeddable":true,"href":"https:\/\/www.jdroadtrip.tv\/blog\/wp-json\/wp\/v2\/categories?post=54401"},{"taxonomy":"post_tag","embeddable":true,"href":"https:\/\/www.jdroadtrip.tv\/blog\/wp-json\/wp\/v2\/tags?post=54401"},{"taxonomy":"table_tags","embeddable":true,"href":"https:\/\/www.jdroadtrip.tv\/blog\/wp-json\/wp\/v2\/table_tags?post=54401"}],"curies":[{"name":"wp","href":"https:\/\/api.w.org\/{rel}","templated":true}]}}