{"id":50946,"date":"2022-10-06T14:58:25","date_gmt":"2022-10-06T13:58:25","guid":{"rendered":"https:\/\/www.jdroadtrip.tv\/blog\/?p=50946"},"modified":"2025-08-07T07:45:02","modified_gmt":"2025-08-07T06:45:02","slug":"conseils-alsace-a-velo-durant-3-jours","status":"publish","type":"post","link":"https:\/\/www.jdroadtrip.tv\/blog\/conseils-alsace-a-velo-durant-3-jours\/","title":{"rendered":"Conseils pour faire l&rsquo;Alsace \u00e0 v\u00e9lo durant 3 jours"},"content":{"rendered":"\t\t<div data-elementor-type=\"wp-post\" data-elementor-id=\"50946\" class=\"elementor elementor-50946\" data-elementor-post-type=\"post\">\n\t\t\t\t\t\t<section class=\"elementor-section elementor-top-section elementor-element elementor-element-02a0f42 elementor-section-boxed elementor-section-height-default elementor-section-height-default\" data-id=\"02a0f42\" data-element_type=\"section\">\n\t\t\t\t\t\t<div class=\"elementor-container elementor-column-gap-default\">\n\t\t\t\t\t<div class=\"elementor-column elementor-col-100 elementor-top-column elementor-element elementor-element-515e4af\" data-id=\"515e4af\" data-element_type=\"column\">\n\t\t\t<div class=\"elementor-widget-wrap elementor-element-populated\">\n\t\t\t\t\t\t<div class=\"elementor-element elementor-element-a368354 elementor-widget elementor-widget-text-editor\" data-id=\"a368354\" data-element_type=\"widget\" data-widget_type=\"text-editor.default\">\n\t\t\t\t<div class=\"elementor-widget-container\">\n\t\t\t\t\t\t\t\t\t<p style=\"text-align: justify;\"><em><span style=\"font-size: 18pt;\"><strong>Pendant 3 jours, j&rsquo;ai d\u00e9couvert une petite partie de l&rsquo;Alsace \u00e0 v\u00e9lo<\/strong>. L&rsquo;Alsace est une destination phare pour les cyclistes, car tout est parfaitement am\u00e9nager. Il s&rsquo;agit d&rsquo;une destination riche de 2 500 kilom\u00e8tres qui croise 3 EuroVelo, l&rsquo;EuroVelo 5, l&rsquo;EuroVelo 6 et l&rsquo;EuroVelo 15 et qui offre d&rsquo;innombrables variantes qui vous permettent de visiter les petits villages alsaciens. J&rsquo;ai eu l&rsquo;occasion de faire plusieurs itin\u00e9raires \u00e0 v\u00e9lo comme la <strong><a href=\"https:\/\/www.jdroadtrip.tv\/blog\/conseils-faire-la-loire-a-velo-en-5-jours\/\" target=\"_blank\" rel=\"noopener\">Loire \u00e0 v\u00e9lo en 5 jours<\/a><\/strong>, le\u00a0<strong><a href=\"https:\/\/www.jdroadtrip.tv\/blog\/conseils-infos-faire-canal-du-midi-a-velo-6-jours\/\" target=\"_blank\" rel=\"noopener\">Canal du midi \u00e0 v\u00e9lo<\/a><\/strong> en 6 jours, la <strong><a href=\"https:\/\/www.jdroadtrip.tv\/blog\/passa-pais-a-velo-voie-verte-lherault-tarn-bedarieux-mazamet\/\" target=\"_blank\" rel=\"noopener\">voie verte Passa Pa\u00efs,<\/a><\/strong> la <a href=\"https:\/\/www.jdroadtrip.tv\/blog\/itineraire-veloscenie-a-velo\/\" target=\"_blank\" rel=\"noopener\"><b>V\u00e9losc\u00e9nie<\/b><\/a>, le <strong><a href=\"https:\/\/www.jdroadtrip.tv\/blog\/itineraire-canal-des-2-mers-a-velo\/\" target=\"_blank\" rel=\"noopener\">Canal des 2 mers \u00e0 v\u00e9lo<\/a><\/strong>\u2026\u00a0Je n&rsquo;ai pas fait l&rsquo;itin\u00e9raire en entier, car il me faudrait plusieurs semaines, mais voici les 3 \u00e9tapes que j&rsquo;ai parcourues :<\/span><\/em><\/p><ul style=\"text-align: justify;\"><li><em><span style=\"font-size: 18pt;\">1\u00e9re \u00e9tape :\u00a0\u00a0Strasbourg &gt; Gertwiller<\/span><\/em><\/li><li><em><span style=\"font-size: 18pt;\">2e \u00e9tape : Gertwiller &gt; Colmar<\/span><\/em><\/li><li><em><span style=\"font-size: 18pt;\">3e \u00e9tape : Colmar &gt; Diebolsheim<\/span><\/em><\/li><\/ul><p style=\"text-align: justify;\"><em><span style=\"font-size: 18pt;\">Dans cet article, je vous partage les lieux \u00e0 d\u00e9couvrir, les villages alsaciens \u00e0 visiter ainsi que les h\u00e9bergements et les bonnes adresses o\u00f9 manger \u00ab\u00a0Accueil v\u00e9lo\u00a0\u00bb. Cette fois, je ne suis pas partie seule, nous \u00e9tions trois nanas. L&rsquo;Alsace \u00e0 v\u00e9lo se fait parfaitement en solo, \u00e0 deux, entre amis ou en famille.<\/span><\/em><\/p>\t\t\t\t\t\t\t\t<\/div>\n\t\t\t\t<\/div>\n\t\t\t\t<div class=\"elementor-element elementor-element-563e11f elementor-widget elementor-widget-image\" data-id=\"563e11f\" data-element_type=\"widget\" data-widget_type=\"image.default\">\n\t\t\t\t<div class=\"elementor-widget-container\">\n\t\t\t\t\t\t\t\t\t\t\t\t\t\t\t<img fetchpriority=\"high\" decoding=\"async\" width=\"1500\" height=\"1000\" src=\"https:\/\/www.jdroadtrip.tv\/blog\/wp-content\/uploads\/2021\/10\/Alsace-a-velo-58.jpg\" class=\"attachment-full size-full wp-image-51730\" alt=\"Alsace \u00e0 v\u00e9lo\" srcset=\"https:\/\/www.jdroadtrip.tv\/blog\/wp-content\/uploads\/2021\/10\/Alsace-a-velo-58.jpg 1500w, https:\/\/www.jdroadtrip.tv\/blog\/wp-content\/uploads\/2021\/10\/Alsace-a-velo-58-300x200.jpg 300w, https:\/\/www.jdroadtrip.tv\/blog\/wp-content\/uploads\/2021\/10\/Alsace-a-velo-58-800x533.jpg 800w, https:\/\/www.jdroadtrip.tv\/blog\/wp-content\/uploads\/2021\/10\/Alsace-a-velo-58-250x167.jpg 250w, https:\/\/www.jdroadtrip.tv\/blog\/wp-content\/uploads\/2021\/10\/Alsace-a-velo-58-768x512.jpg 768w, https:\/\/www.jdroadtrip.tv\/blog\/wp-content\/uploads\/2021\/10\/Alsace-a-velo-58-1170x780.jpg 1170w, https:\/\/www.jdroadtrip.tv\/blog\/wp-content\/uploads\/2021\/10\/Alsace-a-velo-58-585x390.jpg 585w, https:\/\/www.jdroadtrip.tv\/blog\/wp-content\/uploads\/2021\/10\/Alsace-a-velo-58-263x175.jpg 263w\" sizes=\"(max-width: 1500px) 100vw, 1500px\" \/>\t\t\t\t\t\t\t\t\t\t\t\t\t\t\t<\/div>\n\t\t\t\t<\/div>\n\t\t\t\t\t<\/div>\n\t\t<\/div>\n\t\t\t\t\t<\/div>\n\t\t<\/section>\n\t\t\t\t<section class=\"elementor-section elementor-top-section elementor-element elementor-element-89d4c0d elementor-section-boxed elementor-section-height-default elementor-section-height-default\" data-id=\"89d4c0d\" data-element_type=\"section\">\n\t\t\t\t\t\t<div class=\"elementor-container elementor-column-gap-default\">\n\t\t\t\t\t<div class=\"elementor-column elementor-col-100 elementor-top-column elementor-element elementor-element-6292b54\" data-id=\"6292b54\" data-element_type=\"column\">\n\t\t\t<div class=\"elementor-widget-wrap elementor-element-populated\">\n\t\t\t\t\t\t<section class=\"elementor-section elementor-inner-section elementor-element elementor-element-bd1606f elementor-section-boxed elementor-section-height-default elementor-section-height-default\" data-id=\"bd1606f\" data-element_type=\"section\">\n\t\t\t\t\t\t<div class=\"elementor-container elementor-column-gap-default\">\n\t\t\t\t\t<div class=\"elementor-column elementor-col-50 elementor-inner-column elementor-element elementor-element-82d7b11\" data-id=\"82d7b11\" data-element_type=\"column\">\n\t\t\t<div class=\"elementor-widget-wrap elementor-element-populated\">\n\t\t\t\t\t\t<div class=\"elementor-element elementor-element-4bee895 elementor-widget elementor-widget-text-editor\" data-id=\"4bee895\" data-element_type=\"widget\" data-widget_type=\"text-editor.default\">\n\t\t\t\t<div class=\"elementor-widget-container\">\n\t\t\t\t\t\t\t\t\t<h2 style=\"text-align: justify;\">Conseils pour faire l&rsquo;Alsace \u00e0 v\u00e9lo<\/h2><h3 style=\"text-align: justify;\">\u00c9tat du chemin et balisage<\/h3><p style=\"text-align: justify;\">Tout est super bien balis\u00e9 et l&rsquo;\u00e9tat du chemin est parfait sur l&rsquo;Alsace \u00e0 v\u00e9lo. <strong>Peu importe la variante que vous emprunter, le balisage est top gr\u00e2ce aux panneaux ultra pr\u00e9sents.<\/strong> Vous pouvez prendre un v\u00e9lo classique, un VTT ou un VAE.<\/p><p style=\"text-align: justify;\">Vous avez plusieurs types de voies en Alsace. Des voies avec et sans les voitures :<\/p><ul style=\"text-align: justify;\"><li>Piste cyclable, r\u00e9serv\u00e9e exclusivement aux v\u00e9los.<\/li><li>Voie verte, r\u00e9serv\u00e9e exclusivement aux v\u00e9hicules non motoris\u00e9s (cyclistes, pi\u00e9tons, cavaliers, rollers\u2026).<\/li><li>Voies partag\u00e9es que vous retrouverez souvent \u00e0 l\u2019approche d\u2019une ville ou d\u2019un village.<\/li><\/ul><h3 style=\"text-align: justify;\">En solo<\/h3><p style=\"text-align: justify;\">M\u00eame si je n&rsquo;\u00e9tais pas seule durant ce voyage, cela se fait sans probl\u00e8me.<\/p><h3 style=\"text-align: justify;\">Avec des enfants<\/h3><p style=\"text-align: justify;\">Les routes sont en bon \u00e9tat, j&rsquo;ai crois\u00e9 plusieurs familles o\u00f9 les enfants avaient leur propre v\u00e9lo ou \u00e9taient dans une charrette. On partage par moment la route mais tout est bien balis\u00e9 avec des voies pour les v\u00e9los.<\/p>\t\t\t\t\t\t\t\t<\/div>\n\t\t\t\t<\/div>\n\t\t\t\t\t<\/div>\n\t\t<\/div>\n\t\t\t\t<div class=\"elementor-column elementor-col-50 elementor-inner-column elementor-element elementor-element-41c2fa4\" data-id=\"41c2fa4\" data-element_type=\"column\">\n\t\t\t<div class=\"elementor-widget-wrap elementor-element-populated\">\n\t\t\t\t\t\t<div class=\"elementor-element elementor-element-3647b00 elementor-widget elementor-widget-image\" data-id=\"3647b00\" data-element_type=\"widget\" data-widget_type=\"image.default\">\n\t\t\t\t<div class=\"elementor-widget-container\">\n\t\t\t\t\t\t\t\t\t\t\t\t\t\t\t<img decoding=\"async\" width=\"419\" height=\"690\" src=\"https:\/\/www.jdroadtrip.tv\/blog\/wp-content\/uploads\/2021\/10\/Alsace-a-velo-guide.jpeg\" class=\"attachment-medium_large size-medium_large wp-image-51722\" alt=\"Alsace \u00e0 v\u00e9lo - Guide\" srcset=\"https:\/\/www.jdroadtrip.tv\/blog\/wp-content\/uploads\/2021\/10\/Alsace-a-velo-guide.jpeg 419w, https:\/\/www.jdroadtrip.tv\/blog\/wp-content\/uploads\/2021\/10\/Alsace-a-velo-guide-182x300.jpeg 182w, https:\/\/www.jdroadtrip.tv\/blog\/wp-content\/uploads\/2021\/10\/Alsace-a-velo-guide-364x600.jpeg 364w, https:\/\/www.jdroadtrip.tv\/blog\/wp-content\/uploads\/2021\/10\/Alsace-a-velo-guide-121x200.jpeg 121w\" sizes=\"(max-width: 419px) 100vw, 419px\" \/>\t\t\t\t\t\t\t\t\t\t\t\t\t\t\t<\/div>\n\t\t\t\t<\/div>\n\t\t\t\t<div class=\"elementor-element elementor-element-4b59298 elementor-align-justify elementor-widget elementor-widget-button\" data-id=\"4b59298\" data-element_type=\"widget\" data-widget_type=\"button.default\">\n\t\t\t\t<div class=\"elementor-widget-container\">\n\t\t\t\t\t\t\t\t\t<div class=\"elementor-button-wrapper\">\n\t\t\t\t\t<a class=\"elementor-button elementor-button-link elementor-size-xl\" href=\"https:\/\/amzn.to\/3ahW7Rr\" target=\"_blank\">\n\t\t\t\t\t\t<span class=\"elementor-button-content-wrapper\">\n\t\t\t\t\t\t\t\t\t<span class=\"elementor-button-text\">COMMANDER LE GUIDE OUEST-FRANCE : L'ALSACE \u00c0 V\u00c9LO<\/span>\n\t\t\t\t\t<\/span>\n\t\t\t\t\t<\/a>\n\t\t\t\t<\/div>\n\t\t\t\t\t\t\t\t<\/div>\n\t\t\t\t<\/div>\n\t\t\t\t\t<\/div>\n\t\t<\/div>\n\t\t\t\t\t<\/div>\n\t\t<\/section>\n\t\t\t\t<div class=\"elementor-element elementor-element-4020c70 elementor-widget-divider--view-line elementor-widget elementor-widget-global elementor-global-41411 elementor-widget-divider\" data-id=\"4020c70\" data-element_type=\"widget\" data-widget_type=\"divider.default\">\n\t\t\t\t<div class=\"elementor-widget-container\">\n\t\t\t\t\t\t\t<div class=\"elementor-divider\">\n\t\t\t<span class=\"elementor-divider-separator\">\n\t\t\t\t\t\t<\/span>\n\t\t<\/div>\n\t\t\t\t\t\t<\/div>\n\t\t\t\t<\/div>\n\t\t\t\t\t<\/div>\n\t\t<\/div>\n\t\t\t\t\t<\/div>\n\t\t<\/section>\n\t\t\t\t<section class=\"elementor-section elementor-top-section elementor-element elementor-element-3d91476 elementor-section-boxed elementor-section-height-default elementor-section-height-default\" data-id=\"3d91476\" data-element_type=\"section\">\n\t\t\t\t\t\t<div class=\"elementor-container elementor-column-gap-default\">\n\t\t\t\t\t<div class=\"elementor-column elementor-col-100 elementor-top-column elementor-element elementor-element-d44fcf8\" data-id=\"d44fcf8\" data-element_type=\"column\">\n\t\t\t<div class=\"elementor-widget-wrap elementor-element-populated\">\n\t\t\t\t\t\t<section class=\"elementor-section elementor-inner-section elementor-element elementor-element-4dc8d78 elementor-section-boxed elementor-section-height-default elementor-section-height-default\" data-id=\"4dc8d78\" data-element_type=\"section\">\n\t\t\t\t\t\t<div class=\"elementor-container elementor-column-gap-default\">\n\t\t\t\t\t<div class=\"elementor-column elementor-col-100 elementor-inner-column elementor-element elementor-element-dd5fcef\" data-id=\"dd5fcef\" data-element_type=\"column\">\n\t\t\t<div class=\"elementor-widget-wrap elementor-element-populated\">\n\t\t\t\t\t\t<div class=\"elementor-element elementor-element-ca2e267 elementor-widget elementor-widget-text-editor\" data-id=\"ca2e267\" data-element_type=\"widget\" data-widget_type=\"text-editor.default\">\n\t\t\t\t<div class=\"elementor-widget-container\">\n\t\t\t\t\t\t\t\t\t<h2 style=\"text-align: justify;\">\u00c0 quelle p\u00e9riode faire l&rsquo;Alsace \u00e0 v\u00e9lo ?<\/h2><p style=\"text-align: justify;\">J&rsquo;ai fait l&rsquo;Alsace \u00e0 v\u00e9lo au mois de septembre. Au d\u00e9part de Strasbourg jusqu&rsquo;\u00e0 Colmar, on croise pas mal de monde surtout sur la route des vins. C&rsquo;est une bonne p\u00e9riode, car les temp\u00e9ratures sont encore agr\u00e9ables. Il y&rsquo;a tellement de variantes que m\u00eame si la route des vins est tr\u00e8s pris\u00e9e, ce n&rsquo;est pas non plus l&rsquo;autoroute. Une fois, le canal de Colmar emprunt\u00e9, on retrouve un c\u00f4t\u00e9 tr\u00e8s nature, plus calme et moins de monde.\u00a0<strong>Si vous souhaitez avoir moins de monde, il faut privil\u00e9gier le printemps ou l\u2019automne.<\/strong><\/p><p style=\"text-align: justify;\">Pr\u00e9voir une casquette, de la cr\u00e8me solaire et suffisamment d\u2019eau.<\/p>\t\t\t\t\t\t\t\t<\/div>\n\t\t\t\t<\/div>\n\t\t\t\t<div class=\"elementor-element elementor-element-1942ee2 elementor-widget elementor-widget-image\" data-id=\"1942ee2\" data-element_type=\"widget\" data-widget_type=\"image.default\">\n\t\t\t\t<div class=\"elementor-widget-container\">\n\t\t\t\t\t\t\t\t\t\t\t\t\t\t\t<img decoding=\"async\" width=\"1500\" height=\"1000\" src=\"https:\/\/www.jdroadtrip.tv\/blog\/wp-content\/uploads\/2021\/10\/Alsace-a-velo-55.jpg\" class=\"attachment-full size-full wp-image-51823\" alt=\"Alsace \u00e0 v\u00e9lo - Ribeauvill\u00e9\" srcset=\"https:\/\/www.jdroadtrip.tv\/blog\/wp-content\/uploads\/2021\/10\/Alsace-a-velo-55.jpg 1500w, https:\/\/www.jdroadtrip.tv\/blog\/wp-content\/uploads\/2021\/10\/Alsace-a-velo-55-300x200.jpg 300w, https:\/\/www.jdroadtrip.tv\/blog\/wp-content\/uploads\/2021\/10\/Alsace-a-velo-55-800x533.jpg 800w, https:\/\/www.jdroadtrip.tv\/blog\/wp-content\/uploads\/2021\/10\/Alsace-a-velo-55-250x167.jpg 250w, https:\/\/www.jdroadtrip.tv\/blog\/wp-content\/uploads\/2021\/10\/Alsace-a-velo-55-768x512.jpg 768w, https:\/\/www.jdroadtrip.tv\/blog\/wp-content\/uploads\/2021\/10\/Alsace-a-velo-55-1170x780.jpg 1170w, https:\/\/www.jdroadtrip.tv\/blog\/wp-content\/uploads\/2021\/10\/Alsace-a-velo-55-585x390.jpg 585w, https:\/\/www.jdroadtrip.tv\/blog\/wp-content\/uploads\/2021\/10\/Alsace-a-velo-55-263x175.jpg 263w\" sizes=\"(max-width: 1500px) 100vw, 1500px\" \/>\t\t\t\t\t\t\t\t\t\t\t\t\t\t\t<\/div>\n\t\t\t\t<\/div>\n\t\t\t\t\t<\/div>\n\t\t<\/div>\n\t\t\t\t\t<\/div>\n\t\t<\/section>\n\t\t\t\t<div class=\"elementor-element elementor-element-03c22e8 elementor-widget-divider--view-line elementor-widget elementor-widget-global elementor-global-41411 elementor-widget-divider\" data-id=\"03c22e8\" data-element_type=\"widget\" data-widget_type=\"divider.default\">\n\t\t\t\t<div class=\"elementor-widget-container\">\n\t\t\t\t\t\t\t<div class=\"elementor-divider\">\n\t\t\t<span class=\"elementor-divider-separator\">\n\t\t\t\t\t\t<\/span>\n\t\t<\/div>\n\t\t\t\t\t\t<\/div>\n\t\t\t\t<\/div>\n\t\t\t\t\t<\/div>\n\t\t<\/div>\n\t\t\t\t\t<\/div>\n\t\t<\/section>\n\t\t\t\t<section class=\"elementor-section elementor-top-section elementor-element elementor-element-2c3786f elementor-section-boxed elementor-section-height-default elementor-section-height-default\" data-id=\"2c3786f\" data-element_type=\"section\">\n\t\t\t\t\t\t<div class=\"elementor-container elementor-column-gap-default\">\n\t\t\t\t\t<div class=\"elementor-column elementor-col-100 elementor-top-column elementor-element elementor-element-2c9dbe7\" data-id=\"2c9dbe7\" data-element_type=\"column\">\n\t\t\t<div class=\"elementor-widget-wrap elementor-element-populated\">\n\t\t\t\t\t\t<section class=\"elementor-section elementor-inner-section elementor-element elementor-element-d87e7ec elementor-section-boxed elementor-section-height-default elementor-section-height-default\" data-id=\"d87e7ec\" data-element_type=\"section\">\n\t\t\t\t\t\t<div class=\"elementor-container elementor-column-gap-default\">\n\t\t\t\t\t<div class=\"elementor-column elementor-col-100 elementor-inner-column elementor-element elementor-element-4a6efb8\" data-id=\"4a6efb8\" data-element_type=\"column\">\n\t\t\t<div class=\"elementor-widget-wrap elementor-element-populated\">\n\t\t\t\t\t\t<div class=\"elementor-element elementor-element-7abbb14 elementor-widget elementor-widget-text-editor\" data-id=\"7abbb14\" data-element_type=\"widget\" data-widget_type=\"text-editor.default\">\n\t\t\t\t<div class=\"elementor-widget-container\">\n\t\t\t\t\t\t\t\t\t<h2 style=\"text-align: justify;\">O\u00f9 louer un v\u00e9lo pour faire l&rsquo;Alsace \u00e0 v\u00e9lo ?<\/h2><p style=\"text-align: justify;\">J&rsquo;ai lou\u00e9 mon v\u00e9lo \u00e0 <strong><a href=\"https:\/\/www.traceverte.com\/location-de-velos\/\" target=\"_blank\" rel=\"noopener\">Trace Verte<\/a><\/strong> et ils me l&rsquo;ont livr\u00e9 directement \u00e0 Strasbourg. <strong>Ils proposent une option aller simple, selon votre ville d&rsquo;arriv\u00e9e, vous laissez votre v\u00e9lo dans un Accueil V\u00e9lo et il viendront le r\u00e9cup\u00e9rer.<\/strong> Pas besoin de le ramener au point de d\u00e9part.<\/p><p style=\"text-align: justify;\">Ils proposent la location de toutes sortes de v\u00e9los : classique, confort, \u00e9lectrique, VTT enfant ou VTC pour une demi-journ\u00e9e, une journ\u00e9e ou plus selon votre projet avec une gamme d\u2019accessoires si besoin (sacoches, remorques\u2026). Pour ma part, je suis partie avec un VAE \u2013 v\u00e9lo \u00e0 assistance \u00e9lectrique \u2013 avec un antivol et kit de r\u00e9paration fourni.<\/p>\t\t\t\t\t\t\t\t<\/div>\n\t\t\t\t<\/div>\n\t\t\t\t<div class=\"elementor-element elementor-element-3d5d1d6 elementor-widget elementor-widget-image\" data-id=\"3d5d1d6\" data-element_type=\"widget\" data-widget_type=\"image.default\">\n\t\t\t\t<div class=\"elementor-widget-container\">\n\t\t\t\t\t\t\t\t\t\t\t\t\t\t\t<img loading=\"lazy\" decoding=\"async\" width=\"1500\" height=\"1000\" src=\"https:\/\/www.jdroadtrip.tv\/blog\/wp-content\/uploads\/2021\/10\/Alsace-a-velo-59.jpg\" class=\"attachment-full size-full wp-image-51729\" alt=\"Alsace \u00e0 v\u00e9lo - Location v\u00e9lo Trace Verte\" srcset=\"https:\/\/www.jdroadtrip.tv\/blog\/wp-content\/uploads\/2021\/10\/Alsace-a-velo-59.jpg 1500w, https:\/\/www.jdroadtrip.tv\/blog\/wp-content\/uploads\/2021\/10\/Alsace-a-velo-59-300x200.jpg 300w, https:\/\/www.jdroadtrip.tv\/blog\/wp-content\/uploads\/2021\/10\/Alsace-a-velo-59-800x533.jpg 800w, https:\/\/www.jdroadtrip.tv\/blog\/wp-content\/uploads\/2021\/10\/Alsace-a-velo-59-250x167.jpg 250w, https:\/\/www.jdroadtrip.tv\/blog\/wp-content\/uploads\/2021\/10\/Alsace-a-velo-59-768x512.jpg 768w, https:\/\/www.jdroadtrip.tv\/blog\/wp-content\/uploads\/2021\/10\/Alsace-a-velo-59-1170x780.jpg 1170w, https:\/\/www.jdroadtrip.tv\/blog\/wp-content\/uploads\/2021\/10\/Alsace-a-velo-59-585x390.jpg 585w, https:\/\/www.jdroadtrip.tv\/blog\/wp-content\/uploads\/2021\/10\/Alsace-a-velo-59-263x175.jpg 263w\" sizes=\"(max-width: 1500px) 100vw, 1500px\" \/>\t\t\t\t\t\t\t\t\t\t\t\t\t\t\t<\/div>\n\t\t\t\t<\/div>\n\t\t\t\t\t<\/div>\n\t\t<\/div>\n\t\t\t\t\t<\/div>\n\t\t<\/section>\n\t\t\t\t<div class=\"elementor-element elementor-element-194c9d8 elementor-widget-divider--view-line elementor-widget elementor-widget-global elementor-global-41411 elementor-widget-divider\" data-id=\"194c9d8\" data-element_type=\"widget\" data-widget_type=\"divider.default\">\n\t\t\t\t<div class=\"elementor-widget-container\">\n\t\t\t\t\t\t\t<div class=\"elementor-divider\">\n\t\t\t<span class=\"elementor-divider-separator\">\n\t\t\t\t\t\t<\/span>\n\t\t<\/div>\n\t\t\t\t\t\t<\/div>\n\t\t\t\t<\/div>\n\t\t\t\t\t<\/div>\n\t\t<\/div>\n\t\t\t\t\t<\/div>\n\t\t<\/section>\n\t\t\t\t<section class=\"elementor-section elementor-top-section elementor-element elementor-element-105a150 elementor-section-boxed elementor-section-height-default elementor-section-height-default\" data-id=\"105a150\" data-element_type=\"section\">\n\t\t\t\t\t\t<div class=\"elementor-container elementor-column-gap-default\">\n\t\t\t\t\t<div class=\"elementor-column elementor-col-100 elementor-top-column elementor-element elementor-element-f8ce50b\" data-id=\"f8ce50b\" data-element_type=\"column\">\n\t\t\t<div class=\"elementor-widget-wrap elementor-element-populated\">\n\t\t\t\t\t\t<section class=\"elementor-section elementor-inner-section elementor-element elementor-element-3fb24d9 elementor-section-boxed elementor-section-height-default elementor-section-height-default\" data-id=\"3fb24d9\" data-element_type=\"section\">\n\t\t\t\t\t\t<div class=\"elementor-container elementor-column-gap-default\">\n\t\t\t\t\t<div class=\"elementor-column elementor-col-100 elementor-inner-column elementor-element elementor-element-62c6c2c\" data-id=\"62c6c2c\" data-element_type=\"column\">\n\t\t\t<div class=\"elementor-widget-wrap elementor-element-populated\">\n\t\t\t\t\t\t<div class=\"elementor-element elementor-element-cf4159d elementor-widget elementor-widget-text-editor\" data-id=\"cf4159d\" data-element_type=\"widget\" data-widget_type=\"text-editor.default\">\n\t\t\t\t<div class=\"elementor-widget-container\">\n\t\t\t\t\t\t\t\t\t<h2 style=\"text-align: justify;\">Faire transporter ses bagages<\/h2><p style=\"text-align: justify;\">Si vous faites l&rsquo;Alsace \u00e0 v\u00e9lo, il est possible de faire transf\u00e9rer les bagages d&rsquo;h\u00e9bergements \u00e0 h\u00e9bergements. C\u2019est le m\u00eame principe que l\u2019on retrouve sur le <strong><a href=\"https:\/\/www.jdroadtrip.tv\/blog\/chemin-de-compostelle\/\" target=\"_blank\" rel=\"noopener\">chemin de Saint-Jacques de Compostelle<\/a><\/strong>, un transporteur r\u00e9cup\u00e8re votre bagage et l\u2019am\u00e8ne \u00e0 votre prochain h\u00e9bergement. Sur le <strong><a href=\"https:\/\/www.jdroadtrip.tv\/blog\/conseils-infos-faire-canal-du-midi-a-velo-6-jours\/\" target=\"_blank\" rel=\"noopener\">Canal du midi \u00e0 v\u00e9lo<\/a><\/strong> ou encore la <strong><a href=\"https:\/\/www.jdroadtrip.tv\/blog\/passa-pais-a-velo-voie-verte-lherault-tarn-bedarieux-mazamet\/\" target=\"_blank\" rel=\"noopener\">Passa Pa\u00efs \u00e0 v\u00e9lo<\/a><\/strong>, j\u2019ai fait appel aux transports de bagages et c\u2019est bien pratique ! Cela permet de voyager l\u00e9ger et surtout de pouvoir faire des visites durant la balade \u00e0 v\u00e9lo.<\/p><p style=\"text-align: justify;\">Pour l&rsquo;Alsace \u00e0 v\u00e9lo, <strong><a href=\"https:\/\/fr.jfj-services.fr\/nos-prestations\/transfert\/\" target=\"_blank\" rel=\"noopener\">JFJ Services<\/a><\/strong> s&rsquo;est occup\u00e9 de transf\u00e9rer mes bagages. Pour l&rsquo;Alsace \u00e0 v\u00e9lo ou une randonn\u00e9e en itin\u00e9rance dans les Vosges, ils s&rsquo;occupent en toute s\u00e9curit\u00e9 de transf\u00e9rer vos bagages. N\u2019h\u00e9sitez pas \u00e0 les contacter pour voir un tarif selon votre projet.<\/p><p style=\"text-align: justify;\"><strong>Ils s\u2019occupent \u00e9galement du transport de personne.<\/strong> Utile pour rejoindre votre point de d\u00e9part, sauter une \u00e9tape ou en cas de soucis.<\/p>\t\t\t\t\t\t\t\t<\/div>\n\t\t\t\t<\/div>\n\t\t\t\t<div class=\"elementor-element elementor-element-c0f89be elementor-widget elementor-widget-image\" data-id=\"c0f89be\" data-element_type=\"widget\" data-widget_type=\"image.default\">\n\t\t\t\t<div class=\"elementor-widget-container\">\n\t\t\t\t\t\t\t\t\t\t\t\t\t\t\t<img loading=\"lazy\" decoding=\"async\" width=\"675\" height=\"447\" src=\"https:\/\/www.jdroadtrip.tv\/blog\/wp-content\/uploads\/2021\/10\/jfj-services-5-675x675-1-e1633531477717.jpg\" class=\"attachment-full size-full wp-image-51819\" alt=\"\" srcset=\"https:\/\/www.jdroadtrip.tv\/blog\/wp-content\/uploads\/2021\/10\/jfj-services-5-675x675-1-e1633531477717.jpg 675w, https:\/\/www.jdroadtrip.tv\/blog\/wp-content\/uploads\/2021\/10\/jfj-services-5-675x675-1-e1633531477717-300x199.jpg 300w, https:\/\/www.jdroadtrip.tv\/blog\/wp-content\/uploads\/2021\/10\/jfj-services-5-675x675-1-e1633531477717-250x166.jpg 250w, https:\/\/www.jdroadtrip.tv\/blog\/wp-content\/uploads\/2021\/10\/jfj-services-5-675x675-1-e1633531477717-585x387.jpg 585w, https:\/\/www.jdroadtrip.tv\/blog\/wp-content\/uploads\/2021\/10\/jfj-services-5-675x675-1-e1633531477717-263x175.jpg 263w\" sizes=\"(max-width: 675px) 100vw, 675px\" \/>\t\t\t\t\t\t\t\t\t\t\t\t\t\t\t<\/div>\n\t\t\t\t<\/div>\n\t\t\t\t\t<\/div>\n\t\t<\/div>\n\t\t\t\t\t<\/div>\n\t\t<\/section>\n\t\t\t\t<div class=\"elementor-element elementor-element-ca3fe28 elementor-widget-divider--view-line elementor-widget elementor-widget-global elementor-global-41411 elementor-widget-divider\" data-id=\"ca3fe28\" data-element_type=\"widget\" data-widget_type=\"divider.default\">\n\t\t\t\t<div class=\"elementor-widget-container\">\n\t\t\t\t\t\t\t<div class=\"elementor-divider\">\n\t\t\t<span class=\"elementor-divider-separator\">\n\t\t\t\t\t\t<\/span>\n\t\t<\/div>\n\t\t\t\t\t\t<\/div>\n\t\t\t\t<\/div>\n\t\t\t\t\t<\/div>\n\t\t<\/div>\n\t\t\t\t\t<\/div>\n\t\t<\/section>\n\t\t\t\t<section class=\"elementor-section elementor-top-section elementor-element elementor-element-f5f6f9f elementor-section-boxed elementor-section-height-default elementor-section-height-default\" data-id=\"f5f6f9f\" data-element_type=\"section\">\n\t\t\t\t\t\t<div class=\"elementor-container elementor-column-gap-default\">\n\t\t\t\t\t<div class=\"elementor-column elementor-col-100 elementor-top-column elementor-element elementor-element-c93d891\" data-id=\"c93d891\" data-element_type=\"column\">\n\t\t\t<div class=\"elementor-widget-wrap elementor-element-populated\">\n\t\t\t\t\t\t<div class=\"elementor-element elementor-element-1c57310 elementor-widget elementor-widget-text-editor\" data-id=\"1c57310\" data-element_type=\"widget\" data-widget_type=\"text-editor.default\">\n\t\t\t\t<div class=\"elementor-widget-container\">\n\t\t\t\t\t\t\t\t\t<h2 style=\"text-align: justify;\">O\u00f9 trouver \u00e0 boire ?<\/h2><p style=\"text-align: justify;\">Vous n&rsquo;aurez aucun probl\u00e8me \u00e0 trouver de l&rsquo;eau sur l&rsquo;Alsace \u00e0 v\u00e9lo, car vous traversez de nombreux petits villages et il y a toujours une fontaine pour remplir votre gourde. Il ne faut pas h\u00e9siter de demander dans un bar ou au moment de d\u00e9jeuner s&rsquo;ils peuvent vous la remplir. Si vous passez \u00e0 c\u00f4t\u00e9 d\u2019un cimeti\u00e8re, il y a toujours un robinet.<\/p><p style=\"text-align: justify;\">Pour ma part, j\u2019ai fait l&rsquo;Alsace \u00e0 v\u00e9lo avec ma <a href=\"https:\/\/www.jdroadtrip.tv\/blog\/test-de-gourde-isotherme-hydro-flask\/\" target=\"_blank\" rel=\"noopener noreferrer\"><strong>gourde Isotherme Hydro Flask<\/strong><\/a>, je pars tout le temps avec cette gourde, car <strong>elle me permet de garder l\u2019eau fraiche<\/strong> l\u2019\u00e9t\u00e9 ou une boisson chaude l&rsquo;hiver, c\u2019est agr\u00e9able de l\u2019avoir.<\/p>\t\t\t\t\t\t\t\t<\/div>\n\t\t\t\t<\/div>\n\t\t\t\t<section class=\"elementor-section elementor-inner-section elementor-element elementor-element-aaec3a8 elementor-section-boxed elementor-section-height-default elementor-section-height-default\" data-id=\"aaec3a8\" data-element_type=\"section\">\n\t\t\t\t\t\t<div class=\"elementor-container elementor-column-gap-default\">\n\t\t\t\t\t<div class=\"elementor-column elementor-col-33 elementor-inner-column elementor-element elementor-element-b289b78\" data-id=\"b289b78\" data-element_type=\"column\">\n\t\t\t<div class=\"elementor-widget-wrap elementor-element-populated\">\n\t\t\t\t\t\t<div class=\"elementor-element elementor-element-d320b7a elementor-widget elementor-widget-image\" data-id=\"d320b7a\" data-element_type=\"widget\" data-widget_type=\"image.default\">\n\t\t\t\t<div class=\"elementor-widget-container\">\n\t\t\t\t\t\t\t\t\t\t\t\t\t\t\t\t<a href=\"https:\/\/www.jdroadtrip.tv\/blog\/test-de-gourde-isotherme-hydro-flask\/\" target=\"_blank\">\n\t\t\t\t\t\t\t<img loading=\"lazy\" decoding=\"async\" width=\"1500\" height=\"996\" src=\"https:\/\/www.jdroadtrip.tv\/blog\/wp-content\/uploads\/2017\/08\/Hydro-flask-img.jpg\" class=\"attachment-full size-full wp-image-24259\" alt=\"\" srcset=\"https:\/\/www.jdroadtrip.tv\/blog\/wp-content\/uploads\/2017\/08\/Hydro-flask-img.jpg 1500w, https:\/\/www.jdroadtrip.tv\/blog\/wp-content\/uploads\/2017\/08\/Hydro-flask-img-300x199.jpg 300w, https:\/\/www.jdroadtrip.tv\/blog\/wp-content\/uploads\/2017\/08\/Hydro-flask-img-800x531.jpg 800w, https:\/\/www.jdroadtrip.tv\/blog\/wp-content\/uploads\/2017\/08\/Hydro-flask-img-250x166.jpg 250w, https:\/\/www.jdroadtrip.tv\/blog\/wp-content\/uploads\/2017\/08\/Hydro-flask-img-768x510.jpg 768w, https:\/\/www.jdroadtrip.tv\/blog\/wp-content\/uploads\/2017\/08\/Hydro-flask-img-1170x777.jpg 1170w, https:\/\/www.jdroadtrip.tv\/blog\/wp-content\/uploads\/2017\/08\/Hydro-flask-img-585x388.jpg 585w, https:\/\/www.jdroadtrip.tv\/blog\/wp-content\/uploads\/2017\/08\/Hydro-flask-img-263x175.jpg 263w\" sizes=\"(max-width: 1500px) 100vw, 1500px\" \/>\t\t\t\t\t\t\t\t<\/a>\n\t\t\t\t\t\t\t\t\t\t\t\t\t\t\t<\/div>\n\t\t\t\t<\/div>\n\t\t\t\t\t<\/div>\n\t\t<\/div>\n\t\t\t\t<div class=\"elementor-column elementor-col-33 elementor-inner-column elementor-element elementor-element-0f848e0\" data-id=\"0f848e0\" data-element_type=\"column\">\n\t\t\t<div class=\"elementor-widget-wrap elementor-element-populated\">\n\t\t\t\t\t\t<div class=\"elementor-element elementor-element-344f8f3 elementor-widget elementor-widget-image\" data-id=\"344f8f3\" data-element_type=\"widget\" data-widget_type=\"image.default\">\n\t\t\t\t<div class=\"elementor-widget-container\">\n\t\t\t\t\t\t\t\t\t\t\t\t\t\t\t\t<a href=\"https:\/\/www.jdroadtrip.tv\/blog\/comparatif-des-gourdes-filtrantes-et-filtres-a-eau\/\" target=\"_blank\">\n\t\t\t\t\t\t\t<img loading=\"lazy\" decoding=\"async\" width=\"800\" height=\"531\" src=\"https:\/\/www.jdroadtrip.tv\/blog\/wp-content\/uploads\/2020\/02\/Gourdes-Filtres-img-800x531.jpg\" class=\"attachment-large size-large wp-image-36837\" alt=\"\" srcset=\"https:\/\/www.jdroadtrip.tv\/blog\/wp-content\/uploads\/2020\/02\/Gourdes-Filtres-img-800x531.jpg 800w, https:\/\/www.jdroadtrip.tv\/blog\/wp-content\/uploads\/2020\/02\/Gourdes-Filtres-img-300x199.jpg 300w, https:\/\/www.jdroadtrip.tv\/blog\/wp-content\/uploads\/2020\/02\/Gourdes-Filtres-img-250x166.jpg 250w, https:\/\/www.jdroadtrip.tv\/blog\/wp-content\/uploads\/2020\/02\/Gourdes-Filtres-img-768x510.jpg 768w, https:\/\/www.jdroadtrip.tv\/blog\/wp-content\/uploads\/2020\/02\/Gourdes-Filtres-img-1170x777.jpg 1170w, https:\/\/www.jdroadtrip.tv\/blog\/wp-content\/uploads\/2020\/02\/Gourdes-Filtres-img-585x388.jpg 585w, https:\/\/www.jdroadtrip.tv\/blog\/wp-content\/uploads\/2020\/02\/Gourdes-Filtres-img-263x175.jpg 263w, https:\/\/www.jdroadtrip.tv\/blog\/wp-content\/uploads\/2020\/02\/Gourdes-Filtres-img.jpg 1500w\" sizes=\"(max-width: 800px) 100vw, 800px\" \/>\t\t\t\t\t\t\t\t<\/a>\n\t\t\t\t\t\t\t\t\t\t\t\t\t\t\t<\/div>\n\t\t\t\t<\/div>\n\t\t\t\t\t<\/div>\n\t\t<\/div>\n\t\t\t\t<div class=\"elementor-column elementor-col-33 elementor-inner-column elementor-element elementor-element-4b62182\" data-id=\"4b62182\" data-element_type=\"column\">\n\t\t\t<div class=\"elementor-widget-wrap elementor-element-populated\">\n\t\t\t\t\t\t<div class=\"elementor-element elementor-element-2c73ba1 elementor-widget elementor-widget-image\" data-id=\"2c73ba1\" data-element_type=\"widget\" data-widget_type=\"image.default\">\n\t\t\t\t<div class=\"elementor-widget-container\">\n\t\t\t\t\t\t\t\t\t\t\t\t\t\t\t\t<a href=\"https:\/\/www.jdroadtrip.tv\/blog\/test-avis-de-la-gourde-filtrante-oko-europe\/\" target=\"_blank\">\n\t\t\t\t\t\t\t<img loading=\"lazy\" decoding=\"async\" width=\"800\" height=\"531\" src=\"https:\/\/www.jdroadtrip.tv\/blog\/wp-content\/uploads\/2022\/11\/gourde-filtrante-oko-europe-img-800x531.jpg\" class=\"attachment-large size-large wp-image-57496\" alt=\"\" srcset=\"https:\/\/www.jdroadtrip.tv\/blog\/wp-content\/uploads\/2022\/11\/gourde-filtrante-oko-europe-img-800x531.jpg 800w, https:\/\/www.jdroadtrip.tv\/blog\/wp-content\/uploads\/2022\/11\/gourde-filtrante-oko-europe-img-300x199.jpg 300w, https:\/\/www.jdroadtrip.tv\/blog\/wp-content\/uploads\/2022\/11\/gourde-filtrante-oko-europe-img-250x166.jpg 250w, https:\/\/www.jdroadtrip.tv\/blog\/wp-content\/uploads\/2022\/11\/gourde-filtrante-oko-europe-img-768x510.jpg 768w, https:\/\/www.jdroadtrip.tv\/blog\/wp-content\/uploads\/2022\/11\/gourde-filtrante-oko-europe-img-1170x777.jpg 1170w, https:\/\/www.jdroadtrip.tv\/blog\/wp-content\/uploads\/2022\/11\/gourde-filtrante-oko-europe-img-585x388.jpg 585w, https:\/\/www.jdroadtrip.tv\/blog\/wp-content\/uploads\/2022\/11\/gourde-filtrante-oko-europe-img-263x175.jpg 263w, https:\/\/www.jdroadtrip.tv\/blog\/wp-content\/uploads\/2022\/11\/gourde-filtrante-oko-europe-img.jpg 1500w\" sizes=\"(max-width: 800px) 100vw, 800px\" \/>\t\t\t\t\t\t\t\t<\/a>\n\t\t\t\t\t\t\t\t\t\t\t\t\t\t\t<\/div>\n\t\t\t\t<\/div>\n\t\t\t\t\t<\/div>\n\t\t<\/div>\n\t\t\t\t\t<\/div>\n\t\t<\/section>\n\t\t\t\t<div class=\"elementor-element elementor-element-0544a9c elementor-widget-divider--view-line elementor-widget elementor-widget-global elementor-global-41411 elementor-widget-divider\" data-id=\"0544a9c\" data-element_type=\"widget\" data-widget_type=\"divider.default\">\n\t\t\t\t<div class=\"elementor-widget-container\">\n\t\t\t\t\t\t\t<div class=\"elementor-divider\">\n\t\t\t<span class=\"elementor-divider-separator\">\n\t\t\t\t\t\t<\/span>\n\t\t<\/div>\n\t\t\t\t\t\t<\/div>\n\t\t\t\t<\/div>\n\t\t\t\t\t<\/div>\n\t\t<\/div>\n\t\t\t\t\t<\/div>\n\t\t<\/section>\n\t\t\t\t<section class=\"elementor-section elementor-top-section elementor-element elementor-element-5cec401 elementor-section-boxed elementor-section-height-default elementor-section-height-default\" data-id=\"5cec401\" data-element_type=\"section\">\n\t\t\t\t\t\t<div class=\"elementor-container elementor-column-gap-default\">\n\t\t\t\t\t<div class=\"elementor-column elementor-col-100 elementor-top-column elementor-element elementor-element-83ce001\" data-id=\"83ce001\" data-element_type=\"column\">\n\t\t\t<div class=\"elementor-widget-wrap elementor-element-populated\">\n\t\t\t\t\t\t<div class=\"elementor-element elementor-element-46bd0a1 elementor-widget elementor-widget-text-editor\" data-id=\"46bd0a1\" data-element_type=\"widget\" data-widget_type=\"text-editor.default\">\n\t\t\t\t<div class=\"elementor-widget-container\">\n\t\t\t\t\t\t\t\t\t<h2>Mat\u00e9riel pour faire l&rsquo;Alsace \u00e0 v\u00e9lo<\/h2><ul><li>Un cuissard, vous serez plus \u00e0 l\u2019aise. D\u00e9couvrez le <strong><a href=\"https:\/\/amzn.to\/3yUxtSI\" target=\"_blank\" rel=\"noopener noreferrer\">cuissard homme<\/a><\/strong> et le <strong><a href=\"https:\/\/amzn.to\/2FW107p\" target=\"_blank\" rel=\"noopener noreferrer\">cuissard femme<\/a><\/strong>.<\/li><li>Si vous partez avec votre propre v\u00e9lo, les meilleures sacoches sont <strong><a href=\"https:\/\/amzn.to\/36207oC\" target=\"_blank\" rel=\"noopener noreferrer\"><span class=\"a-list-item\">Ortlieb City Back-Roller<\/span>.<\/a><\/strong><\/li><li>Une gourde voire deux comme la <strong><a href=\"https:\/\/www.jdroadtrip.tv\/blog\/test-avis-de-la-gourde-filtrante-oko-europe\/\" target=\"_blank\" rel=\"noopener\">gourde filtrante Oko Europe<\/a><\/strong> et une <strong><a href=\"https:\/\/amzn.to\/33SMEMX\" target=\"_blank\" rel=\"noopener noreferrer\">gourde Iso therme<\/a><\/strong>\u00a0\u2013 (Retour sur la <strong><a href=\"https:\/\/www.jdroadtrip.tv\/blog\/test-de-gourde-isotherme-hydro-flask\/\" target=\"_blank\" rel=\"noopener noreferrer\">gourde Isotherme Hydro Flask<\/a><\/strong>).<\/li><li>Une bonne selle, c\u2019est important surtout si votre itin\u00e9raire est long. D\u00e9couvrez les <strong><a href=\"https:\/\/amzn.to\/300t00t\" target=\"_blank\" rel=\"noopener noreferrer\">selles femmes<\/a><\/strong> et les <strong><a href=\"https:\/\/amzn.to\/2RQph0Z\" target=\"_blank\" rel=\"noopener noreferrer\">selles hommes<\/a><\/strong>.<\/li><\/ul>\t\t\t\t\t\t\t\t<\/div>\n\t\t\t\t<\/div>\n\t\t\t\t<div class=\"elementor-element elementor-element-63d4507 elementor-widget-divider--view-line elementor-widget elementor-widget-global elementor-global-41411 elementor-widget-divider\" data-id=\"63d4507\" data-element_type=\"widget\" data-widget_type=\"divider.default\">\n\t\t\t\t<div class=\"elementor-widget-container\">\n\t\t\t\t\t\t\t<div class=\"elementor-divider\">\n\t\t\t<span class=\"elementor-divider-separator\">\n\t\t\t\t\t\t<\/span>\n\t\t<\/div>\n\t\t\t\t\t\t<\/div>\n\t\t\t\t<\/div>\n\t\t\t\t\t<\/div>\n\t\t<\/div>\n\t\t\t\t\t<\/div>\n\t\t<\/section>\n\t\t\t\t<section class=\"elementor-section elementor-top-section elementor-element elementor-element-a373f33 elementor-section-boxed elementor-section-height-default elementor-section-height-default\" data-id=\"a373f33\" data-element_type=\"section\">\n\t\t\t\t\t\t<div class=\"elementor-container elementor-column-gap-default\">\n\t\t\t\t\t<div class=\"elementor-column elementor-col-100 elementor-top-column elementor-element elementor-element-a2110d8\" data-id=\"a2110d8\" data-element_type=\"column\">\n\t\t\t<div class=\"elementor-widget-wrap elementor-element-populated\">\n\t\t\t\t\t\t<section class=\"elementor-section elementor-inner-section elementor-element elementor-element-d639fa9 elementor-section-boxed elementor-section-height-default elementor-section-height-default\" data-id=\"d639fa9\" data-element_type=\"section\">\n\t\t\t\t\t\t<div class=\"elementor-container elementor-column-gap-default\">\n\t\t\t\t\t<div class=\"elementor-column elementor-col-100 elementor-inner-column elementor-element elementor-element-a064ce2\" data-id=\"a064ce2\" data-element_type=\"column\">\n\t\t\t<div class=\"elementor-widget-wrap elementor-element-populated\">\n\t\t\t\t\t\t<div class=\"elementor-element elementor-element-48509aa elementor-widget elementor-widget-text-editor\" data-id=\"48509aa\" data-element_type=\"widget\" data-widget_type=\"text-editor.default\">\n\t\t\t\t<div class=\"elementor-widget-container\">\n\t\t\t\t\t\t\t\t\t<h2 style=\"text-align: center;\">Alsace \u00e0 v\u00e9lo durant 3 jours, faire une boucle au d\u00e9part de Strasbourg<\/h2>\t\t\t\t\t\t\t\t<\/div>\n\t\t\t\t<\/div>\n\t\t\t\t<div class=\"elementor-element elementor-element-5e6e0c5 elementor-widget elementor-widget-text-editor\" data-id=\"5e6e0c5\" data-element_type=\"widget\" data-widget_type=\"text-editor.default\">\n\t\t\t\t<div class=\"elementor-widget-container\">\n\t\t\t\t\t\t\t\t\t<h3 style=\"text-align: justify;\">Strasbourg &gt; Gertwiller<\/h3><p style=\"text-align: justify;\">Avant de partir sur l&rsquo;Alsace \u00e0 v\u00e9lo, un passage oblig\u00e9 dans le centre-ville de Strasbourg pour <strong>visiter sa magnifique cath\u00e9drale et monter \u00e0 la plateforme de la cath\u00e9drale pour avoir une vue 360\u00b0 sur la ville<\/strong>. Il faut prendre le temps de se balader dans les petites ruelles et lever la t\u00eate pour d\u00e9couvrir ses jolies maisons alsaciennes. Il y a pas mal de chose \u00e0 voir \u00e0 Strasbourg notamment le parc de l&rsquo;Orangerie pour admirer les cigognes,\u00a0\u00a0la Cave des Hospices ou encore la Neustadt (\u00e0 pied ou en petit train), un quartier class\u00e9 au patrimoine mondial de l\u2019UNESCO.<\/p><p style=\"text-align: center;\"><img loading=\"lazy\" decoding=\"async\" class=\"wp-image-51915 size-full aligncenter\" src=\"https:\/\/www.jdroadtrip.tv\/blog\/wp-content\/uploads\/2021\/10\/Alsace-a-velo-14.jpg\" alt=\"Alsace \u00e0 v\u00e9lo - Gare de Strasbourg\" width=\"1500\" height=\"1000\" srcset=\"https:\/\/www.jdroadtrip.tv\/blog\/wp-content\/uploads\/2021\/10\/Alsace-a-velo-14.jpg 1500w, https:\/\/www.jdroadtrip.tv\/blog\/wp-content\/uploads\/2021\/10\/Alsace-a-velo-14-300x200.jpg 300w, https:\/\/www.jdroadtrip.tv\/blog\/wp-content\/uploads\/2021\/10\/Alsace-a-velo-14-800x533.jpg 800w, https:\/\/www.jdroadtrip.tv\/blog\/wp-content\/uploads\/2021\/10\/Alsace-a-velo-14-250x167.jpg 250w, https:\/\/www.jdroadtrip.tv\/blog\/wp-content\/uploads\/2021\/10\/Alsace-a-velo-14-768x512.jpg 768w, https:\/\/www.jdroadtrip.tv\/blog\/wp-content\/uploads\/2021\/10\/Alsace-a-velo-14-1170x780.jpg 1170w, https:\/\/www.jdroadtrip.tv\/blog\/wp-content\/uploads\/2021\/10\/Alsace-a-velo-14-585x390.jpg 585w, https:\/\/www.jdroadtrip.tv\/blog\/wp-content\/uploads\/2021\/10\/Alsace-a-velo-14-263x175.jpg 263w\" sizes=\"(max-width: 1500px) 100vw, 1500px\" \/><\/p><p style=\"text-align: justify;\">Cette journ\u00e9e d\u00e9couverte sur l&rsquo;Alsace \u00e0 v\u00e9lo est top. Je sors doucement de Strasbourg en suivant le canal de la Bruche et je ferais un <strong>premier arr\u00eat pour d\u00e9jeuner \u00e0 Ravito des cyclos<\/strong>. Une buvette bio et petite restauration maison pour promeneurs et cyclistes. La terrasse est situ\u00e9e \u00e0 la maison \u00e9clusi\u00e8re n\u00b03 d&rsquo;Ernolsheim-Bruche, sur le trac\u00e9 de l\u2019Euro v\u00e9lo 5, \u00e0 7 km de Molsheim et 20 km de Strasbourg.<\/p><p style=\"text-align: center;\"><img loading=\"lazy\" decoding=\"async\" class=\"size-full wp-image-51762 aligncenter\" src=\"https:\/\/www.jdroadtrip.tv\/blog\/wp-content\/uploads\/2021\/10\/Alsace-a-velo-18.jpg\" alt=\"Alsace \u00e0 v\u00e9lo - Ravito Cyclos\" width=\"1500\" height=\"1000\" srcset=\"https:\/\/www.jdroadtrip.tv\/blog\/wp-content\/uploads\/2021\/10\/Alsace-a-velo-18.jpg 1500w, https:\/\/www.jdroadtrip.tv\/blog\/wp-content\/uploads\/2021\/10\/Alsace-a-velo-18-300x200.jpg 300w, https:\/\/www.jdroadtrip.tv\/blog\/wp-content\/uploads\/2021\/10\/Alsace-a-velo-18-800x533.jpg 800w, https:\/\/www.jdroadtrip.tv\/blog\/wp-content\/uploads\/2021\/10\/Alsace-a-velo-18-250x167.jpg 250w, https:\/\/www.jdroadtrip.tv\/blog\/wp-content\/uploads\/2021\/10\/Alsace-a-velo-18-768x512.jpg 768w, https:\/\/www.jdroadtrip.tv\/blog\/wp-content\/uploads\/2021\/10\/Alsace-a-velo-18-1170x780.jpg 1170w, https:\/\/www.jdroadtrip.tv\/blog\/wp-content\/uploads\/2021\/10\/Alsace-a-velo-18-585x390.jpg 585w, https:\/\/www.jdroadtrip.tv\/blog\/wp-content\/uploads\/2021\/10\/Alsace-a-velo-18-263x175.jpg 263w\" sizes=\"(max-width: 1500px) 100vw, 1500px\" \/><\/p>\t\t\t\t\t\t\t\t<\/div>\n\t\t\t\t<\/div>\n\t\t\t\t\t<\/div>\n\t\t<\/div>\n\t\t\t\t\t<\/div>\n\t\t<\/section>\n\t\t\t\t<div class=\"elementor-element elementor-element-d8165fc elementor-widget elementor-widget-text-editor\" data-id=\"d8165fc\" data-element_type=\"widget\" data-widget_type=\"text-editor.default\">\n\t\t\t\t<div class=\"elementor-widget-container\">\n\t\t\t\t\t\t\t\t\t<p style=\"text-align: justify;\">Direction ensuite \u00e0 Avolsheim, je sors de l&rsquo;Alsace \u00e0 v\u00e9lo pour aller <strong>visiter l&rsquo;\u00e9glise Dompeter datant du XII\u00e8me si\u00e8cle, qui est la plus ancienne d\u2019Alsace<\/strong>. Malheureusement on ne peut pas rentrer \u00e0 l&rsquo;int\u00e9rieur, mais l\u2019ext\u00e9rieur est joli et bien entretenu.<\/p><p style=\"text-align: justify;\">De retour sur l&rsquo;Alsace \u00e0 v\u00e9lo, cette fois, <strong>je vais jusqu&rsquo;\u00e0 Rosheim, une petite ville alsacienne absolument mignonne o\u00f9 d\u00e9marre la voie verte \u00ab\u00a0Porte Bonheur\u00a0\u00bb<\/strong>, le chemin des carri\u00e8res qui traverse multiples villes sur 11 kilom\u00e8tres et se finit \u00e0 Ottrott o\u00f9 un belv\u00e9d\u00e8re permet d&rsquo;avoir une vue sublime. D&rsquo;ailleurs si c&rsquo;est bien d\u00e9gag\u00e9, on peut apercevoir la cath\u00e9drale de Strasbourg.<\/p><p style=\"text-align: justify;\">Je continue mon v\u00e9lotrip jusqu&rsquo;\u00e0 GertWiller o\u00f9 se trouve <strong>le Palais du Pain d&rsquo;\u00e9pices<\/strong>. Un mus\u00e9e ludique et interactif o\u00f9 les 5 sens sont en \u00e9veil et vous donnent envie de go\u00fbter. Et \u00e7a tombe bien, car vous finissez par la boutique qui propose une multitude de produits \u00e0 base de pain d&rsquo;\u00e9pice. De quoi faire le plein avant No\u00ebl.<\/p><p style=\"text-align: justify;\">De Strasbourg \u00e0 Gertwiller, le chemin est tr\u00e8s fr\u00e9quent\u00e9 par les promeneurs, les cycles, mais vous offre un point de vue assez agr\u00e9able. Un mixe entre nature et petites villes alsaciennes. Tout est parfaitement am\u00e9nag\u00e9 et aucun ne risque de se perdre. <strong>Une fois arriv\u00e9e \u00e0 Gertwiller, on r\u00e9cup\u00e8re la route des vins pour d\u00e9couvrir une autre facette de l&rsquo;Alsace \u00e0 v\u00e9lo.<\/strong><\/p>\t\t\t\t\t\t\t\t<\/div>\n\t\t\t\t<\/div>\n\t\t\t\t<div class=\"elementor-element elementor-element-de483a7 elementor-widget elementor-widget-gallery\" data-id=\"de483a7\" data-element_type=\"widget\" data-settings=\"{&quot;gallery_layout&quot;:&quot;masonry&quot;,&quot;columns&quot;:3,&quot;columns_tablet&quot;:3,&quot;columns_mobile&quot;:3,&quot;lazyload&quot;:&quot;yes&quot;,&quot;gap&quot;:{&quot;unit&quot;:&quot;px&quot;,&quot;size&quot;:10,&quot;sizes&quot;:[]},&quot;gap_tablet&quot;:{&quot;unit&quot;:&quot;px&quot;,&quot;size&quot;:10,&quot;sizes&quot;:[]},&quot;gap_mobile&quot;:{&quot;unit&quot;:&quot;px&quot;,&quot;size&quot;:10,&quot;sizes&quot;:[]},&quot;link_to&quot;:&quot;file&quot;,&quot;overlay_background&quot;:&quot;yes&quot;,&quot;content_hover_animation&quot;:&quot;fade-in&quot;}\" data-widget_type=\"gallery.default\">\n\t\t\t\t<div class=\"elementor-widget-container\">\n\t\t\t\t\t\t\t<div class=\"elementor-gallery__container\">\n\t\t\t\t\t\t\t<a class=\"e-gallery-item elementor-gallery-item elementor-animated-content\" href=\"https:\/\/www.jdroadtrip.tv\/blog\/wp-content\/uploads\/2021\/10\/Alsace-a-velo-9.jpg\" data-elementor-open-lightbox=\"yes\" data-elementor-lightbox-slideshow=\"de483a7\" data-elementor-lightbox-title=\"Alsace-a-velo-9\" data-e-action-hash=\"#elementor-action%3Aaction%3Dlightbox%26settings%3DeyJpZCI6NTE3NTMsInVybCI6Imh0dHBzOlwvXC93d3cuamRyb2FkdHJpcC50dlwvYmxvZ1wvd3AtY29udGVudFwvdXBsb2Fkc1wvMjAyMVwvMTBcL0Fsc2FjZS1hLXZlbG8tOS5qcGciLCJzbGlkZXNob3ciOiJkZTQ4M2E3In0%3D\">\n\t\t\t\t\t<div class=\"e-gallery-image elementor-gallery-item__image\" data-thumbnail=\"https:\/\/www.jdroadtrip.tv\/blog\/wp-content\/uploads\/2021\/10\/Alsace-a-velo-9.jpg\" data-width=\"1500\" data-height=\"2250\" aria-label=\"Alsace \u00e0 v\u00e9lo - Strasbourg\" role=\"img\" ><\/div>\n\t\t\t\t\t\t\t\t\t\t\t<div class=\"elementor-gallery-item__overlay\"><\/div>\n\t\t\t\t\t\t\t\t\t\t\t\t\t\t<\/a>\n\t\t\t\t\t\t\t<a class=\"e-gallery-item elementor-gallery-item elementor-animated-content\" href=\"https:\/\/www.jdroadtrip.tv\/blog\/wp-content\/uploads\/2021\/10\/Alsace-a-velo-101.jpg\" data-elementor-open-lightbox=\"yes\" data-elementor-lightbox-slideshow=\"de483a7\" data-elementor-lightbox-title=\"Alsace-a-velo-101\" data-e-action-hash=\"#elementor-action%3Aaction%3Dlightbox%26settings%3DeyJpZCI6NTE3NDMsInVybCI6Imh0dHBzOlwvXC93d3cuamRyb2FkdHJpcC50dlwvYmxvZ1wvd3AtY29udGVudFwvdXBsb2Fkc1wvMjAyMVwvMTBcL0Fsc2FjZS1hLXZlbG8tMTAxLmpwZyIsInNsaWRlc2hvdyI6ImRlNDgzYTcifQ%3D%3D\">\n\t\t\t\t\t<div class=\"e-gallery-image elementor-gallery-item__image\" data-thumbnail=\"https:\/\/www.jdroadtrip.tv\/blog\/wp-content\/uploads\/2021\/10\/Alsace-a-velo-101.jpg\" data-width=\"1500\" data-height=\"1000\" aria-label=\"Alsace \u00e0 v\u00e9lo - Strasbourg\" role=\"img\" ><\/div>\n\t\t\t\t\t\t\t\t\t\t\t<div class=\"elementor-gallery-item__overlay\"><\/div>\n\t\t\t\t\t\t\t\t\t\t\t\t\t\t<\/a>\n\t\t\t\t\t\t\t<a class=\"e-gallery-item elementor-gallery-item elementor-animated-content\" href=\"https:\/\/www.jdroadtrip.tv\/blog\/wp-content\/uploads\/2021\/10\/Alsace-a-velo-103.jpg\" data-elementor-open-lightbox=\"yes\" data-elementor-lightbox-slideshow=\"de483a7\" data-elementor-lightbox-title=\"Alsace-a-velo-103\" data-e-action-hash=\"#elementor-action%3Aaction%3Dlightbox%26settings%3DeyJpZCI6NTE3MzksInVybCI6Imh0dHBzOlwvXC93d3cuamRyb2FkdHJpcC50dlwvYmxvZ1wvd3AtY29udGVudFwvdXBsb2Fkc1wvMjAyMVwvMTBcL0Fsc2FjZS1hLXZlbG8tMTAzLmpwZyIsInNsaWRlc2hvdyI6ImRlNDgzYTcifQ%3D%3D\">\n\t\t\t\t\t<div class=\"e-gallery-image elementor-gallery-item__image\" data-thumbnail=\"https:\/\/www.jdroadtrip.tv\/blog\/wp-content\/uploads\/2021\/10\/Alsace-a-velo-103.jpg\" data-width=\"1500\" data-height=\"2250\" aria-label=\"Alsace \u00e0 v\u00e9lo - Strasbourg\" role=\"img\" ><\/div>\n\t\t\t\t\t\t\t\t\t\t\t<div class=\"elementor-gallery-item__overlay\"><\/div>\n\t\t\t\t\t\t\t\t\t\t\t\t\t\t<\/a>\n\t\t\t\t\t\t\t<a class=\"e-gallery-item elementor-gallery-item elementor-animated-content\" href=\"https:\/\/www.jdroadtrip.tv\/blog\/wp-content\/uploads\/2021\/10\/Alsace-a-velo-104.jpg\" data-elementor-open-lightbox=\"yes\" data-elementor-lightbox-slideshow=\"de483a7\" data-elementor-lightbox-title=\"Alsace-a-velo-104\" data-e-action-hash=\"#elementor-action%3Aaction%3Dlightbox%26settings%3DeyJpZCI6NTE3NDAsInVybCI6Imh0dHBzOlwvXC93d3cuamRyb2FkdHJpcC50dlwvYmxvZ1wvd3AtY29udGVudFwvdXBsb2Fkc1wvMjAyMVwvMTBcL0Fsc2FjZS1hLXZlbG8tMTA0LmpwZyIsInNsaWRlc2hvdyI6ImRlNDgzYTcifQ%3D%3D\">\n\t\t\t\t\t<div class=\"e-gallery-image elementor-gallery-item__image\" data-thumbnail=\"https:\/\/www.jdroadtrip.tv\/blog\/wp-content\/uploads\/2021\/10\/Alsace-a-velo-104.jpg\" data-width=\"1500\" data-height=\"1000\" aria-label=\"Alsace \u00e0 v\u00e9lo - Strasbourg\" role=\"img\" ><\/div>\n\t\t\t\t\t\t\t\t\t\t\t<div class=\"elementor-gallery-item__overlay\"><\/div>\n\t\t\t\t\t\t\t\t\t\t\t\t\t\t<\/a>\n\t\t\t\t\t\t\t<a class=\"e-gallery-item elementor-gallery-item elementor-animated-content\" href=\"https:\/\/www.jdroadtrip.tv\/blog\/wp-content\/uploads\/2021\/10\/Alsace-a-velo-13.jpg\" data-elementor-open-lightbox=\"yes\" data-elementor-lightbox-slideshow=\"de483a7\" data-elementor-lightbox-title=\"Alsace-a-velo-13\" data-e-action-hash=\"#elementor-action%3Aaction%3Dlightbox%26settings%3DeyJpZCI6NTE3NTcsInVybCI6Imh0dHBzOlwvXC93d3cuamRyb2FkdHJpcC50dlwvYmxvZ1wvd3AtY29udGVudFwvdXBsb2Fkc1wvMjAyMVwvMTBcL0Fsc2FjZS1hLXZlbG8tMTMuanBnIiwic2xpZGVzaG93IjoiZGU0ODNhNyJ9\">\n\t\t\t\t\t<div class=\"e-gallery-image elementor-gallery-item__image\" data-thumbnail=\"https:\/\/www.jdroadtrip.tv\/blog\/wp-content\/uploads\/2021\/10\/Alsace-a-velo-13.jpg\" data-width=\"1500\" data-height=\"2250\" aria-label=\"Alsace \u00e0 v\u00e9lo - Strasbourg\" role=\"img\" ><\/div>\n\t\t\t\t\t\t\t\t\t\t\t<div class=\"elementor-gallery-item__overlay\"><\/div>\n\t\t\t\t\t\t\t\t\t\t\t\t\t\t<\/a>\n\t\t\t\t\t\t\t<a class=\"e-gallery-item elementor-gallery-item elementor-animated-content\" href=\"https:\/\/www.jdroadtrip.tv\/blog\/wp-content\/uploads\/2021\/10\/Alsace-a-velo-105.jpg\" data-elementor-open-lightbox=\"yes\" data-elementor-lightbox-slideshow=\"de483a7\" data-elementor-lightbox-title=\"Alsace-a-velo-105\" data-e-action-hash=\"#elementor-action%3Aaction%3Dlightbox%26settings%3DeyJpZCI6NTE3NDEsInVybCI6Imh0dHBzOlwvXC93d3cuamRyb2FkdHJpcC50dlwvYmxvZ1wvd3AtY29udGVudFwvdXBsb2Fkc1wvMjAyMVwvMTBcL0Fsc2FjZS1hLXZlbG8tMTA1LmpwZyIsInNsaWRlc2hvdyI6ImRlNDgzYTcifQ%3D%3D\">\n\t\t\t\t\t<div class=\"e-gallery-image elementor-gallery-item__image\" data-thumbnail=\"https:\/\/www.jdroadtrip.tv\/blog\/wp-content\/uploads\/2021\/10\/Alsace-a-velo-105.jpg\" data-width=\"1500\" data-height=\"1000\" aria-label=\"Alsace \u00e0 v\u00e9lo - Strasbourg\" role=\"img\" ><\/div>\n\t\t\t\t\t\t\t\t\t\t\t<div class=\"elementor-gallery-item__overlay\"><\/div>\n\t\t\t\t\t\t\t\t\t\t\t\t\t\t<\/a>\n\t\t\t\t\t\t\t<a class=\"e-gallery-item elementor-gallery-item elementor-animated-content\" href=\"https:\/\/www.jdroadtrip.tv\/blog\/wp-content\/uploads\/2021\/10\/Alsace-a-velo-8.jpg\" data-elementor-open-lightbox=\"yes\" data-elementor-lightbox-slideshow=\"de483a7\" data-elementor-lightbox-title=\"Alsace-a-velo-8\" data-e-action-hash=\"#elementor-action%3Aaction%3Dlightbox%26settings%3DeyJpZCI6NTE3NTIsInVybCI6Imh0dHBzOlwvXC93d3cuamRyb2FkdHJpcC50dlwvYmxvZ1wvd3AtY29udGVudFwvdXBsb2Fkc1wvMjAyMVwvMTBcL0Fsc2FjZS1hLXZlbG8tOC5qcGciLCJzbGlkZXNob3ciOiJkZTQ4M2E3In0%3D\">\n\t\t\t\t\t<div class=\"e-gallery-image elementor-gallery-item__image\" data-thumbnail=\"https:\/\/www.jdroadtrip.tv\/blog\/wp-content\/uploads\/2021\/10\/Alsace-a-velo-8.jpg\" data-width=\"1500\" data-height=\"1000\" aria-label=\"\" role=\"img\" ><\/div>\n\t\t\t\t\t\t\t\t\t\t\t<div class=\"elementor-gallery-item__overlay\"><\/div>\n\t\t\t\t\t\t\t\t\t\t\t\t\t\t<\/a>\n\t\t\t\t\t\t\t<a class=\"e-gallery-item elementor-gallery-item elementor-animated-content\" href=\"https:\/\/www.jdroadtrip.tv\/blog\/wp-content\/uploads\/2021\/10\/Alsace-a-velo-10.jpg\" data-elementor-open-lightbox=\"yes\" data-elementor-lightbox-slideshow=\"de483a7\" data-elementor-lightbox-title=\"Alsace-a-velo-10\" data-e-action-hash=\"#elementor-action%3Aaction%3Dlightbox%26settings%3DeyJpZCI6NTE3NTQsInVybCI6Imh0dHBzOlwvXC93d3cuamRyb2FkdHJpcC50dlwvYmxvZ1wvd3AtY29udGVudFwvdXBsb2Fkc1wvMjAyMVwvMTBcL0Fsc2FjZS1hLXZlbG8tMTAuanBnIiwic2xpZGVzaG93IjoiZGU0ODNhNyJ9\">\n\t\t\t\t\t<div class=\"e-gallery-image elementor-gallery-item__image\" data-thumbnail=\"https:\/\/www.jdroadtrip.tv\/blog\/wp-content\/uploads\/2021\/10\/Alsace-a-velo-10.jpg\" data-width=\"1500\" data-height=\"1000\" aria-label=\"Alsace \u00e0 v\u00e9lo - Strasbourg\" role=\"img\" ><\/div>\n\t\t\t\t\t\t\t\t\t\t\t<div class=\"elementor-gallery-item__overlay\"><\/div>\n\t\t\t\t\t\t\t\t\t\t\t\t\t\t<\/a>\n\t\t\t\t\t\t\t<a class=\"e-gallery-item elementor-gallery-item elementor-animated-content\" href=\"https:\/\/www.jdroadtrip.tv\/blog\/wp-content\/uploads\/2021\/10\/Alsace-a-velo-18.jpg\" data-elementor-open-lightbox=\"yes\" data-elementor-lightbox-slideshow=\"de483a7\" data-elementor-lightbox-title=\"Alsace-a-velo-18\" data-e-action-hash=\"#elementor-action%3Aaction%3Dlightbox%26settings%3DeyJpZCI6NTE3NjIsInVybCI6Imh0dHBzOlwvXC93d3cuamRyb2FkdHJpcC50dlwvYmxvZ1wvd3AtY29udGVudFwvdXBsb2Fkc1wvMjAyMVwvMTBcL0Fsc2FjZS1hLXZlbG8tMTguanBnIiwic2xpZGVzaG93IjoiZGU0ODNhNyJ9\">\n\t\t\t\t\t<div class=\"e-gallery-image elementor-gallery-item__image\" data-thumbnail=\"https:\/\/www.jdroadtrip.tv\/blog\/wp-content\/uploads\/2021\/10\/Alsace-a-velo-18.jpg\" data-width=\"1500\" data-height=\"1000\" aria-label=\"Alsace \u00e0 v\u00e9lo - Ravito Cyclos\" role=\"img\" ><\/div>\n\t\t\t\t\t\t\t\t\t\t\t<div class=\"elementor-gallery-item__overlay\"><\/div>\n\t\t\t\t\t\t\t\t\t\t\t\t\t\t<\/a>\n\t\t\t\t\t\t\t<a class=\"e-gallery-item elementor-gallery-item elementor-animated-content\" href=\"https:\/\/www.jdroadtrip.tv\/blog\/wp-content\/uploads\/2021\/10\/Alsace-a-velo-28.jpg\" data-elementor-open-lightbox=\"yes\" data-elementor-lightbox-slideshow=\"de483a7\" data-elementor-lightbox-title=\"Alsace-a-velo-28\" data-e-action-hash=\"#elementor-action%3Aaction%3Dlightbox%26settings%3DeyJpZCI6NTE3NzIsInVybCI6Imh0dHBzOlwvXC93d3cuamRyb2FkdHJpcC50dlwvYmxvZ1wvd3AtY29udGVudFwvdXBsb2Fkc1wvMjAyMVwvMTBcL0Fsc2FjZS1hLXZlbG8tMjguanBnIiwic2xpZGVzaG93IjoiZGU0ODNhNyJ9\">\n\t\t\t\t\t<div class=\"e-gallery-image elementor-gallery-item__image\" data-thumbnail=\"https:\/\/www.jdroadtrip.tv\/blog\/wp-content\/uploads\/2021\/10\/Alsace-a-velo-28.jpg\" data-width=\"1500\" data-height=\"2250\" aria-label=\"\" role=\"img\" ><\/div>\n\t\t\t\t\t\t\t\t\t\t\t<div class=\"elementor-gallery-item__overlay\"><\/div>\n\t\t\t\t\t\t\t\t\t\t\t\t\t\t<\/a>\n\t\t\t\t\t\t\t<a class=\"e-gallery-item elementor-gallery-item elementor-animated-content\" href=\"https:\/\/www.jdroadtrip.tv\/blog\/wp-content\/uploads\/2021\/10\/Alsace-a-velo-19.jpg\" data-elementor-open-lightbox=\"yes\" data-elementor-lightbox-slideshow=\"de483a7\" data-elementor-lightbox-title=\"Alsace-a-velo-19\" data-e-action-hash=\"#elementor-action%3Aaction%3Dlightbox%26settings%3DeyJpZCI6NTE3NjMsInVybCI6Imh0dHBzOlwvXC93d3cuamRyb2FkdHJpcC50dlwvYmxvZ1wvd3AtY29udGVudFwvdXBsb2Fkc1wvMjAyMVwvMTBcL0Fsc2FjZS1hLXZlbG8tMTkuanBnIiwic2xpZGVzaG93IjoiZGU0ODNhNyJ9\">\n\t\t\t\t\t<div class=\"e-gallery-image elementor-gallery-item__image\" data-thumbnail=\"https:\/\/www.jdroadtrip.tv\/blog\/wp-content\/uploads\/2021\/10\/Alsace-a-velo-19.jpg\" data-width=\"1500\" data-height=\"1000\" aria-label=\"\" role=\"img\" ><\/div>\n\t\t\t\t\t\t\t\t\t\t\t<div class=\"elementor-gallery-item__overlay\"><\/div>\n\t\t\t\t\t\t\t\t\t\t\t\t\t\t<\/a>\n\t\t\t\t\t\t\t<a class=\"e-gallery-item elementor-gallery-item elementor-animated-content\" href=\"https:\/\/www.jdroadtrip.tv\/blog\/wp-content\/uploads\/2021\/10\/Alsace-a-velo-24.jpg\" data-elementor-open-lightbox=\"yes\" data-elementor-lightbox-slideshow=\"de483a7\" data-elementor-lightbox-title=\"Alsace-a-velo-24\" data-e-action-hash=\"#elementor-action%3Aaction%3Dlightbox%26settings%3DeyJpZCI6NTE3NjgsInVybCI6Imh0dHBzOlwvXC93d3cuamRyb2FkdHJpcC50dlwvYmxvZ1wvd3AtY29udGVudFwvdXBsb2Fkc1wvMjAyMVwvMTBcL0Fsc2FjZS1hLXZlbG8tMjQuanBnIiwic2xpZGVzaG93IjoiZGU0ODNhNyJ9\">\n\t\t\t\t\t<div class=\"e-gallery-image elementor-gallery-item__image\" data-thumbnail=\"https:\/\/www.jdroadtrip.tv\/blog\/wp-content\/uploads\/2021\/10\/Alsace-a-velo-24.jpg\" data-width=\"1500\" data-height=\"2250\" aria-label=\"Se prendre en photo seule en voyage - Demander \u00e0 quelqu&#039;un\" role=\"img\" ><\/div>\n\t\t\t\t\t\t\t\t\t\t\t<div class=\"elementor-gallery-item__overlay\"><\/div>\n\t\t\t\t\t\t\t\t\t\t\t\t\t\t<\/a>\n\t\t\t\t\t\t\t<a class=\"e-gallery-item elementor-gallery-item elementor-animated-content\" href=\"https:\/\/www.jdroadtrip.tv\/blog\/wp-content\/uploads\/2021\/10\/Alsace-a-velo-20.jpg\" data-elementor-open-lightbox=\"yes\" data-elementor-lightbox-slideshow=\"de483a7\" data-elementor-lightbox-title=\"Alsace-a-velo-20\" data-e-action-hash=\"#elementor-action%3Aaction%3Dlightbox%26settings%3DeyJpZCI6NTE3NjQsInVybCI6Imh0dHBzOlwvXC93d3cuamRyb2FkdHJpcC50dlwvYmxvZ1wvd3AtY29udGVudFwvdXBsb2Fkc1wvMjAyMVwvMTBcL0Fsc2FjZS1hLXZlbG8tMjAuanBnIiwic2xpZGVzaG93IjoiZGU0ODNhNyJ9\">\n\t\t\t\t\t<div class=\"e-gallery-image elementor-gallery-item__image\" data-thumbnail=\"https:\/\/www.jdroadtrip.tv\/blog\/wp-content\/uploads\/2021\/10\/Alsace-a-velo-20.jpg\" data-width=\"1500\" data-height=\"1000\" aria-label=\"\" role=\"img\" ><\/div>\n\t\t\t\t\t\t\t\t\t\t\t<div class=\"elementor-gallery-item__overlay\"><\/div>\n\t\t\t\t\t\t\t\t\t\t\t\t\t\t<\/a>\n\t\t\t\t\t\t\t<a class=\"e-gallery-item elementor-gallery-item elementor-animated-content\" href=\"https:\/\/www.jdroadtrip.tv\/blog\/wp-content\/uploads\/2021\/10\/Alsace-a-velo-42.jpg\" data-elementor-open-lightbox=\"yes\" data-elementor-lightbox-slideshow=\"de483a7\" data-elementor-lightbox-title=\"Alsace-a-velo-42\" data-e-action-hash=\"#elementor-action%3Aaction%3Dlightbox%26settings%3DeyJpZCI6NTE3ODYsInVybCI6Imh0dHBzOlwvXC93d3cuamRyb2FkdHJpcC50dlwvYmxvZ1wvd3AtY29udGVudFwvdXBsb2Fkc1wvMjAyMVwvMTBcL0Fsc2FjZS1hLXZlbG8tNDIuanBnIiwic2xpZGVzaG93IjoiZGU0ODNhNyJ9\">\n\t\t\t\t\t<div class=\"e-gallery-image elementor-gallery-item__image\" data-thumbnail=\"https:\/\/www.jdroadtrip.tv\/blog\/wp-content\/uploads\/2021\/10\/Alsace-a-velo-42.jpg\" data-width=\"1500\" data-height=\"2250\" aria-label=\"\" role=\"img\" ><\/div>\n\t\t\t\t\t\t\t\t\t\t\t<div class=\"elementor-gallery-item__overlay\"><\/div>\n\t\t\t\t\t\t\t\t\t\t\t\t\t\t<\/a>\n\t\t\t\t\t\t\t<a class=\"e-gallery-item elementor-gallery-item elementor-animated-content\" href=\"https:\/\/www.jdroadtrip.tv\/blog\/wp-content\/uploads\/2021\/10\/Alsace-a-velo-27.jpg\" data-elementor-open-lightbox=\"yes\" data-elementor-lightbox-slideshow=\"de483a7\" data-elementor-lightbox-title=\"Alsace-a-velo-27\" data-e-action-hash=\"#elementor-action%3Aaction%3Dlightbox%26settings%3DeyJpZCI6NTE3NzEsInVybCI6Imh0dHBzOlwvXC93d3cuamRyb2FkdHJpcC50dlwvYmxvZ1wvd3AtY29udGVudFwvdXBsb2Fkc1wvMjAyMVwvMTBcL0Fsc2FjZS1hLXZlbG8tMjcuanBnIiwic2xpZGVzaG93IjoiZGU0ODNhNyJ9\">\n\t\t\t\t\t<div class=\"e-gallery-image elementor-gallery-item__image\" data-thumbnail=\"https:\/\/www.jdroadtrip.tv\/blog\/wp-content\/uploads\/2021\/10\/Alsace-a-velo-27.jpg\" data-width=\"1500\" data-height=\"1000\" aria-label=\"\" role=\"img\" ><\/div>\n\t\t\t\t\t\t\t\t\t\t\t<div class=\"elementor-gallery-item__overlay\"><\/div>\n\t\t\t\t\t\t\t\t\t\t\t\t\t\t<\/a>\n\t\t\t\t\t\t\t<a class=\"e-gallery-item elementor-gallery-item elementor-animated-content\" href=\"https:\/\/www.jdroadtrip.tv\/blog\/wp-content\/uploads\/2021\/10\/Alsace-a-velo-26.jpg\" data-elementor-open-lightbox=\"yes\" data-elementor-lightbox-slideshow=\"de483a7\" data-elementor-lightbox-title=\"Alsace-a-velo-26\" data-e-action-hash=\"#elementor-action%3Aaction%3Dlightbox%26settings%3DeyJpZCI6NTE3NzAsInVybCI6Imh0dHBzOlwvXC93d3cuamRyb2FkdHJpcC50dlwvYmxvZ1wvd3AtY29udGVudFwvdXBsb2Fkc1wvMjAyMVwvMTBcL0Fsc2FjZS1hLXZlbG8tMjYuanBnIiwic2xpZGVzaG93IjoiZGU0ODNhNyJ9\">\n\t\t\t\t\t<div class=\"e-gallery-image elementor-gallery-item__image\" data-thumbnail=\"https:\/\/www.jdroadtrip.tv\/blog\/wp-content\/uploads\/2021\/10\/Alsace-a-velo-26.jpg\" data-width=\"1500\" data-height=\"1000\" aria-label=\"\" role=\"img\" ><\/div>\n\t\t\t\t\t\t\t\t\t\t\t<div class=\"elementor-gallery-item__overlay\"><\/div>\n\t\t\t\t\t\t\t\t\t\t\t\t\t\t<\/a>\n\t\t\t\t\t\t\t<a class=\"e-gallery-item elementor-gallery-item elementor-animated-content\" href=\"https:\/\/www.jdroadtrip.tv\/blog\/wp-content\/uploads\/2021\/10\/Alsace-a-velo-33.jpg\" data-elementor-open-lightbox=\"yes\" data-elementor-lightbox-slideshow=\"de483a7\" data-elementor-lightbox-title=\"Alsace-a-velo-33\" data-e-action-hash=\"#elementor-action%3Aaction%3Dlightbox%26settings%3DeyJpZCI6NTE3NzcsInVybCI6Imh0dHBzOlwvXC93d3cuamRyb2FkdHJpcC50dlwvYmxvZ1wvd3AtY29udGVudFwvdXBsb2Fkc1wvMjAyMVwvMTBcL0Fsc2FjZS1hLXZlbG8tMzMuanBnIiwic2xpZGVzaG93IjoiZGU0ODNhNyJ9\">\n\t\t\t\t\t<div class=\"e-gallery-image elementor-gallery-item__image\" data-thumbnail=\"https:\/\/www.jdroadtrip.tv\/blog\/wp-content\/uploads\/2021\/10\/Alsace-a-velo-33.jpg\" data-width=\"1500\" data-height=\"1000\" aria-label=\"\" role=\"img\" ><\/div>\n\t\t\t\t\t\t\t\t\t\t\t<div class=\"elementor-gallery-item__overlay\"><\/div>\n\t\t\t\t\t\t\t\t\t\t\t\t\t\t<\/a>\n\t\t\t\t\t\t\t<a class=\"e-gallery-item elementor-gallery-item elementor-animated-content\" href=\"https:\/\/www.jdroadtrip.tv\/blog\/wp-content\/uploads\/2021\/10\/Alsace-a-velo-46.jpg\" data-elementor-open-lightbox=\"yes\" data-elementor-lightbox-slideshow=\"de483a7\" data-elementor-lightbox-title=\"Alsace-a-velo-46\" data-e-action-hash=\"#elementor-action%3Aaction%3Dlightbox%26settings%3DeyJpZCI6NTE3OTAsInVybCI6Imh0dHBzOlwvXC93d3cuamRyb2FkdHJpcC50dlwvYmxvZ1wvd3AtY29udGVudFwvdXBsb2Fkc1wvMjAyMVwvMTBcL0Fsc2FjZS1hLXZlbG8tNDYuanBnIiwic2xpZGVzaG93IjoiZGU0ODNhNyJ9\">\n\t\t\t\t\t<div class=\"e-gallery-image elementor-gallery-item__image\" data-thumbnail=\"https:\/\/www.jdroadtrip.tv\/blog\/wp-content\/uploads\/2021\/10\/Alsace-a-velo-46.jpg\" data-width=\"1500\" data-height=\"1000\" aria-label=\"\" role=\"img\" ><\/div>\n\t\t\t\t\t\t\t\t\t\t\t<div class=\"elementor-gallery-item__overlay\"><\/div>\n\t\t\t\t\t\t\t\t\t\t\t\t\t\t<\/a>\n\t\t\t\t\t<\/div>\n\t\t\t\t\t<\/div>\n\t\t\t\t<\/div>\n\t\t\t\t\t<\/div>\n\t\t<\/div>\n\t\t\t\t\t<\/div>\n\t\t<\/section>\n\t\t\t\t<section class=\"elementor-section elementor-top-section elementor-element elementor-element-53d5ff1 elementor-section-boxed elementor-section-height-default elementor-section-height-default\" data-id=\"53d5ff1\" data-element_type=\"section\">\n\t\t\t\t\t\t<div class=\"elementor-container elementor-column-gap-default\">\n\t\t\t\t\t<div class=\"elementor-column elementor-col-100 elementor-top-column elementor-element elementor-element-2e97ba8\" data-id=\"2e97ba8\" data-element_type=\"column\">\n\t\t\t<div class=\"elementor-widget-wrap elementor-element-populated\">\n\t\t\t\t\t\t<div class=\"elementor-element elementor-element-65c970b elementor-widget elementor-widget-text-editor\" data-id=\"65c970b\" data-element_type=\"widget\" data-widget_type=\"text-editor.default\">\n\t\t\t\t<div class=\"elementor-widget-container\">\n\t\t\t\t\t\t\t\t\t<h5 style=\"text-align: justify;\">O\u00f9 dormir ?<\/h5><p style=\"text-align: justify;\">Situ\u00e9 en face de la gare de Strasbourg et \u00e0 5 minutes du coeur de la ville, l&rsquo;<strong><a href=\"https:\/\/www.booking.com\/hotel\/fr\/ha-tel-nid-de-cigognes.en.html?aid=1559594&amp;no_rooms=1&amp;group_adults=2\" target=\"_blank\" rel=\"noopener\">h\u00f4tel Tandem<\/a><\/strong> est vraiment parfait. <strong>Il est \u00e9coresponsable avec un design sur le th\u00e8me du v\u00e9lo.<\/strong> Les chambres sont spacieuses, la literie est confortable et le petit d\u00e9jeuner est frais, complet et vari\u00e9.\u00a0\u00a0Une vue magnifique sur la place de la gare.<\/p><h5 style=\"text-align: justify;\">O\u00f9 manger ?<\/h5><p style=\"text-align: justify;\">Pr\u00e8s de la gare se trouve la<strong> <a href=\"https:\/\/lemeteor.fr\/\" target=\"_blank\" rel=\"noopener\">brasserie Le Meteor<\/a><\/strong>, un lieu tr\u00e8s convivial o\u00f9 les locaux se donnent rendez-vous pour boire un verre et manger des plats traditionnels comme la tarte flamb\u00e9e ou appel\u00e9e aussi flammekueche. Au choix, sal\u00e9 ou sucr\u00e9, vous trouverez votre bonheur.<\/p>\t\t\t\t\t\t\t\t<\/div>\n\t\t\t\t<\/div>\n\t\t\t\t<div class=\"elementor-element elementor-element-1e6b36c elementor-widget elementor-widget-gallery\" data-id=\"1e6b36c\" data-element_type=\"widget\" data-settings=\"{&quot;columns&quot;:3,&quot;columns_tablet&quot;:3,&quot;columns_mobile&quot;:3,&quot;lazyload&quot;:&quot;yes&quot;,&quot;gallery_layout&quot;:&quot;grid&quot;,&quot;gap&quot;:{&quot;unit&quot;:&quot;px&quot;,&quot;size&quot;:10,&quot;sizes&quot;:[]},&quot;gap_tablet&quot;:{&quot;unit&quot;:&quot;px&quot;,&quot;size&quot;:10,&quot;sizes&quot;:[]},&quot;gap_mobile&quot;:{&quot;unit&quot;:&quot;px&quot;,&quot;size&quot;:10,&quot;sizes&quot;:[]},&quot;link_to&quot;:&quot;file&quot;,&quot;aspect_ratio&quot;:&quot;3:2&quot;,&quot;overlay_background&quot;:&quot;yes&quot;,&quot;content_hover_animation&quot;:&quot;fade-in&quot;}\" data-widget_type=\"gallery.default\">\n\t\t\t\t<div class=\"elementor-widget-container\">\n\t\t\t\t\t\t\t<div class=\"elementor-gallery__container\">\n\t\t\t\t\t\t\t<a class=\"e-gallery-item elementor-gallery-item elementor-animated-content\" href=\"https:\/\/www.jdroadtrip.tv\/blog\/wp-content\/uploads\/2021\/10\/Alsace-a-velo.jpg\" data-elementor-open-lightbox=\"yes\" data-elementor-lightbox-slideshow=\"1e6b36c\" data-elementor-lightbox-title=\"Alsace-a-velo\" data-e-action-hash=\"#elementor-action%3Aaction%3Dlightbox%26settings%3DeyJpZCI6NTE3MzcsInVybCI6Imh0dHBzOlwvXC93d3cuamRyb2FkdHJpcC50dlwvYmxvZ1wvd3AtY29udGVudFwvdXBsb2Fkc1wvMjAyMVwvMTBcL0Fsc2FjZS1hLXZlbG8uanBnIiwic2xpZGVzaG93IjoiMWU2YjM2YyJ9\">\n\t\t\t\t\t<div class=\"e-gallery-image elementor-gallery-item__image\" data-thumbnail=\"https:\/\/www.jdroadtrip.tv\/blog\/wp-content\/uploads\/2021\/10\/Alsace-a-velo.jpg\" data-width=\"1500\" data-height=\"2250\" aria-label=\"Alsace \u00e0 v\u00e9lo - H\u00f4tel Tandem\" role=\"img\" ><\/div>\n\t\t\t\t\t\t\t\t\t\t\t<div class=\"elementor-gallery-item__overlay\"><\/div>\n\t\t\t\t\t\t\t\t\t\t\t\t\t\t<\/a>\n\t\t\t\t\t\t\t<a class=\"e-gallery-item elementor-gallery-item elementor-animated-content\" href=\"https:\/\/www.jdroadtrip.tv\/blog\/wp-content\/uploads\/2021\/10\/Alsace-a-velo-16.jpg\" data-elementor-open-lightbox=\"yes\" data-elementor-lightbox-slideshow=\"1e6b36c\" data-elementor-lightbox-title=\"Alsace-a-velo-16\" data-e-action-hash=\"#elementor-action%3Aaction%3Dlightbox%26settings%3DeyJpZCI6NTE3NjAsInVybCI6Imh0dHBzOlwvXC93d3cuamRyb2FkdHJpcC50dlwvYmxvZ1wvd3AtY29udGVudFwvdXBsb2Fkc1wvMjAyMVwvMTBcL0Fsc2FjZS1hLXZlbG8tMTYuanBnIiwic2xpZGVzaG93IjoiMWU2YjM2YyJ9\">\n\t\t\t\t\t<div class=\"e-gallery-image elementor-gallery-item__image\" data-thumbnail=\"https:\/\/www.jdroadtrip.tv\/blog\/wp-content\/uploads\/2021\/10\/Alsace-a-velo-16.jpg\" data-width=\"1500\" data-height=\"1000\" aria-label=\"Alsace \u00e0 v\u00e9lo - M\u00e9t\u00e9or\" role=\"img\" ><\/div>\n\t\t\t\t\t\t\t\t\t\t\t<div class=\"elementor-gallery-item__overlay\"><\/div>\n\t\t\t\t\t\t\t\t\t\t\t\t\t\t<\/a>\n\t\t\t\t\t\t\t<a class=\"e-gallery-item elementor-gallery-item elementor-animated-content\" href=\"https:\/\/www.jdroadtrip.tv\/blog\/wp-content\/uploads\/2021\/10\/Alsace-a-velo-17.jpg\" data-elementor-open-lightbox=\"yes\" data-elementor-lightbox-slideshow=\"1e6b36c\" data-elementor-lightbox-title=\"Alsace-a-velo-17\" data-e-action-hash=\"#elementor-action%3Aaction%3Dlightbox%26settings%3DeyJpZCI6NTE3NjEsInVybCI6Imh0dHBzOlwvXC93d3cuamRyb2FkdHJpcC50dlwvYmxvZ1wvd3AtY29udGVudFwvdXBsb2Fkc1wvMjAyMVwvMTBcL0Fsc2FjZS1hLXZlbG8tMTcuanBnIiwic2xpZGVzaG93IjoiMWU2YjM2YyJ9\">\n\t\t\t\t\t<div class=\"e-gallery-image elementor-gallery-item__image\" data-thumbnail=\"https:\/\/www.jdroadtrip.tv\/blog\/wp-content\/uploads\/2021\/10\/Alsace-a-velo-17.jpg\" data-width=\"1500\" data-height=\"1000\" aria-label=\"\" role=\"img\" ><\/div>\n\t\t\t\t\t\t\t\t\t\t\t<div class=\"elementor-gallery-item__overlay\"><\/div>\n\t\t\t\t\t\t\t\t\t\t\t\t\t\t<\/a>\n\t\t\t\t\t<\/div>\n\t\t\t\t\t<\/div>\n\t\t\t\t<\/div>\n\t\t\t\t<div class=\"elementor-element elementor-element-0673369 elementor-widget-divider--view-line elementor-widget elementor-widget-global elementor-global-41411 elementor-widget-divider\" data-id=\"0673369\" data-element_type=\"widget\" data-widget_type=\"divider.default\">\n\t\t\t\t<div class=\"elementor-widget-container\">\n\t\t\t\t\t\t\t<div class=\"elementor-divider\">\n\t\t\t<span class=\"elementor-divider-separator\">\n\t\t\t\t\t\t<\/span>\n\t\t<\/div>\n\t\t\t\t\t\t<\/div>\n\t\t\t\t<\/div>\n\t\t\t\t\t<\/div>\n\t\t<\/div>\n\t\t\t\t\t<\/div>\n\t\t<\/section>\n\t\t\t\t<section class=\"elementor-section elementor-top-section elementor-element elementor-element-2064dc2 elementor-section-boxed elementor-section-height-default elementor-section-height-default\" data-id=\"2064dc2\" data-element_type=\"section\">\n\t\t\t\t\t\t<div class=\"elementor-container elementor-column-gap-default\">\n\t\t\t\t\t<div class=\"elementor-column elementor-col-100 elementor-top-column elementor-element elementor-element-cd54b1d\" data-id=\"cd54b1d\" data-element_type=\"column\">\n\t\t\t<div class=\"elementor-widget-wrap elementor-element-populated\">\n\t\t\t\t\t\t<section class=\"elementor-section elementor-inner-section elementor-element elementor-element-7eb8a51 elementor-section-boxed elementor-section-height-default elementor-section-height-default\" data-id=\"7eb8a51\" data-element_type=\"section\">\n\t\t\t\t\t\t<div class=\"elementor-container elementor-column-gap-default\">\n\t\t\t\t\t<div class=\"elementor-column elementor-col-100 elementor-inner-column elementor-element elementor-element-3197629\" data-id=\"3197629\" data-element_type=\"column\">\n\t\t\t<div class=\"elementor-widget-wrap elementor-element-populated\">\n\t\t\t\t\t\t<div class=\"elementor-element elementor-element-1b3060c elementor-widget elementor-widget-text-editor\" data-id=\"1b3060c\" data-element_type=\"widget\" data-widget_type=\"text-editor.default\">\n\t\t\t\t<div class=\"elementor-widget-container\">\n\t\t\t\t\t\t\t\t\t<h3 style=\"text-align: justify;\">Gertwiller &gt; Colmar<\/h3><p style=\"text-align: justify;\">Une longue journ\u00e9e, car je d\u00e9marre la route des vins, la plus belle partie et ma pr\u00e9f\u00e9r\u00e9e de l&rsquo;Alsace \u00e0 v\u00e9lo. \u00c0 peine Gertwiller quitt\u00e9, je traverse des hectares de vignobles avec au loin des petits villages alsaciens. C&rsquo;est absolument magnifique et la m\u00e9t\u00e9o est au rendez-vous, ce qui rend le voyage encore plus agr\u00e9able. <strong>Direction Ribeauvill\u00e9 o\u00f9 d\u00e9bute la boucle locale \u00ab Villages m\u00e9di\u00e9vaux au c\u0153ur du vignoble \u00bb et autant vous dire que c&rsquo;est sublime !<\/strong> Je pense que le nombre de fois o\u00f9 j&rsquo;ai dit \u00ab\u00a0c&rsquo;est beau\u00a0\u00bb ne se compte plus. Je ne suis jamais venue en Alsace et je dois l&rsquo;avouer que c&rsquo;est une belle d\u00e9couverte.<img loading=\"lazy\" decoding=\"async\" class=\"size-full wp-image-51919 aligncenter\" src=\"https:\/\/www.jdroadtrip.tv\/blog\/wp-content\/uploads\/2021\/10\/Alsace-a-velo-58-1.jpg\" alt=\"Alsace \u00e0 v\u00e9lo - Ribeauvill\u00e9\" width=\"1500\" height=\"1000\" srcset=\"https:\/\/www.jdroadtrip.tv\/blog\/wp-content\/uploads\/2021\/10\/Alsace-a-velo-58-1.jpg 1500w, https:\/\/www.jdroadtrip.tv\/blog\/wp-content\/uploads\/2021\/10\/Alsace-a-velo-58-1-300x200.jpg 300w, https:\/\/www.jdroadtrip.tv\/blog\/wp-content\/uploads\/2021\/10\/Alsace-a-velo-58-1-800x533.jpg 800w, https:\/\/www.jdroadtrip.tv\/blog\/wp-content\/uploads\/2021\/10\/Alsace-a-velo-58-1-250x167.jpg 250w, https:\/\/www.jdroadtrip.tv\/blog\/wp-content\/uploads\/2021\/10\/Alsace-a-velo-58-1-768x512.jpg 768w, https:\/\/www.jdroadtrip.tv\/blog\/wp-content\/uploads\/2021\/10\/Alsace-a-velo-58-1-1170x780.jpg 1170w, https:\/\/www.jdroadtrip.tv\/blog\/wp-content\/uploads\/2021\/10\/Alsace-a-velo-58-1-585x390.jpg 585w, https:\/\/www.jdroadtrip.tv\/blog\/wp-content\/uploads\/2021\/10\/Alsace-a-velo-58-1-263x175.jpg 263w\" sizes=\"(max-width: 1500px) 100vw, 1500px\" \/><\/p><p style=\"text-align: justify;\">Une fois ses nombreux villages travers\u00e9s, je d\u00e9jeune \u00e0 Riquewihr. <strong>Un village de folie tellement c&rsquo;est beau et color\u00e9.<\/strong> Le paradis pour faire des photos. Autant d&rsquo;\u00e9t\u00e9, c&rsquo;est canon, mais d&rsquo;hiver avec l&rsquo;ambiance de No\u00ebl, \u00e7a doit valoir le coup. D&rsquo;ailleurs <strong>\u00e0 Riquewihr se trouve une boutique de d\u00e9coration de No\u00ebl<\/strong> et je crois que a part en <strong><a href=\"https:\/\/www.jdroadtrip.tv\/blog\/laponie-finlandaise-visiter-levi-dans-la-region-de-kittila\/\" target=\"_blank\" rel=\"noopener\">Laponie Finlandaise \u00e0 Levi<\/a><\/strong>, je n&rsquo;ai jamais vu une boutique aussi incroyable. C&rsquo;est Disneyland ! Vous devez IMP\u00c9RATIVEMENT visiter la boutique <strong><a href=\"https:\/\/www.feeriedenoel.fr\/\" target=\"_blank\" rel=\"noopener\">F\u00e9\u00e9rie de No\u00ebl<\/a><\/strong>. Vous trouverez TOUT avec TOUTES les couleurs ! Les photos sont interdites \u00e0 l&rsquo;int\u00e9rieur.<\/p>\t\t\t\t\t\t\t\t<\/div>\n\t\t\t\t<\/div>\n\t\t\t\t\t<\/div>\n\t\t<\/div>\n\t\t\t\t\t<\/div>\n\t\t<\/section>\n\t\t\t\t<div class=\"elementor-element elementor-element-7b7d55a elementor-widget elementor-widget-text-editor\" data-id=\"7b7d55a\" data-element_type=\"widget\" data-widget_type=\"text-editor.default\">\n\t\t\t\t<div class=\"elementor-widget-container\">\n\t\t\t\t\t\t\t\t\t<p style=\"text-align: justify;\">Apr\u00e8s cette belle d\u00e9couverte, direction <strong>le village de Kaysersberg, \u00e9lu village pr\u00e9f\u00e9r\u00e9 des Fran\u00e7ais en 2017<\/strong> pour visiter son imposant ch\u00e2teau surplombant les vignes. Encore un village absolument charmant, on a envie d&rsquo;y rester des heures pour arpenter les rues. Mais il faut reprendre la route pour finir la journ\u00e9e \u00e0 Colmar.<\/p><p style=\"text-align: justify;\">Le passage en ville est intense, car beaucoup de circulation, mais tout est correctement am\u00e9nag\u00e9 pour bien circuler. Une fois le v\u00e9lo pos\u00e9 \u00e0 mon h\u00f4tel \u00ab\u00a0Accueil v\u00e9lo\u00a0\u00bb, <strong>je m\u2019empresse d&rsquo;aller voir la petite Venise \u00e0 Colmar<\/strong>. Il faut venir de jour comme de nuit voir cet endroit, c&rsquo;est trop beau ! Je dinerai au Le <strong><a href=\"https:\/\/www.bistrotdeslavandieres.com\" target=\"_blank\" rel=\"noopener\">Bistrot des Lavandi\u00e8res<\/a><\/strong> qui est juste \u00e0 c\u00f4t\u00e9 de ce spot incroyable. Une belle adresse qui propose des plats raffin\u00e9s et frais.<\/p>\t\t\t\t\t\t\t\t<\/div>\n\t\t\t\t<\/div>\n\t\t\t\t<div class=\"elementor-element elementor-element-1d2e27b elementor-widget elementor-widget-gallery\" data-id=\"1d2e27b\" data-element_type=\"widget\" data-settings=\"{&quot;gallery_layout&quot;:&quot;masonry&quot;,&quot;columns&quot;:3,&quot;columns_tablet&quot;:3,&quot;columns_mobile&quot;:3,&quot;lazyload&quot;:&quot;yes&quot;,&quot;gap&quot;:{&quot;unit&quot;:&quot;px&quot;,&quot;size&quot;:10,&quot;sizes&quot;:[]},&quot;gap_tablet&quot;:{&quot;unit&quot;:&quot;px&quot;,&quot;size&quot;:10,&quot;sizes&quot;:[]},&quot;gap_mobile&quot;:{&quot;unit&quot;:&quot;px&quot;,&quot;size&quot;:10,&quot;sizes&quot;:[]},&quot;link_to&quot;:&quot;file&quot;,&quot;overlay_background&quot;:&quot;yes&quot;,&quot;content_hover_animation&quot;:&quot;fade-in&quot;}\" data-widget_type=\"gallery.default\">\n\t\t\t\t<div class=\"elementor-widget-container\">\n\t\t\t\t\t\t\t<div class=\"elementor-gallery__container\">\n\t\t\t\t\t\t\t<a class=\"e-gallery-item elementor-gallery-item elementor-animated-content\" href=\"https:\/\/www.jdroadtrip.tv\/blog\/wp-content\/uploads\/2021\/10\/Alsace-a-velo-50.jpg\" data-elementor-open-lightbox=\"yes\" data-elementor-lightbox-slideshow=\"1d2e27b\" data-elementor-lightbox-title=\"Alsace-a-velo-50\" data-e-action-hash=\"#elementor-action%3Aaction%3Dlightbox%26settings%3DeyJpZCI6NTE4MjUsInVybCI6Imh0dHBzOlwvXC93d3cuamRyb2FkdHJpcC50dlwvYmxvZ1wvd3AtY29udGVudFwvdXBsb2Fkc1wvMjAyMVwvMTBcL0Fsc2FjZS1hLXZlbG8tNTAuanBnIiwic2xpZGVzaG93IjoiMWQyZTI3YiJ9\">\n\t\t\t\t\t<div class=\"e-gallery-image elementor-gallery-item__image\" data-thumbnail=\"https:\/\/www.jdroadtrip.tv\/blog\/wp-content\/uploads\/2021\/10\/Alsace-a-velo-50.jpg\" data-width=\"1500\" data-height=\"2250\" aria-label=\"Se prendre en photo seule en voyage - Demander \u00e0 quelqu&#039;un\" role=\"img\" ><\/div>\n\t\t\t\t\t\t\t\t\t\t\t<div class=\"elementor-gallery-item__overlay\"><\/div>\n\t\t\t\t\t\t\t\t\t\t\t\t\t\t<\/a>\n\t\t\t\t\t\t\t<a class=\"e-gallery-item elementor-gallery-item elementor-animated-content\" href=\"https:\/\/www.jdroadtrip.tv\/blog\/wp-content\/uploads\/2021\/10\/Alsace-a-velo-51.jpg\" data-elementor-open-lightbox=\"yes\" data-elementor-lightbox-slideshow=\"1d2e27b\" data-elementor-lightbox-title=\"Alsace-a-velo-51\" data-e-action-hash=\"#elementor-action%3Aaction%3Dlightbox%26settings%3DeyJpZCI6NTE4MjYsInVybCI6Imh0dHBzOlwvXC93d3cuamRyb2FkdHJpcC50dlwvYmxvZ1wvd3AtY29udGVudFwvdXBsb2Fkc1wvMjAyMVwvMTBcL0Fsc2FjZS1hLXZlbG8tNTEuanBnIiwic2xpZGVzaG93IjoiMWQyZTI3YiJ9\">\n\t\t\t\t\t<div class=\"e-gallery-image elementor-gallery-item__image\" data-thumbnail=\"https:\/\/www.jdroadtrip.tv\/blog\/wp-content\/uploads\/2021\/10\/Alsace-a-velo-51.jpg\" data-width=\"1500\" data-height=\"1000\" aria-label=\"\" role=\"img\" ><\/div>\n\t\t\t\t\t\t\t\t\t\t\t<div class=\"elementor-gallery-item__overlay\"><\/div>\n\t\t\t\t\t\t\t\t\t\t\t\t\t\t<\/a>\n\t\t\t\t\t\t\t<a class=\"e-gallery-item elementor-gallery-item elementor-animated-content\" href=\"https:\/\/www.jdroadtrip.tv\/blog\/wp-content\/uploads\/2021\/10\/Alsace-a-velo-57.jpg\" data-elementor-open-lightbox=\"yes\" data-elementor-lightbox-slideshow=\"1d2e27b\" data-elementor-lightbox-title=\"Alsace-a-velo-57\" data-e-action-hash=\"#elementor-action%3Aaction%3Dlightbox%26settings%3DeyJpZCI6NTE4MzIsInVybCI6Imh0dHBzOlwvXC93d3cuamRyb2FkdHJpcC50dlwvYmxvZ1wvd3AtY29udGVudFwvdXBsb2Fkc1wvMjAyMVwvMTBcL0Fsc2FjZS1hLXZlbG8tNTcuanBnIiwic2xpZGVzaG93IjoiMWQyZTI3YiJ9\">\n\t\t\t\t\t<div class=\"e-gallery-image elementor-gallery-item__image\" data-thumbnail=\"https:\/\/www.jdroadtrip.tv\/blog\/wp-content\/uploads\/2021\/10\/Alsace-a-velo-57.jpg\" data-width=\"1500\" data-height=\"2250\" aria-label=\"\" role=\"img\" ><\/div>\n\t\t\t\t\t\t\t\t\t\t\t<div class=\"elementor-gallery-item__overlay\"><\/div>\n\t\t\t\t\t\t\t\t\t\t\t\t\t\t<\/a>\n\t\t\t\t\t\t\t<a class=\"e-gallery-item elementor-gallery-item elementor-animated-content\" href=\"https:\/\/www.jdroadtrip.tv\/blog\/wp-content\/uploads\/2021\/10\/Alsace-a-velo-71.jpg\" data-elementor-open-lightbox=\"yes\" data-elementor-lightbox-slideshow=\"1d2e27b\" data-elementor-lightbox-title=\"Alsace-a-velo-71\" data-e-action-hash=\"#elementor-action%3Aaction%3Dlightbox%26settings%3DeyJpZCI6NTE4NDYsInVybCI6Imh0dHBzOlwvXC93d3cuamRyb2FkdHJpcC50dlwvYmxvZ1wvd3AtY29udGVudFwvdXBsb2Fkc1wvMjAyMVwvMTBcL0Fsc2FjZS1hLXZlbG8tNzEuanBnIiwic2xpZGVzaG93IjoiMWQyZTI3YiJ9\">\n\t\t\t\t\t<div class=\"e-gallery-image elementor-gallery-item__image\" data-thumbnail=\"https:\/\/www.jdroadtrip.tv\/blog\/wp-content\/uploads\/2021\/10\/Alsace-a-velo-71.jpg\" data-width=\"1500\" data-height=\"1000\" aria-label=\"Alsace \u00e0 v\u00e9lo - Riquewihr\" role=\"img\" ><\/div>\n\t\t\t\t\t\t\t\t\t\t\t<div class=\"elementor-gallery-item__overlay\"><\/div>\n\t\t\t\t\t\t\t\t\t\t\t\t\t\t<\/a>\n\t\t\t\t\t\t\t<a class=\"e-gallery-item elementor-gallery-item elementor-animated-content\" href=\"https:\/\/www.jdroadtrip.tv\/blog\/wp-content\/uploads\/2021\/10\/Alsace-a-velo-70.jpg\" data-elementor-open-lightbox=\"yes\" data-elementor-lightbox-slideshow=\"1d2e27b\" data-elementor-lightbox-title=\"Alsace-a-velo-70\" data-e-action-hash=\"#elementor-action%3Aaction%3Dlightbox%26settings%3DeyJpZCI6NTE4NDUsInVybCI6Imh0dHBzOlwvXC93d3cuamRyb2FkdHJpcC50dlwvYmxvZ1wvd3AtY29udGVudFwvdXBsb2Fkc1wvMjAyMVwvMTBcL0Fsc2FjZS1hLXZlbG8tNzAuanBnIiwic2xpZGVzaG93IjoiMWQyZTI3YiJ9\">\n\t\t\t\t\t<div class=\"e-gallery-image elementor-gallery-item__image\" data-thumbnail=\"https:\/\/www.jdroadtrip.tv\/blog\/wp-content\/uploads\/2021\/10\/Alsace-a-velo-70.jpg\" data-width=\"1500\" data-height=\"2250\" aria-label=\"Alsace \u00e0 v\u00e9lo - Riquewihr\" role=\"img\" ><\/div>\n\t\t\t\t\t\t\t\t\t\t\t<div class=\"elementor-gallery-item__overlay\"><\/div>\n\t\t\t\t\t\t\t\t\t\t\t\t\t\t<\/a>\n\t\t\t\t\t\t\t<a class=\"e-gallery-item elementor-gallery-item elementor-animated-content\" href=\"https:\/\/www.jdroadtrip.tv\/blog\/wp-content\/uploads\/2021\/10\/Alsace-a-velo-64.jpg\" data-elementor-open-lightbox=\"yes\" data-elementor-lightbox-slideshow=\"1d2e27b\" data-elementor-lightbox-title=\"Alsace-a-velo-64\" data-e-action-hash=\"#elementor-action%3Aaction%3Dlightbox%26settings%3DeyJpZCI6NTE4MzksInVybCI6Imh0dHBzOlwvXC93d3cuamRyb2FkdHJpcC50dlwvYmxvZ1wvd3AtY29udGVudFwvdXBsb2Fkc1wvMjAyMVwvMTBcL0Fsc2FjZS1hLXZlbG8tNjQuanBnIiwic2xpZGVzaG93IjoiMWQyZTI3YiJ9\">\n\t\t\t\t\t<div class=\"e-gallery-image elementor-gallery-item__image\" data-thumbnail=\"https:\/\/www.jdroadtrip.tv\/blog\/wp-content\/uploads\/2021\/10\/Alsace-a-velo-64.jpg\" data-width=\"1500\" data-height=\"1000\" aria-label=\"\" role=\"img\" ><\/div>\n\t\t\t\t\t\t\t\t\t\t\t<div class=\"elementor-gallery-item__overlay\"><\/div>\n\t\t\t\t\t\t\t\t\t\t\t\t\t\t<\/a>\n\t\t\t\t\t\t\t<a class=\"e-gallery-item elementor-gallery-item elementor-animated-content\" href=\"https:\/\/www.jdroadtrip.tv\/blog\/wp-content\/uploads\/2021\/10\/Alsace-a-velo-65.jpg\" data-elementor-open-lightbox=\"yes\" data-elementor-lightbox-slideshow=\"1d2e27b\" data-elementor-lightbox-title=\"Alsace-a-velo-65\" data-e-action-hash=\"#elementor-action%3Aaction%3Dlightbox%26settings%3DeyJpZCI6NTE4NDAsInVybCI6Imh0dHBzOlwvXC93d3cuamRyb2FkdHJpcC50dlwvYmxvZ1wvd3AtY29udGVudFwvdXBsb2Fkc1wvMjAyMVwvMTBcL0Fsc2FjZS1hLXZlbG8tNjUuanBnIiwic2xpZGVzaG93IjoiMWQyZTI3YiJ9\">\n\t\t\t\t\t<div class=\"e-gallery-image elementor-gallery-item__image\" data-thumbnail=\"https:\/\/www.jdroadtrip.tv\/blog\/wp-content\/uploads\/2021\/10\/Alsace-a-velo-65.jpg\" data-width=\"1500\" data-height=\"1000\" aria-label=\"\" role=\"img\" ><\/div>\n\t\t\t\t\t\t\t\t\t\t\t<div class=\"elementor-gallery-item__overlay\"><\/div>\n\t\t\t\t\t\t\t\t\t\t\t\t\t\t<\/a>\n\t\t\t\t\t\t\t<a class=\"e-gallery-item elementor-gallery-item elementor-animated-content\" href=\"https:\/\/www.jdroadtrip.tv\/blog\/wp-content\/uploads\/2021\/10\/Alsace-a-velo-66.jpg\" data-elementor-open-lightbox=\"yes\" data-elementor-lightbox-slideshow=\"1d2e27b\" data-elementor-lightbox-title=\"Alsace-a-velo-66\" data-e-action-hash=\"#elementor-action%3Aaction%3Dlightbox%26settings%3DeyJpZCI6NTE4NDEsInVybCI6Imh0dHBzOlwvXC93d3cuamRyb2FkdHJpcC50dlwvYmxvZ1wvd3AtY29udGVudFwvdXBsb2Fkc1wvMjAyMVwvMTBcL0Fsc2FjZS1hLXZlbG8tNjYuanBnIiwic2xpZGVzaG93IjoiMWQyZTI3YiJ9\">\n\t\t\t\t\t<div class=\"e-gallery-image elementor-gallery-item__image\" data-thumbnail=\"https:\/\/www.jdroadtrip.tv\/blog\/wp-content\/uploads\/2021\/10\/Alsace-a-velo-66.jpg\" data-width=\"1500\" data-height=\"1000\" aria-label=\"\" role=\"img\" ><\/div>\n\t\t\t\t\t\t\t\t\t\t\t<div class=\"elementor-gallery-item__overlay\"><\/div>\n\t\t\t\t\t\t\t\t\t\t\t\t\t\t<\/a>\n\t\t\t\t\t\t\t<a class=\"e-gallery-item elementor-gallery-item elementor-animated-content\" href=\"https:\/\/www.jdroadtrip.tv\/blog\/wp-content\/uploads\/2021\/10\/Alsace-a-velo-72.jpg\" data-elementor-open-lightbox=\"yes\" data-elementor-lightbox-slideshow=\"1d2e27b\" data-elementor-lightbox-title=\"Alsace-a-velo-72\" data-e-action-hash=\"#elementor-action%3Aaction%3Dlightbox%26settings%3DeyJpZCI6NTE4NDcsInVybCI6Imh0dHBzOlwvXC93d3cuamRyb2FkdHJpcC50dlwvYmxvZ1wvd3AtY29udGVudFwvdXBsb2Fkc1wvMjAyMVwvMTBcL0Fsc2FjZS1hLXZlbG8tNzIuanBnIiwic2xpZGVzaG93IjoiMWQyZTI3YiJ9\">\n\t\t\t\t\t<div class=\"e-gallery-image elementor-gallery-item__image\" data-thumbnail=\"https:\/\/www.jdroadtrip.tv\/blog\/wp-content\/uploads\/2021\/10\/Alsace-a-velo-72.jpg\" data-width=\"1500\" data-height=\"1000\" aria-label=\"Alsace \u00e0 v\u00e9lo - Riquewihr\" role=\"img\" ><\/div>\n\t\t\t\t\t\t\t\t\t\t\t<div class=\"elementor-gallery-item__overlay\"><\/div>\n\t\t\t\t\t\t\t\t\t\t\t\t\t\t<\/a>\n\t\t\t\t\t\t\t<a class=\"e-gallery-item elementor-gallery-item elementor-animated-content\" href=\"https:\/\/www.jdroadtrip.tv\/blog\/wp-content\/uploads\/2021\/10\/Alsace-a-velo-68.jpg\" data-elementor-open-lightbox=\"yes\" data-elementor-lightbox-slideshow=\"1d2e27b\" data-elementor-lightbox-title=\"Alsace-a-velo-68\" data-e-action-hash=\"#elementor-action%3Aaction%3Dlightbox%26settings%3DeyJpZCI6NTE4NDMsInVybCI6Imh0dHBzOlwvXC93d3cuamRyb2FkdHJpcC50dlwvYmxvZ1wvd3AtY29udGVudFwvdXBsb2Fkc1wvMjAyMVwvMTBcL0Fsc2FjZS1hLXZlbG8tNjguanBnIiwic2xpZGVzaG93IjoiMWQyZTI3YiJ9\">\n\t\t\t\t\t<div class=\"e-gallery-image elementor-gallery-item__image\" data-thumbnail=\"https:\/\/www.jdroadtrip.tv\/blog\/wp-content\/uploads\/2021\/10\/Alsace-a-velo-68.jpg\" data-width=\"1500\" data-height=\"2250\" aria-label=\"Alsace \u00e0 v\u00e9lo - Riquewihr\" role=\"img\" ><\/div>\n\t\t\t\t\t\t\t\t\t\t\t<div class=\"elementor-gallery-item__overlay\"><\/div>\n\t\t\t\t\t\t\t\t\t\t\t\t\t\t<\/a>\n\t\t\t\t\t\t\t<a class=\"e-gallery-item elementor-gallery-item elementor-animated-content\" href=\"https:\/\/www.jdroadtrip.tv\/blog\/wp-content\/uploads\/2021\/10\/Alsace-a-velo-69.jpg\" data-elementor-open-lightbox=\"yes\" data-elementor-lightbox-slideshow=\"1d2e27b\" data-elementor-lightbox-title=\"Alsace-a-velo-69\" data-e-action-hash=\"#elementor-action%3Aaction%3Dlightbox%26settings%3DeyJpZCI6NTE4NDQsInVybCI6Imh0dHBzOlwvXC93d3cuamRyb2FkdHJpcC50dlwvYmxvZ1wvd3AtY29udGVudFwvdXBsb2Fkc1wvMjAyMVwvMTBcL0Fsc2FjZS1hLXZlbG8tNjkuanBnIiwic2xpZGVzaG93IjoiMWQyZTI3YiJ9\">\n\t\t\t\t\t<div class=\"e-gallery-image elementor-gallery-item__image\" data-thumbnail=\"https:\/\/www.jdroadtrip.tv\/blog\/wp-content\/uploads\/2021\/10\/Alsace-a-velo-69.jpg\" data-width=\"1500\" data-height=\"2250\" aria-label=\"Alsace \u00e0 v\u00e9lo - Riquewihr\" role=\"img\" ><\/div>\n\t\t\t\t\t\t\t\t\t\t\t<div class=\"elementor-gallery-item__overlay\"><\/div>\n\t\t\t\t\t\t\t\t\t\t\t\t\t\t<\/a>\n\t\t\t\t\t\t\t<a class=\"e-gallery-item elementor-gallery-item elementor-animated-content\" href=\"https:\/\/www.jdroadtrip.tv\/blog\/wp-content\/uploads\/2021\/10\/Alsace-a-velo-74.jpg\" data-elementor-open-lightbox=\"yes\" data-elementor-lightbox-slideshow=\"1d2e27b\" data-elementor-lightbox-title=\"Alsace-a-velo-74\" data-e-action-hash=\"#elementor-action%3Aaction%3Dlightbox%26settings%3DeyJpZCI6NTE4NDksInVybCI6Imh0dHBzOlwvXC93d3cuamRyb2FkdHJpcC50dlwvYmxvZ1wvd3AtY29udGVudFwvdXBsb2Fkc1wvMjAyMVwvMTBcL0Fsc2FjZS1hLXZlbG8tNzQuanBnIiwic2xpZGVzaG93IjoiMWQyZTI3YiJ9\">\n\t\t\t\t\t<div class=\"e-gallery-image elementor-gallery-item__image\" data-thumbnail=\"https:\/\/www.jdroadtrip.tv\/blog\/wp-content\/uploads\/2021\/10\/Alsace-a-velo-74.jpg\" data-width=\"1500\" data-height=\"2250\" aria-label=\"Alsace \u00e0 v\u00e9lo - Riquewihr\" role=\"img\" ><\/div>\n\t\t\t\t\t\t\t\t\t\t\t<div class=\"elementor-gallery-item__overlay\"><\/div>\n\t\t\t\t\t\t\t\t\t\t\t\t\t\t<\/a>\n\t\t\t\t\t\t\t<a class=\"e-gallery-item elementor-gallery-item elementor-animated-content\" href=\"https:\/\/www.jdroadtrip.tv\/blog\/wp-content\/uploads\/2021\/10\/Alsace-a-velo-77.jpg\" data-elementor-open-lightbox=\"yes\" data-elementor-lightbox-slideshow=\"1d2e27b\" data-elementor-lightbox-title=\"Alsace-a-velo-77\" data-e-action-hash=\"#elementor-action%3Aaction%3Dlightbox%26settings%3DeyJpZCI6NTE4NTIsInVybCI6Imh0dHBzOlwvXC93d3cuamRyb2FkdHJpcC50dlwvYmxvZ1wvd3AtY29udGVudFwvdXBsb2Fkc1wvMjAyMVwvMTBcL0Fsc2FjZS1hLXZlbG8tNzcuanBnIiwic2xpZGVzaG93IjoiMWQyZTI3YiJ9\">\n\t\t\t\t\t<div class=\"e-gallery-image elementor-gallery-item__image\" data-thumbnail=\"https:\/\/www.jdroadtrip.tv\/blog\/wp-content\/uploads\/2021\/10\/Alsace-a-velo-77.jpg\" data-width=\"1500\" data-height=\"2250\" aria-label=\"\" role=\"img\" ><\/div>\n\t\t\t\t\t\t\t\t\t\t\t<div class=\"elementor-gallery-item__overlay\"><\/div>\n\t\t\t\t\t\t\t\t\t\t\t\t\t\t<\/a>\n\t\t\t\t\t\t\t<a class=\"e-gallery-item elementor-gallery-item elementor-animated-content\" href=\"https:\/\/www.jdroadtrip.tv\/blog\/wp-content\/uploads\/2021\/10\/Alsace-a-velo-78.jpg\" data-elementor-open-lightbox=\"yes\" data-elementor-lightbox-slideshow=\"1d2e27b\" data-elementor-lightbox-title=\"Alsace-a-velo-78\" data-e-action-hash=\"#elementor-action%3Aaction%3Dlightbox%26settings%3DeyJpZCI6NTE4NTMsInVybCI6Imh0dHBzOlwvXC93d3cuamRyb2FkdHJpcC50dlwvYmxvZ1wvd3AtY29udGVudFwvdXBsb2Fkc1wvMjAyMVwvMTBcL0Fsc2FjZS1hLXZlbG8tNzguanBnIiwic2xpZGVzaG93IjoiMWQyZTI3YiJ9\">\n\t\t\t\t\t<div class=\"e-gallery-image elementor-gallery-item__image\" data-thumbnail=\"https:\/\/www.jdroadtrip.tv\/blog\/wp-content\/uploads\/2021\/10\/Alsace-a-velo-78.jpg\" data-width=\"1500\" data-height=\"1000\" aria-label=\"\" role=\"img\" ><\/div>\n\t\t\t\t\t\t\t\t\t\t\t<div class=\"elementor-gallery-item__overlay\"><\/div>\n\t\t\t\t\t\t\t\t\t\t\t\t\t\t<\/a>\n\t\t\t\t\t\t\t<a class=\"e-gallery-item elementor-gallery-item elementor-animated-content\" href=\"https:\/\/www.jdroadtrip.tv\/blog\/wp-content\/uploads\/2021\/10\/Alsace-a-velo-85.jpg\" data-elementor-open-lightbox=\"yes\" data-elementor-lightbox-slideshow=\"1d2e27b\" data-elementor-lightbox-title=\"Alsace-a-velo-85\" data-e-action-hash=\"#elementor-action%3Aaction%3Dlightbox%26settings%3DeyJpZCI6NTE4NjAsInVybCI6Imh0dHBzOlwvXC93d3cuamRyb2FkdHJpcC50dlwvYmxvZ1wvd3AtY29udGVudFwvdXBsb2Fkc1wvMjAyMVwvMTBcL0Fsc2FjZS1hLXZlbG8tODUuanBnIiwic2xpZGVzaG93IjoiMWQyZTI3YiJ9\">\n\t\t\t\t\t<div class=\"e-gallery-image elementor-gallery-item__image\" data-thumbnail=\"https:\/\/www.jdroadtrip.tv\/blog\/wp-content\/uploads\/2021\/10\/Alsace-a-velo-85.jpg\" data-width=\"1500\" data-height=\"2250\" aria-label=\"Alsace \u00e0 v\u00e9lo - Colmar\" role=\"img\" ><\/div>\n\t\t\t\t\t\t\t\t\t\t\t<div class=\"elementor-gallery-item__overlay\"><\/div>\n\t\t\t\t\t\t\t\t\t\t\t\t\t\t<\/a>\n\t\t\t\t\t\t\t<a class=\"e-gallery-item elementor-gallery-item elementor-animated-content\" href=\"https:\/\/www.jdroadtrip.tv\/blog\/wp-content\/uploads\/2021\/10\/Alsace-a-velo-83.jpg\" data-elementor-open-lightbox=\"yes\" data-elementor-lightbox-slideshow=\"1d2e27b\" data-elementor-lightbox-title=\"Alsace-a-velo-83\" data-e-action-hash=\"#elementor-action%3Aaction%3Dlightbox%26settings%3DeyJpZCI6NTE4NTgsInVybCI6Imh0dHBzOlwvXC93d3cuamRyb2FkdHJpcC50dlwvYmxvZ1wvd3AtY29udGVudFwvdXBsb2Fkc1wvMjAyMVwvMTBcL0Fsc2FjZS1hLXZlbG8tODMuanBnIiwic2xpZGVzaG93IjoiMWQyZTI3YiJ9\">\n\t\t\t\t\t<div class=\"e-gallery-image elementor-gallery-item__image\" data-thumbnail=\"https:\/\/www.jdroadtrip.tv\/blog\/wp-content\/uploads\/2021\/10\/Alsace-a-velo-83.jpg\" data-width=\"1500\" data-height=\"1000\" aria-label=\"Alsace \u00e0 v\u00e9lo - Colmar\" role=\"img\" ><\/div>\n\t\t\t\t\t\t\t\t\t\t\t<div class=\"elementor-gallery-item__overlay\"><\/div>\n\t\t\t\t\t\t\t\t\t\t\t\t\t\t<\/a>\n\t\t\t\t\t<\/div>\n\t\t\t\t\t<\/div>\n\t\t\t\t<\/div>\n\t\t\t\t\t<\/div>\n\t\t<\/div>\n\t\t\t\t\t<\/div>\n\t\t<\/section>\n\t\t\t\t<section class=\"elementor-section elementor-top-section elementor-element elementor-element-9304203 elementor-section-boxed elementor-section-height-default elementor-section-height-default\" data-id=\"9304203\" data-element_type=\"section\">\n\t\t\t\t\t\t<div class=\"elementor-container elementor-column-gap-default\">\n\t\t\t\t\t<div class=\"elementor-column elementor-col-100 elementor-top-column elementor-element elementor-element-40eeb2f\" data-id=\"40eeb2f\" data-element_type=\"column\">\n\t\t\t<div class=\"elementor-widget-wrap elementor-element-populated\">\n\t\t\t\t\t\t<div class=\"elementor-element elementor-element-02a6ac9 elementor-widget elementor-widget-text-editor\" data-id=\"02a6ac9\" data-element_type=\"widget\" data-widget_type=\"text-editor.default\">\n\t\t\t\t<div class=\"elementor-widget-container\">\n\t\t\t\t\t\t\t\t\t<h5 style=\"text-align: justify;\">O\u00f9 dormir ?<\/h5><p style=\"text-align: justify;\">En plein coeur de Colmar et \u00e0 5 minutes \u00e0 pieds de la Petite Venise, l&rsquo;<strong><a href=\"https:\/\/www.booking.com\/hotel\/fr\/le-rapp.en.html?aid=1559594&amp;no_rooms=1&amp;group_adults=2\" target=\"_blank\" rel=\"noopener\">h\u00f4tel Rapp<\/a><\/strong> est vraiment sympa avec un accueil chaleureux. <strong>Un spa et une piscine sont \u00e0 dispositions, parfaits apr\u00e8s une journ\u00e9e de v\u00e9lo.<\/strong> Des chambres spacieuses avec tout le confort n\u00e9cessaire. Ils sont \u00ab\u00a0Accueil v\u00e9lo\u00a0\u00bb.<\/p><h5 style=\"text-align: justify;\">O\u00f9 manger ?<\/h5><p style=\"text-align: justify;\">Une belle adresse pour d\u00e9couvrir la choucroute Riquewihrienne, le <a href=\"http:\/\/www.dolder.fr\/\" target=\"_blank\" rel=\"noopener\"><strong>Restaurant au Dolder<\/strong><\/a> \u00e0 Riquewihr. Des plats copieux, d\u00e9licieux et un gros coup de coeur pour le Kougelhopf glac\u00e9. Mangez-y, c&rsquo;est canon !<\/p>\t\t\t\t\t\t\t\t<\/div>\n\t\t\t\t<\/div>\n\t\t\t\t<div class=\"elementor-element elementor-element-6df8a39 elementor-widget elementor-widget-gallery\" data-id=\"6df8a39\" data-element_type=\"widget\" data-settings=\"{&quot;columns&quot;:2,&quot;columns_mobile&quot;:2,&quot;lazyload&quot;:&quot;yes&quot;,&quot;gallery_layout&quot;:&quot;grid&quot;,&quot;columns_tablet&quot;:2,&quot;gap&quot;:{&quot;unit&quot;:&quot;px&quot;,&quot;size&quot;:10,&quot;sizes&quot;:[]},&quot;gap_tablet&quot;:{&quot;unit&quot;:&quot;px&quot;,&quot;size&quot;:10,&quot;sizes&quot;:[]},&quot;gap_mobile&quot;:{&quot;unit&quot;:&quot;px&quot;,&quot;size&quot;:10,&quot;sizes&quot;:[]},&quot;link_to&quot;:&quot;file&quot;,&quot;aspect_ratio&quot;:&quot;3:2&quot;,&quot;overlay_background&quot;:&quot;yes&quot;,&quot;content_hover_animation&quot;:&quot;fade-in&quot;}\" data-widget_type=\"gallery.default\">\n\t\t\t\t<div class=\"elementor-widget-container\">\n\t\t\t\t\t\t\t<div class=\"elementor-gallery__container\">\n\t\t\t\t\t\t\t<a class=\"e-gallery-item elementor-gallery-item elementor-animated-content\" href=\"https:\/\/www.jdroadtrip.tv\/blog\/wp-content\/uploads\/2021\/10\/Alsace-a-velo-82.jpg\" data-elementor-open-lightbox=\"yes\" data-elementor-lightbox-slideshow=\"6df8a39\" data-elementor-lightbox-title=\"Alsace-a-velo-82\" data-e-action-hash=\"#elementor-action%3Aaction%3Dlightbox%26settings%3DeyJpZCI6NTE4MTAsInVybCI6Imh0dHBzOlwvXC93d3cuamRyb2FkdHJpcC50dlwvYmxvZ1wvd3AtY29udGVudFwvdXBsb2Fkc1wvMjAyMVwvMTBcL0Fsc2FjZS1hLXZlbG8tODIuanBnIiwic2xpZGVzaG93IjoiNmRmOGEzOSJ9\">\n\t\t\t\t\t<div class=\"e-gallery-image elementor-gallery-item__image\" data-thumbnail=\"https:\/\/www.jdroadtrip.tv\/blog\/wp-content\/uploads\/2021\/10\/Alsace-a-velo-82.jpg\" data-width=\"1500\" data-height=\"1000\" aria-label=\"Alsace \u00e0 v\u00e9lo - H\u00f4tel Rapp\" role=\"img\" ><\/div>\n\t\t\t\t\t\t\t\t\t\t\t<div class=\"elementor-gallery-item__overlay\"><\/div>\n\t\t\t\t\t\t\t\t\t\t\t\t\t\t<\/a>\n\t\t\t\t\t\t\t<a class=\"e-gallery-item elementor-gallery-item elementor-animated-content\" href=\"https:\/\/www.jdroadtrip.tv\/blog\/wp-content\/uploads\/2021\/10\/Alsace-a-velo-67.jpg\" data-elementor-open-lightbox=\"yes\" data-elementor-lightbox-slideshow=\"6df8a39\" data-elementor-lightbox-title=\"Alsace-a-velo-67\" data-e-action-hash=\"#elementor-action%3Aaction%3Dlightbox%26settings%3DeyJpZCI6NTE4NDIsInVybCI6Imh0dHBzOlwvXC93d3cuamRyb2FkdHJpcC50dlwvYmxvZ1wvd3AtY29udGVudFwvdXBsb2Fkc1wvMjAyMVwvMTBcL0Fsc2FjZS1hLXZlbG8tNjcuanBnIiwic2xpZGVzaG93IjoiNmRmOGEzOSJ9\">\n\t\t\t\t\t<div class=\"e-gallery-image elementor-gallery-item__image\" data-thumbnail=\"https:\/\/www.jdroadtrip.tv\/blog\/wp-content\/uploads\/2021\/10\/Alsace-a-velo-67.jpg\" data-width=\"1500\" data-height=\"1000\" aria-label=\"\" role=\"img\" ><\/div>\n\t\t\t\t\t\t\t\t\t\t\t<div class=\"elementor-gallery-item__overlay\"><\/div>\n\t\t\t\t\t\t\t\t\t\t\t\t\t\t<\/a>\n\t\t\t\t\t<\/div>\n\t\t\t\t\t<\/div>\n\t\t\t\t<\/div>\n\t\t\t\t<div class=\"elementor-element elementor-element-d67725d elementor-widget-divider--view-line elementor-widget elementor-widget-global elementor-global-41411 elementor-widget-divider\" data-id=\"d67725d\" data-element_type=\"widget\" data-widget_type=\"divider.default\">\n\t\t\t\t<div class=\"elementor-widget-container\">\n\t\t\t\t\t\t\t<div class=\"elementor-divider\">\n\t\t\t<span class=\"elementor-divider-separator\">\n\t\t\t\t\t\t<\/span>\n\t\t<\/div>\n\t\t\t\t\t\t<\/div>\n\t\t\t\t<\/div>\n\t\t\t\t\t<\/div>\n\t\t<\/div>\n\t\t\t\t\t<\/div>\n\t\t<\/section>\n\t\t\t\t<section class=\"elementor-section elementor-top-section elementor-element elementor-element-fb44b91 elementor-section-boxed elementor-section-height-default elementor-section-height-default\" data-id=\"fb44b91\" data-element_type=\"section\">\n\t\t\t\t\t\t<div class=\"elementor-container elementor-column-gap-default\">\n\t\t\t\t\t<div class=\"elementor-column elementor-col-100 elementor-top-column elementor-element elementor-element-2e56922\" data-id=\"2e56922\" data-element_type=\"column\">\n\t\t\t<div class=\"elementor-widget-wrap elementor-element-populated\">\n\t\t\t\t\t\t<section class=\"elementor-section elementor-inner-section elementor-element elementor-element-cdd276d elementor-section-boxed elementor-section-height-default elementor-section-height-default\" data-id=\"cdd276d\" data-element_type=\"section\">\n\t\t\t\t\t\t<div class=\"elementor-container elementor-column-gap-default\">\n\t\t\t\t\t<div class=\"elementor-column elementor-col-100 elementor-inner-column elementor-element elementor-element-2b4ce8c\" data-id=\"2b4ce8c\" data-element_type=\"column\">\n\t\t\t<div class=\"elementor-widget-wrap elementor-element-populated\">\n\t\t\t\t\t\t<div class=\"elementor-element elementor-element-057681e elementor-widget elementor-widget-text-editor\" data-id=\"057681e\" data-element_type=\"widget\" data-widget_type=\"text-editor.default\">\n\t\t\t\t<div class=\"elementor-widget-container\">\n\t\t\t\t\t\t\t\t\t<h3 style=\"text-align: justify;\">Colmar &gt; Diebolsheim &gt; Strasbourg<\/h3><p style=\"text-align: justify;\">Je quitte Colmar pour rejoindre la v\u00e9loroute du canal de Colmar. Cette partie de l&rsquo;Alsace \u00e0 v\u00e9lo est vraiment tr\u00e8s diff\u00e9rente des deux jours pr\u00e9c\u00e9dents. <strong>L&rsquo;atmosph\u00e8re est plus tranquille, la v\u00e9loroute est tr\u00e8s calme et compl\u00e8tement entour\u00e9e des champs agricoles ou de la for\u00eat.<\/strong> Il est possible de suivre les variantes qui m\u00e8nent vers les villages alentour. C&rsquo;est pratiquement que de la ligne droite, ici c&rsquo;est les habitu\u00e9s qui viennent faire leur sport : courir, marcher ou faire du v\u00e9lo. Cette partie de l&rsquo;Alsace \u00e0 v\u00e9lo me fait beaucoup penser au <strong><a href=\"https:\/\/www.jdroadtrip.tv\/blog\/itineraire-canal-des-2-mers-a-velo\/\" target=\"_blank\" rel=\"noopener\">Canal des 2 mers<\/a><\/strong> ou encore le <strong><a href=\"https:\/\/www.jdroadtrip.tv\/blog\/conseils-infos-faire-canal-du-midi-a-velo-6-jours\/\" target=\"_blank\" rel=\"noopener\">Canal du midi \u00e0 v\u00e9lo<\/a><\/strong>.<\/p><p style=\"text-align: justify;\"><img loading=\"lazy\" decoding=\"async\" class=\"size-full wp-image-51862 aligncenter\" src=\"https:\/\/www.jdroadtrip.tv\/blog\/wp-content\/uploads\/2021\/10\/Alsace-a-velo-88.jpg\" alt=\"\" width=\"1500\" height=\"1000\" srcset=\"https:\/\/www.jdroadtrip.tv\/blog\/wp-content\/uploads\/2021\/10\/Alsace-a-velo-88.jpg 1500w, https:\/\/www.jdroadtrip.tv\/blog\/wp-content\/uploads\/2021\/10\/Alsace-a-velo-88-300x200.jpg 300w, https:\/\/www.jdroadtrip.tv\/blog\/wp-content\/uploads\/2021\/10\/Alsace-a-velo-88-800x533.jpg 800w, https:\/\/www.jdroadtrip.tv\/blog\/wp-content\/uploads\/2021\/10\/Alsace-a-velo-88-250x167.jpg 250w, https:\/\/www.jdroadtrip.tv\/blog\/wp-content\/uploads\/2021\/10\/Alsace-a-velo-88-768x512.jpg 768w, https:\/\/www.jdroadtrip.tv\/blog\/wp-content\/uploads\/2021\/10\/Alsace-a-velo-88-1170x780.jpg 1170w, https:\/\/www.jdroadtrip.tv\/blog\/wp-content\/uploads\/2021\/10\/Alsace-a-velo-88-585x390.jpg 585w, https:\/\/www.jdroadtrip.tv\/blog\/wp-content\/uploads\/2021\/10\/Alsace-a-velo-88-263x175.jpg 263w\" sizes=\"(max-width: 1500px) 100vw, 1500px\" \/><\/p><p style=\"text-align: justify;\">J&rsquo;ai rendez-vous au village de Diebolsheim o\u00f9 je d\u00e9jeunerais au <strong><a href=\"https:\/\/www.grandried.fr\/LEI\/261000035\" target=\"_blank\" rel=\"noopener\">restaurant \u00c0 la couronne<\/a><\/strong>. Une superbe adresse si vous souhaitez manger du poisson. Des plats raffin\u00e9s qui donnent vraiment envie. Un restaurant \u00ab\u00a0Accueil v\u00e9lo\u00a0\u00bb.<\/p><p style=\"text-align: justify;\">Ensuite je suis retourn\u00e9e \u00e0 Strasbourg pour finir cette boucle de 3 jours sur l\u2019Alsace \u00e0 v\u00e9lo. <strong>Chaque jour, j&rsquo;ai pu voir une ambiance et des paysages diff\u00e9rents.<\/strong> Le premier jour on trouve ce c\u00f4t\u00e9 tr\u00e8s citadin avec les locaux qui utilisent le v\u00e9lo pour se d\u00e9placer, \u00e7a donne une atmosph\u00e8re ville\/nature. Le second jour, c&rsquo;est la route des vins, on peut lier visites, d\u00e9gustation et d\u00e9couverte des paysages de vignes. Quant au troisi\u00e8me jour, c&rsquo;est le c\u00f4t\u00e9 tr\u00e8s nature de l&rsquo;Alsace \u00e0 v\u00e9lo. Je trouve que la boucle avec un d\u00e9part\/retour \u00e0 Strasbourg est parfaite. <strong>Cet itin\u00e9raire a \u00e9t\u00e9 fait dans le but de vous faire d\u00e9couvrir 3 ambiances diff\u00e9rentes de l&rsquo;Alsace \u00e0 v\u00e9lo.<\/strong><\/p>\t\t\t\t\t\t\t\t<\/div>\n\t\t\t\t<\/div>\n\t\t\t\t\t<\/div>\n\t\t<\/div>\n\t\t\t\t\t<\/div>\n\t\t<\/section>\n\t\t\t\t<div class=\"elementor-element elementor-element-505db6b elementor-widget elementor-widget-text-editor\" data-id=\"505db6b\" data-element_type=\"widget\" data-widget_type=\"text-editor.default\">\n\t\t\t\t<div class=\"elementor-widget-container\">\n\t\t\t\t\t\t\t\t\t<h5 style=\"text-align: justify;\">O\u00f9 dormir ?<\/h5><p style=\"text-align: justify;\">L&rsquo;<strong><a href=\"https:\/\/www.booking.com\/hotel\/fr\/origami.en.html?aid=1559594&amp;no_rooms=1&amp;group_adults=2\" target=\"_blank\" rel=\"noopener\">h\u00f4tel Origami<\/a><\/strong> \u00e0 Strasbourg est vraiment chouette. Un design moderne, des chambres spacieuses avec tout le n\u00e9cessaire. Situ\u00e9 \u00e0 une station de tram de la gare. Le petit d\u00e9jeuner est avec des produits local, un vrai coup de c\u0153ur ! Un bel h\u00f4tel pour s\u00e9journer \u00e0 Strasbourg.<\/p>\t\t\t\t\t\t\t\t<\/div>\n\t\t\t\t<\/div>\n\t\t\t\t<div class=\"elementor-element elementor-element-6a7e5fc elementor-widget elementor-widget-gallery\" data-id=\"6a7e5fc\" data-element_type=\"widget\" data-settings=\"{&quot;gallery_layout&quot;:&quot;masonry&quot;,&quot;columns&quot;:3,&quot;columns_tablet&quot;:3,&quot;lazyload&quot;:&quot;yes&quot;,&quot;columns_mobile&quot;:1,&quot;gap&quot;:{&quot;unit&quot;:&quot;px&quot;,&quot;size&quot;:10,&quot;sizes&quot;:[]},&quot;gap_tablet&quot;:{&quot;unit&quot;:&quot;px&quot;,&quot;size&quot;:10,&quot;sizes&quot;:[]},&quot;gap_mobile&quot;:{&quot;unit&quot;:&quot;px&quot;,&quot;size&quot;:10,&quot;sizes&quot;:[]},&quot;link_to&quot;:&quot;file&quot;,&quot;overlay_background&quot;:&quot;yes&quot;,&quot;content_hover_animation&quot;:&quot;fade-in&quot;}\" data-widget_type=\"gallery.default\">\n\t\t\t\t<div class=\"elementor-widget-container\">\n\t\t\t\t\t\t\t<div class=\"elementor-gallery__container\">\n\t\t\t\t\t\t\t<a class=\"e-gallery-item elementor-gallery-item elementor-animated-content\" href=\"https:\/\/www.jdroadtrip.tv\/blog\/wp-content\/uploads\/2021\/10\/Alsace-a-velo-93.jpg\" data-elementor-open-lightbox=\"yes\" data-elementor-lightbox-slideshow=\"6a7e5fc\" data-elementor-lightbox-title=\"Alsace-a-velo-93\" data-e-action-hash=\"#elementor-action%3Aaction%3Dlightbox%26settings%3DeyJpZCI6NTE4NjYsInVybCI6Imh0dHBzOlwvXC93d3cuamRyb2FkdHJpcC50dlwvYmxvZ1wvd3AtY29udGVudFwvdXBsb2Fkc1wvMjAyMVwvMTBcL0Fsc2FjZS1hLXZlbG8tOTMuanBnIiwic2xpZGVzaG93IjoiNmE3ZTVmYyJ9\">\n\t\t\t\t\t<div class=\"e-gallery-image elementor-gallery-item__image\" data-thumbnail=\"https:\/\/www.jdroadtrip.tv\/blog\/wp-content\/uploads\/2021\/10\/Alsace-a-velo-93.jpg\" data-width=\"1500\" data-height=\"1000\" aria-label=\"Alsace \u00e0 v\u00e9lo - Restaurant \u00c0 la couronne\" role=\"img\" ><\/div>\n\t\t\t\t\t\t\t\t\t\t\t<div class=\"elementor-gallery-item__overlay\"><\/div>\n\t\t\t\t\t\t\t\t\t\t\t\t\t\t<\/a>\n\t\t\t\t\t\t\t<a class=\"e-gallery-item elementor-gallery-item elementor-animated-content\" href=\"https:\/\/www.jdroadtrip.tv\/blog\/wp-content\/uploads\/2021\/10\/Alsace-a-velo-94.jpg\" data-elementor-open-lightbox=\"yes\" data-elementor-lightbox-slideshow=\"6a7e5fc\" data-elementor-lightbox-title=\"Alsace-a-velo-94\" data-e-action-hash=\"#elementor-action%3Aaction%3Dlightbox%26settings%3DeyJpZCI6NTE4NjcsInVybCI6Imh0dHBzOlwvXC93d3cuamRyb2FkdHJpcC50dlwvYmxvZ1wvd3AtY29udGVudFwvdXBsb2Fkc1wvMjAyMVwvMTBcL0Fsc2FjZS1hLXZlbG8tOTQuanBnIiwic2xpZGVzaG93IjoiNmE3ZTVmYyJ9\">\n\t\t\t\t\t<div class=\"e-gallery-image elementor-gallery-item__image\" data-thumbnail=\"https:\/\/www.jdroadtrip.tv\/blog\/wp-content\/uploads\/2021\/10\/Alsace-a-velo-94.jpg\" data-width=\"1500\" data-height=\"1000\" aria-label=\"Alsace \u00e0 v\u00e9lo - Restaurant \u00c0 la couronne\" role=\"img\" ><\/div>\n\t\t\t\t\t\t\t\t\t\t\t<div class=\"elementor-gallery-item__overlay\"><\/div>\n\t\t\t\t\t\t\t\t\t\t\t\t\t\t<\/a>\n\t\t\t\t\t\t\t<a class=\"e-gallery-item elementor-gallery-item elementor-animated-content\" href=\"https:\/\/www.jdroadtrip.tv\/blog\/wp-content\/uploads\/2021\/10\/Alsace-a-velo-95.jpg\" data-elementor-open-lightbox=\"yes\" data-elementor-lightbox-slideshow=\"6a7e5fc\" data-elementor-lightbox-title=\"Alsace-a-velo-95\" data-e-action-hash=\"#elementor-action%3Aaction%3Dlightbox%26settings%3DeyJpZCI6NTE4NjgsInVybCI6Imh0dHBzOlwvXC93d3cuamRyb2FkdHJpcC50dlwvYmxvZ1wvd3AtY29udGVudFwvdXBsb2Fkc1wvMjAyMVwvMTBcL0Fsc2FjZS1hLXZlbG8tOTUuanBnIiwic2xpZGVzaG93IjoiNmE3ZTVmYyJ9\">\n\t\t\t\t\t<div class=\"e-gallery-image elementor-gallery-item__image\" data-thumbnail=\"https:\/\/www.jdroadtrip.tv\/blog\/wp-content\/uploads\/2021\/10\/Alsace-a-velo-95.jpg\" data-width=\"1500\" data-height=\"1000\" aria-label=\"Alsace \u00e0 v\u00e9lo - Restaurant \u00c0 la couronne\" role=\"img\" ><\/div>\n\t\t\t\t\t\t\t\t\t\t\t<div class=\"elementor-gallery-item__overlay\"><\/div>\n\t\t\t\t\t\t\t\t\t\t\t\t\t\t<\/a>\n\t\t\t\t\t<\/div>\n\t\t\t\t\t<\/div>\n\t\t\t\t<\/div>\n\t\t\t\t<div class=\"elementor-element elementor-element-c65c1f9 elementor-widget-divider--view-line elementor-widget elementor-widget-global elementor-global-41411 elementor-widget-divider\" data-id=\"c65c1f9\" data-element_type=\"widget\" data-widget_type=\"divider.default\">\n\t\t\t\t<div class=\"elementor-widget-container\">\n\t\t\t\t\t\t\t<div class=\"elementor-divider\">\n\t\t\t<span class=\"elementor-divider-separator\">\n\t\t\t\t\t\t<\/span>\n\t\t<\/div>\n\t\t\t\t\t\t<\/div>\n\t\t\t\t<\/div>\n\t\t\t\t\t<\/div>\n\t\t<\/div>\n\t\t\t\t\t<\/div>\n\t\t<\/section>\n\t\t\t\t<section class=\"elementor-section elementor-top-section elementor-element elementor-element-f9a5c03 elementor-section-boxed elementor-section-height-default elementor-section-height-default\" data-id=\"f9a5c03\" data-element_type=\"section\">\n\t\t\t\t\t\t<div class=\"elementor-container elementor-column-gap-default\">\n\t\t\t\t\t<div class=\"elementor-column elementor-col-100 elementor-top-column elementor-element elementor-element-17b779f\" data-id=\"17b779f\" data-element_type=\"column\">\n\t\t\t<div class=\"elementor-widget-wrap elementor-element-populated\">\n\t\t\t\t\t\t<div class=\"elementor-element elementor-element-efd3b89 elementor-widget elementor-widget-text-editor\" data-id=\"efd3b89\" data-element_type=\"widget\" data-widget_type=\"text-editor.default\">\n\t\t\t\t<div class=\"elementor-widget-container\">\n\t\t\t\t\t\t\t\t\t<p style=\"text-align: justify;\"><strong>Si vous avez des questions sur l&rsquo;Alsace \u00e0 v\u00e9lo, n\u2019h\u00e9sitez pas \u00e0 les laisser en commentaire\u00a0 ! Si vous \u00eates une femme qui voyage seule o\u00f9 \u00e0 plusieurs, n\u2019h\u00e9sitez pas \u00e0 rejoindre le groupe facebook 100% f\u00e9minin <a href=\"https:\/\/www.facebook.com\/groups\/Voyageraufeminin\" target=\"_blank\" rel=\"noopener noreferrer\">Voyager au f\u00e9minin en sac \u00e0 dos<\/a> et me suivre sur <a href=\"https:\/\/www.instagram.com\/Jdroadtrip\" target=\"_blank\" rel=\"noopener\">Instagram<\/a> o\u00f9 je partage toutes mes aventures de voyageuse solo.<\/strong><\/p><p style=\"text-align: justify;\"><em>Cet itin\u00e9raire cyclable l&rsquo;Alsace \u00e0 v\u00e9lo durant 3 jours a pu \u00eatre r\u00e9alis\u00e9 gr\u00e2ce \u00e0 Alsace \u00e0 v\u00e9lo. Merci \u00e0 Marie (ADT Alsace) et Clarisse (Airpur) pour l\u2019organisation et le programme. Merci de m\u2019avoir permise de d\u00e9couvrir cet itin\u00e9raire \u00e0 v\u00e9lo. Je pr\u00e9cise que ce partenariat n\u2019influe en aucun cas sur ma ligne \u00e9ditoriale.<\/em><\/p><p style=\"text-align: center;\"><img loading=\"lazy\" decoding=\"async\" class=\"aligncenter wp-image-51882\" src=\"https:\/\/www.jdroadtrip.tv\/blog\/wp-content\/uploads\/2021\/10\/alsace-a-velo-pin.jpg\" alt=\"\" width=\"400\" height=\"600\" srcset=\"https:\/\/www.jdroadtrip.tv\/blog\/wp-content\/uploads\/2021\/10\/alsace-a-velo-pin.jpg 564w, https:\/\/www.jdroadtrip.tv\/blog\/wp-content\/uploads\/2021\/10\/alsace-a-velo-pin-200x300.jpg 200w, https:\/\/www.jdroadtrip.tv\/blog\/wp-content\/uploads\/2021\/10\/alsace-a-velo-pin-400x600.jpg 400w, https:\/\/www.jdroadtrip.tv\/blog\/wp-content\/uploads\/2021\/10\/alsace-a-velo-pin-133x200.jpg 133w\" sizes=\"(max-width: 400px) 100vw, 400px\" \/><\/p>\t\t\t\t\t\t\t\t<\/div>\n\t\t\t\t<\/div>\n\t\t\t\t\t<\/div>\n\t\t<\/div>\n\t\t\t\t\t<\/div>\n\t\t<\/section>\n\t\t\t\t<\/div>\n\t\t","protected":false},"excerpt":{"rendered":"<p>Pendant 3 jours, j&rsquo;ai d\u00e9couvert une petite partie de l&rsquo;Alsace \u00e0 v\u00e9lo. L&rsquo;Alsace est une destination phare pour les cyclistes, car tout est parfaitement am\u00e9nager. Il s&rsquo;agit d&rsquo;une destination riche de 2 500 kilom\u00e8tres qui croise 3 EuroVelo, l&rsquo;EuroVelo 5, l&rsquo;EuroVelo 6 et l&rsquo;EuroVelo 15 et qui offre d&rsquo;innombrables variantes qui vous permettent de visiter [&hellip;]<\/p>\n","protected":false},"author":1,"featured_media":51875,"comment_status":"open","ping_status":"open","sticky":false,"template":"","format":"standard","meta":{"ocean_post_layout":"","ocean_both_sidebars_style":"","ocean_both_sidebars_content_width":0,"ocean_both_sidebars_sidebars_width":0,"ocean_sidebar":"0","ocean_second_sidebar":"0","ocean_disable_margins":"enable","ocean_add_body_class":"","ocean_shortcode_before_top_bar":"","ocean_shortcode_after_top_bar":"","ocean_shortcode_before_header":"","ocean_shortcode_after_header":"","ocean_has_shortcode":"","ocean_shortcode_after_title":"","ocean_shortcode_before_footer_widgets":"","ocean_shortcode_after_footer_widgets":"","ocean_shortcode_before_footer_bottom":"","ocean_shortcode_after_footer_bottom":"","ocean_display_top_bar":"default","ocean_display_header":"default","ocean_header_style":"","ocean_center_header_left_menu":"0","ocean_custom_header_template":"0","ocean_custom_logo":0,"ocean_custom_retina_logo":0,"ocean_custom_logo_max_width":0,"ocean_custom_logo_tablet_max_width":0,"ocean_custom_logo_mobile_max_width":0,"ocean_custom_logo_max_height":0,"ocean_custom_logo_tablet_max_height":0,"ocean_custom_logo_mobile_max_height":0,"ocean_header_custom_menu":"0","ocean_menu_typo_font_family":"0","ocean_menu_typo_font_subset":"","ocean_menu_typo_font_size":0,"ocean_menu_typo_font_size_tablet":0,"ocean_menu_typo_font_size_mobile":0,"ocean_menu_typo_font_size_unit":"px","ocean_menu_typo_font_weight":"","ocean_menu_typo_font_weight_tablet":"","ocean_menu_typo_font_weight_mobile":"","ocean_menu_typo_transform":"","ocean_menu_typo_transform_tablet":"","ocean_menu_typo_transform_mobile":"","ocean_menu_typo_line_height":0,"ocean_menu_typo_line_height_tablet":0,"ocean_menu_typo_line_height_mobile":0,"ocean_menu_typo_line_height_unit":"","ocean_menu_typo_spacing":0,"ocean_menu_typo_spacing_tablet":0,"ocean_menu_typo_spacing_mobile":0,"ocean_menu_typo_spacing_unit":"","ocean_menu_link_color":"","ocean_menu_link_color_hover":"","ocean_menu_link_color_active":"","ocean_menu_link_background":"","ocean_menu_link_hover_background":"","ocean_menu_link_active_background":"","ocean_menu_social_links_bg":"","ocean_menu_social_hover_links_bg":"","ocean_menu_social_links_color":"","ocean_menu_social_hover_links_color":"","ocean_disable_title":"default","ocean_disable_heading":"default","ocean_post_title":"","ocean_post_subheading":"","ocean_post_title_style":"","ocean_post_title_background_color":"","ocean_post_title_background":0,"ocean_post_title_bg_image_position":"","ocean_post_title_bg_image_attachment":"","ocean_post_title_bg_image_repeat":"","ocean_post_title_bg_image_size":"","ocean_post_title_height":0,"ocean_post_title_bg_overlay":0.5,"ocean_post_title_bg_overlay_color":"","ocean_disable_breadcrumbs":"default","ocean_breadcrumbs_color":"","ocean_breadcrumbs_separator_color":"","ocean_breadcrumbs_links_color":"","ocean_breadcrumbs_links_hover_color":"","ocean_display_footer_widgets":"default","ocean_display_footer_bottom":"default","ocean_custom_footer_template":"0","ocean_post_oembed":"","ocean_post_self_hosted_media":"","ocean_post_video_embed":"","ocean_link_format":"","ocean_link_format_target":"self","ocean_quote_format":"","ocean_quote_format_link":"post","ocean_gallery_link_images":"on","ocean_gallery_id":[],"footnotes":""},"categories":[10523,10527,941],"tags":[],"table_tags":[],"class_list":["post-50946","post","type-post","status-publish","format-standard","has-post-thumbnail","hentry","category-grand-est","category-slow-travel","category-voyager-a-velo","entry","has-media"],"yoast_head":"<!-- This site is optimized with the Yoast SEO Premium plugin v25.9 (Yoast SEO v25.9) - https:\/\/yoast.com\/wordpress\/plugins\/seo\/ -->\n<title>Conseils pour faire l&#039;Alsace \u00e0 v\u00e9lo durant 3 jours<\/title>\n<meta name=\"description\" content=\"Conseils pour faire l&#039;Alsace \u00e0 v\u00e9lo durant 3 jours au d\u00e9part de Strasbourg et faire la route des vins d&#039;Alsace en passant par Colmar...\" \/>\n<meta name=\"robots\" content=\"index, follow, max-snippet:-1, max-image-preview:large, max-video-preview:-1\" \/>\n<link rel=\"canonical\" href=\"https:\/\/www.jdroadtrip.tv\/blog\/conseils-alsace-a-velo-durant-3-jours\/\" \/>\n<meta property=\"og:locale\" content=\"fr_FR\" \/>\n<meta property=\"og:type\" content=\"article\" \/>\n<meta property=\"og:title\" content=\"Conseils pour faire l&#039;Alsace \u00e0 v\u00e9lo durant 3 jours\" \/>\n<meta property=\"og:description\" content=\"Conseils pour faire l&#039;Alsace \u00e0 v\u00e9lo durant 3 jours au d\u00e9part de Strasbourg et faire la route des vins d&#039;Alsace en passant par Colmar...\" \/>\n<meta property=\"og:url\" content=\"https:\/\/www.jdroadtrip.tv\/blog\/conseils-alsace-a-velo-durant-3-jours\/\" \/>\n<meta property=\"og:site_name\" content=\"JDroadtrip - Blog de voyage pour voyager au f\u00e9minin !\" \/>\n<meta property=\"article:publisher\" content=\"https:\/\/www.facebook.com\/JDRoadTrip\" \/>\n<meta property=\"article:author\" content=\"https:\/\/www.facebook.com\/JDroadtrip\" \/>\n<meta property=\"article:published_time\" content=\"2022-10-06T13:58:25+00:00\" \/>\n<meta property=\"article:modified_time\" content=\"2025-08-07T06:45:02+00:00\" \/>\n<meta property=\"og:image\" content=\"https:\/\/www.jdroadtrip.tv\/blog\/wp-content\/uploads\/2021\/10\/alsace-a-velo-img-800x531.png\" \/>\n\t<meta property=\"og:image:width\" content=\"800\" \/>\n\t<meta property=\"og:image:height\" content=\"531\" \/>\n\t<meta property=\"og:image:type\" content=\"image\/png\" \/>\n<meta name=\"author\" content=\"Jenny Diab\" \/>\n<meta name=\"twitter:card\" content=\"summary_large_image\" \/>\n<meta name=\"twitter:creator\" content=\"@JDroadtrip\" \/>\n<meta name=\"twitter:site\" content=\"@JDroadtrip\" \/>\n<meta name=\"twitter:label1\" content=\"\u00c9crit par\" \/>\n\t<meta name=\"twitter:data1\" content=\"Jenny Diab\" \/>\n\t<meta name=\"twitter:label2\" content=\"Dur\u00e9e de lecture estim\u00e9e\" \/>\n\t<meta name=\"twitter:data2\" content=\"15 minutes\" \/>\n<script type=\"application\/ld+json\" class=\"yoast-schema-graph\">{\"@context\":\"https:\/\/schema.org\",\"@graph\":[{\"@type\":\"Article\",\"@id\":\"https:\/\/www.jdroadtrip.tv\/blog\/conseils-alsace-a-velo-durant-3-jours\/#article\",\"isPartOf\":{\"@id\":\"https:\/\/www.jdroadtrip.tv\/blog\/conseils-alsace-a-velo-durant-3-jours\/\"},\"author\":{\"name\":\"Jenny Diab\",\"@id\":\"https:\/\/www.jdroadtrip.tv\/blog\/#\/schema\/person\/d204bfc7d00ba74276391d8e42b58a3e\"},\"headline\":\"Conseils pour faire l&rsquo;Alsace \u00e0 v\u00e9lo durant 3 jours\",\"datePublished\":\"2022-10-06T13:58:25+00:00\",\"dateModified\":\"2025-08-07T06:45:02+00:00\",\"mainEntityOfPage\":{\"@id\":\"https:\/\/www.jdroadtrip.tv\/blog\/conseils-alsace-a-velo-durant-3-jours\/\"},\"wordCount\":2537,\"commentCount\":0,\"publisher\":{\"@id\":\"https:\/\/www.jdroadtrip.tv\/blog\/#organization\"},\"image\":{\"@id\":\"https:\/\/www.jdroadtrip.tv\/blog\/conseils-alsace-a-velo-durant-3-jours\/#primaryimage\"},\"thumbnailUrl\":\"https:\/\/www.jdroadtrip.tv\/blog\/wp-content\/uploads\/2021\/10\/alsace-a-velo-img.png\",\"articleSection\":[\"Grand Est\",\"Slow Travel\",\"Voyager \u00e0 v\u00e9lo\"],\"inLanguage\":\"fr-FR\",\"potentialAction\":[{\"@type\":\"CommentAction\",\"name\":\"Comment\",\"target\":[\"https:\/\/www.jdroadtrip.tv\/blog\/conseils-alsace-a-velo-durant-3-jours\/#respond\"]}]},{\"@type\":\"WebPage\",\"@id\":\"https:\/\/www.jdroadtrip.tv\/blog\/conseils-alsace-a-velo-durant-3-jours\/\",\"url\":\"https:\/\/www.jdroadtrip.tv\/blog\/conseils-alsace-a-velo-durant-3-jours\/\",\"name\":\"Conseils pour faire l'Alsace \u00e0 v\u00e9lo durant 3 jours\",\"isPartOf\":{\"@id\":\"https:\/\/www.jdroadtrip.tv\/blog\/#website\"},\"primaryImageOfPage\":{\"@id\":\"https:\/\/www.jdroadtrip.tv\/blog\/conseils-alsace-a-velo-durant-3-jours\/#primaryimage\"},\"image\":{\"@id\":\"https:\/\/www.jdroadtrip.tv\/blog\/conseils-alsace-a-velo-durant-3-jours\/#primaryimage\"},\"thumbnailUrl\":\"https:\/\/www.jdroadtrip.tv\/blog\/wp-content\/uploads\/2021\/10\/alsace-a-velo-img.png\",\"datePublished\":\"2022-10-06T13:58:25+00:00\",\"dateModified\":\"2025-08-07T06:45:02+00:00\",\"description\":\"Conseils pour faire l'Alsace \u00e0 v\u00e9lo durant 3 jours au d\u00e9part de Strasbourg et faire la route des vins d'Alsace en passant par Colmar...\",\"breadcrumb\":{\"@id\":\"https:\/\/www.jdroadtrip.tv\/blog\/conseils-alsace-a-velo-durant-3-jours\/#breadcrumb\"},\"inLanguage\":\"fr-FR\",\"potentialAction\":[{\"@type\":\"ReadAction\",\"target\":[\"https:\/\/www.jdroadtrip.tv\/blog\/conseils-alsace-a-velo-durant-3-jours\/\"]}]},{\"@type\":\"ImageObject\",\"inLanguage\":\"fr-FR\",\"@id\":\"https:\/\/www.jdroadtrip.tv\/blog\/conseils-alsace-a-velo-durant-3-jours\/#primaryimage\",\"url\":\"https:\/\/www.jdroadtrip.tv\/blog\/wp-content\/uploads\/2021\/10\/alsace-a-velo-img.png\",\"contentUrl\":\"https:\/\/www.jdroadtrip.tv\/blog\/wp-content\/uploads\/2021\/10\/alsace-a-velo-img.png\",\"width\":1500,\"height\":996},{\"@type\":\"BreadcrumbList\",\"@id\":\"https:\/\/www.jdroadtrip.tv\/blog\/conseils-alsace-a-velo-durant-3-jours\/#breadcrumb\",\"itemListElement\":[{\"@type\":\"ListItem\",\"position\":1,\"name\":\"Accueil\",\"item\":\"https:\/\/www.jdroadtrip.tv\/blog\/\"},{\"@type\":\"ListItem\",\"position\":2,\"name\":\"Conseils pour faire l&rsquo;Alsace \u00e0 v\u00e9lo durant 3 jours\"}]},{\"@type\":\"WebSite\",\"@id\":\"https:\/\/www.jdroadtrip.tv\/blog\/#website\",\"url\":\"https:\/\/www.jdroadtrip.tv\/blog\/\",\"name\":\"JDroadtrip - Blog de voyage au f\u00e9minin : Outdoor, Trek, Slow travel\",\"description\":\"M\u00e9dia pour voyager au f\u00e9minin\",\"publisher\":{\"@id\":\"https:\/\/www.jdroadtrip.tv\/blog\/#organization\"},\"alternateName\":\"JDroadtrip - Voyager au f\u00e9minin\",\"potentialAction\":[{\"@type\":\"SearchAction\",\"target\":{\"@type\":\"EntryPoint\",\"urlTemplate\":\"https:\/\/www.jdroadtrip.tv\/blog\/?s={search_term_string}\"},\"query-input\":{\"@type\":\"PropertyValueSpecification\",\"valueRequired\":true,\"valueName\":\"search_term_string\"}}],\"inLanguage\":\"fr-FR\"},{\"@type\":\"Organization\",\"@id\":\"https:\/\/www.jdroadtrip.tv\/blog\/#organization\",\"name\":\"JDroadtrip - Blog de voyage pour voyager au f\u00e9minin !\",\"alternateName\":\"JDroadtrip - Voyager au f\u00e9minin\",\"url\":\"https:\/\/www.jdroadtrip.tv\/blog\/\",\"logo\":{\"@type\":\"ImageObject\",\"inLanguage\":\"fr-FR\",\"@id\":\"https:\/\/www.jdroadtrip.tv\/blog\/#\/schema\/logo\/image\/\",\"url\":\"https:\/\/www.jdroadtrip.tv\/blog\/wp-content\/uploads\/2023\/08\/Logo-HD-petit.png\",\"contentUrl\":\"https:\/\/www.jdroadtrip.tv\/blog\/wp-content\/uploads\/2023\/08\/Logo-HD-petit.png\",\"width\":300,\"height\":300,\"caption\":\"JDroadtrip - Blog de voyage pour voyager au f\u00e9minin !\"},\"image\":{\"@id\":\"https:\/\/www.jdroadtrip.tv\/blog\/#\/schema\/logo\/image\/\"},\"sameAs\":[\"https:\/\/www.facebook.com\/JDRoadTrip\",\"https:\/\/x.com\/JDroadtrip\",\"https:\/\/instagram.com\/jdroadtrip\/\",\"http:\/\/www.linkedin.com\/in\/jennydiab\",\"https:\/\/www.pinterest.fr\/jdroadtrip\/\",\"https:\/\/www.youtube.com\/channel\/UCerVm4aMyTj9AxDDWmSx9_g\"],\"description\":\"Blog de voyage pour les femmes qui voyagent \u00e0 travers le monde.\",\"email\":\"contact@jdroadtrip.tv\",\"legalName\":\"Jenny Diab\",\"numberOfEmployees\":{\"@type\":\"QuantitativeValue\",\"minValue\":\"1\",\"maxValue\":\"10\"}},{\"@type\":\"Person\",\"@id\":\"https:\/\/www.jdroadtrip.tv\/blog\/#\/schema\/person\/d204bfc7d00ba74276391d8e42b58a3e\",\"name\":\"Jenny Diab\",\"image\":{\"@type\":\"ImageObject\",\"inLanguage\":\"fr-FR\",\"@id\":\"https:\/\/www.jdroadtrip.tv\/blog\/#\/schema\/person\/image\/\",\"url\":\"https:\/\/secure.gravatar.com\/avatar\/8c20b0655fdafee9c0df649069a458b1bde697487be3b0da4df8754f3de7042c?s=96&d=mm&r=g\",\"contentUrl\":\"https:\/\/secure.gravatar.com\/avatar\/8c20b0655fdafee9c0df649069a458b1bde697487be3b0da4df8754f3de7042c?s=96&d=mm&r=g\",\"caption\":\"Jenny Diab\"},\"description\":\"Cr\u00e9atrice du blog JDroadtrip.tv, je voyage seule \u00e0 travers le monde et je partage mes exp\u00e9riences de voyageuse solo. \u00c0 travers ce blog, je vous invite \u00e0 d\u00e9couvrir un maximum de bons plans et astuces (h\u00e9bergements, activit\u00e9s, restaurants, transports \u2026) pour pr\u00e9parer au mieux vos futurs voyages. Si vous \u00eates une fille qui voyage \u00e0 travers le monde, rejoignez la communaut\u00e9 Voyager au f\u00e9minin et si vous avez des questions, n'h\u00e9sitez pas \u00e0 \u00e0 me contacter. D\u00c9COUVREZ QUI SUIS-JE.\",\"sameAs\":[\"https:\/\/www.jdroadtrip.tv\",\"https:\/\/www.facebook.com\/JDroadtrip\",\"https:\/\/www.instagram.com\/jdroadtrip\/\",\"https:\/\/www.linkedin.com\/in\/jennydiab\",\"https:\/\/www.pinterest.com\/Jdroadtrip\",\"https:\/\/x.com\/JDroadtrip\"],\"url\":\"https:\/\/www.jdroadtrip.tv\/blog\/author\/jd\/\"}]}<\/script>\n<!-- \/ Yoast SEO Premium plugin. -->","yoast_head_json":{"title":"Conseils pour faire l'Alsace \u00e0 v\u00e9lo durant 3 jours","description":"Conseils pour faire l'Alsace \u00e0 v\u00e9lo durant 3 jours au d\u00e9part de Strasbourg et faire la route des vins d'Alsace en passant par Colmar...","robots":{"index":"index","follow":"follow","max-snippet":"max-snippet:-1","max-image-preview":"max-image-preview:large","max-video-preview":"max-video-preview:-1"},"canonical":"https:\/\/www.jdroadtrip.tv\/blog\/conseils-alsace-a-velo-durant-3-jours\/","og_locale":"fr_FR","og_type":"article","og_title":"Conseils pour faire l'Alsace \u00e0 v\u00e9lo durant 3 jours","og_description":"Conseils pour faire l'Alsace \u00e0 v\u00e9lo durant 3 jours au d\u00e9part de Strasbourg et faire la route des vins d'Alsace en passant par Colmar...","og_url":"https:\/\/www.jdroadtrip.tv\/blog\/conseils-alsace-a-velo-durant-3-jours\/","og_site_name":"JDroadtrip - Blog de voyage pour voyager au f\u00e9minin !","article_publisher":"https:\/\/www.facebook.com\/JDRoadTrip","article_author":"https:\/\/www.facebook.com\/JDroadtrip","article_published_time":"2022-10-06T13:58:25+00:00","article_modified_time":"2025-08-07T06:45:02+00:00","og_image":[{"width":800,"height":531,"url":"https:\/\/www.jdroadtrip.tv\/blog\/wp-content\/uploads\/2021\/10\/alsace-a-velo-img-800x531.png","type":"image\/png"}],"author":"Jenny Diab","twitter_card":"summary_large_image","twitter_creator":"@JDroadtrip","twitter_site":"@JDroadtrip","twitter_misc":{"\u00c9crit par":"Jenny Diab","Dur\u00e9e de lecture estim\u00e9e":"15 minutes"},"schema":{"@context":"https:\/\/schema.org","@graph":[{"@type":"Article","@id":"https:\/\/www.jdroadtrip.tv\/blog\/conseils-alsace-a-velo-durant-3-jours\/#article","isPartOf":{"@id":"https:\/\/www.jdroadtrip.tv\/blog\/conseils-alsace-a-velo-durant-3-jours\/"},"author":{"name":"Jenny Diab","@id":"https:\/\/www.jdroadtrip.tv\/blog\/#\/schema\/person\/d204bfc7d00ba74276391d8e42b58a3e"},"headline":"Conseils pour faire l&rsquo;Alsace \u00e0 v\u00e9lo durant 3 jours","datePublished":"2022-10-06T13:58:25+00:00","dateModified":"2025-08-07T06:45:02+00:00","mainEntityOfPage":{"@id":"https:\/\/www.jdroadtrip.tv\/blog\/conseils-alsace-a-velo-durant-3-jours\/"},"wordCount":2537,"commentCount":0,"publisher":{"@id":"https:\/\/www.jdroadtrip.tv\/blog\/#organization"},"image":{"@id":"https:\/\/www.jdroadtrip.tv\/blog\/conseils-alsace-a-velo-durant-3-jours\/#primaryimage"},"thumbnailUrl":"https:\/\/www.jdroadtrip.tv\/blog\/wp-content\/uploads\/2021\/10\/alsace-a-velo-img.png","articleSection":["Grand Est","Slow Travel","Voyager \u00e0 v\u00e9lo"],"inLanguage":"fr-FR","potentialAction":[{"@type":"CommentAction","name":"Comment","target":["https:\/\/www.jdroadtrip.tv\/blog\/conseils-alsace-a-velo-durant-3-jours\/#respond"]}]},{"@type":"WebPage","@id":"https:\/\/www.jdroadtrip.tv\/blog\/conseils-alsace-a-velo-durant-3-jours\/","url":"https:\/\/www.jdroadtrip.tv\/blog\/conseils-alsace-a-velo-durant-3-jours\/","name":"Conseils pour faire l'Alsace \u00e0 v\u00e9lo durant 3 jours","isPartOf":{"@id":"https:\/\/www.jdroadtrip.tv\/blog\/#website"},"primaryImageOfPage":{"@id":"https:\/\/www.jdroadtrip.tv\/blog\/conseils-alsace-a-velo-durant-3-jours\/#primaryimage"},"image":{"@id":"https:\/\/www.jdroadtrip.tv\/blog\/conseils-alsace-a-velo-durant-3-jours\/#primaryimage"},"thumbnailUrl":"https:\/\/www.jdroadtrip.tv\/blog\/wp-content\/uploads\/2021\/10\/alsace-a-velo-img.png","datePublished":"2022-10-06T13:58:25+00:00","dateModified":"2025-08-07T06:45:02+00:00","description":"Conseils pour faire l'Alsace \u00e0 v\u00e9lo durant 3 jours au d\u00e9part de Strasbourg et faire la route des vins d'Alsace en passant par Colmar...","breadcrumb":{"@id":"https:\/\/www.jdroadtrip.tv\/blog\/conseils-alsace-a-velo-durant-3-jours\/#breadcrumb"},"inLanguage":"fr-FR","potentialAction":[{"@type":"ReadAction","target":["https:\/\/www.jdroadtrip.tv\/blog\/conseils-alsace-a-velo-durant-3-jours\/"]}]},{"@type":"ImageObject","inLanguage":"fr-FR","@id":"https:\/\/www.jdroadtrip.tv\/blog\/conseils-alsace-a-velo-durant-3-jours\/#primaryimage","url":"https:\/\/www.jdroadtrip.tv\/blog\/wp-content\/uploads\/2021\/10\/alsace-a-velo-img.png","contentUrl":"https:\/\/www.jdroadtrip.tv\/blog\/wp-content\/uploads\/2021\/10\/alsace-a-velo-img.png","width":1500,"height":996},{"@type":"BreadcrumbList","@id":"https:\/\/www.jdroadtrip.tv\/blog\/conseils-alsace-a-velo-durant-3-jours\/#breadcrumb","itemListElement":[{"@type":"ListItem","position":1,"name":"Accueil","item":"https:\/\/www.jdroadtrip.tv\/blog\/"},{"@type":"ListItem","position":2,"name":"Conseils pour faire l&rsquo;Alsace \u00e0 v\u00e9lo durant 3 jours"}]},{"@type":"WebSite","@id":"https:\/\/www.jdroadtrip.tv\/blog\/#website","url":"https:\/\/www.jdroadtrip.tv\/blog\/","name":"JDroadtrip - Blog de voyage au f\u00e9minin : Outdoor, Trek, Slow travel","description":"M\u00e9dia pour voyager au f\u00e9minin","publisher":{"@id":"https:\/\/www.jdroadtrip.tv\/blog\/#organization"},"alternateName":"JDroadtrip - Voyager au f\u00e9minin","potentialAction":[{"@type":"SearchAction","target":{"@type":"EntryPoint","urlTemplate":"https:\/\/www.jdroadtrip.tv\/blog\/?s={search_term_string}"},"query-input":{"@type":"PropertyValueSpecification","valueRequired":true,"valueName":"search_term_string"}}],"inLanguage":"fr-FR"},{"@type":"Organization","@id":"https:\/\/www.jdroadtrip.tv\/blog\/#organization","name":"JDroadtrip - Blog de voyage pour voyager au f\u00e9minin !","alternateName":"JDroadtrip - Voyager au f\u00e9minin","url":"https:\/\/www.jdroadtrip.tv\/blog\/","logo":{"@type":"ImageObject","inLanguage":"fr-FR","@id":"https:\/\/www.jdroadtrip.tv\/blog\/#\/schema\/logo\/image\/","url":"https:\/\/www.jdroadtrip.tv\/blog\/wp-content\/uploads\/2023\/08\/Logo-HD-petit.png","contentUrl":"https:\/\/www.jdroadtrip.tv\/blog\/wp-content\/uploads\/2023\/08\/Logo-HD-petit.png","width":300,"height":300,"caption":"JDroadtrip - Blog de voyage pour voyager au f\u00e9minin !"},"image":{"@id":"https:\/\/www.jdroadtrip.tv\/blog\/#\/schema\/logo\/image\/"},"sameAs":["https:\/\/www.facebook.com\/JDRoadTrip","https:\/\/x.com\/JDroadtrip","https:\/\/instagram.com\/jdroadtrip\/","http:\/\/www.linkedin.com\/in\/jennydiab","https:\/\/www.pinterest.fr\/jdroadtrip\/","https:\/\/www.youtube.com\/channel\/UCerVm4aMyTj9AxDDWmSx9_g"],"description":"Blog de voyage pour les femmes qui voyagent \u00e0 travers le monde.","email":"contact@jdroadtrip.tv","legalName":"Jenny Diab","numberOfEmployees":{"@type":"QuantitativeValue","minValue":"1","maxValue":"10"}},{"@type":"Person","@id":"https:\/\/www.jdroadtrip.tv\/blog\/#\/schema\/person\/d204bfc7d00ba74276391d8e42b58a3e","name":"Jenny Diab","image":{"@type":"ImageObject","inLanguage":"fr-FR","@id":"https:\/\/www.jdroadtrip.tv\/blog\/#\/schema\/person\/image\/","url":"https:\/\/secure.gravatar.com\/avatar\/8c20b0655fdafee9c0df649069a458b1bde697487be3b0da4df8754f3de7042c?s=96&d=mm&r=g","contentUrl":"https:\/\/secure.gravatar.com\/avatar\/8c20b0655fdafee9c0df649069a458b1bde697487be3b0da4df8754f3de7042c?s=96&d=mm&r=g","caption":"Jenny Diab"},"description":"Cr\u00e9atrice du blog JDroadtrip.tv, je voyage seule \u00e0 travers le monde et je partage mes exp\u00e9riences de voyageuse solo. \u00c0 travers ce blog, je vous invite \u00e0 d\u00e9couvrir un maximum de bons plans et astuces (h\u00e9bergements, activit\u00e9s, restaurants, transports \u2026) pour pr\u00e9parer au mieux vos futurs voyages. Si vous \u00eates une fille qui voyage \u00e0 travers le monde, rejoignez la communaut\u00e9 Voyager au f\u00e9minin et si vous avez des questions, n'h\u00e9sitez pas \u00e0 \u00e0 me contacter. D\u00c9COUVREZ QUI SUIS-JE.","sameAs":["https:\/\/www.jdroadtrip.tv","https:\/\/www.facebook.com\/JDroadtrip","https:\/\/www.instagram.com\/jdroadtrip\/","https:\/\/www.linkedin.com\/in\/jennydiab","https:\/\/www.pinterest.com\/Jdroadtrip","https:\/\/x.com\/JDroadtrip"],"url":"https:\/\/www.jdroadtrip.tv\/blog\/author\/jd\/"}]}},"_links":{"self":[{"href":"https:\/\/www.jdroadtrip.tv\/blog\/wp-json\/wp\/v2\/posts\/50946","targetHints":{"allow":["GET"]}}],"collection":[{"href":"https:\/\/www.jdroadtrip.tv\/blog\/wp-json\/wp\/v2\/posts"}],"about":[{"href":"https:\/\/www.jdroadtrip.tv\/blog\/wp-json\/wp\/v2\/types\/post"}],"author":[{"embeddable":true,"href":"https:\/\/www.jdroadtrip.tv\/blog\/wp-json\/wp\/v2\/users\/1"}],"replies":[{"embeddable":true,"href":"https:\/\/www.jdroadtrip.tv\/blog\/wp-json\/wp\/v2\/comments?post=50946"}],"version-history":[{"count":0,"href":"https:\/\/www.jdroadtrip.tv\/blog\/wp-json\/wp\/v2\/posts\/50946\/revisions"}],"wp:featuredmedia":[{"embeddable":true,"href":"https:\/\/www.jdroadtrip.tv\/blog\/wp-json\/wp\/v2\/media\/51875"}],"wp:attachment":[{"href":"https:\/\/www.jdroadtrip.tv\/blog\/wp-json\/wp\/v2\/media?parent=50946"}],"wp:term":[{"taxonomy":"category","embeddable":true,"href":"https:\/\/www.jdroadtrip.tv\/blog\/wp-json\/wp\/v2\/categories?post=50946"},{"taxonomy":"post_tag","embeddable":true,"href":"https:\/\/www.jdroadtrip.tv\/blog\/wp-json\/wp\/v2\/tags?post=50946"},{"taxonomy":"table_tags","embeddable":true,"href":"https:\/\/www.jdroadtrip.tv\/blog\/wp-json\/wp\/v2\/table_tags?post=50946"}],"curies":[{"name":"wp","href":"https:\/\/api.w.org\/{rel}","templated":true}]}}