{"id":4402,"date":"2022-09-28T16:58:35","date_gmt":"2022-09-28T15:58:35","guid":{"rendered":"http:\/\/www.jdroadtrip.tv\/blog\/?p=4402"},"modified":"2025-06-10T19:22:02","modified_gmt":"2025-06-10T18:22:02","slug":"visite-du-jardin-majorelle-a-marrakech","status":"publish","type":"post","link":"https:\/\/www.jdroadtrip.tv\/blog\/visite-du-jardin-majorelle-a-marrakech\/","title":{"rendered":"Visite du jardin Majorelle \u00e0 Marrakech"},"content":{"rendered":"\t\t<div data-elementor-type=\"wp-post\" data-elementor-id=\"4402\" class=\"elementor elementor-4402\" data-elementor-post-type=\"post\">\n\t\t\t\t\t\t<section class=\"elementor-section elementor-top-section elementor-element elementor-element-8085201 elementor-section-boxed elementor-section-height-default elementor-section-height-default\" data-id=\"8085201\" data-element_type=\"section\">\n\t\t\t\t\t\t<div class=\"elementor-container elementor-column-gap-default\">\n\t\t\t\t\t<div class=\"elementor-column elementor-col-100 elementor-top-column elementor-element elementor-element-f150cca\" data-id=\"f150cca\" data-element_type=\"column\">\n\t\t\t<div class=\"elementor-widget-wrap elementor-element-populated\">\n\t\t\t\t\t\t<div class=\"elementor-element elementor-element-e1b7def elementor-widget elementor-widget-heading\" data-id=\"e1b7def\" data-element_type=\"widget\" data-widget_type=\"heading.default\">\n\t\t\t\t<div class=\"elementor-widget-container\">\n\t\t\t\t\t<h2 class=\"elementor-heading-title elementor-size-default\">Visite du jardin Majorelle \u00e0 Marrakech<\/h2>\t\t\t\t<\/div>\n\t\t\t\t<\/div>\n\t\t\t\t<section class=\"elementor-section elementor-inner-section elementor-element elementor-element-d2a9766 elementor-section-boxed elementor-section-height-default elementor-section-height-default\" data-id=\"d2a9766\" data-element_type=\"section\">\n\t\t\t\t\t\t<div class=\"elementor-container elementor-column-gap-default\">\n\t\t\t\t\t<div class=\"elementor-column elementor-col-66 elementor-inner-column elementor-element elementor-element-f6b523d\" data-id=\"f6b523d\" data-element_type=\"column\">\n\t\t\t<div class=\"elementor-widget-wrap elementor-element-populated\">\n\t\t\t\t\t\t<div class=\"elementor-element elementor-element-0829b30 elementor-widget elementor-widget-text-editor\" data-id=\"0829b30\" data-element_type=\"widget\" data-widget_type=\"text-editor.default\">\n\t\t\t\t<div class=\"elementor-widget-container\">\n\t\t\t\t\t\t\t\t\t<p style=\"text-align: justify;\">La <strong>visite du jardin Majorelle \u00e0 Marrakech<\/strong> est incontournable, un moment de d\u00e9tente et fraicheur loin de la circulation de la medina.<\/p><p style=\"text-align: justify;\"><strong>Il s&rsquo;agit du jardin botanique de Marrakech.<\/strong> Il a \u00e9t\u00e9 cr\u00e9\u00e9 en 1931 par Jacques Majorelle, un peintre fran\u00e7ais. <strong>C&rsquo;est la propri\u00e9t\u00e9 d&rsquo;Yves Saint-Laurent (d\u00e9c\u00e9d\u00e9 en 2008) et de Pierre Berg\u00e9 depuis 1980.<\/strong><\/p><p style=\"text-align: justify;\">Ils ont d\u00e9couvert ce Jardin en 1966, au cours de leur premier s\u00e9jour \u00e0 Marrakech. C\u2019est en 1980 qu&rsquo;ils l&rsquo;ach\u00e8tent et le sauvent ainsi d\u2019un projet de complexe h\u00f4telier qui aurai pu entrainer sa compl\u00e8te disparition.<\/p>\t\t\t\t\t\t\t\t<\/div>\n\t\t\t\t<\/div>\n\t\t\t\t<div class=\"elementor-element elementor-element-891da64 elementor-widget elementor-widget-image\" data-id=\"891da64\" data-element_type=\"widget\" data-widget_type=\"image.default\">\n\t\t\t\t<div class=\"elementor-widget-container\">\n\t\t\t\t\t\t\t\t\t\t\t\t\t\t\t<img fetchpriority=\"high\" decoding=\"async\" width=\"753\" height=\"502\" src=\"https:\/\/www.jdroadtrip.tv\/blog\/wp-content\/uploads\/2013\/05\/Jardin_Majorelle10.jpg\" class=\"attachment-full size-full wp-image-4393\" alt=\"jardin Majorelle \u00e0 Marrakech\" srcset=\"https:\/\/www.jdroadtrip.tv\/blog\/wp-content\/uploads\/2013\/05\/Jardin_Majorelle10.jpg 753w, https:\/\/www.jdroadtrip.tv\/blog\/wp-content\/uploads\/2013\/05\/Jardin_Majorelle10-300x200.jpg 300w, https:\/\/www.jdroadtrip.tv\/blog\/wp-content\/uploads\/2013\/05\/Jardin_Majorelle10-250x167.jpg 250w, https:\/\/www.jdroadtrip.tv\/blog\/wp-content\/uploads\/2013\/05\/Jardin_Majorelle10-585x390.jpg 585w, https:\/\/www.jdroadtrip.tv\/blog\/wp-content\/uploads\/2013\/05\/Jardin_Majorelle10-263x175.jpg 263w\" sizes=\"(max-width: 753px) 100vw, 753px\" \/>\t\t\t\t\t\t\t\t\t\t\t\t\t\t\t<\/div>\n\t\t\t\t<\/div>\n\t\t\t\t\t<\/div>\n\t\t<\/div>\n\t\t\t\t<div class=\"elementor-column elementor-col-33 elementor-inner-column elementor-element elementor-element-53369be\" data-id=\"53369be\" data-element_type=\"column\">\n\t\t\t<div class=\"elementor-widget-wrap elementor-element-populated\">\n\t\t\t\t\t\t<div class=\"elementor-element elementor-element-130f8cd elementor-widget elementor-widget-global elementor-global-43999 elementor-widget-text-editor\" data-id=\"130f8cd\" data-element_type=\"widget\" data-widget_type=\"text-editor.default\">\n\t\t\t\t<div class=\"elementor-widget-container\">\n\t\t\t\t\t\t\t\t\t<p><span style=\"font-size: 14pt;\">Visiter le Maroc<\/span><\/p><ul><li><strong><a href=\"https:\/\/www.jdroadtrip.tv\/blog\/conseils-pour-visiter-marrakech-et-ses-alentours\/\" target=\"_blank\" rel=\"noopener\">Conseils pour visiter Marrakech<\/a><\/strong><\/li><li><strong><a href=\"https:\/\/www.jdroadtrip.tv\/blog\/quels-types-de-souvenirs-a-ramener-du-maroc\/\" target=\"_blank\" rel=\"noopener\">Types de souvenirs \u00e0 ramener du Maroc\u200b<\/a><\/strong><\/li><li><strong><a href=\"https:\/\/www.jdroadtrip.tv\/blog\/ensemble-artisanal-a-marrakech\/\" target=\"_blank\" rel=\"noopener\">Complexe Ensemble Artisanal \u00e0 Marrakech<\/a><\/strong><\/li><li><strong><a href=\"https:\/\/www.jdroadtrip.tv\/blog\/gouter-gastronomie-specialites-marocaines\/\" target=\"_blank\" rel=\"noopener\">Go\u00fbter les sp\u00e9cialit\u00e9s marocaines<\/a><\/strong><\/li><li><strong><a href=\"https:\/\/www.jdroadtrip.tv\/blog\/taux-de-change-euros-dirhams-au-maroc\/\" target=\"_blank\" rel=\"noopener\">O\u00f9 obtenir un bon taux de change au Maroc ?<\/a><\/strong><\/li><li><strong><a href=\"https:\/\/www.jdroadtrip.tv\/blog\/brule-au-second-degre-soleil-maroc\/\" target=\"_blank\" rel=\"noopener\">Br\u00fbl\u00e9e au second degr\u00e9 par le soleil du Maroc<\/a><\/strong><\/li><li><strong><a href=\"https:\/\/www.jdroadtrip.tv\/blog\/partir-maroc-compagnie-bus-eurolines-arnaque\/\" target=\"_blank\" rel=\"noopener\">Partir au Maroc avec Eurolines<\/a><\/strong><\/li><li><strong><a href=\"https:\/\/www.jdroadtrip.tv\/blog\/auberge-de-jeunesse-ayoub-a-marrakech\/\" target=\"_blank\" rel=\"noopener\">Auberge de jeunesse Ayoub \u00e0 Marrakech<\/a><\/strong><\/li><li><strong><a href=\"https:\/\/www.jdroadtrip.tv\/blog\/excursion-pour-visiter-les-cascades-douzoud-au-maroc\/\" target=\"_blank\" rel=\"noopener\">Visiter les Cascades d&rsquo;Ouzoud au Maroc<\/a><\/strong><\/li><li><strong><a href=\"https:\/\/www.jdroadtrip.tv\/blog\/faire-une-randonnee-en-quad-dans-la-palmeraie-de-marrakech\/\" target=\"_blank\" rel=\"noopener\">Quad dans le palmeraie de Marrakech<\/a><\/strong><\/li><\/ul>\t\t\t\t\t\t\t\t<\/div>\n\t\t\t\t<\/div>\n\t\t\t\t\t<\/div>\n\t\t<\/div>\n\t\t\t\t\t<\/div>\n\t\t<\/section>\n\t\t\t\t\t<\/div>\n\t\t<\/div>\n\t\t\t\t\t<\/div>\n\t\t<\/section>\n\t\t\t\t<section class=\"elementor-section elementor-top-section elementor-element elementor-element-23d18ae elementor-section-boxed elementor-section-height-default elementor-section-height-default\" data-id=\"23d18ae\" data-element_type=\"section\">\n\t\t\t\t\t\t<div class=\"elementor-container elementor-column-gap-default\">\n\t\t\t\t\t<div class=\"elementor-column elementor-col-100 elementor-top-column elementor-element elementor-element-111669a\" data-id=\"111669a\" data-element_type=\"column\">\n\t\t\t<div class=\"elementor-widget-wrap elementor-element-populated\">\n\t\t\t\t\t\t<div class=\"elementor-element elementor-element-58481fb elementor-widget elementor-widget-text-editor\" data-id=\"58481fb\" data-element_type=\"widget\" data-widget_type=\"text-editor.default\">\n\t\t\t\t<div class=\"elementor-widget-container\">\n\t\t\t\t\t\t\t\t\t<p style=\"text-align: justify;\">Jacques Majorelle cr\u00e9e un bleu outremer \u00e0 la fois intense et clair qui l&rsquo;a appel\u00e9 le bleu Majorelle. Vous d\u00e9couvrirez \u00e0 travers la visite cette couleur pratiquement partout dans le jardin Majorelle \u00e0 Marrakech. <strong>Le mus\u00e9e berb\u00e8re \u00e9tait anciennement l&rsquo;atelier du peintre.<\/strong> Vous pourrez le visiter et y d\u00e9couvrir les collections personnelles d\u2019Yves Saint Laurent et de Pierre Berg\u00e9. Yves Saint Laurent est d\u00e9c\u00e9d\u00e9 le 1er juin 2008 et ses cendres ont \u00e9t\u00e9 dispers\u00e9es dans la roseraie de le jardin Majorelle. Son m\u00e9morial est compos\u00e9 d&rsquo;une colonne romaine ramen\u00e9e de Tanger et pos\u00e9e sur un socle o\u00f9 une plaque porte son nom.<\/p><p style=\"text-align: justify;\"><strong>Le jardin Majorelle \u00e0 Marrakech est tr\u00e8s bien entretenu et surveill\u00e9 pour \u00e9viter de toucher et d&rsquo;ab\u00eemer les plantations.<\/strong> C&rsquo;est un lieu tr\u00e8s frais, propre et calme. Tr\u00e8s impressionnant ce d\u00e9cor au milieu de Marrakech o\u00f9 l&rsquo;atmosph\u00e8re est aride ! Je vous recommande vivement d&rsquo;y aller, c&rsquo;est un lieu \u00e0 ne pas manquer et tr\u00e8s agr\u00e9able de s&rsquo;y balader. Si vous \u00eates passionn\u00e9 de photographie, vous allez vous r\u00e9galer car le jardin regorge de couleurs diff\u00e9rentes.<\/p><p style=\"text-align: justify;\"><strong>Horaires\u00a0: <\/strong>Du 1er octobre au 30 avril de 8h00 \u00e0 17h30.<br \/>Du 1er mai au 30 septembre de 8h00 \u00e0 18h00.<br \/>Mois de Ramadan de 9h00 \u00e0 17h00.<br \/>Le jardin et le mus\u00e9e sont accessibles aux handicap\u00e9s.<br \/><strong>Tarifs\u00a0: <\/strong>Jardin : 50 Dhs (environ : 4,50\u20ac)<br \/>Mus\u00e9e berb\u00e8re : 25 Dhs (environ : 2\u20ac)<br \/>Groupes scolaires et associatifs marocains : gratuit\u00e9 sur demande par fax ou email.<\/p>\t\t\t\t\t\t\t\t<\/div>\n\t\t\t\t<\/div>\n\t\t\t\t<div class=\"elementor-element elementor-element-c7351c4 elementor-widget-divider--view-line elementor-widget elementor-widget-global elementor-global-41411 elementor-widget-divider\" data-id=\"c7351c4\" data-element_type=\"widget\" data-widget_type=\"divider.default\">\n\t\t\t\t<div class=\"elementor-widget-container\">\n\t\t\t\t\t\t\t<div class=\"elementor-divider\">\n\t\t\t<span class=\"elementor-divider-separator\">\n\t\t\t\t\t\t<\/span>\n\t\t<\/div>\n\t\t\t\t\t\t<\/div>\n\t\t\t\t<\/div>\n\t\t\t\t\t<\/div>\n\t\t<\/div>\n\t\t\t\t\t<\/div>\n\t\t<\/section>\n\t\t\t\t<section class=\"elementor-section elementor-top-section elementor-element elementor-element-ccfff9f elementor-section-boxed elementor-section-height-default elementor-section-height-default\" data-id=\"ccfff9f\" data-element_type=\"section\">\n\t\t\t\t\t\t<div class=\"elementor-container elementor-column-gap-default\">\n\t\t\t\t\t<div class=\"elementor-column elementor-col-100 elementor-top-column elementor-element elementor-element-6661fe1b\" data-id=\"6661fe1b\" data-element_type=\"column\">\n\t\t\t<div class=\"elementor-widget-wrap elementor-element-populated\">\n\t\t\t\t\t\t<div class=\"elementor-element elementor-element-1a4bdd37 elementor-widget elementor-widget-text-editor\" data-id=\"1a4bdd37\" data-element_type=\"widget\" data-widget_type=\"text-editor.default\">\n\t\t\t\t<div class=\"elementor-widget-container\">\n\t\t\t\t\t\t\t\t\t<p style=\"text-align: justify;\"><strong>Si vous avez des questions pour visiter le jardin Majorelle \u00e0 Marrakech, n\u2019h\u00e9sitez pas \u00e0 les laisser en commentaire\u00a0 ! Si vous \u00eates une femme qui voyage seule o\u00f9 \u00e0 plusieurs, n\u2019h\u00e9sitez pas \u00e0 rejoindre le groupe facebook 100% f\u00e9minin <a href=\"https:\/\/www.facebook.com\/groups\/Voyageraufeminin\" target=\"_blank\" rel=\"noopener\">Voyager au f\u00e9minin en sac \u00e0 dos<\/a>.<\/strong><\/p>\t\t\t\t\t\t\t\t<\/div>\n\t\t\t\t<\/div>\n\t\t\t\t\t<\/div>\n\t\t<\/div>\n\t\t\t\t\t<\/div>\n\t\t<\/section>\n\t\t\t\t<\/div>\n\t\t","protected":false},"excerpt":{"rendered":"<p>Visite du jardin Majorelle \u00e0 Marrakech La visite du jardin Majorelle \u00e0 Marrakech est incontournable, un moment de d\u00e9tente et fraicheur loin de la circulation de la medina. Il s&rsquo;agit du jardin botanique de Marrakech. Il a \u00e9t\u00e9 cr\u00e9\u00e9 en 1931 par Jacques Majorelle, un peintre fran\u00e7ais. C&rsquo;est la propri\u00e9t\u00e9 d&rsquo;Yves Saint-Laurent (d\u00e9c\u00e9d\u00e9 en 2008) [&hellip;]<\/p>\n","protected":false},"author":1,"featured_media":17291,"comment_status":"open","ping_status":"open","sticky":false,"template":"","format":"standard","meta":{"ocean_post_layout":"","ocean_both_sidebars_style":"","ocean_both_sidebars_content_width":0,"ocean_both_sidebars_sidebars_width":0,"ocean_sidebar":"","ocean_second_sidebar":"","ocean_disable_margins":"enable","ocean_add_body_class":"","ocean_shortcode_before_top_bar":"","ocean_shortcode_after_top_bar":"","ocean_shortcode_before_header":"","ocean_shortcode_after_header":"","ocean_has_shortcode":"","ocean_shortcode_after_title":"","ocean_shortcode_before_footer_widgets":"","ocean_shortcode_after_footer_widgets":"","ocean_shortcode_before_footer_bottom":"","ocean_shortcode_after_footer_bottom":"","ocean_display_top_bar":"default","ocean_display_header":"default","ocean_header_style":"","ocean_center_header_left_menu":"","ocean_custom_header_template":"","ocean_custom_logo":0,"ocean_custom_retina_logo":0,"ocean_custom_logo_max_width":0,"ocean_custom_logo_tablet_max_width":0,"ocean_custom_logo_mobile_max_width":0,"ocean_custom_logo_max_height":0,"ocean_custom_logo_tablet_max_height":0,"ocean_custom_logo_mobile_max_height":0,"ocean_header_custom_menu":"","ocean_menu_typo_font_family":"","ocean_menu_typo_font_subset":"","ocean_menu_typo_font_size":0,"ocean_menu_typo_font_size_tablet":0,"ocean_menu_typo_font_size_mobile":0,"ocean_menu_typo_font_size_unit":"px","ocean_menu_typo_font_weight":"","ocean_menu_typo_font_weight_tablet":"","ocean_menu_typo_font_weight_mobile":"","ocean_menu_typo_transform":"","ocean_menu_typo_transform_tablet":"","ocean_menu_typo_transform_mobile":"","ocean_menu_typo_line_height":0,"ocean_menu_typo_line_height_tablet":0,"ocean_menu_typo_line_height_mobile":0,"ocean_menu_typo_line_height_unit":"","ocean_menu_typo_spacing":0,"ocean_menu_typo_spacing_tablet":0,"ocean_menu_typo_spacing_mobile":0,"ocean_menu_typo_spacing_unit":"","ocean_menu_link_color":"","ocean_menu_link_color_hover":"","ocean_menu_link_color_active":"","ocean_menu_link_background":"","ocean_menu_link_hover_background":"","ocean_menu_link_active_background":"","ocean_menu_social_links_bg":"","ocean_menu_social_hover_links_bg":"","ocean_menu_social_links_color":"","ocean_menu_social_hover_links_color":"","ocean_disable_title":"default","ocean_disable_heading":"default","ocean_post_title":"","ocean_post_subheading":"","ocean_post_title_style":"","ocean_post_title_background_color":"","ocean_post_title_background":0,"ocean_post_title_bg_image_position":"","ocean_post_title_bg_image_attachment":"","ocean_post_title_bg_image_repeat":"","ocean_post_title_bg_image_size":"","ocean_post_title_height":0,"ocean_post_title_bg_overlay":0.5,"ocean_post_title_bg_overlay_color":"","ocean_disable_breadcrumbs":"default","ocean_breadcrumbs_color":"","ocean_breadcrumbs_separator_color":"","ocean_breadcrumbs_links_color":"","ocean_breadcrumbs_links_hover_color":"","ocean_display_footer_widgets":"default","ocean_display_footer_bottom":"default","ocean_custom_footer_template":"","ocean_post_oembed":"","ocean_post_self_hosted_media":"","ocean_post_video_embed":"","ocean_link_format":"","ocean_link_format_target":"self","ocean_quote_format":"","ocean_quote_format_link":"post","ocean_gallery_link_images":"on","ocean_gallery_id":[],"footnotes":""},"categories":[10566],"tags":[],"table_tags":[],"class_list":["post-4402","post","type-post","status-publish","format-standard","has-post-thumbnail","hentry","category-maroc","entry","has-media"],"yoast_head":"<!-- This site is optimized with the Yoast SEO Premium plugin v25.9 (Yoast SEO v25.9) - https:\/\/yoast.com\/wordpress\/plugins\/seo\/ -->\n<title>visite du jardin Majorelle \u00e0 Marrakech - JDroadtrip.tv<\/title>\n<meta name=\"description\" content=\"La visite du jardin Majorelle \u00e0 Marrakech est incontournable, non loin de la medina, vous profiterez de ce moment de d\u00e9tente et fraicheur.\" \/>\n<meta name=\"robots\" content=\"index, follow, max-snippet:-1, max-image-preview:large, max-video-preview:-1\" \/>\n<link rel=\"canonical\" href=\"https:\/\/www.jdroadtrip.tv\/blog\/visite-du-jardin-majorelle-a-marrakech\/\" \/>\n<meta property=\"og:locale\" content=\"fr_FR\" \/>\n<meta property=\"og:type\" content=\"article\" \/>\n<meta property=\"og:title\" content=\"Visite du jardin Majorelle \u00e0 Marrakech\" \/>\n<meta property=\"og:description\" content=\"La visite du jardin Majorelle \u00e0 Marrakech est incontournable, non loin de la medina, vous profiterez de ce moment de d\u00e9tente et fraicheur.\" \/>\n<meta property=\"og:url\" content=\"https:\/\/www.jdroadtrip.tv\/blog\/visite-du-jardin-majorelle-a-marrakech\/\" \/>\n<meta property=\"og:site_name\" content=\"JDroadtrip - Blog de voyage pour voyager au f\u00e9minin !\" \/>\n<meta property=\"article:publisher\" content=\"https:\/\/www.facebook.com\/JDRoadTrip\" \/>\n<meta property=\"article:author\" content=\"https:\/\/www.facebook.com\/JDroadtrip\" \/>\n<meta property=\"article:published_time\" content=\"2022-09-28T15:58:35+00:00\" \/>\n<meta property=\"article:modified_time\" content=\"2025-06-10T18:22:02+00:00\" \/>\n<meta property=\"og:image\" content=\"https:\/\/www.jdroadtrip.tv\/blog\/wp-content\/uploads\/2013\/05\/visite-jardin-majorelle-marrakech-img.jpg\" \/>\n\t<meta property=\"og:image:width\" content=\"800\" \/>\n\t<meta property=\"og:image:height\" content=\"531\" \/>\n\t<meta property=\"og:image:type\" content=\"image\/jpeg\" \/>\n<meta name=\"author\" content=\"Jenny Diab\" \/>\n<meta name=\"twitter:card\" content=\"summary_large_image\" \/>\n<meta name=\"twitter:creator\" content=\"@JDroadtrip\" \/>\n<meta name=\"twitter:site\" content=\"@JDroadtrip\" \/>\n<meta name=\"twitter:label1\" content=\"\u00c9crit par\" \/>\n\t<meta name=\"twitter:data1\" content=\"Jenny Diab\" \/>\n\t<meta name=\"twitter:label2\" content=\"Dur\u00e9e de lecture estim\u00e9e\" \/>\n\t<meta name=\"twitter:data2\" content=\"3 minutes\" \/>\n<script type=\"application\/ld+json\" class=\"yoast-schema-graph\">{\"@context\":\"https:\/\/schema.org\",\"@graph\":[{\"@type\":\"Article\",\"@id\":\"https:\/\/www.jdroadtrip.tv\/blog\/visite-du-jardin-majorelle-a-marrakech\/#article\",\"isPartOf\":{\"@id\":\"https:\/\/www.jdroadtrip.tv\/blog\/visite-du-jardin-majorelle-a-marrakech\/\"},\"author\":{\"name\":\"Jenny Diab\",\"@id\":\"https:\/\/www.jdroadtrip.tv\/blog\/#\/schema\/person\/d204bfc7d00ba74276391d8e42b58a3e\"},\"headline\":\"Visite du jardin Majorelle \u00e0 Marrakech\",\"datePublished\":\"2022-09-28T15:58:35+00:00\",\"dateModified\":\"2025-06-10T18:22:02+00:00\",\"mainEntityOfPage\":{\"@id\":\"https:\/\/www.jdroadtrip.tv\/blog\/visite-du-jardin-majorelle-a-marrakech\/\"},\"wordCount\":482,\"commentCount\":2,\"publisher\":{\"@id\":\"https:\/\/www.jdroadtrip.tv\/blog\/#organization\"},\"image\":{\"@id\":\"https:\/\/www.jdroadtrip.tv\/blog\/visite-du-jardin-majorelle-a-marrakech\/#primaryimage\"},\"thumbnailUrl\":\"https:\/\/www.jdroadtrip.tv\/blog\/wp-content\/uploads\/2013\/05\/visite-jardin-majorelle-marrakech-img.jpg\",\"articleSection\":[\"Maroc\"],\"inLanguage\":\"fr-FR\",\"potentialAction\":[{\"@type\":\"CommentAction\",\"name\":\"Comment\",\"target\":[\"https:\/\/www.jdroadtrip.tv\/blog\/visite-du-jardin-majorelle-a-marrakech\/#respond\"]}]},{\"@type\":\"WebPage\",\"@id\":\"https:\/\/www.jdroadtrip.tv\/blog\/visite-du-jardin-majorelle-a-marrakech\/\",\"url\":\"https:\/\/www.jdroadtrip.tv\/blog\/visite-du-jardin-majorelle-a-marrakech\/\",\"name\":\"visite du jardin Majorelle \u00e0 Marrakech - JDroadtrip.tv\",\"isPartOf\":{\"@id\":\"https:\/\/www.jdroadtrip.tv\/blog\/#website\"},\"primaryImageOfPage\":{\"@id\":\"https:\/\/www.jdroadtrip.tv\/blog\/visite-du-jardin-majorelle-a-marrakech\/#primaryimage\"},\"image\":{\"@id\":\"https:\/\/www.jdroadtrip.tv\/blog\/visite-du-jardin-majorelle-a-marrakech\/#primaryimage\"},\"thumbnailUrl\":\"https:\/\/www.jdroadtrip.tv\/blog\/wp-content\/uploads\/2013\/05\/visite-jardin-majorelle-marrakech-img.jpg\",\"datePublished\":\"2022-09-28T15:58:35+00:00\",\"dateModified\":\"2025-06-10T18:22:02+00:00\",\"description\":\"La visite du jardin Majorelle \u00e0 Marrakech est incontournable, non loin de la medina, vous profiterez de ce moment de d\u00e9tente et fraicheur.\",\"breadcrumb\":{\"@id\":\"https:\/\/www.jdroadtrip.tv\/blog\/visite-du-jardin-majorelle-a-marrakech\/#breadcrumb\"},\"inLanguage\":\"fr-FR\",\"potentialAction\":[{\"@type\":\"ReadAction\",\"target\":[\"https:\/\/www.jdroadtrip.tv\/blog\/visite-du-jardin-majorelle-a-marrakech\/\"]}]},{\"@type\":\"ImageObject\",\"inLanguage\":\"fr-FR\",\"@id\":\"https:\/\/www.jdroadtrip.tv\/blog\/visite-du-jardin-majorelle-a-marrakech\/#primaryimage\",\"url\":\"https:\/\/www.jdroadtrip.tv\/blog\/wp-content\/uploads\/2013\/05\/visite-jardin-majorelle-marrakech-img.jpg\",\"contentUrl\":\"https:\/\/www.jdroadtrip.tv\/blog\/wp-content\/uploads\/2013\/05\/visite-jardin-majorelle-marrakech-img.jpg\",\"width\":800,\"height\":531},{\"@type\":\"BreadcrumbList\",\"@id\":\"https:\/\/www.jdroadtrip.tv\/blog\/visite-du-jardin-majorelle-a-marrakech\/#breadcrumb\",\"itemListElement\":[{\"@type\":\"ListItem\",\"position\":1,\"name\":\"Accueil\",\"item\":\"https:\/\/www.jdroadtrip.tv\/blog\/\"},{\"@type\":\"ListItem\",\"position\":2,\"name\":\"Visite du jardin Majorelle \u00e0 Marrakech\"}]},{\"@type\":\"WebSite\",\"@id\":\"https:\/\/www.jdroadtrip.tv\/blog\/#website\",\"url\":\"https:\/\/www.jdroadtrip.tv\/blog\/\",\"name\":\"JDroadtrip - Blog de voyage au f\u00e9minin : Outdoor, Trek, Slow travel\",\"description\":\"M\u00e9dia pour voyager au f\u00e9minin\",\"publisher\":{\"@id\":\"https:\/\/www.jdroadtrip.tv\/blog\/#organization\"},\"alternateName\":\"JDroadtrip - Voyager au f\u00e9minin\",\"potentialAction\":[{\"@type\":\"SearchAction\",\"target\":{\"@type\":\"EntryPoint\",\"urlTemplate\":\"https:\/\/www.jdroadtrip.tv\/blog\/?s={search_term_string}\"},\"query-input\":{\"@type\":\"PropertyValueSpecification\",\"valueRequired\":true,\"valueName\":\"search_term_string\"}}],\"inLanguage\":\"fr-FR\"},{\"@type\":\"Organization\",\"@id\":\"https:\/\/www.jdroadtrip.tv\/blog\/#organization\",\"name\":\"JDroadtrip - Blog de voyage pour voyager au f\u00e9minin !\",\"alternateName\":\"JDroadtrip - Voyager au f\u00e9minin\",\"url\":\"https:\/\/www.jdroadtrip.tv\/blog\/\",\"logo\":{\"@type\":\"ImageObject\",\"inLanguage\":\"fr-FR\",\"@id\":\"https:\/\/www.jdroadtrip.tv\/blog\/#\/schema\/logo\/image\/\",\"url\":\"https:\/\/www.jdroadtrip.tv\/blog\/wp-content\/uploads\/2023\/08\/Logo-HD-petit.png\",\"contentUrl\":\"https:\/\/www.jdroadtrip.tv\/blog\/wp-content\/uploads\/2023\/08\/Logo-HD-petit.png\",\"width\":300,\"height\":300,\"caption\":\"JDroadtrip - Blog de voyage pour voyager au f\u00e9minin !\"},\"image\":{\"@id\":\"https:\/\/www.jdroadtrip.tv\/blog\/#\/schema\/logo\/image\/\"},\"sameAs\":[\"https:\/\/www.facebook.com\/JDRoadTrip\",\"https:\/\/x.com\/JDroadtrip\",\"https:\/\/instagram.com\/jdroadtrip\/\",\"http:\/\/www.linkedin.com\/in\/jennydiab\",\"https:\/\/www.pinterest.fr\/jdroadtrip\/\",\"https:\/\/www.youtube.com\/channel\/UCerVm4aMyTj9AxDDWmSx9_g\"],\"description\":\"Blog de voyage pour les femmes qui voyagent \u00e0 travers le monde.\",\"email\":\"contact@jdroadtrip.tv\",\"legalName\":\"Jenny Diab\",\"numberOfEmployees\":{\"@type\":\"QuantitativeValue\",\"minValue\":\"1\",\"maxValue\":\"10\"}},{\"@type\":\"Person\",\"@id\":\"https:\/\/www.jdroadtrip.tv\/blog\/#\/schema\/person\/d204bfc7d00ba74276391d8e42b58a3e\",\"name\":\"Jenny Diab\",\"image\":{\"@type\":\"ImageObject\",\"inLanguage\":\"fr-FR\",\"@id\":\"https:\/\/www.jdroadtrip.tv\/blog\/#\/schema\/person\/image\/\",\"url\":\"https:\/\/secure.gravatar.com\/avatar\/8c20b0655fdafee9c0df649069a458b1bde697487be3b0da4df8754f3de7042c?s=96&d=mm&r=g\",\"contentUrl\":\"https:\/\/secure.gravatar.com\/avatar\/8c20b0655fdafee9c0df649069a458b1bde697487be3b0da4df8754f3de7042c?s=96&d=mm&r=g\",\"caption\":\"Jenny Diab\"},\"description\":\"Cr\u00e9atrice du blog JDroadtrip.tv, je voyage seule \u00e0 travers le monde et je partage mes exp\u00e9riences de voyageuse solo. \u00c0 travers ce blog, je vous invite \u00e0 d\u00e9couvrir un maximum de bons plans et astuces (h\u00e9bergements, activit\u00e9s, restaurants, transports \u2026) pour pr\u00e9parer au mieux vos futurs voyages. Si vous \u00eates une fille qui voyage \u00e0 travers le monde, rejoignez la communaut\u00e9 Voyager au f\u00e9minin et si vous avez des questions, n'h\u00e9sitez pas \u00e0 \u00e0 me contacter. D\u00c9COUVREZ QUI SUIS-JE.\",\"sameAs\":[\"https:\/\/www.jdroadtrip.tv\",\"https:\/\/www.facebook.com\/JDroadtrip\",\"https:\/\/www.instagram.com\/jdroadtrip\/\",\"https:\/\/www.linkedin.com\/in\/jennydiab\",\"https:\/\/www.pinterest.com\/Jdroadtrip\",\"https:\/\/x.com\/JDroadtrip\"],\"url\":\"https:\/\/www.jdroadtrip.tv\/blog\/author\/jd\/\"}]}<\/script>\n<!-- \/ Yoast SEO Premium plugin. -->","yoast_head_json":{"title":"visite du jardin Majorelle \u00e0 Marrakech - JDroadtrip.tv","description":"La visite du jardin Majorelle \u00e0 Marrakech est incontournable, non loin de la medina, vous profiterez de ce moment de d\u00e9tente et fraicheur.","robots":{"index":"index","follow":"follow","max-snippet":"max-snippet:-1","max-image-preview":"max-image-preview:large","max-video-preview":"max-video-preview:-1"},"canonical":"https:\/\/www.jdroadtrip.tv\/blog\/visite-du-jardin-majorelle-a-marrakech\/","og_locale":"fr_FR","og_type":"article","og_title":"Visite du jardin Majorelle \u00e0 Marrakech","og_description":"La visite du jardin Majorelle \u00e0 Marrakech est incontournable, non loin de la medina, vous profiterez de ce moment de d\u00e9tente et fraicheur.","og_url":"https:\/\/www.jdroadtrip.tv\/blog\/visite-du-jardin-majorelle-a-marrakech\/","og_site_name":"JDroadtrip - Blog de voyage pour voyager au f\u00e9minin !","article_publisher":"https:\/\/www.facebook.com\/JDRoadTrip","article_author":"https:\/\/www.facebook.com\/JDroadtrip","article_published_time":"2022-09-28T15:58:35+00:00","article_modified_time":"2025-06-10T18:22:02+00:00","og_image":[{"width":800,"height":531,"url":"https:\/\/www.jdroadtrip.tv\/blog\/wp-content\/uploads\/2013\/05\/visite-jardin-majorelle-marrakech-img.jpg","type":"image\/jpeg"}],"author":"Jenny Diab","twitter_card":"summary_large_image","twitter_creator":"@JDroadtrip","twitter_site":"@JDroadtrip","twitter_misc":{"\u00c9crit par":"Jenny Diab","Dur\u00e9e de lecture estim\u00e9e":"3 minutes"},"schema":{"@context":"https:\/\/schema.org","@graph":[{"@type":"Article","@id":"https:\/\/www.jdroadtrip.tv\/blog\/visite-du-jardin-majorelle-a-marrakech\/#article","isPartOf":{"@id":"https:\/\/www.jdroadtrip.tv\/blog\/visite-du-jardin-majorelle-a-marrakech\/"},"author":{"name":"Jenny Diab","@id":"https:\/\/www.jdroadtrip.tv\/blog\/#\/schema\/person\/d204bfc7d00ba74276391d8e42b58a3e"},"headline":"Visite du jardin Majorelle \u00e0 Marrakech","datePublished":"2022-09-28T15:58:35+00:00","dateModified":"2025-06-10T18:22:02+00:00","mainEntityOfPage":{"@id":"https:\/\/www.jdroadtrip.tv\/blog\/visite-du-jardin-majorelle-a-marrakech\/"},"wordCount":482,"commentCount":2,"publisher":{"@id":"https:\/\/www.jdroadtrip.tv\/blog\/#organization"},"image":{"@id":"https:\/\/www.jdroadtrip.tv\/blog\/visite-du-jardin-majorelle-a-marrakech\/#primaryimage"},"thumbnailUrl":"https:\/\/www.jdroadtrip.tv\/blog\/wp-content\/uploads\/2013\/05\/visite-jardin-majorelle-marrakech-img.jpg","articleSection":["Maroc"],"inLanguage":"fr-FR","potentialAction":[{"@type":"CommentAction","name":"Comment","target":["https:\/\/www.jdroadtrip.tv\/blog\/visite-du-jardin-majorelle-a-marrakech\/#respond"]}]},{"@type":"WebPage","@id":"https:\/\/www.jdroadtrip.tv\/blog\/visite-du-jardin-majorelle-a-marrakech\/","url":"https:\/\/www.jdroadtrip.tv\/blog\/visite-du-jardin-majorelle-a-marrakech\/","name":"visite du jardin Majorelle \u00e0 Marrakech - JDroadtrip.tv","isPartOf":{"@id":"https:\/\/www.jdroadtrip.tv\/blog\/#website"},"primaryImageOfPage":{"@id":"https:\/\/www.jdroadtrip.tv\/blog\/visite-du-jardin-majorelle-a-marrakech\/#primaryimage"},"image":{"@id":"https:\/\/www.jdroadtrip.tv\/blog\/visite-du-jardin-majorelle-a-marrakech\/#primaryimage"},"thumbnailUrl":"https:\/\/www.jdroadtrip.tv\/blog\/wp-content\/uploads\/2013\/05\/visite-jardin-majorelle-marrakech-img.jpg","datePublished":"2022-09-28T15:58:35+00:00","dateModified":"2025-06-10T18:22:02+00:00","description":"La visite du jardin Majorelle \u00e0 Marrakech est incontournable, non loin de la medina, vous profiterez de ce moment de d\u00e9tente et fraicheur.","breadcrumb":{"@id":"https:\/\/www.jdroadtrip.tv\/blog\/visite-du-jardin-majorelle-a-marrakech\/#breadcrumb"},"inLanguage":"fr-FR","potentialAction":[{"@type":"ReadAction","target":["https:\/\/www.jdroadtrip.tv\/blog\/visite-du-jardin-majorelle-a-marrakech\/"]}]},{"@type":"ImageObject","inLanguage":"fr-FR","@id":"https:\/\/www.jdroadtrip.tv\/blog\/visite-du-jardin-majorelle-a-marrakech\/#primaryimage","url":"https:\/\/www.jdroadtrip.tv\/blog\/wp-content\/uploads\/2013\/05\/visite-jardin-majorelle-marrakech-img.jpg","contentUrl":"https:\/\/www.jdroadtrip.tv\/blog\/wp-content\/uploads\/2013\/05\/visite-jardin-majorelle-marrakech-img.jpg","width":800,"height":531},{"@type":"BreadcrumbList","@id":"https:\/\/www.jdroadtrip.tv\/blog\/visite-du-jardin-majorelle-a-marrakech\/#breadcrumb","itemListElement":[{"@type":"ListItem","position":1,"name":"Accueil","item":"https:\/\/www.jdroadtrip.tv\/blog\/"},{"@type":"ListItem","position":2,"name":"Visite du jardin Majorelle \u00e0 Marrakech"}]},{"@type":"WebSite","@id":"https:\/\/www.jdroadtrip.tv\/blog\/#website","url":"https:\/\/www.jdroadtrip.tv\/blog\/","name":"JDroadtrip - Blog de voyage au f\u00e9minin : Outdoor, Trek, Slow travel","description":"M\u00e9dia pour voyager au f\u00e9minin","publisher":{"@id":"https:\/\/www.jdroadtrip.tv\/blog\/#organization"},"alternateName":"JDroadtrip - Voyager au f\u00e9minin","potentialAction":[{"@type":"SearchAction","target":{"@type":"EntryPoint","urlTemplate":"https:\/\/www.jdroadtrip.tv\/blog\/?s={search_term_string}"},"query-input":{"@type":"PropertyValueSpecification","valueRequired":true,"valueName":"search_term_string"}}],"inLanguage":"fr-FR"},{"@type":"Organization","@id":"https:\/\/www.jdroadtrip.tv\/blog\/#organization","name":"JDroadtrip - Blog de voyage pour voyager au f\u00e9minin !","alternateName":"JDroadtrip - Voyager au f\u00e9minin","url":"https:\/\/www.jdroadtrip.tv\/blog\/","logo":{"@type":"ImageObject","inLanguage":"fr-FR","@id":"https:\/\/www.jdroadtrip.tv\/blog\/#\/schema\/logo\/image\/","url":"https:\/\/www.jdroadtrip.tv\/blog\/wp-content\/uploads\/2023\/08\/Logo-HD-petit.png","contentUrl":"https:\/\/www.jdroadtrip.tv\/blog\/wp-content\/uploads\/2023\/08\/Logo-HD-petit.png","width":300,"height":300,"caption":"JDroadtrip - Blog de voyage pour voyager au f\u00e9minin !"},"image":{"@id":"https:\/\/www.jdroadtrip.tv\/blog\/#\/schema\/logo\/image\/"},"sameAs":["https:\/\/www.facebook.com\/JDRoadTrip","https:\/\/x.com\/JDroadtrip","https:\/\/instagram.com\/jdroadtrip\/","http:\/\/www.linkedin.com\/in\/jennydiab","https:\/\/www.pinterest.fr\/jdroadtrip\/","https:\/\/www.youtube.com\/channel\/UCerVm4aMyTj9AxDDWmSx9_g"],"description":"Blog de voyage pour les femmes qui voyagent \u00e0 travers le monde.","email":"contact@jdroadtrip.tv","legalName":"Jenny Diab","numberOfEmployees":{"@type":"QuantitativeValue","minValue":"1","maxValue":"10"}},{"@type":"Person","@id":"https:\/\/www.jdroadtrip.tv\/blog\/#\/schema\/person\/d204bfc7d00ba74276391d8e42b58a3e","name":"Jenny Diab","image":{"@type":"ImageObject","inLanguage":"fr-FR","@id":"https:\/\/www.jdroadtrip.tv\/blog\/#\/schema\/person\/image\/","url":"https:\/\/secure.gravatar.com\/avatar\/8c20b0655fdafee9c0df649069a458b1bde697487be3b0da4df8754f3de7042c?s=96&d=mm&r=g","contentUrl":"https:\/\/secure.gravatar.com\/avatar\/8c20b0655fdafee9c0df649069a458b1bde697487be3b0da4df8754f3de7042c?s=96&d=mm&r=g","caption":"Jenny Diab"},"description":"Cr\u00e9atrice du blog JDroadtrip.tv, je voyage seule \u00e0 travers le monde et je partage mes exp\u00e9riences de voyageuse solo. \u00c0 travers ce blog, je vous invite \u00e0 d\u00e9couvrir un maximum de bons plans et astuces (h\u00e9bergements, activit\u00e9s, restaurants, transports \u2026) pour pr\u00e9parer au mieux vos futurs voyages. Si vous \u00eates une fille qui voyage \u00e0 travers le monde, rejoignez la communaut\u00e9 Voyager au f\u00e9minin et si vous avez des questions, n'h\u00e9sitez pas \u00e0 \u00e0 me contacter. D\u00c9COUVREZ QUI SUIS-JE.","sameAs":["https:\/\/www.jdroadtrip.tv","https:\/\/www.facebook.com\/JDroadtrip","https:\/\/www.instagram.com\/jdroadtrip\/","https:\/\/www.linkedin.com\/in\/jennydiab","https:\/\/www.pinterest.com\/Jdroadtrip","https:\/\/x.com\/JDroadtrip"],"url":"https:\/\/www.jdroadtrip.tv\/blog\/author\/jd\/"}]}},"_links":{"self":[{"href":"https:\/\/www.jdroadtrip.tv\/blog\/wp-json\/wp\/v2\/posts\/4402","targetHints":{"allow":["GET"]}}],"collection":[{"href":"https:\/\/www.jdroadtrip.tv\/blog\/wp-json\/wp\/v2\/posts"}],"about":[{"href":"https:\/\/www.jdroadtrip.tv\/blog\/wp-json\/wp\/v2\/types\/post"}],"author":[{"embeddable":true,"href":"https:\/\/www.jdroadtrip.tv\/blog\/wp-json\/wp\/v2\/users\/1"}],"replies":[{"embeddable":true,"href":"https:\/\/www.jdroadtrip.tv\/blog\/wp-json\/wp\/v2\/comments?post=4402"}],"version-history":[{"count":0,"href":"https:\/\/www.jdroadtrip.tv\/blog\/wp-json\/wp\/v2\/posts\/4402\/revisions"}],"wp:featuredmedia":[{"embeddable":true,"href":"https:\/\/www.jdroadtrip.tv\/blog\/wp-json\/wp\/v2\/media\/17291"}],"wp:attachment":[{"href":"https:\/\/www.jdroadtrip.tv\/blog\/wp-json\/wp\/v2\/media?parent=4402"}],"wp:term":[{"taxonomy":"category","embeddable":true,"href":"https:\/\/www.jdroadtrip.tv\/blog\/wp-json\/wp\/v2\/categories?post=4402"},{"taxonomy":"post_tag","embeddable":true,"href":"https:\/\/www.jdroadtrip.tv\/blog\/wp-json\/wp\/v2\/tags?post=4402"},{"taxonomy":"table_tags","embeddable":true,"href":"https:\/\/www.jdroadtrip.tv\/blog\/wp-json\/wp\/v2\/table_tags?post=4402"}],"curies":[{"name":"wp","href":"https:\/\/api.w.org\/{rel}","templated":true}]}}