{"id":42642,"date":"2021-02-10T11:15:47","date_gmt":"2021-02-10T10:15:47","guid":{"rendered":"https:\/\/www.jdroadtrip.tv\/blog\/?p=42642"},"modified":"2025-07-11T07:51:11","modified_gmt":"2025-07-11T06:51:11","slug":"visiter-valence-en-espagne","status":"publish","type":"post","link":"https:\/\/www.jdroadtrip.tv\/blog\/visiter-valence-en-espagne\/","title":{"rendered":"Visiter Valence en Espagne : Que voir, que faire ? Lieux incontournables \u00e0 ne pas manquer"},"content":{"rendered":"\t\t<div data-elementor-type=\"wp-post\" data-elementor-id=\"42642\" class=\"elementor elementor-42642\" data-elementor-post-type=\"post\">\n\t\t\t\t\t\t<section class=\"elementor-section elementor-top-section elementor-element elementor-element-0097c34 elementor-section-boxed elementor-section-height-default elementor-section-height-default\" data-id=\"0097c34\" data-element_type=\"section\">\n\t\t\t\t\t\t<div class=\"elementor-container elementor-column-gap-default\">\n\t\t\t\t\t<div class=\"elementor-column elementor-col-100 elementor-top-column elementor-element elementor-element-aca3231\" data-id=\"aca3231\" data-element_type=\"column\">\n\t\t\t<div class=\"elementor-widget-wrap elementor-element-populated\">\n\t\t\t\t\t\t<section class=\"elementor-section elementor-inner-section elementor-element elementor-element-f870203 elementor-section-boxed elementor-section-height-default elementor-section-height-default\" data-id=\"f870203\" data-element_type=\"section\">\n\t\t\t\t\t\t<div class=\"elementor-container elementor-column-gap-default\">\n\t\t\t\t\t<div class=\"elementor-column elementor-col-100 elementor-inner-column elementor-element elementor-element-21856ba\" data-id=\"21856ba\" data-element_type=\"column\">\n\t\t\t<div class=\"elementor-widget-wrap elementor-element-populated\">\n\t\t\t\t\t\t<div class=\"elementor-element elementor-element-ad30046 elementor-widget elementor-widget-text-editor\" data-id=\"ad30046\" data-element_type=\"widget\" data-widget_type=\"text-editor.default\">\n\t\t\t\t<div class=\"elementor-widget-container\">\n\t\t\t\t\t\t\t\t\t<p style=\"text-align: justify;\"><em><span style=\"font-size: 18pt;\">Vivant \u00e0 Madrid depuis plusieurs mois, j&rsquo;ai profit\u00e9 d&rsquo;<strong>un long week-end pour aller visiter Valence<\/strong> en faisant un arr\u00eat dans la jolie ville de Cuenca. Munissez-vous de la Valencia Tourist Card, car beaucoup de lieux \u00e0 d\u00e9couvrir \u00e0 Valence, des sp\u00e9cialit\u00e9s \u00e9galement \u00e0 go\u00fbter car <strong>Valence est la r\u00e9gion de la paella donc les bonnes adresses o\u00f9 manger<\/strong>, o\u00f9 dormir \u00e0 Valence et bien sur tous les incontournables \u00e0 visiter.<\/span><\/em><\/p><p style=\"text-align: justify;\"><em><span style=\"font-size: 18pt;\">De Valence si vous souhaitez<strong><a href=\"https:\/\/www.jdroadtrip.tv\/blog\/bons-plans-visiter-barcelone-en-3-jours\/\" target=\"_blank\" rel=\"noopener\"> visiter Barcelone en 3 jours <\/a><\/strong>ou <strong><a href=\"https:\/\/www.jdroadtrip.tv\/blog\/conseils-bons-plans-visiter-madrid-en-1-2-3-4-5-jours\/\" target=\"_blank\" rel=\"noopener\">visiter Madrid<\/a><\/strong> en train, il faut compter environ 2h40 pour aller \u00e0 Barcelone et moins de 2h00 pour aller \u00e0 Madrid, assez rapide avec Renfe.<\/span><\/em><\/p><p style=\"text-align: right;\"><span style=\"font-size: 8pt;\"><em>Photos :<a href=\"https:\/\/www.shutterstock.com\" target=\"_blank\" rel=\"noopener\"> www.shutterstock.com<\/a><\/em><\/span><\/p>\t\t\t\t\t\t\t\t<\/div>\n\t\t\t\t<\/div>\n\t\t\t\t<div class=\"elementor-element elementor-element-9753ffe elementor-widget elementor-widget-global elementor-global-41667 elementor-widget-text-editor\" data-id=\"9753ffe\" data-element_type=\"widget\" data-widget_type=\"text-editor.default\">\n\t\t\t\t<div class=\"elementor-widget-container\">\n\t\t\t\t\t\t\t\t\t<p style=\"text-align: justify;\"><strong class=\"big\">VISITER L&rsquo;EUROPE EN TRAIN AVEC INTERRAIL<br \/><\/strong><\/p><p style=\"text-align: justify;\">Toutes les choses \u00e0 savoir concernant le voyage en train, en bus ou en bateau avec le <strong><a href=\"https:\/\/www.jdroadtrip.tv\/blog\/le-pass-interrail-tour-europe-en-train\/\" target=\"_blank\" rel=\"noopener\">Pass Interrail<\/a><\/strong>. Les villes o\u00f9 vous devez passer du temps avec les bonnes adresses o\u00f9 manger et dormir pas cher, les activit\u00e9s \u00e0 faire absolument ainsi que tous les lieux incontournables d&rsquo;Europe.<\/p>\t\t\t\t\t\t\t\t<\/div>\n\t\t\t\t<\/div>\n\t\t\t\t\t<\/div>\n\t\t<\/div>\n\t\t\t\t\t<\/div>\n\t\t<\/section>\n\t\t\t\t<div class=\"elementor-element elementor-element-8809094 elementor-widget elementor-widget-image\" data-id=\"8809094\" data-element_type=\"widget\" data-widget_type=\"image.default\">\n\t\t\t\t<div class=\"elementor-widget-container\">\n\t\t\t\t\t\t\t\t\t\t\t\t\t\t\t<img fetchpriority=\"high\" decoding=\"async\" width=\"1500\" height=\"924\" src=\"https:\/\/www.jdroadtrip.tv\/blog\/wp-content\/uploads\/2021\/02\/Visiter-valencia.jpg\" class=\"attachment-full size-full wp-image-42665\" alt=\"Visiter Valence avec Valencia Tourist Card\" srcset=\"https:\/\/www.jdroadtrip.tv\/blog\/wp-content\/uploads\/2021\/02\/Visiter-valencia.jpg 1500w, https:\/\/www.jdroadtrip.tv\/blog\/wp-content\/uploads\/2021\/02\/Visiter-valencia-300x185.jpg 300w, https:\/\/www.jdroadtrip.tv\/blog\/wp-content\/uploads\/2021\/02\/Visiter-valencia-800x493.jpg 800w, https:\/\/www.jdroadtrip.tv\/blog\/wp-content\/uploads\/2021\/02\/Visiter-valencia-250x154.jpg 250w, https:\/\/www.jdroadtrip.tv\/blog\/wp-content\/uploads\/2021\/02\/Visiter-valencia-768x473.jpg 768w, https:\/\/www.jdroadtrip.tv\/blog\/wp-content\/uploads\/2021\/02\/Visiter-valencia-1170x721.jpg 1170w, https:\/\/www.jdroadtrip.tv\/blog\/wp-content\/uploads\/2021\/02\/Visiter-valencia-585x360.jpg 585w\" sizes=\"(max-width: 1500px) 100vw, 1500px\" \/>\t\t\t\t\t\t\t\t\t\t\t\t\t\t\t<\/div>\n\t\t\t\t<\/div>\n\t\t\t\t\t<\/div>\n\t\t<\/div>\n\t\t\t\t\t<\/div>\n\t\t<\/section>\n\t\t\t\t<section class=\"elementor-section elementor-top-section elementor-element elementor-element-a2352e3 elementor-section-boxed elementor-section-height-default elementor-section-height-default\" data-id=\"a2352e3\" data-element_type=\"section\">\n\t\t\t\t\t\t<div class=\"elementor-container elementor-column-gap-default\">\n\t\t\t\t\t<div class=\"elementor-column elementor-col-100 elementor-top-column elementor-element elementor-element-c9584e0\" data-id=\"c9584e0\" data-element_type=\"column\">\n\t\t\t<div class=\"elementor-widget-wrap elementor-element-populated\">\n\t\t\t\t\t\t<section class=\"elementor-section elementor-inner-section elementor-element elementor-element-3f96e37 elementor-section-boxed elementor-section-height-default elementor-section-height-default\" data-id=\"3f96e37\" data-element_type=\"section\">\n\t\t\t\t\t\t<div class=\"elementor-container elementor-column-gap-default\">\n\t\t\t\t\t<div class=\"elementor-column elementor-col-100 elementor-inner-column elementor-element elementor-element-71398c9\" data-id=\"71398c9\" data-element_type=\"column\">\n\t\t\t<div class=\"elementor-widget-wrap elementor-element-populated\">\n\t\t\t\t\t\t<div class=\"elementor-element elementor-element-d0486e8 elementor-widget elementor-widget-text-editor\" data-id=\"d0486e8\" data-element_type=\"widget\" data-widget_type=\"text-editor.default\">\n\t\t\t\t<div class=\"elementor-widget-container\">\n\t\t\t\t\t\t\t\t\t<h2 style=\"text-align: justify;\">Comment rejoindre le centre-ville de Valence depuis l\u2019a\u00e9roport ?<\/h2><p style=\"text-align: justify;\">L\u2019a\u00e9roport est situ\u00e9 \u00e0 environ 8 km du centre-ville de Valence.<\/p><ul><li style=\"text-align: justify;\"><strong>Metro :<\/strong> Vous avez 2 lignes (ligne 3 et ligne 5) de m\u00e9tro qui relie directement l\u2019a\u00e9roport de Valence au centre-ville. Vous achetez vos tickets sur place, comptez 5,00\u20ac le trajet.<\/li><li style=\"text-align: justify;\"><strong>Bus :<\/strong> Il existe \u00e9galement des navettes qui relie l&rsquo;a\u00e9roport au centre-ville, selon la circulation, comptez 50 minutes.<\/li><li style=\"text-align: justify;\"><strong>Taxi :<\/strong> Selon la circulation, comptez entre 20,00 et 30,00\u20ac pour rejoindre le centre-ville.<\/li><li><strong>Transfert priv\u00e9 :<\/strong> Si vous ne souhaitez pas prendre les transports, il est possible d&rsquo;utiliser un transfert priv\u00e9. <strong><a href=\"http:\/\/partners.ceetiz.com\/6675b876\/go\" target=\"_blank\" rel=\"noopener\">R\u00e9server votre transfert priv\u00e9e en cliquant ici.<\/a><\/strong><\/li><\/ul>\t\t\t\t\t\t\t\t<\/div>\n\t\t\t\t<\/div>\n\t\t\t\t<div class=\"elementor-element elementor-element-78b1362 elementor-widget elementor-widget-image\" data-id=\"78b1362\" data-element_type=\"widget\" data-widget_type=\"image.default\">\n\t\t\t\t<div class=\"elementor-widget-container\">\n\t\t\t\t\t\t\t\t\t\t\t\t\t\t\t<img decoding=\"async\" width=\"2273\" height=\"1505\" src=\"https:\/\/www.jdroadtrip.tv\/blog\/wp-content\/uploads\/2021\/02\/Valence-plan-metro.jpg\" class=\"attachment-full size-full wp-image-42659\" alt=\"Visiter Valence avec la Valencia Tourist Card\" srcset=\"https:\/\/www.jdroadtrip.tv\/blog\/wp-content\/uploads\/2021\/02\/Valence-plan-metro.jpg 2273w, https:\/\/www.jdroadtrip.tv\/blog\/wp-content\/uploads\/2021\/02\/Valence-plan-metro-300x199.jpg 300w, https:\/\/www.jdroadtrip.tv\/blog\/wp-content\/uploads\/2021\/02\/Valence-plan-metro-800x530.jpg 800w, https:\/\/www.jdroadtrip.tv\/blog\/wp-content\/uploads\/2021\/02\/Valence-plan-metro-250x166.jpg 250w, https:\/\/www.jdroadtrip.tv\/blog\/wp-content\/uploads\/2021\/02\/Valence-plan-metro-768x509.jpg 768w, https:\/\/www.jdroadtrip.tv\/blog\/wp-content\/uploads\/2021\/02\/Valence-plan-metro-1536x1017.jpg 1536w, https:\/\/www.jdroadtrip.tv\/blog\/wp-content\/uploads\/2021\/02\/Valence-plan-metro-2048x1356.jpg 2048w, https:\/\/www.jdroadtrip.tv\/blog\/wp-content\/uploads\/2021\/02\/Valence-plan-metro-1920x1271.jpg 1920w, https:\/\/www.jdroadtrip.tv\/blog\/wp-content\/uploads\/2021\/02\/Valence-plan-metro-1170x775.jpg 1170w, https:\/\/www.jdroadtrip.tv\/blog\/wp-content\/uploads\/2021\/02\/Valence-plan-metro-780x516.jpg 780w, https:\/\/www.jdroadtrip.tv\/blog\/wp-content\/uploads\/2021\/02\/Valence-plan-metro-585x387.jpg 585w, https:\/\/www.jdroadtrip.tv\/blog\/wp-content\/uploads\/2021\/02\/Valence-plan-metro-263x175.jpg 263w\" sizes=\"(max-width: 2273px) 100vw, 2273px\" \/>\t\t\t\t\t\t\t\t\t\t\t\t\t\t\t<\/div>\n\t\t\t\t<\/div>\n\t\t\t\t\t<\/div>\n\t\t<\/div>\n\t\t\t\t\t<\/div>\n\t\t<\/section>\n\t\t\t\t<div class=\"elementor-element elementor-element-5ae9ae9 elementor-widget-divider--view-line elementor-widget elementor-widget-global elementor-global-41411 elementor-widget-divider\" data-id=\"5ae9ae9\" data-element_type=\"widget\" data-widget_type=\"divider.default\">\n\t\t\t\t<div class=\"elementor-widget-container\">\n\t\t\t\t\t\t\t<div class=\"elementor-divider\">\n\t\t\t<span class=\"elementor-divider-separator\">\n\t\t\t\t\t\t<\/span>\n\t\t<\/div>\n\t\t\t\t\t\t<\/div>\n\t\t\t\t<\/div>\n\t\t\t\t\t<\/div>\n\t\t<\/div>\n\t\t\t\t\t<\/div>\n\t\t<\/section>\n\t\t\t\t<section class=\"elementor-section elementor-top-section elementor-element elementor-element-3600fc3 elementor-section-boxed elementor-section-height-default elementor-section-height-default\" data-id=\"3600fc3\" data-element_type=\"section\">\n\t\t\t\t\t\t<div class=\"elementor-container elementor-column-gap-default\">\n\t\t\t\t\t<div class=\"elementor-column elementor-col-100 elementor-top-column elementor-element elementor-element-ad5e410\" data-id=\"ad5e410\" data-element_type=\"column\">\n\t\t\t<div class=\"elementor-widget-wrap elementor-element-populated\">\n\t\t\t\t\t\t<section class=\"elementor-section elementor-inner-section elementor-element elementor-element-955c581 elementor-section-boxed elementor-section-height-default elementor-section-height-default\" data-id=\"955c581\" data-element_type=\"section\">\n\t\t\t\t\t\t<div class=\"elementor-container elementor-column-gap-default\">\n\t\t\t\t\t<div class=\"elementor-column elementor-col-100 elementor-inner-column elementor-element elementor-element-7fe87dd\" data-id=\"7fe87dd\" data-element_type=\"column\">\n\t\t\t<div class=\"elementor-widget-wrap elementor-element-populated\">\n\t\t\t\t\t\t<div class=\"elementor-element elementor-element-b226e4e elementor-widget elementor-widget-text-editor\" data-id=\"b226e4e\" data-element_type=\"widget\" data-widget_type=\"text-editor.default\">\n\t\t\t\t<div class=\"elementor-widget-container\">\n\t\t\t\t\t\t\t\t\t<h2 style=\"text-align: justify;\">O\u00f9 dormir \u00e0 Valence ?<\/h2><p style=\"text-align: justify;\">Apr\u00e8s \u00eatre partie <strong><a href=\"https:\/\/www.jdroadtrip.tv\/blog\/conseils-bons-plans-visiter-madrid-en-1-2-3-4-5-jours\/\" target=\"_blank\" rel=\"noopener\">visiter Madrid<\/a><\/strong>, je suis partie visiter Valence, j\u2019ai s\u00e9journ\u00e9 durant 3 nuits \u00e0 l\u2019auberge de jeunesse <strong><a href=\"https:\/\/prf.hn\/click\/camref:1100l3NeA\" target=\"_blank\" rel=\"noopener\">Purple Nest hostel<\/a><\/strong> pr\u00e8s de tous les lieux touristiques que je voulais visiter. Je cherchais un h\u00e9bergement au meilleur prix avec petit d\u00e9jeuner, cuisine, wifi, un endroit qui me permettrait de d\u00e9penser un minimum.<\/p><p style=\"text-align: justify;\">Un dortoir de six (filles uniquement), les douches sont communes, les casiers \u00e0 l\u2019int\u00e9rieur de la chambre avec possibilit\u00e9 de louer un cadenas pour 5\u20ac qui vous sont rendus \u00e0 la fin du s\u00e9jour, le petit d\u00e9jeuner est \u00e0 2\u20ac, la r\u00e9ception 24\/24, un grand salon, une cuisine, une t\u00e9l\u00e9vision, internet en wifi dans les salles communes, etc&#8230; L\u2019accueil est chaleureux, les h\u00f4tesses sont tr\u00e8s gentilles, serviables. Une auberge de jeunesse vraiment sympathique.<\/p><p style=\"text-align: justify;\">Si vous recherchez un h\u00f4tel, je vous recommande de le prendre au c\u0153ur de la ville pour \u00eatre au plus pr\u00e8s des lieux touristiques \u00e0 visiter. <strong><a href=\"https:\/\/www.booking.com\/searchresults.en.html?city=-406131&amp;aid=1559594&amp;no_rooms=1&amp;group_adults=2\" target=\"_blank\" rel=\"noopener\">Trouver un h\u00f4tel pas cher \u00e0 Valence.<\/a><\/strong><\/p>\t\t\t\t\t\t\t\t<\/div>\n\t\t\t\t<\/div>\n\t\t\t\t\t<\/div>\n\t\t<\/div>\n\t\t\t\t\t<\/div>\n\t\t<\/section>\n\t\t\t\t\t<\/div>\n\t\t<\/div>\n\t\t\t\t\t<\/div>\n\t\t<\/section>\n\t\t\t\t<section class=\"elementor-section elementor-top-section elementor-element elementor-element-a600f38 elementor-section-boxed elementor-section-height-default elementor-section-height-default\" data-id=\"a600f38\" data-element_type=\"section\">\n\t\t\t\t\t\t<div class=\"elementor-container elementor-column-gap-default\">\n\t\t\t\t\t<div class=\"elementor-column elementor-col-100 elementor-top-column elementor-element elementor-element-5e5aa77\" data-id=\"5e5aa77\" data-element_type=\"column\">\n\t\t\t<div class=\"elementor-widget-wrap elementor-element-populated\">\n\t\t\t\t\t\t<section class=\"elementor-section elementor-inner-section elementor-element elementor-element-670bbee elementor-section-boxed elementor-section-height-default elementor-section-height-default\" data-id=\"670bbee\" data-element_type=\"section\" data-settings=\"{&quot;background_background&quot;:&quot;classic&quot;}\">\n\t\t\t\t\t\t<div class=\"elementor-container elementor-column-gap-default\">\n\t\t\t\t\t<div class=\"elementor-column elementor-col-50 elementor-inner-column elementor-element elementor-element-e957938\" data-id=\"e957938\" data-element_type=\"column\">\n\t\t\t<div class=\"elementor-widget-wrap elementor-element-populated\">\n\t\t\t\t\t\t<div class=\"elementor-element elementor-element-1ad6f27 elementor-widget elementor-widget-text-editor\" data-id=\"1ad6f27\" data-element_type=\"widget\" data-widget_type=\"text-editor.default\">\n\t\t\t\t<div class=\"elementor-widget-container\">\n\t\t\t\t\t\t\t\t\t<h2 style=\"text-align: center;\">Comment visiter Valence pas cher ?<\/h2><p style=\"text-align: justify;\"><span style=\"font-size: 14pt;\">Ce qui est inclus dans la <strong>Valencia Tourist Card :<\/strong><\/span><\/p><ul><li style=\"text-align: justify;\"><strong>Valencia Tourist Card pour 24, 48 ou 72 heures<\/strong> (selon ce que vous avez s\u00e9lectionn\u00e9)<\/li><li style=\"text-align: justify;\"><strong>Acc\u00e8s \u00e0 plus de 20 mus\u00e9es ou monuments<\/strong> de la ville, comme la Lonja (Loge de la soie), le Mus\u00e9e des Fallas et beaucoup plus<\/li><li style=\"text-align: justify;\"><strong>Transport gratuit illimit\u00e9<\/strong> en tramways, m\u00e9tro et bus de la ville.\u00a0Utilisez le transport en commun sur toutes les zones, A, B, C et D, ainsi sur le trajet depuis et vers l&rsquo;a\u00e9roport (L3, L5)<\/li><li>Vous aurez \u00e9galement le droit \u00e0 <strong>2 d\u00e9gustations de tapas et 2 d\u00e9gustations de vin<\/strong>\u00a0parmi 5 restaurants diff\u00e9rents<\/li><li style=\"text-align: justify;\"><strong>Un guide en fran\u00e7ais et une carte de Valencia inclus<\/strong><\/li><li style=\"text-align: justify;\"><strong>R\u00e9ductions allant de 10% \u00e0 40% et offres exceptionnelles<\/strong> dans de nombreux caf\u00e9s, restaurants, magasins et attractions de la ville&#8230;<\/li><li>Vous obtiendrez<strong> une r\u00e9duction sur le prix de l&rsquo;entr\u00e9e (jusqu&rsquo;\u00e0 50%)<\/strong> pour l&rsquo;IVAM (l&rsquo;institut valencien d&rsquo;art moderne), le Bioparc, le Jardin Botanique et beaucoup d&rsquo;autres endroits, sans compter les tapas et boissons gratuits.<\/li><\/ul>\t\t\t\t\t\t\t\t<\/div>\n\t\t\t\t<\/div>\n\t\t\t\t<div class=\"elementor-element elementor-element-30de468 elementor-align-justify elementor-widget elementor-widget-button\" data-id=\"30de468\" data-element_type=\"widget\" data-widget_type=\"button.default\">\n\t\t\t\t<div class=\"elementor-widget-container\">\n\t\t\t\t\t\t\t\t\t<div class=\"elementor-button-wrapper\">\n\t\t\t\t\t<a class=\"elementor-button elementor-button-link elementor-size-xl\" href=\"https:\/\/www.tiqets.com\/fr\/activites-attractions-valence-c65847\/billets-pour-valencia-tourist-card-p977808\/?partner=jdroadtip\" target=\"_blank\">\n\t\t\t\t\t\t<span class=\"elementor-button-content-wrapper\">\n\t\t\t\t\t\t\t\t\t<span class=\"elementor-button-text\">R\u00e9servez maintenant la Valencia Tourist Card<\/span>\n\t\t\t\t\t<\/span>\n\t\t\t\t\t<\/a>\n\t\t\t\t<\/div>\n\t\t\t\t\t\t\t\t<\/div>\n\t\t\t\t<\/div>\n\t\t\t\t\t<\/div>\n\t\t<\/div>\n\t\t\t\t<div class=\"elementor-column elementor-col-50 elementor-inner-column elementor-element elementor-element-9613415\" data-id=\"9613415\" data-element_type=\"column\">\n\t\t\t<div class=\"elementor-widget-wrap elementor-element-populated\">\n\t\t\t\t\t\t<div class=\"elementor-element elementor-element-df00e3a elementor-widget-divider--view-line elementor-widget elementor-widget-global elementor-global-41411 elementor-widget-divider\" data-id=\"df00e3a\" data-element_type=\"widget\" data-widget_type=\"divider.default\">\n\t\t\t\t<div class=\"elementor-widget-container\">\n\t\t\t\t\t\t\t<div class=\"elementor-divider\">\n\t\t\t<span class=\"elementor-divider-separator\">\n\t\t\t\t\t\t<\/span>\n\t\t<\/div>\n\t\t\t\t\t\t<\/div>\n\t\t\t\t<\/div>\n\t\t\t\t<div class=\"elementor-element elementor-element-ba3cd02 elementor-widget elementor-widget-html\" data-id=\"ba3cd02\" data-element_type=\"widget\" data-widget_type=\"html.default\">\n\t\t\t\t<div class=\"elementor-widget-container\">\n\t\t\t\t\t<div data-tiqets-widget=\"availability\" data-layout=\"full\" data-orientation=\"vertical\" data-product-id=\"977808\" data-partner=\"jdroadtip\"><\/div><script defer src=\"https:\/\/widgets.tiqets.com\/loader.js\"><\/script>\t\t\t\t<\/div>\n\t\t\t\t<\/div>\n\t\t\t\t\t<\/div>\n\t\t<\/div>\n\t\t\t\t\t<\/div>\n\t\t<\/section>\n\t\t\t\t\t<\/div>\n\t\t<\/div>\n\t\t\t\t\t<\/div>\n\t\t<\/section>\n\t\t\t\t<section class=\"elementor-section elementor-top-section elementor-element elementor-element-51ca3a7 elementor-section-boxed elementor-section-height-default elementor-section-height-default\" data-id=\"51ca3a7\" data-element_type=\"section\">\n\t\t\t\t\t\t<div class=\"elementor-container elementor-column-gap-default\">\n\t\t\t\t\t<div class=\"elementor-column elementor-col-100 elementor-top-column elementor-element elementor-element-fed9ffb\" data-id=\"fed9ffb\" data-element_type=\"column\">\n\t\t\t<div class=\"elementor-widget-wrap elementor-element-populated\">\n\t\t\t\t\t\t<section class=\"elementor-section elementor-inner-section elementor-element elementor-element-27dab78 elementor-section-boxed elementor-section-height-default elementor-section-height-default\" data-id=\"27dab78\" data-element_type=\"section\">\n\t\t\t\t\t\t<div class=\"elementor-container elementor-column-gap-default\">\n\t\t\t\t\t<div class=\"elementor-column elementor-col-100 elementor-inner-column elementor-element elementor-element-2b209bd\" data-id=\"2b209bd\" data-element_type=\"column\">\n\t\t\t<div class=\"elementor-widget-wrap elementor-element-populated\">\n\t\t\t\t\t\t<div class=\"elementor-element elementor-element-7364277 elementor-widget elementor-widget-text-editor\" data-id=\"7364277\" data-element_type=\"widget\" data-widget_type=\"text-editor.default\">\n\t\t\t\t<div class=\"elementor-widget-container\">\n\t\t\t\t\t\t\t\t\t<h2 style=\"text-align: justify;\">Utiliser les transports en commun pour visiter Valence<\/h2><p style=\"text-align: justify;\">Vous pouvez parfaitement visiter Valence \u00e0 pied mais certains lieux touristiques sont peut-\u00eatre un peu excentr\u00e9.<\/p><p style=\"text-align: justify;\">Il est tout \u00e0 fait facile de se d\u00e9placer \u00e0 Valence, <strong>la ville poss\u00e8de 6 lignes de m\u00e9tro qui dessert une grande partie de la ville<\/strong>. Comme expliqu\u00e9 plus haut, vous pouvez rapidement rejoindre le centre-ville de l&rsquo;a\u00e9roport. Si vous avez l&rsquo;intention d&rsquo;utiliser le m\u00e9tro lors de votre escapade, <strong>pour faire des \u00e9conomies<\/strong>, je vous recommande de vous munir de la <strong><a href=\"https:\/\/www.tiqets.com\/fr\/activites-attractions-valence-c65847\/billets-pour-valencia-tourist-card-p977808\/?partner=jdroadtip\" target=\"_blank\" rel=\"noopener\">Valencia Tourist Card<\/a><\/strong>\u00a0pour 24, 48 ou 72 heures. Elle vous donne acc\u00e8s \u00e0 des nombreux mus\u00e9es et monuments de la ville et selon la dur\u00e9e de votre passe, un acc\u00e8s illimit\u00e9 aux transports en commun.<\/p>\t\t\t\t\t\t\t\t<\/div>\n\t\t\t\t<\/div>\n\t\t\t\t<div class=\"elementor-element elementor-element-af0b7b0 elementor-widget elementor-widget-image\" data-id=\"af0b7b0\" data-element_type=\"widget\" data-widget_type=\"image.default\">\n\t\t\t\t<div class=\"elementor-widget-container\">\n\t\t\t\t\t\t\t\t\t\t\t\t\t\t\t\t<a href=\"https:\/\/www.jdroadtrip.tv\/blog\/wp-content\/uploads\/2021\/02\/Valence-plan-metro.jpg\" data-elementor-open-lightbox=\"yes\" data-elementor-lightbox-title=\"Valence-plan-metro\" data-e-action-hash=\"#elementor-action%3Aaction%3Dlightbox%26settings%3DeyJpZCI6NDI2NTksInVybCI6Imh0dHBzOlwvXC93d3cuamRyb2FkdHJpcC50dlwvYmxvZ1wvd3AtY29udGVudFwvdXBsb2Fkc1wvMjAyMVwvMDJcL1ZhbGVuY2UtcGxhbi1tZXRyby5qcGcifQ%3D%3D\">\n\t\t\t\t\t\t\t<img decoding=\"async\" width=\"2273\" height=\"1505\" src=\"https:\/\/www.jdroadtrip.tv\/blog\/wp-content\/uploads\/2021\/02\/Valence-plan-metro.jpg\" class=\"attachment-full size-full wp-image-42659\" alt=\"Visiter Valence avec la Valencia Tourist Card\" srcset=\"https:\/\/www.jdroadtrip.tv\/blog\/wp-content\/uploads\/2021\/02\/Valence-plan-metro.jpg 2273w, https:\/\/www.jdroadtrip.tv\/blog\/wp-content\/uploads\/2021\/02\/Valence-plan-metro-300x199.jpg 300w, https:\/\/www.jdroadtrip.tv\/blog\/wp-content\/uploads\/2021\/02\/Valence-plan-metro-800x530.jpg 800w, https:\/\/www.jdroadtrip.tv\/blog\/wp-content\/uploads\/2021\/02\/Valence-plan-metro-250x166.jpg 250w, https:\/\/www.jdroadtrip.tv\/blog\/wp-content\/uploads\/2021\/02\/Valence-plan-metro-768x509.jpg 768w, https:\/\/www.jdroadtrip.tv\/blog\/wp-content\/uploads\/2021\/02\/Valence-plan-metro-1536x1017.jpg 1536w, https:\/\/www.jdroadtrip.tv\/blog\/wp-content\/uploads\/2021\/02\/Valence-plan-metro-2048x1356.jpg 2048w, https:\/\/www.jdroadtrip.tv\/blog\/wp-content\/uploads\/2021\/02\/Valence-plan-metro-1920x1271.jpg 1920w, https:\/\/www.jdroadtrip.tv\/blog\/wp-content\/uploads\/2021\/02\/Valence-plan-metro-1170x775.jpg 1170w, https:\/\/www.jdroadtrip.tv\/blog\/wp-content\/uploads\/2021\/02\/Valence-plan-metro-780x516.jpg 780w, https:\/\/www.jdroadtrip.tv\/blog\/wp-content\/uploads\/2021\/02\/Valence-plan-metro-585x387.jpg 585w, https:\/\/www.jdroadtrip.tv\/blog\/wp-content\/uploads\/2021\/02\/Valence-plan-metro-263x175.jpg 263w\" sizes=\"(max-width: 2273px) 100vw, 2273px\" \/>\t\t\t\t\t\t\t\t<\/a>\n\t\t\t\t\t\t\t\t\t\t\t\t\t\t\t<\/div>\n\t\t\t\t<\/div>\n\t\t\t\t\t<\/div>\n\t\t<\/div>\n\t\t\t\t\t<\/div>\n\t\t<\/section>\n\t\t\t\t<div class=\"elementor-element elementor-element-81be2b4 elementor-widget-divider--view-line elementor-widget elementor-widget-global elementor-global-41411 elementor-widget-divider\" data-id=\"81be2b4\" data-element_type=\"widget\" data-widget_type=\"divider.default\">\n\t\t\t\t<div class=\"elementor-widget-container\">\n\t\t\t\t\t\t\t<div class=\"elementor-divider\">\n\t\t\t<span class=\"elementor-divider-separator\">\n\t\t\t\t\t\t<\/span>\n\t\t<\/div>\n\t\t\t\t\t\t<\/div>\n\t\t\t\t<\/div>\n\t\t\t\t\t<\/div>\n\t\t<\/div>\n\t\t\t\t\t<\/div>\n\t\t<\/section>\n\t\t\t\t<section class=\"elementor-section elementor-top-section elementor-element elementor-element-8bc2804 elementor-section-boxed elementor-section-height-default elementor-section-height-default\" data-id=\"8bc2804\" data-element_type=\"section\">\n\t\t\t\t\t\t<div class=\"elementor-container elementor-column-gap-default\">\n\t\t\t\t\t<div class=\"elementor-column elementor-col-100 elementor-top-column elementor-element elementor-element-7748578\" data-id=\"7748578\" data-element_type=\"column\">\n\t\t\t<div class=\"elementor-widget-wrap elementor-element-populated\">\n\t\t\t\t\t\t<div class=\"elementor-element elementor-element-92a9974 elementor-widget elementor-widget-text-editor\" data-id=\"92a9974\" data-element_type=\"widget\" data-widget_type=\"text-editor.default\">\n\t\t\t\t<div class=\"elementor-widget-container\">\n\t\t\t\t\t\t\t\t\t<h2 style=\"text-align: justify;\">Que faire et que voir \u00e0 Valence ?<\/h2><p style=\"text-align: justify;\">Valence est une ville vraiment agr\u00e9able, avec le centre historique remplit d&rsquo;histoire et la modernit\u00e9 avec la cit\u00e9 des arts et des sciences et l&rsquo;Oc\u00e9anographique. Deux atmosph\u00e8res diff\u00e9rentes mais qui s&rsquo;accordent bien dans les visites. Pour visiter Valence, je vous recommande de vous munir de la <strong><a href=\"https:\/\/www.tiqets.com\/fr\/activites-attractions-valence-c65847\/billets-pour-valencia-tourist-card-p977808\/?partner=jdroadtip\" target=\"_blank\" rel=\"noopener\">Valencia Tourist Card<\/a>,<\/strong> <strong>parfait pour faire des \u00e9conomies<\/strong>.<\/p><h3><strong>Croisi\u00e8re en Catamaran<\/strong><\/h3><p style=\"text-align: justify;\">\u00c0 d\u00e9faut d&rsquo;utiliser le <strong><a href=\"https:\/\/www.getyourguide.fr\/valence-l49\/valence-itinraire-maritime-en-bus-arrts-multiples-t41773\/?partner_id=CE66J22&amp;utm_medium=online_publisher&amp;utm_source=jdroadtrip&amp;placement=content-middle\" target=\"_blank\" rel=\"noopener\">bus Hop on Hop off<\/a><\/strong> comme dans la plupart des grandes villes, \u00e0 Valence, vous pouvez faire des <strong>croisi\u00e8res en catamaran le long de la c\u00f4te valencienne<\/strong>. Un moment agr\u00e9able et d\u00e9tente pour vous baigner, admirer le coucher du soleil, faire la f\u00eate et d\u00e9guster une bonne paella. Une exp\u00e9rience que je vous recommande si vous venez visiter Valence. <strong><a href=\"https:\/\/partners.ceetiz.com\/60224740\/go\" target=\"_blank\" rel=\"noopener\">Plus d&rsquo;informations sur les croisi\u00e8res \u00e0 Valence.<\/a><\/strong><\/p>\t\t\t\t\t\t\t\t<\/div>\n\t\t\t\t<\/div>\n\t\t\t\t\t<\/div>\n\t\t<\/div>\n\t\t\t\t\t<\/div>\n\t\t<\/section>\n\t\t\t\t<section class=\"elementor-section elementor-top-section elementor-element elementor-element-737edeb elementor-section-boxed elementor-section-height-default elementor-section-height-default\" data-id=\"737edeb\" data-element_type=\"section\">\n\t\t\t\t\t\t<div class=\"elementor-container elementor-column-gap-default\">\n\t\t\t\t\t<div class=\"elementor-column elementor-col-100 elementor-top-column elementor-element elementor-element-b796e4d\" data-id=\"b796e4d\" data-element_type=\"column\">\n\t\t\t<div class=\"elementor-widget-wrap elementor-element-populated\">\n\t\t\t\t\t\t<section class=\"elementor-section elementor-inner-section elementor-element elementor-element-0289cc0 elementor-section-boxed elementor-section-height-default elementor-section-height-default\" data-id=\"0289cc0\" data-element_type=\"section\">\n\t\t\t\t\t\t<div class=\"elementor-container elementor-column-gap-default\">\n\t\t\t\t\t<div class=\"elementor-column elementor-col-66 elementor-inner-column elementor-element elementor-element-1051d07\" data-id=\"1051d07\" data-element_type=\"column\">\n\t\t\t<div class=\"elementor-widget-wrap elementor-element-populated\">\n\t\t\t\t\t\t<div class=\"elementor-element elementor-element-7eff591 elementor-widget elementor-widget-text-editor\" data-id=\"7eff591\" data-element_type=\"widget\" data-widget_type=\"text-editor.default\">\n\t\t\t\t<div class=\"elementor-widget-container\">\n\t\t\t\t\t\t\t\t\t<h3 style=\"text-align: justify;\">L&rsquo;Oc\u00e9anographique<\/h3><p style=\"text-align: justify;\">La visite de l&rsquo;Oc\u00e9anographique de Valence qui <strong>se trouve \u00e0 l\u2019int\u00e9rieur de la Cit\u00e9 des Arts et des Sciences<\/strong>. Cette structure comporte 45.000 sp\u00e9cimens et 500 esp\u00e8ces diff\u00e9rentes qui repr\u00e9sentent notre \u00e9cosyst\u00e8me marin. Je n\u2019ai pas fait que faire la visite normale, j\u2019ai aussi voulu visiter l\u2019envers du d\u00e9cor qui est en suppl\u00e9ment du prix d\u2019entr\u00e9e.<\/p><p style=\"text-align: justify;\">C\u2019est une visite qui nous permet de d\u00e9couvrir le derri\u00e8re des aquariums avec son mat\u00e9riel ( les pompes, les r\u00e9servoirs, etc.) la nurserie, l\u2019h\u00f4pital, etc. <strong><a href=\"https:\/\/www.tiqets.com\/fr\/activites-attractions-valence-c65847\/billets-pour-oceanografic-de-valence-coupe-file-p976058\/?partner=jdroadtip\" target=\"_blank\" rel=\"noopener\">Prenez votre ticket en ligne pour gagner du temps.<\/a><\/strong><\/p><p style=\"text-align: justify;\">Vous traverserez les sept diff\u00e9rents \u00e9cosyst\u00e8mes marins, comme la zone tropicale, l\u2019Arctique ou l\u2019Antarctique, o\u00f9 vous d\u00e9couvrirez une grande vari\u00e9t\u00e9 d\u2019esp\u00e8ces animales. J&rsquo;ai fait cette visite, il y a plusieurs ann\u00e9es maintenant, et <strong>la partie la plus int\u00e9ressante a \u00e9t\u00e9 l\u2019h\u00f4pital<\/strong>.<\/p><p style=\"text-align: justify;\">Ils r\u00e9cup\u00e8rent diverses esp\u00e8ces marines, <strong>principalement des tortues qui ont \u00e9t\u00e9 bless\u00e9es afin de les soigner et de leur donner une seconde vie<\/strong>, soit en les rel\u00e2chant quand c&rsquo;est possible, soit si elles ont \u00e9t\u00e9 amput\u00e9es d&rsquo;une nageoire ou plus \u00e0 cause des filets de p\u00eacheur, une seconde vie \u00e0 l&rsquo;oc\u00e9anographique.<\/p>\t\t\t\t\t\t\t\t<\/div>\n\t\t\t\t<\/div>\n\t\t\t\t\t<\/div>\n\t\t<\/div>\n\t\t\t\t<div class=\"elementor-column elementor-col-33 elementor-inner-column elementor-element elementor-element-0cfc5aa\" data-id=\"0cfc5aa\" data-element_type=\"column\">\n\t\t\t<div class=\"elementor-widget-wrap elementor-element-populated\">\n\t\t\t\t\t\t<div class=\"elementor-element elementor-element-c5fdda5 elementor-widget elementor-widget-html\" data-id=\"c5fdda5\" data-element_type=\"widget\" data-widget_type=\"html.default\">\n\t\t\t\t<div class=\"elementor-widget-container\">\n\t\t\t\t\t<div data-tiqets-widget=\"availability\" data-layout=\"full\" data-orientation=\"vertical\" data-product-id=\"976058\" data-partner=\"jdroadtip\"><\/div><script defer src=\"https:\/\/widgets.tiqets.com\/loader.js\"><\/script>\t\t\t\t<\/div>\n\t\t\t\t<\/div>\n\t\t\t\t\t<\/div>\n\t\t<\/div>\n\t\t\t\t\t<\/div>\n\t\t<\/section>\n\t\t\t\t<div class=\"elementor-element elementor-element-65a5f93 elementor-widget elementor-widget-image\" data-id=\"65a5f93\" data-element_type=\"widget\" data-widget_type=\"image.default\">\n\t\t\t\t<div class=\"elementor-widget-container\">\n\t\t\t\t\t\t\t\t\t\t\t\t\t\t\t<img decoding=\"async\" width=\"1500\" height=\"1000\" src=\"https:\/\/www.jdroadtrip.tv\/blog\/wp-content\/uploads\/2021\/02\/Visiter-valencia-oceanographique.jpg\" class=\"attachment-full size-full wp-image-42690\" alt=\"Visiter Valence\" srcset=\"https:\/\/www.jdroadtrip.tv\/blog\/wp-content\/uploads\/2021\/02\/Visiter-valencia-oceanographique.jpg 1500w, https:\/\/www.jdroadtrip.tv\/blog\/wp-content\/uploads\/2021\/02\/Visiter-valencia-oceanographique-300x200.jpg 300w, https:\/\/www.jdroadtrip.tv\/blog\/wp-content\/uploads\/2021\/02\/Visiter-valencia-oceanographique-800x533.jpg 800w, https:\/\/www.jdroadtrip.tv\/blog\/wp-content\/uploads\/2021\/02\/Visiter-valencia-oceanographique-250x167.jpg 250w, https:\/\/www.jdroadtrip.tv\/blog\/wp-content\/uploads\/2021\/02\/Visiter-valencia-oceanographique-768x512.jpg 768w, https:\/\/www.jdroadtrip.tv\/blog\/wp-content\/uploads\/2021\/02\/Visiter-valencia-oceanographique-1170x780.jpg 1170w, https:\/\/www.jdroadtrip.tv\/blog\/wp-content\/uploads\/2021\/02\/Visiter-valencia-oceanographique-585x390.jpg 585w, https:\/\/www.jdroadtrip.tv\/blog\/wp-content\/uploads\/2021\/02\/Visiter-valencia-oceanographique-263x175.jpg 263w\" sizes=\"(max-width: 1500px) 100vw, 1500px\" \/>\t\t\t\t\t\t\t\t\t\t\t\t\t\t\t<\/div>\n\t\t\t\t<\/div>\n\t\t\t\t<div class=\"elementor-element elementor-element-9ea6e72 elementor-widget-divider--view-line elementor-widget elementor-widget-global elementor-global-41411 elementor-widget-divider\" data-id=\"9ea6e72\" data-element_type=\"widget\" data-widget_type=\"divider.default\">\n\t\t\t\t<div class=\"elementor-widget-container\">\n\t\t\t\t\t\t\t<div class=\"elementor-divider\">\n\t\t\t<span class=\"elementor-divider-separator\">\n\t\t\t\t\t\t<\/span>\n\t\t<\/div>\n\t\t\t\t\t\t<\/div>\n\t\t\t\t<\/div>\n\t\t\t\t\t<\/div>\n\t\t<\/div>\n\t\t\t\t\t<\/div>\n\t\t<\/section>\n\t\t\t\t<section class=\"elementor-section elementor-top-section elementor-element elementor-element-b0da750 elementor-section-boxed elementor-section-height-default elementor-section-height-default\" data-id=\"b0da750\" data-element_type=\"section\">\n\t\t\t\t\t\t<div class=\"elementor-container elementor-column-gap-default\">\n\t\t\t\t\t<div class=\"elementor-column elementor-col-100 elementor-top-column elementor-element elementor-element-807981e\" data-id=\"807981e\" data-element_type=\"column\">\n\t\t\t<div class=\"elementor-widget-wrap elementor-element-populated\">\n\t\t\t\t\t\t<div class=\"elementor-element elementor-element-e90ac24 elementor-widget elementor-widget-text-editor\" data-id=\"e90ac24\" data-element_type=\"widget\" data-widget_type=\"text-editor.default\">\n\t\t\t\t<div class=\"elementor-widget-container\">\n\t\t\t\t\t\t\t\t\t<h3 id=\"cite\" style=\"text-align: justify;\">Cit\u00e9 des arts et des sciences de Valence<\/h3><p style=\"text-align: justify;\">La <strong>Cit\u00e9 des Arts et des Sciences<\/strong> est un incontournable si vous venez visiter Valence. <strong>Ce design assez futuriste entour\u00e9e d&rsquo;eau est r\u00e9ellement impressionnant, de jour comme de nuit.<\/strong> C&rsquo;est le lieu le plus touristique de la ville. On y trouve :<\/p><ul><li style=\"text-align: justify;\">le <strong><a href=\"https:\/\/www.getyourguide.fr\/valence-l49\/?partner_id=CE66J22&amp;utm_medium=online_publisher&amp;utm_source=jdroadtrip&amp;placement=button-cta\" target=\"_blank\" rel=\"noopener\">palais des arts Reina Sofia<\/a><\/strong> qui accueille l&rsquo;op\u00e9ra de Valence,<\/li><li style=\"text-align: justify;\">le <strong><a href=\"https:\/\/www.getyourguide.fr\/valence-l49\/?partner_id=CE66J22&amp;utm_medium=online_publisher&amp;utm_source=jdroadtrip&amp;placement=button-cta\" target=\"_blank\" rel=\"noopener\">mus\u00e9e Principe Felipe<\/a><\/strong> des sciences naturelles de la ville,<\/li><li style=\"text-align: justify;\"><strong><a href=\"https:\/\/www.getyourguide.fr\/valence-l49\/?partner_id=CE66J22&amp;utm_medium=online_publisher&amp;utm_source=jdroadtrip&amp;placement=button-cta\" target=\"_blank\" rel=\"noopener\">l&rsquo;h\u00e9misf\u00e9ric<\/a><\/strong>, un cin\u00e9ma IMAX en 3D,<\/li><li style=\"text-align: justify;\">et <strong><a href=\"https:\/\/www.getyourguide.fr\/valence-l49\/?partner_id=CE66J22&amp;utm_medium=online_publisher&amp;utm_source=jdroadtrip&amp;placement=button-cta\" target=\"_blank\" rel=\"noopener\">l&rsquo;Oc\u00e9anografic<\/a><\/strong>, l&rsquo;un des plus grands aquariums d&rsquo;Europe.<\/li><\/ul>\t\t\t\t\t\t\t\t<\/div>\n\t\t\t\t<\/div>\n\t\t\t\t<div class=\"elementor-element elementor-element-e1259d1 elementor-widget elementor-widget-image\" data-id=\"e1259d1\" data-element_type=\"widget\" data-widget_type=\"image.default\">\n\t\t\t\t<div class=\"elementor-widget-container\">\n\t\t\t\t\t\t\t\t\t\t\t\t\t\t\t<img loading=\"lazy\" decoding=\"async\" width=\"1500\" height=\"1000\" src=\"https:\/\/www.jdroadtrip.tv\/blog\/wp-content\/uploads\/2021\/02\/Visiter-valencia-arts-sciences.jpg\" class=\"attachment-full size-full wp-image-42697\" alt=\"Visiter Valence\" srcset=\"https:\/\/www.jdroadtrip.tv\/blog\/wp-content\/uploads\/2021\/02\/Visiter-valencia-arts-sciences.jpg 1500w, https:\/\/www.jdroadtrip.tv\/blog\/wp-content\/uploads\/2021\/02\/Visiter-valencia-arts-sciences-300x200.jpg 300w, https:\/\/www.jdroadtrip.tv\/blog\/wp-content\/uploads\/2021\/02\/Visiter-valencia-arts-sciences-800x533.jpg 800w, https:\/\/www.jdroadtrip.tv\/blog\/wp-content\/uploads\/2021\/02\/Visiter-valencia-arts-sciences-250x167.jpg 250w, https:\/\/www.jdroadtrip.tv\/blog\/wp-content\/uploads\/2021\/02\/Visiter-valencia-arts-sciences-768x512.jpg 768w, https:\/\/www.jdroadtrip.tv\/blog\/wp-content\/uploads\/2021\/02\/Visiter-valencia-arts-sciences-1170x780.jpg 1170w, https:\/\/www.jdroadtrip.tv\/blog\/wp-content\/uploads\/2021\/02\/Visiter-valencia-arts-sciences-585x390.jpg 585w, https:\/\/www.jdroadtrip.tv\/blog\/wp-content\/uploads\/2021\/02\/Visiter-valencia-arts-sciences-263x175.jpg 263w\" sizes=\"(max-width: 1500px) 100vw, 1500px\" \/>\t\t\t\t\t\t\t\t\t\t\t\t\t\t\t<\/div>\n\t\t\t\t<\/div>\n\t\t\t\t<div class=\"elementor-element elementor-element-7610c29 elementor-widget-divider--view-line elementor-widget elementor-widget-global elementor-global-41411 elementor-widget-divider\" data-id=\"7610c29\" data-element_type=\"widget\" data-widget_type=\"divider.default\">\n\t\t\t\t<div class=\"elementor-widget-container\">\n\t\t\t\t\t\t\t<div class=\"elementor-divider\">\n\t\t\t<span class=\"elementor-divider-separator\">\n\t\t\t\t\t\t<\/span>\n\t\t<\/div>\n\t\t\t\t\t\t<\/div>\n\t\t\t\t<\/div>\n\t\t\t\t<div class=\"elementor-element elementor-element-085e069 elementor-widget elementor-widget-text-editor\" data-id=\"085e069\" data-element_type=\"widget\" data-widget_type=\"text-editor.default\">\n\t\t\t\t<div class=\"elementor-widget-container\">\n\t\t\t\t\t\t\t\t\t<h3 id=\"arenes\" style=\"text-align: justify;\">Ar\u00e8nes de Valence &amp; Mus\u00e9e Taurino<\/h3><p style=\"text-align: justify;\">Apr\u00e8s avoir \u00e9t\u00e9 <strong><a href=\"https:\/\/www.jdroadtrip.tv\/blog\/conseils-bons-plans-visiter-madrid-en-1-2-3-4-5-jours\/\" target=\"_blank\" rel=\"noopener\">visiter Madrid<\/a><\/strong> et ses ar\u00e8nes Las Ventas, je d\u00e9couvre celle de Valence sur la Plaza del Toro. Un mus\u00e9e a \u00e9t\u00e9 install\u00e9 \u00e0 l&rsquo;int\u00e9rieur pour d\u00e9couvrir l&rsquo;histoire de ce lieu et l&rsquo;\u00e9volution de la tauromachie du 17e si\u00e8cle \u00e0 aujourd\u2019hui.<\/p><p style=\"text-align: justify;\">Outre les corridas dont je ne suis pas fan, <strong>dans les ar\u00e8nes se d\u00e9roulent aussi divers \u00e9v\u00e9nements comme des concerts, certains matchs de tennis de la Coupe Davis<\/strong>,\u00a0 etc.. Je n&rsquo;encourage personne \u00e0 aller assister \u00e0 une corrida, pour moi ce type d\u2019\u00e9v\u00e9nement est une torture !<\/p>\t\t\t\t\t\t\t\t<\/div>\n\t\t\t\t<\/div>\n\t\t\t\t<div class=\"elementor-element elementor-element-f3f5740 elementor-widget elementor-widget-image\" data-id=\"f3f5740\" data-element_type=\"widget\" data-widget_type=\"image.default\">\n\t\t\t\t<div class=\"elementor-widget-container\">\n\t\t\t\t\t\t\t\t\t\t\t\t\t\t\t<img loading=\"lazy\" decoding=\"async\" width=\"1500\" height=\"1001\" src=\"https:\/\/www.jdroadtrip.tv\/blog\/wp-content\/uploads\/2021\/02\/Visiter-valencia-arenes.jpg\" class=\"attachment-full size-full wp-image-42695\" alt=\"Visiter Valence\" srcset=\"https:\/\/www.jdroadtrip.tv\/blog\/wp-content\/uploads\/2021\/02\/Visiter-valencia-arenes.jpg 1500w, https:\/\/www.jdroadtrip.tv\/blog\/wp-content\/uploads\/2021\/02\/Visiter-valencia-arenes-300x200.jpg 300w, https:\/\/www.jdroadtrip.tv\/blog\/wp-content\/uploads\/2021\/02\/Visiter-valencia-arenes-800x534.jpg 800w, https:\/\/www.jdroadtrip.tv\/blog\/wp-content\/uploads\/2021\/02\/Visiter-valencia-arenes-250x167.jpg 250w, https:\/\/www.jdroadtrip.tv\/blog\/wp-content\/uploads\/2021\/02\/Visiter-valencia-arenes-768x513.jpg 768w, https:\/\/www.jdroadtrip.tv\/blog\/wp-content\/uploads\/2021\/02\/Visiter-valencia-arenes-1170x781.jpg 1170w, https:\/\/www.jdroadtrip.tv\/blog\/wp-content\/uploads\/2021\/02\/Visiter-valencia-arenes-585x390.jpg 585w, https:\/\/www.jdroadtrip.tv\/blog\/wp-content\/uploads\/2021\/02\/Visiter-valencia-arenes-263x175.jpg 263w\" sizes=\"(max-width: 1500px) 100vw, 1500px\" \/>\t\t\t\t\t\t\t\t\t\t\t\t\t\t\t<\/div>\n\t\t\t\t<\/div>\n\t\t\t\t<section class=\"elementor-section elementor-inner-section elementor-element elementor-element-fc92e86 elementor-section-boxed elementor-section-height-default elementor-section-height-default\" data-id=\"fc92e86\" data-element_type=\"section\">\n\t\t\t\t\t\t<div class=\"elementor-container elementor-column-gap-default\">\n\t\t\t\t\t<div class=\"elementor-column elementor-col-50 elementor-inner-column elementor-element elementor-element-f6d6429\" data-id=\"f6d6429\" data-element_type=\"column\">\n\t\t\t<div class=\"elementor-widget-wrap elementor-element-populated\">\n\t\t\t\t\t\t<div class=\"elementor-element elementor-element-4a18aa0 elementor-widget elementor-widget-text-editor\" data-id=\"4a18aa0\" data-element_type=\"widget\" data-widget_type=\"text-editor.default\">\n\t\t\t\t<div class=\"elementor-widget-container\">\n\t\t\t\t\t\t\t\t\t<h3 style=\"text-align: justify;\">Plaza de la Virgen<\/h3><p style=\"text-align: justify;\">La Plaza de la Virgen ( Place de la vierge) est au c\u0153ur du centre historique et c&rsquo;est le lieu le plus embl\u00e9matique de Valence. <strong>Locaux comme touristes, les gens aiment y venir pour se poser un moment autour de la fontaine de la Turia<\/strong> o\u00f9 dans l&rsquo;un des nombreux bars ou restaurants. Trois monuments incontournables sur cette place : la Cath\u00e9drale de Valence, la biblioth\u00e8que municipale et la basilique de la vierge.<\/p>\t\t\t\t\t\t\t\t<\/div>\n\t\t\t\t<\/div>\n\t\t\t\t\t<\/div>\n\t\t<\/div>\n\t\t\t\t<div class=\"elementor-column elementor-col-50 elementor-inner-column elementor-element elementor-element-afb11a5\" data-id=\"afb11a5\" data-element_type=\"column\">\n\t\t\t<div class=\"elementor-widget-wrap elementor-element-populated\">\n\t\t\t\t\t\t<div class=\"elementor-element elementor-element-27dcccd elementor-widget elementor-widget-text-editor\" data-id=\"27dcccd\" data-element_type=\"widget\" data-widget_type=\"text-editor.default\">\n\t\t\t\t<div class=\"elementor-widget-container\">\n\t\t\t\t\t\t\t\t\t<h3 id=\"cathedrale\" style=\"text-align: justify;\">Cath\u00e9drale de Valence<\/h3><p style=\"text-align: justify;\">Situ\u00e9e sur la Place de la vierge, la cath\u00e9drale va vous \u00e9tonner par son architecture assez diff\u00e9rente de ce qu&rsquo;on a l&rsquo;habitude de voir et <strong>cette immense tour en forme octogonale<\/strong>. Ce qui est fascinant, c&rsquo;est que la cath\u00e9drale est presque incrust\u00e9e dans les autres b\u00e2timents pour se fondre avec le d\u00e9cor. L&rsquo;int\u00e9rieur est sublime et je vous recommande d&rsquo;y entrer.<\/p>\t\t\t\t\t\t\t\t<\/div>\n\t\t\t\t<\/div>\n\t\t\t\t\t<\/div>\n\t\t<\/div>\n\t\t\t\t\t<\/div>\n\t\t<\/section>\n\t\t\t\t<div class=\"elementor-element elementor-element-79c2cab elementor-widget elementor-widget-gallery\" data-id=\"79c2cab\" data-element_type=\"widget\" data-settings=\"{&quot;columns&quot;:2,&quot;lazyload&quot;:&quot;yes&quot;,&quot;gallery_layout&quot;:&quot;grid&quot;,&quot;columns_tablet&quot;:2,&quot;columns_mobile&quot;:1,&quot;gap&quot;:{&quot;unit&quot;:&quot;px&quot;,&quot;size&quot;:10,&quot;sizes&quot;:[]},&quot;gap_tablet&quot;:{&quot;unit&quot;:&quot;px&quot;,&quot;size&quot;:10,&quot;sizes&quot;:[]},&quot;gap_mobile&quot;:{&quot;unit&quot;:&quot;px&quot;,&quot;size&quot;:10,&quot;sizes&quot;:[]},&quot;link_to&quot;:&quot;file&quot;,&quot;aspect_ratio&quot;:&quot;3:2&quot;,&quot;overlay_background&quot;:&quot;yes&quot;,&quot;content_hover_animation&quot;:&quot;fade-in&quot;}\" data-widget_type=\"gallery.default\">\n\t\t\t\t<div class=\"elementor-widget-container\">\n\t\t\t\t\t\t\t<div class=\"elementor-gallery__container\">\n\t\t\t\t\t\t\t<a class=\"e-gallery-item elementor-gallery-item elementor-animated-content\" href=\"https:\/\/www.jdroadtrip.tv\/blog\/wp-content\/uploads\/2021\/02\/Visiter-valencia-cathedrale.jpg\" data-elementor-open-lightbox=\"yes\" data-elementor-lightbox-slideshow=\"79c2cab\" data-elementor-lightbox-title=\"Square,Of,Saint,Mary&#039;s,In,Valencia,In,A,Summer,Day,\" data-e-action-hash=\"#elementor-action%3Aaction%3Dlightbox%26settings%3DeyJpZCI6NDI2OTIsInVybCI6Imh0dHBzOlwvXC93d3cuamRyb2FkdHJpcC50dlwvYmxvZ1wvd3AtY29udGVudFwvdXBsb2Fkc1wvMjAyMVwvMDJcL1Zpc2l0ZXItdmFsZW5jaWEtY2F0aGVkcmFsZS5qcGciLCJzbGlkZXNob3ciOiI3OWMyY2FiIn0%3D\">\n\t\t\t\t\t<div class=\"e-gallery-image elementor-gallery-item__image\" data-thumbnail=\"https:\/\/www.jdroadtrip.tv\/blog\/wp-content\/uploads\/2021\/02\/Visiter-valencia-cathedrale.jpg\" data-width=\"1500\" data-height=\"1000\" aria-label=\"Visiter Valence\" role=\"img\" ><\/div>\n\t\t\t\t\t\t\t\t\t\t\t<div class=\"elementor-gallery-item__overlay\"><\/div>\n\t\t\t\t\t\t\t\t\t\t\t\t\t\t<\/a>\n\t\t\t\t\t\t\t<a class=\"e-gallery-item elementor-gallery-item elementor-animated-content\" href=\"https:\/\/www.jdroadtrip.tv\/blog\/wp-content\/uploads\/2021\/02\/Visiter-valencia-place-virgen.jpg\" data-elementor-open-lightbox=\"yes\" data-elementor-lightbox-slideshow=\"79c2cab\" data-elementor-lightbox-title=\"Square,Of,Saint,Mary&#039;s,And,Fountain,Rio,Turia,In,Valencia\" data-e-action-hash=\"#elementor-action%3Aaction%3Dlightbox%26settings%3DeyJpZCI6NDI2OTMsInVybCI6Imh0dHBzOlwvXC93d3cuamRyb2FkdHJpcC50dlwvYmxvZ1wvd3AtY29udGVudFwvdXBsb2Fkc1wvMjAyMVwvMDJcL1Zpc2l0ZXItdmFsZW5jaWEtcGxhY2UtdmlyZ2VuLmpwZyIsInNsaWRlc2hvdyI6Ijc5YzJjYWIifQ%3D%3D\">\n\t\t\t\t\t<div class=\"e-gallery-image elementor-gallery-item__image\" data-thumbnail=\"https:\/\/www.jdroadtrip.tv\/blog\/wp-content\/uploads\/2021\/02\/Visiter-valencia-place-virgen.jpg\" data-width=\"1500\" data-height=\"1000\" aria-label=\"\" role=\"img\" ><\/div>\n\t\t\t\t\t\t\t\t\t\t\t<div class=\"elementor-gallery-item__overlay\"><\/div>\n\t\t\t\t\t\t\t\t\t\t\t\t\t\t<\/a>\n\t\t\t\t\t<\/div>\n\t\t\t\t\t<\/div>\n\t\t\t\t<\/div>\n\t\t\t\t<div class=\"elementor-element elementor-element-632e2d4 elementor-widget-divider--view-line elementor-widget elementor-widget-global elementor-global-41411 elementor-widget-divider\" data-id=\"632e2d4\" data-element_type=\"widget\" data-widget_type=\"divider.default\">\n\t\t\t\t<div class=\"elementor-widget-container\">\n\t\t\t\t\t\t\t<div class=\"elementor-divider\">\n\t\t\t<span class=\"elementor-divider-separator\">\n\t\t\t\t\t\t<\/span>\n\t\t<\/div>\n\t\t\t\t\t\t<\/div>\n\t\t\t\t<\/div>\n\t\t\t\t\t<\/div>\n\t\t<\/div>\n\t\t\t\t\t<\/div>\n\t\t<\/section>\n\t\t\t\t<section class=\"elementor-section elementor-top-section elementor-element elementor-element-249069c elementor-section-boxed elementor-section-height-default elementor-section-height-default\" data-id=\"249069c\" data-element_type=\"section\">\n\t\t\t\t\t\t<div class=\"elementor-container elementor-column-gap-default\">\n\t\t\t\t\t<div class=\"elementor-column elementor-col-100 elementor-top-column elementor-element elementor-element-2e191cf\" data-id=\"2e191cf\" data-element_type=\"column\">\n\t\t\t<div class=\"elementor-widget-wrap elementor-element-populated\">\n\t\t\t\t\t\t<div class=\"elementor-element elementor-element-6489112 elementor-widget elementor-widget-text-editor\" data-id=\"6489112\" data-element_type=\"widget\" data-widget_type=\"text-editor.default\">\n\t\t\t\t<div class=\"elementor-widget-container\">\n\t\t\t\t\t\t\t\t\t<h3 id=\"marche\" style=\"text-align: justify;\">March\u00e9 central<\/h3><p style=\"text-align: justify;\">Ce March\u00e9 Central me fait beaucoup penser au march\u00e9 couvert de Budapest &#8211; <strong><a href=\"https:\/\/www.jdroadtrip.tv\/blog\/visiter-budapest-en-3-jours\/\" target=\"_blank\" rel=\"noopener\">Visiter Budapest en 3 jours<\/a><\/strong> &#8211; et c&rsquo;est toujours agr\u00e9able d&rsquo;aller d\u00e9couvrir quelques produits \/ sp\u00e9cialit\u00e9s locales. Situ\u00e9 dans le centre historique, vous devez obligatoirement y faire un tour, pour r\u00e9veiller vos papilles, mais aussi pour admirer l&rsquo;architecture vraiment incroyable. <strong>Lever les yeux pour d\u00e9couvrir ce d\u00f4me imposant, ces poutres vout\u00e9es et ces vitraux peints \u00e0 la main.<\/strong><\/p><p style=\"text-align: justify;\">Valence \u00e9tant pr\u00e8s de la c\u00f4t\u00e9, vous retrouverez pr\u00e8s de 900 stands de poissons ou fruits de mer, de charcuterie, de fromage, de fruits et l\u00e9gumes. Il y a \u00e9galement un restaurant \u00e0 tapas, le Central-bar. Le march\u00e9 est ouvert du lundi au samedi de 7h30 \u00e0 15h00.<\/p>\t\t\t\t\t\t\t\t<\/div>\n\t\t\t\t<\/div>\n\t\t\t\t<div class=\"elementor-element elementor-element-608ce83 elementor-widget elementor-widget-gallery\" data-id=\"608ce83\" data-element_type=\"widget\" data-settings=\"{&quot;columns&quot;:2,&quot;lazyload&quot;:&quot;yes&quot;,&quot;gallery_layout&quot;:&quot;grid&quot;,&quot;columns_tablet&quot;:2,&quot;columns_mobile&quot;:1,&quot;gap&quot;:{&quot;unit&quot;:&quot;px&quot;,&quot;size&quot;:10,&quot;sizes&quot;:[]},&quot;gap_tablet&quot;:{&quot;unit&quot;:&quot;px&quot;,&quot;size&quot;:10,&quot;sizes&quot;:[]},&quot;gap_mobile&quot;:{&quot;unit&quot;:&quot;px&quot;,&quot;size&quot;:10,&quot;sizes&quot;:[]},&quot;link_to&quot;:&quot;file&quot;,&quot;aspect_ratio&quot;:&quot;3:2&quot;,&quot;overlay_background&quot;:&quot;yes&quot;,&quot;content_hover_animation&quot;:&quot;fade-in&quot;}\" data-widget_type=\"gallery.default\">\n\t\t\t\t<div class=\"elementor-widget-container\">\n\t\t\t\t\t\t\t<div class=\"elementor-gallery__container\">\n\t\t\t\t\t\t\t<a class=\"e-gallery-item elementor-gallery-item elementor-animated-content\" href=\"https:\/\/www.jdroadtrip.tv\/blog\/wp-content\/uploads\/2021\/02\/Visiter-valencia-market-centrale.jpg\" data-elementor-open-lightbox=\"yes\" data-elementor-lightbox-slideshow=\"608ce83\" data-elementor-lightbox-title=\"Valencia,,Spain,-,Circa,July,2016:,High,Dynamic,Range,(hdr)\" data-e-action-hash=\"#elementor-action%3Aaction%3Dlightbox%26settings%3DeyJpZCI6NDI2OTQsInVybCI6Imh0dHBzOlwvXC93d3cuamRyb2FkdHJpcC50dlwvYmxvZ1wvd3AtY29udGVudFwvdXBsb2Fkc1wvMjAyMVwvMDJcL1Zpc2l0ZXItdmFsZW5jaWEtbWFya2V0LWNlbnRyYWxlLmpwZyIsInNsaWRlc2hvdyI6IjYwOGNlODMifQ%3D%3D\">\n\t\t\t\t\t<div class=\"e-gallery-image elementor-gallery-item__image\" data-thumbnail=\"https:\/\/www.jdroadtrip.tv\/blog\/wp-content\/uploads\/2021\/02\/Visiter-valencia-market-centrale.jpg\" data-width=\"1500\" data-height=\"996\" aria-label=\"\" role=\"img\" ><\/div>\n\t\t\t\t\t\t\t\t\t\t\t<div class=\"elementor-gallery-item__overlay\"><\/div>\n\t\t\t\t\t\t\t\t\t\t\t\t\t\t<\/a>\n\t\t\t\t\t\t\t<a class=\"e-gallery-item elementor-gallery-item elementor-animated-content\" href=\"https:\/\/www.jdroadtrip.tv\/blog\/wp-content\/uploads\/2021\/02\/Visiter-valencia-market-centrale02.jpg\" data-elementor-open-lightbox=\"yes\" data-elementor-lightbox-slideshow=\"608ce83\" data-elementor-lightbox-title=\"Valencia,,Spain,-,October,10,,2015:,View,Of,Crowded,Central\" data-e-action-hash=\"#elementor-action%3Aaction%3Dlightbox%26settings%3DeyJpZCI6NDI2OTEsInVybCI6Imh0dHBzOlwvXC93d3cuamRyb2FkdHJpcC50dlwvYmxvZ1wvd3AtY29udGVudFwvdXBsb2Fkc1wvMjAyMVwvMDJcL1Zpc2l0ZXItdmFsZW5jaWEtbWFya2V0LWNlbnRyYWxlMDIuanBnIiwic2xpZGVzaG93IjoiNjA4Y2U4MyJ9\">\n\t\t\t\t\t<div class=\"e-gallery-image elementor-gallery-item__image\" data-thumbnail=\"https:\/\/www.jdroadtrip.tv\/blog\/wp-content\/uploads\/2021\/02\/Visiter-valencia-market-centrale02.jpg\" data-width=\"1500\" data-height=\"941\" aria-label=\"\" role=\"img\" ><\/div>\n\t\t\t\t\t\t\t\t\t\t\t<div class=\"elementor-gallery-item__overlay\"><\/div>\n\t\t\t\t\t\t\t\t\t\t\t\t\t\t<\/a>\n\t\t\t\t\t<\/div>\n\t\t\t\t\t<\/div>\n\t\t\t\t<\/div>\n\t\t\t\t<div class=\"elementor-element elementor-element-15649e8 elementor-widget-divider--view-line elementor-widget elementor-widget-global elementor-global-41411 elementor-widget-divider\" data-id=\"15649e8\" data-element_type=\"widget\" data-widget_type=\"divider.default\">\n\t\t\t\t<div class=\"elementor-widget-container\">\n\t\t\t\t\t\t\t<div class=\"elementor-divider\">\n\t\t\t<span class=\"elementor-divider-separator\">\n\t\t\t\t\t\t<\/span>\n\t\t<\/div>\n\t\t\t\t\t\t<\/div>\n\t\t\t\t<\/div>\n\t\t\t\t\t<\/div>\n\t\t<\/div>\n\t\t\t\t\t<\/div>\n\t\t<\/section>\n\t\t\t\t<section class=\"elementor-section elementor-top-section elementor-element elementor-element-7b92173 elementor-section-boxed elementor-section-height-default elementor-section-height-default\" data-id=\"7b92173\" data-element_type=\"section\">\n\t\t\t\t\t\t<div class=\"elementor-container elementor-column-gap-default\">\n\t\t\t\t\t<div class=\"elementor-column elementor-col-100 elementor-top-column elementor-element elementor-element-8d74427\" data-id=\"8d74427\" data-element_type=\"column\">\n\t\t\t<div class=\"elementor-widget-wrap elementor-element-populated\">\n\t\t\t\t\t\t<section class=\"elementor-section elementor-inner-section elementor-element elementor-element-389cbd2 elementor-section-boxed elementor-section-height-default elementor-section-height-default\" data-id=\"389cbd2\" data-element_type=\"section\">\n\t\t\t\t\t\t<div class=\"elementor-container elementor-column-gap-default\">\n\t\t\t\t\t<div class=\"elementor-column elementor-col-50 elementor-inner-column elementor-element elementor-element-bd27419\" data-id=\"bd27419\" data-element_type=\"column\">\n\t\t\t<div class=\"elementor-widget-wrap elementor-element-populated\">\n\t\t\t\t\t\t<div class=\"elementor-element elementor-element-7428bc4 elementor-widget elementor-widget-text-editor\" data-id=\"7428bc4\" data-element_type=\"widget\" data-widget_type=\"text-editor.default\">\n\t\t\t\t<div class=\"elementor-widget-container\">\n\t\t\t\t\t\t\t\t\t<h3 id=\"colon\">March\u00e9 de Col\u00f3n<\/h3><p style=\"text-align: justify;\">R\u00e9nov\u00e9 en 2003, le March\u00e9 de Colon est bien loin de sa principale activit\u00e9, vendre des produits frais. Aujourd&rsquo;hui c&rsquo;est <strong>un endroit ou les locaux aiment y venir pour manger ou boire un caf\u00e9 en terrasse<\/strong>. Le march\u00e9 est ouvert de 8h du matin \u00e0 1h30 du matin. Un endroit agr\u00e9able soit pour commencer sa journ\u00e9e ou la finir, car en soir\u00e9e, le march\u00e9 est tr\u00e8s anim\u00e9.<\/p>\t\t\t\t\t\t\t\t<\/div>\n\t\t\t\t<\/div>\n\t\t\t\t<div class=\"elementor-element elementor-element-64b2753 elementor-widget elementor-widget-image\" data-id=\"64b2753\" data-element_type=\"widget\" data-widget_type=\"image.default\">\n\t\t\t\t<div class=\"elementor-widget-container\">\n\t\t\t\t\t\t\t\t\t\t\t\t\t\t\t<img loading=\"lazy\" decoding=\"async\" width=\"1500\" height=\"1000\" src=\"https:\/\/www.jdroadtrip.tv\/blog\/wp-content\/uploads\/2021\/02\/Visiter-valencia-market-colon.jpg\" class=\"attachment-full size-full wp-image-42698\" alt=\"Visiter Valence\" srcset=\"https:\/\/www.jdroadtrip.tv\/blog\/wp-content\/uploads\/2021\/02\/Visiter-valencia-market-colon.jpg 1500w, https:\/\/www.jdroadtrip.tv\/blog\/wp-content\/uploads\/2021\/02\/Visiter-valencia-market-colon-300x200.jpg 300w, https:\/\/www.jdroadtrip.tv\/blog\/wp-content\/uploads\/2021\/02\/Visiter-valencia-market-colon-800x533.jpg 800w, https:\/\/www.jdroadtrip.tv\/blog\/wp-content\/uploads\/2021\/02\/Visiter-valencia-market-colon-250x167.jpg 250w, https:\/\/www.jdroadtrip.tv\/blog\/wp-content\/uploads\/2021\/02\/Visiter-valencia-market-colon-768x512.jpg 768w, https:\/\/www.jdroadtrip.tv\/blog\/wp-content\/uploads\/2021\/02\/Visiter-valencia-market-colon-1170x780.jpg 1170w, https:\/\/www.jdroadtrip.tv\/blog\/wp-content\/uploads\/2021\/02\/Visiter-valencia-market-colon-585x390.jpg 585w, https:\/\/www.jdroadtrip.tv\/blog\/wp-content\/uploads\/2021\/02\/Visiter-valencia-market-colon-263x175.jpg 263w\" sizes=\"(max-width: 1500px) 100vw, 1500px\" \/>\t\t\t\t\t\t\t\t\t\t\t\t\t\t\t<\/div>\n\t\t\t\t<\/div>\n\t\t\t\t\t<\/div>\n\t\t<\/div>\n\t\t\t\t<div class=\"elementor-column elementor-col-50 elementor-inner-column elementor-element elementor-element-654582d\" data-id=\"654582d\" data-element_type=\"column\">\n\t\t\t<div class=\"elementor-widget-wrap elementor-element-populated\">\n\t\t\t\t\t\t<div class=\"elementor-element elementor-element-1afcb25 elementor-widget elementor-widget-text-editor\" data-id=\"1afcb25\" data-element_type=\"widget\" data-widget_type=\"text-editor.default\">\n\t\t\t\t<div class=\"elementor-widget-container\">\n\t\t\t\t\t\t\t\t\t<h3 style=\"text-align: justify;\"><span id=\"gt_La_Lonja_de_la_Seda\">Lonja de la Seda<\/span><\/h3><p style=\"text-align: justify;\">La Lonja de la Seda signifie la \u00ab\u00a0loge de la soie\u00a0\u00bb. Situ\u00e9e dans le centre historique de Valence, en face du March\u00e9 Central, la Lonja de la Seda est <strong>class\u00e9e au patrimoine mondial de l&rsquo;UNESCO par son architecture gothique incroyable<\/strong>. Allez-y assez t\u00f4t si vous souhaitez faire des jolies photos. L&rsquo;entr\u00e9e est gratuite le dimanche et le reste de la semaine, compte 2,00\u20ac.<\/p>\t\t\t\t\t\t\t\t<\/div>\n\t\t\t\t<\/div>\n\t\t\t\t<div class=\"elementor-element elementor-element-64588e0 elementor-widget elementor-widget-image\" data-id=\"64588e0\" data-element_type=\"widget\" data-widget_type=\"image.default\">\n\t\t\t\t<div class=\"elementor-widget-container\">\n\t\t\t\t\t\t\t\t\t\t\t\t\t\t\t<img loading=\"lazy\" decoding=\"async\" width=\"1500\" height=\"1000\" src=\"https:\/\/www.jdroadtrip.tv\/blog\/wp-content\/uploads\/2021\/02\/Visiter-valencia-lonja.jpg\" class=\"attachment-full size-full wp-image-42696\" alt=\"Visiter Valence\" srcset=\"https:\/\/www.jdroadtrip.tv\/blog\/wp-content\/uploads\/2021\/02\/Visiter-valencia-lonja.jpg 1500w, https:\/\/www.jdroadtrip.tv\/blog\/wp-content\/uploads\/2021\/02\/Visiter-valencia-lonja-300x200.jpg 300w, https:\/\/www.jdroadtrip.tv\/blog\/wp-content\/uploads\/2021\/02\/Visiter-valencia-lonja-800x533.jpg 800w, https:\/\/www.jdroadtrip.tv\/blog\/wp-content\/uploads\/2021\/02\/Visiter-valencia-lonja-250x167.jpg 250w, https:\/\/www.jdroadtrip.tv\/blog\/wp-content\/uploads\/2021\/02\/Visiter-valencia-lonja-768x512.jpg 768w, https:\/\/www.jdroadtrip.tv\/blog\/wp-content\/uploads\/2021\/02\/Visiter-valencia-lonja-1170x780.jpg 1170w, https:\/\/www.jdroadtrip.tv\/blog\/wp-content\/uploads\/2021\/02\/Visiter-valencia-lonja-585x390.jpg 585w, https:\/\/www.jdroadtrip.tv\/blog\/wp-content\/uploads\/2021\/02\/Visiter-valencia-lonja-263x175.jpg 263w\" sizes=\"(max-width: 1500px) 100vw, 1500px\" \/>\t\t\t\t\t\t\t\t\t\t\t\t\t\t\t<\/div>\n\t\t\t\t<\/div>\n\t\t\t\t\t<\/div>\n\t\t<\/div>\n\t\t\t\t\t<\/div>\n\t\t<\/section>\n\t\t\t\t<div class=\"elementor-element elementor-element-07cae88 elementor-widget-divider--view-line elementor-widget elementor-widget-global elementor-global-41411 elementor-widget-divider\" data-id=\"07cae88\" data-element_type=\"widget\" data-widget_type=\"divider.default\">\n\t\t\t\t<div class=\"elementor-widget-container\">\n\t\t\t\t\t\t\t<div class=\"elementor-divider\">\n\t\t\t<span class=\"elementor-divider-separator\">\n\t\t\t\t\t\t<\/span>\n\t\t<\/div>\n\t\t\t\t\t\t<\/div>\n\t\t\t\t<\/div>\n\t\t\t\t\t<\/div>\n\t\t<\/div>\n\t\t\t\t\t<\/div>\n\t\t<\/section>\n\t\t\t\t<section class=\"elementor-section elementor-top-section elementor-element elementor-element-a023897 elementor-section-boxed elementor-section-height-default elementor-section-height-default\" data-id=\"a023897\" data-element_type=\"section\">\n\t\t\t\t\t\t<div class=\"elementor-container elementor-column-gap-default\">\n\t\t\t\t\t<div class=\"elementor-column elementor-col-100 elementor-top-column elementor-element elementor-element-3bbbf1b\" data-id=\"3bbbf1b\" data-element_type=\"column\">\n\t\t\t<div class=\"elementor-widget-wrap elementor-element-populated\">\n\t\t\t\t\t\t<div class=\"elementor-element elementor-element-a8d0339 elementor-widget elementor-widget-text-editor\" data-id=\"a8d0339\" data-element_type=\"widget\" data-widget_type=\"text-editor.default\">\n\t\t\t\t<div class=\"elementor-widget-container\">\n\t\t\t\t\t\t\t\t\t<h3><strong>Visite guid\u00e9e de Valence<\/strong><\/h3><p style=\"text-align: justify;\">Les visites guid\u00e9es \u00e0 Valence sont plut\u00f4t int\u00e9ressantes, vous pouvez choisir un peu la cat\u00e9gorie de votre visite : \u00e0 pied, en segway, en famille, \u00e0 v\u00e9lo ou des foods tours aussi.<\/p>\t\t\t\t\t\t\t\t<\/div>\n\t\t\t\t<\/div>\n\t\t\t\t\t<\/div>\n\t\t<\/div>\n\t\t\t\t\t<\/div>\n\t\t<\/section>\n\t\t\t\t<section class=\"elementor-section elementor-top-section elementor-element elementor-element-1358c2e elementor-section-boxed elementor-section-height-default elementor-section-height-default\" data-id=\"1358c2e\" data-element_type=\"section\">\n\t\t\t\t\t\t<div class=\"elementor-container elementor-column-gap-default\">\n\t\t\t\t\t<div class=\"elementor-column elementor-col-33 elementor-top-column elementor-element elementor-element-8b9fcc8\" data-id=\"8b9fcc8\" data-element_type=\"column\" data-settings=\"{&quot;background_background&quot;:&quot;classic&quot;}\">\n\t\t\t<div class=\"elementor-widget-wrap elementor-element-populated\">\n\t\t\t\t\t\t<div class=\"elementor-element elementor-element-0ebdc2b elementor-widget elementor-widget-text-editor\" data-id=\"0ebdc2b\" data-element_type=\"widget\" data-widget_type=\"text-editor.default\">\n\t\t\t\t<div class=\"elementor-widget-container\">\n\t\t\t\t\t\t\t\t\t<h3 class=\"activity__title js-title\" style=\"text-align: center;\" data-track=\"activity-title\"><span style=\"font-size: 14pt;\"><strong>Balade m\u00e9di\u00e9vale en Segway<\/strong><\/span><\/h3>\t\t\t\t\t\t\t\t<\/div>\n\t\t\t\t<\/div>\n\t\t\t\t<div class=\"elementor-element elementor-element-1d04c46 elementor-widget elementor-widget-image\" data-id=\"1d04c46\" data-element_type=\"widget\" data-widget_type=\"image.default\">\n\t\t\t\t<div class=\"elementor-widget-container\">\n\t\t\t\t\t\t\t\t\t\t\t\t\t\t\t<img loading=\"lazy\" decoding=\"async\" width=\"1585\" height=\"792\" src=\"https:\/\/www.jdroadtrip.tv\/blog\/wp-content\/uploads\/2021\/02\/Visiter-valencia-segway.jpg\" class=\"attachment-full size-full wp-image-42709\" alt=\"\" srcset=\"https:\/\/www.jdroadtrip.tv\/blog\/wp-content\/uploads\/2021\/02\/Visiter-valencia-segway.jpg 1585w, https:\/\/www.jdroadtrip.tv\/blog\/wp-content\/uploads\/2021\/02\/Visiter-valencia-segway-300x150.jpg 300w, https:\/\/www.jdroadtrip.tv\/blog\/wp-content\/uploads\/2021\/02\/Visiter-valencia-segway-800x400.jpg 800w, https:\/\/www.jdroadtrip.tv\/blog\/wp-content\/uploads\/2021\/02\/Visiter-valencia-segway-250x125.jpg 250w, https:\/\/www.jdroadtrip.tv\/blog\/wp-content\/uploads\/2021\/02\/Visiter-valencia-segway-768x384.jpg 768w, https:\/\/www.jdroadtrip.tv\/blog\/wp-content\/uploads\/2021\/02\/Visiter-valencia-segway-1536x768.jpg 1536w, https:\/\/www.jdroadtrip.tv\/blog\/wp-content\/uploads\/2021\/02\/Visiter-valencia-segway-1170x585.jpg 1170w, https:\/\/www.jdroadtrip.tv\/blog\/wp-content\/uploads\/2021\/02\/Visiter-valencia-segway-585x292.jpg 585w\" sizes=\"(max-width: 1585px) 100vw, 1585px\" \/>\t\t\t\t\t\t\t\t\t\t\t\t\t\t\t<\/div>\n\t\t\t\t<\/div>\n\t\t\t\t<div class=\"elementor-element elementor-element-e92a9b0 elementor-align-justify elementor-widget elementor-widget-button\" data-id=\"e92a9b0\" data-element_type=\"widget\" data-widget_type=\"button.default\">\n\t\t\t\t<div class=\"elementor-widget-container\">\n\t\t\t\t\t\t\t\t\t<div class=\"elementor-button-wrapper\">\n\t\t\t\t\t<a class=\"elementor-button elementor-button-link elementor-size-md\" href=\"https:\/\/www.getyourguide.fr\/valence-l49\/valence-balade-mdivale-en-segway-de-1-h-t66261\/?partner_id=CE66J22&#038;utm_medium=online_publisher&#038;utm_source=jdroadtrip&#038;placement=button-cta\" target=\"_blank\">\n\t\t\t\t\t\t<span class=\"elementor-button-content-wrapper\">\n\t\t\t\t\t\t\t\t\t<span class=\"elementor-button-text\">R\u00e9server la balade en Segway<\/span>\n\t\t\t\t\t<\/span>\n\t\t\t\t\t<\/a>\n\t\t\t\t<\/div>\n\t\t\t\t\t\t\t\t<\/div>\n\t\t\t\t<\/div>\n\t\t\t\t\t<\/div>\n\t\t<\/div>\n\t\t\t\t<div class=\"elementor-column elementor-col-33 elementor-top-column elementor-element elementor-element-296c0cd\" data-id=\"296c0cd\" data-element_type=\"column\" data-settings=\"{&quot;background_background&quot;:&quot;classic&quot;}\">\n\t\t\t<div class=\"elementor-widget-wrap elementor-element-populated\">\n\t\t\t\t\t\t<div class=\"elementor-element elementor-element-b8285c9 elementor-widget elementor-widget-text-editor\" data-id=\"b8285c9\" data-element_type=\"widget\" data-widget_type=\"text-editor.default\">\n\t\t\t\t<div class=\"elementor-widget-container\">\n\t\t\t\t\t\t\t\t\t<h3 class=\"activity__title js-title\" style=\"text-align: center;\" data-track=\"activity-title\"><span style=\"font-size: 14pt;\"><strong>Visite guid\u00e9e \u00e0 pied en famille<\/strong><\/span><\/h3>\t\t\t\t\t\t\t\t<\/div>\n\t\t\t\t<\/div>\n\t\t\t\t<div class=\"elementor-element elementor-element-ab4490c elementor-widget elementor-widget-image\" data-id=\"ab4490c\" data-element_type=\"widget\" data-widget_type=\"image.default\">\n\t\t\t\t<div class=\"elementor-widget-container\">\n\t\t\t\t\t\t\t\t\t\t\t\t\t\t\t<img loading=\"lazy\" decoding=\"async\" width=\"1585\" height=\"792\" src=\"https:\/\/www.jdroadtrip.tv\/blog\/wp-content\/uploads\/2021\/02\/Visiter-valencia-famille.jpg\" class=\"attachment-full size-full wp-image-42710\" alt=\"\" srcset=\"https:\/\/www.jdroadtrip.tv\/blog\/wp-content\/uploads\/2021\/02\/Visiter-valencia-famille.jpg 1585w, https:\/\/www.jdroadtrip.tv\/blog\/wp-content\/uploads\/2021\/02\/Visiter-valencia-famille-300x150.jpg 300w, https:\/\/www.jdroadtrip.tv\/blog\/wp-content\/uploads\/2021\/02\/Visiter-valencia-famille-800x400.jpg 800w, https:\/\/www.jdroadtrip.tv\/blog\/wp-content\/uploads\/2021\/02\/Visiter-valencia-famille-250x125.jpg 250w, https:\/\/www.jdroadtrip.tv\/blog\/wp-content\/uploads\/2021\/02\/Visiter-valencia-famille-768x384.jpg 768w, https:\/\/www.jdroadtrip.tv\/blog\/wp-content\/uploads\/2021\/02\/Visiter-valencia-famille-1536x768.jpg 1536w, https:\/\/www.jdroadtrip.tv\/blog\/wp-content\/uploads\/2021\/02\/Visiter-valencia-famille-1170x585.jpg 1170w, https:\/\/www.jdroadtrip.tv\/blog\/wp-content\/uploads\/2021\/02\/Visiter-valencia-famille-585x292.jpg 585w\" sizes=\"(max-width: 1585px) 100vw, 1585px\" \/>\t\t\t\t\t\t\t\t\t\t\t\t\t\t\t<\/div>\n\t\t\t\t<\/div>\n\t\t\t\t<div class=\"elementor-element elementor-element-854c9bd elementor-align-justify elementor-widget elementor-widget-button\" data-id=\"854c9bd\" data-element_type=\"widget\" data-widget_type=\"button.default\">\n\t\t\t\t<div class=\"elementor-widget-container\">\n\t\t\t\t\t\t\t\t\t<div class=\"elementor-button-wrapper\">\n\t\t\t\t\t<a class=\"elementor-button elementor-button-link elementor-size-md\" href=\"https:\/\/www.getyourguide.fr\/valence-l49\/valence-visite-guide-pied-en-famille-t195983\/?partner_id=CE66J22&#038;utm_medium=online_publisher&#038;utm_source=jdroadtrip&#038;placement=button-cta\" target=\"_blank\">\n\t\t\t\t\t\t<span class=\"elementor-button-content-wrapper\">\n\t\t\t\t\t\t\t\t\t<span class=\"elementor-button-text\">R\u00e9server la balade en famille<\/span>\n\t\t\t\t\t<\/span>\n\t\t\t\t\t<\/a>\n\t\t\t\t<\/div>\n\t\t\t\t\t\t\t\t<\/div>\n\t\t\t\t<\/div>\n\t\t\t\t\t<\/div>\n\t\t<\/div>\n\t\t\t\t<div class=\"elementor-column elementor-col-33 elementor-top-column elementor-element elementor-element-dbec923\" data-id=\"dbec923\" data-element_type=\"column\" data-settings=\"{&quot;background_background&quot;:&quot;classic&quot;}\">\n\t\t\t<div class=\"elementor-widget-wrap elementor-element-populated\">\n\t\t\t\t\t\t<div class=\"elementor-element elementor-element-cffab40 elementor-widget elementor-widget-text-editor\" data-id=\"cffab40\" data-element_type=\"widget\" data-widget_type=\"text-editor.default\">\n\t\t\t\t<div class=\"elementor-widget-container\">\n\t\t\t\t\t\t\t\t\t<h3 style=\"text-align: center;\"><span style=\"font-size: 14pt;\"><strong>Food Tour priv\u00e9e<\/strong><\/span><\/h3>\t\t\t\t\t\t\t\t<\/div>\n\t\t\t\t<\/div>\n\t\t\t\t<div class=\"elementor-element elementor-element-e6a8ece elementor-widget elementor-widget-image\" data-id=\"e6a8ece\" data-element_type=\"widget\" data-widget_type=\"image.default\">\n\t\t\t\t<div class=\"elementor-widget-container\">\n\t\t\t\t\t\t\t\t\t\t\t\t\t\t\t<img loading=\"lazy\" decoding=\"async\" width=\"1585\" height=\"792\" src=\"https:\/\/www.jdroadtrip.tv\/blog\/wp-content\/uploads\/2021\/02\/Visiter-valencia-foodtour.jpg\" class=\"attachment-full size-full wp-image-42711\" alt=\"\" srcset=\"https:\/\/www.jdroadtrip.tv\/blog\/wp-content\/uploads\/2021\/02\/Visiter-valencia-foodtour.jpg 1585w, https:\/\/www.jdroadtrip.tv\/blog\/wp-content\/uploads\/2021\/02\/Visiter-valencia-foodtour-300x150.jpg 300w, https:\/\/www.jdroadtrip.tv\/blog\/wp-content\/uploads\/2021\/02\/Visiter-valencia-foodtour-800x400.jpg 800w, https:\/\/www.jdroadtrip.tv\/blog\/wp-content\/uploads\/2021\/02\/Visiter-valencia-foodtour-250x125.jpg 250w, https:\/\/www.jdroadtrip.tv\/blog\/wp-content\/uploads\/2021\/02\/Visiter-valencia-foodtour-768x384.jpg 768w, https:\/\/www.jdroadtrip.tv\/blog\/wp-content\/uploads\/2021\/02\/Visiter-valencia-foodtour-1536x768.jpg 1536w, https:\/\/www.jdroadtrip.tv\/blog\/wp-content\/uploads\/2021\/02\/Visiter-valencia-foodtour-1170x585.jpg 1170w, https:\/\/www.jdroadtrip.tv\/blog\/wp-content\/uploads\/2021\/02\/Visiter-valencia-foodtour-585x292.jpg 585w\" sizes=\"(max-width: 1585px) 100vw, 1585px\" \/>\t\t\t\t\t\t\t\t\t\t\t\t\t\t\t<\/div>\n\t\t\t\t<\/div>\n\t\t\t\t<div class=\"elementor-element elementor-element-c94a487 elementor-align-justify elementor-widget elementor-widget-button\" data-id=\"c94a487\" data-element_type=\"widget\" data-widget_type=\"button.default\">\n\t\t\t\t<div class=\"elementor-widget-container\">\n\t\t\t\t\t\t\t\t\t<div class=\"elementor-button-wrapper\">\n\t\t\t\t\t<a class=\"elementor-button elementor-button-link elementor-size-md\" href=\"https:\/\/www.getyourguide.fr\/valence-l49\/tour-de-nourriture-prive-de-got-de-valence-t122472\/?partner_id=CE66J22&#038;utm_medium=online_publisher&#038;utm_source=jdroadtrip&#038;placement=button-cta\" target=\"_blank\">\n\t\t\t\t\t\t<span class=\"elementor-button-content-wrapper\">\n\t\t\t\t\t\t\t\t\t<span class=\"elementor-button-text\">R\u00e9server le food tour<\/span>\n\t\t\t\t\t<\/span>\n\t\t\t\t\t<\/a>\n\t\t\t\t<\/div>\n\t\t\t\t\t\t\t\t<\/div>\n\t\t\t\t<\/div>\n\t\t\t\t\t<\/div>\n\t\t<\/div>\n\t\t\t\t\t<\/div>\n\t\t<\/section>\n\t\t\t\t<section class=\"elementor-section elementor-top-section elementor-element elementor-element-8b1fa1d elementor-section-boxed elementor-section-height-default elementor-section-height-default\" data-id=\"8b1fa1d\" data-element_type=\"section\">\n\t\t\t\t\t\t<div class=\"elementor-container elementor-column-gap-default\">\n\t\t\t\t\t<div class=\"elementor-column elementor-col-100 elementor-top-column elementor-element elementor-element-5c0f290\" data-id=\"5c0f290\" data-element_type=\"column\">\n\t\t\t<div class=\"elementor-widget-wrap elementor-element-populated\">\n\t\t\t\t\t\t<section class=\"elementor-section elementor-inner-section elementor-element elementor-element-e23e9f7 elementor-section-boxed elementor-section-height-default elementor-section-height-default\" data-id=\"e23e9f7\" data-element_type=\"section\">\n\t\t\t\t\t\t<div class=\"elementor-container elementor-column-gap-default\">\n\t\t\t\t\t<div class=\"elementor-column elementor-col-100 elementor-inner-column elementor-element elementor-element-020449e\" data-id=\"020449e\" data-element_type=\"column\">\n\t\t\t<div class=\"elementor-widget-wrap elementor-element-populated\">\n\t\t\t\t\t\t<div class=\"elementor-element elementor-element-3cf9906 elementor-widget elementor-widget-text-editor\" data-id=\"3cf9906\" data-element_type=\"widget\" data-widget_type=\"text-editor.default\">\n\t\t\t\t<div class=\"elementor-widget-container\">\n\t\t\t\t\t\t\t\t\t<h2 style=\"text-align: justify;\">Bonnes adresses o\u00f9 manger \u00e0 Valence<\/h2><p style=\"text-align: justify;\">Voici quelques bonnes adresses pour manger une bonne paella ou tout simplement go\u00fbter l&rsquo;une des sp\u00e9cialit\u00e9s sucr\u00e9es valenciennes, horchata de chufa.<\/p><ul style=\"text-align: justify;\"><li>Pour go\u00fbter Horchata de Chufa, je vous recommande l&rsquo;adresse <strong><a href=\"https:\/\/tidd.ly\/3p7BKM7\" target=\"_blank\" rel=\"noopener\">Horchateria de Santa Catalina<\/a><\/strong>.<\/li><li>Le <strong><a href=\"https:\/\/tidd.ly\/3rEgCia\" target=\"_blank\" rel=\"noopener\">restaurant Navarro<\/a><\/strong>, situ\u00e9 dans le centre-ville est r\u00e9put\u00e9 pour manger une bonne paella.<\/li><li>La <strong><a href=\"https:\/\/tidd.ly\/3tMhWkC\" target=\"_blank\" rel=\"noopener\">Taberna Casera<\/a><\/strong>, une superbe adresse pour manger du poisson et des fruits de mer.<\/li><\/ul><p style=\"text-align: justify;\">Baladez-vous dans le quartier <strong>le barrio del carmen<\/strong>, vous trouverez forc\u00e9ment une adresse qui vous plaira.<\/p>\t\t\t\t\t\t\t\t<\/div>\n\t\t\t\t<\/div>\n\t\t\t\t<div class=\"elementor-element elementor-element-1dcbdcb elementor-widget elementor-widget-image\" data-id=\"1dcbdcb\" data-element_type=\"widget\" data-widget_type=\"image.default\">\n\t\t\t\t<div class=\"elementor-widget-container\">\n\t\t\t\t\t\t\t\t\t\t\t\t\t\t\t<img loading=\"lazy\" decoding=\"async\" width=\"1500\" height=\"1000\" src=\"https:\/\/www.jdroadtrip.tv\/blog\/wp-content\/uploads\/2021\/02\/Visiter-valencia-adresses.jpg\" class=\"attachment-full size-full wp-image-42699\" alt=\"Visiter Valence avec Valencia Tourist Card : Les bonnes adresses o\u00f9 manger\" srcset=\"https:\/\/www.jdroadtrip.tv\/blog\/wp-content\/uploads\/2021\/02\/Visiter-valencia-adresses.jpg 1500w, https:\/\/www.jdroadtrip.tv\/blog\/wp-content\/uploads\/2021\/02\/Visiter-valencia-adresses-300x200.jpg 300w, https:\/\/www.jdroadtrip.tv\/blog\/wp-content\/uploads\/2021\/02\/Visiter-valencia-adresses-800x533.jpg 800w, https:\/\/www.jdroadtrip.tv\/blog\/wp-content\/uploads\/2021\/02\/Visiter-valencia-adresses-250x167.jpg 250w, https:\/\/www.jdroadtrip.tv\/blog\/wp-content\/uploads\/2021\/02\/Visiter-valencia-adresses-768x512.jpg 768w, https:\/\/www.jdroadtrip.tv\/blog\/wp-content\/uploads\/2021\/02\/Visiter-valencia-adresses-1170x780.jpg 1170w, https:\/\/www.jdroadtrip.tv\/blog\/wp-content\/uploads\/2021\/02\/Visiter-valencia-adresses-585x390.jpg 585w, https:\/\/www.jdroadtrip.tv\/blog\/wp-content\/uploads\/2021\/02\/Visiter-valencia-adresses-263x175.jpg 263w\" sizes=\"(max-width: 1500px) 100vw, 1500px\" \/>\t\t\t\t\t\t\t\t\t\t\t\t\t\t\t<\/div>\n\t\t\t\t<\/div>\n\t\t\t\t\t<\/div>\n\t\t<\/div>\n\t\t\t\t\t<\/div>\n\t\t<\/section>\n\t\t\t\t\t<\/div>\n\t\t<\/div>\n\t\t\t\t\t<\/div>\n\t\t<\/section>\n\t\t\t\t<section class=\"elementor-section elementor-top-section elementor-element elementor-element-14be71a elementor-section-boxed elementor-section-height-default elementor-section-height-default\" data-id=\"14be71a\" data-element_type=\"section\">\n\t\t\t\t\t\t<div class=\"elementor-container elementor-column-gap-default\">\n\t\t\t\t\t<div class=\"elementor-column elementor-col-100 elementor-top-column elementor-element elementor-element-5cab50a\" data-id=\"5cab50a\" data-element_type=\"column\">\n\t\t\t<div class=\"elementor-widget-wrap elementor-element-populated\">\n\t\t\t\t\t\t<div class=\"elementor-element elementor-element-8e568e6 elementor-widget-divider--view-line elementor-widget elementor-widget-global elementor-global-41411 elementor-widget-divider\" data-id=\"8e568e6\" data-element_type=\"widget\" data-widget_type=\"divider.default\">\n\t\t\t\t<div class=\"elementor-widget-container\">\n\t\t\t\t\t\t\t<div class=\"elementor-divider\">\n\t\t\t<span class=\"elementor-divider-separator\">\n\t\t\t\t\t\t<\/span>\n\t\t<\/div>\n\t\t\t\t\t\t<\/div>\n\t\t\t\t<\/div>\n\t\t\t\t<div class=\"elementor-element elementor-element-abef139 elementor-widget elementor-widget-text-editor\" data-id=\"abef139\" data-element_type=\"widget\" data-widget_type=\"text-editor.default\">\n\t\t\t\t<div class=\"elementor-widget-container\">\n\t\t\t\t\t\t\t\t\t<h2>Sp\u00e9cialit\u00e9s espagnols \u00e0 Valence<\/h2><p>J&rsquo;ai eu l\u2019opportunit\u00e9 de m&rsquo;expatrier pendant 1 an en Espagne o\u00f9 j&rsquo;ai pu go\u00fbt\u00e9 quelques sp\u00e9cialit\u00e9s espagnoles.<\/p>\t\t\t\t\t\t\t\t<\/div>\n\t\t\t\t<\/div>\n\t\t\t\t<section class=\"elementor-section elementor-inner-section elementor-element elementor-element-325e657 elementor-section-boxed elementor-section-height-default elementor-section-height-default\" data-id=\"325e657\" data-element_type=\"section\">\n\t\t\t\t\t\t<div class=\"elementor-container elementor-column-gap-default\">\n\t\t\t\t\t<div class=\"elementor-column elementor-col-50 elementor-inner-column elementor-element elementor-element-9dd094b\" data-id=\"9dd094b\" data-element_type=\"column\">\n\t\t\t<div class=\"elementor-widget-wrap elementor-element-populated\">\n\t\t\t\t\t\t<div class=\"elementor-element elementor-element-0103f6f elementor-widget elementor-widget-text-editor\" data-id=\"0103f6f\" data-element_type=\"widget\" data-widget_type=\"text-editor.default\">\n\t\t\t\t<div class=\"elementor-widget-container\">\n\t\t\t\t\t\t\t\t\t<h3 style=\"text-align: justify;\">Paella<\/h3><p style=\"text-align: justify;\">En venant visiter Valence, il faut savoir que <strong>c&rsquo;est la r\u00e9gion de la paella<\/strong> donc impossible d&rsquo;y venir sans manger une bonne paella. C&rsquo;est le plat embl\u00e9matique du pays qui rappelle les couleurs du drapeau espagnoles, le riz jaune et la tomate ou le poivron pour le rouge.<\/p><p style=\"text-align: justify;\">L&rsquo;Arroz Negro ou \u00ab riz noir \u00bb dont je parle dans mon article <strong><a href=\"https:\/\/www.jdroadtrip.tv\/blog\/conseils-bons-plans-visiter-madrid-en-1-2-3-4-5-jours\/\" target=\"_blank\" rel=\"noopener\">visiter Madrid<\/a><\/strong>, est un grand classique de la province de Valencia. Durant la cuisson du riz, <strong>il prend sa couleur noire en absorbant l&rsquo;encre de seiche<\/strong>, l&rsquo;ingr\u00e9dient essentiel.<\/p>\t\t\t\t\t\t\t\t<\/div>\n\t\t\t\t<\/div>\n\t\t\t\t<div class=\"elementor-element elementor-element-9cd59dc elementor-widget elementor-widget-image\" data-id=\"9cd59dc\" data-element_type=\"widget\" data-widget_type=\"image.default\">\n\t\t\t\t<div class=\"elementor-widget-container\">\n\t\t\t\t\t\t\t\t\t\t\t\t\t\t\t<img loading=\"lazy\" decoding=\"async\" width=\"1500\" height=\"1000\" src=\"https:\/\/www.jdroadtrip.tv\/blog\/wp-content\/uploads\/2021\/02\/Visiter-valencia-paella.jpg\" class=\"attachment-full size-full wp-image-42653\" alt=\"Visiter Valencia avec la Valencia Tourist Card - Go\u00fbter la pa\u00eblla\" srcset=\"https:\/\/www.jdroadtrip.tv\/blog\/wp-content\/uploads\/2021\/02\/Visiter-valencia-paella.jpg 1500w, https:\/\/www.jdroadtrip.tv\/blog\/wp-content\/uploads\/2021\/02\/Visiter-valencia-paella-300x200.jpg 300w, https:\/\/www.jdroadtrip.tv\/blog\/wp-content\/uploads\/2021\/02\/Visiter-valencia-paella-800x533.jpg 800w, https:\/\/www.jdroadtrip.tv\/blog\/wp-content\/uploads\/2021\/02\/Visiter-valencia-paella-250x167.jpg 250w, https:\/\/www.jdroadtrip.tv\/blog\/wp-content\/uploads\/2021\/02\/Visiter-valencia-paella-768x512.jpg 768w, https:\/\/www.jdroadtrip.tv\/blog\/wp-content\/uploads\/2021\/02\/Visiter-valencia-paella-1170x780.jpg 1170w, https:\/\/www.jdroadtrip.tv\/blog\/wp-content\/uploads\/2021\/02\/Visiter-valencia-paella-585x390.jpg 585w, https:\/\/www.jdroadtrip.tv\/blog\/wp-content\/uploads\/2021\/02\/Visiter-valencia-paella-263x175.jpg 263w\" sizes=\"(max-width: 1500px) 100vw, 1500px\" \/>\t\t\t\t\t\t\t\t\t\t\t\t\t\t\t<\/div>\n\t\t\t\t<\/div>\n\t\t\t\t\t<\/div>\n\t\t<\/div>\n\t\t\t\t<div class=\"elementor-column elementor-col-50 elementor-inner-column elementor-element elementor-element-ee7049e\" data-id=\"ee7049e\" data-element_type=\"column\">\n\t\t\t<div class=\"elementor-widget-wrap elementor-element-populated\">\n\t\t\t\t\t\t<div class=\"elementor-element elementor-element-12a079a elementor-widget elementor-widget-text-editor\" data-id=\"12a079a\" data-element_type=\"widget\" data-widget_type=\"text-editor.default\">\n\t\t\t\t<div class=\"elementor-widget-container\">\n\t\t\t\t\t\t\t\t\t<h3 style=\"text-align: justify;\">L&rsquo;Horchata de Chufta<\/h3><p style=\"text-align: justify;\">Une sp\u00e9cialit\u00e9 valencienne, une boisson froide traditionnelle, \u00e0 base de noix de muscade jaune connue sous le nom de horchata de chufa avec un d\u00e9sert appel\u00e9 farton qui ressemble \u00e0 un pain au chocolat ou pain suisse.<\/p><p style=\"text-align: justify;\">La plupart des caf\u00e9s de la ville en propose mais la meilleure adresse pour go\u00fbter la boisson\u00a0 horchata de chufa est \u00ab\u00a0<strong><a href=\"https:\/\/www.horchateriasantacatalina.com\/en\/horchateria\/\" target=\"_blank\" rel=\"noopener\">Horchateria de Santa Catalina<\/a><\/strong>\u00ab\u00a0.<strong> <br \/>Un caf\u00e9 authentique avec une d\u00e9coration typiquement espagnole.<\/strong> Une superbe adresses \u00e0 ne pas manquer !<\/p>\t\t\t\t\t\t\t\t<\/div>\n\t\t\t\t<\/div>\n\t\t\t\t<div class=\"elementor-element elementor-element-9950e1b elementor-widget elementor-widget-image\" data-id=\"9950e1b\" data-element_type=\"widget\" data-widget_type=\"image.default\">\n\t\t\t\t<div class=\"elementor-widget-container\">\n\t\t\t\t\t\t\t\t\t\t\t\t\t\t\t<img loading=\"lazy\" decoding=\"async\" width=\"1500\" height=\"1004\" src=\"https:\/\/www.jdroadtrip.tv\/blog\/wp-content\/uploads\/2021\/02\/Visiter-valencia-horchateria.jpg\" class=\"attachment-full size-full wp-image-42654\" alt=\"Visiter Valencia avec la Valencia Tourist Card - Go\u00fbter les sp\u00e9cialit\u00e9s\" srcset=\"https:\/\/www.jdroadtrip.tv\/blog\/wp-content\/uploads\/2021\/02\/Visiter-valencia-horchateria.jpg 1500w, https:\/\/www.jdroadtrip.tv\/blog\/wp-content\/uploads\/2021\/02\/Visiter-valencia-horchateria-300x201.jpg 300w, https:\/\/www.jdroadtrip.tv\/blog\/wp-content\/uploads\/2021\/02\/Visiter-valencia-horchateria-800x535.jpg 800w, https:\/\/www.jdroadtrip.tv\/blog\/wp-content\/uploads\/2021\/02\/Visiter-valencia-horchateria-250x167.jpg 250w, https:\/\/www.jdroadtrip.tv\/blog\/wp-content\/uploads\/2021\/02\/Visiter-valencia-horchateria-768x514.jpg 768w, https:\/\/www.jdroadtrip.tv\/blog\/wp-content\/uploads\/2021\/02\/Visiter-valencia-horchateria-1170x783.jpg 1170w, https:\/\/www.jdroadtrip.tv\/blog\/wp-content\/uploads\/2021\/02\/Visiter-valencia-horchateria-585x392.jpg 585w, https:\/\/www.jdroadtrip.tv\/blog\/wp-content\/uploads\/2021\/02\/Visiter-valencia-horchateria-263x175.jpg 263w\" sizes=\"(max-width: 1500px) 100vw, 1500px\" \/>\t\t\t\t\t\t\t\t\t\t\t\t\t\t\t<\/div>\n\t\t\t\t<\/div>\n\t\t\t\t\t<\/div>\n\t\t<\/div>\n\t\t\t\t\t<\/div>\n\t\t<\/section>\n\t\t\t\t\t<\/div>\n\t\t<\/div>\n\t\t\t\t\t<\/div>\n\t\t<\/section>\n\t\t\t\t<section class=\"elementor-section elementor-top-section elementor-element elementor-element-a8a6a66 elementor-section-boxed elementor-section-height-default elementor-section-height-default\" data-id=\"a8a6a66\" data-element_type=\"section\">\n\t\t\t\t\t\t<div class=\"elementor-container elementor-column-gap-default\">\n\t\t\t\t\t<div class=\"elementor-column elementor-col-100 elementor-top-column elementor-element elementor-element-48cb344\" data-id=\"48cb344\" data-element_type=\"column\">\n\t\t\t<div class=\"elementor-widget-wrap elementor-element-populated\">\n\t\t\t\t\t\t<section class=\"elementor-section elementor-inner-section elementor-element elementor-element-4be851f elementor-section-boxed elementor-section-height-default elementor-section-height-default\" data-id=\"4be851f\" data-element_type=\"section\" data-settings=\"{&quot;background_background&quot;:&quot;classic&quot;}\">\n\t\t\t\t\t\t<div class=\"elementor-container elementor-column-gap-default\">\n\t\t\t\t\t<div class=\"elementor-column elementor-col-50 elementor-inner-column elementor-element elementor-element-7afeb00\" data-id=\"7afeb00\" data-element_type=\"column\">\n\t\t\t<div class=\"elementor-widget-wrap elementor-element-populated\">\n\t\t\t\t\t\t<div class=\"elementor-element elementor-element-a469800 elementor-widget elementor-widget-text-editor\" data-id=\"a469800\" data-element_type=\"widget\" data-widget_type=\"text-editor.default\">\n\t\t\t\t<div class=\"elementor-widget-container\">\n\t\t\t\t\t\t\t\t\t<p style=\"text-align: justify;\"><span style=\"font-size: 14pt;\"><strong>ID\u00c9E DE VOYAGE, NON LOIN DE VALENCE<\/strong><\/span><\/p><p style=\"text-align: justify;\"><strong>L&rsquo;Espagne vous offre un choix de grandes villes \u00e0 d\u00e9couvrir<\/strong> comme Madrid, Barcelone, S\u00e9ville, Saint-Sebastian, Bilbao ou encore Santiago de Compostella. <br \/>Et bien s\u00fbr, vous avez <strong>divers pays frontaliers<\/strong> : Andorre, France, Portugal, prendre un ferry pour aller sur les diverses \u00eeles, rejoindre la Sardaigne, la Corse et pourquoi pas aller visiter le Maroc et plus particuli\u00e8rement Marrakech et ses alentours. Je vous partage plusieurs articles sur les pays cit\u00e9s ci-dessus, \u00e0 vous de faire le choix selon vos envies du moment.<\/p>\t\t\t\t\t\t\t\t<\/div>\n\t\t\t\t<\/div>\n\t\t\t\t\t<\/div>\n\t\t<\/div>\n\t\t\t\t<div class=\"elementor-column elementor-col-50 elementor-inner-column elementor-element elementor-element-2c8f5bb\" data-id=\"2c8f5bb\" data-element_type=\"column\">\n\t\t\t<div class=\"elementor-widget-wrap elementor-element-populated\">\n\t\t\t\t\t\t<div class=\"elementor-element elementor-element-5bd949d elementor-widget elementor-widget-text-editor\" data-id=\"5bd949d\" data-element_type=\"widget\" data-widget_type=\"text-editor.default\">\n\t\t\t\t<div class=\"elementor-widget-container\">\n\t\t\t\t\t\t\t\t\t<ul><li><strong><a href=\"https:\/\/www.jdroadtrip.tv\/blog\/bons-plans-visiter-barcelone-en-3-jours\/\" target=\"_blank\" rel=\"noopener\">Visiter Barcelone en 3 jours<\/a><\/strong><\/li><li><strong><a href=\"https:\/\/www.jdroadtrip.tv\/blog\/conseils-bons-plans-visiter-madrid-en-1-2-3-4-5-jours\/\" target=\"_blank\" rel=\"noopener\">Visiter Madrid<\/a><\/strong><\/li><li><strong><a href=\"https:\/\/www.jdroadtrip.tv\/blog\/visiter-andorre-en-3-jours-cirque-du-soleil\/\" target=\"_blank\" rel=\"noopener\">Visiter Andorre en 3 jours<\/a><\/strong><\/li><li><strong><a href=\"https:\/\/www.jdroadtrip.tv\/blog\/chemin-de-saint-jacques-de-compostelle-en-tant-que-femme-seule\/\" target=\"_blank\" rel=\"noopener\">Faire le chemin de Saint-Jacques de Compostelle<\/a><\/strong><\/li><li><strong><a href=\"https:\/\/www.jdroadtrip.tv\/blog\/visiter-porto-en-3-jours-vallee-du-douro\/\" target=\"_blank\" rel=\"noopener\">Visiter Porto en 3 jours<\/a><\/strong><\/li><li><strong><a href=\"https:\/\/www.jdroadtrip.tv\/blog\/conseils-pour-visiter-lisbonne-en-4-ou-5-jours\/\" target=\"_blank\" rel=\"noopener\">Visiter Lisbonne en 4 ou 5 jours<\/a><\/strong><\/li><li><a href=\"https:\/\/www.jdroadtrip.tv\/blog\/visiter-calvi-et-lile-rousse-region-balagne-corse\/\" target=\"_blank\" rel=\"noopener\"><strong>Visiter Calvi et l&rsquo;\u00cele Rousse<\/strong><\/a><\/li><li><strong><a href=\"https:\/\/www.jdroadtrip.tv\/blog\/week-end-pour-visiter-bastia-et-la-vallee-de-lasco-corse\/\" target=\"_blank\" rel=\"noopener\">Visiter Bastia<\/a><\/strong><\/li><li><strong><a href=\"https:\/\/www.jdroadtrip.tv\/blog\/voyager-seule-au-maroc-femme\/\" target=\"_blank\" rel=\"noopener\">Conseils pour visiter Marrakech<\/a><\/strong><\/li><\/ul>\t\t\t\t\t\t\t\t<\/div>\n\t\t\t\t<\/div>\n\t\t\t\t\t<\/div>\n\t\t<\/div>\n\t\t\t\t\t<\/div>\n\t\t<\/section>\n\t\t\t\t\t<\/div>\n\t\t<\/div>\n\t\t\t\t\t<\/div>\n\t\t<\/section>\n\t\t\t\t<section class=\"elementor-section elementor-top-section elementor-element elementor-element-b5a1598 elementor-section-boxed elementor-section-height-default elementor-section-height-default\" data-id=\"b5a1598\" data-element_type=\"section\">\n\t\t\t\t\t\t<div class=\"elementor-container elementor-column-gap-default\">\n\t\t\t\t\t<div class=\"elementor-column elementor-col-100 elementor-top-column elementor-element elementor-element-7ec80e1\" data-id=\"7ec80e1\" data-element_type=\"column\">\n\t\t\t<div class=\"elementor-widget-wrap elementor-element-populated\">\n\t\t\t\t\t\t<div class=\"elementor-element elementor-element-04864e6 elementor-widget-divider--view-line elementor-widget elementor-widget-global elementor-global-41411 elementor-widget-divider\" data-id=\"04864e6\" data-element_type=\"widget\" data-widget_type=\"divider.default\">\n\t\t\t\t<div class=\"elementor-widget-container\">\n\t\t\t\t\t\t\t<div class=\"elementor-divider\">\n\t\t\t<span class=\"elementor-divider-separator\">\n\t\t\t\t\t\t<\/span>\n\t\t<\/div>\n\t\t\t\t\t\t<\/div>\n\t\t\t\t<\/div>\n\t\t\t\t<div class=\"elementor-element elementor-element-7249408 elementor-widget elementor-widget-text-editor\" data-id=\"7249408\" data-element_type=\"widget\" data-widget_type=\"text-editor.default\">\n\t\t\t\t<div class=\"elementor-widget-container\">\n\t\t\t\t\t\t\t\t\t<p style=\"text-align: justify;\"><strong>Si vous avez des questions pour visiter Valence, n\u2019h\u00e9sitez pas \u00e0 laisser un commentaire pour poser votre question ou nous partager une conseils \/ bons plans. Si vous une femme qui voyage, je vous invite \u00e0 rejoindre le <a href=\"https:\/\/www.facebook.com\/groups\/Voyageraufeminin\" target=\"_blank\" rel=\"noopener noreferrer\">groupe de voyage 100% f\u00e9minin<\/a> !<\/strong><\/p><p style=\"text-align: center;\"><img loading=\"lazy\" decoding=\"async\" class=\"aligncenter wp-image-42732\" src=\"https:\/\/www.jdroadtrip.tv\/blog\/wp-content\/uploads\/2021\/02\/Visiter-valencia-pin.jpg\" alt=\"Visiter Valencia avec la Valencia Tourist Card\" width=\"400\" height=\"600\" srcset=\"https:\/\/www.jdroadtrip.tv\/blog\/wp-content\/uploads\/2021\/02\/Visiter-valencia-pin.jpg 564w, https:\/\/www.jdroadtrip.tv\/blog\/wp-content\/uploads\/2021\/02\/Visiter-valencia-pin-200x300.jpg 200w, https:\/\/www.jdroadtrip.tv\/blog\/wp-content\/uploads\/2021\/02\/Visiter-valencia-pin-400x600.jpg 400w, https:\/\/www.jdroadtrip.tv\/blog\/wp-content\/uploads\/2021\/02\/Visiter-valencia-pin-133x200.jpg 133w\" sizes=\"(max-width: 400px) 100vw, 400px\" \/><\/p>\t\t\t\t\t\t\t\t<\/div>\n\t\t\t\t<\/div>\n\t\t\t\t\t<\/div>\n\t\t<\/div>\n\t\t\t\t\t<\/div>\n\t\t<\/section>\n\t\t\t\t<\/div>\n\t\t","protected":false},"excerpt":{"rendered":"<p>Vivant \u00e0 Madrid depuis plusieurs mois, j&rsquo;ai profit\u00e9 d&rsquo;un long week-end pour aller visiter Valence en faisant un arr\u00eat dans la jolie ville de Cuenca. Munissez-vous de la Valencia Tourist Card, car beaucoup de lieux \u00e0 d\u00e9couvrir \u00e0 Valence, des sp\u00e9cialit\u00e9s \u00e9galement \u00e0 go\u00fbter car Valence est la r\u00e9gion de la paella donc les bonnes [&hellip;]<\/p>\n","protected":false},"author":1,"featured_media":42733,"comment_status":"open","ping_status":"open","sticky":false,"template":"","format":"standard","meta":{"ocean_post_layout":"","ocean_both_sidebars_style":"","ocean_both_sidebars_content_width":0,"ocean_both_sidebars_sidebars_width":0,"ocean_sidebar":"","ocean_second_sidebar":"","ocean_disable_margins":"enable","ocean_add_body_class":"","ocean_shortcode_before_top_bar":"","ocean_shortcode_after_top_bar":"","ocean_shortcode_before_header":"","ocean_shortcode_after_header":"","ocean_has_shortcode":"","ocean_shortcode_after_title":"","ocean_shortcode_before_footer_widgets":"","ocean_shortcode_after_footer_widgets":"","ocean_shortcode_before_footer_bottom":"","ocean_shortcode_after_footer_bottom":"","ocean_display_top_bar":"default","ocean_display_header":"default","ocean_header_style":"","ocean_center_header_left_menu":"","ocean_custom_header_template":"","ocean_custom_logo":0,"ocean_custom_retina_logo":0,"ocean_custom_logo_max_width":0,"ocean_custom_logo_tablet_max_width":0,"ocean_custom_logo_mobile_max_width":0,"ocean_custom_logo_max_height":0,"ocean_custom_logo_tablet_max_height":0,"ocean_custom_logo_mobile_max_height":0,"ocean_header_custom_menu":"","ocean_menu_typo_font_family":"","ocean_menu_typo_font_subset":"","ocean_menu_typo_font_size":0,"ocean_menu_typo_font_size_tablet":0,"ocean_menu_typo_font_size_mobile":0,"ocean_menu_typo_font_size_unit":"px","ocean_menu_typo_font_weight":"","ocean_menu_typo_font_weight_tablet":"","ocean_menu_typo_font_weight_mobile":"","ocean_menu_typo_transform":"","ocean_menu_typo_transform_tablet":"","ocean_menu_typo_transform_mobile":"","ocean_menu_typo_line_height":0,"ocean_menu_typo_line_height_tablet":0,"ocean_menu_typo_line_height_mobile":0,"ocean_menu_typo_line_height_unit":"","ocean_menu_typo_spacing":0,"ocean_menu_typo_spacing_tablet":0,"ocean_menu_typo_spacing_mobile":0,"ocean_menu_typo_spacing_unit":"","ocean_menu_link_color":"","ocean_menu_link_color_hover":"","ocean_menu_link_color_active":"","ocean_menu_link_background":"","ocean_menu_link_hover_background":"","ocean_menu_link_active_background":"","ocean_menu_social_links_bg":"","ocean_menu_social_hover_links_bg":"","ocean_menu_social_links_color":"","ocean_menu_social_hover_links_color":"","ocean_disable_title":"default","ocean_disable_heading":"default","ocean_post_title":"","ocean_post_subheading":"","ocean_post_title_style":"","ocean_post_title_background_color":"","ocean_post_title_background":0,"ocean_post_title_bg_image_position":"","ocean_post_title_bg_image_attachment":"","ocean_post_title_bg_image_repeat":"","ocean_post_title_bg_image_size":"","ocean_post_title_height":0,"ocean_post_title_bg_overlay":0.5,"ocean_post_title_bg_overlay_color":"","ocean_disable_breadcrumbs":"default","ocean_breadcrumbs_color":"","ocean_breadcrumbs_separator_color":"","ocean_breadcrumbs_links_color":"","ocean_breadcrumbs_links_hover_color":"","ocean_display_footer_widgets":"default","ocean_display_footer_bottom":"default","ocean_custom_footer_template":"","ocean_post_oembed":"","ocean_post_self_hosted_media":"","ocean_post_video_embed":"","ocean_link_format":"","ocean_link_format_target":"self","ocean_quote_format":"","ocean_quote_format_link":"post","ocean_gallery_link_images":"on","ocean_gallery_id":[],"footnotes":""},"categories":[743],"tags":[],"table_tags":[],"class_list":["post-42642","post","type-post","status-publish","format-standard","has-post-thumbnail","hentry","category-espagne","entry","has-media"],"yoast_head":"<!-- This site is optimized with the Yoast SEO Premium plugin v25.9 (Yoast SEO v25.9) - https:\/\/yoast.com\/wordpress\/plugins\/seo\/ -->\n<title>Visiter Valence : Que voir, que faire ? Lieux \u00e0 ne pas manquer<\/title>\n<meta name=\"description\" content=\"Visiter Valence en Espagne\u202f: Conseils pratique et incontournables comme la Cit\u00e9 des Arts et des Sciences ou la Lonja de la Seda...\" \/>\n<meta name=\"robots\" content=\"index, follow, max-snippet:-1, max-image-preview:large, max-video-preview:-1\" \/>\n<link rel=\"canonical\" href=\"https:\/\/www.jdroadtrip.tv\/blog\/visiter-valence-en-espagne\/\" \/>\n<meta property=\"og:locale\" content=\"fr_FR\" \/>\n<meta property=\"og:type\" content=\"article\" \/>\n<meta property=\"og:title\" content=\"Visiter Valence en Espagne : Que voir, que faire ? Lieux incontournables \u00e0 ne pas manquer\" \/>\n<meta property=\"og:description\" content=\"Visiter Valence en Espagne\u202f: Conseils pratique et incontournables comme la Cit\u00e9 des Arts et des Sciences ou la Lonja de la Seda...\" \/>\n<meta property=\"og:url\" content=\"https:\/\/www.jdroadtrip.tv\/blog\/visiter-valence-en-espagne\/\" \/>\n<meta property=\"og:site_name\" content=\"JDroadtrip - Blog de voyage pour voyager au f\u00e9minin !\" \/>\n<meta property=\"article:publisher\" content=\"https:\/\/www.facebook.com\/JDRoadTrip\" \/>\n<meta property=\"article:author\" content=\"https:\/\/www.facebook.com\/JDroadtrip\" \/>\n<meta property=\"article:published_time\" content=\"2021-02-10T10:15:47+00:00\" \/>\n<meta property=\"article:modified_time\" content=\"2025-07-11T06:51:11+00:00\" \/>\n<meta property=\"og:image\" content=\"https:\/\/www.jdroadtrip.tv\/blog\/wp-content\/uploads\/2021\/02\/Visiter-valencia-img.jpg\" \/>\n\t<meta property=\"og:image:width\" content=\"1500\" \/>\n\t<meta property=\"og:image:height\" content=\"963\" \/>\n\t<meta property=\"og:image:type\" content=\"image\/jpeg\" \/>\n<meta name=\"author\" content=\"Jenny Diab\" \/>\n<meta name=\"twitter:card\" content=\"summary_large_image\" \/>\n<meta name=\"twitter:creator\" content=\"@JDroadtrip\" \/>\n<meta name=\"twitter:site\" content=\"@JDroadtrip\" \/>\n<meta name=\"twitter:label1\" content=\"\u00c9crit par\" \/>\n\t<meta name=\"twitter:data1\" content=\"Jenny Diab\" \/>\n\t<meta name=\"twitter:label2\" content=\"Dur\u00e9e de lecture estim\u00e9e\" \/>\n\t<meta name=\"twitter:data2\" content=\"14 minutes\" \/>\n<script type=\"application\/ld+json\" class=\"yoast-schema-graph\">{\"@context\":\"https:\/\/schema.org\",\"@graph\":[{\"@type\":\"Article\",\"@id\":\"https:\/\/www.jdroadtrip.tv\/blog\/visiter-valence-en-espagne\/#article\",\"isPartOf\":{\"@id\":\"https:\/\/www.jdroadtrip.tv\/blog\/visiter-valence-en-espagne\/\"},\"author\":{\"name\":\"Jenny Diab\",\"@id\":\"https:\/\/www.jdroadtrip.tv\/blog\/#\/schema\/person\/d204bfc7d00ba74276391d8e42b58a3e\"},\"headline\":\"Visiter Valence en Espagne : Que voir, que faire ? Lieux incontournables \u00e0 ne pas manquer\",\"datePublished\":\"2021-02-10T10:15:47+00:00\",\"dateModified\":\"2025-07-11T06:51:11+00:00\",\"mainEntityOfPage\":{\"@id\":\"https:\/\/www.jdroadtrip.tv\/blog\/visiter-valence-en-espagne\/\"},\"wordCount\":2335,\"commentCount\":0,\"publisher\":{\"@id\":\"https:\/\/www.jdroadtrip.tv\/blog\/#organization\"},\"image\":{\"@id\":\"https:\/\/www.jdroadtrip.tv\/blog\/visiter-valence-en-espagne\/#primaryimage\"},\"thumbnailUrl\":\"https:\/\/www.jdroadtrip.tv\/blog\/wp-content\/uploads\/2021\/02\/Visiter-valencia-img.jpg\",\"articleSection\":[\"Espagne\"],\"inLanguage\":\"fr-FR\",\"potentialAction\":[{\"@type\":\"CommentAction\",\"name\":\"Comment\",\"target\":[\"https:\/\/www.jdroadtrip.tv\/blog\/visiter-valence-en-espagne\/#respond\"]}]},{\"@type\":\"WebPage\",\"@id\":\"https:\/\/www.jdroadtrip.tv\/blog\/visiter-valence-en-espagne\/\",\"url\":\"https:\/\/www.jdroadtrip.tv\/blog\/visiter-valence-en-espagne\/\",\"name\":\"Visiter Valence : Que voir, que faire ? Lieux \u00e0 ne pas manquer\",\"isPartOf\":{\"@id\":\"https:\/\/www.jdroadtrip.tv\/blog\/#website\"},\"primaryImageOfPage\":{\"@id\":\"https:\/\/www.jdroadtrip.tv\/blog\/visiter-valence-en-espagne\/#primaryimage\"},\"image\":{\"@id\":\"https:\/\/www.jdroadtrip.tv\/blog\/visiter-valence-en-espagne\/#primaryimage\"},\"thumbnailUrl\":\"https:\/\/www.jdroadtrip.tv\/blog\/wp-content\/uploads\/2021\/02\/Visiter-valencia-img.jpg\",\"datePublished\":\"2021-02-10T10:15:47+00:00\",\"dateModified\":\"2025-07-11T06:51:11+00:00\",\"description\":\"Visiter Valence en Espagne\u202f: Conseils pratique et incontournables comme la Cit\u00e9 des Arts et des Sciences ou la Lonja de la Seda...\",\"breadcrumb\":{\"@id\":\"https:\/\/www.jdroadtrip.tv\/blog\/visiter-valence-en-espagne\/#breadcrumb\"},\"inLanguage\":\"fr-FR\",\"potentialAction\":[{\"@type\":\"ReadAction\",\"target\":[\"https:\/\/www.jdroadtrip.tv\/blog\/visiter-valence-en-espagne\/\"]}]},{\"@type\":\"ImageObject\",\"inLanguage\":\"fr-FR\",\"@id\":\"https:\/\/www.jdroadtrip.tv\/blog\/visiter-valence-en-espagne\/#primaryimage\",\"url\":\"https:\/\/www.jdroadtrip.tv\/blog\/wp-content\/uploads\/2021\/02\/Visiter-valencia-img.jpg\",\"contentUrl\":\"https:\/\/www.jdroadtrip.tv\/blog\/wp-content\/uploads\/2021\/02\/Visiter-valencia-img.jpg\",\"width\":1500,\"height\":963},{\"@type\":\"BreadcrumbList\",\"@id\":\"https:\/\/www.jdroadtrip.tv\/blog\/visiter-valence-en-espagne\/#breadcrumb\",\"itemListElement\":[{\"@type\":\"ListItem\",\"position\":1,\"name\":\"Accueil\",\"item\":\"https:\/\/www.jdroadtrip.tv\/blog\/\"},{\"@type\":\"ListItem\",\"position\":2,\"name\":\"Visiter Valence en Espagne : Que voir, que faire ? Lieux incontournables \u00e0 ne pas manquer\"}]},{\"@type\":\"WebSite\",\"@id\":\"https:\/\/www.jdroadtrip.tv\/blog\/#website\",\"url\":\"https:\/\/www.jdroadtrip.tv\/blog\/\",\"name\":\"JDroadtrip - Blog de voyage au f\u00e9minin : Outdoor, Trek, Slow travel\",\"description\":\"M\u00e9dia pour voyager au f\u00e9minin\",\"publisher\":{\"@id\":\"https:\/\/www.jdroadtrip.tv\/blog\/#organization\"},\"alternateName\":\"JDroadtrip - Voyager au f\u00e9minin\",\"potentialAction\":[{\"@type\":\"SearchAction\",\"target\":{\"@type\":\"EntryPoint\",\"urlTemplate\":\"https:\/\/www.jdroadtrip.tv\/blog\/?s={search_term_string}\"},\"query-input\":{\"@type\":\"PropertyValueSpecification\",\"valueRequired\":true,\"valueName\":\"search_term_string\"}}],\"inLanguage\":\"fr-FR\"},{\"@type\":\"Organization\",\"@id\":\"https:\/\/www.jdroadtrip.tv\/blog\/#organization\",\"name\":\"JDroadtrip - Blog de voyage pour voyager au f\u00e9minin !\",\"alternateName\":\"JDroadtrip - Voyager au f\u00e9minin\",\"url\":\"https:\/\/www.jdroadtrip.tv\/blog\/\",\"logo\":{\"@type\":\"ImageObject\",\"inLanguage\":\"fr-FR\",\"@id\":\"https:\/\/www.jdroadtrip.tv\/blog\/#\/schema\/logo\/image\/\",\"url\":\"https:\/\/www.jdroadtrip.tv\/blog\/wp-content\/uploads\/2023\/08\/Logo-HD-petit.png\",\"contentUrl\":\"https:\/\/www.jdroadtrip.tv\/blog\/wp-content\/uploads\/2023\/08\/Logo-HD-petit.png\",\"width\":300,\"height\":300,\"caption\":\"JDroadtrip - Blog de voyage pour voyager au f\u00e9minin !\"},\"image\":{\"@id\":\"https:\/\/www.jdroadtrip.tv\/blog\/#\/schema\/logo\/image\/\"},\"sameAs\":[\"https:\/\/www.facebook.com\/JDRoadTrip\",\"https:\/\/x.com\/JDroadtrip\",\"https:\/\/instagram.com\/jdroadtrip\/\",\"http:\/\/www.linkedin.com\/in\/jennydiab\",\"https:\/\/www.pinterest.fr\/jdroadtrip\/\",\"https:\/\/www.youtube.com\/channel\/UCerVm4aMyTj9AxDDWmSx9_g\"],\"description\":\"Blog de voyage pour les femmes qui voyagent \u00e0 travers le monde.\",\"email\":\"contact@jdroadtrip.tv\",\"legalName\":\"Jenny Diab\",\"numberOfEmployees\":{\"@type\":\"QuantitativeValue\",\"minValue\":\"1\",\"maxValue\":\"10\"}},{\"@type\":\"Person\",\"@id\":\"https:\/\/www.jdroadtrip.tv\/blog\/#\/schema\/person\/d204bfc7d00ba74276391d8e42b58a3e\",\"name\":\"Jenny Diab\",\"image\":{\"@type\":\"ImageObject\",\"inLanguage\":\"fr-FR\",\"@id\":\"https:\/\/www.jdroadtrip.tv\/blog\/#\/schema\/person\/image\/\",\"url\":\"https:\/\/secure.gravatar.com\/avatar\/8c20b0655fdafee9c0df649069a458b1bde697487be3b0da4df8754f3de7042c?s=96&d=mm&r=g\",\"contentUrl\":\"https:\/\/secure.gravatar.com\/avatar\/8c20b0655fdafee9c0df649069a458b1bde697487be3b0da4df8754f3de7042c?s=96&d=mm&r=g\",\"caption\":\"Jenny Diab\"},\"description\":\"Cr\u00e9atrice du blog JDroadtrip.tv, je voyage seule \u00e0 travers le monde et je partage mes exp\u00e9riences de voyageuse solo. \u00c0 travers ce blog, je vous invite \u00e0 d\u00e9couvrir un maximum de bons plans et astuces (h\u00e9bergements, activit\u00e9s, restaurants, transports \u2026) pour pr\u00e9parer au mieux vos futurs voyages. Si vous \u00eates une fille qui voyage \u00e0 travers le monde, rejoignez la communaut\u00e9 Voyager au f\u00e9minin et si vous avez des questions, n'h\u00e9sitez pas \u00e0 \u00e0 me contacter. D\u00c9COUVREZ QUI SUIS-JE.\",\"sameAs\":[\"https:\/\/www.jdroadtrip.tv\",\"https:\/\/www.facebook.com\/JDroadtrip\",\"https:\/\/www.instagram.com\/jdroadtrip\/\",\"https:\/\/www.linkedin.com\/in\/jennydiab\",\"https:\/\/www.pinterest.com\/Jdroadtrip\",\"https:\/\/x.com\/JDroadtrip\"],\"url\":\"https:\/\/www.jdroadtrip.tv\/blog\/author\/jd\/\"}]}<\/script>\n<!-- \/ Yoast SEO Premium plugin. -->","yoast_head_json":{"title":"Visiter Valence : Que voir, que faire ? Lieux \u00e0 ne pas manquer","description":"Visiter Valence en Espagne\u202f: Conseils pratique et incontournables comme la Cit\u00e9 des Arts et des Sciences ou la Lonja de la Seda...","robots":{"index":"index","follow":"follow","max-snippet":"max-snippet:-1","max-image-preview":"max-image-preview:large","max-video-preview":"max-video-preview:-1"},"canonical":"https:\/\/www.jdroadtrip.tv\/blog\/visiter-valence-en-espagne\/","og_locale":"fr_FR","og_type":"article","og_title":"Visiter Valence en Espagne : Que voir, que faire ? Lieux incontournables \u00e0 ne pas manquer","og_description":"Visiter Valence en Espagne\u202f: Conseils pratique et incontournables comme la Cit\u00e9 des Arts et des Sciences ou la Lonja de la Seda...","og_url":"https:\/\/www.jdroadtrip.tv\/blog\/visiter-valence-en-espagne\/","og_site_name":"JDroadtrip - Blog de voyage pour voyager au f\u00e9minin !","article_publisher":"https:\/\/www.facebook.com\/JDRoadTrip","article_author":"https:\/\/www.facebook.com\/JDroadtrip","article_published_time":"2021-02-10T10:15:47+00:00","article_modified_time":"2025-07-11T06:51:11+00:00","og_image":[{"width":1500,"height":963,"url":"https:\/\/www.jdroadtrip.tv\/blog\/wp-content\/uploads\/2021\/02\/Visiter-valencia-img.jpg","type":"image\/jpeg"}],"author":"Jenny Diab","twitter_card":"summary_large_image","twitter_creator":"@JDroadtrip","twitter_site":"@JDroadtrip","twitter_misc":{"\u00c9crit par":"Jenny Diab","Dur\u00e9e de lecture estim\u00e9e":"14 minutes"},"schema":{"@context":"https:\/\/schema.org","@graph":[{"@type":"Article","@id":"https:\/\/www.jdroadtrip.tv\/blog\/visiter-valence-en-espagne\/#article","isPartOf":{"@id":"https:\/\/www.jdroadtrip.tv\/blog\/visiter-valence-en-espagne\/"},"author":{"name":"Jenny Diab","@id":"https:\/\/www.jdroadtrip.tv\/blog\/#\/schema\/person\/d204bfc7d00ba74276391d8e42b58a3e"},"headline":"Visiter Valence en Espagne : Que voir, que faire ? Lieux incontournables \u00e0 ne pas manquer","datePublished":"2021-02-10T10:15:47+00:00","dateModified":"2025-07-11T06:51:11+00:00","mainEntityOfPage":{"@id":"https:\/\/www.jdroadtrip.tv\/blog\/visiter-valence-en-espagne\/"},"wordCount":2335,"commentCount":0,"publisher":{"@id":"https:\/\/www.jdroadtrip.tv\/blog\/#organization"},"image":{"@id":"https:\/\/www.jdroadtrip.tv\/blog\/visiter-valence-en-espagne\/#primaryimage"},"thumbnailUrl":"https:\/\/www.jdroadtrip.tv\/blog\/wp-content\/uploads\/2021\/02\/Visiter-valencia-img.jpg","articleSection":["Espagne"],"inLanguage":"fr-FR","potentialAction":[{"@type":"CommentAction","name":"Comment","target":["https:\/\/www.jdroadtrip.tv\/blog\/visiter-valence-en-espagne\/#respond"]}]},{"@type":"WebPage","@id":"https:\/\/www.jdroadtrip.tv\/blog\/visiter-valence-en-espagne\/","url":"https:\/\/www.jdroadtrip.tv\/blog\/visiter-valence-en-espagne\/","name":"Visiter Valence : Que voir, que faire ? Lieux \u00e0 ne pas manquer","isPartOf":{"@id":"https:\/\/www.jdroadtrip.tv\/blog\/#website"},"primaryImageOfPage":{"@id":"https:\/\/www.jdroadtrip.tv\/blog\/visiter-valence-en-espagne\/#primaryimage"},"image":{"@id":"https:\/\/www.jdroadtrip.tv\/blog\/visiter-valence-en-espagne\/#primaryimage"},"thumbnailUrl":"https:\/\/www.jdroadtrip.tv\/blog\/wp-content\/uploads\/2021\/02\/Visiter-valencia-img.jpg","datePublished":"2021-02-10T10:15:47+00:00","dateModified":"2025-07-11T06:51:11+00:00","description":"Visiter Valence en Espagne\u202f: Conseils pratique et incontournables comme la Cit\u00e9 des Arts et des Sciences ou la Lonja de la Seda...","breadcrumb":{"@id":"https:\/\/www.jdroadtrip.tv\/blog\/visiter-valence-en-espagne\/#breadcrumb"},"inLanguage":"fr-FR","potentialAction":[{"@type":"ReadAction","target":["https:\/\/www.jdroadtrip.tv\/blog\/visiter-valence-en-espagne\/"]}]},{"@type":"ImageObject","inLanguage":"fr-FR","@id":"https:\/\/www.jdroadtrip.tv\/blog\/visiter-valence-en-espagne\/#primaryimage","url":"https:\/\/www.jdroadtrip.tv\/blog\/wp-content\/uploads\/2021\/02\/Visiter-valencia-img.jpg","contentUrl":"https:\/\/www.jdroadtrip.tv\/blog\/wp-content\/uploads\/2021\/02\/Visiter-valencia-img.jpg","width":1500,"height":963},{"@type":"BreadcrumbList","@id":"https:\/\/www.jdroadtrip.tv\/blog\/visiter-valence-en-espagne\/#breadcrumb","itemListElement":[{"@type":"ListItem","position":1,"name":"Accueil","item":"https:\/\/www.jdroadtrip.tv\/blog\/"},{"@type":"ListItem","position":2,"name":"Visiter Valence en Espagne : Que voir, que faire ? Lieux incontournables \u00e0 ne pas manquer"}]},{"@type":"WebSite","@id":"https:\/\/www.jdroadtrip.tv\/blog\/#website","url":"https:\/\/www.jdroadtrip.tv\/blog\/","name":"JDroadtrip - Blog de voyage au f\u00e9minin : Outdoor, Trek, Slow travel","description":"M\u00e9dia pour voyager au f\u00e9minin","publisher":{"@id":"https:\/\/www.jdroadtrip.tv\/blog\/#organization"},"alternateName":"JDroadtrip - Voyager au f\u00e9minin","potentialAction":[{"@type":"SearchAction","target":{"@type":"EntryPoint","urlTemplate":"https:\/\/www.jdroadtrip.tv\/blog\/?s={search_term_string}"},"query-input":{"@type":"PropertyValueSpecification","valueRequired":true,"valueName":"search_term_string"}}],"inLanguage":"fr-FR"},{"@type":"Organization","@id":"https:\/\/www.jdroadtrip.tv\/blog\/#organization","name":"JDroadtrip - Blog de voyage pour voyager au f\u00e9minin !","alternateName":"JDroadtrip - Voyager au f\u00e9minin","url":"https:\/\/www.jdroadtrip.tv\/blog\/","logo":{"@type":"ImageObject","inLanguage":"fr-FR","@id":"https:\/\/www.jdroadtrip.tv\/blog\/#\/schema\/logo\/image\/","url":"https:\/\/www.jdroadtrip.tv\/blog\/wp-content\/uploads\/2023\/08\/Logo-HD-petit.png","contentUrl":"https:\/\/www.jdroadtrip.tv\/blog\/wp-content\/uploads\/2023\/08\/Logo-HD-petit.png","width":300,"height":300,"caption":"JDroadtrip - Blog de voyage pour voyager au f\u00e9minin !"},"image":{"@id":"https:\/\/www.jdroadtrip.tv\/blog\/#\/schema\/logo\/image\/"},"sameAs":["https:\/\/www.facebook.com\/JDRoadTrip","https:\/\/x.com\/JDroadtrip","https:\/\/instagram.com\/jdroadtrip\/","http:\/\/www.linkedin.com\/in\/jennydiab","https:\/\/www.pinterest.fr\/jdroadtrip\/","https:\/\/www.youtube.com\/channel\/UCerVm4aMyTj9AxDDWmSx9_g"],"description":"Blog de voyage pour les femmes qui voyagent \u00e0 travers le monde.","email":"contact@jdroadtrip.tv","legalName":"Jenny Diab","numberOfEmployees":{"@type":"QuantitativeValue","minValue":"1","maxValue":"10"}},{"@type":"Person","@id":"https:\/\/www.jdroadtrip.tv\/blog\/#\/schema\/person\/d204bfc7d00ba74276391d8e42b58a3e","name":"Jenny Diab","image":{"@type":"ImageObject","inLanguage":"fr-FR","@id":"https:\/\/www.jdroadtrip.tv\/blog\/#\/schema\/person\/image\/","url":"https:\/\/secure.gravatar.com\/avatar\/8c20b0655fdafee9c0df649069a458b1bde697487be3b0da4df8754f3de7042c?s=96&d=mm&r=g","contentUrl":"https:\/\/secure.gravatar.com\/avatar\/8c20b0655fdafee9c0df649069a458b1bde697487be3b0da4df8754f3de7042c?s=96&d=mm&r=g","caption":"Jenny Diab"},"description":"Cr\u00e9atrice du blog JDroadtrip.tv, je voyage seule \u00e0 travers le monde et je partage mes exp\u00e9riences de voyageuse solo. \u00c0 travers ce blog, je vous invite \u00e0 d\u00e9couvrir un maximum de bons plans et astuces (h\u00e9bergements, activit\u00e9s, restaurants, transports \u2026) pour pr\u00e9parer au mieux vos futurs voyages. Si vous \u00eates une fille qui voyage \u00e0 travers le monde, rejoignez la communaut\u00e9 Voyager au f\u00e9minin et si vous avez des questions, n'h\u00e9sitez pas \u00e0 \u00e0 me contacter. D\u00c9COUVREZ QUI SUIS-JE.","sameAs":["https:\/\/www.jdroadtrip.tv","https:\/\/www.facebook.com\/JDroadtrip","https:\/\/www.instagram.com\/jdroadtrip\/","https:\/\/www.linkedin.com\/in\/jennydiab","https:\/\/www.pinterest.com\/Jdroadtrip","https:\/\/x.com\/JDroadtrip"],"url":"https:\/\/www.jdroadtrip.tv\/blog\/author\/jd\/"}]}},"_links":{"self":[{"href":"https:\/\/www.jdroadtrip.tv\/blog\/wp-json\/wp\/v2\/posts\/42642","targetHints":{"allow":["GET"]}}],"collection":[{"href":"https:\/\/www.jdroadtrip.tv\/blog\/wp-json\/wp\/v2\/posts"}],"about":[{"href":"https:\/\/www.jdroadtrip.tv\/blog\/wp-json\/wp\/v2\/types\/post"}],"author":[{"embeddable":true,"href":"https:\/\/www.jdroadtrip.tv\/blog\/wp-json\/wp\/v2\/users\/1"}],"replies":[{"embeddable":true,"href":"https:\/\/www.jdroadtrip.tv\/blog\/wp-json\/wp\/v2\/comments?post=42642"}],"version-history":[{"count":0,"href":"https:\/\/www.jdroadtrip.tv\/blog\/wp-json\/wp\/v2\/posts\/42642\/revisions"}],"wp:featuredmedia":[{"embeddable":true,"href":"https:\/\/www.jdroadtrip.tv\/blog\/wp-json\/wp\/v2\/media\/42733"}],"wp:attachment":[{"href":"https:\/\/www.jdroadtrip.tv\/blog\/wp-json\/wp\/v2\/media?parent=42642"}],"wp:term":[{"taxonomy":"category","embeddable":true,"href":"https:\/\/www.jdroadtrip.tv\/blog\/wp-json\/wp\/v2\/categories?post=42642"},{"taxonomy":"post_tag","embeddable":true,"href":"https:\/\/www.jdroadtrip.tv\/blog\/wp-json\/wp\/v2\/tags?post=42642"},{"taxonomy":"table_tags","embeddable":true,"href":"https:\/\/www.jdroadtrip.tv\/blog\/wp-json\/wp\/v2\/table_tags?post=42642"}],"curies":[{"name":"wp","href":"https:\/\/api.w.org\/{rel}","templated":true}]}}