{"id":34694,"date":"2022-10-25T11:59:01","date_gmt":"2022-10-25T10:59:01","guid":{"rendered":"https:\/\/www.jdroadtrip.tv\/blog\/?p=34694"},"modified":"2025-08-07T12:20:26","modified_gmt":"2025-08-07T11:20:26","slug":"visiter-le-haut-languedoc-en-un-week-end-herault","status":"publish","type":"post","link":"https:\/\/www.jdroadtrip.tv\/blog\/visiter-le-haut-languedoc-en-un-week-end-herault\/","title":{"rendered":"Visiter le Haut-Languedoc en un week-end"},"content":{"rendered":"\t\t<div data-elementor-type=\"wp-post\" data-elementor-id=\"34694\" class=\"elementor elementor-34694\" data-elementor-post-type=\"post\">\n\t\t\t\t\t\t<section class=\"elementor-section elementor-top-section elementor-element elementor-element-6bff80e elementor-section-boxed elementor-section-height-default elementor-section-height-default\" data-id=\"6bff80e\" data-element_type=\"section\">\n\t\t\t\t\t\t<div class=\"elementor-container elementor-column-gap-default\">\n\t\t\t\t\t<div class=\"elementor-column elementor-col-100 elementor-top-column elementor-element elementor-element-1834b03\" data-id=\"1834b03\" data-element_type=\"column\">\n\t\t\t<div class=\"elementor-widget-wrap elementor-element-populated\">\n\t\t\t\t\t\t<div class=\"elementor-element elementor-element-27bd281 elementor-widget elementor-widget-heading\" data-id=\"27bd281\" data-element_type=\"widget\" data-widget_type=\"heading.default\">\n\t\t\t\t<div class=\"elementor-widget-container\">\n\t\t\t\t\t<h2 class=\"elementor-heading-title elementor-size-default\">Visiter le Haut-Languedoc en un week-end<\/h2>\t\t\t\t<\/div>\n\t\t\t\t<\/div>\n\t\t\t\t<section class=\"elementor-section elementor-inner-section elementor-element elementor-element-f22efc6 elementor-section-boxed elementor-section-height-default elementor-section-height-default\" data-id=\"f22efc6\" data-element_type=\"section\">\n\t\t\t\t\t\t<div class=\"elementor-container elementor-column-gap-default\">\n\t\t\t\t\t<div class=\"elementor-column elementor-col-100 elementor-inner-column elementor-element elementor-element-dc562c4\" data-id=\"dc562c4\" data-element_type=\"column\">\n\t\t\t<div class=\"elementor-widget-wrap elementor-element-populated\">\n\t\t\t\t\t\t<div class=\"elementor-element elementor-element-c9a3eaf elementor-widget elementor-widget-text-editor\" data-id=\"c9a3eaf\" data-element_type=\"widget\" data-widget_type=\"text-editor.default\">\n\t\t\t\t<div class=\"elementor-widget-container\">\n\t\t\t\t\t\t\t\t\t<p style=\"text-align: justify;\"><span style=\"font-size: 18pt;\"><em>Si vous recherchez \u00e0 faire un s\u00e9jour dans l&rsquo;H\u00e9rault, je vous invite \u00e0 <strong>visiter le Haut-Languedoc en un week-end<\/strong>. Une r\u00e9gion remplie d&rsquo;activit\u00e9s sportives, pour petits et grands, des spots absolument incroyables \u00e0 visiter et du bon vin pour les amateurs d&rsquo;oenotourisme.<\/em><\/span><\/p><p style=\"text-align: justify;\"><span style=\"font-size: 18pt;\"><em>Une jolie d\u00e9couverte de cette partie de l&rsquo;H\u00e9rault que je ne connaissais pas du tout, un vrai coup de c\u0153ur pour le Massif du Caroux que j&rsquo;aimerai beaucoup approfondir lors d&rsquo;une randonn\u00e9e en itin\u00e9rance. C&rsquo;est un joli terrain de jeu pour les amateurs de marche, je dois avouer que cela m&rsquo;a frustr\u00e9e de ne pas pouvoir grimper au haut du Massif pour admirer la vue. Pour le reste, cela vous donne un petit aper\u00e7u des choses \u00e0 faire et voir avec des ambiances diff\u00e9rentes et des chouettes adresses o\u00f9 manger.<\/em><\/span><\/p>\t\t\t\t\t\t\t\t<\/div>\n\t\t\t\t<\/div>\n\t\t\t\t<div class=\"elementor-element elementor-element-83e9aab elementor-widget elementor-widget-video\" data-id=\"83e9aab\" data-element_type=\"widget\" data-settings=\"{&quot;youtube_url&quot;:&quot;https:\\\/\\\/youtu.be\\\/5nfxL8kaM9s&quot;,&quot;video_type&quot;:&quot;youtube&quot;,&quot;controls&quot;:&quot;yes&quot;}\" data-widget_type=\"video.default\">\n\t\t\t\t<div class=\"elementor-widget-container\">\n\t\t\t\t\t\t\t<div class=\"elementor-wrapper elementor-open-inline\">\n\t\t\t<div class=\"elementor-video\"><\/div>\t\t<\/div>\n\t\t\t\t\t\t<\/div>\n\t\t\t\t<\/div>\n\t\t\t\t\t<\/div>\n\t\t<\/div>\n\t\t\t\t\t<\/div>\n\t\t<\/section>\n\t\t\t\t<div class=\"elementor-element elementor-element-f67d840 elementor-widget elementor-widget-image\" data-id=\"f67d840\" data-element_type=\"widget\" data-widget_type=\"image.default\">\n\t\t\t\t<div class=\"elementor-widget-container\">\n\t\t\t\t\t\t\t\t\t\t\t\t\t\t\t<img fetchpriority=\"high\" decoding=\"async\" width=\"1200\" height=\"800\" src=\"https:\/\/www.jdroadtrip.tv\/blog\/wp-content\/uploads\/2019\/09\/Week-end-Haut-Languedoc-19.jpg\" class=\"attachment-full size-full wp-image-34928\" alt=\"Visiter le Haut-Languedoc en un week-end - Carroux\" srcset=\"https:\/\/www.jdroadtrip.tv\/blog\/wp-content\/uploads\/2019\/09\/Week-end-Haut-Languedoc-19.jpg 1200w, https:\/\/www.jdroadtrip.tv\/blog\/wp-content\/uploads\/2019\/09\/Week-end-Haut-Languedoc-19-250x167.jpg 250w, https:\/\/www.jdroadtrip.tv\/blog\/wp-content\/uploads\/2019\/09\/Week-end-Haut-Languedoc-19-300x200.jpg 300w, https:\/\/www.jdroadtrip.tv\/blog\/wp-content\/uploads\/2019\/09\/Week-end-Haut-Languedoc-19-768x512.jpg 768w, https:\/\/www.jdroadtrip.tv\/blog\/wp-content\/uploads\/2019\/09\/Week-end-Haut-Languedoc-19-800x533.jpg 800w, https:\/\/www.jdroadtrip.tv\/blog\/wp-content\/uploads\/2019\/09\/Week-end-Haut-Languedoc-19-566x377.jpg 566w, https:\/\/www.jdroadtrip.tv\/blog\/wp-content\/uploads\/2019\/09\/Week-end-Haut-Languedoc-19-390x260.jpg 390w, https:\/\/www.jdroadtrip.tv\/blog\/wp-content\/uploads\/2019\/09\/Week-end-Haut-Languedoc-19-103x68.jpg 103w\" sizes=\"(max-width: 1200px) 100vw, 1200px\" \/>\t\t\t\t\t\t\t\t\t\t\t\t\t\t\t<\/div>\n\t\t\t\t<\/div>\n\t\t\t\t\t<\/div>\n\t\t<\/div>\n\t\t\t\t\t<\/div>\n\t\t<\/section>\n\t\t\t\t<section class=\"elementor-section elementor-top-section elementor-element elementor-element-808fe1c elementor-section-boxed elementor-section-height-default elementor-section-height-default\" data-id=\"808fe1c\" data-element_type=\"section\">\n\t\t\t\t\t\t<div class=\"elementor-container elementor-column-gap-default\">\n\t\t\t\t\t<div class=\"elementor-column elementor-col-100 elementor-top-column elementor-element elementor-element-b493cb5\" data-id=\"b493cb5\" data-element_type=\"column\">\n\t\t\t<div class=\"elementor-widget-wrap elementor-element-populated\">\n\t\t\t\t\t\t<div class=\"elementor-element elementor-element-e0727c0 elementor-widget elementor-widget-text-editor\" data-id=\"e0727c0\" data-element_type=\"widget\" data-widget_type=\"text-editor.default\">\n\t\t\t\t<div class=\"elementor-widget-container\">\n\t\t\t\t\t\t\t\t\t<h2 style=\"text-align: justify;\">Visite du village d&rsquo;Olargues<\/h2><p style=\"text-align: justify;\">La cit\u00e9 m\u00e9di\u00e9vale d&rsquo;Olargues est class\u00e9e parmi l&rsquo;un des Plus Beaux Villages de France. <strong>\u00c0 l&rsquo;\u00e9poque m\u00e9di\u00e9vale, l&#8217;embl\u00e8me du village est un chaudron, vous trouverez ce symbole un peu partout, \u00e0 vous de lever les yeux.<\/strong> Tout de pierre v\u00eatu, il y r\u00e8gne calme et s\u00e9r\u00e9nit\u00e9 comme beaucoup de petits villages. Ancienne cit\u00e9e fortifi\u00e9e, il ne reste qu&rsquo;une tour donjon avec en haut un clocher, d&rsquo;ici vous pourrez avoir une vue imprenable sur le massif du Caroux et sur le contrebas du village avec le pont du diable.<\/p><p style=\"text-align: justify;\">Si vous avez le projet de faire la <strong><a href=\"https:\/\/www.jdroadtrip.tv\/blog\/passa-pais-a-velo-voie-verte-lherault-tarn-bedarieux-mazamet\/\" target=\"_blank\" rel=\"noopener\">voie verte Passa Pa\u00efs<\/a><\/strong>, un itin\u00e9raire de 80 kilom\u00e8tres qui traverse le Haut-Languedoc, vous passez par plusieurs lieux, dont Olargues. L&rsquo;arriv\u00e9e sur le pont est sublime et vous donne un beau point de vue sur le village.<\/p>\t\t\t\t\t\t\t\t<\/div>\n\t\t\t\t<\/div>\n\t\t\t\t<div class=\"elementor-element elementor-element-caf6dfc elementor-widget elementor-widget-image\" data-id=\"caf6dfc\" data-element_type=\"widget\" data-widget_type=\"image.default\">\n\t\t\t\t<div class=\"elementor-widget-container\">\n\t\t\t\t\t\t\t\t\t\t\t\t\t\t\t<img decoding=\"async\" width=\"1200\" height=\"800\" src=\"https:\/\/www.jdroadtrip.tv\/blog\/wp-content\/uploads\/2019\/09\/Week-end-Haut-Languedoc-12.jpg\" class=\"attachment-full size-full wp-image-34921\" alt=\"Visiter le Haut-Languedoc en un week-end - Olargues\" srcset=\"https:\/\/www.jdroadtrip.tv\/blog\/wp-content\/uploads\/2019\/09\/Week-end-Haut-Languedoc-12.jpg 1200w, https:\/\/www.jdroadtrip.tv\/blog\/wp-content\/uploads\/2019\/09\/Week-end-Haut-Languedoc-12-250x167.jpg 250w, https:\/\/www.jdroadtrip.tv\/blog\/wp-content\/uploads\/2019\/09\/Week-end-Haut-Languedoc-12-300x200.jpg 300w, https:\/\/www.jdroadtrip.tv\/blog\/wp-content\/uploads\/2019\/09\/Week-end-Haut-Languedoc-12-768x512.jpg 768w, https:\/\/www.jdroadtrip.tv\/blog\/wp-content\/uploads\/2019\/09\/Week-end-Haut-Languedoc-12-800x533.jpg 800w, https:\/\/www.jdroadtrip.tv\/blog\/wp-content\/uploads\/2019\/09\/Week-end-Haut-Languedoc-12-566x377.jpg 566w, https:\/\/www.jdroadtrip.tv\/blog\/wp-content\/uploads\/2019\/09\/Week-end-Haut-Languedoc-12-390x260.jpg 390w, https:\/\/www.jdroadtrip.tv\/blog\/wp-content\/uploads\/2019\/09\/Week-end-Haut-Languedoc-12-103x68.jpg 103w\" sizes=\"(max-width: 1200px) 100vw, 1200px\" \/>\t\t\t\t\t\t\t\t\t\t\t\t\t\t\t<\/div>\n\t\t\t\t<\/div>\n\t\t\t\t<div class=\"elementor-element elementor-element-ea8129b elementor-widget elementor-widget-gallery\" data-id=\"ea8129b\" data-element_type=\"widget\" data-settings=\"{&quot;gallery_layout&quot;:&quot;masonry&quot;,&quot;columns&quot;:3,&quot;columns_tablet&quot;:3,&quot;columns_mobile&quot;:3,&quot;lazyload&quot;:&quot;yes&quot;,&quot;gap&quot;:{&quot;unit&quot;:&quot;px&quot;,&quot;size&quot;:10,&quot;sizes&quot;:[]},&quot;gap_tablet&quot;:{&quot;unit&quot;:&quot;px&quot;,&quot;size&quot;:10,&quot;sizes&quot;:[]},&quot;gap_mobile&quot;:{&quot;unit&quot;:&quot;px&quot;,&quot;size&quot;:10,&quot;sizes&quot;:[]},&quot;link_to&quot;:&quot;file&quot;,&quot;overlay_background&quot;:&quot;yes&quot;,&quot;content_hover_animation&quot;:&quot;fade-in&quot;}\" data-widget_type=\"gallery.default\">\n\t\t\t\t<div class=\"elementor-widget-container\">\n\t\t\t\t\t\t\t<div class=\"elementor-gallery__container\">\n\t\t\t\t\t\t\t<a class=\"e-gallery-item elementor-gallery-item elementor-animated-content\" href=\"https:\/\/www.jdroadtrip.tv\/blog\/wp-content\/uploads\/2019\/09\/Week-end-Haut-Languedoc-4.jpg\" data-elementor-open-lightbox=\"yes\" data-elementor-lightbox-slideshow=\"ea8129b\" data-elementor-lightbox-title=\"Week-end-Haut-Languedoc-4\" data-e-action-hash=\"#elementor-action%3Aaction%3Dlightbox%26settings%3DeyJpZCI6MzQ5MTMsInVybCI6Imh0dHBzOlwvXC93d3cuamRyb2FkdHJpcC50dlwvYmxvZ1wvd3AtY29udGVudFwvdXBsb2Fkc1wvMjAxOVwvMDlcL1dlZWstZW5kLUhhdXQtTGFuZ3VlZG9jLTQuanBnIiwic2xpZGVzaG93IjoiZWE4MTI5YiJ9\">\n\t\t\t\t\t<div class=\"e-gallery-image elementor-gallery-item__image\" data-thumbnail=\"https:\/\/www.jdroadtrip.tv\/blog\/wp-content\/uploads\/2019\/09\/Week-end-Haut-Languedoc-4.jpg\" data-width=\"1200\" data-height=\"1800\" aria-label=\"\" role=\"img\" ><\/div>\n\t\t\t\t\t\t\t\t\t\t\t<div class=\"elementor-gallery-item__overlay\"><\/div>\n\t\t\t\t\t\t\t\t\t\t\t\t\t\t<\/a>\n\t\t\t\t\t\t\t<a class=\"e-gallery-item elementor-gallery-item elementor-animated-content\" href=\"https:\/\/www.jdroadtrip.tv\/blog\/wp-content\/uploads\/2019\/09\/Week-end-Haut-Languedoc-5.jpg\" data-elementor-open-lightbox=\"yes\" data-elementor-lightbox-slideshow=\"ea8129b\" data-elementor-lightbox-title=\"Week-end-Haut-Languedoc-5\" data-e-action-hash=\"#elementor-action%3Aaction%3Dlightbox%26settings%3DeyJpZCI6MzQ5MTQsInVybCI6Imh0dHBzOlwvXC93d3cuamRyb2FkdHJpcC50dlwvYmxvZ1wvd3AtY29udGVudFwvdXBsb2Fkc1wvMjAxOVwvMDlcL1dlZWstZW5kLUhhdXQtTGFuZ3VlZG9jLTUuanBnIiwic2xpZGVzaG93IjoiZWE4MTI5YiJ9\">\n\t\t\t\t\t<div class=\"e-gallery-image elementor-gallery-item__image\" data-thumbnail=\"https:\/\/www.jdroadtrip.tv\/blog\/wp-content\/uploads\/2019\/09\/Week-end-Haut-Languedoc-5.jpg\" data-width=\"1200\" data-height=\"1800\" aria-label=\"\" role=\"img\" ><\/div>\n\t\t\t\t\t\t\t\t\t\t\t<div class=\"elementor-gallery-item__overlay\"><\/div>\n\t\t\t\t\t\t\t\t\t\t\t\t\t\t<\/a>\n\t\t\t\t\t\t\t<a class=\"e-gallery-item elementor-gallery-item elementor-animated-content\" href=\"https:\/\/www.jdroadtrip.tv\/blog\/wp-content\/uploads\/2019\/09\/Week-end-Haut-Languedoc-6.jpg\" data-elementor-open-lightbox=\"yes\" data-elementor-lightbox-slideshow=\"ea8129b\" data-elementor-lightbox-title=\"Week-end-Haut-Languedoc-6\" data-e-action-hash=\"#elementor-action%3Aaction%3Dlightbox%26settings%3DeyJpZCI6MzQ5MTUsInVybCI6Imh0dHBzOlwvXC93d3cuamRyb2FkdHJpcC50dlwvYmxvZ1wvd3AtY29udGVudFwvdXBsb2Fkc1wvMjAxOVwvMDlcL1dlZWstZW5kLUhhdXQtTGFuZ3VlZG9jLTYuanBnIiwic2xpZGVzaG93IjoiZWE4MTI5YiJ9\">\n\t\t\t\t\t<div class=\"e-gallery-image elementor-gallery-item__image\" data-thumbnail=\"https:\/\/www.jdroadtrip.tv\/blog\/wp-content\/uploads\/2019\/09\/Week-end-Haut-Languedoc-6.jpg\" data-width=\"1200\" data-height=\"1800\" aria-label=\"\" role=\"img\" ><\/div>\n\t\t\t\t\t\t\t\t\t\t\t<div class=\"elementor-gallery-item__overlay\"><\/div>\n\t\t\t\t\t\t\t\t\t\t\t\t\t\t<\/a>\n\t\t\t\t\t\t\t<a class=\"e-gallery-item elementor-gallery-item elementor-animated-content\" href=\"https:\/\/www.jdroadtrip.tv\/blog\/wp-content\/uploads\/2019\/09\/Week-end-Haut-Languedoc-2.jpg\" data-elementor-open-lightbox=\"yes\" data-elementor-lightbox-slideshow=\"ea8129b\" data-elementor-lightbox-title=\"Week-end-Haut-Languedoc-2\" data-e-action-hash=\"#elementor-action%3Aaction%3Dlightbox%26settings%3DeyJpZCI6MzQ5MTEsInVybCI6Imh0dHBzOlwvXC93d3cuamRyb2FkdHJpcC50dlwvYmxvZ1wvd3AtY29udGVudFwvdXBsb2Fkc1wvMjAxOVwvMDlcL1dlZWstZW5kLUhhdXQtTGFuZ3VlZG9jLTIuanBnIiwic2xpZGVzaG93IjoiZWE4MTI5YiJ9\">\n\t\t\t\t\t<div class=\"e-gallery-image elementor-gallery-item__image\" data-thumbnail=\"https:\/\/www.jdroadtrip.tv\/blog\/wp-content\/uploads\/2019\/09\/Week-end-Haut-Languedoc-2.jpg\" data-width=\"1200\" data-height=\"800\" aria-label=\"\" role=\"img\" ><\/div>\n\t\t\t\t\t\t\t\t\t\t\t<div class=\"elementor-gallery-item__overlay\"><\/div>\n\t\t\t\t\t\t\t\t\t\t\t\t\t\t<\/a>\n\t\t\t\t\t\t\t<a class=\"e-gallery-item elementor-gallery-item elementor-animated-content\" href=\"https:\/\/www.jdroadtrip.tv\/blog\/wp-content\/uploads\/2019\/09\/Week-end-Haut-Languedoc-3.jpg\" data-elementor-open-lightbox=\"yes\" data-elementor-lightbox-slideshow=\"ea8129b\" data-elementor-lightbox-title=\"Week-end-Haut-Languedoc-3\" data-e-action-hash=\"#elementor-action%3Aaction%3Dlightbox%26settings%3DeyJpZCI6MzQ5MTIsInVybCI6Imh0dHBzOlwvXC93d3cuamRyb2FkdHJpcC50dlwvYmxvZ1wvd3AtY29udGVudFwvdXBsb2Fkc1wvMjAxOVwvMDlcL1dlZWstZW5kLUhhdXQtTGFuZ3VlZG9jLTMuanBnIiwic2xpZGVzaG93IjoiZWE4MTI5YiJ9\">\n\t\t\t\t\t<div class=\"e-gallery-image elementor-gallery-item__image\" data-thumbnail=\"https:\/\/www.jdroadtrip.tv\/blog\/wp-content\/uploads\/2019\/09\/Week-end-Haut-Languedoc-3.jpg\" data-width=\"1200\" data-height=\"800\" aria-label=\"\" role=\"img\" ><\/div>\n\t\t\t\t\t\t\t\t\t\t\t<div class=\"elementor-gallery-item__overlay\"><\/div>\n\t\t\t\t\t\t\t\t\t\t\t\t\t\t<\/a>\n\t\t\t\t\t\t\t<a class=\"e-gallery-item elementor-gallery-item elementor-animated-content\" href=\"https:\/\/www.jdroadtrip.tv\/blog\/wp-content\/uploads\/2019\/09\/Week-end-Haut-Languedoc-8.jpg\" data-elementor-open-lightbox=\"yes\" data-elementor-lightbox-slideshow=\"ea8129b\" data-elementor-lightbox-title=\"Week-end-Haut-Languedoc-8\" data-e-action-hash=\"#elementor-action%3Aaction%3Dlightbox%26settings%3DeyJpZCI6MzQ5MTcsInVybCI6Imh0dHBzOlwvXC93d3cuamRyb2FkdHJpcC50dlwvYmxvZ1wvd3AtY29udGVudFwvdXBsb2Fkc1wvMjAxOVwvMDlcL1dlZWstZW5kLUhhdXQtTGFuZ3VlZG9jLTguanBnIiwic2xpZGVzaG93IjoiZWE4MTI5YiJ9\">\n\t\t\t\t\t<div class=\"e-gallery-image elementor-gallery-item__image\" data-thumbnail=\"https:\/\/www.jdroadtrip.tv\/blog\/wp-content\/uploads\/2019\/09\/Week-end-Haut-Languedoc-8.jpg\" data-width=\"1200\" data-height=\"800\" aria-label=\"\" role=\"img\" ><\/div>\n\t\t\t\t\t\t\t\t\t\t\t<div class=\"elementor-gallery-item__overlay\"><\/div>\n\t\t\t\t\t\t\t\t\t\t\t\t\t\t<\/a>\n\t\t\t\t\t\t\t<a class=\"e-gallery-item elementor-gallery-item elementor-animated-content\" href=\"https:\/\/www.jdroadtrip.tv\/blog\/wp-content\/uploads\/2019\/09\/Week-end-Haut-Languedoc-12.jpg\" data-elementor-open-lightbox=\"yes\" data-elementor-lightbox-slideshow=\"ea8129b\" data-elementor-lightbox-title=\"Week-end-Haut-Languedoc-12\" data-e-action-hash=\"#elementor-action%3Aaction%3Dlightbox%26settings%3DeyJpZCI6MzQ5MjEsInVybCI6Imh0dHBzOlwvXC93d3cuamRyb2FkdHJpcC50dlwvYmxvZ1wvd3AtY29udGVudFwvdXBsb2Fkc1wvMjAxOVwvMDlcL1dlZWstZW5kLUhhdXQtTGFuZ3VlZG9jLTEyLmpwZyIsInNsaWRlc2hvdyI6ImVhODEyOWIifQ%3D%3D\">\n\t\t\t\t\t<div class=\"e-gallery-image elementor-gallery-item__image\" data-thumbnail=\"https:\/\/www.jdroadtrip.tv\/blog\/wp-content\/uploads\/2019\/09\/Week-end-Haut-Languedoc-12.jpg\" data-width=\"1200\" data-height=\"800\" aria-label=\"Visiter le Haut-Languedoc en un week-end - Olargues\" role=\"img\" ><\/div>\n\t\t\t\t\t\t\t\t\t\t\t<div class=\"elementor-gallery-item__overlay\"><\/div>\n\t\t\t\t\t\t\t\t\t\t\t\t\t\t<\/a>\n\t\t\t\t\t\t\t<a class=\"e-gallery-item elementor-gallery-item elementor-animated-content\" href=\"https:\/\/www.jdroadtrip.tv\/blog\/wp-content\/uploads\/2019\/09\/Week-end-Haut-Languedoc-14.jpg\" data-elementor-open-lightbox=\"yes\" data-elementor-lightbox-slideshow=\"ea8129b\" data-elementor-lightbox-title=\"Week-end-Haut-Languedoc-14\" data-e-action-hash=\"#elementor-action%3Aaction%3Dlightbox%26settings%3DeyJpZCI6MzQ5MjMsInVybCI6Imh0dHBzOlwvXC93d3cuamRyb2FkdHJpcC50dlwvYmxvZ1wvd3AtY29udGVudFwvdXBsb2Fkc1wvMjAxOVwvMDlcL1dlZWstZW5kLUhhdXQtTGFuZ3VlZG9jLTE0LmpwZyIsInNsaWRlc2hvdyI6ImVhODEyOWIifQ%3D%3D\">\n\t\t\t\t\t<div class=\"e-gallery-image elementor-gallery-item__image\" data-thumbnail=\"https:\/\/www.jdroadtrip.tv\/blog\/wp-content\/uploads\/2019\/09\/Week-end-Haut-Languedoc-14.jpg\" data-width=\"1200\" data-height=\"800\" aria-label=\"\" role=\"img\" ><\/div>\n\t\t\t\t\t\t\t\t\t\t\t<div class=\"elementor-gallery-item__overlay\"><\/div>\n\t\t\t\t\t\t\t\t\t\t\t\t\t\t<\/a>\n\t\t\t\t\t\t\t<a class=\"e-gallery-item elementor-gallery-item elementor-animated-content\" href=\"https:\/\/www.jdroadtrip.tv\/blog\/wp-content\/uploads\/2019\/09\/Week-end-Haut-Languedoc-16.jpg\" data-elementor-open-lightbox=\"yes\" data-elementor-lightbox-slideshow=\"ea8129b\" data-elementor-lightbox-title=\"Week-end-Haut-Languedoc-16\" data-e-action-hash=\"#elementor-action%3Aaction%3Dlightbox%26settings%3DeyJpZCI6MzQ5MjUsInVybCI6Imh0dHBzOlwvXC93d3cuamRyb2FkdHJpcC50dlwvYmxvZ1wvd3AtY29udGVudFwvdXBsb2Fkc1wvMjAxOVwvMDlcL1dlZWstZW5kLUhhdXQtTGFuZ3VlZG9jLTE2LmpwZyIsInNsaWRlc2hvdyI6ImVhODEyOWIifQ%3D%3D\">\n\t\t\t\t\t<div class=\"e-gallery-image elementor-gallery-item__image\" data-thumbnail=\"https:\/\/www.jdroadtrip.tv\/blog\/wp-content\/uploads\/2019\/09\/Week-end-Haut-Languedoc-16.jpg\" data-width=\"1200\" data-height=\"800\" aria-label=\"\" role=\"img\" ><\/div>\n\t\t\t\t\t\t\t\t\t\t\t<div class=\"elementor-gallery-item__overlay\"><\/div>\n\t\t\t\t\t\t\t\t\t\t\t\t\t\t<\/a>\n\t\t\t\t\t<\/div>\n\t\t\t\t\t<\/div>\n\t\t\t\t<\/div>\n\t\t\t\t<div class=\"elementor-element elementor-element-60a5433 elementor-widget-divider--view-line elementor-widget elementor-widget-divider\" data-id=\"60a5433\" data-element_type=\"widget\" data-widget_type=\"divider.default\">\n\t\t\t\t<div class=\"elementor-widget-container\">\n\t\t\t\t\t\t\t<div class=\"elementor-divider\">\n\t\t\t<span class=\"elementor-divider-separator\">\n\t\t\t\t\t\t<\/span>\n\t\t<\/div>\n\t\t\t\t\t\t<\/div>\n\t\t\t\t<\/div>\n\t\t\t\t\t<\/div>\n\t\t<\/div>\n\t\t\t\t\t<\/div>\n\t\t<\/section>\n\t\t\t\t<section class=\"elementor-section elementor-top-section elementor-element elementor-element-3417354 elementor-section-boxed elementor-section-height-default elementor-section-height-default\" data-id=\"3417354\" data-element_type=\"section\">\n\t\t\t\t\t\t<div class=\"elementor-container elementor-column-gap-default\">\n\t\t\t\t\t<div class=\"elementor-column elementor-col-100 elementor-top-column elementor-element elementor-element-fdb394c\" data-id=\"fdb394c\" data-element_type=\"column\">\n\t\t\t<div class=\"elementor-widget-wrap elementor-element-populated\">\n\t\t\t\t\t\t<section class=\"elementor-section elementor-inner-section elementor-element elementor-element-35528b9 elementor-section-boxed elementor-section-height-default elementor-section-height-default\" data-id=\"35528b9\" data-element_type=\"section\">\n\t\t\t\t\t\t<div class=\"elementor-container elementor-column-gap-default\">\n\t\t\t\t\t<div class=\"elementor-column elementor-col-100 elementor-inner-column elementor-element elementor-element-b153b98\" data-id=\"b153b98\" data-element_type=\"column\">\n\t\t\t<div class=\"elementor-widget-wrap elementor-element-populated\">\n\t\t\t\t\t\t<div class=\"elementor-element elementor-element-6ab17cb elementor-widget elementor-widget-text-editor\" data-id=\"6ab17cb\" data-element_type=\"widget\" data-widget_type=\"text-editor.default\">\n\t\t\t\t<div class=\"elementor-widget-container\">\n\t\t\t\t\t\t\t\t\t<h2 style=\"text-align: justify;\">Pique-nique &amp; Via Ferrata de nuit<\/h2><p style=\"text-align: justify;\">Avant de s&rsquo;attaquer aux choses s\u00e9rieuses, nous avons mang\u00e9 juste au-dessus du spot de la Via ferrata avec une vue absolument magnifique, en prime un coucher de soleil sublime sur le Massif du Caroux. Au menu, des produits de l\u2019H\u00e9rault et du Tarn comme la bougnette que j&rsquo;avais d\u00e9j\u00e0 d\u00e9couverte lors de mon <strong><a href=\"https:\/\/www.jdroadtrip.tv\/blog\/week-end-dans-le-tarn-visiter-albi\/\" target=\"_blank\" rel=\"noopener noreferrer\">week-end dans le Tarn<\/a><\/strong>. Et le jus pomme gingembre par <strong><a href=\"https:\/\/www.la-bonne-energie.fr\" target=\"_blank\" rel=\"noopener noreferrer\">La bonne \u00e9nergie<\/a><\/strong> qui propose une gamme de d&rsquo;excellents produits pour une alimentation saine et \u00e9quilibr\u00e9e. Un vrai coup de c\u0153ur pour ce jus !<\/p><p style=\"text-align: justify;\"><strong>Passons aux vraies sensations, la Via Ferrata !<\/strong> C&rsquo;est une premi\u00e8re, de nuit aussi. <strong>C&rsquo;est la seule dans le Massif du Caroux et pour les adaptes des sensations fortes, je pense que de jour comme de nuit, c&rsquo;est \u00e0 faire.<\/strong> Pour vous donner des d\u00e9tails, j\u2019ai fait cette activit\u00e9 avec <strong><a href=\"https:\/\/www.acroroc.com\/activites\/via-ferrata-herault-caroux\/\" target=\"_blank\" rel=\"noopener noreferrer\">Acroroc<\/a><\/strong> et le parcours \u00e9tait : 1 ponts de singe, 1 pont tib\u00e9tain, 2tyroliennes (30m et 100m) et une ascension verticale de 20 m\u00e8tres qui m&rsquo;a permise de r\u00e9alise que je n&rsquo;avais pas de bras ahah. Si vous voulez admirer le vide, croyez-moi, vous allez aimer ! Un parcours qui dure environ 2h30.<\/p><p style=\"text-align: justify;\">Si je vous partage mon exp\u00e9rience, clairement, pour l&rsquo;instant, je n&rsquo;y retourne pas ! Je n&rsquo;ai pas eu sp\u00e9cialement peur de l&rsquo;activit\u00e9 en elle m\u00eame, je n&rsquo;ai aucun \u00e9quilibre, des chevilles tr\u00e8s flexibles et aucune force dans les bras. J&rsquo;avais donc peur de \u00e7a. La r\u00e9alit\u00e9, c&rsquo;est que j&rsquo;avais peur de moi m\u00eame \u00e0 ce moment-l\u00e0. J&rsquo;ai crisp\u00e9 mon corps et je n&rsquo;\u00e9tais pas du tout \u00e0 l&rsquo;aise avec l&rsquo;environnement. Et je ne sais pas si le fait qu&rsquo;il fasse nuit ou pas n&rsquo;a pas aid\u00e9. Je pense que si \u00e7a avait \u00e9t\u00e9 de jour, en voyant le parcours, j&rsquo;aurais cat\u00e9goriquement fait demi-tour. <strong>Apr\u00e8s, je suis contente de l&rsquo;avoir fait, j\u2019ai \u00e9t\u00e9 super bien encadr\u00e9, \u00e9quip\u00e9 et inform\u00e9. \u00c7a m&rsquo;a permis de r\u00e9aliser certaines de mes faiblesses mais aussi de les affronter.<\/strong><\/p>\t\t\t\t\t\t\t\t<\/div>\n\t\t\t\t<\/div>\n\t\t\t\t\t<\/div>\n\t\t<\/div>\n\t\t\t\t\t<\/div>\n\t\t<\/section>\n\t\t\t\t<div class=\"elementor-element elementor-element-2dcd316 elementor-widget elementor-widget-image\" data-id=\"2dcd316\" data-element_type=\"widget\" data-widget_type=\"image.default\">\n\t\t\t\t<div class=\"elementor-widget-container\">\n\t\t\t\t\t\t\t\t\t\t\t\t\t\t\t<img fetchpriority=\"high\" decoding=\"async\" width=\"1200\" height=\"800\" src=\"https:\/\/www.jdroadtrip.tv\/blog\/wp-content\/uploads\/2019\/09\/Week-end-Haut-Languedoc-19.jpg\" class=\"attachment-full size-full wp-image-34928\" alt=\"Visiter le Haut-Languedoc en un week-end - Carroux\" srcset=\"https:\/\/www.jdroadtrip.tv\/blog\/wp-content\/uploads\/2019\/09\/Week-end-Haut-Languedoc-19.jpg 1200w, https:\/\/www.jdroadtrip.tv\/blog\/wp-content\/uploads\/2019\/09\/Week-end-Haut-Languedoc-19-250x167.jpg 250w, https:\/\/www.jdroadtrip.tv\/blog\/wp-content\/uploads\/2019\/09\/Week-end-Haut-Languedoc-19-300x200.jpg 300w, https:\/\/www.jdroadtrip.tv\/blog\/wp-content\/uploads\/2019\/09\/Week-end-Haut-Languedoc-19-768x512.jpg 768w, https:\/\/www.jdroadtrip.tv\/blog\/wp-content\/uploads\/2019\/09\/Week-end-Haut-Languedoc-19-800x533.jpg 800w, https:\/\/www.jdroadtrip.tv\/blog\/wp-content\/uploads\/2019\/09\/Week-end-Haut-Languedoc-19-566x377.jpg 566w, https:\/\/www.jdroadtrip.tv\/blog\/wp-content\/uploads\/2019\/09\/Week-end-Haut-Languedoc-19-390x260.jpg 390w, https:\/\/www.jdroadtrip.tv\/blog\/wp-content\/uploads\/2019\/09\/Week-end-Haut-Languedoc-19-103x68.jpg 103w\" sizes=\"(max-width: 1200px) 100vw, 1200px\" \/>\t\t\t\t\t\t\t\t\t\t\t\t\t\t\t<\/div>\n\t\t\t\t<\/div>\n\t\t\t\t<div class=\"elementor-element elementor-element-cf5839f elementor-widget elementor-widget-gallery\" data-id=\"cf5839f\" data-element_type=\"widget\" data-settings=\"{&quot;gallery_layout&quot;:&quot;masonry&quot;,&quot;columns&quot;:3,&quot;columns_tablet&quot;:3,&quot;columns_mobile&quot;:3,&quot;lazyload&quot;:&quot;yes&quot;,&quot;gap&quot;:{&quot;unit&quot;:&quot;px&quot;,&quot;size&quot;:10,&quot;sizes&quot;:[]},&quot;gap_tablet&quot;:{&quot;unit&quot;:&quot;px&quot;,&quot;size&quot;:10,&quot;sizes&quot;:[]},&quot;gap_mobile&quot;:{&quot;unit&quot;:&quot;px&quot;,&quot;size&quot;:10,&quot;sizes&quot;:[]},&quot;link_to&quot;:&quot;file&quot;,&quot;overlay_background&quot;:&quot;yes&quot;,&quot;content_hover_animation&quot;:&quot;fade-in&quot;}\" data-widget_type=\"gallery.default\">\n\t\t\t\t<div class=\"elementor-widget-container\">\n\t\t\t\t\t\t\t<div class=\"elementor-gallery__container\">\n\t\t\t\t\t\t\t<a class=\"e-gallery-item elementor-gallery-item elementor-animated-content\" href=\"https:\/\/www.jdroadtrip.tv\/blog\/wp-content\/uploads\/2019\/09\/Week-end-Haut-Languedoc-18.jpg\" data-elementor-open-lightbox=\"yes\" data-elementor-lightbox-slideshow=\"cf5839f\" data-elementor-lightbox-title=\"Week-end-Haut-Languedoc-18\" data-e-action-hash=\"#elementor-action%3Aaction%3Dlightbox%26settings%3DeyJpZCI6MzQ5MjcsInVybCI6Imh0dHBzOlwvXC93d3cuamRyb2FkdHJpcC50dlwvYmxvZ1wvd3AtY29udGVudFwvdXBsb2Fkc1wvMjAxOVwvMDlcL1dlZWstZW5kLUhhdXQtTGFuZ3VlZG9jLTE4LmpwZyIsInNsaWRlc2hvdyI6ImNmNTgzOWYifQ%3D%3D\">\n\t\t\t\t\t<div class=\"e-gallery-image elementor-gallery-item__image\" data-thumbnail=\"https:\/\/www.jdroadtrip.tv\/blog\/wp-content\/uploads\/2019\/09\/Week-end-Haut-Languedoc-18.jpg\" data-width=\"1200\" data-height=\"800\" aria-label=\"\" role=\"img\" ><\/div>\n\t\t\t\t\t\t\t\t\t\t\t<div class=\"elementor-gallery-item__overlay\"><\/div>\n\t\t\t\t\t\t\t\t\t\t\t\t\t\t<\/a>\n\t\t\t\t\t\t\t<a class=\"e-gallery-item elementor-gallery-item elementor-animated-content\" href=\"https:\/\/www.jdroadtrip.tv\/blog\/wp-content\/uploads\/2019\/09\/Week-end-Haut-Languedoc-21.jpg\" data-elementor-open-lightbox=\"yes\" data-elementor-lightbox-slideshow=\"cf5839f\" data-elementor-lightbox-title=\"Week-end-Haut-Languedoc-21\" data-e-action-hash=\"#elementor-action%3Aaction%3Dlightbox%26settings%3DeyJpZCI6MzQ5MzAsInVybCI6Imh0dHBzOlwvXC93d3cuamRyb2FkdHJpcC50dlwvYmxvZ1wvd3AtY29udGVudFwvdXBsb2Fkc1wvMjAxOVwvMDlcL1dlZWstZW5kLUhhdXQtTGFuZ3VlZG9jLTIxLmpwZyIsInNsaWRlc2hvdyI6ImNmNTgzOWYifQ%3D%3D\">\n\t\t\t\t\t<div class=\"e-gallery-image elementor-gallery-item__image\" data-thumbnail=\"https:\/\/www.jdroadtrip.tv\/blog\/wp-content\/uploads\/2019\/09\/Week-end-Haut-Languedoc-21.jpg\" data-width=\"1200\" data-height=\"800\" aria-label=\"\" role=\"img\" ><\/div>\n\t\t\t\t\t\t\t\t\t\t\t<div class=\"elementor-gallery-item__overlay\"><\/div>\n\t\t\t\t\t\t\t\t\t\t\t\t\t\t<\/a>\n\t\t\t\t\t\t\t<a class=\"e-gallery-item elementor-gallery-item elementor-animated-content\" href=\"https:\/\/www.jdroadtrip.tv\/blog\/wp-content\/uploads\/2019\/09\/Week-end-Haut-Languedoc-17.jpg\" data-elementor-open-lightbox=\"yes\" data-elementor-lightbox-slideshow=\"cf5839f\" data-elementor-lightbox-title=\"Week-end-Haut-Languedoc-17\" data-e-action-hash=\"#elementor-action%3Aaction%3Dlightbox%26settings%3DeyJpZCI6MzQ5MjYsInVybCI6Imh0dHBzOlwvXC93d3cuamRyb2FkdHJpcC50dlwvYmxvZ1wvd3AtY29udGVudFwvdXBsb2Fkc1wvMjAxOVwvMDlcL1dlZWstZW5kLUhhdXQtTGFuZ3VlZG9jLTE3LmpwZyIsInNsaWRlc2hvdyI6ImNmNTgzOWYifQ%3D%3D\">\n\t\t\t\t\t<div class=\"e-gallery-image elementor-gallery-item__image\" data-thumbnail=\"https:\/\/www.jdroadtrip.tv\/blog\/wp-content\/uploads\/2019\/09\/Week-end-Haut-Languedoc-17.jpg\" data-width=\"1200\" data-height=\"800\" aria-label=\"Visiter le Haut-Languedoc\" role=\"img\" ><\/div>\n\t\t\t\t\t\t\t\t\t\t\t<div class=\"elementor-gallery-item__overlay\"><\/div>\n\t\t\t\t\t\t\t\t\t\t\t\t\t\t<\/a>\n\t\t\t\t\t<\/div>\n\t\t\t\t\t<\/div>\n\t\t\t\t<\/div>\n\t\t\t\t<div class=\"elementor-element elementor-element-aa35deb elementor-widget-divider--view-line elementor-widget elementor-widget-divider\" data-id=\"aa35deb\" data-element_type=\"widget\" data-widget_type=\"divider.default\">\n\t\t\t\t<div class=\"elementor-widget-container\">\n\t\t\t\t\t\t\t<div class=\"elementor-divider\">\n\t\t\t<span class=\"elementor-divider-separator\">\n\t\t\t\t\t\t<\/span>\n\t\t<\/div>\n\t\t\t\t\t\t<\/div>\n\t\t\t\t<\/div>\n\t\t\t\t\t<\/div>\n\t\t<\/div>\n\t\t\t\t\t<\/div>\n\t\t<\/section>\n\t\t\t\t<section class=\"elementor-section elementor-top-section elementor-element elementor-element-cffacbf elementor-section-boxed elementor-section-height-default elementor-section-height-default\" data-id=\"cffacbf\" data-element_type=\"section\">\n\t\t\t\t\t\t<div class=\"elementor-container elementor-column-gap-default\">\n\t\t\t\t\t<div class=\"elementor-column elementor-col-100 elementor-top-column elementor-element elementor-element-ec68dc3\" data-id=\"ec68dc3\" data-element_type=\"column\">\n\t\t\t<div class=\"elementor-widget-wrap elementor-element-populated\">\n\t\t\t\t\t\t<section class=\"elementor-section elementor-inner-section elementor-element elementor-element-498b433 elementor-section-boxed elementor-section-height-default elementor-section-height-default\" data-id=\"498b433\" data-element_type=\"section\">\n\t\t\t\t\t\t<div class=\"elementor-container elementor-column-gap-default\">\n\t\t\t\t\t<div class=\"elementor-column elementor-col-100 elementor-inner-column elementor-element elementor-element-d63a840\" data-id=\"d63a840\" data-element_type=\"column\">\n\t\t\t<div class=\"elementor-widget-wrap elementor-element-populated\">\n\t\t\t\t\t\t<div class=\"elementor-element elementor-element-181a994 elementor-widget elementor-widget-text-editor\" data-id=\"181a994\" data-element_type=\"widget\" data-widget_type=\"text-editor.default\">\n\t\t\t\t<div class=\"elementor-widget-container\">\n\t\t\t\t\t\t\t\t\t<h2 style=\"text-align: justify;\">V\u00e9lo dans les gorges d&rsquo;H\u00e9ric<\/h2><p style=\"text-align: justify;\"><strong>Une superbe balade \u00e0 faire dans les gorges d&rsquo;H\u00e9ric<\/strong>, surtout en cette p\u00e9riode de l&rsquo;ann\u00e9e. J&rsquo;\u00e9tais \u00e9quip\u00e9e d&rsquo;un VAE (V\u00e9lo Assistance \u00c9lectrique) lou\u00e9 \u00e0 <strong><a href=\"http:\/\/velo-caroux.fr\" target=\"_blank\" rel=\"noopener noreferrer\">Velo Caroux<\/a><\/strong>, autant se la couler douce pour aller jusqu&rsquo;au hameau d&rsquo;H\u00e9ric. \u00c7a grimpe l\u00e9g\u00e8rement, mais avec l\u2019assistance, c&rsquo;est relativement simple. Il est pr\u00e9f\u00e9rable d&rsquo;y aller t\u00f4t pour \u00e9viter les randonneurs, les coureurs et profiter des lieux en toute tranquillit\u00e9.<\/p><p style=\"text-align: justify;\">L&rsquo;\u00e9t\u00e9, l&rsquo;endroit est tr\u00e8s pris\u00e9 pour s&rsquo;y baigner. Les pierres blanches, l&rsquo;eau transparente, l&rsquo;envie de s&rsquo;y baigner est plus que forte, un peu fraiche, mais sous un soleil de plomb, il n&rsquo;y a pas d&rsquo;h\u00e9sitation. Un lieu incontournable si vous venez visiter le Haut-Languedoc en un\u00a0 week-end. Une autre activit\u00e9 \u00e0 faire dans le gorges, c&rsquo;est le Canyoning, je n&rsquo;ai jamais eu l&rsquo;opportunit\u00e9 de tester ce type d&rsquo;activit\u00e9 mais \u00e7a me plairait plut\u00f4t pas mal. Qui sait, peut-\u00eatre revenir aux gorges d&rsquo;H\u00e9ric avec cam\u00e9ra au poignet pour filmer cette exp\u00e9rience.<\/p><p style=\"text-align: justify;\">Arriver au petit hameau, pas grandes choses, il n&rsquo;y a pas d&rsquo;\u00e9glise, mais <strong>un g\u00eete pour passer une nuit au c\u0153ur des gorges<\/strong>. Un petit bar est \u00e9galement ouvert en pleine saison. Le chemin de randonn\u00e9e GR 7 passes par le hameau, moi qui vient de <strong><a href=\"https:\/\/www.jdroadtrip.tv\/blog\/chemin-de-saint-jacques-de-compostelle-en-tant-que-femme-seule\/\" target=\"_blank\" rel=\"noopener noreferrer\">faire le chemin de Saint-Jacques Compostelle en tant que femme seule<\/a><\/strong>, \u00e7a m&rsquo;a donn\u00e9 envie de faire le tour du Caroux.<\/p>\t\t\t\t\t\t\t\t<\/div>\n\t\t\t\t<\/div>\n\t\t\t\t<div class=\"elementor-element elementor-element-4929c6f elementor-widget elementor-widget-text-editor\" data-id=\"4929c6f\" data-element_type=\"widget\" data-widget_type=\"text-editor.default\">\n\t\t\t\t<div class=\"elementor-widget-container\">\n\t\t\t\t\t\t\t\t\t<p><span style=\"font-size: 14pt;\">France \u00e0 v\u00e9lo<\/span><\/p><ul><li><strong><a href=\"https:\/\/www.jdroadtrip.tv\/blog\/conseils-infos-faire-canal-du-midi-a-velo-6-jours\/\" target=\"_blank\" rel=\"noopener\">Canal du midi \u00e0 v\u00e9lo en 6 jours<\/a><\/strong><\/li><li><strong><a href=\"https:\/\/www.jdroadtrip.tv\/blog\/itineraire-canal-des-2-mers-a-velo\/\" target=\"_blank\" rel=\"noopener\">Canal des 2 mers<\/a><\/strong> &#8211; Toulouse \u00e0 Royan<\/li><li><strong><a href=\"https:\/\/www.jdroadtrip.tv\/blog\/itineraire-veloscenie-a-velo\/\" target=\"_blank\" rel=\"noopener\">V\u00e9losc\u00e9nie<\/a><\/strong> &#8211; Paris au Mont Saint-Michel<\/li><\/ul>\t\t\t\t\t\t\t\t<\/div>\n\t\t\t\t<\/div>\n\t\t\t\t\t<\/div>\n\t\t<\/div>\n\t\t\t\t\t<\/div>\n\t\t<\/section>\n\t\t\t\t<div class=\"elementor-element elementor-element-9bf02e9 elementor-widget elementor-widget-image\" data-id=\"9bf02e9\" data-element_type=\"widget\" data-widget_type=\"image.default\">\n\t\t\t\t<div class=\"elementor-widget-container\">\n\t\t\t\t\t\t\t\t\t\t\t\t\t\t\t<img decoding=\"async\" width=\"1200\" height=\"800\" src=\"https:\/\/www.jdroadtrip.tv\/blog\/wp-content\/uploads\/2019\/09\/Week-end-Haut-Languedoc-31.jpg\" class=\"attachment-full size-full wp-image-34940\" alt=\"Visiter le Haut-Languedoc - gorges d\u2019H\u00e9ric\" srcset=\"https:\/\/www.jdroadtrip.tv\/blog\/wp-content\/uploads\/2019\/09\/Week-end-Haut-Languedoc-31.jpg 1200w, https:\/\/www.jdroadtrip.tv\/blog\/wp-content\/uploads\/2019\/09\/Week-end-Haut-Languedoc-31-250x167.jpg 250w, https:\/\/www.jdroadtrip.tv\/blog\/wp-content\/uploads\/2019\/09\/Week-end-Haut-Languedoc-31-300x200.jpg 300w, https:\/\/www.jdroadtrip.tv\/blog\/wp-content\/uploads\/2019\/09\/Week-end-Haut-Languedoc-31-768x512.jpg 768w, https:\/\/www.jdroadtrip.tv\/blog\/wp-content\/uploads\/2019\/09\/Week-end-Haut-Languedoc-31-800x533.jpg 800w, https:\/\/www.jdroadtrip.tv\/blog\/wp-content\/uploads\/2019\/09\/Week-end-Haut-Languedoc-31-566x377.jpg 566w, https:\/\/www.jdroadtrip.tv\/blog\/wp-content\/uploads\/2019\/09\/Week-end-Haut-Languedoc-31-390x260.jpg 390w, https:\/\/www.jdroadtrip.tv\/blog\/wp-content\/uploads\/2019\/09\/Week-end-Haut-Languedoc-31-103x68.jpg 103w\" sizes=\"(max-width: 1200px) 100vw, 1200px\" \/>\t\t\t\t\t\t\t\t\t\t\t\t\t\t\t<\/div>\n\t\t\t\t<\/div>\n\t\t\t\t<div class=\"elementor-element elementor-element-2e0bb73 elementor-widget elementor-widget-gallery\" data-id=\"2e0bb73\" data-element_type=\"widget\" data-settings=\"{&quot;gallery_layout&quot;:&quot;masonry&quot;,&quot;columns&quot;:2,&quot;columns_tablet&quot;:3,&quot;columns_mobile&quot;:2,&quot;lazyload&quot;:&quot;yes&quot;,&quot;gap&quot;:{&quot;unit&quot;:&quot;px&quot;,&quot;size&quot;:10,&quot;sizes&quot;:[]},&quot;gap_tablet&quot;:{&quot;unit&quot;:&quot;px&quot;,&quot;size&quot;:10,&quot;sizes&quot;:[]},&quot;gap_mobile&quot;:{&quot;unit&quot;:&quot;px&quot;,&quot;size&quot;:10,&quot;sizes&quot;:[]},&quot;link_to&quot;:&quot;file&quot;,&quot;overlay_background&quot;:&quot;yes&quot;,&quot;content_hover_animation&quot;:&quot;fade-in&quot;}\" data-widget_type=\"gallery.default\">\n\t\t\t\t<div class=\"elementor-widget-container\">\n\t\t\t\t\t\t\t<div class=\"elementor-gallery__container\">\n\t\t\t\t\t\t\t<a class=\"e-gallery-item elementor-gallery-item elementor-animated-content\" href=\"https:\/\/www.jdroadtrip.tv\/blog\/wp-content\/uploads\/2019\/09\/Week-end-Haut-Languedoc-27.jpg\" data-elementor-open-lightbox=\"yes\" data-elementor-lightbox-slideshow=\"2e0bb73\" data-elementor-lightbox-title=\"Week-end-Haut-Languedoc-27\" data-e-action-hash=\"#elementor-action%3Aaction%3Dlightbox%26settings%3DeyJpZCI6MzQ5MzYsInVybCI6Imh0dHBzOlwvXC93d3cuamRyb2FkdHJpcC50dlwvYmxvZ1wvd3AtY29udGVudFwvdXBsb2Fkc1wvMjAxOVwvMDlcL1dlZWstZW5kLUhhdXQtTGFuZ3VlZG9jLTI3LmpwZyIsInNsaWRlc2hvdyI6IjJlMGJiNzMifQ%3D%3D\">\n\t\t\t\t\t<div class=\"e-gallery-image elementor-gallery-item__image\" data-thumbnail=\"https:\/\/www.jdroadtrip.tv\/blog\/wp-content\/uploads\/2019\/09\/Week-end-Haut-Languedoc-27.jpg\" data-width=\"1200\" data-height=\"800\" aria-label=\"\" role=\"img\" ><\/div>\n\t\t\t\t\t\t\t\t\t\t\t<div class=\"elementor-gallery-item__overlay\"><\/div>\n\t\t\t\t\t\t\t\t\t\t\t\t\t\t<\/a>\n\t\t\t\t\t\t\t<a class=\"e-gallery-item elementor-gallery-item elementor-animated-content\" href=\"https:\/\/www.jdroadtrip.tv\/blog\/wp-content\/uploads\/2019\/09\/Week-end-Haut-Languedoc-28.jpg\" data-elementor-open-lightbox=\"yes\" data-elementor-lightbox-slideshow=\"2e0bb73\" data-elementor-lightbox-title=\"Week-end-Haut-Languedoc-28\" data-e-action-hash=\"#elementor-action%3Aaction%3Dlightbox%26settings%3DeyJpZCI6MzQ5MzcsInVybCI6Imh0dHBzOlwvXC93d3cuamRyb2FkdHJpcC50dlwvYmxvZ1wvd3AtY29udGVudFwvdXBsb2Fkc1wvMjAxOVwvMDlcL1dlZWstZW5kLUhhdXQtTGFuZ3VlZG9jLTI4LmpwZyIsInNsaWRlc2hvdyI6IjJlMGJiNzMifQ%3D%3D\">\n\t\t\t\t\t<div class=\"e-gallery-image elementor-gallery-item__image\" data-thumbnail=\"https:\/\/www.jdroadtrip.tv\/blog\/wp-content\/uploads\/2019\/09\/Week-end-Haut-Languedoc-28.jpg\" data-width=\"1200\" data-height=\"800\" aria-label=\"\" role=\"img\" ><\/div>\n\t\t\t\t\t\t\t\t\t\t\t<div class=\"elementor-gallery-item__overlay\"><\/div>\n\t\t\t\t\t\t\t\t\t\t\t\t\t\t<\/a>\n\t\t\t\t\t\t\t<a class=\"e-gallery-item elementor-gallery-item elementor-animated-content\" href=\"https:\/\/www.jdroadtrip.tv\/blog\/wp-content\/uploads\/2019\/09\/Week-end-Haut-Languedoc-30.jpg\" data-elementor-open-lightbox=\"yes\" data-elementor-lightbox-slideshow=\"2e0bb73\" data-elementor-lightbox-title=\"Week-end-Haut-Languedoc-30\" data-e-action-hash=\"#elementor-action%3Aaction%3Dlightbox%26settings%3DeyJpZCI6MzQ5MzksInVybCI6Imh0dHBzOlwvXC93d3cuamRyb2FkdHJpcC50dlwvYmxvZ1wvd3AtY29udGVudFwvdXBsb2Fkc1wvMjAxOVwvMDlcL1dlZWstZW5kLUhhdXQtTGFuZ3VlZG9jLTMwLmpwZyIsInNsaWRlc2hvdyI6IjJlMGJiNzMifQ%3D%3D\">\n\t\t\t\t\t<div class=\"e-gallery-image elementor-gallery-item__image\" data-thumbnail=\"https:\/\/www.jdroadtrip.tv\/blog\/wp-content\/uploads\/2019\/09\/Week-end-Haut-Languedoc-30.jpg\" data-width=\"1200\" data-height=\"800\" aria-label=\"\" role=\"img\" ><\/div>\n\t\t\t\t\t\t\t\t\t\t\t<div class=\"elementor-gallery-item__overlay\"><\/div>\n\t\t\t\t\t\t\t\t\t\t\t\t\t\t<\/a>\n\t\t\t\t\t\t\t<a class=\"e-gallery-item elementor-gallery-item elementor-animated-content\" href=\"https:\/\/www.jdroadtrip.tv\/blog\/wp-content\/uploads\/2019\/09\/Week-end-Haut-Languedoc-31.jpg\" data-elementor-open-lightbox=\"yes\" data-elementor-lightbox-slideshow=\"2e0bb73\" data-elementor-lightbox-title=\"Week-end-Haut-Languedoc-31\" data-e-action-hash=\"#elementor-action%3Aaction%3Dlightbox%26settings%3DeyJpZCI6MzQ5NDAsInVybCI6Imh0dHBzOlwvXC93d3cuamRyb2FkdHJpcC50dlwvYmxvZ1wvd3AtY29udGVudFwvdXBsb2Fkc1wvMjAxOVwvMDlcL1dlZWstZW5kLUhhdXQtTGFuZ3VlZG9jLTMxLmpwZyIsInNsaWRlc2hvdyI6IjJlMGJiNzMifQ%3D%3D\">\n\t\t\t\t\t<div class=\"e-gallery-image elementor-gallery-item__image\" data-thumbnail=\"https:\/\/www.jdroadtrip.tv\/blog\/wp-content\/uploads\/2019\/09\/Week-end-Haut-Languedoc-31.jpg\" data-width=\"1200\" data-height=\"800\" aria-label=\"Visiter le Haut-Languedoc - gorges d\u2019H\u00e9ric\" role=\"img\" ><\/div>\n\t\t\t\t\t\t\t\t\t\t\t<div class=\"elementor-gallery-item__overlay\"><\/div>\n\t\t\t\t\t\t\t\t\t\t\t\t\t\t<\/a>\n\t\t\t\t\t\t\t<a class=\"e-gallery-item elementor-gallery-item elementor-animated-content\" href=\"https:\/\/www.jdroadtrip.tv\/blog\/wp-content\/uploads\/2019\/09\/Week-end-Haut-Languedoc-32.jpg\" data-elementor-open-lightbox=\"yes\" data-elementor-lightbox-slideshow=\"2e0bb73\" data-elementor-lightbox-title=\"Week-end-Haut-Languedoc-32\" data-e-action-hash=\"#elementor-action%3Aaction%3Dlightbox%26settings%3DeyJpZCI6MzQ5NDEsInVybCI6Imh0dHBzOlwvXC93d3cuamRyb2FkdHJpcC50dlwvYmxvZ1wvd3AtY29udGVudFwvdXBsb2Fkc1wvMjAxOVwvMDlcL1dlZWstZW5kLUhhdXQtTGFuZ3VlZG9jLTMyLmpwZyIsInNsaWRlc2hvdyI6IjJlMGJiNzMifQ%3D%3D\">\n\t\t\t\t\t<div class=\"e-gallery-image elementor-gallery-item__image\" data-thumbnail=\"https:\/\/www.jdroadtrip.tv\/blog\/wp-content\/uploads\/2019\/09\/Week-end-Haut-Languedoc-32.jpg\" data-width=\"1200\" data-height=\"800\" aria-label=\"\" role=\"img\" ><\/div>\n\t\t\t\t\t\t\t\t\t\t\t<div class=\"elementor-gallery-item__overlay\"><\/div>\n\t\t\t\t\t\t\t\t\t\t\t\t\t\t<\/a>\n\t\t\t\t\t\t\t<a class=\"e-gallery-item elementor-gallery-item elementor-animated-content\" href=\"https:\/\/www.jdroadtrip.tv\/blog\/wp-content\/uploads\/2019\/09\/Week-end-Haut-Languedoc-35.jpg\" data-elementor-open-lightbox=\"yes\" data-elementor-lightbox-slideshow=\"2e0bb73\" data-elementor-lightbox-title=\"Week-end-Haut-Languedoc-35\" data-e-action-hash=\"#elementor-action%3Aaction%3Dlightbox%26settings%3DeyJpZCI6MzQ5NDQsInVybCI6Imh0dHBzOlwvXC93d3cuamRyb2FkdHJpcC50dlwvYmxvZ1wvd3AtY29udGVudFwvdXBsb2Fkc1wvMjAxOVwvMDlcL1dlZWstZW5kLUhhdXQtTGFuZ3VlZG9jLTM1LmpwZyIsInNsaWRlc2hvdyI6IjJlMGJiNzMifQ%3D%3D\">\n\t\t\t\t\t<div class=\"e-gallery-image elementor-gallery-item__image\" data-thumbnail=\"https:\/\/www.jdroadtrip.tv\/blog\/wp-content\/uploads\/2019\/09\/Week-end-Haut-Languedoc-35.jpg\" data-width=\"1200\" data-height=\"800\" aria-label=\"\" role=\"img\" ><\/div>\n\t\t\t\t\t\t\t\t\t\t\t<div class=\"elementor-gallery-item__overlay\"><\/div>\n\t\t\t\t\t\t\t\t\t\t\t\t\t\t<\/a>\n\t\t\t\t\t<\/div>\n\t\t\t\t\t<\/div>\n\t\t\t\t<\/div>\n\t\t\t\t<div class=\"elementor-element elementor-element-ed6cdc8 elementor-widget-divider--view-line elementor-widget elementor-widget-divider\" data-id=\"ed6cdc8\" data-element_type=\"widget\" data-widget_type=\"divider.default\">\n\t\t\t\t<div class=\"elementor-widget-container\">\n\t\t\t\t\t\t\t<div class=\"elementor-divider\">\n\t\t\t<span class=\"elementor-divider-separator\">\n\t\t\t\t\t\t<\/span>\n\t\t<\/div>\n\t\t\t\t\t\t<\/div>\n\t\t\t\t<\/div>\n\t\t\t\t\t<\/div>\n\t\t<\/div>\n\t\t\t\t\t<\/div>\n\t\t<\/section>\n\t\t\t\t<section class=\"elementor-section elementor-top-section elementor-element elementor-element-39208da elementor-section-boxed elementor-section-height-default elementor-section-height-default\" data-id=\"39208da\" data-element_type=\"section\">\n\t\t\t\t\t\t<div class=\"elementor-container elementor-column-gap-default\">\n\t\t\t\t\t<div class=\"elementor-column elementor-col-100 elementor-top-column elementor-element elementor-element-94a19c4\" data-id=\"94a19c4\" data-element_type=\"column\">\n\t\t\t<div class=\"elementor-widget-wrap elementor-element-populated\">\n\t\t\t\t\t\t<div class=\"elementor-element elementor-element-9d2d4b2 elementor-widget elementor-widget-text-editor\" data-id=\"9d2d4b2\" data-element_type=\"widget\" data-widget_type=\"text-editor.default\">\n\t\t\t\t<div class=\"elementor-widget-container\">\n\t\t\t\t\t\t\t\t\t<h2 style=\"text-align: justify;\">Visite du ch\u00e2teau de Dio<\/h2><p style=\"text-align: justify;\">Quel magnifique ch\u00e2teau perch\u00e9 ! Le <strong><a href=\"https:\/\/www.chateaudedio.com\" target=\"_blank\" rel=\"noopener noreferrer\">ch\u00e2teau de Dio<\/a><\/strong><strong> class\u00e9 au titre des Monuments historiques<\/strong> domine le village de Dio-et-Valqui\u00e8res. Il est priv\u00e9, mais ouvert au public pour une visite guid\u00e9e et sonore entre juin et septembre. J&rsquo;ai \u00e9t\u00e9 bien frustr\u00e9e de ne pas pouvoir visiter l&rsquo;int\u00e9rieur. Les ext\u00e9rieurs ont \u00e9t\u00e9 compl\u00e8tement r\u00e9nov\u00e9s et s&rsquo;accordent parfaitement avec le lieu, tout est en ad\u00e9quation. Certaines b\u00e2tisses ont \u00e9t\u00e9 transform\u00e9es en g\u00eete, plut\u00f4t agr\u00e9ables d&rsquo;y dormir avec une vue imprenable sur cette terre rouge\u00e2tre.<\/p>\t\t\t\t\t\t\t\t<\/div>\n\t\t\t\t<\/div>\n\t\t\t\t<div class=\"elementor-element elementor-element-e652538 elementor-widget elementor-widget-image\" data-id=\"e652538\" data-element_type=\"widget\" data-widget_type=\"image.default\">\n\t\t\t\t<div class=\"elementor-widget-container\">\n\t\t\t\t\t\t\t\t\t\t\t\t\t\t\t<img loading=\"lazy\" decoding=\"async\" width=\"1200\" height=\"800\" src=\"https:\/\/www.jdroadtrip.tv\/blog\/wp-content\/uploads\/2019\/09\/Week-end-Haut-Languedoc-47.jpg\" class=\"attachment-full size-full wp-image-34956\" alt=\"visiter le Haut-Languedoc - Ch\u00e2teau de Dio\" srcset=\"https:\/\/www.jdroadtrip.tv\/blog\/wp-content\/uploads\/2019\/09\/Week-end-Haut-Languedoc-47.jpg 1200w, https:\/\/www.jdroadtrip.tv\/blog\/wp-content\/uploads\/2019\/09\/Week-end-Haut-Languedoc-47-250x167.jpg 250w, https:\/\/www.jdroadtrip.tv\/blog\/wp-content\/uploads\/2019\/09\/Week-end-Haut-Languedoc-47-300x200.jpg 300w, https:\/\/www.jdroadtrip.tv\/blog\/wp-content\/uploads\/2019\/09\/Week-end-Haut-Languedoc-47-768x512.jpg 768w, https:\/\/www.jdroadtrip.tv\/blog\/wp-content\/uploads\/2019\/09\/Week-end-Haut-Languedoc-47-800x533.jpg 800w, https:\/\/www.jdroadtrip.tv\/blog\/wp-content\/uploads\/2019\/09\/Week-end-Haut-Languedoc-47-566x377.jpg 566w, https:\/\/www.jdroadtrip.tv\/blog\/wp-content\/uploads\/2019\/09\/Week-end-Haut-Languedoc-47-390x260.jpg 390w, https:\/\/www.jdroadtrip.tv\/blog\/wp-content\/uploads\/2019\/09\/Week-end-Haut-Languedoc-47-103x68.jpg 103w\" sizes=\"(max-width: 1200px) 100vw, 1200px\" \/>\t\t\t\t\t\t\t\t\t\t\t\t\t\t\t<\/div>\n\t\t\t\t<\/div>\n\t\t\t\t<div class=\"elementor-element elementor-element-a54367d elementor-widget elementor-widget-gallery\" data-id=\"a54367d\" data-element_type=\"widget\" data-settings=\"{&quot;columns&quot;:2,&quot;columns_mobile&quot;:2,&quot;lazyload&quot;:&quot;yes&quot;,&quot;gallery_layout&quot;:&quot;grid&quot;,&quot;columns_tablet&quot;:2,&quot;gap&quot;:{&quot;unit&quot;:&quot;px&quot;,&quot;size&quot;:10,&quot;sizes&quot;:[]},&quot;gap_tablet&quot;:{&quot;unit&quot;:&quot;px&quot;,&quot;size&quot;:10,&quot;sizes&quot;:[]},&quot;gap_mobile&quot;:{&quot;unit&quot;:&quot;px&quot;,&quot;size&quot;:10,&quot;sizes&quot;:[]},&quot;link_to&quot;:&quot;file&quot;,&quot;aspect_ratio&quot;:&quot;3:2&quot;,&quot;overlay_background&quot;:&quot;yes&quot;,&quot;content_hover_animation&quot;:&quot;fade-in&quot;}\" data-widget_type=\"gallery.default\">\n\t\t\t\t<div class=\"elementor-widget-container\">\n\t\t\t\t\t\t\t<div class=\"elementor-gallery__container\">\n\t\t\t\t\t\t\t<a class=\"e-gallery-item elementor-gallery-item elementor-animated-content\" href=\"https:\/\/www.jdroadtrip.tv\/blog\/wp-content\/uploads\/2019\/09\/Week-end-Haut-Languedoc-41.jpg\" data-elementor-open-lightbox=\"yes\" data-elementor-lightbox-slideshow=\"a54367d\" data-elementor-lightbox-title=\"Week-end-Haut-Languedoc-41\" data-e-action-hash=\"#elementor-action%3Aaction%3Dlightbox%26settings%3DeyJpZCI6MzQ5NTAsInVybCI6Imh0dHBzOlwvXC93d3cuamRyb2FkdHJpcC50dlwvYmxvZ1wvd3AtY29udGVudFwvdXBsb2Fkc1wvMjAxOVwvMDlcL1dlZWstZW5kLUhhdXQtTGFuZ3VlZG9jLTQxLmpwZyIsInNsaWRlc2hvdyI6ImE1NDM2N2QifQ%3D%3D\">\n\t\t\t\t\t<div class=\"e-gallery-image elementor-gallery-item__image\" data-thumbnail=\"https:\/\/www.jdroadtrip.tv\/blog\/wp-content\/uploads\/2019\/09\/Week-end-Haut-Languedoc-41.jpg\" data-width=\"1200\" data-height=\"800\" aria-label=\"\" role=\"img\" ><\/div>\n\t\t\t\t\t\t\t\t\t\t\t<div class=\"elementor-gallery-item__overlay\"><\/div>\n\t\t\t\t\t\t\t\t\t\t\t\t\t\t<\/a>\n\t\t\t\t\t\t\t<a class=\"e-gallery-item elementor-gallery-item elementor-animated-content\" href=\"https:\/\/www.jdroadtrip.tv\/blog\/wp-content\/uploads\/2019\/09\/Week-end-Haut-Languedoc-42.jpg\" data-elementor-open-lightbox=\"yes\" data-elementor-lightbox-slideshow=\"a54367d\" data-elementor-lightbox-title=\"Week-end-Haut-Languedoc-42\" data-e-action-hash=\"#elementor-action%3Aaction%3Dlightbox%26settings%3DeyJpZCI6MzQ5NTEsInVybCI6Imh0dHBzOlwvXC93d3cuamRyb2FkdHJpcC50dlwvYmxvZ1wvd3AtY29udGVudFwvdXBsb2Fkc1wvMjAxOVwvMDlcL1dlZWstZW5kLUhhdXQtTGFuZ3VlZG9jLTQyLmpwZyIsInNsaWRlc2hvdyI6ImE1NDM2N2QifQ%3D%3D\">\n\t\t\t\t\t<div class=\"e-gallery-image elementor-gallery-item__image\" data-thumbnail=\"https:\/\/www.jdroadtrip.tv\/blog\/wp-content\/uploads\/2019\/09\/Week-end-Haut-Languedoc-42.jpg\" data-width=\"1200\" data-height=\"800\" aria-label=\"\" role=\"img\" ><\/div>\n\t\t\t\t\t\t\t\t\t\t\t<div class=\"elementor-gallery-item__overlay\"><\/div>\n\t\t\t\t\t\t\t\t\t\t\t\t\t\t<\/a>\n\t\t\t\t\t<\/div>\n\t\t\t\t\t<\/div>\n\t\t\t\t<\/div>\n\t\t\t\t<div class=\"elementor-element elementor-element-8a00d4f elementor-widget-divider--view-line elementor-widget elementor-widget-divider\" data-id=\"8a00d4f\" data-element_type=\"widget\" data-widget_type=\"divider.default\">\n\t\t\t\t<div class=\"elementor-widget-container\">\n\t\t\t\t\t\t\t<div class=\"elementor-divider\">\n\t\t\t<span class=\"elementor-divider-separator\">\n\t\t\t\t\t\t<\/span>\n\t\t<\/div>\n\t\t\t\t\t\t<\/div>\n\t\t\t\t<\/div>\n\t\t\t\t\t<\/div>\n\t\t<\/div>\n\t\t\t\t\t<\/div>\n\t\t<\/section>\n\t\t\t\t<section class=\"elementor-section elementor-top-section elementor-element elementor-element-611b889 elementor-section-boxed elementor-section-height-default elementor-section-height-default\" data-id=\"611b889\" data-element_type=\"section\">\n\t\t\t\t\t\t<div class=\"elementor-container elementor-column-gap-default\">\n\t\t\t\t\t<div class=\"elementor-column elementor-col-100 elementor-top-column elementor-element elementor-element-5fe8687\" data-id=\"5fe8687\" data-element_type=\"column\">\n\t\t\t<div class=\"elementor-widget-wrap elementor-element-populated\">\n\t\t\t\t\t\t<div class=\"elementor-element elementor-element-76b4e95 elementor-widget elementor-widget-text-editor\" data-id=\"76b4e95\" data-element_type=\"widget\" data-widget_type=\"text-editor.default\">\n\t\t\t\t<div class=\"elementor-widget-container\">\n\t\t\t\t\t\t\t\t\t<h2 style=\"text-align: justify;\">Bapt\u00eame de parapente<\/h2><p style=\"text-align: justify;\">C&rsquo;est l&rsquo;une des activit\u00e9s que j&rsquo;aurais voulu faire mais je vous avoue qu&rsquo;apr\u00e8s la Via Ferrata, j&rsquo;avais le corps en compote et je ne me sentais pas de faire ce bapt\u00eame. Ce n&rsquo;est que partie remise pour moi ! En tout cas, le spot \u00e9tait vraiment sympa, nous \u00e9tions pas loin du ch\u00e2teau de Dio. <strong>Quand le vent \u00e9tait au rendez-vous, une fois en l&rsquo;air, on pouvait apercevoir le lac du Salagou.<\/strong> Ce bapt\u00eame a \u00e9t\u00e9 propos\u00e9 par \u00c9ric Cantou, qui ne poss\u00e8de pas de site internet pour le moment, mais vous pouvez r\u00e9server votre vol \u00e0 l&rsquo;<strong><a href=\"http:\/\/www.tourisme.grandorb.fr\" target=\"_blank\" rel=\"noopener noreferrer\">office du tourisme du Grand Orb<\/a><\/strong>. Le tarif est de 90\u20ac pour 25 minutes de vol.<\/p>\t\t\t\t\t\t\t\t<\/div>\n\t\t\t\t<\/div>\n\t\t\t\t<div class=\"elementor-element elementor-element-8fb4b1d elementor-widget elementor-widget-gallery\" data-id=\"8fb4b1d\" data-element_type=\"widget\" data-settings=\"{&quot;columns&quot;:2,&quot;columns_mobile&quot;:2,&quot;lazyload&quot;:&quot;yes&quot;,&quot;gallery_layout&quot;:&quot;grid&quot;,&quot;columns_tablet&quot;:2,&quot;gap&quot;:{&quot;unit&quot;:&quot;px&quot;,&quot;size&quot;:10,&quot;sizes&quot;:[]},&quot;gap_tablet&quot;:{&quot;unit&quot;:&quot;px&quot;,&quot;size&quot;:10,&quot;sizes&quot;:[]},&quot;gap_mobile&quot;:{&quot;unit&quot;:&quot;px&quot;,&quot;size&quot;:10,&quot;sizes&quot;:[]},&quot;link_to&quot;:&quot;file&quot;,&quot;aspect_ratio&quot;:&quot;3:2&quot;,&quot;overlay_background&quot;:&quot;yes&quot;,&quot;content_hover_animation&quot;:&quot;fade-in&quot;}\" data-widget_type=\"gallery.default\">\n\t\t\t\t<div class=\"elementor-widget-container\">\n\t\t\t\t\t\t\t<div class=\"elementor-gallery__container\">\n\t\t\t\t\t\t\t<a class=\"e-gallery-item elementor-gallery-item elementor-animated-content\" href=\"https:\/\/www.jdroadtrip.tv\/blog\/wp-content\/uploads\/2019\/09\/Week-end-Haut-Languedoc-43.jpg\" data-elementor-open-lightbox=\"yes\" data-elementor-lightbox-slideshow=\"8fb4b1d\" data-elementor-lightbox-title=\"Week-end-Haut-Languedoc-43\" data-e-action-hash=\"#elementor-action%3Aaction%3Dlightbox%26settings%3DeyJpZCI6MzQ5NTIsInVybCI6Imh0dHBzOlwvXC93d3cuamRyb2FkdHJpcC50dlwvYmxvZ1wvd3AtY29udGVudFwvdXBsb2Fkc1wvMjAxOVwvMDlcL1dlZWstZW5kLUhhdXQtTGFuZ3VlZG9jLTQzLmpwZyIsInNsaWRlc2hvdyI6IjhmYjRiMWQifQ%3D%3D\">\n\t\t\t\t\t<div class=\"e-gallery-image elementor-gallery-item__image\" data-thumbnail=\"https:\/\/www.jdroadtrip.tv\/blog\/wp-content\/uploads\/2019\/09\/Week-end-Haut-Languedoc-43.jpg\" data-width=\"1200\" data-height=\"800\" aria-label=\"\" role=\"img\" ><\/div>\n\t\t\t\t\t\t\t\t\t\t\t<div class=\"elementor-gallery-item__overlay\"><\/div>\n\t\t\t\t\t\t\t\t\t\t\t\t\t\t<\/a>\n\t\t\t\t\t\t\t<a class=\"e-gallery-item elementor-gallery-item elementor-animated-content\" href=\"https:\/\/www.jdroadtrip.tv\/blog\/wp-content\/uploads\/2019\/09\/Week-end-Haut-Languedoc-44.jpg\" data-elementor-open-lightbox=\"yes\" data-elementor-lightbox-slideshow=\"8fb4b1d\" data-elementor-lightbox-title=\"Week-end-Haut-Languedoc-44\" data-e-action-hash=\"#elementor-action%3Aaction%3Dlightbox%26settings%3DeyJpZCI6MzQ5NTMsInVybCI6Imh0dHBzOlwvXC93d3cuamRyb2FkdHJpcC50dlwvYmxvZ1wvd3AtY29udGVudFwvdXBsb2Fkc1wvMjAxOVwvMDlcL1dlZWstZW5kLUhhdXQtTGFuZ3VlZG9jLTQ0LmpwZyIsInNsaWRlc2hvdyI6IjhmYjRiMWQifQ%3D%3D\">\n\t\t\t\t\t<div class=\"e-gallery-image elementor-gallery-item__image\" data-thumbnail=\"https:\/\/www.jdroadtrip.tv\/blog\/wp-content\/uploads\/2019\/09\/Week-end-Haut-Languedoc-44.jpg\" data-width=\"1200\" data-height=\"800\" aria-label=\"\" role=\"img\" ><\/div>\n\t\t\t\t\t\t\t\t\t\t\t<div class=\"elementor-gallery-item__overlay\"><\/div>\n\t\t\t\t\t\t\t\t\t\t\t\t\t\t<\/a>\n\t\t\t\t\t\t\t<a class=\"e-gallery-item elementor-gallery-item elementor-animated-content\" href=\"https:\/\/www.jdroadtrip.tv\/blog\/wp-content\/uploads\/2019\/09\/Week-end-Haut-Languedoc-45.jpg\" data-elementor-open-lightbox=\"yes\" data-elementor-lightbox-slideshow=\"8fb4b1d\" data-elementor-lightbox-title=\"Week-end-Haut-Languedoc-45\" data-e-action-hash=\"#elementor-action%3Aaction%3Dlightbox%26settings%3DeyJpZCI6MzQ5NTQsInVybCI6Imh0dHBzOlwvXC93d3cuamRyb2FkdHJpcC50dlwvYmxvZ1wvd3AtY29udGVudFwvdXBsb2Fkc1wvMjAxOVwvMDlcL1dlZWstZW5kLUhhdXQtTGFuZ3VlZG9jLTQ1LmpwZyIsInNsaWRlc2hvdyI6IjhmYjRiMWQifQ%3D%3D\">\n\t\t\t\t\t<div class=\"e-gallery-image elementor-gallery-item__image\" data-thumbnail=\"https:\/\/www.jdroadtrip.tv\/blog\/wp-content\/uploads\/2019\/09\/Week-end-Haut-Languedoc-45.jpg\" data-width=\"1200\" data-height=\"800\" aria-label=\"\" role=\"img\" ><\/div>\n\t\t\t\t\t\t\t\t\t\t\t<div class=\"elementor-gallery-item__overlay\"><\/div>\n\t\t\t\t\t\t\t\t\t\t\t\t\t\t<\/a>\n\t\t\t\t\t\t\t<a class=\"e-gallery-item elementor-gallery-item elementor-animated-content\" href=\"https:\/\/www.jdroadtrip.tv\/blog\/wp-content\/uploads\/2019\/09\/Week-end-Haut-Languedoc-46.jpg\" data-elementor-open-lightbox=\"yes\" data-elementor-lightbox-slideshow=\"8fb4b1d\" data-elementor-lightbox-title=\"Week-end-Haut-Languedoc-46\" data-e-action-hash=\"#elementor-action%3Aaction%3Dlightbox%26settings%3DeyJpZCI6MzQ5NTUsInVybCI6Imh0dHBzOlwvXC93d3cuamRyb2FkdHJpcC50dlwvYmxvZ1wvd3AtY29udGVudFwvdXBsb2Fkc1wvMjAxOVwvMDlcL1dlZWstZW5kLUhhdXQtTGFuZ3VlZG9jLTQ2LmpwZyIsInNsaWRlc2hvdyI6IjhmYjRiMWQifQ%3D%3D\">\n\t\t\t\t\t<div class=\"e-gallery-image elementor-gallery-item__image\" data-thumbnail=\"https:\/\/www.jdroadtrip.tv\/blog\/wp-content\/uploads\/2019\/09\/Week-end-Haut-Languedoc-46.jpg\" data-width=\"1200\" data-height=\"800\" aria-label=\"\" role=\"img\" ><\/div>\n\t\t\t\t\t\t\t\t\t\t\t<div class=\"elementor-gallery-item__overlay\"><\/div>\n\t\t\t\t\t\t\t\t\t\t\t\t\t\t<\/a>\n\t\t\t\t\t<\/div>\n\t\t\t\t\t<\/div>\n\t\t\t\t<\/div>\n\t\t\t\t<div class=\"elementor-element elementor-element-8bd7c90 elementor-widget-divider--view-line elementor-widget elementor-widget-divider\" data-id=\"8bd7c90\" data-element_type=\"widget\" data-widget_type=\"divider.default\">\n\t\t\t\t<div class=\"elementor-widget-container\">\n\t\t\t\t\t\t\t<div class=\"elementor-divider\">\n\t\t\t<span class=\"elementor-divider-separator\">\n\t\t\t\t\t\t<\/span>\n\t\t<\/div>\n\t\t\t\t\t\t<\/div>\n\t\t\t\t<\/div>\n\t\t\t\t\t<\/div>\n\t\t<\/div>\n\t\t\t\t\t<\/div>\n\t\t<\/section>\n\t\t\t\t<section class=\"elementor-section elementor-top-section elementor-element elementor-element-f8ea755 elementor-section-boxed elementor-section-height-default elementor-section-height-default\" data-id=\"f8ea755\" data-element_type=\"section\">\n\t\t\t\t\t\t<div class=\"elementor-container elementor-column-gap-default\">\n\t\t\t\t\t<div class=\"elementor-column elementor-col-100 elementor-top-column elementor-element elementor-element-e46f28c\" data-id=\"e46f28c\" data-element_type=\"column\">\n\t\t\t<div class=\"elementor-widget-wrap elementor-element-populated\">\n\t\t\t\t\t\t<section class=\"elementor-section elementor-inner-section elementor-element elementor-element-13a5e7a elementor-section-boxed elementor-section-height-default elementor-section-height-default\" data-id=\"13a5e7a\" data-element_type=\"section\">\n\t\t\t\t\t\t<div class=\"elementor-container elementor-column-gap-default\">\n\t\t\t\t\t<div class=\"elementor-column elementor-col-66 elementor-inner-column elementor-element elementor-element-b6e0646\" data-id=\"b6e0646\" data-element_type=\"column\">\n\t\t\t<div class=\"elementor-widget-wrap elementor-element-populated\">\n\t\t\t\t\t\t<div class=\"elementor-element elementor-element-94b8373 elementor-widget elementor-widget-text-editor\" data-id=\"94b8373\" data-element_type=\"widget\" data-widget_type=\"text-editor.default\">\n\t\t\t\t<div class=\"elementor-widget-container\">\n\t\t\t\t\t\t\t\t\t<h2 style=\"text-align: justify;\">Balade en bateau \u00e9lectrique sur le Canal du Midi<\/h2><p style=\"text-align: justify;\">Visiter le Haut-Languedoc en un week-end et terminer en douceur par une balade en bateau \u00e9lectrique sur le Canal du midi, c&rsquo;est chouette. <strong>Embarquement imm\u00e9diat sur ce bateau sans permis \u00e9lectrique au port de Capestang, une navigation calme et reposante, direction Poilhes.<\/strong><\/p><p style=\"text-align: justify;\">Une activit\u00e9 pour petits et grands, pas besoin de permis, juste de la bonne humeur. Durant ce moment de tranquillit\u00e9, on en profite pour faire une d\u00e9gustation des divers vins (blanc, ros\u00e9 et rouge) de <strong><a href=\"https:\/\/www.haut-languedoc-vignobles.com\/\" target=\"_blank\" rel=\"noopener noreferrer\">Haut-Languedoc Vignobles<\/a><\/strong>. Les paysages d\u00e9filent, mais ne se ressemblent pas.<\/p><p style=\"text-align: justify;\">On longe la voie verte sur l&rsquo;itin\u00e9raire cyclable du <strong><a href=\"https:\/\/www.jdroadtrip.tv\/blog\/itineraire-canal-des-2-mers-a-velo\/\" target=\"_blank\" rel=\"noopener\">Canal des 2 mers<\/a><\/strong>. Vous pouvez faire votre r\u00e9servation \u00e0 l&rsquo;<strong><a href=\"https:\/\/www.tourismecanaldumidi.fr\/\" target=\"_blank\" rel=\"noopener noreferrer\">office du tourisme du Canal du Midi<\/a><\/strong>.<\/p>\t\t\t\t\t\t\t\t<\/div>\n\t\t\t\t<\/div>\n\t\t\t\t\t<\/div>\n\t\t<\/div>\n\t\t\t\t<div class=\"elementor-column elementor-col-33 elementor-inner-column elementor-element elementor-element-645c685\" data-id=\"645c685\" data-element_type=\"column\">\n\t\t\t<div class=\"elementor-widget-wrap elementor-element-populated\">\n\t\t\t\t\t\t<div class=\"elementor-element elementor-element-a076c4a elementor-widget elementor-widget-text-editor\" data-id=\"a076c4a\" data-element_type=\"widget\" data-widget_type=\"text-editor.default\">\n\t\t\t\t<div class=\"elementor-widget-container\">\n\t\t\t\t\t\t\t\t\t<p><div class=\"oceanwp-oembed-wrap clr\"><blockquote class=\"wp-embedded-content\" data-secret=\"dg0da7EMLD\"><a href=\"https:\/\/www.jdroadtrip.tv\/blog\/conseils-infos-faire-canal-du-midi-a-velo-6-jours\/\">Conseils pour faire le Canal du Midi \u00e0 v\u00e9lo en 6 jours<\/a><\/blockquote><iframe class=\"wp-embedded-content\" sandbox=\"allow-scripts\" security=\"restricted\" style=\"position: absolute; clip: rect(1px, 1px, 1px, 1px);\" title=\"\u00ab\u00a0Conseils pour faire le Canal du Midi \u00e0 v\u00e9lo en 6 jours\u00a0\u00bb &#8212; JDroadtrip.tv\" src=\"https:\/\/www.jdroadtrip.tv\/blog\/conseils-infos-faire-canal-du-midi-a-velo-6-jours\/embed\/#?secret=7QuKrNhDPn#?secret=dg0da7EMLD\" data-secret=\"dg0da7EMLD\" width=\"600\" height=\"338\" frameborder=\"0\" marginwidth=\"0\" marginheight=\"0\" scrolling=\"no\"><\/iframe><\/div><\/p>\t\t\t\t\t\t\t\t<\/div>\n\t\t\t\t<\/div>\n\t\t\t\t\t<\/div>\n\t\t<\/div>\n\t\t\t\t\t<\/div>\n\t\t<\/section>\n\t\t\t\t<div class=\"elementor-element elementor-element-063b180 elementor-widget-divider--view-line elementor-widget elementor-widget-divider\" data-id=\"063b180\" data-element_type=\"widget\" data-widget_type=\"divider.default\">\n\t\t\t\t<div class=\"elementor-widget-container\">\n\t\t\t\t\t\t\t<div class=\"elementor-divider\">\n\t\t\t<span class=\"elementor-divider-separator\">\n\t\t\t\t\t\t<\/span>\n\t\t<\/div>\n\t\t\t\t\t\t<\/div>\n\t\t\t\t<\/div>\n\t\t\t\t\t<\/div>\n\t\t<\/div>\n\t\t\t\t\t<\/div>\n\t\t<\/section>\n\t\t\t\t<section class=\"elementor-section elementor-top-section elementor-element elementor-element-083e65e elementor-section-boxed elementor-section-height-default elementor-section-height-default\" data-id=\"083e65e\" data-element_type=\"section\">\n\t\t\t\t\t\t<div class=\"elementor-container elementor-column-gap-default\">\n\t\t\t\t\t<div class=\"elementor-column elementor-col-100 elementor-top-column elementor-element elementor-element-0be5d28\" data-id=\"0be5d28\" data-element_type=\"column\">\n\t\t\t<div class=\"elementor-widget-wrap elementor-element-populated\">\n\t\t\t\t\t\t<section class=\"elementor-section elementor-inner-section elementor-element elementor-element-f41dde9 elementor-section-boxed elementor-section-height-default elementor-section-height-default\" data-id=\"f41dde9\" data-element_type=\"section\">\n\t\t\t\t\t\t<div class=\"elementor-container elementor-column-gap-default\">\n\t\t\t\t\t<div class=\"elementor-column elementor-col-100 elementor-inner-column elementor-element elementor-element-f9eb30a\" data-id=\"f9eb30a\" data-element_type=\"column\">\n\t\t\t<div class=\"elementor-widget-wrap elementor-element-populated\">\n\t\t\t\t\t\t<div class=\"elementor-element elementor-element-3a5160c elementor-widget elementor-widget-text-editor\" data-id=\"3a5160c\" data-element_type=\"widget\" data-widget_type=\"text-editor.default\">\n\t\t\t\t<div class=\"elementor-widget-container\">\n\t\t\t\t\t\t\t\t\t<h2 style=\"text-align: justify;\">O\u00f9 dormir dans le Haut-Languedoc ?<\/h2><p>Pour ma part, apr\u00e8s mon exp\u00e9rience d&rsquo;<strong><a href=\"https:\/\/www.jdroadtrip.tv\/blog\/hebergements-insolites-dans-les-alpes-du-leman\/\" target=\"_blank\" rel=\"noopener noreferrer\">h\u00e9bergements insolites dans les Alpes du L\u00e9man<\/a><\/strong>, j&rsquo;ai voulu tester \u00e0 nouveau une nuit dans une bulle.<\/p><p><strong>Cette fois-ci, j&rsquo;ai eu bien chaud, contempler les \u00e9toiles avant de dormir et se r\u00e9veiller avec le lever du soleil c&rsquo;est assez extraordinaire.<\/strong> C&rsquo;est une exp\u00e9rience que je recommande fortement. En tout cas, ici vous avez vraiment tout le confort n\u00e9cessaire. Un jacuzzi, une petite cuisine en ext\u00e9rieur, l&rsquo;\u00e9lectricit\u00e9 dans la bulle, je le pr\u00e9cise, car ce n&rsquo;est pas toujours le cas. Les douches et toilettes sont communes et \u00e0 l&rsquo;ext\u00e9rieur.\u00a0<\/p><p>Si vous venez visiter le Haut-Languedoc en un week-end, c&rsquo;est <strong>un super endroit pour se ressourcer et \u00eatre calme.<\/strong><\/p>\t\t\t\t\t\t\t\t<\/div>\n\t\t\t\t<\/div>\n\t\t\t\t<div class=\"elementor-element elementor-element-1be4d6a elementor-widget elementor-widget-text-editor\" data-id=\"1be4d6a\" data-element_type=\"widget\" data-widget_type=\"text-editor.default\">\n\t\t\t\t<div class=\"elementor-widget-container\">\n\t\t\t\t\t\t\t\t\t<p style=\"text-align: justify;\"><strong>Camping du Caroux<\/strong><\/p><p style=\"text-align: justify;\">Situ\u00e9 au c\u0153ur du Massif du Caroux, ce camping est vraiment top ! <strong>En plus de pouvoir installer votre tente ou camping-car, vous trouverez des h\u00e9bergements insolites<\/strong> : un d\u00f4me pour 2 personnes (entre 95\u20ac et 120\u20ac), la caravane vintage pour 2 \u00e0 3 personnes (entre 35\u20ac et 45\u20ac), et diverses lodges tentes pour 2 \u00e0 7 personnes.<\/p><p style=\"text-align: justify;\">Vous trouverez toutes les informations et tarifs n\u00e9cessaires sur le site du <strong><a href=\"https:\/\/www.campingducaroux.com\/\" target=\"_blank\" rel=\"noopener noreferrer\">Camping du Caroux<\/a><\/strong>.<\/p><p style=\"text-align: justify;\"><strong>Adresse :<\/strong> <em>Camping du Caroux, <span class=\"LrzXr\">34390 Mons<\/span>.<\/em><\/p>\t\t\t\t\t\t\t\t<\/div>\n\t\t\t\t<\/div>\n\t\t\t\t\t<\/div>\n\t\t<\/div>\n\t\t\t\t\t<\/div>\n\t\t<\/section>\n\t\t\t\t<div class=\"elementor-element elementor-element-4791868 elementor-widget elementor-widget-image\" data-id=\"4791868\" data-element_type=\"widget\" data-widget_type=\"image.default\">\n\t\t\t\t<div class=\"elementor-widget-container\">\n\t\t\t\t\t\t\t\t\t\t\t\t\t\t\t<img loading=\"lazy\" decoding=\"async\" width=\"1200\" height=\"800\" src=\"https:\/\/www.jdroadtrip.tv\/blog\/wp-content\/uploads\/2019\/09\/Week-end-Haut-Languedoc-22.jpg\" class=\"attachment-full size-full wp-image-34931\" alt=\"Camping Caroux\" srcset=\"https:\/\/www.jdroadtrip.tv\/blog\/wp-content\/uploads\/2019\/09\/Week-end-Haut-Languedoc-22.jpg 1200w, https:\/\/www.jdroadtrip.tv\/blog\/wp-content\/uploads\/2019\/09\/Week-end-Haut-Languedoc-22-250x167.jpg 250w, https:\/\/www.jdroadtrip.tv\/blog\/wp-content\/uploads\/2019\/09\/Week-end-Haut-Languedoc-22-300x200.jpg 300w, https:\/\/www.jdroadtrip.tv\/blog\/wp-content\/uploads\/2019\/09\/Week-end-Haut-Languedoc-22-768x512.jpg 768w, https:\/\/www.jdroadtrip.tv\/blog\/wp-content\/uploads\/2019\/09\/Week-end-Haut-Languedoc-22-800x533.jpg 800w, https:\/\/www.jdroadtrip.tv\/blog\/wp-content\/uploads\/2019\/09\/Week-end-Haut-Languedoc-22-566x377.jpg 566w, https:\/\/www.jdroadtrip.tv\/blog\/wp-content\/uploads\/2019\/09\/Week-end-Haut-Languedoc-22-390x260.jpg 390w, https:\/\/www.jdroadtrip.tv\/blog\/wp-content\/uploads\/2019\/09\/Week-end-Haut-Languedoc-22-103x68.jpg 103w\" sizes=\"(max-width: 1200px) 100vw, 1200px\" \/>\t\t\t\t\t\t\t\t\t\t\t\t\t\t\t<\/div>\n\t\t\t\t<\/div>\n\t\t\t\t<div class=\"elementor-element elementor-element-bc2ec03 elementor-widget elementor-widget-gallery\" data-id=\"bc2ec03\" data-element_type=\"widget\" data-settings=\"{&quot;columns&quot;:2,&quot;columns_mobile&quot;:2,&quot;lazyload&quot;:&quot;yes&quot;,&quot;gallery_layout&quot;:&quot;grid&quot;,&quot;columns_tablet&quot;:2,&quot;gap&quot;:{&quot;unit&quot;:&quot;px&quot;,&quot;size&quot;:10,&quot;sizes&quot;:[]},&quot;gap_tablet&quot;:{&quot;unit&quot;:&quot;px&quot;,&quot;size&quot;:10,&quot;sizes&quot;:[]},&quot;gap_mobile&quot;:{&quot;unit&quot;:&quot;px&quot;,&quot;size&quot;:10,&quot;sizes&quot;:[]},&quot;link_to&quot;:&quot;file&quot;,&quot;aspect_ratio&quot;:&quot;3:2&quot;,&quot;overlay_background&quot;:&quot;yes&quot;,&quot;content_hover_animation&quot;:&quot;fade-in&quot;}\" data-widget_type=\"gallery.default\">\n\t\t\t\t<div class=\"elementor-widget-container\">\n\t\t\t\t\t\t\t<div class=\"elementor-gallery__container\">\n\t\t\t\t\t\t\t<a class=\"e-gallery-item elementor-gallery-item elementor-animated-content\" href=\"https:\/\/www.jdroadtrip.tv\/blog\/wp-content\/uploads\/2019\/09\/Week-end-Haut-Languedoc-25.jpg\" data-elementor-open-lightbox=\"yes\" data-elementor-lightbox-slideshow=\"bc2ec03\" data-elementor-lightbox-title=\"Week-end-Haut-Languedoc-25\" data-e-action-hash=\"#elementor-action%3Aaction%3Dlightbox%26settings%3DeyJpZCI6MzQ5MzQsInVybCI6Imh0dHBzOlwvXC93d3cuamRyb2FkdHJpcC50dlwvYmxvZ1wvd3AtY29udGVudFwvdXBsb2Fkc1wvMjAxOVwvMDlcL1dlZWstZW5kLUhhdXQtTGFuZ3VlZG9jLTI1LmpwZyIsInNsaWRlc2hvdyI6ImJjMmVjMDMifQ%3D%3D\">\n\t\t\t\t\t<div class=\"e-gallery-image elementor-gallery-item__image\" data-thumbnail=\"https:\/\/www.jdroadtrip.tv\/blog\/wp-content\/uploads\/2019\/09\/Week-end-Haut-Languedoc-25.jpg\" data-width=\"1200\" data-height=\"800\" aria-label=\"\" role=\"img\" ><\/div>\n\t\t\t\t\t\t\t\t\t\t\t<div class=\"elementor-gallery-item__overlay\"><\/div>\n\t\t\t\t\t\t\t\t\t\t\t\t\t\t<\/a>\n\t\t\t\t\t\t\t<a class=\"e-gallery-item elementor-gallery-item elementor-animated-content\" href=\"https:\/\/www.jdroadtrip.tv\/blog\/wp-content\/uploads\/2019\/09\/Week-end-Haut-Languedoc-26.jpg\" data-elementor-open-lightbox=\"yes\" data-elementor-lightbox-slideshow=\"bc2ec03\" data-elementor-lightbox-title=\"Week-end-Haut-Languedoc-26\" data-e-action-hash=\"#elementor-action%3Aaction%3Dlightbox%26settings%3DeyJpZCI6MzQ5MzUsInVybCI6Imh0dHBzOlwvXC93d3cuamRyb2FkdHJpcC50dlwvYmxvZ1wvd3AtY29udGVudFwvdXBsb2Fkc1wvMjAxOVwvMDlcL1dlZWstZW5kLUhhdXQtTGFuZ3VlZG9jLTI2LmpwZyIsInNsaWRlc2hvdyI6ImJjMmVjMDMifQ%3D%3D\">\n\t\t\t\t\t<div class=\"e-gallery-image elementor-gallery-item__image\" data-thumbnail=\"https:\/\/www.jdroadtrip.tv\/blog\/wp-content\/uploads\/2019\/09\/Week-end-Haut-Languedoc-26.jpg\" data-width=\"1200\" data-height=\"800\" aria-label=\"\" role=\"img\" ><\/div>\n\t\t\t\t\t\t\t\t\t\t\t<div class=\"elementor-gallery-item__overlay\"><\/div>\n\t\t\t\t\t\t\t\t\t\t\t\t\t\t<\/a>\n\t\t\t\t\t<\/div>\n\t\t\t\t\t<\/div>\n\t\t\t\t<\/div>\n\t\t\t\t\t<\/div>\n\t\t<\/div>\n\t\t\t\t\t<\/div>\n\t\t<\/section>\n\t\t\t\t<section class=\"elementor-section elementor-top-section elementor-element elementor-element-20665bd elementor-section-boxed elementor-section-height-default elementor-section-height-default\" data-id=\"20665bd\" data-element_type=\"section\">\n\t\t\t\t\t\t<div class=\"elementor-container elementor-column-gap-default\">\n\t\t\t\t\t<div class=\"elementor-column elementor-col-100 elementor-top-column elementor-element elementor-element-d1217bf\" data-id=\"d1217bf\" data-element_type=\"column\">\n\t\t\t<div class=\"elementor-widget-wrap elementor-element-populated\">\n\t\t\t\t\t\t<section class=\"elementor-section elementor-inner-section elementor-element elementor-element-820d602 elementor-section-boxed elementor-section-height-default elementor-section-height-default\" data-id=\"820d602\" data-element_type=\"section\">\n\t\t\t\t\t\t<div class=\"elementor-container elementor-column-gap-default\">\n\t\t\t\t\t<div class=\"elementor-column elementor-col-100 elementor-inner-column elementor-element elementor-element-afab677\" data-id=\"afab677\" data-element_type=\"column\">\n\t\t\t<div class=\"elementor-widget-wrap elementor-element-populated\">\n\t\t\t\t\t\t<div class=\"elementor-element elementor-element-432495e elementor-widget elementor-widget-text-editor\" data-id=\"432495e\" data-element_type=\"widget\" data-widget_type=\"text-editor.default\">\n\t\t\t\t<div class=\"elementor-widget-container\">\n\t\t\t\t\t\t\t\t\t<p style=\"text-align: justify;\">On change compl\u00e8tement d&rsquo;ambiance, apr\u00e8s le Camping du Caroux. Je suis au <strong><a href=\"https:\/\/villagecastigno.com\/\" target=\"_blank\" rel=\"noopener noreferrer\">Village de Castigno<\/a><\/strong>, dans l&rsquo;une des chambres vendangeurs. \u00c7a peut en surprendre plus d&rsquo;un, mais j&rsquo;ai ador\u00e9 les chambres. <strong>C&rsquo;est tr\u00e8s girly mais, clairement faut aimer le rose<\/strong>, sinon c&rsquo;est un coup \u00e0 vouloir changer d&rsquo;endroit. Pour certains, \u00e7a sera too much, moi j&rsquo;ai trouv\u00e9 \u00e7a tr\u00e8s harmonieux, <strong>une d\u00e9coration simple et en ad\u00e9quat avec le concept du village<\/strong>. Peu importe l&rsquo;h\u00e9bergement o\u00f9 vous vous situez, vous avez acc\u00e8s \u00e0 la piscine. Le petit d\u00e9jeuner quant \u00e0 lui se prendra dans l&rsquo;un des restaurants au c\u0153ur du village.<\/p>\t\t\t\t\t\t\t\t<\/div>\n\t\t\t\t<\/div>\n\t\t\t\t<div class=\"elementor-element elementor-element-e9b3579 elementor-widget elementor-widget-text-editor\" data-id=\"e9b3579\" data-element_type=\"widget\" data-widget_type=\"text-editor.default\">\n\t\t\t\t<div class=\"elementor-widget-container\">\n\t\t\t\t\t\t\t\t\t<p style=\"text-align: justify;\"><strong>Village de Castigno<\/strong><\/p><p style=\"text-align: justify;\">Le village de Castigno propose des diff\u00e9rentes chambres :\u00a0 suites prestiges, suites juniors, chambres deluxe, chambres des vendangeurs et village rouge. Je logeais dans l&rsquo;une des chambres des vendangeurs ( \u00e0 partir de 130\u20ac).<\/p><p style=\"text-align: justify;\"><em><strong>Informations :<\/strong> <a href=\"https:\/\/www.booking.com\/hotel\/fr\/village-castigno-assignan.en.html?aid=1559594&amp;no_rooms=1&amp;group_adults=1\" target=\"_blank\" rel=\"noopener noreferrer\">Plus d&rsquo;informations ici<\/a>.<br \/><strong>Adresse :<\/strong> Rue des Ecoles34360 Assignan.<\/em><\/p>\t\t\t\t\t\t\t\t<\/div>\n\t\t\t\t<\/div>\n\t\t\t\t<div class=\"elementor-element elementor-element-7253ad5 elementor-widget elementor-widget-gallery\" data-id=\"7253ad5\" data-element_type=\"widget\" data-settings=\"{&quot;columns&quot;:2,&quot;lazyload&quot;:&quot;yes&quot;,&quot;gallery_layout&quot;:&quot;grid&quot;,&quot;columns_tablet&quot;:2,&quot;columns_mobile&quot;:1,&quot;gap&quot;:{&quot;unit&quot;:&quot;px&quot;,&quot;size&quot;:10,&quot;sizes&quot;:[]},&quot;gap_tablet&quot;:{&quot;unit&quot;:&quot;px&quot;,&quot;size&quot;:10,&quot;sizes&quot;:[]},&quot;gap_mobile&quot;:{&quot;unit&quot;:&quot;px&quot;,&quot;size&quot;:10,&quot;sizes&quot;:[]},&quot;link_to&quot;:&quot;file&quot;,&quot;aspect_ratio&quot;:&quot;3:2&quot;,&quot;overlay_background&quot;:&quot;yes&quot;,&quot;content_hover_animation&quot;:&quot;fade-in&quot;}\" data-widget_type=\"gallery.default\">\n\t\t\t\t<div class=\"elementor-widget-container\">\n\t\t\t\t\t\t\t<div class=\"elementor-gallery__container\">\n\t\t\t\t\t\t\t<a class=\"e-gallery-item elementor-gallery-item elementor-animated-content\" href=\"https:\/\/www.jdroadtrip.tv\/blog\/wp-content\/uploads\/2019\/09\/Week-end-Haut-Languedoc-48.jpg\" data-elementor-open-lightbox=\"yes\" data-elementor-lightbox-slideshow=\"7253ad5\" data-elementor-lightbox-title=\"Week-end-Haut-Languedoc-48\" data-e-action-hash=\"#elementor-action%3Aaction%3Dlightbox%26settings%3DeyJpZCI6MzQ5NTcsInVybCI6Imh0dHBzOlwvXC93d3cuamRyb2FkdHJpcC50dlwvYmxvZ1wvd3AtY29udGVudFwvdXBsb2Fkc1wvMjAxOVwvMDlcL1dlZWstZW5kLUhhdXQtTGFuZ3VlZG9jLTQ4LmpwZyIsInNsaWRlc2hvdyI6IjcyNTNhZDUifQ%3D%3D\">\n\t\t\t\t\t<div class=\"e-gallery-image elementor-gallery-item__image\" data-thumbnail=\"https:\/\/www.jdroadtrip.tv\/blog\/wp-content\/uploads\/2019\/09\/Week-end-Haut-Languedoc-48.jpg\" data-width=\"1200\" data-height=\"800\" aria-label=\"\" role=\"img\" ><\/div>\n\t\t\t\t\t\t\t\t\t\t\t<div class=\"elementor-gallery-item__overlay\"><\/div>\n\t\t\t\t\t\t\t\t\t\t\t\t\t\t<\/a>\n\t\t\t\t\t\t\t<a class=\"e-gallery-item elementor-gallery-item elementor-animated-content\" href=\"https:\/\/www.jdroadtrip.tv\/blog\/wp-content\/uploads\/2019\/09\/Week-end-Haut-Languedoc-49.jpg\" data-elementor-open-lightbox=\"yes\" data-elementor-lightbox-slideshow=\"7253ad5\" data-elementor-lightbox-title=\"Week-end-Haut-Languedoc-49\" data-e-action-hash=\"#elementor-action%3Aaction%3Dlightbox%26settings%3DeyJpZCI6MzQ5NTgsInVybCI6Imh0dHBzOlwvXC93d3cuamRyb2FkdHJpcC50dlwvYmxvZ1wvd3AtY29udGVudFwvdXBsb2Fkc1wvMjAxOVwvMDlcL1dlZWstZW5kLUhhdXQtTGFuZ3VlZG9jLTQ5LmpwZyIsInNsaWRlc2hvdyI6IjcyNTNhZDUifQ%3D%3D\">\n\t\t\t\t\t<div class=\"e-gallery-image elementor-gallery-item__image\" data-thumbnail=\"https:\/\/www.jdroadtrip.tv\/blog\/wp-content\/uploads\/2019\/09\/Week-end-Haut-Languedoc-49.jpg\" data-width=\"1200\" data-height=\"800\" aria-label=\"\" role=\"img\" ><\/div>\n\t\t\t\t\t\t\t\t\t\t\t<div class=\"elementor-gallery-item__overlay\"><\/div>\n\t\t\t\t\t\t\t\t\t\t\t\t\t\t<\/a>\n\t\t\t\t\t<\/div>\n\t\t\t\t\t<\/div>\n\t\t\t\t<\/div>\n\t\t\t\t\t<\/div>\n\t\t<\/div>\n\t\t\t\t\t<\/div>\n\t\t<\/section>\n\t\t\t\t<div class=\"elementor-element elementor-element-5711436 elementor-widget-divider--view-line elementor-widget elementor-widget-divider\" data-id=\"5711436\" data-element_type=\"widget\" data-widget_type=\"divider.default\">\n\t\t\t\t<div class=\"elementor-widget-container\">\n\t\t\t\t\t\t\t<div class=\"elementor-divider\">\n\t\t\t<span class=\"elementor-divider-separator\">\n\t\t\t\t\t\t<\/span>\n\t\t<\/div>\n\t\t\t\t\t\t<\/div>\n\t\t\t\t<\/div>\n\t\t\t\t\t<\/div>\n\t\t<\/div>\n\t\t\t\t\t<\/div>\n\t\t<\/section>\n\t\t\t\t<section class=\"elementor-section elementor-top-section elementor-element elementor-element-de1fb21 elementor-section-boxed elementor-section-height-default elementor-section-height-default\" data-id=\"de1fb21\" data-element_type=\"section\">\n\t\t\t\t\t\t<div class=\"elementor-container elementor-column-gap-default\">\n\t\t\t\t\t<div class=\"elementor-column elementor-col-100 elementor-top-column elementor-element elementor-element-5ac1976\" data-id=\"5ac1976\" data-element_type=\"column\">\n\t\t\t<div class=\"elementor-widget-wrap elementor-element-populated\">\n\t\t\t\t\t\t<div class=\"elementor-element elementor-element-8a054eb elementor-widget elementor-widget-text-editor\" data-id=\"8a054eb\" data-element_type=\"widget\" data-widget_type=\"text-editor.default\">\n\t\t\t\t<div class=\"elementor-widget-container\">\n\t\t\t\t\t\t\t\t\t<h2 style=\"text-align: justify;\">O\u00f9 manger dans le Haut-Languedoc ?<\/h2><ul><li style=\"text-align: justify;\"><strong>Ch\u00e2teau de Lunas<\/strong><br \/>Cet ancien ch\u00e2teau a \u00e9t\u00e9 transform\u00e9 en restaurant avec la carte des produits de la r\u00e9gion. Calme, au bord de la rivi\u00e8re de Gravezon, un moment agr\u00e9able pour d\u00e9jeuner. <strong>Des jolis plats color\u00e9s, app\u00e9tissants et l\u00e9gers<\/strong> pour continuer \u00e0 d\u00e9couvrir la r\u00e9gion. <strong><a href=\"http:\/\/www.restaurantchateaudelunas.com\/\" target=\"_blank\" rel=\"noopener noreferrer\">Le ch\u00e2teau de Lunas<\/a><\/strong> est une belle adresse o\u00f9 venir manger si vous venez visiter le Haut-Languedoc en un week-end.<br \/><strong>Adresse :<\/strong> <em>Ch\u00e2teau du Lunas, Rue du Cha\u0302teau, 34650 Lunas.<\/em><\/li><\/ul>\t\t\t\t\t\t\t\t<\/div>\n\t\t\t\t<\/div>\n\t\t\t\t<div class=\"elementor-element elementor-element-41470d4 elementor-widget elementor-widget-text-editor\" data-id=\"41470d4\" data-element_type=\"widget\" data-widget_type=\"text-editor.default\">\n\t\t\t\t<div class=\"elementor-widget-container\">\n\t\t\t\t\t\t\t\t\t<ul><li style=\"text-align: justify;\"><strong>Les Platanes<\/strong><br \/>Apr\u00e8s la balade en bateau \u00e9lectrique, un petit arr\u00eat \u00e0 Poilhes pour le d\u00e9jeuner au restaurant Les Platanes. <strong>Une terrasse agr\u00e9able, un d\u00e9jeuner copieux, une adresse sympa tout pr\u00e8s du Canal du midi.<\/strong><br \/><strong>Adresse :<\/strong> <em>Les Platanes, 1 Place de la Liberte\u0301, 34310 Poilhes.<\/em><\/li><\/ul>\t\t\t\t\t\t\t\t<\/div>\n\t\t\t\t<\/div>\n\t\t\t\t<div class=\"elementor-element elementor-element-dad310d elementor-widget elementor-widget-gallery\" data-id=\"dad310d\" data-element_type=\"widget\" data-settings=\"{&quot;columns&quot;:3,&quot;columns_tablet&quot;:3,&quot;columns_mobile&quot;:2,&quot;lazyload&quot;:&quot;yes&quot;,&quot;gallery_layout&quot;:&quot;grid&quot;,&quot;gap&quot;:{&quot;unit&quot;:&quot;px&quot;,&quot;size&quot;:10,&quot;sizes&quot;:[]},&quot;gap_tablet&quot;:{&quot;unit&quot;:&quot;px&quot;,&quot;size&quot;:10,&quot;sizes&quot;:[]},&quot;gap_mobile&quot;:{&quot;unit&quot;:&quot;px&quot;,&quot;size&quot;:10,&quot;sizes&quot;:[]},&quot;link_to&quot;:&quot;file&quot;,&quot;aspect_ratio&quot;:&quot;3:2&quot;,&quot;overlay_background&quot;:&quot;yes&quot;,&quot;content_hover_animation&quot;:&quot;fade-in&quot;}\" data-widget_type=\"gallery.default\">\n\t\t\t\t<div class=\"elementor-widget-container\">\n\t\t\t\t\t\t\t<div class=\"elementor-gallery__container\">\n\t\t\t\t\t\t\t<a class=\"e-gallery-item elementor-gallery-item elementor-animated-content\" href=\"https:\/\/www.jdroadtrip.tv\/blog\/wp-content\/uploads\/2019\/09\/Week-end-Haut-Languedoc-37.jpg\" data-elementor-open-lightbox=\"yes\" data-elementor-lightbox-slideshow=\"dad310d\" data-elementor-lightbox-title=\"Week-end-Haut-Languedoc-37\" data-e-action-hash=\"#elementor-action%3Aaction%3Dlightbox%26settings%3DeyJpZCI6MzQ5NDYsInVybCI6Imh0dHBzOlwvXC93d3cuamRyb2FkdHJpcC50dlwvYmxvZ1wvd3AtY29udGVudFwvdXBsb2Fkc1wvMjAxOVwvMDlcL1dlZWstZW5kLUhhdXQtTGFuZ3VlZG9jLTM3LmpwZyIsInNsaWRlc2hvdyI6ImRhZDMxMGQifQ%3D%3D\">\n\t\t\t\t\t<div class=\"e-gallery-image elementor-gallery-item__image\" data-thumbnail=\"https:\/\/www.jdroadtrip.tv\/blog\/wp-content\/uploads\/2019\/09\/Week-end-Haut-Languedoc-37.jpg\" data-width=\"1200\" data-height=\"800\" aria-label=\"\" role=\"img\" ><\/div>\n\t\t\t\t\t\t\t\t\t\t\t<div class=\"elementor-gallery-item__overlay\"><\/div>\n\t\t\t\t\t\t\t\t\t\t\t\t\t\t<\/a>\n\t\t\t\t\t\t\t<a class=\"e-gallery-item elementor-gallery-item elementor-animated-content\" href=\"https:\/\/www.jdroadtrip.tv\/blog\/wp-content\/uploads\/2019\/09\/Week-end-Haut-Languedoc-38.jpg\" data-elementor-open-lightbox=\"yes\" data-elementor-lightbox-slideshow=\"dad310d\" data-elementor-lightbox-title=\"Week-end-Haut-Languedoc-38\" data-e-action-hash=\"#elementor-action%3Aaction%3Dlightbox%26settings%3DeyJpZCI6MzQ5NDcsInVybCI6Imh0dHBzOlwvXC93d3cuamRyb2FkdHJpcC50dlwvYmxvZ1wvd3AtY29udGVudFwvdXBsb2Fkc1wvMjAxOVwvMDlcL1dlZWstZW5kLUhhdXQtTGFuZ3VlZG9jLTM4LmpwZyIsInNsaWRlc2hvdyI6ImRhZDMxMGQifQ%3D%3D\">\n\t\t\t\t\t<div class=\"e-gallery-image elementor-gallery-item__image\" data-thumbnail=\"https:\/\/www.jdroadtrip.tv\/blog\/wp-content\/uploads\/2019\/09\/Week-end-Haut-Languedoc-38.jpg\" data-width=\"1200\" data-height=\"800\" aria-label=\"\" role=\"img\" ><\/div>\n\t\t\t\t\t\t\t\t\t\t\t<div class=\"elementor-gallery-item__overlay\"><\/div>\n\t\t\t\t\t\t\t\t\t\t\t\t\t\t<\/a>\n\t\t\t\t\t\t\t<a class=\"e-gallery-item elementor-gallery-item elementor-animated-content\" href=\"https:\/\/www.jdroadtrip.tv\/blog\/wp-content\/uploads\/2019\/09\/Week-end-Haut-Languedoc-39.jpg\" data-elementor-open-lightbox=\"yes\" data-elementor-lightbox-slideshow=\"dad310d\" data-elementor-lightbox-title=\"Week-end-Haut-Languedoc-39\" data-e-action-hash=\"#elementor-action%3Aaction%3Dlightbox%26settings%3DeyJpZCI6MzQ5NDgsInVybCI6Imh0dHBzOlwvXC93d3cuamRyb2FkdHJpcC50dlwvYmxvZ1wvd3AtY29udGVudFwvdXBsb2Fkc1wvMjAxOVwvMDlcL1dlZWstZW5kLUhhdXQtTGFuZ3VlZG9jLTM5LmpwZyIsInNsaWRlc2hvdyI6ImRhZDMxMGQifQ%3D%3D\">\n\t\t\t\t\t<div class=\"e-gallery-image elementor-gallery-item__image\" data-thumbnail=\"https:\/\/www.jdroadtrip.tv\/blog\/wp-content\/uploads\/2019\/09\/Week-end-Haut-Languedoc-39.jpg\" data-width=\"1200\" data-height=\"800\" aria-label=\"\" role=\"img\" ><\/div>\n\t\t\t\t\t\t\t\t\t\t\t<div class=\"elementor-gallery-item__overlay\"><\/div>\n\t\t\t\t\t\t\t\t\t\t\t\t\t\t<\/a>\n\t\t\t\t\t\t\t<a class=\"e-gallery-item elementor-gallery-item elementor-animated-content\" href=\"https:\/\/www.jdroadtrip.tv\/blog\/wp-content\/uploads\/2019\/09\/Week-end-Haut-Languedoc-40.jpg\" data-elementor-open-lightbox=\"yes\" data-elementor-lightbox-slideshow=\"dad310d\" data-elementor-lightbox-title=\"Week-end-Haut-Languedoc-40\" data-e-action-hash=\"#elementor-action%3Aaction%3Dlightbox%26settings%3DeyJpZCI6MzQ5NDksInVybCI6Imh0dHBzOlwvXC93d3cuamRyb2FkdHJpcC50dlwvYmxvZ1wvd3AtY29udGVudFwvdXBsb2Fkc1wvMjAxOVwvMDlcL1dlZWstZW5kLUhhdXQtTGFuZ3VlZG9jLTQwLmpwZyIsInNsaWRlc2hvdyI6ImRhZDMxMGQifQ%3D%3D\">\n\t\t\t\t\t<div class=\"e-gallery-image elementor-gallery-item__image\" data-thumbnail=\"https:\/\/www.jdroadtrip.tv\/blog\/wp-content\/uploads\/2019\/09\/Week-end-Haut-Languedoc-40.jpg\" data-width=\"1200\" data-height=\"800\" aria-label=\"\" role=\"img\" ><\/div>\n\t\t\t\t\t\t\t\t\t\t\t<div class=\"elementor-gallery-item__overlay\"><\/div>\n\t\t\t\t\t\t\t\t\t\t\t\t\t\t<\/a>\n\t\t\t\t\t\t\t<a class=\"e-gallery-item elementor-gallery-item elementor-animated-content\" href=\"https:\/\/www.jdroadtrip.tv\/blog\/wp-content\/uploads\/2019\/09\/Week-end-Haut-Languedoc-50.jpg\" data-elementor-open-lightbox=\"yes\" data-elementor-lightbox-slideshow=\"dad310d\" data-elementor-lightbox-title=\"Week-end-Haut-Languedoc-50\" data-e-action-hash=\"#elementor-action%3Aaction%3Dlightbox%26settings%3DeyJpZCI6MzQ5NTksInVybCI6Imh0dHBzOlwvXC93d3cuamRyb2FkdHJpcC50dlwvYmxvZ1wvd3AtY29udGVudFwvdXBsb2Fkc1wvMjAxOVwvMDlcL1dlZWstZW5kLUhhdXQtTGFuZ3VlZG9jLTUwLmpwZyIsInNsaWRlc2hvdyI6ImRhZDMxMGQifQ%3D%3D\">\n\t\t\t\t\t<div class=\"e-gallery-image elementor-gallery-item__image\" data-thumbnail=\"https:\/\/www.jdroadtrip.tv\/blog\/wp-content\/uploads\/2019\/09\/Week-end-Haut-Languedoc-50.jpg\" data-width=\"1200\" data-height=\"800\" aria-label=\"\" role=\"img\" ><\/div>\n\t\t\t\t\t\t\t\t\t\t\t<div class=\"elementor-gallery-item__overlay\"><\/div>\n\t\t\t\t\t\t\t\t\t\t\t\t\t\t<\/a>\n\t\t\t\t\t\t\t<a class=\"e-gallery-item elementor-gallery-item elementor-animated-content\" href=\"https:\/\/www.jdroadtrip.tv\/blog\/wp-content\/uploads\/2019\/09\/Week-end-Haut-Languedoc-51.jpg\" data-elementor-open-lightbox=\"yes\" data-elementor-lightbox-slideshow=\"dad310d\" data-elementor-lightbox-title=\"Week-end-Haut-Languedoc-51\" data-e-action-hash=\"#elementor-action%3Aaction%3Dlightbox%26settings%3DeyJpZCI6MzQ5NjAsInVybCI6Imh0dHBzOlwvXC93d3cuamRyb2FkdHJpcC50dlwvYmxvZ1wvd3AtY29udGVudFwvdXBsb2Fkc1wvMjAxOVwvMDlcL1dlZWstZW5kLUhhdXQtTGFuZ3VlZG9jLTUxLmpwZyIsInNsaWRlc2hvdyI6ImRhZDMxMGQifQ%3D%3D\">\n\t\t\t\t\t<div class=\"e-gallery-image elementor-gallery-item__image\" data-thumbnail=\"https:\/\/www.jdroadtrip.tv\/blog\/wp-content\/uploads\/2019\/09\/Week-end-Haut-Languedoc-51.jpg\" data-width=\"1200\" data-height=\"800\" aria-label=\"\" role=\"img\" ><\/div>\n\t\t\t\t\t\t\t\t\t\t\t<div class=\"elementor-gallery-item__overlay\"><\/div>\n\t\t\t\t\t\t\t\t\t\t\t\t\t\t<\/a>\n\t\t\t\t\t<\/div>\n\t\t\t\t\t<\/div>\n\t\t\t\t<\/div>\n\t\t\t\t\t<\/div>\n\t\t<\/div>\n\t\t\t\t\t<\/div>\n\t\t<\/section>\n\t\t\t\t<section class=\"elementor-section elementor-top-section elementor-element elementor-element-12978007 elementor-section-boxed elementor-section-height-default elementor-section-height-default\" data-id=\"12978007\" data-element_type=\"section\">\n\t\t\t\t\t\t<div class=\"elementor-container elementor-column-gap-default\">\n\t\t\t\t\t<div class=\"elementor-column elementor-col-100 elementor-top-column elementor-element elementor-element-3dedfc1f\" data-id=\"3dedfc1f\" data-element_type=\"column\" data-settings=\"{&quot;background_background&quot;:&quot;classic&quot;}\">\n\t\t\t<div class=\"elementor-widget-wrap elementor-element-populated\">\n\t\t\t\t\t\t<div class=\"elementor-element elementor-element-4979ec18 elementor-widget elementor-widget-heading\" data-id=\"4979ec18\" data-element_type=\"widget\" data-widget_type=\"heading.default\">\n\t\t\t\t<div class=\"elementor-widget-container\">\n\t\t\t\t\t<h2 class=\"elementor-heading-title elementor-size-default\">Visiter l'Occitanie<\/h2>\t\t\t\t<\/div>\n\t\t\t\t<\/div>\n\t\t\t\t<div class=\"elementor-element elementor-element-7740946c elementor-widget elementor-widget-text-editor\" data-id=\"7740946c\" data-element_type=\"widget\" data-widget_type=\"text-editor.default\">\n\t\t\t\t<div class=\"elementor-widget-container\">\n\t\t\t\t\t\t\t\t\t<ul><li>Loz\u00e8re :\u00a0<strong><a href=\"https:\/\/www.jdroadtrip.tv\/blog\/visiter-le-parc-aux-loups-du-gevaudan-lozere\/\" target=\"_blank\" rel=\"noopener\">Visiter le parc aux loups du G\u00e9vaudan<\/a><\/strong><\/li><li>Loz\u00e8re : <a href=\"https:\/\/www.jdroadtrip.tv\/blog\/que-faire-en-lozere-visiter-cevennes-gorges-du-tarn\/\" target=\"_blank\" rel=\"noopener\"><strong>Que faire en Loz\u00e8re ?<\/strong><\/a><\/li><li>Loz\u00e8re &amp; Gard : <a href=\"https:\/\/www.jdroadtrip.tv\/blog\/week-end-dans-les-cevennes\/\" target=\"_blank\" rel=\"noopener\"><strong>Week-end dans les C\u00e9vennes<\/strong><\/a><\/li><li>H\u00e9rault :\u00a0<strong><a href=\"https:\/\/www.jdroadtrip.tv\/blog\/visiter-le-haut-languedoc-en-un-week-end-herault\/\" target=\"_blank\" rel=\"noopener\">Week-end dans le Haut-Languedoc<\/a><\/strong><\/li><li>Tarn :<strong>\u00a0<a href=\"https:\/\/www.jdroadtrip.tv\/blog\/week-end-dans-le-tarn-visiter-albi\/\" target=\"_blank\" rel=\"noopener\">Visiter Albi et ses alentours<\/a><\/strong><\/li><li>Tarn : <a href=\"https:\/\/www.jdroadtrip.tv\/blog\/visiter-week-end-activites-insolites-a-faire-dans-le-tarn-occitanie\/\" target=\"_blank\" rel=\"noopener\"><strong>Activit\u00e9s \u00e0 faire dans le Tarn<\/strong><\/a><\/li><li>Gers :\u00a0<strong><a href=\"https:\/\/www.jdroadtrip.tv\/blog\/week-end-dans-le-gers-visiter-auch\/\" target=\"_blank\" rel=\"noopener\">Visiter Auch dans le Gers<\/a><\/strong><\/li><li>Gers : <a href=\"https:\/\/www.jdroadtrip.tv\/blog\/que-faire-dans-le-gers-4-jours-visiter-gascogne\/\" target=\"_blank\" rel=\"noopener\"><strong>Que faire dans le Gers pendant 4 jours ?<\/strong><\/a><\/li><li>Aude : <a href=\"https:\/\/www.jdroadtrip.tv\/blog\/week-end-a-carcassonne-conseils-que-visiter\/\" target=\"_blank\" rel=\"noopener\"><strong>Week-end \u00e0 Carcassonne<\/strong><\/a><\/li><li>Aveyron : <a href=\"https:\/\/www.jdroadtrip.tv\/blog\/visiter-najac-chateau-aveyron\/\" target=\"_blank\" rel=\"noopener\"><strong>Visiter Najac et son ch\u00e2teau<\/strong><\/a><\/li><li>Aveyron :<strong> <a href=\"https:\/\/www.jdroadtrip.tv\/blog\/visiter-villefranche-de-rouergue-aveyron\/\" target=\"_blank\" rel=\"noopener\">Visiter Villefranche de Rouergue<\/a><\/strong><\/li><li>Aveyron : \u00c9couter le <a href=\"https:\/\/www.jdroadtrip.tv\/blog\/brame-du-cerf-en-aveyron-aubrac-laguiole\/\" target=\"_blank\" rel=\"noopener\"><strong>brame du cerf dans l&rsquo;Aubrac<\/strong><\/a><\/li><li>Aveyron : <a href=\"https:\/\/www.jdroadtrip.tv\/blog\/visiter-le-village-de-laguiole-aubrac-aveyron\/\" target=\"_blank\" rel=\"noopener\"><strong>Visiter Laguiole<\/strong><\/a><\/li><li>Aveyron : <a href=\"https:\/\/www.jdroadtrip.tv\/blog\/que-faire-a-millau-visites-activites-outdoor-aveyron\/\" target=\"_blank\" rel=\"noopener\"><strong>Que faire \u00e0 Millau ?<\/strong><\/a><\/li><li>Haute-Garonne :\u00a0<strong><a href=\"https:\/\/www.jdroadtrip.tv\/blog\/via-garona-gr-861-randonnee-haute-garonne\/\" target=\"_blank\" rel=\"noopener\">Via Garona<\/a><\/strong><\/li><li>Haute-Garonne : <a href=\"https:\/\/www.jdroadtrip.tv\/blog\/visiter-toulouse-3-jours-incontournables-a-faire-a-voir\/\" target=\"_blank\" rel=\"noopener\"><strong>Que visiter \u00e0 Toulouse ?<\/strong><\/a><\/li><li>PO :\u00a0<strong><a href=\"https:\/\/www.jdroadtrip.tv\/blog\/conseils-randonnee-dans-le-massif-du-canigou-pyrenees-orientales\/\" target=\"_blank\" rel=\"noopener\">Randonn\u00e9e dans le Massif du Canigou<\/a><\/strong><\/li><li>Lot : <a href=\"https:\/\/www.jdroadtrip.tv\/blog\/visiter-cahors-et-ses-environs-week-end\/\" target=\"_blank\" rel=\"noopener\"><strong>Visiter Cahors en 1 jours<\/strong><\/a><\/li><li>Lot : <a href=\"https:\/\/www.jdroadtrip.tv\/blog\/visiter-montcuq-lot-compostelle\/\" target=\"_blank\" rel=\"noopener\"><strong>Visiter Moncuq<\/strong><\/a><\/li><li>Lot : <a href=\"https:\/\/www.jdroadtrip.tv\/blog\/visiter-puy-leveque-village-medievale-lot\/\" target=\"_blank\" rel=\"noopener\"><strong>Visiter Puy l&rsquo;\u00caveque<\/strong><\/a><\/li><li>Lot : <strong><a href=\"https:\/\/www.jdroadtrip.tv\/blog\/visiter-le-chateau-de-mercues-region-lot\/\" target=\"_blank\" rel=\"noopener\">Dormir au ch\u00e2teau de Mercu\u00e8s<\/a><\/strong><\/li><li>Lot : <a href=\"https:\/\/www.jdroadtrip.tv\/blog\/grottes-et-gouffres-a-voir-dans-la-region-du-lot\/\" target=\"_blank\" rel=\"noopener\"><strong>Grottes et gouffres \u00e0 visiter dans le Lot<\/strong><\/a><\/li><li>Occitanie \u00e0 v\u00e9lo :\u00a0<strong><a href=\"https:\/\/www.jdroadtrip.tv\/blog\/conseils-infos-faire-canal-du-midi-a-velo-6-jours\/\" target=\"_blank\" rel=\"noopener\">Canal du midi \u00e0 v\u00e9lo<\/a><\/strong><\/li><li>Occitanie \u00e0 v\u00e9lo :<strong> <a href=\"https:\/\/www.jdroadtrip.tv\/blog\/itineraire-canal-des-2-mers-a-velo\/\" target=\"_blank\" rel=\"noopener\">Canal des 2 mers \u00e0 v\u00e9lo<\/a><\/strong><\/li><li>Occitanie \u00e0 v\u00e9lo : <a href=\"https:\/\/www.jdroadtrip.tv\/blog\/passa-pais-a-velo-voie-verte-lherault-tarn-bedarieux-mazamet\/\" target=\"_blank\" rel=\"noopener\"><strong>Voie verte Passa Pa\u00efs\u00a0<\/strong><\/a><\/li><\/ul>\t\t\t\t\t\t\t\t<\/div>\n\t\t\t\t<\/div>\n\t\t\t\t<div class=\"elementor-element elementor-element-2c61a9c0 elementor-widget elementor-widget-image\" data-id=\"2c61a9c0\" data-element_type=\"widget\" data-widget_type=\"image.default\">\n\t\t\t\t<div class=\"elementor-widget-container\">\n\t\t\t\t\t\t\t\t\t\t\t\t\t\t\t<img loading=\"lazy\" decoding=\"async\" width=\"1502\" height=\"1000\" src=\"https:\/\/www.jdroadtrip.tv\/blog\/wp-content\/uploads\/2022\/10\/Carte-occitanie.png\" class=\"attachment-full size-full wp-image-70509\" alt=\"Carte de l&#039;Occitanie\" srcset=\"https:\/\/www.jdroadtrip.tv\/blog\/wp-content\/uploads\/2022\/10\/Carte-occitanie.png 1502w, https:\/\/www.jdroadtrip.tv\/blog\/wp-content\/uploads\/2022\/10\/Carte-occitanie-300x200.png 300w, https:\/\/www.jdroadtrip.tv\/blog\/wp-content\/uploads\/2022\/10\/Carte-occitanie-800x533.png 800w, https:\/\/www.jdroadtrip.tv\/blog\/wp-content\/uploads\/2022\/10\/Carte-occitanie-250x166.png 250w, https:\/\/www.jdroadtrip.tv\/blog\/wp-content\/uploads\/2022\/10\/Carte-occitanie-768x511.png 768w\" sizes=\"(max-width: 1502px) 100vw, 1502px\" \/>\t\t\t\t\t\t\t\t\t\t\t\t\t\t\t<\/div>\n\t\t\t\t<\/div>\n\t\t\t\t\t<\/div>\n\t\t<\/div>\n\t\t\t\t\t<\/div>\n\t\t<\/section>\n\t\t\t\t<section class=\"elementor-section elementor-top-section elementor-element elementor-element-1369c12e elementor-section-boxed elementor-section-height-default elementor-section-height-default\" data-id=\"1369c12e\" data-element_type=\"section\">\n\t\t\t\t\t\t<div class=\"elementor-container elementor-column-gap-default\">\n\t\t\t\t\t<div class=\"elementor-column elementor-col-100 elementor-top-column elementor-element elementor-element-46092919\" data-id=\"46092919\" data-element_type=\"column\">\n\t\t\t<div class=\"elementor-widget-wrap elementor-element-populated\">\n\t\t\t\t\t\t<div class=\"elementor-element elementor-element-c257e6e elementor-widget-divider--view-line elementor-widget elementor-widget-divider\" data-id=\"c257e6e\" data-element_type=\"widget\" data-widget_type=\"divider.default\">\n\t\t\t\t<div class=\"elementor-widget-container\">\n\t\t\t\t\t\t\t<div class=\"elementor-divider\">\n\t\t\t<span class=\"elementor-divider-separator\">\n\t\t\t\t\t\t<\/span>\n\t\t<\/div>\n\t\t\t\t\t\t<\/div>\n\t\t\t\t<\/div>\n\t\t\t\t<div class=\"elementor-element elementor-element-355d076d elementor-widget elementor-widget-text-editor\" data-id=\"355d076d\" data-element_type=\"widget\" data-widget_type=\"text-editor.default\">\n\t\t\t\t<div class=\"elementor-widget-container\">\n\t\t\t\t\t\t\t\t\t<p style=\"text-align: justify;\"><em>Cet article a pu \u00eatre r\u00e9alis\u00e9 en collaboration avec <a href=\"http:\/\/m.herault-tourisme.com\/\" target=\"_blank\" rel=\"noopener noreferrer\">H\u00e9rault Tourisme<\/a> &amp; l\u2019agence <a href=\"http:\/\/www.agence-airpur.fr\/\" target=\"_blank\" rel=\"noopener noreferrer\">Airpur<\/a> afin de visiter le Haut-Languedoc en un week-end. Cela n\u2019influe en aucun cas sur ma ligne \u00e9ditoriale.<br \/><\/em><\/p><p style=\"text-align: justify;\"><strong>Si vous avez des conseils pour visiter le Haut-Languedoc en un week-end, n\u2019h\u00e9sitez pas \u00e0 les laisser en commentaire\u00a0 ! Si vous \u00eates une femme qui voyage seule o\u00f9 \u00e0 plusieurs, n\u2019h\u00e9sitez pas \u00e0 rejoindre le groupe facebook 100% f\u00e9minin <a href=\"https:\/\/www.facebook.com\/groups\/Voyageraufeminin\" target=\"_blank\" rel=\"noopener noreferrer\">Voyager au f\u00e9minin en sac \u00e0 dos<\/a>.<\/strong><\/p><p style=\"text-align: center;\"><img loading=\"lazy\" decoding=\"async\" class=\"aligncenter wp-image-34983\" src=\"https:\/\/www.jdroadtrip.tv\/blog\/wp-content\/uploads\/2019\/09\/Haut-Languedoc-pin.jpg\" alt=\"\" width=\"400\" height=\"600\" srcset=\"https:\/\/www.jdroadtrip.tv\/blog\/wp-content\/uploads\/2019\/09\/Haut-Languedoc-pin.jpg 564w, https:\/\/www.jdroadtrip.tv\/blog\/wp-content\/uploads\/2019\/09\/Haut-Languedoc-pin-133x200.jpg 133w, https:\/\/www.jdroadtrip.tv\/blog\/wp-content\/uploads\/2019\/09\/Haut-Languedoc-pin-200x300.jpg 200w, https:\/\/www.jdroadtrip.tv\/blog\/wp-content\/uploads\/2019\/09\/Haut-Languedoc-pin-400x600.jpg 400w\" sizes=\"(max-width: 400px) 100vw, 400px\" \/><\/p>\t\t\t\t\t\t\t\t<\/div>\n\t\t\t\t<\/div>\n\t\t\t\t\t<\/div>\n\t\t<\/div>\n\t\t\t\t\t<\/div>\n\t\t<\/section>\n\t\t\t\t<\/div>\n\t\t","protected":false},"excerpt":{"rendered":"<p>Visiter le Haut-Languedoc en un week-end Si vous recherchez \u00e0 faire un s\u00e9jour dans l&rsquo;H\u00e9rault, je vous invite \u00e0 visiter le Haut-Languedoc en un week-end. Une r\u00e9gion remplie d&rsquo;activit\u00e9s sportives, pour petits et grands, des spots absolument incroyables \u00e0 visiter et du bon vin pour les amateurs d&rsquo;oenotourisme. Une jolie d\u00e9couverte de cette partie de [&hellip;]<\/p>\n","protected":false},"author":1,"featured_media":34980,"comment_status":"open","ping_status":"open","sticky":false,"template":"","format":"standard","meta":{"ocean_post_layout":"","ocean_both_sidebars_style":"","ocean_both_sidebars_content_width":0,"ocean_both_sidebars_sidebars_width":0,"ocean_sidebar":"","ocean_second_sidebar":"","ocean_disable_margins":"enable","ocean_add_body_class":"","ocean_shortcode_before_top_bar":"","ocean_shortcode_after_top_bar":"","ocean_shortcode_before_header":"","ocean_shortcode_after_header":"","ocean_has_shortcode":"","ocean_shortcode_after_title":"","ocean_shortcode_before_footer_widgets":"","ocean_shortcode_after_footer_widgets":"","ocean_shortcode_before_footer_bottom":"","ocean_shortcode_after_footer_bottom":"","ocean_display_top_bar":"default","ocean_display_header":"default","ocean_header_style":"","ocean_center_header_left_menu":"","ocean_custom_header_template":"","ocean_custom_logo":0,"ocean_custom_retina_logo":0,"ocean_custom_logo_max_width":0,"ocean_custom_logo_tablet_max_width":0,"ocean_custom_logo_mobile_max_width":0,"ocean_custom_logo_max_height":0,"ocean_custom_logo_tablet_max_height":0,"ocean_custom_logo_mobile_max_height":0,"ocean_header_custom_menu":"","ocean_menu_typo_font_family":"","ocean_menu_typo_font_subset":"","ocean_menu_typo_font_size":0,"ocean_menu_typo_font_size_tablet":0,"ocean_menu_typo_font_size_mobile":0,"ocean_menu_typo_font_size_unit":"px","ocean_menu_typo_font_weight":"","ocean_menu_typo_font_weight_tablet":"","ocean_menu_typo_font_weight_mobile":"","ocean_menu_typo_transform":"","ocean_menu_typo_transform_tablet":"","ocean_menu_typo_transform_mobile":"","ocean_menu_typo_line_height":0,"ocean_menu_typo_line_height_tablet":0,"ocean_menu_typo_line_height_mobile":0,"ocean_menu_typo_line_height_unit":"","ocean_menu_typo_spacing":0,"ocean_menu_typo_spacing_tablet":0,"ocean_menu_typo_spacing_mobile":0,"ocean_menu_typo_spacing_unit":"","ocean_menu_link_color":"","ocean_menu_link_color_hover":"","ocean_menu_link_color_active":"","ocean_menu_link_background":"","ocean_menu_link_hover_background":"","ocean_menu_link_active_background":"","ocean_menu_social_links_bg":"","ocean_menu_social_hover_links_bg":"","ocean_menu_social_links_color":"","ocean_menu_social_hover_links_color":"","ocean_disable_title":"default","ocean_disable_heading":"default","ocean_post_title":"","ocean_post_subheading":"","ocean_post_title_style":"","ocean_post_title_background_color":"","ocean_post_title_background":0,"ocean_post_title_bg_image_position":"","ocean_post_title_bg_image_attachment":"","ocean_post_title_bg_image_repeat":"","ocean_post_title_bg_image_size":"","ocean_post_title_height":0,"ocean_post_title_bg_overlay":0.5,"ocean_post_title_bg_overlay_color":"","ocean_disable_breadcrumbs":"default","ocean_breadcrumbs_color":"","ocean_breadcrumbs_separator_color":"","ocean_breadcrumbs_links_color":"","ocean_breadcrumbs_links_hover_color":"","ocean_display_footer_widgets":"default","ocean_display_footer_bottom":"default","ocean_custom_footer_template":"","ocean_post_oembed":"","ocean_post_self_hosted_media":"","ocean_post_video_embed":"","ocean_link_format":"","ocean_link_format_target":"self","ocean_quote_format":"","ocean_quote_format_link":"post","ocean_gallery_link_images":"on","ocean_gallery_id":[],"footnotes":""},"categories":[6726],"tags":[],"table_tags":[],"class_list":["post-34694","post","type-post","status-publish","format-standard","has-post-thumbnail","hentry","category-occitanie","entry","has-media"],"yoast_head":"<!-- This site is optimized with the Yoast SEO Premium plugin v25.9 (Yoast SEO v25.9) - https:\/\/yoast.com\/wordpress\/plugins\/seo\/ -->\n<title>Visiter le Haut-Languedoc en un week-end : Que faire ? Que voir ?<\/title>\n<meta name=\"description\" content=\"O\u00f9 manger, o\u00f9 dormir et les activit\u00e9s \u00e0 faire, les conseils pour visiter le Haut-Languedoc en un week-end dans la r\u00e9gion de l&#039;H\u00e9rault...\" \/>\n<meta name=\"robots\" content=\"index, follow, max-snippet:-1, max-image-preview:large, max-video-preview:-1\" \/>\n<link rel=\"canonical\" href=\"https:\/\/www.jdroadtrip.tv\/blog\/visiter-le-haut-languedoc-en-un-week-end-herault\/\" \/>\n<meta property=\"og:locale\" content=\"fr_FR\" \/>\n<meta property=\"og:type\" content=\"article\" \/>\n<meta property=\"og:title\" content=\"Visiter le Haut-Languedoc en un week-end\" \/>\n<meta property=\"og:description\" content=\"O\u00f9 manger, o\u00f9 dormir et les activit\u00e9s \u00e0 faire, les conseils pour visiter le Haut-Languedoc en un week-end dans la r\u00e9gion de l&#039;H\u00e9rault...\" \/>\n<meta property=\"og:url\" content=\"https:\/\/www.jdroadtrip.tv\/blog\/visiter-le-haut-languedoc-en-un-week-end-herault\/\" \/>\n<meta property=\"og:site_name\" content=\"JDroadtrip - Blog de voyage pour voyager au f\u00e9minin !\" \/>\n<meta property=\"article:publisher\" content=\"https:\/\/www.facebook.com\/JDRoadTrip\" \/>\n<meta property=\"article:author\" content=\"https:\/\/www.facebook.com\/JDroadtrip\" \/>\n<meta property=\"article:published_time\" content=\"2022-10-25T10:59:01+00:00\" \/>\n<meta property=\"article:modified_time\" content=\"2025-08-07T11:20:26+00:00\" \/>\n<meta property=\"og:image\" content=\"https:\/\/www.jdroadtrip.tv\/blog\/wp-content\/uploads\/2019\/09\/Haut-Languedoc-img.jpg\" \/>\n\t<meta property=\"og:image:width\" content=\"1500\" \/>\n\t<meta property=\"og:image:height\" content=\"996\" \/>\n\t<meta property=\"og:image:type\" content=\"image\/jpeg\" \/>\n<meta name=\"author\" content=\"Jenny Diab\" \/>\n<meta name=\"twitter:card\" content=\"summary_large_image\" \/>\n<meta name=\"twitter:creator\" content=\"@JDroadtrip\" \/>\n<meta name=\"twitter:site\" content=\"@JDroadtrip\" \/>\n<meta name=\"twitter:label1\" content=\"\u00c9crit par\" \/>\n\t<meta name=\"twitter:data1\" content=\"Jenny Diab\" \/>\n\t<meta name=\"twitter:label2\" content=\"Dur\u00e9e de lecture estim\u00e9e\" \/>\n\t<meta name=\"twitter:data2\" content=\"12 minutes\" \/>\n<script type=\"application\/ld+json\" class=\"yoast-schema-graph\">{\"@context\":\"https:\/\/schema.org\",\"@graph\":[{\"@type\":\"Article\",\"@id\":\"https:\/\/www.jdroadtrip.tv\/blog\/visiter-le-haut-languedoc-en-un-week-end-herault\/#article\",\"isPartOf\":{\"@id\":\"https:\/\/www.jdroadtrip.tv\/blog\/visiter-le-haut-languedoc-en-un-week-end-herault\/\"},\"author\":{\"name\":\"Jenny Diab\",\"@id\":\"https:\/\/www.jdroadtrip.tv\/blog\/#\/schema\/person\/d204bfc7d00ba74276391d8e42b58a3e\"},\"headline\":\"Visiter le Haut-Languedoc en un week-end\",\"datePublished\":\"2022-10-25T10:59:01+00:00\",\"dateModified\":\"2025-08-07T11:20:26+00:00\",\"mainEntityOfPage\":{\"@id\":\"https:\/\/www.jdroadtrip.tv\/blog\/visiter-le-haut-languedoc-en-un-week-end-herault\/\"},\"wordCount\":2107,\"commentCount\":5,\"publisher\":{\"@id\":\"https:\/\/www.jdroadtrip.tv\/blog\/#organization\"},\"image\":{\"@id\":\"https:\/\/www.jdroadtrip.tv\/blog\/visiter-le-haut-languedoc-en-un-week-end-herault\/#primaryimage\"},\"thumbnailUrl\":\"https:\/\/www.jdroadtrip.tv\/blog\/wp-content\/uploads\/2019\/09\/Haut-Languedoc-img.jpg\",\"articleSection\":[\"Occitanie\"],\"inLanguage\":\"fr-FR\",\"potentialAction\":[{\"@type\":\"CommentAction\",\"name\":\"Comment\",\"target\":[\"https:\/\/www.jdroadtrip.tv\/blog\/visiter-le-haut-languedoc-en-un-week-end-herault\/#respond\"]}]},{\"@type\":\"WebPage\",\"@id\":\"https:\/\/www.jdroadtrip.tv\/blog\/visiter-le-haut-languedoc-en-un-week-end-herault\/\",\"url\":\"https:\/\/www.jdroadtrip.tv\/blog\/visiter-le-haut-languedoc-en-un-week-end-herault\/\",\"name\":\"Visiter le Haut-Languedoc en un week-end : Que faire ? Que voir ?\",\"isPartOf\":{\"@id\":\"https:\/\/www.jdroadtrip.tv\/blog\/#website\"},\"primaryImageOfPage\":{\"@id\":\"https:\/\/www.jdroadtrip.tv\/blog\/visiter-le-haut-languedoc-en-un-week-end-herault\/#primaryimage\"},\"image\":{\"@id\":\"https:\/\/www.jdroadtrip.tv\/blog\/visiter-le-haut-languedoc-en-un-week-end-herault\/#primaryimage\"},\"thumbnailUrl\":\"https:\/\/www.jdroadtrip.tv\/blog\/wp-content\/uploads\/2019\/09\/Haut-Languedoc-img.jpg\",\"datePublished\":\"2022-10-25T10:59:01+00:00\",\"dateModified\":\"2025-08-07T11:20:26+00:00\",\"description\":\"O\u00f9 manger, o\u00f9 dormir et les activit\u00e9s \u00e0 faire, les conseils pour visiter le Haut-Languedoc en un week-end dans la r\u00e9gion de l'H\u00e9rault...\",\"breadcrumb\":{\"@id\":\"https:\/\/www.jdroadtrip.tv\/blog\/visiter-le-haut-languedoc-en-un-week-end-herault\/#breadcrumb\"},\"inLanguage\":\"fr-FR\",\"potentialAction\":[{\"@type\":\"ReadAction\",\"target\":[\"https:\/\/www.jdroadtrip.tv\/blog\/visiter-le-haut-languedoc-en-un-week-end-herault\/\"]}]},{\"@type\":\"ImageObject\",\"inLanguage\":\"fr-FR\",\"@id\":\"https:\/\/www.jdroadtrip.tv\/blog\/visiter-le-haut-languedoc-en-un-week-end-herault\/#primaryimage\",\"url\":\"https:\/\/www.jdroadtrip.tv\/blog\/wp-content\/uploads\/2019\/09\/Haut-Languedoc-img.jpg\",\"contentUrl\":\"https:\/\/www.jdroadtrip.tv\/blog\/wp-content\/uploads\/2019\/09\/Haut-Languedoc-img.jpg\",\"width\":1500,\"height\":996},{\"@type\":\"BreadcrumbList\",\"@id\":\"https:\/\/www.jdroadtrip.tv\/blog\/visiter-le-haut-languedoc-en-un-week-end-herault\/#breadcrumb\",\"itemListElement\":[{\"@type\":\"ListItem\",\"position\":1,\"name\":\"Accueil\",\"item\":\"https:\/\/www.jdroadtrip.tv\/blog\/\"},{\"@type\":\"ListItem\",\"position\":2,\"name\":\"Visiter le Haut-Languedoc en un week-end\"}]},{\"@type\":\"WebSite\",\"@id\":\"https:\/\/www.jdroadtrip.tv\/blog\/#website\",\"url\":\"https:\/\/www.jdroadtrip.tv\/blog\/\",\"name\":\"JDroadtrip - Blog de voyage au f\u00e9minin : Outdoor, Trek, Slow travel\",\"description\":\"M\u00e9dia pour voyager au f\u00e9minin\",\"publisher\":{\"@id\":\"https:\/\/www.jdroadtrip.tv\/blog\/#organization\"},\"alternateName\":\"JDroadtrip - Voyager au f\u00e9minin\",\"potentialAction\":[{\"@type\":\"SearchAction\",\"target\":{\"@type\":\"EntryPoint\",\"urlTemplate\":\"https:\/\/www.jdroadtrip.tv\/blog\/?s={search_term_string}\"},\"query-input\":{\"@type\":\"PropertyValueSpecification\",\"valueRequired\":true,\"valueName\":\"search_term_string\"}}],\"inLanguage\":\"fr-FR\"},{\"@type\":\"Organization\",\"@id\":\"https:\/\/www.jdroadtrip.tv\/blog\/#organization\",\"name\":\"JDroadtrip - Blog de voyage pour voyager au f\u00e9minin !\",\"alternateName\":\"JDroadtrip - Voyager au f\u00e9minin\",\"url\":\"https:\/\/www.jdroadtrip.tv\/blog\/\",\"logo\":{\"@type\":\"ImageObject\",\"inLanguage\":\"fr-FR\",\"@id\":\"https:\/\/www.jdroadtrip.tv\/blog\/#\/schema\/logo\/image\/\",\"url\":\"https:\/\/www.jdroadtrip.tv\/blog\/wp-content\/uploads\/2023\/08\/Logo-HD-petit.png\",\"contentUrl\":\"https:\/\/www.jdroadtrip.tv\/blog\/wp-content\/uploads\/2023\/08\/Logo-HD-petit.png\",\"width\":300,\"height\":300,\"caption\":\"JDroadtrip - Blog de voyage pour voyager au f\u00e9minin !\"},\"image\":{\"@id\":\"https:\/\/www.jdroadtrip.tv\/blog\/#\/schema\/logo\/image\/\"},\"sameAs\":[\"https:\/\/www.facebook.com\/JDRoadTrip\",\"https:\/\/x.com\/JDroadtrip\",\"https:\/\/instagram.com\/jdroadtrip\/\",\"http:\/\/www.linkedin.com\/in\/jennydiab\",\"https:\/\/www.pinterest.fr\/jdroadtrip\/\",\"https:\/\/www.youtube.com\/channel\/UCerVm4aMyTj9AxDDWmSx9_g\"],\"description\":\"Blog de voyage pour les femmes qui voyagent \u00e0 travers le monde.\",\"email\":\"contact@jdroadtrip.tv\",\"legalName\":\"Jenny Diab\",\"numberOfEmployees\":{\"@type\":\"QuantitativeValue\",\"minValue\":\"1\",\"maxValue\":\"10\"}},{\"@type\":\"Person\",\"@id\":\"https:\/\/www.jdroadtrip.tv\/blog\/#\/schema\/person\/d204bfc7d00ba74276391d8e42b58a3e\",\"name\":\"Jenny Diab\",\"image\":{\"@type\":\"ImageObject\",\"inLanguage\":\"fr-FR\",\"@id\":\"https:\/\/www.jdroadtrip.tv\/blog\/#\/schema\/person\/image\/\",\"url\":\"https:\/\/secure.gravatar.com\/avatar\/8c20b0655fdafee9c0df649069a458b1bde697487be3b0da4df8754f3de7042c?s=96&d=mm&r=g\",\"contentUrl\":\"https:\/\/secure.gravatar.com\/avatar\/8c20b0655fdafee9c0df649069a458b1bde697487be3b0da4df8754f3de7042c?s=96&d=mm&r=g\",\"caption\":\"Jenny Diab\"},\"description\":\"Cr\u00e9atrice du blog JDroadtrip.tv, je voyage seule \u00e0 travers le monde et je partage mes exp\u00e9riences de voyageuse solo. \u00c0 travers ce blog, je vous invite \u00e0 d\u00e9couvrir un maximum de bons plans et astuces (h\u00e9bergements, activit\u00e9s, restaurants, transports \u2026) pour pr\u00e9parer au mieux vos futurs voyages. Si vous \u00eates une fille qui voyage \u00e0 travers le monde, rejoignez la communaut\u00e9 Voyager au f\u00e9minin et si vous avez des questions, n'h\u00e9sitez pas \u00e0 \u00e0 me contacter. D\u00c9COUVREZ QUI SUIS-JE.\",\"sameAs\":[\"https:\/\/www.jdroadtrip.tv\",\"https:\/\/www.facebook.com\/JDroadtrip\",\"https:\/\/www.instagram.com\/jdroadtrip\/\",\"https:\/\/www.linkedin.com\/in\/jennydiab\",\"https:\/\/www.pinterest.com\/Jdroadtrip\",\"https:\/\/x.com\/JDroadtrip\"],\"url\":\"https:\/\/www.jdroadtrip.tv\/blog\/author\/jd\/\"}]}<\/script>\n<!-- \/ Yoast SEO Premium plugin. -->","yoast_head_json":{"title":"Visiter le Haut-Languedoc en un week-end : Que faire ? Que voir ?","description":"O\u00f9 manger, o\u00f9 dormir et les activit\u00e9s \u00e0 faire, les conseils pour visiter le Haut-Languedoc en un week-end dans la r\u00e9gion de l'H\u00e9rault...","robots":{"index":"index","follow":"follow","max-snippet":"max-snippet:-1","max-image-preview":"max-image-preview:large","max-video-preview":"max-video-preview:-1"},"canonical":"https:\/\/www.jdroadtrip.tv\/blog\/visiter-le-haut-languedoc-en-un-week-end-herault\/","og_locale":"fr_FR","og_type":"article","og_title":"Visiter le Haut-Languedoc en un week-end","og_description":"O\u00f9 manger, o\u00f9 dormir et les activit\u00e9s \u00e0 faire, les conseils pour visiter le Haut-Languedoc en un week-end dans la r\u00e9gion de l'H\u00e9rault...","og_url":"https:\/\/www.jdroadtrip.tv\/blog\/visiter-le-haut-languedoc-en-un-week-end-herault\/","og_site_name":"JDroadtrip - Blog de voyage pour voyager au f\u00e9minin !","article_publisher":"https:\/\/www.facebook.com\/JDRoadTrip","article_author":"https:\/\/www.facebook.com\/JDroadtrip","article_published_time":"2022-10-25T10:59:01+00:00","article_modified_time":"2025-08-07T11:20:26+00:00","og_image":[{"width":1500,"height":996,"url":"https:\/\/www.jdroadtrip.tv\/blog\/wp-content\/uploads\/2019\/09\/Haut-Languedoc-img.jpg","type":"image\/jpeg"}],"author":"Jenny Diab","twitter_card":"summary_large_image","twitter_creator":"@JDroadtrip","twitter_site":"@JDroadtrip","twitter_misc":{"\u00c9crit par":"Jenny Diab","Dur\u00e9e de lecture estim\u00e9e":"12 minutes"},"schema":{"@context":"https:\/\/schema.org","@graph":[{"@type":"Article","@id":"https:\/\/www.jdroadtrip.tv\/blog\/visiter-le-haut-languedoc-en-un-week-end-herault\/#article","isPartOf":{"@id":"https:\/\/www.jdroadtrip.tv\/blog\/visiter-le-haut-languedoc-en-un-week-end-herault\/"},"author":{"name":"Jenny Diab","@id":"https:\/\/www.jdroadtrip.tv\/blog\/#\/schema\/person\/d204bfc7d00ba74276391d8e42b58a3e"},"headline":"Visiter le Haut-Languedoc en un week-end","datePublished":"2022-10-25T10:59:01+00:00","dateModified":"2025-08-07T11:20:26+00:00","mainEntityOfPage":{"@id":"https:\/\/www.jdroadtrip.tv\/blog\/visiter-le-haut-languedoc-en-un-week-end-herault\/"},"wordCount":2107,"commentCount":5,"publisher":{"@id":"https:\/\/www.jdroadtrip.tv\/blog\/#organization"},"image":{"@id":"https:\/\/www.jdroadtrip.tv\/blog\/visiter-le-haut-languedoc-en-un-week-end-herault\/#primaryimage"},"thumbnailUrl":"https:\/\/www.jdroadtrip.tv\/blog\/wp-content\/uploads\/2019\/09\/Haut-Languedoc-img.jpg","articleSection":["Occitanie"],"inLanguage":"fr-FR","potentialAction":[{"@type":"CommentAction","name":"Comment","target":["https:\/\/www.jdroadtrip.tv\/blog\/visiter-le-haut-languedoc-en-un-week-end-herault\/#respond"]}]},{"@type":"WebPage","@id":"https:\/\/www.jdroadtrip.tv\/blog\/visiter-le-haut-languedoc-en-un-week-end-herault\/","url":"https:\/\/www.jdroadtrip.tv\/blog\/visiter-le-haut-languedoc-en-un-week-end-herault\/","name":"Visiter le Haut-Languedoc en un week-end : Que faire ? Que voir ?","isPartOf":{"@id":"https:\/\/www.jdroadtrip.tv\/blog\/#website"},"primaryImageOfPage":{"@id":"https:\/\/www.jdroadtrip.tv\/blog\/visiter-le-haut-languedoc-en-un-week-end-herault\/#primaryimage"},"image":{"@id":"https:\/\/www.jdroadtrip.tv\/blog\/visiter-le-haut-languedoc-en-un-week-end-herault\/#primaryimage"},"thumbnailUrl":"https:\/\/www.jdroadtrip.tv\/blog\/wp-content\/uploads\/2019\/09\/Haut-Languedoc-img.jpg","datePublished":"2022-10-25T10:59:01+00:00","dateModified":"2025-08-07T11:20:26+00:00","description":"O\u00f9 manger, o\u00f9 dormir et les activit\u00e9s \u00e0 faire, les conseils pour visiter le Haut-Languedoc en un week-end dans la r\u00e9gion de l'H\u00e9rault...","breadcrumb":{"@id":"https:\/\/www.jdroadtrip.tv\/blog\/visiter-le-haut-languedoc-en-un-week-end-herault\/#breadcrumb"},"inLanguage":"fr-FR","potentialAction":[{"@type":"ReadAction","target":["https:\/\/www.jdroadtrip.tv\/blog\/visiter-le-haut-languedoc-en-un-week-end-herault\/"]}]},{"@type":"ImageObject","inLanguage":"fr-FR","@id":"https:\/\/www.jdroadtrip.tv\/blog\/visiter-le-haut-languedoc-en-un-week-end-herault\/#primaryimage","url":"https:\/\/www.jdroadtrip.tv\/blog\/wp-content\/uploads\/2019\/09\/Haut-Languedoc-img.jpg","contentUrl":"https:\/\/www.jdroadtrip.tv\/blog\/wp-content\/uploads\/2019\/09\/Haut-Languedoc-img.jpg","width":1500,"height":996},{"@type":"BreadcrumbList","@id":"https:\/\/www.jdroadtrip.tv\/blog\/visiter-le-haut-languedoc-en-un-week-end-herault\/#breadcrumb","itemListElement":[{"@type":"ListItem","position":1,"name":"Accueil","item":"https:\/\/www.jdroadtrip.tv\/blog\/"},{"@type":"ListItem","position":2,"name":"Visiter le Haut-Languedoc en un week-end"}]},{"@type":"WebSite","@id":"https:\/\/www.jdroadtrip.tv\/blog\/#website","url":"https:\/\/www.jdroadtrip.tv\/blog\/","name":"JDroadtrip - Blog de voyage au f\u00e9minin : Outdoor, Trek, Slow travel","description":"M\u00e9dia pour voyager au f\u00e9minin","publisher":{"@id":"https:\/\/www.jdroadtrip.tv\/blog\/#organization"},"alternateName":"JDroadtrip - Voyager au f\u00e9minin","potentialAction":[{"@type":"SearchAction","target":{"@type":"EntryPoint","urlTemplate":"https:\/\/www.jdroadtrip.tv\/blog\/?s={search_term_string}"},"query-input":{"@type":"PropertyValueSpecification","valueRequired":true,"valueName":"search_term_string"}}],"inLanguage":"fr-FR"},{"@type":"Organization","@id":"https:\/\/www.jdroadtrip.tv\/blog\/#organization","name":"JDroadtrip - Blog de voyage pour voyager au f\u00e9minin !","alternateName":"JDroadtrip - Voyager au f\u00e9minin","url":"https:\/\/www.jdroadtrip.tv\/blog\/","logo":{"@type":"ImageObject","inLanguage":"fr-FR","@id":"https:\/\/www.jdroadtrip.tv\/blog\/#\/schema\/logo\/image\/","url":"https:\/\/www.jdroadtrip.tv\/blog\/wp-content\/uploads\/2023\/08\/Logo-HD-petit.png","contentUrl":"https:\/\/www.jdroadtrip.tv\/blog\/wp-content\/uploads\/2023\/08\/Logo-HD-petit.png","width":300,"height":300,"caption":"JDroadtrip - Blog de voyage pour voyager au f\u00e9minin !"},"image":{"@id":"https:\/\/www.jdroadtrip.tv\/blog\/#\/schema\/logo\/image\/"},"sameAs":["https:\/\/www.facebook.com\/JDRoadTrip","https:\/\/x.com\/JDroadtrip","https:\/\/instagram.com\/jdroadtrip\/","http:\/\/www.linkedin.com\/in\/jennydiab","https:\/\/www.pinterest.fr\/jdroadtrip\/","https:\/\/www.youtube.com\/channel\/UCerVm4aMyTj9AxDDWmSx9_g"],"description":"Blog de voyage pour les femmes qui voyagent \u00e0 travers le monde.","email":"contact@jdroadtrip.tv","legalName":"Jenny Diab","numberOfEmployees":{"@type":"QuantitativeValue","minValue":"1","maxValue":"10"}},{"@type":"Person","@id":"https:\/\/www.jdroadtrip.tv\/blog\/#\/schema\/person\/d204bfc7d00ba74276391d8e42b58a3e","name":"Jenny Diab","image":{"@type":"ImageObject","inLanguage":"fr-FR","@id":"https:\/\/www.jdroadtrip.tv\/blog\/#\/schema\/person\/image\/","url":"https:\/\/secure.gravatar.com\/avatar\/8c20b0655fdafee9c0df649069a458b1bde697487be3b0da4df8754f3de7042c?s=96&d=mm&r=g","contentUrl":"https:\/\/secure.gravatar.com\/avatar\/8c20b0655fdafee9c0df649069a458b1bde697487be3b0da4df8754f3de7042c?s=96&d=mm&r=g","caption":"Jenny Diab"},"description":"Cr\u00e9atrice du blog JDroadtrip.tv, je voyage seule \u00e0 travers le monde et je partage mes exp\u00e9riences de voyageuse solo. \u00c0 travers ce blog, je vous invite \u00e0 d\u00e9couvrir un maximum de bons plans et astuces (h\u00e9bergements, activit\u00e9s, restaurants, transports \u2026) pour pr\u00e9parer au mieux vos futurs voyages. Si vous \u00eates une fille qui voyage \u00e0 travers le monde, rejoignez la communaut\u00e9 Voyager au f\u00e9minin et si vous avez des questions, n'h\u00e9sitez pas \u00e0 \u00e0 me contacter. D\u00c9COUVREZ QUI SUIS-JE.","sameAs":["https:\/\/www.jdroadtrip.tv","https:\/\/www.facebook.com\/JDroadtrip","https:\/\/www.instagram.com\/jdroadtrip\/","https:\/\/www.linkedin.com\/in\/jennydiab","https:\/\/www.pinterest.com\/Jdroadtrip","https:\/\/x.com\/JDroadtrip"],"url":"https:\/\/www.jdroadtrip.tv\/blog\/author\/jd\/"}]}},"_links":{"self":[{"href":"https:\/\/www.jdroadtrip.tv\/blog\/wp-json\/wp\/v2\/posts\/34694","targetHints":{"allow":["GET"]}}],"collection":[{"href":"https:\/\/www.jdroadtrip.tv\/blog\/wp-json\/wp\/v2\/posts"}],"about":[{"href":"https:\/\/www.jdroadtrip.tv\/blog\/wp-json\/wp\/v2\/types\/post"}],"author":[{"embeddable":true,"href":"https:\/\/www.jdroadtrip.tv\/blog\/wp-json\/wp\/v2\/users\/1"}],"replies":[{"embeddable":true,"href":"https:\/\/www.jdroadtrip.tv\/blog\/wp-json\/wp\/v2\/comments?post=34694"}],"version-history":[{"count":0,"href":"https:\/\/www.jdroadtrip.tv\/blog\/wp-json\/wp\/v2\/posts\/34694\/revisions"}],"wp:featuredmedia":[{"embeddable":true,"href":"https:\/\/www.jdroadtrip.tv\/blog\/wp-json\/wp\/v2\/media\/34980"}],"wp:attachment":[{"href":"https:\/\/www.jdroadtrip.tv\/blog\/wp-json\/wp\/v2\/media?parent=34694"}],"wp:term":[{"taxonomy":"category","embeddable":true,"href":"https:\/\/www.jdroadtrip.tv\/blog\/wp-json\/wp\/v2\/categories?post=34694"},{"taxonomy":"post_tag","embeddable":true,"href":"https:\/\/www.jdroadtrip.tv\/blog\/wp-json\/wp\/v2\/tags?post=34694"},{"taxonomy":"table_tags","embeddable":true,"href":"https:\/\/www.jdroadtrip.tv\/blog\/wp-json\/wp\/v2\/table_tags?post=34694"}],"curies":[{"name":"wp","href":"https:\/\/api.w.org\/{rel}","templated":true}]}}