{"id":30870,"date":"2022-10-06T12:31:59","date_gmt":"2022-10-06T11:31:59","guid":{"rendered":"https:\/\/www.jdroadtrip.tv\/blog\/?p=30870"},"modified":"2025-09-21T08:33:30","modified_gmt":"2025-09-21T07:33:30","slug":"faire-un-sejour-dans-les-alpes-du-leman","status":"publish","type":"post","link":"https:\/\/www.jdroadtrip.tv\/blog\/faire-un-sejour-dans-les-alpes-du-leman\/","title":{"rendered":"Que faire dans les Alpes du L\u00e9man durant un week-end"},"content":{"rendered":"\t\t<div data-elementor-type=\"wp-post\" data-elementor-id=\"30870\" class=\"elementor elementor-30870\" data-elementor-post-type=\"post\">\n\t\t\t\t\t\t<section class=\"elementor-section elementor-top-section elementor-element elementor-element-d3d8c88 elementor-section-boxed elementor-section-height-default elementor-section-height-default\" data-id=\"d3d8c88\" data-element_type=\"section\">\n\t\t\t\t\t\t<div class=\"elementor-container elementor-column-gap-default\">\n\t\t\t\t\t<div class=\"elementor-column elementor-col-100 elementor-top-column elementor-element elementor-element-206ca32\" data-id=\"206ca32\" data-element_type=\"column\">\n\t\t\t<div class=\"elementor-widget-wrap elementor-element-populated\">\n\t\t\t\t\t\t<div class=\"elementor-element elementor-element-b0f8b69 elementor-widget elementor-widget-heading\" data-id=\"b0f8b69\" data-element_type=\"widget\" data-widget_type=\"heading.default\">\n\t\t\t\t<div class=\"elementor-widget-container\">\n\t\t\t\t\t<h2 class=\"elementor-heading-title elementor-size-default\">Faire un s\u00e9jour dans les Alpes du L\u00e9man<\/h2>\t\t\t\t<\/div>\n\t\t\t\t<\/div>\n\t\t\t\t<div class=\"elementor-element elementor-element-a791197 elementor-widget elementor-widget-text-editor\" data-id=\"a791197\" data-element_type=\"widget\" data-widget_type=\"text-editor.default\">\n\t\t\t\t<div class=\"elementor-widget-container\">\n\t\t\t\t\t\t\t\t\t<p style=\"text-align: justify;\"><em><span style=\"font-size: 18pt;\">Notre jolie <strong><a href=\"https:\/\/www.jdroadtrip.tv\/blog\/France\" target=\"_blank\" rel=\"noopener noreferrer\">France<\/a><\/strong> regorge de plein de beaux endroits \u00e0 d\u00e9couvrir, d&rsquo;ailleurs si vous aimez la montagne l&rsquo;\u00e9t\u00e9, je vous recommande de faire un s\u00e9jour dans les Alpes du L\u00e9man en Haute-Savoie. Je reviens tout juste d&rsquo;un sublime week-end o\u00f9 j&rsquo;ai pu tester divers <strong><a href=\"https:\/\/www.jdroadtrip.tv\/blog\/hebergements-insolites-dans-les-alpes-du-leman\/\" target=\"_blank\" rel=\"noopener noreferrer\">h\u00e9bergements insolites<\/a><\/strong> dans les Alpes du L\u00e9man, des activit\u00e9s assez diverses et vari\u00e9es \u00e0 faire et des belles adresses o\u00f9 manger.<\/span><\/em><\/p>\t\t\t\t\t\t\t\t<\/div>\n\t\t\t\t<\/div>\n\t\t\t\t<div class=\"elementor-element elementor-element-3932de1 elementor-widget elementor-widget-image\" data-id=\"3932de1\" data-element_type=\"widget\" data-widget_type=\"image.default\">\n\t\t\t\t<div class=\"elementor-widget-container\">\n\t\t\t\t\t\t\t\t\t\t\t\t\t\t\t<img fetchpriority=\"high\" decoding=\"async\" width=\"1500\" height=\"1125\" src=\"https:\/\/www.jdroadtrip.tv\/blog\/wp-content\/uploads\/2018\/07\/Leman-weekend4-1.jpg\" class=\"attachment-full size-full wp-image-30940\" alt=\"Alpes Du L\u00e9man\" srcset=\"https:\/\/www.jdroadtrip.tv\/blog\/wp-content\/uploads\/2018\/07\/Leman-weekend4-1.jpg 1500w, https:\/\/www.jdroadtrip.tv\/blog\/wp-content\/uploads\/2018\/07\/Leman-weekend4-1-300x225.jpg 300w, https:\/\/www.jdroadtrip.tv\/blog\/wp-content\/uploads\/2018\/07\/Leman-weekend4-1-800x600.jpg 800w, https:\/\/www.jdroadtrip.tv\/blog\/wp-content\/uploads\/2018\/07\/Leman-weekend4-1-250x188.jpg 250w, https:\/\/www.jdroadtrip.tv\/blog\/wp-content\/uploads\/2018\/07\/Leman-weekend4-1-768x576.jpg 768w, https:\/\/www.jdroadtrip.tv\/blog\/wp-content\/uploads\/2018\/07\/Leman-weekend4-1-760x570.jpg 760w, https:\/\/www.jdroadtrip.tv\/blog\/wp-content\/uploads\/2018\/07\/Leman-weekend4-1-380x285.jpg 380w, https:\/\/www.jdroadtrip.tv\/blog\/wp-content\/uploads\/2018\/07\/Leman-weekend4-1-94x72.jpg 94w, https:\/\/www.jdroadtrip.tv\/blog\/wp-content\/uploads\/2018\/07\/Leman-weekend4-1-253x189.jpg 253w\" sizes=\"(max-width: 1500px) 100vw, 1500px\" \/>\t\t\t\t\t\t\t\t\t\t\t\t\t\t\t<\/div>\n\t\t\t\t<\/div>\n\t\t\t\t\t<\/div>\n\t\t<\/div>\n\t\t\t\t\t<\/div>\n\t\t<\/section>\n\t\t\t\t<section class=\"elementor-section elementor-top-section elementor-element elementor-element-1b8f5a1 elementor-section-boxed elementor-section-height-default elementor-section-height-default\" data-id=\"1b8f5a1\" data-element_type=\"section\">\n\t\t\t\t\t\t<div class=\"elementor-container elementor-column-gap-default\">\n\t\t\t\t\t<div class=\"elementor-column elementor-col-100 elementor-top-column elementor-element elementor-element-f5ac041\" data-id=\"f5ac041\" data-element_type=\"column\">\n\t\t\t<div class=\"elementor-widget-wrap elementor-element-populated\">\n\t\t\t\t\t\t<div class=\"elementor-element elementor-element-e1db432 elementor-widget elementor-widget-text-editor\" data-id=\"e1db432\" data-element_type=\"widget\" data-widget_type=\"text-editor.default\">\n\t\t\t\t<div class=\"elementor-widget-container\">\n\t\t\t\t\t\t\t\t\t<h2 style=\"text-align: justify;\">Que voir dans les Alpes du L\u00e9man<\/h2><h3 style=\"text-align: justify;\">D\u00e9couvrir la Ferme du petit Mont<\/h3><p style=\"text-align: justify;\">Cette ferme est ouverte tous les jours au public, vous pouvez vous y balader et aller chouchouter un grand nombre d&rsquo;animaux tels que ch\u00e8vres, cochons, \u00e2nes, poules, oies, chevaux&#8230; <strong>D&rsquo;ailleurs, si vous venez en famille, passez \u00e0 l&rsquo;accueil, on vous conseillera pour rendre votre visite ludique pour les enfants.<\/strong> Voir la fabrication du fromage ou encore moudre du bl\u00e9, un endroit id\u00e9al pour montrer \u00e0 vos enfants comment tout fonctionne !<\/p><p style=\"text-align: justify;\">Cette ferme est multit\u00e2ches, c&rsquo;est tr\u00e8s impressionnant ! <strong>Ils poss\u00e8dent une boutique o\u00f9 ils fabriquent eux-m\u00eames plein de produits : fromages, confitures, jus de fruits, yaourt, p\u00e2t\u00e9s\u2026<\/strong> Vous allez forc\u00e9ment trouver votre bonheur !\u00a0\u00a0Plusieurs h\u00e9bergements sont \u00e9galement disponibles: chalets, cabane en bois perch\u00e9e dans les arbres et la bulle dans les champs.<\/p>\t\t\t\t\t\t\t\t<\/div>\n\t\t\t\t<\/div>\n\t\t\t\t<div class=\"elementor-element elementor-element-bac20ac elementor-widget elementor-widget-image\" data-id=\"bac20ac\" data-element_type=\"widget\" data-widget_type=\"image.default\">\n\t\t\t\t<div class=\"elementor-widget-container\">\n\t\t\t\t\t\t\t\t\t\t\t\t\t\t\t<img decoding=\"async\" width=\"1500\" height=\"1000\" src=\"https:\/\/www.jdroadtrip.tv\/blog\/wp-content\/uploads\/2018\/07\/AlpesLeman-1-15.jpg\" class=\"attachment-full size-full wp-image-30923\" alt=\"Alpes du L\u00e9man\" srcset=\"https:\/\/www.jdroadtrip.tv\/blog\/wp-content\/uploads\/2018\/07\/AlpesLeman-1-15.jpg 1500w, https:\/\/www.jdroadtrip.tv\/blog\/wp-content\/uploads\/2018\/07\/AlpesLeman-1-15-300x200.jpg 300w, https:\/\/www.jdroadtrip.tv\/blog\/wp-content\/uploads\/2018\/07\/AlpesLeman-1-15-800x533.jpg 800w, https:\/\/www.jdroadtrip.tv\/blog\/wp-content\/uploads\/2018\/07\/AlpesLeman-1-15-250x167.jpg 250w, https:\/\/www.jdroadtrip.tv\/blog\/wp-content\/uploads\/2018\/07\/AlpesLeman-1-15-768x512.jpg 768w, https:\/\/www.jdroadtrip.tv\/blog\/wp-content\/uploads\/2018\/07\/AlpesLeman-1-15-1170x780.jpg 1170w, https:\/\/www.jdroadtrip.tv\/blog\/wp-content\/uploads\/2018\/07\/AlpesLeman-1-15-585x390.jpg 585w, https:\/\/www.jdroadtrip.tv\/blog\/wp-content\/uploads\/2018\/07\/AlpesLeman-1-15-263x175.jpg 263w\" sizes=\"(max-width: 1500px) 100vw, 1500px\" \/>\t\t\t\t\t\t\t\t\t\t\t\t\t\t\t<\/div>\n\t\t\t\t<\/div>\n\t\t\t\t<div class=\"elementor-element elementor-element-a74817b elementor-widget elementor-widget-gallery\" data-id=\"a74817b\" data-element_type=\"widget\" data-settings=\"{&quot;columns&quot;:2,&quot;columns_mobile&quot;:2,&quot;lazyload&quot;:&quot;yes&quot;,&quot;gallery_layout&quot;:&quot;grid&quot;,&quot;columns_tablet&quot;:2,&quot;gap&quot;:{&quot;unit&quot;:&quot;px&quot;,&quot;size&quot;:10,&quot;sizes&quot;:[]},&quot;gap_tablet&quot;:{&quot;unit&quot;:&quot;px&quot;,&quot;size&quot;:10,&quot;sizes&quot;:[]},&quot;gap_mobile&quot;:{&quot;unit&quot;:&quot;px&quot;,&quot;size&quot;:10,&quot;sizes&quot;:[]},&quot;link_to&quot;:&quot;file&quot;,&quot;aspect_ratio&quot;:&quot;3:2&quot;,&quot;overlay_background&quot;:&quot;yes&quot;,&quot;content_hover_animation&quot;:&quot;fade-in&quot;}\" data-widget_type=\"gallery.default\">\n\t\t\t\t<div class=\"elementor-widget-container\">\n\t\t\t\t\t\t\t<div class=\"elementor-gallery__container\">\n\t\t\t\t\t\t\t<a class=\"e-gallery-item elementor-gallery-item elementor-animated-content\" href=\"https:\/\/www.jdroadtrip.tv\/blog\/wp-content\/uploads\/2018\/07\/AlpesLeman-1-5-1.jpg\" data-elementor-open-lightbox=\"yes\" data-elementor-lightbox-slideshow=\"a74817b\" data-elementor-lightbox-title=\"AlpesLeman-1-5\" data-e-action-hash=\"#elementor-action%3Aaction%3Dlightbox%26settings%3DeyJpZCI6MzA5MTgsInVybCI6Imh0dHBzOlwvXC93d3cuamRyb2FkdHJpcC50dlwvYmxvZ1wvd3AtY29udGVudFwvdXBsb2Fkc1wvMjAxOFwvMDdcL0FscGVzTGVtYW4tMS01LTEuanBnIiwic2xpZGVzaG93IjoiYTc0ODE3YiJ9\">\n\t\t\t\t\t<div class=\"e-gallery-image elementor-gallery-item__image\" data-thumbnail=\"https:\/\/www.jdroadtrip.tv\/blog\/wp-content\/uploads\/2018\/07\/AlpesLeman-1-5-1.jpg\" data-width=\"1500\" data-height=\"1000\" aria-label=\"\" role=\"img\" ><\/div>\n\t\t\t\t\t\t\t\t\t\t\t<div class=\"elementor-gallery-item__overlay\"><\/div>\n\t\t\t\t\t\t\t\t\t\t\t\t\t\t<\/a>\n\t\t\t\t\t\t\t<a class=\"e-gallery-item elementor-gallery-item elementor-animated-content\" href=\"https:\/\/www.jdroadtrip.tv\/blog\/wp-content\/uploads\/2018\/07\/AlpesLeman-1-6-1.jpg\" data-elementor-open-lightbox=\"yes\" data-elementor-lightbox-slideshow=\"a74817b\" data-elementor-lightbox-title=\"AlpesLeman-1-6\" data-e-action-hash=\"#elementor-action%3Aaction%3Dlightbox%26settings%3DeyJpZCI6MzA5MTksInVybCI6Imh0dHBzOlwvXC93d3cuamRyb2FkdHJpcC50dlwvYmxvZ1wvd3AtY29udGVudFwvdXBsb2Fkc1wvMjAxOFwvMDdcL0FscGVzTGVtYW4tMS02LTEuanBnIiwic2xpZGVzaG93IjoiYTc0ODE3YiJ9\">\n\t\t\t\t\t<div class=\"e-gallery-image elementor-gallery-item__image\" data-thumbnail=\"https:\/\/www.jdroadtrip.tv\/blog\/wp-content\/uploads\/2018\/07\/AlpesLeman-1-6-1.jpg\" data-width=\"1500\" data-height=\"1000\" aria-label=\"\" role=\"img\" ><\/div>\n\t\t\t\t\t\t\t\t\t\t\t<div class=\"elementor-gallery-item__overlay\"><\/div>\n\t\t\t\t\t\t\t\t\t\t\t\t\t\t<\/a>\n\t\t\t\t\t\t\t<a class=\"e-gallery-item elementor-gallery-item elementor-animated-content\" href=\"https:\/\/www.jdroadtrip.tv\/blog\/wp-content\/uploads\/2018\/07\/AlpesLeman-1-13.jpg\" data-elementor-open-lightbox=\"yes\" data-elementor-lightbox-slideshow=\"a74817b\" data-elementor-lightbox-title=\"AlpesLeman-1-13\" data-e-action-hash=\"#elementor-action%3Aaction%3Dlightbox%26settings%3DeyJpZCI6MzA5MjEsInVybCI6Imh0dHBzOlwvXC93d3cuamRyb2FkdHJpcC50dlwvYmxvZ1wvd3AtY29udGVudFwvdXBsb2Fkc1wvMjAxOFwvMDdcL0FscGVzTGVtYW4tMS0xMy5qcGciLCJzbGlkZXNob3ciOiJhNzQ4MTdiIn0%3D\">\n\t\t\t\t\t<div class=\"e-gallery-image elementor-gallery-item__image\" data-thumbnail=\"https:\/\/www.jdroadtrip.tv\/blog\/wp-content\/uploads\/2018\/07\/AlpesLeman-1-13.jpg\" data-width=\"1500\" data-height=\"1000\" aria-label=\"Alpes du L\u00e9man\" role=\"img\" ><\/div>\n\t\t\t\t\t\t\t\t\t\t\t<div class=\"elementor-gallery-item__overlay\"><\/div>\n\t\t\t\t\t\t\t\t\t\t\t\t\t\t<\/a>\n\t\t\t\t\t\t\t<a class=\"e-gallery-item elementor-gallery-item elementor-animated-content\" href=\"https:\/\/www.jdroadtrip.tv\/blog\/wp-content\/uploads\/2018\/07\/AlpesLeman-1-14.jpg\" data-elementor-open-lightbox=\"yes\" data-elementor-lightbox-slideshow=\"a74817b\" data-elementor-lightbox-title=\"AlpesLeman-1-14\" data-e-action-hash=\"#elementor-action%3Aaction%3Dlightbox%26settings%3DeyJpZCI6MzA5MjIsInVybCI6Imh0dHBzOlwvXC93d3cuamRyb2FkdHJpcC50dlwvYmxvZ1wvd3AtY29udGVudFwvdXBsb2Fkc1wvMjAxOFwvMDdcL0FscGVzTGVtYW4tMS0xNC5qcGciLCJzbGlkZXNob3ciOiJhNzQ4MTdiIn0%3D\">\n\t\t\t\t\t<div class=\"e-gallery-image elementor-gallery-item__image\" data-thumbnail=\"https:\/\/www.jdroadtrip.tv\/blog\/wp-content\/uploads\/2018\/07\/AlpesLeman-1-14.jpg\" data-width=\"1500\" data-height=\"1000\" aria-label=\"\" role=\"img\" ><\/div>\n\t\t\t\t\t\t\t\t\t\t\t<div class=\"elementor-gallery-item__overlay\"><\/div>\n\t\t\t\t\t\t\t\t\t\t\t\t\t\t<\/a>\n\t\t\t\t\t<\/div>\n\t\t\t\t\t<\/div>\n\t\t\t\t<\/div>\n\t\t\t\t<div class=\"elementor-element elementor-element-1b82c42 elementor-widget-divider--view-line elementor-widget elementor-widget-global elementor-global-41411 elementor-widget-divider\" data-id=\"1b82c42\" data-element_type=\"widget\" data-widget_type=\"divider.default\">\n\t\t\t\t<div class=\"elementor-widget-container\">\n\t\t\t\t\t\t\t<div class=\"elementor-divider\">\n\t\t\t<span class=\"elementor-divider-separator\">\n\t\t\t\t\t\t<\/span>\n\t\t<\/div>\n\t\t\t\t\t\t<\/div>\n\t\t\t\t<\/div>\n\t\t\t\t\t<\/div>\n\t\t<\/div>\n\t\t\t\t\t<\/div>\n\t\t<\/section>\n\t\t\t\t<section class=\"elementor-section elementor-top-section elementor-element elementor-element-3fb32f1 elementor-section-boxed elementor-section-height-default elementor-section-height-default\" data-id=\"3fb32f1\" data-element_type=\"section\">\n\t\t\t\t\t\t<div class=\"elementor-container elementor-column-gap-default\">\n\t\t\t\t\t<div class=\"elementor-column elementor-col-100 elementor-top-column elementor-element elementor-element-1777bab\" data-id=\"1777bab\" data-element_type=\"column\">\n\t\t\t<div class=\"elementor-widget-wrap elementor-element-populated\">\n\t\t\t\t\t\t<div class=\"elementor-element elementor-element-67de3f1 elementor-widget elementor-widget-text-editor\" data-id=\"67de3f1\" data-element_type=\"widget\" data-widget_type=\"text-editor.default\">\n\t\t\t\t<div class=\"elementor-widget-container\">\n\t\t\t\t\t\t\t\t\t<h3 style=\"text-align: justify;\">Balade autour du Lac de Vallon<\/h3><p style=\"text-align: justify;\">Situ\u00e9 dans la commune de Bellevaux, ce magnifique lac de montagne en vaut vraiment le d\u00e9tour. Son eau \u00e9meraude vous s\u00e9duira avec une vue imprenable sur les rocheuses du Roc d&rsquo;enfer. Le genre de panoramique que j&rsquo;adore ! <strong>Le tour du lac se fait tr\u00e8s facilement (1h30), aucune difficult\u00e9, vous traverserez les alpages, si les vaches sont dans le coin, vous les entendrez tr\u00e8s rapidement, \u00e0 cause de leurs grosses cloches, c&rsquo;est un vrai concerto !<\/strong> En fin de parcours, vous pourrez voir la chapelle Saint-Bruno et dehors une fontaine d&rsquo;eau fraiche, id\u00e9ale quand le soleil tape ! Vous pouvez le faire \u00e0 pied, \u00e0 v\u00e9lo, en quad selon votre humeur. Une balade incontournable lors de votre s\u00e9jour dans les Alpes du L\u00e9man.<\/p>\t\t\t\t\t\t\t\t<\/div>\n\t\t\t\t<\/div>\n\t\t\t\t<div class=\"elementor-element elementor-element-166afa2 elementor-widget elementor-widget-image\" data-id=\"166afa2\" data-element_type=\"widget\" data-widget_type=\"image.default\">\n\t\t\t\t<div class=\"elementor-widget-container\">\n\t\t\t\t\t\t\t\t\t\t\t\t\t\t\t<img decoding=\"async\" width=\"1500\" height=\"1000\" src=\"https:\/\/www.jdroadtrip.tv\/blog\/wp-content\/uploads\/2018\/07\/AlpesLeman-1-22.jpg\" class=\"attachment-full size-full wp-image-30928\" alt=\"\" srcset=\"https:\/\/www.jdroadtrip.tv\/blog\/wp-content\/uploads\/2018\/07\/AlpesLeman-1-22.jpg 1500w, https:\/\/www.jdroadtrip.tv\/blog\/wp-content\/uploads\/2018\/07\/AlpesLeman-1-22-300x200.jpg 300w, https:\/\/www.jdroadtrip.tv\/blog\/wp-content\/uploads\/2018\/07\/AlpesLeman-1-22-800x533.jpg 800w, https:\/\/www.jdroadtrip.tv\/blog\/wp-content\/uploads\/2018\/07\/AlpesLeman-1-22-250x167.jpg 250w, https:\/\/www.jdroadtrip.tv\/blog\/wp-content\/uploads\/2018\/07\/AlpesLeman-1-22-768x512.jpg 768w, https:\/\/www.jdroadtrip.tv\/blog\/wp-content\/uploads\/2018\/07\/AlpesLeman-1-22-566x377.jpg 566w, https:\/\/www.jdroadtrip.tv\/blog\/wp-content\/uploads\/2018\/07\/AlpesLeman-1-22-390x260.jpg 390w, https:\/\/www.jdroadtrip.tv\/blog\/wp-content\/uploads\/2018\/07\/AlpesLeman-1-22-103x68.jpg 103w\" sizes=\"(max-width: 1500px) 100vw, 1500px\" \/>\t\t\t\t\t\t\t\t\t\t\t\t\t\t\t<\/div>\n\t\t\t\t<\/div>\n\t\t\t\t<div class=\"elementor-element elementor-element-87657ab elementor-widget elementor-widget-gallery\" data-id=\"87657ab\" data-element_type=\"widget\" data-settings=\"{&quot;gallery_layout&quot;:&quot;masonry&quot;,&quot;columns&quot;:3,&quot;columns_tablet&quot;:3,&quot;columns_mobile&quot;:3,&quot;lazyload&quot;:&quot;yes&quot;,&quot;gap&quot;:{&quot;unit&quot;:&quot;px&quot;,&quot;size&quot;:10,&quot;sizes&quot;:[]},&quot;gap_tablet&quot;:{&quot;unit&quot;:&quot;px&quot;,&quot;size&quot;:10,&quot;sizes&quot;:[]},&quot;gap_mobile&quot;:{&quot;unit&quot;:&quot;px&quot;,&quot;size&quot;:10,&quot;sizes&quot;:[]},&quot;link_to&quot;:&quot;file&quot;,&quot;overlay_background&quot;:&quot;yes&quot;,&quot;content_hover_animation&quot;:&quot;fade-in&quot;}\" data-widget_type=\"gallery.default\">\n\t\t\t\t<div class=\"elementor-widget-container\">\n\t\t\t\t\t\t\t<div class=\"elementor-gallery__container\">\n\t\t\t\t\t\t\t<a class=\"e-gallery-item elementor-gallery-item elementor-animated-content\" href=\"https:\/\/www.jdroadtrip.tv\/blog\/wp-content\/uploads\/2018\/07\/AlpesLeman-1-24.jpg\" data-elementor-open-lightbox=\"yes\" data-elementor-lightbox-slideshow=\"87657ab\" data-elementor-lightbox-title=\"AlpesLeman-1-24\" data-e-action-hash=\"#elementor-action%3Aaction%3Dlightbox%26settings%3DeyJpZCI6MzA5MjksInVybCI6Imh0dHBzOlwvXC93d3cuamRyb2FkdHJpcC50dlwvYmxvZ1wvd3AtY29udGVudFwvdXBsb2Fkc1wvMjAxOFwvMDdcL0FscGVzTGVtYW4tMS0yNC5qcGciLCJzbGlkZXNob3ciOiI4NzY1N2FiIn0%3D\">\n\t\t\t\t\t<div class=\"e-gallery-image elementor-gallery-item__image\" data-thumbnail=\"https:\/\/www.jdroadtrip.tv\/blog\/wp-content\/uploads\/2018\/07\/AlpesLeman-1-24.jpg\" data-width=\"1500\" data-height=\"1000\" aria-label=\"\" role=\"img\" ><\/div>\n\t\t\t\t\t\t\t\t\t\t\t<div class=\"elementor-gallery-item__overlay\"><\/div>\n\t\t\t\t\t\t\t\t\t\t\t\t\t\t<\/a>\n\t\t\t\t\t\t\t<a class=\"e-gallery-item elementor-gallery-item elementor-animated-content\" href=\"https:\/\/www.jdroadtrip.tv\/blog\/wp-content\/uploads\/2018\/07\/AlpesLeman-1-28.jpg\" data-elementor-open-lightbox=\"yes\" data-elementor-lightbox-slideshow=\"87657ab\" data-elementor-lightbox-title=\"AlpesLeman-1-28\" data-e-action-hash=\"#elementor-action%3Aaction%3Dlightbox%26settings%3DeyJpZCI6MzA5MzEsInVybCI6Imh0dHBzOlwvXC93d3cuamRyb2FkdHJpcC50dlwvYmxvZ1wvd3AtY29udGVudFwvdXBsb2Fkc1wvMjAxOFwvMDdcL0FscGVzTGVtYW4tMS0yOC5qcGciLCJzbGlkZXNob3ciOiI4NzY1N2FiIn0%3D\">\n\t\t\t\t\t<div class=\"e-gallery-image elementor-gallery-item__image\" data-thumbnail=\"https:\/\/www.jdroadtrip.tv\/blog\/wp-content\/uploads\/2018\/07\/AlpesLeman-1-28.jpg\" data-width=\"1500\" data-height=\"1000\" aria-label=\"\" role=\"img\" ><\/div>\n\t\t\t\t\t\t\t\t\t\t\t<div class=\"elementor-gallery-item__overlay\"><\/div>\n\t\t\t\t\t\t\t\t\t\t\t\t\t\t<\/a>\n\t\t\t\t\t\t\t<a class=\"e-gallery-item elementor-gallery-item elementor-animated-content\" href=\"https:\/\/www.jdroadtrip.tv\/blog\/wp-content\/uploads\/2018\/07\/Alpes-Leman-3-9.jpg\" data-elementor-open-lightbox=\"yes\" data-elementor-lightbox-slideshow=\"87657ab\" data-elementor-lightbox-title=\"Alpes-Leman-3-9\" data-e-action-hash=\"#elementor-action%3Aaction%3Dlightbox%26settings%3DeyJpZCI6MzA5MzMsInVybCI6Imh0dHBzOlwvXC93d3cuamRyb2FkdHJpcC50dlwvYmxvZ1wvd3AtY29udGVudFwvdXBsb2Fkc1wvMjAxOFwvMDdcL0FscGVzLUxlbWFuLTMtOS5qcGciLCJzbGlkZXNob3ciOiI4NzY1N2FiIn0%3D\">\n\t\t\t\t\t<div class=\"e-gallery-image elementor-gallery-item__image\" data-thumbnail=\"https:\/\/www.jdroadtrip.tv\/blog\/wp-content\/uploads\/2018\/07\/Alpes-Leman-3-9.jpg\" data-width=\"1500\" data-height=\"1000\" aria-label=\"\" role=\"img\" ><\/div>\n\t\t\t\t\t\t\t\t\t\t\t<div class=\"elementor-gallery-item__overlay\"><\/div>\n\t\t\t\t\t\t\t\t\t\t\t\t\t\t<\/a>\n\t\t\t\t\t<\/div>\n\t\t\t\t\t<\/div>\n\t\t\t\t<\/div>\n\t\t\t\t<div class=\"elementor-element elementor-element-9f17f98 elementor-widget-divider--view-line elementor-widget elementor-widget-global elementor-global-41411 elementor-widget-divider\" data-id=\"9f17f98\" data-element_type=\"widget\" data-widget_type=\"divider.default\">\n\t\t\t\t<div class=\"elementor-widget-container\">\n\t\t\t\t\t\t\t<div class=\"elementor-divider\">\n\t\t\t<span class=\"elementor-divider-separator\">\n\t\t\t\t\t\t<\/span>\n\t\t<\/div>\n\t\t\t\t\t\t<\/div>\n\t\t\t\t<\/div>\n\t\t\t\t\t<\/div>\n\t\t<\/div>\n\t\t\t\t\t<\/div>\n\t\t<\/section>\n\t\t\t\t<section class=\"elementor-section elementor-top-section elementor-element elementor-element-9da671d elementor-section-boxed elementor-section-height-default elementor-section-height-default\" data-id=\"9da671d\" data-element_type=\"section\">\n\t\t\t\t\t\t<div class=\"elementor-container elementor-column-gap-default\">\n\t\t\t\t\t<div class=\"elementor-column elementor-col-100 elementor-top-column elementor-element elementor-element-3e14958\" data-id=\"3e14958\" data-element_type=\"column\">\n\t\t\t<div class=\"elementor-widget-wrap elementor-element-populated\">\n\t\t\t\t\t\t<div class=\"elementor-element elementor-element-bb118f1 elementor-widget elementor-widget-text-editor\" data-id=\"bb118f1\" data-element_type=\"widget\" data-widget_type=\"text-editor.default\">\n\t\t\t\t<div class=\"elementor-widget-container\">\n\t\t\t\t\t\t\t\t\t<h3 style=\"text-align: justify;\">Vol d\u2019initiation en planeur, sensations garanties<\/h3><p style=\"text-align: justify;\">Situ\u00e9e sur le Plateau des Moises \u00e0 Hab\u00e8re-Poche, j&rsquo;ai eu la chance de faire un vol d&rsquo;initiation en planeur, certainement l&rsquo;une de mes plus belles exp\u00e9riences, une folie que je vous recommande ! Une vue sur le lac L\u00e9man, le mont Blanc et toute la vall\u00e9e, un cadre exceptionnel. <strong>Je suis pass\u00e9e de 0 \u00e0 x m\u00e8tres en un fragment de seconde donc vous sentez la pression, mais \u00e0 aucun moment, je ne me suis sentie mal.<\/strong> D&rsquo;ailleurs comme j&rsquo;\u00e9tais \u00e0 l&rsquo;aise, le pilote a fait une pointe de vitesse \u00e0 150km\/h et un virage tr\u00e8s serr\u00e9 pour avoir une jolie vue en 360\u00b0. Le d\u00e9collage est impressionnant d&rsquo;int\u00e9rieur comme d&rsquo;ext\u00e9rieur et les sensations sont g\u00e9niales ! C&rsquo;est l&rsquo;une des activit\u00e9s \u00e0 faire si vous venez faire un s\u00e9jour dans les Alpes du L\u00e9man.<strong><span class=\"text_exposed_show\"> <a href=\"https:\/\/www.facebook.com\/planeurlemanmontblanc\" target=\"_blank\" rel=\"noopener noreferrer\">Plus d&rsquo;informations sur Planeur74.<\/a><\/span><\/strong><\/p>\t\t\t\t\t\t\t\t<\/div>\n\t\t\t\t<\/div>\n\t\t\t\t<div class=\"elementor-element elementor-element-e8844ef elementor-widget elementor-widget-image\" data-id=\"e8844ef\" data-element_type=\"widget\" data-widget_type=\"image.default\">\n\t\t\t\t<div class=\"elementor-widget-container\">\n\t\t\t\t\t\t\t\t\t\t\t\t\t\t\t<img loading=\"lazy\" decoding=\"async\" width=\"1500\" height=\"1000\" src=\"https:\/\/www.jdroadtrip.tv\/blog\/wp-content\/uploads\/2018\/07\/AlpesLeman-1-19.jpg\" class=\"attachment-full size-full wp-image-30926\" alt=\"Alpes du L\u00e9man - Planneur\" srcset=\"https:\/\/www.jdroadtrip.tv\/blog\/wp-content\/uploads\/2018\/07\/AlpesLeman-1-19.jpg 1500w, https:\/\/www.jdroadtrip.tv\/blog\/wp-content\/uploads\/2018\/07\/AlpesLeman-1-19-300x200.jpg 300w, https:\/\/www.jdroadtrip.tv\/blog\/wp-content\/uploads\/2018\/07\/AlpesLeman-1-19-800x533.jpg 800w, https:\/\/www.jdroadtrip.tv\/blog\/wp-content\/uploads\/2018\/07\/AlpesLeman-1-19-250x167.jpg 250w, https:\/\/www.jdroadtrip.tv\/blog\/wp-content\/uploads\/2018\/07\/AlpesLeman-1-19-768x512.jpg 768w, https:\/\/www.jdroadtrip.tv\/blog\/wp-content\/uploads\/2018\/07\/AlpesLeman-1-19-1170x780.jpg 1170w, https:\/\/www.jdroadtrip.tv\/blog\/wp-content\/uploads\/2018\/07\/AlpesLeman-1-19-585x390.jpg 585w, https:\/\/www.jdroadtrip.tv\/blog\/wp-content\/uploads\/2018\/07\/AlpesLeman-1-19-263x175.jpg 263w\" sizes=\"(max-width: 1500px) 100vw, 1500px\" \/>\t\t\t\t\t\t\t\t\t\t\t\t\t\t\t<\/div>\n\t\t\t\t<\/div>\n\t\t\t\t<div class=\"elementor-element elementor-element-5cea22d elementor-widget elementor-widget-gallery\" data-id=\"5cea22d\" data-element_type=\"widget\" data-settings=\"{&quot;columns&quot;:2,&quot;columns_mobile&quot;:2,&quot;lazyload&quot;:&quot;yes&quot;,&quot;gallery_layout&quot;:&quot;grid&quot;,&quot;columns_tablet&quot;:2,&quot;gap&quot;:{&quot;unit&quot;:&quot;px&quot;,&quot;size&quot;:10,&quot;sizes&quot;:[]},&quot;gap_tablet&quot;:{&quot;unit&quot;:&quot;px&quot;,&quot;size&quot;:10,&quot;sizes&quot;:[]},&quot;gap_mobile&quot;:{&quot;unit&quot;:&quot;px&quot;,&quot;size&quot;:10,&quot;sizes&quot;:[]},&quot;link_to&quot;:&quot;file&quot;,&quot;aspect_ratio&quot;:&quot;3:2&quot;,&quot;overlay_background&quot;:&quot;yes&quot;,&quot;content_hover_animation&quot;:&quot;fade-in&quot;}\" data-widget_type=\"gallery.default\">\n\t\t\t\t<div class=\"elementor-widget-container\">\n\t\t\t\t\t\t\t<div class=\"elementor-gallery__container\">\n\t\t\t\t\t\t\t<a class=\"e-gallery-item elementor-gallery-item elementor-animated-content\" href=\"https:\/\/www.jdroadtrip.tv\/blog\/wp-content\/uploads\/2018\/07\/AlpesLeman-1-16.jpg\" data-elementor-open-lightbox=\"yes\" data-elementor-lightbox-slideshow=\"5cea22d\" data-elementor-lightbox-title=\"AlpesLeman-1-16\" data-e-action-hash=\"#elementor-action%3Aaction%3Dlightbox%26settings%3DeyJpZCI6MzA5MjQsInVybCI6Imh0dHBzOlwvXC93d3cuamRyb2FkdHJpcC50dlwvYmxvZ1wvd3AtY29udGVudFwvdXBsb2Fkc1wvMjAxOFwvMDdcL0FscGVzTGVtYW4tMS0xNi5qcGciLCJzbGlkZXNob3ciOiI1Y2VhMjJkIn0%3D\">\n\t\t\t\t\t<div class=\"e-gallery-image elementor-gallery-item__image\" data-thumbnail=\"https:\/\/www.jdroadtrip.tv\/blog\/wp-content\/uploads\/2018\/07\/AlpesLeman-1-16.jpg\" data-width=\"1500\" data-height=\"1000\" aria-label=\"\" role=\"img\" ><\/div>\n\t\t\t\t\t\t\t\t\t\t\t<div class=\"elementor-gallery-item__overlay\"><\/div>\n\t\t\t\t\t\t\t\t\t\t\t\t\t\t<\/a>\n\t\t\t\t\t\t\t<a class=\"e-gallery-item elementor-gallery-item elementor-animated-content\" href=\"https:\/\/www.jdroadtrip.tv\/blog\/wp-content\/uploads\/2018\/07\/AlpesLeman-1-18.jpg\" data-elementor-open-lightbox=\"yes\" data-elementor-lightbox-slideshow=\"5cea22d\" data-elementor-lightbox-title=\"AlpesLeman-1-18\" data-e-action-hash=\"#elementor-action%3Aaction%3Dlightbox%26settings%3DeyJpZCI6MzA5MjUsInVybCI6Imh0dHBzOlwvXC93d3cuamRyb2FkdHJpcC50dlwvYmxvZ1wvd3AtY29udGVudFwvdXBsb2Fkc1wvMjAxOFwvMDdcL0FscGVzTGVtYW4tMS0xOC5qcGciLCJzbGlkZXNob3ciOiI1Y2VhMjJkIn0%3D\">\n\t\t\t\t\t<div class=\"e-gallery-image elementor-gallery-item__image\" data-thumbnail=\"https:\/\/www.jdroadtrip.tv\/blog\/wp-content\/uploads\/2018\/07\/AlpesLeman-1-18.jpg\" data-width=\"1500\" data-height=\"1000\" aria-label=\"\" role=\"img\" ><\/div>\n\t\t\t\t\t\t\t\t\t\t\t<div class=\"elementor-gallery-item__overlay\"><\/div>\n\t\t\t\t\t\t\t\t\t\t\t\t\t\t<\/a>\n\t\t\t\t\t<\/div>\n\t\t\t\t\t<\/div>\n\t\t\t\t<\/div>\n\t\t\t\t<div class=\"elementor-element elementor-element-3399233 elementor-widget-divider--view-line elementor-widget elementor-widget-global elementor-global-41411 elementor-widget-divider\" data-id=\"3399233\" data-element_type=\"widget\" data-widget_type=\"divider.default\">\n\t\t\t\t<div class=\"elementor-widget-container\">\n\t\t\t\t\t\t\t<div class=\"elementor-divider\">\n\t\t\t<span class=\"elementor-divider-separator\">\n\t\t\t\t\t\t<\/span>\n\t\t<\/div>\n\t\t\t\t\t\t<\/div>\n\t\t\t\t<\/div>\n\t\t\t\t\t<\/div>\n\t\t<\/div>\n\t\t\t\t\t<\/div>\n\t\t<\/section>\n\t\t\t\t<section class=\"elementor-section elementor-top-section elementor-element elementor-element-8bd0260 elementor-section-boxed elementor-section-height-default elementor-section-height-default\" data-id=\"8bd0260\" data-element_type=\"section\">\n\t\t\t\t\t\t<div class=\"elementor-container elementor-column-gap-default\">\n\t\t\t\t\t<div class=\"elementor-column elementor-col-100 elementor-top-column elementor-element elementor-element-f330b71\" data-id=\"f330b71\" data-element_type=\"column\">\n\t\t\t<div class=\"elementor-widget-wrap elementor-element-populated\">\n\t\t\t\t\t\t<div class=\"elementor-element elementor-element-5d1738c elementor-widget elementor-widget-text-editor\" data-id=\"5d1738c\" data-element_type=\"widget\" data-widget_type=\"text-editor.default\">\n\t\t\t\t<div class=\"elementor-widget-container\">\n\t\t\t\t\t\t\t\t\t<h3 style=\"text-align: justify;\">Faire de la Via Ferrata<\/h3><p style=\"text-align: justify;\">Initiation de la Via Ferrata sur le long de la paroi de la cascade des Nants \u00e0 Bellevaux. \u00c9videmment il ne faut pas avoir peur du vide, car on enchaine une succession de poutres et de ponts suspendus qui surplombe les chutes d&rsquo;eau. <strong>Le cadre est tr\u00e8s agr\u00e9able, surtout l&rsquo;\u00e9t\u00e9 si vous recherchez un endroit frais et selon votre niveau, vous pouvez choisir le parcours.<\/strong> \u00c0 cause de ma fatigue, je n&rsquo;ai pas pu tenter l&rsquo;exp\u00e9rience, trop peur de me faire mal, mais j&rsquo;ai pu voir une partie du parcours et le lieu.<strong> <a href=\"https:\/\/www.alpesduleman.com\/via-ferrata-la-cascade-des-nants.html\" target=\"_blank\" rel=\"noopener noreferrer\">Plus d&rsquo;informations sur la Via Ferrata.<\/a><\/strong><\/p>\t\t\t\t\t\t\t\t<\/div>\n\t\t\t\t<\/div>\n\t\t\t\t<div class=\"elementor-element elementor-element-ddae48d elementor-widget elementor-widget-image\" data-id=\"ddae48d\" data-element_type=\"widget\" data-widget_type=\"image.default\">\n\t\t\t\t<div class=\"elementor-widget-container\">\n\t\t\t\t\t\t\t\t\t\t\t\t\t\t\t<img loading=\"lazy\" decoding=\"async\" width=\"1500\" height=\"1001\" src=\"https:\/\/www.jdroadtrip.tv\/blog\/wp-content\/uploads\/2018\/07\/via-ferrata.jpg\" class=\"attachment-full size-full wp-image-30941\" alt=\"\" srcset=\"https:\/\/www.jdroadtrip.tv\/blog\/wp-content\/uploads\/2018\/07\/via-ferrata.jpg 1500w, https:\/\/www.jdroadtrip.tv\/blog\/wp-content\/uploads\/2018\/07\/via-ferrata-300x200.jpg 300w, https:\/\/www.jdroadtrip.tv\/blog\/wp-content\/uploads\/2018\/07\/via-ferrata-800x534.jpg 800w, https:\/\/www.jdroadtrip.tv\/blog\/wp-content\/uploads\/2018\/07\/via-ferrata-250x167.jpg 250w, https:\/\/www.jdroadtrip.tv\/blog\/wp-content\/uploads\/2018\/07\/via-ferrata-768x513.jpg 768w, https:\/\/www.jdroadtrip.tv\/blog\/wp-content\/uploads\/2018\/07\/via-ferrata-1170x781.jpg 1170w, https:\/\/www.jdroadtrip.tv\/blog\/wp-content\/uploads\/2018\/07\/via-ferrata-585x390.jpg 585w, https:\/\/www.jdroadtrip.tv\/blog\/wp-content\/uploads\/2018\/07\/via-ferrata-263x175.jpg 263w\" sizes=\"(max-width: 1500px) 100vw, 1500px\" \/>\t\t\t\t\t\t\t\t\t\t\t\t\t\t\t<\/div>\n\t\t\t\t<\/div>\n\t\t\t\t<div class=\"elementor-element elementor-element-e59760c elementor-widget-divider--view-line elementor-widget elementor-widget-global elementor-global-41411 elementor-widget-divider\" data-id=\"e59760c\" data-element_type=\"widget\" data-widget_type=\"divider.default\">\n\t\t\t\t<div class=\"elementor-widget-container\">\n\t\t\t\t\t\t\t<div class=\"elementor-divider\">\n\t\t\t<span class=\"elementor-divider-separator\">\n\t\t\t\t\t\t<\/span>\n\t\t<\/div>\n\t\t\t\t\t\t<\/div>\n\t\t\t\t<\/div>\n\t\t\t\t\t<\/div>\n\t\t<\/div>\n\t\t\t\t\t<\/div>\n\t\t<\/section>\n\t\t\t\t<section class=\"elementor-section elementor-top-section elementor-element elementor-element-c76dcfa elementor-section-boxed elementor-section-height-default elementor-section-height-default\" data-id=\"c76dcfa\" data-element_type=\"section\">\n\t\t\t\t\t\t<div class=\"elementor-container elementor-column-gap-default\">\n\t\t\t\t\t<div class=\"elementor-column elementor-col-100 elementor-top-column elementor-element elementor-element-05c817c\" data-id=\"05c817c\" data-element_type=\"column\">\n\t\t\t<div class=\"elementor-widget-wrap elementor-element-populated\">\n\t\t\t\t\t\t<div class=\"elementor-element elementor-element-7473fa4 elementor-widget elementor-widget-text-editor\" data-id=\"7473fa4\" data-element_type=\"widget\" data-widget_type=\"text-editor.default\">\n\t\t\t\t<div class=\"elementor-widget-container\">\n\t\t\t\t\t\t\t\t\t<h3 style=\"text-align: justify;\">Faire une sortie en VTT \u00e9lectrique<\/h3><p style=\"text-align: justify;\">Une balade de 4h00 en VTT \u00e9lectrique entre le Col des Moises et le Col du feu en passant par l\u2019alpage de Tr\u00e9cout et\u00a0\u00a0l\u2019Alpage de Tr\u00e8s le Mont ! Plusieurs spots avec une vue incroyable sur le lac L\u00e9man. <strong>C\u2019est une super exp\u00e9rience de passer dans les champs sans difficult\u00e9, cailloux, boue, herbes, eaux, tout y passe sans avoir peur de tomber !<\/strong> Il n\u2019y a personne donc on peut profiter de la nature et entendre les cloches des vaches au loin. Quelques d\u00e9nivel\u00e9es qui se font assez facilement avec l\u2019assistance &#8230; un vrai kiff de faire \u00e7a en montagne ! <strong><a href=\"http:\/\/foyerdesmoises.com\/\" target=\"_blank\" rel=\"noopener noreferrer\">Plus d&rsquo;informations sur le Foyer des Moises.<\/a><\/strong><\/p>\t\t\t\t\t\t\t\t<\/div>\n\t\t\t\t<\/div>\n\t\t\t\t<div class=\"elementor-element elementor-element-4121554 elementor-widget elementor-widget-image\" data-id=\"4121554\" data-element_type=\"widget\" data-widget_type=\"image.default\">\n\t\t\t\t<div class=\"elementor-widget-container\">\n\t\t\t\t\t\t\t\t\t\t\t\t\t\t\t<img loading=\"lazy\" decoding=\"async\" width=\"1500\" height=\"1000\" src=\"https:\/\/www.jdroadtrip.tv\/blog\/wp-content\/uploads\/2018\/07\/Alpes-Leman-3-12.jpg\" class=\"attachment-full size-full wp-image-30936\" alt=\"Alpes du L\u00e9man - Balade \u00e0 v\u00e9lo\" srcset=\"https:\/\/www.jdroadtrip.tv\/blog\/wp-content\/uploads\/2018\/07\/Alpes-Leman-3-12.jpg 1500w, https:\/\/www.jdroadtrip.tv\/blog\/wp-content\/uploads\/2018\/07\/Alpes-Leman-3-12-300x200.jpg 300w, https:\/\/www.jdroadtrip.tv\/blog\/wp-content\/uploads\/2018\/07\/Alpes-Leman-3-12-800x533.jpg 800w, https:\/\/www.jdroadtrip.tv\/blog\/wp-content\/uploads\/2018\/07\/Alpes-Leman-3-12-250x167.jpg 250w, https:\/\/www.jdroadtrip.tv\/blog\/wp-content\/uploads\/2018\/07\/Alpes-Leman-3-12-768x512.jpg 768w, https:\/\/www.jdroadtrip.tv\/blog\/wp-content\/uploads\/2018\/07\/Alpes-Leman-3-12-1170x780.jpg 1170w, https:\/\/www.jdroadtrip.tv\/blog\/wp-content\/uploads\/2018\/07\/Alpes-Leman-3-12-585x390.jpg 585w, https:\/\/www.jdroadtrip.tv\/blog\/wp-content\/uploads\/2018\/07\/Alpes-Leman-3-12-263x175.jpg 263w\" sizes=\"(max-width: 1500px) 100vw, 1500px\" \/>\t\t\t\t\t\t\t\t\t\t\t\t\t\t\t<\/div>\n\t\t\t\t<\/div>\n\t\t\t\t<div class=\"elementor-element elementor-element-db20657 elementor-widget-divider--view-line elementor-widget elementor-widget-global elementor-global-41411 elementor-widget-divider\" data-id=\"db20657\" data-element_type=\"widget\" data-widget_type=\"divider.default\">\n\t\t\t\t<div class=\"elementor-widget-container\">\n\t\t\t\t\t\t\t<div class=\"elementor-divider\">\n\t\t\t<span class=\"elementor-divider-separator\">\n\t\t\t\t\t\t<\/span>\n\t\t<\/div>\n\t\t\t\t\t\t<\/div>\n\t\t\t\t<\/div>\n\t\t\t\t\t<\/div>\n\t\t<\/div>\n\t\t\t\t\t<\/div>\n\t\t<\/section>\n\t\t\t\t<section class=\"elementor-section elementor-top-section elementor-element elementor-element-400f3bd elementor-section-boxed elementor-section-height-default elementor-section-height-default\" data-id=\"400f3bd\" data-element_type=\"section\">\n\t\t\t\t\t\t<div class=\"elementor-container elementor-column-gap-default\">\n\t\t\t\t\t<div class=\"elementor-column elementor-col-100 elementor-top-column elementor-element elementor-element-2bc3aad\" data-id=\"2bc3aad\" data-element_type=\"column\">\n\t\t\t<div class=\"elementor-widget-wrap elementor-element-populated\">\n\t\t\t\t\t\t<div class=\"elementor-element elementor-element-c6dbf76 elementor-widget elementor-widget-text-editor\" data-id=\"c6dbf76\" data-element_type=\"widget\" data-widget_type=\"text-editor.default\">\n\t\t\t\t<div class=\"elementor-widget-container\">\n\t\t\t\t\t\t\t\t\t<h3 style=\"text-align: justify;\">Atelier grimper dans les arbres<\/h3><p style=\"text-align: justify;\">C&rsquo;est une activit\u00e9 assez insolite, il faut r\u00e9ellement aimer la nature, \u00eatre \u00e0 l&rsquo;aise avec le vide et ne pas avoir peur de la hauteur pour monter aux arbres ! <strong>Une exp\u00e9rience assez surprenante, car le but est d&rsquo;\u00eatre suspendu \u00e0 une branche arbre et de grimper \u00e0 la force des jambes et des bras.<\/strong> Si vous \u00eates au taquet, vous pouvez monter \u00e0 la cime des arbres, sortir la t\u00eate et admirer la magnifique vue de la vall\u00e9e verte.<\/p><p style=\"text-align: justify;\">Si l&rsquo;envie vous dit de pousser plus la chose, il est possible de passer une nuit dans un hamac suspendu aux arbres, un moment inoubliable ! Vous serez en totale osmose avec la nature ! <strong><a href=\"https:\/\/www.facebook.com\/lacordejoux\/?locale=fr_FR\" target=\"_blank\" rel=\"noopener noreferrer\">Plus d&rsquo;informations sur La Corde Joux.<\/a><\/strong><\/p>\t\t\t\t\t\t\t\t<\/div>\n\t\t\t\t<\/div>\n\t\t\t\t<div class=\"elementor-element elementor-element-fc1cfe9 elementor-widget elementor-widget-gallery\" data-id=\"fc1cfe9\" data-element_type=\"widget\" data-settings=\"{&quot;columns&quot;:2,&quot;lazyload&quot;:&quot;yes&quot;,&quot;gallery_layout&quot;:&quot;grid&quot;,&quot;columns_tablet&quot;:2,&quot;columns_mobile&quot;:1,&quot;gap&quot;:{&quot;unit&quot;:&quot;px&quot;,&quot;size&quot;:10,&quot;sizes&quot;:[]},&quot;gap_tablet&quot;:{&quot;unit&quot;:&quot;px&quot;,&quot;size&quot;:10,&quot;sizes&quot;:[]},&quot;gap_mobile&quot;:{&quot;unit&quot;:&quot;px&quot;,&quot;size&quot;:10,&quot;sizes&quot;:[]},&quot;link_to&quot;:&quot;file&quot;,&quot;aspect_ratio&quot;:&quot;3:2&quot;,&quot;overlay_background&quot;:&quot;yes&quot;,&quot;content_hover_animation&quot;:&quot;fade-in&quot;}\" data-widget_type=\"gallery.default\">\n\t\t\t\t<div class=\"elementor-widget-container\">\n\t\t\t\t\t\t\t<div class=\"elementor-gallery__container\">\n\t\t\t\t\t\t\t<a class=\"e-gallery-item elementor-gallery-item elementor-animated-content\" href=\"https:\/\/www.jdroadtrip.tv\/blog\/wp-content\/uploads\/2018\/07\/Leman-weekend3-1.jpg\" data-elementor-open-lightbox=\"yes\" data-elementor-lightbox-slideshow=\"fc1cfe9\" data-elementor-lightbox-title=\"Leman-weekend3-1\" data-e-action-hash=\"#elementor-action%3Aaction%3Dlightbox%26settings%3DeyJpZCI6MzA5MzgsInVybCI6Imh0dHBzOlwvXC93d3cuamRyb2FkdHJpcC50dlwvYmxvZ1wvd3AtY29udGVudFwvdXBsb2Fkc1wvMjAxOFwvMDdcL0xlbWFuLXdlZWtlbmQzLTEuanBnIiwic2xpZGVzaG93IjoiZmMxY2ZlOSJ9\">\n\t\t\t\t\t<div class=\"e-gallery-image elementor-gallery-item__image\" data-thumbnail=\"https:\/\/www.jdroadtrip.tv\/blog\/wp-content\/uploads\/2018\/07\/Leman-weekend3-1.jpg\" data-width=\"1500\" data-height=\"994\" aria-label=\"\" role=\"img\" ><\/div>\n\t\t\t\t\t\t\t\t\t\t\t<div class=\"elementor-gallery-item__overlay\"><\/div>\n\t\t\t\t\t\t\t\t\t\t\t\t\t\t<\/a>\n\t\t\t\t\t\t\t<a class=\"e-gallery-item elementor-gallery-item elementor-animated-content\" href=\"https:\/\/www.jdroadtrip.tv\/blog\/wp-content\/uploads\/2018\/07\/Alpes-Leman-3-18.jpg\" data-elementor-open-lightbox=\"yes\" data-elementor-lightbox-slideshow=\"fc1cfe9\" data-elementor-lightbox-title=\"Alpes-Leman-3-18\" data-e-action-hash=\"#elementor-action%3Aaction%3Dlightbox%26settings%3DeyJpZCI6MzA5MzcsInVybCI6Imh0dHBzOlwvXC93d3cuamRyb2FkdHJpcC50dlwvYmxvZ1wvd3AtY29udGVudFwvdXBsb2Fkc1wvMjAxOFwvMDdcL0FscGVzLUxlbWFuLTMtMTguanBnIiwic2xpZGVzaG93IjoiZmMxY2ZlOSJ9\">\n\t\t\t\t\t<div class=\"e-gallery-image elementor-gallery-item__image\" data-thumbnail=\"https:\/\/www.jdroadtrip.tv\/blog\/wp-content\/uploads\/2018\/07\/Alpes-Leman-3-18.jpg\" data-width=\"1500\" data-height=\"1000\" aria-label=\"\" role=\"img\" ><\/div>\n\t\t\t\t\t\t\t\t\t\t\t<div class=\"elementor-gallery-item__overlay\"><\/div>\n\t\t\t\t\t\t\t\t\t\t\t\t\t\t<\/a>\n\t\t\t\t\t<\/div>\n\t\t\t\t\t<\/div>\n\t\t\t\t<\/div>\n\t\t\t\t<div class=\"elementor-element elementor-element-38c42a6 elementor-widget-divider--view-line elementor-widget elementor-widget-global elementor-global-41411 elementor-widget-divider\" data-id=\"38c42a6\" data-element_type=\"widget\" data-widget_type=\"divider.default\">\n\t\t\t\t<div class=\"elementor-widget-container\">\n\t\t\t\t\t\t\t<div class=\"elementor-divider\">\n\t\t\t<span class=\"elementor-divider-separator\">\n\t\t\t\t\t\t<\/span>\n\t\t<\/div>\n\t\t\t\t\t\t<\/div>\n\t\t\t\t<\/div>\n\t\t\t\t\t<\/div>\n\t\t<\/div>\n\t\t\t\t\t<\/div>\n\t\t<\/section>\n\t\t\t\t<section class=\"elementor-section elementor-top-section elementor-element elementor-element-533fb54 elementor-section-boxed elementor-section-height-default elementor-section-height-default\" data-id=\"533fb54\" data-element_type=\"section\">\n\t\t\t\t\t\t<div class=\"elementor-container elementor-column-gap-default\">\n\t\t\t\t\t<div class=\"elementor-column elementor-col-100 elementor-top-column elementor-element elementor-element-4064c36\" data-id=\"4064c36\" data-element_type=\"column\">\n\t\t\t<div class=\"elementor-widget-wrap elementor-element-populated\">\n\t\t\t\t\t\t<div class=\"elementor-element elementor-element-4b62529 elementor-widget elementor-widget-text-editor\" data-id=\"4b62529\" data-element_type=\"widget\" data-widget_type=\"text-editor.default\">\n\t\t\t\t<div class=\"elementor-widget-container\">\n\t\t\t\t\t\t\t\t\t<h2 style=\"text-align: justify;\">Bonnes adresses o\u00f9 manger<\/h2><h3 style=\"text-align: justify;\">Restaurant Les Hab\u00e8res<\/h3><p style=\"text-align: justify;\">D&rsquo;\u00e9t\u00e9 comme d&rsquo;hiver, au restaurant <strong><a href=\"http:\/\/tidd.ly\/ab820bd1\" target=\"_blank\" rel=\"noopener noreferrer\">les Hab\u00e8res<\/a><\/strong>, vous allez pouvoir <strong>go\u00fbter les sp\u00e9cialit\u00e9s savoyardes<\/strong> et aussi leur sp\u00e9cialit\u00e9 \u00ab\u00a0le berthoud\u00a0\u00bb. On s&rsquo;adapte \u00e0 vos envies et vos estomacs, c&rsquo;\u00e9tait vraiment agr\u00e9able !<\/p>\t\t\t\t\t\t\t\t<\/div>\n\t\t\t\t<\/div>\n\t\t\t\t<div class=\"elementor-element elementor-element-4e63ee8 elementor-widget elementor-widget-image\" data-id=\"4e63ee8\" data-element_type=\"widget\" data-widget_type=\"image.default\">\n\t\t\t\t<div class=\"elementor-widget-container\">\n\t\t\t\t\t\t\t\t\t\t\t\t\t\t\t<img loading=\"lazy\" decoding=\"async\" width=\"1500\" height=\"1000\" src=\"https:\/\/www.jdroadtrip.tv\/blog\/wp-content\/uploads\/2018\/07\/AlpesLeman-1-20.jpg\" class=\"attachment-full size-full wp-image-30927\" alt=\"Alpes du L\u00e9man\" srcset=\"https:\/\/www.jdroadtrip.tv\/blog\/wp-content\/uploads\/2018\/07\/AlpesLeman-1-20.jpg 1500w, https:\/\/www.jdroadtrip.tv\/blog\/wp-content\/uploads\/2018\/07\/AlpesLeman-1-20-300x200.jpg 300w, https:\/\/www.jdroadtrip.tv\/blog\/wp-content\/uploads\/2018\/07\/AlpesLeman-1-20-800x533.jpg 800w, https:\/\/www.jdroadtrip.tv\/blog\/wp-content\/uploads\/2018\/07\/AlpesLeman-1-20-250x167.jpg 250w, https:\/\/www.jdroadtrip.tv\/blog\/wp-content\/uploads\/2018\/07\/AlpesLeman-1-20-768x512.jpg 768w, https:\/\/www.jdroadtrip.tv\/blog\/wp-content\/uploads\/2018\/07\/AlpesLeman-1-20-1170x780.jpg 1170w, https:\/\/www.jdroadtrip.tv\/blog\/wp-content\/uploads\/2018\/07\/AlpesLeman-1-20-585x390.jpg 585w, https:\/\/www.jdroadtrip.tv\/blog\/wp-content\/uploads\/2018\/07\/AlpesLeman-1-20-263x175.jpg 263w\" sizes=\"(max-width: 1500px) 100vw, 1500px\" \/>\t\t\t\t\t\t\t\t\t\t\t\t\t\t\t<\/div>\n\t\t\t\t<\/div>\n\t\t\t\t<div class=\"elementor-element elementor-element-9819765 elementor-widget elementor-widget-text-editor\" data-id=\"9819765\" data-element_type=\"widget\" data-widget_type=\"text-editor.default\">\n\t\t\t\t<div class=\"elementor-widget-container\">\n\t\t\t\t\t\t\t\t\t<h3 style=\"text-align: justify;\">Restaurant Le Moulin de L\u00e9r\u00e9<\/h3><p style=\"text-align: justify;\">Si vous logez au <strong><a href=\"https:\/\/www.moulindelere.com\/\" target=\"_blank\" rel=\"noopener noreferrer\">Moulin de L\u00e9r\u00e9<\/a><\/strong>, je vous recommande aussi d&rsquo;y manger ! <strong>Les plats sont travaill\u00e9s, raffin\u00e9s et tr\u00e8s bons, ils cuisinent des produits locaux et de saison.<\/strong> Un vrai bonheur ce restaurant ! Mon coup de coeur lors de mon s\u00e9jour dans les Alpes du L\u00e9man.<\/p>\t\t\t\t\t\t\t\t<\/div>\n\t\t\t\t<\/div>\n\t\t\t\t<div class=\"elementor-element elementor-element-c8d068d elementor-widget elementor-widget-gallery\" data-id=\"c8d068d\" data-element_type=\"widget\" data-settings=\"{&quot;columns&quot;:2,&quot;lazyload&quot;:&quot;yes&quot;,&quot;gallery_layout&quot;:&quot;grid&quot;,&quot;columns_tablet&quot;:2,&quot;columns_mobile&quot;:1,&quot;gap&quot;:{&quot;unit&quot;:&quot;px&quot;,&quot;size&quot;:10,&quot;sizes&quot;:[]},&quot;gap_tablet&quot;:{&quot;unit&quot;:&quot;px&quot;,&quot;size&quot;:10,&quot;sizes&quot;:[]},&quot;gap_mobile&quot;:{&quot;unit&quot;:&quot;px&quot;,&quot;size&quot;:10,&quot;sizes&quot;:[]},&quot;link_to&quot;:&quot;file&quot;,&quot;aspect_ratio&quot;:&quot;3:2&quot;,&quot;overlay_background&quot;:&quot;yes&quot;,&quot;content_hover_animation&quot;:&quot;fade-in&quot;}\" data-widget_type=\"gallery.default\">\n\t\t\t\t<div class=\"elementor-widget-container\">\n\t\t\t\t\t\t\t<div class=\"elementor-gallery__container\">\n\t\t\t\t\t\t\t<a class=\"e-gallery-item elementor-gallery-item elementor-animated-content\" href=\"https:\/\/www.jdroadtrip.tv\/blog\/wp-content\/uploads\/2018\/07\/AlpesLeman-1-34.jpg\" data-elementor-open-lightbox=\"yes\" data-elementor-lightbox-slideshow=\"c8d068d\" data-elementor-lightbox-title=\"AlpesLeman-1-34\" data-e-action-hash=\"#elementor-action%3Aaction%3Dlightbox%26settings%3DeyJpZCI6MzA4OTIsInVybCI6Imh0dHBzOlwvXC93d3cuamRyb2FkdHJpcC50dlwvYmxvZ1wvd3AtY29udGVudFwvdXBsb2Fkc1wvMjAxOFwvMDdcL0FscGVzTGVtYW4tMS0zNC5qcGciLCJzbGlkZXNob3ciOiJjOGQwNjhkIn0%3D\">\n\t\t\t\t\t<div class=\"e-gallery-image elementor-gallery-item__image\" data-thumbnail=\"https:\/\/www.jdroadtrip.tv\/blog\/wp-content\/uploads\/2018\/07\/AlpesLeman-1-34.jpg\" data-width=\"1500\" data-height=\"1000\" aria-label=\"\" role=\"img\" ><\/div>\n\t\t\t\t\t\t\t\t\t\t\t<div class=\"elementor-gallery-item__overlay\"><\/div>\n\t\t\t\t\t\t\t\t\t\t\t\t\t\t<\/a>\n\t\t\t\t\t\t\t<a class=\"e-gallery-item elementor-gallery-item elementor-animated-content\" href=\"https:\/\/www.jdroadtrip.tv\/blog\/wp-content\/uploads\/2018\/07\/AlpesLeman-1-35.jpg\" data-elementor-open-lightbox=\"yes\" data-elementor-lightbox-slideshow=\"c8d068d\" data-elementor-lightbox-title=\"AlpesLeman-1-35\" data-e-action-hash=\"#elementor-action%3Aaction%3Dlightbox%26settings%3DeyJpZCI6MzA4OTMsInVybCI6Imh0dHBzOlwvXC93d3cuamRyb2FkdHJpcC50dlwvYmxvZ1wvd3AtY29udGVudFwvdXBsb2Fkc1wvMjAxOFwvMDdcL0FscGVzTGVtYW4tMS0zNS5qcGciLCJzbGlkZXNob3ciOiJjOGQwNjhkIn0%3D\">\n\t\t\t\t\t<div class=\"e-gallery-image elementor-gallery-item__image\" data-thumbnail=\"https:\/\/www.jdroadtrip.tv\/blog\/wp-content\/uploads\/2018\/07\/AlpesLeman-1-35.jpg\" data-width=\"1500\" data-height=\"1000\" aria-label=\"\" role=\"img\" ><\/div>\n\t\t\t\t\t\t\t\t\t\t\t<div class=\"elementor-gallery-item__overlay\"><\/div>\n\t\t\t\t\t\t\t\t\t\t\t\t\t\t<\/a>\n\t\t\t\t\t<\/div>\n\t\t\t\t\t<\/div>\n\t\t\t\t<\/div>\n\t\t\t\t<div class=\"elementor-element elementor-element-ceff725 elementor-widget elementor-widget-text-editor\" data-id=\"ceff725\" data-element_type=\"widget\" data-widget_type=\"text-editor.default\">\n\t\t\t\t<div class=\"elementor-widget-container\">\n\t\t\t\t\t\t\t\t\t<h3 style=\"text-align: justify;\">Restaurant Petit Savoyard<\/h3><p style=\"text-align: justify;\">Situ\u00e9e \u00e0 l&rsquo;alpage de Tr\u00e8s le Mont, le <strong><a href=\"https:\/\/www.alpesduleman.com\" target=\"_blank\" rel=\"noopener noreferrer\">Petit Savoyard<\/a><\/strong> est <strong>un restaurant de montagne familiale<\/strong> est vraiment top pour faire une pause et d\u00e9jeuner apr\u00e8s une activit\u00e9 comme la randonn\u00e9e ou le v\u00e9lo.<\/p>\t\t\t\t\t\t\t\t<\/div>\n\t\t\t\t<\/div>\n\t\t\t\t<div class=\"elementor-element elementor-element-0d0df12 elementor-widget elementor-widget-gallery\" data-id=\"0d0df12\" data-element_type=\"widget\" data-settings=\"{&quot;gallery_layout&quot;:&quot;masonry&quot;,&quot;columns&quot;:2,&quot;lazyload&quot;:&quot;yes&quot;,&quot;columns_tablet&quot;:2,&quot;columns_mobile&quot;:1,&quot;gap&quot;:{&quot;unit&quot;:&quot;px&quot;,&quot;size&quot;:10,&quot;sizes&quot;:[]},&quot;gap_tablet&quot;:{&quot;unit&quot;:&quot;px&quot;,&quot;size&quot;:10,&quot;sizes&quot;:[]},&quot;gap_mobile&quot;:{&quot;unit&quot;:&quot;px&quot;,&quot;size&quot;:10,&quot;sizes&quot;:[]},&quot;link_to&quot;:&quot;file&quot;,&quot;overlay_background&quot;:&quot;yes&quot;,&quot;content_hover_animation&quot;:&quot;fade-in&quot;}\" data-widget_type=\"gallery.default\">\n\t\t\t\t<div class=\"elementor-widget-container\">\n\t\t\t\t\t\t\t<div class=\"elementor-gallery__container\">\n\t\t\t\t\t\t\t<a class=\"e-gallery-item elementor-gallery-item elementor-animated-content\" href=\"https:\/\/www.jdroadtrip.tv\/blog\/wp-content\/uploads\/2018\/07\/Alpes-Leman-3-10.jpg\" data-elementor-open-lightbox=\"yes\" data-elementor-lightbox-slideshow=\"0d0df12\" data-elementor-lightbox-title=\"Alpes-Leman-3-10\" data-e-action-hash=\"#elementor-action%3Aaction%3Dlightbox%26settings%3DeyJpZCI6MzA5MzQsInVybCI6Imh0dHBzOlwvXC93d3cuamRyb2FkdHJpcC50dlwvYmxvZ1wvd3AtY29udGVudFwvdXBsb2Fkc1wvMjAxOFwvMDdcL0FscGVzLUxlbWFuLTMtMTAuanBnIiwic2xpZGVzaG93IjoiMGQwZGYxMiJ9\">\n\t\t\t\t\t<div class=\"e-gallery-image elementor-gallery-item__image\" data-thumbnail=\"https:\/\/www.jdroadtrip.tv\/blog\/wp-content\/uploads\/2018\/07\/Alpes-Leman-3-10.jpg\" data-width=\"1500\" data-height=\"1000\" aria-label=\"\" role=\"img\" ><\/div>\n\t\t\t\t\t\t\t\t\t\t\t<div class=\"elementor-gallery-item__overlay\"><\/div>\n\t\t\t\t\t\t\t\t\t\t\t\t\t\t<\/a>\n\t\t\t\t\t\t\t<a class=\"e-gallery-item elementor-gallery-item elementor-animated-content\" href=\"https:\/\/www.jdroadtrip.tv\/blog\/wp-content\/uploads\/2018\/07\/Alpes-Leman-3-11.jpg\" data-elementor-open-lightbox=\"yes\" data-elementor-lightbox-slideshow=\"0d0df12\" data-elementor-lightbox-title=\"Alpes-Leman-3-11\" data-e-action-hash=\"#elementor-action%3Aaction%3Dlightbox%26settings%3DeyJpZCI6MzA5MzUsInVybCI6Imh0dHBzOlwvXC93d3cuamRyb2FkdHJpcC50dlwvYmxvZ1wvd3AtY29udGVudFwvdXBsb2Fkc1wvMjAxOFwvMDdcL0FscGVzLUxlbWFuLTMtMTEuanBnIiwic2xpZGVzaG93IjoiMGQwZGYxMiJ9\">\n\t\t\t\t\t<div class=\"e-gallery-image elementor-gallery-item__image\" data-thumbnail=\"https:\/\/www.jdroadtrip.tv\/blog\/wp-content\/uploads\/2018\/07\/Alpes-Leman-3-11.jpg\" data-width=\"1500\" data-height=\"1000\" aria-label=\"\" role=\"img\" ><\/div>\n\t\t\t\t\t\t\t\t\t\t\t<div class=\"elementor-gallery-item__overlay\"><\/div>\n\t\t\t\t\t\t\t\t\t\t\t\t\t\t<\/a>\n\t\t\t\t\t<\/div>\n\t\t\t\t\t<\/div>\n\t\t\t\t<\/div>\n\t\t\t\t<div class=\"elementor-element elementor-element-0e79ebd elementor-widget-divider--view-line elementor-widget elementor-widget-global elementor-global-41411 elementor-widget-divider\" data-id=\"0e79ebd\" data-element_type=\"widget\" data-widget_type=\"divider.default\">\n\t\t\t\t<div class=\"elementor-widget-container\">\n\t\t\t\t\t\t\t<div class=\"elementor-divider\">\n\t\t\t<span class=\"elementor-divider-separator\">\n\t\t\t\t\t\t<\/span>\n\t\t<\/div>\n\t\t\t\t\t\t<\/div>\n\t\t\t\t<\/div>\n\t\t\t\t\t<\/div>\n\t\t<\/div>\n\t\t\t\t\t<\/div>\n\t\t<\/section>\n\t\t\t\t<section class=\"elementor-section elementor-top-section elementor-element elementor-element-9456096 elementor-section-boxed elementor-section-height-default elementor-section-height-default\" data-id=\"9456096\" data-element_type=\"section\">\n\t\t\t\t\t\t<div class=\"elementor-container elementor-column-gap-default\">\n\t\t\t\t\t<div class=\"elementor-column elementor-col-100 elementor-top-column elementor-element elementor-element-b1dd12d\" data-id=\"b1dd12d\" data-element_type=\"column\">\n\t\t\t<div class=\"elementor-widget-wrap elementor-element-populated\">\n\t\t\t\t\t\t<div class=\"elementor-element elementor-element-c8d34ef elementor-widget elementor-widget-text-editor\" data-id=\"c8d34ef\" data-element_type=\"widget\" data-widget_type=\"text-editor.default\">\n\t\t\t\t<div class=\"elementor-widget-container\">\n\t\t\t\t\t\t\t\t\t<h2 style=\"text-align: justify;\">H\u00e9bergements o\u00f9 dormir dans les Alpes du L\u00e9man<\/h2><h3 style=\"text-align: justify;\">Nuit dans une bulle avec vue sur le ciel \u00e9toil\u00e9<\/h3><p style=\"text-align: justify;\">Si vous aimez vous retrouver en pleine nature, coup\u00e9 du bruit, je vous invite \u00e0 dormir dans une bulle. C&rsquo;est assez perturbant au d\u00e9but, mais on s&rsquo;y fait rapidement ! <strong>J&rsquo;ai pu y dormir durant une nuit, m&rsquo;endormir en voyant les \u00e9toiles, c&rsquo;est quand m\u00eame la classe.<\/strong> C&rsquo;est l&rsquo;h\u00e9bergement insolite lors d&rsquo;un s\u00e9jour dans les Alpes du L\u00e9man par la Ferme du Petit Mont. Il fait partie de la s\u00e9lection des <strong><a href=\"https:\/\/www.jdroadtrip.tv\/blog\/hebergements-insolites-dans-les-alpes-du-leman\/\" target=\"_blank\" rel=\"noopener noreferrer\">h\u00e9bergements insolites <\/a><\/strong>dans les Alpes du L\u00e9man.<\/p>\t\t\t\t\t\t\t\t<\/div>\n\t\t\t\t<\/div>\n\t\t\t\t<div class=\"elementor-element elementor-element-0c5ddbd elementor-widget elementor-widget-image\" data-id=\"0c5ddbd\" data-element_type=\"widget\" data-widget_type=\"image.default\">\n\t\t\t\t<div class=\"elementor-widget-container\">\n\t\t\t\t\t\t\t\t\t\t\t\t\t\t\t<img loading=\"lazy\" decoding=\"async\" width=\"1500\" height=\"1000\" src=\"https:\/\/www.jdroadtrip.tv\/blog\/wp-content\/uploads\/2018\/07\/AlpesLeman-1-9.jpg\" class=\"attachment-full size-full wp-image-30882\" alt=\"Alpes du L\u00e9man - Bulle\" srcset=\"https:\/\/www.jdroadtrip.tv\/blog\/wp-content\/uploads\/2018\/07\/AlpesLeman-1-9.jpg 1500w, https:\/\/www.jdroadtrip.tv\/blog\/wp-content\/uploads\/2018\/07\/AlpesLeman-1-9-300x200.jpg 300w, https:\/\/www.jdroadtrip.tv\/blog\/wp-content\/uploads\/2018\/07\/AlpesLeman-1-9-800x533.jpg 800w, https:\/\/www.jdroadtrip.tv\/blog\/wp-content\/uploads\/2018\/07\/AlpesLeman-1-9-250x167.jpg 250w, https:\/\/www.jdroadtrip.tv\/blog\/wp-content\/uploads\/2018\/07\/AlpesLeman-1-9-768x512.jpg 768w, https:\/\/www.jdroadtrip.tv\/blog\/wp-content\/uploads\/2018\/07\/AlpesLeman-1-9-1170x780.jpg 1170w, https:\/\/www.jdroadtrip.tv\/blog\/wp-content\/uploads\/2018\/07\/AlpesLeman-1-9-585x390.jpg 585w, https:\/\/www.jdroadtrip.tv\/blog\/wp-content\/uploads\/2018\/07\/AlpesLeman-1-9-263x175.jpg 263w\" sizes=\"(max-width: 1500px) 100vw, 1500px\" \/>\t\t\t\t\t\t\t\t\t\t\t\t\t\t\t<\/div>\n\t\t\t\t<\/div>\n\t\t\t\t<div class=\"elementor-element elementor-element-11ec289 elementor-widget elementor-widget-text-editor\" data-id=\"11ec289\" data-element_type=\"widget\" data-widget_type=\"text-editor.default\">\n\t\t\t\t<div class=\"elementor-widget-container\">\n\t\t\t\t\t\t\t\t\t<h3 style=\"text-align: justify;\">Dormir au Moulin de L\u00e9r\u00e9<\/h3><p style=\"text-align: justify;\"><strong>Vous recherchez un endroit calme et paisible, le Moulin de L\u00e9r\u00e9 correspondra parfaitement \u00e0 vos attentes.<\/strong> Le personnel vous chouchoute, un vrai petit coconing pour un week-end. Il fait partie de la s\u00e9lection des <strong><a href=\"https:\/\/www.jdroadtrip.tv\/blog\/hebergements-insolites-dans-les-alpes-du-leman\/\" target=\"_blank\" rel=\"noopener noreferrer\">h\u00e9bergements insolites <\/a><\/strong>dans les Alpes du L\u00e9man.<\/p>\t\t\t\t\t\t\t\t<\/div>\n\t\t\t\t<\/div>\n\t\t\t\t<div class=\"elementor-element elementor-element-1e23be8 elementor-widget elementor-widget-image\" data-id=\"1e23be8\" data-element_type=\"widget\" data-widget_type=\"image.default\">\n\t\t\t\t<div class=\"elementor-widget-container\">\n\t\t\t\t\t\t\t\t\t\t\t\t\t\t\t<img loading=\"lazy\" decoding=\"async\" width=\"1500\" height=\"1000\" src=\"https:\/\/www.jdroadtrip.tv\/blog\/wp-content\/uploads\/2018\/07\/AlpesLeman-1-32.jpg\" class=\"attachment-full size-full wp-image-30891\" alt=\"Alpes du L\u00e9man\" srcset=\"https:\/\/www.jdroadtrip.tv\/blog\/wp-content\/uploads\/2018\/07\/AlpesLeman-1-32.jpg 1500w, https:\/\/www.jdroadtrip.tv\/blog\/wp-content\/uploads\/2018\/07\/AlpesLeman-1-32-300x200.jpg 300w, https:\/\/www.jdroadtrip.tv\/blog\/wp-content\/uploads\/2018\/07\/AlpesLeman-1-32-800x533.jpg 800w, https:\/\/www.jdroadtrip.tv\/blog\/wp-content\/uploads\/2018\/07\/AlpesLeman-1-32-250x167.jpg 250w, https:\/\/www.jdroadtrip.tv\/blog\/wp-content\/uploads\/2018\/07\/AlpesLeman-1-32-768x512.jpg 768w, https:\/\/www.jdroadtrip.tv\/blog\/wp-content\/uploads\/2018\/07\/AlpesLeman-1-32-1170x780.jpg 1170w, https:\/\/www.jdroadtrip.tv\/blog\/wp-content\/uploads\/2018\/07\/AlpesLeman-1-32-585x390.jpg 585w, https:\/\/www.jdroadtrip.tv\/blog\/wp-content\/uploads\/2018\/07\/AlpesLeman-1-32-263x175.jpg 263w\" sizes=\"(max-width: 1500px) 100vw, 1500px\" \/>\t\t\t\t\t\t\t\t\t\t\t\t\t\t\t<\/div>\n\t\t\t\t<\/div>\n\t\t\t\t<div class=\"elementor-element elementor-element-553c22f elementor-widget elementor-widget-text-editor\" data-id=\"553c22f\" data-element_type=\"widget\" data-widget_type=\"text-editor.default\">\n\t\t\t\t<div class=\"elementor-widget-container\">\n\t\t\t\t\t\t\t\t\t<h3 style=\"text-align: justify;\">Chambres d\u2019h\u00f4te la fontaine d\u2019Argence<\/h3><p style=\"text-align: justify;\">Situ\u00e9e \u00e0 Hab\u00e8re-Poche, la <strong>chambre d\u2019h\u00f4te la fontaine d\u2019Argence<\/strong> est tr\u00e8s accueillante et conviviale. <strong>Vous avez la possibilit\u00e9 de faire un bain nordique avec une vue sur les \u00e9toiles et les montagnes.<\/strong> Un cadre tr\u00e8s joli et reposant !<\/p>\t\t\t\t\t\t\t\t<\/div>\n\t\t\t\t<\/div>\n\t\t\t\t<div class=\"elementor-element elementor-element-1d9041f elementor-widget elementor-widget-image\" data-id=\"1d9041f\" data-element_type=\"widget\" data-widget_type=\"image.default\">\n\t\t\t\t<div class=\"elementor-widget-container\">\n\t\t\t\t\t\t\t\t\t\t\t\t\t\t\t<img loading=\"lazy\" decoding=\"async\" width=\"1200\" height=\"800\" src=\"https:\/\/www.jdroadtrip.tv\/blog\/wp-content\/uploads\/2018\/07\/Fontaine-argence.jpg\" class=\"attachment-full size-full wp-image-30916\" alt=\"\" srcset=\"https:\/\/www.jdroadtrip.tv\/blog\/wp-content\/uploads\/2018\/07\/Fontaine-argence.jpg 1200w, https:\/\/www.jdroadtrip.tv\/blog\/wp-content\/uploads\/2018\/07\/Fontaine-argence-300x200.jpg 300w, https:\/\/www.jdroadtrip.tv\/blog\/wp-content\/uploads\/2018\/07\/Fontaine-argence-800x533.jpg 800w, https:\/\/www.jdroadtrip.tv\/blog\/wp-content\/uploads\/2018\/07\/Fontaine-argence-250x167.jpg 250w, https:\/\/www.jdroadtrip.tv\/blog\/wp-content\/uploads\/2018\/07\/Fontaine-argence-768x512.jpg 768w, https:\/\/www.jdroadtrip.tv\/blog\/wp-content\/uploads\/2018\/07\/Fontaine-argence-1170x780.jpg 1170w, https:\/\/www.jdroadtrip.tv\/blog\/wp-content\/uploads\/2018\/07\/Fontaine-argence-585x390.jpg 585w, https:\/\/www.jdroadtrip.tv\/blog\/wp-content\/uploads\/2018\/07\/Fontaine-argence-263x175.jpg 263w\" sizes=\"(max-width: 1200px) 100vw, 1200px\" \/>\t\t\t\t\t\t\t\t\t\t\t\t\t\t\t<\/div>\n\t\t\t\t<\/div>\n\t\t\t\t<div class=\"elementor-element elementor-element-bc0a996 elementor-widget-divider--view-line elementor-widget elementor-widget-global elementor-global-41411 elementor-widget-divider\" data-id=\"bc0a996\" data-element_type=\"widget\" data-widget_type=\"divider.default\">\n\t\t\t\t<div class=\"elementor-widget-container\">\n\t\t\t\t\t\t\t<div class=\"elementor-divider\">\n\t\t\t<span class=\"elementor-divider-separator\">\n\t\t\t\t\t\t<\/span>\n\t\t<\/div>\n\t\t\t\t\t\t<\/div>\n\t\t\t\t<\/div>\n\t\t\t\t\t<\/div>\n\t\t<\/div>\n\t\t\t\t\t<\/div>\n\t\t<\/section>\n\t\t\t\t<section class=\"elementor-section elementor-top-section elementor-element elementor-element-19234d41 elementor-section-boxed elementor-section-height-default elementor-section-height-default\" data-id=\"19234d41\" data-element_type=\"section\">\n\t\t\t\t\t\t<div class=\"elementor-container elementor-column-gap-default\">\n\t\t\t\t\t<div class=\"elementor-column elementor-col-100 elementor-top-column elementor-element elementor-element-9c7cf20\" data-id=\"9c7cf20\" data-element_type=\"column\">\n\t\t\t<div class=\"elementor-widget-wrap elementor-element-populated\">\n\t\t\t\t\t\t<div class=\"elementor-element elementor-element-3b3330e7 elementor-widget elementor-widget-text-editor\" data-id=\"3b3330e7\" data-element_type=\"widget\" data-widget_type=\"text-editor.default\">\n\t\t\t\t<div class=\"elementor-widget-container\">\n\t\t\t\t\t\t\t\t\t<p style=\"text-align: justify;\"><strong>Si vous avez des questions pour votre futur s\u00e9jour dans les Alpes du L\u00e9man, n\u2019h\u00e9sitez pas et si vous \u00eates une femme qui voyage, rejoignez le groupe Facebook de voyage 100% f\u00e9minin <a href=\"https:\/\/www.facebook.com\/groups\/Voyageraufeminin\" target=\"_blank\" rel=\"noopener noreferrer\">Voyager au f\u00e9minin en sac \u00e0 dos<\/a>.<\/strong><\/p><p style=\"text-align: justify;\"><em>Ce week-end dans les Alpes du L\u00e9man en Haute-Savoie a pu \u00eatre r\u00e9alis\u00e9 gr\u00e2ce \u00e0 Isabelle de l\u2019<a href=\"https:\/\/www.alpesduleman.com\/\" target=\"_blank\" rel=\"noopener noreferrer\">Office du tourisme<\/a> des Alpes du L\u00e9man et Lucile de l\u2019<a href=\"http:\/\/www.agence-airpur.fr\/\" target=\"_blank\" rel=\"noopener noreferrer\">Agence AirPur<\/a>. Merci \u00e0 eux de m\u2019avoir permis de d\u00e9couvrir cette r\u00e9gion magnifique. Je pr\u00e9cise que ce partenariat n\u2019influe en aucun cas sur ma ligne \u00e9ditoriale.<\/em><\/p><p style=\"text-align: justify;\"><img loading=\"lazy\" decoding=\"async\" class=\"aligncenter wp-image-31274\" src=\"https:\/\/www.jdroadtrip.tv\/blog\/wp-content\/uploads\/2018\/07\/Alpes-we.jpg\" alt=\"\" width=\"400\" height=\"600\" srcset=\"https:\/\/www.jdroadtrip.tv\/blog\/wp-content\/uploads\/2018\/07\/Alpes-we.jpg 564w, https:\/\/www.jdroadtrip.tv\/blog\/wp-content\/uploads\/2018\/07\/Alpes-we-133x200.jpg 133w, https:\/\/www.jdroadtrip.tv\/blog\/wp-content\/uploads\/2018\/07\/Alpes-we-200x300.jpg 200w, https:\/\/www.jdroadtrip.tv\/blog\/wp-content\/uploads\/2018\/07\/Alpes-we-400x600.jpg 400w\" sizes=\"(max-width: 400px) 100vw, 400px\" \/><\/p>\t\t\t\t\t\t\t\t<\/div>\n\t\t\t\t<\/div>\n\t\t\t\t\t<\/div>\n\t\t<\/div>\n\t\t\t\t\t<\/div>\n\t\t<\/section>\n\t\t\t\t<\/div>\n\t\t","protected":false},"excerpt":{"rendered":"<p>Faire un s\u00e9jour dans les Alpes du L\u00e9man Notre jolie France regorge de plein de beaux endroits \u00e0 d\u00e9couvrir, d&rsquo;ailleurs si vous aimez la montagne l&rsquo;\u00e9t\u00e9, je vous recommande de faire un s\u00e9jour dans les Alpes du L\u00e9man en Haute-Savoie. Je reviens tout juste d&rsquo;un sublime week-end o\u00f9 j&rsquo;ai pu tester divers h\u00e9bergements insolites dans [&hellip;]<\/p>\n","protected":false},"author":1,"featured_media":30910,"comment_status":"open","ping_status":"open","sticky":false,"template":"","format":"standard","meta":{"ocean_post_layout":"","ocean_both_sidebars_style":"","ocean_both_sidebars_content_width":0,"ocean_both_sidebars_sidebars_width":0,"ocean_sidebar":"","ocean_second_sidebar":"","ocean_disable_margins":"enable","ocean_add_body_class":"","ocean_shortcode_before_top_bar":"","ocean_shortcode_after_top_bar":"","ocean_shortcode_before_header":"","ocean_shortcode_after_header":"","ocean_has_shortcode":"","ocean_shortcode_after_title":"","ocean_shortcode_before_footer_widgets":"","ocean_shortcode_after_footer_widgets":"","ocean_shortcode_before_footer_bottom":"","ocean_shortcode_after_footer_bottom":"","ocean_display_top_bar":"default","ocean_display_header":"default","ocean_header_style":"","ocean_center_header_left_menu":"","ocean_custom_header_template":"","ocean_custom_logo":0,"ocean_custom_retina_logo":0,"ocean_custom_logo_max_width":0,"ocean_custom_logo_tablet_max_width":0,"ocean_custom_logo_mobile_max_width":0,"ocean_custom_logo_max_height":0,"ocean_custom_logo_tablet_max_height":0,"ocean_custom_logo_mobile_max_height":0,"ocean_header_custom_menu":"","ocean_menu_typo_font_family":"","ocean_menu_typo_font_subset":"","ocean_menu_typo_font_size":0,"ocean_menu_typo_font_size_tablet":0,"ocean_menu_typo_font_size_mobile":0,"ocean_menu_typo_font_size_unit":"px","ocean_menu_typo_font_weight":"","ocean_menu_typo_font_weight_tablet":"","ocean_menu_typo_font_weight_mobile":"","ocean_menu_typo_transform":"","ocean_menu_typo_transform_tablet":"","ocean_menu_typo_transform_mobile":"","ocean_menu_typo_line_height":0,"ocean_menu_typo_line_height_tablet":0,"ocean_menu_typo_line_height_mobile":0,"ocean_menu_typo_line_height_unit":"","ocean_menu_typo_spacing":0,"ocean_menu_typo_spacing_tablet":0,"ocean_menu_typo_spacing_mobile":0,"ocean_menu_typo_spacing_unit":"","ocean_menu_link_color":"","ocean_menu_link_color_hover":"","ocean_menu_link_color_active":"","ocean_menu_link_background":"","ocean_menu_link_hover_background":"","ocean_menu_link_active_background":"","ocean_menu_social_links_bg":"","ocean_menu_social_hover_links_bg":"","ocean_menu_social_links_color":"","ocean_menu_social_hover_links_color":"","ocean_disable_title":"default","ocean_disable_heading":"default","ocean_post_title":"","ocean_post_subheading":"","ocean_post_title_style":"","ocean_post_title_background_color":"","ocean_post_title_background":0,"ocean_post_title_bg_image_position":"","ocean_post_title_bg_image_attachment":"","ocean_post_title_bg_image_repeat":"","ocean_post_title_bg_image_size":"","ocean_post_title_height":0,"ocean_post_title_bg_overlay":0.5,"ocean_post_title_bg_overlay_color":"","ocean_disable_breadcrumbs":"default","ocean_breadcrumbs_color":"","ocean_breadcrumbs_separator_color":"","ocean_breadcrumbs_links_color":"","ocean_breadcrumbs_links_hover_color":"","ocean_display_footer_widgets":"default","ocean_display_footer_bottom":"default","ocean_custom_footer_template":"","ocean_post_oembed":"","ocean_post_self_hosted_media":"","ocean_post_video_embed":"","ocean_link_format":"","ocean_link_format_target":"self","ocean_quote_format":"","ocean_quote_format_link":"post","ocean_gallery_link_images":"on","ocean_gallery_id":[],"footnotes":""},"categories":[851],"tags":[],"table_tags":[],"class_list":["post-30870","post","type-post","status-publish","format-standard","has-post-thumbnail","hentry","category-auvergne-rhone-alpes","entry","has-media"],"yoast_head":"<!-- This site is optimized with the Yoast SEO Premium plugin v25.9 (Yoast SEO v25.9) - https:\/\/yoast.com\/wordpress\/plugins\/seo\/ -->\n<title>Que faire dans les Alpes du L\u00e9man durant un week-end<\/title>\n<meta name=\"description\" content=\"Que faire dans les Alpes du L\u00e9man durant un week-end en Haute-savoie, les bonnes adresses o\u00f9 manger et h\u00e9bergements o\u00f9 dormir...\" \/>\n<meta name=\"robots\" content=\"index, follow, max-snippet:-1, max-image-preview:large, max-video-preview:-1\" \/>\n<link rel=\"canonical\" href=\"https:\/\/www.jdroadtrip.tv\/blog\/faire-un-sejour-dans-les-alpes-du-leman\/\" \/>\n<meta property=\"og:locale\" content=\"fr_FR\" \/>\n<meta property=\"og:type\" content=\"article\" \/>\n<meta property=\"og:title\" content=\"Que faire dans les Alpes du L\u00e9man durant un week-end\" \/>\n<meta property=\"og:description\" content=\"Que faire dans les Alpes du L\u00e9man durant un week-end en Haute-savoie, les bonnes adresses o\u00f9 manger et h\u00e9bergements o\u00f9 dormir...\" \/>\n<meta property=\"og:url\" content=\"https:\/\/www.jdroadtrip.tv\/blog\/faire-un-sejour-dans-les-alpes-du-leman\/\" \/>\n<meta property=\"og:site_name\" content=\"JDroadtrip - Blog de voyage pour voyager au f\u00e9minin !\" \/>\n<meta property=\"article:publisher\" content=\"https:\/\/www.facebook.com\/JDRoadTrip\" \/>\n<meta property=\"article:author\" content=\"https:\/\/www.facebook.com\/JDroadtrip\" \/>\n<meta property=\"article:published_time\" content=\"2022-10-06T11:31:59+00:00\" \/>\n<meta property=\"article:modified_time\" content=\"2025-09-21T07:33:30+00:00\" \/>\n<meta property=\"og:image\" content=\"https:\/\/www.jdroadtrip.tv\/blog\/wp-content\/uploads\/2018\/07\/sejour-alpes-du-leman.jpg\" \/>\n\t<meta property=\"og:image:width\" content=\"1500\" \/>\n\t<meta property=\"og:image:height\" content=\"996\" \/>\n\t<meta property=\"og:image:type\" content=\"image\/jpeg\" \/>\n<meta name=\"author\" content=\"Jenny Diab\" \/>\n<meta name=\"twitter:card\" content=\"summary_large_image\" \/>\n<meta name=\"twitter:creator\" content=\"@JDroadtrip\" \/>\n<meta name=\"twitter:site\" content=\"@JDroadtrip\" \/>\n<meta name=\"twitter:label1\" content=\"\u00c9crit par\" \/>\n\t<meta name=\"twitter:data1\" content=\"Jenny Diab\" \/>\n\t<meta name=\"twitter:label2\" content=\"Dur\u00e9e de lecture estim\u00e9e\" \/>\n\t<meta name=\"twitter:data2\" content=\"9 minutes\" \/>\n<script type=\"application\/ld+json\" class=\"yoast-schema-graph\">{\"@context\":\"https:\/\/schema.org\",\"@graph\":[{\"@type\":\"Article\",\"@id\":\"https:\/\/www.jdroadtrip.tv\/blog\/faire-un-sejour-dans-les-alpes-du-leman\/#article\",\"isPartOf\":{\"@id\":\"https:\/\/www.jdroadtrip.tv\/blog\/faire-un-sejour-dans-les-alpes-du-leman\/\"},\"author\":{\"name\":\"Jenny Diab\",\"@id\":\"https:\/\/www.jdroadtrip.tv\/blog\/#\/schema\/person\/d204bfc7d00ba74276391d8e42b58a3e\"},\"headline\":\"Que faire dans les Alpes du L\u00e9man durant un week-end\",\"datePublished\":\"2022-10-06T11:31:59+00:00\",\"dateModified\":\"2025-09-21T07:33:30+00:00\",\"mainEntityOfPage\":{\"@id\":\"https:\/\/www.jdroadtrip.tv\/blog\/faire-un-sejour-dans-les-alpes-du-leman\/\"},\"wordCount\":1372,\"commentCount\":1,\"publisher\":{\"@id\":\"https:\/\/www.jdroadtrip.tv\/blog\/#organization\"},\"image\":{\"@id\":\"https:\/\/www.jdroadtrip.tv\/blog\/faire-un-sejour-dans-les-alpes-du-leman\/#primaryimage\"},\"thumbnailUrl\":\"https:\/\/www.jdroadtrip.tv\/blog\/wp-content\/uploads\/2018\/07\/sejour-alpes-du-leman.jpg\",\"articleSection\":[\"Auvergne-Rh\u00f4ne-Alpes\"],\"inLanguage\":\"fr-FR\",\"potentialAction\":[{\"@type\":\"CommentAction\",\"name\":\"Comment\",\"target\":[\"https:\/\/www.jdroadtrip.tv\/blog\/faire-un-sejour-dans-les-alpes-du-leman\/#respond\"]}]},{\"@type\":\"WebPage\",\"@id\":\"https:\/\/www.jdroadtrip.tv\/blog\/faire-un-sejour-dans-les-alpes-du-leman\/\",\"url\":\"https:\/\/www.jdroadtrip.tv\/blog\/faire-un-sejour-dans-les-alpes-du-leman\/\",\"name\":\"Que faire dans les Alpes du L\u00e9man durant un week-end\",\"isPartOf\":{\"@id\":\"https:\/\/www.jdroadtrip.tv\/blog\/#website\"},\"primaryImageOfPage\":{\"@id\":\"https:\/\/www.jdroadtrip.tv\/blog\/faire-un-sejour-dans-les-alpes-du-leman\/#primaryimage\"},\"image\":{\"@id\":\"https:\/\/www.jdroadtrip.tv\/blog\/faire-un-sejour-dans-les-alpes-du-leman\/#primaryimage\"},\"thumbnailUrl\":\"https:\/\/www.jdroadtrip.tv\/blog\/wp-content\/uploads\/2018\/07\/sejour-alpes-du-leman.jpg\",\"datePublished\":\"2022-10-06T11:31:59+00:00\",\"dateModified\":\"2025-09-21T07:33:30+00:00\",\"description\":\"Que faire dans les Alpes du L\u00e9man durant un week-end en Haute-savoie, les bonnes adresses o\u00f9 manger et h\u00e9bergements o\u00f9 dormir...\",\"breadcrumb\":{\"@id\":\"https:\/\/www.jdroadtrip.tv\/blog\/faire-un-sejour-dans-les-alpes-du-leman\/#breadcrumb\"},\"inLanguage\":\"fr-FR\",\"potentialAction\":[{\"@type\":\"ReadAction\",\"target\":[\"https:\/\/www.jdroadtrip.tv\/blog\/faire-un-sejour-dans-les-alpes-du-leman\/\"]}]},{\"@type\":\"ImageObject\",\"inLanguage\":\"fr-FR\",\"@id\":\"https:\/\/www.jdroadtrip.tv\/blog\/faire-un-sejour-dans-les-alpes-du-leman\/#primaryimage\",\"url\":\"https:\/\/www.jdroadtrip.tv\/blog\/wp-content\/uploads\/2018\/07\/sejour-alpes-du-leman.jpg\",\"contentUrl\":\"https:\/\/www.jdroadtrip.tv\/blog\/wp-content\/uploads\/2018\/07\/sejour-alpes-du-leman.jpg\",\"width\":1500,\"height\":996},{\"@type\":\"BreadcrumbList\",\"@id\":\"https:\/\/www.jdroadtrip.tv\/blog\/faire-un-sejour-dans-les-alpes-du-leman\/#breadcrumb\",\"itemListElement\":[{\"@type\":\"ListItem\",\"position\":1,\"name\":\"Accueil\",\"item\":\"https:\/\/www.jdroadtrip.tv\/blog\/\"},{\"@type\":\"ListItem\",\"position\":2,\"name\":\"Que faire dans les Alpes du L\u00e9man durant un week-end\"}]},{\"@type\":\"WebSite\",\"@id\":\"https:\/\/www.jdroadtrip.tv\/blog\/#website\",\"url\":\"https:\/\/www.jdroadtrip.tv\/blog\/\",\"name\":\"JDroadtrip - Blog de voyage au f\u00e9minin : Outdoor, Trek, Slow travel\",\"description\":\"M\u00e9dia pour voyager au f\u00e9minin\",\"publisher\":{\"@id\":\"https:\/\/www.jdroadtrip.tv\/blog\/#organization\"},\"alternateName\":\"JDroadtrip - Voyager au f\u00e9minin\",\"potentialAction\":[{\"@type\":\"SearchAction\",\"target\":{\"@type\":\"EntryPoint\",\"urlTemplate\":\"https:\/\/www.jdroadtrip.tv\/blog\/?s={search_term_string}\"},\"query-input\":{\"@type\":\"PropertyValueSpecification\",\"valueRequired\":true,\"valueName\":\"search_term_string\"}}],\"inLanguage\":\"fr-FR\"},{\"@type\":\"Organization\",\"@id\":\"https:\/\/www.jdroadtrip.tv\/blog\/#organization\",\"name\":\"JDroadtrip - Blog de voyage pour voyager au f\u00e9minin !\",\"alternateName\":\"JDroadtrip - Voyager au f\u00e9minin\",\"url\":\"https:\/\/www.jdroadtrip.tv\/blog\/\",\"logo\":{\"@type\":\"ImageObject\",\"inLanguage\":\"fr-FR\",\"@id\":\"https:\/\/www.jdroadtrip.tv\/blog\/#\/schema\/logo\/image\/\",\"url\":\"https:\/\/www.jdroadtrip.tv\/blog\/wp-content\/uploads\/2023\/08\/Logo-HD-petit.png\",\"contentUrl\":\"https:\/\/www.jdroadtrip.tv\/blog\/wp-content\/uploads\/2023\/08\/Logo-HD-petit.png\",\"width\":300,\"height\":300,\"caption\":\"JDroadtrip - Blog de voyage pour voyager au f\u00e9minin !\"},\"image\":{\"@id\":\"https:\/\/www.jdroadtrip.tv\/blog\/#\/schema\/logo\/image\/\"},\"sameAs\":[\"https:\/\/www.facebook.com\/JDRoadTrip\",\"https:\/\/x.com\/JDroadtrip\",\"https:\/\/instagram.com\/jdroadtrip\/\",\"http:\/\/www.linkedin.com\/in\/jennydiab\",\"https:\/\/www.pinterest.fr\/jdroadtrip\/\",\"https:\/\/www.youtube.com\/channel\/UCerVm4aMyTj9AxDDWmSx9_g\"],\"description\":\"Blog de voyage pour les femmes qui voyagent \u00e0 travers le monde.\",\"email\":\"contact@jdroadtrip.tv\",\"legalName\":\"Jenny Diab\",\"numberOfEmployees\":{\"@type\":\"QuantitativeValue\",\"minValue\":\"1\",\"maxValue\":\"10\"}},{\"@type\":\"Person\",\"@id\":\"https:\/\/www.jdroadtrip.tv\/blog\/#\/schema\/person\/d204bfc7d00ba74276391d8e42b58a3e\",\"name\":\"Jenny Diab\",\"image\":{\"@type\":\"ImageObject\",\"inLanguage\":\"fr-FR\",\"@id\":\"https:\/\/www.jdroadtrip.tv\/blog\/#\/schema\/person\/image\/\",\"url\":\"https:\/\/secure.gravatar.com\/avatar\/8c20b0655fdafee9c0df649069a458b1bde697487be3b0da4df8754f3de7042c?s=96&d=mm&r=g\",\"contentUrl\":\"https:\/\/secure.gravatar.com\/avatar\/8c20b0655fdafee9c0df649069a458b1bde697487be3b0da4df8754f3de7042c?s=96&d=mm&r=g\",\"caption\":\"Jenny Diab\"},\"description\":\"Cr\u00e9atrice du blog JDroadtrip.tv, je voyage seule \u00e0 travers le monde et je partage mes exp\u00e9riences de voyageuse solo. \u00c0 travers ce blog, je vous invite \u00e0 d\u00e9couvrir un maximum de bons plans et astuces (h\u00e9bergements, activit\u00e9s, restaurants, transports \u2026) pour pr\u00e9parer au mieux vos futurs voyages. Si vous \u00eates une fille qui voyage \u00e0 travers le monde, rejoignez la communaut\u00e9 Voyager au f\u00e9minin et si vous avez des questions, n'h\u00e9sitez pas \u00e0 \u00e0 me contacter. D\u00c9COUVREZ QUI SUIS-JE.\",\"sameAs\":[\"https:\/\/www.jdroadtrip.tv\",\"https:\/\/www.facebook.com\/JDroadtrip\",\"https:\/\/www.instagram.com\/jdroadtrip\/\",\"https:\/\/www.linkedin.com\/in\/jennydiab\",\"https:\/\/www.pinterest.com\/Jdroadtrip\",\"https:\/\/x.com\/JDroadtrip\"],\"url\":\"https:\/\/www.jdroadtrip.tv\/blog\/author\/jd\/\"}]}<\/script>\n<!-- \/ Yoast SEO Premium plugin. -->","yoast_head_json":{"title":"Que faire dans les Alpes du L\u00e9man durant un week-end","description":"Que faire dans les Alpes du L\u00e9man durant un week-end en Haute-savoie, les bonnes adresses o\u00f9 manger et h\u00e9bergements o\u00f9 dormir...","robots":{"index":"index","follow":"follow","max-snippet":"max-snippet:-1","max-image-preview":"max-image-preview:large","max-video-preview":"max-video-preview:-1"},"canonical":"https:\/\/www.jdroadtrip.tv\/blog\/faire-un-sejour-dans-les-alpes-du-leman\/","og_locale":"fr_FR","og_type":"article","og_title":"Que faire dans les Alpes du L\u00e9man durant un week-end","og_description":"Que faire dans les Alpes du L\u00e9man durant un week-end en Haute-savoie, les bonnes adresses o\u00f9 manger et h\u00e9bergements o\u00f9 dormir...","og_url":"https:\/\/www.jdroadtrip.tv\/blog\/faire-un-sejour-dans-les-alpes-du-leman\/","og_site_name":"JDroadtrip - Blog de voyage pour voyager au f\u00e9minin !","article_publisher":"https:\/\/www.facebook.com\/JDRoadTrip","article_author":"https:\/\/www.facebook.com\/JDroadtrip","article_published_time":"2022-10-06T11:31:59+00:00","article_modified_time":"2025-09-21T07:33:30+00:00","og_image":[{"width":1500,"height":996,"url":"https:\/\/www.jdroadtrip.tv\/blog\/wp-content\/uploads\/2018\/07\/sejour-alpes-du-leman.jpg","type":"image\/jpeg"}],"author":"Jenny Diab","twitter_card":"summary_large_image","twitter_creator":"@JDroadtrip","twitter_site":"@JDroadtrip","twitter_misc":{"\u00c9crit par":"Jenny Diab","Dur\u00e9e de lecture estim\u00e9e":"9 minutes"},"schema":{"@context":"https:\/\/schema.org","@graph":[{"@type":"Article","@id":"https:\/\/www.jdroadtrip.tv\/blog\/faire-un-sejour-dans-les-alpes-du-leman\/#article","isPartOf":{"@id":"https:\/\/www.jdroadtrip.tv\/blog\/faire-un-sejour-dans-les-alpes-du-leman\/"},"author":{"name":"Jenny Diab","@id":"https:\/\/www.jdroadtrip.tv\/blog\/#\/schema\/person\/d204bfc7d00ba74276391d8e42b58a3e"},"headline":"Que faire dans les Alpes du L\u00e9man durant un week-end","datePublished":"2022-10-06T11:31:59+00:00","dateModified":"2025-09-21T07:33:30+00:00","mainEntityOfPage":{"@id":"https:\/\/www.jdroadtrip.tv\/blog\/faire-un-sejour-dans-les-alpes-du-leman\/"},"wordCount":1372,"commentCount":1,"publisher":{"@id":"https:\/\/www.jdroadtrip.tv\/blog\/#organization"},"image":{"@id":"https:\/\/www.jdroadtrip.tv\/blog\/faire-un-sejour-dans-les-alpes-du-leman\/#primaryimage"},"thumbnailUrl":"https:\/\/www.jdroadtrip.tv\/blog\/wp-content\/uploads\/2018\/07\/sejour-alpes-du-leman.jpg","articleSection":["Auvergne-Rh\u00f4ne-Alpes"],"inLanguage":"fr-FR","potentialAction":[{"@type":"CommentAction","name":"Comment","target":["https:\/\/www.jdroadtrip.tv\/blog\/faire-un-sejour-dans-les-alpes-du-leman\/#respond"]}]},{"@type":"WebPage","@id":"https:\/\/www.jdroadtrip.tv\/blog\/faire-un-sejour-dans-les-alpes-du-leman\/","url":"https:\/\/www.jdroadtrip.tv\/blog\/faire-un-sejour-dans-les-alpes-du-leman\/","name":"Que faire dans les Alpes du L\u00e9man durant un week-end","isPartOf":{"@id":"https:\/\/www.jdroadtrip.tv\/blog\/#website"},"primaryImageOfPage":{"@id":"https:\/\/www.jdroadtrip.tv\/blog\/faire-un-sejour-dans-les-alpes-du-leman\/#primaryimage"},"image":{"@id":"https:\/\/www.jdroadtrip.tv\/blog\/faire-un-sejour-dans-les-alpes-du-leman\/#primaryimage"},"thumbnailUrl":"https:\/\/www.jdroadtrip.tv\/blog\/wp-content\/uploads\/2018\/07\/sejour-alpes-du-leman.jpg","datePublished":"2022-10-06T11:31:59+00:00","dateModified":"2025-09-21T07:33:30+00:00","description":"Que faire dans les Alpes du L\u00e9man durant un week-end en Haute-savoie, les bonnes adresses o\u00f9 manger et h\u00e9bergements o\u00f9 dormir...","breadcrumb":{"@id":"https:\/\/www.jdroadtrip.tv\/blog\/faire-un-sejour-dans-les-alpes-du-leman\/#breadcrumb"},"inLanguage":"fr-FR","potentialAction":[{"@type":"ReadAction","target":["https:\/\/www.jdroadtrip.tv\/blog\/faire-un-sejour-dans-les-alpes-du-leman\/"]}]},{"@type":"ImageObject","inLanguage":"fr-FR","@id":"https:\/\/www.jdroadtrip.tv\/blog\/faire-un-sejour-dans-les-alpes-du-leman\/#primaryimage","url":"https:\/\/www.jdroadtrip.tv\/blog\/wp-content\/uploads\/2018\/07\/sejour-alpes-du-leman.jpg","contentUrl":"https:\/\/www.jdroadtrip.tv\/blog\/wp-content\/uploads\/2018\/07\/sejour-alpes-du-leman.jpg","width":1500,"height":996},{"@type":"BreadcrumbList","@id":"https:\/\/www.jdroadtrip.tv\/blog\/faire-un-sejour-dans-les-alpes-du-leman\/#breadcrumb","itemListElement":[{"@type":"ListItem","position":1,"name":"Accueil","item":"https:\/\/www.jdroadtrip.tv\/blog\/"},{"@type":"ListItem","position":2,"name":"Que faire dans les Alpes du L\u00e9man durant un week-end"}]},{"@type":"WebSite","@id":"https:\/\/www.jdroadtrip.tv\/blog\/#website","url":"https:\/\/www.jdroadtrip.tv\/blog\/","name":"JDroadtrip - Blog de voyage au f\u00e9minin : Outdoor, Trek, Slow travel","description":"M\u00e9dia pour voyager au f\u00e9minin","publisher":{"@id":"https:\/\/www.jdroadtrip.tv\/blog\/#organization"},"alternateName":"JDroadtrip - Voyager au f\u00e9minin","potentialAction":[{"@type":"SearchAction","target":{"@type":"EntryPoint","urlTemplate":"https:\/\/www.jdroadtrip.tv\/blog\/?s={search_term_string}"},"query-input":{"@type":"PropertyValueSpecification","valueRequired":true,"valueName":"search_term_string"}}],"inLanguage":"fr-FR"},{"@type":"Organization","@id":"https:\/\/www.jdroadtrip.tv\/blog\/#organization","name":"JDroadtrip - Blog de voyage pour voyager au f\u00e9minin !","alternateName":"JDroadtrip - Voyager au f\u00e9minin","url":"https:\/\/www.jdroadtrip.tv\/blog\/","logo":{"@type":"ImageObject","inLanguage":"fr-FR","@id":"https:\/\/www.jdroadtrip.tv\/blog\/#\/schema\/logo\/image\/","url":"https:\/\/www.jdroadtrip.tv\/blog\/wp-content\/uploads\/2023\/08\/Logo-HD-petit.png","contentUrl":"https:\/\/www.jdroadtrip.tv\/blog\/wp-content\/uploads\/2023\/08\/Logo-HD-petit.png","width":300,"height":300,"caption":"JDroadtrip - Blog de voyage pour voyager au f\u00e9minin !"},"image":{"@id":"https:\/\/www.jdroadtrip.tv\/blog\/#\/schema\/logo\/image\/"},"sameAs":["https:\/\/www.facebook.com\/JDRoadTrip","https:\/\/x.com\/JDroadtrip","https:\/\/instagram.com\/jdroadtrip\/","http:\/\/www.linkedin.com\/in\/jennydiab","https:\/\/www.pinterest.fr\/jdroadtrip\/","https:\/\/www.youtube.com\/channel\/UCerVm4aMyTj9AxDDWmSx9_g"],"description":"Blog de voyage pour les femmes qui voyagent \u00e0 travers le monde.","email":"contact@jdroadtrip.tv","legalName":"Jenny Diab","numberOfEmployees":{"@type":"QuantitativeValue","minValue":"1","maxValue":"10"}},{"@type":"Person","@id":"https:\/\/www.jdroadtrip.tv\/blog\/#\/schema\/person\/d204bfc7d00ba74276391d8e42b58a3e","name":"Jenny Diab","image":{"@type":"ImageObject","inLanguage":"fr-FR","@id":"https:\/\/www.jdroadtrip.tv\/blog\/#\/schema\/person\/image\/","url":"https:\/\/secure.gravatar.com\/avatar\/8c20b0655fdafee9c0df649069a458b1bde697487be3b0da4df8754f3de7042c?s=96&d=mm&r=g","contentUrl":"https:\/\/secure.gravatar.com\/avatar\/8c20b0655fdafee9c0df649069a458b1bde697487be3b0da4df8754f3de7042c?s=96&d=mm&r=g","caption":"Jenny Diab"},"description":"Cr\u00e9atrice du blog JDroadtrip.tv, je voyage seule \u00e0 travers le monde et je partage mes exp\u00e9riences de voyageuse solo. \u00c0 travers ce blog, je vous invite \u00e0 d\u00e9couvrir un maximum de bons plans et astuces (h\u00e9bergements, activit\u00e9s, restaurants, transports \u2026) pour pr\u00e9parer au mieux vos futurs voyages. Si vous \u00eates une fille qui voyage \u00e0 travers le monde, rejoignez la communaut\u00e9 Voyager au f\u00e9minin et si vous avez des questions, n'h\u00e9sitez pas \u00e0 \u00e0 me contacter. D\u00c9COUVREZ QUI SUIS-JE.","sameAs":["https:\/\/www.jdroadtrip.tv","https:\/\/www.facebook.com\/JDroadtrip","https:\/\/www.instagram.com\/jdroadtrip\/","https:\/\/www.linkedin.com\/in\/jennydiab","https:\/\/www.pinterest.com\/Jdroadtrip","https:\/\/x.com\/JDroadtrip"],"url":"https:\/\/www.jdroadtrip.tv\/blog\/author\/jd\/"}]}},"_links":{"self":[{"href":"https:\/\/www.jdroadtrip.tv\/blog\/wp-json\/wp\/v2\/posts\/30870","targetHints":{"allow":["GET"]}}],"collection":[{"href":"https:\/\/www.jdroadtrip.tv\/blog\/wp-json\/wp\/v2\/posts"}],"about":[{"href":"https:\/\/www.jdroadtrip.tv\/blog\/wp-json\/wp\/v2\/types\/post"}],"author":[{"embeddable":true,"href":"https:\/\/www.jdroadtrip.tv\/blog\/wp-json\/wp\/v2\/users\/1"}],"replies":[{"embeddable":true,"href":"https:\/\/www.jdroadtrip.tv\/blog\/wp-json\/wp\/v2\/comments?post=30870"}],"version-history":[{"count":0,"href":"https:\/\/www.jdroadtrip.tv\/blog\/wp-json\/wp\/v2\/posts\/30870\/revisions"}],"wp:featuredmedia":[{"embeddable":true,"href":"https:\/\/www.jdroadtrip.tv\/blog\/wp-json\/wp\/v2\/media\/30910"}],"wp:attachment":[{"href":"https:\/\/www.jdroadtrip.tv\/blog\/wp-json\/wp\/v2\/media?parent=30870"}],"wp:term":[{"taxonomy":"category","embeddable":true,"href":"https:\/\/www.jdroadtrip.tv\/blog\/wp-json\/wp\/v2\/categories?post=30870"},{"taxonomy":"post_tag","embeddable":true,"href":"https:\/\/www.jdroadtrip.tv\/blog\/wp-json\/wp\/v2\/tags?post=30870"},{"taxonomy":"table_tags","embeddable":true,"href":"https:\/\/www.jdroadtrip.tv\/blog\/wp-json\/wp\/v2\/table_tags?post=30870"}],"curies":[{"name":"wp","href":"https:\/\/api.w.org\/{rel}","templated":true}]}}