{"id":29641,"date":"2018-01-23T12:51:19","date_gmt":"2018-01-23T11:51:19","guid":{"rendered":"https:\/\/www.jdroadtrip.tv\/blog\/?p=29641"},"modified":"2024-06-22T12:00:22","modified_gmt":"2024-06-22T11:00:22","slug":"bilan-2017-des-voyages-ou-voyager-en-2018","status":"publish","type":"post","link":"https:\/\/www.jdroadtrip.tv\/blog\/bilan-2017-des-voyages-ou-voyager-en-2018\/","title":{"rendered":"Bilan 2017 Des voyages, des rencontres, une ann\u00e9e incroyable !"},"content":{"rendered":"\t\t<div data-elementor-type=\"wp-post\" data-elementor-id=\"29641\" class=\"elementor elementor-29641\" data-elementor-post-type=\"post\">\n\t\t\t\t\t\t<section class=\"elementor-section elementor-top-section elementor-element elementor-element-bb359eb elementor-section-boxed elementor-section-height-default elementor-section-height-default\" data-id=\"bb359eb\" data-element_type=\"section\">\n\t\t\t\t\t\t<div class=\"elementor-container elementor-column-gap-default\">\n\t\t\t\t\t<div class=\"elementor-column elementor-col-100 elementor-top-column elementor-element elementor-element-e9ce55b\" data-id=\"e9ce55b\" data-element_type=\"column\">\n\t\t\t<div class=\"elementor-widget-wrap elementor-element-populated\">\n\t\t\t\t\t\t<div class=\"elementor-element elementor-element-670934e elementor-widget elementor-widget-heading\" data-id=\"670934e\" data-element_type=\"widget\" data-widget_type=\"heading.default\">\n\t\t\t\t<div class=\"elementor-widget-container\">\n\t\t\t\t\t<h2 class=\"elementor-heading-title elementor-size-default\">Bilan 2017 Des voyages et des rencontres, une ann\u00e9e incroyable !<\/h2>\t\t\t\t<\/div>\n\t\t\t\t<\/div>\n\t\t\t\t<div class=\"elementor-element elementor-element-9c9d389 elementor-widget elementor-widget-text-editor\" data-id=\"9c9d389\" data-element_type=\"widget\" data-widget_type=\"text-editor.default\">\n\t\t\t\t<div class=\"elementor-widget-container\">\n\t\t\t\t\t\t\t\t\t<p style=\"text-align: justify;\">Encore une ann\u00e9e qui s&rsquo;ach\u00e8ve, apr\u00e8s le <strong><a href=\"https:\/\/www.jdroadtrip.tv\/blog\/bilan-2016-des-voyages-ou-voyager-en-2017\/\" target=\"_blank\" rel=\"noopener noreferrer\">bilan 2016 des voyages<\/a><\/strong>, <strong>c&rsquo;est le moment de faire le bilan 2017 des voyages<\/strong>, \u00e7a a \u00e9t\u00e9 une ann\u00e9e incroyable, riche en rencontres et gr\u00e2ce \u00e0 cet article, <strong>vous allez avoir des id\u00e9es d\u2019 o\u00f9 voyager en 2018<\/strong> ? Contrairement \u00e0 l&rsquo;ann\u00e9e derni\u00e8re, j&rsquo;ai essay\u00e9 de stabiliser un peu plus ma vie personnelle, j&rsquo;ai pris certaines d\u00e9cisions pour am\u00e9liorer mon quotidien et j&rsquo;ai de nombreux projets \u00e0 venir.<\/p><p style=\"text-align: justify;\"><strong>J&rsquo;ai appris \u00e0 refaire confiance, \u00e0 me laisser aller sans avoir peur du jugement et j&rsquo;ai surtout continu\u00e9 \u00e0 vivre, encore plus que les ann\u00e9es pr\u00e9c\u00e9dentes, \u00e0 penser encore plus \u00e0 moi et \u00e0 ce que je voulais.<\/strong> Je me suis surprise \u00e0 parler, \u00e0 raconter, \u00e0 entendre ce qu&rsquo;on pensait de moi et de l&rsquo;image que je d\u00e9gageais, \u00e0 me confier, et \u00e7a fait du bien de dire les choses, qu&rsquo;elles soient n\u00e9gatives ou positives ! <strong>Je vais laisser cette nouvelle ann\u00e9e me guider et voir o\u00f9 cela va m&rsquo;amener !<\/strong><\/p><p style=\"text-align: justify;\">\u00c0 lire : <strong><a href=\"https:\/\/www.jdroadtrip.tv\/blog\/a-propos-de-jdroadtrip-voyager-au-feminin\" target=\"_blank\" rel=\"noopener noreferrer\">\u00c0 propos de JDroadtrip<\/a><\/strong> \/\/ <strong><a href=\"https:\/\/www.jdroadtrip.tv\/blog\/chiffres-de-jdroadtrip\/\" target=\"_blank\" rel=\"noopener noreferrer\">Travailler avec JDroadtrip<\/a><\/strong><\/p>\t\t\t\t\t\t\t\t<\/div>\n\t\t\t\t<\/div>\n\t\t\t\t<div class=\"elementor-element elementor-element-400fa1b elementor-widget-divider--view-line elementor-widget elementor-widget-global elementor-global-41411 elementor-widget-divider\" data-id=\"400fa1b\" data-element_type=\"widget\" data-widget_type=\"divider.default\">\n\t\t\t\t<div class=\"elementor-widget-container\">\n\t\t\t\t\t\t\t<div class=\"elementor-divider\">\n\t\t\t<span class=\"elementor-divider-separator\">\n\t\t\t\t\t\t<\/span>\n\t\t<\/div>\n\t\t\t\t\t\t<\/div>\n\t\t\t\t<\/div>\n\t\t\t\t\t<\/div>\n\t\t<\/div>\n\t\t\t\t\t<\/div>\n\t\t<\/section>\n\t\t\t\t<section class=\"elementor-section elementor-top-section elementor-element elementor-element-ef47092 elementor-section-boxed elementor-section-height-default elementor-section-height-default\" data-id=\"ef47092\" data-element_type=\"section\">\n\t\t\t\t\t\t<div class=\"elementor-container elementor-column-gap-default\">\n\t\t\t\t\t<div class=\"elementor-column elementor-col-100 elementor-top-column elementor-element elementor-element-9410522\" data-id=\"9410522\" data-element_type=\"column\">\n\t\t\t<div class=\"elementor-widget-wrap elementor-element-populated\">\n\t\t\t\t\t\t<div class=\"elementor-element elementor-element-35d42aa elementor-widget elementor-widget-text-editor\" data-id=\"35d42aa\" data-element_type=\"widget\" data-widget_type=\"text-editor.default\">\n\t\t\t\t<div class=\"elementor-widget-container\">\n\t\t\t\t\t\t\t\t\t<h3 style=\"text-align: justify;\">O\u00f9 voyager en 2018 ?<\/h3><p style=\"text-align: justify;\">J&rsquo;ai commenc\u00e9 l&rsquo;ann\u00e9e assez difficilement, mon retour de New York, j&rsquo;\u00e9tais en pleins doutes sur tout et puis les mois ont d\u00e9fil\u00e9s, les voyages se sont enchain\u00e9s et certains projets ont vu le jour tout doucement ! Je vais vous partager le bilan 2017 des voyages afin de vous aider dans vos futurs choix \u00a0\u00bb O\u00f9 voyager en 2018 ?\u00a0\u00bb.<\/p>\t\t\t\t\t\t\t\t<\/div>\n\t\t\t\t<\/div>\n\t\t\t\t\t<\/div>\n\t\t<\/div>\n\t\t\t\t\t<\/div>\n\t\t<\/section>\n\t\t\t\t<section class=\"elementor-section elementor-top-section elementor-element elementor-element-247f629 elementor-section-boxed elementor-section-height-default elementor-section-height-default\" data-id=\"247f629\" data-element_type=\"section\">\n\t\t\t\t\t\t<div class=\"elementor-container elementor-column-gap-default\">\n\t\t\t\t\t<div class=\"elementor-column elementor-col-100 elementor-top-column elementor-element elementor-element-45901b8\" data-id=\"45901b8\" data-element_type=\"column\">\n\t\t\t<div class=\"elementor-widget-wrap elementor-element-populated\">\n\t\t\t\t\t\t<div class=\"elementor-element elementor-element-5d156fb elementor-widget elementor-widget-text-editor\" data-id=\"5d156fb\" data-element_type=\"widget\" data-widget_type=\"text-editor.default\">\n\t\t\t\t<div class=\"elementor-widget-container\">\n\t\t\t\t\t\t\t\t\t<h4 style=\"text-align: justify;\">Janvier &#8211; Valberg<\/h4><p style=\"text-align: justify;\">Premier voyage \u00e0 neige, <strong>une station de ski familiale avec un \u00e9v\u00e9nement qui a lieu tous les ans, le festival du rire en montagne<\/strong>. Une semaine d\u00e9tente \u00e0 la neige, avec la d\u00e9couverte des environs. Tous les soirs, nous avons le droit \u00e0 un spectacle humoristique, histoire de finir la journ\u00e9e avec le sourire. Une semaine tr\u00e8s int\u00e9ressante !<\/p><p style=\"text-align: justify;\"><img fetchpriority=\"high\" decoding=\"async\" class=\"aligncenter wp-image-29665 size-full\" src=\"https:\/\/www.jdroadtrip.tv\/blog\/wp-content\/uploads\/2018\/01\/Valberge02-3.jpg\" alt=\"Bilan 2017 des voyages, o\u00f9 voyager en 2018 ? Valberg\" width=\"1000\" height=\"663\" srcset=\"https:\/\/www.jdroadtrip.tv\/blog\/wp-content\/uploads\/2018\/01\/Valberge02-3.jpg 1000w, https:\/\/www.jdroadtrip.tv\/blog\/wp-content\/uploads\/2018\/01\/Valberge02-3-300x199.jpg 300w, https:\/\/www.jdroadtrip.tv\/blog\/wp-content\/uploads\/2018\/01\/Valberge02-3-800x530.jpg 800w, https:\/\/www.jdroadtrip.tv\/blog\/wp-content\/uploads\/2018\/01\/Valberge02-3-250x166.jpg 250w, https:\/\/www.jdroadtrip.tv\/blog\/wp-content\/uploads\/2018\/01\/Valberge02-3-768x509.jpg 768w, https:\/\/www.jdroadtrip.tv\/blog\/wp-content\/uploads\/2018\/01\/Valberge02-3-780x516.jpg 780w, https:\/\/www.jdroadtrip.tv\/blog\/wp-content\/uploads\/2018\/01\/Valberge02-3-585x388.jpg 585w, https:\/\/www.jdroadtrip.tv\/blog\/wp-content\/uploads\/2018\/01\/Valberge02-3-263x175.jpg 263w\" sizes=\"(max-width: 1000px) 100vw, 1000px\" \/><\/p>\t\t\t\t\t\t\t\t<\/div>\n\t\t\t\t<\/div>\n\t\t\t\t<div class=\"elementor-element elementor-element-8e15c5a elementor-widget-divider--view-line elementor-widget elementor-widget-global elementor-global-41411 elementor-widget-divider\" data-id=\"8e15c5a\" data-element_type=\"widget\" data-widget_type=\"divider.default\">\n\t\t\t\t<div class=\"elementor-widget-container\">\n\t\t\t\t\t\t\t<div class=\"elementor-divider\">\n\t\t\t<span class=\"elementor-divider-separator\">\n\t\t\t\t\t\t<\/span>\n\t\t<\/div>\n\t\t\t\t\t\t<\/div>\n\t\t\t\t<\/div>\n\t\t\t\t\t<\/div>\n\t\t<\/div>\n\t\t\t\t\t<\/div>\n\t\t<\/section>\n\t\t\t\t<section class=\"elementor-section elementor-top-section elementor-element elementor-element-9bca67b elementor-section-boxed elementor-section-height-default elementor-section-height-default\" data-id=\"9bca67b\" data-element_type=\"section\">\n\t\t\t\t\t\t<div class=\"elementor-container elementor-column-gap-default\">\n\t\t\t\t\t<div class=\"elementor-column elementor-col-100 elementor-top-column elementor-element elementor-element-b4a37df\" data-id=\"b4a37df\" data-element_type=\"column\">\n\t\t\t<div class=\"elementor-widget-wrap elementor-element-populated\">\n\t\t\t\t\t\t<div class=\"elementor-element elementor-element-b6c90ac elementor-widget elementor-widget-text-editor\" data-id=\"b6c90ac\" data-element_type=\"widget\" data-widget_type=\"text-editor.default\">\n\t\t\t\t<div class=\"elementor-widget-container\">\n\t\t\t\t\t\t\t\t\t<h4 style=\"text-align: justify;\">F\u00e9vrier &#8211; Conf\u00e9rence \u00ab\u00a0Voyager au f\u00e9minin\u00a0\u00bb<\/h4><p style=\"text-align: justify;\"><strong>Je recevais de plus en plus de messages sur ma fa\u00e7on de voyager et mes exp\u00e9riences de voyages,<\/strong> notamment sur le <strong><a href=\"https:\/\/www.jdroadtrip.tv\/blog\/le-pass-interrail\/\" target=\"_blank\" rel=\"noopener noreferrer\">pass Interrail<\/a><\/strong>, mon <strong><a href=\"https:\/\/www.jdroadtrip.tv\/blog\/whv-pvt-en-australie-permis-vacances-travail\/\" target=\"_blank\" rel=\"noopener noreferrer\">PVT en Australie<\/a><\/strong> et mes divers voyages \u00e0 travers l&rsquo;Europe&#8230; Avec le soutien de Chapka assurances, j&rsquo;ai donn\u00e9 une conf\u00e9rence devant une centaine de filles qui s&rsquo;\u00e9taient d\u00e9j\u00e0 lanc\u00e9es ou qui allait le faire. Assez stressant comme exp\u00e9rience, mais tr\u00e8s enrichissant !<\/p><p style=\"text-align: justify;\">Article \u00e0 lire : <strong><a href=\"https:\/\/www.jdroadtrip.tv\/blog\/voyager-au-feminin\/\" target=\"_blank\" rel=\"noopener noreferrer\">Voyager au f\u00e9minin<\/a><\/strong><\/p><p style=\"text-align: justify;\"><img decoding=\"async\" class=\"size-full wp-image-29650 aligncenter\" src=\"https:\/\/www.jdroadtrip.tv\/blog\/wp-content\/uploads\/2017\/12\/Conference-Voyager-au-feminin.jpeg\" alt=\"\" width=\"2048\" height=\"1152\" srcset=\"https:\/\/www.jdroadtrip.tv\/blog\/wp-content\/uploads\/2017\/12\/Conference-Voyager-au-feminin.jpeg 2048w, https:\/\/www.jdroadtrip.tv\/blog\/wp-content\/uploads\/2017\/12\/Conference-Voyager-au-feminin-300x169.jpeg 300w, https:\/\/www.jdroadtrip.tv\/blog\/wp-content\/uploads\/2017\/12\/Conference-Voyager-au-feminin-800x450.jpeg 800w, https:\/\/www.jdroadtrip.tv\/blog\/wp-content\/uploads\/2017\/12\/Conference-Voyager-au-feminin-250x141.jpeg 250w, https:\/\/www.jdroadtrip.tv\/blog\/wp-content\/uploads\/2017\/12\/Conference-Voyager-au-feminin-768x432.jpeg 768w, https:\/\/www.jdroadtrip.tv\/blog\/wp-content\/uploads\/2017\/12\/Conference-Voyager-au-feminin-1536x864.jpeg 1536w, https:\/\/www.jdroadtrip.tv\/blog\/wp-content\/uploads\/2017\/12\/Conference-Voyager-au-feminin-1920x1080.jpeg 1920w, https:\/\/www.jdroadtrip.tv\/blog\/wp-content\/uploads\/2017\/12\/Conference-Voyager-au-feminin-1170x658.jpeg 1170w, https:\/\/www.jdroadtrip.tv\/blog\/wp-content\/uploads\/2017\/12\/Conference-Voyager-au-feminin-585x329.jpeg 585w\" sizes=\"(max-width: 2048px) 100vw, 2048px\" \/><\/p>\t\t\t\t\t\t\t\t<\/div>\n\t\t\t\t<\/div>\n\t\t\t\t<div class=\"elementor-element elementor-element-3215437 elementor-widget-divider--view-line elementor-widget elementor-widget-global elementor-global-41411 elementor-widget-divider\" data-id=\"3215437\" data-element_type=\"widget\" data-widget_type=\"divider.default\">\n\t\t\t\t<div class=\"elementor-widget-container\">\n\t\t\t\t\t\t\t<div class=\"elementor-divider\">\n\t\t\t<span class=\"elementor-divider-separator\">\n\t\t\t\t\t\t<\/span>\n\t\t<\/div>\n\t\t\t\t\t\t<\/div>\n\t\t\t\t<\/div>\n\t\t\t\t\t<\/div>\n\t\t<\/div>\n\t\t\t\t\t<\/div>\n\t\t<\/section>\n\t\t\t\t<section class=\"elementor-section elementor-top-section elementor-element elementor-element-8686f15 elementor-section-boxed elementor-section-height-default elementor-section-height-default\" data-id=\"8686f15\" data-element_type=\"section\">\n\t\t\t\t\t\t<div class=\"elementor-container elementor-column-gap-default\">\n\t\t\t\t\t<div class=\"elementor-column elementor-col-100 elementor-top-column elementor-element elementor-element-09fb84a\" data-id=\"09fb84a\" data-element_type=\"column\">\n\t\t\t<div class=\"elementor-widget-wrap elementor-element-populated\">\n\t\t\t\t\t\t<div class=\"elementor-element elementor-element-1f4cbac elementor-widget elementor-widget-text-editor\" data-id=\"1f4cbac\" data-element_type=\"widget\" data-widget_type=\"text-editor.default\">\n\t\t\t\t<div class=\"elementor-widget-container\">\n\t\t\t\t\t\t\t\t\t<h4 style=\"text-align: justify;\">Mars &#8211; Ap\u00e9ros au f\u00e9minin \/\/ Laponie au f\u00e9minin<\/h4><ul style=\"text-align: justify;\"><li><strong>Ap\u00e9ros au f\u00e9minin<\/strong><\/li><\/ul><p style=\"text-align: justify;\">Apr\u00e8s avoir donn\u00e9 une conf\u00e9rence, j&rsquo;ai lanc\u00e9 <strong>plusieurs ap\u00e9ros au f\u00e9minin sur la capitale<\/strong> et le premier \u00e9tait en mars. Une soir\u00e9e assez m\u00e9morable, des rencontres inoubliables qui \u00e0 laisser place \u00e0 une amiti\u00e9 avec des filles pr\u00e9sentent. J&rsquo;ai ador\u00e9 ces moments de partage, il faudrait que j&rsquo;arrive \u00e0 trouver le temps de renouveler ce genre d&rsquo;\u00e9v\u00e9nements ailleurs qu&rsquo;\u00e0 Paris.<\/p><p style=\"text-align: justify;\"><strong><em>D\u00e9dicace \u00e0 Manon, Laur\u00e8ne, M\u00e9lo\u00e9e, C\u00e9line et Ga\u00efa.<\/em><\/strong><\/p><p style=\"text-align: justify;\"><img decoding=\"async\" class=\"size-full wp-image-29651 aligncenter\" src=\"https:\/\/www.jdroadtrip.tv\/blog\/wp-content\/uploads\/2017\/12\/Jenny-3.jpg\" alt=\"\" width=\"2048\" height=\"1365\" srcset=\"https:\/\/www.jdroadtrip.tv\/blog\/wp-content\/uploads\/2017\/12\/Jenny-3.jpg 2048w, https:\/\/www.jdroadtrip.tv\/blog\/wp-content\/uploads\/2017\/12\/Jenny-3-300x200.jpg 300w, https:\/\/www.jdroadtrip.tv\/blog\/wp-content\/uploads\/2017\/12\/Jenny-3-800x533.jpg 800w, https:\/\/www.jdroadtrip.tv\/blog\/wp-content\/uploads\/2017\/12\/Jenny-3-250x167.jpg 250w, https:\/\/www.jdroadtrip.tv\/blog\/wp-content\/uploads\/2017\/12\/Jenny-3-768x512.jpg 768w, https:\/\/www.jdroadtrip.tv\/blog\/wp-content\/uploads\/2017\/12\/Jenny-3-1536x1024.jpg 1536w, https:\/\/www.jdroadtrip.tv\/blog\/wp-content\/uploads\/2017\/12\/Jenny-3-566x377.jpg 566w, https:\/\/www.jdroadtrip.tv\/blog\/wp-content\/uploads\/2017\/12\/Jenny-3-390x260.jpg 390w, https:\/\/www.jdroadtrip.tv\/blog\/wp-content\/uploads\/2017\/12\/Jenny-3-103x68.jpg 103w\" sizes=\"(max-width: 2048px) 100vw, 2048px\" \/><\/p><p><div id='gallery-1' class='gallery galleryid-29641 gallery-columns-2 gallery-size-large'><figure class='gallery-item'>\n\t\t\t<div class='gallery-icon landscape'>\n\t\t\t\t<img loading=\"lazy\" decoding=\"async\" width=\"800\" height=\"533\" src=\"https:\/\/www.jdroadtrip.tv\/blog\/wp-content\/uploads\/2017\/12\/Jenny-11-800x533.jpg\" class=\"attachment-large size-large\" alt=\"\" srcset=\"https:\/\/www.jdroadtrip.tv\/blog\/wp-content\/uploads\/2017\/12\/Jenny-11-800x533.jpg 800w, https:\/\/www.jdroadtrip.tv\/blog\/wp-content\/uploads\/2017\/12\/Jenny-11-300x200.jpg 300w, https:\/\/www.jdroadtrip.tv\/blog\/wp-content\/uploads\/2017\/12\/Jenny-11-250x167.jpg 250w, https:\/\/www.jdroadtrip.tv\/blog\/wp-content\/uploads\/2017\/12\/Jenny-11-768x512.jpg 768w, https:\/\/www.jdroadtrip.tv\/blog\/wp-content\/uploads\/2017\/12\/Jenny-11-1536x1024.jpg 1536w, https:\/\/www.jdroadtrip.tv\/blog\/wp-content\/uploads\/2017\/12\/Jenny-11-566x377.jpg 566w, https:\/\/www.jdroadtrip.tv\/blog\/wp-content\/uploads\/2017\/12\/Jenny-11-390x260.jpg 390w, https:\/\/www.jdroadtrip.tv\/blog\/wp-content\/uploads\/2017\/12\/Jenny-11-103x68.jpg 103w, https:\/\/www.jdroadtrip.tv\/blog\/wp-content\/uploads\/2017\/12\/Jenny-11.jpg 2048w\" sizes=\"(max-width: 800px) 100vw, 800px\" \/>\n\t\t\t<\/div><\/figure><figure class='gallery-item'>\n\t\t\t<div class='gallery-icon landscape'>\n\t\t\t\t<img loading=\"lazy\" decoding=\"async\" width=\"800\" height=\"533\" src=\"https:\/\/www.jdroadtrip.tv\/blog\/wp-content\/uploads\/2017\/12\/Jenny-9-800x533.jpg\" class=\"attachment-large size-large\" alt=\"\" srcset=\"https:\/\/www.jdroadtrip.tv\/blog\/wp-content\/uploads\/2017\/12\/Jenny-9-800x533.jpg 800w, https:\/\/www.jdroadtrip.tv\/blog\/wp-content\/uploads\/2017\/12\/Jenny-9-300x200.jpg 300w, https:\/\/www.jdroadtrip.tv\/blog\/wp-content\/uploads\/2017\/12\/Jenny-9-250x167.jpg 250w, https:\/\/www.jdroadtrip.tv\/blog\/wp-content\/uploads\/2017\/12\/Jenny-9-768x512.jpg 768w, https:\/\/www.jdroadtrip.tv\/blog\/wp-content\/uploads\/2017\/12\/Jenny-9-1536x1024.jpg 1536w, https:\/\/www.jdroadtrip.tv\/blog\/wp-content\/uploads\/2017\/12\/Jenny-9-566x377.jpg 566w, https:\/\/www.jdroadtrip.tv\/blog\/wp-content\/uploads\/2017\/12\/Jenny-9-390x260.jpg 390w, https:\/\/www.jdroadtrip.tv\/blog\/wp-content\/uploads\/2017\/12\/Jenny-9-103x68.jpg 103w, https:\/\/www.jdroadtrip.tv\/blog\/wp-content\/uploads\/2017\/12\/Jenny-9.jpg 2048w\" sizes=\"(max-width: 800px) 100vw, 800px\" \/>\n\t\t\t<\/div><\/figure>\n\t\t<\/div>\n<\/p><ul style=\"text-align: justify;\"><li><strong>1er voyage Laponie au f\u00e9minin<\/strong><\/li><\/ul><p style=\"text-align: justify;\">En septembre 2016, je rencontrais Taina qui avait invit\u00e9 plusieurs blogueurs afin de promouvoir son agence de voyages. Suite \u00e0 ce voyage, nous avons continu\u00e9 \u00e0 collaborer sur <strong>un autre projet destin\u00e9 \u00e0 ma communaut\u00e9 et nous nous sommes associ\u00e9 pour lancer un premier voyage en Finlande qui allait s\u2019appeler \u00ab\u00a0Laponie au f\u00e9minin\u00a0\u00bb<\/strong>. Sept filles du groupe Facebook de voyage 100% f\u00e9minin \u00ab\u00a0<strong><a href=\"https:\/\/www.facebook.com\/groups\/Voyageraufeminin\" target=\"_blank\" rel=\"noopener noreferrer\">Voyager au f\u00e9minin en sac \u00e0 dos<\/a><\/strong>\u00a0\u00bb ont pay\u00e9 leur voyage de 6 jours et sont partie avec moi d\u00e9couvrir le pays du p\u00e8re No\u00ebl.<\/p><p style=\"text-align: justify;\"><strong><em>D\u00e9dicace \u00e0 Annelie, Marine, Tiphanie, Audrey, Marie, Emeline et Elsa.<\/em><\/strong><\/p><p style=\"text-align: justify;\">Article \u00e0 lire : <strong><a href=\"https:\/\/www.jdroadtrip.tv\/blog\/laponie-au-feminin\/\" target=\"_blank\" rel=\"noopener noreferrer\">Laponie au f\u00e9minin<\/a><\/strong><\/p><p style=\"text-align: justify;\"><img loading=\"lazy\" decoding=\"async\" class=\"aligncenter wp-image-22661 size-full\" src=\"https:\/\/www.jdroadtrip.tv\/blog\/wp-content\/uploads\/2017\/04\/Laponie-au-feminin-img01.jpg\" alt=\"Bilan 2017 des voyages, o\u00f9 voyager en 2018 ? Laponie\" width=\"2000\" height=\"1333\" srcset=\"https:\/\/www.jdroadtrip.tv\/blog\/wp-content\/uploads\/2017\/04\/Laponie-au-feminin-img01.jpg 2000w, https:\/\/www.jdroadtrip.tv\/blog\/wp-content\/uploads\/2017\/04\/Laponie-au-feminin-img01-300x200.jpg 300w, https:\/\/www.jdroadtrip.tv\/blog\/wp-content\/uploads\/2017\/04\/Laponie-au-feminin-img01-800x533.jpg 800w, https:\/\/www.jdroadtrip.tv\/blog\/wp-content\/uploads\/2017\/04\/Laponie-au-feminin-img01-250x167.jpg 250w, https:\/\/www.jdroadtrip.tv\/blog\/wp-content\/uploads\/2017\/04\/Laponie-au-feminin-img01-768x512.jpg 768w, https:\/\/www.jdroadtrip.tv\/blog\/wp-content\/uploads\/2017\/04\/Laponie-au-feminin-img01-1536x1024.jpg 1536w, https:\/\/www.jdroadtrip.tv\/blog\/wp-content\/uploads\/2017\/04\/Laponie-au-feminin-img01-1920x1280.jpg 1920w, https:\/\/www.jdroadtrip.tv\/blog\/wp-content\/uploads\/2017\/04\/Laponie-au-feminin-img01-1170x780.jpg 1170w, https:\/\/www.jdroadtrip.tv\/blog\/wp-content\/uploads\/2017\/04\/Laponie-au-feminin-img01-585x390.jpg 585w, https:\/\/www.jdroadtrip.tv\/blog\/wp-content\/uploads\/2017\/04\/Laponie-au-feminin-img01-263x175.jpg 263w\" sizes=\"(max-width: 2000px) 100vw, 2000px\" \/><\/p>\t\t\t\t\t\t\t\t<\/div>\n\t\t\t\t<\/div>\n\t\t\t\t<div class=\"elementor-element elementor-element-835da36 elementor-widget-divider--view-line elementor-widget elementor-widget-global elementor-global-41411 elementor-widget-divider\" data-id=\"835da36\" data-element_type=\"widget\" data-widget_type=\"divider.default\">\n\t\t\t\t<div class=\"elementor-widget-container\">\n\t\t\t\t\t\t\t<div class=\"elementor-divider\">\n\t\t\t<span class=\"elementor-divider-separator\">\n\t\t\t\t\t\t<\/span>\n\t\t<\/div>\n\t\t\t\t\t\t<\/div>\n\t\t\t\t<\/div>\n\t\t\t\t\t<\/div>\n\t\t<\/div>\n\t\t\t\t\t<\/div>\n\t\t<\/section>\n\t\t\t\t<section class=\"elementor-section elementor-top-section elementor-element elementor-element-b758e46 elementor-section-boxed elementor-section-height-default elementor-section-height-default\" data-id=\"b758e46\" data-element_type=\"section\">\n\t\t\t\t\t\t<div class=\"elementor-container elementor-column-gap-default\">\n\t\t\t\t\t<div class=\"elementor-column elementor-col-100 elementor-top-column elementor-element elementor-element-60d778a\" data-id=\"60d778a\" data-element_type=\"column\">\n\t\t\t<div class=\"elementor-widget-wrap elementor-element-populated\">\n\t\t\t\t\t\t<div class=\"elementor-element elementor-element-f3e20fe elementor-widget elementor-widget-text-editor\" data-id=\"f3e20fe\" data-element_type=\"widget\" data-widget_type=\"text-editor.default\">\n\t\t\t\t<div class=\"elementor-widget-container\">\n\t\t\t\t\t\t\t\t\t<h4 style=\"text-align: justify;\">Avril &#8211; Saint-Malo \/\/ V\u00e9losc\u00e9nie \/\/ Croisi\u00e8re en Croatie<\/h4><ul style=\"text-align: justify;\"><li><strong>Salon des blogueurs \u00e0 Saint-Malo<\/strong><\/li><\/ul><p style=\"text-align: justify;\">Direction la Bretagne pour participer au salon des blogueurs qui a lieu \u00e0 Saint-Malo. Une r\u00e9gion que je ne connais absolument pas mais qu&rsquo;il me tardait de d\u00e9couvrir. <strong>J&rsquo;avais h\u00e2te aussi de retrouver quelques copains blogueurs, car cet \u00e9v\u00e9nement nous permet de nous retrouver quand on ne se croise pas autour du monde.<\/strong> Je dois avouer que je reste s\u00e9duite par le <em>salon des blogueurs \u00e0 Bruxelles<\/em> m\u00eame si l&rsquo;organisation de ce type d\u2019\u00e9v\u00e9nement est un sacr\u00e9 boulot. Merci \u00e0 Cathy pour la photo.<\/p><p style=\"text-align: justify;\"><img loading=\"lazy\" decoding=\"async\" class=\"size-full wp-image-29664 aligncenter\" src=\"https:\/\/www.jdroadtrip.tv\/blog\/wp-content\/uploads\/2018\/01\/Photographe-Saint-Malo_-Cathy-Marion-39.jpg\" alt=\"\" width=\"2048\" height=\"1365\" srcset=\"https:\/\/www.jdroadtrip.tv\/blog\/wp-content\/uploads\/2018\/01\/Photographe-Saint-Malo_-Cathy-Marion-39.jpg 2048w, https:\/\/www.jdroadtrip.tv\/blog\/wp-content\/uploads\/2018\/01\/Photographe-Saint-Malo_-Cathy-Marion-39-300x200.jpg 300w, https:\/\/www.jdroadtrip.tv\/blog\/wp-content\/uploads\/2018\/01\/Photographe-Saint-Malo_-Cathy-Marion-39-800x533.jpg 800w, https:\/\/www.jdroadtrip.tv\/blog\/wp-content\/uploads\/2018\/01\/Photographe-Saint-Malo_-Cathy-Marion-39-250x167.jpg 250w, https:\/\/www.jdroadtrip.tv\/blog\/wp-content\/uploads\/2018\/01\/Photographe-Saint-Malo_-Cathy-Marion-39-768x512.jpg 768w, https:\/\/www.jdroadtrip.tv\/blog\/wp-content\/uploads\/2018\/01\/Photographe-Saint-Malo_-Cathy-Marion-39-1536x1024.jpg 1536w, https:\/\/www.jdroadtrip.tv\/blog\/wp-content\/uploads\/2018\/01\/Photographe-Saint-Malo_-Cathy-Marion-39-566x377.jpg 566w, https:\/\/www.jdroadtrip.tv\/blog\/wp-content\/uploads\/2018\/01\/Photographe-Saint-Malo_-Cathy-Marion-39-390x260.jpg 390w, https:\/\/www.jdroadtrip.tv\/blog\/wp-content\/uploads\/2018\/01\/Photographe-Saint-Malo_-Cathy-Marion-39-103x68.jpg 103w\" sizes=\"(max-width: 2048px) 100vw, 2048px\" \/><\/p><ul style=\"text-align: justify;\"><li><strong>V\u00e9losc\u00e9nie<\/strong><\/li><\/ul><p style=\"text-align: justify;\">C&rsquo;est parti, je quittais Paris \u00e0 v\u00e9lo direction le Mont Saint-Michel et j&rsquo;allais suivre l&rsquo;itin\u00e9raire de la v\u00e9losc\u00e9nie. Toujours bien accompagn\u00e9 de quelques copains blogueurs, <strong>ce s\u00e9jour \u00e0 v\u00e9lo \u00e9tait tr\u00e8s int\u00e9ressant, nous avons d\u00e9couvert \u00e9norm\u00e9ment de choses sur les points, en passant par la gastronomie, l&rsquo;histoire et la culture<\/strong>. J&rsquo;appr\u00e9hendais pas mal et j&rsquo;ai \u00e9t\u00e9 agr\u00e9ablement surprise ! Tr\u00e8s accessible \u00e0 tous, seul, \u00e0 deux et\/ou en famille surtout pendant les beaux jours.<\/p><p style=\"text-align: justify;\">Article \u00e0 lire : <strong><a href=\"https:\/\/www.jdroadtrip.tv\/blog\/itineraire-veloscenie-a-velo\/\" target=\"_blank\" rel=\"noopener noreferrer\">Itin\u00e9raire V\u00e9losc\u00e9nie &#8211; de Paris au Mont Saint-Michel \u00e0 v\u00e9lo<\/a><\/strong><\/p><p style=\"text-align: justify;\"><img loading=\"lazy\" decoding=\"async\" class=\"aligncenter wp-image-23984 size-full\" src=\"https:\/\/www.jdroadtrip.tv\/blog\/wp-content\/uploads\/2017\/07\/Veloscenie2-4.jpg\" alt=\"Bilan 2017 des voyages, o\u00f9 voyager en 2018 ? Velosc\u00e9nie\" width=\"1500\" height=\"1000\" srcset=\"https:\/\/www.jdroadtrip.tv\/blog\/wp-content\/uploads\/2017\/07\/Veloscenie2-4.jpg 1500w, https:\/\/www.jdroadtrip.tv\/blog\/wp-content\/uploads\/2017\/07\/Veloscenie2-4-300x200.jpg 300w, https:\/\/www.jdroadtrip.tv\/blog\/wp-content\/uploads\/2017\/07\/Veloscenie2-4-800x533.jpg 800w, https:\/\/www.jdroadtrip.tv\/blog\/wp-content\/uploads\/2017\/07\/Veloscenie2-4-250x167.jpg 250w, https:\/\/www.jdroadtrip.tv\/blog\/wp-content\/uploads\/2017\/07\/Veloscenie2-4-768x512.jpg 768w, https:\/\/www.jdroadtrip.tv\/blog\/wp-content\/uploads\/2017\/07\/Veloscenie2-4-1170x780.jpg 1170w, https:\/\/www.jdroadtrip.tv\/blog\/wp-content\/uploads\/2017\/07\/Veloscenie2-4-585x390.jpg 585w, https:\/\/www.jdroadtrip.tv\/blog\/wp-content\/uploads\/2017\/07\/Veloscenie2-4-263x175.jpg 263w\" sizes=\"(max-width: 1500px) 100vw, 1500px\" \/><\/p><ul style=\"text-align: justify;\"><li><strong>Croisi\u00e8re en Croatie<\/strong><\/li><\/ul><p style=\"text-align: justify;\">Ah la croisi\u00e8re en Croatie, je m&rsquo;en souviendrais tr\u00e8s longtemps ! J&rsquo;\u00e9tais ravie de faire une croisi\u00e8re, car c&rsquo;\u00e9tait mon envie du moment et puis j&rsquo;\u00e9tais bien accompagn\u00e9e de mes copines blogueuses Jennifer (<strong><a href=\"http:\/\/www.moimessouliers.org\/\" target=\"_blank\" rel=\"noopener noreferrer\">Moi, mes souliers<\/a><\/strong>) et Philom\u00e8ne (<strong><a href=\"https:\/\/www.globe-trotting.com\/\" target=\"_blank\" rel=\"noopener noreferrer\">Globe-trotting<\/a><\/strong>). Nous avons pass\u00e9 une semaine \u00e0 rigoler malgr\u00e9 que je sois tomb\u00e9e malade un soir, c&rsquo;\u00e9tait relativement fun ! <strong>Si vous ne savez pas o\u00f9 voyager en 2018, je vous recommande vraiment de venir visiter la Croatie, c&rsquo;est un chouette pays.<\/strong><\/p><p style=\"text-align: justify;\">Article \u00e0 lire : <strong><a href=\"https:\/\/www.jdroadtrip.tv\/blog\/croisiere-visiter-les-iles-croates\/\" target=\"_blank\" rel=\"noopener noreferrer\">Croisi\u00e8re en Croatie \u2013 Visiter les \u00eeles entre Dubrovnik et Split\u00a0<\/a><\/strong><\/p><p style=\"text-align: justify;\"><img loading=\"lazy\" decoding=\"async\" class=\"aligncenter wp-image-23182 size-full\" src=\"https:\/\/www.jdroadtrip.tv\/blog\/wp-content\/uploads\/2017\/05\/Croisiere-Jenny-1.jpg\" alt=\"Bilan 2017 des voyages, o\u00f9 voyager en 2018 ? Croatie\" width=\"2000\" height=\"1333\" srcset=\"https:\/\/www.jdroadtrip.tv\/blog\/wp-content\/uploads\/2017\/05\/Croisiere-Jenny-1.jpg 2000w, https:\/\/www.jdroadtrip.tv\/blog\/wp-content\/uploads\/2017\/05\/Croisiere-Jenny-1-300x200.jpg 300w, https:\/\/www.jdroadtrip.tv\/blog\/wp-content\/uploads\/2017\/05\/Croisiere-Jenny-1-800x533.jpg 800w, https:\/\/www.jdroadtrip.tv\/blog\/wp-content\/uploads\/2017\/05\/Croisiere-Jenny-1-250x167.jpg 250w, https:\/\/www.jdroadtrip.tv\/blog\/wp-content\/uploads\/2017\/05\/Croisiere-Jenny-1-768x512.jpg 768w, https:\/\/www.jdroadtrip.tv\/blog\/wp-content\/uploads\/2017\/05\/Croisiere-Jenny-1-1536x1024.jpg 1536w, https:\/\/www.jdroadtrip.tv\/blog\/wp-content\/uploads\/2017\/05\/Croisiere-Jenny-1-1920x1280.jpg 1920w, https:\/\/www.jdroadtrip.tv\/blog\/wp-content\/uploads\/2017\/05\/Croisiere-Jenny-1-1170x780.jpg 1170w, https:\/\/www.jdroadtrip.tv\/blog\/wp-content\/uploads\/2017\/05\/Croisiere-Jenny-1-585x390.jpg 585w, https:\/\/www.jdroadtrip.tv\/blog\/wp-content\/uploads\/2017\/05\/Croisiere-Jenny-1-263x175.jpg 263w\" sizes=\"(max-width: 2000px) 100vw, 2000px\" \/><\/p>\t\t\t\t\t\t\t\t<\/div>\n\t\t\t\t<\/div>\n\t\t\t\t<div class=\"elementor-element elementor-element-ef1fe3b elementor-widget-divider--view-line elementor-widget elementor-widget-global elementor-global-41411 elementor-widget-divider\" data-id=\"ef1fe3b\" data-element_type=\"widget\" data-widget_type=\"divider.default\">\n\t\t\t\t<div class=\"elementor-widget-container\">\n\t\t\t\t\t\t\t<div class=\"elementor-divider\">\n\t\t\t<span class=\"elementor-divider-separator\">\n\t\t\t\t\t\t<\/span>\n\t\t<\/div>\n\t\t\t\t\t\t<\/div>\n\t\t\t\t<\/div>\n\t\t\t\t\t<\/div>\n\t\t<\/div>\n\t\t\t\t\t<\/div>\n\t\t<\/section>\n\t\t\t\t<section class=\"elementor-section elementor-top-section elementor-element elementor-element-4edce9b elementor-section-boxed elementor-section-height-default elementor-section-height-default\" data-id=\"4edce9b\" data-element_type=\"section\">\n\t\t\t\t\t\t<div class=\"elementor-container elementor-column-gap-default\">\n\t\t\t\t\t<div class=\"elementor-column elementor-col-100 elementor-top-column elementor-element elementor-element-0539b31\" data-id=\"0539b31\" data-element_type=\"column\">\n\t\t\t<div class=\"elementor-widget-wrap elementor-element-populated\">\n\t\t\t\t\t\t<div class=\"elementor-element elementor-element-d7b30b2 elementor-widget elementor-widget-text-editor\" data-id=\"d7b30b2\" data-element_type=\"widget\" data-widget_type=\"text-editor.default\">\n\t\t\t\t<div class=\"elementor-widget-container\">\n\t\t\t\t\t\t\t\t\t<h4 style=\"text-align: justify;\">Mai &#8211; Quitter Paris \/\/ Est\u00e9rel C\u00f4te d&rsquo;Azur<\/h4><ul style=\"text-align: justify;\"><li><strong>Quitter Paris pour la r\u00e9gion du Lot<\/strong><\/li><\/ul><p style=\"text-align: justify;\">Grand changement dans ma vie, je quitte la r\u00e9gion parisienne o\u00f9 j&rsquo;ai toujours v\u00e9cu pour m&rsquo;installer dans la r\u00e9gion du Lot. Difficile au d\u00e9part et puis avec le temps on s\u2019acclimate doucement, puis il y a \u00e9norm\u00e9ment \u00e0 d\u00e9couvrir dans cette r\u00e9gion. Mais <strong>Paris reste ma ville de c\u0153ur, la o\u00f9 j&rsquo;ai grandi et je prends un immense plaisir d&rsquo;y retourne \u00e0 chaque fois, c&rsquo;est mon chez-moi, Paris je t&rsquo;aime, je t&rsquo;aimerais toujours !<\/strong><\/p><p style=\"text-align: justify;\"><img loading=\"lazy\" decoding=\"async\" class=\"size-full wp-image-29662 aligncenter\" src=\"https:\/\/www.jdroadtrip.tv\/blog\/wp-content\/uploads\/2018\/01\/Bilan-2017-Paris.jpg\" alt=\"\" width=\"1500\" height=\"1003\" srcset=\"https:\/\/www.jdroadtrip.tv\/blog\/wp-content\/uploads\/2018\/01\/Bilan-2017-Paris.jpg 1500w, https:\/\/www.jdroadtrip.tv\/blog\/wp-content\/uploads\/2018\/01\/Bilan-2017-Paris-300x201.jpg 300w, https:\/\/www.jdroadtrip.tv\/blog\/wp-content\/uploads\/2018\/01\/Bilan-2017-Paris-800x535.jpg 800w, https:\/\/www.jdroadtrip.tv\/blog\/wp-content\/uploads\/2018\/01\/Bilan-2017-Paris-250x167.jpg 250w, https:\/\/www.jdroadtrip.tv\/blog\/wp-content\/uploads\/2018\/01\/Bilan-2017-Paris-768x514.jpg 768w, https:\/\/www.jdroadtrip.tv\/blog\/wp-content\/uploads\/2018\/01\/Bilan-2017-Paris-1170x782.jpg 1170w, https:\/\/www.jdroadtrip.tv\/blog\/wp-content\/uploads\/2018\/01\/Bilan-2017-Paris-585x391.jpg 585w, https:\/\/www.jdroadtrip.tv\/blog\/wp-content\/uploads\/2018\/01\/Bilan-2017-Paris-263x175.jpg 263w\" sizes=\"(max-width: 1500px) 100vw, 1500px\" \/><\/p><ul style=\"text-align: justify;\"><li><strong>Est\u00e9rel C\u00f4te d&rsquo;Azur<\/strong><\/li><\/ul><p style=\"text-align: justify;\">Je pars \u00e9galement <strong>d\u00e9couvrir l\u2019Est\u00e9rel C\u00f4te d&rsquo;Azur durant un week-end<\/strong> avec une journ\u00e9e bateau o\u00f9 nous aurons la chance de croiser des dauphins, un moment absolument merveilleux et une journ\u00e9e d&rsquo;activit\u00e9 o\u00f9 les sensations fortes sont au programme, un moment de folie \u00e9norme ! Une balade \u00e0 v\u00e9lo au Mont Vinaigre et d\u00e9couverte du Seakart sur les c\u00f4tes.<\/p><p style=\"text-align: justify;\">Article \u00e0 lire : <strong><a href=\"https:\/\/www.jdroadtrip.tv\/blog\/activites-a-faire-en-cote-dazur-week-end\/\" target=\"_blank\" rel=\"noopener noreferrer\">Les activit\u00e9s \u00e0 faire en C\u00f4te d\u2019Azur le temps d\u2019un week-end<\/a><\/strong><\/p><p style=\"text-align: justify;\"><img loading=\"lazy\" decoding=\"async\" class=\"aligncenter wp-image-23912 size-full\" src=\"https:\/\/www.jdroadtrip.tv\/blog\/wp-content\/uploads\/2017\/07\/Cote-azur-2.jpg\" alt=\"Bilan 2017 des voyages, o\u00f9 voyager en 2018 ? Est\u00e9rel C\u00f4te d'Azur\" width=\"2241\" height=\"1500\" srcset=\"https:\/\/www.jdroadtrip.tv\/blog\/wp-content\/uploads\/2017\/07\/Cote-azur-2.jpg 2241w, https:\/\/www.jdroadtrip.tv\/blog\/wp-content\/uploads\/2017\/07\/Cote-azur-2-300x201.jpg 300w, https:\/\/www.jdroadtrip.tv\/blog\/wp-content\/uploads\/2017\/07\/Cote-azur-2-800x535.jpg 800w, https:\/\/www.jdroadtrip.tv\/blog\/wp-content\/uploads\/2017\/07\/Cote-azur-2-250x167.jpg 250w, https:\/\/www.jdroadtrip.tv\/blog\/wp-content\/uploads\/2017\/07\/Cote-azur-2-768x514.jpg 768w, https:\/\/www.jdroadtrip.tv\/blog\/wp-content\/uploads\/2017\/07\/Cote-azur-2-1536x1028.jpg 1536w, https:\/\/www.jdroadtrip.tv\/blog\/wp-content\/uploads\/2017\/07\/Cote-azur-2-2048x1371.jpg 2048w, https:\/\/www.jdroadtrip.tv\/blog\/wp-content\/uploads\/2017\/07\/Cote-azur-2-1920x1285.jpg 1920w, https:\/\/www.jdroadtrip.tv\/blog\/wp-content\/uploads\/2017\/07\/Cote-azur-2-1170x783.jpg 1170w, https:\/\/www.jdroadtrip.tv\/blog\/wp-content\/uploads\/2017\/07\/Cote-azur-2-585x392.jpg 585w, https:\/\/www.jdroadtrip.tv\/blog\/wp-content\/uploads\/2017\/07\/Cote-azur-2-263x175.jpg 263w\" sizes=\"(max-width: 2241px) 100vw, 2241px\" \/><\/p>\t\t\t\t\t\t\t\t<\/div>\n\t\t\t\t<\/div>\n\t\t\t\t<div class=\"elementor-element elementor-element-35cf4d6 elementor-widget-divider--view-line elementor-widget elementor-widget-global elementor-global-41411 elementor-widget-divider\" data-id=\"35cf4d6\" data-element_type=\"widget\" data-widget_type=\"divider.default\">\n\t\t\t\t<div class=\"elementor-widget-container\">\n\t\t\t\t\t\t\t<div class=\"elementor-divider\">\n\t\t\t<span class=\"elementor-divider-separator\">\n\t\t\t\t\t\t<\/span>\n\t\t<\/div>\n\t\t\t\t\t\t<\/div>\n\t\t\t\t<\/div>\n\t\t\t\t\t<\/div>\n\t\t<\/div>\n\t\t\t\t\t<\/div>\n\t\t<\/section>\n\t\t\t\t<section class=\"elementor-section elementor-top-section elementor-element elementor-element-7644f4e elementor-section-boxed elementor-section-height-default elementor-section-height-default\" data-id=\"7644f4e\" data-element_type=\"section\">\n\t\t\t\t\t\t<div class=\"elementor-container elementor-column-gap-default\">\n\t\t\t\t\t<div class=\"elementor-column elementor-col-100 elementor-top-column elementor-element elementor-element-7ce7318\" data-id=\"7ce7318\" data-element_type=\"column\">\n\t\t\t<div class=\"elementor-widget-wrap elementor-element-populated\">\n\t\t\t\t\t\t<div class=\"elementor-element elementor-element-94daf3f elementor-widget elementor-widget-text-editor\" data-id=\"94daf3f\" data-element_type=\"widget\" data-widget_type=\"text-editor.default\">\n\t\t\t\t<div class=\"elementor-widget-container\">\n\t\t\t\t\t\t\t\t\t<h4 style=\"text-align: justify;\">Juin &#8211; Corse \/\/ Canal entre 2 mers \u00e0 v\u00e9lo<\/h4><ul style=\"text-align: justify;\"><li><strong>Corse<\/strong><\/li><\/ul><p style=\"text-align: justify;\">En juin, je partais d\u00e9couvrir les <strong>nouveaux ferries en partance de Nice de Moby Dada, direction la Corse, accompagn\u00e9e par des dauphins pendant la travers\u00e9e<\/strong>. Un week-end fort sympathique \u00e0 la d\u00e9couverte de la Haute-Corse et ses sp\u00e9cialit\u00e9s. Une jolie balade dans la ville Bastia avec un tour dans la boutique Mattei pour ramener quelques sp\u00e9cialit\u00e9s corses.<\/p><p style=\"text-align: justify;\">Article \u00e0 lire :<\/p><ul style=\"text-align: justify;\"><li><strong><a href=\"https:\/\/www.jdroadtrip.tv\/blog\/week-end-pour-visiter-bastia-et-la-vallee-de-lasco-corse\/\" target=\"_blank\" rel=\"noopener noreferrer\">S\u00e9jour en Corse &#8211; Visiter Bastia et la vall\u00e9e de l&rsquo;Asco<\/a><\/strong><\/li><li><strong><a href=\"https:\/\/www.jdroadtrip.tv\/blog\/visiter-calvi-et-lile-rousse-region-balagne-corse\/\" target=\"_blank\" rel=\"noopener noreferrer\">Visiter la r\u00e9gion de Balagne en Corse et l&rsquo;\u00eele Rousse \u00e0 Calvi<\/a><\/strong><\/li><\/ul><p style=\"text-align: justify;\"><img loading=\"lazy\" decoding=\"async\" class=\"aligncenter wp-image-18923 size-full\" src=\"https:\/\/www.jdroadtrip.tv\/blog\/wp-content\/uploads\/2016\/06\/Sejour-en-corse-visiter-bastia-vallee-de-lasco15.jpg\" alt=\"Bilan 2017 des voyages, o\u00f9 voyager en 2018 ? Corse\" width=\"800\" height=\"600\" srcset=\"https:\/\/www.jdroadtrip.tv\/blog\/wp-content\/uploads\/2016\/06\/Sejour-en-corse-visiter-bastia-vallee-de-lasco15.jpg 800w, https:\/\/www.jdroadtrip.tv\/blog\/wp-content\/uploads\/2016\/06\/Sejour-en-corse-visiter-bastia-vallee-de-lasco15-300x225.jpg 300w, https:\/\/www.jdroadtrip.tv\/blog\/wp-content\/uploads\/2016\/06\/Sejour-en-corse-visiter-bastia-vallee-de-lasco15-250x188.jpg 250w, https:\/\/www.jdroadtrip.tv\/blog\/wp-content\/uploads\/2016\/06\/Sejour-en-corse-visiter-bastia-vallee-de-lasco15-768x576.jpg 768w, https:\/\/www.jdroadtrip.tv\/blog\/wp-content\/uploads\/2016\/06\/Sejour-en-corse-visiter-bastia-vallee-de-lasco15-585x439.jpg 585w\" sizes=\"(max-width: 800px) 100vw, 800px\" \/><\/p><ul style=\"text-align: justify;\"><li><strong>Canal entre 2 mers \u00e0 v\u00e9lo<\/strong><\/li><\/ul><p style=\"text-align: justify;\">Je suis partie \u00e9galement \u00e0 la d\u00e9couverte du <strong>Canal entre 2 mers \u00e0 v\u00e9lo qui relit S\u00e8te \u00e0 Royan<\/strong> sauf que je n&rsquo;ai fait que la partie Toulouse \u00e0 Royan. Une balade tr\u00e8s agr\u00e9able, car venant d&rsquo;arriver dans la r\u00e9gion, cela me permettait un peu de d\u00e9couvrir son entourage. L&rsquo;itin\u00e9raire est absolument g\u00e9nial, tranquille, reposant malgr\u00e9 qu&rsquo;on soit \u00e0 v\u00e9lo et tr\u00e8s riche en d\u00e9couvertes. C&rsquo;est le genre de balade que j&rsquo;aimerais faire en totale autonomie durant les beaux jours.<\/p><p style=\"text-align: justify;\">Article \u00e0 lire : <strong><a href=\"https:\/\/www.jdroadtrip.tv\/blog\/itineraire-canal-des-2-mers-a-velo\/\" target=\"_blank\" rel=\"noopener noreferrer\">Itin\u00e9raire cyclable Canal des 2 mers \u2013 De Toulouse \u00e0 Royan \u00e0 v\u00e9lo<\/a><\/strong><\/p><p style=\"text-align: justify;\"><img loading=\"lazy\" decoding=\"async\" class=\"aligncenter wp-image-24225 size-full\" src=\"https:\/\/www.jdroadtrip.tv\/blog\/wp-content\/uploads\/2017\/07\/Cnal-des-2-mers-img.jpg\" alt=\"Bilan 2017 des voyages, o\u00f9 voyager en 2018 ? Canal des 2 mers \u00e0 v\u00e9lo\" width=\"1500\" height=\"996\" srcset=\"https:\/\/www.jdroadtrip.tv\/blog\/wp-content\/uploads\/2017\/07\/Cnal-des-2-mers-img.jpg 1500w, https:\/\/www.jdroadtrip.tv\/blog\/wp-content\/uploads\/2017\/07\/Cnal-des-2-mers-img-300x199.jpg 300w, https:\/\/www.jdroadtrip.tv\/blog\/wp-content\/uploads\/2017\/07\/Cnal-des-2-mers-img-800x531.jpg 800w, https:\/\/www.jdroadtrip.tv\/blog\/wp-content\/uploads\/2017\/07\/Cnal-des-2-mers-img-250x166.jpg 250w, https:\/\/www.jdroadtrip.tv\/blog\/wp-content\/uploads\/2017\/07\/Cnal-des-2-mers-img-768x510.jpg 768w, https:\/\/www.jdroadtrip.tv\/blog\/wp-content\/uploads\/2017\/07\/Cnal-des-2-mers-img-1170x777.jpg 1170w, https:\/\/www.jdroadtrip.tv\/blog\/wp-content\/uploads\/2017\/07\/Cnal-des-2-mers-img-585x388.jpg 585w, https:\/\/www.jdroadtrip.tv\/blog\/wp-content\/uploads\/2017\/07\/Cnal-des-2-mers-img-263x175.jpg 263w\" sizes=\"(max-width: 1500px) 100vw, 1500px\" \/><\/p>\t\t\t\t\t\t\t\t<\/div>\n\t\t\t\t<\/div>\n\t\t\t\t<div class=\"elementor-element elementor-element-3157d57 elementor-widget-divider--view-line elementor-widget elementor-widget-global elementor-global-41411 elementor-widget-divider\" data-id=\"3157d57\" data-element_type=\"widget\" data-widget_type=\"divider.default\">\n\t\t\t\t<div class=\"elementor-widget-container\">\n\t\t\t\t\t\t\t<div class=\"elementor-divider\">\n\t\t\t<span class=\"elementor-divider-separator\">\n\t\t\t\t\t\t<\/span>\n\t\t<\/div>\n\t\t\t\t\t\t<\/div>\n\t\t\t\t<\/div>\n\t\t\t\t\t<\/div>\n\t\t<\/div>\n\t\t\t\t\t<\/div>\n\t\t<\/section>\n\t\t\t\t<section class=\"elementor-section elementor-top-section elementor-element elementor-element-4578058 elementor-section-boxed elementor-section-height-default elementor-section-height-default\" data-id=\"4578058\" data-element_type=\"section\">\n\t\t\t\t\t\t<div class=\"elementor-container elementor-column-gap-default\">\n\t\t\t\t\t<div class=\"elementor-column elementor-col-100 elementor-top-column elementor-element elementor-element-d59342e\" data-id=\"d59342e\" data-element_type=\"column\">\n\t\t\t<div class=\"elementor-widget-wrap elementor-element-populated\">\n\t\t\t\t\t\t<div class=\"elementor-element elementor-element-534573c elementor-widget elementor-widget-text-editor\" data-id=\"534573c\" data-element_type=\"widget\" data-widget_type=\"text-editor.default\">\n\t\t\t\t<div class=\"elementor-widget-container\">\n\t\t\t\t\t\t\t\t\t<h4 style=\"text-align: justify;\">Juillet &#8211; Inauguration du GR Via Garona<\/h4><p style=\"text-align: justify;\">Je venais d&#8217;emm\u00e9nager dans la r\u00e9gion Occitanie et on me proposait d&rsquo;<strong>inaugurer le nouveau GR Via Garona, une randonn\u00e9e p\u00e9destre en Haute-Garonne qui relit Toulouse \u00e0 Saint-Bertrand-de-Comminges<\/strong>. Pendant 7 jours, 170kms en 7 \u00e9tapes. Un d\u00e9fi relev\u00e9, car je n\u2019ai pas l\u2019habitude de marcher dans ce genre de contexte. J&rsquo;ai tr\u00e8s vite \u00e9t\u00e9 int\u00e9gr\u00e9e au groupe, une ambiance de folie malgr\u00e9 la fatigue, tous les soirs avoir un moment de d\u00e9tente permettait de partager entre nous. Je n&rsquo;oublierai jamais ce s\u00e9jour unique !<\/p><p style=\"text-align: justify;\">Article \u00e0 lire : <strong><a href=\"https:\/\/www.jdroadtrip.tv\/blog\/via-garona-gr-861-randonnee-haute-garonne\/\" target=\"_blank\" rel=\"noopener noreferrer\">Via Garona, une nouvelle randonn\u00e9e p\u00e9destres en Haute-Garonne<\/a><\/strong><em><br \/><\/em><\/p><p style=\"text-align: justify;\"><img loading=\"lazy\" decoding=\"async\" class=\"aligncenter wp-image-24128 size-full\" src=\"https:\/\/www.jdroadtrip.tv\/blog\/wp-content\/uploads\/2017\/07\/ViaGarona-img.jpg\" alt=\"Bilan 2017 des voyages, o\u00f9 voyager en 2018 ? Via Garona\" width=\"1500\" height=\"1000\" srcset=\"https:\/\/www.jdroadtrip.tv\/blog\/wp-content\/uploads\/2017\/07\/ViaGarona-img.jpg 1500w, https:\/\/www.jdroadtrip.tv\/blog\/wp-content\/uploads\/2017\/07\/ViaGarona-img-300x200.jpg 300w, https:\/\/www.jdroadtrip.tv\/blog\/wp-content\/uploads\/2017\/07\/ViaGarona-img-800x533.jpg 800w, https:\/\/www.jdroadtrip.tv\/blog\/wp-content\/uploads\/2017\/07\/ViaGarona-img-250x167.jpg 250w, https:\/\/www.jdroadtrip.tv\/blog\/wp-content\/uploads\/2017\/07\/ViaGarona-img-768x512.jpg 768w, https:\/\/www.jdroadtrip.tv\/blog\/wp-content\/uploads\/2017\/07\/ViaGarona-img-1170x780.jpg 1170w, https:\/\/www.jdroadtrip.tv\/blog\/wp-content\/uploads\/2017\/07\/ViaGarona-img-585x390.jpg 585w, https:\/\/www.jdroadtrip.tv\/blog\/wp-content\/uploads\/2017\/07\/ViaGarona-img-263x175.jpg 263w\" sizes=\"(max-width: 1500px) 100vw, 1500px\" \/><\/p>\t\t\t\t\t\t\t\t<\/div>\n\t\t\t\t<\/div>\n\t\t\t\t<div class=\"elementor-element elementor-element-07f654e elementor-widget-divider--view-line elementor-widget elementor-widget-global elementor-global-41411 elementor-widget-divider\" data-id=\"07f654e\" data-element_type=\"widget\" data-widget_type=\"divider.default\">\n\t\t\t\t<div class=\"elementor-widget-container\">\n\t\t\t\t\t\t\t<div class=\"elementor-divider\">\n\t\t\t<span class=\"elementor-divider-separator\">\n\t\t\t\t\t\t<\/span>\n\t\t<\/div>\n\t\t\t\t\t\t<\/div>\n\t\t\t\t<\/div>\n\t\t\t\t\t<\/div>\n\t\t<\/div>\n\t\t\t\t\t<\/div>\n\t\t<\/section>\n\t\t\t\t<section class=\"elementor-section elementor-top-section elementor-element elementor-element-9c0f1c5 elementor-section-boxed elementor-section-height-default elementor-section-height-default\" data-id=\"9c0f1c5\" data-element_type=\"section\">\n\t\t\t\t\t\t<div class=\"elementor-container elementor-column-gap-default\">\n\t\t\t\t\t<div class=\"elementor-column elementor-col-100 elementor-top-column elementor-element elementor-element-0b13043\" data-id=\"0b13043\" data-element_type=\"column\">\n\t\t\t<div class=\"elementor-widget-wrap elementor-element-populated\">\n\t\t\t\t\t\t<div class=\"elementor-element elementor-element-41b3214 elementor-widget elementor-widget-text-editor\" data-id=\"41b3214\" data-element_type=\"widget\" data-widget_type=\"text-editor.default\">\n\t\t\t\t<div class=\"elementor-widget-container\">\n\t\t\t\t\t\t\t\t\t<h4 style=\"text-align: justify;\">Septembre &#8211; Cap Cotentin<\/h4><p style=\"text-align: justify;\">Une bouff\u00e9e d&rsquo;oxyg\u00e8ne ce voyage, apr\u00e8s une semaine de folie sur Paris avec le salon Top Resa, le <strong>Cap Cotentin<\/strong> c&rsquo;\u00e9tait l&rsquo;id\u00e9al pour se d\u00e9tendre. La d\u00e9couverte de lieu assez improbable comme le jardin subtropical de Vauville qui est excellent et magnifique \u00e0 visiter. <strong>Une balade sur les falaises du Cap Cotentin est \u00e0 faire absolument<\/strong>, dommage que le beau temps n&rsquo;\u00e9tait pas au rendez-vous car le panorama est splendide.<\/p><p style=\"text-align: justify;\"><img loading=\"lazy\" decoding=\"async\" class=\"wp-image-29644 size-full\" src=\"https:\/\/www.jdroadtrip.tv\/blog\/wp-content\/uploads\/2017\/12\/Cap-Cotentin-Normandie-1.jpg\" alt=\"Bilan 2017 des voyages, o\u00f9 voyager en 2018 ? Cap Contentin\" width=\"1500\" height=\"1000\" srcset=\"https:\/\/www.jdroadtrip.tv\/blog\/wp-content\/uploads\/2017\/12\/Cap-Cotentin-Normandie-1.jpg 1500w, https:\/\/www.jdroadtrip.tv\/blog\/wp-content\/uploads\/2017\/12\/Cap-Cotentin-Normandie-1-300x200.jpg 300w, https:\/\/www.jdroadtrip.tv\/blog\/wp-content\/uploads\/2017\/12\/Cap-Cotentin-Normandie-1-800x533.jpg 800w, https:\/\/www.jdroadtrip.tv\/blog\/wp-content\/uploads\/2017\/12\/Cap-Cotentin-Normandie-1-250x167.jpg 250w, https:\/\/www.jdroadtrip.tv\/blog\/wp-content\/uploads\/2017\/12\/Cap-Cotentin-Normandie-1-768x512.jpg 768w, https:\/\/www.jdroadtrip.tv\/blog\/wp-content\/uploads\/2017\/12\/Cap-Cotentin-Normandie-1-566x377.jpg 566w, https:\/\/www.jdroadtrip.tv\/blog\/wp-content\/uploads\/2017\/12\/Cap-Cotentin-Normandie-1-390x260.jpg 390w, https:\/\/www.jdroadtrip.tv\/blog\/wp-content\/uploads\/2017\/12\/Cap-Cotentin-Normandie-1-103x68.jpg 103w\" sizes=\"(max-width: 1500px) 100vw, 1500px\" \/><\/p>\t\t\t\t\t\t\t\t<\/div>\n\t\t\t\t<\/div>\n\t\t\t\t<div class=\"elementor-element elementor-element-2dbc8fa elementor-widget-divider--view-line elementor-widget elementor-widget-global elementor-global-41411 elementor-widget-divider\" data-id=\"2dbc8fa\" data-element_type=\"widget\" data-widget_type=\"divider.default\">\n\t\t\t\t<div class=\"elementor-widget-container\">\n\t\t\t\t\t\t\t<div class=\"elementor-divider\">\n\t\t\t<span class=\"elementor-divider-separator\">\n\t\t\t\t\t\t<\/span>\n\t\t<\/div>\n\t\t\t\t\t\t<\/div>\n\t\t\t\t<\/div>\n\t\t\t\t\t<\/div>\n\t\t<\/div>\n\t\t\t\t\t<\/div>\n\t\t<\/section>\n\t\t\t\t<section class=\"elementor-section elementor-top-section elementor-element elementor-element-fca16a9 elementor-section-boxed elementor-section-height-default elementor-section-height-default\" data-id=\"fca16a9\" data-element_type=\"section\">\n\t\t\t\t\t\t<div class=\"elementor-container elementor-column-gap-default\">\n\t\t\t\t\t<div class=\"elementor-column elementor-col-100 elementor-top-column elementor-element elementor-element-24b5395\" data-id=\"24b5395\" data-element_type=\"column\">\n\t\t\t<div class=\"elementor-widget-wrap elementor-element-populated\">\n\t\t\t\t\t\t<div class=\"elementor-element elementor-element-e531e6b elementor-widget elementor-widget-text-editor\" data-id=\"e531e6b\" data-element_type=\"widget\" data-widget_type=\"text-editor.default\">\n\t\t\t\t<div class=\"elementor-widget-container\">\n\t\t\t\t\t\t\t\t\t<h4 style=\"text-align: justify;\">Novembre &#8211; Prague<\/h4><p style=\"text-align: justify;\">J&rsquo;avais besoin de ce voyage, j&rsquo;ai pass\u00e9 mon permis durant tout l&rsquo;\u00e9t\u00e9 donc aucun voyage de pr\u00e9vu. <strong>Ce voyage \u00e0 Prague \u00e9tait assez particulier<\/strong>, j&rsquo;avais annonc\u00e9 sur mon groupe de voyage \u00ab\u00a0<strong><a href=\"https:\/\/www.facebook.com\/groups\/Voyageraufeminin\" target=\"_blank\" rel=\"noopener noreferrer\">Voyager au f\u00e9minin en sac \u00e0 dos<\/a><\/strong>\u00a0\u00bb que je m&rsquo;y rendais durant 7 jours et que celles qui voulaient me rejoindre, elles \u00e9taient la bienvenue ! Pendant une semaine, tous les deux jours, deux nouvelles nous rejoignaient ! Des fous rires \u00e0 n&rsquo;en plus finir, une passion commune le voyage et cette envie de partager sans se connaitre, c&rsquo;\u00e9tait \u00e9norme !<\/p><p style=\"text-align: justify;\"><em><strong>D\u00e9dicace \u00e0 Chrystelle, Paola, \u00c9meline, Fanny, Lydia, Tiphanie, Audrey et M\u00e9lanie !<\/strong><\/em><\/p><p style=\"text-align: justify;\">Article \u00e0 lire : <strong><a href=\"https:\/\/www.jdroadtrip.tv\/blog\/partir-visiter-prague-avec-8-filles-de-ma-communaute\/\" target=\"_blank\" rel=\"noopener noreferrer\">Partir visiter Prague avec 8 filles de ma communaut\u00e9<\/a><\/strong><em><br \/><\/em><\/p>\t\t\t\t\t\t\t\t<\/div>\n\t\t\t\t<\/div>\n\t\t\t\t<div class=\"elementor-element elementor-element-2ba7ca8 elementor-widget-divider--view-line elementor-widget elementor-widget-global elementor-global-41411 elementor-widget-divider\" data-id=\"2ba7ca8\" data-element_type=\"widget\" data-widget_type=\"divider.default\">\n\t\t\t\t<div class=\"elementor-widget-container\">\n\t\t\t\t\t\t\t<div class=\"elementor-divider\">\n\t\t\t<span class=\"elementor-divider-separator\">\n\t\t\t\t\t\t<\/span>\n\t\t<\/div>\n\t\t\t\t\t\t<\/div>\n\t\t\t\t<\/div>\n\t\t\t\t\t<\/div>\n\t\t<\/div>\n\t\t\t\t\t<\/div>\n\t\t<\/section>\n\t\t\t\t<section class=\"elementor-section elementor-top-section elementor-element elementor-element-0f31755 elementor-section-boxed elementor-section-height-default elementor-section-height-default\" data-id=\"0f31755\" data-element_type=\"section\">\n\t\t\t\t\t\t<div class=\"elementor-container elementor-column-gap-default\">\n\t\t\t\t\t<div class=\"elementor-column elementor-col-100 elementor-top-column elementor-element elementor-element-9e6b5c1\" data-id=\"9e6b5c1\" data-element_type=\"column\">\n\t\t\t<div class=\"elementor-widget-wrap elementor-element-populated\">\n\t\t\t\t\t\t<div class=\"elementor-element elementor-element-603ff00 elementor-widget elementor-widget-text-editor\" data-id=\"603ff00\" data-element_type=\"widget\" data-widget_type=\"text-editor.default\">\n\t\t\t\t<div class=\"elementor-widget-container\">\n\t\t\t\t\t\t\t\t\t<h4 style=\"text-align: justify;\">D\u00e9cembre &#8211; Laponie<\/h4><p style=\"text-align: justify;\">Pour finir l&rsquo;ann\u00e9e en beaut\u00e9 et suite au succ\u00e8s du premier voyage \u00ab\u00a0<strong><a href=\"https:\/\/www.jdroadtrip.tv\/blog\/laponie-au-feminin\/\" target=\"_blank\" rel=\"noopener noreferrer\">Laponie au f\u00e9minin<\/a><\/strong>\u00ab\u00a0, un second voyage \u00e9tait organis\u00e9 juste avant les p\u00e9riodes de No\u00ebl. <strong>Un voyage absolument magique avec des moments incroyables.<\/strong> Nous avons eu la chance de voir des aurores bor\u00e9ales violettes, nous \u00e9tions hyst\u00e9riques de voir \u00e7a, nous les attendions depuis le d\u00e9but du s\u00e9jour ! Pour ce voyage, uniquement 6 filles, car nous avions engag\u00e9 <strong><a href=\"https:\/\/carolecouderc-photovideo.com\/\" target=\"_blank\" rel=\"noopener noreferrer\">Carole Couderc<\/a><\/strong> pour r\u00e9aliser une vid\u00e9o sur le concept \u00ab\u00a0Laponie au f\u00e9minin\u00a0\u00bb qui sera tr\u00e8s prochainement en ligne. Le dernier s\u00e9jour de l&rsquo;ann\u00e9e pour ce bilan 2017 des voyages.<\/p><p style=\"text-align: justify;\"><em><strong>D\u00e9dicace \u00e0 Juliette, Sarah, Hakima, Kelly, Ga\u00eblle, C\u00e9cile et Carole.<\/strong><\/em><\/p><p style=\"text-align: justify;\"><img loading=\"lazy\" decoding=\"async\" class=\"aligncenter wp-image-29648 size-full\" src=\"https:\/\/www.jdroadtrip.tv\/blog\/wp-content\/uploads\/2017\/12\/LAPONIE-J1-15.jpg\" alt=\"Bilan 2017 des voyages, o\u00f9 voyager en 2018 ? Laponie\" width=\"1500\" height=\"1000\" srcset=\"https:\/\/www.jdroadtrip.tv\/blog\/wp-content\/uploads\/2017\/12\/LAPONIE-J1-15.jpg 1500w, https:\/\/www.jdroadtrip.tv\/blog\/wp-content\/uploads\/2017\/12\/LAPONIE-J1-15-300x200.jpg 300w, https:\/\/www.jdroadtrip.tv\/blog\/wp-content\/uploads\/2017\/12\/LAPONIE-J1-15-800x533.jpg 800w, https:\/\/www.jdroadtrip.tv\/blog\/wp-content\/uploads\/2017\/12\/LAPONIE-J1-15-250x167.jpg 250w, https:\/\/www.jdroadtrip.tv\/blog\/wp-content\/uploads\/2017\/12\/LAPONIE-J1-15-768x512.jpg 768w, https:\/\/www.jdroadtrip.tv\/blog\/wp-content\/uploads\/2017\/12\/LAPONIE-J1-15-1170x780.jpg 1170w, https:\/\/www.jdroadtrip.tv\/blog\/wp-content\/uploads\/2017\/12\/LAPONIE-J1-15-585x390.jpg 585w, https:\/\/www.jdroadtrip.tv\/blog\/wp-content\/uploads\/2017\/12\/LAPONIE-J1-15-263x175.jpg 263w\" sizes=\"(max-width: 1500px) 100vw, 1500px\" \/><\/p>\t\t\t\t\t\t\t\t<\/div>\n\t\t\t\t<\/div>\n\t\t\t\t<div class=\"elementor-element elementor-element-6331cff elementor-widget-divider--view-line elementor-widget elementor-widget-global elementor-global-41411 elementor-widget-divider\" data-id=\"6331cff\" data-element_type=\"widget\" data-widget_type=\"divider.default\">\n\t\t\t\t<div class=\"elementor-widget-container\">\n\t\t\t\t\t\t\t<div class=\"elementor-divider\">\n\t\t\t<span class=\"elementor-divider-separator\">\n\t\t\t\t\t\t<\/span>\n\t\t<\/div>\n\t\t\t\t\t\t<\/div>\n\t\t\t\t<\/div>\n\t\t\t\t\t<\/div>\n\t\t<\/div>\n\t\t\t\t\t<\/div>\n\t\t<\/section>\n\t\t\t\t<section class=\"elementor-section elementor-top-section elementor-element elementor-element-665504f elementor-section-boxed elementor-section-height-default elementor-section-height-default\" data-id=\"665504f\" data-element_type=\"section\">\n\t\t\t\t\t\t<div class=\"elementor-container elementor-column-gap-default\">\n\t\t\t\t\t<div class=\"elementor-column elementor-col-100 elementor-top-column elementor-element elementor-element-fd9aa0d\" data-id=\"fd9aa0d\" data-element_type=\"column\">\n\t\t\t<div class=\"elementor-widget-wrap elementor-element-populated\">\n\t\t\t\t\t\t<div class=\"elementor-element elementor-element-202095e elementor-widget elementor-widget-text-editor\" data-id=\"202095e\" data-element_type=\"widget\" data-widget_type=\"text-editor.default\">\n\t\t\t\t<div class=\"elementor-widget-container\">\n\t\t\t\t\t\t\t\t\t<h3 style=\"text-align: justify;\">Blogging<\/h3><p style=\"text-align: justify;\">Apr\u00e8s le bilan 2017 des voyages, voici le bilan du blogging !<\/p><p style=\"text-align: justify;\"><a href=\"https:\/\/www.jdroadtrip.tv\/blog\/wp-content\/uploads\/2015\/07\/Logo-HD-moyen.png\"><img loading=\"lazy\" decoding=\"async\" class=\"alignright wp-image-20207\" src=\"https:\/\/www.jdroadtrip.tv\/blog\/wp-content\/uploads\/2015\/07\/Logo-HD-moyen.png\" sizes=\"(max-width: 250px) 100vw, 250px\" srcset=\"https:\/\/www.jdroadtrip.tv\/blog\/wp-content\/uploads\/2015\/07\/Logo-HD-moyen.png 500w, https:\/\/www.jdroadtrip.tv\/blog\/wp-content\/uploads\/2015\/07\/Logo-HD-moyen-200x200.png 200w, https:\/\/www.jdroadtrip.tv\/blog\/wp-content\/uploads\/2015\/07\/Logo-HD-moyen-300x300.png 300w, https:\/\/www.jdroadtrip.tv\/blog\/wp-content\/uploads\/2015\/07\/Logo-HD-moyen-220x220.png 220w\" alt=\"\" width=\"250\" height=\"250\" data-jpibfi-post-excerpt=\"\" data-jpibfi-post-url=\"https:\/\/www.jdroadtrip.tv\/blog\/bilan-2016-des-voyages-ou-voyager-en-2017\/\" data-jpibfi-post-title=\"Bilan 2016 des voyages et du blogging\" data-jpibfi-src=\"https:\/\/www.jdroadtrip.tv\/blog\/wp-content\/uploads\/2015\/07\/Logo-HD-moyen.png\" \/><\/a>Beaucoup de travail cette ann\u00e9e, une ann\u00e9e difficile, mais qui continue de porter ces fruits, petit \u00e0 petit ! Je ne l\u00e2che rien et j&rsquo;essaye de d\u00e9velopper plein de nouveaux projets pour sortir du lot.<\/p><p style=\"text-align: justify;\"><strong>En 2017, mon blog a atteint + 319 500 visites uniques et + 482 200 pages vues .<br \/><\/strong>2016 : + 173 000 visites uniques et + 300 000 pages vues.<br \/>2015 : + 102 000 visites uniques et 164 000 pages vues.<\/p><p style=\"text-align: justify;\">Les r\u00e9seaux sociaux jouent un r\u00f4le tr\u00e8s important, mais je travaille beaucoup le r\u00e9f\u00e9rencement de mon blog. <strong>Google reste un point fort et qui m\u2019apporte le plus de visiteurs, soit 73% viennent sur mon blog gr\u00e2ce \u00e0 des recherches.<\/strong> Mon public est principalement f\u00e9minin avec 71% de femmes et 29% d&rsquo;hommes. La tranche d&rsquo;\u00e2ge entre 18-35 ans est de 65% et 35 ans et + de 35%.<\/p><p style=\"text-align: justify;\">\u00c0 lire aussi : <strong><a href=\"https:\/\/www.jdroadtrip.tv\/blog\/category\/etre-blogueuse-voyager\/\" target=\"_blank\" rel=\"noopener noreferrer\">\u00catre blogueuse de voyage<\/a><\/strong><\/p>\t\t\t\t\t\t\t\t<\/div>\n\t\t\t\t<\/div>\n\t\t\t\t<div class=\"elementor-element elementor-element-964928a elementor-widget-divider--view-line elementor-widget elementor-widget-global elementor-global-41411 elementor-widget-divider\" data-id=\"964928a\" data-element_type=\"widget\" data-widget_type=\"divider.default\">\n\t\t\t\t<div class=\"elementor-widget-container\">\n\t\t\t\t\t\t\t<div class=\"elementor-divider\">\n\t\t\t<span class=\"elementor-divider-separator\">\n\t\t\t\t\t\t<\/span>\n\t\t<\/div>\n\t\t\t\t\t\t<\/div>\n\t\t\t\t<\/div>\n\t\t\t\t\t<\/div>\n\t\t<\/div>\n\t\t\t\t\t<\/div>\n\t\t<\/section>\n\t\t\t\t<section class=\"elementor-section elementor-top-section elementor-element elementor-element-307941e elementor-section-boxed elementor-section-height-default elementor-section-height-default\" data-id=\"307941e\" data-element_type=\"section\">\n\t\t\t\t\t\t<div class=\"elementor-container elementor-column-gap-default\">\n\t\t\t\t\t<div class=\"elementor-column elementor-col-100 elementor-top-column elementor-element elementor-element-e29fa38\" data-id=\"e29fa38\" data-element_type=\"column\">\n\t\t\t<div class=\"elementor-widget-wrap elementor-element-populated\">\n\t\t\t\t\t\t<div class=\"elementor-element elementor-element-fbfd066 elementor-widget elementor-widget-text-editor\" data-id=\"fbfd066\" data-element_type=\"widget\" data-widget_type=\"text-editor.default\">\n\t\t\t\t<div class=\"elementor-widget-container\">\n\t\t\t\t\t\t\t\t\t<h3 style=\"text-align: justify;\">Communaut\u00e9 \u00ab\u00a0Voyager au f\u00e9minin\u00a0\u00bb<\/h3><p style=\"text-align: justify;\">La communaut\u00e9 Voyager au f\u00e9minin ne fait que grandir ! Je r\u00e9sume, en avril 2016 je lan\u00e7ais le groupe <strong><a href=\"https:\/\/www.facebook.com\/groups\/Voyageraufeminin\" target=\"_blank\" rel=\"noopener noreferrer\">Voyager au f\u00e9minin en sac \u00e0 dos<\/a><\/strong>, <strong>en d\u00e9cembre, le groupe comptait 12 600 inscrites et en d\u00e9cembre 2017, le groupe contient plus de 44 000 inscrites.<\/strong><\/p><p style=\"text-align: justify;\"><strong>Un \u00e9norme succ\u00e8s surtout que c&rsquo;est LE PREMIER GROUPE 100% F\u00c9MININ FRANCOPHONE<\/strong>\u00a0( France, Belgique, Suisse, Maroc, Canada\u2026) ! Il y a un vrai bouche-\u00e0-oreille autour du groupe, des coll\u00e8gues de travail, des voisines, des filles qui se croisent dans un a\u00e9roport, lors d&rsquo;un voyage ou en soir\u00e9e, c&rsquo;est assez impressionnant !<\/p><p style=\"text-align: justify;\">Les interactions sont impressionnantes, <strong>c&rsquo;est un groupe bienveillant et il y a une vraie entre-aide<\/strong> ! Les filles se rencontrent \u00e0 l&rsquo;autre bout du monde pour partager quelques jours ensemble ou boire un verre. C&rsquo;est un vrai r\u00e9seau de partage et c&rsquo;est agr\u00e9able de voir l&rsquo;impact qu&rsquo;il peut avoir.<\/p><p style=\"text-align: justify;\"><img loading=\"lazy\" decoding=\"async\" class=\"size-full wp-image-29661 aligncenter\" src=\"https:\/\/www.jdroadtrip.tv\/blog\/wp-content\/uploads\/2018\/01\/Capture-d\u2019e\u0301cran-2018-01-22-a\u0300-18.22.42.png\" alt=\"\" width=\"1894\" height=\"1169\" srcset=\"https:\/\/www.jdroadtrip.tv\/blog\/wp-content\/uploads\/2018\/01\/Capture-d\u2019e\u0301cran-2018-01-22-a\u0300-18.22.42.png 1894w, https:\/\/www.jdroadtrip.tv\/blog\/wp-content\/uploads\/2018\/01\/Capture-d\u2019e\u0301cran-2018-01-22-a\u0300-18.22.42-300x185.png 300w, https:\/\/www.jdroadtrip.tv\/blog\/wp-content\/uploads\/2018\/01\/Capture-d\u2019e\u0301cran-2018-01-22-a\u0300-18.22.42-800x494.png 800w, https:\/\/www.jdroadtrip.tv\/blog\/wp-content\/uploads\/2018\/01\/Capture-d\u2019e\u0301cran-2018-01-22-a\u0300-18.22.42-250x154.png 250w, https:\/\/www.jdroadtrip.tv\/blog\/wp-content\/uploads\/2018\/01\/Capture-d\u2019e\u0301cran-2018-01-22-a\u0300-18.22.42-768x474.png 768w, https:\/\/www.jdroadtrip.tv\/blog\/wp-content\/uploads\/2018\/01\/Capture-d\u2019e\u0301cran-2018-01-22-a\u0300-18.22.42-1536x948.png 1536w, https:\/\/www.jdroadtrip.tv\/blog\/wp-content\/uploads\/2018\/01\/Capture-d\u2019e\u0301cran-2018-01-22-a\u0300-18.22.42-1170x722.png 1170w, https:\/\/www.jdroadtrip.tv\/blog\/wp-content\/uploads\/2018\/01\/Capture-d\u2019e\u0301cran-2018-01-22-a\u0300-18.22.42-585x361.png 585w\" sizes=\"(max-width: 1894px) 100vw, 1894px\" \/><\/p><p style=\"text-align: justify;\"><strong>PRESSE :<\/strong> Vu le succ\u00e8s des groupes Facebook avec une vraie niche, un article a \u00e9t\u00e9 \u00e9crit par les <strong><a href=\"https:\/\/start.lesechos.fr\/travailler-a-letranger\/actu-internationales\/grace-aux-groupes-facebook-elles-ne-voyagent-plus-vraiment-seules-9225.php\" target=\"_blank\" rel=\"noopener noreferrer\">\u00c9chos Start<\/a><\/strong> sur le groupe de voyage, dont le mien qui a \u00e9t\u00e9 mis en avant.<\/p><p style=\"text-align: justify;\">Gr\u00e2ce \u00e0 ce groupe, plein de projets ont vu le jour notamment les s\u00e9jours \u00ab\u00a0<strong><a href=\"https:\/\/www.jdroadtrip.tv\/blog\/laponie-au-feminin\/\" target=\"_blank\" rel=\"noopener noreferrer\">Laponie au f\u00e9minin<\/a><\/strong>\u00ab\u00a0. <strong>Le premier voyage en mars 2017 a \u00e9t\u00e9 un vrai carton du coup les autres s\u00e9jours \u00e9taient tr\u00e8s attendus.<\/strong> Je n&rsquo;ai utilis\u00e9 que le groupe pour les promouvoir, les 4 derniers s\u00e9jours ont \u00e9t\u00e9 complets en 1 semaine.<\/p><p style=\"text-align: justify;\">En novembre dernier, <strong>des filles du groupe m&rsquo;ont rejointe en R\u00e9publique tch\u00e8que<\/strong>, \u00e0 Prague durant une semaine. Nous avons profit\u00e9 ensemble et d\u00e9couvert une destination tr\u00e8s pris\u00e9e. Un moment super que je compte renouveler cette ann\u00e9e.<\/p>\t\t\t\t\t\t\t\t<\/div>\n\t\t\t\t<\/div>\n\t\t\t\t<div class=\"elementor-element elementor-element-93d62f6 elementor-widget-divider--view-line elementor-widget elementor-widget-global elementor-global-41411 elementor-widget-divider\" data-id=\"93d62f6\" data-element_type=\"widget\" data-widget_type=\"divider.default\">\n\t\t\t\t<div class=\"elementor-widget-container\">\n\t\t\t\t\t\t\t<div class=\"elementor-divider\">\n\t\t\t<span class=\"elementor-divider-separator\">\n\t\t\t\t\t\t<\/span>\n\t\t<\/div>\n\t\t\t\t\t\t<\/div>\n\t\t\t\t<\/div>\n\t\t\t\t\t<\/div>\n\t\t<\/div>\n\t\t\t\t\t<\/div>\n\t\t<\/section>\n\t\t\t\t<section class=\"elementor-section elementor-top-section elementor-element elementor-element-c0039c9 elementor-section-boxed elementor-section-height-default elementor-section-height-default\" data-id=\"c0039c9\" data-element_type=\"section\">\n\t\t\t\t\t\t<div class=\"elementor-container elementor-column-gap-default\">\n\t\t\t\t\t<div class=\"elementor-column elementor-col-100 elementor-top-column elementor-element elementor-element-f3858ba\" data-id=\"f3858ba\" data-element_type=\"column\">\n\t\t\t<div class=\"elementor-widget-wrap elementor-element-populated\">\n\t\t\t\t\t\t<div class=\"elementor-element elementor-element-8414c3b elementor-widget elementor-widget-text-editor\" data-id=\"8414c3b\" data-element_type=\"widget\" data-widget_type=\"text-editor.default\">\n\t\t\t\t<div class=\"elementor-widget-container\">\n\t\t\t\t\t\t\t\t\t<h3 style=\"text-align: justify;\">R\u00e9seaux sociaux<\/h3><p style=\"text-align: justify;\">Encore une chouette \u00e9volution sur ma page <strong><a href=\"https:\/\/www.facebook.com\/JDroadtrip\/\" target=\"_blank\" rel=\"noopener noreferrer\">Facebook \u2013 JDroadtrip, voyager au f\u00e9minin<\/a><\/strong>, c&rsquo;est mon r\u00e9seau social pr\u00e9f\u00e9r\u00e9 et sur lequel, je fais le plus attention \u00e0 ce que je poste. <strong>Actuellement 34 600 fans pour cette fin d&rsquo;ann\u00e9e 2017 contre 21 500 en d\u00e9cembre 2016, plus de 13 000 abonn\u00e9s en plus durant l&rsquo;ann\u00e9e qui s&rsquo;est \u00e9coul\u00e9.<\/strong><\/p><p style=\"text-align: justify;\">Contrairement \u00e0 l&rsquo;ann\u00e9e derni\u00e8re, j&rsquo;ai arr\u00eat\u00e9 les publicit\u00e9s sponsoris\u00e9es, car le reach change \u00e9norm\u00e9ment et Facebook pousse les utilisateurs \u00e0 sponsoriser donc plus de concurrence directe ou indirecte sur les publicit\u00e9s donc moins d&rsquo;impact.<\/p><p style=\"text-align: justify;\">Aujourd&rsquo;hui, je soigne encore plus mes posts, ayant investi dans un nouvel appareil photo, je fais en sorte d&rsquo;attirer du monde avec des jolies photos, notamment celle de d\u00e9cembre pour la Laponie qui a beaucoup plu et o\u00f9 ma communaut\u00e9 a interagi positivement. <strong>J&rsquo;ai l&rsquo;intention \u00e9galement de faire plus de Live Facebook, avec la Laponie je me suis rendu compte que les gens aimaient voir en direct ce que je pouvais vivre donc cette ann\u00e9e, je compte en faire d&rsquo;avantages.<\/strong><\/p><p style=\"text-align: justify;\">J&rsquo;avais aussi un peu abandonn\u00e9 <strong><a href=\"https:\/\/twitter.com\/JDroadtrip\" target=\"_blank\" rel=\"noopener noreferrer\">Twitter<\/a><\/strong>, car c&rsquo;est un r\u00e9seau tr\u00e8s professionnel, il y a tr\u00e8s peu d\u2019interaction avec un public lambda et puis finalement <strong>en mettant quelques photos sur la Laponie, j&rsquo;ai vu un \u00e9ventuel potentiel<\/strong>. Je vais donc me concentrer un peu plus dessus et partager mes plus belles photos de voyage.<\/p><p style=\"text-align: justify;\">Le r\u00e9seau <strong><a href=\"https:\/\/www.instagram.com\/jdroadtrip\/\" target=\"_blank\" rel=\"noopener noreferrer\">Instagram<\/a><\/strong> est quant \u00e0 lui toujours aussi difficile \u00e0 maitriser, mais je pr\u00e9f\u00e8re y aller doucement, mais surement et actuellement, mon compte \u00e0 3 600 abonn\u00e9s. <strong>Je me suis mise \u00e0 l&rsquo;insta-storie que je trouve avec le temps fort sympa et plus adapt\u00e9 que Snapchat car plus d\u2019interactivit\u00e9s.<\/strong> Pouvoir faire des sondages et faire r\u00e9agir les gens qui nous suivent je trouve \u00e7a plut\u00f4t fun. Puis gros avantage de pouvoir mettre sa localisation comme \u00e7a, les gens savent directement o\u00f9 je suis.<\/p><p style=\"text-align: justify;\"><strong><a href=\"https:\/\/www.snapchat.com\/add\/jdroadtrip\" target=\"_blank\" rel=\"noopener noreferrer\">Snapchat ( JDroadtrip)<\/a><\/strong> est toujours aussi pr\u00e9sent lors de mes voyages, comme Instagram, je re\u00e7ois \u00e9norm\u00e9ment de r\u00e9actions suite \u00e0 mes stories, les gens posent \u00e9norm\u00e9ment de questions en direct et cela permet d&rsquo;y r\u00e9pondre tr\u00e8s rapidement.<\/p><p style=\"text-align: justify;\">Sur ces deux r\u00e9seaux sociaux, je ne sais pas sur lequel j&rsquo;ai re\u00e7u le plus de r\u00e9actions, c&rsquo;est bien pour \u00e7a que je les affectionne tous les deux et qu&rsquo;ils se compl\u00e8tent !<\/p><p style=\"text-align: justify;\"><img loading=\"lazy\" decoding=\"async\" class=\"size-full wp-image-20758 aligncenter\" src=\"https:\/\/www.jdroadtrip.tv\/blog\/wp-content\/uploads\/2017\/01\/shutterstock_544333570.jpg\" alt=\"\" width=\"1000\" height=\"667\" srcset=\"https:\/\/www.jdroadtrip.tv\/blog\/wp-content\/uploads\/2017\/01\/shutterstock_544333570.jpg 1000w, https:\/\/www.jdroadtrip.tv\/blog\/wp-content\/uploads\/2017\/01\/shutterstock_544333570-300x200.jpg 300w, https:\/\/www.jdroadtrip.tv\/blog\/wp-content\/uploads\/2017\/01\/shutterstock_544333570-800x534.jpg 800w, https:\/\/www.jdroadtrip.tv\/blog\/wp-content\/uploads\/2017\/01\/shutterstock_544333570-250x167.jpg 250w, https:\/\/www.jdroadtrip.tv\/blog\/wp-content\/uploads\/2017\/01\/shutterstock_544333570-768x512.jpg 768w, https:\/\/www.jdroadtrip.tv\/blog\/wp-content\/uploads\/2017\/01\/shutterstock_544333570-585x390.jpg 585w, https:\/\/www.jdroadtrip.tv\/blog\/wp-content\/uploads\/2017\/01\/shutterstock_544333570-263x175.jpg 263w\" sizes=\"(max-width: 1000px) 100vw, 1000px\" \/><\/p>\t\t\t\t\t\t\t\t<\/div>\n\t\t\t\t<\/div>\n\t\t\t\t<div class=\"elementor-element elementor-element-463ae4e elementor-widget-divider--view-line elementor-widget elementor-widget-global elementor-global-41411 elementor-widget-divider\" data-id=\"463ae4e\" data-element_type=\"widget\" data-widget_type=\"divider.default\">\n\t\t\t\t<div class=\"elementor-widget-container\">\n\t\t\t\t\t\t\t<div class=\"elementor-divider\">\n\t\t\t<span class=\"elementor-divider-separator\">\n\t\t\t\t\t\t<\/span>\n\t\t<\/div>\n\t\t\t\t\t\t<\/div>\n\t\t\t\t<\/div>\n\t\t\t\t\t<\/div>\n\t\t<\/div>\n\t\t\t\t\t<\/div>\n\t\t<\/section>\n\t\t\t\t<section class=\"elementor-section elementor-top-section elementor-element elementor-element-ae710f7 elementor-section-boxed elementor-section-height-default elementor-section-height-default\" data-id=\"ae710f7\" data-element_type=\"section\">\n\t\t\t\t\t\t<div class=\"elementor-container elementor-column-gap-default\">\n\t\t\t\t\t<div class=\"elementor-column elementor-col-100 elementor-top-column elementor-element elementor-element-55ab7b8\" data-id=\"55ab7b8\" data-element_type=\"column\">\n\t\t\t<div class=\"elementor-widget-wrap elementor-element-populated\">\n\t\t\t\t\t\t<div class=\"elementor-element elementor-element-df2dfe9 elementor-widget elementor-widget-text-editor\" data-id=\"df2dfe9\" data-element_type=\"widget\" data-widget_type=\"text-editor.default\">\n\t\t\t\t<div class=\"elementor-widget-container\">\n\t\t\t\t\t\t\t\t\t<h3>Salon du tourisme<\/h3><p>En mars 2017 et pour la 3e ann\u00e9e, j&rsquo;ai particip\u00e9 au salon du tourisme \u00e0 Paris. J&rsquo;aime particuli\u00e8rement ce moment de l&rsquo;ann\u00e9e, m\u00eame si c&rsquo;est tr\u00e8s fatigant. Pendant 4 jours, je partage avec le public et les professionnels du tourisme sur le stand d\u00e9di\u00e9 aux blogueurs. <strong>C&rsquo;est aussi un lieu de rencontre o\u00f9 je peux croiser les gens qui me suivent via les diff\u00e9rents r\u00e9seaux sociaux<\/strong> et je reviens sur mes pr\u00e9c\u00e9dents voyages pour donner des id\u00e9es d\u2019o\u00f9 voyager en 2018 !<\/p><p>En faisant ce bilan 2017 des voyages, je me rends compte que c&rsquo;est le meilleur salon de l&rsquo;ann\u00e9e que j&rsquo;ai fait !<\/p><p>\u00a0<\/p>\t\t\t\t\t\t\t\t<\/div>\n\t\t\t\t<\/div>\n\t\t\t\t<div class=\"elementor-element elementor-element-dd00371 elementor-widget-divider--view-line elementor-widget elementor-widget-global elementor-global-41411 elementor-widget-divider\" data-id=\"dd00371\" data-element_type=\"widget\" data-widget_type=\"divider.default\">\n\t\t\t\t<div class=\"elementor-widget-container\">\n\t\t\t\t\t\t\t<div class=\"elementor-divider\">\n\t\t\t<span class=\"elementor-divider-separator\">\n\t\t\t\t\t\t<\/span>\n\t\t<\/div>\n\t\t\t\t\t\t<\/div>\n\t\t\t\t<\/div>\n\t\t\t\t\t<\/div>\n\t\t<\/div>\n\t\t\t\t\t<\/div>\n\t\t<\/section>\n\t\t\t\t<section class=\"elementor-section elementor-top-section elementor-element elementor-element-1438eaf elementor-section-boxed elementor-section-height-default elementor-section-height-default\" data-id=\"1438eaf\" data-element_type=\"section\">\n\t\t\t\t\t\t<div class=\"elementor-container elementor-column-gap-default\">\n\t\t\t\t\t<div class=\"elementor-column elementor-col-100 elementor-top-column elementor-element elementor-element-cf107ad\" data-id=\"cf107ad\" data-element_type=\"column\">\n\t\t\t<div class=\"elementor-widget-wrap elementor-element-populated\">\n\t\t\t\t\t\t<div class=\"elementor-element elementor-element-3e3178e elementor-widget elementor-widget-text-editor\" data-id=\"3e3178e\" data-element_type=\"widget\" data-widget_type=\"text-editor.default\">\n\t\t\t\t<div class=\"elementor-widget-container\">\n\t\t\t\t\t\t\t\t\t<h3 style=\"text-align: justify;\">Les projets en 2018<\/h3><p style=\"text-align: justify;\">L&rsquo;ann\u00e9e 2018 commence sur les chapeaux de roue, car <strong>je m&rsquo;envole pour 2 semaines en Laponie dans le cadre du projet \u00ab\u00a0Laponie au f\u00e9minin\u00a0\u00bb<\/strong>. Deux groupes de 7 sept filles va partager durant 1 semaine, la magie de la Laponie Finlandaise et d\u00e9couvrir les activit\u00e9s phares et ses sp\u00e9cialit\u00e9s gastronomiques.<\/p><p style=\"text-align: justify;\">Pour cette nouvelle ann\u00e9e, j&rsquo;ai d\u00e9cid\u00e9 de <strong>faire un voyage par mois<\/strong>, car je souhaite r\u00e9ellement d\u00e9couvrir de nouveaux pays ou revisit\u00e9 certains que j&rsquo;ai pu survoler durant mes roadtrips en Europe avec le <strong><a href=\"https:\/\/www.jdroadtrip.tv\/blog\/le-pass-interrail\/\" target=\"_blank\" rel=\"noopener noreferrer\">Pass Interrail<\/a><\/strong>.<\/p><p style=\"text-align: justify;\">En mars, je repars en Laponie pour le projet \u00ab\u00a0Laponie au f\u00e9minin\u00a0\u00bb durant 7 jours et ensuite j&rsquo;enchaine avec le salon du tourisme \u00e0 Paris. <strong>Fin mai \/ d\u00e9but juin, je pars pendant 3 semaines au Canada<\/strong>, je n&rsquo;ai pas encore pr\u00e9vu un itin\u00e9raire donc je suis en h\u00e9sitation par la location d&rsquo;une voiture ou voyager en transport.<\/p><p style=\"text-align: justify;\">Pour la fin d&rsquo;ann\u00e9e, j&rsquo;aimerais continuer ma liste de voyage, car il y a 2 ans, j&rsquo;\u00e9tais partie <strong><a href=\"https:\/\/www.jdroadtrip.tv\/blog\/visiter-londres-en-3-jours\/\" target=\"_blank\" rel=\"noopener noreferrer\">visiter Londres en 3 jours<\/a><\/strong>, il y a 1 an je suis partie <strong><a href=\"https:\/\/www.jdroadtrip.tv\/blog\/conseils-visiter-new-york-en-7-jours\/\" target=\"_blank\" rel=\"noopener noreferrer\">visiter New York en 7 jours<\/a><\/strong> et j&rsquo;ai fini l&rsquo;ann\u00e9e 2017 en Laponie avec le projet \u00ab\u00a0<strong><a href=\"https:\/\/www.jdroadtrip.tv\/blog\/laponie-au-feminin\/\" target=\"_blank\" rel=\"noopener noreferrer\">Laponie au f\u00e9minin<\/a><\/strong>\u00ab\u00a0.<\/p><p style=\"text-align: justify;\">Je finalise ce bilan 2017 des voyages qui je l&rsquo;esp\u00e8re vous donnera des id\u00e9es pour savoir o\u00f9 voyager en 2018 et si vous avez des questions, n&rsquo;h\u00e9sitez pas ! <\/p>\t\t\t\t\t\t\t\t<\/div>\n\t\t\t\t<\/div>\n\t\t\t\t<div class=\"elementor-element elementor-element-126daf2 elementor-widget-divider--view-line elementor-widget elementor-widget-global elementor-global-41411 elementor-widget-divider\" data-id=\"126daf2\" data-element_type=\"widget\" data-widget_type=\"divider.default\">\n\t\t\t\t<div class=\"elementor-widget-container\">\n\t\t\t\t\t\t\t<div class=\"elementor-divider\">\n\t\t\t<span class=\"elementor-divider-separator\">\n\t\t\t\t\t\t<\/span>\n\t\t<\/div>\n\t\t\t\t\t\t<\/div>\n\t\t\t\t<\/div>\n\t\t\t\t<div class=\"elementor-element elementor-element-73c3ff91 elementor-widget elementor-widget-text-editor\" data-id=\"73c3ff91\" data-element_type=\"widget\" data-widget_type=\"text-editor.default\">\n\t\t\t\t<div class=\"elementor-widget-container\">\n\t\t\t\t\t\t\t\t\t<p style=\"text-align: justify;\"><strong>Bonne ann\u00e9e 2018, c\u2019\u00e9tait mon bilan 2017 des voyages et du blogging, pour vous donner des id\u00e9es de voyage en 2018 !<\/strong><\/p>\t\t\t\t\t\t\t\t<\/div>\n\t\t\t\t<\/div>\n\t\t\t\t\t<\/div>\n\t\t<\/div>\n\t\t\t\t\t<\/div>\n\t\t<\/section>\n\t\t\t\t<\/div>\n\t\t","protected":false},"excerpt":{"rendered":"<p>Bilan 2017 Des voyages et des rencontres, une ann\u00e9e incroyable ! Encore une ann\u00e9e qui s&rsquo;ach\u00e8ve, apr\u00e8s le bilan 2016 des voyages, c&rsquo;est le moment de faire le bilan 2017 des voyages, \u00e7a a \u00e9t\u00e9 une ann\u00e9e incroyable, riche en rencontres et gr\u00e2ce \u00e0 cet article, vous allez avoir des id\u00e9es d\u2019 o\u00f9 voyager en [&hellip;]<\/p>\n","protected":false},"author":1,"featured_media":29666,"comment_status":"open","ping_status":"open","sticky":false,"template":"","format":"standard","meta":{"ocean_post_layout":"","ocean_both_sidebars_style":"","ocean_both_sidebars_content_width":0,"ocean_both_sidebars_sidebars_width":0,"ocean_sidebar":"","ocean_second_sidebar":"","ocean_disable_margins":"enable","ocean_add_body_class":"","ocean_shortcode_before_top_bar":"","ocean_shortcode_after_top_bar":"","ocean_shortcode_before_header":"","ocean_shortcode_after_header":"","ocean_has_shortcode":"","ocean_shortcode_after_title":"","ocean_shortcode_before_footer_widgets":"","ocean_shortcode_after_footer_widgets":"","ocean_shortcode_before_footer_bottom":"","ocean_shortcode_after_footer_bottom":"","ocean_display_top_bar":"default","ocean_display_header":"default","ocean_header_style":"","ocean_center_header_left_menu":"","ocean_custom_header_template":"","ocean_custom_logo":0,"ocean_custom_retina_logo":0,"ocean_custom_logo_max_width":0,"ocean_custom_logo_tablet_max_width":0,"ocean_custom_logo_mobile_max_width":0,"ocean_custom_logo_max_height":0,"ocean_custom_logo_tablet_max_height":0,"ocean_custom_logo_mobile_max_height":0,"ocean_header_custom_menu":"","ocean_menu_typo_font_family":"","ocean_menu_typo_font_subset":"","ocean_menu_typo_font_size":0,"ocean_menu_typo_font_size_tablet":0,"ocean_menu_typo_font_size_mobile":0,"ocean_menu_typo_font_size_unit":"px","ocean_menu_typo_font_weight":"","ocean_menu_typo_font_weight_tablet":"","ocean_menu_typo_font_weight_mobile":"","ocean_menu_typo_transform":"","ocean_menu_typo_transform_tablet":"","ocean_menu_typo_transform_mobile":"","ocean_menu_typo_line_height":0,"ocean_menu_typo_line_height_tablet":0,"ocean_menu_typo_line_height_mobile":0,"ocean_menu_typo_line_height_unit":"","ocean_menu_typo_spacing":0,"ocean_menu_typo_spacing_tablet":0,"ocean_menu_typo_spacing_mobile":0,"ocean_menu_typo_spacing_unit":"","ocean_menu_link_color":"","ocean_menu_link_color_hover":"","ocean_menu_link_color_active":"","ocean_menu_link_background":"","ocean_menu_link_hover_background":"","ocean_menu_link_active_background":"","ocean_menu_social_links_bg":"","ocean_menu_social_hover_links_bg":"","ocean_menu_social_links_color":"","ocean_menu_social_hover_links_color":"","ocean_disable_title":"default","ocean_disable_heading":"default","ocean_post_title":"","ocean_post_subheading":"","ocean_post_title_style":"","ocean_post_title_background_color":"","ocean_post_title_background":0,"ocean_post_title_bg_image_position":"","ocean_post_title_bg_image_attachment":"","ocean_post_title_bg_image_repeat":"","ocean_post_title_bg_image_size":"","ocean_post_title_height":0,"ocean_post_title_bg_overlay":0.5,"ocean_post_title_bg_overlay_color":"","ocean_disable_breadcrumbs":"default","ocean_breadcrumbs_color":"","ocean_breadcrumbs_separator_color":"","ocean_breadcrumbs_links_color":"","ocean_breadcrumbs_links_hover_color":"","ocean_display_footer_widgets":"default","ocean_display_footer_bottom":"default","ocean_custom_footer_template":"","ocean_post_oembed":"","ocean_post_self_hosted_media":"","ocean_post_video_embed":"","ocean_link_format":"","ocean_link_format_target":"self","ocean_quote_format":"","ocean_quote_format_link":"post","ocean_gallery_link_images":"on","ocean_gallery_id":[],"footnotes":""},"categories":[863],"tags":[],"table_tags":[],"class_list":["post-29641","post","type-post","status-publish","format-standard","has-post-thumbnail","hentry","category-etre-blogueuse-voyager","entry","has-media"],"yoast_head":"<!-- This site is optimized with the Yoast SEO Premium plugin v25.9 (Yoast SEO v25.9) - https:\/\/yoast.com\/wordpress\/plugins\/seo\/ -->\n<title>Bilan 2017 Des voyages m\u00e9morables, o\u00f9 voyager en 2018? - JDroadtrip.tv<\/title>\n<meta name=\"description\" content=\"O\u00f9 voyager en 2018 ? Voici un bilan 2017 des voyages et des rencontres que j&#039;ai faites gr\u00e2ce \u00e0 mon blog JDroadtrip, voyager au f\u00e9minin en sac \u00e0 dos.\" \/>\n<meta name=\"robots\" content=\"index, follow, max-snippet:-1, max-image-preview:large, max-video-preview:-1\" \/>\n<link rel=\"canonical\" href=\"https:\/\/www.jdroadtrip.tv\/blog\/bilan-2017-des-voyages-ou-voyager-en-2018\/\" \/>\n<meta property=\"og:locale\" content=\"fr_FR\" \/>\n<meta property=\"og:type\" content=\"article\" \/>\n<meta property=\"og:title\" content=\"Bilan 2017 Des voyages, des rencontres, une ann\u00e9e incroyable !\" \/>\n<meta property=\"og:description\" content=\"O\u00f9 voyager en 2018 ? Voici un bilan 2017 des voyages et des rencontres que j&#039;ai faites gr\u00e2ce \u00e0 mon blog JDroadtrip, voyager au f\u00e9minin en sac \u00e0 dos.\" \/>\n<meta property=\"og:url\" content=\"https:\/\/www.jdroadtrip.tv\/blog\/bilan-2017-des-voyages-ou-voyager-en-2018\/\" \/>\n<meta property=\"og:site_name\" content=\"JDroadtrip - Blog de voyage pour voyager au f\u00e9minin !\" \/>\n<meta property=\"article:publisher\" content=\"https:\/\/www.facebook.com\/JDRoadTrip\" \/>\n<meta property=\"article:author\" content=\"https:\/\/www.facebook.com\/JDroadtrip\" \/>\n<meta property=\"article:published_time\" content=\"2018-01-23T11:51:19+00:00\" \/>\n<meta property=\"article:modified_time\" content=\"2024-06-22T11:00:22+00:00\" \/>\n<meta property=\"og:image\" content=\"https:\/\/www.jdroadtrip.tv\/blog\/wp-content\/uploads\/2018\/01\/Bilan2017-img.jpg\" \/>\n\t<meta property=\"og:image:width\" content=\"1500\" \/>\n\t<meta property=\"og:image:height\" content=\"996\" \/>\n\t<meta property=\"og:image:type\" content=\"image\/jpeg\" \/>\n<meta name=\"author\" content=\"Jenny Diab\" \/>\n<meta name=\"twitter:card\" content=\"summary_large_image\" \/>\n<meta name=\"twitter:creator\" content=\"@JDroadtrip\" \/>\n<meta name=\"twitter:site\" content=\"@JDroadtrip\" \/>\n<meta name=\"twitter:label1\" content=\"\u00c9crit par\" \/>\n\t<meta name=\"twitter:data1\" content=\"Jenny Diab\" \/>\n\t<meta name=\"twitter:label2\" content=\"Dur\u00e9e de lecture estim\u00e9e\" \/>\n\t<meta name=\"twitter:data2\" content=\"16 minutes\" \/>\n<script type=\"application\/ld+json\" class=\"yoast-schema-graph\">{\"@context\":\"https:\/\/schema.org\",\"@graph\":[{\"@type\":\"Article\",\"@id\":\"https:\/\/www.jdroadtrip.tv\/blog\/bilan-2017-des-voyages-ou-voyager-en-2018\/#article\",\"isPartOf\":{\"@id\":\"https:\/\/www.jdroadtrip.tv\/blog\/bilan-2017-des-voyages-ou-voyager-en-2018\/\"},\"author\":{\"name\":\"Jenny Diab\",\"@id\":\"https:\/\/www.jdroadtrip.tv\/blog\/#\/schema\/person\/d204bfc7d00ba74276391d8e42b58a3e\"},\"headline\":\"Bilan 2017 Des voyages, des rencontres, une ann\u00e9e incroyable !\",\"datePublished\":\"2018-01-23T11:51:19+00:00\",\"dateModified\":\"2024-06-22T11:00:22+00:00\",\"mainEntityOfPage\":{\"@id\":\"https:\/\/www.jdroadtrip.tv\/blog\/bilan-2017-des-voyages-ou-voyager-en-2018\/\"},\"wordCount\":3055,\"commentCount\":0,\"publisher\":{\"@id\":\"https:\/\/www.jdroadtrip.tv\/blog\/#organization\"},\"image\":{\"@id\":\"https:\/\/www.jdroadtrip.tv\/blog\/bilan-2017-des-voyages-ou-voyager-en-2018\/#primaryimage\"},\"thumbnailUrl\":\"https:\/\/www.jdroadtrip.tv\/blog\/wp-content\/uploads\/2018\/01\/Bilan2017-img.jpg\",\"articleSection\":[\"\u00catre blogueuse voyage\"],\"inLanguage\":\"fr-FR\",\"potentialAction\":[{\"@type\":\"CommentAction\",\"name\":\"Comment\",\"target\":[\"https:\/\/www.jdroadtrip.tv\/blog\/bilan-2017-des-voyages-ou-voyager-en-2018\/#respond\"]}]},{\"@type\":\"WebPage\",\"@id\":\"https:\/\/www.jdroadtrip.tv\/blog\/bilan-2017-des-voyages-ou-voyager-en-2018\/\",\"url\":\"https:\/\/www.jdroadtrip.tv\/blog\/bilan-2017-des-voyages-ou-voyager-en-2018\/\",\"name\":\"Bilan 2017 Des voyages m\u00e9morables, o\u00f9 voyager en 2018? - JDroadtrip.tv\",\"isPartOf\":{\"@id\":\"https:\/\/www.jdroadtrip.tv\/blog\/#website\"},\"primaryImageOfPage\":{\"@id\":\"https:\/\/www.jdroadtrip.tv\/blog\/bilan-2017-des-voyages-ou-voyager-en-2018\/#primaryimage\"},\"image\":{\"@id\":\"https:\/\/www.jdroadtrip.tv\/blog\/bilan-2017-des-voyages-ou-voyager-en-2018\/#primaryimage\"},\"thumbnailUrl\":\"https:\/\/www.jdroadtrip.tv\/blog\/wp-content\/uploads\/2018\/01\/Bilan2017-img.jpg\",\"datePublished\":\"2018-01-23T11:51:19+00:00\",\"dateModified\":\"2024-06-22T11:00:22+00:00\",\"description\":\"O\u00f9 voyager en 2018 ? Voici un bilan 2017 des voyages et des rencontres que j'ai faites gr\u00e2ce \u00e0 mon blog JDroadtrip, voyager au f\u00e9minin en sac \u00e0 dos.\",\"breadcrumb\":{\"@id\":\"https:\/\/www.jdroadtrip.tv\/blog\/bilan-2017-des-voyages-ou-voyager-en-2018\/#breadcrumb\"},\"inLanguage\":\"fr-FR\",\"potentialAction\":[{\"@type\":\"ReadAction\",\"target\":[\"https:\/\/www.jdroadtrip.tv\/blog\/bilan-2017-des-voyages-ou-voyager-en-2018\/\"]}]},{\"@type\":\"ImageObject\",\"inLanguage\":\"fr-FR\",\"@id\":\"https:\/\/www.jdroadtrip.tv\/blog\/bilan-2017-des-voyages-ou-voyager-en-2018\/#primaryimage\",\"url\":\"https:\/\/www.jdroadtrip.tv\/blog\/wp-content\/uploads\/2018\/01\/Bilan2017-img.jpg\",\"contentUrl\":\"https:\/\/www.jdroadtrip.tv\/blog\/wp-content\/uploads\/2018\/01\/Bilan2017-img.jpg\",\"width\":1500,\"height\":996},{\"@type\":\"BreadcrumbList\",\"@id\":\"https:\/\/www.jdroadtrip.tv\/blog\/bilan-2017-des-voyages-ou-voyager-en-2018\/#breadcrumb\",\"itemListElement\":[{\"@type\":\"ListItem\",\"position\":1,\"name\":\"Accueil\",\"item\":\"https:\/\/www.jdroadtrip.tv\/blog\/\"},{\"@type\":\"ListItem\",\"position\":2,\"name\":\"Bilan 2017 Des voyages, des rencontres, une ann\u00e9e incroyable !\"}]},{\"@type\":\"WebSite\",\"@id\":\"https:\/\/www.jdroadtrip.tv\/blog\/#website\",\"url\":\"https:\/\/www.jdroadtrip.tv\/blog\/\",\"name\":\"JDroadtrip - Blog de voyage au f\u00e9minin : Outdoor, Trek, Slow travel\",\"description\":\"M\u00e9dia pour voyager au f\u00e9minin\",\"publisher\":{\"@id\":\"https:\/\/www.jdroadtrip.tv\/blog\/#organization\"},\"alternateName\":\"JDroadtrip - Voyager au f\u00e9minin\",\"potentialAction\":[{\"@type\":\"SearchAction\",\"target\":{\"@type\":\"EntryPoint\",\"urlTemplate\":\"https:\/\/www.jdroadtrip.tv\/blog\/?s={search_term_string}\"},\"query-input\":{\"@type\":\"PropertyValueSpecification\",\"valueRequired\":true,\"valueName\":\"search_term_string\"}}],\"inLanguage\":\"fr-FR\"},{\"@type\":\"Organization\",\"@id\":\"https:\/\/www.jdroadtrip.tv\/blog\/#organization\",\"name\":\"JDroadtrip - Blog de voyage pour voyager au f\u00e9minin !\",\"alternateName\":\"JDroadtrip - Voyager au f\u00e9minin\",\"url\":\"https:\/\/www.jdroadtrip.tv\/blog\/\",\"logo\":{\"@type\":\"ImageObject\",\"inLanguage\":\"fr-FR\",\"@id\":\"https:\/\/www.jdroadtrip.tv\/blog\/#\/schema\/logo\/image\/\",\"url\":\"https:\/\/www.jdroadtrip.tv\/blog\/wp-content\/uploads\/2023\/08\/Logo-HD-petit.png\",\"contentUrl\":\"https:\/\/www.jdroadtrip.tv\/blog\/wp-content\/uploads\/2023\/08\/Logo-HD-petit.png\",\"width\":300,\"height\":300,\"caption\":\"JDroadtrip - Blog de voyage pour voyager au f\u00e9minin !\"},\"image\":{\"@id\":\"https:\/\/www.jdroadtrip.tv\/blog\/#\/schema\/logo\/image\/\"},\"sameAs\":[\"https:\/\/www.facebook.com\/JDRoadTrip\",\"https:\/\/x.com\/JDroadtrip\",\"https:\/\/instagram.com\/jdroadtrip\/\",\"http:\/\/www.linkedin.com\/in\/jennydiab\",\"https:\/\/www.pinterest.fr\/jdroadtrip\/\",\"https:\/\/www.youtube.com\/channel\/UCerVm4aMyTj9AxDDWmSx9_g\"],\"description\":\"Blog de voyage pour les femmes qui voyagent \u00e0 travers le monde.\",\"email\":\"contact@jdroadtrip.tv\",\"legalName\":\"Jenny Diab\",\"numberOfEmployees\":{\"@type\":\"QuantitativeValue\",\"minValue\":\"1\",\"maxValue\":\"10\"}},{\"@type\":\"Person\",\"@id\":\"https:\/\/www.jdroadtrip.tv\/blog\/#\/schema\/person\/d204bfc7d00ba74276391d8e42b58a3e\",\"name\":\"Jenny Diab\",\"image\":{\"@type\":\"ImageObject\",\"inLanguage\":\"fr-FR\",\"@id\":\"https:\/\/www.jdroadtrip.tv\/blog\/#\/schema\/person\/image\/\",\"url\":\"https:\/\/secure.gravatar.com\/avatar\/8c20b0655fdafee9c0df649069a458b1bde697487be3b0da4df8754f3de7042c?s=96&d=mm&r=g\",\"contentUrl\":\"https:\/\/secure.gravatar.com\/avatar\/8c20b0655fdafee9c0df649069a458b1bde697487be3b0da4df8754f3de7042c?s=96&d=mm&r=g\",\"caption\":\"Jenny Diab\"},\"description\":\"Cr\u00e9atrice du blog JDroadtrip.tv, je voyage seule \u00e0 travers le monde et je partage mes exp\u00e9riences de voyageuse solo. \u00c0 travers ce blog, je vous invite \u00e0 d\u00e9couvrir un maximum de bons plans et astuces (h\u00e9bergements, activit\u00e9s, restaurants, transports \u2026) pour pr\u00e9parer au mieux vos futurs voyages. Si vous \u00eates une fille qui voyage \u00e0 travers le monde, rejoignez la communaut\u00e9 Voyager au f\u00e9minin et si vous avez des questions, n'h\u00e9sitez pas \u00e0 \u00e0 me contacter. D\u00c9COUVREZ QUI SUIS-JE.\",\"sameAs\":[\"https:\/\/www.jdroadtrip.tv\",\"https:\/\/www.facebook.com\/JDroadtrip\",\"https:\/\/www.instagram.com\/jdroadtrip\/\",\"https:\/\/www.linkedin.com\/in\/jennydiab\",\"https:\/\/www.pinterest.com\/Jdroadtrip\",\"https:\/\/x.com\/JDroadtrip\"],\"url\":\"https:\/\/www.jdroadtrip.tv\/blog\/author\/jd\/\"}]}<\/script>\n<!-- \/ Yoast SEO Premium plugin. -->","yoast_head_json":{"title":"Bilan 2017 Des voyages m\u00e9morables, o\u00f9 voyager en 2018? - JDroadtrip.tv","description":"O\u00f9 voyager en 2018 ? Voici un bilan 2017 des voyages et des rencontres que j'ai faites gr\u00e2ce \u00e0 mon blog JDroadtrip, voyager au f\u00e9minin en sac \u00e0 dos.","robots":{"index":"index","follow":"follow","max-snippet":"max-snippet:-1","max-image-preview":"max-image-preview:large","max-video-preview":"max-video-preview:-1"},"canonical":"https:\/\/www.jdroadtrip.tv\/blog\/bilan-2017-des-voyages-ou-voyager-en-2018\/","og_locale":"fr_FR","og_type":"article","og_title":"Bilan 2017 Des voyages, des rencontres, une ann\u00e9e incroyable !","og_description":"O\u00f9 voyager en 2018 ? Voici un bilan 2017 des voyages et des rencontres que j'ai faites gr\u00e2ce \u00e0 mon blog JDroadtrip, voyager au f\u00e9minin en sac \u00e0 dos.","og_url":"https:\/\/www.jdroadtrip.tv\/blog\/bilan-2017-des-voyages-ou-voyager-en-2018\/","og_site_name":"JDroadtrip - Blog de voyage pour voyager au f\u00e9minin !","article_publisher":"https:\/\/www.facebook.com\/JDRoadTrip","article_author":"https:\/\/www.facebook.com\/JDroadtrip","article_published_time":"2018-01-23T11:51:19+00:00","article_modified_time":"2024-06-22T11:00:22+00:00","og_image":[{"width":1500,"height":996,"url":"https:\/\/www.jdroadtrip.tv\/blog\/wp-content\/uploads\/2018\/01\/Bilan2017-img.jpg","type":"image\/jpeg"}],"author":"Jenny Diab","twitter_card":"summary_large_image","twitter_creator":"@JDroadtrip","twitter_site":"@JDroadtrip","twitter_misc":{"\u00c9crit par":"Jenny Diab","Dur\u00e9e de lecture estim\u00e9e":"16 minutes"},"schema":{"@context":"https:\/\/schema.org","@graph":[{"@type":"Article","@id":"https:\/\/www.jdroadtrip.tv\/blog\/bilan-2017-des-voyages-ou-voyager-en-2018\/#article","isPartOf":{"@id":"https:\/\/www.jdroadtrip.tv\/blog\/bilan-2017-des-voyages-ou-voyager-en-2018\/"},"author":{"name":"Jenny Diab","@id":"https:\/\/www.jdroadtrip.tv\/blog\/#\/schema\/person\/d204bfc7d00ba74276391d8e42b58a3e"},"headline":"Bilan 2017 Des voyages, des rencontres, une ann\u00e9e incroyable !","datePublished":"2018-01-23T11:51:19+00:00","dateModified":"2024-06-22T11:00:22+00:00","mainEntityOfPage":{"@id":"https:\/\/www.jdroadtrip.tv\/blog\/bilan-2017-des-voyages-ou-voyager-en-2018\/"},"wordCount":3055,"commentCount":0,"publisher":{"@id":"https:\/\/www.jdroadtrip.tv\/blog\/#organization"},"image":{"@id":"https:\/\/www.jdroadtrip.tv\/blog\/bilan-2017-des-voyages-ou-voyager-en-2018\/#primaryimage"},"thumbnailUrl":"https:\/\/www.jdroadtrip.tv\/blog\/wp-content\/uploads\/2018\/01\/Bilan2017-img.jpg","articleSection":["\u00catre blogueuse voyage"],"inLanguage":"fr-FR","potentialAction":[{"@type":"CommentAction","name":"Comment","target":["https:\/\/www.jdroadtrip.tv\/blog\/bilan-2017-des-voyages-ou-voyager-en-2018\/#respond"]}]},{"@type":"WebPage","@id":"https:\/\/www.jdroadtrip.tv\/blog\/bilan-2017-des-voyages-ou-voyager-en-2018\/","url":"https:\/\/www.jdroadtrip.tv\/blog\/bilan-2017-des-voyages-ou-voyager-en-2018\/","name":"Bilan 2017 Des voyages m\u00e9morables, o\u00f9 voyager en 2018? - JDroadtrip.tv","isPartOf":{"@id":"https:\/\/www.jdroadtrip.tv\/blog\/#website"},"primaryImageOfPage":{"@id":"https:\/\/www.jdroadtrip.tv\/blog\/bilan-2017-des-voyages-ou-voyager-en-2018\/#primaryimage"},"image":{"@id":"https:\/\/www.jdroadtrip.tv\/blog\/bilan-2017-des-voyages-ou-voyager-en-2018\/#primaryimage"},"thumbnailUrl":"https:\/\/www.jdroadtrip.tv\/blog\/wp-content\/uploads\/2018\/01\/Bilan2017-img.jpg","datePublished":"2018-01-23T11:51:19+00:00","dateModified":"2024-06-22T11:00:22+00:00","description":"O\u00f9 voyager en 2018 ? Voici un bilan 2017 des voyages et des rencontres que j'ai faites gr\u00e2ce \u00e0 mon blog JDroadtrip, voyager au f\u00e9minin en sac \u00e0 dos.","breadcrumb":{"@id":"https:\/\/www.jdroadtrip.tv\/blog\/bilan-2017-des-voyages-ou-voyager-en-2018\/#breadcrumb"},"inLanguage":"fr-FR","potentialAction":[{"@type":"ReadAction","target":["https:\/\/www.jdroadtrip.tv\/blog\/bilan-2017-des-voyages-ou-voyager-en-2018\/"]}]},{"@type":"ImageObject","inLanguage":"fr-FR","@id":"https:\/\/www.jdroadtrip.tv\/blog\/bilan-2017-des-voyages-ou-voyager-en-2018\/#primaryimage","url":"https:\/\/www.jdroadtrip.tv\/blog\/wp-content\/uploads\/2018\/01\/Bilan2017-img.jpg","contentUrl":"https:\/\/www.jdroadtrip.tv\/blog\/wp-content\/uploads\/2018\/01\/Bilan2017-img.jpg","width":1500,"height":996},{"@type":"BreadcrumbList","@id":"https:\/\/www.jdroadtrip.tv\/blog\/bilan-2017-des-voyages-ou-voyager-en-2018\/#breadcrumb","itemListElement":[{"@type":"ListItem","position":1,"name":"Accueil","item":"https:\/\/www.jdroadtrip.tv\/blog\/"},{"@type":"ListItem","position":2,"name":"Bilan 2017 Des voyages, des rencontres, une ann\u00e9e incroyable !"}]},{"@type":"WebSite","@id":"https:\/\/www.jdroadtrip.tv\/blog\/#website","url":"https:\/\/www.jdroadtrip.tv\/blog\/","name":"JDroadtrip - Blog de voyage au f\u00e9minin : Outdoor, Trek, Slow travel","description":"M\u00e9dia pour voyager au f\u00e9minin","publisher":{"@id":"https:\/\/www.jdroadtrip.tv\/blog\/#organization"},"alternateName":"JDroadtrip - Voyager au f\u00e9minin","potentialAction":[{"@type":"SearchAction","target":{"@type":"EntryPoint","urlTemplate":"https:\/\/www.jdroadtrip.tv\/blog\/?s={search_term_string}"},"query-input":{"@type":"PropertyValueSpecification","valueRequired":true,"valueName":"search_term_string"}}],"inLanguage":"fr-FR"},{"@type":"Organization","@id":"https:\/\/www.jdroadtrip.tv\/blog\/#organization","name":"JDroadtrip - Blog de voyage pour voyager au f\u00e9minin !","alternateName":"JDroadtrip - Voyager au f\u00e9minin","url":"https:\/\/www.jdroadtrip.tv\/blog\/","logo":{"@type":"ImageObject","inLanguage":"fr-FR","@id":"https:\/\/www.jdroadtrip.tv\/blog\/#\/schema\/logo\/image\/","url":"https:\/\/www.jdroadtrip.tv\/blog\/wp-content\/uploads\/2023\/08\/Logo-HD-petit.png","contentUrl":"https:\/\/www.jdroadtrip.tv\/blog\/wp-content\/uploads\/2023\/08\/Logo-HD-petit.png","width":300,"height":300,"caption":"JDroadtrip - Blog de voyage pour voyager au f\u00e9minin !"},"image":{"@id":"https:\/\/www.jdroadtrip.tv\/blog\/#\/schema\/logo\/image\/"},"sameAs":["https:\/\/www.facebook.com\/JDRoadTrip","https:\/\/x.com\/JDroadtrip","https:\/\/instagram.com\/jdroadtrip\/","http:\/\/www.linkedin.com\/in\/jennydiab","https:\/\/www.pinterest.fr\/jdroadtrip\/","https:\/\/www.youtube.com\/channel\/UCerVm4aMyTj9AxDDWmSx9_g"],"description":"Blog de voyage pour les femmes qui voyagent \u00e0 travers le monde.","email":"contact@jdroadtrip.tv","legalName":"Jenny Diab","numberOfEmployees":{"@type":"QuantitativeValue","minValue":"1","maxValue":"10"}},{"@type":"Person","@id":"https:\/\/www.jdroadtrip.tv\/blog\/#\/schema\/person\/d204bfc7d00ba74276391d8e42b58a3e","name":"Jenny Diab","image":{"@type":"ImageObject","inLanguage":"fr-FR","@id":"https:\/\/www.jdroadtrip.tv\/blog\/#\/schema\/person\/image\/","url":"https:\/\/secure.gravatar.com\/avatar\/8c20b0655fdafee9c0df649069a458b1bde697487be3b0da4df8754f3de7042c?s=96&d=mm&r=g","contentUrl":"https:\/\/secure.gravatar.com\/avatar\/8c20b0655fdafee9c0df649069a458b1bde697487be3b0da4df8754f3de7042c?s=96&d=mm&r=g","caption":"Jenny Diab"},"description":"Cr\u00e9atrice du blog JDroadtrip.tv, je voyage seule \u00e0 travers le monde et je partage mes exp\u00e9riences de voyageuse solo. \u00c0 travers ce blog, je vous invite \u00e0 d\u00e9couvrir un maximum de bons plans et astuces (h\u00e9bergements, activit\u00e9s, restaurants, transports \u2026) pour pr\u00e9parer au mieux vos futurs voyages. Si vous \u00eates une fille qui voyage \u00e0 travers le monde, rejoignez la communaut\u00e9 Voyager au f\u00e9minin et si vous avez des questions, n'h\u00e9sitez pas \u00e0 \u00e0 me contacter. D\u00c9COUVREZ QUI SUIS-JE.","sameAs":["https:\/\/www.jdroadtrip.tv","https:\/\/www.facebook.com\/JDroadtrip","https:\/\/www.instagram.com\/jdroadtrip\/","https:\/\/www.linkedin.com\/in\/jennydiab","https:\/\/www.pinterest.com\/Jdroadtrip","https:\/\/x.com\/JDroadtrip"],"url":"https:\/\/www.jdroadtrip.tv\/blog\/author\/jd\/"}]}},"_links":{"self":[{"href":"https:\/\/www.jdroadtrip.tv\/blog\/wp-json\/wp\/v2\/posts\/29641","targetHints":{"allow":["GET"]}}],"collection":[{"href":"https:\/\/www.jdroadtrip.tv\/blog\/wp-json\/wp\/v2\/posts"}],"about":[{"href":"https:\/\/www.jdroadtrip.tv\/blog\/wp-json\/wp\/v2\/types\/post"}],"author":[{"embeddable":true,"href":"https:\/\/www.jdroadtrip.tv\/blog\/wp-json\/wp\/v2\/users\/1"}],"replies":[{"embeddable":true,"href":"https:\/\/www.jdroadtrip.tv\/blog\/wp-json\/wp\/v2\/comments?post=29641"}],"version-history":[{"count":0,"href":"https:\/\/www.jdroadtrip.tv\/blog\/wp-json\/wp\/v2\/posts\/29641\/revisions"}],"wp:featuredmedia":[{"embeddable":true,"href":"https:\/\/www.jdroadtrip.tv\/blog\/wp-json\/wp\/v2\/media\/29666"}],"wp:attachment":[{"href":"https:\/\/www.jdroadtrip.tv\/blog\/wp-json\/wp\/v2\/media?parent=29641"}],"wp:term":[{"taxonomy":"category","embeddable":true,"href":"https:\/\/www.jdroadtrip.tv\/blog\/wp-json\/wp\/v2\/categories?post=29641"},{"taxonomy":"post_tag","embeddable":true,"href":"https:\/\/www.jdroadtrip.tv\/blog\/wp-json\/wp\/v2\/tags?post=29641"},{"taxonomy":"table_tags","embeddable":true,"href":"https:\/\/www.jdroadtrip.tv\/blog\/wp-json\/wp\/v2\/table_tags?post=29641"}],"curies":[{"name":"wp","href":"https:\/\/api.w.org\/{rel}","templated":true}]}}