{"id":21055,"date":"2017-01-13T13:59:10","date_gmt":"2017-01-13T12:59:10","guid":{"rendered":"http:\/\/www.jdroadtrip.tv\/blog\/?p=21055"},"modified":"2025-06-10T20:46:01","modified_gmt":"2025-06-10T19:46:01","slug":"portrait-delphine-voyager-avec-une-maladie","status":"publish","type":"post","link":"https:\/\/www.jdroadtrip.tv\/blog\/portrait-delphine-voyager-avec-une-maladie\/","title":{"rendered":"Portrait de Delphine, voyager avec une maladie c&rsquo;est possible !"},"content":{"rendered":"\t\t<div data-elementor-type=\"wp-post\" data-elementor-id=\"21055\" class=\"elementor elementor-21055\" data-elementor-post-type=\"post\">\n\t\t\t\t\t\t<section class=\"elementor-section elementor-top-section elementor-element elementor-element-dacd1f7 elementor-section-boxed elementor-section-height-default elementor-section-height-default\" data-id=\"dacd1f7\" data-element_type=\"section\">\n\t\t\t\t\t\t<div class=\"elementor-container elementor-column-gap-default\">\n\t\t\t\t\t<div class=\"elementor-column elementor-col-100 elementor-top-column elementor-element elementor-element-4d3188f\" data-id=\"4d3188f\" data-element_type=\"column\">\n\t\t\t<div class=\"elementor-widget-wrap elementor-element-populated\">\n\t\t\t\t\t\t<div class=\"elementor-element elementor-element-7fad0b3 elementor-widget elementor-widget-heading\" data-id=\"7fad0b3\" data-element_type=\"widget\" data-widget_type=\"heading.default\">\n\t\t\t\t<div class=\"elementor-widget-container\">\n\t\t\t\t\t<h2 class=\"elementor-heading-title elementor-size-default\">Portrait de Delphine, voyager avec une maladie c'est possible !<\/h2>\t\t\t\t<\/div>\n\t\t\t\t<\/div>\n\t\t\t\t<section class=\"elementor-section elementor-inner-section elementor-element elementor-element-735be52 elementor-section-boxed elementor-section-height-default elementor-section-height-default\" data-id=\"735be52\" data-element_type=\"section\">\n\t\t\t\t\t\t<div class=\"elementor-container elementor-column-gap-default\">\n\t\t\t\t\t<div class=\"elementor-column elementor-col-66 elementor-inner-column elementor-element elementor-element-f26730a\" data-id=\"f26730a\" data-element_type=\"column\">\n\t\t\t<div class=\"elementor-widget-wrap elementor-element-populated\">\n\t\t\t\t\t\t<div class=\"elementor-element elementor-element-7ee87ac elementor-widget elementor-widget-text-editor\" data-id=\"7ee87ac\" data-element_type=\"widget\" data-widget_type=\"text-editor.default\">\n\t\t\t\t<div class=\"elementor-widget-container\">\n\t\t\t\t\t\t\t\t\t<p style=\"text-align: justify;\">Delphine, atteinte d&rsquo;une scl\u00e9rose en plaques depuis 14ans nous prouve qu&rsquo;il possible de <strong>voyager avec une maladie, c&rsquo;est possible<\/strong>. Rien ne pourra l&#8217;emp\u00eacher de r\u00e9aliser ses r\u00eaves !<\/p><p style=\"text-align: justify;\">Si toi aussi tu voyages seule, entre copines en sac \u00e0 dos et que tu souhaites faire comme D\u00e9borah, r\u00e9pondre \u00e0 mon interview pour appara\u00eetre dans la rubrique \u00ab\u00a0Portrait\u00a0\u00bb, je t\u2019invite \u00e0 me <strong><a href=\"https:\/\/www.jdroadtrip.tv\/blog\/contact\/\" target=\"_blank\" rel=\"noopener noreferrer\">contacter<\/a><\/strong> par email.<\/p><h3 style=\"text-align: justify;\">Salut Delphine, peux-tu te pr\u00e9senter ?<\/h3><p style=\"text-align: justify;\">Bonjour\u00a0! Moi c\u2019est Delphine, 37 ans, c\u00e9libataire, sans enfants, je vis \u00e0 Paris. Je suis vendeuse dans une boutique de v\u00eatements pour enfants. M\u00eame si j\u2019ai du mal \u00e0 faire 30 min de sport ne serait-ce qu\u2019une fois par semaine \u00e7a ne m\u2019emp\u00eache pas d\u2019envisager de faire une partie du GR20\u00a0un jour\u2026 Et oui je suis tr\u00e8s optimiste comme fille !<\/p><p style=\"text-align: justify;\">Sinon <strong>j\u2019ai une Scl\u00e9rose en Plaques (SEP) depuis 14 ans<\/strong>, et cela ne se voit pas du tout pour l\u2019instant\u00a0!! Je vais tr\u00e8s bien\u00a0! <strong>Mais je tiens \u00e0 en parler parce que je pense qu\u2019il est important que les gens sachent qu\u2019on peut avoir une vie normale avec cette maladie.<\/strong> Donc voyager avec une maladie, c&rsquo;est possible !<\/p>\t\t\t\t\t\t\t\t<\/div>\n\t\t\t\t<\/div>\n\t\t\t\t\t<\/div>\n\t\t<\/div>\n\t\t\t\t<div class=\"elementor-column elementor-col-33 elementor-inner-column elementor-element elementor-element-cc5a5f2\" data-id=\"cc5a5f2\" data-element_type=\"column\">\n\t\t\t<div class=\"elementor-widget-wrap elementor-element-populated\">\n\t\t\t\t\t\t<div class=\"elementor-element elementor-element-2a55d9a elementor-widget elementor-widget-text-editor\" data-id=\"2a55d9a\" data-element_type=\"widget\" data-widget_type=\"text-editor.default\">\n\t\t\t\t<div class=\"elementor-widget-container\">\n\t\t\t\t\t\t\t\t\t<p style=\"text-align: justify;\"><span style=\"font-size: 14pt;\">Portraits des voyageuses<\/span><\/p><ul><li style=\"text-align: justify;\"><strong><a href=\"https:\/\/www.jdroadtrip.tv\/blog\/magali-au-pair-a-san-francisco-usa\/\" target=\"_blank\" rel=\"noopener\">Au pair \u00e0 San Francisco<\/a><\/strong><\/li><li style=\"text-align: justify;\"><strong><a href=\"https:\/\/www.jdroadtrip.tv\/blog\/portrait-deborah-expatriee-en-irlande\/\" target=\"_blank\" rel=\"noopener\">Expatri\u00e9e en Irlande<\/a><\/strong><\/li><li style=\"text-align: justify;\"><strong><a href=\"https:\/\/www.jdroadtrip.tv\/blog\/voyager-pour-aider\/\" target=\"_blank\" rel=\"noopener\">Voyager pour aider<\/a><\/strong><\/li><li style=\"text-align: justify;\"><strong><a href=\"https:\/\/www.jdroadtrip.tv\/blog\/celine-baroudeuse-et-amours-de-voyage\/\" target=\"_blank\" rel=\"noopener\">Amours de voyage<\/a><\/strong><\/li><li style=\"text-align: justify;\"><strong><a href=\"https:\/\/www.jdroadtrip.tv\/blog\/angeline-fait-le-tour-du-monde-des-saveurs\/\" target=\"_blank\" rel=\"noopener\">Tour du monde des saveurs<\/a><\/strong><\/li><li style=\"text-align: justify;\"><strong><a href=\"https:\/\/www.jdroadtrip.tv\/blog\/portrait-clouzote-partir-vivre-au-canada\/\" target=\"_blank\" rel=\"noopener\">Partir vivre au Canada<\/a><\/strong><\/li><li style=\"text-align: justify;\"><strong><a href=\"https:\/\/www.jdroadtrip.tv\/blog\/portrait-de-julie-voyageuse-dans-lame\/\" target=\"_blank\" rel=\"noopener\">Voyageuse dans l&rsquo;\u00e2me<\/a><\/strong><\/li><li><strong><a href=\"https:\/\/www.jdroadtrip.tv\/blog\/portrait-deborah-stage-au-canada-6-mois\/\" target=\"_blank\" rel=\"noopener\">Stage au Canada<\/a><\/strong><\/li><\/ul>\t\t\t\t\t\t\t\t<\/div>\n\t\t\t\t<\/div>\n\t\t\t\t\t<\/div>\n\t\t<\/div>\n\t\t\t\t\t<\/div>\n\t\t<\/section>\n\t\t\t\t<div class=\"elementor-element elementor-element-2ddd7ad elementor-widget elementor-widget-text-editor\" data-id=\"2ddd7ad\" data-element_type=\"widget\" data-widget_type=\"text-editor.default\">\n\t\t\t\t<div class=\"elementor-widget-container\">\n\t\t\t\t\t\t\t\t\t<p style=\"text-align: justify;\">J\u2019ai toujours voyag\u00e9 avec ce petit boulet au pied, et pour l\u2019instant je n\u2019ai pas une forme trop active de la maladie (touchez du bois pour moi les filles !), je peux donc voyager avec une maladie comme j\u2019en ai envie ! J\u2019ai juste une l\u00e9g\u00e8re faiblesse musculaire \u00e0 la jambe gauche, et de temps en temps de gros coups de fatigue, mais finalement, <strong>c\u2019est ce qui me pousse \u00e0 aller toujours plus loin et plus haut<\/strong>\u00a0: j\u2019ai fait du parapente, l\u2019ascension du Mont Fuji de nuit, le Piton de la Fournaise\u2026.<\/p><p style=\"text-align: justify;\"><strong>Ma SEP, c\u2019est mon moteur pour tout dans la vie, pour avancer, et regarder toujours loin devant\u2026<\/strong> on a en nous des ressources insoup\u00e7onn\u00e9es, c\u2019est ce que cette maladie m\u2019apprend depuis 14 ans. Je ne sais pas comment elle \u00e9voluera, aussi je profite de chaque minute, chaque seconde\u2026<\/p><p style=\"text-align: justify;\">Je ne me dis pas des choses du genre\u00a0: \u00ab\u00a0oui bon je verrais plus tard, dans deux ou trois ans\u00a0\u00bb ou \u00ab\u00a0je voyagerai quand je serai \u00e0 la retraite\u00a0\u00bb\u2026 <strong>Je pars toujours du principe que la vie est courte, et la mienne se compliquera peut-\u00eatre d\u2019ici quelques ann\u00e9es, donc ma t\u00eate fourmille de projets en permanence\u00a0!<\/strong><\/p>\t\t\t\t\t\t\t\t<\/div>\n\t\t\t\t<\/div>\n\t\t\t\t<div class=\"elementor-element elementor-element-3aab746 elementor-widget elementor-widget-image\" data-id=\"3aab746\" data-element_type=\"widget\" data-widget_type=\"image.default\">\n\t\t\t\t<div class=\"elementor-widget-container\">\n\t\t\t\t\t\t\t\t\t\t\t\t\t\t\t<img fetchpriority=\"high\" decoding=\"async\" width=\"1000\" height=\"750\" src=\"https:\/\/www.jdroadtrip.tv\/blog\/wp-content\/uploads\/2017\/01\/Delphine05-e1484310665790.jpg\" class=\"attachment-full size-full wp-image-21060\" alt=\"\" srcset=\"https:\/\/www.jdroadtrip.tv\/blog\/wp-content\/uploads\/2017\/01\/Delphine05-e1484310665790.jpg 1000w, https:\/\/www.jdroadtrip.tv\/blog\/wp-content\/uploads\/2017\/01\/Delphine05-e1484310665790-300x225.jpg 300w, https:\/\/www.jdroadtrip.tv\/blog\/wp-content\/uploads\/2017\/01\/Delphine05-e1484310665790-800x600.jpg 800w, https:\/\/www.jdroadtrip.tv\/blog\/wp-content\/uploads\/2017\/01\/Delphine05-e1484310665790-250x188.jpg 250w, https:\/\/www.jdroadtrip.tv\/blog\/wp-content\/uploads\/2017\/01\/Delphine05-e1484310665790-768x576.jpg 768w, https:\/\/www.jdroadtrip.tv\/blog\/wp-content\/uploads\/2017\/01\/Delphine05-e1484310665790-585x439.jpg 585w\" sizes=\"(max-width: 1000px) 100vw, 1000px\" \/>\t\t\t\t\t\t\t\t\t\t\t\t\t\t\t<\/div>\n\t\t\t\t<\/div>\n\t\t\t\t<div class=\"elementor-element elementor-element-b93ee26 elementor-widget-divider--view-line elementor-widget elementor-widget-global elementor-global-41411 elementor-widget-divider\" data-id=\"b93ee26\" data-element_type=\"widget\" data-widget_type=\"divider.default\">\n\t\t\t\t<div class=\"elementor-widget-container\">\n\t\t\t\t\t\t\t<div class=\"elementor-divider\">\n\t\t\t<span class=\"elementor-divider-separator\">\n\t\t\t\t\t\t<\/span>\n\t\t<\/div>\n\t\t\t\t\t\t<\/div>\n\t\t\t\t<\/div>\n\t\t\t\t\t<\/div>\n\t\t<\/div>\n\t\t\t\t\t<\/div>\n\t\t<\/section>\n\t\t\t\t<section class=\"elementor-section elementor-top-section elementor-element elementor-element-16758da elementor-section-boxed elementor-section-height-default elementor-section-height-default\" data-id=\"16758da\" data-element_type=\"section\">\n\t\t\t\t\t\t<div class=\"elementor-container elementor-column-gap-default\">\n\t\t\t\t\t<div class=\"elementor-column elementor-col-100 elementor-top-column elementor-element elementor-element-4d265b2\" data-id=\"4d265b2\" data-element_type=\"column\">\n\t\t\t<div class=\"elementor-widget-wrap elementor-element-populated\">\n\t\t\t\t\t\t<div class=\"elementor-element elementor-element-050cd95 elementor-widget elementor-widget-text-editor\" data-id=\"050cd95\" data-element_type=\"widget\" data-widget_type=\"text-editor.default\">\n\t\t\t\t<div class=\"elementor-widget-container\">\n\t\t\t\t\t\t\t\t\t<h3 style=\"text-align: justify;\">Depuis quand voyages-tu\u00a0? Quel a \u00e9t\u00e9 ton premier voyage\u00a0?<\/h3><p style=\"text-align: justify;\"><img decoding=\"async\" class=\"wp-image-21061 alignright\" src=\"https:\/\/www.jdroadtrip.tv\/blog\/wp-content\/uploads\/2017\/01\/Delphine06-e1484310630657.jpg\" alt=\"voyager avec une maladie\" width=\"399\" height=\"600\" srcset=\"https:\/\/www.jdroadtrip.tv\/blog\/wp-content\/uploads\/2017\/01\/Delphine06-e1484310630657.jpg 665w, https:\/\/www.jdroadtrip.tv\/blog\/wp-content\/uploads\/2017\/01\/Delphine06-e1484310630657-200x300.jpg 200w, https:\/\/www.jdroadtrip.tv\/blog\/wp-content\/uploads\/2017\/01\/Delphine06-e1484310630657-399x600.jpg 399w, https:\/\/www.jdroadtrip.tv\/blog\/wp-content\/uploads\/2017\/01\/Delphine06-e1484310630657-133x200.jpg 133w, https:\/\/www.jdroadtrip.tv\/blog\/wp-content\/uploads\/2017\/01\/Delphine06-e1484310630657-585x880.jpg 585w\" sizes=\"(max-width: 399px) 100vw, 399px\" \/><\/p><p style=\"text-align: justify;\">Je voyage depuis 2011. <strong>Mon premier voyage a \u00e9t\u00e9 le Mexique<\/strong>, mais pas seule, j\u2019\u00e9tais en couple. \u00c7a restera un des meilleurs voyages de ma vie, car on avait simplement pris les billets d\u2019avion et r\u00e9serv\u00e9 notre premi\u00e8re nuit d\u2019h\u00f4tel, et malgr\u00e9 toutes les mises en garde que nous avons eues concernant le pays, nous avons pass\u00e9 3 semaines magiques ! (enfin sauf l\u2019\u00e9pisode tourista pour moi, mais j\u2019en parle plus loin\u00a0!).<\/p><p style=\"text-align: justify;\">Finalement, j\u2019ai commenc\u00e9 \u00e0 voyager tard, car j\u2019avais vraiment peur de l\u2019aventure en solo, et j\u2019ai attendu d\u2019\u00eatre en couple pour voyager. <strong>Et d\u00e8s ce premier p\u00e9riple au Mexique, j\u2019ai compl\u00e8tement \u00e9t\u00e9 gagn\u00e9e par la magie du voyage\u00a0!<\/strong> C\u2019est devenu une \u00e9vidence. Je n\u2019ai plus con\u00e7u ma vie sans projet de voyage apr\u00e8s ce premier\u00a0!<\/p><h3 style=\"text-align: justify;\">O\u00f9 as-tu voyag\u00e9\u00a0? Quels pays t\u2019as le plus marqu\u00e9s ?<\/h3><p style=\"text-align: justify;\">Avec mon ex j\u2019ai fait\u00a0: le Mexique, le Japon, l\u2019\u00eele de la R\u00e9union, la Corse, la Mongolie.<\/p><p style=\"text-align: justify;\"><strong>La Mongolie a \u00e9t\u00e9 une exp\u00e9rience extraordinaire !<\/strong> J\u2019ai eu la chance d\u2019y aller \u00e0 l\u2019occasion du mariage de mon cousin (il vit avec une Mongole en France, et ils ont c\u00e9l\u00e9br\u00e9 un mariage l\u00e0-bas et un autre en France). Nous avons \u00e9t\u00e9 re\u00e7us par la belle-famille de mon cousin en Mongolie, donc en immersion totale avec des locaux pendant 3 semaines\u00a0!!<\/p><p style=\"text-align: justify;\">J\u2019ai mang\u00e9 des yeux de mouton, gout\u00e9 un p\u2019tit bout de coucougnettes de mouton, fait un road trip d\u2019une semaine dans la steppe et le d\u00e9sert de Gobi, dormi chez des nomades, assist\u00e9 \u00e0 une belle c\u00e9r\u00e9monie de demande de main, et bien s\u00fbr \u00e0 un magnifique mariage\u2026 <strong>Un sacr\u00e9 choc culturel, mais un voyage g\u00e9nial\u00a0!!<\/strong><\/p><p style=\"text-align: justify;\">Seule\u00a0: New York, Rome, Venise\u00a0; je vais en Tha\u00eflande en f\u00e9vrier 2017, et j\u2019esp\u00e8re en Namibie en ao\u00fbt 2017.<\/p>\t\t\t\t\t\t\t\t<\/div>\n\t\t\t\t<\/div>\n\t\t\t\t<div class=\"elementor-element elementor-element-59346ac elementor-widget elementor-widget-text-editor\" data-id=\"59346ac\" data-element_type=\"widget\" data-widget_type=\"text-editor.default\">\n\t\t\t\t<div class=\"elementor-widget-container\">\n\t\t\t\t\t\t\t\t\t<h3 style=\"text-align: justify;\">Quel a \u00e9t\u00e9 le d\u00e9clic de voyager en solo ?<\/h3><p style=\"text-align: justify;\">Mon divorce\u00a0: d\u00e9clic pour voyager en solo, mon p\u00e9riple au Mexique\u00a0: d\u00e9clic pour voyager tout court.<\/p><p style=\"text-align: justify;\">Id\u00e9alement, je pr\u00e9f\u00e8re partager la magie d\u2019un voyage avec quelqu\u2019un, mais <strong>mes voyages en solo \u00e0 <a href=\"https:\/\/www.jdroadtrip.tv\/blog\/category\/etats-unis\/new-york\/\" target=\"_blank\" rel=\"noopener noreferrer\">New York<\/a> et \u00e0 <a href=\"https:\/\/www.jdroadtrip.tv\/blog\/category\/europe\/italie\/\" target=\"_blank\" rel=\"noopener noreferrer\">Rome<\/a> m\u2019ont tellement enchant\u00e9e, que j\u2019ai vite compris que je ne pourrai me construire et construire ma vie sans voyages<\/strong>. Alors la Tha\u00eflande, ce sera mon premier \u00ab\u00a0gros\u00a0\u00bb p\u00e9riple seule, et m\u00eame si j\u2019appr\u00e9hende un peu, j\u2019ai tellement h\u00e2te en m\u00eame temps ! Je suis d\u00e9j\u00e0 en train de penser aux voyages que je ferai en 2018\u00a0!<\/p><p style=\"text-align: justify;\">Par ailleurs j\u2019ai fait S\u00e9ville et Venise avec ma s\u0153ur, et ces deux voyages feront partie de mes meilleurs souvenirs\u00a0!! Ces deux p\u00e9riples ont \u00e9t\u00e9 \u00e0 chaque fois une superbe aventure entre s\u0153urs, j\u2019ai ador\u00e9 voyager avec \u00ab\u00a0ma buchette des bois\u00a0\u00bb.<\/p>\t\t\t\t\t\t\t\t<\/div>\n\t\t\t\t<\/div>\n\t\t\t\t<div class=\"elementor-element elementor-element-c396fda elementor-widget-divider--view-line elementor-widget elementor-widget-global elementor-global-41411 elementor-widget-divider\" data-id=\"c396fda\" data-element_type=\"widget\" data-widget_type=\"divider.default\">\n\t\t\t\t<div class=\"elementor-widget-container\">\n\t\t\t\t\t\t\t<div class=\"elementor-divider\">\n\t\t\t<span class=\"elementor-divider-separator\">\n\t\t\t\t\t\t<\/span>\n\t\t<\/div>\n\t\t\t\t\t\t<\/div>\n\t\t\t\t<\/div>\n\t\t\t\t\t<\/div>\n\t\t<\/div>\n\t\t\t\t\t<\/div>\n\t\t<\/section>\n\t\t\t\t<section class=\"elementor-section elementor-top-section elementor-element elementor-element-34c88e6 elementor-section-boxed elementor-section-height-default elementor-section-height-default\" data-id=\"34c88e6\" data-element_type=\"section\">\n\t\t\t\t\t\t<div class=\"elementor-container elementor-column-gap-default\">\n\t\t\t\t\t<div class=\"elementor-column elementor-col-100 elementor-top-column elementor-element elementor-element-8767715\" data-id=\"8767715\" data-element_type=\"column\">\n\t\t\t<div class=\"elementor-widget-wrap elementor-element-populated\">\n\t\t\t\t\t\t<div class=\"elementor-element elementor-element-fc9f432 elementor-widget elementor-widget-text-editor\" data-id=\"fc9f432\" data-element_type=\"widget\" data-widget_type=\"text-editor.default\">\n\t\t\t\t<div class=\"elementor-widget-container\">\n\t\t\t\t\t\t\t\t\t<h3 style=\"text-align: justify;\">Raconte-nous un mauvais souvenir de voyage, mais qui te fait rire aujourd\u2019hui\u2009?<\/h3><p style=\"text-align: justify;\">La tourista \u00e0 Mexico ! Et bien celle-l\u00e0\u2026 Je ne l\u2019ai pas vu venir, mais je l\u2019ai bien sentie passer\u00a0!! <strong>Il a suffi de quelques gla\u00e7ons dans mon verre<\/strong> (je ne les avais pas vus ils \u00e9taient cach\u00e9s par le coca les p\u2019tits malins !) que j\u2019ai bu d\u2019une traite tellement j\u2019avais soif\u2026 et l\u00e0\u2026 C\u2019est le drame\u2026 J\u2019ai vu les gla\u00e7ons\u2026 Me suis dite \u00ab\u00a0ho merde\u00a0\u00bb \u2026. Effectivement quelques minutes plus tard j\u2019\u00e9tais en plein dedans\u2026<\/p><p style=\"text-align: justify;\">Heureusement <strong>j\u2019ai appel\u00e9 l\u2019ambassade de France \u00e0 Mexico pour avoir le nom d\u2019un m\u00e9decin agr\u00e9\u00e9<\/strong>. M\u00e9decin \u00e0 qui je me suis efforc\u00e9e d\u2019expliquer mon probl\u00e8me en espagnol pas tr\u00e8s facile, pour entendre au bout de quelques secondes \u00ab\u00a0ha oui, bonjour, je parle fran\u00e7ais, bon ba vous avez la tourista apparemment\u00a0!!\u00a0\u00bb Bien vu doc\u00a0! Antibio et hop hop hop on est reparti\u00a0!<\/p><h3 style=\"text-align: justify;\">Comment pr\u00e9pares-tu ton voyage\u00a0? (R\u00e9servation \u00e0 l\u2019avance\u00a0? Au jour le jour\u00a0? &#8230;)<\/h3><p style=\"text-align: justify;\">Dans chaque voyage, il y a en fait deux voyages pour moi\u00a0: le premier que je fais virtuellement en lisant des blogs, des guides papier, c\u2019est d\u00e9j\u00e0 une premi\u00e8re fa\u00e7on de voyager dans le pays, de s\u2019impr\u00e9gner de sa culture\u2026<\/p><p style=\"text-align: justify;\">Ensuite il y a le voyage \u00e0 proprement parler.<\/p><p style=\"text-align: justify;\"><strong>Les blogs de voyage sont pour moi incontournables<\/strong>, ils sont un vrai relais des guides papier (j\u2019ai une pr\u00e9f\u00e9rence pour le Routard), et donnent souvent de tr\u00e8s bons plans h\u00e9bergements\/activit\u00e9s qu\u2019on ne trouve pas dans les guides. Apr\u00e8s, le groupe facebook<strong><a href=\"https:\/\/www.facebook.com\/groups\/Voyageraufeminin\" target=\"_blank\" rel=\"noopener noreferrer\"> voyager au f\u00e9minin en sac \u00e0 dos<\/a><\/strong> que Jenny a fond\u00e9 est maintenant pour moi un incontournable\u00a0! Une mine d\u2019informations incroyables\u00a0!<\/p><p style=\"text-align: justify;\"><img decoding=\"async\" class=\" wp-image-21059 alignright\" src=\"https:\/\/www.jdroadtrip.tv\/blog\/wp-content\/uploads\/2017\/01\/Delphine03-e1484310693393.jpg\" alt=\"\" width=\"533\" height=\"400\" srcset=\"https:\/\/www.jdroadtrip.tv\/blog\/wp-content\/uploads\/2017\/01\/Delphine03-e1484310693393.jpg 1000w, https:\/\/www.jdroadtrip.tv\/blog\/wp-content\/uploads\/2017\/01\/Delphine03-e1484310693393-300x225.jpg 300w, https:\/\/www.jdroadtrip.tv\/blog\/wp-content\/uploads\/2017\/01\/Delphine03-e1484310693393-800x600.jpg 800w, https:\/\/www.jdroadtrip.tv\/blog\/wp-content\/uploads\/2017\/01\/Delphine03-e1484310693393-250x188.jpg 250w, https:\/\/www.jdroadtrip.tv\/blog\/wp-content\/uploads\/2017\/01\/Delphine03-e1484310693393-768x576.jpg 768w, https:\/\/www.jdroadtrip.tv\/blog\/wp-content\/uploads\/2017\/01\/Delphine03-e1484310693393-585x439.jpg 585w\" sizes=\"(max-width: 533px) 100vw, 533px\" \/>Pour les r\u00e9servations, \u00e7a d\u00e9pend du pays. Pour New York, Rome et <strong><a href=\"https:\/\/www.jdroadtrip.tv\/blog\/visiter-venise-en-3-jours\/\" target=\"_blank\" rel=\"noopener\">Venise<\/a><\/strong>, j\u2019avais r\u00e9serv\u00e9 tous les h\u00e9bergements \u00e0 l\u2019avance, car je ne voulais pas perdre de temps avec \u00e7a sur place et aussi prendre le risque que plus aucun logement bon march\u00e9 soit disponible, et qu\u2019il ne me reste au final que des trucs \u00e0 des prix exorbitants\u00a0!<\/p><p style=\"text-align: justify;\">Pour la Tha\u00eflande par exemple, je n\u2019ai r\u00e9serv\u00e9 que mes 3 premi\u00e8res nuits \u00e0 Bangkok, et pour le reste du parcours je verrai sur place, car les h\u00e9bergements en Tha\u00eflande sont tr\u00e8s bons march\u00e9, et surtout il y a une offre tr\u00e8s large\u00a0!!!<\/p><p style=\"text-align: justify;\">Pour la Namibie, c\u2019est une autre histoire\u2026Il est plus difficile d\u2019improviser le voyage sur place, car il n\u2019y a pas une tonne d\u2019infrastructures touristiques, et les transports ne sont pas d\u00e9velopp\u00e9s comme en Tha\u00eflande ou \u00e0 New York par exemple. L\u2019id\u00e9al est de louer une voiture, mais n\u2019ayant pas le permis j\u2019ai donc besoin de quelqu\u2019un qui me fasse office de chauffeur et guide sur place\u2026 et en plus je n\u2019ai pas du tout envie de me joindre \u00e0 un groupe\u2026 probl\u00e8me\u2026<\/p><p style=\"text-align: justify;\">Finalement, j\u2019ai vu un reportage sur le pays (\u00ab Echapp\u00e9es belles \u00bb) dans lequel il parlait d\u2019un fran\u00e7ais, qui habitait l\u00e0-bas, et qui organisait des trips sur mesure dans le pays\u2026 je l\u2019ai contact\u00e9 en lui expliquant mon projet de voyage, et nous en sommes au stade des devis pour l\u2019instant..<\/p>\t\t\t\t\t\t\t\t<\/div>\n\t\t\t\t<\/div>\n\t\t\t\t<div class=\"elementor-element elementor-element-383ae8e elementor-widget-divider--view-line elementor-widget elementor-widget-global elementor-global-41411 elementor-widget-divider\" data-id=\"383ae8e\" data-element_type=\"widget\" data-widget_type=\"divider.default\">\n\t\t\t\t<div class=\"elementor-widget-container\">\n\t\t\t\t\t\t\t<div class=\"elementor-divider\">\n\t\t\t<span class=\"elementor-divider-separator\">\n\t\t\t\t\t\t<\/span>\n\t\t<\/div>\n\t\t\t\t\t\t<\/div>\n\t\t\t\t<\/div>\n\t\t\t\t\t<\/div>\n\t\t<\/div>\n\t\t\t\t\t<\/div>\n\t\t<\/section>\n\t\t\t\t<section class=\"elementor-section elementor-top-section elementor-element elementor-element-e467964 elementor-section-boxed elementor-section-height-default elementor-section-height-default\" data-id=\"e467964\" data-element_type=\"section\">\n\t\t\t\t\t\t<div class=\"elementor-container elementor-column-gap-default\">\n\t\t\t\t\t<div class=\"elementor-column elementor-col-100 elementor-top-column elementor-element elementor-element-41a90e1\" data-id=\"41a90e1\" data-element_type=\"column\">\n\t\t\t<div class=\"elementor-widget-wrap elementor-element-populated\">\n\t\t\t\t\t\t<div class=\"elementor-element elementor-element-386c7e0 elementor-widget elementor-widget-text-editor\" data-id=\"386c7e0\" data-element_type=\"widget\" data-widget_type=\"text-editor.default\">\n\t\t\t\t<div class=\"elementor-widget-container\">\n\t\t\t\t\t\t\t\t\t<h3 style=\"text-align: justify;\">Auberge de jeunesse ou h\u00f4tel\u00a0? Avion ou bus\u00a0? dis-nous tout sur ta fa\u00e7on de voyager \u2026<\/h3><p style=\"text-align: justify;\">Je suis plut\u00f4t auberge de jeunesse, mais dans des dortoirs doubles ou max 4 personnes. J\u2019ai exp\u00e9riment\u00e9 un dortoir de 12 nanas \u00e0 New York, Ho My God, je n\u2019ai pratiquement pas ferm\u00e9 l\u2019\u0153il pendant 8 jours\u00a0.<\/p><p style=\"text-align: justify;\"><img loading=\"lazy\" decoding=\"async\" class=\"wp-image-21065 size-full alignright\" src=\"https:\/\/www.jdroadtrip.tv\/blog\/wp-content\/uploads\/2017\/01\/Delphine09.png\" alt=\"voyager avec une maladie\" width=\"548\" height=\"411\" srcset=\"https:\/\/www.jdroadtrip.tv\/blog\/wp-content\/uploads\/2017\/01\/Delphine09.png 548w, https:\/\/www.jdroadtrip.tv\/blog\/wp-content\/uploads\/2017\/01\/Delphine09-300x225.png 300w, https:\/\/www.jdroadtrip.tv\/blog\/wp-content\/uploads\/2017\/01\/Delphine09-250x188.png 250w\" sizes=\"(max-width: 548px) 100vw, 548px\" \/><\/p><p style=\"text-align: justify;\">Apr\u00e8s je pr\u00e9f\u00e8re encore le logement chez l\u2019habitant. Les h\u00f4tels ce n\u2019est pas trop mon truc, trop impersonnel \u00e0 mon go\u00fbt\u00a0! Les auberges de jeunesse offrent maintenant toutes plein de service pour nous faciliter la vie et le voyage, franchement j\u2019adore\u00a0!<\/p><p style=\"text-align: justify;\">J\u2019essaie de perdre un minimum de temps dans les transports, je privil\u00e9gie toujours la voie la plus rapide, m\u00eame si \u00e7a me co\u00fbte un peu plus cher. L\u2019avion ne me fait pas peur, par contre le bateau\u2026 no way\u2026 j\u2019ai trop peur\u00a0\u00a0(c\u2019est vraiment quand je n\u2019ai pas le choix\u00a0!).<\/p><p style=\"text-align: justify;\"><strong>Je voyage assez l\u00e9ger en g\u00e9n\u00e9ral,<\/strong> <strong>j\u2019avais 9 kg pour 3 semaines au Japon<\/strong>. Autant j\u2019ai 150\u00a0000 paires de chaussures chez moi et tout plein de rouge \u00e0 l\u00e8vres, autant quand je pars en voyage je n\u2019emporte que le strict minimum (une paire de tongs et une paire de chaussures de rando, 2 ou 3 shorts, 2 pantalons\u2026. Une cr\u00e8me qui fait tout\u2026 et surtout une bonne pharmacie\u00a0!).<\/p><p style=\"text-align: justify;\"><strong>Apr\u00e8s je suis plut\u00f4t du genre \u00e0 me lever \u00e0 6h du mat pour aller visiter un site tranquillement ou faire une rando \u00e0 la fra\u00eeche, plut\u00f4t que grasse matin\u00e9e\u00a0!<\/strong><\/p><h3 style=\"text-align: justify;\">Et pour finir\u2026 Quels conseils donnerais-tu aux filles qui n\u2019osent pas partir seules et qui n\u2019osent pas sauter le pas pour voyager\u00a0?<\/h3><p style=\"text-align: justify;\">Le voyage est un vrai d\u00e9passement de soi pour moi, que ce soit physique ou mental. Et qu\u2019on parte seule ou pas, tout voyage ouvre l\u2019esprit, le corps. <strong>Apr\u00e8s chaque s\u00e9jour \u00e0 l\u2019\u00e9tranger, je suis revenue plus riche de toutes ses cultures diff\u00e9rentes que j\u2019avais c\u00f4toy\u00e9es, de toutes ces personnes que j\u2019avais rencontr\u00e9es, de tous ces paysages que j\u2019avais admir\u00e9s, et de ces modes de vie que j\u2019avais exp\u00e9riment\u00e9s.<\/strong> Apr\u00e8s chaque p\u00e9riple, je n\u2019\u00e9tais plus tout \u00e0 fait la m\u00eame. Mais \u00e0 chaque fois par contre, j\u2019\u00e9tais heureuse de rentrer chez moi et de retrouver les miens, pour partager toutes ces choses incroyables que j\u2019avais v\u00e9cues.<\/p><p style=\"text-align: justify;\">Les voyages ne sont pas toujours de belles aventures, il y en a pour qui \u00e7a peut laisser des souvenirs plut\u00f4t n\u00e9gatifs, mais je pense que ce genre d\u2019aventures nous fait aussi grandir d\u2019une certaine mani\u00e8re. <strong>On en tire des le\u00e7ons, on avance, on se plante encore, et parfois on vit des choses extraordinaires.<\/strong><\/p><blockquote><p style=\"text-align: justify;\"><strong><span style=\"font-size: 18pt;\">Les voyagent nous permettent de vivre plusieurs vies dans une vie\u00a0!<\/span><\/strong><\/p><\/blockquote>\t\t\t\t\t\t\t\t<\/div>\n\t\t\t\t<\/div>\n\t\t\t\t<div class=\"elementor-element elementor-element-cf57668 elementor-widget-divider--view-line elementor-widget elementor-widget-global elementor-global-41411 elementor-widget-divider\" data-id=\"cf57668\" data-element_type=\"widget\" data-widget_type=\"divider.default\">\n\t\t\t\t<div class=\"elementor-widget-container\">\n\t\t\t\t\t\t\t<div class=\"elementor-divider\">\n\t\t\t<span class=\"elementor-divider-separator\">\n\t\t\t\t\t\t<\/span>\n\t\t<\/div>\n\t\t\t\t\t\t<\/div>\n\t\t\t\t<\/div>\n\t\t\t\t<div class=\"elementor-element elementor-element-d782ab4 elementor-widget elementor-widget-text-editor\" data-id=\"d782ab4\" data-element_type=\"widget\" data-widget_type=\"text-editor.default\">\n\t\t\t\t<div class=\"elementor-widget-container\">\n\t\t\t\t\t\t\t\t\t<h3 style=\"text-align: justify;\">Si tu as un blog ou tu es sur un r\u00e9seau social o\u00f9 tu parle de comment voyager avec une maladie ?<\/h3><p style=\"text-align: justify;\">Pas encore, mais je r\u00e9fl\u00e9chis \u00e0 la cr\u00e9ation d\u2019un blog, o\u00f9 j\u2019expliquerais comment je fais pour voyager avec une maladie, o\u00f9 je raconterais tous mes p\u00e9riples \u00e0 l\u2019\u00e9tranger en d\u00e9tail, pour encourager ceux qui ont des soucis de sant\u00e9 et qui n\u2019osent pas se lancer dans l\u2019aventure des voyages \u00e0 aller de l\u2019avant et \u00e0 foncer !!! On se fixe parfois bien plus de limites que notre corps lui-m\u00eame nous en impose\u00a0! Je vous souhaite \u00e0 toutes de merveilleux voyages\u00a0!!!<\/p>\t\t\t\t\t\t\t\t<\/div>\n\t\t\t\t<\/div>\n\t\t\t\t<div class=\"elementor-element elementor-element-b502182 elementor-widget-divider--view-line elementor-widget elementor-widget-global elementor-global-41411 elementor-widget-divider\" data-id=\"b502182\" data-element_type=\"widget\" data-widget_type=\"divider.default\">\n\t\t\t\t<div class=\"elementor-widget-container\">\n\t\t\t\t\t\t\t<div class=\"elementor-divider\">\n\t\t\t<span class=\"elementor-divider-separator\">\n\t\t\t\t\t\t<\/span>\n\t\t<\/div>\n\t\t\t\t\t\t<\/div>\n\t\t\t\t<\/div>\n\t\t\t\t<div class=\"elementor-element elementor-element-fe26ad6 elementor-widget elementor-widget-text-editor\" data-id=\"fe26ad6\" data-element_type=\"widget\" data-widget_type=\"text-editor.default\">\n\t\t\t\t<div class=\"elementor-widget-container\">\n\t\t\t\t\t\t\t\t\t<p style=\"text-align: justify;\"><strong>Si vous avez des questions sur la situation de voyager avec une maladie, n\u2019h\u00e9sitez pas \u00e0 laisser votre commentaire, il peut int\u00e9resser pleins de personnes et si vous \u00eates une femme qui voyagent et que vous recherchez des informations, rejoignez le groupe Facebook de voyage 100% f\u00e9minin \u2009<a href=\"https:\/\/www.facebook.com\/groups\/Voyageraufeminin\/\" target=\"_blank\" rel=\"noopener noreferrer\">Voyager au f\u00e9minin en sac \u00e0 dos<\/a>\u2009.<\/strong><\/p>\t\t\t\t\t\t\t\t<\/div>\n\t\t\t\t<\/div>\n\t\t\t\t\t<\/div>\n\t\t<\/div>\n\t\t\t\t\t<\/div>\n\t\t<\/section>\n\t\t\t\t<\/div>\n\t\t","protected":false},"excerpt":{"rendered":"<p>Portrait de Delphine, voyager avec une maladie c&rsquo;est possible ! Delphine, atteinte d&rsquo;une scl\u00e9rose en plaques depuis 14ans nous prouve qu&rsquo;il possible de voyager avec une maladie, c&rsquo;est possible. Rien ne pourra l&#8217;emp\u00eacher de r\u00e9aliser ses r\u00eaves ! Si toi aussi tu voyages seule, entre copines en sac \u00e0 dos et que tu souhaites faire [&hellip;]<\/p>\n","protected":false},"author":1,"featured_media":21063,"comment_status":"open","ping_status":"open","sticky":false,"template":"","format":"standard","meta":{"ocean_post_layout":"","ocean_both_sidebars_style":"","ocean_both_sidebars_content_width":0,"ocean_both_sidebars_sidebars_width":0,"ocean_sidebar":"","ocean_second_sidebar":"","ocean_disable_margins":"enable","ocean_add_body_class":"","ocean_shortcode_before_top_bar":"","ocean_shortcode_after_top_bar":"","ocean_shortcode_before_header":"","ocean_shortcode_after_header":"","ocean_has_shortcode":"","ocean_shortcode_after_title":"","ocean_shortcode_before_footer_widgets":"","ocean_shortcode_after_footer_widgets":"","ocean_shortcode_before_footer_bottom":"","ocean_shortcode_after_footer_bottom":"","ocean_display_top_bar":"default","ocean_display_header":"default","ocean_header_style":"","ocean_center_header_left_menu":"","ocean_custom_header_template":"","ocean_custom_logo":0,"ocean_custom_retina_logo":0,"ocean_custom_logo_max_width":0,"ocean_custom_logo_tablet_max_width":0,"ocean_custom_logo_mobile_max_width":0,"ocean_custom_logo_max_height":0,"ocean_custom_logo_tablet_max_height":0,"ocean_custom_logo_mobile_max_height":0,"ocean_header_custom_menu":"","ocean_menu_typo_font_family":"","ocean_menu_typo_font_subset":"","ocean_menu_typo_font_size":0,"ocean_menu_typo_font_size_tablet":0,"ocean_menu_typo_font_size_mobile":0,"ocean_menu_typo_font_size_unit":"px","ocean_menu_typo_font_weight":"","ocean_menu_typo_font_weight_tablet":"","ocean_menu_typo_font_weight_mobile":"","ocean_menu_typo_transform":"","ocean_menu_typo_transform_tablet":"","ocean_menu_typo_transform_mobile":"","ocean_menu_typo_line_height":0,"ocean_menu_typo_line_height_tablet":0,"ocean_menu_typo_line_height_mobile":0,"ocean_menu_typo_line_height_unit":"","ocean_menu_typo_spacing":0,"ocean_menu_typo_spacing_tablet":0,"ocean_menu_typo_spacing_mobile":0,"ocean_menu_typo_spacing_unit":"","ocean_menu_link_color":"","ocean_menu_link_color_hover":"","ocean_menu_link_color_active":"","ocean_menu_link_background":"","ocean_menu_link_hover_background":"","ocean_menu_link_active_background":"","ocean_menu_social_links_bg":"","ocean_menu_social_hover_links_bg":"","ocean_menu_social_links_color":"","ocean_menu_social_hover_links_color":"","ocean_disable_title":"default","ocean_disable_heading":"default","ocean_post_title":"","ocean_post_subheading":"","ocean_post_title_style":"","ocean_post_title_background_color":"","ocean_post_title_background":0,"ocean_post_title_bg_image_position":"","ocean_post_title_bg_image_attachment":"","ocean_post_title_bg_image_repeat":"","ocean_post_title_bg_image_size":"","ocean_post_title_height":0,"ocean_post_title_bg_overlay":0.5,"ocean_post_title_bg_overlay_color":"","ocean_disable_breadcrumbs":"default","ocean_breadcrumbs_color":"","ocean_breadcrumbs_separator_color":"","ocean_breadcrumbs_links_color":"","ocean_breadcrumbs_links_hover_color":"","ocean_display_footer_widgets":"default","ocean_display_footer_bottom":"default","ocean_custom_footer_template":"","ocean_post_oembed":"","ocean_post_self_hosted_media":"","ocean_post_video_embed":"","ocean_link_format":"","ocean_link_format_target":"self","ocean_quote_format":"","ocean_quote_format_link":"post","ocean_gallery_link_images":"on","ocean_gallery_id":[],"footnotes":""},"categories":[10561],"tags":[],"table_tags":[],"class_list":["post-21055","post","type-post","status-publish","format-standard","has-post-thumbnail","hentry","category-voyager-seule","entry","has-media"],"yoast_head":"<!-- This site is optimized with the Yoast SEO Premium plugin v25.9 (Yoast SEO v25.9) - https:\/\/yoast.com\/wordpress\/plugins\/seo\/ -->\n<title>Portrait de Delphine, voyager avec une maladie - JDroadtrip.tv<\/title>\n<meta name=\"description\" content=\"Delphine nous raconte comment voyager avec une maladie, elle est atteinte d&#039;une scl\u00e9rose en plaques depuis 14ans et r\u00e9alise ses r\u00eaves.\" \/>\n<meta name=\"robots\" content=\"index, follow, max-snippet:-1, max-image-preview:large, max-video-preview:-1\" \/>\n<link rel=\"canonical\" href=\"https:\/\/www.jdroadtrip.tv\/blog\/portrait-delphine-voyager-avec-une-maladie\/\" \/>\n<meta property=\"og:locale\" content=\"fr_FR\" \/>\n<meta property=\"og:type\" content=\"article\" \/>\n<meta property=\"og:title\" content=\"Portrait de Delphine, voyager avec une maladie c&#039;est possible !\" \/>\n<meta property=\"og:description\" content=\"Delphine nous raconte comment voyager avec une maladie, elle est atteinte d&#039;une scl\u00e9rose en plaques depuis 14ans et r\u00e9alise ses r\u00eaves.\" \/>\n<meta property=\"og:url\" content=\"https:\/\/www.jdroadtrip.tv\/blog\/portrait-delphine-voyager-avec-une-maladie\/\" \/>\n<meta property=\"og:site_name\" content=\"JDroadtrip - Blog de voyage pour voyager au f\u00e9minin !\" \/>\n<meta property=\"article:publisher\" content=\"https:\/\/www.facebook.com\/JDRoadTrip\" \/>\n<meta property=\"article:author\" content=\"https:\/\/www.facebook.com\/JDroadtrip\" \/>\n<meta property=\"article:published_time\" content=\"2017-01-13T12:59:10+00:00\" \/>\n<meta property=\"article:modified_time\" content=\"2025-06-10T19:46:01+00:00\" \/>\n<meta property=\"og:image\" content=\"https:\/\/www.jdroadtrip.tv\/blog\/wp-content\/uploads\/2017\/01\/Delphine-img.jpg\" \/>\n\t<meta property=\"og:image:width\" content=\"800\" \/>\n\t<meta property=\"og:image:height\" content=\"486\" \/>\n\t<meta property=\"og:image:type\" content=\"image\/jpeg\" \/>\n<meta name=\"author\" content=\"Jenny Diab\" \/>\n<meta name=\"twitter:card\" content=\"summary_large_image\" \/>\n<meta name=\"twitter:creator\" content=\"@JDroadtrip\" \/>\n<meta name=\"twitter:site\" content=\"@JDroadtrip\" \/>\n<meta name=\"twitter:label1\" content=\"\u00c9crit par\" \/>\n\t<meta name=\"twitter:data1\" content=\"Jenny Diab\" \/>\n\t<meta name=\"twitter:label2\" content=\"Dur\u00e9e de lecture estim\u00e9e\" \/>\n\t<meta name=\"twitter:data2\" content=\"11 minutes\" \/>\n<script type=\"application\/ld+json\" class=\"yoast-schema-graph\">{\"@context\":\"https:\/\/schema.org\",\"@graph\":[{\"@type\":\"Article\",\"@id\":\"https:\/\/www.jdroadtrip.tv\/blog\/portrait-delphine-voyager-avec-une-maladie\/#article\",\"isPartOf\":{\"@id\":\"https:\/\/www.jdroadtrip.tv\/blog\/portrait-delphine-voyager-avec-une-maladie\/\"},\"author\":{\"name\":\"Jenny Diab\",\"@id\":\"https:\/\/www.jdroadtrip.tv\/blog\/#\/schema\/person\/d204bfc7d00ba74276391d8e42b58a3e\"},\"headline\":\"Portrait de Delphine, voyager avec une maladie c&rsquo;est possible !\",\"datePublished\":\"2017-01-13T12:59:10+00:00\",\"dateModified\":\"2025-06-10T19:46:01+00:00\",\"mainEntityOfPage\":{\"@id\":\"https:\/\/www.jdroadtrip.tv\/blog\/portrait-delphine-voyager-avec-une-maladie\/\"},\"wordCount\":2188,\"commentCount\":2,\"publisher\":{\"@id\":\"https:\/\/www.jdroadtrip.tv\/blog\/#organization\"},\"image\":{\"@id\":\"https:\/\/www.jdroadtrip.tv\/blog\/portrait-delphine-voyager-avec-une-maladie\/#primaryimage\"},\"thumbnailUrl\":\"https:\/\/www.jdroadtrip.tv\/blog\/wp-content\/uploads\/2017\/01\/Delphine-img.jpg\",\"articleSection\":[\"Voyager Seule\"],\"inLanguage\":\"fr-FR\",\"potentialAction\":[{\"@type\":\"CommentAction\",\"name\":\"Comment\",\"target\":[\"https:\/\/www.jdroadtrip.tv\/blog\/portrait-delphine-voyager-avec-une-maladie\/#respond\"]}]},{\"@type\":\"WebPage\",\"@id\":\"https:\/\/www.jdroadtrip.tv\/blog\/portrait-delphine-voyager-avec-une-maladie\/\",\"url\":\"https:\/\/www.jdroadtrip.tv\/blog\/portrait-delphine-voyager-avec-une-maladie\/\",\"name\":\"Portrait de Delphine, voyager avec une maladie - JDroadtrip.tv\",\"isPartOf\":{\"@id\":\"https:\/\/www.jdroadtrip.tv\/blog\/#website\"},\"primaryImageOfPage\":{\"@id\":\"https:\/\/www.jdroadtrip.tv\/blog\/portrait-delphine-voyager-avec-une-maladie\/#primaryimage\"},\"image\":{\"@id\":\"https:\/\/www.jdroadtrip.tv\/blog\/portrait-delphine-voyager-avec-une-maladie\/#primaryimage\"},\"thumbnailUrl\":\"https:\/\/www.jdroadtrip.tv\/blog\/wp-content\/uploads\/2017\/01\/Delphine-img.jpg\",\"datePublished\":\"2017-01-13T12:59:10+00:00\",\"dateModified\":\"2025-06-10T19:46:01+00:00\",\"description\":\"Delphine nous raconte comment voyager avec une maladie, elle est atteinte d'une scl\u00e9rose en plaques depuis 14ans et r\u00e9alise ses r\u00eaves.\",\"breadcrumb\":{\"@id\":\"https:\/\/www.jdroadtrip.tv\/blog\/portrait-delphine-voyager-avec-une-maladie\/#breadcrumb\"},\"inLanguage\":\"fr-FR\",\"potentialAction\":[{\"@type\":\"ReadAction\",\"target\":[\"https:\/\/www.jdroadtrip.tv\/blog\/portrait-delphine-voyager-avec-une-maladie\/\"]}]},{\"@type\":\"ImageObject\",\"inLanguage\":\"fr-FR\",\"@id\":\"https:\/\/www.jdroadtrip.tv\/blog\/portrait-delphine-voyager-avec-une-maladie\/#primaryimage\",\"url\":\"https:\/\/www.jdroadtrip.tv\/blog\/wp-content\/uploads\/2017\/01\/Delphine-img.jpg\",\"contentUrl\":\"https:\/\/www.jdroadtrip.tv\/blog\/wp-content\/uploads\/2017\/01\/Delphine-img.jpg\",\"width\":800,\"height\":486},{\"@type\":\"BreadcrumbList\",\"@id\":\"https:\/\/www.jdroadtrip.tv\/blog\/portrait-delphine-voyager-avec-une-maladie\/#breadcrumb\",\"itemListElement\":[{\"@type\":\"ListItem\",\"position\":1,\"name\":\"Accueil\",\"item\":\"https:\/\/www.jdroadtrip.tv\/blog\/\"},{\"@type\":\"ListItem\",\"position\":2,\"name\":\"Portrait de Delphine, voyager avec une maladie c&rsquo;est possible !\"}]},{\"@type\":\"WebSite\",\"@id\":\"https:\/\/www.jdroadtrip.tv\/blog\/#website\",\"url\":\"https:\/\/www.jdroadtrip.tv\/blog\/\",\"name\":\"JDroadtrip - Blog de voyage au f\u00e9minin : Outdoor, Trek, Slow travel\",\"description\":\"M\u00e9dia pour voyager au f\u00e9minin\",\"publisher\":{\"@id\":\"https:\/\/www.jdroadtrip.tv\/blog\/#organization\"},\"alternateName\":\"JDroadtrip - Voyager au f\u00e9minin\",\"potentialAction\":[{\"@type\":\"SearchAction\",\"target\":{\"@type\":\"EntryPoint\",\"urlTemplate\":\"https:\/\/www.jdroadtrip.tv\/blog\/?s={search_term_string}\"},\"query-input\":{\"@type\":\"PropertyValueSpecification\",\"valueRequired\":true,\"valueName\":\"search_term_string\"}}],\"inLanguage\":\"fr-FR\"},{\"@type\":\"Organization\",\"@id\":\"https:\/\/www.jdroadtrip.tv\/blog\/#organization\",\"name\":\"JDroadtrip - Blog de voyage pour voyager au f\u00e9minin !\",\"alternateName\":\"JDroadtrip - Voyager au f\u00e9minin\",\"url\":\"https:\/\/www.jdroadtrip.tv\/blog\/\",\"logo\":{\"@type\":\"ImageObject\",\"inLanguage\":\"fr-FR\",\"@id\":\"https:\/\/www.jdroadtrip.tv\/blog\/#\/schema\/logo\/image\/\",\"url\":\"https:\/\/www.jdroadtrip.tv\/blog\/wp-content\/uploads\/2023\/08\/Logo-HD-petit.png\",\"contentUrl\":\"https:\/\/www.jdroadtrip.tv\/blog\/wp-content\/uploads\/2023\/08\/Logo-HD-petit.png\",\"width\":300,\"height\":300,\"caption\":\"JDroadtrip - Blog de voyage pour voyager au f\u00e9minin !\"},\"image\":{\"@id\":\"https:\/\/www.jdroadtrip.tv\/blog\/#\/schema\/logo\/image\/\"},\"sameAs\":[\"https:\/\/www.facebook.com\/JDRoadTrip\",\"https:\/\/x.com\/JDroadtrip\",\"https:\/\/instagram.com\/jdroadtrip\/\",\"http:\/\/www.linkedin.com\/in\/jennydiab\",\"https:\/\/www.pinterest.fr\/jdroadtrip\/\",\"https:\/\/www.youtube.com\/channel\/UCerVm4aMyTj9AxDDWmSx9_g\"],\"description\":\"Blog de voyage pour les femmes qui voyagent \u00e0 travers le monde.\",\"email\":\"contact@jdroadtrip.tv\",\"legalName\":\"Jenny Diab\",\"numberOfEmployees\":{\"@type\":\"QuantitativeValue\",\"minValue\":\"1\",\"maxValue\":\"10\"}},{\"@type\":\"Person\",\"@id\":\"https:\/\/www.jdroadtrip.tv\/blog\/#\/schema\/person\/d204bfc7d00ba74276391d8e42b58a3e\",\"name\":\"Jenny Diab\",\"image\":{\"@type\":\"ImageObject\",\"inLanguage\":\"fr-FR\",\"@id\":\"https:\/\/www.jdroadtrip.tv\/blog\/#\/schema\/person\/image\/\",\"url\":\"https:\/\/secure.gravatar.com\/avatar\/8c20b0655fdafee9c0df649069a458b1bde697487be3b0da4df8754f3de7042c?s=96&d=mm&r=g\",\"contentUrl\":\"https:\/\/secure.gravatar.com\/avatar\/8c20b0655fdafee9c0df649069a458b1bde697487be3b0da4df8754f3de7042c?s=96&d=mm&r=g\",\"caption\":\"Jenny Diab\"},\"description\":\"Cr\u00e9atrice du blog JDroadtrip.tv, je voyage seule \u00e0 travers le monde et je partage mes exp\u00e9riences de voyageuse solo. \u00c0 travers ce blog, je vous invite \u00e0 d\u00e9couvrir un maximum de bons plans et astuces (h\u00e9bergements, activit\u00e9s, restaurants, transports \u2026) pour pr\u00e9parer au mieux vos futurs voyages. Si vous \u00eates une fille qui voyage \u00e0 travers le monde, rejoignez la communaut\u00e9 Voyager au f\u00e9minin et si vous avez des questions, n'h\u00e9sitez pas \u00e0 \u00e0 me contacter. D\u00c9COUVREZ QUI SUIS-JE.\",\"sameAs\":[\"https:\/\/www.jdroadtrip.tv\",\"https:\/\/www.facebook.com\/JDroadtrip\",\"https:\/\/www.instagram.com\/jdroadtrip\/\",\"https:\/\/www.linkedin.com\/in\/jennydiab\",\"https:\/\/www.pinterest.com\/Jdroadtrip\",\"https:\/\/x.com\/JDroadtrip\"],\"url\":\"https:\/\/www.jdroadtrip.tv\/blog\/author\/jd\/\"}]}<\/script>\n<!-- \/ Yoast SEO Premium plugin. -->","yoast_head_json":{"title":"Portrait de Delphine, voyager avec une maladie - JDroadtrip.tv","description":"Delphine nous raconte comment voyager avec une maladie, elle est atteinte d'une scl\u00e9rose en plaques depuis 14ans et r\u00e9alise ses r\u00eaves.","robots":{"index":"index","follow":"follow","max-snippet":"max-snippet:-1","max-image-preview":"max-image-preview:large","max-video-preview":"max-video-preview:-1"},"canonical":"https:\/\/www.jdroadtrip.tv\/blog\/portrait-delphine-voyager-avec-une-maladie\/","og_locale":"fr_FR","og_type":"article","og_title":"Portrait de Delphine, voyager avec une maladie c'est possible !","og_description":"Delphine nous raconte comment voyager avec une maladie, elle est atteinte d'une scl\u00e9rose en plaques depuis 14ans et r\u00e9alise ses r\u00eaves.","og_url":"https:\/\/www.jdroadtrip.tv\/blog\/portrait-delphine-voyager-avec-une-maladie\/","og_site_name":"JDroadtrip - Blog de voyage pour voyager au f\u00e9minin !","article_publisher":"https:\/\/www.facebook.com\/JDRoadTrip","article_author":"https:\/\/www.facebook.com\/JDroadtrip","article_published_time":"2017-01-13T12:59:10+00:00","article_modified_time":"2025-06-10T19:46:01+00:00","og_image":[{"width":800,"height":486,"url":"https:\/\/www.jdroadtrip.tv\/blog\/wp-content\/uploads\/2017\/01\/Delphine-img.jpg","type":"image\/jpeg"}],"author":"Jenny Diab","twitter_card":"summary_large_image","twitter_creator":"@JDroadtrip","twitter_site":"@JDroadtrip","twitter_misc":{"\u00c9crit par":"Jenny Diab","Dur\u00e9e de lecture estim\u00e9e":"11 minutes"},"schema":{"@context":"https:\/\/schema.org","@graph":[{"@type":"Article","@id":"https:\/\/www.jdroadtrip.tv\/blog\/portrait-delphine-voyager-avec-une-maladie\/#article","isPartOf":{"@id":"https:\/\/www.jdroadtrip.tv\/blog\/portrait-delphine-voyager-avec-une-maladie\/"},"author":{"name":"Jenny Diab","@id":"https:\/\/www.jdroadtrip.tv\/blog\/#\/schema\/person\/d204bfc7d00ba74276391d8e42b58a3e"},"headline":"Portrait de Delphine, voyager avec une maladie c&rsquo;est possible !","datePublished":"2017-01-13T12:59:10+00:00","dateModified":"2025-06-10T19:46:01+00:00","mainEntityOfPage":{"@id":"https:\/\/www.jdroadtrip.tv\/blog\/portrait-delphine-voyager-avec-une-maladie\/"},"wordCount":2188,"commentCount":2,"publisher":{"@id":"https:\/\/www.jdroadtrip.tv\/blog\/#organization"},"image":{"@id":"https:\/\/www.jdroadtrip.tv\/blog\/portrait-delphine-voyager-avec-une-maladie\/#primaryimage"},"thumbnailUrl":"https:\/\/www.jdroadtrip.tv\/blog\/wp-content\/uploads\/2017\/01\/Delphine-img.jpg","articleSection":["Voyager Seule"],"inLanguage":"fr-FR","potentialAction":[{"@type":"CommentAction","name":"Comment","target":["https:\/\/www.jdroadtrip.tv\/blog\/portrait-delphine-voyager-avec-une-maladie\/#respond"]}]},{"@type":"WebPage","@id":"https:\/\/www.jdroadtrip.tv\/blog\/portrait-delphine-voyager-avec-une-maladie\/","url":"https:\/\/www.jdroadtrip.tv\/blog\/portrait-delphine-voyager-avec-une-maladie\/","name":"Portrait de Delphine, voyager avec une maladie - JDroadtrip.tv","isPartOf":{"@id":"https:\/\/www.jdroadtrip.tv\/blog\/#website"},"primaryImageOfPage":{"@id":"https:\/\/www.jdroadtrip.tv\/blog\/portrait-delphine-voyager-avec-une-maladie\/#primaryimage"},"image":{"@id":"https:\/\/www.jdroadtrip.tv\/blog\/portrait-delphine-voyager-avec-une-maladie\/#primaryimage"},"thumbnailUrl":"https:\/\/www.jdroadtrip.tv\/blog\/wp-content\/uploads\/2017\/01\/Delphine-img.jpg","datePublished":"2017-01-13T12:59:10+00:00","dateModified":"2025-06-10T19:46:01+00:00","description":"Delphine nous raconte comment voyager avec une maladie, elle est atteinte d'une scl\u00e9rose en plaques depuis 14ans et r\u00e9alise ses r\u00eaves.","breadcrumb":{"@id":"https:\/\/www.jdroadtrip.tv\/blog\/portrait-delphine-voyager-avec-une-maladie\/#breadcrumb"},"inLanguage":"fr-FR","potentialAction":[{"@type":"ReadAction","target":["https:\/\/www.jdroadtrip.tv\/blog\/portrait-delphine-voyager-avec-une-maladie\/"]}]},{"@type":"ImageObject","inLanguage":"fr-FR","@id":"https:\/\/www.jdroadtrip.tv\/blog\/portrait-delphine-voyager-avec-une-maladie\/#primaryimage","url":"https:\/\/www.jdroadtrip.tv\/blog\/wp-content\/uploads\/2017\/01\/Delphine-img.jpg","contentUrl":"https:\/\/www.jdroadtrip.tv\/blog\/wp-content\/uploads\/2017\/01\/Delphine-img.jpg","width":800,"height":486},{"@type":"BreadcrumbList","@id":"https:\/\/www.jdroadtrip.tv\/blog\/portrait-delphine-voyager-avec-une-maladie\/#breadcrumb","itemListElement":[{"@type":"ListItem","position":1,"name":"Accueil","item":"https:\/\/www.jdroadtrip.tv\/blog\/"},{"@type":"ListItem","position":2,"name":"Portrait de Delphine, voyager avec une maladie c&rsquo;est possible !"}]},{"@type":"WebSite","@id":"https:\/\/www.jdroadtrip.tv\/blog\/#website","url":"https:\/\/www.jdroadtrip.tv\/blog\/","name":"JDroadtrip - Blog de voyage au f\u00e9minin : Outdoor, Trek, Slow travel","description":"M\u00e9dia pour voyager au f\u00e9minin","publisher":{"@id":"https:\/\/www.jdroadtrip.tv\/blog\/#organization"},"alternateName":"JDroadtrip - Voyager au f\u00e9minin","potentialAction":[{"@type":"SearchAction","target":{"@type":"EntryPoint","urlTemplate":"https:\/\/www.jdroadtrip.tv\/blog\/?s={search_term_string}"},"query-input":{"@type":"PropertyValueSpecification","valueRequired":true,"valueName":"search_term_string"}}],"inLanguage":"fr-FR"},{"@type":"Organization","@id":"https:\/\/www.jdroadtrip.tv\/blog\/#organization","name":"JDroadtrip - Blog de voyage pour voyager au f\u00e9minin !","alternateName":"JDroadtrip - Voyager au f\u00e9minin","url":"https:\/\/www.jdroadtrip.tv\/blog\/","logo":{"@type":"ImageObject","inLanguage":"fr-FR","@id":"https:\/\/www.jdroadtrip.tv\/blog\/#\/schema\/logo\/image\/","url":"https:\/\/www.jdroadtrip.tv\/blog\/wp-content\/uploads\/2023\/08\/Logo-HD-petit.png","contentUrl":"https:\/\/www.jdroadtrip.tv\/blog\/wp-content\/uploads\/2023\/08\/Logo-HD-petit.png","width":300,"height":300,"caption":"JDroadtrip - Blog de voyage pour voyager au f\u00e9minin !"},"image":{"@id":"https:\/\/www.jdroadtrip.tv\/blog\/#\/schema\/logo\/image\/"},"sameAs":["https:\/\/www.facebook.com\/JDRoadTrip","https:\/\/x.com\/JDroadtrip","https:\/\/instagram.com\/jdroadtrip\/","http:\/\/www.linkedin.com\/in\/jennydiab","https:\/\/www.pinterest.fr\/jdroadtrip\/","https:\/\/www.youtube.com\/channel\/UCerVm4aMyTj9AxDDWmSx9_g"],"description":"Blog de voyage pour les femmes qui voyagent \u00e0 travers le monde.","email":"contact@jdroadtrip.tv","legalName":"Jenny Diab","numberOfEmployees":{"@type":"QuantitativeValue","minValue":"1","maxValue":"10"}},{"@type":"Person","@id":"https:\/\/www.jdroadtrip.tv\/blog\/#\/schema\/person\/d204bfc7d00ba74276391d8e42b58a3e","name":"Jenny Diab","image":{"@type":"ImageObject","inLanguage":"fr-FR","@id":"https:\/\/www.jdroadtrip.tv\/blog\/#\/schema\/person\/image\/","url":"https:\/\/secure.gravatar.com\/avatar\/8c20b0655fdafee9c0df649069a458b1bde697487be3b0da4df8754f3de7042c?s=96&d=mm&r=g","contentUrl":"https:\/\/secure.gravatar.com\/avatar\/8c20b0655fdafee9c0df649069a458b1bde697487be3b0da4df8754f3de7042c?s=96&d=mm&r=g","caption":"Jenny Diab"},"description":"Cr\u00e9atrice du blog JDroadtrip.tv, je voyage seule \u00e0 travers le monde et je partage mes exp\u00e9riences de voyageuse solo. \u00c0 travers ce blog, je vous invite \u00e0 d\u00e9couvrir un maximum de bons plans et astuces (h\u00e9bergements, activit\u00e9s, restaurants, transports \u2026) pour pr\u00e9parer au mieux vos futurs voyages. Si vous \u00eates une fille qui voyage \u00e0 travers le monde, rejoignez la communaut\u00e9 Voyager au f\u00e9minin et si vous avez des questions, n'h\u00e9sitez pas \u00e0 \u00e0 me contacter. D\u00c9COUVREZ QUI SUIS-JE.","sameAs":["https:\/\/www.jdroadtrip.tv","https:\/\/www.facebook.com\/JDroadtrip","https:\/\/www.instagram.com\/jdroadtrip\/","https:\/\/www.linkedin.com\/in\/jennydiab","https:\/\/www.pinterest.com\/Jdroadtrip","https:\/\/x.com\/JDroadtrip"],"url":"https:\/\/www.jdroadtrip.tv\/blog\/author\/jd\/"}]}},"_links":{"self":[{"href":"https:\/\/www.jdroadtrip.tv\/blog\/wp-json\/wp\/v2\/posts\/21055","targetHints":{"allow":["GET"]}}],"collection":[{"href":"https:\/\/www.jdroadtrip.tv\/blog\/wp-json\/wp\/v2\/posts"}],"about":[{"href":"https:\/\/www.jdroadtrip.tv\/blog\/wp-json\/wp\/v2\/types\/post"}],"author":[{"embeddable":true,"href":"https:\/\/www.jdroadtrip.tv\/blog\/wp-json\/wp\/v2\/users\/1"}],"replies":[{"embeddable":true,"href":"https:\/\/www.jdroadtrip.tv\/blog\/wp-json\/wp\/v2\/comments?post=21055"}],"version-history":[{"count":0,"href":"https:\/\/www.jdroadtrip.tv\/blog\/wp-json\/wp\/v2\/posts\/21055\/revisions"}],"wp:featuredmedia":[{"embeddable":true,"href":"https:\/\/www.jdroadtrip.tv\/blog\/wp-json\/wp\/v2\/media\/21063"}],"wp:attachment":[{"href":"https:\/\/www.jdroadtrip.tv\/blog\/wp-json\/wp\/v2\/media?parent=21055"}],"wp:term":[{"taxonomy":"category","embeddable":true,"href":"https:\/\/www.jdroadtrip.tv\/blog\/wp-json\/wp\/v2\/categories?post=21055"},{"taxonomy":"post_tag","embeddable":true,"href":"https:\/\/www.jdroadtrip.tv\/blog\/wp-json\/wp\/v2\/tags?post=21055"},{"taxonomy":"table_tags","embeddable":true,"href":"https:\/\/www.jdroadtrip.tv\/blog\/wp-json\/wp\/v2\/table_tags?post=21055"}],"curies":[{"name":"wp","href":"https:\/\/api.w.org\/{rel}","templated":true}]}}