{"id":20994,"date":"2017-01-10T12:41:42","date_gmt":"2017-01-10T11:41:42","guid":{"rendered":"http:\/\/www.jdroadtrip.tv\/blog\/?p=20994"},"modified":"2025-06-10T20:46:08","modified_gmt":"2025-06-10T19:46:08","slug":"portrait-deborah-expatriee-en-irlande","status":"publish","type":"post","link":"https:\/\/www.jdroadtrip.tv\/blog\/portrait-deborah-expatriee-en-irlande\/","title":{"rendered":"Portrait de D\u00e9borah, qui s&rsquo;est expatri\u00e9e en Irlande"},"content":{"rendered":"\t\t<div data-elementor-type=\"wp-post\" data-elementor-id=\"20994\" class=\"elementor elementor-20994\" data-elementor-post-type=\"post\">\n\t\t\t\t\t\t<section class=\"elementor-section elementor-top-section elementor-element elementor-element-9e88b8a elementor-section-boxed elementor-section-height-default elementor-section-height-default\" data-id=\"9e88b8a\" data-element_type=\"section\">\n\t\t\t\t\t\t<div class=\"elementor-container elementor-column-gap-default\">\n\t\t\t\t\t<div class=\"elementor-column elementor-col-100 elementor-top-column elementor-element elementor-element-79c4a96\" data-id=\"79c4a96\" data-element_type=\"column\">\n\t\t\t<div class=\"elementor-widget-wrap elementor-element-populated\">\n\t\t\t\t\t\t<div class=\"elementor-element elementor-element-33f438c elementor-widget elementor-widget-heading\" data-id=\"33f438c\" data-element_type=\"widget\" data-widget_type=\"heading.default\">\n\t\t\t\t<div class=\"elementor-widget-container\">\n\t\t\t\t\t<h2 class=\"elementor-heading-title elementor-size-default\">Portrait de D\u00e9borah, qui s'est expatri\u00e9e en Irlande !<\/h2>\t\t\t\t<\/div>\n\t\t\t\t<\/div>\n\t\t\t\t<section class=\"elementor-section elementor-inner-section elementor-element elementor-element-3780489 elementor-section-boxed elementor-section-height-default elementor-section-height-default\" data-id=\"3780489\" data-element_type=\"section\">\n\t\t\t\t\t\t<div class=\"elementor-container elementor-column-gap-default\">\n\t\t\t\t\t<div class=\"elementor-column elementor-col-66 elementor-inner-column elementor-element elementor-element-b2748cf\" data-id=\"b2748cf\" data-element_type=\"column\">\n\t\t\t<div class=\"elementor-widget-wrap elementor-element-populated\">\n\t\t\t\t\t\t<div class=\"elementor-element elementor-element-4db0e45 elementor-widget elementor-widget-text-editor\" data-id=\"4db0e45\" data-element_type=\"widget\" data-widget_type=\"text-editor.default\">\n\t\t\t\t<div class=\"elementor-widget-container\">\n\t\t\t\t\t\t\t\t\t<p style=\"text-align: justify;\">D\u00e9borah, toute <strong>jeune voyageuse qui s&rsquo;est expatri\u00e9e en Irlande<\/strong> pendant 8 mois o\u00f9 elle fait faisait garde d&rsquo;enfants et depuis elle voyage seule avec son sac \u00e0 dos.<\/p><p style=\"text-align: justify;\">Si toi aussi tu voyages seule, entre copines en sac \u00e0 dos et que tu souhaites faire comme D\u00e9borah, r\u00e9pondre \u00e0 mon interview pour appara\u00eetre dans la rubrique \u00ab\u00a0Portrait\u00a0\u00bb, je t\u2019invite \u00e0 me <strong><a href=\"https:\/\/www.jdroadtrip.tv\/blog\/contact\/\" target=\"_blank\" rel=\"noopener noreferrer\">contacter<\/a><\/strong> par email.<\/p><h3 style=\"text-align: justify;\">Peux-tu te pr\u00e9senter ?<\/h3><p style=\"text-align: justify;\">Je m&rsquo;appelle D\u00e9borah, j&rsquo;ai 25 ans et je suis praticienne en Spa ou pour faire plus simple, je suis masseuse dans diff\u00e9rents \u00e9tablissements (Spa, institut, h\u00f4tel, g\u00eete, paquebot, domicile). Outre le fait d&rsquo;\u00eatre passionn\u00e9e de voyage, je suis aussi une adepte des animaux, du tatouage et des danses de couple. Je suis une fille plut\u00f4t simple qui aime partager, mais qui aime \u00e9galement se retrouver avec soi-m\u00eame, d&rsquo;o\u00f9 mon go\u00fbt pour le voyage en solitaire.<\/p>\t\t\t\t\t\t\t\t<\/div>\n\t\t\t\t<\/div>\n\t\t\t\t\t<\/div>\n\t\t<\/div>\n\t\t\t\t<div class=\"elementor-column elementor-col-33 elementor-inner-column elementor-element elementor-element-a381dcc\" data-id=\"a381dcc\" data-element_type=\"column\">\n\t\t\t<div class=\"elementor-widget-wrap elementor-element-populated\">\n\t\t\t\t\t\t<div class=\"elementor-element elementor-element-485bb39 elementor-widget elementor-widget-text-editor\" data-id=\"485bb39\" data-element_type=\"widget\" data-widget_type=\"text-editor.default\">\n\t\t\t\t<div class=\"elementor-widget-container\">\n\t\t\t\t\t\t\t\t\t<p style=\"text-align: justify;\"><span style=\"font-size: 14pt;\">Portraits des voyageuses<\/span><\/p><ul><li style=\"text-align: justify;\"><strong><a href=\"https:\/\/www.jdroadtrip.tv\/blog\/magali-au-pair-a-san-francisco-usa\/\" target=\"_blank\" rel=\"noopener\">Au pair \u00e0 San Francisco<\/a><\/strong><\/li><li style=\"text-align: justify;\"><strong><a href=\"https:\/\/www.jdroadtrip.tv\/blog\/portrait-delphine-voyager-avec-une-maladie\/\" target=\"_blank\" rel=\"noopener\">Voyager avec une maladie<\/a><\/strong><\/li><li style=\"text-align: justify;\"><strong><a href=\"https:\/\/www.jdroadtrip.tv\/blog\/voyager-pour-aider\/\" target=\"_blank\" rel=\"noopener\">Voyager pour aider<\/a><\/strong><\/li><li style=\"text-align: justify;\"><strong><a href=\"https:\/\/www.jdroadtrip.tv\/blog\/celine-baroudeuse-et-amours-de-voyage\/\" target=\"_blank\" rel=\"noopener\">Amours de voyage<\/a><\/strong><\/li><li style=\"text-align: justify;\"><strong><a href=\"https:\/\/www.jdroadtrip.tv\/blog\/angeline-fait-le-tour-du-monde-des-saveurs\/\" target=\"_blank\" rel=\"noopener\">Tour du monde des saveurs<\/a><\/strong><\/li><li style=\"text-align: justify;\"><strong><a href=\"https:\/\/www.jdroadtrip.tv\/blog\/portrait-clouzote-partir-vivre-au-canada\/\" target=\"_blank\" rel=\"noopener\">Partir vivre au Canada<\/a><\/strong><\/li><li style=\"text-align: justify;\"><strong><a href=\"https:\/\/www.jdroadtrip.tv\/blog\/portrait-de-julie-voyageuse-dans-lame\/\" target=\"_blank\" rel=\"noopener\">Voyageuse dans l&rsquo;\u00e2me<\/a><\/strong><\/li><li><strong><a href=\"https:\/\/www.jdroadtrip.tv\/blog\/portrait-deborah-stage-au-canada-6-mois\/\" target=\"_blank\" rel=\"noopener\">Stage au Canada<\/a><\/strong><\/li><\/ul>\t\t\t\t\t\t\t\t<\/div>\n\t\t\t\t<\/div>\n\t\t\t\t\t<\/div>\n\t\t<\/div>\n\t\t\t\t\t<\/div>\n\t\t<\/section>\n\t\t\t\t<div class=\"elementor-element elementor-element-d4a6eb2 elementor-widget elementor-widget-text-editor\" data-id=\"d4a6eb2\" data-element_type=\"widget\" data-widget_type=\"text-editor.default\">\n\t\t\t\t<div class=\"elementor-widget-container\">\n\t\t\t\t\t\t\t\t\t<h3 style=\"text-align: justify;\">Quelle est ta fa\u00e7on de voyage ?<\/h3><p style=\"text-align: justify;\"><img fetchpriority=\"high\" decoding=\"async\" class=\"alignright wp-image-21000\" src=\"https:\/\/www.jdroadtrip.tv\/blog\/wp-content\/uploads\/2017\/01\/Expatriee-en-Irlande04.jpg\" alt=\"expatri\u00e9e en Irlande\" width=\"533\" height=\"300\" srcset=\"https:\/\/www.jdroadtrip.tv\/blog\/wp-content\/uploads\/2017\/01\/Expatriee-en-Irlande04.jpg 711w, https:\/\/www.jdroadtrip.tv\/blog\/wp-content\/uploads\/2017\/01\/Expatriee-en-Irlande04-300x169.jpg 300w, https:\/\/www.jdroadtrip.tv\/blog\/wp-content\/uploads\/2017\/01\/Expatriee-en-Irlande04-250x141.jpg 250w\" sizes=\"(max-width: 533px) 100vw, 533px\" \/><\/p><p style=\"text-align: justify;\">J&rsquo;ai commenc\u00e9 par voyager en valise (beaucoup trop de valises\u00a0!), car je me suis expatri\u00e9e en Irlande, mais il faut avouer que ce n&rsquo;est pas toujours tr\u00e8s pratique. <strong>J&rsquo;ai donc fait l&rsquo;acquisition d&rsquo;un sac un dos, il y a peu.<\/strong> Je voyage essentiellement en avion et \u00e0 pied une fois sur place et n&rsquo;ayant pas de tr\u00e8s gros budget pour mes trips, je privil\u00e9gie les auberges de jeunesse. \u00c7a permet aussi de pouvoir partager et de faire de nouvelles rencontres plus facilement.<\/p><h3 style=\"text-align: justify;\">Quel pays as-tu visit\u00e9 et ton pays coup de coeur ?<\/h3><p style=\"text-align: justify;\">Je suis une toute jeune voyageuse, j&rsquo;ai commenc\u00e9 il y a seulement 1 an et demi donc je n&rsquo;ai pas encore vu \u00e9norm\u00e9ment. Mais j&rsquo;ai \u00e9t\u00e9 en Irlande, aux Pays-Bas, en Lituanie et je m\u2019appr\u00eate \u00e0 partir au <strong><a href=\"https:\/\/www.jdroadtrip.tv\/blog\/category\/europe\/portugal\/\" target=\"_blank\" rel=\"noopener noreferrer\">Portugal<\/a><\/strong> pour f\u00eater mon anniversaire. Je devrais aussi partir en <strong><a href=\"https:\/\/www.jdroadtrip.tv\/blog\/category\/europe\/pologne\/\" target=\"_blank\" rel=\"noopener noreferrer\">Pologne<\/a><\/strong> au printemps si les conditions me le permettent. Ce sont les pays que j&rsquo;ai visit\u00e9s seule, mais j&rsquo;avais d\u00e9j\u00e0 fait des voyages \u00e9tant plus jeunes avec mes parents (Angleterre, Niger et S\u00e9n\u00e9gal).<\/p><p style=\"text-align: justify;\">Mon pays d&rsquo;adoption, comme je l&rsquo;appelle, est l&rsquo;Irlande, mais <strong>j&rsquo;ai eu un vrai coup de c\u0153ur pour la Lituanie<\/strong>. C&rsquo;est un pays vraiment magnifique, surtout en hiver et l&rsquo;un des moins chers d&rsquo;Europe (plus d&rsquo;excuses pour les petites finances ). Je n&rsquo;ai pas pu y rester longtemps, mais j&rsquo;y retournerai \u00e0 coup s\u00fbr\u00a0!<\/p>\t\t\t\t\t\t\t\t<\/div>\n\t\t\t\t<\/div>\n\t\t\t\t<div class=\"elementor-element elementor-element-a71722e elementor-widget-divider--view-line elementor-widget elementor-widget-global elementor-global-41411 elementor-widget-divider\" data-id=\"a71722e\" data-element_type=\"widget\" data-widget_type=\"divider.default\">\n\t\t\t\t<div class=\"elementor-widget-container\">\n\t\t\t\t\t\t\t<div class=\"elementor-divider\">\n\t\t\t<span class=\"elementor-divider-separator\">\n\t\t\t\t\t\t<\/span>\n\t\t<\/div>\n\t\t\t\t\t\t<\/div>\n\t\t\t\t<\/div>\n\t\t\t\t\t<\/div>\n\t\t<\/div>\n\t\t\t\t\t<\/div>\n\t\t<\/section>\n\t\t\t\t<section class=\"elementor-section elementor-top-section elementor-element elementor-element-2c4c553 elementor-section-boxed elementor-section-height-default elementor-section-height-default\" data-id=\"2c4c553\" data-element_type=\"section\">\n\t\t\t\t\t\t<div class=\"elementor-container elementor-column-gap-default\">\n\t\t\t\t\t<div class=\"elementor-column elementor-col-100 elementor-top-column elementor-element elementor-element-df10519\" data-id=\"df10519\" data-element_type=\"column\">\n\t\t\t<div class=\"elementor-widget-wrap elementor-element-populated\">\n\t\t\t\t\t\t<div class=\"elementor-element elementor-element-4e9cedb elementor-widget elementor-widget-text-editor\" data-id=\"4e9cedb\" data-element_type=\"widget\" data-widget_type=\"text-editor.default\">\n\t\t\t\t<div class=\"elementor-widget-container\">\n\t\t\t\t\t\t\t\t\t<p style=\"text-align: justify;\"><img decoding=\"async\" class=\"alignright wp-image-21002\" src=\"https:\/\/www.jdroadtrip.tv\/blog\/wp-content\/uploads\/2017\/01\/Expatriee-en-Irlande06.jpg\" alt=\"expatri\u00e9e en Irlande\" width=\"533\" height=\"300\" srcset=\"https:\/\/www.jdroadtrip.tv\/blog\/wp-content\/uploads\/2017\/01\/Expatriee-en-Irlande06.jpg 711w, https:\/\/www.jdroadtrip.tv\/blog\/wp-content\/uploads\/2017\/01\/Expatriee-en-Irlande06-300x169.jpg 300w, https:\/\/www.jdroadtrip.tv\/blog\/wp-content\/uploads\/2017\/01\/Expatriee-en-Irlande06-250x141.jpg 250w\" sizes=\"(max-width: 533px) 100vw, 533px\" \/><\/p><h3 style=\"text-align: justify;\">Tu as \u00e9t\u00e9 expatri\u00e9e en Irlande&#8230; O\u00f9 vivais-tu ? Dans quel but ? Combien de temps es-tu partie l\u00e0-bas ?<\/h3><p style=\"text-align: justify;\">L&rsquo;Irlande a toujours \u00e9t\u00e9 mon plus grand r\u00eave. Aussi loin que je me souvienne, je disais \u00e0 ma m\u00e8re que j&rsquo;irais vivre l\u00e0-bas et que j&rsquo;\u00e9pouserai un irlandais roux \u2026<\/p><p style=\"text-align: justify;\">Apr\u00e8s une rupture difficile, j&rsquo;ai d\u00e9cid\u00e9 de partir, de tout quitter. J&rsquo;avais besoin de savoir qui j&rsquo;\u00e9tais vraiment, ce que je voulais dans la vie et pour quoi j&rsquo;\u00e9tais sur terre. On m&rsquo;a mis \u00e9norm\u00e9ment de b\u00e2tons dans les roues, mais j&rsquo;ai pers\u00e9v\u00e9r\u00e9. Lorsque j&rsquo;ai finalement pris l&rsquo;avion, j&rsquo;ai \u00e9t\u00e9 prise d&rsquo;appr\u00e9hension \u00ab\u00a0et si \u00e7a ne me plaisait pas\u00a0? Et si ce n&rsquo;\u00e9tait pas ce que j&rsquo;avais imagin\u00e9\u00a0?\u00a0\u00bb \u2026 En effet, \u00e7a ne l&rsquo;\u00e9tait pas. C&rsquo;\u00e9tait mieux encore. Je ne me suis jamais sentie aussi chez moi qu&rsquo;en Irlande. <strong>Je suis rest\u00e9e l\u00e0-bas 8 mois environ pendant lesquels j&rsquo;ai \u00e9t\u00e9 garde d&rsquo;enfants.<\/strong> Je vivais dans une petite banlieue de Dublin qui s&rsquo;appelle Santry puis je suis partie vivre \u00e0 Phibsborough, un autre coin de Dublin beaucoup plus pr\u00e8s du centre o\u00f9 j&rsquo;ai cherch\u00e9 un autre travail, mais je suis tomb\u00e9e dans la mauvaise p\u00e9riode.<\/p><p style=\"text-align: justify;\">J&rsquo;ai finalement d\u00fb rentrer en France, car j&rsquo;avais d&rsquo;autres projets en cours. Ce pays a \u00e9t\u00e9 une grande r\u00e9v\u00e9lation pour moi. Il m&rsquo;a permis de me red\u00e9couvrir et me reconnecter \u00e0 moi-m\u00eame. Depuis, j&rsquo;y retourne assez r\u00e9guli\u00e8rement, mais j&rsquo;attends le jour o\u00f9 j&rsquo;y resterai d\u00e9finitivement.<\/p>\t\t\t\t\t\t\t\t<\/div>\n\t\t\t\t<\/div>\n\t\t\t\t<div class=\"elementor-element elementor-element-1529788 elementor-widget-divider--view-line elementor-widget elementor-widget-global elementor-global-41411 elementor-widget-divider\" data-id=\"1529788\" data-element_type=\"widget\" data-widget_type=\"divider.default\">\n\t\t\t\t<div class=\"elementor-widget-container\">\n\t\t\t\t\t\t\t<div class=\"elementor-divider\">\n\t\t\t<span class=\"elementor-divider-separator\">\n\t\t\t\t\t\t<\/span>\n\t\t<\/div>\n\t\t\t\t\t\t<\/div>\n\t\t\t\t<\/div>\n\t\t\t\t\t<\/div>\n\t\t<\/div>\n\t\t\t\t\t<\/div>\n\t\t<\/section>\n\t\t\t\t<section class=\"elementor-section elementor-top-section elementor-element elementor-element-12278a2 elementor-section-boxed elementor-section-height-default elementor-section-height-default\" data-id=\"12278a2\" data-element_type=\"section\">\n\t\t\t\t\t\t<div class=\"elementor-container elementor-column-gap-default\">\n\t\t\t\t\t<div class=\"elementor-column elementor-col-100 elementor-top-column elementor-element elementor-element-be1563b\" data-id=\"be1563b\" data-element_type=\"column\">\n\t\t\t<div class=\"elementor-widget-wrap elementor-element-populated\">\n\t\t\t\t\t\t<div class=\"elementor-element elementor-element-1716ea5 elementor-widget elementor-widget-text-editor\" data-id=\"1716ea5\" data-element_type=\"widget\" data-widget_type=\"text-editor.default\">\n\t\t\t\t<div class=\"elementor-widget-container\">\n\t\t\t\t\t\t\t\t\t<h3 style=\"text-align: justify;\">As-tu voyag\u00e9 en Irlande ? Quels sont les lieux incontournables ? Donne-nous tous tes bons plans, cela peut \u00eatre utile pour les futurs voyageuses.<\/h3><p style=\"text-align: justify;\">J&rsquo;ai voyag\u00e9, mais pas tant que \u00e7a. En tant qu&rsquo;expatri\u00e9, on se focalise vite sur sa vie quotidienne et on ne prend pas vraiment le temps de d\u00e9couvrir (vous connaissez la France vous\u00a0? Moi non). J&rsquo;ai tout de m\u00eame \u00e9t\u00e9 \u00e0 Galway, Howth, Sword, Malahide, Dalkey, Skerries et Wicklow. Mais je compte bien faire le tour de l&rsquo;\u00eele un de ces jours.<\/p><p style=\"text-align: justify;\">Le plus incontournable pour moi, \u00e7a serait Galway et les Cliffs of Moher, car je trouve que c&rsquo;est l&rsquo;endroit le plus mythique d&rsquo;Irlande et en plus de \u00e7a, c&rsquo;est vraiment magnifique. Bon, en m\u00eame temps, le pays entier est magnifique. Tous les paysages se c\u00f4toient\u00a0; falaises, for\u00eats, plages. <strong>La ville et la nature sont en totale harmonie et c&rsquo;est ce que je trouve exceptionnel l\u00e0-bas.<\/strong> On peut avoir le dynamisme de la ville et \u00e0 20 min de l\u00e0, aller se reposer au c\u0153ur de la nature. Il y en a pour tous les go\u00fbts, d&rsquo;o\u00f9 la difficult\u00e9 de parler de \u00ab\u00a0lieux incontournables\u00a0\u00bb.<\/p><p style=\"text-align: justify;\"><strong>Le premier conseil bon plan\u00a0:<\/strong> \u00e9viter Temple Bar\u00a0! Allez y faire un tour, mais n&rsquo;allez pas y boire un verre, c&rsquo;est terriblement cher (ils jouent sur le c\u00f4t\u00e9 touristique du lieu, c&rsquo;est aberrant).<\/p><p style=\"text-align: justify;\">Il y a des bars beaucoup plus sympas comme le Sweeney&rsquo;s et le Whelan&rsquo;s o\u00f9 il y a tr\u00e8s souvent de la musique live. Le Porter House et le Cassidy&rsquo;s (mon bar pr\u00e9f\u00e9r\u00e9). Si vous aimez les pancakes, courez vite au Pog Froyo\u00a0! Pour les adeptes des buffets \u00e0 volont\u00e9, le Mongolian BBQ est une tuerie\u00a0! Et s&rsquo;il vous prend l&rsquo;envie d&rsquo;un tatouage, n&rsquo;h\u00e9sitez pas \u00e0 me demander.<\/p>\t\t\t\t\t\t\t\t<\/div>\n\t\t\t\t<\/div>\n\t\t\t\t<div class=\"elementor-element elementor-element-024a91a elementor-widget-divider--view-line elementor-widget elementor-widget-global elementor-global-41411 elementor-widget-divider\" data-id=\"024a91a\" data-element_type=\"widget\" data-widget_type=\"divider.default\">\n\t\t\t\t<div class=\"elementor-widget-container\">\n\t\t\t\t\t\t\t<div class=\"elementor-divider\">\n\t\t\t<span class=\"elementor-divider-separator\">\n\t\t\t\t\t\t<\/span>\n\t\t<\/div>\n\t\t\t\t\t\t<\/div>\n\t\t\t\t<\/div>\n\t\t\t\t\t<\/div>\n\t\t<\/div>\n\t\t\t\t\t<\/div>\n\t\t<\/section>\n\t\t\t\t<section class=\"elementor-section elementor-top-section elementor-element elementor-element-510af2d5 elementor-section-boxed elementor-section-height-default elementor-section-height-default\" data-id=\"510af2d5\" data-element_type=\"section\">\n\t\t\t\t\t\t<div class=\"elementor-container elementor-column-gap-default\">\n\t\t\t\t\t<div class=\"elementor-column elementor-col-100 elementor-top-column elementor-element elementor-element-46fafd7d\" data-id=\"46fafd7d\" data-element_type=\"column\">\n\t\t\t<div class=\"elementor-widget-wrap elementor-element-populated\">\n\t\t\t\t\t\t<div class=\"elementor-element elementor-element-36776ebb elementor-widget elementor-widget-text-editor\" data-id=\"36776ebb\" data-element_type=\"widget\" data-widget_type=\"text-editor.default\">\n\t\t\t\t<div class=\"elementor-widget-container\">\n\t\t\t\t\t\t\t\t\t<h3 style=\"text-align: justify;\">Si tu avais un conseil pour les filles qui n&rsquo;osent pas voyager seules ?<\/h3><p style=\"text-align: justify;\">Foncez\u00a0! Le plus difficile, c&rsquo;est de partir. La peur nous paralyse, mais posez-vous cette question\u00a0: quand vous serez vieux et que vous repenserez \u00e0 votre vie, qu&rsquo;est-ce que vous pr\u00e9f\u00e9rez\u00a0? Vous dire que vous avez v\u00e9cu des aventures incroyables remplies d&rsquo;anecdotes qui vous feront rire ou pleurer\u00a0? <strong>Ou vous dire que vous avez rat\u00e9 votre chance et qu&rsquo;au final, vous n&rsquo;avez pas r\u00e9ellement v\u00e9cu\u00a0?<\/strong><\/p>\t\t\t\t\t\t\t\t<\/div>\n\t\t\t\t<\/div>\n\t\t\t\t<div class=\"elementor-element elementor-element-55d22bc elementor-widget-divider--view-line elementor-widget elementor-widget-global elementor-global-41411 elementor-widget-divider\" data-id=\"55d22bc\" data-element_type=\"widget\" data-widget_type=\"divider.default\">\n\t\t\t\t<div class=\"elementor-widget-container\">\n\t\t\t\t\t\t\t<div class=\"elementor-divider\">\n\t\t\t<span class=\"elementor-divider-separator\">\n\t\t\t\t\t\t<\/span>\n\t\t<\/div>\n\t\t\t\t\t\t<\/div>\n\t\t\t\t<\/div>\n\t\t\t\t<div class=\"elementor-element elementor-element-c7ac75c elementor-widget elementor-widget-text-editor\" data-id=\"c7ac75c\" data-element_type=\"widget\" data-widget_type=\"text-editor.default\">\n\t\t\t\t<div class=\"elementor-widget-container\">\n\t\t\t\t\t\t\t\t\t<p style=\"text-align: justify;\"><strong>Si vous avez des questions pour s&rsquo;expatri\u00e9e en Irlande, n\u2019h\u00e9sitez pas \u00e0 laisser votre commentaire, il peut int\u00e9resser pleins de personnes et si vous \u00eates une femme qui voyagent et que vous recherchez des informations, rejoignez le groupe Facebook de voyage 100% f\u00e9minin \u2009<a href=\"https:\/\/www.facebook.com\/groups\/Voyageraufeminin\/\" target=\"_blank\" rel=\"noopener noreferrer\">Voyager au f\u00e9minin en sac \u00e0 dos<\/a>\u2009.<\/strong><\/p>\t\t\t\t\t\t\t\t<\/div>\n\t\t\t\t<\/div>\n\t\t\t\t\t<\/div>\n\t\t<\/div>\n\t\t\t\t\t<\/div>\n\t\t<\/section>\n\t\t\t\t<\/div>\n\t\t","protected":false},"excerpt":{"rendered":"<p>Portrait de D\u00e9borah, qui s&rsquo;est expatri\u00e9e en Irlande ! D\u00e9borah, toute jeune voyageuse qui s&rsquo;est expatri\u00e9e en Irlande pendant 8 mois o\u00f9 elle fait faisait garde d&rsquo;enfants et depuis elle voyage seule avec son sac \u00e0 dos. Si toi aussi tu voyages seule, entre copines en sac \u00e0 dos et que tu souhaites faire comme [&hellip;]<\/p>\n","protected":false},"author":1,"featured_media":20997,"comment_status":"open","ping_status":"open","sticky":false,"template":"","format":"standard","meta":{"ocean_post_layout":"","ocean_both_sidebars_style":"","ocean_both_sidebars_content_width":0,"ocean_both_sidebars_sidebars_width":0,"ocean_sidebar":"","ocean_second_sidebar":"","ocean_disable_margins":"enable","ocean_add_body_class":"","ocean_shortcode_before_top_bar":"","ocean_shortcode_after_top_bar":"","ocean_shortcode_before_header":"","ocean_shortcode_after_header":"","ocean_has_shortcode":"","ocean_shortcode_after_title":"","ocean_shortcode_before_footer_widgets":"","ocean_shortcode_after_footer_widgets":"","ocean_shortcode_before_footer_bottom":"","ocean_shortcode_after_footer_bottom":"","ocean_display_top_bar":"default","ocean_display_header":"default","ocean_header_style":"","ocean_center_header_left_menu":"","ocean_custom_header_template":"","ocean_custom_logo":0,"ocean_custom_retina_logo":0,"ocean_custom_logo_max_width":0,"ocean_custom_logo_tablet_max_width":0,"ocean_custom_logo_mobile_max_width":0,"ocean_custom_logo_max_height":0,"ocean_custom_logo_tablet_max_height":0,"ocean_custom_logo_mobile_max_height":0,"ocean_header_custom_menu":"","ocean_menu_typo_font_family":"","ocean_menu_typo_font_subset":"","ocean_menu_typo_font_size":0,"ocean_menu_typo_font_size_tablet":0,"ocean_menu_typo_font_size_mobile":0,"ocean_menu_typo_font_size_unit":"px","ocean_menu_typo_font_weight":"","ocean_menu_typo_font_weight_tablet":"","ocean_menu_typo_font_weight_mobile":"","ocean_menu_typo_transform":"","ocean_menu_typo_transform_tablet":"","ocean_menu_typo_transform_mobile":"","ocean_menu_typo_line_height":0,"ocean_menu_typo_line_height_tablet":0,"ocean_menu_typo_line_height_mobile":0,"ocean_menu_typo_line_height_unit":"","ocean_menu_typo_spacing":0,"ocean_menu_typo_spacing_tablet":0,"ocean_menu_typo_spacing_mobile":0,"ocean_menu_typo_spacing_unit":"","ocean_menu_link_color":"","ocean_menu_link_color_hover":"","ocean_menu_link_color_active":"","ocean_menu_link_background":"","ocean_menu_link_hover_background":"","ocean_menu_link_active_background":"","ocean_menu_social_links_bg":"","ocean_menu_social_hover_links_bg":"","ocean_menu_social_links_color":"","ocean_menu_social_hover_links_color":"","ocean_disable_title":"default","ocean_disable_heading":"default","ocean_post_title":"","ocean_post_subheading":"","ocean_post_title_style":"","ocean_post_title_background_color":"","ocean_post_title_background":0,"ocean_post_title_bg_image_position":"","ocean_post_title_bg_image_attachment":"","ocean_post_title_bg_image_repeat":"","ocean_post_title_bg_image_size":"","ocean_post_title_height":0,"ocean_post_title_bg_overlay":0.5,"ocean_post_title_bg_overlay_color":"","ocean_disable_breadcrumbs":"default","ocean_breadcrumbs_color":"","ocean_breadcrumbs_separator_color":"","ocean_breadcrumbs_links_color":"","ocean_breadcrumbs_links_hover_color":"","ocean_display_footer_widgets":"default","ocean_display_footer_bottom":"default","ocean_custom_footer_template":"","ocean_post_oembed":"","ocean_post_self_hosted_media":"","ocean_post_video_embed":"","ocean_link_format":"","ocean_link_format_target":"self","ocean_quote_format":"","ocean_quote_format_link":"post","ocean_gallery_link_images":"on","ocean_gallery_id":[],"footnotes":""},"categories":[10561],"tags":[],"table_tags":[],"class_list":["post-20994","post","type-post","status-publish","format-standard","has-post-thumbnail","hentry","category-voyager-seule","entry","has-media"],"yoast_head":"<!-- This site is optimized with the Yoast SEO Premium plugin v25.9 (Yoast SEO v25.9) - https:\/\/yoast.com\/wordpress\/plugins\/seo\/ -->\n<title>Portrait de D\u00e9borah, qui s&#039;est expatri\u00e9e en Irlande - JDroadtrip.tv<\/title>\n<meta name=\"description\" content=\"D\u00e9borah s&#039;est expatri\u00e9e en Irlande pendant 8 mois, elle a voyag\u00e9 seule \u00e0 travers le pays et vous partage son exp\u00e9rience...\" \/>\n<meta name=\"robots\" content=\"index, follow, max-snippet:-1, max-image-preview:large, max-video-preview:-1\" \/>\n<link rel=\"canonical\" href=\"https:\/\/www.jdroadtrip.tv\/blog\/portrait-deborah-expatriee-en-irlande\/\" \/>\n<meta property=\"og:locale\" content=\"fr_FR\" \/>\n<meta property=\"og:type\" content=\"article\" \/>\n<meta property=\"og:title\" content=\"Portrait de D\u00e9borah, qui s&#039;est expatri\u00e9e en Irlande\" \/>\n<meta property=\"og:description\" content=\"D\u00e9borah s&#039;est expatri\u00e9e en Irlande pendant 8 mois, elle a voyag\u00e9 seule \u00e0 travers le pays et vous partage son exp\u00e9rience...\" \/>\n<meta property=\"og:url\" content=\"https:\/\/www.jdroadtrip.tv\/blog\/portrait-deborah-expatriee-en-irlande\/\" \/>\n<meta property=\"og:site_name\" content=\"JDroadtrip - Blog de voyage pour voyager au f\u00e9minin !\" \/>\n<meta property=\"article:publisher\" content=\"https:\/\/www.facebook.com\/JDRoadTrip\" \/>\n<meta property=\"article:author\" content=\"https:\/\/www.facebook.com\/JDroadtrip\" \/>\n<meta property=\"article:published_time\" content=\"2017-01-10T11:41:42+00:00\" \/>\n<meta property=\"article:modified_time\" content=\"2025-06-10T19:46:08+00:00\" \/>\n<meta property=\"og:image\" content=\"https:\/\/www.jdroadtrip.tv\/blog\/wp-content\/uploads\/2017\/01\/deborah-expatriee-en-irlande-img.jpg\" \/>\n\t<meta property=\"og:image:width\" content=\"800\" \/>\n\t<meta property=\"og:image:height\" content=\"486\" \/>\n\t<meta property=\"og:image:type\" content=\"image\/jpeg\" \/>\n<meta name=\"author\" content=\"Jenny Diab\" \/>\n<meta name=\"twitter:card\" content=\"summary_large_image\" \/>\n<meta name=\"twitter:creator\" content=\"@JDroadtrip\" \/>\n<meta name=\"twitter:site\" content=\"@JDroadtrip\" \/>\n<meta name=\"twitter:label1\" content=\"\u00c9crit par\" \/>\n\t<meta name=\"twitter:data1\" content=\"Jenny Diab\" \/>\n\t<meta name=\"twitter:label2\" content=\"Dur\u00e9e de lecture estim\u00e9e\" \/>\n\t<meta name=\"twitter:data2\" content=\"6 minutes\" \/>\n<script type=\"application\/ld+json\" class=\"yoast-schema-graph\">{\"@context\":\"https:\/\/schema.org\",\"@graph\":[{\"@type\":\"Article\",\"@id\":\"https:\/\/www.jdroadtrip.tv\/blog\/portrait-deborah-expatriee-en-irlande\/#article\",\"isPartOf\":{\"@id\":\"https:\/\/www.jdroadtrip.tv\/blog\/portrait-deborah-expatriee-en-irlande\/\"},\"author\":{\"name\":\"Jenny Diab\",\"@id\":\"https:\/\/www.jdroadtrip.tv\/blog\/#\/schema\/person\/d204bfc7d00ba74276391d8e42b58a3e\"},\"headline\":\"Portrait de D\u00e9borah, qui s&rsquo;est expatri\u00e9e en Irlande\",\"datePublished\":\"2017-01-10T11:41:42+00:00\",\"dateModified\":\"2025-06-10T19:46:08+00:00\",\"mainEntityOfPage\":{\"@id\":\"https:\/\/www.jdroadtrip.tv\/blog\/portrait-deborah-expatriee-en-irlande\/\"},\"wordCount\":1215,\"commentCount\":3,\"publisher\":{\"@id\":\"https:\/\/www.jdroadtrip.tv\/blog\/#organization\"},\"image\":{\"@id\":\"https:\/\/www.jdroadtrip.tv\/blog\/portrait-deborah-expatriee-en-irlande\/#primaryimage\"},\"thumbnailUrl\":\"https:\/\/www.jdroadtrip.tv\/blog\/wp-content\/uploads\/2017\/01\/deborah-expatriee-en-irlande-img.jpg\",\"articleSection\":[\"Voyager Seule\"],\"inLanguage\":\"fr-FR\",\"potentialAction\":[{\"@type\":\"CommentAction\",\"name\":\"Comment\",\"target\":[\"https:\/\/www.jdroadtrip.tv\/blog\/portrait-deborah-expatriee-en-irlande\/#respond\"]}]},{\"@type\":\"WebPage\",\"@id\":\"https:\/\/www.jdroadtrip.tv\/blog\/portrait-deborah-expatriee-en-irlande\/\",\"url\":\"https:\/\/www.jdroadtrip.tv\/blog\/portrait-deborah-expatriee-en-irlande\/\",\"name\":\"Portrait de D\u00e9borah, qui s'est expatri\u00e9e en Irlande - JDroadtrip.tv\",\"isPartOf\":{\"@id\":\"https:\/\/www.jdroadtrip.tv\/blog\/#website\"},\"primaryImageOfPage\":{\"@id\":\"https:\/\/www.jdroadtrip.tv\/blog\/portrait-deborah-expatriee-en-irlande\/#primaryimage\"},\"image\":{\"@id\":\"https:\/\/www.jdroadtrip.tv\/blog\/portrait-deborah-expatriee-en-irlande\/#primaryimage\"},\"thumbnailUrl\":\"https:\/\/www.jdroadtrip.tv\/blog\/wp-content\/uploads\/2017\/01\/deborah-expatriee-en-irlande-img.jpg\",\"datePublished\":\"2017-01-10T11:41:42+00:00\",\"dateModified\":\"2025-06-10T19:46:08+00:00\",\"description\":\"D\u00e9borah s'est expatri\u00e9e en Irlande pendant 8 mois, elle a voyag\u00e9 seule \u00e0 travers le pays et vous partage son exp\u00e9rience...\",\"breadcrumb\":{\"@id\":\"https:\/\/www.jdroadtrip.tv\/blog\/portrait-deborah-expatriee-en-irlande\/#breadcrumb\"},\"inLanguage\":\"fr-FR\",\"potentialAction\":[{\"@type\":\"ReadAction\",\"target\":[\"https:\/\/www.jdroadtrip.tv\/blog\/portrait-deborah-expatriee-en-irlande\/\"]}]},{\"@type\":\"ImageObject\",\"inLanguage\":\"fr-FR\",\"@id\":\"https:\/\/www.jdroadtrip.tv\/blog\/portrait-deborah-expatriee-en-irlande\/#primaryimage\",\"url\":\"https:\/\/www.jdroadtrip.tv\/blog\/wp-content\/uploads\/2017\/01\/deborah-expatriee-en-irlande-img.jpg\",\"contentUrl\":\"https:\/\/www.jdroadtrip.tv\/blog\/wp-content\/uploads\/2017\/01\/deborah-expatriee-en-irlande-img.jpg\",\"width\":800,\"height\":486},{\"@type\":\"BreadcrumbList\",\"@id\":\"https:\/\/www.jdroadtrip.tv\/blog\/portrait-deborah-expatriee-en-irlande\/#breadcrumb\",\"itemListElement\":[{\"@type\":\"ListItem\",\"position\":1,\"name\":\"Accueil\",\"item\":\"https:\/\/www.jdroadtrip.tv\/blog\/\"},{\"@type\":\"ListItem\",\"position\":2,\"name\":\"Portrait de D\u00e9borah, qui s&rsquo;est expatri\u00e9e en Irlande\"}]},{\"@type\":\"WebSite\",\"@id\":\"https:\/\/www.jdroadtrip.tv\/blog\/#website\",\"url\":\"https:\/\/www.jdroadtrip.tv\/blog\/\",\"name\":\"JDroadtrip - Blog de voyage au f\u00e9minin : Outdoor, Trek, Slow travel\",\"description\":\"M\u00e9dia pour voyager au f\u00e9minin\",\"publisher\":{\"@id\":\"https:\/\/www.jdroadtrip.tv\/blog\/#organization\"},\"alternateName\":\"JDroadtrip - Voyager au f\u00e9minin\",\"potentialAction\":[{\"@type\":\"SearchAction\",\"target\":{\"@type\":\"EntryPoint\",\"urlTemplate\":\"https:\/\/www.jdroadtrip.tv\/blog\/?s={search_term_string}\"},\"query-input\":{\"@type\":\"PropertyValueSpecification\",\"valueRequired\":true,\"valueName\":\"search_term_string\"}}],\"inLanguage\":\"fr-FR\"},{\"@type\":\"Organization\",\"@id\":\"https:\/\/www.jdroadtrip.tv\/blog\/#organization\",\"name\":\"JDroadtrip - Blog de voyage pour voyager au f\u00e9minin !\",\"alternateName\":\"JDroadtrip - Voyager au f\u00e9minin\",\"url\":\"https:\/\/www.jdroadtrip.tv\/blog\/\",\"logo\":{\"@type\":\"ImageObject\",\"inLanguage\":\"fr-FR\",\"@id\":\"https:\/\/www.jdroadtrip.tv\/blog\/#\/schema\/logo\/image\/\",\"url\":\"https:\/\/www.jdroadtrip.tv\/blog\/wp-content\/uploads\/2023\/08\/Logo-HD-petit.png\",\"contentUrl\":\"https:\/\/www.jdroadtrip.tv\/blog\/wp-content\/uploads\/2023\/08\/Logo-HD-petit.png\",\"width\":300,\"height\":300,\"caption\":\"JDroadtrip - Blog de voyage pour voyager au f\u00e9minin !\"},\"image\":{\"@id\":\"https:\/\/www.jdroadtrip.tv\/blog\/#\/schema\/logo\/image\/\"},\"sameAs\":[\"https:\/\/www.facebook.com\/JDRoadTrip\",\"https:\/\/x.com\/JDroadtrip\",\"https:\/\/instagram.com\/jdroadtrip\/\",\"http:\/\/www.linkedin.com\/in\/jennydiab\",\"https:\/\/www.pinterest.fr\/jdroadtrip\/\",\"https:\/\/www.youtube.com\/channel\/UCerVm4aMyTj9AxDDWmSx9_g\"],\"description\":\"Blog de voyage pour les femmes qui voyagent \u00e0 travers le monde.\",\"email\":\"contact@jdroadtrip.tv\",\"legalName\":\"Jenny Diab\",\"numberOfEmployees\":{\"@type\":\"QuantitativeValue\",\"minValue\":\"1\",\"maxValue\":\"10\"}},{\"@type\":\"Person\",\"@id\":\"https:\/\/www.jdroadtrip.tv\/blog\/#\/schema\/person\/d204bfc7d00ba74276391d8e42b58a3e\",\"name\":\"Jenny Diab\",\"image\":{\"@type\":\"ImageObject\",\"inLanguage\":\"fr-FR\",\"@id\":\"https:\/\/www.jdroadtrip.tv\/blog\/#\/schema\/person\/image\/\",\"url\":\"https:\/\/secure.gravatar.com\/avatar\/8c20b0655fdafee9c0df649069a458b1bde697487be3b0da4df8754f3de7042c?s=96&d=mm&r=g\",\"contentUrl\":\"https:\/\/secure.gravatar.com\/avatar\/8c20b0655fdafee9c0df649069a458b1bde697487be3b0da4df8754f3de7042c?s=96&d=mm&r=g\",\"caption\":\"Jenny Diab\"},\"description\":\"Cr\u00e9atrice du blog JDroadtrip.tv, je voyage seule \u00e0 travers le monde et je partage mes exp\u00e9riences de voyageuse solo. \u00c0 travers ce blog, je vous invite \u00e0 d\u00e9couvrir un maximum de bons plans et astuces (h\u00e9bergements, activit\u00e9s, restaurants, transports \u2026) pour pr\u00e9parer au mieux vos futurs voyages. Si vous \u00eates une fille qui voyage \u00e0 travers le monde, rejoignez la communaut\u00e9 Voyager au f\u00e9minin et si vous avez des questions, n'h\u00e9sitez pas \u00e0 \u00e0 me contacter. D\u00c9COUVREZ QUI SUIS-JE.\",\"sameAs\":[\"https:\/\/www.jdroadtrip.tv\",\"https:\/\/www.facebook.com\/JDroadtrip\",\"https:\/\/www.instagram.com\/jdroadtrip\/\",\"https:\/\/www.linkedin.com\/in\/jennydiab\",\"https:\/\/www.pinterest.com\/Jdroadtrip\",\"https:\/\/x.com\/JDroadtrip\"],\"url\":\"https:\/\/www.jdroadtrip.tv\/blog\/author\/jd\/\"}]}<\/script>\n<!-- \/ Yoast SEO Premium plugin. -->","yoast_head_json":{"title":"Portrait de D\u00e9borah, qui s'est expatri\u00e9e en Irlande - JDroadtrip.tv","description":"D\u00e9borah s'est expatri\u00e9e en Irlande pendant 8 mois, elle a voyag\u00e9 seule \u00e0 travers le pays et vous partage son exp\u00e9rience...","robots":{"index":"index","follow":"follow","max-snippet":"max-snippet:-1","max-image-preview":"max-image-preview:large","max-video-preview":"max-video-preview:-1"},"canonical":"https:\/\/www.jdroadtrip.tv\/blog\/portrait-deborah-expatriee-en-irlande\/","og_locale":"fr_FR","og_type":"article","og_title":"Portrait de D\u00e9borah, qui s'est expatri\u00e9e en Irlande","og_description":"D\u00e9borah s'est expatri\u00e9e en Irlande pendant 8 mois, elle a voyag\u00e9 seule \u00e0 travers le pays et vous partage son exp\u00e9rience...","og_url":"https:\/\/www.jdroadtrip.tv\/blog\/portrait-deborah-expatriee-en-irlande\/","og_site_name":"JDroadtrip - Blog de voyage pour voyager au f\u00e9minin !","article_publisher":"https:\/\/www.facebook.com\/JDRoadTrip","article_author":"https:\/\/www.facebook.com\/JDroadtrip","article_published_time":"2017-01-10T11:41:42+00:00","article_modified_time":"2025-06-10T19:46:08+00:00","og_image":[{"width":800,"height":486,"url":"https:\/\/www.jdroadtrip.tv\/blog\/wp-content\/uploads\/2017\/01\/deborah-expatriee-en-irlande-img.jpg","type":"image\/jpeg"}],"author":"Jenny Diab","twitter_card":"summary_large_image","twitter_creator":"@JDroadtrip","twitter_site":"@JDroadtrip","twitter_misc":{"\u00c9crit par":"Jenny Diab","Dur\u00e9e de lecture estim\u00e9e":"6 minutes"},"schema":{"@context":"https:\/\/schema.org","@graph":[{"@type":"Article","@id":"https:\/\/www.jdroadtrip.tv\/blog\/portrait-deborah-expatriee-en-irlande\/#article","isPartOf":{"@id":"https:\/\/www.jdroadtrip.tv\/blog\/portrait-deborah-expatriee-en-irlande\/"},"author":{"name":"Jenny Diab","@id":"https:\/\/www.jdroadtrip.tv\/blog\/#\/schema\/person\/d204bfc7d00ba74276391d8e42b58a3e"},"headline":"Portrait de D\u00e9borah, qui s&rsquo;est expatri\u00e9e en Irlande","datePublished":"2017-01-10T11:41:42+00:00","dateModified":"2025-06-10T19:46:08+00:00","mainEntityOfPage":{"@id":"https:\/\/www.jdroadtrip.tv\/blog\/portrait-deborah-expatriee-en-irlande\/"},"wordCount":1215,"commentCount":3,"publisher":{"@id":"https:\/\/www.jdroadtrip.tv\/blog\/#organization"},"image":{"@id":"https:\/\/www.jdroadtrip.tv\/blog\/portrait-deborah-expatriee-en-irlande\/#primaryimage"},"thumbnailUrl":"https:\/\/www.jdroadtrip.tv\/blog\/wp-content\/uploads\/2017\/01\/deborah-expatriee-en-irlande-img.jpg","articleSection":["Voyager Seule"],"inLanguage":"fr-FR","potentialAction":[{"@type":"CommentAction","name":"Comment","target":["https:\/\/www.jdroadtrip.tv\/blog\/portrait-deborah-expatriee-en-irlande\/#respond"]}]},{"@type":"WebPage","@id":"https:\/\/www.jdroadtrip.tv\/blog\/portrait-deborah-expatriee-en-irlande\/","url":"https:\/\/www.jdroadtrip.tv\/blog\/portrait-deborah-expatriee-en-irlande\/","name":"Portrait de D\u00e9borah, qui s'est expatri\u00e9e en Irlande - JDroadtrip.tv","isPartOf":{"@id":"https:\/\/www.jdroadtrip.tv\/blog\/#website"},"primaryImageOfPage":{"@id":"https:\/\/www.jdroadtrip.tv\/blog\/portrait-deborah-expatriee-en-irlande\/#primaryimage"},"image":{"@id":"https:\/\/www.jdroadtrip.tv\/blog\/portrait-deborah-expatriee-en-irlande\/#primaryimage"},"thumbnailUrl":"https:\/\/www.jdroadtrip.tv\/blog\/wp-content\/uploads\/2017\/01\/deborah-expatriee-en-irlande-img.jpg","datePublished":"2017-01-10T11:41:42+00:00","dateModified":"2025-06-10T19:46:08+00:00","description":"D\u00e9borah s'est expatri\u00e9e en Irlande pendant 8 mois, elle a voyag\u00e9 seule \u00e0 travers le pays et vous partage son exp\u00e9rience...","breadcrumb":{"@id":"https:\/\/www.jdroadtrip.tv\/blog\/portrait-deborah-expatriee-en-irlande\/#breadcrumb"},"inLanguage":"fr-FR","potentialAction":[{"@type":"ReadAction","target":["https:\/\/www.jdroadtrip.tv\/blog\/portrait-deborah-expatriee-en-irlande\/"]}]},{"@type":"ImageObject","inLanguage":"fr-FR","@id":"https:\/\/www.jdroadtrip.tv\/blog\/portrait-deborah-expatriee-en-irlande\/#primaryimage","url":"https:\/\/www.jdroadtrip.tv\/blog\/wp-content\/uploads\/2017\/01\/deborah-expatriee-en-irlande-img.jpg","contentUrl":"https:\/\/www.jdroadtrip.tv\/blog\/wp-content\/uploads\/2017\/01\/deborah-expatriee-en-irlande-img.jpg","width":800,"height":486},{"@type":"BreadcrumbList","@id":"https:\/\/www.jdroadtrip.tv\/blog\/portrait-deborah-expatriee-en-irlande\/#breadcrumb","itemListElement":[{"@type":"ListItem","position":1,"name":"Accueil","item":"https:\/\/www.jdroadtrip.tv\/blog\/"},{"@type":"ListItem","position":2,"name":"Portrait de D\u00e9borah, qui s&rsquo;est expatri\u00e9e en Irlande"}]},{"@type":"WebSite","@id":"https:\/\/www.jdroadtrip.tv\/blog\/#website","url":"https:\/\/www.jdroadtrip.tv\/blog\/","name":"JDroadtrip - Blog de voyage au f\u00e9minin : Outdoor, Trek, Slow travel","description":"M\u00e9dia pour voyager au f\u00e9minin","publisher":{"@id":"https:\/\/www.jdroadtrip.tv\/blog\/#organization"},"alternateName":"JDroadtrip - Voyager au f\u00e9minin","potentialAction":[{"@type":"SearchAction","target":{"@type":"EntryPoint","urlTemplate":"https:\/\/www.jdroadtrip.tv\/blog\/?s={search_term_string}"},"query-input":{"@type":"PropertyValueSpecification","valueRequired":true,"valueName":"search_term_string"}}],"inLanguage":"fr-FR"},{"@type":"Organization","@id":"https:\/\/www.jdroadtrip.tv\/blog\/#organization","name":"JDroadtrip - Blog de voyage pour voyager au f\u00e9minin !","alternateName":"JDroadtrip - Voyager au f\u00e9minin","url":"https:\/\/www.jdroadtrip.tv\/blog\/","logo":{"@type":"ImageObject","inLanguage":"fr-FR","@id":"https:\/\/www.jdroadtrip.tv\/blog\/#\/schema\/logo\/image\/","url":"https:\/\/www.jdroadtrip.tv\/blog\/wp-content\/uploads\/2023\/08\/Logo-HD-petit.png","contentUrl":"https:\/\/www.jdroadtrip.tv\/blog\/wp-content\/uploads\/2023\/08\/Logo-HD-petit.png","width":300,"height":300,"caption":"JDroadtrip - Blog de voyage pour voyager au f\u00e9minin !"},"image":{"@id":"https:\/\/www.jdroadtrip.tv\/blog\/#\/schema\/logo\/image\/"},"sameAs":["https:\/\/www.facebook.com\/JDRoadTrip","https:\/\/x.com\/JDroadtrip","https:\/\/instagram.com\/jdroadtrip\/","http:\/\/www.linkedin.com\/in\/jennydiab","https:\/\/www.pinterest.fr\/jdroadtrip\/","https:\/\/www.youtube.com\/channel\/UCerVm4aMyTj9AxDDWmSx9_g"],"description":"Blog de voyage pour les femmes qui voyagent \u00e0 travers le monde.","email":"contact@jdroadtrip.tv","legalName":"Jenny Diab","numberOfEmployees":{"@type":"QuantitativeValue","minValue":"1","maxValue":"10"}},{"@type":"Person","@id":"https:\/\/www.jdroadtrip.tv\/blog\/#\/schema\/person\/d204bfc7d00ba74276391d8e42b58a3e","name":"Jenny Diab","image":{"@type":"ImageObject","inLanguage":"fr-FR","@id":"https:\/\/www.jdroadtrip.tv\/blog\/#\/schema\/person\/image\/","url":"https:\/\/secure.gravatar.com\/avatar\/8c20b0655fdafee9c0df649069a458b1bde697487be3b0da4df8754f3de7042c?s=96&d=mm&r=g","contentUrl":"https:\/\/secure.gravatar.com\/avatar\/8c20b0655fdafee9c0df649069a458b1bde697487be3b0da4df8754f3de7042c?s=96&d=mm&r=g","caption":"Jenny Diab"},"description":"Cr\u00e9atrice du blog JDroadtrip.tv, je voyage seule \u00e0 travers le monde et je partage mes exp\u00e9riences de voyageuse solo. \u00c0 travers ce blog, je vous invite \u00e0 d\u00e9couvrir un maximum de bons plans et astuces (h\u00e9bergements, activit\u00e9s, restaurants, transports \u2026) pour pr\u00e9parer au mieux vos futurs voyages. Si vous \u00eates une fille qui voyage \u00e0 travers le monde, rejoignez la communaut\u00e9 Voyager au f\u00e9minin et si vous avez des questions, n'h\u00e9sitez pas \u00e0 \u00e0 me contacter. D\u00c9COUVREZ QUI SUIS-JE.","sameAs":["https:\/\/www.jdroadtrip.tv","https:\/\/www.facebook.com\/JDroadtrip","https:\/\/www.instagram.com\/jdroadtrip\/","https:\/\/www.linkedin.com\/in\/jennydiab","https:\/\/www.pinterest.com\/Jdroadtrip","https:\/\/x.com\/JDroadtrip"],"url":"https:\/\/www.jdroadtrip.tv\/blog\/author\/jd\/"}]}},"_links":{"self":[{"href":"https:\/\/www.jdroadtrip.tv\/blog\/wp-json\/wp\/v2\/posts\/20994","targetHints":{"allow":["GET"]}}],"collection":[{"href":"https:\/\/www.jdroadtrip.tv\/blog\/wp-json\/wp\/v2\/posts"}],"about":[{"href":"https:\/\/www.jdroadtrip.tv\/blog\/wp-json\/wp\/v2\/types\/post"}],"author":[{"embeddable":true,"href":"https:\/\/www.jdroadtrip.tv\/blog\/wp-json\/wp\/v2\/users\/1"}],"replies":[{"embeddable":true,"href":"https:\/\/www.jdroadtrip.tv\/blog\/wp-json\/wp\/v2\/comments?post=20994"}],"version-history":[{"count":0,"href":"https:\/\/www.jdroadtrip.tv\/blog\/wp-json\/wp\/v2\/posts\/20994\/revisions"}],"wp:featuredmedia":[{"embeddable":true,"href":"https:\/\/www.jdroadtrip.tv\/blog\/wp-json\/wp\/v2\/media\/20997"}],"wp:attachment":[{"href":"https:\/\/www.jdroadtrip.tv\/blog\/wp-json\/wp\/v2\/media?parent=20994"}],"wp:term":[{"taxonomy":"category","embeddable":true,"href":"https:\/\/www.jdroadtrip.tv\/blog\/wp-json\/wp\/v2\/categories?post=20994"},{"taxonomy":"post_tag","embeddable":true,"href":"https:\/\/www.jdroadtrip.tv\/blog\/wp-json\/wp\/v2\/tags?post=20994"},{"taxonomy":"table_tags","embeddable":true,"href":"https:\/\/www.jdroadtrip.tv\/blog\/wp-json\/wp\/v2\/table_tags?post=20994"}],"curies":[{"name":"wp","href":"https:\/\/api.w.org\/{rel}","templated":true}]}}