{"id":20443,"date":"2017-01-03T11:42:31","date_gmt":"2017-01-03T10:42:31","guid":{"rendered":"http:\/\/www.jdroadtrip.tv\/blog\/?p=20443"},"modified":"2024-06-22T12:01:02","modified_gmt":"2024-06-22T11:01:02","slug":"bilan-2016-des-voyages-ou-voyager-en-2017","status":"publish","type":"post","link":"https:\/\/www.jdroadtrip.tv\/blog\/bilan-2016-des-voyages-ou-voyager-en-2017\/","title":{"rendered":"Bilan 2016 des voyages et du blogging"},"content":{"rendered":"\t\t<div data-elementor-type=\"wp-post\" data-elementor-id=\"20443\" class=\"elementor elementor-20443\" data-elementor-post-type=\"post\">\n\t\t\t\t\t\t<section class=\"elementor-section elementor-top-section elementor-element elementor-element-0b1051d elementor-section-boxed elementor-section-height-default elementor-section-height-default\" data-id=\"0b1051d\" data-element_type=\"section\">\n\t\t\t\t\t\t<div class=\"elementor-container elementor-column-gap-default\">\n\t\t\t\t\t<div class=\"elementor-column elementor-col-100 elementor-top-column elementor-element elementor-element-f4eb82c\" data-id=\"f4eb82c\" data-element_type=\"column\">\n\t\t\t<div class=\"elementor-widget-wrap elementor-element-populated\">\n\t\t\t\t\t\t<div class=\"elementor-element elementor-element-6ffcce2 elementor-widget elementor-widget-heading\" data-id=\"6ffcce2\" data-element_type=\"widget\" data-widget_type=\"heading.default\">\n\t\t\t\t<div class=\"elementor-widget-container\">\n\t\t\t\t\t<h2 class=\"elementor-heading-title elementor-size-default\">Bilan 2016 des voyages et du blogging<\/h2>\t\t\t\t<\/div>\n\t\t\t\t<\/div>\n\t\t\t\t<div class=\"elementor-element elementor-element-5a971f1 elementor-widget elementor-widget-text-editor\" data-id=\"5a971f1\" data-element_type=\"widget\" data-widget_type=\"text-editor.default\">\n\t\t\t\t<div class=\"elementor-widget-container\">\n\t\t\t\t\t\t\t\t\t<h3>O\u00f9 voyager en 2017 ?<\/h3><p>J&rsquo;ai eu plusieurs destinations \u00ab\u00a0coups de c\u0153ur\u00a0\u00bb, qui, j&rsquo;esp\u00e8re, vous donneront des id\u00e9es de o\u00f9 voyager en 2017. Il est temps que je vous raconte cette ann\u00e9e de folie ! <strong>Certaines destinations sont v\u00e9cue avec beaucoup de tristesse mais cela n&rsquo;enl\u00e8ve en rien la beaut\u00e9 du pays ou de la r\u00e9gion.<\/strong> Je vis mes voyages avec le c\u0153ur donc forc\u00e9ment quand on le brise, je profite diff\u00e9remment et apprends \u00e0 accepter les choses tels qu&rsquo;elles arrivent. Donc voila le bilan 2016 des voyages&#8230;<\/p>\t\t\t\t\t\t\t\t<\/div>\n\t\t\t\t<\/div>\n\t\t\t\t<div class=\"elementor-element elementor-element-f96e871 elementor-widget-divider--view-line elementor-widget elementor-widget-global elementor-global-41411 elementor-widget-divider\" data-id=\"f96e871\" data-element_type=\"widget\" data-widget_type=\"divider.default\">\n\t\t\t\t<div class=\"elementor-widget-container\">\n\t\t\t\t\t\t\t<div class=\"elementor-divider\">\n\t\t\t<span class=\"elementor-divider-separator\">\n\t\t\t\t\t\t<\/span>\n\t\t<\/div>\n\t\t\t\t\t\t<\/div>\n\t\t\t\t<\/div>\n\t\t\t\t\t<\/div>\n\t\t<\/div>\n\t\t\t\t\t<\/div>\n\t\t<\/section>\n\t\t\t\t<section class=\"elementor-section elementor-top-section elementor-element elementor-element-ee75601 elementor-section-boxed elementor-section-height-default elementor-section-height-default\" data-id=\"ee75601\" data-element_type=\"section\">\n\t\t\t\t\t\t<div class=\"elementor-container elementor-column-gap-default\">\n\t\t\t\t\t<div class=\"elementor-column elementor-col-100 elementor-top-column elementor-element elementor-element-88e401e\" data-id=\"88e401e\" data-element_type=\"column\">\n\t\t\t<div class=\"elementor-widget-wrap elementor-element-populated\">\n\t\t\t\t\t\t<div class=\"elementor-element elementor-element-89c9f3b elementor-widget elementor-widget-text-editor\" data-id=\"89c9f3b\" data-element_type=\"widget\" data-widget_type=\"text-editor.default\">\n\t\t\t\t<div class=\"elementor-widget-container\">\n\t\t\t\t\t\t\t\t\t<h4 style=\"text-align: justify;\">F\u00e9vrier : Prague, Cracovie, Rome, Pise et Milan<\/h4><p style=\"text-align: justify;\">Un vrai bordel ce voyage, mais avec le recul, je ne changerai rien ! <strong>C&rsquo;est la premi\u00e8re fois que je ne pr\u00e9voyais rien, je connaissais juste ma premi\u00e8re destination et je rejoignais un pote pour faire quelques destinations d&rsquo;Europe !<\/strong> Clairement, le voyage ne s&rsquo;est pass\u00e9 comme pr\u00e9vu&#8230; Mon pote \u00e0 continu\u00e9 son voyage tout seul et j&rsquo;ai continu\u00e9 le mien avec Camille, rencontr\u00e9 \u00e0 Prague ! Le truc compl\u00e8tement improbable !<\/p><p style=\"text-align: justify;\">Prague est une destination incroyable, pas ch\u00e8re donc si vous ne savez pas o\u00f9 voyager en 2017, je vous recommande la R\u00e9publique Tch\u00e8que !<\/p><p style=\"text-align: justify;\">M\u00eame si sur le moment, j&rsquo;en voulais un peu \u00e0 mon pote, d&rsquo;ailleurs voil\u00e0 <strong><a href=\"https:\/\/www.jdroadtrip.tv\/blog\/pourquoi-voyager-seule-en-sac-a-dos\/\" target=\"_blank\" rel=\"noopener noreferrer\">pourquoi j&rsquo;ai d\u00e9cid\u00e9 de voyager seule en sac \u00e0 dos<\/a><\/strong>, c&rsquo;est pour \u00e9viter tout conflit ! <strong>Je n&rsquo;oublierai jamais les fous rires interminables avec Camille !<\/strong> C&rsquo;\u00e9tait une rencontre exceptionnelle !<\/p><ul><li style=\"text-align: justify;\"><strong><a href=\"https:\/\/www.jdroadtrip.tv\/blog\/category\/europe\/republique-tcheque\/\" target=\"_blank\" rel=\"noopener noreferrer\">Tout savoir pour pr\u00e9parer son voyage en R\u00e9publique Tch\u00e8que<\/a><\/strong><\/li><li style=\"text-align: justify;\"><strong><a href=\"https:\/\/www.jdroadtrip.tv\/blog\/category\/europe\/pologne\/\" target=\"_blank\" rel=\"noopener noreferrer\">Tout savoir pour pr\u00e9parer son voyage en Pologne<\/a><\/strong><\/li><li style=\"text-align: justify;\"><strong><a href=\"https:\/\/www.jdroadtrip.tv\/blog\/category\/europe\/italie\/\" target=\"_blank\" rel=\"noopener noreferrer\">Tout savoir pour pr\u00e9parer son voyage en Italie<\/a><\/strong><\/li><\/ul><p style=\"text-align: justify;\"><img fetchpriority=\"high\" decoding=\"async\" class=\"wp-image-17694 size-full aligncenter\" src=\"https:\/\/www.jdroadtrip.tv\/blog\/wp-content\/uploads\/2016\/02\/pourquoi-voyager-seule-sac-a-dos07.jpg\" alt=\"Bilan 2016 des voyages\" width=\"800\" height=\"600\" srcset=\"https:\/\/www.jdroadtrip.tv\/blog\/wp-content\/uploads\/2016\/02\/pourquoi-voyager-seule-sac-a-dos07.jpg 800w, https:\/\/www.jdroadtrip.tv\/blog\/wp-content\/uploads\/2016\/02\/pourquoi-voyager-seule-sac-a-dos07-300x225.jpg 300w, https:\/\/www.jdroadtrip.tv\/blog\/wp-content\/uploads\/2016\/02\/pourquoi-voyager-seule-sac-a-dos07-250x188.jpg 250w, https:\/\/www.jdroadtrip.tv\/blog\/wp-content\/uploads\/2016\/02\/pourquoi-voyager-seule-sac-a-dos07-768x576.jpg 768w, https:\/\/www.jdroadtrip.tv\/blog\/wp-content\/uploads\/2016\/02\/pourquoi-voyager-seule-sac-a-dos07-585x439.jpg 585w\" sizes=\"(max-width: 800px) 100vw, 800px\" \/><\/p>\t\t\t\t\t\t\t\t<\/div>\n\t\t\t\t<\/div>\n\t\t\t\t<div class=\"elementor-element elementor-element-d7799ae elementor-widget-divider--view-line elementor-widget elementor-widget-global elementor-global-41411 elementor-widget-divider\" data-id=\"d7799ae\" data-element_type=\"widget\" data-widget_type=\"divider.default\">\n\t\t\t\t<div class=\"elementor-widget-container\">\n\t\t\t\t\t\t\t<div class=\"elementor-divider\">\n\t\t\t<span class=\"elementor-divider-separator\">\n\t\t\t\t\t\t<\/span>\n\t\t<\/div>\n\t\t\t\t\t\t<\/div>\n\t\t\t\t<\/div>\n\t\t\t\t\t<\/div>\n\t\t<\/div>\n\t\t\t\t\t<\/div>\n\t\t<\/section>\n\t\t\t\t<section class=\"elementor-section elementor-top-section elementor-element elementor-element-beab79d elementor-section-boxed elementor-section-height-default elementor-section-height-default\" data-id=\"beab79d\" data-element_type=\"section\">\n\t\t\t\t\t\t<div class=\"elementor-container elementor-column-gap-default\">\n\t\t\t\t\t<div class=\"elementor-column elementor-col-100 elementor-top-column elementor-element elementor-element-f070e36\" data-id=\"f070e36\" data-element_type=\"column\">\n\t\t\t<div class=\"elementor-widget-wrap elementor-element-populated\">\n\t\t\t\t\t\t<div class=\"elementor-element elementor-element-63941fa elementor-widget elementor-widget-text-editor\" data-id=\"63941fa\" data-element_type=\"widget\" data-widget_type=\"text-editor.default\">\n\t\t\t\t<div class=\"elementor-widget-container\">\n\t\t\t\t\t\t\t\t\t<h4>Avril : Bruxelles \/ Corse<\/h4><ul><li><strong>Bruxelles<\/strong><\/li><\/ul><p>En avril, deux semaines apr\u00e8s les attentats en Belgique, j&rsquo;ai particip\u00e9 pour la premi\u00e8re fois au salon des blogueurs voyages \u00e0 Bruxelles. J&rsquo;ai red\u00e9couvert Bruxelles avec une journ\u00e9e \u00e0 Anvers. C&rsquo;est la destination de mon bilan 2016 des voyages, la plus marquante !<\/p><p>Une exp\u00e9rience tr\u00e8s enrichissante qui m&rsquo;a permise de faire plein de rencontres professionnelles et de d\u00e9couvrir plein de blogueurs tr\u00e8s int\u00e9ressants que j&rsquo;ai h\u00e2te de revoir lors du prochain salon WAT17 \u00e0 Saint-Malo.<\/p><ul><li><strong><a href=\"https:\/\/www.jdroadtrip.tv\/blog\/category\/europe\/belgique\/\" target=\"_blank\" rel=\"noopener noreferrer\">Tout savoir pour pr\u00e9parer son voyage en Belgique<\/a><\/strong><\/li><\/ul><p><img decoding=\"async\" class=\"aligncenter wp-image-18837 size-full\" src=\"https:\/\/www.jdroadtrip.tv\/blog\/wp-content\/uploads\/2016\/04\/Salon-des-blogueurs04-1.jpg\" alt=\"Bilan 2016 des voyages\" width=\"960\" height=\"640\" srcset=\"https:\/\/www.jdroadtrip.tv\/blog\/wp-content\/uploads\/2016\/04\/Salon-des-blogueurs04-1.jpg 960w, https:\/\/www.jdroadtrip.tv\/blog\/wp-content\/uploads\/2016\/04\/Salon-des-blogueurs04-1-300x200.jpg 300w, https:\/\/www.jdroadtrip.tv\/blog\/wp-content\/uploads\/2016\/04\/Salon-des-blogueurs04-1-800x533.jpg 800w, https:\/\/www.jdroadtrip.tv\/blog\/wp-content\/uploads\/2016\/04\/Salon-des-blogueurs04-1-250x167.jpg 250w, https:\/\/www.jdroadtrip.tv\/blog\/wp-content\/uploads\/2016\/04\/Salon-des-blogueurs04-1-768x512.jpg 768w, https:\/\/www.jdroadtrip.tv\/blog\/wp-content\/uploads\/2016\/04\/Salon-des-blogueurs04-1-566x377.jpg 566w, https:\/\/www.jdroadtrip.tv\/blog\/wp-content\/uploads\/2016\/04\/Salon-des-blogueurs04-1-390x260.jpg 390w, https:\/\/www.jdroadtrip.tv\/blog\/wp-content\/uploads\/2016\/04\/Salon-des-blogueurs04-1-103x68.jpg 103w\" sizes=\"(max-width: 960px) 100vw, 960px\" \/><\/p><ul><li><strong>Corse<\/strong><\/li><\/ul><p>Je suis partie \u00e0 la d\u00e9couverte de Bastia, Calvi et l&rsquo;\u00eele Rousse, <strong>un s\u00e9jour m\u00e9morable avec 7 blogueuses extraordinaires<\/strong>. La r\u00e9gion Balagne est chaleureuse et accueillante, c&rsquo;est ici que je me suis surpass\u00e9e lors du tyrotrekking, se lancer \u00e0 150m de haut, c&rsquo;est compliqu\u00e9 et puis une fois parti, c&rsquo;est le kiff total !!! Le rythme de ce s\u00e9jour en Corse \u00e9tait : soleil, fous rires, brocciu, charcuterie, accent chantant&#8230; Si vous recherchez une destination o\u00f9 voyager en 2017 avec du soleil, la Corse vous comblera !<\/p><p><iframe src=\"https:\/\/www.youtube.com\/embed\/4dsrZAPYsrk\" width=\"560\" height=\"315\" frameborder=\"0\" allowfullscreen=\"allowfullscreen\" data-mce-fragment=\"1\"><\/iframe><\/p><p>Je crois que c&rsquo;est l&rsquo;un de mes plus beaux souvenirs de voyage de presse, on ne se connaissait pas et le premier soir, dans le ferry, on s&rsquo;est racont\u00e9 des choses qu&rsquo;on raconte qu&rsquo;\u00e0 des proches, <strong>notre fameux \u00ab\u00a0About\u00a0\u00bb restera un tr\u00e8s beau souvenir<\/strong>. Je n&rsquo;oublierai jamais !<\/p><ul><li><strong><a href=\"https:\/\/www.jdroadtrip.tv\/blog\/visiter-calvi-et-lile-rousse-region-balagne-corse\/\" target=\"_blank\" rel=\"noopener noreferrer\">Visiter la r\u00e9gion Balagne en Corse<\/a><\/strong><\/li><li><strong><a href=\"https:\/\/www.jdroadtrip.tv\/blog\/week-end-pour-visiter-bastia-et-la-vallee-de-lasco-corse\/\" target=\"_blank\" rel=\"noopener noreferrer\">S\u00e9jour en Corse &#8211; Visiter Bastia et la vall\u00e9e de l&rsquo;Asco<\/a><\/strong><\/li><\/ul><p><img decoding=\"async\" class=\"aligncenter wp-image-18906 size-full\" src=\"https:\/\/www.jdroadtrip.tv\/blog\/wp-content\/uploads\/2016\/06\/Sejour-en-corse-visiter-bastia-vallee-de-lasco03.jpg\" alt=\"Bilan 2016 des voyages\" width=\"800\" height=\"600\" srcset=\"https:\/\/www.jdroadtrip.tv\/blog\/wp-content\/uploads\/2016\/06\/Sejour-en-corse-visiter-bastia-vallee-de-lasco03.jpg 800w, https:\/\/www.jdroadtrip.tv\/blog\/wp-content\/uploads\/2016\/06\/Sejour-en-corse-visiter-bastia-vallee-de-lasco03-300x225.jpg 300w, https:\/\/www.jdroadtrip.tv\/blog\/wp-content\/uploads\/2016\/06\/Sejour-en-corse-visiter-bastia-vallee-de-lasco03-250x188.jpg 250w, https:\/\/www.jdroadtrip.tv\/blog\/wp-content\/uploads\/2016\/06\/Sejour-en-corse-visiter-bastia-vallee-de-lasco03-768x576.jpg 768w, https:\/\/www.jdroadtrip.tv\/blog\/wp-content\/uploads\/2016\/06\/Sejour-en-corse-visiter-bastia-vallee-de-lasco03-585x439.jpg 585w\" sizes=\"(max-width: 800px) 100vw, 800px\" \/><\/p>\t\t\t\t\t\t\t\t<\/div>\n\t\t\t\t<\/div>\n\t\t\t\t<div class=\"elementor-element elementor-element-24c43b5 elementor-widget-divider--view-line elementor-widget elementor-widget-global elementor-global-41411 elementor-widget-divider\" data-id=\"24c43b5\" data-element_type=\"widget\" data-widget_type=\"divider.default\">\n\t\t\t\t<div class=\"elementor-widget-container\">\n\t\t\t\t\t\t\t<div class=\"elementor-divider\">\n\t\t\t<span class=\"elementor-divider-separator\">\n\t\t\t\t\t\t<\/span>\n\t\t<\/div>\n\t\t\t\t\t\t<\/div>\n\t\t\t\t<\/div>\n\t\t\t\t\t<\/div>\n\t\t<\/div>\n\t\t\t\t\t<\/div>\n\t\t<\/section>\n\t\t\t\t<section class=\"elementor-section elementor-top-section elementor-element elementor-element-c5faea8 elementor-section-boxed elementor-section-height-default elementor-section-height-default\" data-id=\"c5faea8\" data-element_type=\"section\">\n\t\t\t\t\t\t<div class=\"elementor-container elementor-column-gap-default\">\n\t\t\t\t\t<div class=\"elementor-column elementor-col-100 elementor-top-column elementor-element elementor-element-57e31a5\" data-id=\"57e31a5\" data-element_type=\"column\">\n\t\t\t<div class=\"elementor-widget-wrap elementor-element-populated\">\n\t\t\t\t\t\t<div class=\"elementor-element elementor-element-b95ba2d elementor-widget elementor-widget-text-editor\" data-id=\"b95ba2d\" data-element_type=\"widget\" data-widget_type=\"text-editor.default\">\n\t\t\t\t<div class=\"elementor-widget-container\">\n\t\t\t\t\t\t\t\t\t<h4 style=\"text-align: justify;\">Mai : Mont Saint Michel \/ P\u00e9rigord<\/h4><ul style=\"text-align: justify;\"><li><strong>Mont Saint-Michel<\/strong><\/li><\/ul><p style=\"text-align: justify;\">Un court s\u00e9jour, mais tr\u00e8s int\u00e9ressant, c&rsquo;est un plaisir de d\u00e9couvrir le patrimoine fran\u00e7ais !<strong> M\u00eame si la pluie \u00e9tait tr\u00e8s pr\u00e9sente, cela ne g\u00e2chait pas la beaut\u00e9 du Mont-Saint-Michel.<\/strong> Go\u00fbter la c\u00e9l\u00e8bre omelette de la m\u00e8re Poulard \u00e9tait extra et finir pied nu dans la baie \u00e0 admirer le Mont sous toutes ses formes. O\u00f9 voyager en 2017 le temps d&rsquo;un week-end ? En Normandie !<\/p><p style=\"text-align: justify;\">J&rsquo;ai rencontr\u00e9 Ines, une blogueuse mode \/ lifestyle (<strong><a href=\"http:\/\/www.frenchfashiontouch.com\/\" target=\"_blank\" rel=\"noopener noreferrer\">FrenchFashionTouch<\/a><\/strong>) qui deviendra une amie proche avec qui je partage la passion du blogging.<\/p><ul><li style=\"text-align: justify;\"><strong><a href=\"https:\/\/www.jdroadtrip.tv\/blog\/visiter-le-mont-saint-michel-week-end-2-jours\/\" target=\"_blank\" rel=\"noopener noreferrer\">Visiter le Mont Saint-Michel en un week-end<\/a><\/strong><\/li><\/ul><p><img loading=\"lazy\" decoding=\"async\" class=\"aligncenter wp-image-18991 size-full\" src=\"https:\/\/www.jdroadtrip.tv\/blog\/wp-content\/uploads\/2016\/06\/Visiter-mont-saint-michel29.jpg\" alt=\"o\u00f9 voyager en 2017\" width=\"450\" height=\"800\" \/><strong>P\u00e9rigord<\/strong><\/p><p style=\"text-align: justify;\">Je l&rsquo;attendais avec impatience ce voyage, car je partais avec ma grande copine Clo (<strong><a href=\"http:\/\/www.evasionsgourmandes.com\" target=\"_blank\" rel=\"noopener noreferrer\">Evasions Gourmandes<\/a><\/strong>) et on avait h\u00e2te de d\u00e9couvrir cette r\u00e9gion. <strong>Notre complicit\u00e9 a rendu ce s\u00e9jour m\u00e9morable, des fous rires sans fin<\/strong>, une gastronomie fine, un moment particulier de pouvoir visiter l\u2019impressionnante grotte de Lascaux 2. Cette r\u00e9gion est id\u00e9ale pour un week-end donc retenez-l\u00e0 bien pour savoir o\u00f9 voyager en 2017.<\/p><ul><li style=\"text-align: justify;\"><strong><a href=\"https:\/\/www.jdroadtrip.tv\/blog\/week-end-visiter-le-perigord-dordogne-lascaux\/\" target=\"_blank\" rel=\"noopener noreferrer\">Week-end dans le P\u00e9rigord \/ Dordogne et visiter la grotte de Lascaux 2<\/a><\/strong><\/li><\/ul><p style=\"text-align: justify;\"><img loading=\"lazy\" decoding=\"async\" class=\"aligncenter wp-image-19525 size-full\" src=\"https:\/\/www.jdroadtrip.tv\/blog\/wp-content\/uploads\/2016\/07\/Week-end-Perigord-Dordogne05.jpg\" alt=\"o\u00f9 voyager en 2017\" width=\"800\" height=\"600\" srcset=\"https:\/\/www.jdroadtrip.tv\/blog\/wp-content\/uploads\/2016\/07\/Week-end-Perigord-Dordogne05.jpg 800w, https:\/\/www.jdroadtrip.tv\/blog\/wp-content\/uploads\/2016\/07\/Week-end-Perigord-Dordogne05-300x225.jpg 300w, https:\/\/www.jdroadtrip.tv\/blog\/wp-content\/uploads\/2016\/07\/Week-end-Perigord-Dordogne05-250x188.jpg 250w, https:\/\/www.jdroadtrip.tv\/blog\/wp-content\/uploads\/2016\/07\/Week-end-Perigord-Dordogne05-768x576.jpg 768w, https:\/\/www.jdroadtrip.tv\/blog\/wp-content\/uploads\/2016\/07\/Week-end-Perigord-Dordogne05-585x439.jpg 585w\" sizes=\"(max-width: 800px) 100vw, 800px\" \/><\/p>\t\t\t\t\t\t\t\t<\/div>\n\t\t\t\t<\/div>\n\t\t\t\t<div class=\"elementor-element elementor-element-e3fd931 elementor-widget-divider--view-line elementor-widget elementor-widget-global elementor-global-41411 elementor-widget-divider\" data-id=\"e3fd931\" data-element_type=\"widget\" data-widget_type=\"divider.default\">\n\t\t\t\t<div class=\"elementor-widget-container\">\n\t\t\t\t\t\t\t<div class=\"elementor-divider\">\n\t\t\t<span class=\"elementor-divider-separator\">\n\t\t\t\t\t\t<\/span>\n\t\t<\/div>\n\t\t\t\t\t\t<\/div>\n\t\t\t\t<\/div>\n\t\t\t\t\t<\/div>\n\t\t<\/div>\n\t\t\t\t\t<\/div>\n\t\t<\/section>\n\t\t\t\t<section class=\"elementor-section elementor-top-section elementor-element elementor-element-874f3f4 elementor-section-boxed elementor-section-height-default elementor-section-height-default\" data-id=\"874f3f4\" data-element_type=\"section\">\n\t\t\t\t\t\t<div class=\"elementor-container elementor-column-gap-default\">\n\t\t\t\t\t<div class=\"elementor-column elementor-col-100 elementor-top-column elementor-element elementor-element-17b404f\" data-id=\"17b404f\" data-element_type=\"column\">\n\t\t\t<div class=\"elementor-widget-wrap elementor-element-populated\">\n\t\t\t\t\t\t<div class=\"elementor-element elementor-element-f62a3f3 elementor-widget elementor-widget-text-editor\" data-id=\"f62a3f3\" data-element_type=\"widget\" data-widget_type=\"text-editor.default\">\n\t\t\t\t<div class=\"elementor-widget-container\">\n\t\t\t\t\t\t\t\t\t<h4 style=\"text-align: justify;\">Juin : Bayeux et les plages du d\u00e9barquement<\/h4><p style=\"text-align: justify;\"><strong>\u00c9tant une passionn\u00e9e de la Seconde Guerre mondiale, j&rsquo;ai eu la chance de participer aux 72e anniversaires du D\u00e9barquement.<\/strong> Un moment vraiment unique et exceptionnel, j&rsquo;avais d\u00e9couvert l&rsquo;histoire des pays \u00e9trangers (Allemagne, Pologne, Hongrie&#8230;) mais jamais approfondir le c\u00f4te fran\u00e7ais. J&rsquo;ai \u00e9norm\u00e9ment appris, j&rsquo;ai \u00e9t\u00e9 touch\u00e9e, surprise par l\u2019\u00e9v\u00e9nement et voir \u00e0 quel point les gens de la r\u00e9gion sont investit pour se rem\u00e9morer cette partie de l&rsquo;histoire. Et puis voir des v\u00e9t\u00e9rans, c&rsquo;est tr\u00e8s impressionnant !<\/p><p style=\"text-align: justify;\"><img loading=\"lazy\" decoding=\"async\" class=\"wp-image-20762 size-full aligncenter\" src=\"https:\/\/www.jdroadtrip.tv\/blog\/wp-content\/uploads\/2017\/01\/Bayeux-plages-du-debarquement-1.jpg\" alt=\"o\u00f9 voyager en 2017\" width=\"1000\" height=\"563\" srcset=\"https:\/\/www.jdroadtrip.tv\/blog\/wp-content\/uploads\/2017\/01\/Bayeux-plages-du-debarquement-1.jpg 1000w, https:\/\/www.jdroadtrip.tv\/blog\/wp-content\/uploads\/2017\/01\/Bayeux-plages-du-debarquement-1-300x169.jpg 300w, https:\/\/www.jdroadtrip.tv\/blog\/wp-content\/uploads\/2017\/01\/Bayeux-plages-du-debarquement-1-800x450.jpg 800w, https:\/\/www.jdroadtrip.tv\/blog\/wp-content\/uploads\/2017\/01\/Bayeux-plages-du-debarquement-1-250x141.jpg 250w, https:\/\/www.jdroadtrip.tv\/blog\/wp-content\/uploads\/2017\/01\/Bayeux-plages-du-debarquement-1-768x432.jpg 768w, https:\/\/www.jdroadtrip.tv\/blog\/wp-content\/uploads\/2017\/01\/Bayeux-plages-du-debarquement-1-585x329.jpg 585w\" sizes=\"(max-width: 1000px) 100vw, 1000px\" \/><\/p>\t\t\t\t\t\t\t\t<\/div>\n\t\t\t\t<\/div>\n\t\t\t\t<div class=\"elementor-element elementor-element-ba8d2b3 elementor-widget-divider--view-line elementor-widget elementor-widget-global elementor-global-41411 elementor-widget-divider\" data-id=\"ba8d2b3\" data-element_type=\"widget\" data-widget_type=\"divider.default\">\n\t\t\t\t<div class=\"elementor-widget-container\">\n\t\t\t\t\t\t\t<div class=\"elementor-divider\">\n\t\t\t<span class=\"elementor-divider-separator\">\n\t\t\t\t\t\t<\/span>\n\t\t<\/div>\n\t\t\t\t\t\t<\/div>\n\t\t\t\t<\/div>\n\t\t\t\t\t<\/div>\n\t\t<\/div>\n\t\t\t\t\t<\/div>\n\t\t<\/section>\n\t\t\t\t<section class=\"elementor-section elementor-top-section elementor-element elementor-element-2830578 elementor-section-boxed elementor-section-height-default elementor-section-height-default\" data-id=\"2830578\" data-element_type=\"section\">\n\t\t\t\t\t\t<div class=\"elementor-container elementor-column-gap-default\">\n\t\t\t\t\t<div class=\"elementor-column elementor-col-100 elementor-top-column elementor-element elementor-element-0de31d5\" data-id=\"0de31d5\" data-element_type=\"column\">\n\t\t\t<div class=\"elementor-widget-wrap elementor-element-populated\">\n\t\t\t\t\t\t<div class=\"elementor-element elementor-element-2727de1 elementor-widget elementor-widget-text-editor\" data-id=\"2727de1\" data-element_type=\"widget\" data-widget_type=\"text-editor.default\">\n\t\t\t\t<div class=\"elementor-widget-container\">\n\t\t\t\t\t\t\t\t\t<h4 style=\"text-align: justify;\">Juillet : Su\u00e8de \/ Finlande \/ Chartres<\/h4><ul style=\"text-align: justify;\"><li><strong>Su\u00e8de \/ Archipel Finlandais<\/strong><\/li><\/ul><p style=\"text-align: justify;\">C&rsquo;est la premi\u00e8re fois que je partais en Su\u00e8de &amp; en Finlande et ce voyage a \u00e9t\u00e9 tr\u00e8s difficile, j&rsquo;\u00e9tais en pleine rupture, j\u2019\u00e9tais d\u00e9truite, mais il fallait assurer ce voyage. J&rsquo;ai eu beaucoup de mal psychologiquement \u00e0 profiter, je pleurais beaucoup, mais <strong>je prenais aussi conscience que j&rsquo;arrivais (difficilement !) \u00e0 avancer<\/strong> ! C&rsquo;est l\u00e0-bas que j&rsquo;ai \u00e9cris <strong><a href=\"https:\/\/www.jdroadtrip.tv\/blog\/voyager-est-une-therapie-quand-on-a-le-coeur-brise\/\" target=\"_blank\" rel=\"noopener noreferrer\">voyager est une th\u00e9rapie quand on a le c\u0153ur bris\u00e9<\/a><\/strong>.<\/p><p style=\"text-align: justify;\">Je pleurais, mais j&rsquo;en prenais plein les yeux ! Je suis venue en ferry depuis Stockholm, avec des blogueurs du monde entier, j\u2019\u00e9tais dans l&rsquo;archipel Finlandais : Turku &amp; \u00c5land ! J&rsquo;ai pu d\u00e9couvrir des endroits magnifiques. La Finlande est la destination o\u00f9 voyager en 2017, surtout l&rsquo;\u00e9t\u00e9.<\/p><p style=\"text-align: justify;\"><img loading=\"lazy\" decoding=\"async\" class=\"aligncenter wp-image-20742 size-full\" src=\"https:\/\/www.jdroadtrip.tv\/blog\/wp-content\/uploads\/2017\/01\/Archipel-finlandais01.jpg\" alt=\"o\u00f9 voyager en 2017\" width=\"960\" height=\"640\" srcset=\"https:\/\/www.jdroadtrip.tv\/blog\/wp-content\/uploads\/2017\/01\/Archipel-finlandais01.jpg 960w, https:\/\/www.jdroadtrip.tv\/blog\/wp-content\/uploads\/2017\/01\/Archipel-finlandais01-300x200.jpg 300w, https:\/\/www.jdroadtrip.tv\/blog\/wp-content\/uploads\/2017\/01\/Archipel-finlandais01-800x533.jpg 800w, https:\/\/www.jdroadtrip.tv\/blog\/wp-content\/uploads\/2017\/01\/Archipel-finlandais01-250x167.jpg 250w, https:\/\/www.jdroadtrip.tv\/blog\/wp-content\/uploads\/2017\/01\/Archipel-finlandais01-768x512.jpg 768w, https:\/\/www.jdroadtrip.tv\/blog\/wp-content\/uploads\/2017\/01\/Archipel-finlandais01-585x390.jpg 585w, https:\/\/www.jdroadtrip.tv\/blog\/wp-content\/uploads\/2017\/01\/Archipel-finlandais01-263x175.jpg 263w\" sizes=\"(max-width: 960px) 100vw, 960px\" \/><\/p><p style=\"text-align: justify;\"><img loading=\"lazy\" decoding=\"async\" class=\"aligncenter wp-image-20743 size-full\" src=\"https:\/\/www.jdroadtrip.tv\/blog\/wp-content\/uploads\/2017\/01\/Archipel-Finlandais02.jpg\" alt=\"Bilan 2016 des voyages\" width=\"960\" height=\"640\" srcset=\"https:\/\/www.jdroadtrip.tv\/blog\/wp-content\/uploads\/2017\/01\/Archipel-Finlandais02.jpg 960w, https:\/\/www.jdroadtrip.tv\/blog\/wp-content\/uploads\/2017\/01\/Archipel-Finlandais02-300x200.jpg 300w, https:\/\/www.jdroadtrip.tv\/blog\/wp-content\/uploads\/2017\/01\/Archipel-Finlandais02-800x533.jpg 800w, https:\/\/www.jdroadtrip.tv\/blog\/wp-content\/uploads\/2017\/01\/Archipel-Finlandais02-250x167.jpg 250w, https:\/\/www.jdroadtrip.tv\/blog\/wp-content\/uploads\/2017\/01\/Archipel-Finlandais02-768x512.jpg 768w, https:\/\/www.jdroadtrip.tv\/blog\/wp-content\/uploads\/2017\/01\/Archipel-Finlandais02-585x390.jpg 585w, https:\/\/www.jdroadtrip.tv\/blog\/wp-content\/uploads\/2017\/01\/Archipel-Finlandais02-263x175.jpg 263w\" sizes=\"(max-width: 960px) 100vw, 960px\" \/><\/p><ul style=\"text-align: justify;\"><li><strong>Chartres<\/strong><\/li><\/ul><p style=\"text-align: justify;\">Fin juillet, je partais un week-end visiter Chartres avec sa c\u00e9l\u00e8bre cath\u00e9drale, le mus\u00e9e vitrail, la maison picassiette et <strong>participer \u00e0 l&rsquo;\u00e9v\u00e9nement Chartres en lumi\u00e8re<\/strong>. Un spectacle incroyable r\u00e9parti sur plusieurs monuments de la ville. \u00c0 1h00 de Paris en train, je vous conseille d&rsquo;y aller !<\/p><ul style=\"text-align: justify;\"><li><strong><a href=\"https:\/\/www.jdroadtrip.tv\/blog\/week-end-visiter-chartres\/\" target=\"_blank\" rel=\"noopener noreferrer\">Week-end \u00e0 Chartres et d\u00e9couvrir Chartres en lumi\u00e8res<\/a><\/strong><\/li><\/ul><p style=\"text-align: justify;\"><img loading=\"lazy\" decoding=\"async\" class=\"aligncenter wp-image-19822 size-full\" src=\"https:\/\/www.jdroadtrip.tv\/blog\/wp-content\/uploads\/2016\/09\/week-end-a-chartres-en-lumieres33.jpg\" alt=\"o\u00f9 voyager en 2017\" width=\"800\" height=\"533\" srcset=\"https:\/\/www.jdroadtrip.tv\/blog\/wp-content\/uploads\/2016\/09\/week-end-a-chartres-en-lumieres33.jpg 800w, https:\/\/www.jdroadtrip.tv\/blog\/wp-content\/uploads\/2016\/09\/week-end-a-chartres-en-lumieres33-300x200.jpg 300w, https:\/\/www.jdroadtrip.tv\/blog\/wp-content\/uploads\/2016\/09\/week-end-a-chartres-en-lumieres33-250x167.jpg 250w, https:\/\/www.jdroadtrip.tv\/blog\/wp-content\/uploads\/2016\/09\/week-end-a-chartres-en-lumieres33-768x512.jpg 768w, https:\/\/www.jdroadtrip.tv\/blog\/wp-content\/uploads\/2016\/09\/week-end-a-chartres-en-lumieres33-585x390.jpg 585w, https:\/\/www.jdroadtrip.tv\/blog\/wp-content\/uploads\/2016\/09\/week-end-a-chartres-en-lumieres33-263x175.jpg 263w\" sizes=\"(max-width: 800px) 100vw, 800px\" \/><\/p>\t\t\t\t\t\t\t\t<\/div>\n\t\t\t\t<\/div>\n\t\t\t\t<div class=\"elementor-element elementor-element-968aeb2 elementor-widget-divider--view-line elementor-widget elementor-widget-global elementor-global-41411 elementor-widget-divider\" data-id=\"968aeb2\" data-element_type=\"widget\" data-widget_type=\"divider.default\">\n\t\t\t\t<div class=\"elementor-widget-container\">\n\t\t\t\t\t\t\t<div class=\"elementor-divider\">\n\t\t\t<span class=\"elementor-divider-separator\">\n\t\t\t\t\t\t<\/span>\n\t\t<\/div>\n\t\t\t\t\t\t<\/div>\n\t\t\t\t<\/div>\n\t\t\t\t\t<\/div>\n\t\t<\/div>\n\t\t\t\t\t<\/div>\n\t\t<\/section>\n\t\t\t\t<section class=\"elementor-section elementor-top-section elementor-element elementor-element-87eb48b elementor-section-boxed elementor-section-height-default elementor-section-height-default\" data-id=\"87eb48b\" data-element_type=\"section\">\n\t\t\t\t\t\t<div class=\"elementor-container elementor-column-gap-default\">\n\t\t\t\t\t<div class=\"elementor-column elementor-col-100 elementor-top-column elementor-element elementor-element-7b541f7\" data-id=\"7b541f7\" data-element_type=\"column\">\n\t\t\t<div class=\"elementor-widget-wrap elementor-element-populated\">\n\t\t\t\t\t\t<div class=\"elementor-element elementor-element-917ae88 elementor-widget elementor-widget-text-editor\" data-id=\"917ae88\" data-element_type=\"widget\" data-widget_type=\"text-editor.default\">\n\t\t\t\t<div class=\"elementor-widget-container\">\n\t\t\t\t\t\t\t\t\t<h4 style=\"text-align: justify;\">Ao\u00fbt : Portugal<\/h4><p style=\"text-align: justify;\">Un roadtrip au Portugal avec le <strong><a href=\"https:\/\/www.jdroadtrip.tv\/blog\/le-pass-interrail\/\" target=\"_blank\" rel=\"noopener noreferrer\">Pass InterRail<\/a><\/strong> pendant 3 semaines avec au programme : Porto, Coimbra, Fatima, Lisbonne et S\u00e9tubal. <strong>M\u00eame si j&rsquo;adorai d\u00e9couvrir le Portugal, j&rsquo;avais un go\u00fbt amer, le pays d&rsquo;origine de celle qui a rendu ma vision de l&rsquo;amour d\u00e9plorable.<\/strong> Je pensais que j&rsquo;allais garder ce pays dans le c\u0153ur toute ma vie et puis, aujourd&rsquo;hui, j&rsquo;en garde une atmosph\u00e8re morose. En tout cas, le Portugal \u00e9tait la destination 2016 donc si vous ne savez pas o\u00f9 voyager en 2017, je vous recommande ce pays.<\/p><p style=\"text-align: justify;\"><img loading=\"lazy\" decoding=\"async\" class=\"aligncenter wp-image-20379 size-full\" src=\"https:\/\/www.jdroadtrip.tv\/blog\/wp-content\/uploads\/2016\/11\/Visiter-Porto-en-3-jours-32.jpg\" alt=\"o\u00f9 voyager en 2017\" width=\"1000\" height=\"667\" srcset=\"https:\/\/www.jdroadtrip.tv\/blog\/wp-content\/uploads\/2016\/11\/Visiter-Porto-en-3-jours-32.jpg 1000w, https:\/\/www.jdroadtrip.tv\/blog\/wp-content\/uploads\/2016\/11\/Visiter-Porto-en-3-jours-32-300x200.jpg 300w, https:\/\/www.jdroadtrip.tv\/blog\/wp-content\/uploads\/2016\/11\/Visiter-Porto-en-3-jours-32-800x534.jpg 800w, https:\/\/www.jdroadtrip.tv\/blog\/wp-content\/uploads\/2016\/11\/Visiter-Porto-en-3-jours-32-250x167.jpg 250w, https:\/\/www.jdroadtrip.tv\/blog\/wp-content\/uploads\/2016\/11\/Visiter-Porto-en-3-jours-32-768x512.jpg 768w, https:\/\/www.jdroadtrip.tv\/blog\/wp-content\/uploads\/2016\/11\/Visiter-Porto-en-3-jours-32-585x390.jpg 585w, https:\/\/www.jdroadtrip.tv\/blog\/wp-content\/uploads\/2016\/11\/Visiter-Porto-en-3-jours-32-263x175.jpg 263w\" sizes=\"(max-width: 1000px) 100vw, 1000px\" \/><\/p><p style=\"text-align: justify;\">Il a quand m\u00eame \u00e9t\u00e9 l\u2019\u00e9l\u00e9ment d\u00e9clencheur de beaucoup de sentiment. Je garderai toute ma vie, ce sentiments qu&rsquo;il a provoqu\u00e9 en moi, ce doux et gentil gar\u00e7on, le h\u00e9ros de mon c\u0153ur, un sentiment inexplicable, avec lui, j&rsquo;ai compris que tout \u00e9tait possible \u00e0 nouveau ! Et puis la rencontre des copains blogueurs comme Selim &amp; Axelle (<strong><a href=\"https:\/\/www.youtube.com\/user\/MPFAustralie\" target=\"_blank\" rel=\"noopener noreferrer\">Mon premier tour du monde<\/a><\/strong>), Aur\u00e9lien mon adorable Belge (<strong><a href=\"https:\/\/www.facebook.com\/lesconseilsbackpackers\" target=\"_blank\" rel=\"noopener noreferrer\">Aur\u00e9 &#8211; les conseils backpackers<\/a><\/strong>) et les ins\u00e9parables Aurore &amp; Arnaud (<strong>LisboAdventure<\/strong>).<\/p><p style=\"text-align: justify;\">La plus improbable des rencontres fut Aur\u00e9lie qui suivait ma page Facebook et qui \u00e9tait aussi au Portugal. Assise toutes les deux dans un restaurant \u00e0 Coimbra, elle parle de moi et je lui apprends par surprise que c&rsquo;est moi JDroadtrip. Un moment m\u00e9morable \u00e0 tout jamais grav\u00e9 en moi ! Suite \u00e0 toutes ces rencontres, j&rsquo;ai d\u00e9cid\u00e9 de raconter mes <strong><a href=\"https:\/\/www.jdroadtrip.tv\/blog\/rencontres-lors-de-roadtrip-au-portugal\/\" target=\"_blank\" rel=\"noopener noreferrer\">rencontres lors de mon roadtrip au Portugal<\/a><\/strong>.<\/p><ul><li style=\"text-align: justify;\"><strong><a href=\"https:\/\/www.jdroadtrip.tv\/blog\/category\/europe\/portugal\/\" target=\"_blank\" rel=\"noopener noreferrer\">Tout savoir pour pr\u00e9parer son voyage au Portugal<\/a><\/strong><\/li><\/ul><p style=\"text-align: justify;\"><img loading=\"lazy\" decoding=\"async\" class=\"aligncenter wp-image-19638 size-full\" src=\"https:\/\/www.jdroadtrip.tv\/blog\/wp-content\/uploads\/2016\/08\/14047101_1182516725145018_8265509596399774253_o.jpg\" alt=\"Bilan 2016 des voyages\" width=\"1600\" height=\"1200\" srcset=\"https:\/\/www.jdroadtrip.tv\/blog\/wp-content\/uploads\/2016\/08\/14047101_1182516725145018_8265509596399774253_o.jpg 1600w, https:\/\/www.jdroadtrip.tv\/blog\/wp-content\/uploads\/2016\/08\/14047101_1182516725145018_8265509596399774253_o-300x225.jpg 300w, https:\/\/www.jdroadtrip.tv\/blog\/wp-content\/uploads\/2016\/08\/14047101_1182516725145018_8265509596399774253_o-800x600.jpg 800w, https:\/\/www.jdroadtrip.tv\/blog\/wp-content\/uploads\/2016\/08\/14047101_1182516725145018_8265509596399774253_o-250x188.jpg 250w, https:\/\/www.jdroadtrip.tv\/blog\/wp-content\/uploads\/2016\/08\/14047101_1182516725145018_8265509596399774253_o-768x576.jpg 768w, https:\/\/www.jdroadtrip.tv\/blog\/wp-content\/uploads\/2016\/08\/14047101_1182516725145018_8265509596399774253_o-1536x1152.jpg 1536w, https:\/\/www.jdroadtrip.tv\/blog\/wp-content\/uploads\/2016\/08\/14047101_1182516725145018_8265509596399774253_o-760x570.jpg 760w, https:\/\/www.jdroadtrip.tv\/blog\/wp-content\/uploads\/2016\/08\/14047101_1182516725145018_8265509596399774253_o-380x285.jpg 380w, https:\/\/www.jdroadtrip.tv\/blog\/wp-content\/uploads\/2016\/08\/14047101_1182516725145018_8265509596399774253_o-94x72.jpg 94w, https:\/\/www.jdroadtrip.tv\/blog\/wp-content\/uploads\/2016\/08\/14047101_1182516725145018_8265509596399774253_o-253x189.jpg 253w\" sizes=\"(max-width: 1600px) 100vw, 1600px\" \/><\/p>\t\t\t\t\t\t\t\t<\/div>\n\t\t\t\t<\/div>\n\t\t\t\t<div class=\"elementor-element elementor-element-9ddf2fe elementor-widget-divider--view-line elementor-widget elementor-widget-global elementor-global-41411 elementor-widget-divider\" data-id=\"9ddf2fe\" data-element_type=\"widget\" data-widget_type=\"divider.default\">\n\t\t\t\t<div class=\"elementor-widget-container\">\n\t\t\t\t\t\t\t<div class=\"elementor-divider\">\n\t\t\t<span class=\"elementor-divider-separator\">\n\t\t\t\t\t\t<\/span>\n\t\t<\/div>\n\t\t\t\t\t\t<\/div>\n\t\t\t\t<\/div>\n\t\t\t\t\t<\/div>\n\t\t<\/div>\n\t\t\t\t\t<\/div>\n\t\t<\/section>\n\t\t\t\t<section class=\"elementor-section elementor-top-section elementor-element elementor-element-7a77f6e elementor-section-boxed elementor-section-height-default elementor-section-height-default\" data-id=\"7a77f6e\" data-element_type=\"section\">\n\t\t\t\t\t\t<div class=\"elementor-container elementor-column-gap-default\">\n\t\t\t\t\t<div class=\"elementor-column elementor-col-100 elementor-top-column elementor-element elementor-element-ee6fc87\" data-id=\"ee6fc87\" data-element_type=\"column\">\n\t\t\t<div class=\"elementor-widget-wrap elementor-element-populated\">\n\t\t\t\t\t\t<div class=\"elementor-element elementor-element-1c73fd4 elementor-widget elementor-widget-text-editor\" data-id=\"1c73fd4\" data-element_type=\"widget\" data-widget_type=\"text-editor.default\">\n\t\t\t\t<div class=\"elementor-widget-container\">\n\t\t\t\t\t\t\t\t\t<h4 style=\"text-align: justify;\">Septembre : Barcelone \/ Ard\u00e8che \/ Finlande<\/h4><ul style=\"text-align: justify;\"><li><strong>Barcelone<\/strong><\/li><\/ul><p style=\"text-align: justify;\">Un voyage tr\u00e8s compliqu\u00e9, car il \u00e9tait cens\u00e9 se faire en amoureuse, j&rsquo;ai d\u00fb le faire seule ! <strong>Horrible sentiment de ne pas arriver \u00e0 se maitriser int\u00e9rieurement et avoir l&rsquo;impression que ton c\u0153ur te l\u00e2che !<\/strong> En fait, la l\u00e2che dans l&rsquo;histoire, c&rsquo;est elle, de m&rsquo;avoir laiss\u00e9 affronter \u00e7a seule ! Je n&rsquo;arrive pas \u00e0 savoir comment j&rsquo;ai fait ! C&rsquo;est ce voyage qui a ferm\u00e9 d\u00e9finitivement les portes de mon c\u0153ur \u00e0 tout \u00eatre humain !<\/p><p style=\"text-align: justify;\">J&rsquo;adorai Barcelone, c&rsquo;est une ville tellement ouverte, vivante, une destination tellement d\u00e9sir\u00e9e que je ne me suis pas laiss\u00e9e abattre et je suis partie \u00e0 la conqu\u00eate des rues espagnoles. <strong>J&rsquo;ai profit\u00e9, je me suis rem\u00e9mor\u00e9 plein d&rsquo;endroits o\u00f9 j&rsquo;\u00e9tais d\u00e9j\u00e0 venue et qui m&rsquo;avaient s\u00e9duite. Je voulais effacer les vieux souvenirs pour en recr\u00e9er de nouveau.<\/strong> Les 6heures de train pour faire Paris \/ Barcelone m&rsquo;ont pouss\u00e9e \u00e0 \u00e9crire un article \u00ab\u00a0<strong><a href=\"https:\/\/www.jdroadtrip.tv\/blog\/voulais-dire-merci\/\" target=\"_blank\" rel=\"noopener noreferrer\">Je voulais vous dire merci<\/a><\/strong>\u00ab\u00a0, un article o\u00f9 je dis adieu \u00e0 ceux qui m&rsquo;ont tant bless\u00e9e et merci \u00e0 ceux qui m&rsquo;ont aid\u00e9e !<\/p><ul><li style=\"text-align: justify;\"><strong><a href=\"https:\/\/www.jdroadtrip.tv\/blog\/bons-plans-visiter-barcelone-en-3-jours\/\" target=\"_blank\" rel=\"noopener noreferrer\">Bons plans pour visiter Barcelone en 3 jours<\/a><\/strong><\/li><\/ul><p style=\"text-align: justify;\"><img loading=\"lazy\" decoding=\"async\" class=\"aligncenter wp-image-19713 size-full\" src=\"https:\/\/www.jdroadtrip.tv\/blog\/wp-content\/uploads\/2016\/09\/Visiter-Barcelone-en-3-jours19.jpg\" alt=\"o\u00f9 voyager en 2017\" width=\"800\" height=\"533\" srcset=\"https:\/\/www.jdroadtrip.tv\/blog\/wp-content\/uploads\/2016\/09\/Visiter-Barcelone-en-3-jours19.jpg 800w, https:\/\/www.jdroadtrip.tv\/blog\/wp-content\/uploads\/2016\/09\/Visiter-Barcelone-en-3-jours19-300x200.jpg 300w, https:\/\/www.jdroadtrip.tv\/blog\/wp-content\/uploads\/2016\/09\/Visiter-Barcelone-en-3-jours19-250x167.jpg 250w, https:\/\/www.jdroadtrip.tv\/blog\/wp-content\/uploads\/2016\/09\/Visiter-Barcelone-en-3-jours19-768x512.jpg 768w, https:\/\/www.jdroadtrip.tv\/blog\/wp-content\/uploads\/2016\/09\/Visiter-Barcelone-en-3-jours19-585x390.jpg 585w, https:\/\/www.jdroadtrip.tv\/blog\/wp-content\/uploads\/2016\/09\/Visiter-Barcelone-en-3-jours19-263x175.jpg 263w\" sizes=\"(max-width: 800px) 100vw, 800px\" \/><\/p><ul style=\"text-align: justify;\"><li><strong>Ard\u00e8che<\/strong><\/li><\/ul><p style=\"text-align: justify;\">Ah l&rsquo;Ard\u00e8che ! Un s\u00e9jour crucial dans ma vie, cette r\u00e9gion a \u00e9merveill\u00e9 mon c\u0153ur, a apais\u00e9 la douleur d&rsquo;un amour propre bris\u00e9, j&rsquo;ai repris go\u00fbt aux choses simples que la vie pouvait m&rsquo;apporter ! J&rsquo;ai pass\u00e9 deux jours en solitaire, avec un v\u00e9lo \u00e9lectrique, \u00e0 conqu\u00e9rir l&rsquo;Ard\u00e8che du Sud. <strong>Le c\u0153ur meurtrit, j&rsquo;ai souri \u00e0 nouveau \u00e0 C\u00e9cile, \u00e0 mes cousines, Marina &amp; Pauline, mes acolytes de ce savoureux s\u00e9jour unique !<\/strong> Un r\u00e9el coup de c\u0153ur pour cette r\u00e9gion !<\/p><ul><li style=\"text-align: justify;\"><strong><a href=\"https:\/\/www.jdroadtrip.tv\/blog\/conseils-balade-a-velo-en-ardeche\/\" target=\"_blank\" rel=\"noopener noreferrer\">Conqu\u00e9rir l&rsquo;Ard\u00e8che du Sud \u00e0 v\u00e9lo<\/a><\/strong><\/li><li style=\"text-align: justify;\"><strong><a href=\"https:\/\/www.jdroadtrip.tv\/blog\/cuisiner-au-pont-du-diable-chef-claude-brioude\/\" target=\"_blank\" rel=\"noopener noreferrer\">Cuisiner au pont du diable avec le chef Claude Brioude<\/a><\/strong><\/li><li style=\"text-align: justify;\"><strong><a href=\"https:\/\/www.jdroadtrip.tv\/blog\/reconfort-thermes-de-neyrac-les-bains\/\" target=\"_blank\" rel=\"noopener noreferrer\">R\u00e9confort aux thermes Neyrac-les-bains<\/a><\/strong><\/li><\/ul><p style=\"text-align: justify;\"><img loading=\"lazy\" decoding=\"async\" class=\"aligncenter wp-image-19997 size-full\" src=\"https:\/\/www.jdroadtrip.tv\/blog\/wp-content\/uploads\/2016\/10\/Ardeche-du-sud-en-velo-18.jpg\" alt=\"o\u00f9 voyager en 2017\" width=\"1000\" height=\"667\" srcset=\"https:\/\/www.jdroadtrip.tv\/blog\/wp-content\/uploads\/2016\/10\/Ardeche-du-sud-en-velo-18.jpg 1000w, https:\/\/www.jdroadtrip.tv\/blog\/wp-content\/uploads\/2016\/10\/Ardeche-du-sud-en-velo-18-300x200.jpg 300w, https:\/\/www.jdroadtrip.tv\/blog\/wp-content\/uploads\/2016\/10\/Ardeche-du-sud-en-velo-18-800x534.jpg 800w, https:\/\/www.jdroadtrip.tv\/blog\/wp-content\/uploads\/2016\/10\/Ardeche-du-sud-en-velo-18-250x167.jpg 250w, https:\/\/www.jdroadtrip.tv\/blog\/wp-content\/uploads\/2016\/10\/Ardeche-du-sud-en-velo-18-768x512.jpg 768w, https:\/\/www.jdroadtrip.tv\/blog\/wp-content\/uploads\/2016\/10\/Ardeche-du-sud-en-velo-18-585x390.jpg 585w, https:\/\/www.jdroadtrip.tv\/blog\/wp-content\/uploads\/2016\/10\/Ardeche-du-sud-en-velo-18-263x175.jpg 263w\" sizes=\"(max-width: 1000px) 100vw, 1000px\" \/><\/p><ul style=\"text-align: justify;\"><li><strong>Finlande<\/strong><\/li><\/ul><p style=\"text-align: justify;\">Lors de mon premier s\u00e9jour en Finlande cet \u00e9t\u00e9, j&rsquo;ai laiss\u00e9 mes larmes dans ce pays donc j\u2019appr\u00e9hendais beaucoup d&rsquo;y retourner. J&rsquo;\u00e9tais bien accompagn\u00e9e, Clo et Kris (<strong><a href=\"http:\/\/www.evasionsgourmandes.com\" target=\"_blank\" rel=\"noopener noreferrer\">Evasions Gourmandes<\/a><\/strong>) \u00e9taient avec moi ainsi qu&rsquo;Estelle et Ang\u00e9lique (<strong>L voyagent autour du monde<\/strong>). Deux nanas qui voyagent \u00e0 travers le monde \u00e0 v\u00e9lo avec leur chienne. Des fous rires \u00e0 gogo, d&rsquo;ailleurs en Finlande, j&rsquo;ai vu la lune deux fois en m\u00eame temps (les concern\u00e9s comprendront lol).<\/p><p style=\"text-align: justify;\">Taina (<strong>My Finland<\/strong>, une agence locale pour rendre votre s\u00e9jour incroyable), notre h\u00f4te, nous a accueillis dans ses diff\u00e9rentes maisons de Finlande. <strong>Une exp\u00e9rience authentique de partager avec elle, de vivre \u00e0 la finlandaise.<\/strong> Un s\u00e9jour tellement merveilleux que mes larmes ont coul\u00e9s \u00e0 plusieurs reprises, et \u00e7a fait du bien de pleurer parce qu&rsquo;on vit un moment unique avec des personnes incroyables !<\/p><ul><li style=\"text-align: justify;\"><strong><a href=\"https:\/\/www.jdroadtrip.tv\/blog\/retour-sejour-authentique-en-finlande\/\" target=\"_blank\" rel=\"noopener noreferrer\">Retour sur mon s\u00e9jour authentique en Finlande<\/a><\/strong><\/li><\/ul><p style=\"text-align: justify;\"><img loading=\"lazy\" decoding=\"async\" class=\"aligncenter wp-image-19926 size-full\" src=\"https:\/\/www.jdroadtrip.tv\/blog\/wp-content\/uploads\/2016\/10\/Finlande-Jaala04-1-e1475758042895.jpg\" alt=\"o\u00f9 voyager en 2017\" width=\"800\" height=\"533\" srcset=\"https:\/\/www.jdroadtrip.tv\/blog\/wp-content\/uploads\/2016\/10\/Finlande-Jaala04-1-e1475758042895.jpg 800w, https:\/\/www.jdroadtrip.tv\/blog\/wp-content\/uploads\/2016\/10\/Finlande-Jaala04-1-e1475758042895-300x200.jpg 300w, https:\/\/www.jdroadtrip.tv\/blog\/wp-content\/uploads\/2016\/10\/Finlande-Jaala04-1-e1475758042895-250x167.jpg 250w, https:\/\/www.jdroadtrip.tv\/blog\/wp-content\/uploads\/2016\/10\/Finlande-Jaala04-1-e1475758042895-768x512.jpg 768w, https:\/\/www.jdroadtrip.tv\/blog\/wp-content\/uploads\/2016\/10\/Finlande-Jaala04-1-e1475758042895-566x377.jpg 566w, https:\/\/www.jdroadtrip.tv\/blog\/wp-content\/uploads\/2016\/10\/Finlande-Jaala04-1-e1475758042895-390x260.jpg 390w, https:\/\/www.jdroadtrip.tv\/blog\/wp-content\/uploads\/2016\/10\/Finlande-Jaala04-1-e1475758042895-103x68.jpg 103w\" sizes=\"(max-width: 800px) 100vw, 800px\" \/><\/p>\t\t\t\t\t\t\t\t<\/div>\n\t\t\t\t<\/div>\n\t\t\t\t<div class=\"elementor-element elementor-element-688738e elementor-widget-divider--view-line elementor-widget elementor-widget-global elementor-global-41411 elementor-widget-divider\" data-id=\"688738e\" data-element_type=\"widget\" data-widget_type=\"divider.default\">\n\t\t\t\t<div class=\"elementor-widget-container\">\n\t\t\t\t\t\t\t<div class=\"elementor-divider\">\n\t\t\t<span class=\"elementor-divider-separator\">\n\t\t\t\t\t\t<\/span>\n\t\t<\/div>\n\t\t\t\t\t\t<\/div>\n\t\t\t\t<\/div>\n\t\t\t\t\t<\/div>\n\t\t<\/div>\n\t\t\t\t\t<\/div>\n\t\t<\/section>\n\t\t\t\t<section class=\"elementor-section elementor-top-section elementor-element elementor-element-996e772 elementor-section-boxed elementor-section-height-default elementor-section-height-default\" data-id=\"996e772\" data-element_type=\"section\">\n\t\t\t\t\t\t<div class=\"elementor-container elementor-column-gap-default\">\n\t\t\t\t\t<div class=\"elementor-column elementor-col-100 elementor-top-column elementor-element elementor-element-8049d67\" data-id=\"8049d67\" data-element_type=\"column\">\n\t\t\t<div class=\"elementor-widget-wrap elementor-element-populated\">\n\t\t\t\t\t\t<div class=\"elementor-element elementor-element-50b6a37 elementor-widget elementor-widget-text-editor\" data-id=\"50b6a37\" data-element_type=\"widget\" data-widget_type=\"text-editor.default\">\n\t\t\t\t<div class=\"elementor-widget-container\">\n\t\t\t\t\t\t\t\t\t<h4 style=\"text-align: justify;\">Octobre : Auvergne<\/h4><p style=\"text-align: justify;\">L&rsquo;Auvergne mettait un point final \u00e0 cette longue s\u00e9rie de voyage incroyable ! J&rsquo;ai pass\u00e9 deux jours dans les pays de Saint-Flour, \u00e0 1h de Clermont-Ferrand. <strong>Un moment tr\u00e8s ressour\u00e7ant par la gentillesse de tous ceux qui m&rsquo;accueillait et des d\u00e9couvertes incroyables.<\/strong> Tyrolienne, char \u00e0 voile, m\u00eame pas peur, je fonce les yeux ferm\u00e9s et profite \u00e0 fond !<\/p><p style=\"text-align: justify;\">Et puis la visite de Vulcania, les aventures Michelin et bien s\u00fbr, le must, le volcan de la pub Volvic ! Toujours et encore pleins de beaux souvenirs accompagn\u00e9s par mon acolyte amoureuse des trains Corinne (Vie Nomade). Une fille qui rentre dans mon cercle ferm\u00e9 de gens de j&rsquo;affectionne.<\/p><ul style=\"text-align: justify;\"><li><strong><a href=\"https:\/\/www.jdroadtrip.tv\/blog\/visiter-les-pays-de-saint-flour-cantal-auvergne\/\" target=\"_blank\" rel=\"noopener noreferrer\">Visiter les pays de Saint-Flour en Auvergne<\/a><\/strong><\/li><\/ul><p style=\"text-align: justify;\"><img loading=\"lazy\" decoding=\"async\" class=\"wp-image-20228 size-full\" src=\"https:\/\/www.jdroadtrip.tv\/blog\/wp-content\/uploads\/2016\/11\/Activites-sportives-Auvergne-13.jpg\" alt=\"o\u00f9 voyager en 2017\" width=\"1334\" height=\"1000\" srcset=\"https:\/\/www.jdroadtrip.tv\/blog\/wp-content\/uploads\/2016\/11\/Activites-sportives-Auvergne-13.jpg 1334w, https:\/\/www.jdroadtrip.tv\/blog\/wp-content\/uploads\/2016\/11\/Activites-sportives-Auvergne-13-300x225.jpg 300w, https:\/\/www.jdroadtrip.tv\/blog\/wp-content\/uploads\/2016\/11\/Activites-sportives-Auvergne-13-800x600.jpg 800w, https:\/\/www.jdroadtrip.tv\/blog\/wp-content\/uploads\/2016\/11\/Activites-sportives-Auvergne-13-250x187.jpg 250w, https:\/\/www.jdroadtrip.tv\/blog\/wp-content\/uploads\/2016\/11\/Activites-sportives-Auvergne-13-768x576.jpg 768w, https:\/\/www.jdroadtrip.tv\/blog\/wp-content\/uploads\/2016\/11\/Activites-sportives-Auvergne-13-1170x877.jpg 1170w, https:\/\/www.jdroadtrip.tv\/blog\/wp-content\/uploads\/2016\/11\/Activites-sportives-Auvergne-13-585x439.jpg 585w\" sizes=\"(max-width: 1334px) 100vw, 1334px\" \/><\/p>\t\t\t\t\t\t\t\t<\/div>\n\t\t\t\t<\/div>\n\t\t\t\t<div class=\"elementor-element elementor-element-a230f57 elementor-widget-divider--view-line elementor-widget elementor-widget-global elementor-global-41411 elementor-widget-divider\" data-id=\"a230f57\" data-element_type=\"widget\" data-widget_type=\"divider.default\">\n\t\t\t\t<div class=\"elementor-widget-container\">\n\t\t\t\t\t\t\t<div class=\"elementor-divider\">\n\t\t\t<span class=\"elementor-divider-separator\">\n\t\t\t\t\t\t<\/span>\n\t\t<\/div>\n\t\t\t\t\t\t<\/div>\n\t\t\t\t<\/div>\n\t\t\t\t\t<\/div>\n\t\t<\/div>\n\t\t\t\t\t<\/div>\n\t\t<\/section>\n\t\t\t\t<section class=\"elementor-section elementor-top-section elementor-element elementor-element-87d0b58 elementor-section-boxed elementor-section-height-default elementor-section-height-default\" data-id=\"87d0b58\" data-element_type=\"section\">\n\t\t\t\t\t\t<div class=\"elementor-container elementor-column-gap-default\">\n\t\t\t\t\t<div class=\"elementor-column elementor-col-100 elementor-top-column elementor-element elementor-element-9ca1397\" data-id=\"9ca1397\" data-element_type=\"column\">\n\t\t\t<div class=\"elementor-widget-wrap elementor-element-populated\">\n\t\t\t\t\t\t<div class=\"elementor-element elementor-element-b69694a elementor-widget elementor-widget-text-editor\" data-id=\"b69694a\" data-element_type=\"widget\" data-widget_type=\"text-editor.default\">\n\t\t\t\t<div class=\"elementor-widget-container\">\n\t\t\t\t\t\t\t\t\t<h4 style=\"text-align: justify;\">D\u00e9cembre : New York<\/h4><p style=\"text-align: justify;\">Le voyage de mes r\u00eaves depuis des ann\u00e9es ! J&rsquo;affronte ma peur de l&rsquo;avion avec ce vol pour m&rsquo;amener vers cette destination tellement r\u00eav\u00e9e : New York ! Je testais pour la premi\u00e8re Airbnb et j&rsquo;en suis ravie ! <strong>Je marchais dans New York tr\u00e8s t\u00f4t le matin et je souriais d&rsquo;\u00eatre l\u00e0, \u00e0 la vie, \u00e0 la chance que j&rsquo;avais et de r\u00e9aliser l&rsquo;un de mes nombreux r\u00eaves !<\/strong> C&rsquo;est une ville incroyable, j&rsquo;ai eu la chance de partager avec Marine quelques visites, une rencontre m\u00e9morable !<\/p><p style=\"text-align: justify;\">Et puis mon copain blogueur Alex (<strong><a href=\"http:\/\/www.bons-plans-voyage-new-york.com\/\" target=\"_blank\" rel=\"noopener noreferrer\">Bons plans voyage New York<\/a><\/strong>) \u00e9tait de passage en m\u00eame temps que moi et il m&rsquo;a fait profiter de d\u00e9couvrir quelqu&rsquo;une de ses visites ! Si vous ne savez pas o\u00f9 voyager en 2017, New York vous s\u00e9duira ! Finir son bilan 2016 des voyages \u00e0 New York, c&rsquo;est quand m\u00eame le top !<\/p><p style=\"text-align: justify;\"><img loading=\"lazy\" decoding=\"async\" class=\"aligncenter wp-image-20746 size-full\" src=\"https:\/\/www.jdroadtrip.tv\/blog\/wp-content\/uploads\/2017\/01\/New-York-9-decembre-8.jpg\" alt=\"o\u00f9 voyager en 2017\" width=\"889\" height=\"667\" srcset=\"https:\/\/www.jdroadtrip.tv\/blog\/wp-content\/uploads\/2017\/01\/New-York-9-decembre-8.jpg 889w, https:\/\/www.jdroadtrip.tv\/blog\/wp-content\/uploads\/2017\/01\/New-York-9-decembre-8-300x225.jpg 300w, https:\/\/www.jdroadtrip.tv\/blog\/wp-content\/uploads\/2017\/01\/New-York-9-decembre-8-800x600.jpg 800w, https:\/\/www.jdroadtrip.tv\/blog\/wp-content\/uploads\/2017\/01\/New-York-9-decembre-8-250x188.jpg 250w, https:\/\/www.jdroadtrip.tv\/blog\/wp-content\/uploads\/2017\/01\/New-York-9-decembre-8-768x576.jpg 768w, https:\/\/www.jdroadtrip.tv\/blog\/wp-content\/uploads\/2017\/01\/New-York-9-decembre-8-585x439.jpg 585w\" sizes=\"(max-width: 889px) 100vw, 889px\" \/><\/p><p style=\"text-align: justify;\">J&rsquo;ai pu <strong><a href=\"https:\/\/www.jdroadtrip.tv\/blog\/voyager-seule-a-new-york\/\" target=\"_blank\" rel=\"noopener noreferrer\">voyager seule \u00e0 New York<\/a><\/strong>, j&rsquo;avais besoin de personne, je suis en train de cr\u00e9er mon propre bonheur ! Apr\u00e8s 5 mois de remise en question, je r\u00e9alisais qu&rsquo;\u00e0 part l&rsquo;aimer du plus profond de mon c\u0153ur, faire des erreurs, je n&rsquo;avais rien fais de mal, j&rsquo;\u00e9tais juste quelqu&rsquo;un passionn\u00e9e par l&rsquo;amour, qui ne partait au moindre probl\u00e8me et j&rsquo;\u00e9tais face \u00e0 un mur born\u00e9 ! Peu importe, mon c\u0153ur est gu\u00e9rit, pas ouvert, juste gu\u00e9ri d&rsquo;elle et de ces nombreux mensonges ! On r\u00e9colte ce que l&rsquo;on s\u00e8me&#8230;<\/p><ul><li style=\"text-align: justify;\"><strong><a href=\"https:\/\/www.jdroadtrip.tv\/blog\/category\/etats-unis\/new-york\/\" target=\"_blank\" rel=\"noopener noreferrer\">Tout savoir pour pr\u00e9parer son voyage \u00e0 New York<\/a><\/strong><\/li><\/ul><p style=\"text-align: justify;\"><img loading=\"lazy\" decoding=\"async\" class=\"aligncenter wp-image-20744 size-full\" src=\"https:\/\/www.jdroadtrip.tv\/blog\/wp-content\/uploads\/2017\/01\/15409750_1197050237017408_788107360_o.jpeg\" alt=\"Bilan 2016 des voyages\" width=\"1334\" height=\"1000\" srcset=\"https:\/\/www.jdroadtrip.tv\/blog\/wp-content\/uploads\/2017\/01\/15409750_1197050237017408_788107360_o.jpeg 1334w, https:\/\/www.jdroadtrip.tv\/blog\/wp-content\/uploads\/2017\/01\/15409750_1197050237017408_788107360_o-300x225.jpeg 300w, https:\/\/www.jdroadtrip.tv\/blog\/wp-content\/uploads\/2017\/01\/15409750_1197050237017408_788107360_o-800x600.jpeg 800w, https:\/\/www.jdroadtrip.tv\/blog\/wp-content\/uploads\/2017\/01\/15409750_1197050237017408_788107360_o-250x187.jpeg 250w, https:\/\/www.jdroadtrip.tv\/blog\/wp-content\/uploads\/2017\/01\/15409750_1197050237017408_788107360_o-768x576.jpeg 768w, https:\/\/www.jdroadtrip.tv\/blog\/wp-content\/uploads\/2017\/01\/15409750_1197050237017408_788107360_o-760x570.jpeg 760w, https:\/\/www.jdroadtrip.tv\/blog\/wp-content\/uploads\/2017\/01\/15409750_1197050237017408_788107360_o-380x285.jpeg 380w, https:\/\/www.jdroadtrip.tv\/blog\/wp-content\/uploads\/2017\/01\/15409750_1197050237017408_788107360_o-253x189.jpeg 253w\" sizes=\"(max-width: 1334px) 100vw, 1334px\" \/><\/p>\t\t\t\t\t\t\t\t<\/div>\n\t\t\t\t<\/div>\n\t\t\t\t<div class=\"elementor-element elementor-element-3cc6f91 elementor-widget-divider--view-line elementor-widget elementor-widget-global elementor-global-41411 elementor-widget-divider\" data-id=\"3cc6f91\" data-element_type=\"widget\" data-widget_type=\"divider.default\">\n\t\t\t\t<div class=\"elementor-widget-container\">\n\t\t\t\t\t\t\t<div class=\"elementor-divider\">\n\t\t\t<span class=\"elementor-divider-separator\">\n\t\t\t\t\t\t<\/span>\n\t\t<\/div>\n\t\t\t\t\t\t<\/div>\n\t\t\t\t<\/div>\n\t\t\t\t\t<\/div>\n\t\t<\/div>\n\t\t\t\t\t<\/div>\n\t\t<\/section>\n\t\t\t\t<section class=\"elementor-section elementor-top-section elementor-element elementor-element-6cce856 elementor-section-boxed elementor-section-height-default elementor-section-height-default\" data-id=\"6cce856\" data-element_type=\"section\">\n\t\t\t\t\t\t<div class=\"elementor-container elementor-column-gap-default\">\n\t\t\t\t\t<div class=\"elementor-column elementor-col-100 elementor-top-column elementor-element elementor-element-a87ea31\" data-id=\"a87ea31\" data-element_type=\"column\">\n\t\t\t<div class=\"elementor-widget-wrap elementor-element-populated\">\n\t\t\t\t\t\t<div class=\"elementor-element elementor-element-e9b43c8 elementor-widget elementor-widget-text-editor\" data-id=\"e9b43c8\" data-element_type=\"widget\" data-widget_type=\"text-editor.default\">\n\t\t\t\t<div class=\"elementor-widget-container\">\n\t\t\t\t\t\t\t\t\t<h2 style=\"text-align: justify;\">Blogging<\/h2><p style=\"text-align: justify;\">Apr\u00e8s le bilan 2016 des voyages, voici le bilan du blogging et d\u00e9couvrir les articles \u00ab\u00a0<strong><a href=\"https:\/\/www.jdroadtrip.tv\/blog\/category\/etre-blogueuse-voyager\/\" target=\"_blank\" rel=\"noopener noreferrer\">\u00eatre blogueuse de voyage<\/a><\/strong>\u00ab\u00a0.<\/p><p style=\"text-align: justify;\"><a href=\"https:\/\/www.jdroadtrip.tv\/blog\/wp-content\/uploads\/2015\/07\/Logo-HD-moyen.png\"><img loading=\"lazy\" decoding=\"async\" class=\"alignright wp-image-20207\" src=\"https:\/\/www.jdroadtrip.tv\/blog\/wp-content\/uploads\/2015\/07\/Logo-HD-moyen.png\" alt=\"\" width=\"250\" height=\"250\" \/><\/a>C&rsquo;est surement la meilleure ann\u00e9e pour mon blog et je suis assez fi\u00e8re du travail effectu\u00e9 ! <strong>J&rsquo;ai travaill\u00e9 dur pour construire ce que je suis en train de faire !<\/strong> Aujourd&rsquo;hui, ma priorit\u00e9 c&rsquo;est mon travail, il est ma raison de vivre et d&rsquo;avancer ! Personne ne pourra d\u00e9truire ma d\u00e9termination !<\/p><p style=\"text-align: justify;\"><strong>En 2016, mon blog a atteint + 173 000 visites uniques (+ 102 000 en 2015) et + 300 000 vues (+ 164 000 en 2015).<\/strong><\/p><p style=\"text-align: justify;\">Les r\u00e9seaux sociaux jouent un r\u00f4le tr\u00e8s important aujourd&rsquo;hui, mais je travaille beaucoup sur mon blog, car c&rsquo;est quand m\u00eame Google qui m&rsquo;apporte le plus de visiteurs, soit 84% viennent sur mon blog gr\u00e2ce \u00e0 des recherches. Ma communaut\u00e9 est 70% f\u00e9minine contre 30% masculine. Concernant l&rsquo;\u00e2ge, j&rsquo;ai un public tr\u00e8s large 18-45 ans repr\u00e9sente 78% et 45-65+ ans\u00a0 repr\u00e9sente 22%.<\/p>\t\t\t\t\t\t\t\t<\/div>\n\t\t\t\t<\/div>\n\t\t\t\t<div class=\"elementor-element elementor-element-dbccd77 elementor-widget-divider--view-line elementor-widget elementor-widget-global elementor-global-41411 elementor-widget-divider\" data-id=\"dbccd77\" data-element_type=\"widget\" data-widget_type=\"divider.default\">\n\t\t\t\t<div class=\"elementor-widget-container\">\n\t\t\t\t\t\t\t<div class=\"elementor-divider\">\n\t\t\t<span class=\"elementor-divider-separator\">\n\t\t\t\t\t\t<\/span>\n\t\t<\/div>\n\t\t\t\t\t\t<\/div>\n\t\t\t\t<\/div>\n\t\t\t\t\t<\/div>\n\t\t<\/div>\n\t\t\t\t\t<\/div>\n\t\t<\/section>\n\t\t\t\t<section class=\"elementor-section elementor-top-section elementor-element elementor-element-396aec1 elementor-section-boxed elementor-section-height-default elementor-section-height-default\" data-id=\"396aec1\" data-element_type=\"section\">\n\t\t\t\t\t\t<div class=\"elementor-container elementor-column-gap-default\">\n\t\t\t\t\t<div class=\"elementor-column elementor-col-100 elementor-top-column elementor-element elementor-element-1a67aeb\" data-id=\"1a67aeb\" data-element_type=\"column\">\n\t\t\t<div class=\"elementor-widget-wrap elementor-element-populated\">\n\t\t\t\t\t\t<div class=\"elementor-element elementor-element-8f87f95 elementor-widget elementor-widget-text-editor\" data-id=\"8f87f95\" data-element_type=\"widget\" data-widget_type=\"text-editor.default\">\n\t\t\t\t<div class=\"elementor-widget-container\">\n\t\t\t\t\t\t\t\t\t<h3 style=\"text-align: justify;\"><strong>R\u00e9seaux sociaux<\/strong><\/h3><p style=\"text-align: justify;\">Concernant ma page <strong><a href=\"https:\/\/www.facebook.com\/JDroadtrip\/\" target=\"_blank\" rel=\"noopener noreferrer\">Facebook &#8211; JDroadtrip, voyager au f\u00e9minin en sac \u00e0 dos<\/a><\/strong>, c&rsquo;est le r\u00e9seau que j&rsquo;affectionne le plus. <strong>Je suis pass\u00e9e de 21 500 fans (d\u00e9cembre 2016), contre 2 400 fans (janvier 2016). En l&rsquo;espace d&rsquo;une ann\u00e9e, j&rsquo;ai eu plus de 19 000 fans qui me suivent.<\/strong><\/p><p style=\"text-align: justify;\">Lors de mes voyages, j&rsquo;ai pris l&rsquo;habitude de poster un r\u00e9sum\u00e9 de ma journ\u00e9e accompagn\u00e9e de mes plus belles photos. Je mentionne \u00e9galement les endroits o\u00f9 je vais afin d&rsquo;informer un maximum ma communaut\u00e9.<\/p><p style=\"text-align: justify;\">J&rsquo;ai boss\u00e9 comme une acharn\u00e9e pour en arriver l\u00e0, comprendre le fonctionnement de ce r\u00e9seau malgr\u00e9 que Facebook casse pas mal le reach. On en parle beaucoup sur la toile, beaucoup de blogueurs trichent sur leurs chiffres en achetant des faux likes etc&#8230; Me concernant, je suis clean \u00e0 ce sujet et mes diverses factures peuvent en t\u00e9moigner. <strong>Je travaille \u00e9norm\u00e9ment les publicit\u00e9s sponsoris\u00e9es, le r\u00e9f\u00e9rencement de mon blog, je soigne mes publications et mes photos.<\/strong><\/p><p style=\"text-align: justify;\">Concernant <strong><a href=\"https:\/\/www.instagram.com\/jdroadtrip\/\" target=\"_blank\" rel=\"noopener noreferrer\">Instagram<\/a><\/strong>, je l&rsquo;utilise uniquement quand je suis en voyage avec une photo par jour. Actuellement, il y a + 2 000 abonn\u00e9s.<\/p><p style=\"text-align: justify;\">Cette ann\u00e9e, c&rsquo;est <strong><a href=\"https:\/\/www.snapchat.com\/add\/jdroadtrip\" target=\"_blank\" rel=\"noopener noreferrer\">Snapchat ( JDroadtrip<\/a><\/strong>) qui a r\u00e9volutionn\u00e9. J&rsquo;adore ce r\u00e9seau, car ma communaut\u00e9 peut me suivre en live partout je suis et je les fais voyager gr\u00e2ce \u00e0 ces vid\u00e9os \u00e9ph\u00e9m\u00e8res. Je ne suis pas adepte de la vid\u00e9o et je ne compte pas faire des vid\u00e9os de voyages, du moins pour le moment ce n&rsquo;est pas programme. Il est le r\u00e9seau id\u00e9al pour moi, pour m&rsquo;exprimer, commenter mes roadtrip, c&rsquo;est l&rsquo;envers du d\u00e9cor du voyage. Cela vous donnera des id\u00e9es pour savoir o\u00f9 voyager en 2017.<\/p><p style=\"text-align: justify;\"><img loading=\"lazy\" decoding=\"async\" class=\"wp-image-20758 size-full aligncenter\" src=\"https:\/\/www.jdroadtrip.tv\/blog\/wp-content\/uploads\/2017\/01\/shutterstock_544333570.jpg\" alt=\"Bilan 2016 des voyages\" width=\"1000\" height=\"667\" srcset=\"https:\/\/www.jdroadtrip.tv\/blog\/wp-content\/uploads\/2017\/01\/shutterstock_544333570.jpg 1000w, https:\/\/www.jdroadtrip.tv\/blog\/wp-content\/uploads\/2017\/01\/shutterstock_544333570-300x200.jpg 300w, https:\/\/www.jdroadtrip.tv\/blog\/wp-content\/uploads\/2017\/01\/shutterstock_544333570-800x534.jpg 800w, https:\/\/www.jdroadtrip.tv\/blog\/wp-content\/uploads\/2017\/01\/shutterstock_544333570-250x167.jpg 250w, https:\/\/www.jdroadtrip.tv\/blog\/wp-content\/uploads\/2017\/01\/shutterstock_544333570-768x512.jpg 768w, https:\/\/www.jdroadtrip.tv\/blog\/wp-content\/uploads\/2017\/01\/shutterstock_544333570-585x390.jpg 585w, https:\/\/www.jdroadtrip.tv\/blog\/wp-content\/uploads\/2017\/01\/shutterstock_544333570-263x175.jpg 263w\" sizes=\"(max-width: 1000px) 100vw, 1000px\" \/><\/p>\t\t\t\t\t\t\t\t<\/div>\n\t\t\t\t<\/div>\n\t\t\t\t<div class=\"elementor-element elementor-element-2dbfeb7 elementor-widget-divider--view-line elementor-widget elementor-widget-global elementor-global-41411 elementor-widget-divider\" data-id=\"2dbfeb7\" data-element_type=\"widget\" data-widget_type=\"divider.default\">\n\t\t\t\t<div class=\"elementor-widget-container\">\n\t\t\t\t\t\t\t<div class=\"elementor-divider\">\n\t\t\t<span class=\"elementor-divider-separator\">\n\t\t\t\t\t\t<\/span>\n\t\t<\/div>\n\t\t\t\t\t\t<\/div>\n\t\t\t\t<\/div>\n\t\t\t\t\t<\/div>\n\t\t<\/div>\n\t\t\t\t\t<\/div>\n\t\t<\/section>\n\t\t\t\t<section class=\"elementor-section elementor-top-section elementor-element elementor-element-11d518f elementor-section-boxed elementor-section-height-default elementor-section-height-default\" data-id=\"11d518f\" data-element_type=\"section\">\n\t\t\t\t\t\t<div class=\"elementor-container elementor-column-gap-default\">\n\t\t\t\t\t<div class=\"elementor-column elementor-col-100 elementor-top-column elementor-element elementor-element-279516b\" data-id=\"279516b\" data-element_type=\"column\">\n\t\t\t<div class=\"elementor-widget-wrap elementor-element-populated\">\n\t\t\t\t\t\t<div class=\"elementor-element elementor-element-90c0d84 elementor-widget elementor-widget-text-editor\" data-id=\"90c0d84\" data-element_type=\"widget\" data-widget_type=\"text-editor.default\">\n\t\t\t\t<div class=\"elementor-widget-container\">\n\t\t\t\t\t\t\t\t\t<h3 style=\"text-align: justify;\"><strong>Communaut\u00e9 \u00ab\u00a0Voyager au f\u00e9minin\u00a0\u00bb<\/strong><\/h3><p style=\"text-align: justify;\">En avril dernier, j&rsquo;ai cr\u00e9\u00e9 le groupe Facebook \u00ab\u00a0<strong><a href=\"https:\/\/www.facebook.com\/groups\/Voyageraufeminin\" target=\"_blank\" rel=\"noopener noreferrer\">Voyager au f\u00e9minin en sac \u00e0 dos<\/a><\/strong>\u00a0\u00bb et je ne pensais pas qu&rsquo;il allait prendre cette jolie ampleur ! <strong>Aujourd&rsquo;hui, + de 12 600 filles y sont inscrites !<\/strong><\/p><p style=\"text-align: justify;\">Uniquement les filles sont autoris\u00e9es, de tout \u00e2ge et partout dans le monde ( France, Belgique, Suisse, Canada&#8230;) ! <strong>Le but de ce groupe est de partager nos voyages \u00e0 travers des photos, des r\u00e9cits et surtout de r\u00e9pondre aux interrogations des futures voyageuses.<\/strong> Les sujets sont tr\u00e8s larges, des questions sur une destination pr\u00e9cise, des h\u00e9bergements, du mat\u00e9riel \u00e0 utiliser ou tout simplement pour croiser une fille du groupe pour partager.<\/p><p style=\"text-align: justify;\">Il r\u00e8gne un respect incroyable sur ce groupe, peu importe l&rsquo;\u00e2ge, tout le monde y trouve une r\u00e9ponse. On s&rsquo;entraide aussi lors des coups de mou en voyages ou personnels. <strong>Ce groupe aide beaucoup pour les filles qui ont <a href=\"https:\/\/www.jdroadtrip.tv\/blog\/peur-de-voyager-seule\/\" target=\"_blank\" rel=\"noopener noreferrer\">peur de voyager seule<\/a><\/strong>s, c&rsquo;est une vraie mine d&rsquo;informations et de motivations !<\/p><p style=\"text-align: justify;\">Merci \u00e0 toutes les filles de ce groupe de mettre autant de joie et de partage, gr\u00e2ce \u00e0 elles, j&rsquo;ai fait na\u00eetre de nombreux projets, comme&#8230; des rencontres, une boutique r\u00e9cemment ouverte et plein de projets pour 2017 !<\/p><p style=\"text-align: justify;\"><img loading=\"lazy\" decoding=\"async\" class=\"wp-image-20753 size-full\" src=\"https:\/\/www.jdroadtrip.tv\/blog\/wp-content\/uploads\/2017\/01\/groupe-voyager-au-feminin-sac-a-dos.jpg\" alt=\"Bilan 2016 des voyages\" width=\"1600\" height=\"600\" srcset=\"https:\/\/www.jdroadtrip.tv\/blog\/wp-content\/uploads\/2017\/01\/groupe-voyager-au-feminin-sac-a-dos.jpg 1600w, https:\/\/www.jdroadtrip.tv\/blog\/wp-content\/uploads\/2017\/01\/groupe-voyager-au-feminin-sac-a-dos-300x113.jpg 300w, https:\/\/www.jdroadtrip.tv\/blog\/wp-content\/uploads\/2017\/01\/groupe-voyager-au-feminin-sac-a-dos-800x300.jpg 800w, https:\/\/www.jdroadtrip.tv\/blog\/wp-content\/uploads\/2017\/01\/groupe-voyager-au-feminin-sac-a-dos-250x94.jpg 250w, https:\/\/www.jdroadtrip.tv\/blog\/wp-content\/uploads\/2017\/01\/groupe-voyager-au-feminin-sac-a-dos-768x288.jpg 768w, https:\/\/www.jdroadtrip.tv\/blog\/wp-content\/uploads\/2017\/01\/groupe-voyager-au-feminin-sac-a-dos-1536x576.jpg 1536w, https:\/\/www.jdroadtrip.tv\/blog\/wp-content\/uploads\/2017\/01\/groupe-voyager-au-feminin-sac-a-dos-1170x439.jpg 1170w, https:\/\/www.jdroadtrip.tv\/blog\/wp-content\/uploads\/2017\/01\/groupe-voyager-au-feminin-sac-a-dos-585x219.jpg 585w\" sizes=\"(max-width: 1600px) 100vw, 1600px\" \/><\/p>\t\t\t\t\t\t\t\t<\/div>\n\t\t\t\t<\/div>\n\t\t\t\t<div class=\"elementor-element elementor-element-a44f765 elementor-widget-divider--view-line elementor-widget elementor-widget-global elementor-global-41411 elementor-widget-divider\" data-id=\"a44f765\" data-element_type=\"widget\" data-widget_type=\"divider.default\">\n\t\t\t\t<div class=\"elementor-widget-container\">\n\t\t\t\t\t\t\t<div class=\"elementor-divider\">\n\t\t\t<span class=\"elementor-divider-separator\">\n\t\t\t\t\t\t<\/span>\n\t\t<\/div>\n\t\t\t\t\t\t<\/div>\n\t\t\t\t<\/div>\n\t\t\t\t\t<\/div>\n\t\t<\/div>\n\t\t\t\t\t<\/div>\n\t\t<\/section>\n\t\t\t\t<section class=\"elementor-section elementor-top-section elementor-element elementor-element-d8e6b95 elementor-section-boxed elementor-section-height-default elementor-section-height-default\" data-id=\"d8e6b95\" data-element_type=\"section\">\n\t\t\t\t\t\t<div class=\"elementor-container elementor-column-gap-default\">\n\t\t\t\t\t<div class=\"elementor-column elementor-col-100 elementor-top-column elementor-element elementor-element-86f516b\" data-id=\"86f516b\" data-element_type=\"column\">\n\t\t\t<div class=\"elementor-widget-wrap elementor-element-populated\">\n\t\t\t\t\t\t<div class=\"elementor-element elementor-element-e5292ef elementor-widget elementor-widget-text-editor\" data-id=\"e5292ef\" data-element_type=\"widget\" data-widget_type=\"text-editor.default\">\n\t\t\t\t<div class=\"elementor-widget-container\">\n\t\t\t\t\t\t\t\t\t<h3 style=\"text-align: justify;\"><strong>Boutique JDroadtrip &#8211; Voyager au f\u00e9minin<\/strong><\/h3><p style=\"text-align: justify;\">Fin d\u00e9cembre, j&rsquo;ai lanc\u00e9 une petite boutique. <strong>Elle a pour but d&rsquo;identifier toutes les femmes qui voyagent, seules ou pas, \u00e0 travers le monde gr\u00e2ce \u00e0 un badge \u00e0 mettre sur son sac \u00e0 dos, un tee-shirt, un d\u00e9bardeur ou un sweat.<\/strong><\/p><p style=\"text-align: justify;\">Les badges se sont vendus comme des petits pains en m\u00eame temps une semaine un peu partout dans le monde (Belgique, Suisse, Nouvelle-Z\u00e9lande, Canada..). Le 2 janvier, j&rsquo;ai ouvert l&rsquo;espace textile. Un diaporama va \u00eatre cr\u00e9\u00e9 avec toutes les photos de ces voyageuses prochainement.<\/p><p style=\"text-align: justify;\"><img loading=\"lazy\" decoding=\"async\" class=\"wp-image-20740 size-full\" src=\"https:\/\/www.jdroadtrip.tv\/blog\/wp-content\/uploads\/2017\/01\/15824429_1212865035435928_661365398_o.jpg\" alt=\"Bilan 2016 des voyages\" width=\"1334\" height=\"1000\" srcset=\"https:\/\/www.jdroadtrip.tv\/blog\/wp-content\/uploads\/2017\/01\/15824429_1212865035435928_661365398_o.jpg 1334w, https:\/\/www.jdroadtrip.tv\/blog\/wp-content\/uploads\/2017\/01\/15824429_1212865035435928_661365398_o-300x225.jpg 300w, https:\/\/www.jdroadtrip.tv\/blog\/wp-content\/uploads\/2017\/01\/15824429_1212865035435928_661365398_o-800x600.jpg 800w, https:\/\/www.jdroadtrip.tv\/blog\/wp-content\/uploads\/2017\/01\/15824429_1212865035435928_661365398_o-250x187.jpg 250w, https:\/\/www.jdroadtrip.tv\/blog\/wp-content\/uploads\/2017\/01\/15824429_1212865035435928_661365398_o-768x576.jpg 768w, https:\/\/www.jdroadtrip.tv\/blog\/wp-content\/uploads\/2017\/01\/15824429_1212865035435928_661365398_o-1170x877.jpg 1170w, https:\/\/www.jdroadtrip.tv\/blog\/wp-content\/uploads\/2017\/01\/15824429_1212865035435928_661365398_o-585x439.jpg 585w\" sizes=\"(max-width: 1334px) 100vw, 1334px\" \/><\/p>\t\t\t\t\t\t\t\t<\/div>\n\t\t\t\t<\/div>\n\t\t\t\t<div class=\"elementor-element elementor-element-56ef6b0 elementor-widget-divider--view-line elementor-widget elementor-widget-global elementor-global-41411 elementor-widget-divider\" data-id=\"56ef6b0\" data-element_type=\"widget\" data-widget_type=\"divider.default\">\n\t\t\t\t<div class=\"elementor-widget-container\">\n\t\t\t\t\t\t\t<div class=\"elementor-divider\">\n\t\t\t<span class=\"elementor-divider-separator\">\n\t\t\t\t\t\t<\/span>\n\t\t<\/div>\n\t\t\t\t\t\t<\/div>\n\t\t\t\t<\/div>\n\t\t\t\t\t<\/div>\n\t\t<\/div>\n\t\t\t\t\t<\/div>\n\t\t<\/section>\n\t\t\t\t<section class=\"elementor-section elementor-top-section elementor-element elementor-element-779eec2 elementor-section-boxed elementor-section-height-default elementor-section-height-default\" data-id=\"779eec2\" data-element_type=\"section\">\n\t\t\t\t\t\t<div class=\"elementor-container elementor-column-gap-default\">\n\t\t\t\t\t<div class=\"elementor-column elementor-col-100 elementor-top-column elementor-element elementor-element-a9e38c8\" data-id=\"a9e38c8\" data-element_type=\"column\">\n\t\t\t<div class=\"elementor-widget-wrap elementor-element-populated\">\n\t\t\t\t\t\t<div class=\"elementor-element elementor-element-6192982 elementor-widget elementor-widget-text-editor\" data-id=\"6192982\" data-element_type=\"widget\" data-widget_type=\"text-editor.default\">\n\t\t\t\t<div class=\"elementor-widget-container\">\n\t\t\t\t\t\t\t\t\t<h3 style=\"text-align: justify;\"><strong>Salon du tourisme<\/strong><\/h3><p style=\"text-align: justify;\">En mars 2016, c&rsquo;\u00e9tait la deuxi\u00e8me ann\u00e9e que je participais au salon du tourisme. <strong>Une exp\u00e9rience extraordinaire d&rsquo;all\u00e9e \u00e0 la rencontre des gens et partager avec eux.<\/strong> J&rsquo;adore ! C&rsquo;est tr\u00e8s enrichissant de pouvoir faire d\u00e9couvrir sa passion \u00e0 des gens qui ne savent pas ce que c&rsquo;est un blog. Et puis, \u00e7a permet de donner des id\u00e9es aux gens pour savoir o\u00f9 voyager en 2017.<\/p><p style=\"text-align: justify;\">Dans le monde du tourisme, on commence \u00e0 prendre de plus en plus au s\u00e9rieux l&rsquo;univers blogging voyage donc je trouve que le salon du tourisme est une excellente opportunit\u00e9 !<\/p><p style=\"text-align: justify;\"><img loading=\"lazy\" decoding=\"async\" class=\"aligncenter wp-image-18319 size-full\" src=\"https:\/\/www.jdroadtrip.tv\/blog\/wp-content\/uploads\/2016\/04\/Cd0rUL0W4AAWEqQ.jpg_large-e1459506735268.jpg\" alt=\"Bilan 2016 des voyages\" width=\"800\" height=\"600\" srcset=\"https:\/\/www.jdroadtrip.tv\/blog\/wp-content\/uploads\/2016\/04\/Cd0rUL0W4AAWEqQ.jpg_large-e1459506735268.jpg 800w, https:\/\/www.jdroadtrip.tv\/blog\/wp-content\/uploads\/2016\/04\/Cd0rUL0W4AAWEqQ.jpg_large-e1459506735268-300x225.jpg 300w, https:\/\/www.jdroadtrip.tv\/blog\/wp-content\/uploads\/2016\/04\/Cd0rUL0W4AAWEqQ.jpg_large-e1459506735268-250x188.jpg 250w, https:\/\/www.jdroadtrip.tv\/blog\/wp-content\/uploads\/2016\/04\/Cd0rUL0W4AAWEqQ.jpg_large-e1459506735268-768x576.jpg 768w, https:\/\/www.jdroadtrip.tv\/blog\/wp-content\/uploads\/2016\/04\/Cd0rUL0W4AAWEqQ.jpg_large-e1459506735268-760x570.jpg 760w, https:\/\/www.jdroadtrip.tv\/blog\/wp-content\/uploads\/2016\/04\/Cd0rUL0W4AAWEqQ.jpg_large-e1459506735268-380x285.jpg 380w, https:\/\/www.jdroadtrip.tv\/blog\/wp-content\/uploads\/2016\/04\/Cd0rUL0W4AAWEqQ.jpg_large-e1459506735268-94x72.jpg 94w, https:\/\/www.jdroadtrip.tv\/blog\/wp-content\/uploads\/2016\/04\/Cd0rUL0W4AAWEqQ.jpg_large-e1459506735268-253x189.jpg 253w\" sizes=\"(max-width: 800px) 100vw, 800px\" \/><\/p>\t\t\t\t\t\t\t\t<\/div>\n\t\t\t\t<\/div>\n\t\t\t\t<div class=\"elementor-element elementor-element-7dde113 elementor-widget-divider--view-line elementor-widget elementor-widget-global elementor-global-41411 elementor-widget-divider\" data-id=\"7dde113\" data-element_type=\"widget\" data-widget_type=\"divider.default\">\n\t\t\t\t<div class=\"elementor-widget-container\">\n\t\t\t\t\t\t\t<div class=\"elementor-divider\">\n\t\t\t<span class=\"elementor-divider-separator\">\n\t\t\t\t\t\t<\/span>\n\t\t<\/div>\n\t\t\t\t\t\t<\/div>\n\t\t\t\t<\/div>\n\t\t\t\t\t<\/div>\n\t\t<\/div>\n\t\t\t\t\t<\/div>\n\t\t<\/section>\n\t\t\t\t<section class=\"elementor-section elementor-top-section elementor-element elementor-element-987ab0e elementor-section-boxed elementor-section-height-default elementor-section-height-default\" data-id=\"987ab0e\" data-element_type=\"section\">\n\t\t\t\t\t\t<div class=\"elementor-container elementor-column-gap-default\">\n\t\t\t\t\t<div class=\"elementor-column elementor-col-100 elementor-top-column elementor-element elementor-element-c21b1d8\" data-id=\"c21b1d8\" data-element_type=\"column\">\n\t\t\t<div class=\"elementor-widget-wrap elementor-element-populated\">\n\t\t\t\t\t\t<div class=\"elementor-element elementor-element-b16e5f4 elementor-widget elementor-widget-text-editor\" data-id=\"b16e5f4\" data-element_type=\"widget\" data-widget_type=\"text-editor.default\">\n\t\t\t\t<div class=\"elementor-widget-container\">\n\t\t\t\t\t\t\t\t\t<h3 style=\"text-align: justify;\">Les projets, les voyage en 2017 ?<\/h3><p style=\"text-align: justify;\">\u00c9norm\u00e9ment de projets pour l&rsquo;ann\u00e9e 2017, notamment autour de ma communaut\u00e9, <strong>je vais essayer d&rsquo;aller un peu partout en France, Suisse et Belgique pour faire des rencontres<\/strong>. Je ne peux pas d\u00e9voiler tous mes projets, mais vous serez au courant au moment voulu !<\/p><p style=\"text-align: justify;\">J&rsquo;ai investi dans une Gopro Hero 5 dans le but de filmer mes activit\u00e9s sportives, car c&rsquo;\u00e9tait le truc qui me manquait pour faire partager cela \u00e0 mes lecteurs.<\/p><p style=\"text-align: justify;\">En mars 2017, je serais pr\u00e9sente sur le stand des blogueurs au salon du tourisme \u00e0 Paris.<\/p><p style=\"text-align: justify;\">En avril 2017, je participe bien \u00e9videmment au salon des blogueurs de voyage \u00e0 Saint-Malo.<\/p><p style=\"text-align: justify;\">Encore beaucoup de voyage, <strong>j&rsquo;ai pas mal d&rsquo;envie pour cette nouvelle ann\u00e9e, mais comme j&rsquo;ai l&rsquo;habitude de me d\u00e9cider un peu \u00e0 l&rsquo;arrache<\/strong>, je ne peux pas vous dire o\u00f9 je vais aller. J&rsquo;ai plusieurs choix d&rsquo;o\u00f9 voyager en 2017, je suis attir\u00e9e par le Canada, la Russie, la Mongolie, la Tha\u00eflande, le Japon et pourquoi pas refaire quelques destinations d&rsquo;Europe et France. \u00c9tant une fan des trains, j&rsquo;aimerais faire le transsib\u00e9rien, mais l&rsquo;avenir me dire, quel projet de voyage j&rsquo;entreprendrais. Pour le moment, je pars prochainement pr\u00e8s de Nice, dans une station de ski, profiter un peu des montagnes.<\/p><p style=\"text-align: justify;\">Le bilan 2016 des voyages est termin\u00e9, maintenant vous savez o\u00f9 voyager en 2017 ! Rendez-vous en 2018, pour le bilan 2017 !<\/p>\t\t\t\t\t\t\t\t<\/div>\n\t\t\t\t<\/div>\n\t\t\t\t<div class=\"elementor-element elementor-element-4773571 elementor-widget-divider--view-line elementor-widget elementor-widget-global elementor-global-41411 elementor-widget-divider\" data-id=\"4773571\" data-element_type=\"widget\" data-widget_type=\"divider.default\">\n\t\t\t\t<div class=\"elementor-widget-container\">\n\t\t\t\t\t\t\t<div class=\"elementor-divider\">\n\t\t\t<span class=\"elementor-divider-separator\">\n\t\t\t\t\t\t<\/span>\n\t\t<\/div>\n\t\t\t\t\t\t<\/div>\n\t\t\t\t<\/div>\n\t\t\t\t\t<\/div>\n\t\t<\/div>\n\t\t\t\t\t<\/div>\n\t\t<\/section>\n\t\t\t\t<section class=\"elementor-section elementor-top-section elementor-element elementor-element-7a485b0e elementor-section-boxed elementor-section-height-default elementor-section-height-default\" data-id=\"7a485b0e\" data-element_type=\"section\">\n\t\t\t\t\t\t<div class=\"elementor-container elementor-column-gap-default\">\n\t\t\t\t\t<div class=\"elementor-column elementor-col-100 elementor-top-column elementor-element elementor-element-bd49a82\" data-id=\"bd49a82\" data-element_type=\"column\">\n\t\t\t<div class=\"elementor-widget-wrap elementor-element-populated\">\n\t\t\t\t\t\t<div class=\"elementor-element elementor-element-7259b049 elementor-widget elementor-widget-text-editor\" data-id=\"7259b049\" data-element_type=\"widget\" data-widget_type=\"text-editor.default\">\n\t\t\t\t<div class=\"elementor-widget-container\">\n\t\t\t\t\t\t\t\t\t<p style=\"text-align: center;\"><strong>Bonne ann\u00e9e 2017 !<\/strong><\/p><p style=\"text-align: center;\">Voila, c&rsquo;\u00e9tait mon bilan 2016 des voyages et du blogging, pour vous donner des id\u00e9es pour savoir o\u00f9 voyager en 2017 !<\/p>\t\t\t\t\t\t\t\t<\/div>\n\t\t\t\t<\/div>\n\t\t\t\t\t<\/div>\n\t\t<\/div>\n\t\t\t\t\t<\/div>\n\t\t<\/section>\n\t\t\t\t<\/div>\n\t\t","protected":false},"excerpt":{"rendered":"<p>Bilan 2016 des voyages et du blogging O\u00f9 voyager en 2017 ? J&rsquo;ai eu plusieurs destinations \u00ab\u00a0coups de c\u0153ur\u00a0\u00bb, qui, j&rsquo;esp\u00e8re, vous donneront des id\u00e9es de o\u00f9 voyager en 2017. Il est temps que je vous raconte cette ann\u00e9e de folie ! Certaines destinations sont v\u00e9cue avec beaucoup de tristesse mais cela n&rsquo;enl\u00e8ve en rien [&hellip;]<\/p>\n","protected":false},"author":1,"featured_media":20768,"comment_status":"open","ping_status":"open","sticky":false,"template":"","format":"standard","meta":{"ocean_post_layout":"","ocean_both_sidebars_style":"","ocean_both_sidebars_content_width":0,"ocean_both_sidebars_sidebars_width":0,"ocean_sidebar":"","ocean_second_sidebar":"","ocean_disable_margins":"enable","ocean_add_body_class":"","ocean_shortcode_before_top_bar":"","ocean_shortcode_after_top_bar":"","ocean_shortcode_before_header":"","ocean_shortcode_after_header":"","ocean_has_shortcode":"","ocean_shortcode_after_title":"","ocean_shortcode_before_footer_widgets":"","ocean_shortcode_after_footer_widgets":"","ocean_shortcode_before_footer_bottom":"","ocean_shortcode_after_footer_bottom":"","ocean_display_top_bar":"default","ocean_display_header":"default","ocean_header_style":"","ocean_center_header_left_menu":"","ocean_custom_header_template":"","ocean_custom_logo":0,"ocean_custom_retina_logo":0,"ocean_custom_logo_max_width":0,"ocean_custom_logo_tablet_max_width":0,"ocean_custom_logo_mobile_max_width":0,"ocean_custom_logo_max_height":0,"ocean_custom_logo_tablet_max_height":0,"ocean_custom_logo_mobile_max_height":0,"ocean_header_custom_menu":"","ocean_menu_typo_font_family":"","ocean_menu_typo_font_subset":"","ocean_menu_typo_font_size":0,"ocean_menu_typo_font_size_tablet":0,"ocean_menu_typo_font_size_mobile":0,"ocean_menu_typo_font_size_unit":"px","ocean_menu_typo_font_weight":"","ocean_menu_typo_font_weight_tablet":"","ocean_menu_typo_font_weight_mobile":"","ocean_menu_typo_transform":"","ocean_menu_typo_transform_tablet":"","ocean_menu_typo_transform_mobile":"","ocean_menu_typo_line_height":0,"ocean_menu_typo_line_height_tablet":0,"ocean_menu_typo_line_height_mobile":0,"ocean_menu_typo_line_height_unit":"","ocean_menu_typo_spacing":0,"ocean_menu_typo_spacing_tablet":0,"ocean_menu_typo_spacing_mobile":0,"ocean_menu_typo_spacing_unit":"","ocean_menu_link_color":"","ocean_menu_link_color_hover":"","ocean_menu_link_color_active":"","ocean_menu_link_background":"","ocean_menu_link_hover_background":"","ocean_menu_link_active_background":"","ocean_menu_social_links_bg":"","ocean_menu_social_hover_links_bg":"","ocean_menu_social_links_color":"","ocean_menu_social_hover_links_color":"","ocean_disable_title":"default","ocean_disable_heading":"default","ocean_post_title":"","ocean_post_subheading":"","ocean_post_title_style":"","ocean_post_title_background_color":"","ocean_post_title_background":0,"ocean_post_title_bg_image_position":"","ocean_post_title_bg_image_attachment":"","ocean_post_title_bg_image_repeat":"","ocean_post_title_bg_image_size":"","ocean_post_title_height":0,"ocean_post_title_bg_overlay":0.5,"ocean_post_title_bg_overlay_color":"","ocean_disable_breadcrumbs":"default","ocean_breadcrumbs_color":"","ocean_breadcrumbs_separator_color":"","ocean_breadcrumbs_links_color":"","ocean_breadcrumbs_links_hover_color":"","ocean_display_footer_widgets":"default","ocean_display_footer_bottom":"default","ocean_custom_footer_template":"","ocean_post_oembed":"","ocean_post_self_hosted_media":"","ocean_post_video_embed":"","ocean_link_format":"","ocean_link_format_target":"self","ocean_quote_format":"","ocean_quote_format_link":"post","ocean_gallery_link_images":"on","ocean_gallery_id":[],"footnotes":""},"categories":[863],"tags":[],"table_tags":[],"class_list":["post-20443","post","type-post","status-publish","format-standard","has-post-thumbnail","hentry","category-etre-blogueuse-voyager","entry","has-media"],"yoast_head":"<!-- This site is optimized with the Yoast SEO Premium plugin v25.9 (Yoast SEO v25.9) - https:\/\/yoast.com\/wordpress\/plugins\/seo\/ -->\n<title>Bilan 2016 des voyages et du blogging : O\u00f9 voyager en 2017? - JDroadtrip<\/title>\n<meta name=\"description\" content=\"O\u00f9 voyager en 2017 ? Voici un bilan 2016 des voyages et du blogging pour mon blog JDroadtrip, voyager au f\u00e9minin en sac \u00e0 dos.\" \/>\n<meta name=\"robots\" content=\"index, follow, max-snippet:-1, max-image-preview:large, max-video-preview:-1\" \/>\n<link rel=\"canonical\" href=\"https:\/\/www.jdroadtrip.tv\/blog\/bilan-2016-des-voyages-et-du-blogging-ou-voyager-en-2017\/\" \/>\n<meta property=\"og:locale\" content=\"fr_FR\" \/>\n<meta property=\"og:type\" content=\"article\" \/>\n<meta property=\"og:title\" content=\"Bilan 2016 des voyages et du blogging\" \/>\n<meta property=\"og:description\" content=\"O\u00f9 voyager en 2017 ? Voici un bilan 2016 des voyages et du blogging pour mon blog JDroadtrip, voyager au f\u00e9minin en sac \u00e0 dos.\" \/>\n<meta property=\"og:url\" content=\"https:\/\/www.jdroadtrip.tv\/blog\/bilan-2016-des-voyages-et-du-blogging-ou-voyager-en-2017\/\" \/>\n<meta property=\"og:site_name\" content=\"JDroadtrip - Blog de voyage pour voyager au f\u00e9minin !\" \/>\n<meta property=\"article:publisher\" content=\"https:\/\/www.facebook.com\/JDRoadTrip\" \/>\n<meta property=\"article:author\" content=\"https:\/\/www.facebook.com\/JDroadtrip\" \/>\n<meta property=\"article:published_time\" content=\"2017-01-03T10:42:31+00:00\" \/>\n<meta property=\"article:modified_time\" content=\"2024-06-22T11:01:02+00:00\" \/>\n<meta property=\"og:image\" content=\"https:\/\/www.jdroadtrip.tv\/blog\/wp-content\/uploads\/2017\/01\/Bilan-2016-des-voyages-img.jpg\" \/>\n\t<meta property=\"og:image:width\" content=\"1000\" \/>\n\t<meta property=\"og:image:height\" content=\"662\" \/>\n\t<meta property=\"og:image:type\" content=\"image\/jpeg\" \/>\n<meta name=\"author\" content=\"Jenny Diab\" \/>\n<meta name=\"twitter:card\" content=\"summary_large_image\" \/>\n<meta name=\"twitter:creator\" content=\"@JDroadtrip\" \/>\n<meta name=\"twitter:site\" content=\"@JDroadtrip\" \/>\n<meta name=\"twitter:label1\" content=\"\u00c9crit par\" \/>\n\t<meta name=\"twitter:data1\" content=\"Jenny Diab\" \/>\n\t<meta name=\"twitter:label2\" content=\"Dur\u00e9e de lecture estim\u00e9e\" \/>\n\t<meta name=\"twitter:data2\" content=\"20 minutes\" \/>\n<script type=\"application\/ld+json\" class=\"yoast-schema-graph\">{\"@context\":\"https:\/\/schema.org\",\"@graph\":[{\"@type\":\"Article\",\"@id\":\"https:\/\/www.jdroadtrip.tv\/blog\/bilan-2016-des-voyages-et-du-blogging-ou-voyager-en-2017\/#article\",\"isPartOf\":{\"@id\":\"https:\/\/www.jdroadtrip.tv\/blog\/bilan-2016-des-voyages-et-du-blogging-ou-voyager-en-2017\/\"},\"author\":{\"name\":\"Jenny Diab\",\"@id\":\"https:\/\/www.jdroadtrip.tv\/blog\/#\/schema\/person\/d204bfc7d00ba74276391d8e42b58a3e\"},\"headline\":\"Bilan 2016 des voyages et du blogging\",\"datePublished\":\"2017-01-03T10:42:31+00:00\",\"dateModified\":\"2024-06-22T11:01:02+00:00\",\"mainEntityOfPage\":{\"@id\":\"https:\/\/www.jdroadtrip.tv\/blog\/bilan-2016-des-voyages-et-du-blogging-ou-voyager-en-2017\/\"},\"wordCount\":3373,\"commentCount\":2,\"publisher\":{\"@id\":\"https:\/\/www.jdroadtrip.tv\/blog\/#organization\"},\"image\":{\"@id\":\"https:\/\/www.jdroadtrip.tv\/blog\/bilan-2016-des-voyages-et-du-blogging-ou-voyager-en-2017\/#primaryimage\"},\"thumbnailUrl\":\"https:\/\/www.jdroadtrip.tv\/blog\/wp-content\/uploads\/2017\/01\/Bilan-2016-des-voyages-img.jpg\",\"articleSection\":[\"\u00catre blogueuse voyage\"],\"inLanguage\":\"fr-FR\",\"potentialAction\":[{\"@type\":\"CommentAction\",\"name\":\"Comment\",\"target\":[\"https:\/\/www.jdroadtrip.tv\/blog\/bilan-2016-des-voyages-et-du-blogging-ou-voyager-en-2017\/#respond\"]}]},{\"@type\":\"WebPage\",\"@id\":\"https:\/\/www.jdroadtrip.tv\/blog\/bilan-2016-des-voyages-et-du-blogging-ou-voyager-en-2017\/\",\"url\":\"https:\/\/www.jdroadtrip.tv\/blog\/bilan-2016-des-voyages-et-du-blogging-ou-voyager-en-2017\/\",\"name\":\"Bilan 2016 des voyages et du blogging : O\u00f9 voyager en 2017? - JDroadtrip\",\"isPartOf\":{\"@id\":\"https:\/\/www.jdroadtrip.tv\/blog\/#website\"},\"primaryImageOfPage\":{\"@id\":\"https:\/\/www.jdroadtrip.tv\/blog\/bilan-2016-des-voyages-et-du-blogging-ou-voyager-en-2017\/#primaryimage\"},\"image\":{\"@id\":\"https:\/\/www.jdroadtrip.tv\/blog\/bilan-2016-des-voyages-et-du-blogging-ou-voyager-en-2017\/#primaryimage\"},\"thumbnailUrl\":\"https:\/\/www.jdroadtrip.tv\/blog\/wp-content\/uploads\/2017\/01\/Bilan-2016-des-voyages-img.jpg\",\"datePublished\":\"2017-01-03T10:42:31+00:00\",\"dateModified\":\"2024-06-22T11:01:02+00:00\",\"description\":\"O\u00f9 voyager en 2017 ? Voici un bilan 2016 des voyages et du blogging pour mon blog JDroadtrip, voyager au f\u00e9minin en sac \u00e0 dos.\",\"breadcrumb\":{\"@id\":\"https:\/\/www.jdroadtrip.tv\/blog\/bilan-2016-des-voyages-et-du-blogging-ou-voyager-en-2017\/#breadcrumb\"},\"inLanguage\":\"fr-FR\",\"potentialAction\":[{\"@type\":\"ReadAction\",\"target\":[\"https:\/\/www.jdroadtrip.tv\/blog\/bilan-2016-des-voyages-et-du-blogging-ou-voyager-en-2017\/\"]}]},{\"@type\":\"ImageObject\",\"inLanguage\":\"fr-FR\",\"@id\":\"https:\/\/www.jdroadtrip.tv\/blog\/bilan-2016-des-voyages-et-du-blogging-ou-voyager-en-2017\/#primaryimage\",\"url\":\"https:\/\/www.jdroadtrip.tv\/blog\/wp-content\/uploads\/2017\/01\/Bilan-2016-des-voyages-img.jpg\",\"contentUrl\":\"https:\/\/www.jdroadtrip.tv\/blog\/wp-content\/uploads\/2017\/01\/Bilan-2016-des-voyages-img.jpg\",\"width\":1000,\"height\":662},{\"@type\":\"BreadcrumbList\",\"@id\":\"https:\/\/www.jdroadtrip.tv\/blog\/bilan-2016-des-voyages-et-du-blogging-ou-voyager-en-2017\/#breadcrumb\",\"itemListElement\":[{\"@type\":\"ListItem\",\"position\":1,\"name\":\"Accueil\",\"item\":\"https:\/\/www.jdroadtrip.tv\/blog\/\"},{\"@type\":\"ListItem\",\"position\":2,\"name\":\"Bilan 2016 des voyages et du blogging\"}]},{\"@type\":\"WebSite\",\"@id\":\"https:\/\/www.jdroadtrip.tv\/blog\/#website\",\"url\":\"https:\/\/www.jdroadtrip.tv\/blog\/\",\"name\":\"JDroadtrip - Blog de voyage au f\u00e9minin : Outdoor, Trek, Slow travel\",\"description\":\"M\u00e9dia pour voyager au f\u00e9minin\",\"publisher\":{\"@id\":\"https:\/\/www.jdroadtrip.tv\/blog\/#organization\"},\"alternateName\":\"JDroadtrip - Voyager au f\u00e9minin\",\"potentialAction\":[{\"@type\":\"SearchAction\",\"target\":{\"@type\":\"EntryPoint\",\"urlTemplate\":\"https:\/\/www.jdroadtrip.tv\/blog\/?s={search_term_string}\"},\"query-input\":{\"@type\":\"PropertyValueSpecification\",\"valueRequired\":true,\"valueName\":\"search_term_string\"}}],\"inLanguage\":\"fr-FR\"},{\"@type\":\"Organization\",\"@id\":\"https:\/\/www.jdroadtrip.tv\/blog\/#organization\",\"name\":\"JDroadtrip - Blog de voyage pour voyager au f\u00e9minin !\",\"alternateName\":\"JDroadtrip - Voyager au f\u00e9minin\",\"url\":\"https:\/\/www.jdroadtrip.tv\/blog\/\",\"logo\":{\"@type\":\"ImageObject\",\"inLanguage\":\"fr-FR\",\"@id\":\"https:\/\/www.jdroadtrip.tv\/blog\/#\/schema\/logo\/image\/\",\"url\":\"https:\/\/www.jdroadtrip.tv\/blog\/wp-content\/uploads\/2023\/08\/Logo-HD-petit.png\",\"contentUrl\":\"https:\/\/www.jdroadtrip.tv\/blog\/wp-content\/uploads\/2023\/08\/Logo-HD-petit.png\",\"width\":300,\"height\":300,\"caption\":\"JDroadtrip - Blog de voyage pour voyager au f\u00e9minin !\"},\"image\":{\"@id\":\"https:\/\/www.jdroadtrip.tv\/blog\/#\/schema\/logo\/image\/\"},\"sameAs\":[\"https:\/\/www.facebook.com\/JDRoadTrip\",\"https:\/\/x.com\/JDroadtrip\",\"https:\/\/instagram.com\/jdroadtrip\/\",\"http:\/\/www.linkedin.com\/in\/jennydiab\",\"https:\/\/www.pinterest.fr\/jdroadtrip\/\",\"https:\/\/www.youtube.com\/channel\/UCerVm4aMyTj9AxDDWmSx9_g\"],\"description\":\"Blog de voyage pour les femmes qui voyagent \u00e0 travers le monde.\",\"email\":\"contact@jdroadtrip.tv\",\"legalName\":\"Jenny Diab\",\"numberOfEmployees\":{\"@type\":\"QuantitativeValue\",\"minValue\":\"1\",\"maxValue\":\"10\"}},{\"@type\":\"Person\",\"@id\":\"https:\/\/www.jdroadtrip.tv\/blog\/#\/schema\/person\/d204bfc7d00ba74276391d8e42b58a3e\",\"name\":\"Jenny Diab\",\"image\":{\"@type\":\"ImageObject\",\"inLanguage\":\"fr-FR\",\"@id\":\"https:\/\/www.jdroadtrip.tv\/blog\/#\/schema\/person\/image\/\",\"url\":\"https:\/\/secure.gravatar.com\/avatar\/8c20b0655fdafee9c0df649069a458b1bde697487be3b0da4df8754f3de7042c?s=96&d=mm&r=g\",\"contentUrl\":\"https:\/\/secure.gravatar.com\/avatar\/8c20b0655fdafee9c0df649069a458b1bde697487be3b0da4df8754f3de7042c?s=96&d=mm&r=g\",\"caption\":\"Jenny Diab\"},\"description\":\"Cr\u00e9atrice du blog JDroadtrip.tv, je voyage seule \u00e0 travers le monde et je partage mes exp\u00e9riences de voyageuse solo. \u00c0 travers ce blog, je vous invite \u00e0 d\u00e9couvrir un maximum de bons plans et astuces (h\u00e9bergements, activit\u00e9s, restaurants, transports \u2026) pour pr\u00e9parer au mieux vos futurs voyages. Si vous \u00eates une fille qui voyage \u00e0 travers le monde, rejoignez la communaut\u00e9 Voyager au f\u00e9minin et si vous avez des questions, n'h\u00e9sitez pas \u00e0 \u00e0 me contacter. D\u00c9COUVREZ QUI SUIS-JE.\",\"sameAs\":[\"https:\/\/www.jdroadtrip.tv\",\"https:\/\/www.facebook.com\/JDroadtrip\",\"https:\/\/www.instagram.com\/jdroadtrip\/\",\"https:\/\/www.linkedin.com\/in\/jennydiab\",\"https:\/\/www.pinterest.com\/Jdroadtrip\",\"https:\/\/x.com\/JDroadtrip\"],\"url\":\"https:\/\/www.jdroadtrip.tv\/blog\/author\/jd\/\"}]}<\/script>\n<!-- \/ Yoast SEO Premium plugin. -->","yoast_head_json":{"title":"Bilan 2016 des voyages et du blogging : O\u00f9 voyager en 2017? - JDroadtrip","description":"O\u00f9 voyager en 2017 ? Voici un bilan 2016 des voyages et du blogging pour mon blog JDroadtrip, voyager au f\u00e9minin en sac \u00e0 dos.","robots":{"index":"index","follow":"follow","max-snippet":"max-snippet:-1","max-image-preview":"max-image-preview:large","max-video-preview":"max-video-preview:-1"},"canonical":"https:\/\/www.jdroadtrip.tv\/blog\/bilan-2016-des-voyages-et-du-blogging-ou-voyager-en-2017\/","og_locale":"fr_FR","og_type":"article","og_title":"Bilan 2016 des voyages et du blogging","og_description":"O\u00f9 voyager en 2017 ? Voici un bilan 2016 des voyages et du blogging pour mon blog JDroadtrip, voyager au f\u00e9minin en sac \u00e0 dos.","og_url":"https:\/\/www.jdroadtrip.tv\/blog\/bilan-2016-des-voyages-et-du-blogging-ou-voyager-en-2017\/","og_site_name":"JDroadtrip - Blog de voyage pour voyager au f\u00e9minin !","article_publisher":"https:\/\/www.facebook.com\/JDRoadTrip","article_author":"https:\/\/www.facebook.com\/JDroadtrip","article_published_time":"2017-01-03T10:42:31+00:00","article_modified_time":"2024-06-22T11:01:02+00:00","og_image":[{"width":1000,"height":662,"url":"https:\/\/www.jdroadtrip.tv\/blog\/wp-content\/uploads\/2017\/01\/Bilan-2016-des-voyages-img.jpg","type":"image\/jpeg"}],"author":"Jenny Diab","twitter_card":"summary_large_image","twitter_creator":"@JDroadtrip","twitter_site":"@JDroadtrip","twitter_misc":{"\u00c9crit par":"Jenny Diab","Dur\u00e9e de lecture estim\u00e9e":"20 minutes"},"schema":{"@context":"https:\/\/schema.org","@graph":[{"@type":"Article","@id":"https:\/\/www.jdroadtrip.tv\/blog\/bilan-2016-des-voyages-et-du-blogging-ou-voyager-en-2017\/#article","isPartOf":{"@id":"https:\/\/www.jdroadtrip.tv\/blog\/bilan-2016-des-voyages-et-du-blogging-ou-voyager-en-2017\/"},"author":{"name":"Jenny Diab","@id":"https:\/\/www.jdroadtrip.tv\/blog\/#\/schema\/person\/d204bfc7d00ba74276391d8e42b58a3e"},"headline":"Bilan 2016 des voyages et du blogging","datePublished":"2017-01-03T10:42:31+00:00","dateModified":"2024-06-22T11:01:02+00:00","mainEntityOfPage":{"@id":"https:\/\/www.jdroadtrip.tv\/blog\/bilan-2016-des-voyages-et-du-blogging-ou-voyager-en-2017\/"},"wordCount":3373,"commentCount":2,"publisher":{"@id":"https:\/\/www.jdroadtrip.tv\/blog\/#organization"},"image":{"@id":"https:\/\/www.jdroadtrip.tv\/blog\/bilan-2016-des-voyages-et-du-blogging-ou-voyager-en-2017\/#primaryimage"},"thumbnailUrl":"https:\/\/www.jdroadtrip.tv\/blog\/wp-content\/uploads\/2017\/01\/Bilan-2016-des-voyages-img.jpg","articleSection":["\u00catre blogueuse voyage"],"inLanguage":"fr-FR","potentialAction":[{"@type":"CommentAction","name":"Comment","target":["https:\/\/www.jdroadtrip.tv\/blog\/bilan-2016-des-voyages-et-du-blogging-ou-voyager-en-2017\/#respond"]}]},{"@type":"WebPage","@id":"https:\/\/www.jdroadtrip.tv\/blog\/bilan-2016-des-voyages-et-du-blogging-ou-voyager-en-2017\/","url":"https:\/\/www.jdroadtrip.tv\/blog\/bilan-2016-des-voyages-et-du-blogging-ou-voyager-en-2017\/","name":"Bilan 2016 des voyages et du blogging : O\u00f9 voyager en 2017? - JDroadtrip","isPartOf":{"@id":"https:\/\/www.jdroadtrip.tv\/blog\/#website"},"primaryImageOfPage":{"@id":"https:\/\/www.jdroadtrip.tv\/blog\/bilan-2016-des-voyages-et-du-blogging-ou-voyager-en-2017\/#primaryimage"},"image":{"@id":"https:\/\/www.jdroadtrip.tv\/blog\/bilan-2016-des-voyages-et-du-blogging-ou-voyager-en-2017\/#primaryimage"},"thumbnailUrl":"https:\/\/www.jdroadtrip.tv\/blog\/wp-content\/uploads\/2017\/01\/Bilan-2016-des-voyages-img.jpg","datePublished":"2017-01-03T10:42:31+00:00","dateModified":"2024-06-22T11:01:02+00:00","description":"O\u00f9 voyager en 2017 ? Voici un bilan 2016 des voyages et du blogging pour mon blog JDroadtrip, voyager au f\u00e9minin en sac \u00e0 dos.","breadcrumb":{"@id":"https:\/\/www.jdroadtrip.tv\/blog\/bilan-2016-des-voyages-et-du-blogging-ou-voyager-en-2017\/#breadcrumb"},"inLanguage":"fr-FR","potentialAction":[{"@type":"ReadAction","target":["https:\/\/www.jdroadtrip.tv\/blog\/bilan-2016-des-voyages-et-du-blogging-ou-voyager-en-2017\/"]}]},{"@type":"ImageObject","inLanguage":"fr-FR","@id":"https:\/\/www.jdroadtrip.tv\/blog\/bilan-2016-des-voyages-et-du-blogging-ou-voyager-en-2017\/#primaryimage","url":"https:\/\/www.jdroadtrip.tv\/blog\/wp-content\/uploads\/2017\/01\/Bilan-2016-des-voyages-img.jpg","contentUrl":"https:\/\/www.jdroadtrip.tv\/blog\/wp-content\/uploads\/2017\/01\/Bilan-2016-des-voyages-img.jpg","width":1000,"height":662},{"@type":"BreadcrumbList","@id":"https:\/\/www.jdroadtrip.tv\/blog\/bilan-2016-des-voyages-et-du-blogging-ou-voyager-en-2017\/#breadcrumb","itemListElement":[{"@type":"ListItem","position":1,"name":"Accueil","item":"https:\/\/www.jdroadtrip.tv\/blog\/"},{"@type":"ListItem","position":2,"name":"Bilan 2016 des voyages et du blogging"}]},{"@type":"WebSite","@id":"https:\/\/www.jdroadtrip.tv\/blog\/#website","url":"https:\/\/www.jdroadtrip.tv\/blog\/","name":"JDroadtrip - Blog de voyage au f\u00e9minin : Outdoor, Trek, Slow travel","description":"M\u00e9dia pour voyager au f\u00e9minin","publisher":{"@id":"https:\/\/www.jdroadtrip.tv\/blog\/#organization"},"alternateName":"JDroadtrip - Voyager au f\u00e9minin","potentialAction":[{"@type":"SearchAction","target":{"@type":"EntryPoint","urlTemplate":"https:\/\/www.jdroadtrip.tv\/blog\/?s={search_term_string}"},"query-input":{"@type":"PropertyValueSpecification","valueRequired":true,"valueName":"search_term_string"}}],"inLanguage":"fr-FR"},{"@type":"Organization","@id":"https:\/\/www.jdroadtrip.tv\/blog\/#organization","name":"JDroadtrip - Blog de voyage pour voyager au f\u00e9minin !","alternateName":"JDroadtrip - Voyager au f\u00e9minin","url":"https:\/\/www.jdroadtrip.tv\/blog\/","logo":{"@type":"ImageObject","inLanguage":"fr-FR","@id":"https:\/\/www.jdroadtrip.tv\/blog\/#\/schema\/logo\/image\/","url":"https:\/\/www.jdroadtrip.tv\/blog\/wp-content\/uploads\/2023\/08\/Logo-HD-petit.png","contentUrl":"https:\/\/www.jdroadtrip.tv\/blog\/wp-content\/uploads\/2023\/08\/Logo-HD-petit.png","width":300,"height":300,"caption":"JDroadtrip - Blog de voyage pour voyager au f\u00e9minin !"},"image":{"@id":"https:\/\/www.jdroadtrip.tv\/blog\/#\/schema\/logo\/image\/"},"sameAs":["https:\/\/www.facebook.com\/JDRoadTrip","https:\/\/x.com\/JDroadtrip","https:\/\/instagram.com\/jdroadtrip\/","http:\/\/www.linkedin.com\/in\/jennydiab","https:\/\/www.pinterest.fr\/jdroadtrip\/","https:\/\/www.youtube.com\/channel\/UCerVm4aMyTj9AxDDWmSx9_g"],"description":"Blog de voyage pour les femmes qui voyagent \u00e0 travers le monde.","email":"contact@jdroadtrip.tv","legalName":"Jenny Diab","numberOfEmployees":{"@type":"QuantitativeValue","minValue":"1","maxValue":"10"}},{"@type":"Person","@id":"https:\/\/www.jdroadtrip.tv\/blog\/#\/schema\/person\/d204bfc7d00ba74276391d8e42b58a3e","name":"Jenny Diab","image":{"@type":"ImageObject","inLanguage":"fr-FR","@id":"https:\/\/www.jdroadtrip.tv\/blog\/#\/schema\/person\/image\/","url":"https:\/\/secure.gravatar.com\/avatar\/8c20b0655fdafee9c0df649069a458b1bde697487be3b0da4df8754f3de7042c?s=96&d=mm&r=g","contentUrl":"https:\/\/secure.gravatar.com\/avatar\/8c20b0655fdafee9c0df649069a458b1bde697487be3b0da4df8754f3de7042c?s=96&d=mm&r=g","caption":"Jenny Diab"},"description":"Cr\u00e9atrice du blog JDroadtrip.tv, je voyage seule \u00e0 travers le monde et je partage mes exp\u00e9riences de voyageuse solo. \u00c0 travers ce blog, je vous invite \u00e0 d\u00e9couvrir un maximum de bons plans et astuces (h\u00e9bergements, activit\u00e9s, restaurants, transports \u2026) pour pr\u00e9parer au mieux vos futurs voyages. Si vous \u00eates une fille qui voyage \u00e0 travers le monde, rejoignez la communaut\u00e9 Voyager au f\u00e9minin et si vous avez des questions, n'h\u00e9sitez pas \u00e0 \u00e0 me contacter. D\u00c9COUVREZ QUI SUIS-JE.","sameAs":["https:\/\/www.jdroadtrip.tv","https:\/\/www.facebook.com\/JDroadtrip","https:\/\/www.instagram.com\/jdroadtrip\/","https:\/\/www.linkedin.com\/in\/jennydiab","https:\/\/www.pinterest.com\/Jdroadtrip","https:\/\/x.com\/JDroadtrip"],"url":"https:\/\/www.jdroadtrip.tv\/blog\/author\/jd\/"}]}},"_links":{"self":[{"href":"https:\/\/www.jdroadtrip.tv\/blog\/wp-json\/wp\/v2\/posts\/20443","targetHints":{"allow":["GET"]}}],"collection":[{"href":"https:\/\/www.jdroadtrip.tv\/blog\/wp-json\/wp\/v2\/posts"}],"about":[{"href":"https:\/\/www.jdroadtrip.tv\/blog\/wp-json\/wp\/v2\/types\/post"}],"author":[{"embeddable":true,"href":"https:\/\/www.jdroadtrip.tv\/blog\/wp-json\/wp\/v2\/users\/1"}],"replies":[{"embeddable":true,"href":"https:\/\/www.jdroadtrip.tv\/blog\/wp-json\/wp\/v2\/comments?post=20443"}],"version-history":[{"count":0,"href":"https:\/\/www.jdroadtrip.tv\/blog\/wp-json\/wp\/v2\/posts\/20443\/revisions"}],"wp:featuredmedia":[{"embeddable":true,"href":"https:\/\/www.jdroadtrip.tv\/blog\/wp-json\/wp\/v2\/media\/20768"}],"wp:attachment":[{"href":"https:\/\/www.jdroadtrip.tv\/blog\/wp-json\/wp\/v2\/media?parent=20443"}],"wp:term":[{"taxonomy":"category","embeddable":true,"href":"https:\/\/www.jdroadtrip.tv\/blog\/wp-json\/wp\/v2\/categories?post=20443"},{"taxonomy":"post_tag","embeddable":true,"href":"https:\/\/www.jdroadtrip.tv\/blog\/wp-json\/wp\/v2\/tags?post=20443"},{"taxonomy":"table_tags","embeddable":true,"href":"https:\/\/www.jdroadtrip.tv\/blog\/wp-json\/wp\/v2\/table_tags?post=20443"}],"curies":[{"name":"wp","href":"https:\/\/api.w.org\/{rel}","templated":true}]}}