{"id":20152,"date":"2022-10-06T12:09:08","date_gmt":"2022-10-06T11:09:08","guid":{"rendered":"http:\/\/www.jdroadtrip.tv\/blog\/?p=20152"},"modified":"2025-08-03T08:37:53","modified_gmt":"2025-08-03T07:37:53","slug":"reconfort-thermes-de-neyrac-les-bains","status":"publish","type":"post","link":"https:\/\/www.jdroadtrip.tv\/blog\/reconfort-thermes-de-neyrac-les-bains\/","title":{"rendered":"R\u00e9confort aux thermes de Neyrac les-bains"},"content":{"rendered":"\t\t<div data-elementor-type=\"wp-post\" data-elementor-id=\"20152\" class=\"elementor elementor-20152\" data-elementor-post-type=\"post\">\n\t\t\t\t\t\t<section class=\"elementor-section elementor-top-section elementor-element elementor-element-52b8e5e elementor-section-boxed elementor-section-height-default elementor-section-height-default\" data-id=\"52b8e5e\" data-element_type=\"section\">\n\t\t\t\t\t\t<div class=\"elementor-container elementor-column-gap-default\">\n\t\t\t\t\t<div class=\"elementor-column elementor-col-100 elementor-top-column elementor-element elementor-element-69add88\" data-id=\"69add88\" data-element_type=\"column\">\n\t\t\t<div class=\"elementor-widget-wrap elementor-element-populated\">\n\t\t\t\t\t\t<div class=\"elementor-element elementor-element-87ce98a elementor-widget elementor-widget-heading\" data-id=\"87ce98a\" data-element_type=\"widget\" data-widget_type=\"heading.default\">\n\t\t\t\t<div class=\"elementor-widget-container\">\n\t\t\t\t\t<h2 class=\"elementor-heading-title elementor-size-default\">R\u00e9confort aux thermes de Neyrac les-bains<\/h2>\t\t\t\t<\/div>\n\t\t\t\t<\/div>\n\t\t\t\t<div class=\"elementor-element elementor-element-8acb9e3 elementor-widget elementor-widget-text-editor\" data-id=\"8acb9e3\" data-element_type=\"widget\" data-widget_type=\"text-editor.default\">\n\t\t\t\t<div class=\"elementor-widget-container\">\n\t\t\t\t\t\t\t\t\t<p style=\"text-align: justify;\"><em><span style=\"font-size: 18pt;\">Il est temps de vous raconter notre apr\u00e8s-midi <strong>soins &amp; d\u00e9tente aux thermes de Neyrac-les-bains<\/strong>, id\u00e9al pour termin\u00e9 un superbe s\u00e9jour en Ard\u00e8che. Pendant deux jours, j\u2019ai d\u00e9couvert l\u2019<strong><a href=\"https:\/\/www.jdroadtrip.tv\/blog\/conseils-balade-a-velo-en-ardeche\/\" target=\"_blank\" rel=\"noopener noreferrer\">Ard\u00e8che du Sud \u00e0 v\u00e9lo<\/a><\/strong>, j\u2019ai eu la surprise de participer \u00e0 un concours culinaire et <strong><a href=\"https:\/\/www.jdroadtrip.tv\/blog\/cuisiner-au-pont-du-diable-chef-claude-brioude\/\" target=\"_blank\" rel=\"noopener noreferrer\">cuisiner sur le pont du diable avec Claude Brioude<\/a><\/strong> donc ce moment de d\u00e9tente tombe \u00e0 pic, comme c\u2019est quelque chose que je n\u2019avais jamais fait, j\u2019ai pu le d\u00e9couvrir. On le m\u00e9ritait toute bien ce petit moment de d\u00e9tente. Pour vous donner des id\u00e9es sur <strong><a href=\"https:\/\/www.jdroadtrip.tv\/blog\/que-faire-en-ardeche\/\" target=\"_blank\" rel=\"noopener\">que faire en Ard\u00e8che<\/a><\/strong>, n&rsquo;h\u00e9sitez pas \u00e0 lire mes divers articles.<\/span><\/em><\/p>\t\t\t\t\t\t\t\t<\/div>\n\t\t\t\t<\/div>\n\t\t\t\t<div class=\"elementor-element elementor-element-82f7026 elementor-widget elementor-widget-image\" data-id=\"82f7026\" data-element_type=\"widget\" data-widget_type=\"image.default\">\n\t\t\t\t<div class=\"elementor-widget-container\">\n\t\t\t\t\t\t\t\t\t\t\t\t\t\t\t<img fetchpriority=\"high\" decoding=\"async\" width=\"1000\" height=\"667\" src=\"https:\/\/www.jdroadtrip.tv\/blog\/wp-content\/uploads\/2016\/10\/Thermes-de-Neyrac-les-bains-2-e1477727929954.jpg\" class=\"attachment-full size-full wp-image-20155\" alt=\"thermes de Neyrac-les-bains\" srcset=\"https:\/\/www.jdroadtrip.tv\/blog\/wp-content\/uploads\/2016\/10\/Thermes-de-Neyrac-les-bains-2-e1477727929954.jpg 1000w, https:\/\/www.jdroadtrip.tv\/blog\/wp-content\/uploads\/2016\/10\/Thermes-de-Neyrac-les-bains-2-e1477727929954-300x200.jpg 300w, https:\/\/www.jdroadtrip.tv\/blog\/wp-content\/uploads\/2016\/10\/Thermes-de-Neyrac-les-bains-2-e1477727929954-800x534.jpg 800w, https:\/\/www.jdroadtrip.tv\/blog\/wp-content\/uploads\/2016\/10\/Thermes-de-Neyrac-les-bains-2-e1477727929954-250x167.jpg 250w, https:\/\/www.jdroadtrip.tv\/blog\/wp-content\/uploads\/2016\/10\/Thermes-de-Neyrac-les-bains-2-e1477727929954-768x512.jpg 768w, https:\/\/www.jdroadtrip.tv\/blog\/wp-content\/uploads\/2016\/10\/Thermes-de-Neyrac-les-bains-2-e1477727929954-566x377.jpg 566w, https:\/\/www.jdroadtrip.tv\/blog\/wp-content\/uploads\/2016\/10\/Thermes-de-Neyrac-les-bains-2-e1477727929954-390x260.jpg 390w, https:\/\/www.jdroadtrip.tv\/blog\/wp-content\/uploads\/2016\/10\/Thermes-de-Neyrac-les-bains-2-e1477727929954-103x68.jpg 103w\" sizes=\"(max-width: 1000px) 100vw, 1000px\" \/>\t\t\t\t\t\t\t\t\t\t\t\t\t\t\t<\/div>\n\t\t\t\t<\/div>\n\t\t\t\t<div class=\"elementor-element elementor-element-d03b3f9 elementor-widget-divider--view-line elementor-widget elementor-widget-global elementor-global-41411 elementor-widget-divider\" data-id=\"d03b3f9\" data-element_type=\"widget\" data-widget_type=\"divider.default\">\n\t\t\t\t<div class=\"elementor-widget-container\">\n\t\t\t\t\t\t\t<div class=\"elementor-divider\">\n\t\t\t<span class=\"elementor-divider-separator\">\n\t\t\t\t\t\t<\/span>\n\t\t<\/div>\n\t\t\t\t\t\t<\/div>\n\t\t\t\t<\/div>\n\t\t\t\t\t<\/div>\n\t\t<\/div>\n\t\t\t\t\t<\/div>\n\t\t<\/section>\n\t\t\t\t<section class=\"elementor-section elementor-top-section elementor-element elementor-element-502f7b5 elementor-section-boxed elementor-section-height-default elementor-section-height-default\" data-id=\"502f7b5\" data-element_type=\"section\">\n\t\t\t\t\t\t<div class=\"elementor-container elementor-column-gap-default\">\n\t\t\t\t\t<div class=\"elementor-column elementor-col-100 elementor-top-column elementor-element elementor-element-53e6543\" data-id=\"53e6543\" data-element_type=\"column\">\n\t\t\t<div class=\"elementor-widget-wrap elementor-element-populated\">\n\t\t\t\t\t\t<div class=\"elementor-element elementor-element-3255882 elementor-widget elementor-widget-text-editor\" data-id=\"3255882\" data-element_type=\"widget\" data-widget_type=\"text-editor.default\">\n\t\t\t\t<div class=\"elementor-widget-container\">\n\t\t\t\t\t\t\t\t\t<h2 style=\"text-align: justify;\">S\u00e9journer dans les studios \u00ab\u2009Natural Spa\u2009\u00bb<\/h2><p style=\"text-align: justify;\">Pour cette derni\u00e8re nuit en Ard\u00e8che, j\u2019ai eu la chance de s\u00e9journer dans un des studios \u00ab\u2009Natural Spa\u2009\u00bb \u00e0 Neyrac-les-bains. J\u2019ai ador\u00e9 la chambre avec une \u00e9norme douche et tout le confort n\u00e9cessaire\u00a0: wifi, t\u00e9l\u00e9, petite cuisine, un balcon, cadeaux de bienvenue\u2026<br \/>Un peignoir est \u00e0 votre disposition \u00e0 votre arriv\u00e9e pour l\u2019acc\u00e8s au centre de soins (Spa &amp; cure thermale) ainsi que la piscine et le jacuzzi. Une fois en tenue, vous n\u2019avez plus qu\u2019\u00e0 profiter et vous relaxer\u2009!<\/p>\t\t\t\t\t\t\t\t<\/div>\n\t\t\t\t<\/div>\n\t\t\t\t<div class=\"elementor-element elementor-element-e8cafe1 elementor-widget elementor-widget-image\" data-id=\"e8cafe1\" data-element_type=\"widget\" data-widget_type=\"image.default\">\n\t\t\t\t<div class=\"elementor-widget-container\">\n\t\t\t\t\t\t\t\t\t\t\t\t\t\t\t<img decoding=\"async\" width=\"1000\" height=\"667\" src=\"https:\/\/www.jdroadtrip.tv\/blog\/wp-content\/uploads\/2016\/10\/Thermes-de-Neyrac-les-bains-1.jpg\" class=\"attachment-full size-full wp-image-20154\" alt=\"thermes de Neyrac-les-bains\" srcset=\"https:\/\/www.jdroadtrip.tv\/blog\/wp-content\/uploads\/2016\/10\/Thermes-de-Neyrac-les-bains-1.jpg 1000w, https:\/\/www.jdroadtrip.tv\/blog\/wp-content\/uploads\/2016\/10\/Thermes-de-Neyrac-les-bains-1-300x200.jpg 300w, https:\/\/www.jdroadtrip.tv\/blog\/wp-content\/uploads\/2016\/10\/Thermes-de-Neyrac-les-bains-1-800x534.jpg 800w, https:\/\/www.jdroadtrip.tv\/blog\/wp-content\/uploads\/2016\/10\/Thermes-de-Neyrac-les-bains-1-250x167.jpg 250w, https:\/\/www.jdroadtrip.tv\/blog\/wp-content\/uploads\/2016\/10\/Thermes-de-Neyrac-les-bains-1-768x512.jpg 768w, https:\/\/www.jdroadtrip.tv\/blog\/wp-content\/uploads\/2016\/10\/Thermes-de-Neyrac-les-bains-1-585x390.jpg 585w, https:\/\/www.jdroadtrip.tv\/blog\/wp-content\/uploads\/2016\/10\/Thermes-de-Neyrac-les-bains-1-263x175.jpg 263w\" sizes=\"(max-width: 1000px) 100vw, 1000px\" \/>\t\t\t\t\t\t\t\t\t\t\t\t\t\t\t<\/div>\n\t\t\t\t<\/div>\n\t\t\t\t<div class=\"elementor-element elementor-element-00a46f3 elementor-widget-divider--view-line elementor-widget elementor-widget-global elementor-global-41411 elementor-widget-divider\" data-id=\"00a46f3\" data-element_type=\"widget\" data-widget_type=\"divider.default\">\n\t\t\t\t<div class=\"elementor-widget-container\">\n\t\t\t\t\t\t\t<div class=\"elementor-divider\">\n\t\t\t<span class=\"elementor-divider-separator\">\n\t\t\t\t\t\t<\/span>\n\t\t<\/div>\n\t\t\t\t\t\t<\/div>\n\t\t\t\t<\/div>\n\t\t\t\t\t<\/div>\n\t\t<\/div>\n\t\t\t\t\t<\/div>\n\t\t<\/section>\n\t\t\t\t<section class=\"elementor-section elementor-top-section elementor-element elementor-element-1ab589a elementor-section-boxed elementor-section-height-default elementor-section-height-default\" data-id=\"1ab589a\" data-element_type=\"section\">\n\t\t\t\t\t\t<div class=\"elementor-container elementor-column-gap-default\">\n\t\t\t\t\t<div class=\"elementor-column elementor-col-100 elementor-top-column elementor-element elementor-element-85627a5\" data-id=\"85627a5\" data-element_type=\"column\">\n\t\t\t<div class=\"elementor-widget-wrap elementor-element-populated\">\n\t\t\t\t\t\t<div class=\"elementor-element elementor-element-bb3dbef elementor-widget elementor-widget-text-editor\" data-id=\"bb3dbef\" data-element_type=\"widget\" data-widget_type=\"text-editor.default\">\n\t\t\t\t<div class=\"elementor-widget-container\">\n\t\t\t\t\t\t\t\t\t<h2 style=\"text-align: justify;\">Programme soins &amp; d\u00e9tente<\/h2><p style=\"text-align: justify;\">C\u2019est une premi\u00e8re moi, je n\u2019avais jamais fait de massages ou soins du corps et je savais forcement que \u00e7a allait me plaire. \u00c0 qui \u00e7a ne plairait pas\u2009? On avait toutes notre petit planning avec nos heures de passages. <strong>C\u2019\u00e9tait assez marrant de nous d\u00e9ambuler dans l\u2019escalier en peignoir pour aller aux soins.<\/strong> J\u2019ai tellement l\u2019habitude de voir les filles en mode voyageuses avec les chaussures de marche, le sac \u00e0 dos et l\u2019appareil photo, que l\u00e0, nous voir sans rien, c\u2019\u00e9tait fun\u2009! D\u2019un c\u00f4t\u00e9, c\u2019\u00e9tait pas plus mal, \u00e7a nous permettait de pouvoir vraiment profiter du moment \u00e0 fond.<\/p><p style=\"text-align: justify;\"><strong>Voil\u00e0 le programme qui nous attendait\u00a0:<\/strong> 1 bain bouillonnant parfum\u00e9, 1 douche thermale, 1 modelage californien, acc\u00e8s Hammam &amp; Spa thermal.<\/p><p style=\"text-align: justify;\">J\u2019ai commenc\u00e9 par la douche thermale ou appel\u00e9e aussi massage \u00e0 jet. On \u00e0 tous cette image du jet tellement fort qu\u2019il va nous plaquer au mur lol, non je vous rassure ce n\u2019est absolument pas \u00e7a.<\/p><p style=\"text-align: justify;\">Pendant 10\/15 minutes,\u00a0 une personne vous masse certaines parties du corps avec un jet assez puissant, mais pas au point de vous d\u00e9calquer. <strong>Ce n\u2019est pas d\u00e9sagr\u00e9able, bien au contraire, c\u2019est une mani\u00e8re de masser les muscles et j\u2019ai trouv\u00e9 \u00e7a plut\u00f4t sympa\u2009!<\/strong><\/p><p style=\"text-align: justify;\">L\u2019\u00e9tape suivante, le bain bouillonnant parfum\u00e9 et j\u2019ai choisi la framboise. <strong>Pendant 20minutes, on est allong\u00e9 dans une \u00e9norme baignoire et \u00e7a masse certaines parties du corps.<\/strong> Au d\u00e9but, je me suis dit, 20 minutes, c\u2019est long, je vais m\u2019ennuyer et au final, j\u2019aurais pu rester une heure tellement c\u2019est kiffant\u2009!<\/p><p style=\"text-align: justify;\">Et pour finir, <strong>le modelage californien, un massage de tout le corps<\/strong>\u2009! Autant vous dire qu\u2019apr\u00e8s \u00e7a, vous \u00eates d\u00e9tendue\u2009! En tout cas, j\u2019ai vraiment ador\u00e9 cet endroit, avec les copines on a pu aussi profiter du hammam, piscine et jacuzzi.<\/p><p style=\"text-align: justify;\">Pour avoir plus de renseignements : <strong><a href=\"https:\/\/www.thermesdeneyrac.com\" target=\"_blank\" rel=\"noopener noreferrer\">https:\/\/www.thermesdeneyrac.com<\/a><\/strong><\/p>\t\t\t\t\t\t\t\t<\/div>\n\t\t\t\t<\/div>\n\t\t\t\t<div class=\"elementor-element elementor-element-95d4fdb elementor-widget elementor-widget-gallery\" data-id=\"95d4fdb\" data-element_type=\"widget\" data-settings=\"{&quot;columns&quot;:2,&quot;lazyload&quot;:&quot;yes&quot;,&quot;gallery_layout&quot;:&quot;grid&quot;,&quot;columns_tablet&quot;:2,&quot;columns_mobile&quot;:1,&quot;gap&quot;:{&quot;unit&quot;:&quot;px&quot;,&quot;size&quot;:10,&quot;sizes&quot;:[]},&quot;gap_tablet&quot;:{&quot;unit&quot;:&quot;px&quot;,&quot;size&quot;:10,&quot;sizes&quot;:[]},&quot;gap_mobile&quot;:{&quot;unit&quot;:&quot;px&quot;,&quot;size&quot;:10,&quot;sizes&quot;:[]},&quot;link_to&quot;:&quot;file&quot;,&quot;aspect_ratio&quot;:&quot;3:2&quot;,&quot;overlay_background&quot;:&quot;yes&quot;,&quot;content_hover_animation&quot;:&quot;fade-in&quot;}\" data-widget_type=\"gallery.default\">\n\t\t\t\t<div class=\"elementor-widget-container\">\n\t\t\t\t\t\t\t<div class=\"elementor-gallery__container\">\n\t\t\t\t\t\t\t<a class=\"e-gallery-item elementor-gallery-item elementor-animated-content\" href=\"https:\/\/www.jdroadtrip.tv\/blog\/wp-content\/uploads\/2016\/10\/Thermes-de-Neyrac-les-bains-4.jpg\" data-elementor-open-lightbox=\"yes\" data-elementor-lightbox-slideshow=\"95d4fdb\" data-elementor-lightbox-title=\"thermes-de-neyrac-les-bains-4\" data-e-action-hash=\"#elementor-action%3Aaction%3Dlightbox%26settings%3DeyJpZCI6MjAxNTcsInVybCI6Imh0dHBzOlwvXC93d3cuamRyb2FkdHJpcC50dlwvYmxvZ1wvd3AtY29udGVudFwvdXBsb2Fkc1wvMjAxNlwvMTBcL1RoZXJtZXMtZGUtTmV5cmFjLWxlcy1iYWlucy00LmpwZyIsInNsaWRlc2hvdyI6Ijk1ZDRmZGIifQ%3D%3D\">\n\t\t\t\t\t<div class=\"e-gallery-image elementor-gallery-item__image\" data-thumbnail=\"https:\/\/www.jdroadtrip.tv\/blog\/wp-content\/uploads\/2016\/10\/Thermes-de-Neyrac-les-bains-4.jpg\" data-width=\"1000\" data-height=\"667\" aria-label=\"\" role=\"img\" ><\/div>\n\t\t\t\t\t\t\t\t\t\t\t<div class=\"elementor-gallery-item__overlay\"><\/div>\n\t\t\t\t\t\t\t\t\t\t\t\t\t\t<\/a>\n\t\t\t\t\t\t\t<a class=\"e-gallery-item elementor-gallery-item elementor-animated-content\" href=\"https:\/\/www.jdroadtrip.tv\/blog\/wp-content\/uploads\/2016\/10\/Thermes-de-Neyrac-les-bains-3.jpg\" data-elementor-open-lightbox=\"yes\" data-elementor-lightbox-slideshow=\"95d4fdb\" data-elementor-lightbox-title=\"thermes-de-neyrac-les-bains-3\" data-e-action-hash=\"#elementor-action%3Aaction%3Dlightbox%26settings%3DeyJpZCI6MjAxNTYsInVybCI6Imh0dHBzOlwvXC93d3cuamRyb2FkdHJpcC50dlwvYmxvZ1wvd3AtY29udGVudFwvdXBsb2Fkc1wvMjAxNlwvMTBcL1RoZXJtZXMtZGUtTmV5cmFjLWxlcy1iYWlucy0zLmpwZyIsInNsaWRlc2hvdyI6Ijk1ZDRmZGIifQ%3D%3D\">\n\t\t\t\t\t<div class=\"e-gallery-image elementor-gallery-item__image\" data-thumbnail=\"https:\/\/www.jdroadtrip.tv\/blog\/wp-content\/uploads\/2016\/10\/Thermes-de-Neyrac-les-bains-3.jpg\" data-width=\"1000\" data-height=\"668\" aria-label=\"\" role=\"img\" ><\/div>\n\t\t\t\t\t\t\t\t\t\t\t<div class=\"elementor-gallery-item__overlay\"><\/div>\n\t\t\t\t\t\t\t\t\t\t\t\t\t\t<\/a>\n\t\t\t\t\t<\/div>\n\t\t\t\t\t<\/div>\n\t\t\t\t<\/div>\n\t\t\t\t<div class=\"elementor-element elementor-element-94f0965 elementor-widget-divider--view-line elementor-widget elementor-widget-global elementor-global-41411 elementor-widget-divider\" data-id=\"94f0965\" data-element_type=\"widget\" data-widget_type=\"divider.default\">\n\t\t\t\t<div class=\"elementor-widget-container\">\n\t\t\t\t\t\t\t<div class=\"elementor-divider\">\n\t\t\t<span class=\"elementor-divider-separator\">\n\t\t\t\t\t\t<\/span>\n\t\t<\/div>\n\t\t\t\t\t\t<\/div>\n\t\t\t\t<\/div>\n\t\t\t\t\t<\/div>\n\t\t<\/div>\n\t\t\t\t\t<\/div>\n\t\t<\/section>\n\t\t\t\t<section class=\"elementor-section elementor-top-section elementor-element elementor-element-719f74b8 elementor-section-boxed elementor-section-height-default elementor-section-height-default\" data-id=\"719f74b8\" data-element_type=\"section\">\n\t\t\t\t\t\t<div class=\"elementor-container elementor-column-gap-default\">\n\t\t\t\t\t<div class=\"elementor-column elementor-col-100 elementor-top-column elementor-element elementor-element-69b81fdd\" data-id=\"69b81fdd\" data-element_type=\"column\">\n\t\t\t<div class=\"elementor-widget-wrap elementor-element-populated\">\n\t\t\t\t\t\t<div class=\"elementor-element elementor-element-62279ef1 elementor-widget elementor-widget-text-editor\" data-id=\"62279ef1\" data-element_type=\"widget\" data-widget_type=\"text-editor.default\">\n\t\t\t\t<div class=\"elementor-widget-container\">\n\t\t\t\t\t\t\t\t\t<p style=\"text-align: justify;\"><strong>Si vous avez des questions sur les thermes de Neyrac-les-bains, n\u2019h\u00e9sitez pas !<\/strong><\/p><p style=\"text-align: justify;\"><span style=\"font-size: 10pt;\"><em>Ce s\u00e9jour en Ard\u00e8che a pu \u00eatre r\u00e9alis\u00e9 gr\u00e2ce \u00e0 C\u00e9cile de l\u2019Agence de D\u00e9veloppement Touristique de l\u2019Ard\u00e8che (ADT Ard\u00e8che <strong><a href=\"http:\/\/www.ardeche-guide.com\" target=\"_blank\" rel=\"noopener noreferrer\">www.ardeche-guide.com<\/a><\/strong>) en partenariat avec l\u2019Office de Tourisme d\u2019Aubenas, de Vals, d\u2019Antraigues (<strong><a href=\"http:\/\/www.aubenas-vals.com\" target=\"_blank\" rel=\"noopener noreferrer\">www.aubenas-vals.com<\/a><\/strong>), les thermes de Neyrac les Bains et Ard\u00e8che Le Gout. Merci \u00e0 tous de m\u2019avoir permise de d\u00e9couvrir une partie de cette r\u00e9gion. Je pr\u00e9cise que ce partenariat n\u2019influe en aucun cas sur ma ligne \u00e9ditoriale.<\/em><\/span><\/p>\t\t\t\t\t\t\t\t<\/div>\n\t\t\t\t<\/div>\n\t\t\t\t\t<\/div>\n\t\t<\/div>\n\t\t\t\t\t<\/div>\n\t\t<\/section>\n\t\t\t\t<\/div>\n\t\t","protected":false},"excerpt":{"rendered":"<p>R\u00e9confort aux thermes de Neyrac les-bains Il est temps de vous raconter notre apr\u00e8s-midi soins &amp; d\u00e9tente aux thermes de Neyrac-les-bains, id\u00e9al pour termin\u00e9 un superbe s\u00e9jour en Ard\u00e8che. Pendant deux jours, j\u2019ai d\u00e9couvert l\u2019Ard\u00e8che du Sud \u00e0 v\u00e9lo, j\u2019ai eu la surprise de participer \u00e0 un concours culinaire et cuisiner sur le pont du [&hellip;]<\/p>\n","protected":false},"author":1,"featured_media":20158,"comment_status":"open","ping_status":"open","sticky":false,"template":"","format":"standard","meta":{"ocean_post_layout":"","ocean_both_sidebars_style":"","ocean_both_sidebars_content_width":0,"ocean_both_sidebars_sidebars_width":0,"ocean_sidebar":"","ocean_second_sidebar":"","ocean_disable_margins":"enable","ocean_add_body_class":"","ocean_shortcode_before_top_bar":"","ocean_shortcode_after_top_bar":"","ocean_shortcode_before_header":"","ocean_shortcode_after_header":"","ocean_has_shortcode":"","ocean_shortcode_after_title":"","ocean_shortcode_before_footer_widgets":"","ocean_shortcode_after_footer_widgets":"","ocean_shortcode_before_footer_bottom":"","ocean_shortcode_after_footer_bottom":"","ocean_display_top_bar":"default","ocean_display_header":"default","ocean_header_style":"","ocean_center_header_left_menu":"","ocean_custom_header_template":"","ocean_custom_logo":0,"ocean_custom_retina_logo":0,"ocean_custom_logo_max_width":0,"ocean_custom_logo_tablet_max_width":0,"ocean_custom_logo_mobile_max_width":0,"ocean_custom_logo_max_height":0,"ocean_custom_logo_tablet_max_height":0,"ocean_custom_logo_mobile_max_height":0,"ocean_header_custom_menu":"","ocean_menu_typo_font_family":"","ocean_menu_typo_font_subset":"","ocean_menu_typo_font_size":0,"ocean_menu_typo_font_size_tablet":0,"ocean_menu_typo_font_size_mobile":0,"ocean_menu_typo_font_size_unit":"px","ocean_menu_typo_font_weight":"","ocean_menu_typo_font_weight_tablet":"","ocean_menu_typo_font_weight_mobile":"","ocean_menu_typo_transform":"","ocean_menu_typo_transform_tablet":"","ocean_menu_typo_transform_mobile":"","ocean_menu_typo_line_height":0,"ocean_menu_typo_line_height_tablet":0,"ocean_menu_typo_line_height_mobile":0,"ocean_menu_typo_line_height_unit":"","ocean_menu_typo_spacing":0,"ocean_menu_typo_spacing_tablet":0,"ocean_menu_typo_spacing_mobile":0,"ocean_menu_typo_spacing_unit":"","ocean_menu_link_color":"","ocean_menu_link_color_hover":"","ocean_menu_link_color_active":"","ocean_menu_link_background":"","ocean_menu_link_hover_background":"","ocean_menu_link_active_background":"","ocean_menu_social_links_bg":"","ocean_menu_social_hover_links_bg":"","ocean_menu_social_links_color":"","ocean_menu_social_hover_links_color":"","ocean_disable_title":"default","ocean_disable_heading":"default","ocean_post_title":"","ocean_post_subheading":"","ocean_post_title_style":"","ocean_post_title_background_color":"","ocean_post_title_background":0,"ocean_post_title_bg_image_position":"","ocean_post_title_bg_image_attachment":"","ocean_post_title_bg_image_repeat":"","ocean_post_title_bg_image_size":"","ocean_post_title_height":0,"ocean_post_title_bg_overlay":0.5,"ocean_post_title_bg_overlay_color":"","ocean_disable_breadcrumbs":"default","ocean_breadcrumbs_color":"","ocean_breadcrumbs_separator_color":"","ocean_breadcrumbs_links_color":"","ocean_breadcrumbs_links_hover_color":"","ocean_display_footer_widgets":"default","ocean_display_footer_bottom":"default","ocean_custom_footer_template":"","ocean_post_oembed":"","ocean_post_self_hosted_media":"","ocean_post_video_embed":"","ocean_link_format":"","ocean_link_format_target":"self","ocean_quote_format":"","ocean_quote_format_link":"post","ocean_gallery_link_images":"on","ocean_gallery_id":[],"footnotes":""},"categories":[851],"tags":[],"table_tags":[],"class_list":["post-20152","post","type-post","status-publish","format-standard","has-post-thumbnail","hentry","category-auvergne-rhone-alpes","entry","has-media"],"yoast_head":"<!-- This site is optimized with the Yoast SEO Premium plugin v25.9 (Yoast SEO v25.9) - https:\/\/yoast.com\/wordpress\/plugins\/seo\/ -->\n<title>R\u00e9confort aux thermes de Neyrac-les-bains - JDroadtrip.tv<\/title>\n<meta name=\"description\" content=\"D\u00e9couvrez les thermes de Neyrac-les-bains, o\u00f9 vous pouvez s\u00e9journer (Studio Natural Spa) et profitez d&#039;un programme soins et d\u00e9tente..\" \/>\n<meta name=\"robots\" content=\"index, follow, max-snippet:-1, max-image-preview:large, max-video-preview:-1\" \/>\n<link rel=\"canonical\" href=\"https:\/\/www.jdroadtrip.tv\/blog\/reconfort-thermes-de-neyrac-les-bains\/\" \/>\n<meta property=\"og:locale\" content=\"fr_FR\" \/>\n<meta property=\"og:type\" content=\"article\" \/>\n<meta property=\"og:title\" content=\"R\u00e9confort aux thermes de Neyrac les-bains\" \/>\n<meta property=\"og:description\" content=\"D\u00e9couvrez les thermes de Neyrac-les-bains, o\u00f9 vous pouvez s\u00e9journer (Studio Natural Spa) et profitez d&#039;un programme soins et d\u00e9tente..\" \/>\n<meta property=\"og:url\" content=\"https:\/\/www.jdroadtrip.tv\/blog\/reconfort-thermes-de-neyrac-les-bains\/\" \/>\n<meta property=\"og:site_name\" content=\"JDroadtrip - Blog de voyage pour voyager au f\u00e9minin !\" \/>\n<meta property=\"article:publisher\" content=\"https:\/\/www.facebook.com\/JDRoadTrip\" \/>\n<meta property=\"article:author\" content=\"https:\/\/www.facebook.com\/JDroadtrip\" \/>\n<meta property=\"article:published_time\" content=\"2022-10-06T11:09:08+00:00\" \/>\n<meta property=\"article:modified_time\" content=\"2025-08-03T07:37:53+00:00\" \/>\n<meta property=\"og:image\" content=\"https:\/\/www.jdroadtrip.tv\/blog\/wp-content\/uploads\/2016\/10\/Thermes-de-Neyrac-les-bains-img.jpg\" \/>\n\t<meta property=\"og:image:width\" content=\"1000\" \/>\n\t<meta property=\"og:image:height\" content=\"667\" \/>\n\t<meta property=\"og:image:type\" content=\"image\/jpeg\" \/>\n<meta name=\"author\" content=\"Jenny Diab\" \/>\n<meta name=\"twitter:card\" content=\"summary_large_image\" \/>\n<meta name=\"twitter:creator\" content=\"@JDroadtrip\" \/>\n<meta name=\"twitter:site\" content=\"@JDroadtrip\" \/>\n<meta name=\"twitter:label1\" content=\"\u00c9crit par\" \/>\n\t<meta name=\"twitter:data1\" content=\"Jenny Diab\" \/>\n\t<meta name=\"twitter:label2\" content=\"Dur\u00e9e de lecture estim\u00e9e\" \/>\n\t<meta name=\"twitter:data2\" content=\"4 minutes\" \/>\n<script type=\"application\/ld+json\" class=\"yoast-schema-graph\">{\"@context\":\"https:\/\/schema.org\",\"@graph\":[{\"@type\":\"Article\",\"@id\":\"https:\/\/www.jdroadtrip.tv\/blog\/reconfort-thermes-de-neyrac-les-bains\/#article\",\"isPartOf\":{\"@id\":\"https:\/\/www.jdroadtrip.tv\/blog\/reconfort-thermes-de-neyrac-les-bains\/\"},\"author\":{\"name\":\"Jenny Diab\",\"@id\":\"https:\/\/www.jdroadtrip.tv\/blog\/#\/schema\/person\/d204bfc7d00ba74276391d8e42b58a3e\"},\"headline\":\"R\u00e9confort aux thermes de Neyrac les-bains\",\"datePublished\":\"2022-10-06T11:09:08+00:00\",\"dateModified\":\"2025-08-03T07:37:53+00:00\",\"mainEntityOfPage\":{\"@id\":\"https:\/\/www.jdroadtrip.tv\/blog\/reconfort-thermes-de-neyrac-les-bains\/\"},\"wordCount\":666,\"commentCount\":0,\"publisher\":{\"@id\":\"https:\/\/www.jdroadtrip.tv\/blog\/#organization\"},\"image\":{\"@id\":\"https:\/\/www.jdroadtrip.tv\/blog\/reconfort-thermes-de-neyrac-les-bains\/#primaryimage\"},\"thumbnailUrl\":\"https:\/\/www.jdroadtrip.tv\/blog\/wp-content\/uploads\/2016\/10\/Thermes-de-Neyrac-les-bains-img.jpg\",\"articleSection\":[\"Auvergne-Rh\u00f4ne-Alpes\"],\"inLanguage\":\"fr-FR\",\"potentialAction\":[{\"@type\":\"CommentAction\",\"name\":\"Comment\",\"target\":[\"https:\/\/www.jdroadtrip.tv\/blog\/reconfort-thermes-de-neyrac-les-bains\/#respond\"]}]},{\"@type\":\"WebPage\",\"@id\":\"https:\/\/www.jdroadtrip.tv\/blog\/reconfort-thermes-de-neyrac-les-bains\/\",\"url\":\"https:\/\/www.jdroadtrip.tv\/blog\/reconfort-thermes-de-neyrac-les-bains\/\",\"name\":\"R\u00e9confort aux thermes de Neyrac-les-bains - JDroadtrip.tv\",\"isPartOf\":{\"@id\":\"https:\/\/www.jdroadtrip.tv\/blog\/#website\"},\"primaryImageOfPage\":{\"@id\":\"https:\/\/www.jdroadtrip.tv\/blog\/reconfort-thermes-de-neyrac-les-bains\/#primaryimage\"},\"image\":{\"@id\":\"https:\/\/www.jdroadtrip.tv\/blog\/reconfort-thermes-de-neyrac-les-bains\/#primaryimage\"},\"thumbnailUrl\":\"https:\/\/www.jdroadtrip.tv\/blog\/wp-content\/uploads\/2016\/10\/Thermes-de-Neyrac-les-bains-img.jpg\",\"datePublished\":\"2022-10-06T11:09:08+00:00\",\"dateModified\":\"2025-08-03T07:37:53+00:00\",\"description\":\"D\u00e9couvrez les thermes de Neyrac-les-bains, o\u00f9 vous pouvez s\u00e9journer (Studio Natural Spa) et profitez d'un programme soins et d\u00e9tente..\",\"breadcrumb\":{\"@id\":\"https:\/\/www.jdroadtrip.tv\/blog\/reconfort-thermes-de-neyrac-les-bains\/#breadcrumb\"},\"inLanguage\":\"fr-FR\",\"potentialAction\":[{\"@type\":\"ReadAction\",\"target\":[\"https:\/\/www.jdroadtrip.tv\/blog\/reconfort-thermes-de-neyrac-les-bains\/\"]}]},{\"@type\":\"ImageObject\",\"inLanguage\":\"fr-FR\",\"@id\":\"https:\/\/www.jdroadtrip.tv\/blog\/reconfort-thermes-de-neyrac-les-bains\/#primaryimage\",\"url\":\"https:\/\/www.jdroadtrip.tv\/blog\/wp-content\/uploads\/2016\/10\/Thermes-de-Neyrac-les-bains-img.jpg\",\"contentUrl\":\"https:\/\/www.jdroadtrip.tv\/blog\/wp-content\/uploads\/2016\/10\/Thermes-de-Neyrac-les-bains-img.jpg\",\"width\":1000,\"height\":667},{\"@type\":\"BreadcrumbList\",\"@id\":\"https:\/\/www.jdroadtrip.tv\/blog\/reconfort-thermes-de-neyrac-les-bains\/#breadcrumb\",\"itemListElement\":[{\"@type\":\"ListItem\",\"position\":1,\"name\":\"Accueil\",\"item\":\"https:\/\/www.jdroadtrip.tv\/blog\/\"},{\"@type\":\"ListItem\",\"position\":2,\"name\":\"R\u00e9confort aux thermes de Neyrac les-bains\"}]},{\"@type\":\"WebSite\",\"@id\":\"https:\/\/www.jdroadtrip.tv\/blog\/#website\",\"url\":\"https:\/\/www.jdroadtrip.tv\/blog\/\",\"name\":\"JDroadtrip - Blog de voyage au f\u00e9minin : Outdoor, Trek, Slow travel\",\"description\":\"M\u00e9dia pour voyager au f\u00e9minin\",\"publisher\":{\"@id\":\"https:\/\/www.jdroadtrip.tv\/blog\/#organization\"},\"alternateName\":\"JDroadtrip - Voyager au f\u00e9minin\",\"potentialAction\":[{\"@type\":\"SearchAction\",\"target\":{\"@type\":\"EntryPoint\",\"urlTemplate\":\"https:\/\/www.jdroadtrip.tv\/blog\/?s={search_term_string}\"},\"query-input\":{\"@type\":\"PropertyValueSpecification\",\"valueRequired\":true,\"valueName\":\"search_term_string\"}}],\"inLanguage\":\"fr-FR\"},{\"@type\":\"Organization\",\"@id\":\"https:\/\/www.jdroadtrip.tv\/blog\/#organization\",\"name\":\"JDroadtrip - Blog de voyage pour voyager au f\u00e9minin !\",\"alternateName\":\"JDroadtrip - Voyager au f\u00e9minin\",\"url\":\"https:\/\/www.jdroadtrip.tv\/blog\/\",\"logo\":{\"@type\":\"ImageObject\",\"inLanguage\":\"fr-FR\",\"@id\":\"https:\/\/www.jdroadtrip.tv\/blog\/#\/schema\/logo\/image\/\",\"url\":\"https:\/\/www.jdroadtrip.tv\/blog\/wp-content\/uploads\/2023\/08\/Logo-HD-petit.png\",\"contentUrl\":\"https:\/\/www.jdroadtrip.tv\/blog\/wp-content\/uploads\/2023\/08\/Logo-HD-petit.png\",\"width\":300,\"height\":300,\"caption\":\"JDroadtrip - Blog de voyage pour voyager au f\u00e9minin !\"},\"image\":{\"@id\":\"https:\/\/www.jdroadtrip.tv\/blog\/#\/schema\/logo\/image\/\"},\"sameAs\":[\"https:\/\/www.facebook.com\/JDRoadTrip\",\"https:\/\/x.com\/JDroadtrip\",\"https:\/\/instagram.com\/jdroadtrip\/\",\"http:\/\/www.linkedin.com\/in\/jennydiab\",\"https:\/\/www.pinterest.fr\/jdroadtrip\/\",\"https:\/\/www.youtube.com\/channel\/UCerVm4aMyTj9AxDDWmSx9_g\"],\"description\":\"Blog de voyage pour les femmes qui voyagent \u00e0 travers le monde.\",\"email\":\"contact@jdroadtrip.tv\",\"legalName\":\"Jenny Diab\",\"numberOfEmployees\":{\"@type\":\"QuantitativeValue\",\"minValue\":\"1\",\"maxValue\":\"10\"}},{\"@type\":\"Person\",\"@id\":\"https:\/\/www.jdroadtrip.tv\/blog\/#\/schema\/person\/d204bfc7d00ba74276391d8e42b58a3e\",\"name\":\"Jenny Diab\",\"image\":{\"@type\":\"ImageObject\",\"inLanguage\":\"fr-FR\",\"@id\":\"https:\/\/www.jdroadtrip.tv\/blog\/#\/schema\/person\/image\/\",\"url\":\"https:\/\/secure.gravatar.com\/avatar\/8c20b0655fdafee9c0df649069a458b1bde697487be3b0da4df8754f3de7042c?s=96&d=mm&r=g\",\"contentUrl\":\"https:\/\/secure.gravatar.com\/avatar\/8c20b0655fdafee9c0df649069a458b1bde697487be3b0da4df8754f3de7042c?s=96&d=mm&r=g\",\"caption\":\"Jenny Diab\"},\"description\":\"Cr\u00e9atrice du blog JDroadtrip.tv, je voyage seule \u00e0 travers le monde et je partage mes exp\u00e9riences de voyageuse solo. \u00c0 travers ce blog, je vous invite \u00e0 d\u00e9couvrir un maximum de bons plans et astuces (h\u00e9bergements, activit\u00e9s, restaurants, transports \u2026) pour pr\u00e9parer au mieux vos futurs voyages. Si vous \u00eates une fille qui voyage \u00e0 travers le monde, rejoignez la communaut\u00e9 Voyager au f\u00e9minin et si vous avez des questions, n'h\u00e9sitez pas \u00e0 \u00e0 me contacter. D\u00c9COUVREZ QUI SUIS-JE.\",\"sameAs\":[\"https:\/\/www.jdroadtrip.tv\",\"https:\/\/www.facebook.com\/JDroadtrip\",\"https:\/\/www.instagram.com\/jdroadtrip\/\",\"https:\/\/www.linkedin.com\/in\/jennydiab\",\"https:\/\/www.pinterest.com\/Jdroadtrip\",\"https:\/\/x.com\/JDroadtrip\"],\"url\":\"https:\/\/www.jdroadtrip.tv\/blog\/author\/jd\/\"}]}<\/script>\n<!-- \/ Yoast SEO Premium plugin. -->","yoast_head_json":{"title":"R\u00e9confort aux thermes de Neyrac-les-bains - JDroadtrip.tv","description":"D\u00e9couvrez les thermes de Neyrac-les-bains, o\u00f9 vous pouvez s\u00e9journer (Studio Natural Spa) et profitez d'un programme soins et d\u00e9tente..","robots":{"index":"index","follow":"follow","max-snippet":"max-snippet:-1","max-image-preview":"max-image-preview:large","max-video-preview":"max-video-preview:-1"},"canonical":"https:\/\/www.jdroadtrip.tv\/blog\/reconfort-thermes-de-neyrac-les-bains\/","og_locale":"fr_FR","og_type":"article","og_title":"R\u00e9confort aux thermes de Neyrac les-bains","og_description":"D\u00e9couvrez les thermes de Neyrac-les-bains, o\u00f9 vous pouvez s\u00e9journer (Studio Natural Spa) et profitez d'un programme soins et d\u00e9tente..","og_url":"https:\/\/www.jdroadtrip.tv\/blog\/reconfort-thermes-de-neyrac-les-bains\/","og_site_name":"JDroadtrip - Blog de voyage pour voyager au f\u00e9minin !","article_publisher":"https:\/\/www.facebook.com\/JDRoadTrip","article_author":"https:\/\/www.facebook.com\/JDroadtrip","article_published_time":"2022-10-06T11:09:08+00:00","article_modified_time":"2025-08-03T07:37:53+00:00","og_image":[{"width":1000,"height":667,"url":"https:\/\/www.jdroadtrip.tv\/blog\/wp-content\/uploads\/2016\/10\/Thermes-de-Neyrac-les-bains-img.jpg","type":"image\/jpeg"}],"author":"Jenny Diab","twitter_card":"summary_large_image","twitter_creator":"@JDroadtrip","twitter_site":"@JDroadtrip","twitter_misc":{"\u00c9crit par":"Jenny Diab","Dur\u00e9e de lecture estim\u00e9e":"4 minutes"},"schema":{"@context":"https:\/\/schema.org","@graph":[{"@type":"Article","@id":"https:\/\/www.jdroadtrip.tv\/blog\/reconfort-thermes-de-neyrac-les-bains\/#article","isPartOf":{"@id":"https:\/\/www.jdroadtrip.tv\/blog\/reconfort-thermes-de-neyrac-les-bains\/"},"author":{"name":"Jenny Diab","@id":"https:\/\/www.jdroadtrip.tv\/blog\/#\/schema\/person\/d204bfc7d00ba74276391d8e42b58a3e"},"headline":"R\u00e9confort aux thermes de Neyrac les-bains","datePublished":"2022-10-06T11:09:08+00:00","dateModified":"2025-08-03T07:37:53+00:00","mainEntityOfPage":{"@id":"https:\/\/www.jdroadtrip.tv\/blog\/reconfort-thermes-de-neyrac-les-bains\/"},"wordCount":666,"commentCount":0,"publisher":{"@id":"https:\/\/www.jdroadtrip.tv\/blog\/#organization"},"image":{"@id":"https:\/\/www.jdroadtrip.tv\/blog\/reconfort-thermes-de-neyrac-les-bains\/#primaryimage"},"thumbnailUrl":"https:\/\/www.jdroadtrip.tv\/blog\/wp-content\/uploads\/2016\/10\/Thermes-de-Neyrac-les-bains-img.jpg","articleSection":["Auvergne-Rh\u00f4ne-Alpes"],"inLanguage":"fr-FR","potentialAction":[{"@type":"CommentAction","name":"Comment","target":["https:\/\/www.jdroadtrip.tv\/blog\/reconfort-thermes-de-neyrac-les-bains\/#respond"]}]},{"@type":"WebPage","@id":"https:\/\/www.jdroadtrip.tv\/blog\/reconfort-thermes-de-neyrac-les-bains\/","url":"https:\/\/www.jdroadtrip.tv\/blog\/reconfort-thermes-de-neyrac-les-bains\/","name":"R\u00e9confort aux thermes de Neyrac-les-bains - JDroadtrip.tv","isPartOf":{"@id":"https:\/\/www.jdroadtrip.tv\/blog\/#website"},"primaryImageOfPage":{"@id":"https:\/\/www.jdroadtrip.tv\/blog\/reconfort-thermes-de-neyrac-les-bains\/#primaryimage"},"image":{"@id":"https:\/\/www.jdroadtrip.tv\/blog\/reconfort-thermes-de-neyrac-les-bains\/#primaryimage"},"thumbnailUrl":"https:\/\/www.jdroadtrip.tv\/blog\/wp-content\/uploads\/2016\/10\/Thermes-de-Neyrac-les-bains-img.jpg","datePublished":"2022-10-06T11:09:08+00:00","dateModified":"2025-08-03T07:37:53+00:00","description":"D\u00e9couvrez les thermes de Neyrac-les-bains, o\u00f9 vous pouvez s\u00e9journer (Studio Natural Spa) et profitez d'un programme soins et d\u00e9tente..","breadcrumb":{"@id":"https:\/\/www.jdroadtrip.tv\/blog\/reconfort-thermes-de-neyrac-les-bains\/#breadcrumb"},"inLanguage":"fr-FR","potentialAction":[{"@type":"ReadAction","target":["https:\/\/www.jdroadtrip.tv\/blog\/reconfort-thermes-de-neyrac-les-bains\/"]}]},{"@type":"ImageObject","inLanguage":"fr-FR","@id":"https:\/\/www.jdroadtrip.tv\/blog\/reconfort-thermes-de-neyrac-les-bains\/#primaryimage","url":"https:\/\/www.jdroadtrip.tv\/blog\/wp-content\/uploads\/2016\/10\/Thermes-de-Neyrac-les-bains-img.jpg","contentUrl":"https:\/\/www.jdroadtrip.tv\/blog\/wp-content\/uploads\/2016\/10\/Thermes-de-Neyrac-les-bains-img.jpg","width":1000,"height":667},{"@type":"BreadcrumbList","@id":"https:\/\/www.jdroadtrip.tv\/blog\/reconfort-thermes-de-neyrac-les-bains\/#breadcrumb","itemListElement":[{"@type":"ListItem","position":1,"name":"Accueil","item":"https:\/\/www.jdroadtrip.tv\/blog\/"},{"@type":"ListItem","position":2,"name":"R\u00e9confort aux thermes de Neyrac les-bains"}]},{"@type":"WebSite","@id":"https:\/\/www.jdroadtrip.tv\/blog\/#website","url":"https:\/\/www.jdroadtrip.tv\/blog\/","name":"JDroadtrip - Blog de voyage au f\u00e9minin : Outdoor, Trek, Slow travel","description":"M\u00e9dia pour voyager au f\u00e9minin","publisher":{"@id":"https:\/\/www.jdroadtrip.tv\/blog\/#organization"},"alternateName":"JDroadtrip - Voyager au f\u00e9minin","potentialAction":[{"@type":"SearchAction","target":{"@type":"EntryPoint","urlTemplate":"https:\/\/www.jdroadtrip.tv\/blog\/?s={search_term_string}"},"query-input":{"@type":"PropertyValueSpecification","valueRequired":true,"valueName":"search_term_string"}}],"inLanguage":"fr-FR"},{"@type":"Organization","@id":"https:\/\/www.jdroadtrip.tv\/blog\/#organization","name":"JDroadtrip - Blog de voyage pour voyager au f\u00e9minin !","alternateName":"JDroadtrip - Voyager au f\u00e9minin","url":"https:\/\/www.jdroadtrip.tv\/blog\/","logo":{"@type":"ImageObject","inLanguage":"fr-FR","@id":"https:\/\/www.jdroadtrip.tv\/blog\/#\/schema\/logo\/image\/","url":"https:\/\/www.jdroadtrip.tv\/blog\/wp-content\/uploads\/2023\/08\/Logo-HD-petit.png","contentUrl":"https:\/\/www.jdroadtrip.tv\/blog\/wp-content\/uploads\/2023\/08\/Logo-HD-petit.png","width":300,"height":300,"caption":"JDroadtrip - Blog de voyage pour voyager au f\u00e9minin !"},"image":{"@id":"https:\/\/www.jdroadtrip.tv\/blog\/#\/schema\/logo\/image\/"},"sameAs":["https:\/\/www.facebook.com\/JDRoadTrip","https:\/\/x.com\/JDroadtrip","https:\/\/instagram.com\/jdroadtrip\/","http:\/\/www.linkedin.com\/in\/jennydiab","https:\/\/www.pinterest.fr\/jdroadtrip\/","https:\/\/www.youtube.com\/channel\/UCerVm4aMyTj9AxDDWmSx9_g"],"description":"Blog de voyage pour les femmes qui voyagent \u00e0 travers le monde.","email":"contact@jdroadtrip.tv","legalName":"Jenny Diab","numberOfEmployees":{"@type":"QuantitativeValue","minValue":"1","maxValue":"10"}},{"@type":"Person","@id":"https:\/\/www.jdroadtrip.tv\/blog\/#\/schema\/person\/d204bfc7d00ba74276391d8e42b58a3e","name":"Jenny Diab","image":{"@type":"ImageObject","inLanguage":"fr-FR","@id":"https:\/\/www.jdroadtrip.tv\/blog\/#\/schema\/person\/image\/","url":"https:\/\/secure.gravatar.com\/avatar\/8c20b0655fdafee9c0df649069a458b1bde697487be3b0da4df8754f3de7042c?s=96&d=mm&r=g","contentUrl":"https:\/\/secure.gravatar.com\/avatar\/8c20b0655fdafee9c0df649069a458b1bde697487be3b0da4df8754f3de7042c?s=96&d=mm&r=g","caption":"Jenny Diab"},"description":"Cr\u00e9atrice du blog JDroadtrip.tv, je voyage seule \u00e0 travers le monde et je partage mes exp\u00e9riences de voyageuse solo. \u00c0 travers ce blog, je vous invite \u00e0 d\u00e9couvrir un maximum de bons plans et astuces (h\u00e9bergements, activit\u00e9s, restaurants, transports \u2026) pour pr\u00e9parer au mieux vos futurs voyages. Si vous \u00eates une fille qui voyage \u00e0 travers le monde, rejoignez la communaut\u00e9 Voyager au f\u00e9minin et si vous avez des questions, n'h\u00e9sitez pas \u00e0 \u00e0 me contacter. D\u00c9COUVREZ QUI SUIS-JE.","sameAs":["https:\/\/www.jdroadtrip.tv","https:\/\/www.facebook.com\/JDroadtrip","https:\/\/www.instagram.com\/jdroadtrip\/","https:\/\/www.linkedin.com\/in\/jennydiab","https:\/\/www.pinterest.com\/Jdroadtrip","https:\/\/x.com\/JDroadtrip"],"url":"https:\/\/www.jdroadtrip.tv\/blog\/author\/jd\/"}]}},"_links":{"self":[{"href":"https:\/\/www.jdroadtrip.tv\/blog\/wp-json\/wp\/v2\/posts\/20152","targetHints":{"allow":["GET"]}}],"collection":[{"href":"https:\/\/www.jdroadtrip.tv\/blog\/wp-json\/wp\/v2\/posts"}],"about":[{"href":"https:\/\/www.jdroadtrip.tv\/blog\/wp-json\/wp\/v2\/types\/post"}],"author":[{"embeddable":true,"href":"https:\/\/www.jdroadtrip.tv\/blog\/wp-json\/wp\/v2\/users\/1"}],"replies":[{"embeddable":true,"href":"https:\/\/www.jdroadtrip.tv\/blog\/wp-json\/wp\/v2\/comments?post=20152"}],"version-history":[{"count":0,"href":"https:\/\/www.jdroadtrip.tv\/blog\/wp-json\/wp\/v2\/posts\/20152\/revisions"}],"wp:featuredmedia":[{"embeddable":true,"href":"https:\/\/www.jdroadtrip.tv\/blog\/wp-json\/wp\/v2\/media\/20158"}],"wp:attachment":[{"href":"https:\/\/www.jdroadtrip.tv\/blog\/wp-json\/wp\/v2\/media?parent=20152"}],"wp:term":[{"taxonomy":"category","embeddable":true,"href":"https:\/\/www.jdroadtrip.tv\/blog\/wp-json\/wp\/v2\/categories?post=20152"},{"taxonomy":"post_tag","embeddable":true,"href":"https:\/\/www.jdroadtrip.tv\/blog\/wp-json\/wp\/v2\/tags?post=20152"},{"taxonomy":"table_tags","embeddable":true,"href":"https:\/\/www.jdroadtrip.tv\/blog\/wp-json\/wp\/v2\/table_tags?post=20152"}],"curies":[{"name":"wp","href":"https:\/\/api.w.org\/{rel}","templated":true}]}}