{"id":17680,"date":"2022-10-25T12:42:14","date_gmt":"2022-10-25T11:42:14","guid":{"rendered":"http:\/\/www.jdroadtrip.tv\/blog\/?p=17680"},"modified":"2025-06-10T20:42:23","modified_gmt":"2025-06-10T19:42:23","slug":"pourquoi-voyager-seule-en-sac-a-dos","status":"publish","type":"post","link":"https:\/\/www.jdroadtrip.tv\/blog\/pourquoi-voyager-seule-en-sac-a-dos\/","title":{"rendered":"Voyager seule avec un sac \u00e0 dos"},"content":{"rendered":"\t\t<div data-elementor-type=\"wp-post\" data-elementor-id=\"17680\" class=\"elementor elementor-17680\" data-elementor-post-type=\"post\">\n\t\t\t\t\t\t<section class=\"elementor-section elementor-top-section elementor-element elementor-element-2f738f2 elementor-section-boxed elementor-section-height-default elementor-section-height-default\" data-id=\"2f738f2\" data-element_type=\"section\">\n\t\t\t\t\t\t<div class=\"elementor-container elementor-column-gap-default\">\n\t\t\t\t\t<div class=\"elementor-column elementor-col-100 elementor-top-column elementor-element elementor-element-f65e160\" data-id=\"f65e160\" data-element_type=\"column\">\n\t\t\t<div class=\"elementor-widget-wrap elementor-element-populated\">\n\t\t\t\t\t\t<div class=\"elementor-element elementor-element-1f8ab5c elementor-widget elementor-widget-heading\" data-id=\"1f8ab5c\" data-element_type=\"widget\" data-widget_type=\"heading.default\">\n\t\t\t\t<div class=\"elementor-widget-container\">\n\t\t\t\t\t<h2 class=\"elementor-heading-title elementor-size-default\">Pourquoi j'ai d\u00e9cid\u00e9 de voyager seule avec un sac \u00e0 dos !<\/h2>\t\t\t\t<\/div>\n\t\t\t\t<\/div>\n\t\t\t\t<div class=\"elementor-element elementor-element-6b95866 elementor-widget elementor-widget-text-editor\" data-id=\"6b95866\" data-element_type=\"widget\" data-widget_type=\"text-editor.default\">\n\t\t\t\t<div class=\"elementor-widget-container\">\n\t\t\t\t\t\t\t\t\t<p style=\"text-align: justify;\">Au bout de 6 ans de voyage, je savais que j&rsquo;allais finir par <strong>\u00e9crire un article sur ma fa\u00e7on de voyager seule avec un sac \u00e0 dos<\/strong>, j&rsquo;avais besoin de temps et d&rsquo;assez de recul pour pouvoir pondre quelque chose <span class=\"ver\" title=\"\">de r\u00e9fl\u00e9chi<\/span>. Il est temps d&rsquo;en apprendre un peu plus sur moi, de nature tr\u00e8s discr\u00e8te sur ma vie priv\u00e9e, aujourd&rsquo;hui j&rsquo;ai envie de partager comment je vis depuis <span class=\"ver\" title=\"Normalement, les nombres \u00e0 un seul chiffre s'\u00e9crivent en lettres, par ex.: &lt;i&gt;&lt;b&gt;deux&lt;\/b&gt; personnes&lt;\/i&gt;.\">6 ans<\/span> avec les bons comme les mauvais moments&#8230;<\/p><blockquote><p style=\"text-align: justify;\"><span style=\"font-size: 14pt;\"><strong>Je ne pensais pas pouvoir voyager seule avec un sac \u00e0 dos, je suis quelqu&rsquo;un de d\u00e9brouillarde mais l&rsquo;inconnu me faisait peur et disons que le fait de me retrouver \u00e0 voyager seule en sac \u00e0 dos n&rsquo;a pas \u00e9t\u00e9 une d\u00e9cision de ma part, elle m&rsquo;a \u00e9t\u00e9 impos\u00e9.<\/strong><\/span><\/p><\/blockquote>\t\t\t\t\t\t\t\t<\/div>\n\t\t\t\t<\/div>\n\t\t\t\t\t<\/div>\n\t\t<\/div>\n\t\t\t\t\t<\/div>\n\t\t<\/section>\n\t\t\t\t<section class=\"elementor-section elementor-top-section elementor-element elementor-element-c54b23f elementor-section-boxed elementor-section-height-default elementor-section-height-default\" data-id=\"c54b23f\" data-element_type=\"section\">\n\t\t\t\t\t\t<div class=\"elementor-container elementor-column-gap-default\">\n\t\t\t\t\t<div class=\"elementor-column elementor-col-100 elementor-top-column elementor-element elementor-element-778a1b3\" data-id=\"778a1b3\" data-element_type=\"column\">\n\t\t\t<div class=\"elementor-widget-wrap elementor-element-populated\">\n\t\t\t\t\t\t<div class=\"elementor-element elementor-element-abc9a97 elementor-widget elementor-widget-text-editor\" data-id=\"abc9a97\" data-element_type=\"widget\" data-widget_type=\"text-editor.default\">\n\t\t\t\t<div class=\"elementor-widget-container\">\n\t\t\t\t\t\t\t\t\t<p style=\"text-align: justify;\">En 2009, je m&rsquo;envolais pour la premi\u00e8re fois loin de chez moi et mes proches pour faire un <strong><a href=\"https:\/\/www.jdroadtrip.tv\/blog\/whv-pvt-en-australie-permis-vacances-travail\/\" target=\"_blank\" rel=\"noopener noreferrer\"><span class=\"spellver\" title=\"EH, ENV, AV, KV, WHIG, HZ, AH, CH, HA, HG, HI, HL, HO, H\u00c9, OH, PH, VHS, DIV, LEV, NOV, WON, OHM, OH\u00c9, PHI, RH\u00c9, RH\u00d4, TH\u00c9\">WHV<\/span> en <\/a><\/strong><span class=\"spellver\" title=\"Australien, Australe, Australes, Australiens, Austral, Astrale, Australs, D'australien, L'australien, D'australe, L'australe\"><strong><a href=\"https:\/\/www.jdroadtrip.tv\/blog\/whv-pvt-en-australie-permis-vacances-travail\/\" target=\"_blank\" rel=\"noopener noreferrer\">Australie<\/a><\/strong>.<\/span> Nous \u00e9tions <span class=\"ver\" title=\"Normalement, les nombres \u00e0 un seul chiffre s'\u00e9crivent en lettres, par ex.: &lt;i&gt;&lt;b&gt;deux&lt;\/b&gt; personnes&lt;\/i&gt;.\">3 et<\/span> l&rsquo;aventure ne sait pas d\u00e9roul\u00e9 comme je l&rsquo;avais imagin\u00e9, au bout d&rsquo;un mois, nous \u00e9tions plus que deux et le mois suivant, la seconde personne d\u00e9cidait \u00e0 son tour de rentrer en France car sa copine lui manquait trop&#8230; \u00c0 la base, c&rsquo;\u00e9tait son projet, son r\u00eave et c&rsquo;\u00e9tait lui qui m&rsquo;avait motiv\u00e9 \u00e0 venir avec lui&#8230;\u00a0 Je n&rsquo;avais pas d\u00e9pens\u00e9 autant pour venir et mis autant d&rsquo;argent de c\u00f4t\u00e9 pour rentrer <span class=\"ver\" title=\"Normalement, les nombres \u00e0 un seul chiffre s'\u00e9crivent en lettres, par ex.: &lt;i&gt;&lt;b&gt;deux&lt;\/b&gt; personnes&lt;\/i&gt;.\">2 mois<\/span> apr\u00e8s alors que je devais rester <span class=\"ver\" title=\"Normalement, les nombres \u00e0 un seul chiffre s'\u00e9crivent en lettres, par ex.: &lt;i&gt;&lt;b&gt;deux&lt;\/b&gt; personnes&lt;\/i&gt;.\">1 an<\/span>. M\u00eame si, j&rsquo;ai pris le choix de rester en <span class=\"spellver\" title=\"Australien, Australe, Australes, Australiens, Austral, Astrale, Australs, D'australien, L'australien, D'australe, L'australe\">Australie,<\/span> il m&rsquo;a quand m\u00eame \u00e9t\u00e9 un peu impos\u00e9.<\/p><p style=\"text-align: justify;\"><img fetchpriority=\"high\" decoding=\"async\" class=\" wp-image-17691 alignright\" src=\"https:\/\/www.jdroadtrip.tv\/blog\/wp-content\/uploads\/2016\/02\/pourquoi-voyager-seule-sac-a-dos04.jpg\" alt=\"pourquoi-voyager-seule-sac-a-dos04\" width=\"467\" height=\"350\" srcset=\"https:\/\/www.jdroadtrip.tv\/blog\/wp-content\/uploads\/2016\/02\/pourquoi-voyager-seule-sac-a-dos04.jpg 800w, https:\/\/www.jdroadtrip.tv\/blog\/wp-content\/uploads\/2016\/02\/pourquoi-voyager-seule-sac-a-dos04-300x225.jpg 300w, https:\/\/www.jdroadtrip.tv\/blog\/wp-content\/uploads\/2016\/02\/pourquoi-voyager-seule-sac-a-dos04-250x188.jpg 250w, https:\/\/www.jdroadtrip.tv\/blog\/wp-content\/uploads\/2016\/02\/pourquoi-voyager-seule-sac-a-dos04-768x576.jpg 768w, https:\/\/www.jdroadtrip.tv\/blog\/wp-content\/uploads\/2016\/02\/pourquoi-voyager-seule-sac-a-dos04-585x439.jpg 585w\" sizes=\"(max-width: 467px) 100vw, 467px\" \/><\/p><p style=\"text-align: justify;\">Une fois, notre s\u00e9paration faite, je me suis limite sentie soulag\u00e9e. J&rsquo;allais pouvoir d\u00e9cider de ce que je voulais faire, o\u00f9 je voulais aller sans avoir \u00e0 consulter personne. Malgr\u00e9 mon faible anglais qui m&rsquo;effrayait un peu, mon sentiment de libert\u00e9 \u00e9tait plus fort, prenait le dessus sur la suite de mon voyage et me rassurait dans mes futurs choix. J&rsquo;ai pris go\u00fbt \u00e0 voyager seule&#8230;<\/p><p style=\"text-align: justify;\"><strong><em>Je suis rest\u00e9e en <span class=\"spellver\" title=\"Australien, Australe, Australes, Australiens, Austral, Astrale, Australs, D'australien, L'australien, D'australe, L'australe\">Australie<\/span> que <span class=\"ver\" title=\"Normalement, les nombres \u00e0 un seul chiffre s'\u00e9crivent en lettres, par ex.: &lt;i&gt;&lt;b&gt;deux&lt;\/b&gt; personnes&lt;\/i&gt;.\">5 mois<\/span>, aujourd&rsquo;hui avec le recul, je consid\u00e8re ce voyage comme un \u00e9chec mais, je ne crois pas \u00eatre la principale fautive de cet \u00e9chec, je suis partie avec les mauvaises personnes.<\/em><\/strong><\/p><p style=\"text-align: justify;\">Une fois mon retour en France jusqu&rsquo;en \u00e9t\u00e9 2013, j&rsquo;ai fait plusieurs petits s\u00e9jours en Europe toujours accompagn\u00e9e de potes ou de ma moiti\u00e9 de l&rsquo;\u00e9poque mais, ce manque de libert\u00e9 \u00e9tait pr\u00e9sent \u00e0 chaque voyage. Je devais toujours d\u00e9pendre de quelqu&rsquo;un o\u00f9 on d\u00e9pendait de moi et j&rsquo;avais du mal \u00e0 l&rsquo;accepter par moment.<\/p><p style=\"text-align: justify;\"><strong>En ao\u00fbt 2013, apr\u00e8s avoir v\u00e9cue <span class=\"ver\" title=\"Normalement, les nombres \u00e0 un seul chiffre s'\u00e9crivent en lettres, par ex.: &lt;i&gt;&lt;b&gt;deux&lt;\/b&gt; personnes&lt;\/i&gt;.\">9 mois<\/span> \u00e0 <span class=\"spellver\" title=\"Madrier, Mandrin, Mandrins, Mandrill, Matit, Mat\u00eet, M'admit, M'adm\u00eet, M'ahurit, M'ahur\u00eet, M'apprit, M'appr\u00eet, N'admit, N'adm\u00eet\">Madrid,<\/span> j&rsquo;avais d\u00e9cid\u00e9 de franchir le cap de prendre la d\u00e9cision de voyager seule avec un sac \u00e0 dos pendant un mois.<\/strong> Cette fois-ci, c&rsquo;\u00e9tait mon choix, bien r\u00e9fl\u00e9chis et surtout bien pr\u00e9par\u00e9&#8230; un peu trop d&rsquo;ailleurs \u00e0 l&rsquo;\u00e9poque, surtout quand je vois comment je voyage maintenant sans savoir dans quel pays je serais le lendemain mais c&rsquo;est une \u00e9tape quand on d\u00e9cide de se lancer seule.<\/p><p style=\"text-align: justify;\">J&rsquo;allais parcourir l&rsquo;Europe en train avec le <strong><a href=\"https:\/\/www.jdroadtrip.tv\/blog\/le-pass-interrail\/\" target=\"_blank\" rel=\"noopener noreferrer\"><span class=\"spellver\" title=\"Passa, Passe, Pass\u00e9, Pas, Pans, Pals, Pars, Pays, Pais\">Pass InterRail<\/span><\/a><\/strong> et visiter <span class=\"ver\" title=\"Normalement, les nombres \u00e0 un seul chiffre s'\u00e9crivent en lettres, par ex.: &lt;i&gt;&lt;b&gt;deux&lt;\/b&gt; personnes&lt;\/i&gt;.\">7 pays<\/span> au total avec un rythme de changer de pays tous les 3\/4 jours. Ma premi\u00e8re \u00e9tape \u00e9tait l&rsquo;Allemagne, je ne r\u00e9alisais pas encore ce que j&rsquo;\u00e9tais en train de vivre et ce n&rsquo;\u00e9tait pas mes premiers pas en Allemagne donc m\u00eame si j&rsquo;\u00e9tais dans une ville que je n&rsquo;avais jamais visit\u00e9e auparavant, je ne me consid\u00e9rais pas en terrain inconnu. <strong>Ce voyage a pris tout son sens lors de mon d\u00e9part pour <span class=\"spellver\" title=\"Ber lin, Ber-lin, Berline, Merlin, Berlines, Merlins, Perlon, Perlions, Brin, Drelin, Grelin\"><a href=\"https:\/\/www.jdroadtrip.tv\/blog\/visiter-berlin-en-3-jours\/\" target=\"_blank\" rel=\"noopener noreferrer\">visiter Berlin en 3 jours<\/a><\/span><\/strong> <strong>vers la <\/strong><span class=\"spellver\" title=\"Polygone, Poigne, Pogne, Prologue, Pilonne, Pilonn\u00e9, Polygones, Pyl\u00f4ne, Apologue, Colonne, Plaigne, Poignes, Poignet, Pognes, Prologues, Polonais, Pyl\u00f4nes, Apologues\"><strong>Pologne o\u00f9 j&rsquo;allais <a href=\"https:\/\/www.jdroadtrip.tv\/blog\/visiter-cracovie-en-3-jours\/\" target=\"_blank\" rel=\"noopener\">visiter Cracovie en 3 jours<\/a><\/strong>.<\/span> Les gal\u00e8res ont un peu commenc\u00e9, car les trains sont en retards en <strong>Europe de l&rsquo;Est<\/strong> donc pour les correspondances \u00e7a devenait compliqu\u00e9, j&rsquo;avais peur de me retrouver coinc\u00e9 dans un <span class=\"mod\" title=\"\">bled perdu sans rien<\/span> au milieu de <span class=\"ver\" title=\"il faut probablement ajouter \">la nuit, il m&rsquo;a fallu<\/span> beaucoup de patience pour trouver des solutions de secours et au final ce sont mes meilleures souvenirs.<\/p><blockquote><p><span style=\"font-size: 14pt;\"><strong>Plus mon voyage avan\u00e7ait, plus l&rsquo;inconnu m&rsquo;attirait et ne m&rsquo;effrayait plus.<\/strong><\/span><\/p><\/blockquote><p style=\"text-align: justify;\">Ce voyage a \u00e9t\u00e9 r\u00e9v\u00e9lateur pour moi, j&rsquo;\u00e9tais seule, j&rsquo;ai d\u00fb r\u00e9agir face \u00e0 des situations et surtout j&rsquo;\u00e9tais enti\u00e8rement responsable de moi-m\u00eame, \u00e7a m&rsquo;a fait grandir et avanc\u00e9. Je n&rsquo;avais pas <strong><a href=\"https:\/\/www.jdroadtrip.tv\/blog\/peur-de-voyager-seule\/\" target=\"_blank\" rel=\"noopener noreferrer\">peur de voyager seule<\/a><\/strong>.<\/p><p style=\"text-align: justify;\">Apr\u00e8s ce voyage, j&rsquo;ai pris plusieurs d\u00e9cisions, j&rsquo;ai pris le courage de quitter la personne avec qui j&rsquo;\u00e9tais en couple car je n&rsquo;arrivais pas \u00e0 le faire avant, j&rsquo;ai compris que c&rsquo;\u00e9tait mon avenir, d&rsquo;\u00e9crire et partager mes aventures via mon blog et que je voulais me battre pour vivre de cette passion.<\/p>\t\t\t\t\t\t\t\t<\/div>\n\t\t\t\t<\/div>\n\t\t\t\t\t<\/div>\n\t\t<\/div>\n\t\t\t\t\t<\/div>\n\t\t<\/section>\n\t\t\t\t<section class=\"elementor-section elementor-top-section elementor-element elementor-element-ccbf950 elementor-section-boxed elementor-section-height-default elementor-section-height-default\" data-id=\"ccbf950\" data-element_type=\"section\">\n\t\t\t\t\t\t<div class=\"elementor-container elementor-column-gap-default\">\n\t\t\t\t\t<div class=\"elementor-column elementor-col-100 elementor-top-column elementor-element elementor-element-e0d8a96\" data-id=\"e0d8a96\" data-element_type=\"column\">\n\t\t\t<div class=\"elementor-widget-wrap elementor-element-populated\">\n\t\t\t\t\t\t<div class=\"elementor-element elementor-element-90e713c elementor-widget elementor-widget-text-editor\" data-id=\"90e713c\" data-element_type=\"widget\" data-widget_type=\"text-editor.default\">\n\t\t\t\t<div class=\"elementor-widget-container\">\n\t\t\t\t\t\t\t\t\t<p style=\"text-align: justify;\"><img decoding=\"async\" class=\" wp-image-17690 alignright\" src=\"https:\/\/www.jdroadtrip.tv\/blog\/wp-content\/uploads\/2016\/02\/pourquoi-voyager-seule-sac-a-dos03.jpg\" alt=\"pourquoi-voyager-seule-sac-a-dos03\" width=\"480\" height=\"360\" srcset=\"https:\/\/www.jdroadtrip.tv\/blog\/wp-content\/uploads\/2016\/02\/pourquoi-voyager-seule-sac-a-dos03.jpg 800w, https:\/\/www.jdroadtrip.tv\/blog\/wp-content\/uploads\/2016\/02\/pourquoi-voyager-seule-sac-a-dos03-300x225.jpg 300w, https:\/\/www.jdroadtrip.tv\/blog\/wp-content\/uploads\/2016\/02\/pourquoi-voyager-seule-sac-a-dos03-250x188.jpg 250w, https:\/\/www.jdroadtrip.tv\/blog\/wp-content\/uploads\/2016\/02\/pourquoi-voyager-seule-sac-a-dos03-768x576.jpg 768w, https:\/\/www.jdroadtrip.tv\/blog\/wp-content\/uploads\/2016\/02\/pourquoi-voyager-seule-sac-a-dos03-585x439.jpg 585w\" sizes=\"(max-width: 480px) 100vw, 480px\" \/><\/p><p style=\"text-align: justify;\">En 2014, une ann\u00e9e pas simple mais heureusement les voyages se sont pas mal encha\u00een\u00e9s et voyager seule avec un sac \u00e0 dos \u00e9tait devenue ma devise. Des courts s\u00e9jours pour <strong><span class=\"spellver\" title=\"Brucelles, Prunelles, Burelles, Brelles, Brell\u00e9s, Ruelles, Cruelles, Truelles, Prunelle, Br\u00fbl\u00e9es, Burelle, Burel\u00e9s, Bretelles, Grumelles, Bourrelles\"><a href=\"https:\/\/www.jdroadtrip.tv\/blog\/visiter-bruxelles-en-3-jours\/\" target=\"_blank\" rel=\"noopener noreferrer\">visiter Bruxelles en 3 jours<\/a><\/span><\/strong> ou <strong><a href=\"https:\/\/www.jdroadtrip.tv\/blog\/visiter-malte-en-4-jours\/\" target=\"_blank\" rel=\"noopener noreferrer\">visiter Malte en 4 jours<\/a><\/strong> et des plus longs comme <span class=\"ver\" title=\"Normalement, les nombres \u00e0 un seul chiffre s'\u00e9crivent en lettres, par ex.: &lt;i&gt;&lt;b&gt;deux&lt;\/b&gt; personnes&lt;\/i&gt;.\">1 mois<\/span> \u00e0 <span class=\"ver\" title=\"A v\u00e9rifier: &lt;i&gt;et&lt;\/i&gt; ou &lt;i&gt;e&lt;b&gt;s&lt;\/b&gt;t&lt;\/i&gt; (du verbe &lt;i&gt;\u00eatre&lt;\/i&gt;).\"><strong><a href=\"https:\/\/www.jdroadtrip.tv\/blog\/category\/afrique\/maroc\/\" target=\"_blank\" rel=\"noopener noreferrer\">visiter le Maroc<\/a><\/strong> et \u00e0 nouveau<\/span> <span class=\"ver\" title=\"Normalement, les nombres \u00e0 un seul chiffre s'\u00e9crivent en lettres, par ex.: &lt;i&gt;&lt;b&gt;deux&lt;\/b&gt; personnes&lt;\/i&gt;.\">1 mois<\/span> avec le <span class=\"spellver\" title=\"Passa, Passe, Pass\u00e9, Pas, Pans, Pals, Pars, Pays, Pais\">Pass<\/span> <span class=\"spellver\" title=\"Inter rail, Inter-rail, Internai, Int\u00e9grai, Int\u00e9gral, Internais, Int\u00e9grais, Internait, Int\u00e9grait, Int\u00e9r\u00eat, It\u00e9rai, Pinterai, Tinterai, It\u00e9rais, Inf\u00e9rai, Ing\u00e9rai, Ins\u00e9rai, It\u00e9rait, Interna, Int\u00e9rim, Pinterais, Tinterais, Pinterait, Tinterait, Inf\u00e9rais, Ing\u00e9rais, Ins\u00e9rais, N'it\u00e9rai, N'it\u00e9rais, N'it\u00e9rait\">Interrail<\/span> en <strong>Europe du Sud-Est<\/strong>.<\/p><p style=\"text-align: justify;\"><strong><em>Il y a toujours une appr\u00e9hension quand on part seule mais, je n&rsquo;ai jamais eu vraiment peur, j&rsquo;avais plut\u00f4t cette envie immense de d\u00e9couvrir comment se passent les choses ailleurs, grandir et apprendre des autres et vivre des moments uniques.<\/em><\/strong><\/p><p style=\"text-align: justify;\">On m&rsquo;a souvent dit : \u00ab\u00a0<em>Mais \u00e7a t&#8217;emb\u00eate pas de d\u00e9couvrir et vivre <span class=\"ver\" title=\"\">les choses seule<\/span>?<span class=\"verupdated\" title=\"\">? tu ne<\/span> voudrais pas le vivre avec quelqu&rsquo;un ?<\/em> \u00ab\u00a0<\/p><p style=\"text-align: justify;\">\u00c0 l&rsquo;\u00e9poque, ma r\u00e9ponse \u00e9tait \u00ab\u00a0<em>non<\/em>\u00ab\u00a0&#8230;<\/p><p style=\"text-align: justify;\">&#8230; pouvoir vivre pleinement <span class=\"ver\" title=\"\">un moment seule<\/span> et le partager ensuite \u00e0 ses proches ou sur son blog pour faire r\u00eaver, c&rsquo;est ce qui me plaisait aussi. Encore maintenant, mais avec quelques points qui ont tout <span class=\"ver\" title=\"Les pr\u00e9positions &lt;i&gt;pour&lt;\/i&gt;, &lt;i&gt;de&lt;\/i&gt;, etc. sont normalement suivies de l'infinitif, par ex.: &lt;i&gt;de mang&lt;b&gt;er&lt;\/b&gt;&lt;\/i&gt;, &lt;i&gt;\u00e0 vend&lt;b&gt;re&lt;\/b&gt;&lt;\/i&gt;. Si vous avez utilis\u00e9 un nom apr\u00e8s, il n'y a pas d'erreur.\">de m\u00eame \u00e9volu\u00e9<\/span>.<\/p><p style=\"text-align: justify;\">Fin de 2014, j&rsquo;ai pris une d\u00e9cision tr\u00e8s importante pour <span class=\"ver\" title=\"Il faut \u00e9crire &lt;i&gt;futur&lt;\/i&gt;. Il n'y a pas de &lt;b&gt;e&lt;\/b&gt; final (sauf si vous employez un adjectif).\">une future<\/span> vie meilleure, j&rsquo;ai subi une lourde op\u00e9ration chirurgicale, on m&rsquo;a retir\u00e9 les 3\/4 de mon estomac, ce qui m&rsquo;a valu une ann\u00e9e de convalescence donc voyager seule en sac \u00e0 dos n&rsquo;\u00e9tait pas au programme.<\/p><p style=\"text-align: justify;\">L&rsquo;ann\u00e9e 2015 commen\u00e7ait plut\u00f4t bien, je me sentais mieux avec mon corps, 30<span class=\"spellmod\" title=\"kg, GKS, cg, kans, dg, hg, kV, km, mg, cas, kan\">kgs<\/span> en moins forc\u00e9ment ce n&rsquo;est <span class=\"mod\" title=\"Vous avez fait la n\u00e9gation deux fois. Il faut enlever un de ces \u00e9l\u00e9ments, par ex.: &lt;i&gt;je &lt;b&gt;n&lt;\/b&gt;'ai vu &lt;b&gt;personne&lt;\/b&gt;&lt;\/i&gt;, &lt;i&gt;je &lt;b&gt;n&lt;\/b&gt;\u2019aime &lt;b&gt;aucun&lt;\/b&gt; de ces choix&lt;\/i&gt;.\">pas rien<\/span>, je reprenais contact avec certaines personnes, l&rsquo;amour est apparu aussi, tout pour aller bien. Mais non, ce n&rsquo;est pas comme \u00e7a que \u00e7a se passe, tout ne peut pas \u00eatre beau&#8230; Finalement, l&rsquo;ann\u00e9e 2015 a \u00e9t\u00e9 un peu \u00e0 chier <span class=\"ver\" title=\"A v\u00e9rifier: &lt;i&gt;&lt;b&gt;o&lt;\/b&gt;utre&lt;\/i&gt; ou &lt;i&gt;&lt;b&gt;a&lt;\/b&gt;utre&lt;\/i&gt;.\">outre<\/span> des choses <span class=\"ver\" title=\"Le deuxi\u00e8me mot est masculin. Le premier mot doit aussi \u00eatre au masculin, par ex.: &lt;i&gt;&lt;b&gt;un&lt;\/b&gt; bureau&lt;\/i&gt;, &lt;i&gt;&lt;b&gt;cet&lt;\/b&gt; homme&lt;\/i&gt;, &lt;i&gt;&lt;b&gt;un bon&lt;\/b&gt; film&lt;\/i&gt; (ou bien le deuxi\u00e8me mot doit \u00eatre au f\u00e9minin).\">positives bien<\/span> sur. D\u00e9ception en d\u00e9ception des proches, je ne pouvais pas voyager loin et longtemps, une seconde op\u00e9ration impr\u00e9vu et douloureuse psychologiquement, des choses pas <span class=\"ver\" title=\"\">voulues qu&rsquo;il faut<\/span> accepter&#8230; un vrai bordel quoi !<\/p>\t\t\t\t\t\t\t\t<\/div>\n\t\t\t\t<\/div>\n\t\t\t\t\t<\/div>\n\t\t<\/div>\n\t\t\t\t\t<\/div>\n\t\t<\/section>\n\t\t\t\t<section class=\"elementor-section elementor-top-section elementor-element elementor-element-a2a2400 elementor-section-boxed elementor-section-height-default elementor-section-height-default\" data-id=\"a2a2400\" data-element_type=\"section\">\n\t\t\t\t\t\t<div class=\"elementor-container elementor-column-gap-default\">\n\t\t\t\t\t<div class=\"elementor-column elementor-col-100 elementor-top-column elementor-element elementor-element-49e1062\" data-id=\"49e1062\" data-element_type=\"column\">\n\t\t\t<div class=\"elementor-widget-wrap elementor-element-populated\">\n\t\t\t\t\t\t<div class=\"elementor-element elementor-element-a2c3463 elementor-widget elementor-widget-text-editor\" data-id=\"a2c3463\" data-element_type=\"widget\" data-widget_type=\"text-editor.default\">\n\t\t\t\t<div class=\"elementor-widget-container\">\n\t\t\t\t\t\t\t\t\t<p style=\"text-align: justify;\"><img decoding=\"async\" class=\"wp-image-17688 alignright\" src=\"https:\/\/www.jdroadtrip.tv\/blog\/wp-content\/uploads\/2016\/02\/pourquoi-voyager-seule-sac-a-dos01.jpg\" alt=\"pourquoi-voyager-seule-sac-a-dos01\" width=\"400\" height=\"300\" srcset=\"https:\/\/www.jdroadtrip.tv\/blog\/wp-content\/uploads\/2016\/02\/pourquoi-voyager-seule-sac-a-dos01.jpg 800w, https:\/\/www.jdroadtrip.tv\/blog\/wp-content\/uploads\/2016\/02\/pourquoi-voyager-seule-sac-a-dos01-300x225.jpg 300w, https:\/\/www.jdroadtrip.tv\/blog\/wp-content\/uploads\/2016\/02\/pourquoi-voyager-seule-sac-a-dos01-250x188.jpg 250w, https:\/\/www.jdroadtrip.tv\/blog\/wp-content\/uploads\/2016\/02\/pourquoi-voyager-seule-sac-a-dos01-768x576.jpg 768w, https:\/\/www.jdroadtrip.tv\/blog\/wp-content\/uploads\/2016\/02\/pourquoi-voyager-seule-sac-a-dos01-585x439.jpg 585w\" sizes=\"(max-width: 400px) 100vw, 400px\" \/><\/p><p style=\"text-align: justify;\">Heureusement durant cette ann\u00e9e, j&rsquo;ai pu partir deux fois, au <span class=\"spellver\" title=\"Ma roc, Ma-roc, Marc, Marcs, Marron, Mark, Marrons, Maraud\">Maroc<\/span> avec ma moiti\u00e9 en juin et\u00a0 <strong><a href=\"https:\/\/www.jdroadtrip.tv\/blog\/visiter-londres-en-3-jours\/\" target=\"_blank\" rel=\"noopener noreferrer\"><span class=\"spellver\" title=\"Londr\u00e8s, L\u00e9onures, Fondre, Pondre, Tondre, Contres, Contr\u00e9s, Montres, Montr\u00e9s, L'ond\u00e9e, L'onde, L'ond\u00e9, L'ombres, L'Ordre, L'ordre, L\u00e9onure, L'honores, Fondrais, Pondrais, Tondrais, Contre, Contr\u00e9, Montre, Montr\u00e9, L'ombre, L'on\u00e9reux, L'honore, L'honorer\">visiter Londres en 3 jours<\/span><\/a><\/strong> seule en d\u00e9cembre. Le voyage au <span class=\"spellver\" title=\"Ma roc, Ma-roc, Marc, Marcs, Marron, Mark, Marrons, Maraud\">Maroc<\/span> \u00e9tait vraiment sympa, surtout que j&rsquo;adore ce pays et j&rsquo;\u00e9tais bien accompagn\u00e9e, mais ayant pour habitude de voyager seule en sac \u00e0 dos, visiter, bouger, passer sa vie dehors <span class=\"mod\" title=\"&lt;i&gt;etc.&lt;\/i&gt; est suivi d'un seul point.\">etc..<\/span>. l\u00e0 c&rsquo;\u00e9tait plut\u00f4t valise, piscine et farniente !<\/p><p style=\"text-align: justify;\">J&rsquo;ai eu le droit \u00e0 \u00ab\u00a0<em>Mais tu n&rsquo;es pas toute seule&#8230;<\/em>\u00ab\u00a0, dur \u00e0 encaisser surtout que c&rsquo;est beaucoup incompr\u00e9hension au d\u00e9part, car ma principale priorit\u00e9 \u00e9tait de faire plaisir, mais forc\u00e9ment quand on <span class=\"ver\" title=\"\">voyage seule<\/span>, inconsciemment les habitudes reprennent le dessus. Et <span class=\"spellver\" title=\"Londr\u00e8s, L\u00e9onures, Fondre, Pondre, Tondre, Contres, Contr\u00e9s, Montres, Montr\u00e9s, L'ond\u00e9e, L'onde, L'ond\u00e9, L'ombres, L'Ordre, L'ordre, L\u00e9onure, L'honores, Fondrais, Pondrais, Tondrais, Contre, Contr\u00e9, Montre, Montr\u00e9, L'ombre, L'on\u00e9reux, L'honore, L'honorer\">Londres,<\/span> apr\u00e8s un an sans voyager seule, je l&rsquo;\u00e9tais. J&rsquo;ai vite repris mes habitudes et je dois dire que j&rsquo;ai \u00e9t\u00e9 vite \u00e9puis\u00e9e \u00e0 cause de l&rsquo;op\u00e9ration mais c&rsquo;\u00e9tait plut\u00f4t cool de pouvoir se sentir \u00e0 nouveau libre.<\/p><p style=\"text-align: justify;\">Aujourd&rsquo;hui j&rsquo;essaye vraiment de partager cela pour donner envie aux filles qui n&rsquo;osent pas voyager seule de se lancer.<\/p><blockquote><p style=\"text-align: justify;\"><strong><span style=\"font-size: 14pt;\">Ces petits courts s\u00e9jours <span class=\"ver\" title=\"\">m&rsquo;ont aid\u00e9<\/span> \u00e0 d\u00e9velopper ce que je voulais v\u00e9hiculer \u00e0 travers mon blog, l&rsquo;image que je voulais vraiment montrer et partager le fait que voyager seule \u00e7a \u00e0 vraiment des points forts et qu&rsquo;on ne doit pas avoir peur d&rsquo;aller vers l&rsquo;inconnu.<\/span> <\/strong><\/p><\/blockquote>\t\t\t\t\t\t\t\t<\/div>\n\t\t\t\t<\/div>\n\t\t\t\t\t<\/div>\n\t\t<\/div>\n\t\t\t\t\t<\/div>\n\t\t<\/section>\n\t\t\t\t<section class=\"elementor-section elementor-top-section elementor-element elementor-element-b519133 elementor-section-boxed elementor-section-height-default elementor-section-height-default\" data-id=\"b519133\" data-element_type=\"section\">\n\t\t\t\t\t\t<div class=\"elementor-container elementor-column-gap-default\">\n\t\t\t\t\t<div class=\"elementor-column elementor-col-100 elementor-top-column elementor-element elementor-element-d51a8b6\" data-id=\"d51a8b6\" data-element_type=\"column\">\n\t\t\t<div class=\"elementor-widget-wrap elementor-element-populated\">\n\t\t\t\t\t\t<div class=\"elementor-element elementor-element-fc7639e elementor-widget elementor-widget-text-editor\" data-id=\"fc7639e\" data-element_type=\"widget\" data-widget_type=\"text-editor.default\">\n\t\t\t\t<div class=\"elementor-widget-container\">\n\t\t\t\t\t\t\t\t\t<p style=\"text-align: justify;\"><img loading=\"lazy\" decoding=\"async\" class=\"wp-image-17689 alignright\" src=\"https:\/\/www.jdroadtrip.tv\/blog\/wp-content\/uploads\/2016\/02\/pourquoi-voyager-seule-sac-a-dos02.jpg\" alt=\"voyager seule en sac \u00e0 dos\" width=\"534\" height=\"400\" srcset=\"https:\/\/www.jdroadtrip.tv\/blog\/wp-content\/uploads\/2016\/02\/pourquoi-voyager-seule-sac-a-dos02.jpg 800w, https:\/\/www.jdroadtrip.tv\/blog\/wp-content\/uploads\/2016\/02\/pourquoi-voyager-seule-sac-a-dos02-300x225.jpg 300w, https:\/\/www.jdroadtrip.tv\/blog\/wp-content\/uploads\/2016\/02\/pourquoi-voyager-seule-sac-a-dos02-250x188.jpg 250w, https:\/\/www.jdroadtrip.tv\/blog\/wp-content\/uploads\/2016\/02\/pourquoi-voyager-seule-sac-a-dos02-768x576.jpg 768w, https:\/\/www.jdroadtrip.tv\/blog\/wp-content\/uploads\/2016\/02\/pourquoi-voyager-seule-sac-a-dos02-585x439.jpg 585w\" sizes=\"(max-width: 534px) 100vw, 534px\" \/><\/p><p style=\"text-align: justify;\">L&rsquo;ann\u00e9e 2015 a \u00e9t\u00e9 tr\u00e8s difficile, je me suis beaucoup renferm\u00e9e sur moi, je suis presque devenue anti social, j&rsquo;ai du mal \u00e0 supporter ma vie parisienne. On pourrait croire que c&rsquo;est les voyages qui me rendent comme \u00e7a, mais pas du tout, les voyages m&rsquo;aident \u00e0 respirer et me ressourcer. Je ne souhaite pas lancer un d\u00e9bat sur ce sujet, mais je pense que c&rsquo;est la soci\u00e9t\u00e9 qui rend les gens aigris, surtout en ce moment avec ce qui se passe, c&rsquo;est difficile aujourd&rsquo;hui de compter sur des gens qui font partie de notre quotidien alors j&rsquo;ai appris et ceux gr\u00e2ce au fait de voyager seule, \u00e0 me d\u00e9brouiller seule !<\/p><p style=\"text-align: justify;\"><strong>Malgr\u00e9 toutes ces emb\u00fbches, f\u00e9vrier 2016, je prends la d\u00e9cision de rejoindre un pote \u00e0 <span class=\"spellver\" title=\"Rague, Ragu\u00e9, Drague, Dragu\u00e9, Raguer, Ragues, Ragu\u00e9s, Draguer, Dragues, Dragu\u00e9s, Bague, Bagu\u00e9, Prame, Blague, Blagu\u00e9, Braque, Braqu\u00e9, Brigue, Brigu\u00e9\">Prague<\/span> qui souhaite d\u00e9couvrir un peu l&rsquo;Europe.<\/strong> J&rsquo;appr\u00e9hendais vraiment surtout suite \u00e0 mon exp\u00e9rience en <span class=\"spellver\" title=\"Australien, Australe, Australes, Australiens, Austral, Astrale, Australs, D'australien, L'australien, D'australe, L'australe\">Australie.<\/span> Et puis, je me suis lanc\u00e9e parce que j&rsquo;avais besoin d&rsquo;aller voir plus loin que le bout de mon nez, <strong>j&rsquo;avais besoin de vivre un voyage \u00e0 deux<\/strong> et surtout je partais vraiment dans l&rsquo;id\u00e9e de m&rsquo;ouvrir, d&rsquo;\u00e9couter, d&rsquo;accepter et de partager. J&rsquo;avais besoin de le faire, besoin d&rsquo;aller vers l&rsquo;autre, arr\u00eater de rester renferm\u00e9 sur mes id\u00e9es et me donner la chance de pouvoir vivre de quelque chose de vraiment diff\u00e9rent.<\/p><p style=\"text-align: justify;\">Le projet \u00e9tait de se rejoindre \u00e0 <span class=\"spellver\" title=\"Rague, Ragu\u00e9, Drague, Dragu\u00e9, Raguer, Ragues, Ragu\u00e9s, Draguer, Dragues, Dragu\u00e9s, Bague, Bagu\u00e9, Prame, Blague, Blagu\u00e9, Braque, Braqu\u00e9, Brigue, Brigu\u00e9\">Prague<\/span> dans un premier temps et se laisser guider par le vent. Les seules choses \u00ab\u00a0impos\u00e9es\u00a0\u00bb \u00e9taient d&rsquo;aller <strong><a href=\"https:\/\/www.jdroadtrip.tv\/blog\/cracovie-visiter-les-camps-auschwitz-birkenau\/\" target=\"_blank\" rel=\"noopener noreferrer\">visiter <span class=\"spellver\" title=\"\">Auschwitz<\/span><\/a><\/strong> et il devait aussi se rendre en Allemagne voir des potes \u00e0 lui, mais je ne comptais pas le suivre \u00e0 ce moment-l\u00e0. Pour le reste, c&rsquo;\u00e9tait de l&rsquo;improvisation total !<\/p>\t\t\t\t\t\t\t\t<\/div>\n\t\t\t\t<\/div>\n\t\t\t\t\t<\/div>\n\t\t<\/div>\n\t\t\t\t\t<\/div>\n\t\t<\/section>\n\t\t\t\t<section class=\"elementor-section elementor-top-section elementor-element elementor-element-85dc604 elementor-section-boxed elementor-section-height-default elementor-section-height-default\" data-id=\"85dc604\" data-element_type=\"section\">\n\t\t\t\t\t\t<div class=\"elementor-container elementor-column-gap-default\">\n\t\t\t\t\t<div class=\"elementor-column elementor-col-100 elementor-top-column elementor-element elementor-element-d8c791c\" data-id=\"d8c791c\" data-element_type=\"column\">\n\t\t\t<div class=\"elementor-widget-wrap elementor-element-populated\">\n\t\t\t\t\t\t<div class=\"elementor-element elementor-element-15ca905 elementor-widget elementor-widget-text-editor\" data-id=\"15ca905\" data-element_type=\"widget\" data-widget_type=\"text-editor.default\">\n\t\t\t\t<div class=\"elementor-widget-container\">\n\t\t\t\t\t\t\t\t\t<p style=\"text-align: justify;\"><img loading=\"lazy\" decoding=\"async\" class=\"wp-image-17694 alignright\" src=\"https:\/\/www.jdroadtrip.tv\/blog\/wp-content\/uploads\/2016\/02\/pourquoi-voyager-seule-sac-a-dos07.jpg\" alt=\"voyager seule en sac \u00e0 dos\" width=\"467\" height=\"350\" srcset=\"https:\/\/www.jdroadtrip.tv\/blog\/wp-content\/uploads\/2016\/02\/pourquoi-voyager-seule-sac-a-dos07.jpg 800w, https:\/\/www.jdroadtrip.tv\/blog\/wp-content\/uploads\/2016\/02\/pourquoi-voyager-seule-sac-a-dos07-300x225.jpg 300w, https:\/\/www.jdroadtrip.tv\/blog\/wp-content\/uploads\/2016\/02\/pourquoi-voyager-seule-sac-a-dos07-250x188.jpg 250w, https:\/\/www.jdroadtrip.tv\/blog\/wp-content\/uploads\/2016\/02\/pourquoi-voyager-seule-sac-a-dos07-768x576.jpg 768w, https:\/\/www.jdroadtrip.tv\/blog\/wp-content\/uploads\/2016\/02\/pourquoi-voyager-seule-sac-a-dos07-585x439.jpg 585w\" sizes=\"(max-width: 467px) 100vw, 467px\" \/><\/p><p style=\"text-align: justify;\"><span class=\"spellver\" title=\"Rague, Ragu\u00e9, Drague, Dragu\u00e9, Raguer, Ragues, Ragu\u00e9s, Draguer, Dragues, Dragu\u00e9s, Bague, Bagu\u00e9, Prame, Blague, Blagu\u00e9, Braque, Braqu\u00e9, Brigue, Brigu\u00e9\">Prague<\/span> fut g\u00e9nial, la prochaine \u00e9tape \u00e9tait <span class=\"spellver\" title=\"Braconnier\">Cracovie<\/span> et <span class=\"spellver\" title=\"Camelle, Famille, Ramille, Canaille, Vanille, Vanill\u00e9, Camelles, Familles, Manille, Ramilles\">Camille<\/span> qui voyageait <span class=\"ver\" title=\"Le deuxi\u00e8me mot est masculin. Le premier mot doit aussi \u00eatre au masculin, par ex.: &lt;i&gt;&lt;b&gt;un&lt;\/b&gt; bureau&lt;\/i&gt;, &lt;i&gt;&lt;b&gt;cet&lt;\/b&gt; homme&lt;\/i&gt;, &lt;i&gt;&lt;b&gt;un bon&lt;\/b&gt; film&lt;\/i&gt; (ou bien le deuxi\u00e8me mot doit \u00eatre au f\u00e9minin).\">seule depuis<\/span> septembre 2015 avait pris notre wagon tellement l&rsquo;entente \u00e9tait au top ! <strong>\u00c0 <span class=\"spellver\" title=\"Braconnier\">Cracovie,<\/span> les choses sont devenues diff\u00e9rentes, des incompr\u00e9hensions se sont install\u00e9s, des doutes&#8230; et puis mon pote m&rsquo;apprend que financi\u00e8rement il n&rsquo;allait pas pouvoir suivre, il d\u00e9cide sans me consulter, alors qu&rsquo;\u00e0 la base nous devions voyager ensemble, de ne plus nous suivre et se diriger vers l&rsquo;Allemagne voir ses potes&#8230; les questions en moi fusent pas mal et je n&rsquo;arrive m\u00eame pas \u00e0 \u00eatre en col\u00e8re, c&rsquo;est juste une d\u00e9ception de plus !<\/strong> Je finis par comprendre et me faire \u00e0 l&rsquo;id\u00e9e qu&rsquo;\u00e0 partir du moment <span class=\"ver\" title=\"V\u00e9rifiez l'orthographe: &lt;i&gt;o&lt;b&gt;u&lt;\/b&gt;&lt;\/i&gt; (pour indiquer un choix) &lt;i&gt;o&lt;b&gt;\u00f9&lt;\/b&gt;&lt;\/i&gt; (pour indiquer un endroit).\">ou il<\/span> avait pris sa d\u00e9cision, cela ne servait \u00e0 rien de dire quoi que ce soit et je m<span class=\"ver\" title=\"Si vous voulez dire \">e rendre compte de\/que ou bien r\u00e9alise qu&rsquo;<\/span>en fait, heureusement que <span class=\"spellver\" title=\"Camelle, Famille, Ramille, Canaille, Vanille, Vanill\u00e9, Camelles, Familles, Manille, Ramilles\">Camille<\/span> nous avait suivi, car en gros, il m&rsquo;aurait abandonn\u00e9 &#8230; Mais la pr\u00e9sence de <span class=\"spellver\" title=\"Camelle, Famille, Ramille, Canaille, Vanille, Vanill\u00e9, Camelles, Familles, Manille, Ramilles\">Camille<\/span> a d\u00fb le rendre moins coupable de me laisser et je crois qu&rsquo;il a \u00e9t\u00e9 tr\u00e8s soulag\u00e9 de monter dans ce car qui l&#8217;emmenait vers <span class=\"spellver\" title=\"Ber lin, Ber-lin, Berline, Merlin, Berlines, Merlins, Perlon, Perlions, Brin, Drelin, Grelin\">Berlin.<\/span><\/p><p style=\"text-align: justify;\">J&rsquo;ai rebondi tr\u00e8s vite, que <span class=\"spellver\" title=\"Camelle, Famille, Ramille, Canaille, Vanille, Vanill\u00e9, Camelles, Familles, Manille, Ramilles\">Camille<\/span> aurait \u00e9t\u00e9 l\u00e0 o\u00f9 pas, j&rsquo;aurai continu\u00e9 seule, mais je dois avouer que sa pr\u00e9sence \u00e9tait quand m\u00eame fantastique et nous avons bien profiter en Italie ! J&rsquo;ai eu des fous rires monstrueux dans des moments de doutes et rien que pour \u00e7a, merci \u00e0 elle !<\/p><blockquote><p style=\"text-align: justify;\"><span style=\"font-size: 14pt;\"><strong>Ma conclusion est qu&rsquo;au final voyager seule en sac \u00e0 dos, <span class=\"ver\" title=\"\">\u00e7a \u00e9vite<\/span> des situations d\u00e9licates, mais <span class=\"mod\" title=\"Il faut modifier cette structure. Utilisez une forme du verbe &lt;i&gt;pouvoir&lt;\/i&gt; (par ex.: &lt;i&gt;peu&lt;b&gt;t&lt;\/b&gt;&lt;\/i&gt; ou &lt;i&gt;peu&lt;b&gt;x&lt;\/b&gt;&lt;\/i&gt;) ou un participe pass\u00e9 (par ex.: &lt;i&gt;peu chang&lt;b&gt;\u00e9&lt;\/b&gt;&lt;\/i&gt;).\">peu amener<\/span> des surprises agr\u00e9ables. Encore il <span class=\"verupdated\" title=\"\">y a<\/span> quelques jours, je me disais \u00ab\u00a0<em>je voyagerai d\u00e9sormais seule, plus jamais avec quelqu&rsquo;un !<\/em>\u00a0\u00bb et je m&rsquo;aper\u00e7ois que c&rsquo;est stupide, <span class=\"ver\" title=\"\">outre<\/span> <span class=\"ver\" title=\"\">la d\u00e9ception, j&rsquo;ai appris<\/span> beaucoup sur moi-m\u00eame encore une fois : mon self-control ! Plus d&rsquo;une personne m&rsquo;a dit : \u00ab\u00a0<em>mais moi j&rsquo;aurai gueul\u00e9, \u00e7a ne se serait pas pass\u00e9 aussi calmement<\/em>\u00ab\u00a0.<\/strong><\/span><\/p><\/blockquote>\t\t\t\t\t\t\t\t<\/div>\n\t\t\t\t<\/div>\n\t\t\t\t\t<\/div>\n\t\t<\/div>\n\t\t\t\t\t<\/div>\n\t\t<\/section>\n\t\t\t\t<section class=\"elementor-section elementor-top-section elementor-element elementor-element-ccd1215 elementor-section-boxed elementor-section-height-default elementor-section-height-default\" data-id=\"ccd1215\" data-element_type=\"section\">\n\t\t\t\t\t\t<div class=\"elementor-container elementor-column-gap-default\">\n\t\t\t\t\t<div class=\"elementor-column elementor-col-100 elementor-top-column elementor-element elementor-element-9be67fd\" data-id=\"9be67fd\" data-element_type=\"column\">\n\t\t\t<div class=\"elementor-widget-wrap elementor-element-populated\">\n\t\t\t\t\t\t<div class=\"elementor-element elementor-element-60bbd30 elementor-widget elementor-widget-text-editor\" data-id=\"60bbd30\" data-element_type=\"widget\" data-widget_type=\"text-editor.default\">\n\t\t\t\t<div class=\"elementor-widget-container\">\n\t\t\t\t\t\t\t\t\t<p style=\"text-align: justify;\"><img loading=\"lazy\" decoding=\"async\" class=\"wp-image-17695 alignright\" src=\"https:\/\/www.jdroadtrip.tv\/blog\/wp-content\/uploads\/2016\/02\/pourquoi-voyager-seule-sac-a-dos08.jpg\" alt=\"voyager seule en sac \u00e0 dos\" width=\"399\" height=\"600\" srcset=\"https:\/\/www.jdroadtrip.tv\/blog\/wp-content\/uploads\/2016\/02\/pourquoi-voyager-seule-sac-a-dos08.jpg 532w, https:\/\/www.jdroadtrip.tv\/blog\/wp-content\/uploads\/2016\/02\/pourquoi-voyager-seule-sac-a-dos08-200x300.jpg 200w, https:\/\/www.jdroadtrip.tv\/blog\/wp-content\/uploads\/2016\/02\/pourquoi-voyager-seule-sac-a-dos08-399x600.jpg 399w, https:\/\/www.jdroadtrip.tv\/blog\/wp-content\/uploads\/2016\/02\/pourquoi-voyager-seule-sac-a-dos08-133x200.jpg 133w\" sizes=\"(max-width: 399px) 100vw, 399px\" \/><\/p><p style=\"text-align: justify;\">Clairement cette exp\u00e9rience m&rsquo;a permise de d\u00e9couvrir ce que s&rsquo;\u00e9tait le voyage \u00e0 l&rsquo;arrache sans r\u00e9server uniquement que <span class=\"ver\" title=\"Normalement, les nombres \u00e0 un seul chiffre s'\u00e9crivent en lettres, par ex.: &lt;i&gt;&lt;b&gt;deux&lt;\/b&gt; personnes&lt;\/i&gt;.\">1 ou<\/span> <span class=\"ver\" title=\"Normalement, les nombres \u00e0 un seul chiffre s'\u00e9crivent en lettres, par ex.: &lt;i&gt;&lt;b&gt;deux&lt;\/b&gt; personnes&lt;\/i&gt;.\">2 jours<\/span> \u00e0 l&rsquo;avance, que ce soit pour les h\u00e9bergements ou les transports et c&rsquo;est plut\u00f4t agr\u00e9able de se sentir encore plus libre. <strong>J&rsquo;ai aussi d\u00e9couverts ce que s&rsquo;\u00e9tait de partager des moments de voyages, car jusqu&rsquo;\u00e0 pr\u00e9sent, je les vivais pratiquement toute seule et l\u00e0 nous \u00e9tions plusieurs et ce n&rsquo;est pas d\u00e9plaisant !<\/strong><\/p><p style=\"text-align: justify;\">Je pense qu&rsquo;\u00e0 l&rsquo;avenir, je ne serais pas ferm\u00e9e au fait de voyager avec quelqu&rsquo;un en court de route, tout en gardant une autonomie bien s\u00fbr. <strong>J&rsquo;aime ma libert\u00e9 et je d\u00e9teste d\u00e9pendre de quelqu&rsquo;un ou qu&rsquo;on d\u00e9pende de moi.<\/strong> M\u00eame en \u00e9tant \u00e0 plusieurs, j&rsquo;ai parfois ressenti le besoin d&rsquo;aller me balader seule, faire des choses et visiter seule, mon c\u00f4t\u00e9 solitaire reprends vraiment le dessus.<\/p><p style=\"text-align: justify;\"><strong><em>Je ne suis pas quelqu&rsquo;un de sauvage, disons que c&rsquo;est les choses de la vie qui m&rsquo;ont pouss\u00e9 \u00e0 \u00eatre solitaire et ces moments de sociabilit\u00e9 m&rsquo;ont fait comprendre qu&rsquo;ils \u00e9taient tr\u00e8s importants dans une vie de voyage et m&rsquo;ont convaincue que m\u00eame s&rsquo;ils sont \u00e9ph\u00e9m\u00e8res et que ce sont pas des gens qui seront au quotidien dans ma vie, au moins ils sont vrais et cela en fait de beaux souvenirs !<\/em><\/strong><\/p><p style=\"text-align: justify;\">Si voyager seule avec un sac \u00e0 <span class=\"ver\" title=\"\">dos vous fait<\/span> peur, affrontez l\u00e0 et foncez, \u00e7a sera surement le meilleur choix de votre vie. Effectivement il y a des emb\u00fbches quand on est seule, mais elles vous permettront d&rsquo;avancer par la suite dans votre vie personnelle. Personnellement, je m&rsquo;envole durant <span class=\"ver\" title=\"\">2 mois<\/span> en <span class=\"spellver\" title=\"\">Thailande<\/span> \u00e0 la fin de l&rsquo;ann\u00e9e, seule avec mon sac \u00e0 dos et j&rsquo;esp\u00e8re en revenir encore plus grandis et plus forte !<\/p>\t\t\t\t\t\t\t\t<\/div>\n\t\t\t\t<\/div>\n\t\t\t\t<div class=\"elementor-element elementor-element-a5c3390 elementor-widget-divider--view-line elementor-widget elementor-widget-global elementor-global-41411 elementor-widget-divider\" data-id=\"a5c3390\" data-element_type=\"widget\" data-widget_type=\"divider.default\">\n\t\t\t\t<div class=\"elementor-widget-container\">\n\t\t\t\t\t\t\t<div class=\"elementor-divider\">\n\t\t\t<span class=\"elementor-divider-separator\">\n\t\t\t\t\t\t<\/span>\n\t\t<\/div>\n\t\t\t\t\t\t<\/div>\n\t\t\t\t<\/div>\n\t\t\t\t\t<\/div>\n\t\t<\/div>\n\t\t\t\t\t<\/div>\n\t\t<\/section>\n\t\t\t\t<section class=\"elementor-section elementor-top-section elementor-element elementor-element-c7940f elementor-section-boxed elementor-section-height-default elementor-section-height-default\" data-id=\"c7940f\" data-element_type=\"section\">\n\t\t\t\t\t\t<div class=\"elementor-container elementor-column-gap-default\">\n\t\t\t\t\t<div class=\"elementor-column elementor-col-100 elementor-top-column elementor-element elementor-element-579d43c4\" data-id=\"579d43c4\" data-element_type=\"column\">\n\t\t\t<div class=\"elementor-widget-wrap elementor-element-populated\">\n\t\t\t\t\t\t<div class=\"elementor-element elementor-element-10009826 elementor-widget elementor-widget-text-editor\" data-id=\"10009826\" data-element_type=\"widget\" data-widget_type=\"text-editor.default\">\n\t\t\t\t<div class=\"elementor-widget-container\">\n\t\t\t\t\t\t\t\t\t<p style=\"text-align: justify;\"><strong>Bon courage \u00e0 toutes celles qui osent sauter le pas et si vous avez des questions concernant le fait de voyager seule avec un sac \u00e0 dos, n&rsquo;h\u00e9sitez pas, j&rsquo;y r\u00e9pondrais avec grand plaisir ! Si vous \u00eates une femme qui voyage seule ou \u00e0 plusieurs, rejoignez le groupe Facebook 100% f\u00e9minin <a href=\"https:\/\/www.facebook.com\/groups\/Voyageraufeminin\" target=\"_blank\" rel=\"noopener noreferrer\">Voyager au f\u00e9minin en sac \u00e0 dos<\/a> !<\/strong><\/p><p style=\"text-align: center;\"><img loading=\"lazy\" decoding=\"async\" class=\"aligncenter  wp-image-46745\" src=\"https:\/\/www.jdroadtrip.tv\/blog\/wp-content\/uploads\/2021\/04\/voyager-seule-sac-a-dos-pin.jpg\" alt=\"\" width=\"400\" height=\"600\" srcset=\"https:\/\/www.jdroadtrip.tv\/blog\/wp-content\/uploads\/2021\/04\/voyager-seule-sac-a-dos-pin.jpg 564w, https:\/\/www.jdroadtrip.tv\/blog\/wp-content\/uploads\/2021\/04\/voyager-seule-sac-a-dos-pin-200x300.jpg 200w, https:\/\/www.jdroadtrip.tv\/blog\/wp-content\/uploads\/2021\/04\/voyager-seule-sac-a-dos-pin-400x600.jpg 400w, https:\/\/www.jdroadtrip.tv\/blog\/wp-content\/uploads\/2021\/04\/voyager-seule-sac-a-dos-pin-133x200.jpg 133w\" sizes=\"(max-width: 400px) 100vw, 400px\" \/><\/p>\t\t\t\t\t\t\t\t<\/div>\n\t\t\t\t<\/div>\n\t\t\t\t\t<\/div>\n\t\t<\/div>\n\t\t\t\t\t<\/div>\n\t\t<\/section>\n\t\t\t\t<\/div>\n\t\t","protected":false},"excerpt":{"rendered":"<p>Pourquoi j&rsquo;ai d\u00e9cid\u00e9 de voyager seule avec un sac \u00e0 dos ! Au bout de 6 ans de voyage, je savais que j&rsquo;allais finir par \u00e9crire un article sur ma fa\u00e7on de voyager seule avec un sac \u00e0 dos, j&rsquo;avais besoin de temps et d&rsquo;assez de recul pour pouvoir pondre quelque chose de r\u00e9fl\u00e9chi. Il [&hellip;]<\/p>\n","protected":false},"author":1,"featured_media":17687,"comment_status":"open","ping_status":"open","sticky":false,"template":"","format":"standard","meta":{"ocean_post_layout":"","ocean_both_sidebars_style":"","ocean_both_sidebars_content_width":0,"ocean_both_sidebars_sidebars_width":0,"ocean_sidebar":"","ocean_second_sidebar":"","ocean_disable_margins":"enable","ocean_add_body_class":"","ocean_shortcode_before_top_bar":"","ocean_shortcode_after_top_bar":"","ocean_shortcode_before_header":"","ocean_shortcode_after_header":"","ocean_has_shortcode":"","ocean_shortcode_after_title":"","ocean_shortcode_before_footer_widgets":"","ocean_shortcode_after_footer_widgets":"","ocean_shortcode_before_footer_bottom":"","ocean_shortcode_after_footer_bottom":"","ocean_display_top_bar":"default","ocean_display_header":"default","ocean_header_style":"","ocean_center_header_left_menu":"","ocean_custom_header_template":"","ocean_custom_logo":0,"ocean_custom_retina_logo":0,"ocean_custom_logo_max_width":0,"ocean_custom_logo_tablet_max_width":0,"ocean_custom_logo_mobile_max_width":0,"ocean_custom_logo_max_height":0,"ocean_custom_logo_tablet_max_height":0,"ocean_custom_logo_mobile_max_height":0,"ocean_header_custom_menu":"","ocean_menu_typo_font_family":"","ocean_menu_typo_font_subset":"","ocean_menu_typo_font_size":0,"ocean_menu_typo_font_size_tablet":0,"ocean_menu_typo_font_size_mobile":0,"ocean_menu_typo_font_size_unit":"px","ocean_menu_typo_font_weight":"","ocean_menu_typo_font_weight_tablet":"","ocean_menu_typo_font_weight_mobile":"","ocean_menu_typo_transform":"","ocean_menu_typo_transform_tablet":"","ocean_menu_typo_transform_mobile":"","ocean_menu_typo_line_height":0,"ocean_menu_typo_line_height_tablet":0,"ocean_menu_typo_line_height_mobile":0,"ocean_menu_typo_line_height_unit":"","ocean_menu_typo_spacing":0,"ocean_menu_typo_spacing_tablet":0,"ocean_menu_typo_spacing_mobile":0,"ocean_menu_typo_spacing_unit":"","ocean_menu_link_color":"","ocean_menu_link_color_hover":"","ocean_menu_link_color_active":"","ocean_menu_link_background":"","ocean_menu_link_hover_background":"","ocean_menu_link_active_background":"","ocean_menu_social_links_bg":"","ocean_menu_social_hover_links_bg":"","ocean_menu_social_links_color":"","ocean_menu_social_hover_links_color":"","ocean_disable_title":"default","ocean_disable_heading":"default","ocean_post_title":"","ocean_post_subheading":"","ocean_post_title_style":"","ocean_post_title_background_color":"","ocean_post_title_background":0,"ocean_post_title_bg_image_position":"","ocean_post_title_bg_image_attachment":"","ocean_post_title_bg_image_repeat":"","ocean_post_title_bg_image_size":"","ocean_post_title_height":0,"ocean_post_title_bg_overlay":0.5,"ocean_post_title_bg_overlay_color":"","ocean_disable_breadcrumbs":"default","ocean_breadcrumbs_color":"","ocean_breadcrumbs_separator_color":"","ocean_breadcrumbs_links_color":"","ocean_breadcrumbs_links_hover_color":"","ocean_display_footer_widgets":"default","ocean_display_footer_bottom":"default","ocean_custom_footer_template":"","ocean_post_oembed":"","ocean_post_self_hosted_media":"","ocean_post_video_embed":"","ocean_link_format":"","ocean_link_format_target":"self","ocean_quote_format":"","ocean_quote_format_link":"post","ocean_gallery_link_images":"on","ocean_gallery_id":[],"footnotes":""},"categories":[10561],"tags":[],"table_tags":[],"class_list":["post-17680","post","type-post","status-publish","format-standard","has-post-thumbnail","hentry","category-voyager-seule","entry","has-media"],"yoast_head":"<!-- This site is optimized with the Yoast SEO Premium plugin v25.9 (Yoast SEO v25.9) - https:\/\/yoast.com\/wordpress\/plugins\/seo\/ -->\n<title>Pourquoi j&#039;ai d\u00e9cid\u00e9 de voyager seule en sac \u00e0 dos -JDroadtrip.tv<\/title>\n<meta name=\"description\" content=\"Voici mon r\u00e9cit de pourquoi j&#039;ai d\u00e9cid\u00e9 de voyager seule en sac \u00e0 dos \u00e0 travers le monde et vous partage ma fa\u00e7on de voyager au f\u00e9minin.\" \/>\n<meta name=\"robots\" content=\"index, follow, max-snippet:-1, max-image-preview:large, max-video-preview:-1\" \/>\n<link rel=\"canonical\" href=\"https:\/\/www.jdroadtrip.tv\/blog\/pourquoi-voyager-seule-en-sac-a-dos\/\" \/>\n<meta property=\"og:locale\" content=\"fr_FR\" \/>\n<meta property=\"og:type\" content=\"article\" \/>\n<meta property=\"og:title\" content=\"Voyager seule avec un sac \u00e0 dos\" \/>\n<meta property=\"og:description\" content=\"Voici mon r\u00e9cit de pourquoi j&#039;ai d\u00e9cid\u00e9 de voyager seule en sac \u00e0 dos \u00e0 travers le monde et vous partage ma fa\u00e7on de voyager au f\u00e9minin.\" \/>\n<meta property=\"og:url\" content=\"https:\/\/www.jdroadtrip.tv\/blog\/pourquoi-voyager-seule-en-sac-a-dos\/\" \/>\n<meta property=\"og:site_name\" content=\"JDroadtrip - Blog de voyage pour voyager au f\u00e9minin !\" \/>\n<meta property=\"article:publisher\" content=\"https:\/\/www.facebook.com\/JDRoadTrip\" \/>\n<meta property=\"article:author\" content=\"https:\/\/www.facebook.com\/JDroadtrip\" \/>\n<meta property=\"article:published_time\" content=\"2022-10-25T11:42:14+00:00\" \/>\n<meta property=\"article:modified_time\" content=\"2025-06-10T19:42:23+00:00\" \/>\n<meta property=\"og:image\" content=\"https:\/\/www.jdroadtrip.tv\/blog\/wp-content\/uploads\/2016\/02\/pourquoi-voyager-seule-sac-a-dos-img.jpg\" \/>\n\t<meta property=\"og:image:width\" content=\"800\" \/>\n\t<meta property=\"og:image:height\" content=\"600\" \/>\n\t<meta property=\"og:image:type\" content=\"image\/jpeg\" \/>\n<meta name=\"author\" content=\"Jenny Diab\" \/>\n<meta name=\"twitter:card\" content=\"summary_large_image\" \/>\n<meta name=\"twitter:creator\" content=\"@JDroadtrip\" \/>\n<meta name=\"twitter:site\" content=\"@JDroadtrip\" \/>\n<meta name=\"twitter:label1\" content=\"\u00c9crit par\" \/>\n\t<meta name=\"twitter:data1\" content=\"Jenny Diab\" \/>\n\t<meta name=\"twitter:label2\" content=\"Dur\u00e9e de lecture estim\u00e9e\" \/>\n\t<meta name=\"twitter:data2\" content=\"13 minutes\" \/>\n<script type=\"application\/ld+json\" class=\"yoast-schema-graph\">{\"@context\":\"https:\/\/schema.org\",\"@graph\":[{\"@type\":\"Article\",\"@id\":\"https:\/\/www.jdroadtrip.tv\/blog\/pourquoi-voyager-seule-en-sac-a-dos\/#article\",\"isPartOf\":{\"@id\":\"https:\/\/www.jdroadtrip.tv\/blog\/pourquoi-voyager-seule-en-sac-a-dos\/\"},\"author\":{\"name\":\"Jenny Diab\",\"@id\":\"https:\/\/www.jdroadtrip.tv\/blog\/#\/schema\/person\/d204bfc7d00ba74276391d8e42b58a3e\"},\"headline\":\"Voyager seule avec un sac \u00e0 dos\",\"datePublished\":\"2022-10-25T11:42:14+00:00\",\"dateModified\":\"2025-06-10T19:42:23+00:00\",\"mainEntityOfPage\":{\"@id\":\"https:\/\/www.jdroadtrip.tv\/blog\/pourquoi-voyager-seule-en-sac-a-dos\/\"},\"wordCount\":2465,\"commentCount\":11,\"publisher\":{\"@id\":\"https:\/\/www.jdroadtrip.tv\/blog\/#organization\"},\"image\":{\"@id\":\"https:\/\/www.jdroadtrip.tv\/blog\/pourquoi-voyager-seule-en-sac-a-dos\/#primaryimage\"},\"thumbnailUrl\":\"https:\/\/www.jdroadtrip.tv\/blog\/wp-content\/uploads\/2016\/02\/pourquoi-voyager-seule-sac-a-dos-img.jpg\",\"articleSection\":[\"Voyager Seule\"],\"inLanguage\":\"fr-FR\",\"potentialAction\":[{\"@type\":\"CommentAction\",\"name\":\"Comment\",\"target\":[\"https:\/\/www.jdroadtrip.tv\/blog\/pourquoi-voyager-seule-en-sac-a-dos\/#respond\"]}]},{\"@type\":\"WebPage\",\"@id\":\"https:\/\/www.jdroadtrip.tv\/blog\/pourquoi-voyager-seule-en-sac-a-dos\/\",\"url\":\"https:\/\/www.jdroadtrip.tv\/blog\/pourquoi-voyager-seule-en-sac-a-dos\/\",\"name\":\"Pourquoi j'ai d\u00e9cid\u00e9 de voyager seule en sac \u00e0 dos -JDroadtrip.tv\",\"isPartOf\":{\"@id\":\"https:\/\/www.jdroadtrip.tv\/blog\/#website\"},\"primaryImageOfPage\":{\"@id\":\"https:\/\/www.jdroadtrip.tv\/blog\/pourquoi-voyager-seule-en-sac-a-dos\/#primaryimage\"},\"image\":{\"@id\":\"https:\/\/www.jdroadtrip.tv\/blog\/pourquoi-voyager-seule-en-sac-a-dos\/#primaryimage\"},\"thumbnailUrl\":\"https:\/\/www.jdroadtrip.tv\/blog\/wp-content\/uploads\/2016\/02\/pourquoi-voyager-seule-sac-a-dos-img.jpg\",\"datePublished\":\"2022-10-25T11:42:14+00:00\",\"dateModified\":\"2025-06-10T19:42:23+00:00\",\"description\":\"Voici mon r\u00e9cit de pourquoi j'ai d\u00e9cid\u00e9 de voyager seule en sac \u00e0 dos \u00e0 travers le monde et vous partage ma fa\u00e7on de voyager au f\u00e9minin.\",\"breadcrumb\":{\"@id\":\"https:\/\/www.jdroadtrip.tv\/blog\/pourquoi-voyager-seule-en-sac-a-dos\/#breadcrumb\"},\"inLanguage\":\"fr-FR\",\"potentialAction\":[{\"@type\":\"ReadAction\",\"target\":[\"https:\/\/www.jdroadtrip.tv\/blog\/pourquoi-voyager-seule-en-sac-a-dos\/\"]}]},{\"@type\":\"ImageObject\",\"inLanguage\":\"fr-FR\",\"@id\":\"https:\/\/www.jdroadtrip.tv\/blog\/pourquoi-voyager-seule-en-sac-a-dos\/#primaryimage\",\"url\":\"https:\/\/www.jdroadtrip.tv\/blog\/wp-content\/uploads\/2016\/02\/pourquoi-voyager-seule-sac-a-dos-img.jpg\",\"contentUrl\":\"https:\/\/www.jdroadtrip.tv\/blog\/wp-content\/uploads\/2016\/02\/pourquoi-voyager-seule-sac-a-dos-img.jpg\",\"width\":800,\"height\":600},{\"@type\":\"BreadcrumbList\",\"@id\":\"https:\/\/www.jdroadtrip.tv\/blog\/pourquoi-voyager-seule-en-sac-a-dos\/#breadcrumb\",\"itemListElement\":[{\"@type\":\"ListItem\",\"position\":1,\"name\":\"Accueil\",\"item\":\"https:\/\/www.jdroadtrip.tv\/blog\/\"},{\"@type\":\"ListItem\",\"position\":2,\"name\":\"Voyager seule avec un sac \u00e0 dos\"}]},{\"@type\":\"WebSite\",\"@id\":\"https:\/\/www.jdroadtrip.tv\/blog\/#website\",\"url\":\"https:\/\/www.jdroadtrip.tv\/blog\/\",\"name\":\"JDroadtrip - Blog de voyage au f\u00e9minin : Outdoor, Trek, Slow travel\",\"description\":\"M\u00e9dia pour voyager au f\u00e9minin\",\"publisher\":{\"@id\":\"https:\/\/www.jdroadtrip.tv\/blog\/#organization\"},\"alternateName\":\"JDroadtrip - Voyager au f\u00e9minin\",\"potentialAction\":[{\"@type\":\"SearchAction\",\"target\":{\"@type\":\"EntryPoint\",\"urlTemplate\":\"https:\/\/www.jdroadtrip.tv\/blog\/?s={search_term_string}\"},\"query-input\":{\"@type\":\"PropertyValueSpecification\",\"valueRequired\":true,\"valueName\":\"search_term_string\"}}],\"inLanguage\":\"fr-FR\"},{\"@type\":\"Organization\",\"@id\":\"https:\/\/www.jdroadtrip.tv\/blog\/#organization\",\"name\":\"JDroadtrip - Blog de voyage pour voyager au f\u00e9minin !\",\"alternateName\":\"JDroadtrip - Voyager au f\u00e9minin\",\"url\":\"https:\/\/www.jdroadtrip.tv\/blog\/\",\"logo\":{\"@type\":\"ImageObject\",\"inLanguage\":\"fr-FR\",\"@id\":\"https:\/\/www.jdroadtrip.tv\/blog\/#\/schema\/logo\/image\/\",\"url\":\"https:\/\/www.jdroadtrip.tv\/blog\/wp-content\/uploads\/2023\/08\/Logo-HD-petit.png\",\"contentUrl\":\"https:\/\/www.jdroadtrip.tv\/blog\/wp-content\/uploads\/2023\/08\/Logo-HD-petit.png\",\"width\":300,\"height\":300,\"caption\":\"JDroadtrip - Blog de voyage pour voyager au f\u00e9minin !\"},\"image\":{\"@id\":\"https:\/\/www.jdroadtrip.tv\/blog\/#\/schema\/logo\/image\/\"},\"sameAs\":[\"https:\/\/www.facebook.com\/JDRoadTrip\",\"https:\/\/x.com\/JDroadtrip\",\"https:\/\/instagram.com\/jdroadtrip\/\",\"http:\/\/www.linkedin.com\/in\/jennydiab\",\"https:\/\/www.pinterest.fr\/jdroadtrip\/\",\"https:\/\/www.youtube.com\/channel\/UCerVm4aMyTj9AxDDWmSx9_g\"],\"description\":\"Blog de voyage pour les femmes qui voyagent \u00e0 travers le monde.\",\"email\":\"contact@jdroadtrip.tv\",\"legalName\":\"Jenny Diab\",\"numberOfEmployees\":{\"@type\":\"QuantitativeValue\",\"minValue\":\"1\",\"maxValue\":\"10\"}},{\"@type\":\"Person\",\"@id\":\"https:\/\/www.jdroadtrip.tv\/blog\/#\/schema\/person\/d204bfc7d00ba74276391d8e42b58a3e\",\"name\":\"Jenny Diab\",\"image\":{\"@type\":\"ImageObject\",\"inLanguage\":\"fr-FR\",\"@id\":\"https:\/\/www.jdroadtrip.tv\/blog\/#\/schema\/person\/image\/\",\"url\":\"https:\/\/secure.gravatar.com\/avatar\/8c20b0655fdafee9c0df649069a458b1bde697487be3b0da4df8754f3de7042c?s=96&d=mm&r=g\",\"contentUrl\":\"https:\/\/secure.gravatar.com\/avatar\/8c20b0655fdafee9c0df649069a458b1bde697487be3b0da4df8754f3de7042c?s=96&d=mm&r=g\",\"caption\":\"Jenny Diab\"},\"description\":\"Cr\u00e9atrice du blog JDroadtrip.tv, je voyage seule \u00e0 travers le monde et je partage mes exp\u00e9riences de voyageuse solo. \u00c0 travers ce blog, je vous invite \u00e0 d\u00e9couvrir un maximum de bons plans et astuces (h\u00e9bergements, activit\u00e9s, restaurants, transports \u2026) pour pr\u00e9parer au mieux vos futurs voyages. Si vous \u00eates une fille qui voyage \u00e0 travers le monde, rejoignez la communaut\u00e9 Voyager au f\u00e9minin et si vous avez des questions, n'h\u00e9sitez pas \u00e0 \u00e0 me contacter. D\u00c9COUVREZ QUI SUIS-JE.\",\"sameAs\":[\"https:\/\/www.jdroadtrip.tv\",\"https:\/\/www.facebook.com\/JDroadtrip\",\"https:\/\/www.instagram.com\/jdroadtrip\/\",\"https:\/\/www.linkedin.com\/in\/jennydiab\",\"https:\/\/www.pinterest.com\/Jdroadtrip\",\"https:\/\/x.com\/JDroadtrip\"],\"url\":\"https:\/\/www.jdroadtrip.tv\/blog\/author\/jd\/\"}]}<\/script>\n<!-- \/ Yoast SEO Premium plugin. -->","yoast_head_json":{"title":"Pourquoi j'ai d\u00e9cid\u00e9 de voyager seule en sac \u00e0 dos -JDroadtrip.tv","description":"Voici mon r\u00e9cit de pourquoi j'ai d\u00e9cid\u00e9 de voyager seule en sac \u00e0 dos \u00e0 travers le monde et vous partage ma fa\u00e7on de voyager au f\u00e9minin.","robots":{"index":"index","follow":"follow","max-snippet":"max-snippet:-1","max-image-preview":"max-image-preview:large","max-video-preview":"max-video-preview:-1"},"canonical":"https:\/\/www.jdroadtrip.tv\/blog\/pourquoi-voyager-seule-en-sac-a-dos\/","og_locale":"fr_FR","og_type":"article","og_title":"Voyager seule avec un sac \u00e0 dos","og_description":"Voici mon r\u00e9cit de pourquoi j'ai d\u00e9cid\u00e9 de voyager seule en sac \u00e0 dos \u00e0 travers le monde et vous partage ma fa\u00e7on de voyager au f\u00e9minin.","og_url":"https:\/\/www.jdroadtrip.tv\/blog\/pourquoi-voyager-seule-en-sac-a-dos\/","og_site_name":"JDroadtrip - Blog de voyage pour voyager au f\u00e9minin !","article_publisher":"https:\/\/www.facebook.com\/JDRoadTrip","article_author":"https:\/\/www.facebook.com\/JDroadtrip","article_published_time":"2022-10-25T11:42:14+00:00","article_modified_time":"2025-06-10T19:42:23+00:00","og_image":[{"width":800,"height":600,"url":"https:\/\/www.jdroadtrip.tv\/blog\/wp-content\/uploads\/2016\/02\/pourquoi-voyager-seule-sac-a-dos-img.jpg","type":"image\/jpeg"}],"author":"Jenny Diab","twitter_card":"summary_large_image","twitter_creator":"@JDroadtrip","twitter_site":"@JDroadtrip","twitter_misc":{"\u00c9crit par":"Jenny Diab","Dur\u00e9e de lecture estim\u00e9e":"13 minutes"},"schema":{"@context":"https:\/\/schema.org","@graph":[{"@type":"Article","@id":"https:\/\/www.jdroadtrip.tv\/blog\/pourquoi-voyager-seule-en-sac-a-dos\/#article","isPartOf":{"@id":"https:\/\/www.jdroadtrip.tv\/blog\/pourquoi-voyager-seule-en-sac-a-dos\/"},"author":{"name":"Jenny Diab","@id":"https:\/\/www.jdroadtrip.tv\/blog\/#\/schema\/person\/d204bfc7d00ba74276391d8e42b58a3e"},"headline":"Voyager seule avec un sac \u00e0 dos","datePublished":"2022-10-25T11:42:14+00:00","dateModified":"2025-06-10T19:42:23+00:00","mainEntityOfPage":{"@id":"https:\/\/www.jdroadtrip.tv\/blog\/pourquoi-voyager-seule-en-sac-a-dos\/"},"wordCount":2465,"commentCount":11,"publisher":{"@id":"https:\/\/www.jdroadtrip.tv\/blog\/#organization"},"image":{"@id":"https:\/\/www.jdroadtrip.tv\/blog\/pourquoi-voyager-seule-en-sac-a-dos\/#primaryimage"},"thumbnailUrl":"https:\/\/www.jdroadtrip.tv\/blog\/wp-content\/uploads\/2016\/02\/pourquoi-voyager-seule-sac-a-dos-img.jpg","articleSection":["Voyager Seule"],"inLanguage":"fr-FR","potentialAction":[{"@type":"CommentAction","name":"Comment","target":["https:\/\/www.jdroadtrip.tv\/blog\/pourquoi-voyager-seule-en-sac-a-dos\/#respond"]}]},{"@type":"WebPage","@id":"https:\/\/www.jdroadtrip.tv\/blog\/pourquoi-voyager-seule-en-sac-a-dos\/","url":"https:\/\/www.jdroadtrip.tv\/blog\/pourquoi-voyager-seule-en-sac-a-dos\/","name":"Pourquoi j'ai d\u00e9cid\u00e9 de voyager seule en sac \u00e0 dos -JDroadtrip.tv","isPartOf":{"@id":"https:\/\/www.jdroadtrip.tv\/blog\/#website"},"primaryImageOfPage":{"@id":"https:\/\/www.jdroadtrip.tv\/blog\/pourquoi-voyager-seule-en-sac-a-dos\/#primaryimage"},"image":{"@id":"https:\/\/www.jdroadtrip.tv\/blog\/pourquoi-voyager-seule-en-sac-a-dos\/#primaryimage"},"thumbnailUrl":"https:\/\/www.jdroadtrip.tv\/blog\/wp-content\/uploads\/2016\/02\/pourquoi-voyager-seule-sac-a-dos-img.jpg","datePublished":"2022-10-25T11:42:14+00:00","dateModified":"2025-06-10T19:42:23+00:00","description":"Voici mon r\u00e9cit de pourquoi j'ai d\u00e9cid\u00e9 de voyager seule en sac \u00e0 dos \u00e0 travers le monde et vous partage ma fa\u00e7on de voyager au f\u00e9minin.","breadcrumb":{"@id":"https:\/\/www.jdroadtrip.tv\/blog\/pourquoi-voyager-seule-en-sac-a-dos\/#breadcrumb"},"inLanguage":"fr-FR","potentialAction":[{"@type":"ReadAction","target":["https:\/\/www.jdroadtrip.tv\/blog\/pourquoi-voyager-seule-en-sac-a-dos\/"]}]},{"@type":"ImageObject","inLanguage":"fr-FR","@id":"https:\/\/www.jdroadtrip.tv\/blog\/pourquoi-voyager-seule-en-sac-a-dos\/#primaryimage","url":"https:\/\/www.jdroadtrip.tv\/blog\/wp-content\/uploads\/2016\/02\/pourquoi-voyager-seule-sac-a-dos-img.jpg","contentUrl":"https:\/\/www.jdroadtrip.tv\/blog\/wp-content\/uploads\/2016\/02\/pourquoi-voyager-seule-sac-a-dos-img.jpg","width":800,"height":600},{"@type":"BreadcrumbList","@id":"https:\/\/www.jdroadtrip.tv\/blog\/pourquoi-voyager-seule-en-sac-a-dos\/#breadcrumb","itemListElement":[{"@type":"ListItem","position":1,"name":"Accueil","item":"https:\/\/www.jdroadtrip.tv\/blog\/"},{"@type":"ListItem","position":2,"name":"Voyager seule avec un sac \u00e0 dos"}]},{"@type":"WebSite","@id":"https:\/\/www.jdroadtrip.tv\/blog\/#website","url":"https:\/\/www.jdroadtrip.tv\/blog\/","name":"JDroadtrip - Blog de voyage au f\u00e9minin : Outdoor, Trek, Slow travel","description":"M\u00e9dia pour voyager au f\u00e9minin","publisher":{"@id":"https:\/\/www.jdroadtrip.tv\/blog\/#organization"},"alternateName":"JDroadtrip - Voyager au f\u00e9minin","potentialAction":[{"@type":"SearchAction","target":{"@type":"EntryPoint","urlTemplate":"https:\/\/www.jdroadtrip.tv\/blog\/?s={search_term_string}"},"query-input":{"@type":"PropertyValueSpecification","valueRequired":true,"valueName":"search_term_string"}}],"inLanguage":"fr-FR"},{"@type":"Organization","@id":"https:\/\/www.jdroadtrip.tv\/blog\/#organization","name":"JDroadtrip - Blog de voyage pour voyager au f\u00e9minin !","alternateName":"JDroadtrip - Voyager au f\u00e9minin","url":"https:\/\/www.jdroadtrip.tv\/blog\/","logo":{"@type":"ImageObject","inLanguage":"fr-FR","@id":"https:\/\/www.jdroadtrip.tv\/blog\/#\/schema\/logo\/image\/","url":"https:\/\/www.jdroadtrip.tv\/blog\/wp-content\/uploads\/2023\/08\/Logo-HD-petit.png","contentUrl":"https:\/\/www.jdroadtrip.tv\/blog\/wp-content\/uploads\/2023\/08\/Logo-HD-petit.png","width":300,"height":300,"caption":"JDroadtrip - Blog de voyage pour voyager au f\u00e9minin !"},"image":{"@id":"https:\/\/www.jdroadtrip.tv\/blog\/#\/schema\/logo\/image\/"},"sameAs":["https:\/\/www.facebook.com\/JDRoadTrip","https:\/\/x.com\/JDroadtrip","https:\/\/instagram.com\/jdroadtrip\/","http:\/\/www.linkedin.com\/in\/jennydiab","https:\/\/www.pinterest.fr\/jdroadtrip\/","https:\/\/www.youtube.com\/channel\/UCerVm4aMyTj9AxDDWmSx9_g"],"description":"Blog de voyage pour les femmes qui voyagent \u00e0 travers le monde.","email":"contact@jdroadtrip.tv","legalName":"Jenny Diab","numberOfEmployees":{"@type":"QuantitativeValue","minValue":"1","maxValue":"10"}},{"@type":"Person","@id":"https:\/\/www.jdroadtrip.tv\/blog\/#\/schema\/person\/d204bfc7d00ba74276391d8e42b58a3e","name":"Jenny Diab","image":{"@type":"ImageObject","inLanguage":"fr-FR","@id":"https:\/\/www.jdroadtrip.tv\/blog\/#\/schema\/person\/image\/","url":"https:\/\/secure.gravatar.com\/avatar\/8c20b0655fdafee9c0df649069a458b1bde697487be3b0da4df8754f3de7042c?s=96&d=mm&r=g","contentUrl":"https:\/\/secure.gravatar.com\/avatar\/8c20b0655fdafee9c0df649069a458b1bde697487be3b0da4df8754f3de7042c?s=96&d=mm&r=g","caption":"Jenny Diab"},"description":"Cr\u00e9atrice du blog JDroadtrip.tv, je voyage seule \u00e0 travers le monde et je partage mes exp\u00e9riences de voyageuse solo. \u00c0 travers ce blog, je vous invite \u00e0 d\u00e9couvrir un maximum de bons plans et astuces (h\u00e9bergements, activit\u00e9s, restaurants, transports \u2026) pour pr\u00e9parer au mieux vos futurs voyages. Si vous \u00eates une fille qui voyage \u00e0 travers le monde, rejoignez la communaut\u00e9 Voyager au f\u00e9minin et si vous avez des questions, n'h\u00e9sitez pas \u00e0 \u00e0 me contacter. D\u00c9COUVREZ QUI SUIS-JE.","sameAs":["https:\/\/www.jdroadtrip.tv","https:\/\/www.facebook.com\/JDroadtrip","https:\/\/www.instagram.com\/jdroadtrip\/","https:\/\/www.linkedin.com\/in\/jennydiab","https:\/\/www.pinterest.com\/Jdroadtrip","https:\/\/x.com\/JDroadtrip"],"url":"https:\/\/www.jdroadtrip.tv\/blog\/author\/jd\/"}]}},"_links":{"self":[{"href":"https:\/\/www.jdroadtrip.tv\/blog\/wp-json\/wp\/v2\/posts\/17680","targetHints":{"allow":["GET"]}}],"collection":[{"href":"https:\/\/www.jdroadtrip.tv\/blog\/wp-json\/wp\/v2\/posts"}],"about":[{"href":"https:\/\/www.jdroadtrip.tv\/blog\/wp-json\/wp\/v2\/types\/post"}],"author":[{"embeddable":true,"href":"https:\/\/www.jdroadtrip.tv\/blog\/wp-json\/wp\/v2\/users\/1"}],"replies":[{"embeddable":true,"href":"https:\/\/www.jdroadtrip.tv\/blog\/wp-json\/wp\/v2\/comments?post=17680"}],"version-history":[{"count":0,"href":"https:\/\/www.jdroadtrip.tv\/blog\/wp-json\/wp\/v2\/posts\/17680\/revisions"}],"wp:featuredmedia":[{"embeddable":true,"href":"https:\/\/www.jdroadtrip.tv\/blog\/wp-json\/wp\/v2\/media\/17687"}],"wp:attachment":[{"href":"https:\/\/www.jdroadtrip.tv\/blog\/wp-json\/wp\/v2\/media?parent=17680"}],"wp:term":[{"taxonomy":"category","embeddable":true,"href":"https:\/\/www.jdroadtrip.tv\/blog\/wp-json\/wp\/v2\/categories?post=17680"},{"taxonomy":"post_tag","embeddable":true,"href":"https:\/\/www.jdroadtrip.tv\/blog\/wp-json\/wp\/v2\/tags?post=17680"},{"taxonomy":"table_tags","embeddable":true,"href":"https:\/\/www.jdroadtrip.tv\/blog\/wp-json\/wp\/v2\/table_tags?post=17680"}],"curies":[{"name":"wp","href":"https:\/\/api.w.org\/{rel}","templated":true}]}}