{"id":16099,"date":"2022-10-25T09:20:36","date_gmt":"2022-10-25T08:20:36","guid":{"rendered":"http:\/\/www.jdroadtrip.tv\/blog\/?p=16099"},"modified":"2025-06-10T20:36:52","modified_gmt":"2025-06-10T19:36:52","slug":"brulee-au-second-degre-soleil-maroc","status":"publish","type":"post","link":"https:\/\/www.jdroadtrip.tv\/blog\/brulee-au-second-degre-soleil-maroc\/","title":{"rendered":"J&rsquo;ai \u00e9t\u00e9 br\u00fbl\u00e9e au second degr\u00e9 par le soleil du Maroc"},"content":{"rendered":"\t\t<div data-elementor-type=\"wp-post\" data-elementor-id=\"16099\" class=\"elementor elementor-16099\" data-elementor-post-type=\"post\">\n\t\t\t\t\t\t<section class=\"elementor-section elementor-top-section elementor-element elementor-element-1dc4c28 elementor-section-boxed elementor-section-height-default elementor-section-height-default\" data-id=\"1dc4c28\" data-element_type=\"section\">\n\t\t\t\t\t\t<div class=\"elementor-container elementor-column-gap-default\">\n\t\t\t\t\t<div class=\"elementor-column elementor-col-100 elementor-top-column elementor-element elementor-element-f899e08\" data-id=\"f899e08\" data-element_type=\"column\">\n\t\t\t<div class=\"elementor-widget-wrap elementor-element-populated\">\n\t\t\t\t\t\t<div class=\"elementor-element elementor-element-0ca1356 elementor-widget elementor-widget-heading\" data-id=\"0ca1356\" data-element_type=\"widget\" data-widget_type=\"heading.default\">\n\t\t\t\t<div class=\"elementor-widget-container\">\n\t\t\t\t\t<h2 class=\"elementor-heading-title elementor-size-default\">J'ai \u00e9t\u00e9 br\u00fbl\u00e9e au second degr\u00e9 par le soleil du Maroc lors d'un trek !<\/h2>\t\t\t\t<\/div>\n\t\t\t\t<\/div>\n\t\t\t\t<div class=\"elementor-element elementor-element-4631fcf elementor-widget elementor-widget-text-editor\" data-id=\"4631fcf\" data-element_type=\"widget\" data-widget_type=\"text-editor.default\">\n\t\t\t\t<div class=\"elementor-widget-container\">\n\t\t\t\t\t\t\t\t\t<p style=\"text-align: justify;\">Aujourd&rsquo;hui, je vais vous raconter mon aventure au Maroc, lors d&rsquo;un trek de 3 jours dans la vall\u00e9e de l&rsquo;Ourika et la vall\u00e9e de Zat, <strong>j&rsquo;ai \u00e9t\u00e9 br\u00fbl\u00e9e au second degr\u00e9 par le soleil du Maroc<\/strong>.<\/p><p style=\"text-align: justify;\">Le soleil tapait fort et j&rsquo;utilisais mon ch\u00e2le pour me prot\u00e9ger les bras, il \u00e9tait pos\u00e9 sur mes \u00e9paules mais le tissu \u00e9tant tr\u00e8s fin, <strong>le soleil m\u2019a litt\u00e9ralement br\u00fbl\u00e9 au second degr\u00e9<\/strong> pendant le 2\u00e9me jour de marche. Je ne m&rsquo;en suis pas aper\u00e7ue de suite, c&rsquo;est au moment du d\u00eener le soir, sous la tente, j&rsquo;\u00e9tais un peu faible, j&rsquo;avais l&rsquo;impression d&rsquo;avoir de la fi\u00e8vre car j&rsquo;avais vraiment tr\u00e8s chaud.<\/p>\t\t\t\t\t\t\t\t<\/div>\n\t\t\t\t<\/div>\n\t\t\t\t\t<\/div>\n\t\t<\/div>\n\t\t\t\t\t<\/div>\n\t\t<\/section>\n\t\t\t\t<section class=\"elementor-section elementor-top-section elementor-element elementor-element-213a329 elementor-section-boxed elementor-section-height-default elementor-section-height-default\" data-id=\"213a329\" data-element_type=\"section\">\n\t\t\t\t\t\t<div class=\"elementor-container elementor-column-gap-default\">\n\t\t\t\t\t<div class=\"elementor-column elementor-col-100 elementor-top-column elementor-element elementor-element-d5fbc5e\" data-id=\"d5fbc5e\" data-element_type=\"column\">\n\t\t\t<div class=\"elementor-widget-wrap elementor-element-populated\">\n\t\t\t\t\t\t<section class=\"elementor-section elementor-inner-section elementor-element elementor-element-fe5d1ed elementor-section-boxed elementor-section-height-default elementor-section-height-default\" data-id=\"fe5d1ed\" data-element_type=\"section\">\n\t\t\t\t\t\t<div class=\"elementor-container elementor-column-gap-default\">\n\t\t\t\t\t<div class=\"elementor-column elementor-col-50 elementor-inner-column elementor-element elementor-element-341bec8\" data-id=\"341bec8\" data-element_type=\"column\">\n\t\t\t<div class=\"elementor-widget-wrap elementor-element-populated\">\n\t\t\t\t\t\t<div class=\"elementor-element elementor-element-e1e62ac elementor-widget elementor-widget-text-editor\" data-id=\"e1e62ac\" data-element_type=\"widget\" data-widget_type=\"text-editor.default\">\n\t\t\t\t<div class=\"elementor-widget-container\">\n\t\t\t\t\t\t\t\t\t<p style=\"text-align: justify;\"><strong>Quand j&rsquo;ai d\u00e9couvert l&rsquo;\u00e9tat de mon bras, des cloques \u00e9taient apparues. <\/strong>Ce n&rsquo;\u00e9tait pas sp\u00e9cialement douloureux mais g\u00eanant car il ne fallait pas qu&rsquo;elles se percent sinon je pense que j&rsquo;aurai eu tr\u00e8s mal. Pour la 3\u00e9me journ\u00e9e de marche, je portais mon pull malgr\u00e9 la chaleur pour me prot\u00e9ger.<\/p><p style=\"text-align: justify;\">Une fois rentr\u00e9e sur Marrakech, <strong>j&rsquo;ai \u00e9t\u00e9 \u00e0 la pharmacie pour acheter des compresse, bandage et biafine<\/strong>. Durant 3 jours, mon bras \u00e9tait band\u00e9 H24 avec une \u00e9paisse couche de cr\u00e8me, compresse par dessus et bandage pour \u00e9viter de tacher. Ainsi prot\u00e9g\u00e9e, j&rsquo;\u00e9tais libre de continuer mon voyage. <strong>Aucun contact avec l&rsquo;eau, biafine UNIQUEMENT !<\/strong><\/p><p style=\"text-align: justify;\">Apr\u00e8s 4 jours, tout allait beaucoup mieux, la peau commen\u00e7ait \u00e0 s\u00e9cher et j\u2019allais peler ! Sur les photos ci-dessous, \u00e0 gauche, la peau apr\u00e8s 3 jours de biafine et \u00e0 droite, une fois la peau s\u00e9ch\u00e9e et pel\u00e9e !<\/p>\t\t\t\t\t\t\t\t<\/div>\n\t\t\t\t<\/div>\n\t\t\t\t\t<\/div>\n\t\t<\/div>\n\t\t\t\t<div class=\"elementor-column elementor-col-50 elementor-inner-column elementor-element elementor-element-dd7dc38\" data-id=\"dd7dc38\" data-element_type=\"column\">\n\t\t\t<div class=\"elementor-widget-wrap elementor-element-populated\">\n\t\t\t\t\t\t<div class=\"elementor-element elementor-element-91bad2b elementor-widget elementor-widget-image\" data-id=\"91bad2b\" data-element_type=\"widget\" data-widget_type=\"image.default\">\n\t\t\t\t<div class=\"elementor-widget-container\">\n\t\t\t\t\t\t\t\t\t\t\t\t\t\t\t<img fetchpriority=\"high\" decoding=\"async\" width=\"800\" height=\"531\" src=\"https:\/\/www.jdroadtrip.tv\/blog\/wp-content\/uploads\/2015\/11\/Maroc-brulures-soleil02.jpg\" class=\"attachment-full size-full wp-image-16106\" alt=\"\" srcset=\"https:\/\/www.jdroadtrip.tv\/blog\/wp-content\/uploads\/2015\/11\/Maroc-brulures-soleil02.jpg 800w, https:\/\/www.jdroadtrip.tv\/blog\/wp-content\/uploads\/2015\/11\/Maroc-brulures-soleil02-300x199.jpg 300w, https:\/\/www.jdroadtrip.tv\/blog\/wp-content\/uploads\/2015\/11\/Maroc-brulures-soleil02-250x166.jpg 250w, https:\/\/www.jdroadtrip.tv\/blog\/wp-content\/uploads\/2015\/11\/Maroc-brulures-soleil02-768x510.jpg 768w, https:\/\/www.jdroadtrip.tv\/blog\/wp-content\/uploads\/2015\/11\/Maroc-brulures-soleil02-585x388.jpg 585w, https:\/\/www.jdroadtrip.tv\/blog\/wp-content\/uploads\/2015\/11\/Maroc-brulures-soleil02-263x175.jpg 263w\" sizes=\"(max-width: 800px) 100vw, 800px\" \/>\t\t\t\t\t\t\t\t\t\t\t\t\t\t\t<\/div>\n\t\t\t\t<\/div>\n\t\t\t\t\t<\/div>\n\t\t<\/div>\n\t\t\t\t\t<\/div>\n\t\t<\/section>\n\t\t\t\t\t<\/div>\n\t\t<\/div>\n\t\t\t\t\t<\/div>\n\t\t<\/section>\n\t\t\t\t<section class=\"elementor-section elementor-top-section elementor-element elementor-element-610e0df2 elementor-section-boxed elementor-section-height-default elementor-section-height-default\" data-id=\"610e0df2\" data-element_type=\"section\">\n\t\t\t\t\t\t<div class=\"elementor-container elementor-column-gap-default\">\n\t\t\t\t\t<div class=\"elementor-column elementor-col-100 elementor-top-column elementor-element elementor-element-6faf75cf\" data-id=\"6faf75cf\" data-element_type=\"column\">\n\t\t\t<div class=\"elementor-widget-wrap elementor-element-populated\">\n\t\t\t\t\t\t<div class=\"elementor-element elementor-element-40d9fb37 elementor-widget elementor-widget-text-editor\" data-id=\"40d9fb37\" data-element_type=\"widget\" data-widget_type=\"text-editor.default\">\n\t\t\t\t<div class=\"elementor-widget-container\">\n\t\t\t\t\t\t\t\t\t<p style=\"text-align: justify;\"><img decoding=\"async\" class=\"wp-image-9748  alignright\" src=\"https:\/\/www.jdroadtrip.tv\/blog\/wp-content\/uploads\/2014\/05\/coup-de-soleil-Maroc02.jpg\" alt=\"Br\u00fbl\u00e9e au second degr\u00e9 par le soleil du Maroc\" width=\"446\" height=\"350\" srcset=\"https:\/\/www.jdroadtrip.tv\/blog\/wp-content\/uploads\/2014\/05\/coup-de-soleil-Maroc02.jpg 700w, https:\/\/www.jdroadtrip.tv\/blog\/wp-content\/uploads\/2014\/05\/coup-de-soleil-Maroc02-300x236.jpg 300w, https:\/\/www.jdroadtrip.tv\/blog\/wp-content\/uploads\/2014\/05\/coup-de-soleil-Maroc02-250x196.jpg 250w, https:\/\/www.jdroadtrip.tv\/blog\/wp-content\/uploads\/2014\/05\/coup-de-soleil-Maroc02-585x460.jpg 585w\" sizes=\"(max-width: 446px) 100vw, 446px\" \/>J&rsquo;ai continu\u00e9 pendant plusieurs jours \u00e0 hydrater pour bien cicatriser. Il faut savoir qu&rsquo;en haute saison au Maroc, <strong>les temp\u00e9ratures sont tr\u00e8s hautes, sur Marrakech, j&rsquo;ai vu 44 degr\u00e9s<\/strong>. <strong>Il est imp\u00e9ratif de partir avec une bonne cr\u00e8me de protection<\/strong> pour \u00e9viter de r\u00f4tir comme un poulet et comme moi \u00eatre br\u00fbl\u00e9e au second degr\u00e9 par le soleil du Maroc.<\/p><h3 style=\"text-align: justify;\"><strong>Quelques conseils en cas de br\u00fblures :<\/strong><\/h3><ul style=\"text-align: justify;\"><li>La <strong>biafine<\/strong> est un <strong>hydratant gras donc ne prot\u00e8ge pas du soleil<\/strong> ! \u00c0 renouveler plusieurs fois dans la journ\u00e9e.<\/li><li>Le <strong>talc<\/strong> <strong>enl\u00e8ve la sensation de chaud<\/strong> !<\/li><li>En cas de cloques, il ne faut pas perturber votre peau,<strong> la barder de biafine et la prot\u00e9ger<\/strong> comme je l\u2019ai fait (compresse et bandage) jusqu\u2019\u00e0 ce que les cloques disparaissent.<\/li><li>Et si \u00e7a persiste,<strong> voir un m\u00e9decin<\/strong>.<\/li><\/ul><p style=\"text-align: justify;\">Dans ce genre de circonstances, selon la gravit\u00e9, j&rsquo;aurais \u00e9t\u00e9 oblig\u00e9e de consulter un m\u00e9decin sur Marrakech. Payer de sa poche, \u00e7a ne fait jamais plaisir, surtout qu&rsquo;on ne sait jamais pour combien on va en avoir.<\/p><p style=\"text-align: justify;\">L&rsquo;id\u00e9al est de toujours de faire un <a href=\"https:\/\/www.jdroadtrip.tv\/blog\/comparatif-assurances-voyage-tour-du-monde\/\" target=\"_blank\" rel=\"noopener noreferrer\"><strong>comparatif assurance sant\u00e9 de voyage<\/strong><\/a> pour \u00e9viter les surprises.<\/p>\t\t\t\t\t\t\t\t<\/div>\n\t\t\t\t<\/div>\n\t\t\t\t<div class=\"elementor-element elementor-element-fa0598a elementor-widget-divider--view-line elementor-widget elementor-widget-global elementor-global-41411 elementor-widget-divider\" data-id=\"fa0598a\" data-element_type=\"widget\" data-widget_type=\"divider.default\">\n\t\t\t\t<div class=\"elementor-widget-container\">\n\t\t\t\t\t\t\t<div class=\"elementor-divider\">\n\t\t\t<span class=\"elementor-divider-separator\">\n\t\t\t\t\t\t<\/span>\n\t\t<\/div>\n\t\t\t\t\t\t<\/div>\n\t\t\t\t<\/div>\n\t\t\t\t\t<\/div>\n\t\t<\/div>\n\t\t\t\t\t<\/div>\n\t\t<\/section>\n\t\t\t\t<\/div>\n\t\t","protected":false},"excerpt":{"rendered":"<p>J&rsquo;ai \u00e9t\u00e9 br\u00fbl\u00e9e au second degr\u00e9 par le soleil du Maroc lors d&rsquo;un trek ! Aujourd&rsquo;hui, je vais vous raconter mon aventure au Maroc, lors d&rsquo;un trek de 3 jours dans la vall\u00e9e de l&rsquo;Ourika et la vall\u00e9e de Zat, j&rsquo;ai \u00e9t\u00e9 br\u00fbl\u00e9e au second degr\u00e9 par le soleil du Maroc. Le soleil tapait fort [&hellip;]<\/p>\n","protected":false},"author":1,"featured_media":16110,"comment_status":"open","ping_status":"open","sticky":false,"template":"","format":"standard","meta":{"ocean_post_layout":"","ocean_both_sidebars_style":"","ocean_both_sidebars_content_width":0,"ocean_both_sidebars_sidebars_width":0,"ocean_sidebar":"","ocean_second_sidebar":"","ocean_disable_margins":"enable","ocean_add_body_class":"","ocean_shortcode_before_top_bar":"","ocean_shortcode_after_top_bar":"","ocean_shortcode_before_header":"","ocean_shortcode_after_header":"","ocean_has_shortcode":"","ocean_shortcode_after_title":"","ocean_shortcode_before_footer_widgets":"","ocean_shortcode_after_footer_widgets":"","ocean_shortcode_before_footer_bottom":"","ocean_shortcode_after_footer_bottom":"","ocean_display_top_bar":"default","ocean_display_header":"default","ocean_header_style":"","ocean_center_header_left_menu":"","ocean_custom_header_template":"","ocean_custom_logo":0,"ocean_custom_retina_logo":0,"ocean_custom_logo_max_width":0,"ocean_custom_logo_tablet_max_width":0,"ocean_custom_logo_mobile_max_width":0,"ocean_custom_logo_max_height":0,"ocean_custom_logo_tablet_max_height":0,"ocean_custom_logo_mobile_max_height":0,"ocean_header_custom_menu":"","ocean_menu_typo_font_family":"","ocean_menu_typo_font_subset":"","ocean_menu_typo_font_size":0,"ocean_menu_typo_font_size_tablet":0,"ocean_menu_typo_font_size_mobile":0,"ocean_menu_typo_font_size_unit":"px","ocean_menu_typo_font_weight":"","ocean_menu_typo_font_weight_tablet":"","ocean_menu_typo_font_weight_mobile":"","ocean_menu_typo_transform":"","ocean_menu_typo_transform_tablet":"","ocean_menu_typo_transform_mobile":"","ocean_menu_typo_line_height":0,"ocean_menu_typo_line_height_tablet":0,"ocean_menu_typo_line_height_mobile":0,"ocean_menu_typo_line_height_unit":"","ocean_menu_typo_spacing":0,"ocean_menu_typo_spacing_tablet":0,"ocean_menu_typo_spacing_mobile":0,"ocean_menu_typo_spacing_unit":"","ocean_menu_link_color":"","ocean_menu_link_color_hover":"","ocean_menu_link_color_active":"","ocean_menu_link_background":"","ocean_menu_link_hover_background":"","ocean_menu_link_active_background":"","ocean_menu_social_links_bg":"","ocean_menu_social_hover_links_bg":"","ocean_menu_social_links_color":"","ocean_menu_social_hover_links_color":"","ocean_disable_title":"default","ocean_disable_heading":"default","ocean_post_title":"","ocean_post_subheading":"","ocean_post_title_style":"","ocean_post_title_background_color":"","ocean_post_title_background":0,"ocean_post_title_bg_image_position":"","ocean_post_title_bg_image_attachment":"","ocean_post_title_bg_image_repeat":"","ocean_post_title_bg_image_size":"","ocean_post_title_height":0,"ocean_post_title_bg_overlay":0.5,"ocean_post_title_bg_overlay_color":"","ocean_disable_breadcrumbs":"default","ocean_breadcrumbs_color":"","ocean_breadcrumbs_separator_color":"","ocean_breadcrumbs_links_color":"","ocean_breadcrumbs_links_hover_color":"","ocean_display_footer_widgets":"default","ocean_display_footer_bottom":"default","ocean_custom_footer_template":"","ocean_post_oembed":"","ocean_post_self_hosted_media":"","ocean_post_video_embed":"","ocean_link_format":"","ocean_link_format_target":"self","ocean_quote_format":"","ocean_quote_format_link":"post","ocean_gallery_link_images":"on","ocean_gallery_id":[],"footnotes":""},"categories":[905],"tags":[],"table_tags":[],"class_list":["post-16099","post","type-post","status-publish","format-standard","has-post-thumbnail","hentry","category-hygiene-sante-en-voyage","entry","has-media"],"yoast_head":"<!-- This site is optimized with the Yoast SEO Premium plugin v25.9 (Yoast SEO v25.9) - https:\/\/yoast.com\/wordpress\/plugins\/seo\/ -->\n<title>J&#039;ai \u00e9t\u00e9 br\u00fbl\u00e9e au second degr\u00e9 par le soleil du Maroc<\/title>\n<meta name=\"description\" content=\"Lors d&#039;un trek de 3 jours dans la vall\u00e9e de l&#039;Ourika et la vall\u00e9e de Zat, j&#039;ai \u00e9t\u00e9 br\u00fbl\u00e9e au second degr\u00e9 par le soleil du Maroc.\" \/>\n<meta name=\"robots\" content=\"index, follow, max-snippet:-1, max-image-preview:large, max-video-preview:-1\" \/>\n<link rel=\"canonical\" href=\"https:\/\/www.jdroadtrip.tv\/blog\/brulee-au-second-degre-soleil-maroc\/\" \/>\n<meta property=\"og:locale\" content=\"fr_FR\" \/>\n<meta property=\"og:type\" content=\"article\" \/>\n<meta property=\"og:title\" content=\"J&#039;ai \u00e9t\u00e9 br\u00fbl\u00e9e au second degr\u00e9 par le soleil du Maroc\" \/>\n<meta property=\"og:description\" content=\"Lors d&#039;un trek de 3 jours dans la vall\u00e9e de l&#039;Ourika et la vall\u00e9e de Zat, j&#039;ai \u00e9t\u00e9 br\u00fbl\u00e9e au second degr\u00e9 par le soleil du Maroc.\" \/>\n<meta property=\"og:url\" content=\"https:\/\/www.jdroadtrip.tv\/blog\/brulee-au-second-degre-soleil-maroc\/\" \/>\n<meta property=\"og:site_name\" content=\"JDroadtrip - Blog de voyage pour voyager au f\u00e9minin !\" \/>\n<meta property=\"article:publisher\" content=\"https:\/\/www.facebook.com\/JDRoadTrip\" \/>\n<meta property=\"article:author\" content=\"https:\/\/www.facebook.com\/JDroadtrip\" \/>\n<meta property=\"article:published_time\" content=\"2022-10-25T08:20:36+00:00\" \/>\n<meta property=\"article:modified_time\" content=\"2025-06-10T19:36:52+00:00\" \/>\n<meta property=\"og:image\" content=\"https:\/\/www.jdroadtrip.tv\/blog\/wp-content\/uploads\/2015\/11\/Maroc-brulures-soleil-img01.jpg\" \/>\n\t<meta property=\"og:image:width\" content=\"800\" \/>\n\t<meta property=\"og:image:height\" content=\"536\" \/>\n\t<meta property=\"og:image:type\" content=\"image\/jpeg\" \/>\n<meta name=\"author\" content=\"Jenny Diab\" \/>\n<meta name=\"twitter:card\" content=\"summary_large_image\" \/>\n<meta name=\"twitter:creator\" content=\"@JDroadtrip\" \/>\n<meta name=\"twitter:site\" content=\"@JDroadtrip\" \/>\n<meta name=\"twitter:label1\" content=\"\u00c9crit par\" \/>\n\t<meta name=\"twitter:data1\" content=\"Jenny Diab\" \/>\n\t<meta name=\"twitter:label2\" content=\"Dur\u00e9e de lecture estim\u00e9e\" \/>\n\t<meta name=\"twitter:data2\" content=\"3 minutes\" \/>\n<script type=\"application\/ld+json\" class=\"yoast-schema-graph\">{\"@context\":\"https:\/\/schema.org\",\"@graph\":[{\"@type\":\"Article\",\"@id\":\"https:\/\/www.jdroadtrip.tv\/blog\/brulee-au-second-degre-soleil-maroc\/#article\",\"isPartOf\":{\"@id\":\"https:\/\/www.jdroadtrip.tv\/blog\/brulee-au-second-degre-soleil-maroc\/\"},\"author\":{\"name\":\"Jenny Diab\",\"@id\":\"https:\/\/www.jdroadtrip.tv\/blog\/#\/schema\/person\/d204bfc7d00ba74276391d8e42b58a3e\"},\"headline\":\"J&rsquo;ai \u00e9t\u00e9 br\u00fbl\u00e9e au second degr\u00e9 par le soleil du Maroc\",\"datePublished\":\"2022-10-25T08:20:36+00:00\",\"dateModified\":\"2025-06-10T19:36:52+00:00\",\"mainEntityOfPage\":{\"@id\":\"https:\/\/www.jdroadtrip.tv\/blog\/brulee-au-second-degre-soleil-maroc\/\"},\"wordCount\":530,\"commentCount\":2,\"publisher\":{\"@id\":\"https:\/\/www.jdroadtrip.tv\/blog\/#organization\"},\"image\":{\"@id\":\"https:\/\/www.jdroadtrip.tv\/blog\/brulee-au-second-degre-soleil-maroc\/#primaryimage\"},\"thumbnailUrl\":\"https:\/\/www.jdroadtrip.tv\/blog\/wp-content\/uploads\/2015\/11\/Maroc-brulures-soleil-img01.jpg\",\"articleSection\":[\"Hygi\u00e8ne &amp; Sant\u00e9\"],\"inLanguage\":\"fr-FR\",\"potentialAction\":[{\"@type\":\"CommentAction\",\"name\":\"Comment\",\"target\":[\"https:\/\/www.jdroadtrip.tv\/blog\/brulee-au-second-degre-soleil-maroc\/#respond\"]}]},{\"@type\":\"WebPage\",\"@id\":\"https:\/\/www.jdroadtrip.tv\/blog\/brulee-au-second-degre-soleil-maroc\/\",\"url\":\"https:\/\/www.jdroadtrip.tv\/blog\/brulee-au-second-degre-soleil-maroc\/\",\"name\":\"J'ai \u00e9t\u00e9 br\u00fbl\u00e9e au second degr\u00e9 par le soleil du Maroc\",\"isPartOf\":{\"@id\":\"https:\/\/www.jdroadtrip.tv\/blog\/#website\"},\"primaryImageOfPage\":{\"@id\":\"https:\/\/www.jdroadtrip.tv\/blog\/brulee-au-second-degre-soleil-maroc\/#primaryimage\"},\"image\":{\"@id\":\"https:\/\/www.jdroadtrip.tv\/blog\/brulee-au-second-degre-soleil-maroc\/#primaryimage\"},\"thumbnailUrl\":\"https:\/\/www.jdroadtrip.tv\/blog\/wp-content\/uploads\/2015\/11\/Maroc-brulures-soleil-img01.jpg\",\"datePublished\":\"2022-10-25T08:20:36+00:00\",\"dateModified\":\"2025-06-10T19:36:52+00:00\",\"description\":\"Lors d'un trek de 3 jours dans la vall\u00e9e de l'Ourika et la vall\u00e9e de Zat, j'ai \u00e9t\u00e9 br\u00fbl\u00e9e au second degr\u00e9 par le soleil du Maroc.\",\"breadcrumb\":{\"@id\":\"https:\/\/www.jdroadtrip.tv\/blog\/brulee-au-second-degre-soleil-maroc\/#breadcrumb\"},\"inLanguage\":\"fr-FR\",\"potentialAction\":[{\"@type\":\"ReadAction\",\"target\":[\"https:\/\/www.jdroadtrip.tv\/blog\/brulee-au-second-degre-soleil-maroc\/\"]}]},{\"@type\":\"ImageObject\",\"inLanguage\":\"fr-FR\",\"@id\":\"https:\/\/www.jdroadtrip.tv\/blog\/brulee-au-second-degre-soleil-maroc\/#primaryimage\",\"url\":\"https:\/\/www.jdroadtrip.tv\/blog\/wp-content\/uploads\/2015\/11\/Maroc-brulures-soleil-img01.jpg\",\"contentUrl\":\"https:\/\/www.jdroadtrip.tv\/blog\/wp-content\/uploads\/2015\/11\/Maroc-brulures-soleil-img01.jpg\",\"width\":800,\"height\":536},{\"@type\":\"BreadcrumbList\",\"@id\":\"https:\/\/www.jdroadtrip.tv\/blog\/brulee-au-second-degre-soleil-maroc\/#breadcrumb\",\"itemListElement\":[{\"@type\":\"ListItem\",\"position\":1,\"name\":\"Accueil\",\"item\":\"https:\/\/www.jdroadtrip.tv\/blog\/\"},{\"@type\":\"ListItem\",\"position\":2,\"name\":\"J&rsquo;ai \u00e9t\u00e9 br\u00fbl\u00e9e au second degr\u00e9 par le soleil du Maroc\"}]},{\"@type\":\"WebSite\",\"@id\":\"https:\/\/www.jdroadtrip.tv\/blog\/#website\",\"url\":\"https:\/\/www.jdroadtrip.tv\/blog\/\",\"name\":\"JDroadtrip - Blog de voyage au f\u00e9minin : Outdoor, Trek, Slow travel\",\"description\":\"M\u00e9dia pour voyager au f\u00e9minin\",\"publisher\":{\"@id\":\"https:\/\/www.jdroadtrip.tv\/blog\/#organization\"},\"alternateName\":\"JDroadtrip - Voyager au f\u00e9minin\",\"potentialAction\":[{\"@type\":\"SearchAction\",\"target\":{\"@type\":\"EntryPoint\",\"urlTemplate\":\"https:\/\/www.jdroadtrip.tv\/blog\/?s={search_term_string}\"},\"query-input\":{\"@type\":\"PropertyValueSpecification\",\"valueRequired\":true,\"valueName\":\"search_term_string\"}}],\"inLanguage\":\"fr-FR\"},{\"@type\":\"Organization\",\"@id\":\"https:\/\/www.jdroadtrip.tv\/blog\/#organization\",\"name\":\"JDroadtrip - Blog de voyage pour voyager au f\u00e9minin !\",\"alternateName\":\"JDroadtrip - Voyager au f\u00e9minin\",\"url\":\"https:\/\/www.jdroadtrip.tv\/blog\/\",\"logo\":{\"@type\":\"ImageObject\",\"inLanguage\":\"fr-FR\",\"@id\":\"https:\/\/www.jdroadtrip.tv\/blog\/#\/schema\/logo\/image\/\",\"url\":\"https:\/\/www.jdroadtrip.tv\/blog\/wp-content\/uploads\/2023\/08\/Logo-HD-petit.png\",\"contentUrl\":\"https:\/\/www.jdroadtrip.tv\/blog\/wp-content\/uploads\/2023\/08\/Logo-HD-petit.png\",\"width\":300,\"height\":300,\"caption\":\"JDroadtrip - Blog de voyage pour voyager au f\u00e9minin !\"},\"image\":{\"@id\":\"https:\/\/www.jdroadtrip.tv\/blog\/#\/schema\/logo\/image\/\"},\"sameAs\":[\"https:\/\/www.facebook.com\/JDRoadTrip\",\"https:\/\/x.com\/JDroadtrip\",\"https:\/\/instagram.com\/jdroadtrip\/\",\"http:\/\/www.linkedin.com\/in\/jennydiab\",\"https:\/\/www.pinterest.fr\/jdroadtrip\/\",\"https:\/\/www.youtube.com\/channel\/UCerVm4aMyTj9AxDDWmSx9_g\"],\"description\":\"Blog de voyage pour les femmes qui voyagent \u00e0 travers le monde.\",\"email\":\"contact@jdroadtrip.tv\",\"legalName\":\"Jenny Diab\",\"numberOfEmployees\":{\"@type\":\"QuantitativeValue\",\"minValue\":\"1\",\"maxValue\":\"10\"}},{\"@type\":\"Person\",\"@id\":\"https:\/\/www.jdroadtrip.tv\/blog\/#\/schema\/person\/d204bfc7d00ba74276391d8e42b58a3e\",\"name\":\"Jenny Diab\",\"image\":{\"@type\":\"ImageObject\",\"inLanguage\":\"fr-FR\",\"@id\":\"https:\/\/www.jdroadtrip.tv\/blog\/#\/schema\/person\/image\/\",\"url\":\"https:\/\/secure.gravatar.com\/avatar\/8c20b0655fdafee9c0df649069a458b1bde697487be3b0da4df8754f3de7042c?s=96&d=mm&r=g\",\"contentUrl\":\"https:\/\/secure.gravatar.com\/avatar\/8c20b0655fdafee9c0df649069a458b1bde697487be3b0da4df8754f3de7042c?s=96&d=mm&r=g\",\"caption\":\"Jenny Diab\"},\"description\":\"Cr\u00e9atrice du blog JDroadtrip.tv, je voyage seule \u00e0 travers le monde et je partage mes exp\u00e9riences de voyageuse solo. \u00c0 travers ce blog, je vous invite \u00e0 d\u00e9couvrir un maximum de bons plans et astuces (h\u00e9bergements, activit\u00e9s, restaurants, transports \u2026) pour pr\u00e9parer au mieux vos futurs voyages. Si vous \u00eates une fille qui voyage \u00e0 travers le monde, rejoignez la communaut\u00e9 Voyager au f\u00e9minin et si vous avez des questions, n'h\u00e9sitez pas \u00e0 \u00e0 me contacter. D\u00c9COUVREZ QUI SUIS-JE.\",\"sameAs\":[\"https:\/\/www.jdroadtrip.tv\",\"https:\/\/www.facebook.com\/JDroadtrip\",\"https:\/\/www.instagram.com\/jdroadtrip\/\",\"https:\/\/www.linkedin.com\/in\/jennydiab\",\"https:\/\/www.pinterest.com\/Jdroadtrip\",\"https:\/\/x.com\/JDroadtrip\"],\"url\":\"https:\/\/www.jdroadtrip.tv\/blog\/author\/jd\/\"}]}<\/script>\n<!-- \/ Yoast SEO Premium plugin. -->","yoast_head_json":{"title":"J'ai \u00e9t\u00e9 br\u00fbl\u00e9e au second degr\u00e9 par le soleil du Maroc","description":"Lors d'un trek de 3 jours dans la vall\u00e9e de l'Ourika et la vall\u00e9e de Zat, j'ai \u00e9t\u00e9 br\u00fbl\u00e9e au second degr\u00e9 par le soleil du Maroc.","robots":{"index":"index","follow":"follow","max-snippet":"max-snippet:-1","max-image-preview":"max-image-preview:large","max-video-preview":"max-video-preview:-1"},"canonical":"https:\/\/www.jdroadtrip.tv\/blog\/brulee-au-second-degre-soleil-maroc\/","og_locale":"fr_FR","og_type":"article","og_title":"J'ai \u00e9t\u00e9 br\u00fbl\u00e9e au second degr\u00e9 par le soleil du Maroc","og_description":"Lors d'un trek de 3 jours dans la vall\u00e9e de l'Ourika et la vall\u00e9e de Zat, j'ai \u00e9t\u00e9 br\u00fbl\u00e9e au second degr\u00e9 par le soleil du Maroc.","og_url":"https:\/\/www.jdroadtrip.tv\/blog\/brulee-au-second-degre-soleil-maroc\/","og_site_name":"JDroadtrip - Blog de voyage pour voyager au f\u00e9minin !","article_publisher":"https:\/\/www.facebook.com\/JDRoadTrip","article_author":"https:\/\/www.facebook.com\/JDroadtrip","article_published_time":"2022-10-25T08:20:36+00:00","article_modified_time":"2025-06-10T19:36:52+00:00","og_image":[{"width":800,"height":536,"url":"https:\/\/www.jdroadtrip.tv\/blog\/wp-content\/uploads\/2015\/11\/Maroc-brulures-soleil-img01.jpg","type":"image\/jpeg"}],"author":"Jenny Diab","twitter_card":"summary_large_image","twitter_creator":"@JDroadtrip","twitter_site":"@JDroadtrip","twitter_misc":{"\u00c9crit par":"Jenny Diab","Dur\u00e9e de lecture estim\u00e9e":"3 minutes"},"schema":{"@context":"https:\/\/schema.org","@graph":[{"@type":"Article","@id":"https:\/\/www.jdroadtrip.tv\/blog\/brulee-au-second-degre-soleil-maroc\/#article","isPartOf":{"@id":"https:\/\/www.jdroadtrip.tv\/blog\/brulee-au-second-degre-soleil-maroc\/"},"author":{"name":"Jenny Diab","@id":"https:\/\/www.jdroadtrip.tv\/blog\/#\/schema\/person\/d204bfc7d00ba74276391d8e42b58a3e"},"headline":"J&rsquo;ai \u00e9t\u00e9 br\u00fbl\u00e9e au second degr\u00e9 par le soleil du Maroc","datePublished":"2022-10-25T08:20:36+00:00","dateModified":"2025-06-10T19:36:52+00:00","mainEntityOfPage":{"@id":"https:\/\/www.jdroadtrip.tv\/blog\/brulee-au-second-degre-soleil-maroc\/"},"wordCount":530,"commentCount":2,"publisher":{"@id":"https:\/\/www.jdroadtrip.tv\/blog\/#organization"},"image":{"@id":"https:\/\/www.jdroadtrip.tv\/blog\/brulee-au-second-degre-soleil-maroc\/#primaryimage"},"thumbnailUrl":"https:\/\/www.jdroadtrip.tv\/blog\/wp-content\/uploads\/2015\/11\/Maroc-brulures-soleil-img01.jpg","articleSection":["Hygi\u00e8ne &amp; Sant\u00e9"],"inLanguage":"fr-FR","potentialAction":[{"@type":"CommentAction","name":"Comment","target":["https:\/\/www.jdroadtrip.tv\/blog\/brulee-au-second-degre-soleil-maroc\/#respond"]}]},{"@type":"WebPage","@id":"https:\/\/www.jdroadtrip.tv\/blog\/brulee-au-second-degre-soleil-maroc\/","url":"https:\/\/www.jdroadtrip.tv\/blog\/brulee-au-second-degre-soleil-maroc\/","name":"J'ai \u00e9t\u00e9 br\u00fbl\u00e9e au second degr\u00e9 par le soleil du Maroc","isPartOf":{"@id":"https:\/\/www.jdroadtrip.tv\/blog\/#website"},"primaryImageOfPage":{"@id":"https:\/\/www.jdroadtrip.tv\/blog\/brulee-au-second-degre-soleil-maroc\/#primaryimage"},"image":{"@id":"https:\/\/www.jdroadtrip.tv\/blog\/brulee-au-second-degre-soleil-maroc\/#primaryimage"},"thumbnailUrl":"https:\/\/www.jdroadtrip.tv\/blog\/wp-content\/uploads\/2015\/11\/Maroc-brulures-soleil-img01.jpg","datePublished":"2022-10-25T08:20:36+00:00","dateModified":"2025-06-10T19:36:52+00:00","description":"Lors d'un trek de 3 jours dans la vall\u00e9e de l'Ourika et la vall\u00e9e de Zat, j'ai \u00e9t\u00e9 br\u00fbl\u00e9e au second degr\u00e9 par le soleil du Maroc.","breadcrumb":{"@id":"https:\/\/www.jdroadtrip.tv\/blog\/brulee-au-second-degre-soleil-maroc\/#breadcrumb"},"inLanguage":"fr-FR","potentialAction":[{"@type":"ReadAction","target":["https:\/\/www.jdroadtrip.tv\/blog\/brulee-au-second-degre-soleil-maroc\/"]}]},{"@type":"ImageObject","inLanguage":"fr-FR","@id":"https:\/\/www.jdroadtrip.tv\/blog\/brulee-au-second-degre-soleil-maroc\/#primaryimage","url":"https:\/\/www.jdroadtrip.tv\/blog\/wp-content\/uploads\/2015\/11\/Maroc-brulures-soleil-img01.jpg","contentUrl":"https:\/\/www.jdroadtrip.tv\/blog\/wp-content\/uploads\/2015\/11\/Maroc-brulures-soleil-img01.jpg","width":800,"height":536},{"@type":"BreadcrumbList","@id":"https:\/\/www.jdroadtrip.tv\/blog\/brulee-au-second-degre-soleil-maroc\/#breadcrumb","itemListElement":[{"@type":"ListItem","position":1,"name":"Accueil","item":"https:\/\/www.jdroadtrip.tv\/blog\/"},{"@type":"ListItem","position":2,"name":"J&rsquo;ai \u00e9t\u00e9 br\u00fbl\u00e9e au second degr\u00e9 par le soleil du Maroc"}]},{"@type":"WebSite","@id":"https:\/\/www.jdroadtrip.tv\/blog\/#website","url":"https:\/\/www.jdroadtrip.tv\/blog\/","name":"JDroadtrip - Blog de voyage au f\u00e9minin : Outdoor, Trek, Slow travel","description":"M\u00e9dia pour voyager au f\u00e9minin","publisher":{"@id":"https:\/\/www.jdroadtrip.tv\/blog\/#organization"},"alternateName":"JDroadtrip - Voyager au f\u00e9minin","potentialAction":[{"@type":"SearchAction","target":{"@type":"EntryPoint","urlTemplate":"https:\/\/www.jdroadtrip.tv\/blog\/?s={search_term_string}"},"query-input":{"@type":"PropertyValueSpecification","valueRequired":true,"valueName":"search_term_string"}}],"inLanguage":"fr-FR"},{"@type":"Organization","@id":"https:\/\/www.jdroadtrip.tv\/blog\/#organization","name":"JDroadtrip - Blog de voyage pour voyager au f\u00e9minin !","alternateName":"JDroadtrip - Voyager au f\u00e9minin","url":"https:\/\/www.jdroadtrip.tv\/blog\/","logo":{"@type":"ImageObject","inLanguage":"fr-FR","@id":"https:\/\/www.jdroadtrip.tv\/blog\/#\/schema\/logo\/image\/","url":"https:\/\/www.jdroadtrip.tv\/blog\/wp-content\/uploads\/2023\/08\/Logo-HD-petit.png","contentUrl":"https:\/\/www.jdroadtrip.tv\/blog\/wp-content\/uploads\/2023\/08\/Logo-HD-petit.png","width":300,"height":300,"caption":"JDroadtrip - Blog de voyage pour voyager au f\u00e9minin !"},"image":{"@id":"https:\/\/www.jdroadtrip.tv\/blog\/#\/schema\/logo\/image\/"},"sameAs":["https:\/\/www.facebook.com\/JDRoadTrip","https:\/\/x.com\/JDroadtrip","https:\/\/instagram.com\/jdroadtrip\/","http:\/\/www.linkedin.com\/in\/jennydiab","https:\/\/www.pinterest.fr\/jdroadtrip\/","https:\/\/www.youtube.com\/channel\/UCerVm4aMyTj9AxDDWmSx9_g"],"description":"Blog de voyage pour les femmes qui voyagent \u00e0 travers le monde.","email":"contact@jdroadtrip.tv","legalName":"Jenny Diab","numberOfEmployees":{"@type":"QuantitativeValue","minValue":"1","maxValue":"10"}},{"@type":"Person","@id":"https:\/\/www.jdroadtrip.tv\/blog\/#\/schema\/person\/d204bfc7d00ba74276391d8e42b58a3e","name":"Jenny Diab","image":{"@type":"ImageObject","inLanguage":"fr-FR","@id":"https:\/\/www.jdroadtrip.tv\/blog\/#\/schema\/person\/image\/","url":"https:\/\/secure.gravatar.com\/avatar\/8c20b0655fdafee9c0df649069a458b1bde697487be3b0da4df8754f3de7042c?s=96&d=mm&r=g","contentUrl":"https:\/\/secure.gravatar.com\/avatar\/8c20b0655fdafee9c0df649069a458b1bde697487be3b0da4df8754f3de7042c?s=96&d=mm&r=g","caption":"Jenny Diab"},"description":"Cr\u00e9atrice du blog JDroadtrip.tv, je voyage seule \u00e0 travers le monde et je partage mes exp\u00e9riences de voyageuse solo. \u00c0 travers ce blog, je vous invite \u00e0 d\u00e9couvrir un maximum de bons plans et astuces (h\u00e9bergements, activit\u00e9s, restaurants, transports \u2026) pour pr\u00e9parer au mieux vos futurs voyages. Si vous \u00eates une fille qui voyage \u00e0 travers le monde, rejoignez la communaut\u00e9 Voyager au f\u00e9minin et si vous avez des questions, n'h\u00e9sitez pas \u00e0 \u00e0 me contacter. D\u00c9COUVREZ QUI SUIS-JE.","sameAs":["https:\/\/www.jdroadtrip.tv","https:\/\/www.facebook.com\/JDroadtrip","https:\/\/www.instagram.com\/jdroadtrip\/","https:\/\/www.linkedin.com\/in\/jennydiab","https:\/\/www.pinterest.com\/Jdroadtrip","https:\/\/x.com\/JDroadtrip"],"url":"https:\/\/www.jdroadtrip.tv\/blog\/author\/jd\/"}]}},"_links":{"self":[{"href":"https:\/\/www.jdroadtrip.tv\/blog\/wp-json\/wp\/v2\/posts\/16099","targetHints":{"allow":["GET"]}}],"collection":[{"href":"https:\/\/www.jdroadtrip.tv\/blog\/wp-json\/wp\/v2\/posts"}],"about":[{"href":"https:\/\/www.jdroadtrip.tv\/blog\/wp-json\/wp\/v2\/types\/post"}],"author":[{"embeddable":true,"href":"https:\/\/www.jdroadtrip.tv\/blog\/wp-json\/wp\/v2\/users\/1"}],"replies":[{"embeddable":true,"href":"https:\/\/www.jdroadtrip.tv\/blog\/wp-json\/wp\/v2\/comments?post=16099"}],"version-history":[{"count":0,"href":"https:\/\/www.jdroadtrip.tv\/blog\/wp-json\/wp\/v2\/posts\/16099\/revisions"}],"wp:featuredmedia":[{"embeddable":true,"href":"https:\/\/www.jdroadtrip.tv\/blog\/wp-json\/wp\/v2\/media\/16110"}],"wp:attachment":[{"href":"https:\/\/www.jdroadtrip.tv\/blog\/wp-json\/wp\/v2\/media?parent=16099"}],"wp:term":[{"taxonomy":"category","embeddable":true,"href":"https:\/\/www.jdroadtrip.tv\/blog\/wp-json\/wp\/v2\/categories?post=16099"},{"taxonomy":"post_tag","embeddable":true,"href":"https:\/\/www.jdroadtrip.tv\/blog\/wp-json\/wp\/v2\/tags?post=16099"},{"taxonomy":"table_tags","embeddable":true,"href":"https:\/\/www.jdroadtrip.tv\/blog\/wp-json\/wp\/v2\/table_tags?post=16099"}],"curies":[{"name":"wp","href":"https:\/\/api.w.org\/{rel}","templated":true}]}}